{"id":8954,"date":"2021-09-13T12:57:35","date_gmt":"2021-09-13T15:57:35","guid":{"rendered":"https:\/\/unifsa.com.br\/site\/?p=8954"},"modified":"2021-09-13T12:57:37","modified_gmt":"2021-09-13T15:57:37","slug":"coordenador-de-educacao-fisica-unifsa-assume-cadeira-em-comissao-de-atividade-fisica-e-saude-do-confef","status":"publish","type":"post","link":"https:\/\/unifsa.com.br\/site\/coordenador-de-educacao-fisica-unifsa-assume-cadeira-em-comissao-de-atividade-fisica-e-saude-do-confef\/","title":{"rendered":"Coordenador de Educa\u00e7\u00e3o F\u00edsica UNIFSA assume cadeira em Comiss\u00e3o de Atividade F\u00edsica e Sa\u00fade do CONFEF"},"content":{"rendered":"\n<p class=\"texto-justificado\">O coordenador do\nCurso de Bacharelado em Educa\u00e7\u00e3o F\u00edsica do Centro Acad\u00eamico Santo Agostinho,\nProf. Dr. Ant\u00f4nio Carlos Cortez, assumiu, no \u00faltimo dia 11, uma cadeira como\nmembro da Comiss\u00e3o de Atividade F\u00edsica e Sa\u00fade do Conselho Federal de Educa\u00e7\u00e3o\nF\u00edsica \u2013 CONFEF.&nbsp;<\/p>\n\n\n\n<figure class=\"wp-block-image size-large\"><img fetchpriority=\"high\" decoding=\"async\" width=\"1024\" height=\"580\" src=\"https:\/\/unifsa.com.br\/site\/wp-content\/uploads\/2021\/09\/CONFEF-1024x580.jpg\" alt=\"\" class=\"wp-image-8957\" srcset=\"https:\/\/unifsa.com.br\/site\/wp-content\/uploads\/2021\/09\/CONFEF-1024x580.jpg 1024w, https:\/\/unifsa.com.br\/site\/wp-content\/uploads\/2021\/09\/CONFEF-300x170.jpg 300w, https:\/\/unifsa.com.br\/site\/wp-content\/uploads\/2021\/09\/CONFEF-768x435.jpg 768w, https:\/\/unifsa.com.br\/site\/wp-content\/uploads\/2021\/09\/CONFEF.jpg 1095w\" sizes=\"(max-width: 1024px) 100vw, 1024px\" \/><figcaption>Reuni\u00e3o CONFEF<\/figcaption><\/figure>\n\n\n\n<p class=\"texto-justificado\">A Comiss\u00e3o de Atividade F\u00edsica e Sa\u00fade no CONFEF atua como\n\u00d3rg\u00e3o de Assessoramento da Presid\u00eancia do CONFEF, analisando, instruindo e\nemitindo pareceres nos assuntos e processos relacionados \u00e0 Atividade F\u00edsica e\nSa\u00fade.<\/p>\n\n\n\n<p class=\"texto-justificado\">De acordo com o coordenador, a a\u00e7\u00f5es s\u00e3o feitas em todas as esferas relacionadas \u00e0 atua\u00e7\u00e3o do Profissional de Educa\u00e7\u00e3o F\u00edsica, dentro de suas atribui\u00e7\u00f5es legais, indicando e promovendo publica\u00e7\u00f5es de assuntos de interesse da profiss\u00e3o e do Profissional de Educa\u00e7\u00e3o F\u00edsica, visando \u00e0 promo\u00e7\u00e3o da sa\u00fade e qualidade de vida da popula\u00e7\u00e3o.\u00a0<\/p>\n\n\n\n<blockquote class=\"wp-block-quote texto-justificado is-layout-flow wp-block-quote-is-layout-flow\"><p>\u201c\u00c9 uma grande honra e felicidade poder compor essa comiss\u00e3o, junto a esse seleto grupo profissionais de Educa\u00e7\u00e3o F\u00edsica de todo o Pa\u00eds, que tem como objetivo: o desenvolvimento de pol\u00edticas e a\u00e7\u00f5es que ampliem as possibilidades de atua\u00e7\u00e3o do Profissional de Educa\u00e7\u00e3o F\u00edsica, dentro do seu exerc\u00edcio profissional&#8221;<\/p><cite> Prof. Dr. Ant\u00f4nio Carlos Cortez <\/cite><\/blockquote>\n","protected":false},"excerpt":{"rendered":"<p>O coordenador do Curso de Bacharelado em Educa\u00e7\u00e3o F\u00edsica do Centro Acad\u00eamico Santo Agostinho, Prof. Dr. Ant\u00f4nio Carlos Cortez, assumiu, no \u00faltimo dia 11, uma cadeira como membro da Comiss\u00e3o de Atividade F\u00edsica e Sa\u00fade do Conselho Federal de Educa\u00e7\u00e3o F\u00edsica \u2013 CONFEF.&nbsp; A Comiss\u00e3o de Atividade F\u00edsica e Sa\u00fade no CONFEF atua como \u00d3rg\u00e3o<\/p>\n","protected":false},"author":9,"featured_media":8959,"comment_status":"closed","ping_status":"open","sticky":false,"template":"","format":"standard","meta":{"_acf_changed":false,"footnotes":""},"categories":[6],"tags":[],"class_list":["post-8954","post","type-post","status-publish","format-standard","has-post-thumbnail","hentry","category-acontece-na-unifsa"],"acf":[],"yoast_head":"<!-- This site is optimized with the Yoast SEO plugin v26.5 - https:\/\/yoast.com\/wordpress\/plugins\/seo\/ -->\n<title>Coordenador de Educa\u00e7\u00e3o F\u00edsica UNIFSA assume cadeira em Comiss\u00e3o de Atividade F\u00edsica e Sa\u00fade do CONFEF - Centro Universit\u00e1rio Santo Agostinho - UNIFSA<\/title>\n<meta name=\"robots\" content=\"index, follow, max-snippet:-1, max-image-preview:large, max-video-preview:-1\" \/>\n<link rel=\"canonical\" href=\"https:\/\/unifsa.com.br\/site\/coordenador-de-educacao-fisica-unifsa-assume-cadeira-em-comissao-de-atividade-fisica-e-saude-do-confef\/\" \/>\n<meta property=\"og:locale\" content=\"pt_BR\" \/>\n<meta property=\"og:type\" content=\"article\" \/>\n<meta property=\"og:title\" content=\"Coordenador de Educa\u00e7\u00e3o F\u00edsica UNIFSA assume cadeira em Comiss\u00e3o de Atividade F\u00edsica e Sa\u00fade do CONFEF - Centro Universit\u00e1rio Santo Agostinho - UNIFSA\" \/>\n<meta property=\"og:description\" content=\"O coordenador do Curso de Bacharelado em Educa\u00e7\u00e3o F\u00edsica do Centro Acad\u00eamico Santo Agostinho, Prof. Dr. Ant\u00f4nio Carlos Cortez, assumiu, no \u00faltimo dia 11, uma cadeira como membro da Comiss\u00e3o de Atividade F\u00edsica e Sa\u00fade do Conselho Federal de Educa\u00e7\u00e3o F\u00edsica \u2013 CONFEF.&nbsp; A Comiss\u00e3o de Atividade F\u00edsica e Sa\u00fade no CONFEF atua como \u00d3rg\u00e3o\" \/>\n<meta property=\"og:url\" content=\"https:\/\/unifsa.com.br\/site\/coordenador-de-educacao-fisica-unifsa-assume-cadeira-em-comissao-de-atividade-fisica-e-saude-do-confef\/\" \/>\n<meta property=\"og:site_name\" content=\"Centro Universit\u00e1rio Santo Agostinho - UNIFSA\" \/>\n<meta property=\"article:publisher\" content=\"https:\/\/www.facebook.com\/unifsa\/\" \/>\n<meta property=\"article:published_time\" content=\"2021-09-13T15:57:35+00:00\" \/>\n<meta property=\"article:modified_time\" content=\"2021-09-13T15:57:37+00:00\" \/>\n<meta property=\"og:image\" content=\"https:\/\/unifsa.com.br\/site\/wp-content\/uploads\/2021\/09\/WhatsApp-Image-2021-09-13-at-12.43.28.jpeg\" \/>\n\t<meta property=\"og:image:width\" content=\"1009\" \/>\n\t<meta property=\"og:image:height\" content=\"427\" \/>\n\t<meta property=\"og:image:type\" content=\"image\/jpeg\" \/>\n<meta name=\"author\" content=\"La\u00eds Maria Matos Barradas\" \/>\n<meta name=\"twitter:card\" content=\"summary_large_image\" \/>\n<meta name=\"twitter:label1\" content=\"Escrito por\" \/>\n\t<meta name=\"twitter:data1\" content=\"La\u00eds Maria Matos Barradas\" \/>\n\t<meta name=\"twitter:label2\" content=\"Est. tempo de leitura\" \/>\n\t<meta name=\"twitter:data2\" content=\"1 minuto\" \/>\n<script type=\"application\/ld+json\" class=\"yoast-schema-graph\">{\"@context\":\"https:\/\/schema.org\",\"@graph\":[{\"@type\":\"Article\",\"@id\":\"https:\/\/unifsa.com.br\/site\/coordenador-de-educacao-fisica-unifsa-assume-cadeira-em-comissao-de-atividade-fisica-e-saude-do-confef\/#article\",\"isPartOf\":{\"@id\":\"https:\/\/unifsa.com.br\/site\/coordenador-de-educacao-fisica-unifsa-assume-cadeira-em-comissao-de-atividade-fisica-e-saude-do-confef\/\"},\"author\":{\"name\":\"La\u00eds Maria Matos Barradas\",\"@id\":\"https:\/\/unifsa.com.br\/site\/#\/schema\/person\/415c79d344f0e698644c1d29997b4ea8\"},\"headline\":\"Coordenador de Educa\u00e7\u00e3o F\u00edsica UNIFSA assume cadeira em Comiss\u00e3o de Atividade F\u00edsica e Sa\u00fade do CONFEF\",\"datePublished\":\"2021-09-13T15:57:35+00:00\",\"dateModified\":\"2021-09-13T15:57:37+00:00\",\"mainEntityOfPage\":{\"@id\":\"https:\/\/unifsa.com.br\/site\/coordenador-de-educacao-fisica-unifsa-assume-cadeira-em-comissao-de-atividade-fisica-e-saude-do-confef\/\"},\"wordCount\":242,\"publisher\":{\"@id\":\"https:\/\/unifsa.com.br\/site\/#organization\"},\"image\":{\"@id\":\"https:\/\/unifsa.com.br\/site\/coordenador-de-educacao-fisica-unifsa-assume-cadeira-em-comissao-de-atividade-fisica-e-saude-do-confef\/#primaryimage\"},\"thumbnailUrl\":\"https:\/\/unifsa.com.br\/site\/wp-content\/uploads\/2021\/09\/WhatsApp-Image-2021-09-13-at-12.43.28.jpeg\",\"articleSection\":[\"Acontece na UNIFSA\"],\"inLanguage\":\"pt-BR\"},{\"@type\":\"WebPage\",\"@id\":\"https:\/\/unifsa.com.br\/site\/coordenador-de-educacao-fisica-unifsa-assume-cadeira-em-comissao-de-atividade-fisica-e-saude-do-confef\/\",\"url\":\"https:\/\/unifsa.com.br\/site\/coordenador-de-educacao-fisica-unifsa-assume-cadeira-em-comissao-de-atividade-fisica-e-saude-do-confef\/\",\"name\":\"Coordenador de Educa\u00e7\u00e3o F\u00edsica UNIFSA assume cadeira em Comiss\u00e3o de Atividade F\u00edsica e Sa\u00fade do CONFEF - Centro Universit\u00e1rio Santo Agostinho - UNIFSA\",\"isPartOf\":{\"@id\":\"https:\/\/unifsa.com.br\/site\/#website\"},\"primaryImageOfPage\":{\"@id\":\"https:\/\/unifsa.com.br\/site\/coordenador-de-educacao-fisica-unifsa-assume-cadeira-em-comissao-de-atividade-fisica-e-saude-do-confef\/#primaryimage\"},\"image\":{\"@id\":\"https:\/\/unifsa.com.br\/site\/coordenador-de-educacao-fisica-unifsa-assume-cadeira-em-comissao-de-atividade-fisica-e-saude-do-confef\/#primaryimage\"},\"thumbnailUrl\":\"https:\/\/unifsa.com.br\/site\/wp-content\/uploads\/2021\/09\/WhatsApp-Image-2021-09-13-at-12.43.28.jpeg\",\"datePublished\":\"2021-09-13T15:57:35+00:00\",\"dateModified\":\"2021-09-13T15:57:37+00:00\",\"breadcrumb\":{\"@id\":\"https:\/\/unifsa.com.br\/site\/coordenador-de-educacao-fisica-unifsa-assume-cadeira-em-comissao-de-atividade-fisica-e-saude-do-confef\/#breadcrumb\"},\"inLanguage\":\"pt-BR\",\"potentialAction\":[{\"@type\":\"ReadAction\",\"target\":[\"https:\/\/unifsa.com.br\/site\/coordenador-de-educacao-fisica-unifsa-assume-cadeira-em-comissao-de-atividade-fisica-e-saude-do-confef\/\"]}]},{\"@type\":\"ImageObject\",\"inLanguage\":\"pt-BR\",\"@id\":\"https:\/\/unifsa.com.br\/site\/coordenador-de-educacao-fisica-unifsa-assume-cadeira-em-comissao-de-atividade-fisica-e-saude-do-confef\/#primaryimage\",\"url\":\"https:\/\/unifsa.com.br\/site\/wp-content\/uploads\/2021\/09\/WhatsApp-Image-2021-09-13-at-12.43.28.jpeg\",\"contentUrl\":\"https:\/\/unifsa.com.br\/site\/wp-content\/uploads\/2021\/09\/WhatsApp-Image-2021-09-13-at-12.43.28.jpeg\",\"width\":1009,\"height\":427},{\"@type\":\"BreadcrumbList\",\"@id\":\"https:\/\/unifsa.com.br\/site\/coordenador-de-educacao-fisica-unifsa-assume-cadeira-em-comissao-de-atividade-fisica-e-saude-do-confef\/#breadcrumb\",\"itemListElement\":[{\"@type\":\"ListItem\",\"position\":1,\"name\":\"In\u00edcio\",\"item\":\"https:\/\/unifsa.com.br\/site\/\"},{\"@type\":\"ListItem\",\"position\":2,\"name\":\"Coordenador de Educa\u00e7\u00e3o F\u00edsica UNIFSA assume cadeira em Comiss\u00e3o de Atividade F\u00edsica e Sa\u00fade do CONFEF\"}]},{\"@type\":\"WebSite\",\"@id\":\"https:\/\/unifsa.com.br\/site\/#website\",\"url\":\"https:\/\/unifsa.com.br\/site\/\",\"name\":\"Centro Universit\u00e1rio Santo Agostinho - UNIFSA\",\"description\":\"Conhecimento para toda a vida\",\"publisher\":{\"@id\":\"https:\/\/unifsa.com.br\/site\/#organization\"},\"potentialAction\":[{\"@type\":\"SearchAction\",\"target\":{\"@type\":\"EntryPoint\",\"urlTemplate\":\"https:\/\/unifsa.com.br\/site\/?s={search_term_string}\"},\"query-input\":{\"@type\":\"PropertyValueSpecification\",\"valueRequired\":true,\"valueName\":\"search_term_string\"}}],\"inLanguage\":\"pt-BR\"},{\"@type\":\"Organization\",\"@id\":\"https:\/\/unifsa.com.br\/site\/#organization\",\"name\":\"Centro Universit\u00e1rio Santo Agostinho - UNIFSA\",\"url\":\"https:\/\/unifsa.com.br\/site\/\",\"logo\":{\"@type\":\"ImageObject\",\"inLanguage\":\"pt-BR\",\"@id\":\"https:\/\/unifsa.com.br\/site\/#\/schema\/logo\/image\/\",\"url\":\"https:\/\/unifsa.com.br\/site\/wp-content\/uploads\/2023\/03\/MARCA-UNIFSA-CIC23-q2apjs1mt975cf1wl25b044coj90fwoiee1kya6800.png\",\"contentUrl\":\"https:\/\/unifsa.com.br\/site\/wp-content\/uploads\/2023\/03\/MARCA-UNIFSA-CIC23-q2apjs1mt975cf1wl25b044coj90fwoiee1kya6800.png\",\"width\":103,\"height\":100,\"caption\":\"Centro Universit\u00e1rio Santo Agostinho - UNIFSA\"},\"image\":{\"@id\":\"https:\/\/unifsa.com.br\/site\/#\/schema\/logo\/image\/\"},\"sameAs\":[\"https:\/\/www.facebook.com\/unifsa\/\",\"https:\/\/www.instagram.com\/unifsa\/\"]},{\"@type\":\"Person\",\"@id\":\"https:\/\/unifsa.com.br\/site\/#\/schema\/person\/415c79d344f0e698644c1d29997b4ea8\",\"name\":\"La\u00eds Maria Matos Barradas\",\"image\":{\"@type\":\"ImageObject\",\"inLanguage\":\"pt-BR\",\"@id\":\"https:\/\/unifsa.com.br\/site\/#\/schema\/person\/image\/\",\"url\":\"https:\/\/secure.gravatar.com\/avatar\/da15e6cd8e1aa267693a3720f1118763e970b03de2d998ee874f68b1f91042b8?s=96&d=mm&r=g\",\"contentUrl\":\"https:\/\/secure.gravatar.com\/avatar\/da15e6cd8e1aa267693a3720f1118763e970b03de2d998ee874f68b1f91042b8?s=96&d=mm&r=g\",\"caption\":\"La\u00eds Maria Matos Barradas\"},\"url\":\"https:\/\/unifsa.com.br\/site\/author\/laismbarradas\/\"}]}<\/script>\n<!-- \/ Yoast SEO plugin. -->","yoast_head_json":{"title":"Coordenador de Educa\u00e7\u00e3o F\u00edsica UNIFSA assume cadeira em Comiss\u00e3o de Atividade F\u00edsica e Sa\u00fade do CONFEF - Centro Universit\u00e1rio Santo Agostinho - UNIFSA","robots":{"index":"index","follow":"follow","max-snippet":"max-snippet:-1","max-image-preview":"max-image-preview:large","max-video-preview":"max-video-preview:-1"},"canonical":"https:\/\/unifsa.com.br\/site\/coordenador-de-educacao-fisica-unifsa-assume-cadeira-em-comissao-de-atividade-fisica-e-saude-do-confef\/","og_locale":"pt_BR","og_type":"article","og_title":"Coordenador de Educa\u00e7\u00e3o F\u00edsica UNIFSA assume cadeira em Comiss\u00e3o de Atividade F\u00edsica e Sa\u00fade do CONFEF - Centro Universit\u00e1rio Santo Agostinho - UNIFSA","og_description":"O coordenador do Curso de Bacharelado em Educa\u00e7\u00e3o F\u00edsica do Centro Acad\u00eamico Santo Agostinho, Prof. Dr. Ant\u00f4nio Carlos Cortez, assumiu, no \u00faltimo dia 11, uma cadeira como membro da Comiss\u00e3o de Atividade F\u00edsica e Sa\u00fade do Conselho Federal de Educa\u00e7\u00e3o F\u00edsica \u2013 CONFEF.&nbsp; A Comiss\u00e3o de Atividade F\u00edsica e Sa\u00fade no CONFEF atua como \u00d3rg\u00e3o","og_url":"https:\/\/unifsa.com.br\/site\/coordenador-de-educacao-fisica-unifsa-assume-cadeira-em-comissao-de-atividade-fisica-e-saude-do-confef\/","og_site_name":"Centro Universit\u00e1rio Santo Agostinho - UNIFSA","article_publisher":"https:\/\/www.facebook.com\/unifsa\/","article_published_time":"2021-09-13T15:57:35+00:00","article_modified_time":"2021-09-13T15:57:37+00:00","og_image":[{"width":1009,"height":427,"url":"https:\/\/unifsa.com.br\/site\/wp-content\/uploads\/2021\/09\/WhatsApp-Image-2021-09-13-at-12.43.28.jpeg","type":"image\/jpeg"}],"author":"La\u00eds Maria Matos Barradas","twitter_card":"summary_large_image","twitter_misc":{"Escrito por":"La\u00eds Maria Matos Barradas","Est. tempo de leitura":"1 minuto"},"schema":{"@context":"https:\/\/schema.org","@graph":[{"@type":"Article","@id":"https:\/\/unifsa.com.br\/site\/coordenador-de-educacao-fisica-unifsa-assume-cadeira-em-comissao-de-atividade-fisica-e-saude-do-confef\/#article","isPartOf":{"@id":"https:\/\/unifsa.com.br\/site\/coordenador-de-educacao-fisica-unifsa-assume-cadeira-em-comissao-de-atividade-fisica-e-saude-do-confef\/"},"author":{"name":"La\u00eds Maria Matos Barradas","@id":"https:\/\/unifsa.com.br\/site\/#\/schema\/person\/415c79d344f0e698644c1d29997b4ea8"},"headline":"Coordenador de Educa\u00e7\u00e3o F\u00edsica UNIFSA assume cadeira em Comiss\u00e3o de Atividade F\u00edsica e Sa\u00fade do CONFEF","datePublished":"2021-09-13T15:57:35+00:00","dateModified":"2021-09-13T15:57:37+00:00","mainEntityOfPage":{"@id":"https:\/\/unifsa.com.br\/site\/coordenador-de-educacao-fisica-unifsa-assume-cadeira-em-comissao-de-atividade-fisica-e-saude-do-confef\/"},"wordCount":242,"publisher":{"@id":"https:\/\/unifsa.com.br\/site\/#organization"},"image":{"@id":"https:\/\/unifsa.com.br\/site\/coordenador-de-educacao-fisica-unifsa-assume-cadeira-em-comissao-de-atividade-fisica-e-saude-do-confef\/#primaryimage"},"thumbnailUrl":"https:\/\/unifsa.com.br\/site\/wp-content\/uploads\/2021\/09\/WhatsApp-Image-2021-09-13-at-12.43.28.jpeg","articleSection":["Acontece na UNIFSA"],"inLanguage":"pt-BR"},{"@type":"WebPage","@id":"https:\/\/unifsa.com.br\/site\/coordenador-de-educacao-fisica-unifsa-assume-cadeira-em-comissao-de-atividade-fisica-e-saude-do-confef\/","url":"https:\/\/unifsa.com.br\/site\/coordenador-de-educacao-fisica-unifsa-assume-cadeira-em-comissao-de-atividade-fisica-e-saude-do-confef\/","name":"Coordenador de Educa\u00e7\u00e3o F\u00edsica UNIFSA assume cadeira em Comiss\u00e3o de Atividade F\u00edsica e Sa\u00fade do CONFEF - Centro Universit\u00e1rio Santo Agostinho - UNIFSA","isPartOf":{"@id":"https:\/\/unifsa.com.br\/site\/#website"},"primaryImageOfPage":{"@id":"https:\/\/unifsa.com.br\/site\/coordenador-de-educacao-fisica-unifsa-assume-cadeira-em-comissao-de-atividade-fisica-e-saude-do-confef\/#primaryimage"},"image":{"@id":"https:\/\/unifsa.com.br\/site\/coordenador-de-educacao-fisica-unifsa-assume-cadeira-em-comissao-de-atividade-fisica-e-saude-do-confef\/#primaryimage"},"thumbnailUrl":"https:\/\/unifsa.com.br\/site\/wp-content\/uploads\/2021\/09\/WhatsApp-Image-2021-09-13-at-12.43.28.jpeg","datePublished":"2021-09-13T15:57:35+00:00","dateModified":"2021-09-13T15:57:37+00:00","breadcrumb":{"@id":"https:\/\/unifsa.com.br\/site\/coordenador-de-educacao-fisica-unifsa-assume-cadeira-em-comissao-de-atividade-fisica-e-saude-do-confef\/#breadcrumb"},"inLanguage":"pt-BR","potentialAction":[{"@type":"ReadAction","target":["https:\/\/unifsa.com.br\/site\/coordenador-de-educacao-fisica-unifsa-assume-cadeira-em-comissao-de-atividade-fisica-e-saude-do-confef\/"]}]},{"@type":"ImageObject","inLanguage":"pt-BR","@id":"https:\/\/unifsa.com.br\/site\/coordenador-de-educacao-fisica-unifsa-assume-cadeira-em-comissao-de-atividade-fisica-e-saude-do-confef\/#primaryimage","url":"https:\/\/unifsa.com.br\/site\/wp-content\/uploads\/2021\/09\/WhatsApp-Image-2021-09-13-at-12.43.28.jpeg","contentUrl":"https:\/\/unifsa.com.br\/site\/wp-content\/uploads\/2021\/09\/WhatsApp-Image-2021-09-13-at-12.43.28.jpeg","width":1009,"height":427},{"@type":"BreadcrumbList","@id":"https:\/\/unifsa.com.br\/site\/coordenador-de-educacao-fisica-unifsa-assume-cadeira-em-comissao-de-atividade-fisica-e-saude-do-confef\/#breadcrumb","itemListElement":[{"@type":"ListItem","position":1,"name":"In\u00edcio","item":"https:\/\/unifsa.com.br\/site\/"},{"@type":"ListItem","position":2,"name":"Coordenador de Educa\u00e7\u00e3o F\u00edsica UNIFSA assume cadeira em Comiss\u00e3o de Atividade F\u00edsica e Sa\u00fade do CONFEF"}]},{"@type":"WebSite","@id":"https:\/\/unifsa.com.br\/site\/#website","url":"https:\/\/unifsa.com.br\/site\/","name":"Centro Universit\u00e1rio Santo Agostinho - UNIFSA","description":"Conhecimento para toda a vida","publisher":{"@id":"https:\/\/unifsa.com.br\/site\/#organization"},"potentialAction":[{"@type":"SearchAction","target":{"@type":"EntryPoint","urlTemplate":"https:\/\/unifsa.com.br\/site\/?s={search_term_string}"},"query-input":{"@type":"PropertyValueSpecification","valueRequired":true,"valueName":"search_term_string"}}],"inLanguage":"pt-BR"},{"@type":"Organization","@id":"https:\/\/unifsa.com.br\/site\/#organization","name":"Centro Universit\u00e1rio Santo Agostinho - UNIFSA","url":"https:\/\/unifsa.com.br\/site\/","logo":{"@type":"ImageObject","inLanguage":"pt-BR","@id":"https:\/\/unifsa.com.br\/site\/#\/schema\/logo\/image\/","url":"https:\/\/unifsa.com.br\/site\/wp-content\/uploads\/2023\/03\/MARCA-UNIFSA-CIC23-q2apjs1mt975cf1wl25b044coj90fwoiee1kya6800.png","contentUrl":"https:\/\/unifsa.com.br\/site\/wp-content\/uploads\/2023\/03\/MARCA-UNIFSA-CIC23-q2apjs1mt975cf1wl25b044coj90fwoiee1kya6800.png","width":103,"height":100,"caption":"Centro Universit\u00e1rio Santo Agostinho - UNIFSA"},"image":{"@id":"https:\/\/unifsa.com.br\/site\/#\/schema\/logo\/image\/"},"sameAs":["https:\/\/www.facebook.com\/unifsa\/","https:\/\/www.instagram.com\/unifsa\/"]},{"@type":"Person","@id":"https:\/\/unifsa.com.br\/site\/#\/schema\/person\/415c79d344f0e698644c1d29997b4ea8","name":"La\u00eds Maria Matos Barradas","image":{"@type":"ImageObject","inLanguage":"pt-BR","@id":"https:\/\/unifsa.com.br\/site\/#\/schema\/person\/image\/","url":"https:\/\/secure.gravatar.com\/avatar\/da15e6cd8e1aa267693a3720f1118763e970b03de2d998ee874f68b1f91042b8?s=96&d=mm&r=g","contentUrl":"https:\/\/secure.gravatar.com\/avatar\/da15e6cd8e1aa267693a3720f1118763e970b03de2d998ee874f68b1f91042b8?s=96&d=mm&r=g","caption":"La\u00eds Maria Matos Barradas"},"url":"https:\/\/unifsa.com.br\/site\/author\/laismbarradas\/"}]}},"_links":{"self":[{"href":"https:\/\/unifsa.com.br\/site\/wp-json\/wp\/v2\/posts\/8954","targetHints":{"allow":["GET"]}}],"collection":[{"href":"https:\/\/unifsa.com.br\/site\/wp-json\/wp\/v2\/posts"}],"about":[{"href":"https:\/\/unifsa.com.br\/site\/wp-json\/wp\/v2\/types\/post"}],"author":[{"embeddable":true,"href":"https:\/\/unifsa.com.br\/site\/wp-json\/wp\/v2\/users\/9"}],"replies":[{"embeddable":true,"href":"https:\/\/unifsa.com.br\/site\/wp-json\/wp\/v2\/comments?post=8954"}],"version-history":[{"count":1,"href":"https:\/\/unifsa.com.br\/site\/wp-json\/wp\/v2\/posts\/8954\/revisions"}],"predecessor-version":[{"id":8958,"href":"https:\/\/unifsa.com.br\/site\/wp-json\/wp\/v2\/posts\/8954\/revisions\/8958"}],"wp:featuredmedia":[{"embeddable":true,"href":"https:\/\/unifsa.com.br\/site\/wp-json\/wp\/v2\/media\/8959"}],"wp:attachment":[{"href":"https:\/\/unifsa.com.br\/site\/wp-json\/wp\/v2\/media?parent=8954"}],"wp:term":[{"taxonomy":"category","embeddable":true,"href":"https:\/\/unifsa.com.br\/site\/wp-json\/wp\/v2\/categories?post=8954"},{"taxonomy":"post_tag","embeddable":true,"href":"https:\/\/unifsa.com.br\/site\/wp-json\/wp\/v2\/tags?post=8954"}],"curies":[{"name":"wp","href":"https:\/\/api.w.org\/{rel}","templated":true}]}}