{"id":8941,"date":"2021-09-10T13:04:33","date_gmt":"2021-09-10T16:04:33","guid":{"rendered":"https:\/\/unifsa.com.br\/site\/?p=8941"},"modified":"2021-09-10T13:04:35","modified_gmt":"2021-09-10T16:04:35","slug":"a-atuacao-do-nutricionista-e-do-educador-fisico-em-tempos-de-pandemia-e-tema-de-minicurso-no-2-cbcs-2","status":"publish","type":"post","link":"https:\/\/unifsa.com.br\/site\/a-atuacao-do-nutricionista-e-do-educador-fisico-em-tempos-de-pandemia-e-tema-de-minicurso-no-2-cbcs-2\/","title":{"rendered":"A atua\u00e7\u00e3o do Nutricionista e do Educador F\u00edsico em tempos de pandemia \u00e9 tema de minicurso no 2\u00b0 CBCS"},"content":{"rendered":"\n<div class=\"wp-block-image\"><figure class=\"alignright size-medium\"><a href=\"https:\/\/en.unesco.org\/news\/unesco-calls-investment-quality-physical-education-support-covid-19-recovery\"><img fetchpriority=\"high\" decoding=\"async\" width=\"300\" height=\"297\" src=\"https:\/\/unifsa.com.br\/site\/wp-content\/uploads\/2021\/05\/Voc\u00ea-sabia-4-300x297.jpg\" alt=\"\" class=\"wp-image-7245\" srcset=\"https:\/\/unifsa.com.br\/site\/wp-content\/uploads\/2021\/05\/Voc\u00ea-sabia-4-300x297.jpg 300w, https:\/\/unifsa.com.br\/site\/wp-content\/uploads\/2021\/05\/Voc\u00ea-sabia-4-1024x1013.jpg 1024w, https:\/\/unifsa.com.br\/site\/wp-content\/uploads\/2021\/05\/Voc\u00ea-sabia-4-150x150.jpg 150w, https:\/\/unifsa.com.br\/site\/wp-content\/uploads\/2021\/05\/Voc\u00ea-sabia-4-768x760.jpg 768w, https:\/\/unifsa.com.br\/site\/wp-content\/uploads\/2021\/05\/Voc\u00ea-sabia-4-110x110.jpg 110w, https:\/\/unifsa.com.br\/site\/wp-content\/uploads\/2021\/05\/Voc\u00ea-sabia-4.jpg 1062w\" sizes=\"(max-width: 300px) 100vw, 300px\" \/><\/a><\/figure><\/div>\n\n\n\n<p class=\"texto-justificado\">No dia 6 de outubro, \u00e0s 15h, o 2\u00b0 Congresso Brasileiro Ci\u00eancia e Sociedade promover\u00e1 o minicurso <strong>\u201cAtua\u00e7\u00e3o de nutricionistas e profissionais da educa\u00e7\u00e3o f\u00edsica em face da pandemia da COVID-19\u201d<\/strong>, que ser\u00e1 desenvolvido pelos docentes dos cursos de Nutri\u00e7\u00e3o e Educa\u00e7\u00e3o F\u00edsica do Centro Universit\u00e1rio Santo Agostinho, respectivamente, Profa. Dra. Odara Maria de Sousa S\u00e1 e Prof. Me. Ant\u00f4nio Carlos Leal Cortez. <\/p>\n\n\n\n<p class=\"texto-justificado\">Como o pr\u00f3prio t\u00edtulo do curso revela, a inten\u00e7\u00e3o \u00e9 abordar, atrav\u00e9s de relatos de experi\u00eancia e iniciativas pr\u00e1ticas, como os profissionais das duas \u00e1reas contribuem para o enfrentamento do cen\u00e1rio pand\u00eamico, que requer m\u00faltiplos esfor\u00e7os dos mais diversos campos do conhecimento. &nbsp;<\/p>\n\n\n\n<div class=\"wp-block-image\"><figure class=\"alignleft size-medium\"><a href=\"http:\/\/www2.ebserh.gov.br\/documents\/16756\/4979882\/MANUAL+DE+ORIENTA%C3%87%C3%95ES+NUTRICIONAIS+DURANTE+O+COVID.pdf\/12dba32f-be2e-41ee-839f-abd2713716af\"><img decoding=\"async\" width=\"300\" height=\"290\" src=\"https:\/\/unifsa.com.br\/site\/wp-content\/uploads\/2021\/05\/Fique-Ligado-4-300x290.jpg\" alt=\"\" class=\"wp-image-7243\" srcset=\"https:\/\/unifsa.com.br\/site\/wp-content\/uploads\/2021\/05\/Fique-Ligado-4-300x290.jpg 300w, https:\/\/unifsa.com.br\/site\/wp-content\/uploads\/2021\/05\/Fique-Ligado-4-1024x989.jpg 1024w, https:\/\/unifsa.com.br\/site\/wp-content\/uploads\/2021\/05\/Fique-Ligado-4-768x742.jpg 768w, https:\/\/unifsa.com.br\/site\/wp-content\/uploads\/2021\/05\/Fique-Ligado-4.jpg 1097w\" sizes=\"(max-width: 300px) 100vw, 300px\" \/><\/a><\/figure><\/div>\n\n\n\n<p class=\"texto-justificado\">A professora doutora Odara S\u00e1 explica que, mais do que nunca, o conhecimento tem se mostrado como a mais importante ferramenta de trabalho para profissionais de sa\u00fade. A COVID-19 \u00e9 v\u00edrus novo, em fase de esclarecimento sobre suas a\u00e7\u00f5es e repercuss\u00f5es org\u00e2nicas. <\/p>\n\n\n\n<p class=\"texto-justificado\">Desta maneira, o principal desafio do sistema de sa\u00fade \u00e9 o de capacitar os trabalhadores, em um contexto de mudan\u00e7as constantes nas informa\u00e7\u00f5es sobre a doen\u00e7a.<\/p>\n\n\n\n<div class=\"wp-block-image\"><figure class=\"aligncenter size-full\"><img decoding=\"async\" width=\"2071\" height=\"563\" src=\"https:\/\/unifsa.com.br\/site\/wp-content\/uploads\/2021\/05\/Fala-da-profa-1.jpg\" alt=\"\" class=\"wp-image-7242\" srcset=\"https:\/\/unifsa.com.br\/site\/wp-content\/uploads\/2021\/05\/Fala-da-profa-1.jpg 2071w, https:\/\/unifsa.com.br\/site\/wp-content\/uploads\/2021\/05\/Fala-da-profa-1-300x82.jpg 300w, https:\/\/unifsa.com.br\/site\/wp-content\/uploads\/2021\/05\/Fala-da-profa-1-1024x278.jpg 1024w, https:\/\/unifsa.com.br\/site\/wp-content\/uploads\/2021\/05\/Fala-da-profa-1-768x209.jpg 768w, https:\/\/unifsa.com.br\/site\/wp-content\/uploads\/2021\/05\/Fala-da-profa-1-1536x418.jpg 1536w, https:\/\/unifsa.com.br\/site\/wp-content\/uploads\/2021\/05\/Fala-da-profa-1-2048x557.jpg 2048w\" sizes=\"(max-width: 2071px) 100vw, 2071px\" \/><\/figure><\/div>\n\n\n\n<p class=\"texto-justificado\">O professor Me. Antonio Carlos Cortez aponta que o minicurso foi pensado tanto no \u00e2mbito da pesquisa cient\u00edfica quanto da viv\u00eancia profissional, considerando o contexto atual. Ele refor\u00e7a que, diante de tudo que a sociedade est\u00e1 vivendo, \u00e9 de fundamental import\u00e2ncia qualificar e orientar profissionais e futuros profissionais com dados atualizados referentes \u00e0 COVID-19 para que estes desempenhem melhor suas fun\u00e7\u00f5es. <\/p>\n\n\n\n<p><\/p>\n","protected":false},"excerpt":{"rendered":"<p>No dia 6 de outubro, \u00e0s 15h, o 2\u00b0 Congresso Brasileiro Ci\u00eancia e Sociedade promover\u00e1 o minicurso \u201cAtua\u00e7\u00e3o de nutricionistas e profissionais da educa\u00e7\u00e3o f\u00edsica em face da pandemia da COVID-19\u201d, que ser\u00e1 desenvolvido pelos docentes dos cursos de Nutri\u00e7\u00e3o e Educa\u00e7\u00e3o F\u00edsica do Centro Universit\u00e1rio Santo Agostinho, respectivamente, Profa. Dra. Odara Maria de Sousa<\/p>\n","protected":false},"author":1,"featured_media":7244,"comment_status":"closed","ping_status":"open","sticky":false,"template":"","format":"standard","meta":{"_acf_changed":false,"footnotes":""},"categories":[6],"tags":[],"class_list":["post-8941","post","type-post","status-publish","format-standard","has-post-thumbnail","hentry","category-acontece-na-unifsa"],"acf":[],"yoast_head":"<!-- This site is optimized with the Yoast SEO plugin v26.5 - https:\/\/yoast.com\/wordpress\/plugins\/seo\/ -->\n<title>A atua\u00e7\u00e3o do Nutricionista e do Educador F\u00edsico em tempos de pandemia \u00e9 tema de minicurso no 2\u00b0 CBCS - Centro Universit\u00e1rio Santo Agostinho - UNIFSA<\/title>\n<meta name=\"robots\" content=\"index, follow, max-snippet:-1, max-image-preview:large, max-video-preview:-1\" \/>\n<link rel=\"canonical\" href=\"https:\/\/unifsa.com.br\/site\/a-atuacao-do-nutricionista-e-do-educador-fisico-em-tempos-de-pandemia-e-tema-de-minicurso-no-2-cbcs-2\/\" \/>\n<meta property=\"og:locale\" content=\"pt_BR\" \/>\n<meta property=\"og:type\" content=\"article\" \/>\n<meta property=\"og:title\" content=\"A atua\u00e7\u00e3o do Nutricionista e do Educador F\u00edsico em tempos de pandemia \u00e9 tema de minicurso no 2\u00b0 CBCS - Centro Universit\u00e1rio Santo Agostinho - UNIFSA\" \/>\n<meta property=\"og:description\" content=\"No dia 6 de outubro, \u00e0s 15h, o 2\u00b0 Congresso Brasileiro Ci\u00eancia e Sociedade promover\u00e1 o minicurso \u201cAtua\u00e7\u00e3o de nutricionistas e profissionais da educa\u00e7\u00e3o f\u00edsica em face da pandemia da COVID-19\u201d, que ser\u00e1 desenvolvido pelos docentes dos cursos de Nutri\u00e7\u00e3o e Educa\u00e7\u00e3o F\u00edsica do Centro Universit\u00e1rio Santo Agostinho, respectivamente, Profa. Dra. Odara Maria de Sousa\" \/>\n<meta property=\"og:url\" content=\"https:\/\/unifsa.com.br\/site\/a-atuacao-do-nutricionista-e-do-educador-fisico-em-tempos-de-pandemia-e-tema-de-minicurso-no-2-cbcs-2\/\" \/>\n<meta property=\"og:site_name\" content=\"Centro Universit\u00e1rio Santo Agostinho - UNIFSA\" \/>\n<meta property=\"article:publisher\" content=\"https:\/\/www.facebook.com\/unifsa\/\" \/>\n<meta property=\"article:published_time\" content=\"2021-09-10T16:04:33+00:00\" \/>\n<meta property=\"article:modified_time\" content=\"2021-09-10T16:04:35+00:00\" \/>\n<meta property=\"og:image\" content=\"https:\/\/unifsa.com.br\/site\/wp-content\/uploads\/2021\/05\/mini8.jpg\" \/>\n\t<meta property=\"og:image:width\" content=\"1010\" \/>\n\t<meta property=\"og:image:height\" content=\"431\" \/>\n\t<meta property=\"og:image:type\" content=\"image\/jpeg\" \/>\n<meta name=\"author\" content=\"UNIFSA\" \/>\n<meta name=\"twitter:card\" content=\"summary_large_image\" \/>\n<meta name=\"twitter:label1\" content=\"Escrito por\" \/>\n\t<meta name=\"twitter:data1\" content=\"UNIFSA\" \/>\n\t<meta name=\"twitter:label2\" content=\"Est. tempo de leitura\" \/>\n\t<meta name=\"twitter:data2\" content=\"1 minuto\" \/>\n<script type=\"application\/ld+json\" class=\"yoast-schema-graph\">{\"@context\":\"https:\/\/schema.org\",\"@graph\":[{\"@type\":\"Article\",\"@id\":\"https:\/\/unifsa.com.br\/site\/a-atuacao-do-nutricionista-e-do-educador-fisico-em-tempos-de-pandemia-e-tema-de-minicurso-no-2-cbcs-2\/#article\",\"isPartOf\":{\"@id\":\"https:\/\/unifsa.com.br\/site\/a-atuacao-do-nutricionista-e-do-educador-fisico-em-tempos-de-pandemia-e-tema-de-minicurso-no-2-cbcs-2\/\"},\"author\":{\"name\":\"UNIFSA\",\"@id\":\"https:\/\/unifsa.com.br\/site\/#\/schema\/person\/6f5e8438b96168f9894cb9fe5816660f\"},\"headline\":\"A atua\u00e7\u00e3o do Nutricionista e do Educador F\u00edsico em tempos de pandemia \u00e9 tema de minicurso no 2\u00b0 CBCS\",\"datePublished\":\"2021-09-10T16:04:33+00:00\",\"dateModified\":\"2021-09-10T16:04:35+00:00\",\"mainEntityOfPage\":{\"@id\":\"https:\/\/unifsa.com.br\/site\/a-atuacao-do-nutricionista-e-do-educador-fisico-em-tempos-de-pandemia-e-tema-de-minicurso-no-2-cbcs-2\/\"},\"wordCount\":280,\"publisher\":{\"@id\":\"https:\/\/unifsa.com.br\/site\/#organization\"},\"image\":{\"@id\":\"https:\/\/unifsa.com.br\/site\/a-atuacao-do-nutricionista-e-do-educador-fisico-em-tempos-de-pandemia-e-tema-de-minicurso-no-2-cbcs-2\/#primaryimage\"},\"thumbnailUrl\":\"https:\/\/unifsa.com.br\/site\/wp-content\/uploads\/2021\/05\/mini8.jpg\",\"articleSection\":[\"Acontece na UNIFSA\"],\"inLanguage\":\"pt-BR\"},{\"@type\":\"WebPage\",\"@id\":\"https:\/\/unifsa.com.br\/site\/a-atuacao-do-nutricionista-e-do-educador-fisico-em-tempos-de-pandemia-e-tema-de-minicurso-no-2-cbcs-2\/\",\"url\":\"https:\/\/unifsa.com.br\/site\/a-atuacao-do-nutricionista-e-do-educador-fisico-em-tempos-de-pandemia-e-tema-de-minicurso-no-2-cbcs-2\/\",\"name\":\"A atua\u00e7\u00e3o do Nutricionista e do Educador F\u00edsico em tempos de pandemia \u00e9 tema de minicurso no 2\u00b0 CBCS - Centro Universit\u00e1rio Santo Agostinho - UNIFSA\",\"isPartOf\":{\"@id\":\"https:\/\/unifsa.com.br\/site\/#website\"},\"primaryImageOfPage\":{\"@id\":\"https:\/\/unifsa.com.br\/site\/a-atuacao-do-nutricionista-e-do-educador-fisico-em-tempos-de-pandemia-e-tema-de-minicurso-no-2-cbcs-2\/#primaryimage\"},\"image\":{\"@id\":\"https:\/\/unifsa.com.br\/site\/a-atuacao-do-nutricionista-e-do-educador-fisico-em-tempos-de-pandemia-e-tema-de-minicurso-no-2-cbcs-2\/#primaryimage\"},\"thumbnailUrl\":\"https:\/\/unifsa.com.br\/site\/wp-content\/uploads\/2021\/05\/mini8.jpg\",\"datePublished\":\"2021-09-10T16:04:33+00:00\",\"dateModified\":\"2021-09-10T16:04:35+00:00\",\"breadcrumb\":{\"@id\":\"https:\/\/unifsa.com.br\/site\/a-atuacao-do-nutricionista-e-do-educador-fisico-em-tempos-de-pandemia-e-tema-de-minicurso-no-2-cbcs-2\/#breadcrumb\"},\"inLanguage\":\"pt-BR\",\"potentialAction\":[{\"@type\":\"ReadAction\",\"target\":[\"https:\/\/unifsa.com.br\/site\/a-atuacao-do-nutricionista-e-do-educador-fisico-em-tempos-de-pandemia-e-tema-de-minicurso-no-2-cbcs-2\/\"]}]},{\"@type\":\"ImageObject\",\"inLanguage\":\"pt-BR\",\"@id\":\"https:\/\/unifsa.com.br\/site\/a-atuacao-do-nutricionista-e-do-educador-fisico-em-tempos-de-pandemia-e-tema-de-minicurso-no-2-cbcs-2\/#primaryimage\",\"url\":\"https:\/\/unifsa.com.br\/site\/wp-content\/uploads\/2021\/05\/mini8.jpg\",\"contentUrl\":\"https:\/\/unifsa.com.br\/site\/wp-content\/uploads\/2021\/05\/mini8.jpg\",\"width\":1010,\"height\":431},{\"@type\":\"BreadcrumbList\",\"@id\":\"https:\/\/unifsa.com.br\/site\/a-atuacao-do-nutricionista-e-do-educador-fisico-em-tempos-de-pandemia-e-tema-de-minicurso-no-2-cbcs-2\/#breadcrumb\",\"itemListElement\":[{\"@type\":\"ListItem\",\"position\":1,\"name\":\"In\u00edcio\",\"item\":\"https:\/\/unifsa.com.br\/site\/\"},{\"@type\":\"ListItem\",\"position\":2,\"name\":\"A atua\u00e7\u00e3o do Nutricionista e do Educador F\u00edsico em tempos de pandemia \u00e9 tema de minicurso no 2\u00b0 CBCS\"}]},{\"@type\":\"WebSite\",\"@id\":\"https:\/\/unifsa.com.br\/site\/#website\",\"url\":\"https:\/\/unifsa.com.br\/site\/\",\"name\":\"Centro Universit\u00e1rio Santo Agostinho - UNIFSA\",\"description\":\"Conhecimento para toda a vida\",\"publisher\":{\"@id\":\"https:\/\/unifsa.com.br\/site\/#organization\"},\"potentialAction\":[{\"@type\":\"SearchAction\",\"target\":{\"@type\":\"EntryPoint\",\"urlTemplate\":\"https:\/\/unifsa.com.br\/site\/?s={search_term_string}\"},\"query-input\":{\"@type\":\"PropertyValueSpecification\",\"valueRequired\":true,\"valueName\":\"search_term_string\"}}],\"inLanguage\":\"pt-BR\"},{\"@type\":\"Organization\",\"@id\":\"https:\/\/unifsa.com.br\/site\/#organization\",\"name\":\"Centro Universit\u00e1rio Santo Agostinho - UNIFSA\",\"url\":\"https:\/\/unifsa.com.br\/site\/\",\"logo\":{\"@type\":\"ImageObject\",\"inLanguage\":\"pt-BR\",\"@id\":\"https:\/\/unifsa.com.br\/site\/#\/schema\/logo\/image\/\",\"url\":\"https:\/\/unifsa.com.br\/site\/wp-content\/uploads\/2023\/03\/MARCA-UNIFSA-CIC23-q2apjs1mt975cf1wl25b044coj90fwoiee1kya6800.png\",\"contentUrl\":\"https:\/\/unifsa.com.br\/site\/wp-content\/uploads\/2023\/03\/MARCA-UNIFSA-CIC23-q2apjs1mt975cf1wl25b044coj90fwoiee1kya6800.png\",\"width\":103,\"height\":100,\"caption\":\"Centro Universit\u00e1rio Santo Agostinho - UNIFSA\"},\"image\":{\"@id\":\"https:\/\/unifsa.com.br\/site\/#\/schema\/logo\/image\/\"},\"sameAs\":[\"https:\/\/www.facebook.com\/unifsa\/\",\"https:\/\/www.instagram.com\/unifsa\/\"]},{\"@type\":\"Person\",\"@id\":\"https:\/\/unifsa.com.br\/site\/#\/schema\/person\/6f5e8438b96168f9894cb9fe5816660f\",\"name\":\"UNIFSA\",\"image\":{\"@type\":\"ImageObject\",\"inLanguage\":\"pt-BR\",\"@id\":\"https:\/\/unifsa.com.br\/site\/#\/schema\/person\/image\/\",\"url\":\"https:\/\/secure.gravatar.com\/avatar\/3d1043775cda1d91d725491548f9b3a0909638e5fcbd418ee6b285ebfaa2ae59?s=96&d=mm&r=g\",\"contentUrl\":\"https:\/\/secure.gravatar.com\/avatar\/3d1043775cda1d91d725491548f9b3a0909638e5fcbd418ee6b285ebfaa2ae59?s=96&d=mm&r=g\",\"caption\":\"UNIFSA\"},\"url\":\"https:\/\/unifsa.com.br\/site\/author\/rogerbezerra\/\"}]}<\/script>\n<!-- \/ Yoast SEO plugin. -->","yoast_head_json":{"title":"A atua\u00e7\u00e3o do Nutricionista e do Educador F\u00edsico em tempos de pandemia \u00e9 tema de minicurso no 2\u00b0 CBCS - Centro Universit\u00e1rio Santo Agostinho - UNIFSA","robots":{"index":"index","follow":"follow","max-snippet":"max-snippet:-1","max-image-preview":"max-image-preview:large","max-video-preview":"max-video-preview:-1"},"canonical":"https:\/\/unifsa.com.br\/site\/a-atuacao-do-nutricionista-e-do-educador-fisico-em-tempos-de-pandemia-e-tema-de-minicurso-no-2-cbcs-2\/","og_locale":"pt_BR","og_type":"article","og_title":"A atua\u00e7\u00e3o do Nutricionista e do Educador F\u00edsico em tempos de pandemia \u00e9 tema de minicurso no 2\u00b0 CBCS - Centro Universit\u00e1rio Santo Agostinho - UNIFSA","og_description":"No dia 6 de outubro, \u00e0s 15h, o 2\u00b0 Congresso Brasileiro Ci\u00eancia e Sociedade promover\u00e1 o minicurso \u201cAtua\u00e7\u00e3o de nutricionistas e profissionais da educa\u00e7\u00e3o f\u00edsica em face da pandemia da COVID-19\u201d, que ser\u00e1 desenvolvido pelos docentes dos cursos de Nutri\u00e7\u00e3o e Educa\u00e7\u00e3o F\u00edsica do Centro Universit\u00e1rio Santo Agostinho, respectivamente, Profa. Dra. Odara Maria de Sousa","og_url":"https:\/\/unifsa.com.br\/site\/a-atuacao-do-nutricionista-e-do-educador-fisico-em-tempos-de-pandemia-e-tema-de-minicurso-no-2-cbcs-2\/","og_site_name":"Centro Universit\u00e1rio Santo Agostinho - UNIFSA","article_publisher":"https:\/\/www.facebook.com\/unifsa\/","article_published_time":"2021-09-10T16:04:33+00:00","article_modified_time":"2021-09-10T16:04:35+00:00","og_image":[{"width":1010,"height":431,"url":"https:\/\/unifsa.com.br\/site\/wp-content\/uploads\/2021\/05\/mini8.jpg","type":"image\/jpeg"}],"author":"UNIFSA","twitter_card":"summary_large_image","twitter_misc":{"Escrito por":"UNIFSA","Est. tempo de leitura":"1 minuto"},"schema":{"@context":"https:\/\/schema.org","@graph":[{"@type":"Article","@id":"https:\/\/unifsa.com.br\/site\/a-atuacao-do-nutricionista-e-do-educador-fisico-em-tempos-de-pandemia-e-tema-de-minicurso-no-2-cbcs-2\/#article","isPartOf":{"@id":"https:\/\/unifsa.com.br\/site\/a-atuacao-do-nutricionista-e-do-educador-fisico-em-tempos-de-pandemia-e-tema-de-minicurso-no-2-cbcs-2\/"},"author":{"name":"UNIFSA","@id":"https:\/\/unifsa.com.br\/site\/#\/schema\/person\/6f5e8438b96168f9894cb9fe5816660f"},"headline":"A atua\u00e7\u00e3o do Nutricionista e do Educador F\u00edsico em tempos de pandemia \u00e9 tema de minicurso no 2\u00b0 CBCS","datePublished":"2021-09-10T16:04:33+00:00","dateModified":"2021-09-10T16:04:35+00:00","mainEntityOfPage":{"@id":"https:\/\/unifsa.com.br\/site\/a-atuacao-do-nutricionista-e-do-educador-fisico-em-tempos-de-pandemia-e-tema-de-minicurso-no-2-cbcs-2\/"},"wordCount":280,"publisher":{"@id":"https:\/\/unifsa.com.br\/site\/#organization"},"image":{"@id":"https:\/\/unifsa.com.br\/site\/a-atuacao-do-nutricionista-e-do-educador-fisico-em-tempos-de-pandemia-e-tema-de-minicurso-no-2-cbcs-2\/#primaryimage"},"thumbnailUrl":"https:\/\/unifsa.com.br\/site\/wp-content\/uploads\/2021\/05\/mini8.jpg","articleSection":["Acontece na UNIFSA"],"inLanguage":"pt-BR"},{"@type":"WebPage","@id":"https:\/\/unifsa.com.br\/site\/a-atuacao-do-nutricionista-e-do-educador-fisico-em-tempos-de-pandemia-e-tema-de-minicurso-no-2-cbcs-2\/","url":"https:\/\/unifsa.com.br\/site\/a-atuacao-do-nutricionista-e-do-educador-fisico-em-tempos-de-pandemia-e-tema-de-minicurso-no-2-cbcs-2\/","name":"A atua\u00e7\u00e3o do Nutricionista e do Educador F\u00edsico em tempos de pandemia \u00e9 tema de minicurso no 2\u00b0 CBCS - Centro Universit\u00e1rio Santo Agostinho - UNIFSA","isPartOf":{"@id":"https:\/\/unifsa.com.br\/site\/#website"},"primaryImageOfPage":{"@id":"https:\/\/unifsa.com.br\/site\/a-atuacao-do-nutricionista-e-do-educador-fisico-em-tempos-de-pandemia-e-tema-de-minicurso-no-2-cbcs-2\/#primaryimage"},"image":{"@id":"https:\/\/unifsa.com.br\/site\/a-atuacao-do-nutricionista-e-do-educador-fisico-em-tempos-de-pandemia-e-tema-de-minicurso-no-2-cbcs-2\/#primaryimage"},"thumbnailUrl":"https:\/\/unifsa.com.br\/site\/wp-content\/uploads\/2021\/05\/mini8.jpg","datePublished":"2021-09-10T16:04:33+00:00","dateModified":"2021-09-10T16:04:35+00:00","breadcrumb":{"@id":"https:\/\/unifsa.com.br\/site\/a-atuacao-do-nutricionista-e-do-educador-fisico-em-tempos-de-pandemia-e-tema-de-minicurso-no-2-cbcs-2\/#breadcrumb"},"inLanguage":"pt-BR","potentialAction":[{"@type":"ReadAction","target":["https:\/\/unifsa.com.br\/site\/a-atuacao-do-nutricionista-e-do-educador-fisico-em-tempos-de-pandemia-e-tema-de-minicurso-no-2-cbcs-2\/"]}]},{"@type":"ImageObject","inLanguage":"pt-BR","@id":"https:\/\/unifsa.com.br\/site\/a-atuacao-do-nutricionista-e-do-educador-fisico-em-tempos-de-pandemia-e-tema-de-minicurso-no-2-cbcs-2\/#primaryimage","url":"https:\/\/unifsa.com.br\/site\/wp-content\/uploads\/2021\/05\/mini8.jpg","contentUrl":"https:\/\/unifsa.com.br\/site\/wp-content\/uploads\/2021\/05\/mini8.jpg","width":1010,"height":431},{"@type":"BreadcrumbList","@id":"https:\/\/unifsa.com.br\/site\/a-atuacao-do-nutricionista-e-do-educador-fisico-em-tempos-de-pandemia-e-tema-de-minicurso-no-2-cbcs-2\/#breadcrumb","itemListElement":[{"@type":"ListItem","position":1,"name":"In\u00edcio","item":"https:\/\/unifsa.com.br\/site\/"},{"@type":"ListItem","position":2,"name":"A atua\u00e7\u00e3o do Nutricionista e do Educador F\u00edsico em tempos de pandemia \u00e9 tema de minicurso no 2\u00b0 CBCS"}]},{"@type":"WebSite","@id":"https:\/\/unifsa.com.br\/site\/#website","url":"https:\/\/unifsa.com.br\/site\/","name":"Centro Universit\u00e1rio Santo Agostinho - UNIFSA","description":"Conhecimento para toda a vida","publisher":{"@id":"https:\/\/unifsa.com.br\/site\/#organization"},"potentialAction":[{"@type":"SearchAction","target":{"@type":"EntryPoint","urlTemplate":"https:\/\/unifsa.com.br\/site\/?s={search_term_string}"},"query-input":{"@type":"PropertyValueSpecification","valueRequired":true,"valueName":"search_term_string"}}],"inLanguage":"pt-BR"},{"@type":"Organization","@id":"https:\/\/unifsa.com.br\/site\/#organization","name":"Centro Universit\u00e1rio Santo Agostinho - UNIFSA","url":"https:\/\/unifsa.com.br\/site\/","logo":{"@type":"ImageObject","inLanguage":"pt-BR","@id":"https:\/\/unifsa.com.br\/site\/#\/schema\/logo\/image\/","url":"https:\/\/unifsa.com.br\/site\/wp-content\/uploads\/2023\/03\/MARCA-UNIFSA-CIC23-q2apjs1mt975cf1wl25b044coj90fwoiee1kya6800.png","contentUrl":"https:\/\/unifsa.com.br\/site\/wp-content\/uploads\/2023\/03\/MARCA-UNIFSA-CIC23-q2apjs1mt975cf1wl25b044coj90fwoiee1kya6800.png","width":103,"height":100,"caption":"Centro Universit\u00e1rio Santo Agostinho - UNIFSA"},"image":{"@id":"https:\/\/unifsa.com.br\/site\/#\/schema\/logo\/image\/"},"sameAs":["https:\/\/www.facebook.com\/unifsa\/","https:\/\/www.instagram.com\/unifsa\/"]},{"@type":"Person","@id":"https:\/\/unifsa.com.br\/site\/#\/schema\/person\/6f5e8438b96168f9894cb9fe5816660f","name":"UNIFSA","image":{"@type":"ImageObject","inLanguage":"pt-BR","@id":"https:\/\/unifsa.com.br\/site\/#\/schema\/person\/image\/","url":"https:\/\/secure.gravatar.com\/avatar\/3d1043775cda1d91d725491548f9b3a0909638e5fcbd418ee6b285ebfaa2ae59?s=96&d=mm&r=g","contentUrl":"https:\/\/secure.gravatar.com\/avatar\/3d1043775cda1d91d725491548f9b3a0909638e5fcbd418ee6b285ebfaa2ae59?s=96&d=mm&r=g","caption":"UNIFSA"},"url":"https:\/\/unifsa.com.br\/site\/author\/rogerbezerra\/"}]}},"_links":{"self":[{"href":"https:\/\/unifsa.com.br\/site\/wp-json\/wp\/v2\/posts\/8941","targetHints":{"allow":["GET"]}}],"collection":[{"href":"https:\/\/unifsa.com.br\/site\/wp-json\/wp\/v2\/posts"}],"about":[{"href":"https:\/\/unifsa.com.br\/site\/wp-json\/wp\/v2\/types\/post"}],"author":[{"embeddable":true,"href":"https:\/\/unifsa.com.br\/site\/wp-json\/wp\/v2\/users\/1"}],"replies":[{"embeddable":true,"href":"https:\/\/unifsa.com.br\/site\/wp-json\/wp\/v2\/comments?post=8941"}],"version-history":[{"count":1,"href":"https:\/\/unifsa.com.br\/site\/wp-json\/wp\/v2\/posts\/8941\/revisions"}],"predecessor-version":[{"id":8942,"href":"https:\/\/unifsa.com.br\/site\/wp-json\/wp\/v2\/posts\/8941\/revisions\/8942"}],"wp:featuredmedia":[{"embeddable":true,"href":"https:\/\/unifsa.com.br\/site\/wp-json\/wp\/v2\/media\/7244"}],"wp:attachment":[{"href":"https:\/\/unifsa.com.br\/site\/wp-json\/wp\/v2\/media?parent=8941"}],"wp:term":[{"taxonomy":"category","embeddable":true,"href":"https:\/\/unifsa.com.br\/site\/wp-json\/wp\/v2\/categories?post=8941"},{"taxonomy":"post_tag","embeddable":true,"href":"https:\/\/unifsa.com.br\/site\/wp-json\/wp\/v2\/tags?post=8941"}],"curies":[{"name":"wp","href":"https:\/\/api.w.org\/{rel}","templated":true}]}}