{"id":8394,"date":"2021-08-15T10:01:00","date_gmt":"2021-08-15T13:01:00","guid":{"rendered":"https:\/\/unifsa.com.br\/site\/?p=8394"},"modified":"2021-08-17T08:54:30","modified_gmt":"2021-08-17T11:54:30","slug":"xix-semana-cientifica-inicia-nesta-terca-feira-17","status":"publish","type":"post","link":"https:\/\/unifsa.com.br\/site\/xix-semana-cientifica-inicia-nesta-terca-feira-17\/","title":{"rendered":"XIX Semana Cient\u00edfica inicia nesta ter\u00e7a-feira, 17"},"content":{"rendered":"\n<p class=\"texto-justificado\">O Centro Universit\u00e1rio Santo\nAgostinho (UNIFSA) promove, nesta semana, a XIX SEMANA CIENT\u00cdFICA, de 17 a 20\nde agosto, trazendo uma programa\u00e7\u00e3o com mais de 40 webconfer\u00eancias nas \u00e1reas de\nhumanas, sa\u00fade e exatas, ministradas por palestrantes de grande relev\u00e2ncia\nlocal e nacional. A Sec 21 acontece totalmente online pela plataforma\nBlackboard\/UNIFSA, com certificado de 30h.<\/p>\n\n\n\n<p class=\"texto-justificado\">O evento tem previs\u00e3o de in\u00edcio \u00e0s 8h30, com a solenidade de boas vindas e logo em seguida, \u00e0s 9h, acontece a confer\u00eancia de abertura, ministrada pela <a href=\"https:\/\/unifsa.com.br\/site\/profa-dra-ana-ignez-belem-lima-trara-reflexao-sobre-o-valor-da-ciencia-na-conferencia-de-abertura-da-xix-sec-21\/\">Profa. Dra. Ana Ignez Bel\u00e9m Lima (UECE), abordando o tema central da SEC 21: \u201cO Valor das Ci\u00eancias Para Sociedade Contempor\u00e2nea: do dia a dia \u00e0 pandemia\u201d.<\/a><\/p>\n\n\n\n<div class=\"wp-block-button aligncenter\"><a class=\"wp-block-button__link has-background has-vivid-cyan-blue-background-color\" href=\"https:\/\/unifsa.com.br\/site\/wp-content\/uploads\/2021\/08\/Programa\u00e7\u00e3o-Completa-XIX-SEC-2021-1.pdf\"> CONFIRA A PROGRAMA\u00c7\u00c3O COMPLETA DO EVENTO <\/a><\/div>\n\n\n\n<p class=\"texto-justificado\">Durante a semana, os participantes\ndo evento ter\u00e3o diversas oportunidades de aprendizado dividas em Momentos.<\/p>\n\n\n\n<p class=\"texto-justificado\"><a href=\"https:\/\/unifsa.com.br\/site\/momento-formacao-da-sec-21-unifsa-aborda-regulamentos-de-pesquisas-da-plataforma-brasil\/\">Momento Forma\u00e7\u00e3o: <\/a>quatro mesas virtuais focadas em promover a forma\u00e7\u00e3o de profissionais \u00e9ticos e comprometidos com a pesquisa cient\u00edfica; <a href=\"https:\/\/unifsa.com.br\/site\/momento-qualificacao-destaca-cursos-de-medicina-veterinaria-odontologia-arquitetura-e-direito\/\">Momento Qualifica\u00e7\u00e3o:<\/a> com quatro webconfer\u00eancias voltadas para os alunos de Odontologia, Medicina Veterin\u00e1ria, Direito e Arquitetura; <a href=\"https:\/\/unifsa.com.br\/site\/momento-carreira-da-semana-cientifica-unifsa-tem-foco-na-reinvencao-profissional-e-empregabilidade-na-atualidade\/\">Momento Carreira<\/a>: oferecendo 18 webconfer\u00eancias focadas nas \u00e1reas de sa\u00fade, humanas e exatas.<\/p>\n\n\n\n<p class=\"texto-justificado\">Al\u00e9m disso, a Sec 21 conta com a <a href=\"https:\/\/unifsa.com.br\/site\/xix-semana-cientifica-tem-setima-edicao-da-mostra-de-resultados-parciais-dos-projetos-de-iniciacao-cientifica\/\">Mostra de Resultados Parciais dos Projetos de Inicia\u00e7\u00e3o Cient\u00edfica<\/a>: em que ser\u00e3o apresentados 23 trabalhos, de diversas \u00e1reas de gradua\u00e7\u00e3o, sendo 11 equipes no primeiro dia 17 de agosto e 12 equipes no dia 19. <a href=\"https:\/\/unifsa.com.br\/site\/momento-gratidao-promove-praticas-de-saude-emocional-na-xix-semana-cientifica\/\">Momento Gratid\u00e3o:<\/a> um importante espa\u00e7o para reflex\u00e3o e pr\u00e1ticas guiadas de autoconhecimento em quatro webconfer\u00eancias. Momento Cultural: todos os dias, das 18h \u00e0s 18h30, muito entretenimento e cultura para relaxar e se divertir.<\/p>\n\n\n\n<p class=\"texto-justificado\">O evento tamb\u00e9m conta com tr\u00eas novidades. <a href=\"https:\/\/unifsa.com.br\/site\/momento-papo-cabeca-promove-debate-com-quatro-vozes-femininas-da-literatura-brasileira\/\">Papo-Cabe\u00e7a<\/a>: todos os dias, uma conversa franca e descontra\u00edda com quatro escritoras brasileiras sobre suas respectivas obras. <a href=\"https:\/\/unifsa.com.br\/site\/3o-dia-da-xix-semana-cientifica-tem-destaque-de-projetos-sociais-unifsa-no-momento-conexao-comunitaria\/\">Momento Conex\u00e3o Comunit\u00e1ria<\/a>: manh\u00e3 do terceiro dia de evento conta com uma manh\u00e3 recheada de relatos e experi\u00eancias sobre projetos de extens\u00e3o voltados para projetos sociais desenvolvidos por professores e alunos do (UNIFSA); <a href=\"https:\/\/unifsa.com.br\/site\/momento-educacao-conectada-destaca-potencial-de-ensino-a-distancia\/\">Momento Educa\u00e7\u00e3o Conectada<\/a>: momento que visa dar destaque e esclarecimentos sobre o potencial de aprendizado e conhecimento viabilizado pelas aulas no meio digital.<\/p>\n","protected":false},"excerpt":{"rendered":"<p>O Centro Universit\u00e1rio Santo Agostinho (UNIFSA) promove, nesta semana, a XIX SEMANA CIENT\u00cdFICA, de 17 a 20 de agosto, trazendo uma programa\u00e7\u00e3o com mais de 40 webconfer\u00eancias nas \u00e1reas de humanas, sa\u00fade e exatas, ministradas por palestrantes de grande relev\u00e2ncia local e nacional. A Sec 21 acontece totalmente online pela plataforma Blackboard\/UNIFSA, com certificado de<\/p>\n","protected":false},"author":9,"featured_media":8404,"comment_status":"closed","ping_status":"open","sticky":false,"template":"","format":"standard","meta":{"_acf_changed":false,"footnotes":""},"categories":[6],"tags":[],"class_list":["post-8394","post","type-post","status-publish","format-standard","has-post-thumbnail","hentry","category-acontece-na-unifsa"],"acf":[],"yoast_head":"<!-- This site is optimized with the Yoast SEO plugin v26.5 - https:\/\/yoast.com\/wordpress\/plugins\/seo\/ -->\n<title>XIX Semana Cient\u00edfica inicia nesta ter\u00e7a-feira, 17 - Centro Universit\u00e1rio Santo Agostinho - UNIFSA<\/title>\n<meta name=\"robots\" content=\"index, follow, max-snippet:-1, max-image-preview:large, max-video-preview:-1\" \/>\n<link rel=\"canonical\" href=\"https:\/\/unifsa.com.br\/site\/xix-semana-cientifica-inicia-nesta-terca-feira-17\/\" \/>\n<meta property=\"og:locale\" content=\"pt_BR\" \/>\n<meta property=\"og:type\" content=\"article\" \/>\n<meta property=\"og:title\" content=\"XIX Semana Cient\u00edfica inicia nesta ter\u00e7a-feira, 17 - Centro Universit\u00e1rio Santo Agostinho - UNIFSA\" \/>\n<meta property=\"og:description\" content=\"O Centro Universit\u00e1rio Santo Agostinho (UNIFSA) promove, nesta semana, a XIX SEMANA CIENT\u00cdFICA, de 17 a 20 de agosto, trazendo uma programa\u00e7\u00e3o com mais de 40 webconfer\u00eancias nas \u00e1reas de humanas, sa\u00fade e exatas, ministradas por palestrantes de grande relev\u00e2ncia local e nacional. A Sec 21 acontece totalmente online pela plataforma Blackboard\/UNIFSA, com certificado de\" \/>\n<meta property=\"og:url\" content=\"https:\/\/unifsa.com.br\/site\/xix-semana-cientifica-inicia-nesta-terca-feira-17\/\" \/>\n<meta property=\"og:site_name\" content=\"Centro Universit\u00e1rio Santo Agostinho - UNIFSA\" \/>\n<meta property=\"article:publisher\" content=\"https:\/\/www.facebook.com\/unifsa\/\" \/>\n<meta property=\"article:published_time\" content=\"2021-08-15T13:01:00+00:00\" \/>\n<meta property=\"article:modified_time\" content=\"2021-08-17T11:54:30+00:00\" \/>\n<meta property=\"og:image\" content=\"https:\/\/unifsa.com.br\/site\/wp-content\/uploads\/2021\/08\/WhatsApp-Image-2021-08-16-at-16.46.36.jpeg\" \/>\n\t<meta property=\"og:image:width\" content=\"1277\" \/>\n\t<meta property=\"og:image:height\" content=\"1007\" \/>\n\t<meta property=\"og:image:type\" content=\"image\/jpeg\" \/>\n<meta name=\"author\" content=\"La\u00eds Maria Matos Barradas\" \/>\n<meta name=\"twitter:card\" content=\"summary_large_image\" \/>\n<meta name=\"twitter:label1\" content=\"Escrito por\" \/>\n\t<meta name=\"twitter:data1\" content=\"La\u00eds Maria Matos Barradas\" \/>\n\t<meta name=\"twitter:label2\" content=\"Est. tempo de leitura\" \/>\n\t<meta name=\"twitter:data2\" content=\"2 minutos\" \/>\n<script type=\"application\/ld+json\" class=\"yoast-schema-graph\">{\"@context\":\"https:\/\/schema.org\",\"@graph\":[{\"@type\":\"Article\",\"@id\":\"https:\/\/unifsa.com.br\/site\/xix-semana-cientifica-inicia-nesta-terca-feira-17\/#article\",\"isPartOf\":{\"@id\":\"https:\/\/unifsa.com.br\/site\/xix-semana-cientifica-inicia-nesta-terca-feira-17\/\"},\"author\":{\"name\":\"La\u00eds Maria Matos Barradas\",\"@id\":\"https:\/\/unifsa.com.br\/site\/#\/schema\/person\/415c79d344f0e698644c1d29997b4ea8\"},\"headline\":\"XIX Semana Cient\u00edfica inicia nesta ter\u00e7a-feira, 17\",\"datePublished\":\"2021-08-15T13:01:00+00:00\",\"dateModified\":\"2021-08-17T11:54:30+00:00\",\"mainEntityOfPage\":{\"@id\":\"https:\/\/unifsa.com.br\/site\/xix-semana-cientifica-inicia-nesta-terca-feira-17\/\"},\"wordCount\":372,\"publisher\":{\"@id\":\"https:\/\/unifsa.com.br\/site\/#organization\"},\"image\":{\"@id\":\"https:\/\/unifsa.com.br\/site\/xix-semana-cientifica-inicia-nesta-terca-feira-17\/#primaryimage\"},\"thumbnailUrl\":\"https:\/\/unifsa.com.br\/site\/wp-content\/uploads\/2021\/08\/WhatsApp-Image-2021-08-16-at-16.46.36.jpeg\",\"articleSection\":[\"Acontece na UNIFSA\"],\"inLanguage\":\"pt-BR\"},{\"@type\":\"WebPage\",\"@id\":\"https:\/\/unifsa.com.br\/site\/xix-semana-cientifica-inicia-nesta-terca-feira-17\/\",\"url\":\"https:\/\/unifsa.com.br\/site\/xix-semana-cientifica-inicia-nesta-terca-feira-17\/\",\"name\":\"XIX Semana Cient\u00edfica inicia nesta ter\u00e7a-feira, 17 - Centro Universit\u00e1rio Santo Agostinho - UNIFSA\",\"isPartOf\":{\"@id\":\"https:\/\/unifsa.com.br\/site\/#website\"},\"primaryImageOfPage\":{\"@id\":\"https:\/\/unifsa.com.br\/site\/xix-semana-cientifica-inicia-nesta-terca-feira-17\/#primaryimage\"},\"image\":{\"@id\":\"https:\/\/unifsa.com.br\/site\/xix-semana-cientifica-inicia-nesta-terca-feira-17\/#primaryimage\"},\"thumbnailUrl\":\"https:\/\/unifsa.com.br\/site\/wp-content\/uploads\/2021\/08\/WhatsApp-Image-2021-08-16-at-16.46.36.jpeg\",\"datePublished\":\"2021-08-15T13:01:00+00:00\",\"dateModified\":\"2021-08-17T11:54:30+00:00\",\"breadcrumb\":{\"@id\":\"https:\/\/unifsa.com.br\/site\/xix-semana-cientifica-inicia-nesta-terca-feira-17\/#breadcrumb\"},\"inLanguage\":\"pt-BR\",\"potentialAction\":[{\"@type\":\"ReadAction\",\"target\":[\"https:\/\/unifsa.com.br\/site\/xix-semana-cientifica-inicia-nesta-terca-feira-17\/\"]}]},{\"@type\":\"ImageObject\",\"inLanguage\":\"pt-BR\",\"@id\":\"https:\/\/unifsa.com.br\/site\/xix-semana-cientifica-inicia-nesta-terca-feira-17\/#primaryimage\",\"url\":\"https:\/\/unifsa.com.br\/site\/wp-content\/uploads\/2021\/08\/WhatsApp-Image-2021-08-16-at-16.46.36.jpeg\",\"contentUrl\":\"https:\/\/unifsa.com.br\/site\/wp-content\/uploads\/2021\/08\/WhatsApp-Image-2021-08-16-at-16.46.36.jpeg\",\"width\":1277,\"height\":1007},{\"@type\":\"BreadcrumbList\",\"@id\":\"https:\/\/unifsa.com.br\/site\/xix-semana-cientifica-inicia-nesta-terca-feira-17\/#breadcrumb\",\"itemListElement\":[{\"@type\":\"ListItem\",\"position\":1,\"name\":\"In\u00edcio\",\"item\":\"https:\/\/unifsa.com.br\/site\/\"},{\"@type\":\"ListItem\",\"position\":2,\"name\":\"XIX Semana Cient\u00edfica inicia nesta ter\u00e7a-feira, 17\"}]},{\"@type\":\"WebSite\",\"@id\":\"https:\/\/unifsa.com.br\/site\/#website\",\"url\":\"https:\/\/unifsa.com.br\/site\/\",\"name\":\"Centro Universit\u00e1rio Santo Agostinho - UNIFSA\",\"description\":\"Conhecimento para toda a vida\",\"publisher\":{\"@id\":\"https:\/\/unifsa.com.br\/site\/#organization\"},\"potentialAction\":[{\"@type\":\"SearchAction\",\"target\":{\"@type\":\"EntryPoint\",\"urlTemplate\":\"https:\/\/unifsa.com.br\/site\/?s={search_term_string}\"},\"query-input\":{\"@type\":\"PropertyValueSpecification\",\"valueRequired\":true,\"valueName\":\"search_term_string\"}}],\"inLanguage\":\"pt-BR\"},{\"@type\":\"Organization\",\"@id\":\"https:\/\/unifsa.com.br\/site\/#organization\",\"name\":\"Centro Universit\u00e1rio Santo Agostinho - UNIFSA\",\"url\":\"https:\/\/unifsa.com.br\/site\/\",\"logo\":{\"@type\":\"ImageObject\",\"inLanguage\":\"pt-BR\",\"@id\":\"https:\/\/unifsa.com.br\/site\/#\/schema\/logo\/image\/\",\"url\":\"https:\/\/unifsa.com.br\/site\/wp-content\/uploads\/2023\/03\/MARCA-UNIFSA-CIC23-q2apjs1mt975cf1wl25b044coj90fwoiee1kya6800.png\",\"contentUrl\":\"https:\/\/unifsa.com.br\/site\/wp-content\/uploads\/2023\/03\/MARCA-UNIFSA-CIC23-q2apjs1mt975cf1wl25b044coj90fwoiee1kya6800.png\",\"width\":103,\"height\":100,\"caption\":\"Centro Universit\u00e1rio Santo Agostinho - UNIFSA\"},\"image\":{\"@id\":\"https:\/\/unifsa.com.br\/site\/#\/schema\/logo\/image\/\"},\"sameAs\":[\"https:\/\/www.facebook.com\/unifsa\/\",\"https:\/\/www.instagram.com\/unifsa\/\"]},{\"@type\":\"Person\",\"@id\":\"https:\/\/unifsa.com.br\/site\/#\/schema\/person\/415c79d344f0e698644c1d29997b4ea8\",\"name\":\"La\u00eds Maria Matos Barradas\",\"image\":{\"@type\":\"ImageObject\",\"inLanguage\":\"pt-BR\",\"@id\":\"https:\/\/unifsa.com.br\/site\/#\/schema\/person\/image\/\",\"url\":\"https:\/\/secure.gravatar.com\/avatar\/da15e6cd8e1aa267693a3720f1118763e970b03de2d998ee874f68b1f91042b8?s=96&d=mm&r=g\",\"contentUrl\":\"https:\/\/secure.gravatar.com\/avatar\/da15e6cd8e1aa267693a3720f1118763e970b03de2d998ee874f68b1f91042b8?s=96&d=mm&r=g\",\"caption\":\"La\u00eds Maria Matos Barradas\"},\"url\":\"https:\/\/unifsa.com.br\/site\/author\/laismbarradas\/\"}]}<\/script>\n<!-- \/ Yoast SEO plugin. -->","yoast_head_json":{"title":"XIX Semana Cient\u00edfica inicia nesta ter\u00e7a-feira, 17 - Centro Universit\u00e1rio Santo Agostinho - UNIFSA","robots":{"index":"index","follow":"follow","max-snippet":"max-snippet:-1","max-image-preview":"max-image-preview:large","max-video-preview":"max-video-preview:-1"},"canonical":"https:\/\/unifsa.com.br\/site\/xix-semana-cientifica-inicia-nesta-terca-feira-17\/","og_locale":"pt_BR","og_type":"article","og_title":"XIX Semana Cient\u00edfica inicia nesta ter\u00e7a-feira, 17 - Centro Universit\u00e1rio Santo Agostinho - UNIFSA","og_description":"O Centro Universit\u00e1rio Santo Agostinho (UNIFSA) promove, nesta semana, a XIX SEMANA CIENT\u00cdFICA, de 17 a 20 de agosto, trazendo uma programa\u00e7\u00e3o com mais de 40 webconfer\u00eancias nas \u00e1reas de humanas, sa\u00fade e exatas, ministradas por palestrantes de grande relev\u00e2ncia local e nacional. A Sec 21 acontece totalmente online pela plataforma Blackboard\/UNIFSA, com certificado de","og_url":"https:\/\/unifsa.com.br\/site\/xix-semana-cientifica-inicia-nesta-terca-feira-17\/","og_site_name":"Centro Universit\u00e1rio Santo Agostinho - UNIFSA","article_publisher":"https:\/\/www.facebook.com\/unifsa\/","article_published_time":"2021-08-15T13:01:00+00:00","article_modified_time":"2021-08-17T11:54:30+00:00","og_image":[{"width":1277,"height":1007,"url":"https:\/\/unifsa.com.br\/site\/wp-content\/uploads\/2021\/08\/WhatsApp-Image-2021-08-16-at-16.46.36.jpeg","type":"image\/jpeg"}],"author":"La\u00eds Maria Matos Barradas","twitter_card":"summary_large_image","twitter_misc":{"Escrito por":"La\u00eds Maria Matos Barradas","Est. tempo de leitura":"2 minutos"},"schema":{"@context":"https:\/\/schema.org","@graph":[{"@type":"Article","@id":"https:\/\/unifsa.com.br\/site\/xix-semana-cientifica-inicia-nesta-terca-feira-17\/#article","isPartOf":{"@id":"https:\/\/unifsa.com.br\/site\/xix-semana-cientifica-inicia-nesta-terca-feira-17\/"},"author":{"name":"La\u00eds Maria Matos Barradas","@id":"https:\/\/unifsa.com.br\/site\/#\/schema\/person\/415c79d344f0e698644c1d29997b4ea8"},"headline":"XIX Semana Cient\u00edfica inicia nesta ter\u00e7a-feira, 17","datePublished":"2021-08-15T13:01:00+00:00","dateModified":"2021-08-17T11:54:30+00:00","mainEntityOfPage":{"@id":"https:\/\/unifsa.com.br\/site\/xix-semana-cientifica-inicia-nesta-terca-feira-17\/"},"wordCount":372,"publisher":{"@id":"https:\/\/unifsa.com.br\/site\/#organization"},"image":{"@id":"https:\/\/unifsa.com.br\/site\/xix-semana-cientifica-inicia-nesta-terca-feira-17\/#primaryimage"},"thumbnailUrl":"https:\/\/unifsa.com.br\/site\/wp-content\/uploads\/2021\/08\/WhatsApp-Image-2021-08-16-at-16.46.36.jpeg","articleSection":["Acontece na UNIFSA"],"inLanguage":"pt-BR"},{"@type":"WebPage","@id":"https:\/\/unifsa.com.br\/site\/xix-semana-cientifica-inicia-nesta-terca-feira-17\/","url":"https:\/\/unifsa.com.br\/site\/xix-semana-cientifica-inicia-nesta-terca-feira-17\/","name":"XIX Semana Cient\u00edfica inicia nesta ter\u00e7a-feira, 17 - Centro Universit\u00e1rio Santo Agostinho - UNIFSA","isPartOf":{"@id":"https:\/\/unifsa.com.br\/site\/#website"},"primaryImageOfPage":{"@id":"https:\/\/unifsa.com.br\/site\/xix-semana-cientifica-inicia-nesta-terca-feira-17\/#primaryimage"},"image":{"@id":"https:\/\/unifsa.com.br\/site\/xix-semana-cientifica-inicia-nesta-terca-feira-17\/#primaryimage"},"thumbnailUrl":"https:\/\/unifsa.com.br\/site\/wp-content\/uploads\/2021\/08\/WhatsApp-Image-2021-08-16-at-16.46.36.jpeg","datePublished":"2021-08-15T13:01:00+00:00","dateModified":"2021-08-17T11:54:30+00:00","breadcrumb":{"@id":"https:\/\/unifsa.com.br\/site\/xix-semana-cientifica-inicia-nesta-terca-feira-17\/#breadcrumb"},"inLanguage":"pt-BR","potentialAction":[{"@type":"ReadAction","target":["https:\/\/unifsa.com.br\/site\/xix-semana-cientifica-inicia-nesta-terca-feira-17\/"]}]},{"@type":"ImageObject","inLanguage":"pt-BR","@id":"https:\/\/unifsa.com.br\/site\/xix-semana-cientifica-inicia-nesta-terca-feira-17\/#primaryimage","url":"https:\/\/unifsa.com.br\/site\/wp-content\/uploads\/2021\/08\/WhatsApp-Image-2021-08-16-at-16.46.36.jpeg","contentUrl":"https:\/\/unifsa.com.br\/site\/wp-content\/uploads\/2021\/08\/WhatsApp-Image-2021-08-16-at-16.46.36.jpeg","width":1277,"height":1007},{"@type":"BreadcrumbList","@id":"https:\/\/unifsa.com.br\/site\/xix-semana-cientifica-inicia-nesta-terca-feira-17\/#breadcrumb","itemListElement":[{"@type":"ListItem","position":1,"name":"In\u00edcio","item":"https:\/\/unifsa.com.br\/site\/"},{"@type":"ListItem","position":2,"name":"XIX Semana Cient\u00edfica inicia nesta ter\u00e7a-feira, 17"}]},{"@type":"WebSite","@id":"https:\/\/unifsa.com.br\/site\/#website","url":"https:\/\/unifsa.com.br\/site\/","name":"Centro Universit\u00e1rio Santo Agostinho - UNIFSA","description":"Conhecimento para toda a vida","publisher":{"@id":"https:\/\/unifsa.com.br\/site\/#organization"},"potentialAction":[{"@type":"SearchAction","target":{"@type":"EntryPoint","urlTemplate":"https:\/\/unifsa.com.br\/site\/?s={search_term_string}"},"query-input":{"@type":"PropertyValueSpecification","valueRequired":true,"valueName":"search_term_string"}}],"inLanguage":"pt-BR"},{"@type":"Organization","@id":"https:\/\/unifsa.com.br\/site\/#organization","name":"Centro Universit\u00e1rio Santo Agostinho - UNIFSA","url":"https:\/\/unifsa.com.br\/site\/","logo":{"@type":"ImageObject","inLanguage":"pt-BR","@id":"https:\/\/unifsa.com.br\/site\/#\/schema\/logo\/image\/","url":"https:\/\/unifsa.com.br\/site\/wp-content\/uploads\/2023\/03\/MARCA-UNIFSA-CIC23-q2apjs1mt975cf1wl25b044coj90fwoiee1kya6800.png","contentUrl":"https:\/\/unifsa.com.br\/site\/wp-content\/uploads\/2023\/03\/MARCA-UNIFSA-CIC23-q2apjs1mt975cf1wl25b044coj90fwoiee1kya6800.png","width":103,"height":100,"caption":"Centro Universit\u00e1rio Santo Agostinho - UNIFSA"},"image":{"@id":"https:\/\/unifsa.com.br\/site\/#\/schema\/logo\/image\/"},"sameAs":["https:\/\/www.facebook.com\/unifsa\/","https:\/\/www.instagram.com\/unifsa\/"]},{"@type":"Person","@id":"https:\/\/unifsa.com.br\/site\/#\/schema\/person\/415c79d344f0e698644c1d29997b4ea8","name":"La\u00eds Maria Matos Barradas","image":{"@type":"ImageObject","inLanguage":"pt-BR","@id":"https:\/\/unifsa.com.br\/site\/#\/schema\/person\/image\/","url":"https:\/\/secure.gravatar.com\/avatar\/da15e6cd8e1aa267693a3720f1118763e970b03de2d998ee874f68b1f91042b8?s=96&d=mm&r=g","contentUrl":"https:\/\/secure.gravatar.com\/avatar\/da15e6cd8e1aa267693a3720f1118763e970b03de2d998ee874f68b1f91042b8?s=96&d=mm&r=g","caption":"La\u00eds Maria Matos Barradas"},"url":"https:\/\/unifsa.com.br\/site\/author\/laismbarradas\/"}]}},"_links":{"self":[{"href":"https:\/\/unifsa.com.br\/site\/wp-json\/wp\/v2\/posts\/8394","targetHints":{"allow":["GET"]}}],"collection":[{"href":"https:\/\/unifsa.com.br\/site\/wp-json\/wp\/v2\/posts"}],"about":[{"href":"https:\/\/unifsa.com.br\/site\/wp-json\/wp\/v2\/types\/post"}],"author":[{"embeddable":true,"href":"https:\/\/unifsa.com.br\/site\/wp-json\/wp\/v2\/users\/9"}],"replies":[{"embeddable":true,"href":"https:\/\/unifsa.com.br\/site\/wp-json\/wp\/v2\/comments?post=8394"}],"version-history":[{"count":2,"href":"https:\/\/unifsa.com.br\/site\/wp-json\/wp\/v2\/posts\/8394\/revisions"}],"predecessor-version":[{"id":8397,"href":"https:\/\/unifsa.com.br\/site\/wp-json\/wp\/v2\/posts\/8394\/revisions\/8397"}],"wp:featuredmedia":[{"embeddable":true,"href":"https:\/\/unifsa.com.br\/site\/wp-json\/wp\/v2\/media\/8404"}],"wp:attachment":[{"href":"https:\/\/unifsa.com.br\/site\/wp-json\/wp\/v2\/media?parent=8394"}],"wp:term":[{"taxonomy":"category","embeddable":true,"href":"https:\/\/unifsa.com.br\/site\/wp-json\/wp\/v2\/categories?post=8394"},{"taxonomy":"post_tag","embeddable":true,"href":"https:\/\/unifsa.com.br\/site\/wp-json\/wp\/v2\/tags?post=8394"}],"curies":[{"name":"wp","href":"https:\/\/api.w.org\/{rel}","templated":true}]}}