{"id":8227,"date":"2021-08-06T10:10:14","date_gmt":"2021-08-06T13:10:14","guid":{"rendered":"https:\/\/unifsa.com.br\/site\/?p=8227"},"modified":"2021-08-06T10:14:21","modified_gmt":"2021-08-06T13:14:21","slug":"edital-aberto-para-contratacao-de-professora-de-fisioterapia","status":"publish","type":"post","link":"https:\/\/unifsa.com.br\/site\/edital-aberto-para-contratacao-de-professora-de-fisioterapia\/","title":{"rendered":"Edital aberto para contrata\u00e7\u00e3o de Professor(a) de Fisioterapia"},"content":{"rendered":"\n<p class=\"texto-justificado\">A Reitora do Centro Universit\u00e1rio Santo Agostinho \u2013 UNIFSA torna p\u00fablico aos interessados que est\u00e3o abertas as inscri\u00e7\u00f5es, at\u00e9 9 de agosto, para sele\u00e7\u00e3o e contrata\u00e7\u00e3o de PROFESSOR(A) de Fisioterapia (1 vaga), com t\u00edtulo de Doutor ou Mestre em Sa\u00fade, para as disciplinas de Fisioterapia Aplicada \u00e0 Cardiologia, Fisioterapia Aplicada \u00e0 Pneumologia e Fisioterapia em U.T.I.<\/p>\n\n\n\n<div class=\"wp-block-button\"><a class=\"wp-block-button__link has-background has-vivid-cyan-blue-background-color\" href=\"https:\/\/unifsa.com.br\/site\/wp-content\/uploads\/2021\/08\/Edital-de-sele\u00e7\u00e3o-docentes-014.2021-Fisioterapia.pdf\">Confira aqui o edital!<\/a><\/div>\n","protected":false},"excerpt":{"rendered":"<p>A Reitora do Centro Universit\u00e1rio Santo Agostinho \u2013 UNIFSA torna p\u00fablico aos interessados que est\u00e3o abertas as inscri\u00e7\u00f5es, at\u00e9 9 de agosto, para sele\u00e7\u00e3o e contrata\u00e7\u00e3o de PROFESSOR(A) de Fisioterapia (1 vaga), com t\u00edtulo de Doutor ou Mestre em Sa\u00fade, para as disciplinas de Fisioterapia Aplicada \u00e0 Cardiologia, Fisioterapia Aplicada \u00e0 Pneumologia e Fisioterapia em<\/p>\n","protected":false},"author":9,"featured_media":8228,"comment_status":"closed","ping_status":"open","sticky":false,"template":"","format":"standard","meta":{"_acf_changed":false,"footnotes":""},"categories":[6,61],"tags":[201,149],"class_list":["post-8227","post","type-post","status-publish","format-standard","has-post-thumbnail","hentry","category-acontece-na-unifsa","category-fisioterapia","tag-edital","tag-fisioterapia"],"acf":[],"yoast_head":"<!-- This site is optimized with the Yoast SEO plugin v26.5 - https:\/\/yoast.com\/wordpress\/plugins\/seo\/ -->\n<title>Edital aberto para contrata\u00e7\u00e3o de Professor(a) de Fisioterapia - Centro Universit\u00e1rio Santo Agostinho - UNIFSA<\/title>\n<meta name=\"robots\" content=\"index, follow, max-snippet:-1, max-image-preview:large, max-video-preview:-1\" \/>\n<link rel=\"canonical\" href=\"https:\/\/unifsa.com.br\/site\/edital-aberto-para-contratacao-de-professora-de-fisioterapia\/\" \/>\n<meta property=\"og:locale\" content=\"pt_BR\" \/>\n<meta property=\"og:type\" content=\"article\" \/>\n<meta property=\"og:title\" content=\"Edital aberto para contrata\u00e7\u00e3o de Professor(a) de Fisioterapia - Centro Universit\u00e1rio Santo Agostinho - UNIFSA\" \/>\n<meta property=\"og:description\" content=\"A Reitora do Centro Universit\u00e1rio Santo Agostinho \u2013 UNIFSA torna p\u00fablico aos interessados que est\u00e3o abertas as inscri\u00e7\u00f5es, at\u00e9 9 de agosto, para sele\u00e7\u00e3o e contrata\u00e7\u00e3o de PROFESSOR(A) de Fisioterapia (1 vaga), com t\u00edtulo de Doutor ou Mestre em Sa\u00fade, para as disciplinas de Fisioterapia Aplicada \u00e0 Cardiologia, Fisioterapia Aplicada \u00e0 Pneumologia e Fisioterapia em\" \/>\n<meta property=\"og:url\" content=\"https:\/\/unifsa.com.br\/site\/edital-aberto-para-contratacao-de-professora-de-fisioterapia\/\" \/>\n<meta property=\"og:site_name\" content=\"Centro Universit\u00e1rio Santo Agostinho - UNIFSA\" \/>\n<meta property=\"article:publisher\" content=\"https:\/\/www.facebook.com\/unifsa\/\" \/>\n<meta property=\"article:published_time\" content=\"2021-08-06T13:10:14+00:00\" \/>\n<meta property=\"article:modified_time\" content=\"2021-08-06T13:14:21+00:00\" \/>\n<meta property=\"og:image\" content=\"https:\/\/unifsa.com.br\/site\/wp-content\/uploads\/2021\/08\/ed_FISIO_site.jpg\" \/>\n\t<meta property=\"og:image:width\" content=\"1010\" \/>\n\t<meta property=\"og:image:height\" content=\"431\" \/>\n\t<meta property=\"og:image:type\" content=\"image\/jpeg\" \/>\n<meta name=\"author\" content=\"La\u00eds Maria Matos Barradas\" \/>\n<meta name=\"twitter:card\" content=\"summary_large_image\" \/>\n<meta name=\"twitter:label1\" content=\"Escrito por\" \/>\n\t<meta name=\"twitter:data1\" content=\"La\u00eds Maria Matos Barradas\" \/>\n<script type=\"application\/ld+json\" class=\"yoast-schema-graph\">{\"@context\":\"https:\/\/schema.org\",\"@graph\":[{\"@type\":\"Article\",\"@id\":\"https:\/\/unifsa.com.br\/site\/edital-aberto-para-contratacao-de-professora-de-fisioterapia\/#article\",\"isPartOf\":{\"@id\":\"https:\/\/unifsa.com.br\/site\/edital-aberto-para-contratacao-de-professora-de-fisioterapia\/\"},\"author\":{\"name\":\"La\u00eds Maria Matos Barradas\",\"@id\":\"https:\/\/unifsa.com.br\/site\/#\/schema\/person\/415c79d344f0e698644c1d29997b4ea8\"},\"headline\":\"Edital aberto para contrata\u00e7\u00e3o de Professor(a) de Fisioterapia\",\"datePublished\":\"2021-08-06T13:10:14+00:00\",\"dateModified\":\"2021-08-06T13:14:21+00:00\",\"mainEntityOfPage\":{\"@id\":\"https:\/\/unifsa.com.br\/site\/edital-aberto-para-contratacao-de-professora-de-fisioterapia\/\"},\"wordCount\":76,\"publisher\":{\"@id\":\"https:\/\/unifsa.com.br\/site\/#organization\"},\"image\":{\"@id\":\"https:\/\/unifsa.com.br\/site\/edital-aberto-para-contratacao-de-professora-de-fisioterapia\/#primaryimage\"},\"thumbnailUrl\":\"https:\/\/unifsa.com.br\/site\/wp-content\/uploads\/2021\/08\/ed_FISIO_site.jpg\",\"keywords\":[\"Edital\",\"Fisioterapia\"],\"articleSection\":[\"Acontece na UNIFSA\",\"Fisioterapia\"],\"inLanguage\":\"pt-BR\"},{\"@type\":\"WebPage\",\"@id\":\"https:\/\/unifsa.com.br\/site\/edital-aberto-para-contratacao-de-professora-de-fisioterapia\/\",\"url\":\"https:\/\/unifsa.com.br\/site\/edital-aberto-para-contratacao-de-professora-de-fisioterapia\/\",\"name\":\"Edital aberto para contrata\u00e7\u00e3o de Professor(a) de Fisioterapia - Centro Universit\u00e1rio Santo Agostinho - UNIFSA\",\"isPartOf\":{\"@id\":\"https:\/\/unifsa.com.br\/site\/#website\"},\"primaryImageOfPage\":{\"@id\":\"https:\/\/unifsa.com.br\/site\/edital-aberto-para-contratacao-de-professora-de-fisioterapia\/#primaryimage\"},\"image\":{\"@id\":\"https:\/\/unifsa.com.br\/site\/edital-aberto-para-contratacao-de-professora-de-fisioterapia\/#primaryimage\"},\"thumbnailUrl\":\"https:\/\/unifsa.com.br\/site\/wp-content\/uploads\/2021\/08\/ed_FISIO_site.jpg\",\"datePublished\":\"2021-08-06T13:10:14+00:00\",\"dateModified\":\"2021-08-06T13:14:21+00:00\",\"breadcrumb\":{\"@id\":\"https:\/\/unifsa.com.br\/site\/edital-aberto-para-contratacao-de-professora-de-fisioterapia\/#breadcrumb\"},\"inLanguage\":\"pt-BR\",\"potentialAction\":[{\"@type\":\"ReadAction\",\"target\":[\"https:\/\/unifsa.com.br\/site\/edital-aberto-para-contratacao-de-professora-de-fisioterapia\/\"]}]},{\"@type\":\"ImageObject\",\"inLanguage\":\"pt-BR\",\"@id\":\"https:\/\/unifsa.com.br\/site\/edital-aberto-para-contratacao-de-professora-de-fisioterapia\/#primaryimage\",\"url\":\"https:\/\/unifsa.com.br\/site\/wp-content\/uploads\/2021\/08\/ed_FISIO_site.jpg\",\"contentUrl\":\"https:\/\/unifsa.com.br\/site\/wp-content\/uploads\/2021\/08\/ed_FISIO_site.jpg\",\"width\":1010,\"height\":431},{\"@type\":\"BreadcrumbList\",\"@id\":\"https:\/\/unifsa.com.br\/site\/edital-aberto-para-contratacao-de-professora-de-fisioterapia\/#breadcrumb\",\"itemListElement\":[{\"@type\":\"ListItem\",\"position\":1,\"name\":\"In\u00edcio\",\"item\":\"https:\/\/unifsa.com.br\/site\/\"},{\"@type\":\"ListItem\",\"position\":2,\"name\":\"Edital aberto para contrata\u00e7\u00e3o de Professor(a) de Fisioterapia\"}]},{\"@type\":\"WebSite\",\"@id\":\"https:\/\/unifsa.com.br\/site\/#website\",\"url\":\"https:\/\/unifsa.com.br\/site\/\",\"name\":\"Centro Universit\u00e1rio Santo Agostinho - UNIFSA\",\"description\":\"Conhecimento para toda a vida\",\"publisher\":{\"@id\":\"https:\/\/unifsa.com.br\/site\/#organization\"},\"potentialAction\":[{\"@type\":\"SearchAction\",\"target\":{\"@type\":\"EntryPoint\",\"urlTemplate\":\"https:\/\/unifsa.com.br\/site\/?s={search_term_string}\"},\"query-input\":{\"@type\":\"PropertyValueSpecification\",\"valueRequired\":true,\"valueName\":\"search_term_string\"}}],\"inLanguage\":\"pt-BR\"},{\"@type\":\"Organization\",\"@id\":\"https:\/\/unifsa.com.br\/site\/#organization\",\"name\":\"Centro Universit\u00e1rio Santo Agostinho - UNIFSA\",\"url\":\"https:\/\/unifsa.com.br\/site\/\",\"logo\":{\"@type\":\"ImageObject\",\"inLanguage\":\"pt-BR\",\"@id\":\"https:\/\/unifsa.com.br\/site\/#\/schema\/logo\/image\/\",\"url\":\"https:\/\/unifsa.com.br\/site\/wp-content\/uploads\/2023\/03\/MARCA-UNIFSA-CIC23-q2apjs1mt975cf1wl25b044coj90fwoiee1kya6800.png\",\"contentUrl\":\"https:\/\/unifsa.com.br\/site\/wp-content\/uploads\/2023\/03\/MARCA-UNIFSA-CIC23-q2apjs1mt975cf1wl25b044coj90fwoiee1kya6800.png\",\"width\":103,\"height\":100,\"caption\":\"Centro Universit\u00e1rio Santo Agostinho - UNIFSA\"},\"image\":{\"@id\":\"https:\/\/unifsa.com.br\/site\/#\/schema\/logo\/image\/\"},\"sameAs\":[\"https:\/\/www.facebook.com\/unifsa\/\",\"https:\/\/www.instagram.com\/unifsa\/\"]},{\"@type\":\"Person\",\"@id\":\"https:\/\/unifsa.com.br\/site\/#\/schema\/person\/415c79d344f0e698644c1d29997b4ea8\",\"name\":\"La\u00eds Maria Matos Barradas\",\"image\":{\"@type\":\"ImageObject\",\"inLanguage\":\"pt-BR\",\"@id\":\"https:\/\/unifsa.com.br\/site\/#\/schema\/person\/image\/\",\"url\":\"https:\/\/secure.gravatar.com\/avatar\/da15e6cd8e1aa267693a3720f1118763e970b03de2d998ee874f68b1f91042b8?s=96&d=mm&r=g\",\"contentUrl\":\"https:\/\/secure.gravatar.com\/avatar\/da15e6cd8e1aa267693a3720f1118763e970b03de2d998ee874f68b1f91042b8?s=96&d=mm&r=g\",\"caption\":\"La\u00eds Maria Matos Barradas\"},\"url\":\"https:\/\/unifsa.com.br\/site\/author\/laismbarradas\/\"}]}<\/script>\n<!-- \/ Yoast SEO plugin. -->","yoast_head_json":{"title":"Edital aberto para contrata\u00e7\u00e3o de Professor(a) de Fisioterapia - Centro Universit\u00e1rio Santo Agostinho - UNIFSA","robots":{"index":"index","follow":"follow","max-snippet":"max-snippet:-1","max-image-preview":"max-image-preview:large","max-video-preview":"max-video-preview:-1"},"canonical":"https:\/\/unifsa.com.br\/site\/edital-aberto-para-contratacao-de-professora-de-fisioterapia\/","og_locale":"pt_BR","og_type":"article","og_title":"Edital aberto para contrata\u00e7\u00e3o de Professor(a) de Fisioterapia - Centro Universit\u00e1rio Santo Agostinho - UNIFSA","og_description":"A Reitora do Centro Universit\u00e1rio Santo Agostinho \u2013 UNIFSA torna p\u00fablico aos interessados que est\u00e3o abertas as inscri\u00e7\u00f5es, at\u00e9 9 de agosto, para sele\u00e7\u00e3o e contrata\u00e7\u00e3o de PROFESSOR(A) de Fisioterapia (1 vaga), com t\u00edtulo de Doutor ou Mestre em Sa\u00fade, para as disciplinas de Fisioterapia Aplicada \u00e0 Cardiologia, Fisioterapia Aplicada \u00e0 Pneumologia e Fisioterapia em","og_url":"https:\/\/unifsa.com.br\/site\/edital-aberto-para-contratacao-de-professora-de-fisioterapia\/","og_site_name":"Centro Universit\u00e1rio Santo Agostinho - UNIFSA","article_publisher":"https:\/\/www.facebook.com\/unifsa\/","article_published_time":"2021-08-06T13:10:14+00:00","article_modified_time":"2021-08-06T13:14:21+00:00","og_image":[{"width":1010,"height":431,"url":"https:\/\/unifsa.com.br\/site\/wp-content\/uploads\/2021\/08\/ed_FISIO_site.jpg","type":"image\/jpeg"}],"author":"La\u00eds Maria Matos Barradas","twitter_card":"summary_large_image","twitter_misc":{"Escrito por":"La\u00eds Maria Matos Barradas"},"schema":{"@context":"https:\/\/schema.org","@graph":[{"@type":"Article","@id":"https:\/\/unifsa.com.br\/site\/edital-aberto-para-contratacao-de-professora-de-fisioterapia\/#article","isPartOf":{"@id":"https:\/\/unifsa.com.br\/site\/edital-aberto-para-contratacao-de-professora-de-fisioterapia\/"},"author":{"name":"La\u00eds Maria Matos Barradas","@id":"https:\/\/unifsa.com.br\/site\/#\/schema\/person\/415c79d344f0e698644c1d29997b4ea8"},"headline":"Edital aberto para contrata\u00e7\u00e3o de Professor(a) de Fisioterapia","datePublished":"2021-08-06T13:10:14+00:00","dateModified":"2021-08-06T13:14:21+00:00","mainEntityOfPage":{"@id":"https:\/\/unifsa.com.br\/site\/edital-aberto-para-contratacao-de-professora-de-fisioterapia\/"},"wordCount":76,"publisher":{"@id":"https:\/\/unifsa.com.br\/site\/#organization"},"image":{"@id":"https:\/\/unifsa.com.br\/site\/edital-aberto-para-contratacao-de-professora-de-fisioterapia\/#primaryimage"},"thumbnailUrl":"https:\/\/unifsa.com.br\/site\/wp-content\/uploads\/2021\/08\/ed_FISIO_site.jpg","keywords":["Edital","Fisioterapia"],"articleSection":["Acontece na UNIFSA","Fisioterapia"],"inLanguage":"pt-BR"},{"@type":"WebPage","@id":"https:\/\/unifsa.com.br\/site\/edital-aberto-para-contratacao-de-professora-de-fisioterapia\/","url":"https:\/\/unifsa.com.br\/site\/edital-aberto-para-contratacao-de-professora-de-fisioterapia\/","name":"Edital aberto para contrata\u00e7\u00e3o de Professor(a) de Fisioterapia - Centro Universit\u00e1rio Santo Agostinho - UNIFSA","isPartOf":{"@id":"https:\/\/unifsa.com.br\/site\/#website"},"primaryImageOfPage":{"@id":"https:\/\/unifsa.com.br\/site\/edital-aberto-para-contratacao-de-professora-de-fisioterapia\/#primaryimage"},"image":{"@id":"https:\/\/unifsa.com.br\/site\/edital-aberto-para-contratacao-de-professora-de-fisioterapia\/#primaryimage"},"thumbnailUrl":"https:\/\/unifsa.com.br\/site\/wp-content\/uploads\/2021\/08\/ed_FISIO_site.jpg","datePublished":"2021-08-06T13:10:14+00:00","dateModified":"2021-08-06T13:14:21+00:00","breadcrumb":{"@id":"https:\/\/unifsa.com.br\/site\/edital-aberto-para-contratacao-de-professora-de-fisioterapia\/#breadcrumb"},"inLanguage":"pt-BR","potentialAction":[{"@type":"ReadAction","target":["https:\/\/unifsa.com.br\/site\/edital-aberto-para-contratacao-de-professora-de-fisioterapia\/"]}]},{"@type":"ImageObject","inLanguage":"pt-BR","@id":"https:\/\/unifsa.com.br\/site\/edital-aberto-para-contratacao-de-professora-de-fisioterapia\/#primaryimage","url":"https:\/\/unifsa.com.br\/site\/wp-content\/uploads\/2021\/08\/ed_FISIO_site.jpg","contentUrl":"https:\/\/unifsa.com.br\/site\/wp-content\/uploads\/2021\/08\/ed_FISIO_site.jpg","width":1010,"height":431},{"@type":"BreadcrumbList","@id":"https:\/\/unifsa.com.br\/site\/edital-aberto-para-contratacao-de-professora-de-fisioterapia\/#breadcrumb","itemListElement":[{"@type":"ListItem","position":1,"name":"In\u00edcio","item":"https:\/\/unifsa.com.br\/site\/"},{"@type":"ListItem","position":2,"name":"Edital aberto para contrata\u00e7\u00e3o de Professor(a) de Fisioterapia"}]},{"@type":"WebSite","@id":"https:\/\/unifsa.com.br\/site\/#website","url":"https:\/\/unifsa.com.br\/site\/","name":"Centro Universit\u00e1rio Santo Agostinho - UNIFSA","description":"Conhecimento para toda a vida","publisher":{"@id":"https:\/\/unifsa.com.br\/site\/#organization"},"potentialAction":[{"@type":"SearchAction","target":{"@type":"EntryPoint","urlTemplate":"https:\/\/unifsa.com.br\/site\/?s={search_term_string}"},"query-input":{"@type":"PropertyValueSpecification","valueRequired":true,"valueName":"search_term_string"}}],"inLanguage":"pt-BR"},{"@type":"Organization","@id":"https:\/\/unifsa.com.br\/site\/#organization","name":"Centro Universit\u00e1rio Santo Agostinho - UNIFSA","url":"https:\/\/unifsa.com.br\/site\/","logo":{"@type":"ImageObject","inLanguage":"pt-BR","@id":"https:\/\/unifsa.com.br\/site\/#\/schema\/logo\/image\/","url":"https:\/\/unifsa.com.br\/site\/wp-content\/uploads\/2023\/03\/MARCA-UNIFSA-CIC23-q2apjs1mt975cf1wl25b044coj90fwoiee1kya6800.png","contentUrl":"https:\/\/unifsa.com.br\/site\/wp-content\/uploads\/2023\/03\/MARCA-UNIFSA-CIC23-q2apjs1mt975cf1wl25b044coj90fwoiee1kya6800.png","width":103,"height":100,"caption":"Centro Universit\u00e1rio Santo Agostinho - UNIFSA"},"image":{"@id":"https:\/\/unifsa.com.br\/site\/#\/schema\/logo\/image\/"},"sameAs":["https:\/\/www.facebook.com\/unifsa\/","https:\/\/www.instagram.com\/unifsa\/"]},{"@type":"Person","@id":"https:\/\/unifsa.com.br\/site\/#\/schema\/person\/415c79d344f0e698644c1d29997b4ea8","name":"La\u00eds Maria Matos Barradas","image":{"@type":"ImageObject","inLanguage":"pt-BR","@id":"https:\/\/unifsa.com.br\/site\/#\/schema\/person\/image\/","url":"https:\/\/secure.gravatar.com\/avatar\/da15e6cd8e1aa267693a3720f1118763e970b03de2d998ee874f68b1f91042b8?s=96&d=mm&r=g","contentUrl":"https:\/\/secure.gravatar.com\/avatar\/da15e6cd8e1aa267693a3720f1118763e970b03de2d998ee874f68b1f91042b8?s=96&d=mm&r=g","caption":"La\u00eds Maria Matos Barradas"},"url":"https:\/\/unifsa.com.br\/site\/author\/laismbarradas\/"}]}},"_links":{"self":[{"href":"https:\/\/unifsa.com.br\/site\/wp-json\/wp\/v2\/posts\/8227","targetHints":{"allow":["GET"]}}],"collection":[{"href":"https:\/\/unifsa.com.br\/site\/wp-json\/wp\/v2\/posts"}],"about":[{"href":"https:\/\/unifsa.com.br\/site\/wp-json\/wp\/v2\/types\/post"}],"author":[{"embeddable":true,"href":"https:\/\/unifsa.com.br\/site\/wp-json\/wp\/v2\/users\/9"}],"replies":[{"embeddable":true,"href":"https:\/\/unifsa.com.br\/site\/wp-json\/wp\/v2\/comments?post=8227"}],"version-history":[{"count":2,"href":"https:\/\/unifsa.com.br\/site\/wp-json\/wp\/v2\/posts\/8227\/revisions"}],"predecessor-version":[{"id":8233,"href":"https:\/\/unifsa.com.br\/site\/wp-json\/wp\/v2\/posts\/8227\/revisions\/8233"}],"wp:featuredmedia":[{"embeddable":true,"href":"https:\/\/unifsa.com.br\/site\/wp-json\/wp\/v2\/media\/8228"}],"wp:attachment":[{"href":"https:\/\/unifsa.com.br\/site\/wp-json\/wp\/v2\/media?parent=8227"}],"wp:term":[{"taxonomy":"category","embeddable":true,"href":"https:\/\/unifsa.com.br\/site\/wp-json\/wp\/v2\/categories?post=8227"},{"taxonomy":"post_tag","embeddable":true,"href":"https:\/\/unifsa.com.br\/site\/wp-json\/wp\/v2\/tags?post=8227"}],"curies":[{"name":"wp","href":"https:\/\/api.w.org\/{rel}","templated":true}]}}