{"id":7581,"date":"2021-06-16T15:47:59","date_gmt":"2021-06-16T18:47:59","guid":{"rendered":"https:\/\/unifsa.com.br\/site\/?p=7581"},"modified":"2021-06-16T15:50:39","modified_gmt":"2021-06-16T18:50:39","slug":"estudantes-e-docente-da-unifsa-tem-artigos-aprovados-em-seminario-de-ciencias-criminais-e-literatura","status":"publish","type":"post","link":"https:\/\/unifsa.com.br\/site\/estudantes-e-docente-da-unifsa-tem-artigos-aprovados-em-seminario-de-ciencias-criminais-e-literatura\/","title":{"rendered":"Estudantes e docente da UNIFSA t\u00eam artigos aprovados em Semin\u00e1rio de Ci\u00eancias Criminais e Literatura"},"content":{"rendered":"\n<p class=\"texto-justificado\">A&nbsp;docente&nbsp;do Centro Acad\u00eamico Santo Agostinho&nbsp;Ros\u00e1lia Maria Carvalho Mour\u00e3o,&nbsp;professora de Direito e Literatura,&nbsp;e&nbsp;mais sete&nbsp;acad\u00eamicas de Direito&nbsp;tiveram&nbsp;seus&nbsp;artigos cient\u00edficos&nbsp;aprovados no&nbsp;1\u00ba Semin\u00e1rio de Ci\u00eancias Criminais e Literatura: Pensar as vozes silenciadas da PUCRS.&nbsp;O evento acontece online, de 12 a 16 de julho,&nbsp;e busca debater&nbsp;sobre as Ci\u00eancias Criminais e os m\u00faltiplos silenciamentos sociais sob a vis\u00e3o da literatura.&nbsp; <\/p>\n\n\n\n<div class=\"wp-block-image is-style-circle-mask\"><figure class=\"alignright size-large is-resized\"><img fetchpriority=\"high\" decoding=\"async\" src=\"https:\/\/unifsa.com.br\/site\/wp-content\/uploads\/2021\/06\/rosalia-2.jpeg\" alt=\"\" class=\"wp-image-7589\" width=\"284\" height=\"392\" srcset=\"https:\/\/unifsa.com.br\/site\/wp-content\/uploads\/2021\/06\/rosalia-2.jpeg 406w, https:\/\/unifsa.com.br\/site\/wp-content\/uploads\/2021\/06\/rosalia-2-217x300.jpeg 217w\" sizes=\"(max-width: 284px) 100vw, 284px\" \/><\/figure><\/div>\n\n\n\n<p class=\"texto-justificado\">Segundo a professora&nbsp;Ros\u00e1lia, \u00e9&nbsp;gratificante perceber que&nbsp;mesmo assistindo aula em casa, os alunos devem continuar&nbsp;motivados a se&nbsp;dedicando&nbsp;ao curso.&nbsp;&nbsp; <\/p>\n\n\n\n<blockquote class=\"wp-block-quote is-layout-flow wp-block-quote-is-layout-flow\"><p> \u201cA&nbsp;forma\u00e7\u00e3o acad\u00eamica n\u00e3o \u00e9 apenas assistir&nbsp;aula, \u00e9 tamb\u00e9m produzir conhecimento por meio de artigos cient\u00edficos&nbsp;e&nbsp;participar de eventos, mesmo que sejam online\u201d, destaca.&nbsp; <\/p><cite> Prof. Ros\u00e1lia Maria Carvalho Mour\u00e3o <\/cite><\/blockquote>\n\n\n\n<p class=\"texto-justificado\"> E foi essa motiva\u00e7\u00e3o em produzir conte\u00fados e em&nbsp;poder conhecer outras realidades por meio da leitura que as alunas&nbsp;Fl\u00e1via Rodrigues,&nbsp;Vit\u00f3ria Sarmento, do terceiro&nbsp;per\u00edodo, aceitaram&nbsp;o desafio de produzir um&nbsp;material&nbsp;cient\u00edfico para o Semin\u00e1rio.&nbsp; <\/p>\n\n\n\n<div class=\"wp-block-image is-style-circle-mask\"><figure class=\"alignleft size-large is-resized\"><img decoding=\"async\" src=\"https:\/\/unifsa.com.br\/site\/wp-content\/uploads\/2021\/06\/flavia.jpeg\" alt=\"\" class=\"wp-image-7591\" width=\"306\" height=\"442\" srcset=\"https:\/\/unifsa.com.br\/site\/wp-content\/uploads\/2021\/06\/flavia.jpeg 701w, https:\/\/unifsa.com.br\/site\/wp-content\/uploads\/2021\/06\/flavia-207x300.jpeg 207w\" sizes=\"(max-width: 306px) 100vw, 306px\" \/><\/figure><\/div>\n\n\n\n<blockquote class=\"wp-block-quote is-style-default is-layout-flow wp-block-quote-is-layout-flow\"><p> \u201cA&nbsp;ideia do artigo surgiu ainda no primeiro per\u00edodo, mas decidimos aguardar at\u00e9 termos mais contato com Direito Penal, que seria essencial para a aprova\u00e7\u00e3o do nosso artigo.&nbsp;O evento ent\u00e3o apareceu como uma&nbsp;oportunidade perfeita para colocar a ideia do artigo em pr\u00e1tica.&nbsp;Eu acredito que esses eventos s\u00e3o muito importantes para voc\u00ea olhar tanto para sociedade, como para o Direito, de forma cr\u00edtica\u201d, comentou a aluna.&nbsp; <\/p><cite> Fl\u00e1via Rodrigues &#8211; aluna 3\u00ba per\u00edodo de Direito UNIFSA <\/cite><\/blockquote>\n\n\n\n<p class=\"texto-justificado\"> Dos cinco artigos aprovados,&nbsp;um foi produzido por alunas&nbsp;do terceiro per\u00edodo,&nbsp;dois por acad\u00eamicas&nbsp;do&nbsp;oitavo per\u00edodo, um&nbsp;pela docente&nbsp;Ros\u00e1lia Mour\u00e3o e um pela&nbsp;aluna egressa da UNIFSA&nbsp;Sylviane&nbsp;Sousa,&nbsp;que atualmente faz&nbsp;a&nbsp;especializa\u00e7\u00e3o&nbsp;em&nbsp;Ci\u00eancias Criminais\/UNIFSA.&nbsp; <\/p>\n\n\n\n<div class=\"wp-block-image is-style-circle-mask\"><figure class=\"alignright size-large is-resized\"><img decoding=\"async\" src=\"https:\/\/unifsa.com.br\/site\/wp-content\/uploads\/2021\/06\/Sylviane-da-Silva-Sousa-Aluna-da-Especializa\u00e7\u00e3o-em-Ci\u00eancias-Criminais-no-UNIFSA-768x1024.jpeg\" alt=\"\" class=\"wp-image-7584\" width=\"277\" height=\"370\" srcset=\"https:\/\/unifsa.com.br\/site\/wp-content\/uploads\/2021\/06\/Sylviane-da-Silva-Sousa-Aluna-da-Especializa\u00e7\u00e3o-em-Ci\u00eancias-Criminais-no-UNIFSA-768x1024.jpeg 768w, https:\/\/unifsa.com.br\/site\/wp-content\/uploads\/2021\/06\/Sylviane-da-Silva-Sousa-Aluna-da-Especializa\u00e7\u00e3o-em-Ci\u00eancias-Criminais-no-UNIFSA-225x300.jpeg 225w, https:\/\/unifsa.com.br\/site\/wp-content\/uploads\/2021\/06\/Sylviane-da-Silva-Sousa-Aluna-da-Especializa\u00e7\u00e3o-em-Ci\u00eancias-Criminais-no-UNIFSA.jpeg 960w\" sizes=\"(max-width: 277px) 100vw, 277px\" \/><figcaption>   <\/figcaption><\/figure><\/div>\n\n\n\n<blockquote class=\"wp-block-quote is-layout-flow wp-block-quote-is-layout-flow\"><p>&#8220;Meu artigo&nbsp;tem&nbsp;como tema central a viol\u00eancia cometida contra a mulher quando ela ainda est\u00e1 no estado puerperal e \u00e9 baseado na obra liter\u00e1ria&nbsp;Aramides&nbsp;Floren\u00e7a.&nbsp;Apresentar esse artigo \u00e9 muito gratificante e importante para mim. Pois coloca esse tema em um local de destaque&nbsp;e proporciona&nbsp;uma visibilidade muito maior,&nbsp;sendo&nbsp;de extrema import\u00e2ncia para a sociedade\u201d, conclui.<\/p><cite> Sylviane Sousa  &#8211; Advogada e aluna da&nbsp;Especializa\u00e7\u00e3o em Ci\u00eancias Criminais no UNIFSA&nbsp; <\/cite><\/blockquote>\n\n\n\n<h4 class=\"wp-block-heading\"><strong>Confira a lista dos trabalhos aprovados!<\/strong>&nbsp; <\/h4>\n\n\n\n<p class=\"texto-justificado\"><strong>\u201cAn\u00e1lise do sistema carcer\u00e1rio e dos direitos fundamentais dos presos, a partir da obra Carandiru\u201d<\/strong>, das&nbsp;alunas do terceiro per\u00edodo&nbsp;Fl\u00e1via Cristina Rodrigues de Carvalho,&nbsp;Vit\u00f3ria Geovana Sarmento Cardoso;&nbsp;&nbsp;<\/p>\n\n\n\n<p class=\"texto-justificado\"><strong>\u201cO&nbsp;feminic\u00eddio \u00e0 luz da s\u00e9rie Bom Dia, Ver\u00f4nica\u201d<\/strong>, das alunas do oitavo per\u00edodo&nbsp;Let\u00edcia Mendes Santos e Vanessa Priscila Ribeiro da Silva, sob a orienta\u00e7\u00e3o da prof. Ros\u00e1lia Maria Carvalho Mour\u00e3o;&nbsp;&nbsp;<\/p>\n\n\n\n<p class=\"texto-justificado\"><strong>\u201cA&nbsp;des\u00eddia estatal em face de sua pretens\u00e3o punitiva \u00e0 luz da obra 15:50\u201d<\/strong> das alunas do oitavo per\u00edodo&nbsp;Luzianny&nbsp;Magalh\u00e3es da Silva e&nbsp;Ron\u00e1ria&nbsp;Pereira Lima da Silva;&nbsp;&nbsp;<\/p>\n\n\n\n<p class=\"texto-justificado\"><strong>\u201cAramides&nbsp;Floren\u00e7a: o conto sobre a viol\u00eancia contra a mulher pu\u00e9rpera\u201d<\/strong>, da aluna da&nbsp;Especializa\u00e7\u00e3o em Ci\u00eancias Criminais no UNIFSA&nbsp;Sylviane&nbsp;da Silva Sousa sob orienta\u00e7\u00e3o da prof.&nbsp;Ros\u00e1lia Maria Carvalho Mour\u00e3o;&nbsp;<\/p>\n\n\n\n<p class=\"texto-justificado\"><strong>\u201cSerial Killer nos contos Passeio Noturno I E II de Rubem Fonseca: Louco Ou Cruel?\u201d<\/strong>,&nbsp;da docente Ros\u00e1lia Maria Carvalho Mour\u00e3o.&nbsp;<\/p>\n\n\n\n<p><\/p>\n","protected":false},"excerpt":{"rendered":"<p>A&nbsp;docente&nbsp;do Centro Acad\u00eamico Santo Agostinho&nbsp;Ros\u00e1lia Maria Carvalho Mour\u00e3o,&nbsp;professora de Direito e Literatura,&nbsp;e&nbsp;mais sete&nbsp;acad\u00eamicas de Direito&nbsp;tiveram&nbsp;seus&nbsp;artigos cient\u00edficos&nbsp;aprovados no&nbsp;1\u00ba Semin\u00e1rio de Ci\u00eancias Criminais e Literatura: Pensar as vozes silenciadas da PUCRS.&nbsp;O evento acontece online, de 12 a 16 de julho,&nbsp;e busca debater&nbsp;sobre as Ci\u00eancias Criminais e os m\u00faltiplos silenciamentos sociais sob a vis\u00e3o da literatura.&nbsp; Segundo a<\/p>\n","protected":false},"author":9,"featured_media":7618,"comment_status":"closed","ping_status":"open","sticky":false,"template":"","format":"standard","meta":{"_acf_changed":false,"footnotes":""},"categories":[6,53],"tags":[153,489,65,490],"class_list":["post-7581","post","type-post","status-publish","format-standard","has-post-thumbnail","hentry","category-acontece-na-unifsa","category-direito","tag-artigo","tag-artigo-cientifico","tag-direito","tag-literatura"],"acf":[],"yoast_head":"<!-- This site is optimized with the Yoast SEO plugin v26.5 - https:\/\/yoast.com\/wordpress\/plugins\/seo\/ -->\n<title>Estudantes e docente da UNIFSA t\u00eam artigos aprovados em Semin\u00e1rio de Ci\u00eancias Criminais e Literatura - Centro Universit\u00e1rio Santo Agostinho - UNIFSA<\/title>\n<meta name=\"robots\" content=\"index, follow, max-snippet:-1, max-image-preview:large, max-video-preview:-1\" \/>\n<link rel=\"canonical\" href=\"https:\/\/unifsa.com.br\/site\/estudantes-e-docente-da-unifsa-tem-artigos-aprovados-em-seminario-de-ciencias-criminais-e-literatura\/\" \/>\n<meta property=\"og:locale\" content=\"pt_BR\" \/>\n<meta property=\"og:type\" content=\"article\" \/>\n<meta property=\"og:title\" content=\"Estudantes e docente da UNIFSA t\u00eam artigos aprovados em Semin\u00e1rio de Ci\u00eancias Criminais e Literatura - Centro Universit\u00e1rio Santo Agostinho - UNIFSA\" \/>\n<meta property=\"og:description\" content=\"A&nbsp;docente&nbsp;do Centro Acad\u00eamico Santo Agostinho&nbsp;Ros\u00e1lia Maria Carvalho Mour\u00e3o,&nbsp;professora de Direito e Literatura,&nbsp;e&nbsp;mais sete&nbsp;acad\u00eamicas de Direito&nbsp;tiveram&nbsp;seus&nbsp;artigos cient\u00edficos&nbsp;aprovados no&nbsp;1\u00ba Semin\u00e1rio de Ci\u00eancias Criminais e Literatura: Pensar as vozes silenciadas da PUCRS.&nbsp;O evento acontece online, de 12 a 16 de julho,&nbsp;e busca debater&nbsp;sobre as Ci\u00eancias Criminais e os m\u00faltiplos silenciamentos sociais sob a vis\u00e3o da literatura.&nbsp; Segundo a\" \/>\n<meta property=\"og:url\" content=\"https:\/\/unifsa.com.br\/site\/estudantes-e-docente-da-unifsa-tem-artigos-aprovados-em-seminario-de-ciencias-criminais-e-literatura\/\" \/>\n<meta property=\"og:site_name\" content=\"Centro Universit\u00e1rio Santo Agostinho - UNIFSA\" \/>\n<meta property=\"article:publisher\" content=\"https:\/\/www.facebook.com\/unifsa\/\" \/>\n<meta property=\"article:published_time\" content=\"2021-06-16T18:47:59+00:00\" \/>\n<meta property=\"article:modified_time\" content=\"2021-06-16T18:50:39+00:00\" \/>\n<meta property=\"og:image\" content=\"https:\/\/unifsa.com.br\/site\/wp-content\/uploads\/2021\/06\/resultado-1.png\" \/>\n\t<meta property=\"og:image:width\" content=\"1010\" \/>\n\t<meta property=\"og:image:height\" content=\"431\" \/>\n\t<meta property=\"og:image:type\" content=\"image\/png\" \/>\n<meta name=\"author\" content=\"La\u00eds Maria Matos Barradas\" \/>\n<meta name=\"twitter:card\" content=\"summary_large_image\" \/>\n<meta name=\"twitter:label1\" content=\"Escrito por\" \/>\n\t<meta name=\"twitter:data1\" content=\"La\u00eds Maria Matos Barradas\" \/>\n\t<meta name=\"twitter:label2\" content=\"Est. tempo de leitura\" \/>\n\t<meta name=\"twitter:data2\" content=\"3 minutos\" \/>\n<script type=\"application\/ld+json\" class=\"yoast-schema-graph\">{\"@context\":\"https:\/\/schema.org\",\"@graph\":[{\"@type\":\"Article\",\"@id\":\"https:\/\/unifsa.com.br\/site\/estudantes-e-docente-da-unifsa-tem-artigos-aprovados-em-seminario-de-ciencias-criminais-e-literatura\/#article\",\"isPartOf\":{\"@id\":\"https:\/\/unifsa.com.br\/site\/estudantes-e-docente-da-unifsa-tem-artigos-aprovados-em-seminario-de-ciencias-criminais-e-literatura\/\"},\"author\":{\"name\":\"La\u00eds Maria Matos Barradas\",\"@id\":\"https:\/\/unifsa.com.br\/site\/#\/schema\/person\/415c79d344f0e698644c1d29997b4ea8\"},\"headline\":\"Estudantes e docente da UNIFSA t\u00eam artigos aprovados em Semin\u00e1rio de Ci\u00eancias Criminais e Literatura\",\"datePublished\":\"2021-06-16T18:47:59+00:00\",\"dateModified\":\"2021-06-16T18:50:39+00:00\",\"mainEntityOfPage\":{\"@id\":\"https:\/\/unifsa.com.br\/site\/estudantes-e-docente-da-unifsa-tem-artigos-aprovados-em-seminario-de-ciencias-criminais-e-literatura\/\"},\"wordCount\":674,\"publisher\":{\"@id\":\"https:\/\/unifsa.com.br\/site\/#organization\"},\"image\":{\"@id\":\"https:\/\/unifsa.com.br\/site\/estudantes-e-docente-da-unifsa-tem-artigos-aprovados-em-seminario-de-ciencias-criminais-e-literatura\/#primaryimage\"},\"thumbnailUrl\":\"https:\/\/unifsa.com.br\/site\/wp-content\/uploads\/2021\/06\/resultado-1.png\",\"keywords\":[\"Artigo\",\"artigo cient\u00edfico\",\"direito\",\"literatura\"],\"articleSection\":[\"Acontece na UNIFSA\",\"Direito\"],\"inLanguage\":\"pt-BR\"},{\"@type\":\"WebPage\",\"@id\":\"https:\/\/unifsa.com.br\/site\/estudantes-e-docente-da-unifsa-tem-artigos-aprovados-em-seminario-de-ciencias-criminais-e-literatura\/\",\"url\":\"https:\/\/unifsa.com.br\/site\/estudantes-e-docente-da-unifsa-tem-artigos-aprovados-em-seminario-de-ciencias-criminais-e-literatura\/\",\"name\":\"Estudantes e docente da UNIFSA t\u00eam artigos aprovados em Semin\u00e1rio de Ci\u00eancias Criminais e Literatura - Centro Universit\u00e1rio Santo Agostinho - UNIFSA\",\"isPartOf\":{\"@id\":\"https:\/\/unifsa.com.br\/site\/#website\"},\"primaryImageOfPage\":{\"@id\":\"https:\/\/unifsa.com.br\/site\/estudantes-e-docente-da-unifsa-tem-artigos-aprovados-em-seminario-de-ciencias-criminais-e-literatura\/#primaryimage\"},\"image\":{\"@id\":\"https:\/\/unifsa.com.br\/site\/estudantes-e-docente-da-unifsa-tem-artigos-aprovados-em-seminario-de-ciencias-criminais-e-literatura\/#primaryimage\"},\"thumbnailUrl\":\"https:\/\/unifsa.com.br\/site\/wp-content\/uploads\/2021\/06\/resultado-1.png\",\"datePublished\":\"2021-06-16T18:47:59+00:00\",\"dateModified\":\"2021-06-16T18:50:39+00:00\",\"breadcrumb\":{\"@id\":\"https:\/\/unifsa.com.br\/site\/estudantes-e-docente-da-unifsa-tem-artigos-aprovados-em-seminario-de-ciencias-criminais-e-literatura\/#breadcrumb\"},\"inLanguage\":\"pt-BR\",\"potentialAction\":[{\"@type\":\"ReadAction\",\"target\":[\"https:\/\/unifsa.com.br\/site\/estudantes-e-docente-da-unifsa-tem-artigos-aprovados-em-seminario-de-ciencias-criminais-e-literatura\/\"]}]},{\"@type\":\"ImageObject\",\"inLanguage\":\"pt-BR\",\"@id\":\"https:\/\/unifsa.com.br\/site\/estudantes-e-docente-da-unifsa-tem-artigos-aprovados-em-seminario-de-ciencias-criminais-e-literatura\/#primaryimage\",\"url\":\"https:\/\/unifsa.com.br\/site\/wp-content\/uploads\/2021\/06\/resultado-1.png\",\"contentUrl\":\"https:\/\/unifsa.com.br\/site\/wp-content\/uploads\/2021\/06\/resultado-1.png\",\"width\":1010,\"height\":431},{\"@type\":\"BreadcrumbList\",\"@id\":\"https:\/\/unifsa.com.br\/site\/estudantes-e-docente-da-unifsa-tem-artigos-aprovados-em-seminario-de-ciencias-criminais-e-literatura\/#breadcrumb\",\"itemListElement\":[{\"@type\":\"ListItem\",\"position\":1,\"name\":\"In\u00edcio\",\"item\":\"https:\/\/unifsa.com.br\/site\/\"},{\"@type\":\"ListItem\",\"position\":2,\"name\":\"Estudantes e docente da UNIFSA t\u00eam artigos aprovados em Semin\u00e1rio de Ci\u00eancias Criminais e Literatura\"}]},{\"@type\":\"WebSite\",\"@id\":\"https:\/\/unifsa.com.br\/site\/#website\",\"url\":\"https:\/\/unifsa.com.br\/site\/\",\"name\":\"Centro Universit\u00e1rio Santo Agostinho - UNIFSA\",\"description\":\"Conhecimento para toda a vida\",\"publisher\":{\"@id\":\"https:\/\/unifsa.com.br\/site\/#organization\"},\"potentialAction\":[{\"@type\":\"SearchAction\",\"target\":{\"@type\":\"EntryPoint\",\"urlTemplate\":\"https:\/\/unifsa.com.br\/site\/?s={search_term_string}\"},\"query-input\":{\"@type\":\"PropertyValueSpecification\",\"valueRequired\":true,\"valueName\":\"search_term_string\"}}],\"inLanguage\":\"pt-BR\"},{\"@type\":\"Organization\",\"@id\":\"https:\/\/unifsa.com.br\/site\/#organization\",\"name\":\"Centro Universit\u00e1rio Santo Agostinho - UNIFSA\",\"url\":\"https:\/\/unifsa.com.br\/site\/\",\"logo\":{\"@type\":\"ImageObject\",\"inLanguage\":\"pt-BR\",\"@id\":\"https:\/\/unifsa.com.br\/site\/#\/schema\/logo\/image\/\",\"url\":\"https:\/\/unifsa.com.br\/site\/wp-content\/uploads\/2023\/03\/MARCA-UNIFSA-CIC23-q2apjs1mt975cf1wl25b044coj90fwoiee1kya6800.png\",\"contentUrl\":\"https:\/\/unifsa.com.br\/site\/wp-content\/uploads\/2023\/03\/MARCA-UNIFSA-CIC23-q2apjs1mt975cf1wl25b044coj90fwoiee1kya6800.png\",\"width\":103,\"height\":100,\"caption\":\"Centro Universit\u00e1rio Santo Agostinho - UNIFSA\"},\"image\":{\"@id\":\"https:\/\/unifsa.com.br\/site\/#\/schema\/logo\/image\/\"},\"sameAs\":[\"https:\/\/www.facebook.com\/unifsa\/\",\"https:\/\/www.instagram.com\/unifsa\/\"]},{\"@type\":\"Person\",\"@id\":\"https:\/\/unifsa.com.br\/site\/#\/schema\/person\/415c79d344f0e698644c1d29997b4ea8\",\"name\":\"La\u00eds Maria Matos Barradas\",\"image\":{\"@type\":\"ImageObject\",\"inLanguage\":\"pt-BR\",\"@id\":\"https:\/\/unifsa.com.br\/site\/#\/schema\/person\/image\/\",\"url\":\"https:\/\/secure.gravatar.com\/avatar\/da15e6cd8e1aa267693a3720f1118763e970b03de2d998ee874f68b1f91042b8?s=96&d=mm&r=g\",\"contentUrl\":\"https:\/\/secure.gravatar.com\/avatar\/da15e6cd8e1aa267693a3720f1118763e970b03de2d998ee874f68b1f91042b8?s=96&d=mm&r=g\",\"caption\":\"La\u00eds Maria Matos Barradas\"},\"url\":\"https:\/\/unifsa.com.br\/site\/author\/laismbarradas\/\"}]}<\/script>\n<!-- \/ Yoast SEO plugin. -->","yoast_head_json":{"title":"Estudantes e docente da UNIFSA t\u00eam artigos aprovados em Semin\u00e1rio de Ci\u00eancias Criminais e Literatura - Centro Universit\u00e1rio Santo Agostinho - UNIFSA","robots":{"index":"index","follow":"follow","max-snippet":"max-snippet:-1","max-image-preview":"max-image-preview:large","max-video-preview":"max-video-preview:-1"},"canonical":"https:\/\/unifsa.com.br\/site\/estudantes-e-docente-da-unifsa-tem-artigos-aprovados-em-seminario-de-ciencias-criminais-e-literatura\/","og_locale":"pt_BR","og_type":"article","og_title":"Estudantes e docente da UNIFSA t\u00eam artigos aprovados em Semin\u00e1rio de Ci\u00eancias Criminais e Literatura - Centro Universit\u00e1rio Santo Agostinho - UNIFSA","og_description":"A&nbsp;docente&nbsp;do Centro Acad\u00eamico Santo Agostinho&nbsp;Ros\u00e1lia Maria Carvalho Mour\u00e3o,&nbsp;professora de Direito e Literatura,&nbsp;e&nbsp;mais sete&nbsp;acad\u00eamicas de Direito&nbsp;tiveram&nbsp;seus&nbsp;artigos cient\u00edficos&nbsp;aprovados no&nbsp;1\u00ba Semin\u00e1rio de Ci\u00eancias Criminais e Literatura: Pensar as vozes silenciadas da PUCRS.&nbsp;O evento acontece online, de 12 a 16 de julho,&nbsp;e busca debater&nbsp;sobre as Ci\u00eancias Criminais e os m\u00faltiplos silenciamentos sociais sob a vis\u00e3o da literatura.&nbsp; Segundo a","og_url":"https:\/\/unifsa.com.br\/site\/estudantes-e-docente-da-unifsa-tem-artigos-aprovados-em-seminario-de-ciencias-criminais-e-literatura\/","og_site_name":"Centro Universit\u00e1rio Santo Agostinho - UNIFSA","article_publisher":"https:\/\/www.facebook.com\/unifsa\/","article_published_time":"2021-06-16T18:47:59+00:00","article_modified_time":"2021-06-16T18:50:39+00:00","og_image":[{"width":1010,"height":431,"url":"https:\/\/unifsa.com.br\/site\/wp-content\/uploads\/2021\/06\/resultado-1.png","type":"image\/png"}],"author":"La\u00eds Maria Matos Barradas","twitter_card":"summary_large_image","twitter_misc":{"Escrito por":"La\u00eds Maria Matos Barradas","Est. tempo de leitura":"3 minutos"},"schema":{"@context":"https:\/\/schema.org","@graph":[{"@type":"Article","@id":"https:\/\/unifsa.com.br\/site\/estudantes-e-docente-da-unifsa-tem-artigos-aprovados-em-seminario-de-ciencias-criminais-e-literatura\/#article","isPartOf":{"@id":"https:\/\/unifsa.com.br\/site\/estudantes-e-docente-da-unifsa-tem-artigos-aprovados-em-seminario-de-ciencias-criminais-e-literatura\/"},"author":{"name":"La\u00eds Maria Matos Barradas","@id":"https:\/\/unifsa.com.br\/site\/#\/schema\/person\/415c79d344f0e698644c1d29997b4ea8"},"headline":"Estudantes e docente da UNIFSA t\u00eam artigos aprovados em Semin\u00e1rio de Ci\u00eancias Criminais e Literatura","datePublished":"2021-06-16T18:47:59+00:00","dateModified":"2021-06-16T18:50:39+00:00","mainEntityOfPage":{"@id":"https:\/\/unifsa.com.br\/site\/estudantes-e-docente-da-unifsa-tem-artigos-aprovados-em-seminario-de-ciencias-criminais-e-literatura\/"},"wordCount":674,"publisher":{"@id":"https:\/\/unifsa.com.br\/site\/#organization"},"image":{"@id":"https:\/\/unifsa.com.br\/site\/estudantes-e-docente-da-unifsa-tem-artigos-aprovados-em-seminario-de-ciencias-criminais-e-literatura\/#primaryimage"},"thumbnailUrl":"https:\/\/unifsa.com.br\/site\/wp-content\/uploads\/2021\/06\/resultado-1.png","keywords":["Artigo","artigo cient\u00edfico","direito","literatura"],"articleSection":["Acontece na UNIFSA","Direito"],"inLanguage":"pt-BR"},{"@type":"WebPage","@id":"https:\/\/unifsa.com.br\/site\/estudantes-e-docente-da-unifsa-tem-artigos-aprovados-em-seminario-de-ciencias-criminais-e-literatura\/","url":"https:\/\/unifsa.com.br\/site\/estudantes-e-docente-da-unifsa-tem-artigos-aprovados-em-seminario-de-ciencias-criminais-e-literatura\/","name":"Estudantes e docente da UNIFSA t\u00eam artigos aprovados em Semin\u00e1rio de Ci\u00eancias Criminais e Literatura - Centro Universit\u00e1rio Santo Agostinho - UNIFSA","isPartOf":{"@id":"https:\/\/unifsa.com.br\/site\/#website"},"primaryImageOfPage":{"@id":"https:\/\/unifsa.com.br\/site\/estudantes-e-docente-da-unifsa-tem-artigos-aprovados-em-seminario-de-ciencias-criminais-e-literatura\/#primaryimage"},"image":{"@id":"https:\/\/unifsa.com.br\/site\/estudantes-e-docente-da-unifsa-tem-artigos-aprovados-em-seminario-de-ciencias-criminais-e-literatura\/#primaryimage"},"thumbnailUrl":"https:\/\/unifsa.com.br\/site\/wp-content\/uploads\/2021\/06\/resultado-1.png","datePublished":"2021-06-16T18:47:59+00:00","dateModified":"2021-06-16T18:50:39+00:00","breadcrumb":{"@id":"https:\/\/unifsa.com.br\/site\/estudantes-e-docente-da-unifsa-tem-artigos-aprovados-em-seminario-de-ciencias-criminais-e-literatura\/#breadcrumb"},"inLanguage":"pt-BR","potentialAction":[{"@type":"ReadAction","target":["https:\/\/unifsa.com.br\/site\/estudantes-e-docente-da-unifsa-tem-artigos-aprovados-em-seminario-de-ciencias-criminais-e-literatura\/"]}]},{"@type":"ImageObject","inLanguage":"pt-BR","@id":"https:\/\/unifsa.com.br\/site\/estudantes-e-docente-da-unifsa-tem-artigos-aprovados-em-seminario-de-ciencias-criminais-e-literatura\/#primaryimage","url":"https:\/\/unifsa.com.br\/site\/wp-content\/uploads\/2021\/06\/resultado-1.png","contentUrl":"https:\/\/unifsa.com.br\/site\/wp-content\/uploads\/2021\/06\/resultado-1.png","width":1010,"height":431},{"@type":"BreadcrumbList","@id":"https:\/\/unifsa.com.br\/site\/estudantes-e-docente-da-unifsa-tem-artigos-aprovados-em-seminario-de-ciencias-criminais-e-literatura\/#breadcrumb","itemListElement":[{"@type":"ListItem","position":1,"name":"In\u00edcio","item":"https:\/\/unifsa.com.br\/site\/"},{"@type":"ListItem","position":2,"name":"Estudantes e docente da UNIFSA t\u00eam artigos aprovados em Semin\u00e1rio de Ci\u00eancias Criminais e Literatura"}]},{"@type":"WebSite","@id":"https:\/\/unifsa.com.br\/site\/#website","url":"https:\/\/unifsa.com.br\/site\/","name":"Centro Universit\u00e1rio Santo Agostinho - UNIFSA","description":"Conhecimento para toda a vida","publisher":{"@id":"https:\/\/unifsa.com.br\/site\/#organization"},"potentialAction":[{"@type":"SearchAction","target":{"@type":"EntryPoint","urlTemplate":"https:\/\/unifsa.com.br\/site\/?s={search_term_string}"},"query-input":{"@type":"PropertyValueSpecification","valueRequired":true,"valueName":"search_term_string"}}],"inLanguage":"pt-BR"},{"@type":"Organization","@id":"https:\/\/unifsa.com.br\/site\/#organization","name":"Centro Universit\u00e1rio Santo Agostinho - UNIFSA","url":"https:\/\/unifsa.com.br\/site\/","logo":{"@type":"ImageObject","inLanguage":"pt-BR","@id":"https:\/\/unifsa.com.br\/site\/#\/schema\/logo\/image\/","url":"https:\/\/unifsa.com.br\/site\/wp-content\/uploads\/2023\/03\/MARCA-UNIFSA-CIC23-q2apjs1mt975cf1wl25b044coj90fwoiee1kya6800.png","contentUrl":"https:\/\/unifsa.com.br\/site\/wp-content\/uploads\/2023\/03\/MARCA-UNIFSA-CIC23-q2apjs1mt975cf1wl25b044coj90fwoiee1kya6800.png","width":103,"height":100,"caption":"Centro Universit\u00e1rio Santo Agostinho - UNIFSA"},"image":{"@id":"https:\/\/unifsa.com.br\/site\/#\/schema\/logo\/image\/"},"sameAs":["https:\/\/www.facebook.com\/unifsa\/","https:\/\/www.instagram.com\/unifsa\/"]},{"@type":"Person","@id":"https:\/\/unifsa.com.br\/site\/#\/schema\/person\/415c79d344f0e698644c1d29997b4ea8","name":"La\u00eds Maria Matos Barradas","image":{"@type":"ImageObject","inLanguage":"pt-BR","@id":"https:\/\/unifsa.com.br\/site\/#\/schema\/person\/image\/","url":"https:\/\/secure.gravatar.com\/avatar\/da15e6cd8e1aa267693a3720f1118763e970b03de2d998ee874f68b1f91042b8?s=96&d=mm&r=g","contentUrl":"https:\/\/secure.gravatar.com\/avatar\/da15e6cd8e1aa267693a3720f1118763e970b03de2d998ee874f68b1f91042b8?s=96&d=mm&r=g","caption":"La\u00eds Maria Matos Barradas"},"url":"https:\/\/unifsa.com.br\/site\/author\/laismbarradas\/"}]}},"_links":{"self":[{"href":"https:\/\/unifsa.com.br\/site\/wp-json\/wp\/v2\/posts\/7581","targetHints":{"allow":["GET"]}}],"collection":[{"href":"https:\/\/unifsa.com.br\/site\/wp-json\/wp\/v2\/posts"}],"about":[{"href":"https:\/\/unifsa.com.br\/site\/wp-json\/wp\/v2\/types\/post"}],"author":[{"embeddable":true,"href":"https:\/\/unifsa.com.br\/site\/wp-json\/wp\/v2\/users\/9"}],"replies":[{"embeddable":true,"href":"https:\/\/unifsa.com.br\/site\/wp-json\/wp\/v2\/comments?post=7581"}],"version-history":[{"count":28,"href":"https:\/\/unifsa.com.br\/site\/wp-json\/wp\/v2\/posts\/7581\/revisions"}],"predecessor-version":[{"id":7617,"href":"https:\/\/unifsa.com.br\/site\/wp-json\/wp\/v2\/posts\/7581\/revisions\/7617"}],"wp:featuredmedia":[{"embeddable":true,"href":"https:\/\/unifsa.com.br\/site\/wp-json\/wp\/v2\/media\/7618"}],"wp:attachment":[{"href":"https:\/\/unifsa.com.br\/site\/wp-json\/wp\/v2\/media?parent=7581"}],"wp:term":[{"taxonomy":"category","embeddable":true,"href":"https:\/\/unifsa.com.br\/site\/wp-json\/wp\/v2\/categories?post=7581"},{"taxonomy":"post_tag","embeddable":true,"href":"https:\/\/unifsa.com.br\/site\/wp-json\/wp\/v2\/tags?post=7581"}],"curies":[{"name":"wp","href":"https:\/\/api.w.org\/{rel}","templated":true}]}}