{"id":6775,"date":"2021-04-27T08:00:06","date_gmt":"2021-04-27T11:00:06","guid":{"rendered":"https:\/\/unifsa.com.br\/site\/?p=6775"},"modified":"2021-04-27T08:39:39","modified_gmt":"2021-04-27T11:39:39","slug":"unifsa-realiza-webconferencia-sobre-o-sus","status":"publish","type":"post","link":"https:\/\/unifsa.com.br\/site\/unifsa-realiza-webconferencia-sobre-o-sus\/","title":{"rendered":"UNIFSA realiza webconfer\u00eancia sobre o SUS"},"content":{"rendered":"\n<p class=\"texto-justificado\">De\nacordo com a Constitui\u00e7\u00e3o Brasileira, a sa\u00fade \u00e9&nbsp;direito de todos e dever do Estado, por meio de pol\u00edticas sociais\ne econ\u00f4micas que visem \u00e0 redu\u00e7\u00e3o do risco de doen\u00e7a e de outros agravos e ao\nacesso universal e igualit\u00e1rio \u00e0s a\u00e7\u00f5es e servi\u00e7os para sua promo\u00e7\u00e3o, prote\u00e7\u00e3o\ne recupera\u00e7\u00e3o. O Brasil adota o Sistema \u00danico de Sa\u00fade (SUS) e cabe aos\nprofissionais da \u00e1rea o conhecimento dos princ\u00edpios, diretrizes, organiza\u00e7\u00e3o e o seu\nfuncionamento. <\/p>\n\n\n\n<p class=\"texto-justificado\">Com interesse em tratar sobre o tema, o Centro Universit\u00e1rio Santo Agostinho elaborou a webconfer\u00eancia <strong>\u201cSUS: organiza\u00e7\u00e3o e funcionamento\u201d<\/strong>, que acontecer\u00e1 no dia 29 de abril, \u00e0s 17h, por meio da plataforma Blackboard. A professora Ma. Adriana Barbosa Guimar\u00e3es (Enfermeira e Nutricionista do Hospital da Pol\u00edcia Militar do Piau\u00ed) far\u00e1 a media\u00e7\u00e3o com o palestrante convidado, Erick Riccelly (Enfermeiro e Presidente do Sindicato dos Enfermeiros,\u00a0Auxiliares e T\u00e9cnicos e Enfermagem do Estado Do Piau\u00ed\u00a0\u2013\u00a0SENATEPI).<\/p>\n\n\n\n<p class=\"texto-justificado\">O evento, <strong>destinado a toda a comunidade interessada no tema<\/strong>, tem carga hor\u00e1ria de 3h\/aula e os certificados ser\u00e3o emitidos para os participantes que realizarem a inscri\u00e7\u00e3o. <\/p>\n\n\n\n<div class=\"wp-block-button aligncenter\"><a class=\"wp-block-button__link has-background\" href=\"https:\/\/www.sympla.com.br\/webconferencia-sus-organizacao-e-funcionamento__1178356\" style=\"background-color:#c85c0f;border-radius:18px\"><strong>Inscri\u00e7\u00e3o do evento<\/strong><\/a><\/div>\n\n\n\n<p><\/p>\n\n\n\n<p><\/p>\n\n\n\n<div class=\"wp-block-button aligncenter\"><a class=\"wp-block-button__link has-background\" href=\"https:\/\/ca.bbcollab.com\/collab\/ui\/session\/guest\/955e0240501f4fd0ae5c2ea9bd64b653\" style=\"background-color:#1a78af\"><strong>Link para a webconfer\u00eancia<\/strong><\/a><\/div>\n","protected":false},"excerpt":{"rendered":"<p>De acordo com a Constitui\u00e7\u00e3o Brasileira, a sa\u00fade \u00e9&nbsp;direito de todos e dever do Estado, por meio de pol\u00edticas sociais e econ\u00f4micas que visem \u00e0 redu\u00e7\u00e3o do risco de doen\u00e7a e de outros agravos e ao acesso universal e igualit\u00e1rio \u00e0s a\u00e7\u00f5es e servi\u00e7os para sua promo\u00e7\u00e3o, prote\u00e7\u00e3o e recupera\u00e7\u00e3o. O Brasil adota o Sistema<\/p>\n","protected":false},"author":2,"featured_media":6796,"comment_status":"closed","ping_status":"open","sticky":false,"template":"","format":"standard","meta":{"_acf_changed":false,"footnotes":""},"categories":[6],"tags":[],"class_list":["post-6775","post","type-post","status-publish","format-standard","has-post-thumbnail","hentry","category-acontece-na-unifsa"],"acf":[],"yoast_head":"<!-- This site is optimized with the Yoast SEO plugin v26.5 - https:\/\/yoast.com\/wordpress\/plugins\/seo\/ -->\n<title>UNIFSA realiza webconfer\u00eancia sobre o SUS - Centro Universit\u00e1rio Santo Agostinho - UNIFSA<\/title>\n<meta name=\"robots\" content=\"index, follow, max-snippet:-1, max-image-preview:large, max-video-preview:-1\" \/>\n<link rel=\"canonical\" href=\"https:\/\/unifsa.com.br\/site\/unifsa-realiza-webconferencia-sobre-o-sus\/\" \/>\n<meta property=\"og:locale\" content=\"pt_BR\" \/>\n<meta property=\"og:type\" content=\"article\" \/>\n<meta property=\"og:title\" content=\"UNIFSA realiza webconfer\u00eancia sobre o SUS - Centro Universit\u00e1rio Santo Agostinho - UNIFSA\" \/>\n<meta property=\"og:description\" content=\"De acordo com a Constitui\u00e7\u00e3o Brasileira, a sa\u00fade \u00e9&nbsp;direito de todos e dever do Estado, por meio de pol\u00edticas sociais e econ\u00f4micas que visem \u00e0 redu\u00e7\u00e3o do risco de doen\u00e7a e de outros agravos e ao acesso universal e igualit\u00e1rio \u00e0s a\u00e7\u00f5es e servi\u00e7os para sua promo\u00e7\u00e3o, prote\u00e7\u00e3o e recupera\u00e7\u00e3o. O Brasil adota o Sistema\" \/>\n<meta property=\"og:url\" content=\"https:\/\/unifsa.com.br\/site\/unifsa-realiza-webconferencia-sobre-o-sus\/\" \/>\n<meta property=\"og:site_name\" content=\"Centro Universit\u00e1rio Santo Agostinho - UNIFSA\" \/>\n<meta property=\"article:publisher\" content=\"https:\/\/www.facebook.com\/unifsa\/\" \/>\n<meta property=\"article:published_time\" content=\"2021-04-27T11:00:06+00:00\" \/>\n<meta property=\"article:modified_time\" content=\"2021-04-27T11:39:39+00:00\" \/>\n<meta property=\"og:image\" content=\"https:\/\/unifsa.com.br\/site\/wp-content\/uploads\/2021\/04\/WhatsApp-Image-2021-04-05-at-11.34.32.jpeg\" \/>\n\t<meta property=\"og:image:width\" content=\"1280\" \/>\n\t<meta property=\"og:image:height\" content=\"670\" \/>\n\t<meta property=\"og:image:type\" content=\"image\/jpeg\" \/>\n<meta name=\"author\" content=\"Assessoria UNIFSA\" \/>\n<meta name=\"twitter:card\" content=\"summary_large_image\" \/>\n<meta name=\"twitter:label1\" content=\"Escrito por\" \/>\n\t<meta name=\"twitter:data1\" content=\"Assessoria UNIFSA\" \/>\n\t<meta name=\"twitter:label2\" content=\"Est. tempo de leitura\" \/>\n\t<meta name=\"twitter:data2\" content=\"1 minuto\" \/>\n<script type=\"application\/ld+json\" class=\"yoast-schema-graph\">{\"@context\":\"https:\/\/schema.org\",\"@graph\":[{\"@type\":\"Article\",\"@id\":\"https:\/\/unifsa.com.br\/site\/unifsa-realiza-webconferencia-sobre-o-sus\/#article\",\"isPartOf\":{\"@id\":\"https:\/\/unifsa.com.br\/site\/unifsa-realiza-webconferencia-sobre-o-sus\/\"},\"author\":{\"name\":\"Assessoria UNIFSA\",\"@id\":\"https:\/\/unifsa.com.br\/site\/#\/schema\/person\/551d7d1f1cd3f288057c5028fc404a18\"},\"headline\":\"UNIFSA realiza webconfer\u00eancia sobre o SUS\",\"datePublished\":\"2021-04-27T11:00:06+00:00\",\"dateModified\":\"2021-04-27T11:39:39+00:00\",\"mainEntityOfPage\":{\"@id\":\"https:\/\/unifsa.com.br\/site\/unifsa-realiza-webconferencia-sobre-o-sus\/\"},\"wordCount\":218,\"publisher\":{\"@id\":\"https:\/\/unifsa.com.br\/site\/#organization\"},\"image\":{\"@id\":\"https:\/\/unifsa.com.br\/site\/unifsa-realiza-webconferencia-sobre-o-sus\/#primaryimage\"},\"thumbnailUrl\":\"https:\/\/unifsa.com.br\/site\/wp-content\/uploads\/2021\/04\/WhatsApp-Image-2021-04-05-at-11.34.32.jpeg\",\"articleSection\":[\"Acontece na UNIFSA\"],\"inLanguage\":\"pt-BR\"},{\"@type\":\"WebPage\",\"@id\":\"https:\/\/unifsa.com.br\/site\/unifsa-realiza-webconferencia-sobre-o-sus\/\",\"url\":\"https:\/\/unifsa.com.br\/site\/unifsa-realiza-webconferencia-sobre-o-sus\/\",\"name\":\"UNIFSA realiza webconfer\u00eancia sobre o SUS - Centro Universit\u00e1rio Santo Agostinho - UNIFSA\",\"isPartOf\":{\"@id\":\"https:\/\/unifsa.com.br\/site\/#website\"},\"primaryImageOfPage\":{\"@id\":\"https:\/\/unifsa.com.br\/site\/unifsa-realiza-webconferencia-sobre-o-sus\/#primaryimage\"},\"image\":{\"@id\":\"https:\/\/unifsa.com.br\/site\/unifsa-realiza-webconferencia-sobre-o-sus\/#primaryimage\"},\"thumbnailUrl\":\"https:\/\/unifsa.com.br\/site\/wp-content\/uploads\/2021\/04\/WhatsApp-Image-2021-04-05-at-11.34.32.jpeg\",\"datePublished\":\"2021-04-27T11:00:06+00:00\",\"dateModified\":\"2021-04-27T11:39:39+00:00\",\"breadcrumb\":{\"@id\":\"https:\/\/unifsa.com.br\/site\/unifsa-realiza-webconferencia-sobre-o-sus\/#breadcrumb\"},\"inLanguage\":\"pt-BR\",\"potentialAction\":[{\"@type\":\"ReadAction\",\"target\":[\"https:\/\/unifsa.com.br\/site\/unifsa-realiza-webconferencia-sobre-o-sus\/\"]}]},{\"@type\":\"ImageObject\",\"inLanguage\":\"pt-BR\",\"@id\":\"https:\/\/unifsa.com.br\/site\/unifsa-realiza-webconferencia-sobre-o-sus\/#primaryimage\",\"url\":\"https:\/\/unifsa.com.br\/site\/wp-content\/uploads\/2021\/04\/WhatsApp-Image-2021-04-05-at-11.34.32.jpeg\",\"contentUrl\":\"https:\/\/unifsa.com.br\/site\/wp-content\/uploads\/2021\/04\/WhatsApp-Image-2021-04-05-at-11.34.32.jpeg\",\"width\":1280,\"height\":670},{\"@type\":\"BreadcrumbList\",\"@id\":\"https:\/\/unifsa.com.br\/site\/unifsa-realiza-webconferencia-sobre-o-sus\/#breadcrumb\",\"itemListElement\":[{\"@type\":\"ListItem\",\"position\":1,\"name\":\"In\u00edcio\",\"item\":\"https:\/\/unifsa.com.br\/site\/\"},{\"@type\":\"ListItem\",\"position\":2,\"name\":\"UNIFSA realiza webconfer\u00eancia sobre o SUS\"}]},{\"@type\":\"WebSite\",\"@id\":\"https:\/\/unifsa.com.br\/site\/#website\",\"url\":\"https:\/\/unifsa.com.br\/site\/\",\"name\":\"Centro Universit\u00e1rio Santo Agostinho - UNIFSA\",\"description\":\"Conhecimento para toda a vida\",\"publisher\":{\"@id\":\"https:\/\/unifsa.com.br\/site\/#organization\"},\"potentialAction\":[{\"@type\":\"SearchAction\",\"target\":{\"@type\":\"EntryPoint\",\"urlTemplate\":\"https:\/\/unifsa.com.br\/site\/?s={search_term_string}\"},\"query-input\":{\"@type\":\"PropertyValueSpecification\",\"valueRequired\":true,\"valueName\":\"search_term_string\"}}],\"inLanguage\":\"pt-BR\"},{\"@type\":\"Organization\",\"@id\":\"https:\/\/unifsa.com.br\/site\/#organization\",\"name\":\"Centro Universit\u00e1rio Santo Agostinho - UNIFSA\",\"url\":\"https:\/\/unifsa.com.br\/site\/\",\"logo\":{\"@type\":\"ImageObject\",\"inLanguage\":\"pt-BR\",\"@id\":\"https:\/\/unifsa.com.br\/site\/#\/schema\/logo\/image\/\",\"url\":\"https:\/\/unifsa.com.br\/site\/wp-content\/uploads\/2023\/03\/MARCA-UNIFSA-CIC23-q2apjs1mt975cf1wl25b044coj90fwoiee1kya6800.png\",\"contentUrl\":\"https:\/\/unifsa.com.br\/site\/wp-content\/uploads\/2023\/03\/MARCA-UNIFSA-CIC23-q2apjs1mt975cf1wl25b044coj90fwoiee1kya6800.png\",\"width\":103,\"height\":100,\"caption\":\"Centro Universit\u00e1rio Santo Agostinho - UNIFSA\"},\"image\":{\"@id\":\"https:\/\/unifsa.com.br\/site\/#\/schema\/logo\/image\/\"},\"sameAs\":[\"https:\/\/www.facebook.com\/unifsa\/\",\"https:\/\/www.instagram.com\/unifsa\/\"]},{\"@type\":\"Person\",\"@id\":\"https:\/\/unifsa.com.br\/site\/#\/schema\/person\/551d7d1f1cd3f288057c5028fc404a18\",\"name\":\"Assessoria UNIFSA\",\"image\":{\"@type\":\"ImageObject\",\"inLanguage\":\"pt-BR\",\"@id\":\"https:\/\/unifsa.com.br\/site\/#\/schema\/person\/image\/\",\"url\":\"https:\/\/secure.gravatar.com\/avatar\/de4d4bb8df2b9e61fd5440dca5d0f316?s=96&d=mm&r=g\",\"contentUrl\":\"https:\/\/secure.gravatar.com\/avatar\/de4d4bb8df2b9e61fd5440dca5d0f316?s=96&d=mm&r=g\",\"caption\":\"Assessoria UNIFSA\"},\"url\":\"https:\/\/unifsa.com.br\/site\/author\/assessoria\/\"}]}<\/script>\n<!-- \/ Yoast SEO plugin. -->","yoast_head_json":{"title":"UNIFSA realiza webconfer\u00eancia sobre o SUS - Centro Universit\u00e1rio Santo Agostinho - UNIFSA","robots":{"index":"index","follow":"follow","max-snippet":"max-snippet:-1","max-image-preview":"max-image-preview:large","max-video-preview":"max-video-preview:-1"},"canonical":"https:\/\/unifsa.com.br\/site\/unifsa-realiza-webconferencia-sobre-o-sus\/","og_locale":"pt_BR","og_type":"article","og_title":"UNIFSA realiza webconfer\u00eancia sobre o SUS - Centro Universit\u00e1rio Santo Agostinho - UNIFSA","og_description":"De acordo com a Constitui\u00e7\u00e3o Brasileira, a sa\u00fade \u00e9&nbsp;direito de todos e dever do Estado, por meio de pol\u00edticas sociais e econ\u00f4micas que visem \u00e0 redu\u00e7\u00e3o do risco de doen\u00e7a e de outros agravos e ao acesso universal e igualit\u00e1rio \u00e0s a\u00e7\u00f5es e servi\u00e7os para sua promo\u00e7\u00e3o, prote\u00e7\u00e3o e recupera\u00e7\u00e3o. O Brasil adota o Sistema","og_url":"https:\/\/unifsa.com.br\/site\/unifsa-realiza-webconferencia-sobre-o-sus\/","og_site_name":"Centro Universit\u00e1rio Santo Agostinho - UNIFSA","article_publisher":"https:\/\/www.facebook.com\/unifsa\/","article_published_time":"2021-04-27T11:00:06+00:00","article_modified_time":"2021-04-27T11:39:39+00:00","og_image":[{"width":1280,"height":670,"url":"https:\/\/unifsa.com.br\/site\/wp-content\/uploads\/2021\/04\/WhatsApp-Image-2021-04-05-at-11.34.32.jpeg","type":"image\/jpeg"}],"author":"Assessoria UNIFSA","twitter_card":"summary_large_image","twitter_misc":{"Escrito por":"Assessoria UNIFSA","Est. tempo de leitura":"1 minuto"},"schema":{"@context":"https:\/\/schema.org","@graph":[{"@type":"Article","@id":"https:\/\/unifsa.com.br\/site\/unifsa-realiza-webconferencia-sobre-o-sus\/#article","isPartOf":{"@id":"https:\/\/unifsa.com.br\/site\/unifsa-realiza-webconferencia-sobre-o-sus\/"},"author":{"name":"Assessoria UNIFSA","@id":"https:\/\/unifsa.com.br\/site\/#\/schema\/person\/551d7d1f1cd3f288057c5028fc404a18"},"headline":"UNIFSA realiza webconfer\u00eancia sobre o SUS","datePublished":"2021-04-27T11:00:06+00:00","dateModified":"2021-04-27T11:39:39+00:00","mainEntityOfPage":{"@id":"https:\/\/unifsa.com.br\/site\/unifsa-realiza-webconferencia-sobre-o-sus\/"},"wordCount":218,"publisher":{"@id":"https:\/\/unifsa.com.br\/site\/#organization"},"image":{"@id":"https:\/\/unifsa.com.br\/site\/unifsa-realiza-webconferencia-sobre-o-sus\/#primaryimage"},"thumbnailUrl":"https:\/\/unifsa.com.br\/site\/wp-content\/uploads\/2021\/04\/WhatsApp-Image-2021-04-05-at-11.34.32.jpeg","articleSection":["Acontece na UNIFSA"],"inLanguage":"pt-BR"},{"@type":"WebPage","@id":"https:\/\/unifsa.com.br\/site\/unifsa-realiza-webconferencia-sobre-o-sus\/","url":"https:\/\/unifsa.com.br\/site\/unifsa-realiza-webconferencia-sobre-o-sus\/","name":"UNIFSA realiza webconfer\u00eancia sobre o SUS - Centro Universit\u00e1rio Santo Agostinho - UNIFSA","isPartOf":{"@id":"https:\/\/unifsa.com.br\/site\/#website"},"primaryImageOfPage":{"@id":"https:\/\/unifsa.com.br\/site\/unifsa-realiza-webconferencia-sobre-o-sus\/#primaryimage"},"image":{"@id":"https:\/\/unifsa.com.br\/site\/unifsa-realiza-webconferencia-sobre-o-sus\/#primaryimage"},"thumbnailUrl":"https:\/\/unifsa.com.br\/site\/wp-content\/uploads\/2021\/04\/WhatsApp-Image-2021-04-05-at-11.34.32.jpeg","datePublished":"2021-04-27T11:00:06+00:00","dateModified":"2021-04-27T11:39:39+00:00","breadcrumb":{"@id":"https:\/\/unifsa.com.br\/site\/unifsa-realiza-webconferencia-sobre-o-sus\/#breadcrumb"},"inLanguage":"pt-BR","potentialAction":[{"@type":"ReadAction","target":["https:\/\/unifsa.com.br\/site\/unifsa-realiza-webconferencia-sobre-o-sus\/"]}]},{"@type":"ImageObject","inLanguage":"pt-BR","@id":"https:\/\/unifsa.com.br\/site\/unifsa-realiza-webconferencia-sobre-o-sus\/#primaryimage","url":"https:\/\/unifsa.com.br\/site\/wp-content\/uploads\/2021\/04\/WhatsApp-Image-2021-04-05-at-11.34.32.jpeg","contentUrl":"https:\/\/unifsa.com.br\/site\/wp-content\/uploads\/2021\/04\/WhatsApp-Image-2021-04-05-at-11.34.32.jpeg","width":1280,"height":670},{"@type":"BreadcrumbList","@id":"https:\/\/unifsa.com.br\/site\/unifsa-realiza-webconferencia-sobre-o-sus\/#breadcrumb","itemListElement":[{"@type":"ListItem","position":1,"name":"In\u00edcio","item":"https:\/\/unifsa.com.br\/site\/"},{"@type":"ListItem","position":2,"name":"UNIFSA realiza webconfer\u00eancia sobre o SUS"}]},{"@type":"WebSite","@id":"https:\/\/unifsa.com.br\/site\/#website","url":"https:\/\/unifsa.com.br\/site\/","name":"Centro Universit\u00e1rio Santo Agostinho - UNIFSA","description":"Conhecimento para toda a vida","publisher":{"@id":"https:\/\/unifsa.com.br\/site\/#organization"},"potentialAction":[{"@type":"SearchAction","target":{"@type":"EntryPoint","urlTemplate":"https:\/\/unifsa.com.br\/site\/?s={search_term_string}"},"query-input":{"@type":"PropertyValueSpecification","valueRequired":true,"valueName":"search_term_string"}}],"inLanguage":"pt-BR"},{"@type":"Organization","@id":"https:\/\/unifsa.com.br\/site\/#organization","name":"Centro Universit\u00e1rio Santo Agostinho - UNIFSA","url":"https:\/\/unifsa.com.br\/site\/","logo":{"@type":"ImageObject","inLanguage":"pt-BR","@id":"https:\/\/unifsa.com.br\/site\/#\/schema\/logo\/image\/","url":"https:\/\/unifsa.com.br\/site\/wp-content\/uploads\/2023\/03\/MARCA-UNIFSA-CIC23-q2apjs1mt975cf1wl25b044coj90fwoiee1kya6800.png","contentUrl":"https:\/\/unifsa.com.br\/site\/wp-content\/uploads\/2023\/03\/MARCA-UNIFSA-CIC23-q2apjs1mt975cf1wl25b044coj90fwoiee1kya6800.png","width":103,"height":100,"caption":"Centro Universit\u00e1rio Santo Agostinho - UNIFSA"},"image":{"@id":"https:\/\/unifsa.com.br\/site\/#\/schema\/logo\/image\/"},"sameAs":["https:\/\/www.facebook.com\/unifsa\/","https:\/\/www.instagram.com\/unifsa\/"]},{"@type":"Person","@id":"https:\/\/unifsa.com.br\/site\/#\/schema\/person\/551d7d1f1cd3f288057c5028fc404a18","name":"Assessoria UNIFSA","image":{"@type":"ImageObject","inLanguage":"pt-BR","@id":"https:\/\/unifsa.com.br\/site\/#\/schema\/person\/image\/","url":"https:\/\/secure.gravatar.com\/avatar\/de4d4bb8df2b9e61fd5440dca5d0f316?s=96&d=mm&r=g","contentUrl":"https:\/\/secure.gravatar.com\/avatar\/de4d4bb8df2b9e61fd5440dca5d0f316?s=96&d=mm&r=g","caption":"Assessoria UNIFSA"},"url":"https:\/\/unifsa.com.br\/site\/author\/assessoria\/"}]}},"_links":{"self":[{"href":"https:\/\/unifsa.com.br\/site\/wp-json\/wp\/v2\/posts\/6775","targetHints":{"allow":["GET"]}}],"collection":[{"href":"https:\/\/unifsa.com.br\/site\/wp-json\/wp\/v2\/posts"}],"about":[{"href":"https:\/\/unifsa.com.br\/site\/wp-json\/wp\/v2\/types\/post"}],"author":[{"embeddable":true,"href":"https:\/\/unifsa.com.br\/site\/wp-json\/wp\/v2\/users\/2"}],"replies":[{"embeddable":true,"href":"https:\/\/unifsa.com.br\/site\/wp-json\/wp\/v2\/comments?post=6775"}],"version-history":[{"count":2,"href":"https:\/\/unifsa.com.br\/site\/wp-json\/wp\/v2\/posts\/6775\/revisions"}],"predecessor-version":[{"id":6797,"href":"https:\/\/unifsa.com.br\/site\/wp-json\/wp\/v2\/posts\/6775\/revisions\/6797"}],"wp:featuredmedia":[{"embeddable":true,"href":"https:\/\/unifsa.com.br\/site\/wp-json\/wp\/v2\/media\/6796"}],"wp:attachment":[{"href":"https:\/\/unifsa.com.br\/site\/wp-json\/wp\/v2\/media?parent=6775"}],"wp:term":[{"taxonomy":"category","embeddable":true,"href":"https:\/\/unifsa.com.br\/site\/wp-json\/wp\/v2\/categories?post=6775"},{"taxonomy":"post_tag","embeddable":true,"href":"https:\/\/unifsa.com.br\/site\/wp-json\/wp\/v2\/tags?post=6775"}],"curies":[{"name":"wp","href":"https:\/\/api.w.org\/{rel}","templated":true}]}}