{"id":5602,"date":"2020-12-11T15:22:10","date_gmt":"2020-12-11T18:22:10","guid":{"rendered":"https:\/\/unifsa.com.br\/site\/?p=5602"},"modified":"2020-12-11T16:07:52","modified_gmt":"2020-12-11T19:07:52","slug":"comunidade-unifsa-lamenta-o-falecimento-do-coordenador-de-esportes-diego-mota","status":"publish","type":"post","link":"https:\/\/unifsa.com.br\/site\/comunidade-unifsa-lamenta-o-falecimento-do-coordenador-de-esportes-diego-mota\/","title":{"rendered":"Comunidade UNIFSA lamenta o falecimento do coordenador de Esportes, Diego Mota"},"content":{"rendered":"\n<p class=\"texto-justificado\">Hoje, 11 de dezembro de\n2020, o dia acordou triste, diferente. Mesmo em um ano t\u00e3o dif\u00edcil e com tantos\ndesafios, um dos maiores se apresentou nessa manh\u00e3: enfrentar a dor causada\npela partida precoce e inesperada de um grande amigo, Diego Miranda Mota, que\nfaz parte da hist\u00f3ria do Centro Universit\u00e1rio Santo Agostinho de tantas maneiras,\nque fica at\u00e9 dif\u00edcil descrev\u00ea-las, principalmente tomados pela emo\u00e7\u00e3o do\nmomento. Mas tentaremos, em homenagem \u00e0 sua grande contribui\u00e7\u00e3o a nossa\ninstitui\u00e7\u00e3o, resumir um pouco dessa trajet\u00f3ria de 14 anos de parceria e\namizade, mas conscientes de que muito mais est\u00e1 registrado na mem\u00f3ria de todos\naqueles que tiveram a honra de conviver com um ser-humano t\u00e3o especial. <\/p>\n\n\n\n<figure class=\"wp-block-image size-large\"><img fetchpriority=\"high\" decoding=\"async\" width=\"1015\" height=\"440\" src=\"https:\/\/unifsa.com.br\/site\/wp-content\/uploads\/2020\/12\/I.jpg\" alt=\"\" class=\"wp-image-5623\" srcset=\"https:\/\/unifsa.com.br\/site\/wp-content\/uploads\/2020\/12\/I.jpg 1015w, https:\/\/unifsa.com.br\/site\/wp-content\/uploads\/2020\/12\/I-300x130.jpg 300w, https:\/\/unifsa.com.br\/site\/wp-content\/uploads\/2020\/12\/I-768x333.jpg 768w\" sizes=\"(max-width: 1015px) 100vw, 1015px\" \/><figcaption>Professor Antonio Carlos Cortez, professora Odara S\u00e1 e Diego Mota em disciplina da p\u00f3s-gradua\u00e7\u00e3o do UNIFSA<\/figcaption><\/figure>\n\n\n\n<p class=\"texto-justificado\">Diego iniciou o seu\ncurso de Fisioterapia no UNIFSA em 2006, segundo ele, motivado pelo esporte\n(sua grande paix\u00e3o). \u201cPratico esporte desde 1997\ne passei por v\u00e1rias les\u00f5es, assim, vi a import\u00e2ncia da Fisioterapia para a vida\ndo atleta\u201d, disse em mat\u00e9ria publicada em 2015. Como aluno-atleta de\njud\u00f4, apoiado pela institui\u00e7\u00e3o, ele conquistou o vice-campeonato brasileiro\nregional em 2006 e 2007 na sua categoria e vivenciou de perto o projeto\nque, depois de formado, ele mesmo coordenaria. Enquanto aluno, Diego marcou a\nmem\u00f3ria de professores e colegas pela sua alegria contagiante, mas sempre\nfocado em seus objetivos, sobretudo quando se tratava de aliar os cuidados de\nfisioterapia com o esporte, o que lhe rendeu uma vaga na Confedera\u00e7\u00e3o\nBrasileira de Desporto Universit\u00e1rio. <\/p>\n\n\n\n<figure class=\"wp-block-image size-large\"><img decoding=\"async\" width=\"1015\" height=\"440\" src=\"https:\/\/unifsa.com.br\/site\/wp-content\/uploads\/2020\/12\/7.jpg\" alt=\"\" class=\"wp-image-5627\" srcset=\"https:\/\/unifsa.com.br\/site\/wp-content\/uploads\/2020\/12\/7.jpg 1015w, https:\/\/unifsa.com.br\/site\/wp-content\/uploads\/2020\/12\/7-300x130.jpg 300w, https:\/\/unifsa.com.br\/site\/wp-content\/uploads\/2020\/12\/7-768x333.jpg 768w\" sizes=\"(max-width: 1015px) 100vw, 1015px\" \/><figcaption>Diego Mota em palestra e demonstra\u00e7\u00e3o para turmas de Educa\u00e7\u00e3o F\u00edsica e Fisioterapia <\/figcaption><\/figure>\n\n\n\n<p class=\"texto-justificado\">Como fisioterapeuta, Diego buscou\nse especializar em Fisioterapia esportiva e traumato-ortop\u00e9dica, tornando-se refer\u00eancia\nna \u00e1rea. Foi fisioterapeuta do Centro de Treinamento Sarah Menezes e do Clube\nJoca Claudino de Badminton, atuou na Confedera\u00e7\u00e3o Brasileira de Jud\u00f4 para\natender a campe\u00e3 ol\u00edmpica Sarah Menezes e tamb\u00e9m como fisioterapeuta da\nConfedera\u00e7\u00e3o Brasileira de Badminton e ParaBadminton, participando de\ncompeti\u00e7\u00f5es nacionais e internacionais, incluindo jogos pan-americanos. Al\u00e9m de\natender atletas amadores em cl\u00ednicas e consult\u00f3rios e supervisionar os est\u00e1gios\ndos acad\u00eamicos de Fisioterapia do UNIFSA. <\/p>\n\n\n\n<figure class=\"wp-block-image size-large\"><img decoding=\"async\" width=\"1015\" height=\"440\" src=\"https:\/\/unifsa.com.br\/site\/wp-content\/uploads\/2020\/12\/3.jpg\" alt=\"\" class=\"wp-image-5626\" srcset=\"https:\/\/unifsa.com.br\/site\/wp-content\/uploads\/2020\/12\/3.jpg 1015w, https:\/\/unifsa.com.br\/site\/wp-content\/uploads\/2020\/12\/3-300x130.jpg 300w, https:\/\/unifsa.com.br\/site\/wp-content\/uploads\/2020\/12\/3-768x333.jpg 768w\" sizes=\"(max-width: 1015px) 100vw, 1015px\" \/><figcaption> Diego Miranda Mota integrando a equipe Brasileira de parabadminton no\u00a0<em>Pan AM Para-Badminton Championships 2018<\/em>,  em Lima (Peru)<\/figcaption><\/figure>\n\n\n\n<div class=\"wp-block-image\"><figure class=\"alignright size-large is-resized\"><img loading=\"lazy\" decoding=\"async\" src=\"https:\/\/unifsa.com.br\/site\/wp-content\/uploads\/2020\/12\/28277415_1656877744394817_3959029594919283915_n.jpg\" alt=\"\" class=\"wp-image-5633\" width=\"331\" height=\"441\" srcset=\"https:\/\/unifsa.com.br\/site\/wp-content\/uploads\/2020\/12\/28277415_1656877744394817_3959029594919283915_n.jpg 720w, https:\/\/unifsa.com.br\/site\/wp-content\/uploads\/2020\/12\/28277415_1656877744394817_3959029594919283915_n-225x300.jpg 225w\" sizes=\"(max-width: 331px) 100vw, 331px\" \/><figcaption>Diego Mota e estudantes de Fisioterapia oferecem apoio na 1\u00aa Corrida de Rua do UNIFSA<\/figcaption><\/figure><\/div>\n\n\n\n<p class=\"texto-justificado\">Engajado em contribuir para alavancar o esporte local, Diego construiu rela\u00e7\u00e3o estreita com confedera\u00e7\u00f5es de diversas modalidades esportivas, sempre com seu jeito afetuoso de tratar a todos e com o desejo de profissionalizar, cada vez mais, os cuidados com os atletas. Diego montou uma equipe de estagi\u00e1rios de fisioterapia do UNIFSA para dar suporte em diversas competi\u00e7\u00f5es esportivas, como forma de prestigiar os eventos locais, ao tempo em que incentivava os alunos no desenvolvimento de habilidades para os cuidados desportivos, segundo ele, necess\u00e1rios para qualquer equipe de alto rendimento. \u201cEstamos estimulando uma leva de novos profissionais voltados para a Fisioterapia no esporte\u201d. <\/p>\n\n\n\n<p class=\"texto-justificado\">Simultaneamente, Diego coordenou o Projeto de Incentivo ao Esporte do UNIFSA, dispondo de seu conhecimento para colaborar no aux\u00edlio a novos atletas, fun\u00e7\u00e3o que sempre exerceu com muito orgulho e comprometimento, ciente das transforma\u00e7\u00f5es positivas que educa\u00e7\u00e3o e esporte s\u00e3o capazes de realizar na vida dos jovens.  <\/p>\n\n\n\n<figure class=\"wp-block-image size-large\"><img loading=\"lazy\" decoding=\"async\" width=\"700\" height=\"340\" src=\"https:\/\/unifsa.com.br\/site\/wp-content\/uploads\/2020\/12\/FSA_badminton.jpg\" alt=\"\" class=\"wp-image-5634\" srcset=\"https:\/\/unifsa.com.br\/site\/wp-content\/uploads\/2020\/12\/FSA_badminton.jpg 700w, https:\/\/unifsa.com.br\/site\/wp-content\/uploads\/2020\/12\/FSA_badminton-300x146.jpg 300w\" sizes=\"(max-width: 700px) 100vw, 700px\" \/><figcaption>Diego Mota, Francielton Farias (atleta), Wladimir Miranda (irm\u00e3o de Diego) e Gabriele Cavalcante (atleta) na  II\u00a0Etapa do Campeonato Nacional de Badminton  <\/figcaption><\/figure>\n\n\n\n<blockquote class=\"wp-block-quote texto-justificado is-layout-flow wp-block-quote-is-layout-flow\"><p>\u201cMinhas experi\u00eancias no esporte contribuem para que eu esteja sempre atento ao aparecimento de novos talentos e sobre como podemos colaborar para o desenvolvimento do esporte por meio do apoio aos atletas locais. O programa de Esportes do UNIFSA tem uma fun\u00e7\u00e3o de responsabilidade social muito importante e \u00e9 isso que fazemos aqui\u201d, resumiu quando questionado, em 2019, sobre seu trabalho na institui\u00e7\u00e3o.<\/p><\/blockquote>\n\n\n\n<figure class=\"wp-block-image size-large\"><img loading=\"lazy\" decoding=\"async\" width=\"1015\" height=\"440\" src=\"https:\/\/unifsa.com.br\/site\/wp-content\/uploads\/2020\/12\/i0.jpg\" alt=\"\" class=\"wp-image-5628\" srcset=\"https:\/\/unifsa.com.br\/site\/wp-content\/uploads\/2020\/12\/i0.jpg 1015w, https:\/\/unifsa.com.br\/site\/wp-content\/uploads\/2020\/12\/i0-300x130.jpg 300w, https:\/\/unifsa.com.br\/site\/wp-content\/uploads\/2020\/12\/i0-768x333.jpg 768w\" sizes=\"(max-width: 1015px) 100vw, 1015px\" \/><figcaption>Diego Mota e estudantes do UNIFSA fornecem apoio na  II Etapa do Circuito Nacional de Badminton <\/figcaption><\/figure>\n\n\n\n<p class=\"texto-justificado\">Pessoalmente,\nsua vida tamb\u00e9m se entrela\u00e7a com a do UNIFSA, casado com a professora do curso\nde Fisioterapia, Se\u00e2nia Santos, com quem tem tr\u00eas filhos; Diego tamb\u00e9m trouxe\nos irm\u00e3os para estudarem na institui\u00e7\u00e3o, que ele sempre definiu como \u201csegunda casa\u201d.\nMuito mais do que um excelente e empenhado profissional que se formou e\ntornou-se colaborador no UNIFSA, aqui, Diego construiu amizades, participou de\nconquistas importantes, viabilizou \u00f3timas parcerias, possibilitou que v\u00e1rios\natletas, dentre eles Francielton Farias (medalhista nos jogos pan-americanos de\nBadminton), obtivessem incentivo e apoio, distribuiu seu bom-humor e conquistou\nadmira\u00e7\u00e3o e carinho por sua personalidade t\u00e3o extrovertida e generosa.<\/p>\n\n\n\n<figure class=\"wp-block-image size-large\"><img loading=\"lazy\" decoding=\"async\" width=\"700\" height=\"340\" src=\"https:\/\/unifsa.com.br\/site\/wp-content\/uploads\/2020\/12\/fsa-tocha-3.jpg\" alt=\"\" class=\"wp-image-5635\" srcset=\"https:\/\/unifsa.com.br\/site\/wp-content\/uploads\/2020\/12\/fsa-tocha-3.jpg 700w, https:\/\/unifsa.com.br\/site\/wp-content\/uploads\/2020\/12\/fsa-tocha-3-300x146.jpg 300w\" sizes=\"(max-width: 700px) 100vw, 700px\" \/><figcaption>Na passagem da tocha ol\u00edmpica pelo Piau\u00ed, Diego Mota posa com Carlos Leite (egresso e ex-atleta UNIFSA)  que foi escolhido para carregar o importante s\u00edmbolo <\/figcaption><\/figure>\n\n\n\n<p class=\"texto-justificado\">Hoje somos invadidos pelo sentimento de saudade e perda, por\u00e9m n\u00e3o podemos deixar de lado a gratid\u00e3o por passagens t\u00e3o lindas deixadas por Diego Mota em nossa hist\u00f3ria. Estamos tristes, mas certos de que em algum momento as boas lembran\u00e7as superar\u00e3o a dor da separa\u00e7\u00e3o. Como sua segunda casa, oferecemos apoio e solidariedade a todos os familiares e amigos e rogamos a Deus serenidade para passar por esse doloroso momento. <\/p>\n","protected":false},"excerpt":{"rendered":"<p>Hoje, 11 de dezembro de 2020, o dia acordou triste, diferente. Mesmo em um ano t\u00e3o dif\u00edcil e com tantos desafios, um dos maiores se apresentou nessa manh\u00e3: enfrentar a dor causada pela partida precoce e inesperada de um grande amigo, Diego Miranda Mota, que faz parte da hist\u00f3ria do Centro Universit\u00e1rio Santo Agostinho de<\/p>\n","protected":false},"author":2,"featured_media":5621,"comment_status":"closed","ping_status":"open","sticky":false,"template":"","format":"standard","meta":{"_acf_changed":false,"footnotes":""},"categories":[6],"tags":[],"class_list":["post-5602","post","type-post","status-publish","format-standard","has-post-thumbnail","hentry","category-acontece-na-unifsa"],"acf":[],"yoast_head":"<!-- This site is optimized with the Yoast SEO plugin v26.5 - https:\/\/yoast.com\/wordpress\/plugins\/seo\/ -->\n<title>Comunidade UNIFSA lamenta o falecimento do coordenador de Esportes, Diego Mota - Centro Universit\u00e1rio Santo Agostinho - UNIFSA<\/title>\n<meta name=\"robots\" content=\"index, follow, max-snippet:-1, max-image-preview:large, max-video-preview:-1\" \/>\n<link rel=\"canonical\" href=\"https:\/\/unifsa.com.br\/site\/comunidade-unifsa-lamenta-o-falecimento-do-coordenador-de-esportes-diego-mota\/\" \/>\n<meta property=\"og:locale\" content=\"pt_BR\" \/>\n<meta property=\"og:type\" content=\"article\" \/>\n<meta property=\"og:title\" content=\"Comunidade UNIFSA lamenta o falecimento do coordenador de Esportes, Diego Mota - Centro Universit\u00e1rio Santo Agostinho - UNIFSA\" \/>\n<meta property=\"og:description\" content=\"Hoje, 11 de dezembro de 2020, o dia acordou triste, diferente. Mesmo em um ano t\u00e3o dif\u00edcil e com tantos desafios, um dos maiores se apresentou nessa manh\u00e3: enfrentar a dor causada pela partida precoce e inesperada de um grande amigo, Diego Miranda Mota, que faz parte da hist\u00f3ria do Centro Universit\u00e1rio Santo Agostinho de\" \/>\n<meta property=\"og:url\" content=\"https:\/\/unifsa.com.br\/site\/comunidade-unifsa-lamenta-o-falecimento-do-coordenador-de-esportes-diego-mota\/\" \/>\n<meta property=\"og:site_name\" content=\"Centro Universit\u00e1rio Santo Agostinho - UNIFSA\" \/>\n<meta property=\"article:publisher\" content=\"https:\/\/www.facebook.com\/unifsa\/\" \/>\n<meta property=\"article:published_time\" content=\"2020-12-11T18:22:10+00:00\" \/>\n<meta property=\"article:modified_time\" content=\"2020-12-11T19:07:52+00:00\" \/>\n<meta property=\"og:image\" content=\"https:\/\/unifsa.com.br\/site\/wp-content\/uploads\/2020\/12\/Site.jpeg\" \/>\n\t<meta property=\"og:image:width\" content=\"1170\" \/>\n\t<meta property=\"og:image:height\" content=\"350\" \/>\n\t<meta property=\"og:image:type\" content=\"image\/jpeg\" \/>\n<meta name=\"author\" content=\"Assessoria UNIFSA\" \/>\n<meta name=\"twitter:card\" content=\"summary_large_image\" \/>\n<meta name=\"twitter:label1\" content=\"Escrito por\" \/>\n\t<meta name=\"twitter:data1\" content=\"Assessoria UNIFSA\" \/>\n\t<meta name=\"twitter:label2\" content=\"Est. tempo de leitura\" \/>\n\t<meta name=\"twitter:data2\" content=\"4 minutos\" \/>\n<script type=\"application\/ld+json\" class=\"yoast-schema-graph\">{\"@context\":\"https:\/\/schema.org\",\"@graph\":[{\"@type\":\"Article\",\"@id\":\"https:\/\/unifsa.com.br\/site\/comunidade-unifsa-lamenta-o-falecimento-do-coordenador-de-esportes-diego-mota\/#article\",\"isPartOf\":{\"@id\":\"https:\/\/unifsa.com.br\/site\/comunidade-unifsa-lamenta-o-falecimento-do-coordenador-de-esportes-diego-mota\/\"},\"author\":{\"name\":\"Assessoria UNIFSA\",\"@id\":\"https:\/\/unifsa.com.br\/site\/#\/schema\/person\/551d7d1f1cd3f288057c5028fc404a18\"},\"headline\":\"Comunidade UNIFSA lamenta o falecimento do coordenador de Esportes, Diego Mota\",\"datePublished\":\"2020-12-11T18:22:10+00:00\",\"dateModified\":\"2020-12-11T19:07:52+00:00\",\"mainEntityOfPage\":{\"@id\":\"https:\/\/unifsa.com.br\/site\/comunidade-unifsa-lamenta-o-falecimento-do-coordenador-de-esportes-diego-mota\/\"},\"wordCount\":899,\"publisher\":{\"@id\":\"https:\/\/unifsa.com.br\/site\/#organization\"},\"image\":{\"@id\":\"https:\/\/unifsa.com.br\/site\/comunidade-unifsa-lamenta-o-falecimento-do-coordenador-de-esportes-diego-mota\/#primaryimage\"},\"thumbnailUrl\":\"https:\/\/unifsa.com.br\/site\/wp-content\/uploads\/2020\/12\/Site.jpeg\",\"articleSection\":[\"Acontece na UNIFSA\"],\"inLanguage\":\"pt-BR\"},{\"@type\":\"WebPage\",\"@id\":\"https:\/\/unifsa.com.br\/site\/comunidade-unifsa-lamenta-o-falecimento-do-coordenador-de-esportes-diego-mota\/\",\"url\":\"https:\/\/unifsa.com.br\/site\/comunidade-unifsa-lamenta-o-falecimento-do-coordenador-de-esportes-diego-mota\/\",\"name\":\"Comunidade UNIFSA lamenta o falecimento do coordenador de Esportes, Diego Mota - Centro Universit\u00e1rio Santo Agostinho - UNIFSA\",\"isPartOf\":{\"@id\":\"https:\/\/unifsa.com.br\/site\/#website\"},\"primaryImageOfPage\":{\"@id\":\"https:\/\/unifsa.com.br\/site\/comunidade-unifsa-lamenta-o-falecimento-do-coordenador-de-esportes-diego-mota\/#primaryimage\"},\"image\":{\"@id\":\"https:\/\/unifsa.com.br\/site\/comunidade-unifsa-lamenta-o-falecimento-do-coordenador-de-esportes-diego-mota\/#primaryimage\"},\"thumbnailUrl\":\"https:\/\/unifsa.com.br\/site\/wp-content\/uploads\/2020\/12\/Site.jpeg\",\"datePublished\":\"2020-12-11T18:22:10+00:00\",\"dateModified\":\"2020-12-11T19:07:52+00:00\",\"breadcrumb\":{\"@id\":\"https:\/\/unifsa.com.br\/site\/comunidade-unifsa-lamenta-o-falecimento-do-coordenador-de-esportes-diego-mota\/#breadcrumb\"},\"inLanguage\":\"pt-BR\",\"potentialAction\":[{\"@type\":\"ReadAction\",\"target\":[\"https:\/\/unifsa.com.br\/site\/comunidade-unifsa-lamenta-o-falecimento-do-coordenador-de-esportes-diego-mota\/\"]}]},{\"@type\":\"ImageObject\",\"inLanguage\":\"pt-BR\",\"@id\":\"https:\/\/unifsa.com.br\/site\/comunidade-unifsa-lamenta-o-falecimento-do-coordenador-de-esportes-diego-mota\/#primaryimage\",\"url\":\"https:\/\/unifsa.com.br\/site\/wp-content\/uploads\/2020\/12\/Site.jpeg\",\"contentUrl\":\"https:\/\/unifsa.com.br\/site\/wp-content\/uploads\/2020\/12\/Site.jpeg\",\"width\":1170,\"height\":350},{\"@type\":\"BreadcrumbList\",\"@id\":\"https:\/\/unifsa.com.br\/site\/comunidade-unifsa-lamenta-o-falecimento-do-coordenador-de-esportes-diego-mota\/#breadcrumb\",\"itemListElement\":[{\"@type\":\"ListItem\",\"position\":1,\"name\":\"In\u00edcio\",\"item\":\"https:\/\/unifsa.com.br\/site\/\"},{\"@type\":\"ListItem\",\"position\":2,\"name\":\"Comunidade UNIFSA lamenta o falecimento do coordenador de Esportes, Diego Mota\"}]},{\"@type\":\"WebSite\",\"@id\":\"https:\/\/unifsa.com.br\/site\/#website\",\"url\":\"https:\/\/unifsa.com.br\/site\/\",\"name\":\"Centro Universit\u00e1rio Santo Agostinho - UNIFSA\",\"description\":\"Conhecimento para toda a vida\",\"publisher\":{\"@id\":\"https:\/\/unifsa.com.br\/site\/#organization\"},\"potentialAction\":[{\"@type\":\"SearchAction\",\"target\":{\"@type\":\"EntryPoint\",\"urlTemplate\":\"https:\/\/unifsa.com.br\/site\/?s={search_term_string}\"},\"query-input\":{\"@type\":\"PropertyValueSpecification\",\"valueRequired\":true,\"valueName\":\"search_term_string\"}}],\"inLanguage\":\"pt-BR\"},{\"@type\":\"Organization\",\"@id\":\"https:\/\/unifsa.com.br\/site\/#organization\",\"name\":\"Centro Universit\u00e1rio Santo Agostinho - UNIFSA\",\"url\":\"https:\/\/unifsa.com.br\/site\/\",\"logo\":{\"@type\":\"ImageObject\",\"inLanguage\":\"pt-BR\",\"@id\":\"https:\/\/unifsa.com.br\/site\/#\/schema\/logo\/image\/\",\"url\":\"https:\/\/unifsa.com.br\/site\/wp-content\/uploads\/2023\/03\/MARCA-UNIFSA-CIC23-q2apjs1mt975cf1wl25b044coj90fwoiee1kya6800.png\",\"contentUrl\":\"https:\/\/unifsa.com.br\/site\/wp-content\/uploads\/2023\/03\/MARCA-UNIFSA-CIC23-q2apjs1mt975cf1wl25b044coj90fwoiee1kya6800.png\",\"width\":103,\"height\":100,\"caption\":\"Centro Universit\u00e1rio Santo Agostinho - UNIFSA\"},\"image\":{\"@id\":\"https:\/\/unifsa.com.br\/site\/#\/schema\/logo\/image\/\"},\"sameAs\":[\"https:\/\/www.facebook.com\/unifsa\/\",\"https:\/\/www.instagram.com\/unifsa\/\"]},{\"@type\":\"Person\",\"@id\":\"https:\/\/unifsa.com.br\/site\/#\/schema\/person\/551d7d1f1cd3f288057c5028fc404a18\",\"name\":\"Assessoria UNIFSA\",\"image\":{\"@type\":\"ImageObject\",\"inLanguage\":\"pt-BR\",\"@id\":\"https:\/\/unifsa.com.br\/site\/#\/schema\/person\/image\/\",\"url\":\"https:\/\/secure.gravatar.com\/avatar\/6a631991e4af344430e4f0c5fcc3a220482c78e6a883ad6b80a34c55d1ada357?s=96&d=mm&r=g\",\"contentUrl\":\"https:\/\/secure.gravatar.com\/avatar\/6a631991e4af344430e4f0c5fcc3a220482c78e6a883ad6b80a34c55d1ada357?s=96&d=mm&r=g\",\"caption\":\"Assessoria UNIFSA\"},\"url\":\"https:\/\/unifsa.com.br\/site\/author\/assessoria\/\"}]}<\/script>\n<!-- \/ Yoast SEO plugin. -->","yoast_head_json":{"title":"Comunidade UNIFSA lamenta o falecimento do coordenador de Esportes, Diego Mota - Centro Universit\u00e1rio Santo Agostinho - UNIFSA","robots":{"index":"index","follow":"follow","max-snippet":"max-snippet:-1","max-image-preview":"max-image-preview:large","max-video-preview":"max-video-preview:-1"},"canonical":"https:\/\/unifsa.com.br\/site\/comunidade-unifsa-lamenta-o-falecimento-do-coordenador-de-esportes-diego-mota\/","og_locale":"pt_BR","og_type":"article","og_title":"Comunidade UNIFSA lamenta o falecimento do coordenador de Esportes, Diego Mota - Centro Universit\u00e1rio Santo Agostinho - UNIFSA","og_description":"Hoje, 11 de dezembro de 2020, o dia acordou triste, diferente. Mesmo em um ano t\u00e3o dif\u00edcil e com tantos desafios, um dos maiores se apresentou nessa manh\u00e3: enfrentar a dor causada pela partida precoce e inesperada de um grande amigo, Diego Miranda Mota, que faz parte da hist\u00f3ria do Centro Universit\u00e1rio Santo Agostinho de","og_url":"https:\/\/unifsa.com.br\/site\/comunidade-unifsa-lamenta-o-falecimento-do-coordenador-de-esportes-diego-mota\/","og_site_name":"Centro Universit\u00e1rio Santo Agostinho - UNIFSA","article_publisher":"https:\/\/www.facebook.com\/unifsa\/","article_published_time":"2020-12-11T18:22:10+00:00","article_modified_time":"2020-12-11T19:07:52+00:00","og_image":[{"width":1170,"height":350,"url":"https:\/\/unifsa.com.br\/site\/wp-content\/uploads\/2020\/12\/Site.jpeg","type":"image\/jpeg"}],"author":"Assessoria UNIFSA","twitter_card":"summary_large_image","twitter_misc":{"Escrito por":"Assessoria UNIFSA","Est. tempo de leitura":"4 minutos"},"schema":{"@context":"https:\/\/schema.org","@graph":[{"@type":"Article","@id":"https:\/\/unifsa.com.br\/site\/comunidade-unifsa-lamenta-o-falecimento-do-coordenador-de-esportes-diego-mota\/#article","isPartOf":{"@id":"https:\/\/unifsa.com.br\/site\/comunidade-unifsa-lamenta-o-falecimento-do-coordenador-de-esportes-diego-mota\/"},"author":{"name":"Assessoria UNIFSA","@id":"https:\/\/unifsa.com.br\/site\/#\/schema\/person\/551d7d1f1cd3f288057c5028fc404a18"},"headline":"Comunidade UNIFSA lamenta o falecimento do coordenador de Esportes, Diego Mota","datePublished":"2020-12-11T18:22:10+00:00","dateModified":"2020-12-11T19:07:52+00:00","mainEntityOfPage":{"@id":"https:\/\/unifsa.com.br\/site\/comunidade-unifsa-lamenta-o-falecimento-do-coordenador-de-esportes-diego-mota\/"},"wordCount":899,"publisher":{"@id":"https:\/\/unifsa.com.br\/site\/#organization"},"image":{"@id":"https:\/\/unifsa.com.br\/site\/comunidade-unifsa-lamenta-o-falecimento-do-coordenador-de-esportes-diego-mota\/#primaryimage"},"thumbnailUrl":"https:\/\/unifsa.com.br\/site\/wp-content\/uploads\/2020\/12\/Site.jpeg","articleSection":["Acontece na UNIFSA"],"inLanguage":"pt-BR"},{"@type":"WebPage","@id":"https:\/\/unifsa.com.br\/site\/comunidade-unifsa-lamenta-o-falecimento-do-coordenador-de-esportes-diego-mota\/","url":"https:\/\/unifsa.com.br\/site\/comunidade-unifsa-lamenta-o-falecimento-do-coordenador-de-esportes-diego-mota\/","name":"Comunidade UNIFSA lamenta o falecimento do coordenador de Esportes, Diego Mota - Centro Universit\u00e1rio Santo Agostinho - UNIFSA","isPartOf":{"@id":"https:\/\/unifsa.com.br\/site\/#website"},"primaryImageOfPage":{"@id":"https:\/\/unifsa.com.br\/site\/comunidade-unifsa-lamenta-o-falecimento-do-coordenador-de-esportes-diego-mota\/#primaryimage"},"image":{"@id":"https:\/\/unifsa.com.br\/site\/comunidade-unifsa-lamenta-o-falecimento-do-coordenador-de-esportes-diego-mota\/#primaryimage"},"thumbnailUrl":"https:\/\/unifsa.com.br\/site\/wp-content\/uploads\/2020\/12\/Site.jpeg","datePublished":"2020-12-11T18:22:10+00:00","dateModified":"2020-12-11T19:07:52+00:00","breadcrumb":{"@id":"https:\/\/unifsa.com.br\/site\/comunidade-unifsa-lamenta-o-falecimento-do-coordenador-de-esportes-diego-mota\/#breadcrumb"},"inLanguage":"pt-BR","potentialAction":[{"@type":"ReadAction","target":["https:\/\/unifsa.com.br\/site\/comunidade-unifsa-lamenta-o-falecimento-do-coordenador-de-esportes-diego-mota\/"]}]},{"@type":"ImageObject","inLanguage":"pt-BR","@id":"https:\/\/unifsa.com.br\/site\/comunidade-unifsa-lamenta-o-falecimento-do-coordenador-de-esportes-diego-mota\/#primaryimage","url":"https:\/\/unifsa.com.br\/site\/wp-content\/uploads\/2020\/12\/Site.jpeg","contentUrl":"https:\/\/unifsa.com.br\/site\/wp-content\/uploads\/2020\/12\/Site.jpeg","width":1170,"height":350},{"@type":"BreadcrumbList","@id":"https:\/\/unifsa.com.br\/site\/comunidade-unifsa-lamenta-o-falecimento-do-coordenador-de-esportes-diego-mota\/#breadcrumb","itemListElement":[{"@type":"ListItem","position":1,"name":"In\u00edcio","item":"https:\/\/unifsa.com.br\/site\/"},{"@type":"ListItem","position":2,"name":"Comunidade UNIFSA lamenta o falecimento do coordenador de Esportes, Diego Mota"}]},{"@type":"WebSite","@id":"https:\/\/unifsa.com.br\/site\/#website","url":"https:\/\/unifsa.com.br\/site\/","name":"Centro Universit\u00e1rio Santo Agostinho - UNIFSA","description":"Conhecimento para toda a vida","publisher":{"@id":"https:\/\/unifsa.com.br\/site\/#organization"},"potentialAction":[{"@type":"SearchAction","target":{"@type":"EntryPoint","urlTemplate":"https:\/\/unifsa.com.br\/site\/?s={search_term_string}"},"query-input":{"@type":"PropertyValueSpecification","valueRequired":true,"valueName":"search_term_string"}}],"inLanguage":"pt-BR"},{"@type":"Organization","@id":"https:\/\/unifsa.com.br\/site\/#organization","name":"Centro Universit\u00e1rio Santo Agostinho - UNIFSA","url":"https:\/\/unifsa.com.br\/site\/","logo":{"@type":"ImageObject","inLanguage":"pt-BR","@id":"https:\/\/unifsa.com.br\/site\/#\/schema\/logo\/image\/","url":"https:\/\/unifsa.com.br\/site\/wp-content\/uploads\/2023\/03\/MARCA-UNIFSA-CIC23-q2apjs1mt975cf1wl25b044coj90fwoiee1kya6800.png","contentUrl":"https:\/\/unifsa.com.br\/site\/wp-content\/uploads\/2023\/03\/MARCA-UNIFSA-CIC23-q2apjs1mt975cf1wl25b044coj90fwoiee1kya6800.png","width":103,"height":100,"caption":"Centro Universit\u00e1rio Santo Agostinho - UNIFSA"},"image":{"@id":"https:\/\/unifsa.com.br\/site\/#\/schema\/logo\/image\/"},"sameAs":["https:\/\/www.facebook.com\/unifsa\/","https:\/\/www.instagram.com\/unifsa\/"]},{"@type":"Person","@id":"https:\/\/unifsa.com.br\/site\/#\/schema\/person\/551d7d1f1cd3f288057c5028fc404a18","name":"Assessoria UNIFSA","image":{"@type":"ImageObject","inLanguage":"pt-BR","@id":"https:\/\/unifsa.com.br\/site\/#\/schema\/person\/image\/","url":"https:\/\/secure.gravatar.com\/avatar\/6a631991e4af344430e4f0c5fcc3a220482c78e6a883ad6b80a34c55d1ada357?s=96&d=mm&r=g","contentUrl":"https:\/\/secure.gravatar.com\/avatar\/6a631991e4af344430e4f0c5fcc3a220482c78e6a883ad6b80a34c55d1ada357?s=96&d=mm&r=g","caption":"Assessoria UNIFSA"},"url":"https:\/\/unifsa.com.br\/site\/author\/assessoria\/"}]}},"_links":{"self":[{"href":"https:\/\/unifsa.com.br\/site\/wp-json\/wp\/v2\/posts\/5602","targetHints":{"allow":["GET"]}}],"collection":[{"href":"https:\/\/unifsa.com.br\/site\/wp-json\/wp\/v2\/posts"}],"about":[{"href":"https:\/\/unifsa.com.br\/site\/wp-json\/wp\/v2\/types\/post"}],"author":[{"embeddable":true,"href":"https:\/\/unifsa.com.br\/site\/wp-json\/wp\/v2\/users\/2"}],"replies":[{"embeddable":true,"href":"https:\/\/unifsa.com.br\/site\/wp-json\/wp\/v2\/comments?post=5602"}],"version-history":[{"count":7,"href":"https:\/\/unifsa.com.br\/site\/wp-json\/wp\/v2\/posts\/5602\/revisions"}],"predecessor-version":[{"id":5636,"href":"https:\/\/unifsa.com.br\/site\/wp-json\/wp\/v2\/posts\/5602\/revisions\/5636"}],"wp:featuredmedia":[{"embeddable":true,"href":"https:\/\/unifsa.com.br\/site\/wp-json\/wp\/v2\/media\/5621"}],"wp:attachment":[{"href":"https:\/\/unifsa.com.br\/site\/wp-json\/wp\/v2\/media?parent=5602"}],"wp:term":[{"taxonomy":"category","embeddable":true,"href":"https:\/\/unifsa.com.br\/site\/wp-json\/wp\/v2\/categories?post=5602"},{"taxonomy":"post_tag","embeddable":true,"href":"https:\/\/unifsa.com.br\/site\/wp-json\/wp\/v2\/tags?post=5602"}],"curies":[{"name":"wp","href":"https:\/\/api.w.org\/{rel}","templated":true}]}}