{"id":4866,"date":"2020-09-18T12:32:20","date_gmt":"2020-09-18T15:32:20","guid":{"rendered":"https:\/\/unifsa.com.br\/site\/?p=4866"},"modified":"2020-09-23T10:15:58","modified_gmt":"2020-09-23T13:15:58","slug":"webconferencia-do-unifsa-debate-as-politicas-sociais-em-tempos-de-pandemia","status":"publish","type":"post","link":"https:\/\/unifsa.com.br\/site\/webconferencia-do-unifsa-debate-as-politicas-sociais-em-tempos-de-pandemia\/","title":{"rendered":"Webconfer\u00eancia do UNIFSA debate as pol\u00edticas sociais em tempos de pandemia"},"content":{"rendered":"\n<p class=\"texto-justificado\">A webconfer\u00eancia \u201cVigil\u00e2ncia das pol\u00edticas sociais em tempo de pandemia, com \u00eanfase na Assist\u00eancia Social\u201d,  ocorrida na segunda-feira, 21 de setembro, j\u00e1 est\u00e1 dispon\u00edvel para os interessados.<br>A web, realizada por meio da Plataforma Blackboard, teve a modera\u00e7\u00e3o da Profa. Roberta Mara Ara\u00fajo, coordenadora da p\u00f3s-gradua\u00e7\u00e3o em Gest\u00e3o de pol\u00edticas sociais com \u00eanfase nas metodologias interdisciplinares de planejamento e avalia\u00e7\u00e3o do UNIFSA. <br>A Webconfer\u00eancia teve como convidada a Profa. M\u00e1rcia Lopes, assistente social com mestrado em Servi\u00e7o Social pela PUC\/SP, tendo atuado como Secret\u00e1ria Nacional de Assist\u00eancia Social e Secret\u00e1ria Executiva do Minist\u00e9rio da Cidadania. A web foi uma excelente oportunidade para refletir sobre as quest\u00f5es atuais do campo de pol\u00edticas sociais e projetar formas de atua\u00e7\u00e3o e desempenho nesta \u00e1rea t\u00e3o necess\u00e1ria para diminui\u00e7\u00e3o da desigualdade do Brasil.<\/p>\n\n\n\n<div class=\"wp-block-button aligncenter\"><a class=\"wp-block-button__link has-background has-vivid-cyan-blue-background-color\" href=\"https:\/\/ca.bbcollab.com\/recording\/bc6403a4d7c94c7dadeed6a066f9e6b7\">Assista aqui \u00e0 webconfer\u00eancia <\/a><\/div>\n","protected":false},"excerpt":{"rendered":"<p>A webconfer\u00eancia \u201cVigil\u00e2ncia das pol\u00edticas sociais em tempo de pandemia, com \u00eanfase na Assist\u00eancia Social\u201d, ocorrida na segunda-feira, 21 de setembro, j\u00e1 est\u00e1 dispon\u00edvel para os interessados.A web, realizada por meio da Plataforma Blackboard, teve a modera\u00e7\u00e3o da Profa. Roberta Mara Ara\u00fajo, coordenadora da p\u00f3s-gradua\u00e7\u00e3o em Gest\u00e3o de pol\u00edticas sociais com \u00eanfase nas metodologias interdisciplinares<\/p>\n","protected":false},"author":2,"featured_media":4867,"comment_status":"closed","ping_status":"open","sticky":false,"template":"","format":"standard","meta":{"_acf_changed":false,"footnotes":""},"categories":[6],"tags":[],"class_list":["post-4866","post","type-post","status-publish","format-standard","has-post-thumbnail","hentry","category-acontece-na-unifsa"],"acf":[],"yoast_head":"<!-- This site is optimized with the Yoast SEO plugin v26.5 - https:\/\/yoast.com\/wordpress\/plugins\/seo\/ -->\n<title>Webconfer\u00eancia do UNIFSA debate as pol\u00edticas sociais em tempos de pandemia - Centro Universit\u00e1rio Santo Agostinho - UNIFSA<\/title>\n<meta name=\"robots\" content=\"index, follow, max-snippet:-1, max-image-preview:large, max-video-preview:-1\" \/>\n<link rel=\"canonical\" href=\"https:\/\/unifsa.com.br\/site\/webconferencia-do-unifsa-debate-as-politicas-sociais-em-tempos-de-pandemia\/\" \/>\n<meta property=\"og:locale\" content=\"pt_BR\" \/>\n<meta property=\"og:type\" content=\"article\" \/>\n<meta property=\"og:title\" content=\"Webconfer\u00eancia do UNIFSA debate as pol\u00edticas sociais em tempos de pandemia - Centro Universit\u00e1rio Santo Agostinho - UNIFSA\" \/>\n<meta property=\"og:description\" content=\"A webconfer\u00eancia \u201cVigil\u00e2ncia das pol\u00edticas sociais em tempo de pandemia, com \u00eanfase na Assist\u00eancia Social\u201d, ocorrida na segunda-feira, 21 de setembro, j\u00e1 est\u00e1 dispon\u00edvel para os interessados.A web, realizada por meio da Plataforma Blackboard, teve a modera\u00e7\u00e3o da Profa. Roberta Mara Ara\u00fajo, coordenadora da p\u00f3s-gradua\u00e7\u00e3o em Gest\u00e3o de pol\u00edticas sociais com \u00eanfase nas metodologias interdisciplinares\" \/>\n<meta property=\"og:url\" content=\"https:\/\/unifsa.com.br\/site\/webconferencia-do-unifsa-debate-as-politicas-sociais-em-tempos-de-pandemia\/\" \/>\n<meta property=\"og:site_name\" content=\"Centro Universit\u00e1rio Santo Agostinho - UNIFSA\" \/>\n<meta property=\"article:publisher\" content=\"https:\/\/www.facebook.com\/unifsa\/\" \/>\n<meta property=\"article:published_time\" content=\"2020-09-18T15:32:20+00:00\" \/>\n<meta property=\"article:modified_time\" content=\"2020-09-23T13:15:58+00:00\" \/>\n<meta property=\"og:image\" content=\"https:\/\/unifsa.com.br\/site\/wp-content\/uploads\/2020\/09\/WhatsApp-Image-2020-09-18-at-11.47.24.jpeg\" \/>\n\t<meta property=\"og:image:width\" content=\"1015\" \/>\n\t<meta property=\"og:image:height\" content=\"440\" \/>\n\t<meta property=\"og:image:type\" content=\"image\/jpeg\" \/>\n<meta name=\"author\" content=\"Assessoria UNIFSA\" \/>\n<meta name=\"twitter:card\" content=\"summary_large_image\" \/>\n<meta name=\"twitter:label1\" content=\"Escrito por\" \/>\n\t<meta name=\"twitter:data1\" content=\"Assessoria UNIFSA\" \/>\n\t<meta name=\"twitter:label2\" content=\"Est. tempo de leitura\" \/>\n\t<meta name=\"twitter:data2\" content=\"1 minuto\" \/>\n<script type=\"application\/ld+json\" class=\"yoast-schema-graph\">{\"@context\":\"https:\/\/schema.org\",\"@graph\":[{\"@type\":\"Article\",\"@id\":\"https:\/\/unifsa.com.br\/site\/webconferencia-do-unifsa-debate-as-politicas-sociais-em-tempos-de-pandemia\/#article\",\"isPartOf\":{\"@id\":\"https:\/\/unifsa.com.br\/site\/webconferencia-do-unifsa-debate-as-politicas-sociais-em-tempos-de-pandemia\/\"},\"author\":{\"name\":\"Assessoria UNIFSA\",\"@id\":\"https:\/\/unifsa.com.br\/site\/#\/schema\/person\/551d7d1f1cd3f288057c5028fc404a18\"},\"headline\":\"Webconfer\u00eancia do UNIFSA debate as pol\u00edticas sociais em tempos de pandemia\",\"datePublished\":\"2020-09-18T15:32:20+00:00\",\"dateModified\":\"2020-09-23T13:15:58+00:00\",\"mainEntityOfPage\":{\"@id\":\"https:\/\/unifsa.com.br\/site\/webconferencia-do-unifsa-debate-as-politicas-sociais-em-tempos-de-pandemia\/\"},\"wordCount\":171,\"publisher\":{\"@id\":\"https:\/\/unifsa.com.br\/site\/#organization\"},\"image\":{\"@id\":\"https:\/\/unifsa.com.br\/site\/webconferencia-do-unifsa-debate-as-politicas-sociais-em-tempos-de-pandemia\/#primaryimage\"},\"thumbnailUrl\":\"https:\/\/unifsa.com.br\/site\/wp-content\/uploads\/2020\/09\/WhatsApp-Image-2020-09-18-at-11.47.24.jpeg\",\"articleSection\":[\"Acontece na UNIFSA\"],\"inLanguage\":\"pt-BR\"},{\"@type\":\"WebPage\",\"@id\":\"https:\/\/unifsa.com.br\/site\/webconferencia-do-unifsa-debate-as-politicas-sociais-em-tempos-de-pandemia\/\",\"url\":\"https:\/\/unifsa.com.br\/site\/webconferencia-do-unifsa-debate-as-politicas-sociais-em-tempos-de-pandemia\/\",\"name\":\"Webconfer\u00eancia do UNIFSA debate as pol\u00edticas sociais em tempos de pandemia - Centro Universit\u00e1rio Santo Agostinho - UNIFSA\",\"isPartOf\":{\"@id\":\"https:\/\/unifsa.com.br\/site\/#website\"},\"primaryImageOfPage\":{\"@id\":\"https:\/\/unifsa.com.br\/site\/webconferencia-do-unifsa-debate-as-politicas-sociais-em-tempos-de-pandemia\/#primaryimage\"},\"image\":{\"@id\":\"https:\/\/unifsa.com.br\/site\/webconferencia-do-unifsa-debate-as-politicas-sociais-em-tempos-de-pandemia\/#primaryimage\"},\"thumbnailUrl\":\"https:\/\/unifsa.com.br\/site\/wp-content\/uploads\/2020\/09\/WhatsApp-Image-2020-09-18-at-11.47.24.jpeg\",\"datePublished\":\"2020-09-18T15:32:20+00:00\",\"dateModified\":\"2020-09-23T13:15:58+00:00\",\"breadcrumb\":{\"@id\":\"https:\/\/unifsa.com.br\/site\/webconferencia-do-unifsa-debate-as-politicas-sociais-em-tempos-de-pandemia\/#breadcrumb\"},\"inLanguage\":\"pt-BR\",\"potentialAction\":[{\"@type\":\"ReadAction\",\"target\":[\"https:\/\/unifsa.com.br\/site\/webconferencia-do-unifsa-debate-as-politicas-sociais-em-tempos-de-pandemia\/\"]}]},{\"@type\":\"ImageObject\",\"inLanguage\":\"pt-BR\",\"@id\":\"https:\/\/unifsa.com.br\/site\/webconferencia-do-unifsa-debate-as-politicas-sociais-em-tempos-de-pandemia\/#primaryimage\",\"url\":\"https:\/\/unifsa.com.br\/site\/wp-content\/uploads\/2020\/09\/WhatsApp-Image-2020-09-18-at-11.47.24.jpeg\",\"contentUrl\":\"https:\/\/unifsa.com.br\/site\/wp-content\/uploads\/2020\/09\/WhatsApp-Image-2020-09-18-at-11.47.24.jpeg\",\"width\":1015,\"height\":440},{\"@type\":\"BreadcrumbList\",\"@id\":\"https:\/\/unifsa.com.br\/site\/webconferencia-do-unifsa-debate-as-politicas-sociais-em-tempos-de-pandemia\/#breadcrumb\",\"itemListElement\":[{\"@type\":\"ListItem\",\"position\":1,\"name\":\"In\u00edcio\",\"item\":\"https:\/\/unifsa.com.br\/site\/\"},{\"@type\":\"ListItem\",\"position\":2,\"name\":\"Webconfer\u00eancia do UNIFSA debate as pol\u00edticas sociais em tempos de pandemia\"}]},{\"@type\":\"WebSite\",\"@id\":\"https:\/\/unifsa.com.br\/site\/#website\",\"url\":\"https:\/\/unifsa.com.br\/site\/\",\"name\":\"Centro Universit\u00e1rio Santo Agostinho - UNIFSA\",\"description\":\"Conhecimento para toda a vida\",\"publisher\":{\"@id\":\"https:\/\/unifsa.com.br\/site\/#organization\"},\"potentialAction\":[{\"@type\":\"SearchAction\",\"target\":{\"@type\":\"EntryPoint\",\"urlTemplate\":\"https:\/\/unifsa.com.br\/site\/?s={search_term_string}\"},\"query-input\":{\"@type\":\"PropertyValueSpecification\",\"valueRequired\":true,\"valueName\":\"search_term_string\"}}],\"inLanguage\":\"pt-BR\"},{\"@type\":\"Organization\",\"@id\":\"https:\/\/unifsa.com.br\/site\/#organization\",\"name\":\"Centro Universit\u00e1rio Santo Agostinho - UNIFSA\",\"url\":\"https:\/\/unifsa.com.br\/site\/\",\"logo\":{\"@type\":\"ImageObject\",\"inLanguage\":\"pt-BR\",\"@id\":\"https:\/\/unifsa.com.br\/site\/#\/schema\/logo\/image\/\",\"url\":\"https:\/\/unifsa.com.br\/site\/wp-content\/uploads\/2023\/03\/MARCA-UNIFSA-CIC23-q2apjs1mt975cf1wl25b044coj90fwoiee1kya6800.png\",\"contentUrl\":\"https:\/\/unifsa.com.br\/site\/wp-content\/uploads\/2023\/03\/MARCA-UNIFSA-CIC23-q2apjs1mt975cf1wl25b044coj90fwoiee1kya6800.png\",\"width\":103,\"height\":100,\"caption\":\"Centro Universit\u00e1rio Santo Agostinho - UNIFSA\"},\"image\":{\"@id\":\"https:\/\/unifsa.com.br\/site\/#\/schema\/logo\/image\/\"},\"sameAs\":[\"https:\/\/www.facebook.com\/unifsa\/\",\"https:\/\/www.instagram.com\/unifsa\/\"]},{\"@type\":\"Person\",\"@id\":\"https:\/\/unifsa.com.br\/site\/#\/schema\/person\/551d7d1f1cd3f288057c5028fc404a18\",\"name\":\"Assessoria UNIFSA\",\"image\":{\"@type\":\"ImageObject\",\"inLanguage\":\"pt-BR\",\"@id\":\"https:\/\/unifsa.com.br\/site\/#\/schema\/person\/image\/\",\"url\":\"https:\/\/secure.gravatar.com\/avatar\/6a631991e4af344430e4f0c5fcc3a220482c78e6a883ad6b80a34c55d1ada357?s=96&d=mm&r=g\",\"contentUrl\":\"https:\/\/secure.gravatar.com\/avatar\/6a631991e4af344430e4f0c5fcc3a220482c78e6a883ad6b80a34c55d1ada357?s=96&d=mm&r=g\",\"caption\":\"Assessoria UNIFSA\"},\"url\":\"https:\/\/unifsa.com.br\/site\/author\/assessoria\/\"}]}<\/script>\n<!-- \/ Yoast SEO plugin. -->","yoast_head_json":{"title":"Webconfer\u00eancia do UNIFSA debate as pol\u00edticas sociais em tempos de pandemia - Centro Universit\u00e1rio Santo Agostinho - UNIFSA","robots":{"index":"index","follow":"follow","max-snippet":"max-snippet:-1","max-image-preview":"max-image-preview:large","max-video-preview":"max-video-preview:-1"},"canonical":"https:\/\/unifsa.com.br\/site\/webconferencia-do-unifsa-debate-as-politicas-sociais-em-tempos-de-pandemia\/","og_locale":"pt_BR","og_type":"article","og_title":"Webconfer\u00eancia do UNIFSA debate as pol\u00edticas sociais em tempos de pandemia - Centro Universit\u00e1rio Santo Agostinho - UNIFSA","og_description":"A webconfer\u00eancia \u201cVigil\u00e2ncia das pol\u00edticas sociais em tempo de pandemia, com \u00eanfase na Assist\u00eancia Social\u201d, ocorrida na segunda-feira, 21 de setembro, j\u00e1 est\u00e1 dispon\u00edvel para os interessados.A web, realizada por meio da Plataforma Blackboard, teve a modera\u00e7\u00e3o da Profa. Roberta Mara Ara\u00fajo, coordenadora da p\u00f3s-gradua\u00e7\u00e3o em Gest\u00e3o de pol\u00edticas sociais com \u00eanfase nas metodologias interdisciplinares","og_url":"https:\/\/unifsa.com.br\/site\/webconferencia-do-unifsa-debate-as-politicas-sociais-em-tempos-de-pandemia\/","og_site_name":"Centro Universit\u00e1rio Santo Agostinho - UNIFSA","article_publisher":"https:\/\/www.facebook.com\/unifsa\/","article_published_time":"2020-09-18T15:32:20+00:00","article_modified_time":"2020-09-23T13:15:58+00:00","og_image":[{"width":1015,"height":440,"url":"https:\/\/unifsa.com.br\/site\/wp-content\/uploads\/2020\/09\/WhatsApp-Image-2020-09-18-at-11.47.24.jpeg","type":"image\/jpeg"}],"author":"Assessoria UNIFSA","twitter_card":"summary_large_image","twitter_misc":{"Escrito por":"Assessoria UNIFSA","Est. tempo de leitura":"1 minuto"},"schema":{"@context":"https:\/\/schema.org","@graph":[{"@type":"Article","@id":"https:\/\/unifsa.com.br\/site\/webconferencia-do-unifsa-debate-as-politicas-sociais-em-tempos-de-pandemia\/#article","isPartOf":{"@id":"https:\/\/unifsa.com.br\/site\/webconferencia-do-unifsa-debate-as-politicas-sociais-em-tempos-de-pandemia\/"},"author":{"name":"Assessoria UNIFSA","@id":"https:\/\/unifsa.com.br\/site\/#\/schema\/person\/551d7d1f1cd3f288057c5028fc404a18"},"headline":"Webconfer\u00eancia do UNIFSA debate as pol\u00edticas sociais em tempos de pandemia","datePublished":"2020-09-18T15:32:20+00:00","dateModified":"2020-09-23T13:15:58+00:00","mainEntityOfPage":{"@id":"https:\/\/unifsa.com.br\/site\/webconferencia-do-unifsa-debate-as-politicas-sociais-em-tempos-de-pandemia\/"},"wordCount":171,"publisher":{"@id":"https:\/\/unifsa.com.br\/site\/#organization"},"image":{"@id":"https:\/\/unifsa.com.br\/site\/webconferencia-do-unifsa-debate-as-politicas-sociais-em-tempos-de-pandemia\/#primaryimage"},"thumbnailUrl":"https:\/\/unifsa.com.br\/site\/wp-content\/uploads\/2020\/09\/WhatsApp-Image-2020-09-18-at-11.47.24.jpeg","articleSection":["Acontece na UNIFSA"],"inLanguage":"pt-BR"},{"@type":"WebPage","@id":"https:\/\/unifsa.com.br\/site\/webconferencia-do-unifsa-debate-as-politicas-sociais-em-tempos-de-pandemia\/","url":"https:\/\/unifsa.com.br\/site\/webconferencia-do-unifsa-debate-as-politicas-sociais-em-tempos-de-pandemia\/","name":"Webconfer\u00eancia do UNIFSA debate as pol\u00edticas sociais em tempos de pandemia - Centro Universit\u00e1rio Santo Agostinho - UNIFSA","isPartOf":{"@id":"https:\/\/unifsa.com.br\/site\/#website"},"primaryImageOfPage":{"@id":"https:\/\/unifsa.com.br\/site\/webconferencia-do-unifsa-debate-as-politicas-sociais-em-tempos-de-pandemia\/#primaryimage"},"image":{"@id":"https:\/\/unifsa.com.br\/site\/webconferencia-do-unifsa-debate-as-politicas-sociais-em-tempos-de-pandemia\/#primaryimage"},"thumbnailUrl":"https:\/\/unifsa.com.br\/site\/wp-content\/uploads\/2020\/09\/WhatsApp-Image-2020-09-18-at-11.47.24.jpeg","datePublished":"2020-09-18T15:32:20+00:00","dateModified":"2020-09-23T13:15:58+00:00","breadcrumb":{"@id":"https:\/\/unifsa.com.br\/site\/webconferencia-do-unifsa-debate-as-politicas-sociais-em-tempos-de-pandemia\/#breadcrumb"},"inLanguage":"pt-BR","potentialAction":[{"@type":"ReadAction","target":["https:\/\/unifsa.com.br\/site\/webconferencia-do-unifsa-debate-as-politicas-sociais-em-tempos-de-pandemia\/"]}]},{"@type":"ImageObject","inLanguage":"pt-BR","@id":"https:\/\/unifsa.com.br\/site\/webconferencia-do-unifsa-debate-as-politicas-sociais-em-tempos-de-pandemia\/#primaryimage","url":"https:\/\/unifsa.com.br\/site\/wp-content\/uploads\/2020\/09\/WhatsApp-Image-2020-09-18-at-11.47.24.jpeg","contentUrl":"https:\/\/unifsa.com.br\/site\/wp-content\/uploads\/2020\/09\/WhatsApp-Image-2020-09-18-at-11.47.24.jpeg","width":1015,"height":440},{"@type":"BreadcrumbList","@id":"https:\/\/unifsa.com.br\/site\/webconferencia-do-unifsa-debate-as-politicas-sociais-em-tempos-de-pandemia\/#breadcrumb","itemListElement":[{"@type":"ListItem","position":1,"name":"In\u00edcio","item":"https:\/\/unifsa.com.br\/site\/"},{"@type":"ListItem","position":2,"name":"Webconfer\u00eancia do UNIFSA debate as pol\u00edticas sociais em tempos de pandemia"}]},{"@type":"WebSite","@id":"https:\/\/unifsa.com.br\/site\/#website","url":"https:\/\/unifsa.com.br\/site\/","name":"Centro Universit\u00e1rio Santo Agostinho - UNIFSA","description":"Conhecimento para toda a vida","publisher":{"@id":"https:\/\/unifsa.com.br\/site\/#organization"},"potentialAction":[{"@type":"SearchAction","target":{"@type":"EntryPoint","urlTemplate":"https:\/\/unifsa.com.br\/site\/?s={search_term_string}"},"query-input":{"@type":"PropertyValueSpecification","valueRequired":true,"valueName":"search_term_string"}}],"inLanguage":"pt-BR"},{"@type":"Organization","@id":"https:\/\/unifsa.com.br\/site\/#organization","name":"Centro Universit\u00e1rio Santo Agostinho - UNIFSA","url":"https:\/\/unifsa.com.br\/site\/","logo":{"@type":"ImageObject","inLanguage":"pt-BR","@id":"https:\/\/unifsa.com.br\/site\/#\/schema\/logo\/image\/","url":"https:\/\/unifsa.com.br\/site\/wp-content\/uploads\/2023\/03\/MARCA-UNIFSA-CIC23-q2apjs1mt975cf1wl25b044coj90fwoiee1kya6800.png","contentUrl":"https:\/\/unifsa.com.br\/site\/wp-content\/uploads\/2023\/03\/MARCA-UNIFSA-CIC23-q2apjs1mt975cf1wl25b044coj90fwoiee1kya6800.png","width":103,"height":100,"caption":"Centro Universit\u00e1rio Santo Agostinho - UNIFSA"},"image":{"@id":"https:\/\/unifsa.com.br\/site\/#\/schema\/logo\/image\/"},"sameAs":["https:\/\/www.facebook.com\/unifsa\/","https:\/\/www.instagram.com\/unifsa\/"]},{"@type":"Person","@id":"https:\/\/unifsa.com.br\/site\/#\/schema\/person\/551d7d1f1cd3f288057c5028fc404a18","name":"Assessoria UNIFSA","image":{"@type":"ImageObject","inLanguage":"pt-BR","@id":"https:\/\/unifsa.com.br\/site\/#\/schema\/person\/image\/","url":"https:\/\/secure.gravatar.com\/avatar\/6a631991e4af344430e4f0c5fcc3a220482c78e6a883ad6b80a34c55d1ada357?s=96&d=mm&r=g","contentUrl":"https:\/\/secure.gravatar.com\/avatar\/6a631991e4af344430e4f0c5fcc3a220482c78e6a883ad6b80a34c55d1ada357?s=96&d=mm&r=g","caption":"Assessoria UNIFSA"},"url":"https:\/\/unifsa.com.br\/site\/author\/assessoria\/"}]}},"_links":{"self":[{"href":"https:\/\/unifsa.com.br\/site\/wp-json\/wp\/v2\/posts\/4866","targetHints":{"allow":["GET"]}}],"collection":[{"href":"https:\/\/unifsa.com.br\/site\/wp-json\/wp\/v2\/posts"}],"about":[{"href":"https:\/\/unifsa.com.br\/site\/wp-json\/wp\/v2\/types\/post"}],"author":[{"embeddable":true,"href":"https:\/\/unifsa.com.br\/site\/wp-json\/wp\/v2\/users\/2"}],"replies":[{"embeddable":true,"href":"https:\/\/unifsa.com.br\/site\/wp-json\/wp\/v2\/comments?post=4866"}],"version-history":[{"count":2,"href":"https:\/\/unifsa.com.br\/site\/wp-json\/wp\/v2\/posts\/4866\/revisions"}],"predecessor-version":[{"id":4884,"href":"https:\/\/unifsa.com.br\/site\/wp-json\/wp\/v2\/posts\/4866\/revisions\/4884"}],"wp:featuredmedia":[{"embeddable":true,"href":"https:\/\/unifsa.com.br\/site\/wp-json\/wp\/v2\/media\/4867"}],"wp:attachment":[{"href":"https:\/\/unifsa.com.br\/site\/wp-json\/wp\/v2\/media?parent=4866"}],"wp:term":[{"taxonomy":"category","embeddable":true,"href":"https:\/\/unifsa.com.br\/site\/wp-json\/wp\/v2\/categories?post=4866"},{"taxonomy":"post_tag","embeddable":true,"href":"https:\/\/unifsa.com.br\/site\/wp-json\/wp\/v2\/tags?post=4866"}],"curies":[{"name":"wp","href":"https:\/\/api.w.org\/{rel}","templated":true}]}}