{"id":4859,"date":"2020-09-18T11:59:11","date_gmt":"2020-09-18T14:59:11","guid":{"rendered":"https:\/\/unifsa.com.br\/site\/?p=4859"},"modified":"2020-09-18T12:18:15","modified_gmt":"2020-09-18T15:18:15","slug":"confira-a-programacao-de-eventos-virtuais-que-celebram-o-dia-do-contador","status":"publish","type":"post","link":"https:\/\/unifsa.com.br\/site\/confira-a-programacao-de-eventos-virtuais-que-celebram-o-dia-do-contador\/","title":{"rendered":"Confira a programa\u00e7\u00e3o de eventos virtuais que celebram o dia do Contador"},"content":{"rendered":"\n<p class=\"texto-justificado\">O m\u00eas de setembro \u00e9 um m\u00eas de comemora\u00e7\u00e3o para o curso de\nCi\u00eancias Cont\u00e1beis do Centro Universit\u00e1rio Santo Agostinho, pois \u00e9 quando se\ncomemora o \u201cDia do contador\u201d, mais precisamente no dia 22 de setembro. Esse\nano, a coordena\u00e7\u00e3o do curso convida todos os estudantes e professores a\nparticiparem de eventos gratuitos e com programa\u00e7\u00f5es especiais, elaborados por\ninstitui\u00e7\u00f5es representativas da classe. S\u00e3o eles: <\/p>\n\n\n\n<p class=\"texto-justificado\">O primeiro deles, voltado para discentes, \u00e9 o <strong>Congresso Online Brasileiro de Contabilidade<\/strong> (CONBCON), que tem como tema \u201cDesenvolvendo a Classe Cont\u00e1bil com a Democratiza\u00e7\u00e3o do Conhecimento\u201d. O evento acontecer\u00e1 do dia 21 ao dia 25 de setembro e a inscri\u00e7\u00e3o gratuita est\u00e1 sendo feita atrav\u00e9s do site: <strong><a href=\"https:\/\/conbcon.com.br\">https:\/\/conbcon.com.br<\/a> <\/strong>Ao total s\u00e3o 120 palestras divididas por temas de interesses da \u00e1rea e com momentos acad\u00eamicos. Os estudantes do UNIFSA que receberem certificado de participa\u00e7\u00e3o emitido pela coordena\u00e7\u00e3o nacional do evento, ter\u00e3o 40h de atividades complementares. Inscreva-se. <\/p>\n\n\n\n<p class=\"texto-justificado\">Com programa\u00e7\u00e3o direcionado aos docentes, o <strong>XII Encontro Nacional de Coordenadores e Professores do curso de Ci\u00eancias Cont\u00e1beis<\/strong>, organizado pela Academia Brasileira de Ci\u00eancias Cont\u00e1beis (ABRACICON), vai acontecer nos dias 29 e 30 de setembro, tamb\u00e9m de forma virtual. As inscri\u00e7\u00f5es est\u00e3o sendo realizadas no<a href=\"http:\/\/www.abracicon.org\/post.php?p=3797\"><em><strong> site da ABRACICON<\/strong><\/em><\/a> e o professor inscrito vai participar de pain\u00e9is, palestras e debates, demonstrando que o pensamento cont\u00e1bil supera qualquer adversidade e que sempre \u00e9 tempo para se aperfei\u00e7oar. Participe! <\/p>\n","protected":false},"excerpt":{"rendered":"<p>O m\u00eas de setembro \u00e9 um m\u00eas de comemora\u00e7\u00e3o para o curso de Ci\u00eancias Cont\u00e1beis do Centro Universit\u00e1rio Santo Agostinho, pois \u00e9 quando se comemora o \u201cDia do contador\u201d, mais precisamente no dia 22 de setembro. Esse ano, a coordena\u00e7\u00e3o do curso convida todos os estudantes e professores a participarem de eventos gratuitos e com<\/p>\n","protected":false},"author":2,"featured_media":4863,"comment_status":"closed","ping_status":"open","sticky":false,"template":"","format":"standard","meta":{"_acf_changed":false,"footnotes":""},"categories":[6],"tags":[],"class_list":["post-4859","post","type-post","status-publish","format-standard","has-post-thumbnail","hentry","category-acontece-na-unifsa"],"acf":[],"yoast_head":"<!-- This site is optimized with the Yoast SEO plugin v26.5 - https:\/\/yoast.com\/wordpress\/plugins\/seo\/ -->\n<title>Confira a programa\u00e7\u00e3o de eventos virtuais que celebram o dia do Contador - Centro Universit\u00e1rio Santo Agostinho - UNIFSA<\/title>\n<meta name=\"robots\" content=\"index, follow, max-snippet:-1, max-image-preview:large, max-video-preview:-1\" \/>\n<link rel=\"canonical\" href=\"https:\/\/unifsa.com.br\/site\/confira-a-programacao-de-eventos-virtuais-que-celebram-o-dia-do-contador\/\" \/>\n<meta property=\"og:locale\" content=\"pt_BR\" \/>\n<meta property=\"og:type\" content=\"article\" \/>\n<meta property=\"og:title\" content=\"Confira a programa\u00e7\u00e3o de eventos virtuais que celebram o dia do Contador - Centro Universit\u00e1rio Santo Agostinho - UNIFSA\" \/>\n<meta property=\"og:description\" content=\"O m\u00eas de setembro \u00e9 um m\u00eas de comemora\u00e7\u00e3o para o curso de Ci\u00eancias Cont\u00e1beis do Centro Universit\u00e1rio Santo Agostinho, pois \u00e9 quando se comemora o \u201cDia do contador\u201d, mais precisamente no dia 22 de setembro. Esse ano, a coordena\u00e7\u00e3o do curso convida todos os estudantes e professores a participarem de eventos gratuitos e com\" \/>\n<meta property=\"og:url\" content=\"https:\/\/unifsa.com.br\/site\/confira-a-programacao-de-eventos-virtuais-que-celebram-o-dia-do-contador\/\" \/>\n<meta property=\"og:site_name\" content=\"Centro Universit\u00e1rio Santo Agostinho - UNIFSA\" \/>\n<meta property=\"article:publisher\" content=\"https:\/\/www.facebook.com\/unifsa\/\" \/>\n<meta property=\"article:published_time\" content=\"2020-09-18T14:59:11+00:00\" \/>\n<meta property=\"article:modified_time\" content=\"2020-09-18T15:18:15+00:00\" \/>\n<meta property=\"og:image\" content=\"https:\/\/unifsa.com.br\/site\/wp-content\/uploads\/2020\/09\/WhatsApp-Image-2020-09-18-at-12.14.54.jpeg\" \/>\n\t<meta property=\"og:image:width\" content=\"1280\" \/>\n\t<meta property=\"og:image:height\" content=\"720\" \/>\n\t<meta property=\"og:image:type\" content=\"image\/jpeg\" \/>\n<meta name=\"author\" content=\"Assessoria UNIFSA\" \/>\n<meta name=\"twitter:card\" content=\"summary_large_image\" \/>\n<meta name=\"twitter:label1\" content=\"Escrito por\" \/>\n\t<meta name=\"twitter:data1\" content=\"Assessoria UNIFSA\" \/>\n\t<meta name=\"twitter:label2\" content=\"Est. tempo de leitura\" \/>\n\t<meta name=\"twitter:data2\" content=\"1 minuto\" \/>\n<script type=\"application\/ld+json\" class=\"yoast-schema-graph\">{\"@context\":\"https:\/\/schema.org\",\"@graph\":[{\"@type\":\"Article\",\"@id\":\"https:\/\/unifsa.com.br\/site\/confira-a-programacao-de-eventos-virtuais-que-celebram-o-dia-do-contador\/#article\",\"isPartOf\":{\"@id\":\"https:\/\/unifsa.com.br\/site\/confira-a-programacao-de-eventos-virtuais-que-celebram-o-dia-do-contador\/\"},\"author\":{\"name\":\"Assessoria UNIFSA\",\"@id\":\"https:\/\/unifsa.com.br\/site\/#\/schema\/person\/551d7d1f1cd3f288057c5028fc404a18\"},\"headline\":\"Confira a programa\u00e7\u00e3o de eventos virtuais que celebram o dia do Contador\",\"datePublished\":\"2020-09-18T14:59:11+00:00\",\"dateModified\":\"2020-09-18T15:18:15+00:00\",\"mainEntityOfPage\":{\"@id\":\"https:\/\/unifsa.com.br\/site\/confira-a-programacao-de-eventos-virtuais-que-celebram-o-dia-do-contador\/\"},\"wordCount\":263,\"publisher\":{\"@id\":\"https:\/\/unifsa.com.br\/site\/#organization\"},\"image\":{\"@id\":\"https:\/\/unifsa.com.br\/site\/confira-a-programacao-de-eventos-virtuais-que-celebram-o-dia-do-contador\/#primaryimage\"},\"thumbnailUrl\":\"https:\/\/unifsa.com.br\/site\/wp-content\/uploads\/2020\/09\/WhatsApp-Image-2020-09-18-at-12.14.54.jpeg\",\"articleSection\":[\"Acontece na UNIFSA\"],\"inLanguage\":\"pt-BR\"},{\"@type\":\"WebPage\",\"@id\":\"https:\/\/unifsa.com.br\/site\/confira-a-programacao-de-eventos-virtuais-que-celebram-o-dia-do-contador\/\",\"url\":\"https:\/\/unifsa.com.br\/site\/confira-a-programacao-de-eventos-virtuais-que-celebram-o-dia-do-contador\/\",\"name\":\"Confira a programa\u00e7\u00e3o de eventos virtuais que celebram o dia do Contador - Centro Universit\u00e1rio Santo Agostinho - UNIFSA\",\"isPartOf\":{\"@id\":\"https:\/\/unifsa.com.br\/site\/#website\"},\"primaryImageOfPage\":{\"@id\":\"https:\/\/unifsa.com.br\/site\/confira-a-programacao-de-eventos-virtuais-que-celebram-o-dia-do-contador\/#primaryimage\"},\"image\":{\"@id\":\"https:\/\/unifsa.com.br\/site\/confira-a-programacao-de-eventos-virtuais-que-celebram-o-dia-do-contador\/#primaryimage\"},\"thumbnailUrl\":\"https:\/\/unifsa.com.br\/site\/wp-content\/uploads\/2020\/09\/WhatsApp-Image-2020-09-18-at-12.14.54.jpeg\",\"datePublished\":\"2020-09-18T14:59:11+00:00\",\"dateModified\":\"2020-09-18T15:18:15+00:00\",\"breadcrumb\":{\"@id\":\"https:\/\/unifsa.com.br\/site\/confira-a-programacao-de-eventos-virtuais-que-celebram-o-dia-do-contador\/#breadcrumb\"},\"inLanguage\":\"pt-BR\",\"potentialAction\":[{\"@type\":\"ReadAction\",\"target\":[\"https:\/\/unifsa.com.br\/site\/confira-a-programacao-de-eventos-virtuais-que-celebram-o-dia-do-contador\/\"]}]},{\"@type\":\"ImageObject\",\"inLanguage\":\"pt-BR\",\"@id\":\"https:\/\/unifsa.com.br\/site\/confira-a-programacao-de-eventos-virtuais-que-celebram-o-dia-do-contador\/#primaryimage\",\"url\":\"https:\/\/unifsa.com.br\/site\/wp-content\/uploads\/2020\/09\/WhatsApp-Image-2020-09-18-at-12.14.54.jpeg\",\"contentUrl\":\"https:\/\/unifsa.com.br\/site\/wp-content\/uploads\/2020\/09\/WhatsApp-Image-2020-09-18-at-12.14.54.jpeg\",\"width\":1280,\"height\":720},{\"@type\":\"BreadcrumbList\",\"@id\":\"https:\/\/unifsa.com.br\/site\/confira-a-programacao-de-eventos-virtuais-que-celebram-o-dia-do-contador\/#breadcrumb\",\"itemListElement\":[{\"@type\":\"ListItem\",\"position\":1,\"name\":\"In\u00edcio\",\"item\":\"https:\/\/unifsa.com.br\/site\/\"},{\"@type\":\"ListItem\",\"position\":2,\"name\":\"Confira a programa\u00e7\u00e3o de eventos virtuais que celebram o dia do Contador\"}]},{\"@type\":\"WebSite\",\"@id\":\"https:\/\/unifsa.com.br\/site\/#website\",\"url\":\"https:\/\/unifsa.com.br\/site\/\",\"name\":\"Centro Universit\u00e1rio Santo Agostinho - UNIFSA\",\"description\":\"Conhecimento para toda a vida\",\"publisher\":{\"@id\":\"https:\/\/unifsa.com.br\/site\/#organization\"},\"potentialAction\":[{\"@type\":\"SearchAction\",\"target\":{\"@type\":\"EntryPoint\",\"urlTemplate\":\"https:\/\/unifsa.com.br\/site\/?s={search_term_string}\"},\"query-input\":{\"@type\":\"PropertyValueSpecification\",\"valueRequired\":true,\"valueName\":\"search_term_string\"}}],\"inLanguage\":\"pt-BR\"},{\"@type\":\"Organization\",\"@id\":\"https:\/\/unifsa.com.br\/site\/#organization\",\"name\":\"Centro Universit\u00e1rio Santo Agostinho - UNIFSA\",\"url\":\"https:\/\/unifsa.com.br\/site\/\",\"logo\":{\"@type\":\"ImageObject\",\"inLanguage\":\"pt-BR\",\"@id\":\"https:\/\/unifsa.com.br\/site\/#\/schema\/logo\/image\/\",\"url\":\"https:\/\/unifsa.com.br\/site\/wp-content\/uploads\/2023\/03\/MARCA-UNIFSA-CIC23-q2apjs1mt975cf1wl25b044coj90fwoiee1kya6800.png\",\"contentUrl\":\"https:\/\/unifsa.com.br\/site\/wp-content\/uploads\/2023\/03\/MARCA-UNIFSA-CIC23-q2apjs1mt975cf1wl25b044coj90fwoiee1kya6800.png\",\"width\":103,\"height\":100,\"caption\":\"Centro Universit\u00e1rio Santo Agostinho - UNIFSA\"},\"image\":{\"@id\":\"https:\/\/unifsa.com.br\/site\/#\/schema\/logo\/image\/\"},\"sameAs\":[\"https:\/\/www.facebook.com\/unifsa\/\",\"https:\/\/www.instagram.com\/unifsa\/\"]},{\"@type\":\"Person\",\"@id\":\"https:\/\/unifsa.com.br\/site\/#\/schema\/person\/551d7d1f1cd3f288057c5028fc404a18\",\"name\":\"Assessoria UNIFSA\",\"image\":{\"@type\":\"ImageObject\",\"inLanguage\":\"pt-BR\",\"@id\":\"https:\/\/unifsa.com.br\/site\/#\/schema\/person\/image\/\",\"url\":\"https:\/\/secure.gravatar.com\/avatar\/6a631991e4af344430e4f0c5fcc3a220482c78e6a883ad6b80a34c55d1ada357?s=96&d=mm&r=g\",\"contentUrl\":\"https:\/\/secure.gravatar.com\/avatar\/6a631991e4af344430e4f0c5fcc3a220482c78e6a883ad6b80a34c55d1ada357?s=96&d=mm&r=g\",\"caption\":\"Assessoria UNIFSA\"},\"url\":\"https:\/\/unifsa.com.br\/site\/author\/assessoria\/\"}]}<\/script>\n<!-- \/ Yoast SEO plugin. -->","yoast_head_json":{"title":"Confira a programa\u00e7\u00e3o de eventos virtuais que celebram o dia do Contador - Centro Universit\u00e1rio Santo Agostinho - UNIFSA","robots":{"index":"index","follow":"follow","max-snippet":"max-snippet:-1","max-image-preview":"max-image-preview:large","max-video-preview":"max-video-preview:-1"},"canonical":"https:\/\/unifsa.com.br\/site\/confira-a-programacao-de-eventos-virtuais-que-celebram-o-dia-do-contador\/","og_locale":"pt_BR","og_type":"article","og_title":"Confira a programa\u00e7\u00e3o de eventos virtuais que celebram o dia do Contador - Centro Universit\u00e1rio Santo Agostinho - UNIFSA","og_description":"O m\u00eas de setembro \u00e9 um m\u00eas de comemora\u00e7\u00e3o para o curso de Ci\u00eancias Cont\u00e1beis do Centro Universit\u00e1rio Santo Agostinho, pois \u00e9 quando se comemora o \u201cDia do contador\u201d, mais precisamente no dia 22 de setembro. Esse ano, a coordena\u00e7\u00e3o do curso convida todos os estudantes e professores a participarem de eventos gratuitos e com","og_url":"https:\/\/unifsa.com.br\/site\/confira-a-programacao-de-eventos-virtuais-que-celebram-o-dia-do-contador\/","og_site_name":"Centro Universit\u00e1rio Santo Agostinho - UNIFSA","article_publisher":"https:\/\/www.facebook.com\/unifsa\/","article_published_time":"2020-09-18T14:59:11+00:00","article_modified_time":"2020-09-18T15:18:15+00:00","og_image":[{"width":1280,"height":720,"url":"https:\/\/unifsa.com.br\/site\/wp-content\/uploads\/2020\/09\/WhatsApp-Image-2020-09-18-at-12.14.54.jpeg","type":"image\/jpeg"}],"author":"Assessoria UNIFSA","twitter_card":"summary_large_image","twitter_misc":{"Escrito por":"Assessoria UNIFSA","Est. tempo de leitura":"1 minuto"},"schema":{"@context":"https:\/\/schema.org","@graph":[{"@type":"Article","@id":"https:\/\/unifsa.com.br\/site\/confira-a-programacao-de-eventos-virtuais-que-celebram-o-dia-do-contador\/#article","isPartOf":{"@id":"https:\/\/unifsa.com.br\/site\/confira-a-programacao-de-eventos-virtuais-que-celebram-o-dia-do-contador\/"},"author":{"name":"Assessoria UNIFSA","@id":"https:\/\/unifsa.com.br\/site\/#\/schema\/person\/551d7d1f1cd3f288057c5028fc404a18"},"headline":"Confira a programa\u00e7\u00e3o de eventos virtuais que celebram o dia do Contador","datePublished":"2020-09-18T14:59:11+00:00","dateModified":"2020-09-18T15:18:15+00:00","mainEntityOfPage":{"@id":"https:\/\/unifsa.com.br\/site\/confira-a-programacao-de-eventos-virtuais-que-celebram-o-dia-do-contador\/"},"wordCount":263,"publisher":{"@id":"https:\/\/unifsa.com.br\/site\/#organization"},"image":{"@id":"https:\/\/unifsa.com.br\/site\/confira-a-programacao-de-eventos-virtuais-que-celebram-o-dia-do-contador\/#primaryimage"},"thumbnailUrl":"https:\/\/unifsa.com.br\/site\/wp-content\/uploads\/2020\/09\/WhatsApp-Image-2020-09-18-at-12.14.54.jpeg","articleSection":["Acontece na UNIFSA"],"inLanguage":"pt-BR"},{"@type":"WebPage","@id":"https:\/\/unifsa.com.br\/site\/confira-a-programacao-de-eventos-virtuais-que-celebram-o-dia-do-contador\/","url":"https:\/\/unifsa.com.br\/site\/confira-a-programacao-de-eventos-virtuais-que-celebram-o-dia-do-contador\/","name":"Confira a programa\u00e7\u00e3o de eventos virtuais que celebram o dia do Contador - Centro Universit\u00e1rio Santo Agostinho - UNIFSA","isPartOf":{"@id":"https:\/\/unifsa.com.br\/site\/#website"},"primaryImageOfPage":{"@id":"https:\/\/unifsa.com.br\/site\/confira-a-programacao-de-eventos-virtuais-que-celebram-o-dia-do-contador\/#primaryimage"},"image":{"@id":"https:\/\/unifsa.com.br\/site\/confira-a-programacao-de-eventos-virtuais-que-celebram-o-dia-do-contador\/#primaryimage"},"thumbnailUrl":"https:\/\/unifsa.com.br\/site\/wp-content\/uploads\/2020\/09\/WhatsApp-Image-2020-09-18-at-12.14.54.jpeg","datePublished":"2020-09-18T14:59:11+00:00","dateModified":"2020-09-18T15:18:15+00:00","breadcrumb":{"@id":"https:\/\/unifsa.com.br\/site\/confira-a-programacao-de-eventos-virtuais-que-celebram-o-dia-do-contador\/#breadcrumb"},"inLanguage":"pt-BR","potentialAction":[{"@type":"ReadAction","target":["https:\/\/unifsa.com.br\/site\/confira-a-programacao-de-eventos-virtuais-que-celebram-o-dia-do-contador\/"]}]},{"@type":"ImageObject","inLanguage":"pt-BR","@id":"https:\/\/unifsa.com.br\/site\/confira-a-programacao-de-eventos-virtuais-que-celebram-o-dia-do-contador\/#primaryimage","url":"https:\/\/unifsa.com.br\/site\/wp-content\/uploads\/2020\/09\/WhatsApp-Image-2020-09-18-at-12.14.54.jpeg","contentUrl":"https:\/\/unifsa.com.br\/site\/wp-content\/uploads\/2020\/09\/WhatsApp-Image-2020-09-18-at-12.14.54.jpeg","width":1280,"height":720},{"@type":"BreadcrumbList","@id":"https:\/\/unifsa.com.br\/site\/confira-a-programacao-de-eventos-virtuais-que-celebram-o-dia-do-contador\/#breadcrumb","itemListElement":[{"@type":"ListItem","position":1,"name":"In\u00edcio","item":"https:\/\/unifsa.com.br\/site\/"},{"@type":"ListItem","position":2,"name":"Confira a programa\u00e7\u00e3o de eventos virtuais que celebram o dia do Contador"}]},{"@type":"WebSite","@id":"https:\/\/unifsa.com.br\/site\/#website","url":"https:\/\/unifsa.com.br\/site\/","name":"Centro Universit\u00e1rio Santo Agostinho - UNIFSA","description":"Conhecimento para toda a vida","publisher":{"@id":"https:\/\/unifsa.com.br\/site\/#organization"},"potentialAction":[{"@type":"SearchAction","target":{"@type":"EntryPoint","urlTemplate":"https:\/\/unifsa.com.br\/site\/?s={search_term_string}"},"query-input":{"@type":"PropertyValueSpecification","valueRequired":true,"valueName":"search_term_string"}}],"inLanguage":"pt-BR"},{"@type":"Organization","@id":"https:\/\/unifsa.com.br\/site\/#organization","name":"Centro Universit\u00e1rio Santo Agostinho - UNIFSA","url":"https:\/\/unifsa.com.br\/site\/","logo":{"@type":"ImageObject","inLanguage":"pt-BR","@id":"https:\/\/unifsa.com.br\/site\/#\/schema\/logo\/image\/","url":"https:\/\/unifsa.com.br\/site\/wp-content\/uploads\/2023\/03\/MARCA-UNIFSA-CIC23-q2apjs1mt975cf1wl25b044coj90fwoiee1kya6800.png","contentUrl":"https:\/\/unifsa.com.br\/site\/wp-content\/uploads\/2023\/03\/MARCA-UNIFSA-CIC23-q2apjs1mt975cf1wl25b044coj90fwoiee1kya6800.png","width":103,"height":100,"caption":"Centro Universit\u00e1rio Santo Agostinho - UNIFSA"},"image":{"@id":"https:\/\/unifsa.com.br\/site\/#\/schema\/logo\/image\/"},"sameAs":["https:\/\/www.facebook.com\/unifsa\/","https:\/\/www.instagram.com\/unifsa\/"]},{"@type":"Person","@id":"https:\/\/unifsa.com.br\/site\/#\/schema\/person\/551d7d1f1cd3f288057c5028fc404a18","name":"Assessoria UNIFSA","image":{"@type":"ImageObject","inLanguage":"pt-BR","@id":"https:\/\/unifsa.com.br\/site\/#\/schema\/person\/image\/","url":"https:\/\/secure.gravatar.com\/avatar\/6a631991e4af344430e4f0c5fcc3a220482c78e6a883ad6b80a34c55d1ada357?s=96&d=mm&r=g","contentUrl":"https:\/\/secure.gravatar.com\/avatar\/6a631991e4af344430e4f0c5fcc3a220482c78e6a883ad6b80a34c55d1ada357?s=96&d=mm&r=g","caption":"Assessoria UNIFSA"},"url":"https:\/\/unifsa.com.br\/site\/author\/assessoria\/"}]}},"_links":{"self":[{"href":"https:\/\/unifsa.com.br\/site\/wp-json\/wp\/v2\/posts\/4859","targetHints":{"allow":["GET"]}}],"collection":[{"href":"https:\/\/unifsa.com.br\/site\/wp-json\/wp\/v2\/posts"}],"about":[{"href":"https:\/\/unifsa.com.br\/site\/wp-json\/wp\/v2\/types\/post"}],"author":[{"embeddable":true,"href":"https:\/\/unifsa.com.br\/site\/wp-json\/wp\/v2\/users\/2"}],"replies":[{"embeddable":true,"href":"https:\/\/unifsa.com.br\/site\/wp-json\/wp\/v2\/comments?post=4859"}],"version-history":[{"count":2,"href":"https:\/\/unifsa.com.br\/site\/wp-json\/wp\/v2\/posts\/4859\/revisions"}],"predecessor-version":[{"id":4865,"href":"https:\/\/unifsa.com.br\/site\/wp-json\/wp\/v2\/posts\/4859\/revisions\/4865"}],"wp:featuredmedia":[{"embeddable":true,"href":"https:\/\/unifsa.com.br\/site\/wp-json\/wp\/v2\/media\/4863"}],"wp:attachment":[{"href":"https:\/\/unifsa.com.br\/site\/wp-json\/wp\/v2\/media?parent=4859"}],"wp:term":[{"taxonomy":"category","embeddable":true,"href":"https:\/\/unifsa.com.br\/site\/wp-json\/wp\/v2\/categories?post=4859"},{"taxonomy":"post_tag","embeddable":true,"href":"https:\/\/unifsa.com.br\/site\/wp-json\/wp\/v2\/tags?post=4859"}],"curies":[{"name":"wp","href":"https:\/\/api.w.org\/{rel}","templated":true}]}}