{"id":4725,"date":"2020-09-01T15:35:39","date_gmt":"2020-09-01T18:35:39","guid":{"rendered":"https:\/\/unifsa.com.br\/site\/?p=4725"},"modified":"2020-09-01T15:43:27","modified_gmt":"2020-09-01T18:43:27","slug":"prof-me-antonio-carlos-cortez-ministra-palestra-no-viva-ef-maior-evento-online-da-educacao-fisica-no-brasil","status":"publish","type":"post","link":"https:\/\/unifsa.com.br\/site\/prof-me-antonio-carlos-cortez-ministra-palestra-no-viva-ef-maior-evento-online-da-educacao-fisica-no-brasil\/","title":{"rendered":"Prof. Me. Antonio Carlos Cortez ministra palestra no Viva EF, maior evento online da Educa\u00e7\u00e3o F\u00edsica no Brasil"},"content":{"rendered":"\n<p class=\"texto-justificado\">O Viva EF! \u00e9 o evento oficial de comemora\u00e7\u00e3o dos 22 anos da Educa\u00e7\u00e3o F\u00edsica, sendo promovido de 1 a 30 de setembro, com 30 dias de palestras online para todo o Brasil, sempre \u00e0s 21h. <\/p>\n\n\n\n<div class=\"wp-block-image\"><figure class=\"alignleft size-large is-resized\"><img fetchpriority=\"high\" decoding=\"async\" src=\"https:\/\/unifsa.com.br\/site\/wp-content\/uploads\/2020\/09\/WhatsApp-Image-2020-09-01-at-14.52.58.jpeg\" alt=\"\" class=\"wp-image-4726\" width=\"339\" height=\"296\" srcset=\"https:\/\/unifsa.com.br\/site\/wp-content\/uploads\/2020\/09\/WhatsApp-Image-2020-09-01-at-14.52.58.jpeg 750w, https:\/\/unifsa.com.br\/site\/wp-content\/uploads\/2020\/09\/WhatsApp-Image-2020-09-01-at-14.52.58-300x263.jpeg 300w\" sizes=\"(max-width: 339px) 100vw, 339px\" \/><\/figure><\/div>\n\n\n\n<p class=\"texto-justificado\">Integrando o time de convidados de honra est\u00e1 o prof.Me. Antonio Carlos Cortez, coordenador do curso de Educa\u00e7\u00e3o F\u00edsica no Centro Universit\u00e1rio Santo Agostinho (UNIFSA). O tema da palestra de Antonio Carlos Cortez (CRF 0902-G\/PI) \u00e9 As novas descobertas sobre envelhecimento e atividade f\u00edsica. &#8220;O objetivo deste evento \u00e9 reunir os profissionais da \u00e1rea e marcar presen\u00e7a na sociedade enquanto uma profiss\u00e3o s\u00e9ria, moderna, cient\u00edfica e que \u00e9 capaz de mudar a vida das pessoas, da sociedade e do planeta&#8221;, diz o coordenador. <br>O Viva EF! come\u00e7ou a ser promovido em 2017, atrav\u00e9s de uma iniciativa e parceria da WTTC com o Conselho Regional de Educa\u00e7\u00e3o F\u00edsica de S\u00e3o Paulo e seu presidente Nelson Leme. De l\u00e1 para c\u00e1, o Viva EF! se expandiu e hoje, \u00e9 um evento de n\u00edvel nacional, realizado em parceria com o CREF nas diversas regi\u00f5es do Brasil. <\/p>\n\n\n\n<p class=\"texto-justificado\"><\/p>\n\n\n\n<div class=\"wp-block-button aligncenter\"><a class=\"wp-block-button__link has-background has-vivid-red-background-color\" href=\"https:\/\/www.sites.google.com\/view\/vivaef\/inscri%C3%A7%C3%A3o\">Acesse a palestra dia 12\/09 &#8211; \u00e0s 21h <\/a><\/div>\n\n\n\n<p><\/p>\n","protected":false},"excerpt":{"rendered":"<p>O Viva EF! \u00e9 o evento oficial de comemora\u00e7\u00e3o dos 22 anos da Educa\u00e7\u00e3o F\u00edsica, sendo promovido de 1 a 30 de setembro, com 30 dias de palestras online para todo o Brasil, sempre \u00e0s 21h. Integrando o time de convidados de honra est\u00e1 o prof.Me. Antonio Carlos Cortez, coordenador do curso de Educa\u00e7\u00e3o F\u00edsica<\/p>\n","protected":false},"author":4,"featured_media":3290,"comment_status":"closed","ping_status":"open","sticky":false,"template":"","format":"standard","meta":{"_acf_changed":false,"footnotes":""},"categories":[6,1],"tags":[],"class_list":["post-4725","post","type-post","status-publish","format-standard","has-post-thumbnail","hentry","category-acontece-na-unifsa","category-educacao-fisica"],"acf":[],"yoast_head":"<!-- This site is optimized with the Yoast SEO plugin v26.5 - https:\/\/yoast.com\/wordpress\/plugins\/seo\/ -->\n<title>Prof. Me. Antonio Carlos Cortez ministra palestra no Viva EF, maior evento online da Educa\u00e7\u00e3o F\u00edsica no Brasil - Centro Universit\u00e1rio Santo Agostinho - UNIFSA<\/title>\n<meta name=\"robots\" content=\"index, follow, max-snippet:-1, max-image-preview:large, max-video-preview:-1\" \/>\n<link rel=\"canonical\" href=\"https:\/\/unifsa.com.br\/site\/prof-me-antonio-carlos-cortez-ministra-palestra-no-viva-ef-maior-evento-online-da-educacao-fisica-no-brasil\/\" \/>\n<meta property=\"og:locale\" content=\"pt_BR\" \/>\n<meta property=\"og:type\" content=\"article\" \/>\n<meta property=\"og:title\" content=\"Prof. Me. Antonio Carlos Cortez ministra palestra no Viva EF, maior evento online da Educa\u00e7\u00e3o F\u00edsica no Brasil - Centro Universit\u00e1rio Santo Agostinho - UNIFSA\" \/>\n<meta property=\"og:description\" content=\"O Viva EF! \u00e9 o evento oficial de comemora\u00e7\u00e3o dos 22 anos da Educa\u00e7\u00e3o F\u00edsica, sendo promovido de 1 a 30 de setembro, com 30 dias de palestras online para todo o Brasil, sempre \u00e0s 21h. Integrando o time de convidados de honra est\u00e1 o prof.Me. Antonio Carlos Cortez, coordenador do curso de Educa\u00e7\u00e3o F\u00edsica\" \/>\n<meta property=\"og:url\" content=\"https:\/\/unifsa.com.br\/site\/prof-me-antonio-carlos-cortez-ministra-palestra-no-viva-ef-maior-evento-online-da-educacao-fisica-no-brasil\/\" \/>\n<meta property=\"og:site_name\" content=\"Centro Universit\u00e1rio Santo Agostinho - UNIFSA\" \/>\n<meta property=\"article:publisher\" content=\"https:\/\/www.facebook.com\/unifsa\/\" \/>\n<meta property=\"article:published_time\" content=\"2020-09-01T18:35:39+00:00\" \/>\n<meta property=\"article:modified_time\" content=\"2020-09-01T18:43:27+00:00\" \/>\n<meta property=\"og:image\" content=\"https:\/\/unifsa.com.br\/site\/wp-content\/uploads\/2020\/04\/Prof.-Antonio-Carlos-Cortez.jpg\" \/>\n\t<meta property=\"og:image:width\" content=\"1280\" \/>\n\t<meta property=\"og:image:height\" content=\"612\" \/>\n\t<meta property=\"og:image:type\" content=\"image\/jpeg\" \/>\n<meta name=\"author\" content=\"Kelma Gallas\" \/>\n<meta name=\"twitter:card\" content=\"summary_large_image\" \/>\n<meta name=\"twitter:label1\" content=\"Escrito por\" \/>\n\t<meta name=\"twitter:data1\" content=\"Kelma Gallas\" \/>\n\t<meta name=\"twitter:label2\" content=\"Est. tempo de leitura\" \/>\n\t<meta name=\"twitter:data2\" content=\"1 minuto\" \/>\n<script type=\"application\/ld+json\" class=\"yoast-schema-graph\">{\"@context\":\"https:\/\/schema.org\",\"@graph\":[{\"@type\":\"Article\",\"@id\":\"https:\/\/unifsa.com.br\/site\/prof-me-antonio-carlos-cortez-ministra-palestra-no-viva-ef-maior-evento-online-da-educacao-fisica-no-brasil\/#article\",\"isPartOf\":{\"@id\":\"https:\/\/unifsa.com.br\/site\/prof-me-antonio-carlos-cortez-ministra-palestra-no-viva-ef-maior-evento-online-da-educacao-fisica-no-brasil\/\"},\"author\":{\"name\":\"Kelma Gallas\",\"@id\":\"https:\/\/unifsa.com.br\/site\/#\/schema\/person\/98b869085e2dd9d314353c441bc13105\"},\"headline\":\"Prof. Me. Antonio Carlos Cortez ministra palestra no Viva EF, maior evento online da Educa\u00e7\u00e3o F\u00edsica no Brasil\",\"datePublished\":\"2020-09-01T18:35:39+00:00\",\"dateModified\":\"2020-09-01T18:43:27+00:00\",\"mainEntityOfPage\":{\"@id\":\"https:\/\/unifsa.com.br\/site\/prof-me-antonio-carlos-cortez-ministra-palestra-no-viva-ef-maior-evento-online-da-educacao-fisica-no-brasil\/\"},\"wordCount\":216,\"publisher\":{\"@id\":\"https:\/\/unifsa.com.br\/site\/#organization\"},\"image\":{\"@id\":\"https:\/\/unifsa.com.br\/site\/prof-me-antonio-carlos-cortez-ministra-palestra-no-viva-ef-maior-evento-online-da-educacao-fisica-no-brasil\/#primaryimage\"},\"thumbnailUrl\":\"https:\/\/unifsa.com.br\/site\/wp-content\/uploads\/2020\/04\/Prof.-Antonio-Carlos-Cortez.jpg\",\"articleSection\":[\"Acontece na UNIFSA\",\"Educa\u00e7\u00e3o F\u00edsica\"],\"inLanguage\":\"pt-BR\"},{\"@type\":\"WebPage\",\"@id\":\"https:\/\/unifsa.com.br\/site\/prof-me-antonio-carlos-cortez-ministra-palestra-no-viva-ef-maior-evento-online-da-educacao-fisica-no-brasil\/\",\"url\":\"https:\/\/unifsa.com.br\/site\/prof-me-antonio-carlos-cortez-ministra-palestra-no-viva-ef-maior-evento-online-da-educacao-fisica-no-brasil\/\",\"name\":\"Prof. Me. Antonio Carlos Cortez ministra palestra no Viva EF, maior evento online da Educa\u00e7\u00e3o F\u00edsica no Brasil - Centro Universit\u00e1rio Santo Agostinho - UNIFSA\",\"isPartOf\":{\"@id\":\"https:\/\/unifsa.com.br\/site\/#website\"},\"primaryImageOfPage\":{\"@id\":\"https:\/\/unifsa.com.br\/site\/prof-me-antonio-carlos-cortez-ministra-palestra-no-viva-ef-maior-evento-online-da-educacao-fisica-no-brasil\/#primaryimage\"},\"image\":{\"@id\":\"https:\/\/unifsa.com.br\/site\/prof-me-antonio-carlos-cortez-ministra-palestra-no-viva-ef-maior-evento-online-da-educacao-fisica-no-brasil\/#primaryimage\"},\"thumbnailUrl\":\"https:\/\/unifsa.com.br\/site\/wp-content\/uploads\/2020\/04\/Prof.-Antonio-Carlos-Cortez.jpg\",\"datePublished\":\"2020-09-01T18:35:39+00:00\",\"dateModified\":\"2020-09-01T18:43:27+00:00\",\"breadcrumb\":{\"@id\":\"https:\/\/unifsa.com.br\/site\/prof-me-antonio-carlos-cortez-ministra-palestra-no-viva-ef-maior-evento-online-da-educacao-fisica-no-brasil\/#breadcrumb\"},\"inLanguage\":\"pt-BR\",\"potentialAction\":[{\"@type\":\"ReadAction\",\"target\":[\"https:\/\/unifsa.com.br\/site\/prof-me-antonio-carlos-cortez-ministra-palestra-no-viva-ef-maior-evento-online-da-educacao-fisica-no-brasil\/\"]}]},{\"@type\":\"ImageObject\",\"inLanguage\":\"pt-BR\",\"@id\":\"https:\/\/unifsa.com.br\/site\/prof-me-antonio-carlos-cortez-ministra-palestra-no-viva-ef-maior-evento-online-da-educacao-fisica-no-brasil\/#primaryimage\",\"url\":\"https:\/\/unifsa.com.br\/site\/wp-content\/uploads\/2020\/04\/Prof.-Antonio-Carlos-Cortez.jpg\",\"contentUrl\":\"https:\/\/unifsa.com.br\/site\/wp-content\/uploads\/2020\/04\/Prof.-Antonio-Carlos-Cortez.jpg\",\"width\":1280,\"height\":612},{\"@type\":\"BreadcrumbList\",\"@id\":\"https:\/\/unifsa.com.br\/site\/prof-me-antonio-carlos-cortez-ministra-palestra-no-viva-ef-maior-evento-online-da-educacao-fisica-no-brasil\/#breadcrumb\",\"itemListElement\":[{\"@type\":\"ListItem\",\"position\":1,\"name\":\"In\u00edcio\",\"item\":\"https:\/\/unifsa.com.br\/site\/\"},{\"@type\":\"ListItem\",\"position\":2,\"name\":\"Prof. Me. Antonio Carlos Cortez ministra palestra no Viva EF, maior evento online da Educa\u00e7\u00e3o F\u00edsica no Brasil\"}]},{\"@type\":\"WebSite\",\"@id\":\"https:\/\/unifsa.com.br\/site\/#website\",\"url\":\"https:\/\/unifsa.com.br\/site\/\",\"name\":\"Centro Universit\u00e1rio Santo Agostinho - UNIFSA\",\"description\":\"Conhecimento para toda a vida\",\"publisher\":{\"@id\":\"https:\/\/unifsa.com.br\/site\/#organization\"},\"potentialAction\":[{\"@type\":\"SearchAction\",\"target\":{\"@type\":\"EntryPoint\",\"urlTemplate\":\"https:\/\/unifsa.com.br\/site\/?s={search_term_string}\"},\"query-input\":{\"@type\":\"PropertyValueSpecification\",\"valueRequired\":true,\"valueName\":\"search_term_string\"}}],\"inLanguage\":\"pt-BR\"},{\"@type\":\"Organization\",\"@id\":\"https:\/\/unifsa.com.br\/site\/#organization\",\"name\":\"Centro Universit\u00e1rio Santo Agostinho - UNIFSA\",\"url\":\"https:\/\/unifsa.com.br\/site\/\",\"logo\":{\"@type\":\"ImageObject\",\"inLanguage\":\"pt-BR\",\"@id\":\"https:\/\/unifsa.com.br\/site\/#\/schema\/logo\/image\/\",\"url\":\"https:\/\/unifsa.com.br\/site\/wp-content\/uploads\/2023\/03\/MARCA-UNIFSA-CIC23-q2apjs1mt975cf1wl25b044coj90fwoiee1kya6800.png\",\"contentUrl\":\"https:\/\/unifsa.com.br\/site\/wp-content\/uploads\/2023\/03\/MARCA-UNIFSA-CIC23-q2apjs1mt975cf1wl25b044coj90fwoiee1kya6800.png\",\"width\":103,\"height\":100,\"caption\":\"Centro Universit\u00e1rio Santo Agostinho - UNIFSA\"},\"image\":{\"@id\":\"https:\/\/unifsa.com.br\/site\/#\/schema\/logo\/image\/\"},\"sameAs\":[\"https:\/\/www.facebook.com\/unifsa\/\",\"https:\/\/www.instagram.com\/unifsa\/\"]},{\"@type\":\"Person\",\"@id\":\"https:\/\/unifsa.com.br\/site\/#\/schema\/person\/98b869085e2dd9d314353c441bc13105\",\"name\":\"Kelma Gallas\",\"image\":{\"@type\":\"ImageObject\",\"inLanguage\":\"pt-BR\",\"@id\":\"https:\/\/unifsa.com.br\/site\/#\/schema\/person\/image\/\",\"url\":\"https:\/\/secure.gravatar.com\/avatar\/0eeeaa5b842fd4fde35ede75238fcd5926aacd692cc981aeea889c78c38fe991?s=96&d=mm&r=g\",\"contentUrl\":\"https:\/\/secure.gravatar.com\/avatar\/0eeeaa5b842fd4fde35ede75238fcd5926aacd692cc981aeea889c78c38fe991?s=96&d=mm&r=g\",\"caption\":\"Kelma Gallas\"},\"url\":\"https:\/\/unifsa.com.br\/site\/author\/kelmagallas\/\"}]}<\/script>\n<!-- \/ Yoast SEO plugin. -->","yoast_head_json":{"title":"Prof. Me. Antonio Carlos Cortez ministra palestra no Viva EF, maior evento online da Educa\u00e7\u00e3o F\u00edsica no Brasil - Centro Universit\u00e1rio Santo Agostinho - UNIFSA","robots":{"index":"index","follow":"follow","max-snippet":"max-snippet:-1","max-image-preview":"max-image-preview:large","max-video-preview":"max-video-preview:-1"},"canonical":"https:\/\/unifsa.com.br\/site\/prof-me-antonio-carlos-cortez-ministra-palestra-no-viva-ef-maior-evento-online-da-educacao-fisica-no-brasil\/","og_locale":"pt_BR","og_type":"article","og_title":"Prof. Me. Antonio Carlos Cortez ministra palestra no Viva EF, maior evento online da Educa\u00e7\u00e3o F\u00edsica no Brasil - Centro Universit\u00e1rio Santo Agostinho - UNIFSA","og_description":"O Viva EF! \u00e9 o evento oficial de comemora\u00e7\u00e3o dos 22 anos da Educa\u00e7\u00e3o F\u00edsica, sendo promovido de 1 a 30 de setembro, com 30 dias de palestras online para todo o Brasil, sempre \u00e0s 21h. Integrando o time de convidados de honra est\u00e1 o prof.Me. Antonio Carlos Cortez, coordenador do curso de Educa\u00e7\u00e3o F\u00edsica","og_url":"https:\/\/unifsa.com.br\/site\/prof-me-antonio-carlos-cortez-ministra-palestra-no-viva-ef-maior-evento-online-da-educacao-fisica-no-brasil\/","og_site_name":"Centro Universit\u00e1rio Santo Agostinho - UNIFSA","article_publisher":"https:\/\/www.facebook.com\/unifsa\/","article_published_time":"2020-09-01T18:35:39+00:00","article_modified_time":"2020-09-01T18:43:27+00:00","og_image":[{"width":1280,"height":612,"url":"https:\/\/unifsa.com.br\/site\/wp-content\/uploads\/2020\/04\/Prof.-Antonio-Carlos-Cortez.jpg","type":"image\/jpeg"}],"author":"Kelma Gallas","twitter_card":"summary_large_image","twitter_misc":{"Escrito por":"Kelma Gallas","Est. tempo de leitura":"1 minuto"},"schema":{"@context":"https:\/\/schema.org","@graph":[{"@type":"Article","@id":"https:\/\/unifsa.com.br\/site\/prof-me-antonio-carlos-cortez-ministra-palestra-no-viva-ef-maior-evento-online-da-educacao-fisica-no-brasil\/#article","isPartOf":{"@id":"https:\/\/unifsa.com.br\/site\/prof-me-antonio-carlos-cortez-ministra-palestra-no-viva-ef-maior-evento-online-da-educacao-fisica-no-brasil\/"},"author":{"name":"Kelma Gallas","@id":"https:\/\/unifsa.com.br\/site\/#\/schema\/person\/98b869085e2dd9d314353c441bc13105"},"headline":"Prof. Me. Antonio Carlos Cortez ministra palestra no Viva EF, maior evento online da Educa\u00e7\u00e3o F\u00edsica no Brasil","datePublished":"2020-09-01T18:35:39+00:00","dateModified":"2020-09-01T18:43:27+00:00","mainEntityOfPage":{"@id":"https:\/\/unifsa.com.br\/site\/prof-me-antonio-carlos-cortez-ministra-palestra-no-viva-ef-maior-evento-online-da-educacao-fisica-no-brasil\/"},"wordCount":216,"publisher":{"@id":"https:\/\/unifsa.com.br\/site\/#organization"},"image":{"@id":"https:\/\/unifsa.com.br\/site\/prof-me-antonio-carlos-cortez-ministra-palestra-no-viva-ef-maior-evento-online-da-educacao-fisica-no-brasil\/#primaryimage"},"thumbnailUrl":"https:\/\/unifsa.com.br\/site\/wp-content\/uploads\/2020\/04\/Prof.-Antonio-Carlos-Cortez.jpg","articleSection":["Acontece na UNIFSA","Educa\u00e7\u00e3o F\u00edsica"],"inLanguage":"pt-BR"},{"@type":"WebPage","@id":"https:\/\/unifsa.com.br\/site\/prof-me-antonio-carlos-cortez-ministra-palestra-no-viva-ef-maior-evento-online-da-educacao-fisica-no-brasil\/","url":"https:\/\/unifsa.com.br\/site\/prof-me-antonio-carlos-cortez-ministra-palestra-no-viva-ef-maior-evento-online-da-educacao-fisica-no-brasil\/","name":"Prof. Me. Antonio Carlos Cortez ministra palestra no Viva EF, maior evento online da Educa\u00e7\u00e3o F\u00edsica no Brasil - Centro Universit\u00e1rio Santo Agostinho - UNIFSA","isPartOf":{"@id":"https:\/\/unifsa.com.br\/site\/#website"},"primaryImageOfPage":{"@id":"https:\/\/unifsa.com.br\/site\/prof-me-antonio-carlos-cortez-ministra-palestra-no-viva-ef-maior-evento-online-da-educacao-fisica-no-brasil\/#primaryimage"},"image":{"@id":"https:\/\/unifsa.com.br\/site\/prof-me-antonio-carlos-cortez-ministra-palestra-no-viva-ef-maior-evento-online-da-educacao-fisica-no-brasil\/#primaryimage"},"thumbnailUrl":"https:\/\/unifsa.com.br\/site\/wp-content\/uploads\/2020\/04\/Prof.-Antonio-Carlos-Cortez.jpg","datePublished":"2020-09-01T18:35:39+00:00","dateModified":"2020-09-01T18:43:27+00:00","breadcrumb":{"@id":"https:\/\/unifsa.com.br\/site\/prof-me-antonio-carlos-cortez-ministra-palestra-no-viva-ef-maior-evento-online-da-educacao-fisica-no-brasil\/#breadcrumb"},"inLanguage":"pt-BR","potentialAction":[{"@type":"ReadAction","target":["https:\/\/unifsa.com.br\/site\/prof-me-antonio-carlos-cortez-ministra-palestra-no-viva-ef-maior-evento-online-da-educacao-fisica-no-brasil\/"]}]},{"@type":"ImageObject","inLanguage":"pt-BR","@id":"https:\/\/unifsa.com.br\/site\/prof-me-antonio-carlos-cortez-ministra-palestra-no-viva-ef-maior-evento-online-da-educacao-fisica-no-brasil\/#primaryimage","url":"https:\/\/unifsa.com.br\/site\/wp-content\/uploads\/2020\/04\/Prof.-Antonio-Carlos-Cortez.jpg","contentUrl":"https:\/\/unifsa.com.br\/site\/wp-content\/uploads\/2020\/04\/Prof.-Antonio-Carlos-Cortez.jpg","width":1280,"height":612},{"@type":"BreadcrumbList","@id":"https:\/\/unifsa.com.br\/site\/prof-me-antonio-carlos-cortez-ministra-palestra-no-viva-ef-maior-evento-online-da-educacao-fisica-no-brasil\/#breadcrumb","itemListElement":[{"@type":"ListItem","position":1,"name":"In\u00edcio","item":"https:\/\/unifsa.com.br\/site\/"},{"@type":"ListItem","position":2,"name":"Prof. Me. Antonio Carlos Cortez ministra palestra no Viva EF, maior evento online da Educa\u00e7\u00e3o F\u00edsica no Brasil"}]},{"@type":"WebSite","@id":"https:\/\/unifsa.com.br\/site\/#website","url":"https:\/\/unifsa.com.br\/site\/","name":"Centro Universit\u00e1rio Santo Agostinho - UNIFSA","description":"Conhecimento para toda a vida","publisher":{"@id":"https:\/\/unifsa.com.br\/site\/#organization"},"potentialAction":[{"@type":"SearchAction","target":{"@type":"EntryPoint","urlTemplate":"https:\/\/unifsa.com.br\/site\/?s={search_term_string}"},"query-input":{"@type":"PropertyValueSpecification","valueRequired":true,"valueName":"search_term_string"}}],"inLanguage":"pt-BR"},{"@type":"Organization","@id":"https:\/\/unifsa.com.br\/site\/#organization","name":"Centro Universit\u00e1rio Santo Agostinho - UNIFSA","url":"https:\/\/unifsa.com.br\/site\/","logo":{"@type":"ImageObject","inLanguage":"pt-BR","@id":"https:\/\/unifsa.com.br\/site\/#\/schema\/logo\/image\/","url":"https:\/\/unifsa.com.br\/site\/wp-content\/uploads\/2023\/03\/MARCA-UNIFSA-CIC23-q2apjs1mt975cf1wl25b044coj90fwoiee1kya6800.png","contentUrl":"https:\/\/unifsa.com.br\/site\/wp-content\/uploads\/2023\/03\/MARCA-UNIFSA-CIC23-q2apjs1mt975cf1wl25b044coj90fwoiee1kya6800.png","width":103,"height":100,"caption":"Centro Universit\u00e1rio Santo Agostinho - UNIFSA"},"image":{"@id":"https:\/\/unifsa.com.br\/site\/#\/schema\/logo\/image\/"},"sameAs":["https:\/\/www.facebook.com\/unifsa\/","https:\/\/www.instagram.com\/unifsa\/"]},{"@type":"Person","@id":"https:\/\/unifsa.com.br\/site\/#\/schema\/person\/98b869085e2dd9d314353c441bc13105","name":"Kelma Gallas","image":{"@type":"ImageObject","inLanguage":"pt-BR","@id":"https:\/\/unifsa.com.br\/site\/#\/schema\/person\/image\/","url":"https:\/\/secure.gravatar.com\/avatar\/0eeeaa5b842fd4fde35ede75238fcd5926aacd692cc981aeea889c78c38fe991?s=96&d=mm&r=g","contentUrl":"https:\/\/secure.gravatar.com\/avatar\/0eeeaa5b842fd4fde35ede75238fcd5926aacd692cc981aeea889c78c38fe991?s=96&d=mm&r=g","caption":"Kelma Gallas"},"url":"https:\/\/unifsa.com.br\/site\/author\/kelmagallas\/"}]}},"_links":{"self":[{"href":"https:\/\/unifsa.com.br\/site\/wp-json\/wp\/v2\/posts\/4725","targetHints":{"allow":["GET"]}}],"collection":[{"href":"https:\/\/unifsa.com.br\/site\/wp-json\/wp\/v2\/posts"}],"about":[{"href":"https:\/\/unifsa.com.br\/site\/wp-json\/wp\/v2\/types\/post"}],"author":[{"embeddable":true,"href":"https:\/\/unifsa.com.br\/site\/wp-json\/wp\/v2\/users\/4"}],"replies":[{"embeddable":true,"href":"https:\/\/unifsa.com.br\/site\/wp-json\/wp\/v2\/comments?post=4725"}],"version-history":[{"count":3,"href":"https:\/\/unifsa.com.br\/site\/wp-json\/wp\/v2\/posts\/4725\/revisions"}],"predecessor-version":[{"id":4729,"href":"https:\/\/unifsa.com.br\/site\/wp-json\/wp\/v2\/posts\/4725\/revisions\/4729"}],"wp:featuredmedia":[{"embeddable":true,"href":"https:\/\/unifsa.com.br\/site\/wp-json\/wp\/v2\/media\/3290"}],"wp:attachment":[{"href":"https:\/\/unifsa.com.br\/site\/wp-json\/wp\/v2\/media?parent=4725"}],"wp:term":[{"taxonomy":"category","embeddable":true,"href":"https:\/\/unifsa.com.br\/site\/wp-json\/wp\/v2\/categories?post=4725"},{"taxonomy":"post_tag","embeddable":true,"href":"https:\/\/unifsa.com.br\/site\/wp-json\/wp\/v2\/tags?post=4725"}],"curies":[{"name":"wp","href":"https:\/\/api.w.org\/{rel}","templated":true}]}}