{"id":47200,"date":"2026-09-04T11:29:40","date_gmt":"2026-09-04T14:29:40","guid":{"rendered":"https:\/\/unifsa.com.br\/site\/?p=47200"},"modified":"2026-09-04T11:29:54","modified_gmt":"2026-09-04T14:29:54","slug":"unifsa-realiza-xvi-jornada-de-nutricao-e-i-encontro-de-egressos-de-nutricao-2","status":"publish","type":"post","link":"https:\/\/unifsa.com.br\/site\/unifsa-realiza-xvi-jornada-de-nutricao-e-i-encontro-de-egressos-de-nutricao-2\/","title":{"rendered":"UNIFSA realiza XVI Jornada de Nutri\u00e7\u00e3o e I Encontro de Egressos de Nutri\u00e7\u00e3o"},"content":{"rendered":"\n<p class=\"texto-justificado wp-block-paragraph\">O Centro Universit\u00e1rio Santo Agostinho, por meio da coordena\u00e7\u00e3o de Nutri\u00e7\u00e3o, realizou a <strong>XVI Jornada de Nutri\u00e7\u00e3o e o I Encontro de Egressos de Nutri\u00e7\u00e3o &#8220;Ci\u00eancia e Tecnologia na Constru\u00e7\u00e3o da Sa\u00fade&#8221;<\/strong> nos dias 2 e 3 de setembro de 2026 na Sala de Confer\u00eancia do Pr\u00e9dio Anexo II. Com certifica\u00e7\u00e3o de 15h, o evento foi voltado para alunos e profissionais da \u00e1rea da sa\u00fade, principalmente dos cursos de Nutri\u00e7\u00e3o UNIFSA e outras IES.&nbsp;<\/p>\n\n\n\n<p class=\"texto-justificado wp-block-paragraph\">Este evento teve o objetivo de ampliar a forma\u00e7\u00e3o acad\u00eamica atrav\u00e9s dos conhecimentos t\u00e9cnicos e cient\u00edficos que contribuir\u00e3o para o ingresso no mercado de trabalho nas diversas \u00e1reas da Nutri\u00e7\u00e3o e Alimenta\u00e7\u00e3o, proporcionando conhecimento inovador acerca de novos recursos e t\u00e9cnicas de abordagens nas diversas \u00e1reas de atua\u00e7\u00e3o do nutricionista, despertar o interesse do docente e discente nos eventos cient\u00edficos; estimulando assim a participa\u00e7\u00e3o em eventos da \u00e1rea; e contribuindo para a forma\u00e7\u00e3o do aluno do curso de Nutri\u00e7\u00e3o, fazendo assim com que se sintam mais preparados para o mercado de trabalho.<\/p>\n\n\n\n<p class=\"texto-justificado wp-block-paragraph\">Sua programa\u00e7\u00e3o iniciou com sauda\u00e7\u00f5es iniciais de boas-vindas feitas pela Assessora Pedag\u00f3gica, Ma. Catarine Elaine de Souza Amaral Guimar\u00e3es, a Coordenadora de Extens\u00e3o e Monitoria, Profa. Ma. Roberta Mara Ara\u00fajo Oliveira e Silva, e a Coordenadora do curso de Nutri\u00e7\u00e3o, Profa. Ma. Ana Caroline de Castro Ferreira Fernandes Mac\u00eado.<\/p>\n\n\n\n<p class=\"wp-block-paragraph\"><\/p>\n\n\n\n<figure class=\"wp-block-image size-large\"><img fetchpriority=\"high\" decoding=\"async\" width=\"1024\" height=\"576\" src=\"https:\/\/unifsa.com.br\/site\/wp-content\/uploads\/2026\/09\/WhatsApp-Image-2026-09-02-at-15.42.13-1024x576.webp\" alt=\"\" class=\"wp-image-47202\" srcset=\"https:\/\/unifsa.com.br\/site\/wp-content\/uploads\/2026\/09\/WhatsApp-Image-2026-09-02-at-15.42.13-1024x576.webp 1024w, https:\/\/unifsa.com.br\/site\/wp-content\/uploads\/2026\/09\/WhatsApp-Image-2026-09-02-at-15.42.13-300x169.webp 300w, https:\/\/unifsa.com.br\/site\/wp-content\/uploads\/2026\/09\/WhatsApp-Image-2026-09-02-at-15.42.13-768x432.webp 768w, https:\/\/unifsa.com.br\/site\/wp-content\/uploads\/2026\/09\/WhatsApp-Image-2026-09-02-at-15.42.13.webp 1280w\" sizes=\"(max-width: 1024px) 100vw, 1024px\" \/><\/figure>\n\n\n\n<p class=\"wp-block-paragraph\"><\/p>\n\n\n\n<p class=\"texto-justificado wp-block-paragraph\">Em seguida, o Nutricionista e Farmac\u00eautico, Joao Pedro Brito, ministrou a palestra &#8220;Nutricionista e prescritor: suplementa\u00e7\u00e3o e fitoterapia na pratica cl\u00ednica e esportiva&#8221;.<\/p>\n\n\n\n<p class=\"wp-block-paragraph\"><\/p>\n\n\n\n<figure class=\"wp-block-gallery has-nested-images columns-default is-cropped wp-block-gallery-1 is-layout-flex wp-block-gallery-is-layout-flex\">\n<figure class=\"wp-block-image size-large\"><img decoding=\"async\" width=\"1024\" height=\"768\" data-id=\"47208\" src=\"https:\/\/unifsa.com.br\/site\/wp-content\/uploads\/2026\/09\/WhatsApp-Image-2026-09-04-at-10.23.20-1024x768.webp\" alt=\"\" class=\"wp-image-47208\" srcset=\"https:\/\/unifsa.com.br\/site\/wp-content\/uploads\/2026\/09\/WhatsApp-Image-2026-09-04-at-10.23.20-1024x768.webp 1024w, https:\/\/unifsa.com.br\/site\/wp-content\/uploads\/2026\/09\/WhatsApp-Image-2026-09-04-at-10.23.20-300x225.webp 300w, https:\/\/unifsa.com.br\/site\/wp-content\/uploads\/2026\/09\/WhatsApp-Image-2026-09-04-at-10.23.20-768x576.webp 768w, https:\/\/unifsa.com.br\/site\/wp-content\/uploads\/2026\/09\/WhatsApp-Image-2026-09-04-at-10.23.20-1536x1152.webp 1536w, https:\/\/unifsa.com.br\/site\/wp-content\/uploads\/2026\/09\/WhatsApp-Image-2026-09-04-at-10.23.20-2048x1536.webp 2048w\" sizes=\"(max-width: 1024px) 100vw, 1024px\" \/><\/figure>\n\n\n\n<figure class=\"wp-block-image size-large\"><img decoding=\"async\" width=\"1024\" height=\"576\" data-id=\"47207\" src=\"https:\/\/unifsa.com.br\/site\/wp-content\/uploads\/2026\/09\/WhatsApp-Image-2026-09-04-at-10.23.29-1024x576.webp\" alt=\"\" class=\"wp-image-47207\" srcset=\"https:\/\/unifsa.com.br\/site\/wp-content\/uploads\/2026\/09\/WhatsApp-Image-2026-09-04-at-10.23.29-1024x576.webp 1024w, https:\/\/unifsa.com.br\/site\/wp-content\/uploads\/2026\/09\/WhatsApp-Image-2026-09-04-at-10.23.29-300x169.webp 300w, https:\/\/unifsa.com.br\/site\/wp-content\/uploads\/2026\/09\/WhatsApp-Image-2026-09-04-at-10.23.29-768x432.webp 768w, https:\/\/unifsa.com.br\/site\/wp-content\/uploads\/2026\/09\/WhatsApp-Image-2026-09-04-at-10.23.29-1536x864.webp 1536w, https:\/\/unifsa.com.br\/site\/wp-content\/uploads\/2026\/09\/WhatsApp-Image-2026-09-04-at-10.23.29-2048x1152.webp 2048w\" sizes=\"(max-width: 1024px) 100vw, 1024px\" \/><\/figure>\n<\/figure>\n\n\n\n<p class=\"wp-block-paragraph\"><\/p>\n\n\n\n<p class=\"texto-justificado wp-block-paragraph\">\u00c0s 15h30, Ma.Gisele Viana (Nutricionista-UFPI) e Me. Thiago&nbsp; Reinaldo (Profissional de Educa\u00e7\u00e3o F\u00edsica-UFPI) compuseram a Mesa redonda: &#8220;Nutri\u00e7\u00e3o no paciente em uso de GLP-1: o que ningu\u00e9m te conta&#8221;, moderada pela docente Ma. Camila Borges de Araujo.<\/p>\n\n\n\n<p class=\"wp-block-paragraph\"><\/p>\n\n\n\n<figure class=\"wp-block-gallery has-nested-images columns-default is-cropped wp-block-gallery-2 is-layout-flex wp-block-gallery-is-layout-flex\">\n<figure class=\"wp-block-image size-large\"><img loading=\"lazy\" decoding=\"async\" width=\"1024\" height=\"576\" data-id=\"47209\" src=\"https:\/\/unifsa.com.br\/site\/wp-content\/uploads\/2026\/09\/WhatsApp-Image-2026-09-04-at-10.39.36-1024x576.webp\" alt=\"\" class=\"wp-image-47209\" srcset=\"https:\/\/unifsa.com.br\/site\/wp-content\/uploads\/2026\/09\/WhatsApp-Image-2026-09-04-at-10.39.36-1024x576.webp 1024w, https:\/\/unifsa.com.br\/site\/wp-content\/uploads\/2026\/09\/WhatsApp-Image-2026-09-04-at-10.39.36-300x169.webp 300w, https:\/\/unifsa.com.br\/site\/wp-content\/uploads\/2026\/09\/WhatsApp-Image-2026-09-04-at-10.39.36-768x432.webp 768w, https:\/\/unifsa.com.br\/site\/wp-content\/uploads\/2026\/09\/WhatsApp-Image-2026-09-04-at-10.39.36-1536x864.webp 1536w, https:\/\/unifsa.com.br\/site\/wp-content\/uploads\/2026\/09\/WhatsApp-Image-2026-09-04-at-10.39.36-2048x1152.webp 2048w\" sizes=\"(max-width: 1024px) 100vw, 1024px\" \/><\/figure>\n\n\n\n<figure class=\"wp-block-image size-large\"><img loading=\"lazy\" decoding=\"async\" width=\"1024\" height=\"576\" data-id=\"47211\" src=\"https:\/\/unifsa.com.br\/site\/wp-content\/uploads\/2026\/09\/WhatsApp-Image-2026-09-04-at-10.39.11-1024x576.webp\" alt=\"\" class=\"wp-image-47211\" srcset=\"https:\/\/unifsa.com.br\/site\/wp-content\/uploads\/2026\/09\/WhatsApp-Image-2026-09-04-at-10.39.11-1024x576.webp 1024w, https:\/\/unifsa.com.br\/site\/wp-content\/uploads\/2026\/09\/WhatsApp-Image-2026-09-04-at-10.39.11-300x169.webp 300w, https:\/\/unifsa.com.br\/site\/wp-content\/uploads\/2026\/09\/WhatsApp-Image-2026-09-04-at-10.39.11-768x432.webp 768w, https:\/\/unifsa.com.br\/site\/wp-content\/uploads\/2026\/09\/WhatsApp-Image-2026-09-04-at-10.39.11-1536x864.webp 1536w, https:\/\/unifsa.com.br\/site\/wp-content\/uploads\/2026\/09\/WhatsApp-Image-2026-09-04-at-10.39.11-2048x1152.webp 2048w\" sizes=\"(max-width: 1024px) 100vw, 1024px\" \/><\/figure>\n\n\n\n<figure class=\"wp-block-image size-large\"><img loading=\"lazy\" decoding=\"async\" width=\"1024\" height=\"576\" data-id=\"47210\" src=\"https:\/\/unifsa.com.br\/site\/wp-content\/uploads\/2026\/09\/WhatsApp-Image-2026-09-04-at-10.39.44-1024x576.webp\" alt=\"\" class=\"wp-image-47210\" srcset=\"https:\/\/unifsa.com.br\/site\/wp-content\/uploads\/2026\/09\/WhatsApp-Image-2026-09-04-at-10.39.44-1024x576.webp 1024w, https:\/\/unifsa.com.br\/site\/wp-content\/uploads\/2026\/09\/WhatsApp-Image-2026-09-04-at-10.39.44-300x169.webp 300w, https:\/\/unifsa.com.br\/site\/wp-content\/uploads\/2026\/09\/WhatsApp-Image-2026-09-04-at-10.39.44-768x432.webp 768w, https:\/\/unifsa.com.br\/site\/wp-content\/uploads\/2026\/09\/WhatsApp-Image-2026-09-04-at-10.39.44-1536x864.webp 1536w, https:\/\/unifsa.com.br\/site\/wp-content\/uploads\/2026\/09\/WhatsApp-Image-2026-09-04-at-10.39.44-2048x1152.webp 2048w\" sizes=\"(max-width: 1024px) 100vw, 1024px\" \/><\/figure>\n<\/figure>\n\n\n\n<p class=\"wp-block-paragraph\"><\/p>\n\n\n\n<p class=\"texto-justificado wp-block-paragraph\">A programa\u00e7\u00e3o do segundo dia iniciou pela manh\u00e3 com o I Encontro de Egressos de Nutri\u00e7\u00e3o, intitulado \u201cCi\u00eancia e Tecnologia na Constru\u00e7\u00e3o da Sa\u00fade&#8221;, onde egressas do curso no UNIFSA relataram experi\u00eancias profissionais.<\/p>\n\n\n\n<p class=\"wp-block-paragraph\"><\/p>\n\n\n\n<figure class=\"wp-block-gallery has-nested-images columns-default is-cropped wp-block-gallery-3 is-layout-flex wp-block-gallery-is-layout-flex\">\n<figure class=\"wp-block-image size-large\"><img loading=\"lazy\" decoding=\"async\" width=\"1024\" height=\"576\" data-id=\"47213\" src=\"https:\/\/unifsa.com.br\/site\/wp-content\/uploads\/2026\/09\/WhatsApp-Image-2026-09-04-at-10.41.47-1-1024x576.webp\" alt=\"\" class=\"wp-image-47213\" srcset=\"https:\/\/unifsa.com.br\/site\/wp-content\/uploads\/2026\/09\/WhatsApp-Image-2026-09-04-at-10.41.47-1-1024x576.webp 1024w, https:\/\/unifsa.com.br\/site\/wp-content\/uploads\/2026\/09\/WhatsApp-Image-2026-09-04-at-10.41.47-1-300x169.webp 300w, https:\/\/unifsa.com.br\/site\/wp-content\/uploads\/2026\/09\/WhatsApp-Image-2026-09-04-at-10.41.47-1-768x432.webp 768w, https:\/\/unifsa.com.br\/site\/wp-content\/uploads\/2026\/09\/WhatsApp-Image-2026-09-04-at-10.41.47-1.webp 1280w\" sizes=\"(max-width: 1024px) 100vw, 1024px\" \/><\/figure>\n\n\n\n<figure class=\"wp-block-image size-large\"><img loading=\"lazy\" decoding=\"async\" width=\"1024\" height=\"576\" data-id=\"47214\" src=\"https:\/\/unifsa.com.br\/site\/wp-content\/uploads\/2026\/09\/WhatsApp-Image-2026-09-04-at-10.41.47-2-1024x576.webp\" alt=\"\" class=\"wp-image-47214\" srcset=\"https:\/\/unifsa.com.br\/site\/wp-content\/uploads\/2026\/09\/WhatsApp-Image-2026-09-04-at-10.41.47-2-1024x576.webp 1024w, https:\/\/unifsa.com.br\/site\/wp-content\/uploads\/2026\/09\/WhatsApp-Image-2026-09-04-at-10.41.47-2-300x169.webp 300w, https:\/\/unifsa.com.br\/site\/wp-content\/uploads\/2026\/09\/WhatsApp-Image-2026-09-04-at-10.41.47-2-768x432.webp 768w, https:\/\/unifsa.com.br\/site\/wp-content\/uploads\/2026\/09\/WhatsApp-Image-2026-09-04-at-10.41.47-2.webp 1280w\" sizes=\"(max-width: 1024px) 100vw, 1024px\" \/><\/figure>\n<\/figure>\n\n\n\n<p class=\"wp-block-paragraph\"><\/p>\n\n\n\n<p class=\"texto-justificado wp-block-paragraph\">Ja no turno da tarde, a Dra. Vanessa Lima (Nutricionista &#8211; UFPI) ministrou a palestra &#8220;Exames laboratoriais para Nutricionistas&#8221;, sob media\u00e7\u00e3o da Ma. Daniela Fortes Neves Ibiapina.<\/p>\n\n\n\n<p class=\"wp-block-paragraph\"><\/p>\n\n\n\n<figure class=\"wp-block-gallery has-nested-images columns-default is-cropped wp-block-gallery-4 is-layout-flex wp-block-gallery-is-layout-flex\">\n<figure class=\"wp-block-image size-large\"><img loading=\"lazy\" decoding=\"async\" width=\"1024\" height=\"576\" data-id=\"47218\" src=\"https:\/\/unifsa.com.br\/site\/wp-content\/uploads\/2026\/09\/WhatsApp-Image-2026-09-04-at-10.59.03-1024x576.webp\" alt=\"\" class=\"wp-image-47218\" srcset=\"https:\/\/unifsa.com.br\/site\/wp-content\/uploads\/2026\/09\/WhatsApp-Image-2026-09-04-at-10.59.03-1024x576.webp 1024w, https:\/\/unifsa.com.br\/site\/wp-content\/uploads\/2026\/09\/WhatsApp-Image-2026-09-04-at-10.59.03-300x169.webp 300w, https:\/\/unifsa.com.br\/site\/wp-content\/uploads\/2026\/09\/WhatsApp-Image-2026-09-04-at-10.59.03-768x432.webp 768w, https:\/\/unifsa.com.br\/site\/wp-content\/uploads\/2026\/09\/WhatsApp-Image-2026-09-04-at-10.59.03-1536x864.webp 1536w, https:\/\/unifsa.com.br\/site\/wp-content\/uploads\/2026\/09\/WhatsApp-Image-2026-09-04-at-10.59.03-2048x1152.webp 2048w\" sizes=\"(max-width: 1024px) 100vw, 1024px\" \/><\/figure>\n\n\n\n<figure class=\"wp-block-image size-large\"><img loading=\"lazy\" decoding=\"async\" width=\"1024\" height=\"576\" data-id=\"47219\" src=\"https:\/\/unifsa.com.br\/site\/wp-content\/uploads\/2026\/09\/WhatsApp-Image-2026-09-04-at-10.59.13-1024x576.webp\" alt=\"\" class=\"wp-image-47219\" srcset=\"https:\/\/unifsa.com.br\/site\/wp-content\/uploads\/2026\/09\/WhatsApp-Image-2026-09-04-at-10.59.13-1024x576.webp 1024w, https:\/\/unifsa.com.br\/site\/wp-content\/uploads\/2026\/09\/WhatsApp-Image-2026-09-04-at-10.59.13-300x169.webp 300w, https:\/\/unifsa.com.br\/site\/wp-content\/uploads\/2026\/09\/WhatsApp-Image-2026-09-04-at-10.59.13-768x432.webp 768w, https:\/\/unifsa.com.br\/site\/wp-content\/uploads\/2026\/09\/WhatsApp-Image-2026-09-04-at-10.59.13-1536x864.webp 1536w, https:\/\/unifsa.com.br\/site\/wp-content\/uploads\/2026\/09\/WhatsApp-Image-2026-09-04-at-10.59.13-2048x1152.webp 2048w\" sizes=\"(max-width: 1024px) 100vw, 1024px\" \/><\/figure>\n<\/figure>\n\n\n\n<p class=\"wp-block-paragraph\"><\/p>\n\n\n\n<p class=\"texto-justificado wp-block-paragraph\">Na sequ\u00eancia, a nutricionista Dalila Leite abordou a &#8220;Nutri\u00e7\u00e3o do Futuro: tecnologia e personaliza\u00e7\u00e3o no cuidado a sa\u00fade da mulher&#8221;. Quem mediou o momento foi a docente Dra. Daniele Rodrigues Carvalho Caldas.<\/p>\n\n\n\n<p class=\"wp-block-paragraph\"><\/p>\n\n\n\n<figure class=\"wp-block-image size-large\"><img loading=\"lazy\" decoding=\"async\" width=\"1024\" height=\"576\" src=\"https:\/\/unifsa.com.br\/site\/wp-content\/uploads\/2026\/09\/WhatsApp-Image-2026-09-04-at-10.59.41-1024x576.webp\" alt=\"\" class=\"wp-image-47217\" srcset=\"https:\/\/unifsa.com.br\/site\/wp-content\/uploads\/2026\/09\/WhatsApp-Image-2026-09-04-at-10.59.41-1024x576.webp 1024w, https:\/\/unifsa.com.br\/site\/wp-content\/uploads\/2026\/09\/WhatsApp-Image-2026-09-04-at-10.59.41-300x169.webp 300w, https:\/\/unifsa.com.br\/site\/wp-content\/uploads\/2026\/09\/WhatsApp-Image-2026-09-04-at-10.59.41-768x432.webp 768w, https:\/\/unifsa.com.br\/site\/wp-content\/uploads\/2026\/09\/WhatsApp-Image-2026-09-04-at-10.59.41-1536x864.webp 1536w, https:\/\/unifsa.com.br\/site\/wp-content\/uploads\/2026\/09\/WhatsApp-Image-2026-09-04-at-10.59.41-2048x1152.webp 2048w\" sizes=\"(max-width: 1024px) 100vw, 1024px\" \/><\/figure>\n\n\n\n<p class=\"wp-block-paragraph\"><\/p>\n\n\n\n<p class=\"texto-justificado wp-block-paragraph\">&#8220;Estrat\u00e9gias de empreendedorismo e de estilo de vida saud\u00e1vel&#8221; foi o tema da palestra que encerrou o evento, ministrada pela nutricionista Ingrid Azevedo e mediada pela docente Ma. Keila Cristiane Batista Bezerra.<\/p>\n\n\n\n<p class=\"wp-block-paragraph\"><\/p>\n\n\n\n<figure class=\"wp-block-image size-large\"><img loading=\"lazy\" decoding=\"async\" width=\"1024\" height=\"576\" src=\"https:\/\/unifsa.com.br\/site\/wp-content\/uploads\/2026\/09\/WhatsApp-Image-2026-09-04-at-11.00.12-1024x576.webp\" alt=\"\" class=\"wp-image-47216\" srcset=\"https:\/\/unifsa.com.br\/site\/wp-content\/uploads\/2026\/09\/WhatsApp-Image-2026-09-04-at-11.00.12-1024x576.webp 1024w, https:\/\/unifsa.com.br\/site\/wp-content\/uploads\/2026\/09\/WhatsApp-Image-2026-09-04-at-11.00.12-300x169.webp 300w, https:\/\/unifsa.com.br\/site\/wp-content\/uploads\/2026\/09\/WhatsApp-Image-2026-09-04-at-11.00.12-768x432.webp 768w, https:\/\/unifsa.com.br\/site\/wp-content\/uploads\/2026\/09\/WhatsApp-Image-2026-09-04-at-11.00.12-1536x864.webp 1536w, https:\/\/unifsa.com.br\/site\/wp-content\/uploads\/2026\/09\/WhatsApp-Image-2026-09-04-at-11.00.12-2048x1152.webp 2048w\" sizes=\"(max-width: 1024px) 100vw, 1024px\" \/><\/figure>\n\n\n\n<p class=\"wp-block-paragraph\"><\/p>\n\n\n\n<h2 class=\"wp-block-heading has-vivid-cyan-blue-color has-text-color has-link-color wp-elements-d6cdfbcfdbeca148fd6b8ca02afd45c5\">Confira a programa\u00e7\u00e3o completa:<\/h2>\n\n\n\n<figure class=\"wp-block-table\"><table class=\"has-fixed-layout\"><tbody><tr><td><strong>DATA<\/strong><\/td><td><strong>HOR\u00c1RIO<\/strong><\/td><td><strong>ATIVIDADE<\/strong><\/td><td><strong>MINISTRANTE<\/strong><\/td><\/tr><tr><td>02\/09<\/td><td>13h<\/td><td>Credenciamento<\/td><td><\/td><\/tr><tr><td>02\/09<\/td><td>14h<\/td><td>Abertura Oficial do evento:<br>Sauda\u00e7\u00f5es iniciais de boas-vindas feita pela e Assessora Pedag\u00f3gica, Coordenadora do curso de Nutri\u00e7\u00e3o, Diretor de Ensino e Reitora do UNIFSA.<\/td><td>Ma. Catarine Elaine de S. A. Guimar\u00e3es<br>Ma. Ana Caroline de Castro Ferreira Fernandes Mac\u00eado<br>Dr. Edjofre Coelho de Oliveira<br>Ma. Antonieta Lira e Silva<\/td><\/tr><tr><td>02\/09<\/td><td>14h30<\/td><td>Nutricionista e prescritor: suplementa\u00e7\u00e3o e fitoterapia na pratica cl\u00ednica e esportiva.<\/td><td><strong>Palestrante:<\/strong><br>Joao Pedro Brito -Nutricionista\/ Farmac\u00eautico<br><strong>Moderadora:<\/strong> Ma. Ana Caroline de Castro Ferreira Fernandes Mac\u00eado\/ Docente UNIFSA<\/td><\/tr><tr><td>02\/09<\/td><td>15h30<\/td><td><strong>Mesa redonda:<\/strong><br>Nutri\u00e7\u00e3o no paciente em uso de GLP-1: o que ningu\u00e9m teconta<\/td><td><strong>Palestrante:<\/strong><br>&nbsp;<br>Ma.Gisele Viana<strong>\/ <\/strong>Nutricionista-UFPI<br>&nbsp;<br>Me. Thiago&nbsp; Reinaldo \u2013 Educador F\u00edsico \/&nbsp; UFPI<br>&nbsp;<br><strong>Moderadora:<\/strong><br>Ma. Camila Borges de Araujo&nbsp; \/ Docente UNIFSA<\/td><\/tr><tr><td>03\/09<\/td><td>8h<\/td><td><strong>I Encontro de Egressos de Nutri\u00e7\u00e3o, intitulada \u201cCi\u00eancia e Tecnologia na Constru\u00e7\u00e3o da Sa\u00fade<\/strong><br><br>-Relatos de experi\u00eancias profissionais e presen\u00e7a de egressos.<\/td><td>Hall do Anexo II<br>&nbsp;<br>Espa\u00e7o coordenado pela coordenadora do curso e professoras da comiss\u00e3o.<\/td><\/tr><tr><td>03\/09<\/td><td>14h<\/td><td>Exames laboratoriais para Nutricionistas<\/td><td><strong>Palestrante:<\/strong><br>Dra. Vanessa Lima<br>\u2013 Nutricionista- UFPI<br>&nbsp;<br><strong>Moderadora:<\/strong>Ma. Daniela Fortes Neves Ibiapina \/ Docente UNIFSA<\/td><\/tr><tr><td>03\/09<\/td><td>15h30<\/td><td>Nutri\u00e7\u00e3o do Futuro: tecnologia e personaliza\u00e7\u00e3o no cuidado a sa\u00fade da mulher<\/td><td><strong>Palestrantes:<\/strong><br>Dalila Leite- Nutricionista \u2013<br>&nbsp;<br>&nbsp;<br><strong>Moderadora:<\/strong><br>Dra. Daniele Rodrigues Carvalho Caldas.<\/td><\/tr><tr><td>03\/09<\/td><td>16h30<\/td><td>Estrat\u00e9gias de empreendedorismo e de estilo de vida saud\u00e1vel<\/td><td><strong>Palestrantes:<\/strong><br>Ingrid Azevedo &#8211; Nutricionista&nbsp;<br><br><strong>&nbsp;&nbsp; Moderadora:<\/strong><br>Ma. Keila Cristiane Batista Bezerra<\/td><\/tr><\/tbody><\/table><\/figure>\n","protected":false},"excerpt":{"rendered":"<p>O Centro Universit\u00e1rio Santo Agostinho, por meio da coordena\u00e7\u00e3o de Nutri\u00e7\u00e3o, realizou a XVI Jornada de Nutri\u00e7\u00e3o e o I Encontro de Egressos de Nutri\u00e7\u00e3o &#8220;Ci\u00eancia e Tecnologia na Constru\u00e7\u00e3o da Sa\u00fade&#8221; nos dias 2 e 3 de setembro de 2026 na Sala de Confer\u00eancia do Pr\u00e9dio Anexo II. Com certifica\u00e7\u00e3o de 15h, o evento<\/p>\n","protected":false},"author":11,"featured_media":47220,"comment_status":"closed","ping_status":"open","sticky":false,"template":"","format":"standard","meta":{"footnotes":""},"categories":[6,62],"tags":[],"class_list":["post-47200","post","type-post","status-publish","format-standard","has-post-thumbnail","hentry","category-acontece-na-unifsa","category-nutricao"],"yoast_head":"<!-- This site is optimized with the Yoast SEO plugin v28.3 - https:\/\/yoast.com\/product\/yoast-seo-wordpress\/ -->\n<title>UNIFSA realiza XVI Jornada de Nutri\u00e7\u00e3o e I Encontro de Egressos de Nutri\u00e7\u00e3o - Centro Universit\u00e1rio Santo Agostinho - UNIFSA<\/title>\n<meta name=\"robots\" content=\"index, follow, max-snippet:-1, max-image-preview:large, max-video-preview:-1\" \/>\n<link rel=\"canonical\" href=\"https:\/\/unifsa.com.br\/site\/unifsa-realiza-xvi-jornada-de-nutricao-e-i-encontro-de-egressos-de-nutricao-2\/\" \/>\n<meta property=\"og:locale\" content=\"pt_BR\" \/>\n<meta property=\"og:type\" content=\"article\" \/>\n<meta property=\"og:title\" content=\"UNIFSA realiza XVI Jornada de Nutri\u00e7\u00e3o e I Encontro de Egressos de Nutri\u00e7\u00e3o - Centro Universit\u00e1rio Santo Agostinho - UNIFSA\" \/>\n<meta property=\"og:description\" content=\"O Centro Universit\u00e1rio Santo Agostinho, por meio da coordena\u00e7\u00e3o de Nutri\u00e7\u00e3o, realizou a XVI Jornada de Nutri\u00e7\u00e3o e o I Encontro de Egressos de Nutri\u00e7\u00e3o &#8220;Ci\u00eancia e Tecnologia na Constru\u00e7\u00e3o da Sa\u00fade&#8221; nos dias 2 e 3 de setembro de 2026 na Sala de Confer\u00eancia do Pr\u00e9dio Anexo II. Com certifica\u00e7\u00e3o de 15h, o evento\" \/>\n<meta property=\"og:url\" content=\"https:\/\/unifsa.com.br\/site\/unifsa-realiza-xvi-jornada-de-nutricao-e-i-encontro-de-egressos-de-nutricao-2\/\" \/>\n<meta property=\"og:site_name\" content=\"Centro Universit\u00e1rio Santo Agostinho - UNIFSA\" \/>\n<meta property=\"article:publisher\" content=\"https:\/\/www.facebook.com\/unifsa\/\" \/>\n<meta property=\"article:published_time\" content=\"2026-09-04T14:29:40+00:00\" \/>\n<meta property=\"article:modified_time\" content=\"2026-09-04T14:29:54+00:00\" \/>\n<meta property=\"og:image\" content=\"https:\/\/unifsa.com.br\/site\/wp-content\/uploads\/2026\/09\/WhatsApp-Image-2026-09-04-at-11.21.03.webp\" \/>\n\t<meta property=\"og:image:width\" content=\"1280\" \/>\n\t<meta property=\"og:image:height\" content=\"720\" \/>\n\t<meta property=\"og:image:type\" content=\"image\/webp\" \/>\n<meta name=\"author\" content=\"Oceannyra Kelly da Cruz Silva\" \/>\n<meta name=\"twitter:card\" content=\"summary_large_image\" \/>\n<meta name=\"twitter:label1\" content=\"Escrito por\" \/>\n\t<meta name=\"twitter:data1\" content=\"Oceannyra Kelly da Cruz Silva\" \/>\n\t<meta name=\"twitter:label2\" content=\"Est. tempo de leitura\" \/>\n\t<meta name=\"twitter:data2\" content=\"7 minutos\" \/>\n<script type=\"application\/ld+json\" class=\"yoast-schema-graph\">{\"@context\":\"https:\\\/\\\/schema.org\",\"@graph\":[{\"@type\":\"Article\",\"@id\":\"https:\\\/\\\/unifsa.com.br\\\/site\\\/unifsa-realiza-xvi-jornada-de-nutricao-e-i-encontro-de-egressos-de-nutricao-2\\\/#article\",\"isPartOf\":{\"@id\":\"https:\\\/\\\/unifsa.com.br\\\/site\\\/unifsa-realiza-xvi-jornada-de-nutricao-e-i-encontro-de-egressos-de-nutricao-2\\\/\"},\"author\":{\"name\":\"Oceannyra Kelly da Cruz Silva\",\"@id\":\"https:\\\/\\\/unifsa.com.br\\\/site\\\/#\\\/schema\\\/person\\\/a4cec94bbc6ddf98f579162824de9bf2\"},\"headline\":\"UNIFSA realiza XVI Jornada de Nutri\u00e7\u00e3o e I Encontro de Egressos de Nutri\u00e7\u00e3o\",\"datePublished\":\"2026-09-04T14:29:40+00:00\",\"dateModified\":\"2026-09-04T14:29:54+00:00\",\"mainEntityOfPage\":{\"@id\":\"https:\\\/\\\/unifsa.com.br\\\/site\\\/unifsa-realiza-xvi-jornada-de-nutricao-e-i-encontro-de-egressos-de-nutricao-2\\\/\"},\"wordCount\":729,\"publisher\":{\"@id\":\"https:\\\/\\\/unifsa.com.br\\\/site\\\/#organization\"},\"image\":{\"@id\":\"https:\\\/\\\/unifsa.com.br\\\/site\\\/unifsa-realiza-xvi-jornada-de-nutricao-e-i-encontro-de-egressos-de-nutricao-2\\\/#primaryimage\"},\"thumbnailUrl\":\"https:\\\/\\\/unifsa.com.br\\\/site\\\/wp-content\\\/uploads\\\/2026\\\/09\\\/WhatsApp-Image-2026-09-04-at-11.21.03.webp\",\"articleSection\":[\"Acontece na UNIFSA\",\"Nutri\u00e7\u00e3o\"],\"inLanguage\":\"pt-BR\"},{\"@type\":\"WebPage\",\"@id\":\"https:\\\/\\\/unifsa.com.br\\\/site\\\/unifsa-realiza-xvi-jornada-de-nutricao-e-i-encontro-de-egressos-de-nutricao-2\\\/\",\"url\":\"https:\\\/\\\/unifsa.com.br\\\/site\\\/unifsa-realiza-xvi-jornada-de-nutricao-e-i-encontro-de-egressos-de-nutricao-2\\\/\",\"name\":\"UNIFSA realiza XVI Jornada de Nutri\u00e7\u00e3o e I Encontro de Egressos de Nutri\u00e7\u00e3o - Centro Universit\u00e1rio Santo Agostinho - UNIFSA\",\"isPartOf\":{\"@id\":\"https:\\\/\\\/unifsa.com.br\\\/site\\\/#website\"},\"primaryImageOfPage\":{\"@id\":\"https:\\\/\\\/unifsa.com.br\\\/site\\\/unifsa-realiza-xvi-jornada-de-nutricao-e-i-encontro-de-egressos-de-nutricao-2\\\/#primaryimage\"},\"image\":{\"@id\":\"https:\\\/\\\/unifsa.com.br\\\/site\\\/unifsa-realiza-xvi-jornada-de-nutricao-e-i-encontro-de-egressos-de-nutricao-2\\\/#primaryimage\"},\"thumbnailUrl\":\"https:\\\/\\\/unifsa.com.br\\\/site\\\/wp-content\\\/uploads\\\/2026\\\/09\\\/WhatsApp-Image-2026-09-04-at-11.21.03.webp\",\"datePublished\":\"2026-09-04T14:29:40+00:00\",\"dateModified\":\"2026-09-04T14:29:54+00:00\",\"breadcrumb\":{\"@id\":\"https:\\\/\\\/unifsa.com.br\\\/site\\\/unifsa-realiza-xvi-jornada-de-nutricao-e-i-encontro-de-egressos-de-nutricao-2\\\/#breadcrumb\"},\"inLanguage\":\"pt-BR\",\"potentialAction\":[{\"@type\":\"ReadAction\",\"target\":[\"https:\\\/\\\/unifsa.com.br\\\/site\\\/unifsa-realiza-xvi-jornada-de-nutricao-e-i-encontro-de-egressos-de-nutricao-2\\\/\"]}]},{\"@type\":\"ImageObject\",\"inLanguage\":\"pt-BR\",\"@id\":\"https:\\\/\\\/unifsa.com.br\\\/site\\\/unifsa-realiza-xvi-jornada-de-nutricao-e-i-encontro-de-egressos-de-nutricao-2\\\/#primaryimage\",\"url\":\"https:\\\/\\\/unifsa.com.br\\\/site\\\/wp-content\\\/uploads\\\/2026\\\/09\\\/WhatsApp-Image-2026-09-04-at-11.21.03.webp\",\"contentUrl\":\"https:\\\/\\\/unifsa.com.br\\\/site\\\/wp-content\\\/uploads\\\/2026\\\/09\\\/WhatsApp-Image-2026-09-04-at-11.21.03.webp\",\"width\":1280,\"height\":720},{\"@type\":\"BreadcrumbList\",\"@id\":\"https:\\\/\\\/unifsa.com.br\\\/site\\\/unifsa-realiza-xvi-jornada-de-nutricao-e-i-encontro-de-egressos-de-nutricao-2\\\/#breadcrumb\",\"itemListElement\":[{\"@type\":\"ListItem\",\"position\":1,\"name\":\"In\u00edcio\",\"item\":\"https:\\\/\\\/unifsa.com.br\\\/site\\\/\"},{\"@type\":\"ListItem\",\"position\":2,\"name\":\"UNIFSA realiza XVI Jornada de Nutri\u00e7\u00e3o e I Encontro de Egressos de Nutri\u00e7\u00e3o\"}]},{\"@type\":\"WebSite\",\"@id\":\"https:\\\/\\\/unifsa.com.br\\\/site\\\/#website\",\"url\":\"https:\\\/\\\/unifsa.com.br\\\/site\\\/\",\"name\":\"Centro Universit\u00e1rio Santo Agostinho - UNIFSA\",\"description\":\"Conhecimento para toda a vida\",\"publisher\":{\"@id\":\"https:\\\/\\\/unifsa.com.br\\\/site\\\/#organization\"},\"potentialAction\":[{\"@type\":\"SearchAction\",\"target\":{\"@type\":\"EntryPoint\",\"urlTemplate\":\"https:\\\/\\\/unifsa.com.br\\\/site\\\/?s={search_term_string}\"},\"query-input\":{\"@type\":\"PropertyValueSpecification\",\"valueRequired\":true,\"valueName\":\"search_term_string\"}}],\"inLanguage\":\"pt-BR\"},{\"@type\":\"Organization\",\"@id\":\"https:\\\/\\\/unifsa.com.br\\\/site\\\/#organization\",\"name\":\"Centro Universit\u00e1rio Santo Agostinho - UNIFSA\",\"url\":\"https:\\\/\\\/unifsa.com.br\\\/site\\\/\",\"logo\":{\"@type\":\"ImageObject\",\"inLanguage\":\"pt-BR\",\"@id\":\"https:\\\/\\\/unifsa.com.br\\\/site\\\/#\\\/schema\\\/logo\\\/image\\\/\",\"url\":\"https:\\\/\\\/unifsa.com.br\\\/site\\\/wp-content\\\/uploads\\\/2023\\\/03\\\/MARCA-UNIFSA-CIC23-q2apjs1mt975cf1wl25b044coj90fwoiee1kya6800.png\",\"contentUrl\":\"https:\\\/\\\/unifsa.com.br\\\/site\\\/wp-content\\\/uploads\\\/2023\\\/03\\\/MARCA-UNIFSA-CIC23-q2apjs1mt975cf1wl25b044coj90fwoiee1kya6800.png\",\"width\":103,\"height\":100,\"caption\":\"Centro Universit\u00e1rio Santo Agostinho - UNIFSA\"},\"image\":{\"@id\":\"https:\\\/\\\/unifsa.com.br\\\/site\\\/#\\\/schema\\\/logo\\\/image\\\/\"},\"sameAs\":[\"https:\\\/\\\/www.facebook.com\\\/unifsa\\\/\",\"https:\\\/\\\/www.instagram.com\\\/unifsa\\\/\"]},{\"@type\":\"Person\",\"@id\":\"https:\\\/\\\/unifsa.com.br\\\/site\\\/#\\\/schema\\\/person\\\/a4cec94bbc6ddf98f579162824de9bf2\",\"name\":\"Oceannyra Kelly da Cruz Silva\",\"image\":{\"@type\":\"ImageObject\",\"inLanguage\":\"pt-BR\",\"@id\":\"https:\\\/\\\/secure.gravatar.com\\\/avatar\\\/05c87cd6fa2c3c73262055bd9341438a47e77a37053b409b3cf4f8df60ea8eb8?s=96&d=mm&r=g\",\"url\":\"https:\\\/\\\/secure.gravatar.com\\\/avatar\\\/05c87cd6fa2c3c73262055bd9341438a47e77a37053b409b3cf4f8df60ea8eb8?s=96&d=mm&r=g\",\"contentUrl\":\"https:\\\/\\\/secure.gravatar.com\\\/avatar\\\/05c87cd6fa2c3c73262055bd9341438a47e77a37053b409b3cf4f8df60ea8eb8?s=96&d=mm&r=g\",\"caption\":\"Oceannyra Kelly da Cruz Silva\"},\"url\":\"https:\\\/\\\/unifsa.com.br\\\/site\\\/author\\\/oceannyrakelly\\\/\"}]}<\/script>\n<!-- \/ Yoast SEO plugin. -->","yoast_head_json":{"title":"UNIFSA realiza XVI Jornada de Nutri\u00e7\u00e3o e I Encontro de Egressos de Nutri\u00e7\u00e3o - Centro Universit\u00e1rio Santo Agostinho - UNIFSA","robots":{"index":"index","follow":"follow","max-snippet":"max-snippet:-1","max-image-preview":"max-image-preview:large","max-video-preview":"max-video-preview:-1"},"canonical":"https:\/\/unifsa.com.br\/site\/unifsa-realiza-xvi-jornada-de-nutricao-e-i-encontro-de-egressos-de-nutricao-2\/","og_locale":"pt_BR","og_type":"article","og_title":"UNIFSA realiza XVI Jornada de Nutri\u00e7\u00e3o e I Encontro de Egressos de Nutri\u00e7\u00e3o - Centro Universit\u00e1rio Santo Agostinho - UNIFSA","og_description":"O Centro Universit\u00e1rio Santo Agostinho, por meio da coordena\u00e7\u00e3o de Nutri\u00e7\u00e3o, realizou a XVI Jornada de Nutri\u00e7\u00e3o e o I Encontro de Egressos de Nutri\u00e7\u00e3o &#8220;Ci\u00eancia e Tecnologia na Constru\u00e7\u00e3o da Sa\u00fade&#8221; nos dias 2 e 3 de setembro de 2026 na Sala de Confer\u00eancia do Pr\u00e9dio Anexo II. Com certifica\u00e7\u00e3o de 15h, o evento","og_url":"https:\/\/unifsa.com.br\/site\/unifsa-realiza-xvi-jornada-de-nutricao-e-i-encontro-de-egressos-de-nutricao-2\/","og_site_name":"Centro Universit\u00e1rio Santo Agostinho - UNIFSA","article_publisher":"https:\/\/www.facebook.com\/unifsa\/","article_published_time":"2026-09-04T14:29:40+00:00","article_modified_time":"2026-09-04T14:29:54+00:00","og_image":[{"width":1280,"height":720,"url":"https:\/\/unifsa.com.br\/site\/wp-content\/uploads\/2026\/09\/WhatsApp-Image-2026-09-04-at-11.21.03.webp","type":"image\/webp"}],"author":"Oceannyra Kelly da Cruz Silva","twitter_card":"summary_large_image","twitter_misc":{"Escrito por":"Oceannyra Kelly da Cruz Silva","Est. tempo de leitura":"7 minutos"},"schema":{"@context":"https:\/\/schema.org","@graph":[{"@type":"Article","@id":"https:\/\/unifsa.com.br\/site\/unifsa-realiza-xvi-jornada-de-nutricao-e-i-encontro-de-egressos-de-nutricao-2\/#article","isPartOf":{"@id":"https:\/\/unifsa.com.br\/site\/unifsa-realiza-xvi-jornada-de-nutricao-e-i-encontro-de-egressos-de-nutricao-2\/"},"author":{"name":"Oceannyra Kelly da Cruz Silva","@id":"https:\/\/unifsa.com.br\/site\/#\/schema\/person\/a4cec94bbc6ddf98f579162824de9bf2"},"headline":"UNIFSA realiza XVI Jornada de Nutri\u00e7\u00e3o e I Encontro de Egressos de Nutri\u00e7\u00e3o","datePublished":"2026-09-04T14:29:40+00:00","dateModified":"2026-09-04T14:29:54+00:00","mainEntityOfPage":{"@id":"https:\/\/unifsa.com.br\/site\/unifsa-realiza-xvi-jornada-de-nutricao-e-i-encontro-de-egressos-de-nutricao-2\/"},"wordCount":729,"publisher":{"@id":"https:\/\/unifsa.com.br\/site\/#organization"},"image":{"@id":"https:\/\/unifsa.com.br\/site\/unifsa-realiza-xvi-jornada-de-nutricao-e-i-encontro-de-egressos-de-nutricao-2\/#primaryimage"},"thumbnailUrl":"https:\/\/unifsa.com.br\/site\/wp-content\/uploads\/2026\/09\/WhatsApp-Image-2026-09-04-at-11.21.03.webp","articleSection":["Acontece na UNIFSA","Nutri\u00e7\u00e3o"],"inLanguage":"pt-BR"},{"@type":"WebPage","@id":"https:\/\/unifsa.com.br\/site\/unifsa-realiza-xvi-jornada-de-nutricao-e-i-encontro-de-egressos-de-nutricao-2\/","url":"https:\/\/unifsa.com.br\/site\/unifsa-realiza-xvi-jornada-de-nutricao-e-i-encontro-de-egressos-de-nutricao-2\/","name":"UNIFSA realiza XVI Jornada de Nutri\u00e7\u00e3o e I Encontro de Egressos de Nutri\u00e7\u00e3o - Centro Universit\u00e1rio Santo Agostinho - UNIFSA","isPartOf":{"@id":"https:\/\/unifsa.com.br\/site\/#website"},"primaryImageOfPage":{"@id":"https:\/\/unifsa.com.br\/site\/unifsa-realiza-xvi-jornada-de-nutricao-e-i-encontro-de-egressos-de-nutricao-2\/#primaryimage"},"image":{"@id":"https:\/\/unifsa.com.br\/site\/unifsa-realiza-xvi-jornada-de-nutricao-e-i-encontro-de-egressos-de-nutricao-2\/#primaryimage"},"thumbnailUrl":"https:\/\/unifsa.com.br\/site\/wp-content\/uploads\/2026\/09\/WhatsApp-Image-2026-09-04-at-11.21.03.webp","datePublished":"2026-09-04T14:29:40+00:00","dateModified":"2026-09-04T14:29:54+00:00","breadcrumb":{"@id":"https:\/\/unifsa.com.br\/site\/unifsa-realiza-xvi-jornada-de-nutricao-e-i-encontro-de-egressos-de-nutricao-2\/#breadcrumb"},"inLanguage":"pt-BR","potentialAction":[{"@type":"ReadAction","target":["https:\/\/unifsa.com.br\/site\/unifsa-realiza-xvi-jornada-de-nutricao-e-i-encontro-de-egressos-de-nutricao-2\/"]}]},{"@type":"ImageObject","inLanguage":"pt-BR","@id":"https:\/\/unifsa.com.br\/site\/unifsa-realiza-xvi-jornada-de-nutricao-e-i-encontro-de-egressos-de-nutricao-2\/#primaryimage","url":"https:\/\/unifsa.com.br\/site\/wp-content\/uploads\/2026\/09\/WhatsApp-Image-2026-09-04-at-11.21.03.webp","contentUrl":"https:\/\/unifsa.com.br\/site\/wp-content\/uploads\/2026\/09\/WhatsApp-Image-2026-09-04-at-11.21.03.webp","width":1280,"height":720},{"@type":"BreadcrumbList","@id":"https:\/\/unifsa.com.br\/site\/unifsa-realiza-xvi-jornada-de-nutricao-e-i-encontro-de-egressos-de-nutricao-2\/#breadcrumb","itemListElement":[{"@type":"ListItem","position":1,"name":"In\u00edcio","item":"https:\/\/unifsa.com.br\/site\/"},{"@type":"ListItem","position":2,"name":"UNIFSA realiza XVI Jornada de Nutri\u00e7\u00e3o e I Encontro de Egressos de Nutri\u00e7\u00e3o"}]},{"@type":"WebSite","@id":"https:\/\/unifsa.com.br\/site\/#website","url":"https:\/\/unifsa.com.br\/site\/","name":"Centro Universit\u00e1rio Santo Agostinho - UNIFSA","description":"Conhecimento para toda a vida","publisher":{"@id":"https:\/\/unifsa.com.br\/site\/#organization"},"potentialAction":[{"@type":"SearchAction","target":{"@type":"EntryPoint","urlTemplate":"https:\/\/unifsa.com.br\/site\/?s={search_term_string}"},"query-input":{"@type":"PropertyValueSpecification","valueRequired":true,"valueName":"search_term_string"}}],"inLanguage":"pt-BR"},{"@type":"Organization","@id":"https:\/\/unifsa.com.br\/site\/#organization","name":"Centro Universit\u00e1rio Santo Agostinho - UNIFSA","url":"https:\/\/unifsa.com.br\/site\/","logo":{"@type":"ImageObject","inLanguage":"pt-BR","@id":"https:\/\/unifsa.com.br\/site\/#\/schema\/logo\/image\/","url":"https:\/\/unifsa.com.br\/site\/wp-content\/uploads\/2023\/03\/MARCA-UNIFSA-CIC23-q2apjs1mt975cf1wl25b044coj90fwoiee1kya6800.png","contentUrl":"https:\/\/unifsa.com.br\/site\/wp-content\/uploads\/2023\/03\/MARCA-UNIFSA-CIC23-q2apjs1mt975cf1wl25b044coj90fwoiee1kya6800.png","width":103,"height":100,"caption":"Centro Universit\u00e1rio Santo Agostinho - UNIFSA"},"image":{"@id":"https:\/\/unifsa.com.br\/site\/#\/schema\/logo\/image\/"},"sameAs":["https:\/\/www.facebook.com\/unifsa\/","https:\/\/www.instagram.com\/unifsa\/"]},{"@type":"Person","@id":"https:\/\/unifsa.com.br\/site\/#\/schema\/person\/a4cec94bbc6ddf98f579162824de9bf2","name":"Oceannyra Kelly da Cruz Silva","image":{"@type":"ImageObject","inLanguage":"pt-BR","@id":"https:\/\/secure.gravatar.com\/avatar\/05c87cd6fa2c3c73262055bd9341438a47e77a37053b409b3cf4f8df60ea8eb8?s=96&d=mm&r=g","url":"https:\/\/secure.gravatar.com\/avatar\/05c87cd6fa2c3c73262055bd9341438a47e77a37053b409b3cf4f8df60ea8eb8?s=96&d=mm&r=g","contentUrl":"https:\/\/secure.gravatar.com\/avatar\/05c87cd6fa2c3c73262055bd9341438a47e77a37053b409b3cf4f8df60ea8eb8?s=96&d=mm&r=g","caption":"Oceannyra Kelly da Cruz Silva"},"url":"https:\/\/unifsa.com.br\/site\/author\/oceannyrakelly\/"}]}},"_links":{"self":[{"href":"https:\/\/unifsa.com.br\/site\/wp-json\/wp\/v2\/posts\/47200","targetHints":{"allow":["GET"]}}],"collection":[{"href":"https:\/\/unifsa.com.br\/site\/wp-json\/wp\/v2\/posts"}],"about":[{"href":"https:\/\/unifsa.com.br\/site\/wp-json\/wp\/v2\/types\/post"}],"author":[{"embeddable":true,"href":"https:\/\/unifsa.com.br\/site\/wp-json\/wp\/v2\/users\/11"}],"replies":[{"embeddable":true,"href":"https:\/\/unifsa.com.br\/site\/wp-json\/wp\/v2\/comments?post=47200"}],"version-history":[{"count":7,"href":"https:\/\/unifsa.com.br\/site\/wp-json\/wp\/v2\/posts\/47200\/revisions"}],"predecessor-version":[{"id":47221,"href":"https:\/\/unifsa.com.br\/site\/wp-json\/wp\/v2\/posts\/47200\/revisions\/47221"}],"wp:featuredmedia":[{"embeddable":true,"href":"https:\/\/unifsa.com.br\/site\/wp-json\/wp\/v2\/media\/47220"}],"wp:attachment":[{"href":"https:\/\/unifsa.com.br\/site\/wp-json\/wp\/v2\/media?parent=47200"}],"wp:term":[{"taxonomy":"category","embeddable":true,"href":"https:\/\/unifsa.com.br\/site\/wp-json\/wp\/v2\/categories?post=47200"},{"taxonomy":"post_tag","embeddable":true,"href":"https:\/\/unifsa.com.br\/site\/wp-json\/wp\/v2\/tags?post=47200"}],"curies":[{"name":"wp","href":"https:\/\/api.w.org\/{rel}","templated":true}]}}