{"id":47198,"date":"2026-09-04T14:13:21","date_gmt":"2026-09-04T17:13:21","guid":{"rendered":"https:\/\/unifsa.com.br\/site\/?p=47198"},"modified":"2026-09-04T14:13:33","modified_gmt":"2026-09-04T17:13:33","slug":"unifsa-promove-evento-especial-em-celebracao-ao-dia-do-profissional-de-educacao-fisica","status":"publish","type":"post","link":"https:\/\/unifsa.com.br\/site\/unifsa-promove-evento-especial-em-celebracao-ao-dia-do-profissional-de-educacao-fisica\/","title":{"rendered":"UNIFSA promove evento especial em celebra\u00e7\u00e3o ao Dia do Profissional de Educa\u00e7\u00e3o F\u00edsica"},"content":{"rendered":"\n<p class=\"texto-justificado wp-block-paragraph\">Em celebra\u00e7\u00e3o ao <strong>Dia do Profissional de Educa\u00e7\u00e3o F\u00edsica<\/strong>, comemorado em 1\u00ba de setembro, a Coordena\u00e7\u00e3o do curso de Educa\u00e7\u00e3o F\u00edsica do Centro Universit\u00e1rio realizou, na \u00faltima ter\u00e7a-feira (1\u00ba), um evento especial voltado aos acad\u00eamicos, reunindo momentos de aprendizado, reflex\u00e3o e troca de experi\u00eancias sobre temas relevantes para a forma\u00e7\u00e3o profissional.<\/p>\n\n\n\n<p class=\"texto-justificado wp-block-paragraph\">A programa\u00e7\u00e3o aconteceu a partir das 14h, na Sala de Confer\u00eancia do pr\u00e9dio Sede, e foi mediada pelo coordenador do curso, <strong>Prof. Dr. K\u00e1cio dos Santos Silva<\/strong>. O encontro foi dividido em dois momentos, proporcionando aos participantes uma abordagem ampla sobre diferentes \u00e1reas de atua\u00e7\u00e3o da Educa\u00e7\u00e3o F\u00edsica.<\/p>\n\n\n\n<p class=\"texto-justificado wp-block-paragraph\">A abertura do evento contou com a palestra <strong>&#8220;Exerc\u00edcio F\u00edsico e C\u00e2ncer: O que todo futuro Profissional de Educa\u00e7\u00e3o F\u00edsica precisa saber&#8221;<\/strong>, ministrada pelo <strong>Prof. Me. Thiago Reinaldo<\/strong>. Durante a apresenta\u00e7\u00e3o, foram discutidas as contribui\u00e7\u00f5es do exerc\u00edcio f\u00edsico na preven\u00e7\u00e3o, no tratamento e na reabilita\u00e7\u00e3o de pacientes oncol\u00f3gicos, destacando a import\u00e2ncia da atua\u00e7\u00e3o qualificada do profissional de Educa\u00e7\u00e3o F\u00edsica no cuidado \u00e0 sa\u00fade.<\/p>\n\n\n\n<p class=\"wp-block-paragraph\"><\/p>\n\n\n\n<figure class=\"wp-block-gallery has-nested-images columns-default is-cropped wp-block-gallery-1 is-layout-flex wp-block-gallery-is-layout-flex\">\n<figure class=\"wp-block-image size-large\"><img fetchpriority=\"high\" decoding=\"async\" width=\"1024\" height=\"576\" data-id=\"47224\" src=\"https:\/\/unifsa.com.br\/site\/wp-content\/uploads\/2026\/09\/WhatsApp-Image-2026-09-04-at-13.37.00-1-1024x576.webp\" alt=\"\" class=\"wp-image-47224\" srcset=\"https:\/\/unifsa.com.br\/site\/wp-content\/uploads\/2026\/09\/WhatsApp-Image-2026-09-04-at-13.37.00-1-1024x576.webp 1024w, https:\/\/unifsa.com.br\/site\/wp-content\/uploads\/2026\/09\/WhatsApp-Image-2026-09-04-at-13.37.00-1-300x169.webp 300w, https:\/\/unifsa.com.br\/site\/wp-content\/uploads\/2026\/09\/WhatsApp-Image-2026-09-04-at-13.37.00-1-768x432.webp 768w, https:\/\/unifsa.com.br\/site\/wp-content\/uploads\/2026\/09\/WhatsApp-Image-2026-09-04-at-13.37.00-1.webp 1280w\" sizes=\"(max-width: 1024px) 100vw, 1024px\" \/><\/figure>\n\n\n\n<figure class=\"wp-block-image size-large\"><img decoding=\"async\" width=\"1024\" height=\"576\" data-id=\"47223\" src=\"https:\/\/unifsa.com.br\/site\/wp-content\/uploads\/2026\/09\/WhatsApp-Image-2026-09-04-at-13.37.00-1024x576.webp\" alt=\"\" class=\"wp-image-47223\" srcset=\"https:\/\/unifsa.com.br\/site\/wp-content\/uploads\/2026\/09\/WhatsApp-Image-2026-09-04-at-13.37.00-1024x576.webp 1024w, https:\/\/unifsa.com.br\/site\/wp-content\/uploads\/2026\/09\/WhatsApp-Image-2026-09-04-at-13.37.00-300x169.webp 300w, https:\/\/unifsa.com.br\/site\/wp-content\/uploads\/2026\/09\/WhatsApp-Image-2026-09-04-at-13.37.00-768x432.webp 768w, https:\/\/unifsa.com.br\/site\/wp-content\/uploads\/2026\/09\/WhatsApp-Image-2026-09-04-at-13.37.00.webp 1280w\" sizes=\"(max-width: 1024px) 100vw, 1024px\" \/><\/figure>\n\n\n\n<figure class=\"wp-block-image size-large\"><img decoding=\"async\" width=\"1024\" height=\"576\" data-id=\"47222\" src=\"https:\/\/unifsa.com.br\/site\/wp-content\/uploads\/2026\/09\/WhatsApp-Image-2026-09-04-at-13.37.01-1024x576.webp\" alt=\"\" class=\"wp-image-47222\" srcset=\"https:\/\/unifsa.com.br\/site\/wp-content\/uploads\/2026\/09\/WhatsApp-Image-2026-09-04-at-13.37.01-1024x576.webp 1024w, https:\/\/unifsa.com.br\/site\/wp-content\/uploads\/2026\/09\/WhatsApp-Image-2026-09-04-at-13.37.01-300x169.webp 300w, https:\/\/unifsa.com.br\/site\/wp-content\/uploads\/2026\/09\/WhatsApp-Image-2026-09-04-at-13.37.01-768x432.webp 768w, https:\/\/unifsa.com.br\/site\/wp-content\/uploads\/2026\/09\/WhatsApp-Image-2026-09-04-at-13.37.01.webp 1280w\" sizes=\"(max-width: 1024px) 100vw, 1024px\" \/><\/figure>\n<\/figure>\n\n\n\n<p class=\"wp-block-paragraph\"><\/p>\n\n\n\n<p class=\"texto-justificado wp-block-paragraph\">Na sequ\u00eancia, os participantes acompanharam a mesa-redonda <strong>&#8220;Debates em Sa\u00fade, Esporte, Cultura e Lazer&#8221;<\/strong>, composta pelos docentes <strong>Prof. Me. Mauro Fernando<\/strong>, <strong>Prof.\u00aa Dr.\u00aa M\u00e1rcia Ara\u00fajo<\/strong> e <strong>Prof. Me. Robert Maur\u00edcio<\/strong>. O debate promoveu reflex\u00f5es sobre os desafios e as perspectivas da profiss\u00e3o, evidenciando a atua\u00e7\u00e3o do educador f\u00edsico em diferentes contextos e sua contribui\u00e7\u00e3o para a promo\u00e7\u00e3o da sa\u00fade, do esporte, da cultura e do lazer.<\/p>\n\n\n\n<p class=\"wp-block-paragraph\"><\/p>\n\n\n\n<figure class=\"wp-block-image size-large\"><img loading=\"lazy\" decoding=\"async\" width=\"1024\" height=\"576\" src=\"https:\/\/unifsa.com.br\/site\/wp-content\/uploads\/2026\/09\/IMG_9155-1-1024x576.webp\" alt=\"\" class=\"wp-image-47226\" srcset=\"https:\/\/unifsa.com.br\/site\/wp-content\/uploads\/2026\/09\/IMG_9155-1-1024x576.webp 1024w, https:\/\/unifsa.com.br\/site\/wp-content\/uploads\/2026\/09\/IMG_9155-1-300x169.webp 300w, https:\/\/unifsa.com.br\/site\/wp-content\/uploads\/2026\/09\/IMG_9155-1-768x432.webp 768w, https:\/\/unifsa.com.br\/site\/wp-content\/uploads\/2026\/09\/IMG_9155-1-1536x864.webp 1536w, https:\/\/unifsa.com.br\/site\/wp-content\/uploads\/2026\/09\/IMG_9155-1-2048x1152.webp 2048w\" sizes=\"(max-width: 1024px) 100vw, 1024px\" \/><\/figure>\n\n\n\n<p class=\"wp-block-paragraph\"><\/p>\n\n\n\n<p class=\"texto-justificado wp-block-paragraph\">A iniciativa refor\u00e7ou o compromisso da Coordena\u00e7\u00e3o de Educa\u00e7\u00e3o F\u00edsica com uma forma\u00e7\u00e3o acad\u00eamica de excel\u00eancia, incentivando a atualiza\u00e7\u00e3o constante, o pensamento cr\u00edtico e o di\u00e1logo entre professores e estudantes. Al\u00e9m de celebrar a data, o evento destacou a relev\u00e2ncia do profissional de Educa\u00e7\u00e3o F\u00edsica na constru\u00e7\u00e3o de uma sociedade mais saud\u00e1vel e com melhor qualidade de vida.<\/p>\n\n\n\n<figure class=\"wp-block-gallery has-nested-images columns-default is-cropped wp-block-gallery-2 is-layout-flex wp-block-gallery-is-layout-flex\">\n<figure class=\"wp-block-image size-large\"><img loading=\"lazy\" decoding=\"async\" width=\"1024\" height=\"576\" data-id=\"47228\" src=\"https:\/\/unifsa.com.br\/site\/wp-content\/uploads\/2026\/09\/WhatsApp-Image-2026-09-04-at-13.36.59-4-1024x576.webp\" alt=\"\" class=\"wp-image-47228\" srcset=\"https:\/\/unifsa.com.br\/site\/wp-content\/uploads\/2026\/09\/WhatsApp-Image-2026-09-04-at-13.36.59-4-1024x576.webp 1024w, https:\/\/unifsa.com.br\/site\/wp-content\/uploads\/2026\/09\/WhatsApp-Image-2026-09-04-at-13.36.59-4-300x169.webp 300w, https:\/\/unifsa.com.br\/site\/wp-content\/uploads\/2026\/09\/WhatsApp-Image-2026-09-04-at-13.36.59-4-768x432.webp 768w, https:\/\/unifsa.com.br\/site\/wp-content\/uploads\/2026\/09\/WhatsApp-Image-2026-09-04-at-13.36.59-4.webp 1280w\" sizes=\"(max-width: 1024px) 100vw, 1024px\" \/><\/figure>\n\n\n\n<figure class=\"wp-block-image size-large\"><img loading=\"lazy\" decoding=\"async\" width=\"1024\" height=\"576\" data-id=\"47229\" src=\"https:\/\/unifsa.com.br\/site\/wp-content\/uploads\/2026\/09\/WhatsApp-Image-2026-09-04-at-13.36.59-3-1024x576.webp\" alt=\"\" class=\"wp-image-47229\" srcset=\"https:\/\/unifsa.com.br\/site\/wp-content\/uploads\/2026\/09\/WhatsApp-Image-2026-09-04-at-13.36.59-3-1024x576.webp 1024w, https:\/\/unifsa.com.br\/site\/wp-content\/uploads\/2026\/09\/WhatsApp-Image-2026-09-04-at-13.36.59-3-300x169.webp 300w, https:\/\/unifsa.com.br\/site\/wp-content\/uploads\/2026\/09\/WhatsApp-Image-2026-09-04-at-13.36.59-3-768x432.webp 768w, https:\/\/unifsa.com.br\/site\/wp-content\/uploads\/2026\/09\/WhatsApp-Image-2026-09-04-at-13.36.59-3.webp 1280w\" sizes=\"(max-width: 1024px) 100vw, 1024px\" \/><\/figure>\n<\/figure>\n\n\n\n<p class=\"wp-block-paragraph\"><\/p>\n","protected":false},"excerpt":{"rendered":"<p>Em celebra\u00e7\u00e3o ao Dia do Profissional de Educa\u00e7\u00e3o F\u00edsica, comemorado em 1\u00ba de setembro, a Coordena\u00e7\u00e3o do curso de Educa\u00e7\u00e3o F\u00edsica do Centro Universit\u00e1rio realizou, na \u00faltima ter\u00e7a-feira (1\u00ba), um evento especial voltado aos acad\u00eamicos, reunindo momentos de aprendizado, reflex\u00e3o e troca de experi\u00eancias sobre temas relevantes para a forma\u00e7\u00e3o profissional. A programa\u00e7\u00e3o aconteceu a<\/p>\n","protected":false},"author":11,"featured_media":47230,"comment_status":"closed","ping_status":"open","sticky":false,"template":"","format":"standard","meta":{"footnotes":""},"categories":[6,1],"tags":[],"class_list":["post-47198","post","type-post","status-publish","format-standard","has-post-thumbnail","hentry","category-acontece-na-unifsa","category-educacao-fisica"],"yoast_head":"<!-- This site is optimized with the Yoast SEO plugin v28.3 - https:\/\/yoast.com\/product\/yoast-seo-wordpress\/ -->\n<title>UNIFSA promove evento especial em celebra\u00e7\u00e3o ao Dia do Profissional de Educa\u00e7\u00e3o F\u00edsica - Centro Universit\u00e1rio Santo Agostinho - UNIFSA<\/title>\n<meta name=\"robots\" content=\"index, follow, max-snippet:-1, max-image-preview:large, max-video-preview:-1\" \/>\n<link rel=\"canonical\" href=\"https:\/\/unifsa.com.br\/site\/unifsa-promove-evento-especial-em-celebracao-ao-dia-do-profissional-de-educacao-fisica\/\" \/>\n<meta property=\"og:locale\" content=\"pt_BR\" \/>\n<meta property=\"og:type\" content=\"article\" \/>\n<meta property=\"og:title\" content=\"UNIFSA promove evento especial em celebra\u00e7\u00e3o ao Dia do Profissional de Educa\u00e7\u00e3o F\u00edsica - Centro Universit\u00e1rio Santo Agostinho - UNIFSA\" \/>\n<meta property=\"og:description\" content=\"Em celebra\u00e7\u00e3o ao Dia do Profissional de Educa\u00e7\u00e3o F\u00edsica, comemorado em 1\u00ba de setembro, a Coordena\u00e7\u00e3o do curso de Educa\u00e7\u00e3o F\u00edsica do Centro Universit\u00e1rio realizou, na \u00faltima ter\u00e7a-feira (1\u00ba), um evento especial voltado aos acad\u00eamicos, reunindo momentos de aprendizado, reflex\u00e3o e troca de experi\u00eancias sobre temas relevantes para a forma\u00e7\u00e3o profissional. A programa\u00e7\u00e3o aconteceu a\" \/>\n<meta property=\"og:url\" content=\"https:\/\/unifsa.com.br\/site\/unifsa-promove-evento-especial-em-celebracao-ao-dia-do-profissional-de-educacao-fisica\/\" \/>\n<meta property=\"og:site_name\" content=\"Centro Universit\u00e1rio Santo Agostinho - UNIFSA\" \/>\n<meta property=\"article:publisher\" content=\"https:\/\/www.facebook.com\/unifsa\/\" \/>\n<meta property=\"article:published_time\" content=\"2026-09-04T17:13:21+00:00\" \/>\n<meta property=\"article:modified_time\" content=\"2026-09-04T17:13:33+00:00\" \/>\n<meta property=\"og:image\" content=\"https:\/\/unifsa.com.br\/site\/wp-content\/uploads\/2026\/09\/WhatsApp-Image-2026-09-04-at-13.37.04-1.webp\" \/>\n\t<meta property=\"og:image:width\" content=\"1280\" \/>\n\t<meta property=\"og:image:height\" content=\"720\" \/>\n\t<meta property=\"og:image:type\" content=\"image\/webp\" \/>\n<meta name=\"author\" content=\"Oceannyra Kelly da Cruz Silva\" \/>\n<meta name=\"twitter:card\" content=\"summary_large_image\" \/>\n<meta name=\"twitter:label1\" content=\"Escrito por\" \/>\n\t<meta name=\"twitter:data1\" content=\"Oceannyra Kelly da Cruz Silva\" \/>\n\t<meta name=\"twitter:label2\" content=\"Est. tempo de leitura\" \/>\n\t<meta name=\"twitter:data2\" content=\"3 minutos\" \/>\n<script type=\"application\/ld+json\" class=\"yoast-schema-graph\">{\"@context\":\"https:\\\/\\\/schema.org\",\"@graph\":[{\"@type\":\"Article\",\"@id\":\"https:\\\/\\\/unifsa.com.br\\\/site\\\/unifsa-promove-evento-especial-em-celebracao-ao-dia-do-profissional-de-educacao-fisica\\\/#article\",\"isPartOf\":{\"@id\":\"https:\\\/\\\/unifsa.com.br\\\/site\\\/unifsa-promove-evento-especial-em-celebracao-ao-dia-do-profissional-de-educacao-fisica\\\/\"},\"author\":{\"name\":\"Oceannyra Kelly da Cruz Silva\",\"@id\":\"https:\\\/\\\/unifsa.com.br\\\/site\\\/#\\\/schema\\\/person\\\/a4cec94bbc6ddf98f579162824de9bf2\"},\"headline\":\"UNIFSA promove evento especial em celebra\u00e7\u00e3o ao Dia do Profissional de Educa\u00e7\u00e3o F\u00edsica\",\"datePublished\":\"2026-09-04T17:13:21+00:00\",\"dateModified\":\"2026-09-04T17:13:33+00:00\",\"mainEntityOfPage\":{\"@id\":\"https:\\\/\\\/unifsa.com.br\\\/site\\\/unifsa-promove-evento-especial-em-celebracao-ao-dia-do-profissional-de-educacao-fisica\\\/\"},\"wordCount\":363,\"publisher\":{\"@id\":\"https:\\\/\\\/unifsa.com.br\\\/site\\\/#organization\"},\"image\":{\"@id\":\"https:\\\/\\\/unifsa.com.br\\\/site\\\/unifsa-promove-evento-especial-em-celebracao-ao-dia-do-profissional-de-educacao-fisica\\\/#primaryimage\"},\"thumbnailUrl\":\"https:\\\/\\\/unifsa.com.br\\\/site\\\/wp-content\\\/uploads\\\/2026\\\/09\\\/WhatsApp-Image-2026-09-04-at-13.37.04-1.webp\",\"articleSection\":[\"Acontece na UNIFSA\",\"Educa\u00e7\u00e3o F\u00edsica\"],\"inLanguage\":\"pt-BR\"},{\"@type\":\"WebPage\",\"@id\":\"https:\\\/\\\/unifsa.com.br\\\/site\\\/unifsa-promove-evento-especial-em-celebracao-ao-dia-do-profissional-de-educacao-fisica\\\/\",\"url\":\"https:\\\/\\\/unifsa.com.br\\\/site\\\/unifsa-promove-evento-especial-em-celebracao-ao-dia-do-profissional-de-educacao-fisica\\\/\",\"name\":\"UNIFSA promove evento especial em celebra\u00e7\u00e3o ao Dia do Profissional de Educa\u00e7\u00e3o F\u00edsica - Centro Universit\u00e1rio Santo Agostinho - UNIFSA\",\"isPartOf\":{\"@id\":\"https:\\\/\\\/unifsa.com.br\\\/site\\\/#website\"},\"primaryImageOfPage\":{\"@id\":\"https:\\\/\\\/unifsa.com.br\\\/site\\\/unifsa-promove-evento-especial-em-celebracao-ao-dia-do-profissional-de-educacao-fisica\\\/#primaryimage\"},\"image\":{\"@id\":\"https:\\\/\\\/unifsa.com.br\\\/site\\\/unifsa-promove-evento-especial-em-celebracao-ao-dia-do-profissional-de-educacao-fisica\\\/#primaryimage\"},\"thumbnailUrl\":\"https:\\\/\\\/unifsa.com.br\\\/site\\\/wp-content\\\/uploads\\\/2026\\\/09\\\/WhatsApp-Image-2026-09-04-at-13.37.04-1.webp\",\"datePublished\":\"2026-09-04T17:13:21+00:00\",\"dateModified\":\"2026-09-04T17:13:33+00:00\",\"breadcrumb\":{\"@id\":\"https:\\\/\\\/unifsa.com.br\\\/site\\\/unifsa-promove-evento-especial-em-celebracao-ao-dia-do-profissional-de-educacao-fisica\\\/#breadcrumb\"},\"inLanguage\":\"pt-BR\",\"potentialAction\":[{\"@type\":\"ReadAction\",\"target\":[\"https:\\\/\\\/unifsa.com.br\\\/site\\\/unifsa-promove-evento-especial-em-celebracao-ao-dia-do-profissional-de-educacao-fisica\\\/\"]}]},{\"@type\":\"ImageObject\",\"inLanguage\":\"pt-BR\",\"@id\":\"https:\\\/\\\/unifsa.com.br\\\/site\\\/unifsa-promove-evento-especial-em-celebracao-ao-dia-do-profissional-de-educacao-fisica\\\/#primaryimage\",\"url\":\"https:\\\/\\\/unifsa.com.br\\\/site\\\/wp-content\\\/uploads\\\/2026\\\/09\\\/WhatsApp-Image-2026-09-04-at-13.37.04-1.webp\",\"contentUrl\":\"https:\\\/\\\/unifsa.com.br\\\/site\\\/wp-content\\\/uploads\\\/2026\\\/09\\\/WhatsApp-Image-2026-09-04-at-13.37.04-1.webp\",\"width\":1280,\"height\":720},{\"@type\":\"BreadcrumbList\",\"@id\":\"https:\\\/\\\/unifsa.com.br\\\/site\\\/unifsa-promove-evento-especial-em-celebracao-ao-dia-do-profissional-de-educacao-fisica\\\/#breadcrumb\",\"itemListElement\":[{\"@type\":\"ListItem\",\"position\":1,\"name\":\"In\u00edcio\",\"item\":\"https:\\\/\\\/unifsa.com.br\\\/site\\\/\"},{\"@type\":\"ListItem\",\"position\":2,\"name\":\"UNIFSA promove evento especial em celebra\u00e7\u00e3o ao Dia do Profissional de Educa\u00e7\u00e3o F\u00edsica\"}]},{\"@type\":\"WebSite\",\"@id\":\"https:\\\/\\\/unifsa.com.br\\\/site\\\/#website\",\"url\":\"https:\\\/\\\/unifsa.com.br\\\/site\\\/\",\"name\":\"Centro Universit\u00e1rio Santo Agostinho - UNIFSA\",\"description\":\"Conhecimento para toda a vida\",\"publisher\":{\"@id\":\"https:\\\/\\\/unifsa.com.br\\\/site\\\/#organization\"},\"potentialAction\":[{\"@type\":\"SearchAction\",\"target\":{\"@type\":\"EntryPoint\",\"urlTemplate\":\"https:\\\/\\\/unifsa.com.br\\\/site\\\/?s={search_term_string}\"},\"query-input\":{\"@type\":\"PropertyValueSpecification\",\"valueRequired\":true,\"valueName\":\"search_term_string\"}}],\"inLanguage\":\"pt-BR\"},{\"@type\":\"Organization\",\"@id\":\"https:\\\/\\\/unifsa.com.br\\\/site\\\/#organization\",\"name\":\"Centro Universit\u00e1rio Santo Agostinho - UNIFSA\",\"url\":\"https:\\\/\\\/unifsa.com.br\\\/site\\\/\",\"logo\":{\"@type\":\"ImageObject\",\"inLanguage\":\"pt-BR\",\"@id\":\"https:\\\/\\\/unifsa.com.br\\\/site\\\/#\\\/schema\\\/logo\\\/image\\\/\",\"url\":\"https:\\\/\\\/unifsa.com.br\\\/site\\\/wp-content\\\/uploads\\\/2023\\\/03\\\/MARCA-UNIFSA-CIC23-q2apjs1mt975cf1wl25b044coj90fwoiee1kya6800.png\",\"contentUrl\":\"https:\\\/\\\/unifsa.com.br\\\/site\\\/wp-content\\\/uploads\\\/2023\\\/03\\\/MARCA-UNIFSA-CIC23-q2apjs1mt975cf1wl25b044coj90fwoiee1kya6800.png\",\"width\":103,\"height\":100,\"caption\":\"Centro Universit\u00e1rio Santo Agostinho - UNIFSA\"},\"image\":{\"@id\":\"https:\\\/\\\/unifsa.com.br\\\/site\\\/#\\\/schema\\\/logo\\\/image\\\/\"},\"sameAs\":[\"https:\\\/\\\/www.facebook.com\\\/unifsa\\\/\",\"https:\\\/\\\/www.instagram.com\\\/unifsa\\\/\"]},{\"@type\":\"Person\",\"@id\":\"https:\\\/\\\/unifsa.com.br\\\/site\\\/#\\\/schema\\\/person\\\/a4cec94bbc6ddf98f579162824de9bf2\",\"name\":\"Oceannyra Kelly da Cruz Silva\",\"image\":{\"@type\":\"ImageObject\",\"inLanguage\":\"pt-BR\",\"@id\":\"https:\\\/\\\/secure.gravatar.com\\\/avatar\\\/05c87cd6fa2c3c73262055bd9341438a47e77a37053b409b3cf4f8df60ea8eb8?s=96&d=mm&r=g\",\"url\":\"https:\\\/\\\/secure.gravatar.com\\\/avatar\\\/05c87cd6fa2c3c73262055bd9341438a47e77a37053b409b3cf4f8df60ea8eb8?s=96&d=mm&r=g\",\"contentUrl\":\"https:\\\/\\\/secure.gravatar.com\\\/avatar\\\/05c87cd6fa2c3c73262055bd9341438a47e77a37053b409b3cf4f8df60ea8eb8?s=96&d=mm&r=g\",\"caption\":\"Oceannyra Kelly da Cruz Silva\"},\"url\":\"https:\\\/\\\/unifsa.com.br\\\/site\\\/author\\\/oceannyrakelly\\\/\"}]}<\/script>\n<!-- \/ Yoast SEO plugin. -->","yoast_head_json":{"title":"UNIFSA promove evento especial em celebra\u00e7\u00e3o ao Dia do Profissional de Educa\u00e7\u00e3o F\u00edsica - Centro Universit\u00e1rio Santo Agostinho - UNIFSA","robots":{"index":"index","follow":"follow","max-snippet":"max-snippet:-1","max-image-preview":"max-image-preview:large","max-video-preview":"max-video-preview:-1"},"canonical":"https:\/\/unifsa.com.br\/site\/unifsa-promove-evento-especial-em-celebracao-ao-dia-do-profissional-de-educacao-fisica\/","og_locale":"pt_BR","og_type":"article","og_title":"UNIFSA promove evento especial em celebra\u00e7\u00e3o ao Dia do Profissional de Educa\u00e7\u00e3o F\u00edsica - Centro Universit\u00e1rio Santo Agostinho - UNIFSA","og_description":"Em celebra\u00e7\u00e3o ao Dia do Profissional de Educa\u00e7\u00e3o F\u00edsica, comemorado em 1\u00ba de setembro, a Coordena\u00e7\u00e3o do curso de Educa\u00e7\u00e3o F\u00edsica do Centro Universit\u00e1rio realizou, na \u00faltima ter\u00e7a-feira (1\u00ba), um evento especial voltado aos acad\u00eamicos, reunindo momentos de aprendizado, reflex\u00e3o e troca de experi\u00eancias sobre temas relevantes para a forma\u00e7\u00e3o profissional. A programa\u00e7\u00e3o aconteceu a","og_url":"https:\/\/unifsa.com.br\/site\/unifsa-promove-evento-especial-em-celebracao-ao-dia-do-profissional-de-educacao-fisica\/","og_site_name":"Centro Universit\u00e1rio Santo Agostinho - UNIFSA","article_publisher":"https:\/\/www.facebook.com\/unifsa\/","article_published_time":"2026-09-04T17:13:21+00:00","article_modified_time":"2026-09-04T17:13:33+00:00","og_image":[{"width":1280,"height":720,"url":"https:\/\/unifsa.com.br\/site\/wp-content\/uploads\/2026\/09\/WhatsApp-Image-2026-09-04-at-13.37.04-1.webp","type":"image\/webp"}],"author":"Oceannyra Kelly da Cruz Silva","twitter_card":"summary_large_image","twitter_misc":{"Escrito por":"Oceannyra Kelly da Cruz Silva","Est. tempo de leitura":"3 minutos"},"schema":{"@context":"https:\/\/schema.org","@graph":[{"@type":"Article","@id":"https:\/\/unifsa.com.br\/site\/unifsa-promove-evento-especial-em-celebracao-ao-dia-do-profissional-de-educacao-fisica\/#article","isPartOf":{"@id":"https:\/\/unifsa.com.br\/site\/unifsa-promove-evento-especial-em-celebracao-ao-dia-do-profissional-de-educacao-fisica\/"},"author":{"name":"Oceannyra Kelly da Cruz Silva","@id":"https:\/\/unifsa.com.br\/site\/#\/schema\/person\/a4cec94bbc6ddf98f579162824de9bf2"},"headline":"UNIFSA promove evento especial em celebra\u00e7\u00e3o ao Dia do Profissional de Educa\u00e7\u00e3o F\u00edsica","datePublished":"2026-09-04T17:13:21+00:00","dateModified":"2026-09-04T17:13:33+00:00","mainEntityOfPage":{"@id":"https:\/\/unifsa.com.br\/site\/unifsa-promove-evento-especial-em-celebracao-ao-dia-do-profissional-de-educacao-fisica\/"},"wordCount":363,"publisher":{"@id":"https:\/\/unifsa.com.br\/site\/#organization"},"image":{"@id":"https:\/\/unifsa.com.br\/site\/unifsa-promove-evento-especial-em-celebracao-ao-dia-do-profissional-de-educacao-fisica\/#primaryimage"},"thumbnailUrl":"https:\/\/unifsa.com.br\/site\/wp-content\/uploads\/2026\/09\/WhatsApp-Image-2026-09-04-at-13.37.04-1.webp","articleSection":["Acontece na UNIFSA","Educa\u00e7\u00e3o F\u00edsica"],"inLanguage":"pt-BR"},{"@type":"WebPage","@id":"https:\/\/unifsa.com.br\/site\/unifsa-promove-evento-especial-em-celebracao-ao-dia-do-profissional-de-educacao-fisica\/","url":"https:\/\/unifsa.com.br\/site\/unifsa-promove-evento-especial-em-celebracao-ao-dia-do-profissional-de-educacao-fisica\/","name":"UNIFSA promove evento especial em celebra\u00e7\u00e3o ao Dia do Profissional de Educa\u00e7\u00e3o F\u00edsica - Centro Universit\u00e1rio Santo Agostinho - UNIFSA","isPartOf":{"@id":"https:\/\/unifsa.com.br\/site\/#website"},"primaryImageOfPage":{"@id":"https:\/\/unifsa.com.br\/site\/unifsa-promove-evento-especial-em-celebracao-ao-dia-do-profissional-de-educacao-fisica\/#primaryimage"},"image":{"@id":"https:\/\/unifsa.com.br\/site\/unifsa-promove-evento-especial-em-celebracao-ao-dia-do-profissional-de-educacao-fisica\/#primaryimage"},"thumbnailUrl":"https:\/\/unifsa.com.br\/site\/wp-content\/uploads\/2026\/09\/WhatsApp-Image-2026-09-04-at-13.37.04-1.webp","datePublished":"2026-09-04T17:13:21+00:00","dateModified":"2026-09-04T17:13:33+00:00","breadcrumb":{"@id":"https:\/\/unifsa.com.br\/site\/unifsa-promove-evento-especial-em-celebracao-ao-dia-do-profissional-de-educacao-fisica\/#breadcrumb"},"inLanguage":"pt-BR","potentialAction":[{"@type":"ReadAction","target":["https:\/\/unifsa.com.br\/site\/unifsa-promove-evento-especial-em-celebracao-ao-dia-do-profissional-de-educacao-fisica\/"]}]},{"@type":"ImageObject","inLanguage":"pt-BR","@id":"https:\/\/unifsa.com.br\/site\/unifsa-promove-evento-especial-em-celebracao-ao-dia-do-profissional-de-educacao-fisica\/#primaryimage","url":"https:\/\/unifsa.com.br\/site\/wp-content\/uploads\/2026\/09\/WhatsApp-Image-2026-09-04-at-13.37.04-1.webp","contentUrl":"https:\/\/unifsa.com.br\/site\/wp-content\/uploads\/2026\/09\/WhatsApp-Image-2026-09-04-at-13.37.04-1.webp","width":1280,"height":720},{"@type":"BreadcrumbList","@id":"https:\/\/unifsa.com.br\/site\/unifsa-promove-evento-especial-em-celebracao-ao-dia-do-profissional-de-educacao-fisica\/#breadcrumb","itemListElement":[{"@type":"ListItem","position":1,"name":"In\u00edcio","item":"https:\/\/unifsa.com.br\/site\/"},{"@type":"ListItem","position":2,"name":"UNIFSA promove evento especial em celebra\u00e7\u00e3o ao Dia do Profissional de Educa\u00e7\u00e3o F\u00edsica"}]},{"@type":"WebSite","@id":"https:\/\/unifsa.com.br\/site\/#website","url":"https:\/\/unifsa.com.br\/site\/","name":"Centro Universit\u00e1rio Santo Agostinho - UNIFSA","description":"Conhecimento para toda a vida","publisher":{"@id":"https:\/\/unifsa.com.br\/site\/#organization"},"potentialAction":[{"@type":"SearchAction","target":{"@type":"EntryPoint","urlTemplate":"https:\/\/unifsa.com.br\/site\/?s={search_term_string}"},"query-input":{"@type":"PropertyValueSpecification","valueRequired":true,"valueName":"search_term_string"}}],"inLanguage":"pt-BR"},{"@type":"Organization","@id":"https:\/\/unifsa.com.br\/site\/#organization","name":"Centro Universit\u00e1rio Santo Agostinho - UNIFSA","url":"https:\/\/unifsa.com.br\/site\/","logo":{"@type":"ImageObject","inLanguage":"pt-BR","@id":"https:\/\/unifsa.com.br\/site\/#\/schema\/logo\/image\/","url":"https:\/\/unifsa.com.br\/site\/wp-content\/uploads\/2023\/03\/MARCA-UNIFSA-CIC23-q2apjs1mt975cf1wl25b044coj90fwoiee1kya6800.png","contentUrl":"https:\/\/unifsa.com.br\/site\/wp-content\/uploads\/2023\/03\/MARCA-UNIFSA-CIC23-q2apjs1mt975cf1wl25b044coj90fwoiee1kya6800.png","width":103,"height":100,"caption":"Centro Universit\u00e1rio Santo Agostinho - UNIFSA"},"image":{"@id":"https:\/\/unifsa.com.br\/site\/#\/schema\/logo\/image\/"},"sameAs":["https:\/\/www.facebook.com\/unifsa\/","https:\/\/www.instagram.com\/unifsa\/"]},{"@type":"Person","@id":"https:\/\/unifsa.com.br\/site\/#\/schema\/person\/a4cec94bbc6ddf98f579162824de9bf2","name":"Oceannyra Kelly da Cruz Silva","image":{"@type":"ImageObject","inLanguage":"pt-BR","@id":"https:\/\/secure.gravatar.com\/avatar\/05c87cd6fa2c3c73262055bd9341438a47e77a37053b409b3cf4f8df60ea8eb8?s=96&d=mm&r=g","url":"https:\/\/secure.gravatar.com\/avatar\/05c87cd6fa2c3c73262055bd9341438a47e77a37053b409b3cf4f8df60ea8eb8?s=96&d=mm&r=g","contentUrl":"https:\/\/secure.gravatar.com\/avatar\/05c87cd6fa2c3c73262055bd9341438a47e77a37053b409b3cf4f8df60ea8eb8?s=96&d=mm&r=g","caption":"Oceannyra Kelly da Cruz Silva"},"url":"https:\/\/unifsa.com.br\/site\/author\/oceannyrakelly\/"}]}},"_links":{"self":[{"href":"https:\/\/unifsa.com.br\/site\/wp-json\/wp\/v2\/posts\/47198","targetHints":{"allow":["GET"]}}],"collection":[{"href":"https:\/\/unifsa.com.br\/site\/wp-json\/wp\/v2\/posts"}],"about":[{"href":"https:\/\/unifsa.com.br\/site\/wp-json\/wp\/v2\/types\/post"}],"author":[{"embeddable":true,"href":"https:\/\/unifsa.com.br\/site\/wp-json\/wp\/v2\/users\/11"}],"replies":[{"embeddable":true,"href":"https:\/\/unifsa.com.br\/site\/wp-json\/wp\/v2\/comments?post=47198"}],"version-history":[{"count":3,"href":"https:\/\/unifsa.com.br\/site\/wp-json\/wp\/v2\/posts\/47198\/revisions"}],"predecessor-version":[{"id":47231,"href":"https:\/\/unifsa.com.br\/site\/wp-json\/wp\/v2\/posts\/47198\/revisions\/47231"}],"wp:featuredmedia":[{"embeddable":true,"href":"https:\/\/unifsa.com.br\/site\/wp-json\/wp\/v2\/media\/47230"}],"wp:attachment":[{"href":"https:\/\/unifsa.com.br\/site\/wp-json\/wp\/v2\/media?parent=47198"}],"wp:term":[{"taxonomy":"category","embeddable":true,"href":"https:\/\/unifsa.com.br\/site\/wp-json\/wp\/v2\/categories?post=47198"},{"taxonomy":"post_tag","embeddable":true,"href":"https:\/\/unifsa.com.br\/site\/wp-json\/wp\/v2\/tags?post=47198"}],"curies":[{"name":"wp","href":"https:\/\/api.w.org\/{rel}","templated":true}]}}