{"id":47183,"date":"2026-09-01T14:21:52","date_gmt":"2026-09-01T17:21:52","guid":{"rendered":"https:\/\/unifsa.com.br\/site\/?p=47183"},"modified":"2026-09-03T14:32:58","modified_gmt":"2026-09-03T17:32:58","slug":"unifsa-realiza-evento-em-comemoracao-ao-dia-dao-psicologao-4","status":"publish","type":"post","link":"https:\/\/unifsa.com.br\/site\/unifsa-realiza-evento-em-comemoracao-ao-dia-dao-psicologao-4\/","title":{"rendered":"UNIFSA realiza evento em comemora\u00e7\u00e3o ao Dia da(o) Psic\u00f3loga(o)"},"content":{"rendered":"\n<p class=\"texto-justificado wp-block-paragraph\">O Centro Universit\u00e1rio Santo Agostinho, por meio da gradua\u00e7\u00e3o de Psicologia, realizou o <strong>Evento em Comemora\u00e7\u00e3o ao Dia da(o) Psic\u00f3loga(o)<\/strong> nos dia 29 a 31 de agosto, de no Audit\u00f3rio Manoel Cipriano Lira &#8211; sede. O momento teve como tema a<strong> Ser Psic\u00f3logo no Piau\u00ed: Interfaces da Cl\u00ednica, Educa\u00e7\u00e3o, Justi\u00e7a e Trabalho<\/strong>, e ser\u00e1 voltado exclusivamente para alunos do UNIFSA.<\/p>\n\n\n\n<p class=\"texto-justificado wp-block-paragraph\">Seu objetivo foi promover reflex\u00f5es e debates acerca da atua\u00e7\u00e3o da psic\u00f3loga no contexto piauiense, considerando as interfaces entre cl\u00ednica, educa\u00e7\u00e3o, justi\u00e7a e trabalho, bem como os desafios, possibilidades e especificidades da pr\u00e1tica profissional nesses diferentes campos.<\/p>\n\n\n\n<p class=\"texto-justificado wp-block-paragraph\">O evento iniciou na manh\u00e3 do s\u00e1bado (29), com uma mesa composta pelas coordenadoras de curso, Profa. Dra. Maria Zilda Soares e Profa. Ma. Juliana Soares, a Coordenadora de Extens\u00e3o e Monitoria. Profa. Ma. Roberta Mara Ara\u00fajo, e a Assessora Pedag\u00f3gica do curso, Profa. Esp. Francisca da Chagas Pereira de Sousa.<\/p>\n\n\n\n<p class=\"wp-block-paragraph\"><\/p>\n\n\n\n<figure class=\"wp-block-image size-large\"><img fetchpriority=\"high\" decoding=\"async\" width=\"1024\" height=\"576\" src=\"https:\/\/unifsa.com.br\/site\/wp-content\/uploads\/2026\/09\/WhatsApp-Image-2026-09-03-at-14.23.08-1024x576.webp\" alt=\"\" class=\"wp-image-47187\" srcset=\"https:\/\/unifsa.com.br\/site\/wp-content\/uploads\/2026\/09\/WhatsApp-Image-2026-09-03-at-14.23.08-1024x576.webp 1024w, https:\/\/unifsa.com.br\/site\/wp-content\/uploads\/2026\/09\/WhatsApp-Image-2026-09-03-at-14.23.08-300x169.webp 300w, https:\/\/unifsa.com.br\/site\/wp-content\/uploads\/2026\/09\/WhatsApp-Image-2026-09-03-at-14.23.08-768x432.webp 768w, https:\/\/unifsa.com.br\/site\/wp-content\/uploads\/2026\/09\/WhatsApp-Image-2026-09-03-at-14.23.08.webp 1280w\" sizes=\"(max-width: 1024px) 100vw, 1024px\" \/><\/figure>\n\n\n\n<p class=\"wp-block-paragraph\"><\/p>\n\n\n\n<p class=\"texto-justificado wp-block-paragraph\">Em seguida, a docente Dra. Caroline Cabral Nunes mediou a mesa &#8220;Psicologia Jur\u00eddica em contexto: vulnerabilidades, direitos e cuidado nos Piau\u00ed&#8221;, com as convidadas Esp. Rafaela Brito (Psic\u00f3loga) e Esp. Naira Rossano Furtado Gon\u00e7alves (Psic\u00f3loga do TJ).<\/p>\n\n\n\n<p class=\"wp-block-paragraph\"><\/p>\n\n\n\n<figure class=\"wp-block-gallery has-nested-images columns-default is-cropped wp-block-gallery-1 is-layout-flex wp-block-gallery-is-layout-flex\">\n<figure class=\"wp-block-image size-large\"><img decoding=\"async\" width=\"1024\" height=\"576\" data-id=\"47188\" src=\"https:\/\/unifsa.com.br\/site\/wp-content\/uploads\/2026\/09\/WhatsApp-Image-2026-09-03-at-14.23.07-2-1024x576.webp\" alt=\"\" class=\"wp-image-47188\" srcset=\"https:\/\/unifsa.com.br\/site\/wp-content\/uploads\/2026\/09\/WhatsApp-Image-2026-09-03-at-14.23.07-2-1024x576.webp 1024w, https:\/\/unifsa.com.br\/site\/wp-content\/uploads\/2026\/09\/WhatsApp-Image-2026-09-03-at-14.23.07-2-300x169.webp 300w, https:\/\/unifsa.com.br\/site\/wp-content\/uploads\/2026\/09\/WhatsApp-Image-2026-09-03-at-14.23.07-2-768x432.webp 768w, https:\/\/unifsa.com.br\/site\/wp-content\/uploads\/2026\/09\/WhatsApp-Image-2026-09-03-at-14.23.07-2.webp 1280w\" sizes=\"(max-width: 1024px) 100vw, 1024px\" \/><\/figure>\n\n\n\n<figure class=\"wp-block-image size-large\"><img decoding=\"async\" width=\"1024\" height=\"576\" data-id=\"47189\" src=\"https:\/\/unifsa.com.br\/site\/wp-content\/uploads\/2026\/09\/WhatsApp-Image-2026-09-03-at-14.23.07-1024x576.webp\" alt=\"\" class=\"wp-image-47189\" srcset=\"https:\/\/unifsa.com.br\/site\/wp-content\/uploads\/2026\/09\/WhatsApp-Image-2026-09-03-at-14.23.07-1024x576.webp 1024w, https:\/\/unifsa.com.br\/site\/wp-content\/uploads\/2026\/09\/WhatsApp-Image-2026-09-03-at-14.23.07-300x169.webp 300w, https:\/\/unifsa.com.br\/site\/wp-content\/uploads\/2026\/09\/WhatsApp-Image-2026-09-03-at-14.23.07-768x432.webp 768w, https:\/\/unifsa.com.br\/site\/wp-content\/uploads\/2026\/09\/WhatsApp-Image-2026-09-03-at-14.23.07.webp 1280w\" sizes=\"(max-width: 1024px) 100vw, 1024px\" \/><\/figure>\n<\/figure>\n\n\n\n<p class=\"wp-block-paragraph\"><\/p>\n\n\n\n<p class=\"texto-justificado wp-block-paragraph\">Finalizando o primeiro dia, as psic\u00f3logas egressas Esp. Deyse Alves Cruz, Esp. Layanne Pereira Alves Medina de Carvalho e Esp. Geovanna Borges Ribeiro, compuseram a mesa &#8220;Os m\u00faltiplos espa\u00e7os da Psicologia: inser\u00e7\u00e3o profissional no Piau\u00ed&#8221;, mediada pelo Prof. Me. Igor Filipe de Sousa Oliveira.<\/p>\n\n\n\n<p class=\"wp-block-paragraph\"><\/p>\n\n\n\n<figure class=\"wp-block-gallery has-nested-images columns-default is-cropped wp-block-gallery-2 is-layout-flex wp-block-gallery-is-layout-flex\">\n<figure class=\"wp-block-image size-large\"><img loading=\"lazy\" decoding=\"async\" width=\"1024\" height=\"576\" data-id=\"47192\" src=\"https:\/\/unifsa.com.br\/site\/wp-content\/uploads\/2026\/09\/WhatsApp-Image-2026-09-03-at-14.23.03-1024x576.webp\" alt=\"\" class=\"wp-image-47192\" srcset=\"https:\/\/unifsa.com.br\/site\/wp-content\/uploads\/2026\/09\/WhatsApp-Image-2026-09-03-at-14.23.03-1024x576.webp 1024w, https:\/\/unifsa.com.br\/site\/wp-content\/uploads\/2026\/09\/WhatsApp-Image-2026-09-03-at-14.23.03-300x169.webp 300w, https:\/\/unifsa.com.br\/site\/wp-content\/uploads\/2026\/09\/WhatsApp-Image-2026-09-03-at-14.23.03-768x432.webp 768w, https:\/\/unifsa.com.br\/site\/wp-content\/uploads\/2026\/09\/WhatsApp-Image-2026-09-03-at-14.23.03.webp 1280w\" sizes=\"(max-width: 1024px) 100vw, 1024px\" \/><\/figure>\n\n\n\n<figure class=\"wp-block-image size-large\"><img loading=\"lazy\" decoding=\"async\" width=\"1024\" height=\"576\" data-id=\"47191\" src=\"https:\/\/unifsa.com.br\/site\/wp-content\/uploads\/2026\/09\/WhatsApp-Image-2026-09-03-at-14.23.04-1024x576.webp\" alt=\"\" class=\"wp-image-47191\" srcset=\"https:\/\/unifsa.com.br\/site\/wp-content\/uploads\/2026\/09\/WhatsApp-Image-2026-09-03-at-14.23.04-1024x576.webp 1024w, https:\/\/unifsa.com.br\/site\/wp-content\/uploads\/2026\/09\/WhatsApp-Image-2026-09-03-at-14.23.04-300x169.webp 300w, https:\/\/unifsa.com.br\/site\/wp-content\/uploads\/2026\/09\/WhatsApp-Image-2026-09-03-at-14.23.04-768x432.webp 768w, https:\/\/unifsa.com.br\/site\/wp-content\/uploads\/2026\/09\/WhatsApp-Image-2026-09-03-at-14.23.04.webp 1280w\" sizes=\"(max-width: 1024px) 100vw, 1024px\" \/><\/figure>\n\n\n\n<figure class=\"wp-block-image size-large\"><img loading=\"lazy\" decoding=\"async\" width=\"1024\" height=\"576\" data-id=\"47190\" src=\"https:\/\/unifsa.com.br\/site\/wp-content\/uploads\/2026\/09\/WhatsApp-Image-2026-09-03-at-14.23.06-1024x576.webp\" alt=\"\" class=\"wp-image-47190\" srcset=\"https:\/\/unifsa.com.br\/site\/wp-content\/uploads\/2026\/09\/WhatsApp-Image-2026-09-03-at-14.23.06-1024x576.webp 1024w, https:\/\/unifsa.com.br\/site\/wp-content\/uploads\/2026\/09\/WhatsApp-Image-2026-09-03-at-14.23.06-300x169.webp 300w, https:\/\/unifsa.com.br\/site\/wp-content\/uploads\/2026\/09\/WhatsApp-Image-2026-09-03-at-14.23.06-768x432.webp 768w, https:\/\/unifsa.com.br\/site\/wp-content\/uploads\/2026\/09\/WhatsApp-Image-2026-09-03-at-14.23.06.webp 1280w\" sizes=\"(max-width: 1024px) 100vw, 1024px\" \/><\/figure>\n<\/figure>\n\n\n\n<p class=\"wp-block-paragraph\"><\/p>\n\n\n\n<p class=\"texto-justificado wp-block-paragraph\">No segundo e \u00faltimo dia de programa\u00e7\u00e3o, ocorreu uma atividade exclusiva para alunos ingressantes sobre &#8220;A forma\u00e7\u00e3o em Psicologia no UNIFSA&#8221;.<\/p>\n\n\n\n<p class=\"wp-block-paragraph\"><\/p>\n\n\n\n<figure class=\"wp-block-gallery has-nested-images columns-default is-cropped wp-block-gallery-3 is-layout-flex wp-block-gallery-is-layout-flex\">\n<figure class=\"wp-block-image size-large\"><img loading=\"lazy\" decoding=\"async\" width=\"1024\" height=\"576\" data-id=\"47195\" src=\"https:\/\/unifsa.com.br\/site\/wp-content\/uploads\/2026\/09\/WhatsApp-Image-2026-09-03-at-14.23.08-1-1024x576.webp\" alt=\"\" class=\"wp-image-47195\" srcset=\"https:\/\/unifsa.com.br\/site\/wp-content\/uploads\/2026\/09\/WhatsApp-Image-2026-09-03-at-14.23.08-1-1024x576.webp 1024w, https:\/\/unifsa.com.br\/site\/wp-content\/uploads\/2026\/09\/WhatsApp-Image-2026-09-03-at-14.23.08-1-300x169.webp 300w, https:\/\/unifsa.com.br\/site\/wp-content\/uploads\/2026\/09\/WhatsApp-Image-2026-09-03-at-14.23.08-1-768x432.webp 768w, https:\/\/unifsa.com.br\/site\/wp-content\/uploads\/2026\/09\/WhatsApp-Image-2026-09-03-at-14.23.08-1.webp 1280w\" sizes=\"(max-width: 1024px) 100vw, 1024px\" \/><\/figure>\n\n\n\n<figure class=\"wp-block-image size-large\"><img loading=\"lazy\" decoding=\"async\" width=\"1024\" height=\"576\" data-id=\"47194\" src=\"https:\/\/unifsa.com.br\/site\/wp-content\/uploads\/2026\/09\/WhatsApp-Image-2026-09-03-at-14.23.09-1-1024x576.webp\" alt=\"\" class=\"wp-image-47194\" srcset=\"https:\/\/unifsa.com.br\/site\/wp-content\/uploads\/2026\/09\/WhatsApp-Image-2026-09-03-at-14.23.09-1-1024x576.webp 1024w, https:\/\/unifsa.com.br\/site\/wp-content\/uploads\/2026\/09\/WhatsApp-Image-2026-09-03-at-14.23.09-1-300x169.webp 300w, https:\/\/unifsa.com.br\/site\/wp-content\/uploads\/2026\/09\/WhatsApp-Image-2026-09-03-at-14.23.09-1-768x432.webp 768w, https:\/\/unifsa.com.br\/site\/wp-content\/uploads\/2026\/09\/WhatsApp-Image-2026-09-03-at-14.23.09-1.webp 1280w\" sizes=\"(max-width: 1024px) 100vw, 1024px\" \/><\/figure>\n<\/figure>\n\n\n\n<h2 class=\"wp-block-heading has-vivid-cyan-blue-color has-text-color has-link-color wp-elements-d6cdfbcfdbeca148fd6b8ca02afd45c5\">Confira a programa\u00e7\u00e3o completa:<\/h2>\n\n\n\n<figure class=\"wp-block-table\"><table class=\"has-fixed-layout\"><tbody><tr><td><strong>DATA<\/strong><\/td><td><strong>HOR\u00c1RIO<\/strong><\/td><td><strong>ATIVIDADE<\/strong><\/td><td><strong>MINISTRANTE<\/strong><\/td><\/tr><tr><td>29\/8<\/td><td>8h30<\/td><td>Abertura do evento<\/td><td>Profa. Ma. Antonieta Lira e Silva <br><br>Profa. Dra. Indira Maria Lira <br><br>Prof. Dr. Edj\u00f4fre Coelho de Oliveira <br><br>Profa. Dra. Maria Zilda Silva Soares <br><br>Profa. Ma. Juliana Gomes da Silva Soares <br><br>Profa. Esp. Francisca da Chagas Pereira de Sousa Representante do CRP 21<\/td><\/tr><tr><td>29\/8<\/td><td>09h00 \u00e0s 10h30<\/td><td>Mesa: Psicologia Jur\u00eddica em contexto: vulnerabilidades, direitos e cuidado nos Piau\u00ed<\/td><td>Esp. Rafaela Brito (Psic\u00f3loga) <br><br>Esp. Naira Rossano Furtado Gon\u00e7alves (Psic\u00f3loga do TJ) <br><br>Moderadora: Profa Dra. Caroline Cabral Nunes (UNIFSA)<\/td><\/tr><tr><td>29\/8<\/td><td>10h30 \u00e0s 12h00<\/td><td>Mesa: Os m\u00faltiplos espa\u00e7os da Psicologia: inser\u00e7\u00e3o profissional no Piau\u00ed<\/td><td>Esp. Deyse Alves Cruz (Psic\u00f3loga egressa) <br><br>Esp. Layanne Pereira Alves Medina de Carvalho (Psic\u00f3loga egressa) <br><br>Esp. Geovanna Borges Ribeiro (Psic\u00f3loga egressa)<br><br>Moderador: Prof. Ms. Igor Filipe de Sousa Oliveira (UNIFSA)<\/td><\/tr><tr><td>31\/08<\/td><td>10h00 \u00e0s 12h00<\/td><td>Mesa: A forma\u00e7\u00e3o em Psicologia no UNIFSA (atividade exclusiva para alunos ingressantes)<\/td><td>Profa. Dra. Maria Zilda Silva Soares <br><br>Profa. Ma. Juliana Gomes da Silva Soares <br><br>Esp. Islene Cristina Cardoso de Ara\u00fajo <br><br>Profa. Esp. Francisca da<br>Chagas Pereira de Sousa<\/td><\/tr><\/tbody><\/table><\/figure>\n","protected":false},"excerpt":{"rendered":"<p>O Centro Universit\u00e1rio Santo Agostinho, por meio da gradua\u00e7\u00e3o de Psicologia, realizou o Evento em Comemora\u00e7\u00e3o ao Dia da(o) Psic\u00f3loga(o) nos dia 29 a 31 de agosto, de no Audit\u00f3rio Manoel Cipriano Lira &#8211; sede. O momento teve como tema a Ser Psic\u00f3logo no Piau\u00ed: Interfaces da Cl\u00ednica, Educa\u00e7\u00e3o, Justi\u00e7a e Trabalho, e ser\u00e1 voltado<\/p>\n","protected":false},"author":11,"featured_media":47193,"comment_status":"closed","ping_status":"open","sticky":false,"template":"","format":"standard","meta":{"footnotes":""},"categories":[6,54],"tags":[1303,1304,109,1305],"class_list":["post-47183","post","type-post","status-publish","format-standard","has-post-thumbnail","hentry","category-acontece-na-unifsa","category-psicologia","tag-dia-da-psicologia","tag-dia-do-psicologo","tag-psicologia","tag-psicologia-piauiense"],"yoast_head":"<!-- This site is optimized with the Yoast SEO plugin v28.3 - https:\/\/yoast.com\/product\/yoast-seo-wordpress\/ -->\n<title>UNIFSA realiza evento em comemora\u00e7\u00e3o ao Dia da(o) Psic\u00f3loga(o) - Centro Universit\u00e1rio Santo Agostinho - UNIFSA<\/title>\n<meta name=\"robots\" content=\"index, follow, max-snippet:-1, max-image-preview:large, max-video-preview:-1\" \/>\n<link rel=\"canonical\" href=\"https:\/\/unifsa.com.br\/site\/unifsa-realiza-evento-em-comemoracao-ao-dia-dao-psicologao-4\/\" \/>\n<meta property=\"og:locale\" content=\"pt_BR\" \/>\n<meta property=\"og:type\" content=\"article\" \/>\n<meta property=\"og:title\" content=\"UNIFSA realiza evento em comemora\u00e7\u00e3o ao Dia da(o) Psic\u00f3loga(o) - Centro Universit\u00e1rio Santo Agostinho - UNIFSA\" \/>\n<meta property=\"og:description\" content=\"O Centro Universit\u00e1rio Santo Agostinho, por meio da gradua\u00e7\u00e3o de Psicologia, realizou o Evento em Comemora\u00e7\u00e3o ao Dia da(o) Psic\u00f3loga(o) nos dia 29 a 31 de agosto, de no Audit\u00f3rio Manoel Cipriano Lira &#8211; sede. O momento teve como tema a Ser Psic\u00f3logo no Piau\u00ed: Interfaces da Cl\u00ednica, Educa\u00e7\u00e3o, Justi\u00e7a e Trabalho, e ser\u00e1 voltado\" \/>\n<meta property=\"og:url\" content=\"https:\/\/unifsa.com.br\/site\/unifsa-realiza-evento-em-comemoracao-ao-dia-dao-psicologao-4\/\" \/>\n<meta property=\"og:site_name\" content=\"Centro Universit\u00e1rio Santo Agostinho - UNIFSA\" \/>\n<meta property=\"article:publisher\" content=\"https:\/\/www.facebook.com\/unifsa\/\" \/>\n<meta property=\"article:published_time\" content=\"2026-09-01T17:21:52+00:00\" \/>\n<meta property=\"article:modified_time\" content=\"2026-09-03T17:32:58+00:00\" \/>\n<meta property=\"og:image\" content=\"https:\/\/unifsa.com.br\/site\/wp-content\/uploads\/2026\/09\/WhatsApp-Image-2026-09-03-at-14.23.09.webp\" \/>\n\t<meta property=\"og:image:width\" content=\"1280\" \/>\n\t<meta property=\"og:image:height\" content=\"720\" \/>\n\t<meta property=\"og:image:type\" content=\"image\/webp\" \/>\n<meta name=\"author\" content=\"Oceannyra Kelly da Cruz Silva\" \/>\n<meta name=\"twitter:card\" content=\"summary_large_image\" \/>\n<meta name=\"twitter:label1\" content=\"Escrito por\" \/>\n\t<meta name=\"twitter:data1\" content=\"Oceannyra Kelly da Cruz Silva\" \/>\n\t<meta name=\"twitter:label2\" content=\"Est. tempo de leitura\" \/>\n\t<meta name=\"twitter:data2\" content=\"5 minutos\" \/>\n<script type=\"application\/ld+json\" class=\"yoast-schema-graph\">{\"@context\":\"https:\\\/\\\/schema.org\",\"@graph\":[{\"@type\":\"Article\",\"@id\":\"https:\\\/\\\/unifsa.com.br\\\/site\\\/unifsa-realiza-evento-em-comemoracao-ao-dia-dao-psicologao-4\\\/#article\",\"isPartOf\":{\"@id\":\"https:\\\/\\\/unifsa.com.br\\\/site\\\/unifsa-realiza-evento-em-comemoracao-ao-dia-dao-psicologao-4\\\/\"},\"author\":{\"name\":\"Oceannyra Kelly da Cruz Silva\",\"@id\":\"https:\\\/\\\/unifsa.com.br\\\/site\\\/#\\\/schema\\\/person\\\/a4cec94bbc6ddf98f579162824de9bf2\"},\"headline\":\"UNIFSA realiza evento em comemora\u00e7\u00e3o ao Dia da(o) Psic\u00f3loga(o)\",\"datePublished\":\"2026-09-01T17:21:52+00:00\",\"dateModified\":\"2026-09-03T17:32:58+00:00\",\"mainEntityOfPage\":{\"@id\":\"https:\\\/\\\/unifsa.com.br\\\/site\\\/unifsa-realiza-evento-em-comemoracao-ao-dia-dao-psicologao-4\\\/\"},\"wordCount\":477,\"publisher\":{\"@id\":\"https:\\\/\\\/unifsa.com.br\\\/site\\\/#organization\"},\"image\":{\"@id\":\"https:\\\/\\\/unifsa.com.br\\\/site\\\/unifsa-realiza-evento-em-comemoracao-ao-dia-dao-psicologao-4\\\/#primaryimage\"},\"thumbnailUrl\":\"https:\\\/\\\/unifsa.com.br\\\/site\\\/wp-content\\\/uploads\\\/2026\\\/09\\\/WhatsApp-Image-2026-09-03-at-14.23.09.webp\",\"keywords\":[\"Dia da Psicologia\",\"Dia do Psic\u00f3logo\",\"Psicologia\",\"Psicologia Piauiense\"],\"articleSection\":[\"Acontece na UNIFSA\",\"Psicologia\"],\"inLanguage\":\"pt-BR\"},{\"@type\":\"WebPage\",\"@id\":\"https:\\\/\\\/unifsa.com.br\\\/site\\\/unifsa-realiza-evento-em-comemoracao-ao-dia-dao-psicologao-4\\\/\",\"url\":\"https:\\\/\\\/unifsa.com.br\\\/site\\\/unifsa-realiza-evento-em-comemoracao-ao-dia-dao-psicologao-4\\\/\",\"name\":\"UNIFSA realiza evento em comemora\u00e7\u00e3o ao Dia da(o) Psic\u00f3loga(o) - Centro Universit\u00e1rio Santo Agostinho - UNIFSA\",\"isPartOf\":{\"@id\":\"https:\\\/\\\/unifsa.com.br\\\/site\\\/#website\"},\"primaryImageOfPage\":{\"@id\":\"https:\\\/\\\/unifsa.com.br\\\/site\\\/unifsa-realiza-evento-em-comemoracao-ao-dia-dao-psicologao-4\\\/#primaryimage\"},\"image\":{\"@id\":\"https:\\\/\\\/unifsa.com.br\\\/site\\\/unifsa-realiza-evento-em-comemoracao-ao-dia-dao-psicologao-4\\\/#primaryimage\"},\"thumbnailUrl\":\"https:\\\/\\\/unifsa.com.br\\\/site\\\/wp-content\\\/uploads\\\/2026\\\/09\\\/WhatsApp-Image-2026-09-03-at-14.23.09.webp\",\"datePublished\":\"2026-09-01T17:21:52+00:00\",\"dateModified\":\"2026-09-03T17:32:58+00:00\",\"breadcrumb\":{\"@id\":\"https:\\\/\\\/unifsa.com.br\\\/site\\\/unifsa-realiza-evento-em-comemoracao-ao-dia-dao-psicologao-4\\\/#breadcrumb\"},\"inLanguage\":\"pt-BR\",\"potentialAction\":[{\"@type\":\"ReadAction\",\"target\":[\"https:\\\/\\\/unifsa.com.br\\\/site\\\/unifsa-realiza-evento-em-comemoracao-ao-dia-dao-psicologao-4\\\/\"]}]},{\"@type\":\"ImageObject\",\"inLanguage\":\"pt-BR\",\"@id\":\"https:\\\/\\\/unifsa.com.br\\\/site\\\/unifsa-realiza-evento-em-comemoracao-ao-dia-dao-psicologao-4\\\/#primaryimage\",\"url\":\"https:\\\/\\\/unifsa.com.br\\\/site\\\/wp-content\\\/uploads\\\/2026\\\/09\\\/WhatsApp-Image-2026-09-03-at-14.23.09.webp\",\"contentUrl\":\"https:\\\/\\\/unifsa.com.br\\\/site\\\/wp-content\\\/uploads\\\/2026\\\/09\\\/WhatsApp-Image-2026-09-03-at-14.23.09.webp\",\"width\":1280,\"height\":720},{\"@type\":\"BreadcrumbList\",\"@id\":\"https:\\\/\\\/unifsa.com.br\\\/site\\\/unifsa-realiza-evento-em-comemoracao-ao-dia-dao-psicologao-4\\\/#breadcrumb\",\"itemListElement\":[{\"@type\":\"ListItem\",\"position\":1,\"name\":\"In\u00edcio\",\"item\":\"https:\\\/\\\/unifsa.com.br\\\/site\\\/\"},{\"@type\":\"ListItem\",\"position\":2,\"name\":\"UNIFSA realiza evento em comemora\u00e7\u00e3o ao Dia da(o) Psic\u00f3loga(o)\"}]},{\"@type\":\"WebSite\",\"@id\":\"https:\\\/\\\/unifsa.com.br\\\/site\\\/#website\",\"url\":\"https:\\\/\\\/unifsa.com.br\\\/site\\\/\",\"name\":\"Centro Universit\u00e1rio Santo Agostinho - UNIFSA\",\"description\":\"Conhecimento para toda a vida\",\"publisher\":{\"@id\":\"https:\\\/\\\/unifsa.com.br\\\/site\\\/#organization\"},\"potentialAction\":[{\"@type\":\"SearchAction\",\"target\":{\"@type\":\"EntryPoint\",\"urlTemplate\":\"https:\\\/\\\/unifsa.com.br\\\/site\\\/?s={search_term_string}\"},\"query-input\":{\"@type\":\"PropertyValueSpecification\",\"valueRequired\":true,\"valueName\":\"search_term_string\"}}],\"inLanguage\":\"pt-BR\"},{\"@type\":\"Organization\",\"@id\":\"https:\\\/\\\/unifsa.com.br\\\/site\\\/#organization\",\"name\":\"Centro Universit\u00e1rio Santo Agostinho - UNIFSA\",\"url\":\"https:\\\/\\\/unifsa.com.br\\\/site\\\/\",\"logo\":{\"@type\":\"ImageObject\",\"inLanguage\":\"pt-BR\",\"@id\":\"https:\\\/\\\/unifsa.com.br\\\/site\\\/#\\\/schema\\\/logo\\\/image\\\/\",\"url\":\"https:\\\/\\\/unifsa.com.br\\\/site\\\/wp-content\\\/uploads\\\/2023\\\/03\\\/MARCA-UNIFSA-CIC23-q2apjs1mt975cf1wl25b044coj90fwoiee1kya6800.png\",\"contentUrl\":\"https:\\\/\\\/unifsa.com.br\\\/site\\\/wp-content\\\/uploads\\\/2023\\\/03\\\/MARCA-UNIFSA-CIC23-q2apjs1mt975cf1wl25b044coj90fwoiee1kya6800.png\",\"width\":103,\"height\":100,\"caption\":\"Centro Universit\u00e1rio Santo Agostinho - UNIFSA\"},\"image\":{\"@id\":\"https:\\\/\\\/unifsa.com.br\\\/site\\\/#\\\/schema\\\/logo\\\/image\\\/\"},\"sameAs\":[\"https:\\\/\\\/www.facebook.com\\\/unifsa\\\/\",\"https:\\\/\\\/www.instagram.com\\\/unifsa\\\/\"]},{\"@type\":\"Person\",\"@id\":\"https:\\\/\\\/unifsa.com.br\\\/site\\\/#\\\/schema\\\/person\\\/a4cec94bbc6ddf98f579162824de9bf2\",\"name\":\"Oceannyra Kelly da Cruz Silva\",\"image\":{\"@type\":\"ImageObject\",\"inLanguage\":\"pt-BR\",\"@id\":\"https:\\\/\\\/secure.gravatar.com\\\/avatar\\\/05c87cd6fa2c3c73262055bd9341438a47e77a37053b409b3cf4f8df60ea8eb8?s=96&d=mm&r=g\",\"url\":\"https:\\\/\\\/secure.gravatar.com\\\/avatar\\\/05c87cd6fa2c3c73262055bd9341438a47e77a37053b409b3cf4f8df60ea8eb8?s=96&d=mm&r=g\",\"contentUrl\":\"https:\\\/\\\/secure.gravatar.com\\\/avatar\\\/05c87cd6fa2c3c73262055bd9341438a47e77a37053b409b3cf4f8df60ea8eb8?s=96&d=mm&r=g\",\"caption\":\"Oceannyra Kelly da Cruz Silva\"},\"url\":\"https:\\\/\\\/unifsa.com.br\\\/site\\\/author\\\/oceannyrakelly\\\/\"}]}<\/script>\n<!-- \/ Yoast SEO plugin. -->","yoast_head_json":{"title":"UNIFSA realiza evento em comemora\u00e7\u00e3o ao Dia da(o) Psic\u00f3loga(o) - Centro Universit\u00e1rio Santo Agostinho - UNIFSA","robots":{"index":"index","follow":"follow","max-snippet":"max-snippet:-1","max-image-preview":"max-image-preview:large","max-video-preview":"max-video-preview:-1"},"canonical":"https:\/\/unifsa.com.br\/site\/unifsa-realiza-evento-em-comemoracao-ao-dia-dao-psicologao-4\/","og_locale":"pt_BR","og_type":"article","og_title":"UNIFSA realiza evento em comemora\u00e7\u00e3o ao Dia da(o) Psic\u00f3loga(o) - Centro Universit\u00e1rio Santo Agostinho - UNIFSA","og_description":"O Centro Universit\u00e1rio Santo Agostinho, por meio da gradua\u00e7\u00e3o de Psicologia, realizou o Evento em Comemora\u00e7\u00e3o ao Dia da(o) Psic\u00f3loga(o) nos dia 29 a 31 de agosto, de no Audit\u00f3rio Manoel Cipriano Lira &#8211; sede. O momento teve como tema a Ser Psic\u00f3logo no Piau\u00ed: Interfaces da Cl\u00ednica, Educa\u00e7\u00e3o, Justi\u00e7a e Trabalho, e ser\u00e1 voltado","og_url":"https:\/\/unifsa.com.br\/site\/unifsa-realiza-evento-em-comemoracao-ao-dia-dao-psicologao-4\/","og_site_name":"Centro Universit\u00e1rio Santo Agostinho - UNIFSA","article_publisher":"https:\/\/www.facebook.com\/unifsa\/","article_published_time":"2026-09-01T17:21:52+00:00","article_modified_time":"2026-09-03T17:32:58+00:00","og_image":[{"width":1280,"height":720,"url":"https:\/\/unifsa.com.br\/site\/wp-content\/uploads\/2026\/09\/WhatsApp-Image-2026-09-03-at-14.23.09.webp","type":"image\/webp"}],"author":"Oceannyra Kelly da Cruz Silva","twitter_card":"summary_large_image","twitter_misc":{"Escrito por":"Oceannyra Kelly da Cruz Silva","Est. tempo de leitura":"5 minutos"},"schema":{"@context":"https:\/\/schema.org","@graph":[{"@type":"Article","@id":"https:\/\/unifsa.com.br\/site\/unifsa-realiza-evento-em-comemoracao-ao-dia-dao-psicologao-4\/#article","isPartOf":{"@id":"https:\/\/unifsa.com.br\/site\/unifsa-realiza-evento-em-comemoracao-ao-dia-dao-psicologao-4\/"},"author":{"name":"Oceannyra Kelly da Cruz Silva","@id":"https:\/\/unifsa.com.br\/site\/#\/schema\/person\/a4cec94bbc6ddf98f579162824de9bf2"},"headline":"UNIFSA realiza evento em comemora\u00e7\u00e3o ao Dia da(o) Psic\u00f3loga(o)","datePublished":"2026-09-01T17:21:52+00:00","dateModified":"2026-09-03T17:32:58+00:00","mainEntityOfPage":{"@id":"https:\/\/unifsa.com.br\/site\/unifsa-realiza-evento-em-comemoracao-ao-dia-dao-psicologao-4\/"},"wordCount":477,"publisher":{"@id":"https:\/\/unifsa.com.br\/site\/#organization"},"image":{"@id":"https:\/\/unifsa.com.br\/site\/unifsa-realiza-evento-em-comemoracao-ao-dia-dao-psicologao-4\/#primaryimage"},"thumbnailUrl":"https:\/\/unifsa.com.br\/site\/wp-content\/uploads\/2026\/09\/WhatsApp-Image-2026-09-03-at-14.23.09.webp","keywords":["Dia da Psicologia","Dia do Psic\u00f3logo","Psicologia","Psicologia Piauiense"],"articleSection":["Acontece na UNIFSA","Psicologia"],"inLanguage":"pt-BR"},{"@type":"WebPage","@id":"https:\/\/unifsa.com.br\/site\/unifsa-realiza-evento-em-comemoracao-ao-dia-dao-psicologao-4\/","url":"https:\/\/unifsa.com.br\/site\/unifsa-realiza-evento-em-comemoracao-ao-dia-dao-psicologao-4\/","name":"UNIFSA realiza evento em comemora\u00e7\u00e3o ao Dia da(o) Psic\u00f3loga(o) - Centro Universit\u00e1rio Santo Agostinho - UNIFSA","isPartOf":{"@id":"https:\/\/unifsa.com.br\/site\/#website"},"primaryImageOfPage":{"@id":"https:\/\/unifsa.com.br\/site\/unifsa-realiza-evento-em-comemoracao-ao-dia-dao-psicologao-4\/#primaryimage"},"image":{"@id":"https:\/\/unifsa.com.br\/site\/unifsa-realiza-evento-em-comemoracao-ao-dia-dao-psicologao-4\/#primaryimage"},"thumbnailUrl":"https:\/\/unifsa.com.br\/site\/wp-content\/uploads\/2026\/09\/WhatsApp-Image-2026-09-03-at-14.23.09.webp","datePublished":"2026-09-01T17:21:52+00:00","dateModified":"2026-09-03T17:32:58+00:00","breadcrumb":{"@id":"https:\/\/unifsa.com.br\/site\/unifsa-realiza-evento-em-comemoracao-ao-dia-dao-psicologao-4\/#breadcrumb"},"inLanguage":"pt-BR","potentialAction":[{"@type":"ReadAction","target":["https:\/\/unifsa.com.br\/site\/unifsa-realiza-evento-em-comemoracao-ao-dia-dao-psicologao-4\/"]}]},{"@type":"ImageObject","inLanguage":"pt-BR","@id":"https:\/\/unifsa.com.br\/site\/unifsa-realiza-evento-em-comemoracao-ao-dia-dao-psicologao-4\/#primaryimage","url":"https:\/\/unifsa.com.br\/site\/wp-content\/uploads\/2026\/09\/WhatsApp-Image-2026-09-03-at-14.23.09.webp","contentUrl":"https:\/\/unifsa.com.br\/site\/wp-content\/uploads\/2026\/09\/WhatsApp-Image-2026-09-03-at-14.23.09.webp","width":1280,"height":720},{"@type":"BreadcrumbList","@id":"https:\/\/unifsa.com.br\/site\/unifsa-realiza-evento-em-comemoracao-ao-dia-dao-psicologao-4\/#breadcrumb","itemListElement":[{"@type":"ListItem","position":1,"name":"In\u00edcio","item":"https:\/\/unifsa.com.br\/site\/"},{"@type":"ListItem","position":2,"name":"UNIFSA realiza evento em comemora\u00e7\u00e3o ao Dia da(o) Psic\u00f3loga(o)"}]},{"@type":"WebSite","@id":"https:\/\/unifsa.com.br\/site\/#website","url":"https:\/\/unifsa.com.br\/site\/","name":"Centro Universit\u00e1rio Santo Agostinho - UNIFSA","description":"Conhecimento para toda a vida","publisher":{"@id":"https:\/\/unifsa.com.br\/site\/#organization"},"potentialAction":[{"@type":"SearchAction","target":{"@type":"EntryPoint","urlTemplate":"https:\/\/unifsa.com.br\/site\/?s={search_term_string}"},"query-input":{"@type":"PropertyValueSpecification","valueRequired":true,"valueName":"search_term_string"}}],"inLanguage":"pt-BR"},{"@type":"Organization","@id":"https:\/\/unifsa.com.br\/site\/#organization","name":"Centro Universit\u00e1rio Santo Agostinho - UNIFSA","url":"https:\/\/unifsa.com.br\/site\/","logo":{"@type":"ImageObject","inLanguage":"pt-BR","@id":"https:\/\/unifsa.com.br\/site\/#\/schema\/logo\/image\/","url":"https:\/\/unifsa.com.br\/site\/wp-content\/uploads\/2023\/03\/MARCA-UNIFSA-CIC23-q2apjs1mt975cf1wl25b044coj90fwoiee1kya6800.png","contentUrl":"https:\/\/unifsa.com.br\/site\/wp-content\/uploads\/2023\/03\/MARCA-UNIFSA-CIC23-q2apjs1mt975cf1wl25b044coj90fwoiee1kya6800.png","width":103,"height":100,"caption":"Centro Universit\u00e1rio Santo Agostinho - UNIFSA"},"image":{"@id":"https:\/\/unifsa.com.br\/site\/#\/schema\/logo\/image\/"},"sameAs":["https:\/\/www.facebook.com\/unifsa\/","https:\/\/www.instagram.com\/unifsa\/"]},{"@type":"Person","@id":"https:\/\/unifsa.com.br\/site\/#\/schema\/person\/a4cec94bbc6ddf98f579162824de9bf2","name":"Oceannyra Kelly da Cruz Silva","image":{"@type":"ImageObject","inLanguage":"pt-BR","@id":"https:\/\/secure.gravatar.com\/avatar\/05c87cd6fa2c3c73262055bd9341438a47e77a37053b409b3cf4f8df60ea8eb8?s=96&d=mm&r=g","url":"https:\/\/secure.gravatar.com\/avatar\/05c87cd6fa2c3c73262055bd9341438a47e77a37053b409b3cf4f8df60ea8eb8?s=96&d=mm&r=g","contentUrl":"https:\/\/secure.gravatar.com\/avatar\/05c87cd6fa2c3c73262055bd9341438a47e77a37053b409b3cf4f8df60ea8eb8?s=96&d=mm&r=g","caption":"Oceannyra Kelly da Cruz Silva"},"url":"https:\/\/unifsa.com.br\/site\/author\/oceannyrakelly\/"}]}},"_links":{"self":[{"href":"https:\/\/unifsa.com.br\/site\/wp-json\/wp\/v2\/posts\/47183","targetHints":{"allow":["GET"]}}],"collection":[{"href":"https:\/\/unifsa.com.br\/site\/wp-json\/wp\/v2\/posts"}],"about":[{"href":"https:\/\/unifsa.com.br\/site\/wp-json\/wp\/v2\/types\/post"}],"author":[{"embeddable":true,"href":"https:\/\/unifsa.com.br\/site\/wp-json\/wp\/v2\/users\/11"}],"replies":[{"embeddable":true,"href":"https:\/\/unifsa.com.br\/site\/wp-json\/wp\/v2\/comments?post=47183"}],"version-history":[{"count":4,"href":"https:\/\/unifsa.com.br\/site\/wp-json\/wp\/v2\/posts\/47183\/revisions"}],"predecessor-version":[{"id":47197,"href":"https:\/\/unifsa.com.br\/site\/wp-json\/wp\/v2\/posts\/47183\/revisions\/47197"}],"wp:featuredmedia":[{"embeddable":true,"href":"https:\/\/unifsa.com.br\/site\/wp-json\/wp\/v2\/media\/47193"}],"wp:attachment":[{"href":"https:\/\/unifsa.com.br\/site\/wp-json\/wp\/v2\/media?parent=47183"}],"wp:term":[{"taxonomy":"category","embeddable":true,"href":"https:\/\/unifsa.com.br\/site\/wp-json\/wp\/v2\/categories?post=47183"},{"taxonomy":"post_tag","embeddable":true,"href":"https:\/\/unifsa.com.br\/site\/wp-json\/wp\/v2\/tags?post=47183"}],"curies":[{"name":"wp","href":"https:\/\/api.w.org\/{rel}","templated":true}]}}