{"id":47111,"date":"2026-09-01T18:29:42","date_gmt":"2026-09-01T21:29:42","guid":{"rendered":"https:\/\/unifsa.com.br\/site\/?p=47111"},"modified":"2026-09-01T18:30:27","modified_gmt":"2026-09-01T21:30:27","slug":"atencao-para-a-lista-de-espera-do-prouni-2026-2","status":"publish","type":"post","link":"https:\/\/unifsa.com.br\/site\/atencao-para-a-lista-de-espera-do-prouni-2026-2\/","title":{"rendered":"Aten\u00e7\u00e3o para a Lista de Espera do PROUNI 2026.2"},"content":{"rendered":"\n<p class=\"texto-justificado wp-block-paragraph\">O Centro Universit\u00e1rio Santo Agostinho informa que o prazo para envio dos documentos para comprova\u00e7\u00e3o das informa\u00e7\u00f5es, pelos estudantes classificados na Lista de Espera do Programa Universidade Para Todos (PROUNI) 2026.2, ser\u00e1 de <strong>1\u00b0 a 14 de setembro de 2026<\/strong>.<\/p>\n\n\n\n<p class=\"wp-block-paragraph\">ATEN\u00c7\u00c3O: N\u00c3O NOS RESPONSABILIZAMOS POR INSCRI\u00c7\u00d5ES SEM DOCUMENTA\u00c7\u00c3O OU ENVIO DE DOCUMENTOS INCORRETOS (FORA DAS ORIENTA\u00c7\u00d5ES DESCRITAS A SEGUIR:)<\/p>\n\n\n\n<p class=\"texto-justificado wp-block-paragraph\">A documenta\u00e7\u00e3o deve ser enviada para o e-mail: <strong><a>prouni@unifsa.com.br<\/a><\/strong><\/p>\n\n\n\n<ul class=\"wp-block-list\">\n<li>Todos os documentos devem estar em formato PDF; <\/li>\n\n\n\n<li>Cada documento deve ser enviado em um arquivo separado e <strong>RENOMEADOS<\/strong>;<\/li>\n\n\n\n<li>Todos os documentos devem ser enviados em um \u00fanico e-mail; Inserir no assunto: <strong>Lista de Espera 2026.2 + nome completo + curso<\/strong>;<\/li>\n\n\n\n<li>O envio deve ser feito pelo e-mail do pr\u00f3prio aluno; <\/li>\n\n\n\n<li>Em conformidade com a LGPD, o contato com alunos maiores de 18 anos ser\u00e1 feito exclusivamente com o pr\u00f3prio candidato. No caso de menores, apenas com o respons\u00e1vel legal.<\/li>\n<\/ul>\n\n\n\n<h3 class=\"wp-block-heading has-vivid-cyan-blue-color has-text-color has-link-color wp-elements-f1bdf5a22428af9a0f4a4b578357cc1a\"><strong>Documenta\u00e7\u00e3o do aluno (Indispens\u00e1veis para a valida\u00e7\u00e3o)<\/strong><\/h3>\n\n\n\n<ul class=\"wp-block-list\">\n<li>FICHA DE INSCRI\u00c7\u00c3O (fica dispon\u00edvel no site, ap\u00f3s a confirma\u00e7\u00e3o da inscri\u00e7\u00e3o)<\/li>\n\n\n\n<li>RG E CPF<\/li>\n\n\n\n<li>TITULO ELEITORAL<\/li>\n\n\n\n<li>RESERVISTA (PARA HOMENS)<\/li>\n\n\n\n<li>CERTIFICADO E HIST\u00d3RICO DO ENSINO M\u00c9DIO (OU DECLARA\u00c7\u00c3O DE CONCLUS\u00c3O);<\/li>\n\n\n\n<li>CARTEIRA DE TRABALHO FISICA OU DIGITAL &#8211; caso n\u00e3o tenha renda declarada; F\u00cdSICA (Frente e verso da foto e pagina do ultimo contrato de trabalho assinado e a pagina seguinte.<\/li>\n\n\n\n<li>COMPROVANTE DE RENDA \u2013 CONTRACHEQUE DOS 03 ULTIMOS MESES OU DECLARA\u00c7\u00c3ODO IMPOSTO DE RENDA (Caso seja a pessoa que declarou a renda no grupo familiar);&nbsp;<\/li>\n\n\n\n<li>CERTID\u00c3O NASCIMENTO OU CASAMENTO (Caso o aluno seja casado);<\/li>\n\n\n\n<li>COMPROVANTE DE RESID\u00caNCIA (No nome do aluno ou de algu\u00e9m do grupo familiar);<\/li>\n\n\n\n<li>DOCUMENTO de auto declara\u00e7\u00e3o do seu perfil \u00e9tnico-racial para as vagas reservadas a pessoas pretas, pardas, ind\u00edgenas, quilombolas e, em caso de PCD (pessoa com defici\u00eancia), o LAUDO M\u00c9DICO CARACTERIZADO DE PESSOA COM DEFICI\u00caNCIA PARA CONCORR\u00caNCIA EM RESERVA DE VAGAS PROUNI (doc. Anexo) devidamente preenchido. Tamb\u00e9m declarar estar ciente dos dados fornecidos.<\/li>\n<\/ul>\n\n\n\n<h3 class=\"wp-block-heading has-vivid-cyan-blue-color has-text-color has-link-color wp-elements-0de2e29a14cace9b9f3b0cce2a6d24c4\"><strong>Do grupo familiar<\/strong><\/h3>\n\n\n\n<ul class=\"wp-block-list\">\n<li>&nbsp;RG E CPF;<\/li>\n\n\n\n<li>CARTEIRA DE TRABALHO (F\u00cdSICA OU DIGITAL) DE TODOS QUE FOREM MAIORES DE 14 ANOS (EXCETO DE QUEM DECLAROU A RENDA);<\/li>\n\n\n\n<li>QUEM DECLAROU A RENDA: APRESENTAR O CONTRACHEQUE DOS 03 \u00daLTIMOS MESES OU DECLARA\u00c7\u00c3O DO IMPOSTO DE RENDA;<\/li>\n\n\n\n<li>SE HOUVER ALGUMA CRIAN\u00c7A NO GRUPO FAMILIAR QUE N\u00c3O TENHA CPF, ANEXAR CERTID\u00c3O DE NASCIMENTO.<\/li>\n\n\n\n<li><strong>\u00c9 facultado ao coordenador do Prouni na institui\u00e7\u00e3o pedir outros documentos eventualmente julgados necess\u00e1rios \u00e1s comprova\u00e7\u00e3o das informa\u00e7\u00f5es prestadas pelo candidato, referentes ao pr\u00f3prio candidato ou a membros do grupo familiar. (Portaria Normativa n\u00ba 1, de 2 janeiro de 2015)<\/strong><\/li>\n<\/ul>\n\n\n\n<div style=\"height:15px\" aria-hidden=\"true\" class=\"wp-block-spacer\"><\/div>\n\n\n\n<div class=\"wp-block-buttons is-content-justification-center is-layout-flex wp-container-core-buttons-is-layout-fe48e5de wp-block-buttons-is-layout-flex\">\n<div class=\"wp-block-button\"><a class=\"wp-block-button__link has-white-color has-text-color has-background has-link-color has-text-align-center wp-element-button\" href=\"https:\/\/unifsa.com.br\/site\/wp-content\/uploads\/2026\/08\/LAUDO-MEDICO-PCD_PROUNI-2.pdf\" style=\"background-color:#005383\"><strong>Modelo &#8211; Laudo M\u00e9dico (PCD)<\/strong><\/a><\/div>\n<\/div>\n\n\n\n<div style=\"height:20px\" aria-hidden=\"true\" class=\"wp-block-spacer\"><\/div>\n\n\n\n<div class=\"wp-block-buttons is-content-justification-center is-layout-flex wp-container-core-buttons-is-layout-fe48e5de wp-block-buttons-is-layout-flex\">\n<div class=\"wp-block-button\"><a class=\"wp-block-button__link has-white-color has-vivid-cyan-blue-background-color has-text-color has-background has-link-color has-text-align-center wp-element-button\"><strong>Modelo &#8211; Declara\u00e7\u00e3o \u00c9tnico-Racial<\/strong><\/a><\/div>\n<\/div>\n\n\n\n<h3 class=\"wp-block-heading has-vivid-cyan-blue-color has-text-color has-link-color wp-elements-e065c6f052e2f3d9ec3396c3f0327204\">CONTATOS PROUNI<\/h3>\n\n\n\n<p class=\"wp-block-paragraph\">WhatsApp: (86) 3142-0785<br> Fixo: 3215-8700<\/p>\n\n\n\n<h3 class=\"wp-block-heading has-vivid-cyan-blue-color has-text-color has-link-color wp-elements-ba89f4af8a7b7f7f4b345ee400525d9a\"><strong>HOR\u00c1RIO DE ATENDIMENTO<\/strong><\/h3>\n\n\n\n<p class=\"wp-block-paragraph\">Segunda a sexta, das 8h \u00e0s 13h e de 14h \u00e0s 17h.<\/p>\n\n\n\n<h3 class=\"wp-block-heading has-vivid-cyan-blue-color has-text-color has-link-color wp-elements-35294c0c4d07e8f98b1eb0f9a3fe887c\">Confira as coloca\u00e7\u00f5es da lista de espera:<\/h3>\n\n\n\n<div data-wp-interactive=\"core\/file\" class=\"wp-block-file\"><object data-wp-bind--hidden=\"!state.hasPdfPreview\" hidden class=\"wp-block-file__embed\" data=\"https:\/\/unifsa.com.br\/site\/wp-content\/uploads\/2026\/09\/Administracao-1.pdf\" type=\"application\/pdf\" style=\"width:100%;height:600px\" aria-label=\"Incorporado de Administra\u00e7\u00e3o.\"><\/object><a id=\"wp-block-file--media-c84be99c-cba8-4671-9f4d-0a303fe1548a\" href=\"https:\/\/unifsa.com.br\/site\/wp-content\/uploads\/2026\/09\/Administracao-1.pdf\">Administra\u00e7\u00e3o<\/a><a href=\"https:\/\/unifsa.com.br\/site\/wp-content\/uploads\/2026\/09\/Administracao-1.pdf\" class=\"wp-block-file__button wp-element-button\" download aria-describedby=\"wp-block-file--media-c84be99c-cba8-4671-9f4d-0a303fe1548a\">Baixar<\/a><\/div>\n\n\n\n<div data-wp-interactive=\"core\/file\" class=\"wp-block-file\"><object data-wp-bind--hidden=\"!state.hasPdfPreview\" hidden class=\"wp-block-file__embed\" data=\"https:\/\/unifsa.com.br\/site\/wp-content\/uploads\/2026\/09\/Arquitetura-e-Urbanismo-2.pdf\" type=\"application\/pdf\" style=\"width:100%;height:600px\" aria-label=\"Incorporado de Arquitetura e Urbanismo .\"><\/object><a id=\"wp-block-file--media-5f442c19-85be-4561-bed5-87617352eedb\" href=\"https:\/\/unifsa.com.br\/site\/wp-content\/uploads\/2026\/09\/Arquitetura-e-Urbanismo-2.pdf\">Arquitetura e Urbanismo <\/a><a href=\"https:\/\/unifsa.com.br\/site\/wp-content\/uploads\/2026\/09\/Arquitetura-e-Urbanismo-2.pdf\" class=\"wp-block-file__button wp-element-button\" download aria-describedby=\"wp-block-file--media-5f442c19-85be-4561-bed5-87617352eedb\">Baixar<\/a><\/div>\n\n\n\n<div data-wp-interactive=\"core\/file\" class=\"wp-block-file\"><object data-wp-bind--hidden=\"!state.hasPdfPreview\" hidden class=\"wp-block-file__embed\" data=\"https:\/\/unifsa.com.br\/site\/wp-content\/uploads\/2026\/09\/Biomedicina-2.pdf\" type=\"application\/pdf\" style=\"width:100%;height:600px\" aria-label=\"Incorporado de Biomedicina .\"><\/object><a id=\"wp-block-file--media-753d0237-0d37-4e0b-95a2-7afa0c2e4cd1\" href=\"https:\/\/unifsa.com.br\/site\/wp-content\/uploads\/2026\/09\/Biomedicina-2.pdf\">Biomedicina <\/a><a href=\"https:\/\/unifsa.com.br\/site\/wp-content\/uploads\/2026\/09\/Biomedicina-2.pdf\" class=\"wp-block-file__button wp-element-button\" download aria-describedby=\"wp-block-file--media-753d0237-0d37-4e0b-95a2-7afa0c2e4cd1\">Baixar<\/a><\/div>\n\n\n\n<div data-wp-interactive=\"core\/file\" class=\"wp-block-file\"><object data-wp-bind--hidden=\"!state.hasPdfPreview\" hidden class=\"wp-block-file__embed\" data=\"https:\/\/unifsa.com.br\/site\/wp-content\/uploads\/2026\/09\/Ciencias-Contabeis-2.pdf\" type=\"application\/pdf\" style=\"width:100%;height:600px\" aria-label=\"Incorporado de Ci\u00eancias Cont\u00e1beis .\"><\/object><a id=\"wp-block-file--media-8c8c7771-86c2-418a-8b86-353319ddf392\" href=\"https:\/\/unifsa.com.br\/site\/wp-content\/uploads\/2026\/09\/Ciencias-Contabeis-2.pdf\">Ci\u00eancias Cont\u00e1beis <\/a><a href=\"https:\/\/unifsa.com.br\/site\/wp-content\/uploads\/2026\/09\/Ciencias-Contabeis-2.pdf\" class=\"wp-block-file__button wp-element-button\" download aria-describedby=\"wp-block-file--media-8c8c7771-86c2-418a-8b86-353319ddf392\">Baixar<\/a><\/div>\n\n\n\n<div data-wp-interactive=\"core\/file\" class=\"wp-block-file\"><object data-wp-bind--hidden=\"!state.hasPdfPreview\" hidden class=\"wp-block-file__embed\" data=\"https:\/\/unifsa.com.br\/site\/wp-content\/uploads\/2026\/09\/Direito-2.pdf\" type=\"application\/pdf\" style=\"width:100%;height:600px\" aria-label=\"Incorporado de Direito .\"><\/object><a id=\"wp-block-file--media-b904fb52-2b8d-4adc-9d6f-74b9c5b37730\" href=\"https:\/\/unifsa.com.br\/site\/wp-content\/uploads\/2026\/09\/Direito-2.pdf\">Direito <\/a><a href=\"https:\/\/unifsa.com.br\/site\/wp-content\/uploads\/2026\/09\/Direito-2.pdf\" class=\"wp-block-file__button wp-element-button\" download aria-describedby=\"wp-block-file--media-b904fb52-2b8d-4adc-9d6f-74b9c5b37730\">Baixar<\/a><\/div>\n\n\n\n<div data-wp-interactive=\"core\/file\" class=\"wp-block-file\"><object data-wp-bind--hidden=\"!state.hasPdfPreview\" hidden class=\"wp-block-file__embed\" data=\"https:\/\/unifsa.com.br\/site\/wp-content\/uploads\/2026\/09\/Enfermagem-2.pdf\" type=\"application\/pdf\" style=\"width:100%;height:600px\" aria-label=\"Incorporado de Enfermagem .\"><\/object><a id=\"wp-block-file--media-d4e46bc5-b052-4db4-a86f-fb7ab58185e1\" href=\"https:\/\/unifsa.com.br\/site\/wp-content\/uploads\/2026\/09\/Enfermagem-2.pdf\">Enfermagem <\/a><a href=\"https:\/\/unifsa.com.br\/site\/wp-content\/uploads\/2026\/09\/Enfermagem-2.pdf\" class=\"wp-block-file__button wp-element-button\" download aria-describedby=\"wp-block-file--media-d4e46bc5-b052-4db4-a86f-fb7ab58185e1\">Baixar<\/a><\/div>\n\n\n\n<div data-wp-interactive=\"core\/file\" class=\"wp-block-file\"><object data-wp-bind--hidden=\"!state.hasPdfPreview\" hidden class=\"wp-block-file__embed\" data=\"https:\/\/unifsa.com.br\/site\/wp-content\/uploads\/2026\/09\/Engenharia-Civil-2.pdf\" type=\"application\/pdf\" style=\"width:100%;height:600px\" aria-label=\"Incorporado de Engenharia Civil.\"><\/object><a id=\"wp-block-file--media-dfe407cf-ce00-47d4-9008-ae10f0fd5099\" href=\"https:\/\/unifsa.com.br\/site\/wp-content\/uploads\/2026\/09\/Engenharia-Civil-2.pdf\">Engenharia Civil<\/a><a href=\"https:\/\/unifsa.com.br\/site\/wp-content\/uploads\/2026\/09\/Engenharia-Civil-2.pdf\" class=\"wp-block-file__button wp-element-button\" download aria-describedby=\"wp-block-file--media-dfe407cf-ce00-47d4-9008-ae10f0fd5099\">Baixar<\/a><\/div>\n\n\n\n<div data-wp-interactive=\"core\/file\" class=\"wp-block-file\"><object data-wp-bind--hidden=\"!state.hasPdfPreview\" hidden class=\"wp-block-file__embed\" data=\"https:\/\/unifsa.com.br\/site\/wp-content\/uploads\/2026\/09\/Engenharia-de-Software-1.pdf\" type=\"application\/pdf\" style=\"width:100%;height:600px\" aria-label=\"Incorporado de Engenharia de Software .\"><\/object><a id=\"wp-block-file--media-30c85d10-3849-4474-896a-c8ae75b1c76e\" href=\"https:\/\/unifsa.com.br\/site\/wp-content\/uploads\/2026\/09\/Engenharia-de-Software-1.pdf\">Engenharia de Software <\/a><a href=\"https:\/\/unifsa.com.br\/site\/wp-content\/uploads\/2026\/09\/Engenharia-de-Software-1.pdf\" class=\"wp-block-file__button wp-element-button\" download aria-describedby=\"wp-block-file--media-30c85d10-3849-4474-896a-c8ae75b1c76e\">Baixar<\/a><\/div>\n\n\n\n<div data-wp-interactive=\"core\/file\" class=\"wp-block-file\"><object data-wp-bind--hidden=\"!state.hasPdfPreview\" hidden class=\"wp-block-file__embed\" data=\"https:\/\/unifsa.com.br\/site\/wp-content\/uploads\/2026\/09\/Engenharia-Eletrica-2.pdf\" type=\"application\/pdf\" style=\"width:100%;height:600px\" aria-label=\"Incorporado de Engenharia El\u00e9trica .\"><\/object><a id=\"wp-block-file--media-f7d70bdd-c5fa-424a-b81f-5ab71c5fa0ea\" href=\"https:\/\/unifsa.com.br\/site\/wp-content\/uploads\/2026\/09\/Engenharia-Eletrica-2.pdf\">Engenharia El\u00e9trica <\/a><a href=\"https:\/\/unifsa.com.br\/site\/wp-content\/uploads\/2026\/09\/Engenharia-Eletrica-2.pdf\" class=\"wp-block-file__button wp-element-button\" download aria-describedby=\"wp-block-file--media-f7d70bdd-c5fa-424a-b81f-5ab71c5fa0ea\">Baixar<\/a><\/div>\n\n\n\n<div data-wp-interactive=\"core\/file\" class=\"wp-block-file\"><object data-wp-bind--hidden=\"!state.hasPdfPreview\" hidden class=\"wp-block-file__embed\" data=\"https:\/\/unifsa.com.br\/site\/wp-content\/uploads\/2026\/09\/Farmacia-2.pdf\" type=\"application\/pdf\" style=\"width:100%;height:600px\" aria-label=\"Incorporado de Farm\u00e1cia .\"><\/object><a id=\"wp-block-file--media-cd093606-6485-48e2-ae3a-eeb45a27359f\" href=\"https:\/\/unifsa.com.br\/site\/wp-content\/uploads\/2026\/09\/Farmacia-2.pdf\">Farm\u00e1cia <\/a><a href=\"https:\/\/unifsa.com.br\/site\/wp-content\/uploads\/2026\/09\/Farmacia-2.pdf\" class=\"wp-block-file__button wp-element-button\" download aria-describedby=\"wp-block-file--media-cd093606-6485-48e2-ae3a-eeb45a27359f\">Baixar<\/a><\/div>\n\n\n\n<div data-wp-interactive=\"core\/file\" class=\"wp-block-file\"><object data-wp-bind--hidden=\"!state.hasPdfPreview\" hidden class=\"wp-block-file__embed\" data=\"https:\/\/unifsa.com.br\/site\/wp-content\/uploads\/2026\/09\/Medicina-2.pdf\" type=\"application\/pdf\" style=\"width:100%;height:600px\" aria-label=\"Incorporado de Medicina .\"><\/object><a id=\"wp-block-file--media-91b7501e-180d-4e20-8932-a028911616a2\" href=\"https:\/\/unifsa.com.br\/site\/wp-content\/uploads\/2026\/09\/Medicina-2.pdf\">Medicina <\/a><a href=\"https:\/\/unifsa.com.br\/site\/wp-content\/uploads\/2026\/09\/Medicina-2.pdf\" class=\"wp-block-file__button wp-element-button\" download aria-describedby=\"wp-block-file--media-91b7501e-180d-4e20-8932-a028911616a2\">Baixar<\/a><\/div>\n\n\n\n<div data-wp-interactive=\"core\/file\" class=\"wp-block-file\"><object data-wp-bind--hidden=\"!state.hasPdfPreview\" hidden class=\"wp-block-file__embed\" data=\"https:\/\/unifsa.com.br\/site\/wp-content\/uploads\/2026\/09\/Medicina-Veterinaria-2-1.pdf\" type=\"application\/pdf\" style=\"width:100%;height:600px\" aria-label=\"Incorporado de Medicina Veterin\u00e1ria .\"><\/object><a id=\"wp-block-file--media-dfb0f7c3-70b2-453c-9733-4ffb6c230ff0\" href=\"https:\/\/unifsa.com.br\/site\/wp-content\/uploads\/2026\/09\/Medicina-Veterinaria-2-1.pdf\">Medicina Veterin\u00e1ria <\/a><a href=\"https:\/\/unifsa.com.br\/site\/wp-content\/uploads\/2026\/09\/Medicina-Veterinaria-2-1.pdf\" class=\"wp-block-file__button wp-element-button\" download aria-describedby=\"wp-block-file--media-dfb0f7c3-70b2-453c-9733-4ffb6c230ff0\">Baixar<\/a><\/div>\n\n\n\n<div data-wp-interactive=\"core\/file\" class=\"wp-block-file\"><object data-wp-bind--hidden=\"!state.hasPdfPreview\" hidden class=\"wp-block-file__embed\" data=\"https:\/\/unifsa.com.br\/site\/wp-content\/uploads\/2026\/09\/Nutricao-Semipresencial-1.pdf\" type=\"application\/pdf\" style=\"width:100%;height:600px\" aria-label=\"Incorporado de Nutri\u00e7\u00e3o Semipresencial .\"><\/object><a id=\"wp-block-file--media-136d81dd-6eb3-4a7a-822d-e62f596ef773\" href=\"https:\/\/unifsa.com.br\/site\/wp-content\/uploads\/2026\/09\/Nutricao-Semipresencial-1.pdf\">Nutri\u00e7\u00e3o Semipresencial <\/a><a href=\"https:\/\/unifsa.com.br\/site\/wp-content\/uploads\/2026\/09\/Nutricao-Semipresencial-1.pdf\" class=\"wp-block-file__button wp-element-button\" download aria-describedby=\"wp-block-file--media-136d81dd-6eb3-4a7a-822d-e62f596ef773\">Baixar<\/a><\/div>\n\n\n\n<div data-wp-interactive=\"core\/file\" class=\"wp-block-file\"><object data-wp-bind--hidden=\"!state.hasPdfPreview\" hidden class=\"wp-block-file__embed\" data=\"https:\/\/unifsa.com.br\/site\/wp-content\/uploads\/2026\/09\/Odontologia-2-1.pdf\" type=\"application\/pdf\" style=\"width:100%;height:600px\" aria-label=\"Incorporado de Odontologia .\"><\/object><a id=\"wp-block-file--media-c0fdfa80-223c-419d-92ac-bf48a5756245\" href=\"https:\/\/unifsa.com.br\/site\/wp-content\/uploads\/2026\/09\/Odontologia-2-1.pdf\">Odontologia <\/a><a href=\"https:\/\/unifsa.com.br\/site\/wp-content\/uploads\/2026\/09\/Odontologia-2-1.pdf\" class=\"wp-block-file__button wp-element-button\" download aria-describedby=\"wp-block-file--media-c0fdfa80-223c-419d-92ac-bf48a5756245\">Baixar<\/a><\/div>\n\n\n\n<div data-wp-interactive=\"core\/file\" class=\"wp-block-file\"><object data-wp-bind--hidden=\"!state.hasPdfPreview\" hidden class=\"wp-block-file__embed\" data=\"https:\/\/unifsa.com.br\/site\/wp-content\/uploads\/2026\/09\/Pedagogia-2.pdf\" type=\"application\/pdf\" style=\"width:100%;height:600px\" aria-label=\"Incorporado de Pedagogia .\"><\/object><a id=\"wp-block-file--media-512967f2-4f80-48fe-a21e-d9c6c6ccadb0\" href=\"https:\/\/unifsa.com.br\/site\/wp-content\/uploads\/2026\/09\/Pedagogia-2.pdf\">Pedagogia <\/a><a href=\"https:\/\/unifsa.com.br\/site\/wp-content\/uploads\/2026\/09\/Pedagogia-2.pdf\" class=\"wp-block-file__button wp-element-button\" download aria-describedby=\"wp-block-file--media-512967f2-4f80-48fe-a21e-d9c6c6ccadb0\">Baixar<\/a><\/div>\n\n\n\n<div data-wp-interactive=\"core\/file\" class=\"wp-block-file\"><object data-wp-bind--hidden=\"!state.hasPdfPreview\" hidden class=\"wp-block-file__embed\" data=\"https:\/\/unifsa.com.br\/site\/wp-content\/uploads\/2026\/09\/Psicologia-3.pdf\" type=\"application\/pdf\" style=\"width:100%;height:600px\" aria-label=\"Incorporado de Psicologia .\"><\/object><a id=\"wp-block-file--media-185b5db0-299f-4a31-bf50-605fdb5f8aa2\" href=\"https:\/\/unifsa.com.br\/site\/wp-content\/uploads\/2026\/09\/Psicologia-3.pdf\">Psicologia <\/a><a href=\"https:\/\/unifsa.com.br\/site\/wp-content\/uploads\/2026\/09\/Psicologia-3.pdf\" class=\"wp-block-file__button wp-element-button\" download aria-describedby=\"wp-block-file--media-185b5db0-299f-4a31-bf50-605fdb5f8aa2\">Baixar<\/a><\/div>\n\n\n\n<p class=\"wp-block-paragraph\"><\/p>\n","protected":false},"excerpt":{"rendered":"<p>O Centro Universit\u00e1rio Santo Agostinho informa que o prazo para envio dos documentos para comprova\u00e7\u00e3o das informa\u00e7\u00f5es, pelos estudantes classificados na Lista de Espera do Programa Universidade Para Todos (PROUNI) 2026.2, ser\u00e1 de 1\u00b0 a 14 de setembro de 2026. ATEN\u00c7\u00c3O: N\u00c3O NOS RESPONSABILIZAMOS POR INSCRI\u00c7\u00d5ES SEM DOCUMENTA\u00c7\u00c3O OU ENVIO DE DOCUMENTOS INCORRETOS (FORA DAS<\/p>\n","protected":false},"author":11,"featured_media":47140,"comment_status":"closed","ping_status":"open","sticky":false,"template":"","format":"standard","meta":{"footnotes":""},"categories":[6,529],"tags":[],"class_list":["post-47111","post","type-post","status-publish","format-standard","has-post-thumbnail","hentry","category-acontece-na-unifsa","category-prouni"],"yoast_head":"<!-- This site is optimized with the Yoast SEO plugin v28.3 - https:\/\/yoast.com\/product\/yoast-seo-wordpress\/ -->\n<title>Aten\u00e7\u00e3o para a Lista de Espera do PROUNI 2026.2 - Centro Universit\u00e1rio Santo Agostinho - UNIFSA<\/title>\n<meta name=\"robots\" content=\"index, follow, max-snippet:-1, max-image-preview:large, max-video-preview:-1\" \/>\n<link rel=\"canonical\" href=\"https:\/\/unifsa.com.br\/site\/atencao-para-a-lista-de-espera-do-prouni-2026-2\/\" \/>\n<meta property=\"og:locale\" content=\"pt_BR\" \/>\n<meta property=\"og:type\" content=\"article\" \/>\n<meta property=\"og:title\" content=\"Aten\u00e7\u00e3o para a Lista de Espera do PROUNI 2026.2 - Centro Universit\u00e1rio Santo Agostinho - UNIFSA\" \/>\n<meta property=\"og:description\" content=\"O Centro Universit\u00e1rio Santo Agostinho informa que o prazo para envio dos documentos para comprova\u00e7\u00e3o das informa\u00e7\u00f5es, pelos estudantes classificados na Lista de Espera do Programa Universidade Para Todos (PROUNI) 2026.2, ser\u00e1 de 1\u00b0 a 14 de setembro de 2026. ATEN\u00c7\u00c3O: N\u00c3O NOS RESPONSABILIZAMOS POR INSCRI\u00c7\u00d5ES SEM DOCUMENTA\u00c7\u00c3O OU ENVIO DE DOCUMENTOS INCORRETOS (FORA DAS\" \/>\n<meta property=\"og:url\" content=\"https:\/\/unifsa.com.br\/site\/atencao-para-a-lista-de-espera-do-prouni-2026-2\/\" \/>\n<meta property=\"og:site_name\" content=\"Centro Universit\u00e1rio Santo Agostinho - UNIFSA\" \/>\n<meta property=\"article:publisher\" content=\"https:\/\/www.facebook.com\/unifsa\/\" \/>\n<meta property=\"article:published_time\" content=\"2026-09-01T21:29:42+00:00\" \/>\n<meta property=\"article:modified_time\" content=\"2026-09-01T21:30:27+00:00\" \/>\n<meta property=\"og:image\" content=\"https:\/\/unifsa.com.br\/site\/wp-content\/uploads\/2026\/09\/Prouni-Lista-de-Espera-2026.2.webp\" \/>\n\t<meta property=\"og:image:width\" content=\"1920\" \/>\n\t<meta property=\"og:image:height\" content=\"805\" \/>\n\t<meta property=\"og:image:type\" content=\"image\/webp\" \/>\n<meta name=\"author\" content=\"Oceannyra Kelly da Cruz Silva\" \/>\n<meta name=\"twitter:card\" content=\"summary_large_image\" \/>\n<meta name=\"twitter:label1\" content=\"Escrito por\" \/>\n\t<meta name=\"twitter:data1\" content=\"Oceannyra Kelly da Cruz Silva\" \/>\n\t<meta name=\"twitter:label2\" content=\"Est. tempo de leitura\" \/>\n\t<meta name=\"twitter:data2\" content=\"3 minutos\" \/>\n<script type=\"application\/ld+json\" class=\"yoast-schema-graph\">{\"@context\":\"https:\\\/\\\/schema.org\",\"@graph\":[{\"@type\":\"Article\",\"@id\":\"https:\\\/\\\/unifsa.com.br\\\/site\\\/atencao-para-a-lista-de-espera-do-prouni-2026-2\\\/#article\",\"isPartOf\":{\"@id\":\"https:\\\/\\\/unifsa.com.br\\\/site\\\/atencao-para-a-lista-de-espera-do-prouni-2026-2\\\/\"},\"author\":{\"name\":\"Oceannyra Kelly da Cruz Silva\",\"@id\":\"https:\\\/\\\/unifsa.com.br\\\/site\\\/#\\\/schema\\\/person\\\/a4cec94bbc6ddf98f579162824de9bf2\"},\"headline\":\"Aten\u00e7\u00e3o para a Lista de Espera do PROUNI 2026.2\",\"datePublished\":\"2026-09-01T21:29:42+00:00\",\"dateModified\":\"2026-09-01T21:30:27+00:00\",\"mainEntityOfPage\":{\"@id\":\"https:\\\/\\\/unifsa.com.br\\\/site\\\/atencao-para-a-lista-de-espera-do-prouni-2026-2\\\/\"},\"wordCount\":546,\"publisher\":{\"@id\":\"https:\\\/\\\/unifsa.com.br\\\/site\\\/#organization\"},\"image\":{\"@id\":\"https:\\\/\\\/unifsa.com.br\\\/site\\\/atencao-para-a-lista-de-espera-do-prouni-2026-2\\\/#primaryimage\"},\"thumbnailUrl\":\"https:\\\/\\\/unifsa.com.br\\\/site\\\/wp-content\\\/uploads\\\/2026\\\/09\\\/Prouni-Lista-de-Espera-2026.2.webp\",\"articleSection\":[\"Acontece na UNIFSA\",\"PROUNI\"],\"inLanguage\":\"pt-BR\"},{\"@type\":\"WebPage\",\"@id\":\"https:\\\/\\\/unifsa.com.br\\\/site\\\/atencao-para-a-lista-de-espera-do-prouni-2026-2\\\/\",\"url\":\"https:\\\/\\\/unifsa.com.br\\\/site\\\/atencao-para-a-lista-de-espera-do-prouni-2026-2\\\/\",\"name\":\"Aten\u00e7\u00e3o para a Lista de Espera do PROUNI 2026.2 - Centro Universit\u00e1rio Santo Agostinho - UNIFSA\",\"isPartOf\":{\"@id\":\"https:\\\/\\\/unifsa.com.br\\\/site\\\/#website\"},\"primaryImageOfPage\":{\"@id\":\"https:\\\/\\\/unifsa.com.br\\\/site\\\/atencao-para-a-lista-de-espera-do-prouni-2026-2\\\/#primaryimage\"},\"image\":{\"@id\":\"https:\\\/\\\/unifsa.com.br\\\/site\\\/atencao-para-a-lista-de-espera-do-prouni-2026-2\\\/#primaryimage\"},\"thumbnailUrl\":\"https:\\\/\\\/unifsa.com.br\\\/site\\\/wp-content\\\/uploads\\\/2026\\\/09\\\/Prouni-Lista-de-Espera-2026.2.webp\",\"datePublished\":\"2026-09-01T21:29:42+00:00\",\"dateModified\":\"2026-09-01T21:30:27+00:00\",\"breadcrumb\":{\"@id\":\"https:\\\/\\\/unifsa.com.br\\\/site\\\/atencao-para-a-lista-de-espera-do-prouni-2026-2\\\/#breadcrumb\"},\"inLanguage\":\"pt-BR\",\"potentialAction\":[{\"@type\":\"ReadAction\",\"target\":[\"https:\\\/\\\/unifsa.com.br\\\/site\\\/atencao-para-a-lista-de-espera-do-prouni-2026-2\\\/\"]}]},{\"@type\":\"ImageObject\",\"inLanguage\":\"pt-BR\",\"@id\":\"https:\\\/\\\/unifsa.com.br\\\/site\\\/atencao-para-a-lista-de-espera-do-prouni-2026-2\\\/#primaryimage\",\"url\":\"https:\\\/\\\/unifsa.com.br\\\/site\\\/wp-content\\\/uploads\\\/2026\\\/09\\\/Prouni-Lista-de-Espera-2026.2.webp\",\"contentUrl\":\"https:\\\/\\\/unifsa.com.br\\\/site\\\/wp-content\\\/uploads\\\/2026\\\/09\\\/Prouni-Lista-de-Espera-2026.2.webp\",\"width\":1920,\"height\":805},{\"@type\":\"BreadcrumbList\",\"@id\":\"https:\\\/\\\/unifsa.com.br\\\/site\\\/atencao-para-a-lista-de-espera-do-prouni-2026-2\\\/#breadcrumb\",\"itemListElement\":[{\"@type\":\"ListItem\",\"position\":1,\"name\":\"In\u00edcio\",\"item\":\"https:\\\/\\\/unifsa.com.br\\\/site\\\/\"},{\"@type\":\"ListItem\",\"position\":2,\"name\":\"Aten\u00e7\u00e3o para a Lista de Espera do PROUNI 2026.2\"}]},{\"@type\":\"WebSite\",\"@id\":\"https:\\\/\\\/unifsa.com.br\\\/site\\\/#website\",\"url\":\"https:\\\/\\\/unifsa.com.br\\\/site\\\/\",\"name\":\"Centro Universit\u00e1rio Santo Agostinho - UNIFSA\",\"description\":\"Conhecimento para toda a vida\",\"publisher\":{\"@id\":\"https:\\\/\\\/unifsa.com.br\\\/site\\\/#organization\"},\"potentialAction\":[{\"@type\":\"SearchAction\",\"target\":{\"@type\":\"EntryPoint\",\"urlTemplate\":\"https:\\\/\\\/unifsa.com.br\\\/site\\\/?s={search_term_string}\"},\"query-input\":{\"@type\":\"PropertyValueSpecification\",\"valueRequired\":true,\"valueName\":\"search_term_string\"}}],\"inLanguage\":\"pt-BR\"},{\"@type\":\"Organization\",\"@id\":\"https:\\\/\\\/unifsa.com.br\\\/site\\\/#organization\",\"name\":\"Centro Universit\u00e1rio Santo Agostinho - UNIFSA\",\"url\":\"https:\\\/\\\/unifsa.com.br\\\/site\\\/\",\"logo\":{\"@type\":\"ImageObject\",\"inLanguage\":\"pt-BR\",\"@id\":\"https:\\\/\\\/unifsa.com.br\\\/site\\\/#\\\/schema\\\/logo\\\/image\\\/\",\"url\":\"https:\\\/\\\/unifsa.com.br\\\/site\\\/wp-content\\\/uploads\\\/2023\\\/03\\\/MARCA-UNIFSA-CIC23-q2apjs1mt975cf1wl25b044coj90fwoiee1kya6800.png\",\"contentUrl\":\"https:\\\/\\\/unifsa.com.br\\\/site\\\/wp-content\\\/uploads\\\/2023\\\/03\\\/MARCA-UNIFSA-CIC23-q2apjs1mt975cf1wl25b044coj90fwoiee1kya6800.png\",\"width\":103,\"height\":100,\"caption\":\"Centro Universit\u00e1rio Santo Agostinho - UNIFSA\"},\"image\":{\"@id\":\"https:\\\/\\\/unifsa.com.br\\\/site\\\/#\\\/schema\\\/logo\\\/image\\\/\"},\"sameAs\":[\"https:\\\/\\\/www.facebook.com\\\/unifsa\\\/\",\"https:\\\/\\\/www.instagram.com\\\/unifsa\\\/\"]},{\"@type\":\"Person\",\"@id\":\"https:\\\/\\\/unifsa.com.br\\\/site\\\/#\\\/schema\\\/person\\\/a4cec94bbc6ddf98f579162824de9bf2\",\"name\":\"Oceannyra Kelly da Cruz Silva\",\"image\":{\"@type\":\"ImageObject\",\"inLanguage\":\"pt-BR\",\"@id\":\"https:\\\/\\\/secure.gravatar.com\\\/avatar\\\/05c87cd6fa2c3c73262055bd9341438a47e77a37053b409b3cf4f8df60ea8eb8?s=96&d=mm&r=g\",\"url\":\"https:\\\/\\\/secure.gravatar.com\\\/avatar\\\/05c87cd6fa2c3c73262055bd9341438a47e77a37053b409b3cf4f8df60ea8eb8?s=96&d=mm&r=g\",\"contentUrl\":\"https:\\\/\\\/secure.gravatar.com\\\/avatar\\\/05c87cd6fa2c3c73262055bd9341438a47e77a37053b409b3cf4f8df60ea8eb8?s=96&d=mm&r=g\",\"caption\":\"Oceannyra Kelly da Cruz Silva\"},\"url\":\"https:\\\/\\\/unifsa.com.br\\\/site\\\/author\\\/oceannyrakelly\\\/\"}]}<\/script>\n<!-- \/ Yoast SEO plugin. -->","yoast_head_json":{"title":"Aten\u00e7\u00e3o para a Lista de Espera do PROUNI 2026.2 - Centro Universit\u00e1rio Santo Agostinho - UNIFSA","robots":{"index":"index","follow":"follow","max-snippet":"max-snippet:-1","max-image-preview":"max-image-preview:large","max-video-preview":"max-video-preview:-1"},"canonical":"https:\/\/unifsa.com.br\/site\/atencao-para-a-lista-de-espera-do-prouni-2026-2\/","og_locale":"pt_BR","og_type":"article","og_title":"Aten\u00e7\u00e3o para a Lista de Espera do PROUNI 2026.2 - Centro Universit\u00e1rio Santo Agostinho - UNIFSA","og_description":"O Centro Universit\u00e1rio Santo Agostinho informa que o prazo para envio dos documentos para comprova\u00e7\u00e3o das informa\u00e7\u00f5es, pelos estudantes classificados na Lista de Espera do Programa Universidade Para Todos (PROUNI) 2026.2, ser\u00e1 de 1\u00b0 a 14 de setembro de 2026. ATEN\u00c7\u00c3O: N\u00c3O NOS RESPONSABILIZAMOS POR INSCRI\u00c7\u00d5ES SEM DOCUMENTA\u00c7\u00c3O OU ENVIO DE DOCUMENTOS INCORRETOS (FORA DAS","og_url":"https:\/\/unifsa.com.br\/site\/atencao-para-a-lista-de-espera-do-prouni-2026-2\/","og_site_name":"Centro Universit\u00e1rio Santo Agostinho - UNIFSA","article_publisher":"https:\/\/www.facebook.com\/unifsa\/","article_published_time":"2026-09-01T21:29:42+00:00","article_modified_time":"2026-09-01T21:30:27+00:00","og_image":[{"width":1920,"height":805,"url":"https:\/\/unifsa.com.br\/site\/wp-content\/uploads\/2026\/09\/Prouni-Lista-de-Espera-2026.2.webp","type":"image\/webp"}],"author":"Oceannyra Kelly da Cruz Silva","twitter_card":"summary_large_image","twitter_misc":{"Escrito por":"Oceannyra Kelly da Cruz Silva","Est. tempo de leitura":"3 minutos"},"schema":{"@context":"https:\/\/schema.org","@graph":[{"@type":"Article","@id":"https:\/\/unifsa.com.br\/site\/atencao-para-a-lista-de-espera-do-prouni-2026-2\/#article","isPartOf":{"@id":"https:\/\/unifsa.com.br\/site\/atencao-para-a-lista-de-espera-do-prouni-2026-2\/"},"author":{"name":"Oceannyra Kelly da Cruz Silva","@id":"https:\/\/unifsa.com.br\/site\/#\/schema\/person\/a4cec94bbc6ddf98f579162824de9bf2"},"headline":"Aten\u00e7\u00e3o para a Lista de Espera do PROUNI 2026.2","datePublished":"2026-09-01T21:29:42+00:00","dateModified":"2026-09-01T21:30:27+00:00","mainEntityOfPage":{"@id":"https:\/\/unifsa.com.br\/site\/atencao-para-a-lista-de-espera-do-prouni-2026-2\/"},"wordCount":546,"publisher":{"@id":"https:\/\/unifsa.com.br\/site\/#organization"},"image":{"@id":"https:\/\/unifsa.com.br\/site\/atencao-para-a-lista-de-espera-do-prouni-2026-2\/#primaryimage"},"thumbnailUrl":"https:\/\/unifsa.com.br\/site\/wp-content\/uploads\/2026\/09\/Prouni-Lista-de-Espera-2026.2.webp","articleSection":["Acontece na UNIFSA","PROUNI"],"inLanguage":"pt-BR"},{"@type":"WebPage","@id":"https:\/\/unifsa.com.br\/site\/atencao-para-a-lista-de-espera-do-prouni-2026-2\/","url":"https:\/\/unifsa.com.br\/site\/atencao-para-a-lista-de-espera-do-prouni-2026-2\/","name":"Aten\u00e7\u00e3o para a Lista de Espera do PROUNI 2026.2 - Centro Universit\u00e1rio Santo Agostinho - UNIFSA","isPartOf":{"@id":"https:\/\/unifsa.com.br\/site\/#website"},"primaryImageOfPage":{"@id":"https:\/\/unifsa.com.br\/site\/atencao-para-a-lista-de-espera-do-prouni-2026-2\/#primaryimage"},"image":{"@id":"https:\/\/unifsa.com.br\/site\/atencao-para-a-lista-de-espera-do-prouni-2026-2\/#primaryimage"},"thumbnailUrl":"https:\/\/unifsa.com.br\/site\/wp-content\/uploads\/2026\/09\/Prouni-Lista-de-Espera-2026.2.webp","datePublished":"2026-09-01T21:29:42+00:00","dateModified":"2026-09-01T21:30:27+00:00","breadcrumb":{"@id":"https:\/\/unifsa.com.br\/site\/atencao-para-a-lista-de-espera-do-prouni-2026-2\/#breadcrumb"},"inLanguage":"pt-BR","potentialAction":[{"@type":"ReadAction","target":["https:\/\/unifsa.com.br\/site\/atencao-para-a-lista-de-espera-do-prouni-2026-2\/"]}]},{"@type":"ImageObject","inLanguage":"pt-BR","@id":"https:\/\/unifsa.com.br\/site\/atencao-para-a-lista-de-espera-do-prouni-2026-2\/#primaryimage","url":"https:\/\/unifsa.com.br\/site\/wp-content\/uploads\/2026\/09\/Prouni-Lista-de-Espera-2026.2.webp","contentUrl":"https:\/\/unifsa.com.br\/site\/wp-content\/uploads\/2026\/09\/Prouni-Lista-de-Espera-2026.2.webp","width":1920,"height":805},{"@type":"BreadcrumbList","@id":"https:\/\/unifsa.com.br\/site\/atencao-para-a-lista-de-espera-do-prouni-2026-2\/#breadcrumb","itemListElement":[{"@type":"ListItem","position":1,"name":"In\u00edcio","item":"https:\/\/unifsa.com.br\/site\/"},{"@type":"ListItem","position":2,"name":"Aten\u00e7\u00e3o para a Lista de Espera do PROUNI 2026.2"}]},{"@type":"WebSite","@id":"https:\/\/unifsa.com.br\/site\/#website","url":"https:\/\/unifsa.com.br\/site\/","name":"Centro Universit\u00e1rio Santo Agostinho - UNIFSA","description":"Conhecimento para toda a vida","publisher":{"@id":"https:\/\/unifsa.com.br\/site\/#organization"},"potentialAction":[{"@type":"SearchAction","target":{"@type":"EntryPoint","urlTemplate":"https:\/\/unifsa.com.br\/site\/?s={search_term_string}"},"query-input":{"@type":"PropertyValueSpecification","valueRequired":true,"valueName":"search_term_string"}}],"inLanguage":"pt-BR"},{"@type":"Organization","@id":"https:\/\/unifsa.com.br\/site\/#organization","name":"Centro Universit\u00e1rio Santo Agostinho - UNIFSA","url":"https:\/\/unifsa.com.br\/site\/","logo":{"@type":"ImageObject","inLanguage":"pt-BR","@id":"https:\/\/unifsa.com.br\/site\/#\/schema\/logo\/image\/","url":"https:\/\/unifsa.com.br\/site\/wp-content\/uploads\/2023\/03\/MARCA-UNIFSA-CIC23-q2apjs1mt975cf1wl25b044coj90fwoiee1kya6800.png","contentUrl":"https:\/\/unifsa.com.br\/site\/wp-content\/uploads\/2023\/03\/MARCA-UNIFSA-CIC23-q2apjs1mt975cf1wl25b044coj90fwoiee1kya6800.png","width":103,"height":100,"caption":"Centro Universit\u00e1rio Santo Agostinho - UNIFSA"},"image":{"@id":"https:\/\/unifsa.com.br\/site\/#\/schema\/logo\/image\/"},"sameAs":["https:\/\/www.facebook.com\/unifsa\/","https:\/\/www.instagram.com\/unifsa\/"]},{"@type":"Person","@id":"https:\/\/unifsa.com.br\/site\/#\/schema\/person\/a4cec94bbc6ddf98f579162824de9bf2","name":"Oceannyra Kelly da Cruz Silva","image":{"@type":"ImageObject","inLanguage":"pt-BR","@id":"https:\/\/secure.gravatar.com\/avatar\/05c87cd6fa2c3c73262055bd9341438a47e77a37053b409b3cf4f8df60ea8eb8?s=96&d=mm&r=g","url":"https:\/\/secure.gravatar.com\/avatar\/05c87cd6fa2c3c73262055bd9341438a47e77a37053b409b3cf4f8df60ea8eb8?s=96&d=mm&r=g","contentUrl":"https:\/\/secure.gravatar.com\/avatar\/05c87cd6fa2c3c73262055bd9341438a47e77a37053b409b3cf4f8df60ea8eb8?s=96&d=mm&r=g","caption":"Oceannyra Kelly da Cruz Silva"},"url":"https:\/\/unifsa.com.br\/site\/author\/oceannyrakelly\/"}]}},"_links":{"self":[{"href":"https:\/\/unifsa.com.br\/site\/wp-json\/wp\/v2\/posts\/47111","targetHints":{"allow":["GET"]}}],"collection":[{"href":"https:\/\/unifsa.com.br\/site\/wp-json\/wp\/v2\/posts"}],"about":[{"href":"https:\/\/unifsa.com.br\/site\/wp-json\/wp\/v2\/types\/post"}],"author":[{"embeddable":true,"href":"https:\/\/unifsa.com.br\/site\/wp-json\/wp\/v2\/users\/11"}],"replies":[{"embeddable":true,"href":"https:\/\/unifsa.com.br\/site\/wp-json\/wp\/v2\/comments?post=47111"}],"version-history":[{"count":12,"href":"https:\/\/unifsa.com.br\/site\/wp-json\/wp\/v2\/posts\/47111\/revisions"}],"predecessor-version":[{"id":47143,"href":"https:\/\/unifsa.com.br\/site\/wp-json\/wp\/v2\/posts\/47111\/revisions\/47143"}],"wp:featuredmedia":[{"embeddable":true,"href":"https:\/\/unifsa.com.br\/site\/wp-json\/wp\/v2\/media\/47140"}],"wp:attachment":[{"href":"https:\/\/unifsa.com.br\/site\/wp-json\/wp\/v2\/media?parent=47111"}],"wp:term":[{"taxonomy":"category","embeddable":true,"href":"https:\/\/unifsa.com.br\/site\/wp-json\/wp\/v2\/categories?post=47111"},{"taxonomy":"post_tag","embeddable":true,"href":"https:\/\/unifsa.com.br\/site\/wp-json\/wp\/v2\/tags?post=47111"}],"curies":[{"name":"wp","href":"https:\/\/api.w.org\/{rel}","templated":true}]}}