{"id":44917,"date":"2026-04-30T16:19:23","date_gmt":"2026-04-30T19:19:23","guid":{"rendered":"https:\/\/unifsa.com.br\/site\/?p=44917"},"modified":"2026-04-30T16:22:50","modified_gmt":"2026-04-30T19:22:50","slug":"vi-jornada-academica-de-odontologia-abre-prazo-para-submissao-de-trabalhos-cientificos-2","status":"publish","type":"post","link":"https:\/\/unifsa.com.br\/site\/vi-jornada-academica-de-odontologia-abre-prazo-para-submissao-de-trabalhos-cientificos-2\/","title":{"rendered":"VI Jornada Acad\u00eamica de Odontologia abre prazo para submiss\u00e3o de trabalhos cient\u00edficos"},"content":{"rendered":"\n<p class=\"texto-justificado\">A VI Jornada Acad\u00eamica de Odontologia do Centro Universit\u00e1rio Santo Agostinho, que acontecer\u00e1 nos dias 10 e 11 de junho, abriu <strong>prazo para a submiss\u00e3o de trabalhos cient\u00edficos. O per\u00edodo vai at\u00e9 dia 17 de maio<\/strong>, com inscri\u00e7\u00f5es via plataforma Doity. Poder\u00e3o submeter trabalhos todos os interessados que estejam inscritos no evento.<\/p>\n\n\n\n<p><\/p>\n\n\n\n<div class=\"wp-block-buttons is-content-justification-center is-layout-flex wp-container-core-buttons-is-layout-16018d1d wp-block-buttons-is-layout-flex\">\n<div class=\"wp-block-button\"><a class=\"wp-block-button__link has-white-color has-vivid-cyan-blue-background-color has-text-color has-background has-link-color wp-element-button\" href=\"https:\/\/doity.com.br\/vi-jornada-academica-do-unifsa\/artigos\">Inscreva seu trabalho cient\u00edfico<\/a><\/div>\n<\/div>\n\n\n\n<div style=\"height:23px\" aria-hidden=\"true\" class=\"wp-block-spacer\"><\/div>\n\n\n\n<p class=\"texto-justificado\">A partir do momento de submiss\u00e3o dos trabalhos os autores dever\u00e3o ficar atentos aos emails pessoais (caixa de spam e lixo eletr\u00f4nico) para visualizarem seus resultados. Os trabalhos aceitos receber\u00e3o notifica\u00e7\u00e3o via e-mail, at\u00e9 o dia 1 de junho de 2026. As datas e hor\u00e1rios de apresenta\u00e7\u00e3o ser\u00e3o divulgadas posteriormente no Instagram da VI JAO UNIFSA, bem como as regras de apresenta\u00e7\u00e3o e modelo para formata\u00e7\u00e3o dos trabalhos.<\/p>\n\n\n\n<p class=\"texto-justificado\"><\/p>\n\n\n\n<h3 class=\"wp-block-heading has-vivid-cyan-blue-color has-text-color\">Confira o cronograma abaixo:<\/h3>\n\n\n\n<figure class=\"wp-block-table\"><table><tbody><tr><td>Submiss\u00e3o de Trabalhos Cient\u00edficos<\/td><td>1\/5 a 17\/5\/2026<\/td><\/tr><tr><td>Per\u00edodo de Avalia\u00e7\u00e3o<\/td><td>22\/5 a 31\/5\/2026<\/td><\/tr><tr><td>Divulga\u00e7\u00e3o do Resultado Final<\/td><td>1\/6\/2026<\/td><\/tr><tr><td>Realiza\u00e7\u00e3o da VI JAO<\/td><td>10 e 11\/6\/2026<\/td><\/tr><\/tbody><\/table><\/figure>\n\n\n\n<h2 class=\"wp-block-heading has-vivid-cyan-blue-color has-text-color\">VI Jornada Acad\u00eamica de Odontologia<\/h2>\n\n\n\n<p class=\"texto-justificado\">O curso de Odontologia do Centro Universit\u00e1rio Santo Agostinho realizar\u00e1 a<strong> VI Jornada Acad\u00eamica de Odontologia do UNIFSA<\/strong>, que acontecer\u00e1 nos dias 10 e 11 de junho, no pr\u00e9dio Anexo II da Institui\u00e7\u00e3o. O evento possuir\u00e1 certifica\u00e7\u00e3o de 20h, e tem como p\u00fablico alvo acad\u00eamicos do curso de Odontologia e Cirurgi\u00f5es-dentistas.<\/p>\n\n\n\n<p class=\"texto-justificado\">A IV JAO tem o objetivo de reunir diferentes p\u00fablicos em torno do conhecimento cient\u00edfico, incentivando a troca de experi\u00eancias e o contato com pr\u00e1ticas e discuss\u00f5es atuais da Odontologia. A jornada se firma como uma oportunidade relevante para quem busca se atualizar e ampliar sua vis\u00e3o sobre o mercado e as tend\u00eancias da \u00e1rea..<\/p>\n\n\n\n<div class=\"wp-block-buttons is-content-justification-center is-layout-flex wp-container-core-buttons-is-layout-16018d1d wp-block-buttons-is-layout-flex\">\n<div class=\"wp-block-button\"><a class=\"wp-block-button__link has-white-color has-vivid-cyan-blue-background-color has-text-color has-background has-link-color wp-element-button\" href=\"https:\/\/doity.com.br\/vi-jornada-academica-do-unifsa\">Saiba mais sobre a VI JAO<\/a><\/div>\n<\/div>\n","protected":false},"excerpt":{"rendered":"<p>A VI Jornada Acad\u00eamica de Odontologia do Centro Universit\u00e1rio Santo Agostinho, que acontecer\u00e1 nos dias 10 e 11 de junho, abriu prazo para a submiss\u00e3o de trabalhos cient\u00edficos. O per\u00edodo vai at\u00e9 dia 17 de maio, com inscri\u00e7\u00f5es via plataforma Doity. Poder\u00e3o submeter trabalhos todos os interessados que estejam inscritos no evento. A partir do<\/p>\n","protected":false},"author":11,"featured_media":44919,"comment_status":"closed","ping_status":"open","sticky":false,"template":"","format":"standard","meta":{"_acf_changed":false,"footnotes":""},"categories":[63],"tags":[1740,764],"class_list":["post-44917","post","type-post","status-publish","format-standard","has-post-thumbnail","hentry","category-odontologia","tag-jao-unifsa","tag-submissao-de-trabalhos"],"acf":[],"yoast_head":"<!-- This site is optimized with the Yoast SEO plugin v26.5 - https:\/\/yoast.com\/wordpress\/plugins\/seo\/ -->\n<title>VI Jornada Acad\u00eamica de Odontologia abre prazo para submiss\u00e3o de trabalhos cient\u00edficos - Centro Universit\u00e1rio Santo Agostinho - UNIFSA<\/title>\n<meta name=\"robots\" content=\"index, follow, max-snippet:-1, max-image-preview:large, max-video-preview:-1\" \/>\n<link rel=\"canonical\" href=\"https:\/\/unifsa.com.br\/site\/vi-jornada-academica-de-odontologia-abre-prazo-para-submissao-de-trabalhos-cientificos-2\/\" \/>\n<meta property=\"og:locale\" content=\"pt_BR\" \/>\n<meta property=\"og:type\" content=\"article\" \/>\n<meta property=\"og:title\" content=\"VI Jornada Acad\u00eamica de Odontologia abre prazo para submiss\u00e3o de trabalhos cient\u00edficos - Centro Universit\u00e1rio Santo Agostinho - UNIFSA\" \/>\n<meta property=\"og:description\" content=\"A VI Jornada Acad\u00eamica de Odontologia do Centro Universit\u00e1rio Santo Agostinho, que acontecer\u00e1 nos dias 10 e 11 de junho, abriu prazo para a submiss\u00e3o de trabalhos cient\u00edficos. O per\u00edodo vai at\u00e9 dia 17 de maio, com inscri\u00e7\u00f5es via plataforma Doity. Poder\u00e3o submeter trabalhos todos os interessados que estejam inscritos no evento. A partir do\" \/>\n<meta property=\"og:url\" content=\"https:\/\/unifsa.com.br\/site\/vi-jornada-academica-de-odontologia-abre-prazo-para-submissao-de-trabalhos-cientificos-2\/\" \/>\n<meta property=\"og:site_name\" content=\"Centro Universit\u00e1rio Santo Agostinho - UNIFSA\" \/>\n<meta property=\"article:publisher\" content=\"https:\/\/www.facebook.com\/unifsa\/\" \/>\n<meta property=\"article:published_time\" content=\"2026-04-30T19:19:23+00:00\" \/>\n<meta property=\"article:modified_time\" content=\"2026-04-30T19:22:50+00:00\" \/>\n<meta property=\"og:image\" content=\"https:\/\/unifsa.com.br\/site\/wp-content\/uploads\/2026\/04\/SITE-48.webp\" \/>\n\t<meta property=\"og:image:width\" content=\"1920\" \/>\n\t<meta property=\"og:image:height\" content=\"805\" \/>\n\t<meta property=\"og:image:type\" content=\"image\/webp\" \/>\n<meta name=\"author\" content=\"Oceannyra Kelly da Cruz Silva\" \/>\n<meta name=\"twitter:card\" content=\"summary_large_image\" \/>\n<meta name=\"twitter:label1\" content=\"Escrito por\" \/>\n\t<meta name=\"twitter:data1\" content=\"Oceannyra Kelly da Cruz Silva\" \/>\n\t<meta name=\"twitter:label2\" content=\"Est. tempo de leitura\" \/>\n\t<meta name=\"twitter:data2\" content=\"2 minutos\" \/>\n<script type=\"application\/ld+json\" class=\"yoast-schema-graph\">{\"@context\":\"https:\/\/schema.org\",\"@graph\":[{\"@type\":\"Article\",\"@id\":\"https:\/\/unifsa.com.br\/site\/vi-jornada-academica-de-odontologia-abre-prazo-para-submissao-de-trabalhos-cientificos-2\/#article\",\"isPartOf\":{\"@id\":\"https:\/\/unifsa.com.br\/site\/vi-jornada-academica-de-odontologia-abre-prazo-para-submissao-de-trabalhos-cientificos-2\/\"},\"author\":{\"name\":\"Oceannyra Kelly da Cruz Silva\",\"@id\":\"https:\/\/unifsa.com.br\/site\/#\/schema\/person\/a4cec94bbc6ddf98f579162824de9bf2\"},\"headline\":\"VI Jornada Acad\u00eamica de Odontologia abre prazo para submiss\u00e3o de trabalhos cient\u00edficos\",\"datePublished\":\"2026-04-30T19:19:23+00:00\",\"dateModified\":\"2026-04-30T19:22:50+00:00\",\"mainEntityOfPage\":{\"@id\":\"https:\/\/unifsa.com.br\/site\/vi-jornada-academica-de-odontologia-abre-prazo-para-submissao-de-trabalhos-cientificos-2\/\"},\"wordCount\":311,\"publisher\":{\"@id\":\"https:\/\/unifsa.com.br\/site\/#organization\"},\"image\":{\"@id\":\"https:\/\/unifsa.com.br\/site\/vi-jornada-academica-de-odontologia-abre-prazo-para-submissao-de-trabalhos-cientificos-2\/#primaryimage\"},\"thumbnailUrl\":\"https:\/\/unifsa.com.br\/site\/wp-content\/uploads\/2026\/04\/SITE-48.webp\",\"keywords\":[\"JAO UNIFSA\",\"submiss\u00e3o de trabalhos\"],\"articleSection\":[\"Odontologia\"],\"inLanguage\":\"pt-BR\"},{\"@type\":\"WebPage\",\"@id\":\"https:\/\/unifsa.com.br\/site\/vi-jornada-academica-de-odontologia-abre-prazo-para-submissao-de-trabalhos-cientificos-2\/\",\"url\":\"https:\/\/unifsa.com.br\/site\/vi-jornada-academica-de-odontologia-abre-prazo-para-submissao-de-trabalhos-cientificos-2\/\",\"name\":\"VI Jornada Acad\u00eamica de Odontologia abre prazo para submiss\u00e3o de trabalhos cient\u00edficos - Centro Universit\u00e1rio Santo Agostinho - UNIFSA\",\"isPartOf\":{\"@id\":\"https:\/\/unifsa.com.br\/site\/#website\"},\"primaryImageOfPage\":{\"@id\":\"https:\/\/unifsa.com.br\/site\/vi-jornada-academica-de-odontologia-abre-prazo-para-submissao-de-trabalhos-cientificos-2\/#primaryimage\"},\"image\":{\"@id\":\"https:\/\/unifsa.com.br\/site\/vi-jornada-academica-de-odontologia-abre-prazo-para-submissao-de-trabalhos-cientificos-2\/#primaryimage\"},\"thumbnailUrl\":\"https:\/\/unifsa.com.br\/site\/wp-content\/uploads\/2026\/04\/SITE-48.webp\",\"datePublished\":\"2026-04-30T19:19:23+00:00\",\"dateModified\":\"2026-04-30T19:22:50+00:00\",\"breadcrumb\":{\"@id\":\"https:\/\/unifsa.com.br\/site\/vi-jornada-academica-de-odontologia-abre-prazo-para-submissao-de-trabalhos-cientificos-2\/#breadcrumb\"},\"inLanguage\":\"pt-BR\",\"potentialAction\":[{\"@type\":\"ReadAction\",\"target\":[\"https:\/\/unifsa.com.br\/site\/vi-jornada-academica-de-odontologia-abre-prazo-para-submissao-de-trabalhos-cientificos-2\/\"]}]},{\"@type\":\"ImageObject\",\"inLanguage\":\"pt-BR\",\"@id\":\"https:\/\/unifsa.com.br\/site\/vi-jornada-academica-de-odontologia-abre-prazo-para-submissao-de-trabalhos-cientificos-2\/#primaryimage\",\"url\":\"https:\/\/unifsa.com.br\/site\/wp-content\/uploads\/2026\/04\/SITE-48.webp\",\"contentUrl\":\"https:\/\/unifsa.com.br\/site\/wp-content\/uploads\/2026\/04\/SITE-48.webp\",\"width\":1920,\"height\":805},{\"@type\":\"BreadcrumbList\",\"@id\":\"https:\/\/unifsa.com.br\/site\/vi-jornada-academica-de-odontologia-abre-prazo-para-submissao-de-trabalhos-cientificos-2\/#breadcrumb\",\"itemListElement\":[{\"@type\":\"ListItem\",\"position\":1,\"name\":\"In\u00edcio\",\"item\":\"https:\/\/unifsa.com.br\/site\/\"},{\"@type\":\"ListItem\",\"position\":2,\"name\":\"VI Jornada Acad\u00eamica de Odontologia abre prazo para submiss\u00e3o de trabalhos cient\u00edficos\"}]},{\"@type\":\"WebSite\",\"@id\":\"https:\/\/unifsa.com.br\/site\/#website\",\"url\":\"https:\/\/unifsa.com.br\/site\/\",\"name\":\"Centro Universit\u00e1rio Santo Agostinho - UNIFSA\",\"description\":\"Conhecimento para toda a vida\",\"publisher\":{\"@id\":\"https:\/\/unifsa.com.br\/site\/#organization\"},\"potentialAction\":[{\"@type\":\"SearchAction\",\"target\":{\"@type\":\"EntryPoint\",\"urlTemplate\":\"https:\/\/unifsa.com.br\/site\/?s={search_term_string}\"},\"query-input\":{\"@type\":\"PropertyValueSpecification\",\"valueRequired\":true,\"valueName\":\"search_term_string\"}}],\"inLanguage\":\"pt-BR\"},{\"@type\":\"Organization\",\"@id\":\"https:\/\/unifsa.com.br\/site\/#organization\",\"name\":\"Centro Universit\u00e1rio Santo Agostinho - UNIFSA\",\"url\":\"https:\/\/unifsa.com.br\/site\/\",\"logo\":{\"@type\":\"ImageObject\",\"inLanguage\":\"pt-BR\",\"@id\":\"https:\/\/unifsa.com.br\/site\/#\/schema\/logo\/image\/\",\"url\":\"https:\/\/unifsa.com.br\/site\/wp-content\/uploads\/2023\/03\/MARCA-UNIFSA-CIC23-q2apjs1mt975cf1wl25b044coj90fwoiee1kya6800.png\",\"contentUrl\":\"https:\/\/unifsa.com.br\/site\/wp-content\/uploads\/2023\/03\/MARCA-UNIFSA-CIC23-q2apjs1mt975cf1wl25b044coj90fwoiee1kya6800.png\",\"width\":103,\"height\":100,\"caption\":\"Centro Universit\u00e1rio Santo Agostinho - UNIFSA\"},\"image\":{\"@id\":\"https:\/\/unifsa.com.br\/site\/#\/schema\/logo\/image\/\"},\"sameAs\":[\"https:\/\/www.facebook.com\/unifsa\/\",\"https:\/\/www.instagram.com\/unifsa\/\"]},{\"@type\":\"Person\",\"@id\":\"https:\/\/unifsa.com.br\/site\/#\/schema\/person\/a4cec94bbc6ddf98f579162824de9bf2\",\"name\":\"Oceannyra Kelly da Cruz Silva\",\"image\":{\"@type\":\"ImageObject\",\"inLanguage\":\"pt-BR\",\"@id\":\"https:\/\/unifsa.com.br\/site\/#\/schema\/person\/image\/\",\"url\":\"https:\/\/secure.gravatar.com\/avatar\/05c87cd6fa2c3c73262055bd9341438a47e77a37053b409b3cf4f8df60ea8eb8?s=96&d=mm&r=g\",\"contentUrl\":\"https:\/\/secure.gravatar.com\/avatar\/05c87cd6fa2c3c73262055bd9341438a47e77a37053b409b3cf4f8df60ea8eb8?s=96&d=mm&r=g\",\"caption\":\"Oceannyra Kelly da Cruz Silva\"},\"url\":\"https:\/\/unifsa.com.br\/site\/author\/oceannyrakelly\/\"}]}<\/script>\n<!-- \/ Yoast SEO plugin. -->","yoast_head_json":{"title":"VI Jornada Acad\u00eamica de Odontologia abre prazo para submiss\u00e3o de trabalhos cient\u00edficos - Centro Universit\u00e1rio Santo Agostinho - UNIFSA","robots":{"index":"index","follow":"follow","max-snippet":"max-snippet:-1","max-image-preview":"max-image-preview:large","max-video-preview":"max-video-preview:-1"},"canonical":"https:\/\/unifsa.com.br\/site\/vi-jornada-academica-de-odontologia-abre-prazo-para-submissao-de-trabalhos-cientificos-2\/","og_locale":"pt_BR","og_type":"article","og_title":"VI Jornada Acad\u00eamica de Odontologia abre prazo para submiss\u00e3o de trabalhos cient\u00edficos - Centro Universit\u00e1rio Santo Agostinho - UNIFSA","og_description":"A VI Jornada Acad\u00eamica de Odontologia do Centro Universit\u00e1rio Santo Agostinho, que acontecer\u00e1 nos dias 10 e 11 de junho, abriu prazo para a submiss\u00e3o de trabalhos cient\u00edficos. O per\u00edodo vai at\u00e9 dia 17 de maio, com inscri\u00e7\u00f5es via plataforma Doity. Poder\u00e3o submeter trabalhos todos os interessados que estejam inscritos no evento. A partir do","og_url":"https:\/\/unifsa.com.br\/site\/vi-jornada-academica-de-odontologia-abre-prazo-para-submissao-de-trabalhos-cientificos-2\/","og_site_name":"Centro Universit\u00e1rio Santo Agostinho - UNIFSA","article_publisher":"https:\/\/www.facebook.com\/unifsa\/","article_published_time":"2026-04-30T19:19:23+00:00","article_modified_time":"2026-04-30T19:22:50+00:00","og_image":[{"width":1920,"height":805,"url":"https:\/\/unifsa.com.br\/site\/wp-content\/uploads\/2026\/04\/SITE-48.webp","type":"image\/webp"}],"author":"Oceannyra Kelly da Cruz Silva","twitter_card":"summary_large_image","twitter_misc":{"Escrito por":"Oceannyra Kelly da Cruz Silva","Est. tempo de leitura":"2 minutos"},"schema":{"@context":"https:\/\/schema.org","@graph":[{"@type":"Article","@id":"https:\/\/unifsa.com.br\/site\/vi-jornada-academica-de-odontologia-abre-prazo-para-submissao-de-trabalhos-cientificos-2\/#article","isPartOf":{"@id":"https:\/\/unifsa.com.br\/site\/vi-jornada-academica-de-odontologia-abre-prazo-para-submissao-de-trabalhos-cientificos-2\/"},"author":{"name":"Oceannyra Kelly da Cruz Silva","@id":"https:\/\/unifsa.com.br\/site\/#\/schema\/person\/a4cec94bbc6ddf98f579162824de9bf2"},"headline":"VI Jornada Acad\u00eamica de Odontologia abre prazo para submiss\u00e3o de trabalhos cient\u00edficos","datePublished":"2026-04-30T19:19:23+00:00","dateModified":"2026-04-30T19:22:50+00:00","mainEntityOfPage":{"@id":"https:\/\/unifsa.com.br\/site\/vi-jornada-academica-de-odontologia-abre-prazo-para-submissao-de-trabalhos-cientificos-2\/"},"wordCount":311,"publisher":{"@id":"https:\/\/unifsa.com.br\/site\/#organization"},"image":{"@id":"https:\/\/unifsa.com.br\/site\/vi-jornada-academica-de-odontologia-abre-prazo-para-submissao-de-trabalhos-cientificos-2\/#primaryimage"},"thumbnailUrl":"https:\/\/unifsa.com.br\/site\/wp-content\/uploads\/2026\/04\/SITE-48.webp","keywords":["JAO UNIFSA","submiss\u00e3o de trabalhos"],"articleSection":["Odontologia"],"inLanguage":"pt-BR"},{"@type":"WebPage","@id":"https:\/\/unifsa.com.br\/site\/vi-jornada-academica-de-odontologia-abre-prazo-para-submissao-de-trabalhos-cientificos-2\/","url":"https:\/\/unifsa.com.br\/site\/vi-jornada-academica-de-odontologia-abre-prazo-para-submissao-de-trabalhos-cientificos-2\/","name":"VI Jornada Acad\u00eamica de Odontologia abre prazo para submiss\u00e3o de trabalhos cient\u00edficos - Centro Universit\u00e1rio Santo Agostinho - UNIFSA","isPartOf":{"@id":"https:\/\/unifsa.com.br\/site\/#website"},"primaryImageOfPage":{"@id":"https:\/\/unifsa.com.br\/site\/vi-jornada-academica-de-odontologia-abre-prazo-para-submissao-de-trabalhos-cientificos-2\/#primaryimage"},"image":{"@id":"https:\/\/unifsa.com.br\/site\/vi-jornada-academica-de-odontologia-abre-prazo-para-submissao-de-trabalhos-cientificos-2\/#primaryimage"},"thumbnailUrl":"https:\/\/unifsa.com.br\/site\/wp-content\/uploads\/2026\/04\/SITE-48.webp","datePublished":"2026-04-30T19:19:23+00:00","dateModified":"2026-04-30T19:22:50+00:00","breadcrumb":{"@id":"https:\/\/unifsa.com.br\/site\/vi-jornada-academica-de-odontologia-abre-prazo-para-submissao-de-trabalhos-cientificos-2\/#breadcrumb"},"inLanguage":"pt-BR","potentialAction":[{"@type":"ReadAction","target":["https:\/\/unifsa.com.br\/site\/vi-jornada-academica-de-odontologia-abre-prazo-para-submissao-de-trabalhos-cientificos-2\/"]}]},{"@type":"ImageObject","inLanguage":"pt-BR","@id":"https:\/\/unifsa.com.br\/site\/vi-jornada-academica-de-odontologia-abre-prazo-para-submissao-de-trabalhos-cientificos-2\/#primaryimage","url":"https:\/\/unifsa.com.br\/site\/wp-content\/uploads\/2026\/04\/SITE-48.webp","contentUrl":"https:\/\/unifsa.com.br\/site\/wp-content\/uploads\/2026\/04\/SITE-48.webp","width":1920,"height":805},{"@type":"BreadcrumbList","@id":"https:\/\/unifsa.com.br\/site\/vi-jornada-academica-de-odontologia-abre-prazo-para-submissao-de-trabalhos-cientificos-2\/#breadcrumb","itemListElement":[{"@type":"ListItem","position":1,"name":"In\u00edcio","item":"https:\/\/unifsa.com.br\/site\/"},{"@type":"ListItem","position":2,"name":"VI Jornada Acad\u00eamica de Odontologia abre prazo para submiss\u00e3o de trabalhos cient\u00edficos"}]},{"@type":"WebSite","@id":"https:\/\/unifsa.com.br\/site\/#website","url":"https:\/\/unifsa.com.br\/site\/","name":"Centro Universit\u00e1rio Santo Agostinho - UNIFSA","description":"Conhecimento para toda a vida","publisher":{"@id":"https:\/\/unifsa.com.br\/site\/#organization"},"potentialAction":[{"@type":"SearchAction","target":{"@type":"EntryPoint","urlTemplate":"https:\/\/unifsa.com.br\/site\/?s={search_term_string}"},"query-input":{"@type":"PropertyValueSpecification","valueRequired":true,"valueName":"search_term_string"}}],"inLanguage":"pt-BR"},{"@type":"Organization","@id":"https:\/\/unifsa.com.br\/site\/#organization","name":"Centro Universit\u00e1rio Santo Agostinho - UNIFSA","url":"https:\/\/unifsa.com.br\/site\/","logo":{"@type":"ImageObject","inLanguage":"pt-BR","@id":"https:\/\/unifsa.com.br\/site\/#\/schema\/logo\/image\/","url":"https:\/\/unifsa.com.br\/site\/wp-content\/uploads\/2023\/03\/MARCA-UNIFSA-CIC23-q2apjs1mt975cf1wl25b044coj90fwoiee1kya6800.png","contentUrl":"https:\/\/unifsa.com.br\/site\/wp-content\/uploads\/2023\/03\/MARCA-UNIFSA-CIC23-q2apjs1mt975cf1wl25b044coj90fwoiee1kya6800.png","width":103,"height":100,"caption":"Centro Universit\u00e1rio Santo Agostinho - UNIFSA"},"image":{"@id":"https:\/\/unifsa.com.br\/site\/#\/schema\/logo\/image\/"},"sameAs":["https:\/\/www.facebook.com\/unifsa\/","https:\/\/www.instagram.com\/unifsa\/"]},{"@type":"Person","@id":"https:\/\/unifsa.com.br\/site\/#\/schema\/person\/a4cec94bbc6ddf98f579162824de9bf2","name":"Oceannyra Kelly da Cruz Silva","image":{"@type":"ImageObject","inLanguage":"pt-BR","@id":"https:\/\/unifsa.com.br\/site\/#\/schema\/person\/image\/","url":"https:\/\/secure.gravatar.com\/avatar\/05c87cd6fa2c3c73262055bd9341438a47e77a37053b409b3cf4f8df60ea8eb8?s=96&d=mm&r=g","contentUrl":"https:\/\/secure.gravatar.com\/avatar\/05c87cd6fa2c3c73262055bd9341438a47e77a37053b409b3cf4f8df60ea8eb8?s=96&d=mm&r=g","caption":"Oceannyra Kelly da Cruz Silva"},"url":"https:\/\/unifsa.com.br\/site\/author\/oceannyrakelly\/"}]}},"_links":{"self":[{"href":"https:\/\/unifsa.com.br\/site\/wp-json\/wp\/v2\/posts\/44917","targetHints":{"allow":["GET"]}}],"collection":[{"href":"https:\/\/unifsa.com.br\/site\/wp-json\/wp\/v2\/posts"}],"about":[{"href":"https:\/\/unifsa.com.br\/site\/wp-json\/wp\/v2\/types\/post"}],"author":[{"embeddable":true,"href":"https:\/\/unifsa.com.br\/site\/wp-json\/wp\/v2\/users\/11"}],"replies":[{"embeddable":true,"href":"https:\/\/unifsa.com.br\/site\/wp-json\/wp\/v2\/comments?post=44917"}],"version-history":[{"count":2,"href":"https:\/\/unifsa.com.br\/site\/wp-json\/wp\/v2\/posts\/44917\/revisions"}],"predecessor-version":[{"id":44921,"href":"https:\/\/unifsa.com.br\/site\/wp-json\/wp\/v2\/posts\/44917\/revisions\/44921"}],"wp:featuredmedia":[{"embeddable":true,"href":"https:\/\/unifsa.com.br\/site\/wp-json\/wp\/v2\/media\/44919"}],"wp:attachment":[{"href":"https:\/\/unifsa.com.br\/site\/wp-json\/wp\/v2\/media?parent=44917"}],"wp:term":[{"taxonomy":"category","embeddable":true,"href":"https:\/\/unifsa.com.br\/site\/wp-json\/wp\/v2\/categories?post=44917"},{"taxonomy":"post_tag","embeddable":true,"href":"https:\/\/unifsa.com.br\/site\/wp-json\/wp\/v2\/tags?post=44917"}],"curies":[{"name":"wp","href":"https:\/\/api.w.org\/{rel}","templated":true}]}}