{"id":44090,"date":"2026-03-19T16:55:30","date_gmt":"2026-03-19T19:55:30","guid":{"rendered":"https:\/\/unifsa.com.br\/site\/?p=44090"},"modified":"2026-03-19T17:03:02","modified_gmt":"2026-03-19T20:03:02","slug":"conexao-com-o-mundo-debate-raca-genero-e-precarizacao-do-trabalho-dia-23-de-marco","status":"publish","type":"post","link":"https:\/\/unifsa.com.br\/site\/conexao-com-o-mundo-debate-raca-genero-e-precarizacao-do-trabalho-dia-23-de-marco\/","title":{"rendered":"Conex\u00e3o com o Mundo debate ra\u00e7a, g\u00eanero e precariza\u00e7\u00e3o do trabalho dia 23 de mar\u00e7o"},"content":{"rendered":"\n<p class=\"texto-justificado\">O Centro Universit\u00e1rio Santo Agostinho (UNIFSA) realiza, no dia 23 de mar\u00e7o, \u00e0s 14h, mais uma edi\u00e7\u00e3o do projeto <strong>\u201cConex\u00e3o com o Mundo\u201d<\/strong>, que acontecer\u00e1 em formato h\u00edbrido, com participa\u00e7\u00e3o presencial no Audit\u00f3rio da SEDE. A atividade \u00e9 promovida pelo NUAFRI, em parceria com os cursos de <strong>Direito<\/strong> e <strong>Educa\u00e7\u00e3o F\u00edsica<\/strong>, e traz como tema <strong>\u201cRa\u00e7a, G\u00eanero e Precariza\u00e7\u00e3o do Trabalho.\u201d<\/strong><\/p>\n\n\n\n<div style=\"height:20px\" aria-hidden=\"true\" class=\"wp-block-spacer\"><\/div>\n\n\n\n<div class=\"wp-block-button aligncenter\"><a class=\"wp-block-button__link has-white-color has-vivid-cyan-blue-background-color has-text-color has-background wp-element-button\" href=\"https:\/\/www.sympla.com.br\/evento-online\/conexao-com-o-mundo-raca-genero-e-precarizacao-do-trabalho\/3354234\" target=\"_blank\" rel=\"noreferrer noopener\"><strong>Inscreva-se<\/strong><\/a><\/div>\n\n\n\n<div style=\"height:20px\" aria-hidden=\"true\" class=\"wp-block-spacer\"><\/div>\n\n\n\n<p class=\"texto-justificado\">A palestra ser\u00e1 ministrada pela <strong>Profa. Ma. Renata Coutinho<\/strong>, que conduzir\u00e1 uma reflex\u00e3o cr\u00edtica sobre as desigualdades estruturais presentes nas rela\u00e7\u00f5es de trabalho contempor\u00e2neas, com foco nas intersec\u00e7\u00f5es entre ra\u00e7a e g\u00eanero. Durante o encontro, ser\u00e3o discutidos os impactos dessas desigualdades na precariza\u00e7\u00e3o das condi\u00e7\u00f5es laborais, bem como os desafios enfrentados por grupos historicamente vulnerabilizados no acesso e na perman\u00eancia no mercado de trabalho.<br><\/p>\n\n\n\n<p>A iniciativa busca ampliar o debate acad\u00eamico sobre temas sociais relevantes, promovendo uma forma\u00e7\u00e3o mais cr\u00edtica e consciente entre os estudantes, al\u00e9m de fortalecer o di\u00e1logo entre diferentes \u00e1reas do conhecimento. A proposta tamb\u00e9m refor\u00e7a o compromisso do UNIFSA com a promo\u00e7\u00e3o da equidade, da inclus\u00e3o e da reflex\u00e3o sobre quest\u00f5es que impactam diretamente a sociedade.<\/p>\n\n\n\n<div style=\"height:20px\" aria-hidden=\"true\" class=\"wp-block-spacer\"><\/div>\n\n\n\n<hr class=\"wp-block-separator has-css-opacity is-style-wide\"\/>\n\n\n<div class=\"wp-block-image is-style-rounded\">\n<figure class=\"alignleft size-full is-resized\"><img fetchpriority=\"high\" decoding=\"async\" width=\"1024\" height=\"1024\" src=\"https:\/\/unifsa.com.br\/site\/wp-content\/uploads\/2026\/03\/Renata-Coutinho_ROBERTA-MARA-ARAUJO.webp\" alt=\"\" class=\"wp-image-44091\" style=\"width:219px;height:auto\" srcset=\"https:\/\/unifsa.com.br\/site\/wp-content\/uploads\/2026\/03\/Renata-Coutinho_ROBERTA-MARA-ARAUJO.webp 1024w, https:\/\/unifsa.com.br\/site\/wp-content\/uploads\/2026\/03\/Renata-Coutinho_ROBERTA-MARA-ARAUJO-300x300.webp 300w, https:\/\/unifsa.com.br\/site\/wp-content\/uploads\/2026\/03\/Renata-Coutinho_ROBERTA-MARA-ARAUJO-150x150.webp 150w, https:\/\/unifsa.com.br\/site\/wp-content\/uploads\/2026\/03\/Renata-Coutinho_ROBERTA-MARA-ARAUJO-768x768.webp 768w, https:\/\/unifsa.com.br\/site\/wp-content\/uploads\/2026\/03\/Renata-Coutinho_ROBERTA-MARA-ARAUJO-230x230.webp 230w, https:\/\/unifsa.com.br\/site\/wp-content\/uploads\/2026\/03\/Renata-Coutinho_ROBERTA-MARA-ARAUJO-110x110.webp 110w\" sizes=\"(max-width: 1024px) 100vw, 1024px\" \/><\/figure>\n<\/div>\n\n\n<h4 class=\"wp-block-heading has-text-align-center has-vivid-cyan-blue-color has-text-color\"> Ma. Renata Coutinho<\/h4>\n\n\n\n<p>Doutoranda em <strong>Rela\u00e7\u00f5es de Trabalho e Desigualdades Sociais<\/strong> pela Faculdade de Economia da <strong>Universidade de Coimbra<\/strong>, em Portugal, \u00e9 <strong>mestra e especialista em Direito do Trabalho pela PUC-SP<\/strong> e atua como <strong>advogada<\/strong>. Sua trajet\u00f3ria acad\u00eamica e profissional \u00e9 marcada pela dedica\u00e7\u00e3o ao estudo das din\u00e2micas do trabalho contempor\u00e2neo, com \u00eanfase nas desigualdades sociais e nos direitos trabalhistas.<\/p>\n\n\n\n<p>\u2800<\/p>\n\n\n\n<p>\u2800<\/p>\n\n\n\n<h3 class=\"wp-block-heading has-text-align-left has-text-color has-link-color wp-elements-c70389dc15e05f8dddbe6b08e0ef531e\" style=\"color:#003757\"><strong>CONEX\u00c3O COM O MUNDO<\/strong><\/h3>\n\n\n\n<figure class=\"wp-block-image size-large\"><img decoding=\"async\" width=\"1024\" height=\"429\" src=\"https:\/\/unifsa.com.br\/site\/wp-content\/uploads\/2026\/03\/Conexao-com-o-Mundo-1024x429.webp\" alt=\"\" class=\"wp-image-44039\" srcset=\"https:\/\/unifsa.com.br\/site\/wp-content\/uploads\/2026\/03\/Conexao-com-o-Mundo-1024x429.webp 1024w, https:\/\/unifsa.com.br\/site\/wp-content\/uploads\/2026\/03\/Conexao-com-o-Mundo-300x126.webp 300w, https:\/\/unifsa.com.br\/site\/wp-content\/uploads\/2026\/03\/Conexao-com-o-Mundo-768x322.webp 768w, https:\/\/unifsa.com.br\/site\/wp-content\/uploads\/2026\/03\/Conexao-com-o-Mundo-1536x644.webp 1536w, https:\/\/unifsa.com.br\/site\/wp-content\/uploads\/2026\/03\/Conexao-com-o-Mundo.webp 1920w\" sizes=\"(max-width: 1024px) 100vw, 1024px\" \/><\/figure>\n\n\n\n<div style=\"height:20px\" aria-hidden=\"true\" class=\"wp-block-spacer\"><\/div>\n\n\n\n<p class=\"texto-justificado\">\u00c9 um ciclo de palestras, conversas e debates com estrangeiros e\/ou brasileiros vinculados a institui\u00e7\u00f5es de pesquisa e\/ou ensino do exterior, sendo uma iniciativa do N\u00facleo de Rela\u00e7\u00f5es Internacionais em parceria com outros setores e inst\u00e2ncias do Centro Universit\u00e1rio Santo Agostinho (UNIFSA) para trazer de modo pr\u00e1tico e real o mundo acad\u00eamico e cient\u00edfico para dentro do UNIFSA por meio da tecnologia de informa\u00e7\u00e3o e comunica\u00e7\u00e3o.&nbsp;<\/p>\n\n\n\n<p class=\"texto-justificado\">A cada semestre ser\u00e1 desenvolvido um ciclo com quatro atividades (palestras, conversas e\/ou debates) com estrangeiros e\/ou brasileiros vinculados a institui\u00e7\u00f5es de pesquisa e\/ou ensino do exterior, al\u00e9m de fomentar a participa\u00e7\u00e3o de docentes e discentes do UNIFSA em eventos acad\u00eamicos internacionais, promovidos pela institui\u00e7\u00e3o bem como tamb\u00e9m por outras.<\/p>\n","protected":false},"excerpt":{"rendered":"<p>O Centro Universit\u00e1rio Santo Agostinho (UNIFSA) realiza, no dia 23 de mar\u00e7o, \u00e0s 14h, mais uma edi\u00e7\u00e3o do projeto \u201cConex\u00e3o com o Mundo\u201d, que acontecer\u00e1 em formato h\u00edbrido, com participa\u00e7\u00e3o presencial no Audit\u00f3rio da SEDE. A atividade \u00e9 promovida pelo NUAFRI, em parceria com os cursos de Direito e Educa\u00e7\u00e3o F\u00edsica, e traz como tema<\/p>\n","protected":false},"author":12,"featured_media":44094,"comment_status":"closed","ping_status":"open","sticky":false,"template":"","format":"standard","meta":{"_acf_changed":false,"footnotes":""},"categories":[6,53,1,72,1510,733],"tags":[747,1669,331,110,734,711],"class_list":["post-44090","post","type-post","status-publish","format-standard","has-post-thumbnail","hentry","category-acontece-na-unifsa","category-direito","category-educacao-fisica","category-extensao","category-nuafri","category-nucleo-de-relacoes-internacionais","tag-conexao-com-o-mundo","tag-doutorado-no-exterior","tag-evento","tag-extensao","tag-nri","tag-nucleo-de-relacoes-internacionais"],"acf":[],"yoast_head":"<!-- This site is optimized with the Yoast SEO plugin v26.5 - https:\/\/yoast.com\/wordpress\/plugins\/seo\/ -->\n<title>Conex\u00e3o com o Mundo debate ra\u00e7a, g\u00eanero e precariza\u00e7\u00e3o do trabalho dia 23 de mar\u00e7o - Centro Universit\u00e1rio Santo Agostinho - UNIFSA<\/title>\n<meta name=\"robots\" content=\"index, follow, max-snippet:-1, max-image-preview:large, max-video-preview:-1\" \/>\n<link rel=\"canonical\" href=\"https:\/\/unifsa.com.br\/site\/conexao-com-o-mundo-debate-raca-genero-e-precarizacao-do-trabalho-dia-23-de-marco\/\" \/>\n<meta property=\"og:locale\" content=\"pt_BR\" \/>\n<meta property=\"og:type\" content=\"article\" \/>\n<meta property=\"og:title\" content=\"Conex\u00e3o com o Mundo debate ra\u00e7a, g\u00eanero e precariza\u00e7\u00e3o do trabalho dia 23 de mar\u00e7o - Centro Universit\u00e1rio Santo Agostinho - UNIFSA\" \/>\n<meta property=\"og:description\" content=\"O Centro Universit\u00e1rio Santo Agostinho (UNIFSA) realiza, no dia 23 de mar\u00e7o, \u00e0s 14h, mais uma edi\u00e7\u00e3o do projeto \u201cConex\u00e3o com o Mundo\u201d, que acontecer\u00e1 em formato h\u00edbrido, com participa\u00e7\u00e3o presencial no Audit\u00f3rio da SEDE. A atividade \u00e9 promovida pelo NUAFRI, em parceria com os cursos de Direito e Educa\u00e7\u00e3o F\u00edsica, e traz como tema\" \/>\n<meta property=\"og:url\" content=\"https:\/\/unifsa.com.br\/site\/conexao-com-o-mundo-debate-raca-genero-e-precarizacao-do-trabalho-dia-23-de-marco\/\" \/>\n<meta property=\"og:site_name\" content=\"Centro Universit\u00e1rio Santo Agostinho - UNIFSA\" \/>\n<meta property=\"article:publisher\" content=\"https:\/\/www.facebook.com\/unifsa\/\" \/>\n<meta property=\"article:published_time\" content=\"2026-03-19T19:55:30+00:00\" \/>\n<meta property=\"article:modified_time\" content=\"2026-03-19T20:03:02+00:00\" \/>\n<meta property=\"og:image\" content=\"https:\/\/unifsa.com.br\/site\/wp-content\/uploads\/2026\/03\/SITE-18.webp\" \/>\n\t<meta property=\"og:image:width\" content=\"1920\" \/>\n\t<meta property=\"og:image:height\" content=\"805\" \/>\n\t<meta property=\"og:image:type\" content=\"image\/webp\" \/>\n<meta name=\"author\" content=\"Estev\u00e3o Leite Cordeiro de Souza\" \/>\n<meta name=\"twitter:card\" content=\"summary_large_image\" \/>\n<meta name=\"twitter:label1\" content=\"Escrito por\" \/>\n\t<meta name=\"twitter:data1\" content=\"Estev\u00e3o Leite Cordeiro de Souza\" \/>\n\t<meta name=\"twitter:label2\" content=\"Est. tempo de leitura\" \/>\n\t<meta name=\"twitter:data2\" content=\"3 minutos\" \/>\n<script type=\"application\/ld+json\" class=\"yoast-schema-graph\">{\"@context\":\"https:\/\/schema.org\",\"@graph\":[{\"@type\":\"Article\",\"@id\":\"https:\/\/unifsa.com.br\/site\/conexao-com-o-mundo-debate-raca-genero-e-precarizacao-do-trabalho-dia-23-de-marco\/#article\",\"isPartOf\":{\"@id\":\"https:\/\/unifsa.com.br\/site\/conexao-com-o-mundo-debate-raca-genero-e-precarizacao-do-trabalho-dia-23-de-marco\/\"},\"author\":{\"name\":\"Estev\u00e3o Leite Cordeiro de Souza\",\"@id\":\"https:\/\/unifsa.com.br\/site\/#\/schema\/person\/459d6944d25bd72102b031eb886c7cbf\"},\"headline\":\"Conex\u00e3o com o Mundo debate ra\u00e7a, g\u00eanero e precariza\u00e7\u00e3o do trabalho dia 23 de mar\u00e7o\",\"datePublished\":\"2026-03-19T19:55:30+00:00\",\"dateModified\":\"2026-03-19T20:03:02+00:00\",\"mainEntityOfPage\":{\"@id\":\"https:\/\/unifsa.com.br\/site\/conexao-com-o-mundo-debate-raca-genero-e-precarizacao-do-trabalho-dia-23-de-marco\/\"},\"wordCount\":439,\"publisher\":{\"@id\":\"https:\/\/unifsa.com.br\/site\/#organization\"},\"image\":{\"@id\":\"https:\/\/unifsa.com.br\/site\/conexao-com-o-mundo-debate-raca-genero-e-precarizacao-do-trabalho-dia-23-de-marco\/#primaryimage\"},\"thumbnailUrl\":\"https:\/\/unifsa.com.br\/site\/wp-content\/uploads\/2026\/03\/SITE-18.webp\",\"keywords\":[\"Conex\u00e3o com o Mundo\",\"Doutorado no exterior\",\"evento\",\"Extens\u00e3o\",\"NRI\",\"n\u00facleo de rela\u00e7\u00f5es internacionais\"],\"articleSection\":[\"Acontece na UNIFSA\",\"Direito\",\"Educa\u00e7\u00e3o F\u00edsica\",\"Extens\u00e3o\",\"NUAFRI\",\"N\u00facleo de Rela\u00e7\u00f5es Internacionais\"],\"inLanguage\":\"pt-BR\"},{\"@type\":\"WebPage\",\"@id\":\"https:\/\/unifsa.com.br\/site\/conexao-com-o-mundo-debate-raca-genero-e-precarizacao-do-trabalho-dia-23-de-marco\/\",\"url\":\"https:\/\/unifsa.com.br\/site\/conexao-com-o-mundo-debate-raca-genero-e-precarizacao-do-trabalho-dia-23-de-marco\/\",\"name\":\"Conex\u00e3o com o Mundo debate ra\u00e7a, g\u00eanero e precariza\u00e7\u00e3o do trabalho dia 23 de mar\u00e7o - Centro Universit\u00e1rio Santo Agostinho - UNIFSA\",\"isPartOf\":{\"@id\":\"https:\/\/unifsa.com.br\/site\/#website\"},\"primaryImageOfPage\":{\"@id\":\"https:\/\/unifsa.com.br\/site\/conexao-com-o-mundo-debate-raca-genero-e-precarizacao-do-trabalho-dia-23-de-marco\/#primaryimage\"},\"image\":{\"@id\":\"https:\/\/unifsa.com.br\/site\/conexao-com-o-mundo-debate-raca-genero-e-precarizacao-do-trabalho-dia-23-de-marco\/#primaryimage\"},\"thumbnailUrl\":\"https:\/\/unifsa.com.br\/site\/wp-content\/uploads\/2026\/03\/SITE-18.webp\",\"datePublished\":\"2026-03-19T19:55:30+00:00\",\"dateModified\":\"2026-03-19T20:03:02+00:00\",\"breadcrumb\":{\"@id\":\"https:\/\/unifsa.com.br\/site\/conexao-com-o-mundo-debate-raca-genero-e-precarizacao-do-trabalho-dia-23-de-marco\/#breadcrumb\"},\"inLanguage\":\"pt-BR\",\"potentialAction\":[{\"@type\":\"ReadAction\",\"target\":[\"https:\/\/unifsa.com.br\/site\/conexao-com-o-mundo-debate-raca-genero-e-precarizacao-do-trabalho-dia-23-de-marco\/\"]}]},{\"@type\":\"ImageObject\",\"inLanguage\":\"pt-BR\",\"@id\":\"https:\/\/unifsa.com.br\/site\/conexao-com-o-mundo-debate-raca-genero-e-precarizacao-do-trabalho-dia-23-de-marco\/#primaryimage\",\"url\":\"https:\/\/unifsa.com.br\/site\/wp-content\/uploads\/2026\/03\/SITE-18.webp\",\"contentUrl\":\"https:\/\/unifsa.com.br\/site\/wp-content\/uploads\/2026\/03\/SITE-18.webp\",\"width\":1920,\"height\":805},{\"@type\":\"BreadcrumbList\",\"@id\":\"https:\/\/unifsa.com.br\/site\/conexao-com-o-mundo-debate-raca-genero-e-precarizacao-do-trabalho-dia-23-de-marco\/#breadcrumb\",\"itemListElement\":[{\"@type\":\"ListItem\",\"position\":1,\"name\":\"In\u00edcio\",\"item\":\"https:\/\/unifsa.com.br\/site\/\"},{\"@type\":\"ListItem\",\"position\":2,\"name\":\"Conex\u00e3o com o Mundo debate ra\u00e7a, g\u00eanero e precariza\u00e7\u00e3o do trabalho dia 23 de mar\u00e7o\"}]},{\"@type\":\"WebSite\",\"@id\":\"https:\/\/unifsa.com.br\/site\/#website\",\"url\":\"https:\/\/unifsa.com.br\/site\/\",\"name\":\"Centro Universit\u00e1rio Santo Agostinho - UNIFSA\",\"description\":\"Conhecimento para toda a vida\",\"publisher\":{\"@id\":\"https:\/\/unifsa.com.br\/site\/#organization\"},\"potentialAction\":[{\"@type\":\"SearchAction\",\"target\":{\"@type\":\"EntryPoint\",\"urlTemplate\":\"https:\/\/unifsa.com.br\/site\/?s={search_term_string}\"},\"query-input\":{\"@type\":\"PropertyValueSpecification\",\"valueRequired\":true,\"valueName\":\"search_term_string\"}}],\"inLanguage\":\"pt-BR\"},{\"@type\":\"Organization\",\"@id\":\"https:\/\/unifsa.com.br\/site\/#organization\",\"name\":\"Centro Universit\u00e1rio Santo Agostinho - UNIFSA\",\"url\":\"https:\/\/unifsa.com.br\/site\/\",\"logo\":{\"@type\":\"ImageObject\",\"inLanguage\":\"pt-BR\",\"@id\":\"https:\/\/unifsa.com.br\/site\/#\/schema\/logo\/image\/\",\"url\":\"https:\/\/unifsa.com.br\/site\/wp-content\/uploads\/2023\/03\/MARCA-UNIFSA-CIC23-q2apjs1mt975cf1wl25b044coj90fwoiee1kya6800.png\",\"contentUrl\":\"https:\/\/unifsa.com.br\/site\/wp-content\/uploads\/2023\/03\/MARCA-UNIFSA-CIC23-q2apjs1mt975cf1wl25b044coj90fwoiee1kya6800.png\",\"width\":103,\"height\":100,\"caption\":\"Centro Universit\u00e1rio Santo Agostinho - UNIFSA\"},\"image\":{\"@id\":\"https:\/\/unifsa.com.br\/site\/#\/schema\/logo\/image\/\"},\"sameAs\":[\"https:\/\/www.facebook.com\/unifsa\/\",\"https:\/\/www.instagram.com\/unifsa\/\"]},{\"@type\":\"Person\",\"@id\":\"https:\/\/unifsa.com.br\/site\/#\/schema\/person\/459d6944d25bd72102b031eb886c7cbf\",\"name\":\"Estev\u00e3o Leite Cordeiro de Souza\",\"image\":{\"@type\":\"ImageObject\",\"inLanguage\":\"pt-BR\",\"@id\":\"https:\/\/unifsa.com.br\/site\/#\/schema\/person\/image\/\",\"url\":\"https:\/\/secure.gravatar.com\/avatar\/b381626173a0b440e86662336f5d92704de1b8100a4cb5a34d6466804eb5c336?s=96&d=mm&r=g\",\"contentUrl\":\"https:\/\/secure.gravatar.com\/avatar\/b381626173a0b440e86662336f5d92704de1b8100a4cb5a34d6466804eb5c336?s=96&d=mm&r=g\",\"caption\":\"Estev\u00e3o Leite Cordeiro de Souza\"},\"url\":\"https:\/\/unifsa.com.br\/site\/author\/estevaocordeiro\/\"}]}<\/script>\n<!-- \/ Yoast SEO plugin. -->","yoast_head_json":{"title":"Conex\u00e3o com o Mundo debate ra\u00e7a, g\u00eanero e precariza\u00e7\u00e3o do trabalho dia 23 de mar\u00e7o - Centro Universit\u00e1rio Santo Agostinho - UNIFSA","robots":{"index":"index","follow":"follow","max-snippet":"max-snippet:-1","max-image-preview":"max-image-preview:large","max-video-preview":"max-video-preview:-1"},"canonical":"https:\/\/unifsa.com.br\/site\/conexao-com-o-mundo-debate-raca-genero-e-precarizacao-do-trabalho-dia-23-de-marco\/","og_locale":"pt_BR","og_type":"article","og_title":"Conex\u00e3o com o Mundo debate ra\u00e7a, g\u00eanero e precariza\u00e7\u00e3o do trabalho dia 23 de mar\u00e7o - Centro Universit\u00e1rio Santo Agostinho - UNIFSA","og_description":"O Centro Universit\u00e1rio Santo Agostinho (UNIFSA) realiza, no dia 23 de mar\u00e7o, \u00e0s 14h, mais uma edi\u00e7\u00e3o do projeto \u201cConex\u00e3o com o Mundo\u201d, que acontecer\u00e1 em formato h\u00edbrido, com participa\u00e7\u00e3o presencial no Audit\u00f3rio da SEDE. A atividade \u00e9 promovida pelo NUAFRI, em parceria com os cursos de Direito e Educa\u00e7\u00e3o F\u00edsica, e traz como tema","og_url":"https:\/\/unifsa.com.br\/site\/conexao-com-o-mundo-debate-raca-genero-e-precarizacao-do-trabalho-dia-23-de-marco\/","og_site_name":"Centro Universit\u00e1rio Santo Agostinho - UNIFSA","article_publisher":"https:\/\/www.facebook.com\/unifsa\/","article_published_time":"2026-03-19T19:55:30+00:00","article_modified_time":"2026-03-19T20:03:02+00:00","og_image":[{"width":1920,"height":805,"url":"https:\/\/unifsa.com.br\/site\/wp-content\/uploads\/2026\/03\/SITE-18.webp","type":"image\/webp"}],"author":"Estev\u00e3o Leite Cordeiro de Souza","twitter_card":"summary_large_image","twitter_misc":{"Escrito por":"Estev\u00e3o Leite Cordeiro de Souza","Est. tempo de leitura":"3 minutos"},"schema":{"@context":"https:\/\/schema.org","@graph":[{"@type":"Article","@id":"https:\/\/unifsa.com.br\/site\/conexao-com-o-mundo-debate-raca-genero-e-precarizacao-do-trabalho-dia-23-de-marco\/#article","isPartOf":{"@id":"https:\/\/unifsa.com.br\/site\/conexao-com-o-mundo-debate-raca-genero-e-precarizacao-do-trabalho-dia-23-de-marco\/"},"author":{"name":"Estev\u00e3o Leite Cordeiro de Souza","@id":"https:\/\/unifsa.com.br\/site\/#\/schema\/person\/459d6944d25bd72102b031eb886c7cbf"},"headline":"Conex\u00e3o com o Mundo debate ra\u00e7a, g\u00eanero e precariza\u00e7\u00e3o do trabalho dia 23 de mar\u00e7o","datePublished":"2026-03-19T19:55:30+00:00","dateModified":"2026-03-19T20:03:02+00:00","mainEntityOfPage":{"@id":"https:\/\/unifsa.com.br\/site\/conexao-com-o-mundo-debate-raca-genero-e-precarizacao-do-trabalho-dia-23-de-marco\/"},"wordCount":439,"publisher":{"@id":"https:\/\/unifsa.com.br\/site\/#organization"},"image":{"@id":"https:\/\/unifsa.com.br\/site\/conexao-com-o-mundo-debate-raca-genero-e-precarizacao-do-trabalho-dia-23-de-marco\/#primaryimage"},"thumbnailUrl":"https:\/\/unifsa.com.br\/site\/wp-content\/uploads\/2026\/03\/SITE-18.webp","keywords":["Conex\u00e3o com o Mundo","Doutorado no exterior","evento","Extens\u00e3o","NRI","n\u00facleo de rela\u00e7\u00f5es internacionais"],"articleSection":["Acontece na UNIFSA","Direito","Educa\u00e7\u00e3o F\u00edsica","Extens\u00e3o","NUAFRI","N\u00facleo de Rela\u00e7\u00f5es Internacionais"],"inLanguage":"pt-BR"},{"@type":"WebPage","@id":"https:\/\/unifsa.com.br\/site\/conexao-com-o-mundo-debate-raca-genero-e-precarizacao-do-trabalho-dia-23-de-marco\/","url":"https:\/\/unifsa.com.br\/site\/conexao-com-o-mundo-debate-raca-genero-e-precarizacao-do-trabalho-dia-23-de-marco\/","name":"Conex\u00e3o com o Mundo debate ra\u00e7a, g\u00eanero e precariza\u00e7\u00e3o do trabalho dia 23 de mar\u00e7o - Centro Universit\u00e1rio Santo Agostinho - UNIFSA","isPartOf":{"@id":"https:\/\/unifsa.com.br\/site\/#website"},"primaryImageOfPage":{"@id":"https:\/\/unifsa.com.br\/site\/conexao-com-o-mundo-debate-raca-genero-e-precarizacao-do-trabalho-dia-23-de-marco\/#primaryimage"},"image":{"@id":"https:\/\/unifsa.com.br\/site\/conexao-com-o-mundo-debate-raca-genero-e-precarizacao-do-trabalho-dia-23-de-marco\/#primaryimage"},"thumbnailUrl":"https:\/\/unifsa.com.br\/site\/wp-content\/uploads\/2026\/03\/SITE-18.webp","datePublished":"2026-03-19T19:55:30+00:00","dateModified":"2026-03-19T20:03:02+00:00","breadcrumb":{"@id":"https:\/\/unifsa.com.br\/site\/conexao-com-o-mundo-debate-raca-genero-e-precarizacao-do-trabalho-dia-23-de-marco\/#breadcrumb"},"inLanguage":"pt-BR","potentialAction":[{"@type":"ReadAction","target":["https:\/\/unifsa.com.br\/site\/conexao-com-o-mundo-debate-raca-genero-e-precarizacao-do-trabalho-dia-23-de-marco\/"]}]},{"@type":"ImageObject","inLanguage":"pt-BR","@id":"https:\/\/unifsa.com.br\/site\/conexao-com-o-mundo-debate-raca-genero-e-precarizacao-do-trabalho-dia-23-de-marco\/#primaryimage","url":"https:\/\/unifsa.com.br\/site\/wp-content\/uploads\/2026\/03\/SITE-18.webp","contentUrl":"https:\/\/unifsa.com.br\/site\/wp-content\/uploads\/2026\/03\/SITE-18.webp","width":1920,"height":805},{"@type":"BreadcrumbList","@id":"https:\/\/unifsa.com.br\/site\/conexao-com-o-mundo-debate-raca-genero-e-precarizacao-do-trabalho-dia-23-de-marco\/#breadcrumb","itemListElement":[{"@type":"ListItem","position":1,"name":"In\u00edcio","item":"https:\/\/unifsa.com.br\/site\/"},{"@type":"ListItem","position":2,"name":"Conex\u00e3o com o Mundo debate ra\u00e7a, g\u00eanero e precariza\u00e7\u00e3o do trabalho dia 23 de mar\u00e7o"}]},{"@type":"WebSite","@id":"https:\/\/unifsa.com.br\/site\/#website","url":"https:\/\/unifsa.com.br\/site\/","name":"Centro Universit\u00e1rio Santo Agostinho - UNIFSA","description":"Conhecimento para toda a vida","publisher":{"@id":"https:\/\/unifsa.com.br\/site\/#organization"},"potentialAction":[{"@type":"SearchAction","target":{"@type":"EntryPoint","urlTemplate":"https:\/\/unifsa.com.br\/site\/?s={search_term_string}"},"query-input":{"@type":"PropertyValueSpecification","valueRequired":true,"valueName":"search_term_string"}}],"inLanguage":"pt-BR"},{"@type":"Organization","@id":"https:\/\/unifsa.com.br\/site\/#organization","name":"Centro Universit\u00e1rio Santo Agostinho - UNIFSA","url":"https:\/\/unifsa.com.br\/site\/","logo":{"@type":"ImageObject","inLanguage":"pt-BR","@id":"https:\/\/unifsa.com.br\/site\/#\/schema\/logo\/image\/","url":"https:\/\/unifsa.com.br\/site\/wp-content\/uploads\/2023\/03\/MARCA-UNIFSA-CIC23-q2apjs1mt975cf1wl25b044coj90fwoiee1kya6800.png","contentUrl":"https:\/\/unifsa.com.br\/site\/wp-content\/uploads\/2023\/03\/MARCA-UNIFSA-CIC23-q2apjs1mt975cf1wl25b044coj90fwoiee1kya6800.png","width":103,"height":100,"caption":"Centro Universit\u00e1rio Santo Agostinho - UNIFSA"},"image":{"@id":"https:\/\/unifsa.com.br\/site\/#\/schema\/logo\/image\/"},"sameAs":["https:\/\/www.facebook.com\/unifsa\/","https:\/\/www.instagram.com\/unifsa\/"]},{"@type":"Person","@id":"https:\/\/unifsa.com.br\/site\/#\/schema\/person\/459d6944d25bd72102b031eb886c7cbf","name":"Estev\u00e3o Leite Cordeiro de Souza","image":{"@type":"ImageObject","inLanguage":"pt-BR","@id":"https:\/\/unifsa.com.br\/site\/#\/schema\/person\/image\/","url":"https:\/\/secure.gravatar.com\/avatar\/b381626173a0b440e86662336f5d92704de1b8100a4cb5a34d6466804eb5c336?s=96&d=mm&r=g","contentUrl":"https:\/\/secure.gravatar.com\/avatar\/b381626173a0b440e86662336f5d92704de1b8100a4cb5a34d6466804eb5c336?s=96&d=mm&r=g","caption":"Estev\u00e3o Leite Cordeiro de Souza"},"url":"https:\/\/unifsa.com.br\/site\/author\/estevaocordeiro\/"}]}},"_links":{"self":[{"href":"https:\/\/unifsa.com.br\/site\/wp-json\/wp\/v2\/posts\/44090","targetHints":{"allow":["GET"]}}],"collection":[{"href":"https:\/\/unifsa.com.br\/site\/wp-json\/wp\/v2\/posts"}],"about":[{"href":"https:\/\/unifsa.com.br\/site\/wp-json\/wp\/v2\/types\/post"}],"author":[{"embeddable":true,"href":"https:\/\/unifsa.com.br\/site\/wp-json\/wp\/v2\/users\/12"}],"replies":[{"embeddable":true,"href":"https:\/\/unifsa.com.br\/site\/wp-json\/wp\/v2\/comments?post=44090"}],"version-history":[{"count":2,"href":"https:\/\/unifsa.com.br\/site\/wp-json\/wp\/v2\/posts\/44090\/revisions"}],"predecessor-version":[{"id":44093,"href":"https:\/\/unifsa.com.br\/site\/wp-json\/wp\/v2\/posts\/44090\/revisions\/44093"}],"wp:featuredmedia":[{"embeddable":true,"href":"https:\/\/unifsa.com.br\/site\/wp-json\/wp\/v2\/media\/44094"}],"wp:attachment":[{"href":"https:\/\/unifsa.com.br\/site\/wp-json\/wp\/v2\/media?parent=44090"}],"wp:term":[{"taxonomy":"category","embeddable":true,"href":"https:\/\/unifsa.com.br\/site\/wp-json\/wp\/v2\/categories?post=44090"},{"taxonomy":"post_tag","embeddable":true,"href":"https:\/\/unifsa.com.br\/site\/wp-json\/wp\/v2\/tags?post=44090"}],"curies":[{"name":"wp","href":"https:\/\/api.w.org\/{rel}","templated":true}]}}