{"id":43884,"date":"2026-03-05T09:56:53","date_gmt":"2026-03-05T12:56:53","guid":{"rendered":"https:\/\/unifsa.com.br\/site\/?p=43884"},"modified":"2026-03-05T10:02:26","modified_gmt":"2026-03-05T13:02:26","slug":"inscricoes-abertas-para-extensionistas-do-projeto-saude-no-verde","status":"publish","type":"post","link":"https:\/\/unifsa.com.br\/site\/inscricoes-abertas-para-extensionistas-do-projeto-saude-no-verde\/","title":{"rendered":"Inscri\u00e7\u00f5es abertas para extensionistas do projeto Sa\u00fade no Verde"},"content":{"rendered":"\n<p>O Centro Universit\u00e1rio Santo Agostinho (UNIFSA) est\u00e1 com inscri\u00e7\u00f5es abertas para a sele\u00e7\u00e3o de estudantes extensionistas interessados em participar do projeto de extens\u00e3o <strong>Sa\u00fade no Verde<\/strong>. Est\u00e3o sendo ofertadas <strong>15 vagas<\/strong> para alunos dos cursos de <strong>Farm\u00e1cia, Enfermagem, Est\u00e9tica e Cosm\u00e9tica, Biomedicina e Nutri\u00e7\u00e3o<\/strong>, com inscri\u00e7\u00f5es realizadas online.<\/p>\n\n\n\n<div class=\"wp-block-buttons is-content-justification-center is-layout-flex wp-container-core-buttons-is-layout-16018d1d wp-block-buttons-is-layout-flex\">\n<div class=\"wp-block-button\"><a class=\"wp-block-button__link has-white-color has-vivid-cyan-blue-background-color has-text-color has-background has-link-color wp-element-button\" href=\"https:\/\/forms.gle\/6fCUXFpWM2cVpeXu6\">Inscri\u00e7\u00f5es<\/a><\/div>\n<\/div>\n\n\n\n<div class=\"wp-block-buttons is-content-justification-center is-layout-flex wp-container-core-buttons-is-layout-16018d1d wp-block-buttons-is-layout-flex\">\n<div class=\"wp-block-button\"><a class=\"wp-block-button__link has-vivid-cyan-blue-background-color has-background wp-element-button\" href=\"https:\/\/unifsa.com.br\/site\/wp-content\/uploads\/2026\/03\/Edital-011-Saude-no-Verde-2026.1_.pdf\">Edital<\/a><\/div>\n<\/div>\n\n\n\n<p>Para participar do processo seletivo, o candidato deve anexar <strong>c\u00f3pia do hist\u00f3rico acad\u00eamico atualizado<\/strong> no ato da inscri\u00e7\u00e3o. Tamb\u00e9m ser\u00e1 solicitada a entrega de <strong>1 kg de feij\u00e3o<\/strong> no NUAPE para a confirma\u00e7\u00e3o da inscri\u00e7\u00e3o.<\/p>\n\n\n\n<p>O projeto tem como objetivo promover o uso racional de plantas medicinais por meio de a\u00e7\u00f5es educativas voltadas \u00e0 comunidade. Entre as atividades desenvolvidas est\u00e3o a produ\u00e7\u00e3o de conte\u00fados informativos para redes sociais, como Instagram e Facebook, al\u00e9m da realiza\u00e7\u00e3o de a\u00e7\u00f5es educativas que orientem a popula\u00e7\u00e3o sobre o uso seguro dessas plantas na promo\u00e7\u00e3o da sa\u00fade.<\/p>\n\n\n\n<p>O p\u00fablico priorit\u00e1rio do projeto \u00e9 formado por estudantes do curso de Farm\u00e1cia do UNIFSA que estejam cursando ou j\u00e1 tenham cursado a disciplina de <strong>Farmacognosia<\/strong> (5\u00ba per\u00edodo \u2013 matriz 2022). Alunos dos demais cursos participantes tamb\u00e9m podem concorrer \u00e0s vagas, desde que possuam conhecimentos relacionados \u00e0 fitoterapia e plantas medicinais.<\/p>\n\n\n\n<p>Com o projeto <strong>Sa\u00fade no Verde<\/strong>, o UNIFSA fortalece as a\u00e7\u00f5es de extens\u00e3o universit\u00e1ria, incentivando a produ\u00e7\u00e3o e a difus\u00e3o do conhecimento cient\u00edfico, al\u00e9m de aproximar a universidade da comunidade por meio de pr\u00e1ticas educativas em sa\u00fade.<\/p>\n","protected":false},"excerpt":{"rendered":"<p>O Centro Universit\u00e1rio Santo Agostinho (UNIFSA) est\u00e1 com inscri\u00e7\u00f5es abertas para a sele\u00e7\u00e3o de estudantes extensionistas interessados em participar do projeto de extens\u00e3o Sa\u00fade no Verde. Est\u00e3o sendo ofertadas 15 vagas para alunos dos cursos de Farm\u00e1cia, Enfermagem, Est\u00e9tica e Cosm\u00e9tica, Biomedicina e Nutri\u00e7\u00e3o, com inscri\u00e7\u00f5es realizadas online. Para participar do processo seletivo, o candidato<\/p>\n","protected":false},"author":1,"featured_media":43886,"comment_status":"closed","ping_status":"open","sticky":false,"template":"","format":"standard","meta":{"_acf_changed":false,"footnotes":""},"categories":[6,72],"tags":[],"class_list":["post-43884","post","type-post","status-publish","format-standard","has-post-thumbnail","hentry","category-acontece-na-unifsa","category-extensao"],"acf":[],"yoast_head":"<!-- This site is optimized with the Yoast SEO plugin v26.5 - https:\/\/yoast.com\/wordpress\/plugins\/seo\/ -->\n<title>Inscri\u00e7\u00f5es abertas para extensionistas do projeto Sa\u00fade no Verde - Centro Universit\u00e1rio Santo Agostinho - UNIFSA<\/title>\n<meta name=\"robots\" content=\"index, follow, max-snippet:-1, max-image-preview:large, max-video-preview:-1\" \/>\n<link rel=\"canonical\" href=\"https:\/\/unifsa.com.br\/site\/inscricoes-abertas-para-extensionistas-do-projeto-saude-no-verde\/\" \/>\n<meta property=\"og:locale\" content=\"pt_BR\" \/>\n<meta property=\"og:type\" content=\"article\" \/>\n<meta property=\"og:title\" content=\"Inscri\u00e7\u00f5es abertas para extensionistas do projeto Sa\u00fade no Verde - Centro Universit\u00e1rio Santo Agostinho - UNIFSA\" \/>\n<meta property=\"og:description\" content=\"O Centro Universit\u00e1rio Santo Agostinho (UNIFSA) est\u00e1 com inscri\u00e7\u00f5es abertas para a sele\u00e7\u00e3o de estudantes extensionistas interessados em participar do projeto de extens\u00e3o Sa\u00fade no Verde. Est\u00e3o sendo ofertadas 15 vagas para alunos dos cursos de Farm\u00e1cia, Enfermagem, Est\u00e9tica e Cosm\u00e9tica, Biomedicina e Nutri\u00e7\u00e3o, com inscri\u00e7\u00f5es realizadas online. Para participar do processo seletivo, o candidato\" \/>\n<meta property=\"og:url\" content=\"https:\/\/unifsa.com.br\/site\/inscricoes-abertas-para-extensionistas-do-projeto-saude-no-verde\/\" \/>\n<meta property=\"og:site_name\" content=\"Centro Universit\u00e1rio Santo Agostinho - UNIFSA\" \/>\n<meta property=\"article:publisher\" content=\"https:\/\/www.facebook.com\/unifsa\/\" \/>\n<meta property=\"article:published_time\" content=\"2026-03-05T12:56:53+00:00\" \/>\n<meta property=\"article:modified_time\" content=\"2026-03-05T13:02:26+00:00\" \/>\n<meta property=\"og:image\" content=\"https:\/\/unifsa.com.br\/site\/wp-content\/uploads\/2026\/03\/site-Projetos-de-Extensao-2026.1-1920-x-805-px-4.webp\" \/>\n\t<meta property=\"og:image:width\" content=\"1920\" \/>\n\t<meta property=\"og:image:height\" content=\"805\" \/>\n\t<meta property=\"og:image:type\" content=\"image\/webp\" \/>\n<meta name=\"author\" content=\"UNIFSA\" \/>\n<meta name=\"twitter:card\" content=\"summary_large_image\" \/>\n<meta name=\"twitter:label1\" content=\"Escrito por\" \/>\n\t<meta name=\"twitter:data1\" content=\"UNIFSA\" \/>\n\t<meta name=\"twitter:label2\" content=\"Est. tempo de leitura\" \/>\n\t<meta name=\"twitter:data2\" content=\"2 minutos\" \/>\n<script type=\"application\/ld+json\" class=\"yoast-schema-graph\">{\"@context\":\"https:\/\/schema.org\",\"@graph\":[{\"@type\":\"Article\",\"@id\":\"https:\/\/unifsa.com.br\/site\/inscricoes-abertas-para-extensionistas-do-projeto-saude-no-verde\/#article\",\"isPartOf\":{\"@id\":\"https:\/\/unifsa.com.br\/site\/inscricoes-abertas-para-extensionistas-do-projeto-saude-no-verde\/\"},\"author\":{\"name\":\"UNIFSA\",\"@id\":\"https:\/\/unifsa.com.br\/site\/#\/schema\/person\/6f5e8438b96168f9894cb9fe5816660f\"},\"headline\":\"Inscri\u00e7\u00f5es abertas para extensionistas do projeto Sa\u00fade no Verde\",\"datePublished\":\"2026-03-05T12:56:53+00:00\",\"dateModified\":\"2026-03-05T13:02:26+00:00\",\"mainEntityOfPage\":{\"@id\":\"https:\/\/unifsa.com.br\/site\/inscricoes-abertas-para-extensionistas-do-projeto-saude-no-verde\/\"},\"wordCount\":278,\"publisher\":{\"@id\":\"https:\/\/unifsa.com.br\/site\/#organization\"},\"image\":{\"@id\":\"https:\/\/unifsa.com.br\/site\/inscricoes-abertas-para-extensionistas-do-projeto-saude-no-verde\/#primaryimage\"},\"thumbnailUrl\":\"https:\/\/unifsa.com.br\/site\/wp-content\/uploads\/2026\/03\/site-Projetos-de-Extensao-2026.1-1920-x-805-px-4.webp\",\"articleSection\":[\"Acontece na UNIFSA\",\"Extens\u00e3o\"],\"inLanguage\":\"pt-BR\"},{\"@type\":\"WebPage\",\"@id\":\"https:\/\/unifsa.com.br\/site\/inscricoes-abertas-para-extensionistas-do-projeto-saude-no-verde\/\",\"url\":\"https:\/\/unifsa.com.br\/site\/inscricoes-abertas-para-extensionistas-do-projeto-saude-no-verde\/\",\"name\":\"Inscri\u00e7\u00f5es abertas para extensionistas do projeto Sa\u00fade no Verde - Centro Universit\u00e1rio Santo Agostinho - UNIFSA\",\"isPartOf\":{\"@id\":\"https:\/\/unifsa.com.br\/site\/#website\"},\"primaryImageOfPage\":{\"@id\":\"https:\/\/unifsa.com.br\/site\/inscricoes-abertas-para-extensionistas-do-projeto-saude-no-verde\/#primaryimage\"},\"image\":{\"@id\":\"https:\/\/unifsa.com.br\/site\/inscricoes-abertas-para-extensionistas-do-projeto-saude-no-verde\/#primaryimage\"},\"thumbnailUrl\":\"https:\/\/unifsa.com.br\/site\/wp-content\/uploads\/2026\/03\/site-Projetos-de-Extensao-2026.1-1920-x-805-px-4.webp\",\"datePublished\":\"2026-03-05T12:56:53+00:00\",\"dateModified\":\"2026-03-05T13:02:26+00:00\",\"breadcrumb\":{\"@id\":\"https:\/\/unifsa.com.br\/site\/inscricoes-abertas-para-extensionistas-do-projeto-saude-no-verde\/#breadcrumb\"},\"inLanguage\":\"pt-BR\",\"potentialAction\":[{\"@type\":\"ReadAction\",\"target\":[\"https:\/\/unifsa.com.br\/site\/inscricoes-abertas-para-extensionistas-do-projeto-saude-no-verde\/\"]}]},{\"@type\":\"ImageObject\",\"inLanguage\":\"pt-BR\",\"@id\":\"https:\/\/unifsa.com.br\/site\/inscricoes-abertas-para-extensionistas-do-projeto-saude-no-verde\/#primaryimage\",\"url\":\"https:\/\/unifsa.com.br\/site\/wp-content\/uploads\/2026\/03\/site-Projetos-de-Extensao-2026.1-1920-x-805-px-4.webp\",\"contentUrl\":\"https:\/\/unifsa.com.br\/site\/wp-content\/uploads\/2026\/03\/site-Projetos-de-Extensao-2026.1-1920-x-805-px-4.webp\",\"width\":1920,\"height\":805},{\"@type\":\"BreadcrumbList\",\"@id\":\"https:\/\/unifsa.com.br\/site\/inscricoes-abertas-para-extensionistas-do-projeto-saude-no-verde\/#breadcrumb\",\"itemListElement\":[{\"@type\":\"ListItem\",\"position\":1,\"name\":\"In\u00edcio\",\"item\":\"https:\/\/unifsa.com.br\/site\/\"},{\"@type\":\"ListItem\",\"position\":2,\"name\":\"Inscri\u00e7\u00f5es abertas para extensionistas do projeto Sa\u00fade no Verde\"}]},{\"@type\":\"WebSite\",\"@id\":\"https:\/\/unifsa.com.br\/site\/#website\",\"url\":\"https:\/\/unifsa.com.br\/site\/\",\"name\":\"Centro Universit\u00e1rio Santo Agostinho - UNIFSA\",\"description\":\"Conhecimento para toda a vida\",\"publisher\":{\"@id\":\"https:\/\/unifsa.com.br\/site\/#organization\"},\"potentialAction\":[{\"@type\":\"SearchAction\",\"target\":{\"@type\":\"EntryPoint\",\"urlTemplate\":\"https:\/\/unifsa.com.br\/site\/?s={search_term_string}\"},\"query-input\":{\"@type\":\"PropertyValueSpecification\",\"valueRequired\":true,\"valueName\":\"search_term_string\"}}],\"inLanguage\":\"pt-BR\"},{\"@type\":\"Organization\",\"@id\":\"https:\/\/unifsa.com.br\/site\/#organization\",\"name\":\"Centro Universit\u00e1rio Santo Agostinho - UNIFSA\",\"url\":\"https:\/\/unifsa.com.br\/site\/\",\"logo\":{\"@type\":\"ImageObject\",\"inLanguage\":\"pt-BR\",\"@id\":\"https:\/\/unifsa.com.br\/site\/#\/schema\/logo\/image\/\",\"url\":\"https:\/\/unifsa.com.br\/site\/wp-content\/uploads\/2023\/03\/MARCA-UNIFSA-CIC23-q2apjs1mt975cf1wl25b044coj90fwoiee1kya6800.png\",\"contentUrl\":\"https:\/\/unifsa.com.br\/site\/wp-content\/uploads\/2023\/03\/MARCA-UNIFSA-CIC23-q2apjs1mt975cf1wl25b044coj90fwoiee1kya6800.png\",\"width\":103,\"height\":100,\"caption\":\"Centro Universit\u00e1rio Santo Agostinho - UNIFSA\"},\"image\":{\"@id\":\"https:\/\/unifsa.com.br\/site\/#\/schema\/logo\/image\/\"},\"sameAs\":[\"https:\/\/www.facebook.com\/unifsa\/\",\"https:\/\/www.instagram.com\/unifsa\/\"]},{\"@type\":\"Person\",\"@id\":\"https:\/\/unifsa.com.br\/site\/#\/schema\/person\/6f5e8438b96168f9894cb9fe5816660f\",\"name\":\"UNIFSA\",\"image\":{\"@type\":\"ImageObject\",\"inLanguage\":\"pt-BR\",\"@id\":\"https:\/\/unifsa.com.br\/site\/#\/schema\/person\/image\/\",\"url\":\"https:\/\/secure.gravatar.com\/avatar\/3d1043775cda1d91d725491548f9b3a0909638e5fcbd418ee6b285ebfaa2ae59?s=96&d=mm&r=g\",\"contentUrl\":\"https:\/\/secure.gravatar.com\/avatar\/3d1043775cda1d91d725491548f9b3a0909638e5fcbd418ee6b285ebfaa2ae59?s=96&d=mm&r=g\",\"caption\":\"UNIFSA\"},\"url\":\"https:\/\/unifsa.com.br\/site\/author\/rogerbezerra\/\"}]}<\/script>\n<!-- \/ Yoast SEO plugin. -->","yoast_head_json":{"title":"Inscri\u00e7\u00f5es abertas para extensionistas do projeto Sa\u00fade no Verde - Centro Universit\u00e1rio Santo Agostinho - UNIFSA","robots":{"index":"index","follow":"follow","max-snippet":"max-snippet:-1","max-image-preview":"max-image-preview:large","max-video-preview":"max-video-preview:-1"},"canonical":"https:\/\/unifsa.com.br\/site\/inscricoes-abertas-para-extensionistas-do-projeto-saude-no-verde\/","og_locale":"pt_BR","og_type":"article","og_title":"Inscri\u00e7\u00f5es abertas para extensionistas do projeto Sa\u00fade no Verde - Centro Universit\u00e1rio Santo Agostinho - UNIFSA","og_description":"O Centro Universit\u00e1rio Santo Agostinho (UNIFSA) est\u00e1 com inscri\u00e7\u00f5es abertas para a sele\u00e7\u00e3o de estudantes extensionistas interessados em participar do projeto de extens\u00e3o Sa\u00fade no Verde. Est\u00e3o sendo ofertadas 15 vagas para alunos dos cursos de Farm\u00e1cia, Enfermagem, Est\u00e9tica e Cosm\u00e9tica, Biomedicina e Nutri\u00e7\u00e3o, com inscri\u00e7\u00f5es realizadas online. Para participar do processo seletivo, o candidato","og_url":"https:\/\/unifsa.com.br\/site\/inscricoes-abertas-para-extensionistas-do-projeto-saude-no-verde\/","og_site_name":"Centro Universit\u00e1rio Santo Agostinho - UNIFSA","article_publisher":"https:\/\/www.facebook.com\/unifsa\/","article_published_time":"2026-03-05T12:56:53+00:00","article_modified_time":"2026-03-05T13:02:26+00:00","og_image":[{"width":1920,"height":805,"url":"https:\/\/unifsa.com.br\/site\/wp-content\/uploads\/2026\/03\/site-Projetos-de-Extensao-2026.1-1920-x-805-px-4.webp","type":"image\/webp"}],"author":"UNIFSA","twitter_card":"summary_large_image","twitter_misc":{"Escrito por":"UNIFSA","Est. tempo de leitura":"2 minutos"},"schema":{"@context":"https:\/\/schema.org","@graph":[{"@type":"Article","@id":"https:\/\/unifsa.com.br\/site\/inscricoes-abertas-para-extensionistas-do-projeto-saude-no-verde\/#article","isPartOf":{"@id":"https:\/\/unifsa.com.br\/site\/inscricoes-abertas-para-extensionistas-do-projeto-saude-no-verde\/"},"author":{"name":"UNIFSA","@id":"https:\/\/unifsa.com.br\/site\/#\/schema\/person\/6f5e8438b96168f9894cb9fe5816660f"},"headline":"Inscri\u00e7\u00f5es abertas para extensionistas do projeto Sa\u00fade no Verde","datePublished":"2026-03-05T12:56:53+00:00","dateModified":"2026-03-05T13:02:26+00:00","mainEntityOfPage":{"@id":"https:\/\/unifsa.com.br\/site\/inscricoes-abertas-para-extensionistas-do-projeto-saude-no-verde\/"},"wordCount":278,"publisher":{"@id":"https:\/\/unifsa.com.br\/site\/#organization"},"image":{"@id":"https:\/\/unifsa.com.br\/site\/inscricoes-abertas-para-extensionistas-do-projeto-saude-no-verde\/#primaryimage"},"thumbnailUrl":"https:\/\/unifsa.com.br\/site\/wp-content\/uploads\/2026\/03\/site-Projetos-de-Extensao-2026.1-1920-x-805-px-4.webp","articleSection":["Acontece na UNIFSA","Extens\u00e3o"],"inLanguage":"pt-BR"},{"@type":"WebPage","@id":"https:\/\/unifsa.com.br\/site\/inscricoes-abertas-para-extensionistas-do-projeto-saude-no-verde\/","url":"https:\/\/unifsa.com.br\/site\/inscricoes-abertas-para-extensionistas-do-projeto-saude-no-verde\/","name":"Inscri\u00e7\u00f5es abertas para extensionistas do projeto Sa\u00fade no Verde - Centro Universit\u00e1rio Santo Agostinho - UNIFSA","isPartOf":{"@id":"https:\/\/unifsa.com.br\/site\/#website"},"primaryImageOfPage":{"@id":"https:\/\/unifsa.com.br\/site\/inscricoes-abertas-para-extensionistas-do-projeto-saude-no-verde\/#primaryimage"},"image":{"@id":"https:\/\/unifsa.com.br\/site\/inscricoes-abertas-para-extensionistas-do-projeto-saude-no-verde\/#primaryimage"},"thumbnailUrl":"https:\/\/unifsa.com.br\/site\/wp-content\/uploads\/2026\/03\/site-Projetos-de-Extensao-2026.1-1920-x-805-px-4.webp","datePublished":"2026-03-05T12:56:53+00:00","dateModified":"2026-03-05T13:02:26+00:00","breadcrumb":{"@id":"https:\/\/unifsa.com.br\/site\/inscricoes-abertas-para-extensionistas-do-projeto-saude-no-verde\/#breadcrumb"},"inLanguage":"pt-BR","potentialAction":[{"@type":"ReadAction","target":["https:\/\/unifsa.com.br\/site\/inscricoes-abertas-para-extensionistas-do-projeto-saude-no-verde\/"]}]},{"@type":"ImageObject","inLanguage":"pt-BR","@id":"https:\/\/unifsa.com.br\/site\/inscricoes-abertas-para-extensionistas-do-projeto-saude-no-verde\/#primaryimage","url":"https:\/\/unifsa.com.br\/site\/wp-content\/uploads\/2026\/03\/site-Projetos-de-Extensao-2026.1-1920-x-805-px-4.webp","contentUrl":"https:\/\/unifsa.com.br\/site\/wp-content\/uploads\/2026\/03\/site-Projetos-de-Extensao-2026.1-1920-x-805-px-4.webp","width":1920,"height":805},{"@type":"BreadcrumbList","@id":"https:\/\/unifsa.com.br\/site\/inscricoes-abertas-para-extensionistas-do-projeto-saude-no-verde\/#breadcrumb","itemListElement":[{"@type":"ListItem","position":1,"name":"In\u00edcio","item":"https:\/\/unifsa.com.br\/site\/"},{"@type":"ListItem","position":2,"name":"Inscri\u00e7\u00f5es abertas para extensionistas do projeto Sa\u00fade no Verde"}]},{"@type":"WebSite","@id":"https:\/\/unifsa.com.br\/site\/#website","url":"https:\/\/unifsa.com.br\/site\/","name":"Centro Universit\u00e1rio Santo Agostinho - UNIFSA","description":"Conhecimento para toda a vida","publisher":{"@id":"https:\/\/unifsa.com.br\/site\/#organization"},"potentialAction":[{"@type":"SearchAction","target":{"@type":"EntryPoint","urlTemplate":"https:\/\/unifsa.com.br\/site\/?s={search_term_string}"},"query-input":{"@type":"PropertyValueSpecification","valueRequired":true,"valueName":"search_term_string"}}],"inLanguage":"pt-BR"},{"@type":"Organization","@id":"https:\/\/unifsa.com.br\/site\/#organization","name":"Centro Universit\u00e1rio Santo Agostinho - UNIFSA","url":"https:\/\/unifsa.com.br\/site\/","logo":{"@type":"ImageObject","inLanguage":"pt-BR","@id":"https:\/\/unifsa.com.br\/site\/#\/schema\/logo\/image\/","url":"https:\/\/unifsa.com.br\/site\/wp-content\/uploads\/2023\/03\/MARCA-UNIFSA-CIC23-q2apjs1mt975cf1wl25b044coj90fwoiee1kya6800.png","contentUrl":"https:\/\/unifsa.com.br\/site\/wp-content\/uploads\/2023\/03\/MARCA-UNIFSA-CIC23-q2apjs1mt975cf1wl25b044coj90fwoiee1kya6800.png","width":103,"height":100,"caption":"Centro Universit\u00e1rio Santo Agostinho - UNIFSA"},"image":{"@id":"https:\/\/unifsa.com.br\/site\/#\/schema\/logo\/image\/"},"sameAs":["https:\/\/www.facebook.com\/unifsa\/","https:\/\/www.instagram.com\/unifsa\/"]},{"@type":"Person","@id":"https:\/\/unifsa.com.br\/site\/#\/schema\/person\/6f5e8438b96168f9894cb9fe5816660f","name":"UNIFSA","image":{"@type":"ImageObject","inLanguage":"pt-BR","@id":"https:\/\/unifsa.com.br\/site\/#\/schema\/person\/image\/","url":"https:\/\/secure.gravatar.com\/avatar\/3d1043775cda1d91d725491548f9b3a0909638e5fcbd418ee6b285ebfaa2ae59?s=96&d=mm&r=g","contentUrl":"https:\/\/secure.gravatar.com\/avatar\/3d1043775cda1d91d725491548f9b3a0909638e5fcbd418ee6b285ebfaa2ae59?s=96&d=mm&r=g","caption":"UNIFSA"},"url":"https:\/\/unifsa.com.br\/site\/author\/rogerbezerra\/"}]}},"_links":{"self":[{"href":"https:\/\/unifsa.com.br\/site\/wp-json\/wp\/v2\/posts\/43884","targetHints":{"allow":["GET"]}}],"collection":[{"href":"https:\/\/unifsa.com.br\/site\/wp-json\/wp\/v2\/posts"}],"about":[{"href":"https:\/\/unifsa.com.br\/site\/wp-json\/wp\/v2\/types\/post"}],"author":[{"embeddable":true,"href":"https:\/\/unifsa.com.br\/site\/wp-json\/wp\/v2\/users\/1"}],"replies":[{"embeddable":true,"href":"https:\/\/unifsa.com.br\/site\/wp-json\/wp\/v2\/comments?post=43884"}],"version-history":[{"count":2,"href":"https:\/\/unifsa.com.br\/site\/wp-json\/wp\/v2\/posts\/43884\/revisions"}],"predecessor-version":[{"id":43889,"href":"https:\/\/unifsa.com.br\/site\/wp-json\/wp\/v2\/posts\/43884\/revisions\/43889"}],"wp:featuredmedia":[{"embeddable":true,"href":"https:\/\/unifsa.com.br\/site\/wp-json\/wp\/v2\/media\/43886"}],"wp:attachment":[{"href":"https:\/\/unifsa.com.br\/site\/wp-json\/wp\/v2\/media?parent=43884"}],"wp:term":[{"taxonomy":"category","embeddable":true,"href":"https:\/\/unifsa.com.br\/site\/wp-json\/wp\/v2\/categories?post=43884"},{"taxonomy":"post_tag","embeddable":true,"href":"https:\/\/unifsa.com.br\/site\/wp-json\/wp\/v2\/tags?post=43884"}],"curies":[{"name":"wp","href":"https:\/\/api.w.org\/{rel}","templated":true}]}}