{"id":43374,"date":"2026-01-22T17:08:47","date_gmt":"2026-01-22T20:08:47","guid":{"rendered":"https:\/\/unifsa.com.br\/site\/?p=43374"},"modified":"2026-01-23T09:00:32","modified_gmt":"2026-01-23T12:00:32","slug":"unifsa-realiza-vii-encontro-de-coordenadores-com-foco-na-autoavaliacao-institucional","status":"publish","type":"post","link":"https:\/\/unifsa.com.br\/site\/unifsa-realiza-vii-encontro-de-coordenadores-com-foco-na-autoavaliacao-institucional\/","title":{"rendered":"UNIFSA realiza VII Encontro de Coordenadores com foco na autoavalia\u00e7\u00e3o institucional"},"content":{"rendered":"\n<p>O Centro Universit\u00e1rio Santo Agostinho (UNIFSA) iniciou, nesta quinta-feira (22), o VII Encontro de Coordenadores do UNIFSA, realizado Anexo II, reunindo coordenadores de curso da institui\u00e7\u00e3o para momentos de forma\u00e7\u00e3o, di\u00e1logo e alinhamento institucional. Com o tema <em>\u201cTravessia da Gest\u00e3o Acad\u00eamica: a autoavalia\u00e7\u00e3o institucional no contexto do SINAES\u201d<\/em>, o encontro tem como objetivo discutir a autoavalia\u00e7\u00e3o institucional como instrumento estrat\u00e9gico de gest\u00e3o, alinhando pr\u00e1ticas acad\u00eamicas \u00e0s diretrizes do Sistema Nacional de Avalia\u00e7\u00e3o da Educa\u00e7\u00e3o Superior (SINAES).<\/p>\n\n\n\n<figure class=\"wp-block-gallery has-nested-images columns-default is-cropped wp-block-gallery-1 is-layout-flex wp-block-gallery-is-layout-flex\">\n<figure class=\"wp-block-image size-large\"><img fetchpriority=\"high\" decoding=\"async\" width=\"1024\" height=\"576\" data-id=\"43379\" src=\"https:\/\/unifsa.com.br\/site\/wp-content\/uploads\/2026\/01\/WhatsApp-Image-2026-01-22-at-12.29.13-1-1024x576.webp\" alt=\"\" class=\"wp-image-43379\" srcset=\"https:\/\/unifsa.com.br\/site\/wp-content\/uploads\/2026\/01\/WhatsApp-Image-2026-01-22-at-12.29.13-1-1024x576.webp 1024w, https:\/\/unifsa.com.br\/site\/wp-content\/uploads\/2026\/01\/WhatsApp-Image-2026-01-22-at-12.29.13-1-300x169.webp 300w, https:\/\/unifsa.com.br\/site\/wp-content\/uploads\/2026\/01\/WhatsApp-Image-2026-01-22-at-12.29.13-1-768x432.webp 768w, https:\/\/unifsa.com.br\/site\/wp-content\/uploads\/2026\/01\/WhatsApp-Image-2026-01-22-at-12.29.13-1.webp 1280w\" sizes=\"(max-width: 1024px) 100vw, 1024px\" \/><\/figure>\n\n\n\n<figure class=\"wp-block-image size-large\"><img decoding=\"async\" width=\"1024\" height=\"576\" data-id=\"43378\" src=\"https:\/\/unifsa.com.br\/site\/wp-content\/uploads\/2026\/01\/WhatsApp-Image-2026-01-22-at-12.29.12-1024x576.webp\" alt=\"\" class=\"wp-image-43378\" srcset=\"https:\/\/unifsa.com.br\/site\/wp-content\/uploads\/2026\/01\/WhatsApp-Image-2026-01-22-at-12.29.12-1024x576.webp 1024w, https:\/\/unifsa.com.br\/site\/wp-content\/uploads\/2026\/01\/WhatsApp-Image-2026-01-22-at-12.29.12-300x169.webp 300w, https:\/\/unifsa.com.br\/site\/wp-content\/uploads\/2026\/01\/WhatsApp-Image-2026-01-22-at-12.29.12-768x432.webp 768w, https:\/\/unifsa.com.br\/site\/wp-content\/uploads\/2026\/01\/WhatsApp-Image-2026-01-22-at-12.29.12.webp 1280w\" sizes=\"(max-width: 1024px) 100vw, 1024px\" \/><\/figure>\n\n\n\n<figure class=\"wp-block-image size-large\"><img decoding=\"async\" width=\"1024\" height=\"576\" data-id=\"43380\" src=\"https:\/\/unifsa.com.br\/site\/wp-content\/uploads\/2026\/01\/WhatsApp-Image-2026-01-22-at-12.29.11-1024x576.webp\" alt=\"\" class=\"wp-image-43380\" srcset=\"https:\/\/unifsa.com.br\/site\/wp-content\/uploads\/2026\/01\/WhatsApp-Image-2026-01-22-at-12.29.11-1024x576.webp 1024w, https:\/\/unifsa.com.br\/site\/wp-content\/uploads\/2026\/01\/WhatsApp-Image-2026-01-22-at-12.29.11-300x169.webp 300w, https:\/\/unifsa.com.br\/site\/wp-content\/uploads\/2026\/01\/WhatsApp-Image-2026-01-22-at-12.29.11-768x432.webp 768w, https:\/\/unifsa.com.br\/site\/wp-content\/uploads\/2026\/01\/WhatsApp-Image-2026-01-22-at-12.29.11.webp 1280w\" sizes=\"(max-width: 1024px) 100vw, 1024px\" \/><\/figure>\n<\/figure>\n\n\n\n<div style=\"height:20px\" aria-hidden=\"true\" class=\"wp-block-spacer\"><\/div>\n\n\n\n<p>A programa\u00e7\u00e3o do primeiro dia teve in\u00edcio \u00e0s 9h, com a abertura oficial conduzida pela Reitora e Pr\u00f3-Reitora de Ensino, Profa. Ma. Antonieta Lira e Silva; pela Pr\u00f3-Reitora Administrativo-Financeiro, Profa. Ma. Indira Maria; pelo Diretor de Ensino, Prof. Dr. Edj\u00f4fre Co\u00ealho de Oliveira; e pela Diretora de Comunica\u00e7\u00e3o, Profa. Ma. Pen\u00e9lope Maria de Melo Lira. Na ocasi\u00e3o, as gestoras destacaram o papel estrat\u00e9gico da coordena\u00e7\u00e3o de curso na consolida\u00e7\u00e3o da qualidade acad\u00eamica e na condu\u00e7\u00e3o dos processos institucionais.<\/p>\n\n\n\n<div style=\"height:20px\" aria-hidden=\"true\" class=\"wp-block-spacer\"><\/div>\n\n\n\n<figure class=\"wp-block-image size-large\"><img loading=\"lazy\" decoding=\"async\" width=\"1024\" height=\"576\" src=\"https:\/\/unifsa.com.br\/site\/wp-content\/uploads\/2026\/01\/WhatsApp-Image-2026-01-22-at-12.20.16-1024x576.webp\" alt=\"\" class=\"wp-image-43375\" srcset=\"https:\/\/unifsa.com.br\/site\/wp-content\/uploads\/2026\/01\/WhatsApp-Image-2026-01-22-at-12.20.16-1024x576.webp 1024w, https:\/\/unifsa.com.br\/site\/wp-content\/uploads\/2026\/01\/WhatsApp-Image-2026-01-22-at-12.20.16-300x169.webp 300w, https:\/\/unifsa.com.br\/site\/wp-content\/uploads\/2026\/01\/WhatsApp-Image-2026-01-22-at-12.20.16-768x432.webp 768w, https:\/\/unifsa.com.br\/site\/wp-content\/uploads\/2026\/01\/WhatsApp-Image-2026-01-22-at-12.20.16-1536x864.webp 1536w, https:\/\/unifsa.com.br\/site\/wp-content\/uploads\/2026\/01\/WhatsApp-Image-2026-01-22-at-12.20.16.webp 1600w\" sizes=\"(max-width: 1024px) 100vw, 1024px\" \/><\/figure>\n\n\n\n<div style=\"height:20px\" aria-hidden=\"true\" class=\"wp-block-spacer\"><\/div>\n\n\n\n<p>Durante sua fala, a Reitora Antonieta Lira ressaltou que a gest\u00e3o acad\u00eamica exige planejamento, leitura do cen\u00e1rio educacional e atua\u00e7\u00e3o respons\u00e1vel. \u201c<strong>Gerir um curso hoje envolve lideran\u00e7a pedag\u00f3gica, vis\u00e3o sist\u00eamica, compromisso com resultados e responsabilidade institucional<\/strong>\u201d, afirmou. Para ela, a autoavalia\u00e7\u00e3o deve ser compreendida como um processo cont\u00ednuo e formativo. \u201c<strong>A avalia\u00e7\u00e3o ganha sentido quando orienta decis\u00f5es e fortalece a identidade acad\u00eamica dos nossos cursos<\/strong>\u201d, completou.<\/p>\n\n\n\n<div style=\"height:20px\" aria-hidden=\"true\" class=\"wp-block-spacer\"><\/div>\n\n\n\n<figure class=\"wp-block-image size-large\"><img loading=\"lazy\" decoding=\"async\" width=\"1024\" height=\"576\" src=\"https:\/\/unifsa.com.br\/site\/wp-content\/uploads\/2026\/01\/WhatsApp-Image-2026-01-22-at-12.25.19-1024x576.webp\" alt=\"\" class=\"wp-image-43376\" srcset=\"https:\/\/unifsa.com.br\/site\/wp-content\/uploads\/2026\/01\/WhatsApp-Image-2026-01-22-at-12.25.19-1024x576.webp 1024w, https:\/\/unifsa.com.br\/site\/wp-content\/uploads\/2026\/01\/WhatsApp-Image-2026-01-22-at-12.25.19-300x169.webp 300w, https:\/\/unifsa.com.br\/site\/wp-content\/uploads\/2026\/01\/WhatsApp-Image-2026-01-22-at-12.25.19-768x432.webp 768w, https:\/\/unifsa.com.br\/site\/wp-content\/uploads\/2026\/01\/WhatsApp-Image-2026-01-22-at-12.25.19.webp 1280w\" sizes=\"(max-width: 1024px) 100vw, 1024px\" \/><\/figure>\n\n\n\n<div style=\"height:20px\" aria-hidden=\"true\" class=\"wp-block-spacer\"><\/div>\n\n\n\n<p>A Pr\u00f3-Reitora Administrativo-Financeiro, Profa. Ma. Indira Maria, tamb\u00e9m destacou a import\u00e2ncia da atua\u00e7\u00e3o dos coordenadores no fortalecimento institucional. \u201c<strong>A forma como conduzem seus cursos, dialogam com as equipes e se posicionam diante dos desafios contribui diretamente para a solidez e a credibilidade da nossa institui\u00e7\u00e3o<\/strong>\u201d, pontuou.<\/p>\n\n\n\n<div style=\"height:20px\" aria-hidden=\"true\" class=\"wp-block-spacer\"><\/div>\n\n\n\n<figure class=\"wp-block-image size-large\"><img loading=\"lazy\" decoding=\"async\" width=\"1024\" height=\"576\" src=\"https:\/\/unifsa.com.br\/site\/wp-content\/uploads\/2026\/01\/WhatsApp-Image-2026-01-22-at-12.18.40-1024x576.webp\" alt=\"\" class=\"wp-image-43377\" srcset=\"https:\/\/unifsa.com.br\/site\/wp-content\/uploads\/2026\/01\/WhatsApp-Image-2026-01-22-at-12.18.40-1024x576.webp 1024w, https:\/\/unifsa.com.br\/site\/wp-content\/uploads\/2026\/01\/WhatsApp-Image-2026-01-22-at-12.18.40-300x169.webp 300w, https:\/\/unifsa.com.br\/site\/wp-content\/uploads\/2026\/01\/WhatsApp-Image-2026-01-22-at-12.18.40-768x432.webp 768w, https:\/\/unifsa.com.br\/site\/wp-content\/uploads\/2026\/01\/WhatsApp-Image-2026-01-22-at-12.18.40-1536x864.webp 1536w, https:\/\/unifsa.com.br\/site\/wp-content\/uploads\/2026\/01\/WhatsApp-Image-2026-01-22-at-12.18.40.webp 1600w\" sizes=\"(max-width: 1024px) 100vw, 1024px\" \/><\/figure>\n\n\n\n<div style=\"height:20px\" aria-hidden=\"true\" class=\"wp-block-spacer\"><\/div>\n\n\n\n<p>Ap\u00f3s a abertura, os coordenadores participaram de momentos de alinhamento institucional e orienta\u00e7\u00f5es gerais relacionadas \u00e0 gest\u00e3o acad\u00eamica e aos processos avaliativos. No per\u00edodo da tarde, foi realizada a atividade formativa <em>\u201cA autoavalia\u00e7\u00e3o do curso no contexto do SINAES\u201d<\/em>, ministrada pelo Prof. Dr. M\u00e1rio S\u00e9rgio Swerts. A forma\u00e7\u00e3o abordou os fundamentos da autoavalia\u00e7\u00e3o, a an\u00e1lise de indicadores, o uso dos resultados avaliativos no planejamento dos cursos e a import\u00e2ncia da avalia\u00e7\u00e3o como ferramenta de tomada de decis\u00e3o.<\/p>\n\n\n\n<p>O VII Encontro de Coordenadores consolida-se como um espa\u00e7o de escuta, forma\u00e7\u00e3o e alinhamento das pr\u00e1ticas acad\u00eamicas, refor\u00e7ando o papel dos coordenadores na condu\u00e7\u00e3o dos cursos e na garantia da qualidade do ensino ofertado pelo UNIFSA. A programa\u00e7\u00e3o do evento continua nesta quinta-feira, dia 23, com a realiza\u00e7\u00e3o do segundo dia de atividades.<\/p>\n\n\n\n<div style=\"height:20px\" aria-hidden=\"true\" class=\"wp-block-spacer\"><\/div>\n\n\n\n<div class=\"wp-block-buttons is-content-justification-center is-layout-flex wp-container-core-buttons-is-layout-16018d1d wp-block-buttons-is-layout-flex\">\n<div class=\"wp-block-button\"><a class=\"wp-block-button__link has-white-color has-vivid-cyan-blue-background-color has-text-color has-background has-link-color wp-element-button\" href=\"https:\/\/unifsa.com.br\/site\/wp-content\/uploads\/2026\/01\/Programacao-VII-Encontro-de-Coordenadores-2026.pdf\">Programa\u00e7\u00e3o Encontro de Coordenadores<\/a><\/div>\n<\/div>\n\n\n\n<div style=\"height:20px\" aria-hidden=\"true\" class=\"wp-block-spacer\"><\/div>\n\n\n\n<figure class=\"wp-block-gallery has-nested-images columns-default is-cropped wp-block-gallery-2 is-layout-flex wp-block-gallery-is-layout-flex\">\n<figure class=\"wp-block-image size-large\"><img loading=\"lazy\" decoding=\"async\" width=\"1024\" height=\"576\" data-id=\"43386\" src=\"https:\/\/unifsa.com.br\/site\/wp-content\/uploads\/2026\/01\/WhatsApp-Image-2026-01-22-at-18.19.14-1024x576.webp\" alt=\"\" class=\"wp-image-43386\" srcset=\"https:\/\/unifsa.com.br\/site\/wp-content\/uploads\/2026\/01\/WhatsApp-Image-2026-01-22-at-18.19.14-1024x576.webp 1024w, https:\/\/unifsa.com.br\/site\/wp-content\/uploads\/2026\/01\/WhatsApp-Image-2026-01-22-at-18.19.14-300x169.webp 300w, https:\/\/unifsa.com.br\/site\/wp-content\/uploads\/2026\/01\/WhatsApp-Image-2026-01-22-at-18.19.14-768x432.webp 768w, https:\/\/unifsa.com.br\/site\/wp-content\/uploads\/2026\/01\/WhatsApp-Image-2026-01-22-at-18.19.14-1536x864.webp 1536w, https:\/\/unifsa.com.br\/site\/wp-content\/uploads\/2026\/01\/WhatsApp-Image-2026-01-22-at-18.19.14.webp 1600w\" sizes=\"(max-width: 1024px) 100vw, 1024px\" \/><\/figure>\n\n\n\n<figure class=\"wp-block-image size-large\"><img loading=\"lazy\" decoding=\"async\" width=\"1024\" height=\"576\" data-id=\"43385\" src=\"https:\/\/unifsa.com.br\/site\/wp-content\/uploads\/2026\/01\/WhatsApp-Image-2026-01-22-at-18.19.12-1024x576.webp\" alt=\"\" class=\"wp-image-43385\" srcset=\"https:\/\/unifsa.com.br\/site\/wp-content\/uploads\/2026\/01\/WhatsApp-Image-2026-01-22-at-18.19.12-1024x576.webp 1024w, https:\/\/unifsa.com.br\/site\/wp-content\/uploads\/2026\/01\/WhatsApp-Image-2026-01-22-at-18.19.12-300x169.webp 300w, https:\/\/unifsa.com.br\/site\/wp-content\/uploads\/2026\/01\/WhatsApp-Image-2026-01-22-at-18.19.12-768x432.webp 768w, https:\/\/unifsa.com.br\/site\/wp-content\/uploads\/2026\/01\/WhatsApp-Image-2026-01-22-at-18.19.12-1536x864.webp 1536w, https:\/\/unifsa.com.br\/site\/wp-content\/uploads\/2026\/01\/WhatsApp-Image-2026-01-22-at-18.19.12.webp 1600w\" sizes=\"(max-width: 1024px) 100vw, 1024px\" \/><\/figure>\n<\/figure>\n","protected":false},"excerpt":{"rendered":"<p>O Centro Universit\u00e1rio Santo Agostinho (UNIFSA) iniciou, nesta quinta-feira (22), o VII Encontro de Coordenadores do UNIFSA, realizado Anexo II, reunindo coordenadores de curso da institui\u00e7\u00e3o para momentos de forma\u00e7\u00e3o, di\u00e1logo e alinhamento institucional. Com o tema \u201cTravessia da Gest\u00e3o Acad\u00eamica: a autoavalia\u00e7\u00e3o institucional no contexto do SINAES\u201d, o encontro tem como objetivo discutir a<\/p>\n","protected":false},"author":1,"featured_media":43384,"comment_status":"closed","ping_status":"open","sticky":false,"template":"","format":"standard","meta":{"_acf_changed":false,"footnotes":""},"categories":[6],"tags":[],"class_list":["post-43374","post","type-post","status-publish","format-standard","has-post-thumbnail","hentry","category-acontece-na-unifsa"],"acf":[],"yoast_head":"<!-- This site is optimized with the Yoast SEO plugin v26.5 - https:\/\/yoast.com\/wordpress\/plugins\/seo\/ -->\n<title>UNIFSA realiza VII Encontro de Coordenadores com foco na autoavalia\u00e7\u00e3o institucional - Centro Universit\u00e1rio Santo Agostinho - UNIFSA<\/title>\n<meta name=\"robots\" content=\"index, follow, max-snippet:-1, max-image-preview:large, max-video-preview:-1\" \/>\n<link rel=\"canonical\" href=\"https:\/\/unifsa.com.br\/site\/unifsa-realiza-vii-encontro-de-coordenadores-com-foco-na-autoavaliacao-institucional\/\" \/>\n<meta property=\"og:locale\" content=\"pt_BR\" \/>\n<meta property=\"og:type\" content=\"article\" \/>\n<meta property=\"og:title\" content=\"UNIFSA realiza VII Encontro de Coordenadores com foco na autoavalia\u00e7\u00e3o institucional - Centro Universit\u00e1rio Santo Agostinho - UNIFSA\" \/>\n<meta property=\"og:description\" content=\"O Centro Universit\u00e1rio Santo Agostinho (UNIFSA) iniciou, nesta quinta-feira (22), o VII Encontro de Coordenadores do UNIFSA, realizado Anexo II, reunindo coordenadores de curso da institui\u00e7\u00e3o para momentos de forma\u00e7\u00e3o, di\u00e1logo e alinhamento institucional. Com o tema \u201cTravessia da Gest\u00e3o Acad\u00eamica: a autoavalia\u00e7\u00e3o institucional no contexto do SINAES\u201d, o encontro tem como objetivo discutir a\" \/>\n<meta property=\"og:url\" content=\"https:\/\/unifsa.com.br\/site\/unifsa-realiza-vii-encontro-de-coordenadores-com-foco-na-autoavaliacao-institucional\/\" \/>\n<meta property=\"og:site_name\" content=\"Centro Universit\u00e1rio Santo Agostinho - UNIFSA\" \/>\n<meta property=\"article:publisher\" content=\"https:\/\/www.facebook.com\/unifsa\/\" \/>\n<meta property=\"article:published_time\" content=\"2026-01-22T20:08:47+00:00\" \/>\n<meta property=\"article:modified_time\" content=\"2026-01-23T12:00:32+00:00\" \/>\n<meta property=\"og:image\" content=\"https:\/\/unifsa.com.br\/site\/wp-content\/uploads\/2026\/01\/WhatsApp-Image-2026-01-22-at-18.19.15-1.webp\" \/>\n\t<meta property=\"og:image:width\" content=\"1600\" \/>\n\t<meta property=\"og:image:height\" content=\"900\" \/>\n\t<meta property=\"og:image:type\" content=\"image\/webp\" \/>\n<meta name=\"author\" content=\"UNIFSA\" \/>\n<meta name=\"twitter:card\" content=\"summary_large_image\" \/>\n<meta name=\"twitter:label1\" content=\"Escrito por\" \/>\n\t<meta name=\"twitter:data1\" content=\"UNIFSA\" \/>\n\t<meta name=\"twitter:label2\" content=\"Est. tempo de leitura\" \/>\n\t<meta name=\"twitter:data2\" content=\"5 minutos\" \/>\n<script type=\"application\/ld+json\" class=\"yoast-schema-graph\">{\"@context\":\"https:\/\/schema.org\",\"@graph\":[{\"@type\":\"Article\",\"@id\":\"https:\/\/unifsa.com.br\/site\/unifsa-realiza-vii-encontro-de-coordenadores-com-foco-na-autoavaliacao-institucional\/#article\",\"isPartOf\":{\"@id\":\"https:\/\/unifsa.com.br\/site\/unifsa-realiza-vii-encontro-de-coordenadores-com-foco-na-autoavaliacao-institucional\/\"},\"author\":{\"name\":\"UNIFSA\",\"@id\":\"https:\/\/unifsa.com.br\/site\/#\/schema\/person\/6f5e8438b96168f9894cb9fe5816660f\"},\"headline\":\"UNIFSA realiza VII Encontro de Coordenadores com foco na autoavalia\u00e7\u00e3o institucional\",\"datePublished\":\"2026-01-22T20:08:47+00:00\",\"dateModified\":\"2026-01-23T12:00:32+00:00\",\"mainEntityOfPage\":{\"@id\":\"https:\/\/unifsa.com.br\/site\/unifsa-realiza-vii-encontro-de-coordenadores-com-foco-na-autoavaliacao-institucional\/\"},\"wordCount\":479,\"publisher\":{\"@id\":\"https:\/\/unifsa.com.br\/site\/#organization\"},\"image\":{\"@id\":\"https:\/\/unifsa.com.br\/site\/unifsa-realiza-vii-encontro-de-coordenadores-com-foco-na-autoavaliacao-institucional\/#primaryimage\"},\"thumbnailUrl\":\"https:\/\/unifsa.com.br\/site\/wp-content\/uploads\/2026\/01\/WhatsApp-Image-2026-01-22-at-18.19.15-1.webp\",\"articleSection\":[\"Acontece na UNIFSA\"],\"inLanguage\":\"pt-BR\"},{\"@type\":\"WebPage\",\"@id\":\"https:\/\/unifsa.com.br\/site\/unifsa-realiza-vii-encontro-de-coordenadores-com-foco-na-autoavaliacao-institucional\/\",\"url\":\"https:\/\/unifsa.com.br\/site\/unifsa-realiza-vii-encontro-de-coordenadores-com-foco-na-autoavaliacao-institucional\/\",\"name\":\"UNIFSA realiza VII Encontro de Coordenadores com foco na autoavalia\u00e7\u00e3o institucional - Centro Universit\u00e1rio Santo Agostinho - UNIFSA\",\"isPartOf\":{\"@id\":\"https:\/\/unifsa.com.br\/site\/#website\"},\"primaryImageOfPage\":{\"@id\":\"https:\/\/unifsa.com.br\/site\/unifsa-realiza-vii-encontro-de-coordenadores-com-foco-na-autoavaliacao-institucional\/#primaryimage\"},\"image\":{\"@id\":\"https:\/\/unifsa.com.br\/site\/unifsa-realiza-vii-encontro-de-coordenadores-com-foco-na-autoavaliacao-institucional\/#primaryimage\"},\"thumbnailUrl\":\"https:\/\/unifsa.com.br\/site\/wp-content\/uploads\/2026\/01\/WhatsApp-Image-2026-01-22-at-18.19.15-1.webp\",\"datePublished\":\"2026-01-22T20:08:47+00:00\",\"dateModified\":\"2026-01-23T12:00:32+00:00\",\"breadcrumb\":{\"@id\":\"https:\/\/unifsa.com.br\/site\/unifsa-realiza-vii-encontro-de-coordenadores-com-foco-na-autoavaliacao-institucional\/#breadcrumb\"},\"inLanguage\":\"pt-BR\",\"potentialAction\":[{\"@type\":\"ReadAction\",\"target\":[\"https:\/\/unifsa.com.br\/site\/unifsa-realiza-vii-encontro-de-coordenadores-com-foco-na-autoavaliacao-institucional\/\"]}]},{\"@type\":\"ImageObject\",\"inLanguage\":\"pt-BR\",\"@id\":\"https:\/\/unifsa.com.br\/site\/unifsa-realiza-vii-encontro-de-coordenadores-com-foco-na-autoavaliacao-institucional\/#primaryimage\",\"url\":\"https:\/\/unifsa.com.br\/site\/wp-content\/uploads\/2026\/01\/WhatsApp-Image-2026-01-22-at-18.19.15-1.webp\",\"contentUrl\":\"https:\/\/unifsa.com.br\/site\/wp-content\/uploads\/2026\/01\/WhatsApp-Image-2026-01-22-at-18.19.15-1.webp\",\"width\":1600,\"height\":900},{\"@type\":\"BreadcrumbList\",\"@id\":\"https:\/\/unifsa.com.br\/site\/unifsa-realiza-vii-encontro-de-coordenadores-com-foco-na-autoavaliacao-institucional\/#breadcrumb\",\"itemListElement\":[{\"@type\":\"ListItem\",\"position\":1,\"name\":\"In\u00edcio\",\"item\":\"https:\/\/unifsa.com.br\/site\/\"},{\"@type\":\"ListItem\",\"position\":2,\"name\":\"UNIFSA realiza VII Encontro de Coordenadores com foco na autoavalia\u00e7\u00e3o institucional\"}]},{\"@type\":\"WebSite\",\"@id\":\"https:\/\/unifsa.com.br\/site\/#website\",\"url\":\"https:\/\/unifsa.com.br\/site\/\",\"name\":\"Centro Universit\u00e1rio Santo Agostinho - UNIFSA\",\"description\":\"Conhecimento para toda a vida\",\"publisher\":{\"@id\":\"https:\/\/unifsa.com.br\/site\/#organization\"},\"potentialAction\":[{\"@type\":\"SearchAction\",\"target\":{\"@type\":\"EntryPoint\",\"urlTemplate\":\"https:\/\/unifsa.com.br\/site\/?s={search_term_string}\"},\"query-input\":{\"@type\":\"PropertyValueSpecification\",\"valueRequired\":true,\"valueName\":\"search_term_string\"}}],\"inLanguage\":\"pt-BR\"},{\"@type\":\"Organization\",\"@id\":\"https:\/\/unifsa.com.br\/site\/#organization\",\"name\":\"Centro Universit\u00e1rio Santo Agostinho - UNIFSA\",\"url\":\"https:\/\/unifsa.com.br\/site\/\",\"logo\":{\"@type\":\"ImageObject\",\"inLanguage\":\"pt-BR\",\"@id\":\"https:\/\/unifsa.com.br\/site\/#\/schema\/logo\/image\/\",\"url\":\"https:\/\/unifsa.com.br\/site\/wp-content\/uploads\/2023\/03\/MARCA-UNIFSA-CIC23-q2apjs1mt975cf1wl25b044coj90fwoiee1kya6800.png\",\"contentUrl\":\"https:\/\/unifsa.com.br\/site\/wp-content\/uploads\/2023\/03\/MARCA-UNIFSA-CIC23-q2apjs1mt975cf1wl25b044coj90fwoiee1kya6800.png\",\"width\":103,\"height\":100,\"caption\":\"Centro Universit\u00e1rio Santo Agostinho - UNIFSA\"},\"image\":{\"@id\":\"https:\/\/unifsa.com.br\/site\/#\/schema\/logo\/image\/\"},\"sameAs\":[\"https:\/\/www.facebook.com\/unifsa\/\",\"https:\/\/www.instagram.com\/unifsa\/\"]},{\"@type\":\"Person\",\"@id\":\"https:\/\/unifsa.com.br\/site\/#\/schema\/person\/6f5e8438b96168f9894cb9fe5816660f\",\"name\":\"UNIFSA\",\"image\":{\"@type\":\"ImageObject\",\"inLanguage\":\"pt-BR\",\"@id\":\"https:\/\/unifsa.com.br\/site\/#\/schema\/person\/image\/\",\"url\":\"https:\/\/secure.gravatar.com\/avatar\/3d1043775cda1d91d725491548f9b3a0909638e5fcbd418ee6b285ebfaa2ae59?s=96&d=mm&r=g\",\"contentUrl\":\"https:\/\/secure.gravatar.com\/avatar\/3d1043775cda1d91d725491548f9b3a0909638e5fcbd418ee6b285ebfaa2ae59?s=96&d=mm&r=g\",\"caption\":\"UNIFSA\"},\"url\":\"https:\/\/unifsa.com.br\/site\/author\/rogerbezerra\/\"}]}<\/script>\n<!-- \/ Yoast SEO plugin. -->","yoast_head_json":{"title":"UNIFSA realiza VII Encontro de Coordenadores com foco na autoavalia\u00e7\u00e3o institucional - Centro Universit\u00e1rio Santo Agostinho - UNIFSA","robots":{"index":"index","follow":"follow","max-snippet":"max-snippet:-1","max-image-preview":"max-image-preview:large","max-video-preview":"max-video-preview:-1"},"canonical":"https:\/\/unifsa.com.br\/site\/unifsa-realiza-vii-encontro-de-coordenadores-com-foco-na-autoavaliacao-institucional\/","og_locale":"pt_BR","og_type":"article","og_title":"UNIFSA realiza VII Encontro de Coordenadores com foco na autoavalia\u00e7\u00e3o institucional - Centro Universit\u00e1rio Santo Agostinho - UNIFSA","og_description":"O Centro Universit\u00e1rio Santo Agostinho (UNIFSA) iniciou, nesta quinta-feira (22), o VII Encontro de Coordenadores do UNIFSA, realizado Anexo II, reunindo coordenadores de curso da institui\u00e7\u00e3o para momentos de forma\u00e7\u00e3o, di\u00e1logo e alinhamento institucional. Com o tema \u201cTravessia da Gest\u00e3o Acad\u00eamica: a autoavalia\u00e7\u00e3o institucional no contexto do SINAES\u201d, o encontro tem como objetivo discutir a","og_url":"https:\/\/unifsa.com.br\/site\/unifsa-realiza-vii-encontro-de-coordenadores-com-foco-na-autoavaliacao-institucional\/","og_site_name":"Centro Universit\u00e1rio Santo Agostinho - UNIFSA","article_publisher":"https:\/\/www.facebook.com\/unifsa\/","article_published_time":"2026-01-22T20:08:47+00:00","article_modified_time":"2026-01-23T12:00:32+00:00","og_image":[{"width":1600,"height":900,"url":"https:\/\/unifsa.com.br\/site\/wp-content\/uploads\/2026\/01\/WhatsApp-Image-2026-01-22-at-18.19.15-1.webp","type":"image\/webp"}],"author":"UNIFSA","twitter_card":"summary_large_image","twitter_misc":{"Escrito por":"UNIFSA","Est. tempo de leitura":"5 minutos"},"schema":{"@context":"https:\/\/schema.org","@graph":[{"@type":"Article","@id":"https:\/\/unifsa.com.br\/site\/unifsa-realiza-vii-encontro-de-coordenadores-com-foco-na-autoavaliacao-institucional\/#article","isPartOf":{"@id":"https:\/\/unifsa.com.br\/site\/unifsa-realiza-vii-encontro-de-coordenadores-com-foco-na-autoavaliacao-institucional\/"},"author":{"name":"UNIFSA","@id":"https:\/\/unifsa.com.br\/site\/#\/schema\/person\/6f5e8438b96168f9894cb9fe5816660f"},"headline":"UNIFSA realiza VII Encontro de Coordenadores com foco na autoavalia\u00e7\u00e3o institucional","datePublished":"2026-01-22T20:08:47+00:00","dateModified":"2026-01-23T12:00:32+00:00","mainEntityOfPage":{"@id":"https:\/\/unifsa.com.br\/site\/unifsa-realiza-vii-encontro-de-coordenadores-com-foco-na-autoavaliacao-institucional\/"},"wordCount":479,"publisher":{"@id":"https:\/\/unifsa.com.br\/site\/#organization"},"image":{"@id":"https:\/\/unifsa.com.br\/site\/unifsa-realiza-vii-encontro-de-coordenadores-com-foco-na-autoavaliacao-institucional\/#primaryimage"},"thumbnailUrl":"https:\/\/unifsa.com.br\/site\/wp-content\/uploads\/2026\/01\/WhatsApp-Image-2026-01-22-at-18.19.15-1.webp","articleSection":["Acontece na UNIFSA"],"inLanguage":"pt-BR"},{"@type":"WebPage","@id":"https:\/\/unifsa.com.br\/site\/unifsa-realiza-vii-encontro-de-coordenadores-com-foco-na-autoavaliacao-institucional\/","url":"https:\/\/unifsa.com.br\/site\/unifsa-realiza-vii-encontro-de-coordenadores-com-foco-na-autoavaliacao-institucional\/","name":"UNIFSA realiza VII Encontro de Coordenadores com foco na autoavalia\u00e7\u00e3o institucional - Centro Universit\u00e1rio Santo Agostinho - UNIFSA","isPartOf":{"@id":"https:\/\/unifsa.com.br\/site\/#website"},"primaryImageOfPage":{"@id":"https:\/\/unifsa.com.br\/site\/unifsa-realiza-vii-encontro-de-coordenadores-com-foco-na-autoavaliacao-institucional\/#primaryimage"},"image":{"@id":"https:\/\/unifsa.com.br\/site\/unifsa-realiza-vii-encontro-de-coordenadores-com-foco-na-autoavaliacao-institucional\/#primaryimage"},"thumbnailUrl":"https:\/\/unifsa.com.br\/site\/wp-content\/uploads\/2026\/01\/WhatsApp-Image-2026-01-22-at-18.19.15-1.webp","datePublished":"2026-01-22T20:08:47+00:00","dateModified":"2026-01-23T12:00:32+00:00","breadcrumb":{"@id":"https:\/\/unifsa.com.br\/site\/unifsa-realiza-vii-encontro-de-coordenadores-com-foco-na-autoavaliacao-institucional\/#breadcrumb"},"inLanguage":"pt-BR","potentialAction":[{"@type":"ReadAction","target":["https:\/\/unifsa.com.br\/site\/unifsa-realiza-vii-encontro-de-coordenadores-com-foco-na-autoavaliacao-institucional\/"]}]},{"@type":"ImageObject","inLanguage":"pt-BR","@id":"https:\/\/unifsa.com.br\/site\/unifsa-realiza-vii-encontro-de-coordenadores-com-foco-na-autoavaliacao-institucional\/#primaryimage","url":"https:\/\/unifsa.com.br\/site\/wp-content\/uploads\/2026\/01\/WhatsApp-Image-2026-01-22-at-18.19.15-1.webp","contentUrl":"https:\/\/unifsa.com.br\/site\/wp-content\/uploads\/2026\/01\/WhatsApp-Image-2026-01-22-at-18.19.15-1.webp","width":1600,"height":900},{"@type":"BreadcrumbList","@id":"https:\/\/unifsa.com.br\/site\/unifsa-realiza-vii-encontro-de-coordenadores-com-foco-na-autoavaliacao-institucional\/#breadcrumb","itemListElement":[{"@type":"ListItem","position":1,"name":"In\u00edcio","item":"https:\/\/unifsa.com.br\/site\/"},{"@type":"ListItem","position":2,"name":"UNIFSA realiza VII Encontro de Coordenadores com foco na autoavalia\u00e7\u00e3o institucional"}]},{"@type":"WebSite","@id":"https:\/\/unifsa.com.br\/site\/#website","url":"https:\/\/unifsa.com.br\/site\/","name":"Centro Universit\u00e1rio Santo Agostinho - UNIFSA","description":"Conhecimento para toda a vida","publisher":{"@id":"https:\/\/unifsa.com.br\/site\/#organization"},"potentialAction":[{"@type":"SearchAction","target":{"@type":"EntryPoint","urlTemplate":"https:\/\/unifsa.com.br\/site\/?s={search_term_string}"},"query-input":{"@type":"PropertyValueSpecification","valueRequired":true,"valueName":"search_term_string"}}],"inLanguage":"pt-BR"},{"@type":"Organization","@id":"https:\/\/unifsa.com.br\/site\/#organization","name":"Centro Universit\u00e1rio Santo Agostinho - UNIFSA","url":"https:\/\/unifsa.com.br\/site\/","logo":{"@type":"ImageObject","inLanguage":"pt-BR","@id":"https:\/\/unifsa.com.br\/site\/#\/schema\/logo\/image\/","url":"https:\/\/unifsa.com.br\/site\/wp-content\/uploads\/2023\/03\/MARCA-UNIFSA-CIC23-q2apjs1mt975cf1wl25b044coj90fwoiee1kya6800.png","contentUrl":"https:\/\/unifsa.com.br\/site\/wp-content\/uploads\/2023\/03\/MARCA-UNIFSA-CIC23-q2apjs1mt975cf1wl25b044coj90fwoiee1kya6800.png","width":103,"height":100,"caption":"Centro Universit\u00e1rio Santo Agostinho - UNIFSA"},"image":{"@id":"https:\/\/unifsa.com.br\/site\/#\/schema\/logo\/image\/"},"sameAs":["https:\/\/www.facebook.com\/unifsa\/","https:\/\/www.instagram.com\/unifsa\/"]},{"@type":"Person","@id":"https:\/\/unifsa.com.br\/site\/#\/schema\/person\/6f5e8438b96168f9894cb9fe5816660f","name":"UNIFSA","image":{"@type":"ImageObject","inLanguage":"pt-BR","@id":"https:\/\/unifsa.com.br\/site\/#\/schema\/person\/image\/","url":"https:\/\/secure.gravatar.com\/avatar\/3d1043775cda1d91d725491548f9b3a0909638e5fcbd418ee6b285ebfaa2ae59?s=96&d=mm&r=g","contentUrl":"https:\/\/secure.gravatar.com\/avatar\/3d1043775cda1d91d725491548f9b3a0909638e5fcbd418ee6b285ebfaa2ae59?s=96&d=mm&r=g","caption":"UNIFSA"},"url":"https:\/\/unifsa.com.br\/site\/author\/rogerbezerra\/"}]}},"_links":{"self":[{"href":"https:\/\/unifsa.com.br\/site\/wp-json\/wp\/v2\/posts\/43374","targetHints":{"allow":["GET"]}}],"collection":[{"href":"https:\/\/unifsa.com.br\/site\/wp-json\/wp\/v2\/posts"}],"about":[{"href":"https:\/\/unifsa.com.br\/site\/wp-json\/wp\/v2\/types\/post"}],"author":[{"embeddable":true,"href":"https:\/\/unifsa.com.br\/site\/wp-json\/wp\/v2\/users\/1"}],"replies":[{"embeddable":true,"href":"https:\/\/unifsa.com.br\/site\/wp-json\/wp\/v2\/comments?post=43374"}],"version-history":[{"count":5,"href":"https:\/\/unifsa.com.br\/site\/wp-json\/wp\/v2\/posts\/43374\/revisions"}],"predecessor-version":[{"id":43389,"href":"https:\/\/unifsa.com.br\/site\/wp-json\/wp\/v2\/posts\/43374\/revisions\/43389"}],"wp:featuredmedia":[{"embeddable":true,"href":"https:\/\/unifsa.com.br\/site\/wp-json\/wp\/v2\/media\/43384"}],"wp:attachment":[{"href":"https:\/\/unifsa.com.br\/site\/wp-json\/wp\/v2\/media?parent=43374"}],"wp:term":[{"taxonomy":"category","embeddable":true,"href":"https:\/\/unifsa.com.br\/site\/wp-json\/wp\/v2\/categories?post=43374"},{"taxonomy":"post_tag","embeddable":true,"href":"https:\/\/unifsa.com.br\/site\/wp-json\/wp\/v2\/tags?post=43374"}],"curies":[{"name":"wp","href":"https:\/\/api.w.org\/{rel}","templated":true}]}}