{"id":42607,"date":"2025-11-12T09:44:50","date_gmt":"2025-11-12T12:44:50","guid":{"rendered":"https:\/\/unifsa.com.br\/site\/?p=42607"},"modified":"2025-11-12T09:55:22","modified_gmt":"2025-11-12T12:55:22","slug":"unifsa-abre-inscricoes-para-o-vi-encontro-de-pesquisa-em-ciencia-da-nutricao","status":"publish","type":"post","link":"https:\/\/unifsa.com.br\/site\/unifsa-abre-inscricoes-para-o-vi-encontro-de-pesquisa-em-ciencia-da-nutricao\/","title":{"rendered":"UNIFSA abre inscri\u00e7\u00f5es para o VI Encontro de Pesquisa em Ci\u00eancia da Nutri\u00e7\u00e3o"},"content":{"rendered":"\n<p class=\"texto-justificado\">O Centro Universit\u00e1rio Santo Agostinho abriu as inscri\u00e7\u00f5es para o <strong>VI Encontro de Pesquisa em Ci\u00eancia da Nutri\u00e7\u00e3o<\/strong>, que ser\u00e1 realizado no dia 26 de novembro de 2025, no pr\u00e9dio sede da institui\u00e7\u00e3o, com carga hor\u00e1ria total de 10 horas. O evento \u00e9 aberto para alunos do UNIFSA e para a comunidade externa, com participa\u00e7\u00e3o mediante a doa\u00e7\u00e3o de 1 kg de alimento n\u00e3o perec\u00edvel.<\/p>\n\n\n\n<div class=\"wp-block-buttons is-content-justification-center is-layout-flex wp-container-core-buttons-is-layout-16018d1d wp-block-buttons-is-layout-flex\">\n<div class=\"wp-block-button\"><a class=\"wp-block-button__link has-vivid-cyan-blue-background-color has-background wp-element-button\" href=\"https:\/\/www.sympla.com.br\/evento\/vi-encontro-de-pesquisa-em-ciencia-da-nutricao\/3214519\">Inscri\u00e7\u00f5es<\/a><\/div>\n<\/div>\n\n\n\n<p class=\"texto-justificado\">A proposta do evento \u00e9 reconhecer que a pesquisa cient\u00edfica n\u00e3o se constitui em um ato isolado, mas no processo din\u00e2mico, cr\u00edtico e criativo, que alia pr\u00e1tica \u00e0 teoria para a explica\u00e7\u00e3o de um dado cient\u00edfico, compreendendo a forma\u00e7\u00e3o profissional, de forma reflexiva e cr\u00edtica, para\u00a0contribuir com as necessidades cient\u00edficas na \u00e1rea da nutri\u00e7\u00e3o, e identificando experi\u00eancias que podem ser alteradas a partir de uma pesquisa.<\/p>\n\n\n\n<p class=\"texto-justificado\">Por meio das bancas examinadoras e das trocas de experi\u00eancias, o encontro busca estimular o compartilhamento de saberes, fortalecer o pensamento cient\u00edfico e ampliar as percep\u00e7\u00f5es sobre os desafios e possibilidades na \u00e1rea da Ci\u00eancia da Nutri\u00e7\u00e3o.<\/p>\n\n\n\n<h2 class=\"wp-block-heading has-vivid-cyan-blue-color has-text-color has-link-color wp-elements-d6cdfbcfdbeca148fd6b8ca02afd45c5\">Confira a programa\u00e7\u00e3o completa:<\/h2>\n\n\n\n<figure class=\"wp-block-table\"><table class=\"has-fixed-layout\"><tbody><tr><td><strong>DATA<\/strong><\/td><td><strong>HOR\u00c1RIO<\/strong><\/td><td><strong>ATIVIDADE<\/strong><\/td><td><strong>MINISTRANTE<\/strong><\/td><\/tr><tr><td>26\/11<\/td><td>7h \u00e0s 8h<\/td><td>Recep\u00e7\u00e3o dos participantes inscritos no evento<strong> VI ENCONTRO DE PESQUISA EM CI\u00caNCIA DA NUTRI\u00c7\u00c3O<\/strong>\u00a0<br>Sauda\u00e7\u00f5es iniciais de boas-vindas, feita pela Coordena\u00e7\u00e3o curso de Nutri\u00e7\u00e3o e professores respons\u00e1veis.\u00a0\u00a0<\/td><td>Me. Ana Caroline de Castro Ferreira Fernandes Mac\u00eado, <br>Dra. Daniele Rodrigues Carvalho Caldas, <br>Me. Keila Cristiane Batista Bezerra, <br>Me. Liejy Agnes dos Santos Raposo Landim\u00a0<\/td><\/tr><tr><td>26\/11<\/td><td>8h \u00e0s 9h<\/td><td><strong>Palestra de abertura<\/strong>: Conex\u00f5es da nutri\u00e7\u00e3o com novos tempos.\u00a0<\/td><td>Palestrante convidado (a)\u00a0<br>Nutricionista\u00a0\u00a0<\/td><\/tr><tr><td>26\/11<\/td><td>9h \u00e0s 12h<\/td><td>Apresenta\u00e7\u00e3o e Exposi\u00e7\u00e3o de projetos de TCC \u2013 Modalidade banner\u00a0<br>\u00a0<br>\u00a0<br>Local: \u00e1rea de viv\u00eancia UNIFSA &#8211; Sede\u00a0<\/td><td>Professora respons\u00e1vel: Me. Liejy Agnes dos Santos Raposo Landim\u00a0<br>\u00a0<br>\u00a0<br>Professora auxiliar: Dra. Daniele Rodrigues Carvalho Caldas<\/td><\/tr><tr><td>26\/11<\/td><td>9h \u00e0s 12h<\/td><td>Apresenta\u00e7\u00e3o e Exposi\u00e7\u00e3o de Artigos dos TCC \u2013 Modalidade banner\u00a0<br>\u00a0<br>Local: \u00e1rea de viv\u00eancia UNIFSA &#8211; Sede\u00a0<\/td><td>Professora respons\u00e1vel: Dra. Daniele Rodrigues Carvalho Caldas.\u00a0<br>\u00a0<br>Professora auxiliar: Me. Keila Cristiane Batista Bezerra.\u00a0<\/td><\/tr><tr><td>26\/11<\/td><td>12h \u00e0s 14h<\/td><td>INTERVALO<\/td><td><\/td><\/tr><tr><td>26\/11<\/td><td>14h \u00e0s 19h<\/td><td>Apresenta\u00e7\u00e3o e Exposi\u00e7\u00e3o de Artigos dos TCC \u2013 Modalidade banner\u00a0<br>\u00a0<br>Local: \u00e1rea de viv\u00eancia UNIFSA &#8211; Sede\u00a0<\/td><td>Professora respons\u00e1vel: Me. Keila Cristiane Batista Bezerra.\u00a0<br>\u00a0<br>Professora auxiliar: Dra. Daniele Rodrigues Carvalho Caldas.\u00a0<\/td><\/tr><tr><td>26\/11<\/td><td>14h \u00e0s 19h<\/td><td>Apresenta\u00e7\u00e3o e Exposi\u00e7\u00e3o de projetos de TCC \u2013 Modalidade banner\u00a0<br>\u00a0<br>\u00a0<br>Local: \u00e1rea de viv\u00eancia UNIFSA &#8211; Sede\u00a0<\/td><td>Professora respons\u00e1vel: Me. Liejy Agnes dos Santos Raposo Landim\u00a0<br>\u00a0<br>\u00a0<br>Professora auxiliar: Dra. Daniele Rodrigues Carvalho Caldas\u00a0\u00a0<\/td><\/tr><\/tbody><\/table><\/figure>\n","protected":false},"excerpt":{"rendered":"<p>O Centro Universit\u00e1rio Santo Agostinho abriu as inscri\u00e7\u00f5es para o VI Encontro de Pesquisa em Ci\u00eancia da Nutri\u00e7\u00e3o, que ser\u00e1 realizado no dia 26 de novembro de 2025, no pr\u00e9dio sede da institui\u00e7\u00e3o, com carga hor\u00e1ria total de 10 horas. O evento \u00e9 aberto para alunos do UNIFSA e para a comunidade externa, com participa\u00e7\u00e3o<\/p>\n","protected":false},"author":11,"featured_media":42608,"comment_status":"closed","ping_status":"open","sticky":false,"template":"","format":"standard","meta":{"_acf_changed":false,"footnotes":""},"categories":[6,62],"tags":[],"class_list":["post-42607","post","type-post","status-publish","format-standard","has-post-thumbnail","hentry","category-acontece-na-unifsa","category-nutricao"],"acf":[],"yoast_head":"<!-- This site is optimized with the Yoast SEO plugin v26.5 - https:\/\/yoast.com\/wordpress\/plugins\/seo\/ -->\n<title>UNIFSA abre inscri\u00e7\u00f5es para o VI Encontro de Pesquisa em Ci\u00eancia da Nutri\u00e7\u00e3o - Centro Universit\u00e1rio Santo Agostinho - UNIFSA<\/title>\n<meta name=\"robots\" content=\"index, follow, max-snippet:-1, max-image-preview:large, max-video-preview:-1\" \/>\n<link rel=\"canonical\" href=\"https:\/\/unifsa.com.br\/site\/unifsa-abre-inscricoes-para-o-vi-encontro-de-pesquisa-em-ciencia-da-nutricao\/\" \/>\n<meta property=\"og:locale\" content=\"pt_BR\" \/>\n<meta property=\"og:type\" content=\"article\" \/>\n<meta property=\"og:title\" content=\"UNIFSA abre inscri\u00e7\u00f5es para o VI Encontro de Pesquisa em Ci\u00eancia da Nutri\u00e7\u00e3o - Centro Universit\u00e1rio Santo Agostinho - UNIFSA\" \/>\n<meta property=\"og:description\" content=\"O Centro Universit\u00e1rio Santo Agostinho abriu as inscri\u00e7\u00f5es para o VI Encontro de Pesquisa em Ci\u00eancia da Nutri\u00e7\u00e3o, que ser\u00e1 realizado no dia 26 de novembro de 2025, no pr\u00e9dio sede da institui\u00e7\u00e3o, com carga hor\u00e1ria total de 10 horas. O evento \u00e9 aberto para alunos do UNIFSA e para a comunidade externa, com participa\u00e7\u00e3o\" \/>\n<meta property=\"og:url\" content=\"https:\/\/unifsa.com.br\/site\/unifsa-abre-inscricoes-para-o-vi-encontro-de-pesquisa-em-ciencia-da-nutricao\/\" \/>\n<meta property=\"og:site_name\" content=\"Centro Universit\u00e1rio Santo Agostinho - UNIFSA\" \/>\n<meta property=\"article:publisher\" content=\"https:\/\/www.facebook.com\/unifsa\/\" \/>\n<meta property=\"article:published_time\" content=\"2025-11-12T12:44:50+00:00\" \/>\n<meta property=\"article:modified_time\" content=\"2025-11-12T12:55:22+00:00\" \/>\n<meta property=\"og:image\" content=\"https:\/\/unifsa.com.br\/site\/wp-content\/uploads\/2025\/11\/VI-Encontro-de-Pesquisa-em-Ciencia-da-Nutricao.webp\" \/>\n\t<meta property=\"og:image:width\" content=\"1920\" \/>\n\t<meta property=\"og:image:height\" content=\"805\" \/>\n\t<meta property=\"og:image:type\" content=\"image\/webp\" \/>\n<meta name=\"author\" content=\"Oceannyra Kelly da Cruz Silva\" \/>\n<meta name=\"twitter:card\" content=\"summary_large_image\" \/>\n<meta name=\"twitter:label1\" content=\"Escrito por\" \/>\n\t<meta name=\"twitter:data1\" content=\"Oceannyra Kelly da Cruz Silva\" \/>\n\t<meta name=\"twitter:label2\" content=\"Est. tempo de leitura\" \/>\n\t<meta name=\"twitter:data2\" content=\"3 minutos\" \/>\n<script type=\"application\/ld+json\" class=\"yoast-schema-graph\">{\"@context\":\"https:\/\/schema.org\",\"@graph\":[{\"@type\":\"Article\",\"@id\":\"https:\/\/unifsa.com.br\/site\/unifsa-abre-inscricoes-para-o-vi-encontro-de-pesquisa-em-ciencia-da-nutricao\/#article\",\"isPartOf\":{\"@id\":\"https:\/\/unifsa.com.br\/site\/unifsa-abre-inscricoes-para-o-vi-encontro-de-pesquisa-em-ciencia-da-nutricao\/\"},\"author\":{\"name\":\"Oceannyra Kelly da Cruz Silva\",\"@id\":\"https:\/\/unifsa.com.br\/site\/#\/schema\/person\/a4cec94bbc6ddf98f579162824de9bf2\"},\"headline\":\"UNIFSA abre inscri\u00e7\u00f5es para o VI Encontro de Pesquisa em Ci\u00eancia da Nutri\u00e7\u00e3o\",\"datePublished\":\"2025-11-12T12:44:50+00:00\",\"dateModified\":\"2025-11-12T12:55:22+00:00\",\"mainEntityOfPage\":{\"@id\":\"https:\/\/unifsa.com.br\/site\/unifsa-abre-inscricoes-para-o-vi-encontro-de-pesquisa-em-ciencia-da-nutricao\/\"},\"wordCount\":455,\"publisher\":{\"@id\":\"https:\/\/unifsa.com.br\/site\/#organization\"},\"image\":{\"@id\":\"https:\/\/unifsa.com.br\/site\/unifsa-abre-inscricoes-para-o-vi-encontro-de-pesquisa-em-ciencia-da-nutricao\/#primaryimage\"},\"thumbnailUrl\":\"https:\/\/unifsa.com.br\/site\/wp-content\/uploads\/2025\/11\/VI-Encontro-de-Pesquisa-em-Ciencia-da-Nutricao.webp\",\"articleSection\":[\"Acontece na UNIFSA\",\"Nutri\u00e7\u00e3o\"],\"inLanguage\":\"pt-BR\"},{\"@type\":\"WebPage\",\"@id\":\"https:\/\/unifsa.com.br\/site\/unifsa-abre-inscricoes-para-o-vi-encontro-de-pesquisa-em-ciencia-da-nutricao\/\",\"url\":\"https:\/\/unifsa.com.br\/site\/unifsa-abre-inscricoes-para-o-vi-encontro-de-pesquisa-em-ciencia-da-nutricao\/\",\"name\":\"UNIFSA abre inscri\u00e7\u00f5es para o VI Encontro de Pesquisa em Ci\u00eancia da Nutri\u00e7\u00e3o - Centro Universit\u00e1rio Santo Agostinho - UNIFSA\",\"isPartOf\":{\"@id\":\"https:\/\/unifsa.com.br\/site\/#website\"},\"primaryImageOfPage\":{\"@id\":\"https:\/\/unifsa.com.br\/site\/unifsa-abre-inscricoes-para-o-vi-encontro-de-pesquisa-em-ciencia-da-nutricao\/#primaryimage\"},\"image\":{\"@id\":\"https:\/\/unifsa.com.br\/site\/unifsa-abre-inscricoes-para-o-vi-encontro-de-pesquisa-em-ciencia-da-nutricao\/#primaryimage\"},\"thumbnailUrl\":\"https:\/\/unifsa.com.br\/site\/wp-content\/uploads\/2025\/11\/VI-Encontro-de-Pesquisa-em-Ciencia-da-Nutricao.webp\",\"datePublished\":\"2025-11-12T12:44:50+00:00\",\"dateModified\":\"2025-11-12T12:55:22+00:00\",\"breadcrumb\":{\"@id\":\"https:\/\/unifsa.com.br\/site\/unifsa-abre-inscricoes-para-o-vi-encontro-de-pesquisa-em-ciencia-da-nutricao\/#breadcrumb\"},\"inLanguage\":\"pt-BR\",\"potentialAction\":[{\"@type\":\"ReadAction\",\"target\":[\"https:\/\/unifsa.com.br\/site\/unifsa-abre-inscricoes-para-o-vi-encontro-de-pesquisa-em-ciencia-da-nutricao\/\"]}]},{\"@type\":\"ImageObject\",\"inLanguage\":\"pt-BR\",\"@id\":\"https:\/\/unifsa.com.br\/site\/unifsa-abre-inscricoes-para-o-vi-encontro-de-pesquisa-em-ciencia-da-nutricao\/#primaryimage\",\"url\":\"https:\/\/unifsa.com.br\/site\/wp-content\/uploads\/2025\/11\/VI-Encontro-de-Pesquisa-em-Ciencia-da-Nutricao.webp\",\"contentUrl\":\"https:\/\/unifsa.com.br\/site\/wp-content\/uploads\/2025\/11\/VI-Encontro-de-Pesquisa-em-Ciencia-da-Nutricao.webp\",\"width\":1920,\"height\":805},{\"@type\":\"BreadcrumbList\",\"@id\":\"https:\/\/unifsa.com.br\/site\/unifsa-abre-inscricoes-para-o-vi-encontro-de-pesquisa-em-ciencia-da-nutricao\/#breadcrumb\",\"itemListElement\":[{\"@type\":\"ListItem\",\"position\":1,\"name\":\"In\u00edcio\",\"item\":\"https:\/\/unifsa.com.br\/site\/\"},{\"@type\":\"ListItem\",\"position\":2,\"name\":\"UNIFSA abre inscri\u00e7\u00f5es para o VI Encontro de Pesquisa em Ci\u00eancia da Nutri\u00e7\u00e3o\"}]},{\"@type\":\"WebSite\",\"@id\":\"https:\/\/unifsa.com.br\/site\/#website\",\"url\":\"https:\/\/unifsa.com.br\/site\/\",\"name\":\"Centro Universit\u00e1rio Santo Agostinho - UNIFSA\",\"description\":\"Conhecimento para toda a vida\",\"publisher\":{\"@id\":\"https:\/\/unifsa.com.br\/site\/#organization\"},\"potentialAction\":[{\"@type\":\"SearchAction\",\"target\":{\"@type\":\"EntryPoint\",\"urlTemplate\":\"https:\/\/unifsa.com.br\/site\/?s={search_term_string}\"},\"query-input\":{\"@type\":\"PropertyValueSpecification\",\"valueRequired\":true,\"valueName\":\"search_term_string\"}}],\"inLanguage\":\"pt-BR\"},{\"@type\":\"Organization\",\"@id\":\"https:\/\/unifsa.com.br\/site\/#organization\",\"name\":\"Centro Universit\u00e1rio Santo Agostinho - UNIFSA\",\"url\":\"https:\/\/unifsa.com.br\/site\/\",\"logo\":{\"@type\":\"ImageObject\",\"inLanguage\":\"pt-BR\",\"@id\":\"https:\/\/unifsa.com.br\/site\/#\/schema\/logo\/image\/\",\"url\":\"https:\/\/unifsa.com.br\/site\/wp-content\/uploads\/2023\/03\/MARCA-UNIFSA-CIC23-q2apjs1mt975cf1wl25b044coj90fwoiee1kya6800.png\",\"contentUrl\":\"https:\/\/unifsa.com.br\/site\/wp-content\/uploads\/2023\/03\/MARCA-UNIFSA-CIC23-q2apjs1mt975cf1wl25b044coj90fwoiee1kya6800.png\",\"width\":103,\"height\":100,\"caption\":\"Centro Universit\u00e1rio Santo Agostinho - UNIFSA\"},\"image\":{\"@id\":\"https:\/\/unifsa.com.br\/site\/#\/schema\/logo\/image\/\"},\"sameAs\":[\"https:\/\/www.facebook.com\/unifsa\/\",\"https:\/\/www.instagram.com\/unifsa\/\"]},{\"@type\":\"Person\",\"@id\":\"https:\/\/unifsa.com.br\/site\/#\/schema\/person\/a4cec94bbc6ddf98f579162824de9bf2\",\"name\":\"Oceannyra Kelly da Cruz Silva\",\"image\":{\"@type\":\"ImageObject\",\"inLanguage\":\"pt-BR\",\"@id\":\"https:\/\/unifsa.com.br\/site\/#\/schema\/person\/image\/\",\"url\":\"https:\/\/secure.gravatar.com\/avatar\/05c87cd6fa2c3c73262055bd9341438a47e77a37053b409b3cf4f8df60ea8eb8?s=96&d=mm&r=g\",\"contentUrl\":\"https:\/\/secure.gravatar.com\/avatar\/05c87cd6fa2c3c73262055bd9341438a47e77a37053b409b3cf4f8df60ea8eb8?s=96&d=mm&r=g\",\"caption\":\"Oceannyra Kelly da Cruz Silva\"},\"url\":\"https:\/\/unifsa.com.br\/site\/author\/oceannyrakelly\/\"}]}<\/script>\n<!-- \/ Yoast SEO plugin. -->","yoast_head_json":{"title":"UNIFSA abre inscri\u00e7\u00f5es para o VI Encontro de Pesquisa em Ci\u00eancia da Nutri\u00e7\u00e3o - Centro Universit\u00e1rio Santo Agostinho - UNIFSA","robots":{"index":"index","follow":"follow","max-snippet":"max-snippet:-1","max-image-preview":"max-image-preview:large","max-video-preview":"max-video-preview:-1"},"canonical":"https:\/\/unifsa.com.br\/site\/unifsa-abre-inscricoes-para-o-vi-encontro-de-pesquisa-em-ciencia-da-nutricao\/","og_locale":"pt_BR","og_type":"article","og_title":"UNIFSA abre inscri\u00e7\u00f5es para o VI Encontro de Pesquisa em Ci\u00eancia da Nutri\u00e7\u00e3o - Centro Universit\u00e1rio Santo Agostinho - UNIFSA","og_description":"O Centro Universit\u00e1rio Santo Agostinho abriu as inscri\u00e7\u00f5es para o VI Encontro de Pesquisa em Ci\u00eancia da Nutri\u00e7\u00e3o, que ser\u00e1 realizado no dia 26 de novembro de 2025, no pr\u00e9dio sede da institui\u00e7\u00e3o, com carga hor\u00e1ria total de 10 horas. O evento \u00e9 aberto para alunos do UNIFSA e para a comunidade externa, com participa\u00e7\u00e3o","og_url":"https:\/\/unifsa.com.br\/site\/unifsa-abre-inscricoes-para-o-vi-encontro-de-pesquisa-em-ciencia-da-nutricao\/","og_site_name":"Centro Universit\u00e1rio Santo Agostinho - UNIFSA","article_publisher":"https:\/\/www.facebook.com\/unifsa\/","article_published_time":"2025-11-12T12:44:50+00:00","article_modified_time":"2025-11-12T12:55:22+00:00","og_image":[{"width":1920,"height":805,"url":"https:\/\/unifsa.com.br\/site\/wp-content\/uploads\/2025\/11\/VI-Encontro-de-Pesquisa-em-Ciencia-da-Nutricao.webp","type":"image\/webp"}],"author":"Oceannyra Kelly da Cruz Silva","twitter_card":"summary_large_image","twitter_misc":{"Escrito por":"Oceannyra Kelly da Cruz Silva","Est. tempo de leitura":"3 minutos"},"schema":{"@context":"https:\/\/schema.org","@graph":[{"@type":"Article","@id":"https:\/\/unifsa.com.br\/site\/unifsa-abre-inscricoes-para-o-vi-encontro-de-pesquisa-em-ciencia-da-nutricao\/#article","isPartOf":{"@id":"https:\/\/unifsa.com.br\/site\/unifsa-abre-inscricoes-para-o-vi-encontro-de-pesquisa-em-ciencia-da-nutricao\/"},"author":{"name":"Oceannyra Kelly da Cruz Silva","@id":"https:\/\/unifsa.com.br\/site\/#\/schema\/person\/a4cec94bbc6ddf98f579162824de9bf2"},"headline":"UNIFSA abre inscri\u00e7\u00f5es para o VI Encontro de Pesquisa em Ci\u00eancia da Nutri\u00e7\u00e3o","datePublished":"2025-11-12T12:44:50+00:00","dateModified":"2025-11-12T12:55:22+00:00","mainEntityOfPage":{"@id":"https:\/\/unifsa.com.br\/site\/unifsa-abre-inscricoes-para-o-vi-encontro-de-pesquisa-em-ciencia-da-nutricao\/"},"wordCount":455,"publisher":{"@id":"https:\/\/unifsa.com.br\/site\/#organization"},"image":{"@id":"https:\/\/unifsa.com.br\/site\/unifsa-abre-inscricoes-para-o-vi-encontro-de-pesquisa-em-ciencia-da-nutricao\/#primaryimage"},"thumbnailUrl":"https:\/\/unifsa.com.br\/site\/wp-content\/uploads\/2025\/11\/VI-Encontro-de-Pesquisa-em-Ciencia-da-Nutricao.webp","articleSection":["Acontece na UNIFSA","Nutri\u00e7\u00e3o"],"inLanguage":"pt-BR"},{"@type":"WebPage","@id":"https:\/\/unifsa.com.br\/site\/unifsa-abre-inscricoes-para-o-vi-encontro-de-pesquisa-em-ciencia-da-nutricao\/","url":"https:\/\/unifsa.com.br\/site\/unifsa-abre-inscricoes-para-o-vi-encontro-de-pesquisa-em-ciencia-da-nutricao\/","name":"UNIFSA abre inscri\u00e7\u00f5es para o VI Encontro de Pesquisa em Ci\u00eancia da Nutri\u00e7\u00e3o - Centro Universit\u00e1rio Santo Agostinho - UNIFSA","isPartOf":{"@id":"https:\/\/unifsa.com.br\/site\/#website"},"primaryImageOfPage":{"@id":"https:\/\/unifsa.com.br\/site\/unifsa-abre-inscricoes-para-o-vi-encontro-de-pesquisa-em-ciencia-da-nutricao\/#primaryimage"},"image":{"@id":"https:\/\/unifsa.com.br\/site\/unifsa-abre-inscricoes-para-o-vi-encontro-de-pesquisa-em-ciencia-da-nutricao\/#primaryimage"},"thumbnailUrl":"https:\/\/unifsa.com.br\/site\/wp-content\/uploads\/2025\/11\/VI-Encontro-de-Pesquisa-em-Ciencia-da-Nutricao.webp","datePublished":"2025-11-12T12:44:50+00:00","dateModified":"2025-11-12T12:55:22+00:00","breadcrumb":{"@id":"https:\/\/unifsa.com.br\/site\/unifsa-abre-inscricoes-para-o-vi-encontro-de-pesquisa-em-ciencia-da-nutricao\/#breadcrumb"},"inLanguage":"pt-BR","potentialAction":[{"@type":"ReadAction","target":["https:\/\/unifsa.com.br\/site\/unifsa-abre-inscricoes-para-o-vi-encontro-de-pesquisa-em-ciencia-da-nutricao\/"]}]},{"@type":"ImageObject","inLanguage":"pt-BR","@id":"https:\/\/unifsa.com.br\/site\/unifsa-abre-inscricoes-para-o-vi-encontro-de-pesquisa-em-ciencia-da-nutricao\/#primaryimage","url":"https:\/\/unifsa.com.br\/site\/wp-content\/uploads\/2025\/11\/VI-Encontro-de-Pesquisa-em-Ciencia-da-Nutricao.webp","contentUrl":"https:\/\/unifsa.com.br\/site\/wp-content\/uploads\/2025\/11\/VI-Encontro-de-Pesquisa-em-Ciencia-da-Nutricao.webp","width":1920,"height":805},{"@type":"BreadcrumbList","@id":"https:\/\/unifsa.com.br\/site\/unifsa-abre-inscricoes-para-o-vi-encontro-de-pesquisa-em-ciencia-da-nutricao\/#breadcrumb","itemListElement":[{"@type":"ListItem","position":1,"name":"In\u00edcio","item":"https:\/\/unifsa.com.br\/site\/"},{"@type":"ListItem","position":2,"name":"UNIFSA abre inscri\u00e7\u00f5es para o VI Encontro de Pesquisa em Ci\u00eancia da Nutri\u00e7\u00e3o"}]},{"@type":"WebSite","@id":"https:\/\/unifsa.com.br\/site\/#website","url":"https:\/\/unifsa.com.br\/site\/","name":"Centro Universit\u00e1rio Santo Agostinho - UNIFSA","description":"Conhecimento para toda a vida","publisher":{"@id":"https:\/\/unifsa.com.br\/site\/#organization"},"potentialAction":[{"@type":"SearchAction","target":{"@type":"EntryPoint","urlTemplate":"https:\/\/unifsa.com.br\/site\/?s={search_term_string}"},"query-input":{"@type":"PropertyValueSpecification","valueRequired":true,"valueName":"search_term_string"}}],"inLanguage":"pt-BR"},{"@type":"Organization","@id":"https:\/\/unifsa.com.br\/site\/#organization","name":"Centro Universit\u00e1rio Santo Agostinho - UNIFSA","url":"https:\/\/unifsa.com.br\/site\/","logo":{"@type":"ImageObject","inLanguage":"pt-BR","@id":"https:\/\/unifsa.com.br\/site\/#\/schema\/logo\/image\/","url":"https:\/\/unifsa.com.br\/site\/wp-content\/uploads\/2023\/03\/MARCA-UNIFSA-CIC23-q2apjs1mt975cf1wl25b044coj90fwoiee1kya6800.png","contentUrl":"https:\/\/unifsa.com.br\/site\/wp-content\/uploads\/2023\/03\/MARCA-UNIFSA-CIC23-q2apjs1mt975cf1wl25b044coj90fwoiee1kya6800.png","width":103,"height":100,"caption":"Centro Universit\u00e1rio Santo Agostinho - UNIFSA"},"image":{"@id":"https:\/\/unifsa.com.br\/site\/#\/schema\/logo\/image\/"},"sameAs":["https:\/\/www.facebook.com\/unifsa\/","https:\/\/www.instagram.com\/unifsa\/"]},{"@type":"Person","@id":"https:\/\/unifsa.com.br\/site\/#\/schema\/person\/a4cec94bbc6ddf98f579162824de9bf2","name":"Oceannyra Kelly da Cruz Silva","image":{"@type":"ImageObject","inLanguage":"pt-BR","@id":"https:\/\/unifsa.com.br\/site\/#\/schema\/person\/image\/","url":"https:\/\/secure.gravatar.com\/avatar\/05c87cd6fa2c3c73262055bd9341438a47e77a37053b409b3cf4f8df60ea8eb8?s=96&d=mm&r=g","contentUrl":"https:\/\/secure.gravatar.com\/avatar\/05c87cd6fa2c3c73262055bd9341438a47e77a37053b409b3cf4f8df60ea8eb8?s=96&d=mm&r=g","caption":"Oceannyra Kelly da Cruz Silva"},"url":"https:\/\/unifsa.com.br\/site\/author\/oceannyrakelly\/"}]}},"_links":{"self":[{"href":"https:\/\/unifsa.com.br\/site\/wp-json\/wp\/v2\/posts\/42607","targetHints":{"allow":["GET"]}}],"collection":[{"href":"https:\/\/unifsa.com.br\/site\/wp-json\/wp\/v2\/posts"}],"about":[{"href":"https:\/\/unifsa.com.br\/site\/wp-json\/wp\/v2\/types\/post"}],"author":[{"embeddable":true,"href":"https:\/\/unifsa.com.br\/site\/wp-json\/wp\/v2\/users\/11"}],"replies":[{"embeddable":true,"href":"https:\/\/unifsa.com.br\/site\/wp-json\/wp\/v2\/comments?post=42607"}],"version-history":[{"count":1,"href":"https:\/\/unifsa.com.br\/site\/wp-json\/wp\/v2\/posts\/42607\/revisions"}],"predecessor-version":[{"id":42609,"href":"https:\/\/unifsa.com.br\/site\/wp-json\/wp\/v2\/posts\/42607\/revisions\/42609"}],"wp:featuredmedia":[{"embeddable":true,"href":"https:\/\/unifsa.com.br\/site\/wp-json\/wp\/v2\/media\/42608"}],"wp:attachment":[{"href":"https:\/\/unifsa.com.br\/site\/wp-json\/wp\/v2\/media?parent=42607"}],"wp:term":[{"taxonomy":"category","embeddable":true,"href":"https:\/\/unifsa.com.br\/site\/wp-json\/wp\/v2\/categories?post=42607"},{"taxonomy":"post_tag","embeddable":true,"href":"https:\/\/unifsa.com.br\/site\/wp-json\/wp\/v2\/tags?post=42607"}],"curies":[{"name":"wp","href":"https:\/\/api.w.org\/{rel}","templated":true}]}}