{"id":4145,"date":"2020-07-22T11:58:30","date_gmt":"2020-07-22T14:58:30","guid":{"rendered":"https:\/\/unifsa.com.br\/site\/?p=4145"},"modified":"2020-07-23T09:14:37","modified_gmt":"2020-07-23T12:14:37","slug":"web-22-07-discute-a-nutricao-na-gestacao-e-lactacao","status":"publish","type":"post","link":"https:\/\/unifsa.com.br\/site\/web-22-07-discute-a-nutricao-na-gestacao-e-lactacao\/","title":{"rendered":"Web (22\/07) discute a  nutri\u00e7\u00e3o na gesta\u00e7\u00e3o e lacta\u00e7\u00e3o"},"content":{"rendered":"\n<p class=\"texto-justificado\">Nesta quarta, 22\/07\/2020, das 17h \u00e0s 18h30, ocorreu a Webconfer\u00eancia via Plataforma Blackboard, com o tema &#8220;Nutri\u00e7\u00e3o na Gesta\u00e7\u00e3o e Lacta\u00e7\u00e3o&#8221;, tema mediado pelas professoras Daniela Fortes e Ana Caroline Fernandes,  coordenadoras da p\u00f3s-gradua\u00e7\u00e3o em Nutri\u00e7\u00e3o Materno-Infantil no UNIFSA.  A convidada da web foi a nutricionista Duduca, do &#8220;Amiga do Peito&#8221;. <br>Durante a confer\u00eancia, foram discutidas algumas verdades e mitos sobre alimenta\u00e7\u00e3o em dois per\u00edodos da vida. Segundo a profa. Daniela Ibiapina,  cren\u00e7as populares podem prejudicar a sa\u00fade da m\u00e3e e da crian\u00e7a, como: <em>preciso comer por dois na gesta\u00e7\u00e3o, meu leite \u00e9 fraco, tenho pouco leite, o colostro n\u00e3o alimenta<\/em>, dentre outros\u2026 &#8220;Tivemos uma recep\u00e7\u00e3o muito boa, chegando a 70 participantes. Ficamos bem satisfeitas. Ocorreu um bate-papo descontra\u00eddo com tr\u00eas nutricionistas da \u00e1rea de materno-infantil e nossa  convidada foi a nutricionista Duduca, amiga do peito&#8221;, disse. Segundo a professora, os participantes se mantiveram ativos no bate papo, que foi o primeiro evento da <strong><a href=\"https:\/\/unifsa.com.br\/site\/pos_graduacao\/nutricao-materno-infantil\/\" target=\"_blank\" rel=\"noreferrer noopener\" aria-label=\"P\u00f3s gradua\u00e7\u00e3o em Nutri\u00e7\u00e3o Materno-Infantil do UNIFSA. (abre numa nova aba)\">P\u00f3s gradua\u00e7\u00e3o em Nutri\u00e7\u00e3o Materno-Infantil do UNIFSA.<\/a><\/strong> &#8220;Um sonho que se tornou projeto e agora est\u00e1 come\u00e7ando a ser executado&#8221;, comemora.<\/p>\n\n\n\n<div class=\"wp-block-button is-style-fill\"><a class=\"wp-block-button__link has-text-color has-luminous-vivid-amber-color has-background\" href=\"https:\/\/ca.bbcollab.com\/recording\/37b6a4e94b1a4889b4d1198b6348c3d4\" style=\"background-color:#0f3952\">Assista a Webconfer\u00eancia Nutri\u00e7\u00e3o na Gesta\u00e7\u00e3o e Lacta\u00e7\u00e3o <\/a><\/div>\n\n\n\n<p><\/p>\n","protected":false},"excerpt":{"rendered":"<p>Nesta quarta, 22\/07\/2020, das 17h \u00e0s 18h30, ocorreu a Webconfer\u00eancia via Plataforma Blackboard, com o tema &#8220;Nutri\u00e7\u00e3o na Gesta\u00e7\u00e3o e Lacta\u00e7\u00e3o&#8221;, tema mediado pelas professoras Daniela Fortes e Ana Caroline Fernandes, coordenadoras da p\u00f3s-gradua\u00e7\u00e3o em Nutri\u00e7\u00e3o Materno-Infantil no UNIFSA. A convidada da web foi a nutricionista Duduca, do &#8220;Amiga do Peito&#8221;. Durante a confer\u00eancia, foram<\/p>\n","protected":false},"author":4,"featured_media":4146,"comment_status":"closed","ping_status":"open","sticky":false,"template":"","format":"standard","meta":{"_acf_changed":false,"footnotes":""},"categories":[6,303],"tags":[317,152,82],"class_list":["post-4145","post","type-post","status-publish","format-standard","has-post-thumbnail","hentry","category-acontece-na-unifsa","category-pos-graduacao-unifsa","tag-pos-graduacao-em-nutricao-materno-infantil-do-unifsa","tag-pos-graduacao","tag-unifsa"],"acf":[],"yoast_head":"<!-- This site is optimized with the Yoast SEO plugin v26.5 - https:\/\/yoast.com\/wordpress\/plugins\/seo\/ -->\n<title>Web (22\/07) discute a nutri\u00e7\u00e3o na gesta\u00e7\u00e3o e lacta\u00e7\u00e3o - Centro Universit\u00e1rio Santo Agostinho - UNIFSA<\/title>\n<meta name=\"robots\" content=\"index, follow, max-snippet:-1, max-image-preview:large, max-video-preview:-1\" \/>\n<link rel=\"canonical\" href=\"https:\/\/unifsa.com.br\/site\/web-22-07-discute-a-nutricao-na-gestacao-e-lactacao\/\" \/>\n<meta property=\"og:locale\" content=\"pt_BR\" \/>\n<meta property=\"og:type\" content=\"article\" \/>\n<meta property=\"og:title\" content=\"Web (22\/07) discute a nutri\u00e7\u00e3o na gesta\u00e7\u00e3o e lacta\u00e7\u00e3o - Centro Universit\u00e1rio Santo Agostinho - UNIFSA\" \/>\n<meta property=\"og:description\" content=\"Nesta quarta, 22\/07\/2020, das 17h \u00e0s 18h30, ocorreu a Webconfer\u00eancia via Plataforma Blackboard, com o tema &#8220;Nutri\u00e7\u00e3o na Gesta\u00e7\u00e3o e Lacta\u00e7\u00e3o&#8221;, tema mediado pelas professoras Daniela Fortes e Ana Caroline Fernandes, coordenadoras da p\u00f3s-gradua\u00e7\u00e3o em Nutri\u00e7\u00e3o Materno-Infantil no UNIFSA. A convidada da web foi a nutricionista Duduca, do &#8220;Amiga do Peito&#8221;. Durante a confer\u00eancia, foram\" \/>\n<meta property=\"og:url\" content=\"https:\/\/unifsa.com.br\/site\/web-22-07-discute-a-nutricao-na-gestacao-e-lactacao\/\" \/>\n<meta property=\"og:site_name\" content=\"Centro Universit\u00e1rio Santo Agostinho - UNIFSA\" \/>\n<meta property=\"article:publisher\" content=\"https:\/\/www.facebook.com\/unifsa\/\" \/>\n<meta property=\"article:published_time\" content=\"2020-07-22T14:58:30+00:00\" \/>\n<meta property=\"article:modified_time\" content=\"2020-07-23T12:14:37+00:00\" \/>\n<meta property=\"og:image\" content=\"https:\/\/unifsa.com.br\/site\/wp-content\/uploads\/2020\/07\/WhatsApp-Image-2020-07-22-at-09.00.36.jpeg\" \/>\n\t<meta property=\"og:image:width\" content=\"1015\" \/>\n\t<meta property=\"og:image:height\" content=\"440\" \/>\n\t<meta property=\"og:image:type\" content=\"image\/jpeg\" \/>\n<meta name=\"author\" content=\"Kelma Gallas\" \/>\n<meta name=\"twitter:card\" content=\"summary_large_image\" \/>\n<meta name=\"twitter:label1\" content=\"Escrito por\" \/>\n\t<meta name=\"twitter:data1\" content=\"Kelma Gallas\" \/>\n\t<meta name=\"twitter:label2\" content=\"Est. tempo de leitura\" \/>\n\t<meta name=\"twitter:data2\" content=\"1 minuto\" \/>\n<script type=\"application\/ld+json\" class=\"yoast-schema-graph\">{\"@context\":\"https:\/\/schema.org\",\"@graph\":[{\"@type\":\"Article\",\"@id\":\"https:\/\/unifsa.com.br\/site\/web-22-07-discute-a-nutricao-na-gestacao-e-lactacao\/#article\",\"isPartOf\":{\"@id\":\"https:\/\/unifsa.com.br\/site\/web-22-07-discute-a-nutricao-na-gestacao-e-lactacao\/\"},\"author\":{\"name\":\"Kelma Gallas\",\"@id\":\"https:\/\/unifsa.com.br\/site\/#\/schema\/person\/98b869085e2dd9d314353c441bc13105\"},\"headline\":\"Web (22\/07) discute a nutri\u00e7\u00e3o na gesta\u00e7\u00e3o e lacta\u00e7\u00e3o\",\"datePublished\":\"2020-07-22T14:58:30+00:00\",\"dateModified\":\"2020-07-23T12:14:37+00:00\",\"mainEntityOfPage\":{\"@id\":\"https:\/\/unifsa.com.br\/site\/web-22-07-discute-a-nutricao-na-gestacao-e-lactacao\/\"},\"wordCount\":218,\"publisher\":{\"@id\":\"https:\/\/unifsa.com.br\/site\/#organization\"},\"image\":{\"@id\":\"https:\/\/unifsa.com.br\/site\/web-22-07-discute-a-nutricao-na-gestacao-e-lactacao\/#primaryimage\"},\"thumbnailUrl\":\"https:\/\/unifsa.com.br\/site\/wp-content\/uploads\/2020\/07\/WhatsApp-Image-2020-07-22-at-09.00.36.jpeg\",\"keywords\":[\"P\u00f3s gradua\u00e7\u00e3o em Nutri\u00e7\u00e3o Materno-Infantil do UNIFSA\",\"P\u00f3s-gradua\u00e7\u00e3o\",\"UNIFSA\"],\"articleSection\":[\"Acontece na UNIFSA\",\"P\u00f3s-Gradua\u00e7\u00e3o UNIFSA\"],\"inLanguage\":\"pt-BR\"},{\"@type\":\"WebPage\",\"@id\":\"https:\/\/unifsa.com.br\/site\/web-22-07-discute-a-nutricao-na-gestacao-e-lactacao\/\",\"url\":\"https:\/\/unifsa.com.br\/site\/web-22-07-discute-a-nutricao-na-gestacao-e-lactacao\/\",\"name\":\"Web (22\/07) discute a nutri\u00e7\u00e3o na gesta\u00e7\u00e3o e lacta\u00e7\u00e3o - Centro Universit\u00e1rio Santo Agostinho - UNIFSA\",\"isPartOf\":{\"@id\":\"https:\/\/unifsa.com.br\/site\/#website\"},\"primaryImageOfPage\":{\"@id\":\"https:\/\/unifsa.com.br\/site\/web-22-07-discute-a-nutricao-na-gestacao-e-lactacao\/#primaryimage\"},\"image\":{\"@id\":\"https:\/\/unifsa.com.br\/site\/web-22-07-discute-a-nutricao-na-gestacao-e-lactacao\/#primaryimage\"},\"thumbnailUrl\":\"https:\/\/unifsa.com.br\/site\/wp-content\/uploads\/2020\/07\/WhatsApp-Image-2020-07-22-at-09.00.36.jpeg\",\"datePublished\":\"2020-07-22T14:58:30+00:00\",\"dateModified\":\"2020-07-23T12:14:37+00:00\",\"breadcrumb\":{\"@id\":\"https:\/\/unifsa.com.br\/site\/web-22-07-discute-a-nutricao-na-gestacao-e-lactacao\/#breadcrumb\"},\"inLanguage\":\"pt-BR\",\"potentialAction\":[{\"@type\":\"ReadAction\",\"target\":[\"https:\/\/unifsa.com.br\/site\/web-22-07-discute-a-nutricao-na-gestacao-e-lactacao\/\"]}]},{\"@type\":\"ImageObject\",\"inLanguage\":\"pt-BR\",\"@id\":\"https:\/\/unifsa.com.br\/site\/web-22-07-discute-a-nutricao-na-gestacao-e-lactacao\/#primaryimage\",\"url\":\"https:\/\/unifsa.com.br\/site\/wp-content\/uploads\/2020\/07\/WhatsApp-Image-2020-07-22-at-09.00.36.jpeg\",\"contentUrl\":\"https:\/\/unifsa.com.br\/site\/wp-content\/uploads\/2020\/07\/WhatsApp-Image-2020-07-22-at-09.00.36.jpeg\",\"width\":1015,\"height\":440},{\"@type\":\"BreadcrumbList\",\"@id\":\"https:\/\/unifsa.com.br\/site\/web-22-07-discute-a-nutricao-na-gestacao-e-lactacao\/#breadcrumb\",\"itemListElement\":[{\"@type\":\"ListItem\",\"position\":1,\"name\":\"In\u00edcio\",\"item\":\"https:\/\/unifsa.com.br\/site\/\"},{\"@type\":\"ListItem\",\"position\":2,\"name\":\"Web (22\/07) discute a nutri\u00e7\u00e3o na gesta\u00e7\u00e3o e lacta\u00e7\u00e3o\"}]},{\"@type\":\"WebSite\",\"@id\":\"https:\/\/unifsa.com.br\/site\/#website\",\"url\":\"https:\/\/unifsa.com.br\/site\/\",\"name\":\"Centro Universit\u00e1rio Santo Agostinho - UNIFSA\",\"description\":\"Conhecimento para toda a vida\",\"publisher\":{\"@id\":\"https:\/\/unifsa.com.br\/site\/#organization\"},\"potentialAction\":[{\"@type\":\"SearchAction\",\"target\":{\"@type\":\"EntryPoint\",\"urlTemplate\":\"https:\/\/unifsa.com.br\/site\/?s={search_term_string}\"},\"query-input\":{\"@type\":\"PropertyValueSpecification\",\"valueRequired\":true,\"valueName\":\"search_term_string\"}}],\"inLanguage\":\"pt-BR\"},{\"@type\":\"Organization\",\"@id\":\"https:\/\/unifsa.com.br\/site\/#organization\",\"name\":\"Centro Universit\u00e1rio Santo Agostinho - UNIFSA\",\"url\":\"https:\/\/unifsa.com.br\/site\/\",\"logo\":{\"@type\":\"ImageObject\",\"inLanguage\":\"pt-BR\",\"@id\":\"https:\/\/unifsa.com.br\/site\/#\/schema\/logo\/image\/\",\"url\":\"https:\/\/unifsa.com.br\/site\/wp-content\/uploads\/2023\/03\/MARCA-UNIFSA-CIC23-q2apjs1mt975cf1wl25b044coj90fwoiee1kya6800.png\",\"contentUrl\":\"https:\/\/unifsa.com.br\/site\/wp-content\/uploads\/2023\/03\/MARCA-UNIFSA-CIC23-q2apjs1mt975cf1wl25b044coj90fwoiee1kya6800.png\",\"width\":103,\"height\":100,\"caption\":\"Centro Universit\u00e1rio Santo Agostinho - UNIFSA\"},\"image\":{\"@id\":\"https:\/\/unifsa.com.br\/site\/#\/schema\/logo\/image\/\"},\"sameAs\":[\"https:\/\/www.facebook.com\/unifsa\/\",\"https:\/\/www.instagram.com\/unifsa\/\"]},{\"@type\":\"Person\",\"@id\":\"https:\/\/unifsa.com.br\/site\/#\/schema\/person\/98b869085e2dd9d314353c441bc13105\",\"name\":\"Kelma Gallas\",\"image\":{\"@type\":\"ImageObject\",\"inLanguage\":\"pt-BR\",\"@id\":\"https:\/\/unifsa.com.br\/site\/#\/schema\/person\/image\/\",\"url\":\"https:\/\/secure.gravatar.com\/avatar\/0eeeaa5b842fd4fde35ede75238fcd5926aacd692cc981aeea889c78c38fe991?s=96&d=mm&r=g\",\"contentUrl\":\"https:\/\/secure.gravatar.com\/avatar\/0eeeaa5b842fd4fde35ede75238fcd5926aacd692cc981aeea889c78c38fe991?s=96&d=mm&r=g\",\"caption\":\"Kelma Gallas\"},\"url\":\"https:\/\/unifsa.com.br\/site\/author\/kelmagallas\/\"}]}<\/script>\n<!-- \/ Yoast SEO plugin. -->","yoast_head_json":{"title":"Web (22\/07) discute a nutri\u00e7\u00e3o na gesta\u00e7\u00e3o e lacta\u00e7\u00e3o - Centro Universit\u00e1rio Santo Agostinho - UNIFSA","robots":{"index":"index","follow":"follow","max-snippet":"max-snippet:-1","max-image-preview":"max-image-preview:large","max-video-preview":"max-video-preview:-1"},"canonical":"https:\/\/unifsa.com.br\/site\/web-22-07-discute-a-nutricao-na-gestacao-e-lactacao\/","og_locale":"pt_BR","og_type":"article","og_title":"Web (22\/07) discute a nutri\u00e7\u00e3o na gesta\u00e7\u00e3o e lacta\u00e7\u00e3o - Centro Universit\u00e1rio Santo Agostinho - UNIFSA","og_description":"Nesta quarta, 22\/07\/2020, das 17h \u00e0s 18h30, ocorreu a Webconfer\u00eancia via Plataforma Blackboard, com o tema &#8220;Nutri\u00e7\u00e3o na Gesta\u00e7\u00e3o e Lacta\u00e7\u00e3o&#8221;, tema mediado pelas professoras Daniela Fortes e Ana Caroline Fernandes, coordenadoras da p\u00f3s-gradua\u00e7\u00e3o em Nutri\u00e7\u00e3o Materno-Infantil no UNIFSA. A convidada da web foi a nutricionista Duduca, do &#8220;Amiga do Peito&#8221;. Durante a confer\u00eancia, foram","og_url":"https:\/\/unifsa.com.br\/site\/web-22-07-discute-a-nutricao-na-gestacao-e-lactacao\/","og_site_name":"Centro Universit\u00e1rio Santo Agostinho - UNIFSA","article_publisher":"https:\/\/www.facebook.com\/unifsa\/","article_published_time":"2020-07-22T14:58:30+00:00","article_modified_time":"2020-07-23T12:14:37+00:00","og_image":[{"width":1015,"height":440,"url":"https:\/\/unifsa.com.br\/site\/wp-content\/uploads\/2020\/07\/WhatsApp-Image-2020-07-22-at-09.00.36.jpeg","type":"image\/jpeg"}],"author":"Kelma Gallas","twitter_card":"summary_large_image","twitter_misc":{"Escrito por":"Kelma Gallas","Est. tempo de leitura":"1 minuto"},"schema":{"@context":"https:\/\/schema.org","@graph":[{"@type":"Article","@id":"https:\/\/unifsa.com.br\/site\/web-22-07-discute-a-nutricao-na-gestacao-e-lactacao\/#article","isPartOf":{"@id":"https:\/\/unifsa.com.br\/site\/web-22-07-discute-a-nutricao-na-gestacao-e-lactacao\/"},"author":{"name":"Kelma Gallas","@id":"https:\/\/unifsa.com.br\/site\/#\/schema\/person\/98b869085e2dd9d314353c441bc13105"},"headline":"Web (22\/07) discute a nutri\u00e7\u00e3o na gesta\u00e7\u00e3o e lacta\u00e7\u00e3o","datePublished":"2020-07-22T14:58:30+00:00","dateModified":"2020-07-23T12:14:37+00:00","mainEntityOfPage":{"@id":"https:\/\/unifsa.com.br\/site\/web-22-07-discute-a-nutricao-na-gestacao-e-lactacao\/"},"wordCount":218,"publisher":{"@id":"https:\/\/unifsa.com.br\/site\/#organization"},"image":{"@id":"https:\/\/unifsa.com.br\/site\/web-22-07-discute-a-nutricao-na-gestacao-e-lactacao\/#primaryimage"},"thumbnailUrl":"https:\/\/unifsa.com.br\/site\/wp-content\/uploads\/2020\/07\/WhatsApp-Image-2020-07-22-at-09.00.36.jpeg","keywords":["P\u00f3s gradua\u00e7\u00e3o em Nutri\u00e7\u00e3o Materno-Infantil do UNIFSA","P\u00f3s-gradua\u00e7\u00e3o","UNIFSA"],"articleSection":["Acontece na UNIFSA","P\u00f3s-Gradua\u00e7\u00e3o UNIFSA"],"inLanguage":"pt-BR"},{"@type":"WebPage","@id":"https:\/\/unifsa.com.br\/site\/web-22-07-discute-a-nutricao-na-gestacao-e-lactacao\/","url":"https:\/\/unifsa.com.br\/site\/web-22-07-discute-a-nutricao-na-gestacao-e-lactacao\/","name":"Web (22\/07) discute a nutri\u00e7\u00e3o na gesta\u00e7\u00e3o e lacta\u00e7\u00e3o - Centro Universit\u00e1rio Santo Agostinho - UNIFSA","isPartOf":{"@id":"https:\/\/unifsa.com.br\/site\/#website"},"primaryImageOfPage":{"@id":"https:\/\/unifsa.com.br\/site\/web-22-07-discute-a-nutricao-na-gestacao-e-lactacao\/#primaryimage"},"image":{"@id":"https:\/\/unifsa.com.br\/site\/web-22-07-discute-a-nutricao-na-gestacao-e-lactacao\/#primaryimage"},"thumbnailUrl":"https:\/\/unifsa.com.br\/site\/wp-content\/uploads\/2020\/07\/WhatsApp-Image-2020-07-22-at-09.00.36.jpeg","datePublished":"2020-07-22T14:58:30+00:00","dateModified":"2020-07-23T12:14:37+00:00","breadcrumb":{"@id":"https:\/\/unifsa.com.br\/site\/web-22-07-discute-a-nutricao-na-gestacao-e-lactacao\/#breadcrumb"},"inLanguage":"pt-BR","potentialAction":[{"@type":"ReadAction","target":["https:\/\/unifsa.com.br\/site\/web-22-07-discute-a-nutricao-na-gestacao-e-lactacao\/"]}]},{"@type":"ImageObject","inLanguage":"pt-BR","@id":"https:\/\/unifsa.com.br\/site\/web-22-07-discute-a-nutricao-na-gestacao-e-lactacao\/#primaryimage","url":"https:\/\/unifsa.com.br\/site\/wp-content\/uploads\/2020\/07\/WhatsApp-Image-2020-07-22-at-09.00.36.jpeg","contentUrl":"https:\/\/unifsa.com.br\/site\/wp-content\/uploads\/2020\/07\/WhatsApp-Image-2020-07-22-at-09.00.36.jpeg","width":1015,"height":440},{"@type":"BreadcrumbList","@id":"https:\/\/unifsa.com.br\/site\/web-22-07-discute-a-nutricao-na-gestacao-e-lactacao\/#breadcrumb","itemListElement":[{"@type":"ListItem","position":1,"name":"In\u00edcio","item":"https:\/\/unifsa.com.br\/site\/"},{"@type":"ListItem","position":2,"name":"Web (22\/07) discute a nutri\u00e7\u00e3o na gesta\u00e7\u00e3o e lacta\u00e7\u00e3o"}]},{"@type":"WebSite","@id":"https:\/\/unifsa.com.br\/site\/#website","url":"https:\/\/unifsa.com.br\/site\/","name":"Centro Universit\u00e1rio Santo Agostinho - UNIFSA","description":"Conhecimento para toda a vida","publisher":{"@id":"https:\/\/unifsa.com.br\/site\/#organization"},"potentialAction":[{"@type":"SearchAction","target":{"@type":"EntryPoint","urlTemplate":"https:\/\/unifsa.com.br\/site\/?s={search_term_string}"},"query-input":{"@type":"PropertyValueSpecification","valueRequired":true,"valueName":"search_term_string"}}],"inLanguage":"pt-BR"},{"@type":"Organization","@id":"https:\/\/unifsa.com.br\/site\/#organization","name":"Centro Universit\u00e1rio Santo Agostinho - UNIFSA","url":"https:\/\/unifsa.com.br\/site\/","logo":{"@type":"ImageObject","inLanguage":"pt-BR","@id":"https:\/\/unifsa.com.br\/site\/#\/schema\/logo\/image\/","url":"https:\/\/unifsa.com.br\/site\/wp-content\/uploads\/2023\/03\/MARCA-UNIFSA-CIC23-q2apjs1mt975cf1wl25b044coj90fwoiee1kya6800.png","contentUrl":"https:\/\/unifsa.com.br\/site\/wp-content\/uploads\/2023\/03\/MARCA-UNIFSA-CIC23-q2apjs1mt975cf1wl25b044coj90fwoiee1kya6800.png","width":103,"height":100,"caption":"Centro Universit\u00e1rio Santo Agostinho - UNIFSA"},"image":{"@id":"https:\/\/unifsa.com.br\/site\/#\/schema\/logo\/image\/"},"sameAs":["https:\/\/www.facebook.com\/unifsa\/","https:\/\/www.instagram.com\/unifsa\/"]},{"@type":"Person","@id":"https:\/\/unifsa.com.br\/site\/#\/schema\/person\/98b869085e2dd9d314353c441bc13105","name":"Kelma Gallas","image":{"@type":"ImageObject","inLanguage":"pt-BR","@id":"https:\/\/unifsa.com.br\/site\/#\/schema\/person\/image\/","url":"https:\/\/secure.gravatar.com\/avatar\/0eeeaa5b842fd4fde35ede75238fcd5926aacd692cc981aeea889c78c38fe991?s=96&d=mm&r=g","contentUrl":"https:\/\/secure.gravatar.com\/avatar\/0eeeaa5b842fd4fde35ede75238fcd5926aacd692cc981aeea889c78c38fe991?s=96&d=mm&r=g","caption":"Kelma Gallas"},"url":"https:\/\/unifsa.com.br\/site\/author\/kelmagallas\/"}]}},"_links":{"self":[{"href":"https:\/\/unifsa.com.br\/site\/wp-json\/wp\/v2\/posts\/4145","targetHints":{"allow":["GET"]}}],"collection":[{"href":"https:\/\/unifsa.com.br\/site\/wp-json\/wp\/v2\/posts"}],"about":[{"href":"https:\/\/unifsa.com.br\/site\/wp-json\/wp\/v2\/types\/post"}],"author":[{"embeddable":true,"href":"https:\/\/unifsa.com.br\/site\/wp-json\/wp\/v2\/users\/4"}],"replies":[{"embeddable":true,"href":"https:\/\/unifsa.com.br\/site\/wp-json\/wp\/v2\/comments?post=4145"}],"version-history":[{"count":5,"href":"https:\/\/unifsa.com.br\/site\/wp-json\/wp\/v2\/posts\/4145\/revisions"}],"predecessor-version":[{"id":4176,"href":"https:\/\/unifsa.com.br\/site\/wp-json\/wp\/v2\/posts\/4145\/revisions\/4176"}],"wp:featuredmedia":[{"embeddable":true,"href":"https:\/\/unifsa.com.br\/site\/wp-json\/wp\/v2\/media\/4146"}],"wp:attachment":[{"href":"https:\/\/unifsa.com.br\/site\/wp-json\/wp\/v2\/media?parent=4145"}],"wp:term":[{"taxonomy":"category","embeddable":true,"href":"https:\/\/unifsa.com.br\/site\/wp-json\/wp\/v2\/categories?post=4145"},{"taxonomy":"post_tag","embeddable":true,"href":"https:\/\/unifsa.com.br\/site\/wp-json\/wp\/v2\/tags?post=4145"}],"curies":[{"name":"wp","href":"https:\/\/api.w.org\/{rel}","templated":true}]}}