{"id":41368,"date":"2025-11-04T07:00:00","date_gmt":"2025-11-04T10:00:00","guid":{"rendered":"https:\/\/unifsa.com.br\/site\/?p=41368"},"modified":"2025-11-01T11:17:21","modified_gmt":"2025-11-01T14:17:21","slug":"confira-tudo-o-que-vai-acontecer-no-1-dia-do-2-cics","status":"publish","type":"post","link":"https:\/\/unifsa.com.br\/site\/confira-tudo-o-que-vai-acontecer-no-1-dia-do-2-cics\/","title":{"rendered":"Confira tudo o que vai acontecer no 1\u00b0 dia do 2\u00b0 CICS"},"content":{"rendered":"\n<p class=\"texto-justificado\">O Centro Universit\u00e1rio Santo Agostinho d\u00e1 in\u00edcio, no dia 4 de novembro (ter\u00e7a-feira), ao <strong>2\u00b0 Congresso Internacional Ci\u00eancia e Sociedade (CICS)<\/strong>, que promete reunir especialistas nacionais e internacionais em debates interdisciplinares sobre ci\u00eancia, sa\u00fade, educa\u00e7\u00e3o e inova\u00e7\u00e3o. A programa\u00e7\u00e3o do primeiro dia ter\u00e1 atividades ao longo da manh\u00e3, tarde e noite, todas no pr\u00e9dio Anexo II da Institui\u00e7\u00e3o. Ela contempla credenciamento, atividades culturais, mesas-redondas, pain\u00e9is cient\u00edficos e a confer\u00eancia magna de abertura.<\/p>\n\n\n\n<figure class=\"wp-block-image size-large\"><img fetchpriority=\"high\" decoding=\"async\" width=\"1024\" height=\"379\" src=\"https:\/\/unifsa.com.br\/site\/wp-content\/uploads\/2025\/10\/image-1024x379.webp\" alt=\"\" class=\"wp-image-42232\" srcset=\"https:\/\/unifsa.com.br\/site\/wp-content\/uploads\/2025\/10\/image-1024x379.webp 1024w, https:\/\/unifsa.com.br\/site\/wp-content\/uploads\/2025\/10\/image-300x111.webp 300w, https:\/\/unifsa.com.br\/site\/wp-content\/uploads\/2025\/10\/image-768x284.webp 768w, https:\/\/unifsa.com.br\/site\/wp-content\/uploads\/2025\/10\/image.webp 1033w\" sizes=\"(max-width: 1024px) 100vw, 1024px\" \/><\/figure>\n\n\n\n<h2 class=\"wp-block-heading\">Manh\u00e3<\/h2>\n\n\n\n<p class=\"texto-justificado\">O dia come\u00e7a com o credenciamento dos participantes, na Sala de Reuni\u00f5es do Anexo II. Em seguida, o p\u00fablico poder\u00e1 prestigiar a exposi\u00e7\u00e3o \u201cDas Mem\u00f3rias Que Resistimos, Aos Futuros Que Sonhamos\u201d, do artista pl\u00e1stico Nonato Oliveira, instalada no hall do Audit\u00f3rio Cl\u00f3vis Melo.<\/p>\n\n\n\n<h2 class=\"wp-block-heading\">Tarde<\/h2>\n\n\n<div class=\"wp-block-image\">\n<figure class=\"alignleft size-large is-resized\"><img decoding=\"async\" width=\"819\" height=\"1024\" src=\"https:\/\/unifsa.com.br\/site\/wp-content\/uploads\/2025\/10\/Mesa-CICS-43-819x1024.webp\" alt=\"\" class=\"wp-image-42226\" style=\"width:146px;height:auto\" srcset=\"https:\/\/unifsa.com.br\/site\/wp-content\/uploads\/2025\/10\/Mesa-CICS-43-819x1024.webp 819w, https:\/\/unifsa.com.br\/site\/wp-content\/uploads\/2025\/10\/Mesa-CICS-43-240x300.webp 240w, https:\/\/unifsa.com.br\/site\/wp-content\/uploads\/2025\/10\/Mesa-CICS-43-768x960.webp 768w, https:\/\/unifsa.com.br\/site\/wp-content\/uploads\/2025\/10\/Mesa-CICS-43.webp 1080w\" sizes=\"(max-width: 819px) 100vw, 819px\" \/><\/figure>\n<\/div>\n\n\n<p class=\"texto-justificado\">A programa\u00e7\u00e3o cient\u00edfica inicia \u00e0s 14h30, com duas atividades em paralelo. Na Sala de Confer\u00eancia, acontece a mesa <strong>\u201cLaserterapia em Odontologia e suas Aplica\u00e7\u00f5es\u201d<\/strong>, com a participa\u00e7\u00e3o do Prof. Dr. Aguinaldo Silva Garcez Segundo (remoto), da Faculdade S\u00e3o Leopoldo Mandic, e do Prof. Me. Marcondes Cavalcante Santana Neto, do UNIFSA. A media\u00e7\u00e3o ser\u00e1 da Profa. Ma. Thais Oliveira Cordeiro, e a Profa. Dra. Luanne Mara Rodrigues de Matos atuar\u00e1 como debatedora.<\/p>\n\n\n<div class=\"wp-block-image\">\n<figure class=\"alignright size-large is-resized\"><img decoding=\"async\" width=\"819\" height=\"1024\" src=\"https:\/\/unifsa.com.br\/site\/wp-content\/uploads\/2025\/10\/Mesa-CICS-41-819x1024.webp\" alt=\"\" class=\"wp-image-42227\" style=\"width:147px;height:auto\" srcset=\"https:\/\/unifsa.com.br\/site\/wp-content\/uploads\/2025\/10\/Mesa-CICS-41-819x1024.webp 819w, https:\/\/unifsa.com.br\/site\/wp-content\/uploads\/2025\/10\/Mesa-CICS-41-240x300.webp 240w, https:\/\/unifsa.com.br\/site\/wp-content\/uploads\/2025\/10\/Mesa-CICS-41-768x960.webp 768w, https:\/\/unifsa.com.br\/site\/wp-content\/uploads\/2025\/10\/Mesa-CICS-41.webp 1080w\" sizes=\"(max-width: 819px) 100vw, 819px\" \/><\/figure>\n<\/div>\n\n\n<p class=\"texto-justificado\">No Audit\u00f3rio Cl\u00f3vis Melo, o tema em destaque ser\u00e1 <strong>\u201cSem Gl\u00faten, Sem Barreiras: Olhares Interprofissionais sobre a Doen\u00e7a Cel\u00edaca\u201d<\/strong>, reunindo especialistas renomados como a Profa. Dra. Carolina Olano (WGO\/Uruguai), Prof. Dr. \u00c1ureo de Almeida Delgado (FBG\/UFJF), Profa. Dra. Joz\u00ealda Lemos Duarte (FBG\/CRM-PI) e Profa. Dra. Clea Mara Coutinho Bento (ACELPI), sob a media\u00e7\u00e3o da Profa. Dra. Cintia Maria de Melo Mendes (UNIFSA).<\/p>\n\n\n<div class=\"wp-block-image\">\n<figure class=\"alignleft size-large is-resized\"><img loading=\"lazy\" decoding=\"async\" width=\"819\" height=\"1024\" src=\"https:\/\/unifsa.com.br\/site\/wp-content\/uploads\/2025\/10\/Mesa-CICS-42-819x1024.webp\" alt=\"\" class=\"wp-image-42228\" style=\"width:147px;height:auto\" srcset=\"https:\/\/unifsa.com.br\/site\/wp-content\/uploads\/2025\/10\/Mesa-CICS-42-819x1024.webp 819w, https:\/\/unifsa.com.br\/site\/wp-content\/uploads\/2025\/10\/Mesa-CICS-42-240x300.webp 240w, https:\/\/unifsa.com.br\/site\/wp-content\/uploads\/2025\/10\/Mesa-CICS-42-768x960.webp 768w, https:\/\/unifsa.com.br\/site\/wp-content\/uploads\/2025\/10\/Mesa-CICS-42.webp 1080w\" sizes=\"(max-width: 819px) 100vw, 819px\" \/><\/figure>\n<\/div>\n\n\n<p class=\"texto-justificado\">\u00c0s 16h, o Audit\u00f3rio Cl\u00f3vis Melo recebe o painel <strong>\u201cA Intelig\u00eancia Artificial e Humanidades Digitais: Caminhos Inovadores para a Educa\u00e7\u00e3o Global e a Paz Sustent\u00e1vel\u201d<\/strong>, com a presen\u00e7a do Des. Jos\u00e9 Wilson Ferreira de Ara\u00fajo J\u00fanior (TJ-PI), tendo como debatedor o Pres. Raimundo J\u00fanior (OAB-PI) e como moderador o Prof. Dr. Marcus Vin\u00edcius do Nascimento Lima (UNIFSA).<\/p>\n\n\n\n<p><\/p>\n\n\n\n<h2 class=\"wp-block-heading\">Noite<\/h2>\n\n\n\n<p class=\"texto-justificado\">A programa\u00e7\u00e3o noturna ser\u00e1 marcada por momentos culturais e solenes. \u00c0s 18h, haver\u00e1 apresenta\u00e7\u00e3o musical da cantora, compositora e egressa de Psicologia, Ariane Ulisses. Em seguida, \u00e0s 18h30, ocorrer\u00e1 a <strong>Mesa de Abertura<\/strong> com a presen\u00e7a de autoridades institucionais, entre elas a Reitora e Pr\u00f3-Reitora de Ensino, Profa. Ma. Antonieta Lira e Silva, a Pr\u00f3-Reitora Administrativo e Financeiro, Ma. Indira Maria de Melo Lira Pereira da Silva, o Diretor de Ensino, Prof. Dr. Edj\u00f4fre Coelho de Oliveira.<\/p>\n\n\n<div class=\"wp-block-image\">\n<figure class=\"alignleft size-large is-resized\"><img loading=\"lazy\" decoding=\"async\" width=\"819\" height=\"1024\" src=\"https:\/\/unifsa.com.br\/site\/wp-content\/uploads\/2025\/10\/Mesa-CICS-44-819x1024.webp\" alt=\"\" class=\"wp-image-42230\" style=\"width:149px;height:auto\" srcset=\"https:\/\/unifsa.com.br\/site\/wp-content\/uploads\/2025\/10\/Mesa-CICS-44-819x1024.webp 819w, https:\/\/unifsa.com.br\/site\/wp-content\/uploads\/2025\/10\/Mesa-CICS-44-240x300.webp 240w, https:\/\/unifsa.com.br\/site\/wp-content\/uploads\/2025\/10\/Mesa-CICS-44-768x960.webp 768w, https:\/\/unifsa.com.br\/site\/wp-content\/uploads\/2025\/10\/Mesa-CICS-44.webp 1080w\" sizes=\"(max-width: 819px) 100vw, 819px\" \/><\/figure>\n<\/div>\n\n\n<p class=\"texto-justificado\">Encerrando o primeiro dia, \u00e0s 19h30, ser\u00e1 realizada a <strong>Confer\u00eancia Magna<\/strong> com o tema <strong>\u201cDesenvolvimento Humano e Social: das Ideias \u00e0s Pr\u00e1ticas\u201d<\/strong>, ministrada pelas professoras doutoras Purificaci\u00f3n Morgado Panadero e Maribel Rodr\u00edguez Fidalgo, da Universidad de Salamanca (Espanha). A media\u00e7\u00e3o ficar\u00e1 a cargo do Prof. Dr. Alisson Dias Gomes (UNIFSA).<\/p>\n\n\n\n<p>O evento se estende at\u00e9 o dia 8 de outubro, com muito mais paineis, debates, momentos culturais e apresenta\u00e7\u00e3o de trabalhos.<\/p>\n\n\n\n<div class=\"wp-block-buttons is-content-justification-center is-layout-flex wp-container-core-buttons-is-layout-16018d1d wp-block-buttons-is-layout-flex\">\n<div class=\"wp-block-button\"><a class=\"wp-block-button__link has-white-color has-vivid-cyan-blue-background-color has-text-color has-background has-link-color wp-element-button\" href=\"https:\/\/unifsa.com.br\/cics2025\/programacao-geral\/\">Confira a programa\u00e7\u00e3o completa do 2\u00b0 CICS<\/a><\/div>\n<\/div>\n\n\n\n<div class=\"wp-block-buttons is-content-justification-center is-layout-flex wp-container-core-buttons-is-layout-16018d1d wp-block-buttons-is-layout-flex\">\n<div class=\"wp-block-button\"><a class=\"wp-block-button__link has-white-color has-text-color has-background has-link-color wp-element-button\" href=\"https:\/\/unifsa.com.br\/site\/wp-content\/uploads\/2025\/10\/Momento-cultural-CICS-1.pdf\" style=\"background-color:#07486e\">Confira a programa\u00e7\u00e3o artistico-cultural completa <\/a><\/div>\n<\/div>\n\n\n\n<p><\/p>\n","protected":false},"excerpt":{"rendered":"<p>O Centro Universit\u00e1rio Santo Agostinho d\u00e1 in\u00edcio, no dia 4 de novembro (ter\u00e7a-feira), ao 2\u00b0 Congresso Internacional Ci\u00eancia e Sociedade (CICS), que promete reunir especialistas nacionais e internacionais em debates interdisciplinares sobre ci\u00eancia, sa\u00fade, educa\u00e7\u00e3o e inova\u00e7\u00e3o. A programa\u00e7\u00e3o do primeiro dia ter\u00e1 atividades ao longo da manh\u00e3, tarde e noite, todas no pr\u00e9dio Anexo<\/p>\n","protected":false},"author":11,"featured_media":42234,"comment_status":"closed","ping_status":"open","sticky":false,"template":"","format":"standard","meta":{"_acf_changed":false,"footnotes":""},"categories":[6,1830],"tags":[],"class_list":["post-41368","post","type-post","status-publish","format-standard","has-post-thumbnail","hentry","category-acontece-na-unifsa","category-cics-2025"],"acf":[],"yoast_head":"<!-- This site is optimized with the Yoast SEO plugin v26.5 - https:\/\/yoast.com\/wordpress\/plugins\/seo\/ -->\n<title>Confira tudo o que vai acontecer no 1\u00b0 dia do 2\u00b0 CICS - Centro Universit\u00e1rio Santo Agostinho - UNIFSA<\/title>\n<meta name=\"robots\" content=\"index, follow, max-snippet:-1, max-image-preview:large, max-video-preview:-1\" \/>\n<link rel=\"canonical\" href=\"https:\/\/unifsa.com.br\/site\/confira-tudo-o-que-vai-acontecer-no-1-dia-do-2-cics\/\" \/>\n<meta property=\"og:locale\" content=\"pt_BR\" \/>\n<meta property=\"og:type\" content=\"article\" \/>\n<meta property=\"og:title\" content=\"Confira tudo o que vai acontecer no 1\u00b0 dia do 2\u00b0 CICS - Centro Universit\u00e1rio Santo Agostinho - UNIFSA\" \/>\n<meta property=\"og:description\" content=\"O Centro Universit\u00e1rio Santo Agostinho d\u00e1 in\u00edcio, no dia 4 de novembro (ter\u00e7a-feira), ao 2\u00b0 Congresso Internacional Ci\u00eancia e Sociedade (CICS), que promete reunir especialistas nacionais e internacionais em debates interdisciplinares sobre ci\u00eancia, sa\u00fade, educa\u00e7\u00e3o e inova\u00e7\u00e3o. A programa\u00e7\u00e3o do primeiro dia ter\u00e1 atividades ao longo da manh\u00e3, tarde e noite, todas no pr\u00e9dio Anexo\" \/>\n<meta property=\"og:url\" content=\"https:\/\/unifsa.com.br\/site\/confira-tudo-o-que-vai-acontecer-no-1-dia-do-2-cics\/\" \/>\n<meta property=\"og:site_name\" content=\"Centro Universit\u00e1rio Santo Agostinho - UNIFSA\" \/>\n<meta property=\"article:publisher\" content=\"https:\/\/www.facebook.com\/unifsa\/\" \/>\n<meta property=\"article:published_time\" content=\"2025-11-04T10:00:00+00:00\" \/>\n<meta property=\"og:image\" content=\"https:\/\/unifsa.com.br\/site\/wp-content\/uploads\/2025\/10\/Site-2\u00b0-CICS-4.webp\" \/>\n\t<meta property=\"og:image:width\" content=\"1920\" \/>\n\t<meta property=\"og:image:height\" content=\"805\" \/>\n\t<meta property=\"og:image:type\" content=\"image\/webp\" \/>\n<meta name=\"author\" content=\"Oceannyra Kelly da Cruz Silva\" \/>\n<meta name=\"twitter:card\" content=\"summary_large_image\" \/>\n<meta name=\"twitter:label1\" content=\"Escrito por\" \/>\n\t<meta name=\"twitter:data1\" content=\"Oceannyra Kelly da Cruz Silva\" \/>\n\t<meta name=\"twitter:label2\" content=\"Est. tempo de leitura\" \/>\n\t<meta name=\"twitter:data2\" content=\"4 minutos\" \/>\n<script type=\"application\/ld+json\" class=\"yoast-schema-graph\">{\"@context\":\"https:\/\/schema.org\",\"@graph\":[{\"@type\":\"Article\",\"@id\":\"https:\/\/unifsa.com.br\/site\/confira-tudo-o-que-vai-acontecer-no-1-dia-do-2-cics\/#article\",\"isPartOf\":{\"@id\":\"https:\/\/unifsa.com.br\/site\/confira-tudo-o-que-vai-acontecer-no-1-dia-do-2-cics\/\"},\"author\":{\"name\":\"Oceannyra Kelly da Cruz Silva\",\"@id\":\"https:\/\/unifsa.com.br\/site\/#\/schema\/person\/a4cec94bbc6ddf98f579162824de9bf2\"},\"headline\":\"Confira tudo o que vai acontecer no 1\u00b0 dia do 2\u00b0 CICS\",\"datePublished\":\"2025-11-04T10:00:00+00:00\",\"mainEntityOfPage\":{\"@id\":\"https:\/\/unifsa.com.br\/site\/confira-tudo-o-que-vai-acontecer-no-1-dia-do-2-cics\/\"},\"wordCount\":537,\"publisher\":{\"@id\":\"https:\/\/unifsa.com.br\/site\/#organization\"},\"image\":{\"@id\":\"https:\/\/unifsa.com.br\/site\/confira-tudo-o-que-vai-acontecer-no-1-dia-do-2-cics\/#primaryimage\"},\"thumbnailUrl\":\"https:\/\/unifsa.com.br\/site\/wp-content\/uploads\/2025\/10\/Site-2\u00b0-CICS-4.webp\",\"articleSection\":[\"Acontece na UNIFSA\",\"CICS 2025\"],\"inLanguage\":\"pt-BR\"},{\"@type\":\"WebPage\",\"@id\":\"https:\/\/unifsa.com.br\/site\/confira-tudo-o-que-vai-acontecer-no-1-dia-do-2-cics\/\",\"url\":\"https:\/\/unifsa.com.br\/site\/confira-tudo-o-que-vai-acontecer-no-1-dia-do-2-cics\/\",\"name\":\"Confira tudo o que vai acontecer no 1\u00b0 dia do 2\u00b0 CICS - Centro Universit\u00e1rio Santo Agostinho - UNIFSA\",\"isPartOf\":{\"@id\":\"https:\/\/unifsa.com.br\/site\/#website\"},\"primaryImageOfPage\":{\"@id\":\"https:\/\/unifsa.com.br\/site\/confira-tudo-o-que-vai-acontecer-no-1-dia-do-2-cics\/#primaryimage\"},\"image\":{\"@id\":\"https:\/\/unifsa.com.br\/site\/confira-tudo-o-que-vai-acontecer-no-1-dia-do-2-cics\/#primaryimage\"},\"thumbnailUrl\":\"https:\/\/unifsa.com.br\/site\/wp-content\/uploads\/2025\/10\/Site-2\u00b0-CICS-4.webp\",\"datePublished\":\"2025-11-04T10:00:00+00:00\",\"breadcrumb\":{\"@id\":\"https:\/\/unifsa.com.br\/site\/confira-tudo-o-que-vai-acontecer-no-1-dia-do-2-cics\/#breadcrumb\"},\"inLanguage\":\"pt-BR\",\"potentialAction\":[{\"@type\":\"ReadAction\",\"target\":[\"https:\/\/unifsa.com.br\/site\/confira-tudo-o-que-vai-acontecer-no-1-dia-do-2-cics\/\"]}]},{\"@type\":\"ImageObject\",\"inLanguage\":\"pt-BR\",\"@id\":\"https:\/\/unifsa.com.br\/site\/confira-tudo-o-que-vai-acontecer-no-1-dia-do-2-cics\/#primaryimage\",\"url\":\"https:\/\/unifsa.com.br\/site\/wp-content\/uploads\/2025\/10\/Site-2\u00b0-CICS-4.webp\",\"contentUrl\":\"https:\/\/unifsa.com.br\/site\/wp-content\/uploads\/2025\/10\/Site-2\u00b0-CICS-4.webp\",\"width\":1920,\"height\":805},{\"@type\":\"BreadcrumbList\",\"@id\":\"https:\/\/unifsa.com.br\/site\/confira-tudo-o-que-vai-acontecer-no-1-dia-do-2-cics\/#breadcrumb\",\"itemListElement\":[{\"@type\":\"ListItem\",\"position\":1,\"name\":\"In\u00edcio\",\"item\":\"https:\/\/unifsa.com.br\/site\/\"},{\"@type\":\"ListItem\",\"position\":2,\"name\":\"Confira tudo o que vai acontecer no 1\u00b0 dia do 2\u00b0 CICS\"}]},{\"@type\":\"WebSite\",\"@id\":\"https:\/\/unifsa.com.br\/site\/#website\",\"url\":\"https:\/\/unifsa.com.br\/site\/\",\"name\":\"Centro Universit\u00e1rio Santo Agostinho - UNIFSA\",\"description\":\"Conhecimento para toda a vida\",\"publisher\":{\"@id\":\"https:\/\/unifsa.com.br\/site\/#organization\"},\"potentialAction\":[{\"@type\":\"SearchAction\",\"target\":{\"@type\":\"EntryPoint\",\"urlTemplate\":\"https:\/\/unifsa.com.br\/site\/?s={search_term_string}\"},\"query-input\":{\"@type\":\"PropertyValueSpecification\",\"valueRequired\":true,\"valueName\":\"search_term_string\"}}],\"inLanguage\":\"pt-BR\"},{\"@type\":\"Organization\",\"@id\":\"https:\/\/unifsa.com.br\/site\/#organization\",\"name\":\"Centro Universit\u00e1rio Santo Agostinho - UNIFSA\",\"url\":\"https:\/\/unifsa.com.br\/site\/\",\"logo\":{\"@type\":\"ImageObject\",\"inLanguage\":\"pt-BR\",\"@id\":\"https:\/\/unifsa.com.br\/site\/#\/schema\/logo\/image\/\",\"url\":\"https:\/\/unifsa.com.br\/site\/wp-content\/uploads\/2023\/03\/MARCA-UNIFSA-CIC23-q2apjs1mt975cf1wl25b044coj90fwoiee1kya6800.png\",\"contentUrl\":\"https:\/\/unifsa.com.br\/site\/wp-content\/uploads\/2023\/03\/MARCA-UNIFSA-CIC23-q2apjs1mt975cf1wl25b044coj90fwoiee1kya6800.png\",\"width\":103,\"height\":100,\"caption\":\"Centro Universit\u00e1rio Santo Agostinho - UNIFSA\"},\"image\":{\"@id\":\"https:\/\/unifsa.com.br\/site\/#\/schema\/logo\/image\/\"},\"sameAs\":[\"https:\/\/www.facebook.com\/unifsa\/\",\"https:\/\/www.instagram.com\/unifsa\/\"]},{\"@type\":\"Person\",\"@id\":\"https:\/\/unifsa.com.br\/site\/#\/schema\/person\/a4cec94bbc6ddf98f579162824de9bf2\",\"name\":\"Oceannyra Kelly da Cruz Silva\",\"image\":{\"@type\":\"ImageObject\",\"inLanguage\":\"pt-BR\",\"@id\":\"https:\/\/unifsa.com.br\/site\/#\/schema\/person\/image\/\",\"url\":\"https:\/\/secure.gravatar.com\/avatar\/05c87cd6fa2c3c73262055bd9341438a47e77a37053b409b3cf4f8df60ea8eb8?s=96&d=mm&r=g\",\"contentUrl\":\"https:\/\/secure.gravatar.com\/avatar\/05c87cd6fa2c3c73262055bd9341438a47e77a37053b409b3cf4f8df60ea8eb8?s=96&d=mm&r=g\",\"caption\":\"Oceannyra Kelly da Cruz Silva\"},\"url\":\"https:\/\/unifsa.com.br\/site\/author\/oceannyrakelly\/\"}]}<\/script>\n<!-- \/ Yoast SEO plugin. -->","yoast_head_json":{"title":"Confira tudo o que vai acontecer no 1\u00b0 dia do 2\u00b0 CICS - Centro Universit\u00e1rio Santo Agostinho - UNIFSA","robots":{"index":"index","follow":"follow","max-snippet":"max-snippet:-1","max-image-preview":"max-image-preview:large","max-video-preview":"max-video-preview:-1"},"canonical":"https:\/\/unifsa.com.br\/site\/confira-tudo-o-que-vai-acontecer-no-1-dia-do-2-cics\/","og_locale":"pt_BR","og_type":"article","og_title":"Confira tudo o que vai acontecer no 1\u00b0 dia do 2\u00b0 CICS - Centro Universit\u00e1rio Santo Agostinho - UNIFSA","og_description":"O Centro Universit\u00e1rio Santo Agostinho d\u00e1 in\u00edcio, no dia 4 de novembro (ter\u00e7a-feira), ao 2\u00b0 Congresso Internacional Ci\u00eancia e Sociedade (CICS), que promete reunir especialistas nacionais e internacionais em debates interdisciplinares sobre ci\u00eancia, sa\u00fade, educa\u00e7\u00e3o e inova\u00e7\u00e3o. A programa\u00e7\u00e3o do primeiro dia ter\u00e1 atividades ao longo da manh\u00e3, tarde e noite, todas no pr\u00e9dio Anexo","og_url":"https:\/\/unifsa.com.br\/site\/confira-tudo-o-que-vai-acontecer-no-1-dia-do-2-cics\/","og_site_name":"Centro Universit\u00e1rio Santo Agostinho - UNIFSA","article_publisher":"https:\/\/www.facebook.com\/unifsa\/","article_published_time":"2025-11-04T10:00:00+00:00","og_image":[{"width":1920,"height":805,"url":"https:\/\/unifsa.com.br\/site\/wp-content\/uploads\/2025\/10\/Site-2\u00b0-CICS-4.webp","type":"image\/webp"}],"author":"Oceannyra Kelly da Cruz Silva","twitter_card":"summary_large_image","twitter_misc":{"Escrito por":"Oceannyra Kelly da Cruz Silva","Est. tempo de leitura":"4 minutos"},"schema":{"@context":"https:\/\/schema.org","@graph":[{"@type":"Article","@id":"https:\/\/unifsa.com.br\/site\/confira-tudo-o-que-vai-acontecer-no-1-dia-do-2-cics\/#article","isPartOf":{"@id":"https:\/\/unifsa.com.br\/site\/confira-tudo-o-que-vai-acontecer-no-1-dia-do-2-cics\/"},"author":{"name":"Oceannyra Kelly da Cruz Silva","@id":"https:\/\/unifsa.com.br\/site\/#\/schema\/person\/a4cec94bbc6ddf98f579162824de9bf2"},"headline":"Confira tudo o que vai acontecer no 1\u00b0 dia do 2\u00b0 CICS","datePublished":"2025-11-04T10:00:00+00:00","mainEntityOfPage":{"@id":"https:\/\/unifsa.com.br\/site\/confira-tudo-o-que-vai-acontecer-no-1-dia-do-2-cics\/"},"wordCount":537,"publisher":{"@id":"https:\/\/unifsa.com.br\/site\/#organization"},"image":{"@id":"https:\/\/unifsa.com.br\/site\/confira-tudo-o-que-vai-acontecer-no-1-dia-do-2-cics\/#primaryimage"},"thumbnailUrl":"https:\/\/unifsa.com.br\/site\/wp-content\/uploads\/2025\/10\/Site-2\u00b0-CICS-4.webp","articleSection":["Acontece na UNIFSA","CICS 2025"],"inLanguage":"pt-BR"},{"@type":"WebPage","@id":"https:\/\/unifsa.com.br\/site\/confira-tudo-o-que-vai-acontecer-no-1-dia-do-2-cics\/","url":"https:\/\/unifsa.com.br\/site\/confira-tudo-o-que-vai-acontecer-no-1-dia-do-2-cics\/","name":"Confira tudo o que vai acontecer no 1\u00b0 dia do 2\u00b0 CICS - Centro Universit\u00e1rio Santo Agostinho - UNIFSA","isPartOf":{"@id":"https:\/\/unifsa.com.br\/site\/#website"},"primaryImageOfPage":{"@id":"https:\/\/unifsa.com.br\/site\/confira-tudo-o-que-vai-acontecer-no-1-dia-do-2-cics\/#primaryimage"},"image":{"@id":"https:\/\/unifsa.com.br\/site\/confira-tudo-o-que-vai-acontecer-no-1-dia-do-2-cics\/#primaryimage"},"thumbnailUrl":"https:\/\/unifsa.com.br\/site\/wp-content\/uploads\/2025\/10\/Site-2\u00b0-CICS-4.webp","datePublished":"2025-11-04T10:00:00+00:00","breadcrumb":{"@id":"https:\/\/unifsa.com.br\/site\/confira-tudo-o-que-vai-acontecer-no-1-dia-do-2-cics\/#breadcrumb"},"inLanguage":"pt-BR","potentialAction":[{"@type":"ReadAction","target":["https:\/\/unifsa.com.br\/site\/confira-tudo-o-que-vai-acontecer-no-1-dia-do-2-cics\/"]}]},{"@type":"ImageObject","inLanguage":"pt-BR","@id":"https:\/\/unifsa.com.br\/site\/confira-tudo-o-que-vai-acontecer-no-1-dia-do-2-cics\/#primaryimage","url":"https:\/\/unifsa.com.br\/site\/wp-content\/uploads\/2025\/10\/Site-2\u00b0-CICS-4.webp","contentUrl":"https:\/\/unifsa.com.br\/site\/wp-content\/uploads\/2025\/10\/Site-2\u00b0-CICS-4.webp","width":1920,"height":805},{"@type":"BreadcrumbList","@id":"https:\/\/unifsa.com.br\/site\/confira-tudo-o-que-vai-acontecer-no-1-dia-do-2-cics\/#breadcrumb","itemListElement":[{"@type":"ListItem","position":1,"name":"In\u00edcio","item":"https:\/\/unifsa.com.br\/site\/"},{"@type":"ListItem","position":2,"name":"Confira tudo o que vai acontecer no 1\u00b0 dia do 2\u00b0 CICS"}]},{"@type":"WebSite","@id":"https:\/\/unifsa.com.br\/site\/#website","url":"https:\/\/unifsa.com.br\/site\/","name":"Centro Universit\u00e1rio Santo Agostinho - UNIFSA","description":"Conhecimento para toda a vida","publisher":{"@id":"https:\/\/unifsa.com.br\/site\/#organization"},"potentialAction":[{"@type":"SearchAction","target":{"@type":"EntryPoint","urlTemplate":"https:\/\/unifsa.com.br\/site\/?s={search_term_string}"},"query-input":{"@type":"PropertyValueSpecification","valueRequired":true,"valueName":"search_term_string"}}],"inLanguage":"pt-BR"},{"@type":"Organization","@id":"https:\/\/unifsa.com.br\/site\/#organization","name":"Centro Universit\u00e1rio Santo Agostinho - UNIFSA","url":"https:\/\/unifsa.com.br\/site\/","logo":{"@type":"ImageObject","inLanguage":"pt-BR","@id":"https:\/\/unifsa.com.br\/site\/#\/schema\/logo\/image\/","url":"https:\/\/unifsa.com.br\/site\/wp-content\/uploads\/2023\/03\/MARCA-UNIFSA-CIC23-q2apjs1mt975cf1wl25b044coj90fwoiee1kya6800.png","contentUrl":"https:\/\/unifsa.com.br\/site\/wp-content\/uploads\/2023\/03\/MARCA-UNIFSA-CIC23-q2apjs1mt975cf1wl25b044coj90fwoiee1kya6800.png","width":103,"height":100,"caption":"Centro Universit\u00e1rio Santo Agostinho - UNIFSA"},"image":{"@id":"https:\/\/unifsa.com.br\/site\/#\/schema\/logo\/image\/"},"sameAs":["https:\/\/www.facebook.com\/unifsa\/","https:\/\/www.instagram.com\/unifsa\/"]},{"@type":"Person","@id":"https:\/\/unifsa.com.br\/site\/#\/schema\/person\/a4cec94bbc6ddf98f579162824de9bf2","name":"Oceannyra Kelly da Cruz Silva","image":{"@type":"ImageObject","inLanguage":"pt-BR","@id":"https:\/\/unifsa.com.br\/site\/#\/schema\/person\/image\/","url":"https:\/\/secure.gravatar.com\/avatar\/05c87cd6fa2c3c73262055bd9341438a47e77a37053b409b3cf4f8df60ea8eb8?s=96&d=mm&r=g","contentUrl":"https:\/\/secure.gravatar.com\/avatar\/05c87cd6fa2c3c73262055bd9341438a47e77a37053b409b3cf4f8df60ea8eb8?s=96&d=mm&r=g","caption":"Oceannyra Kelly da Cruz Silva"},"url":"https:\/\/unifsa.com.br\/site\/author\/oceannyrakelly\/"}]}},"_links":{"self":[{"href":"https:\/\/unifsa.com.br\/site\/wp-json\/wp\/v2\/posts\/41368","targetHints":{"allow":["GET"]}}],"collection":[{"href":"https:\/\/unifsa.com.br\/site\/wp-json\/wp\/v2\/posts"}],"about":[{"href":"https:\/\/unifsa.com.br\/site\/wp-json\/wp\/v2\/types\/post"}],"author":[{"embeddable":true,"href":"https:\/\/unifsa.com.br\/site\/wp-json\/wp\/v2\/users\/11"}],"replies":[{"embeddable":true,"href":"https:\/\/unifsa.com.br\/site\/wp-json\/wp\/v2\/comments?post=41368"}],"version-history":[{"count":5,"href":"https:\/\/unifsa.com.br\/site\/wp-json\/wp\/v2\/posts\/41368\/revisions"}],"predecessor-version":[{"id":42255,"href":"https:\/\/unifsa.com.br\/site\/wp-json\/wp\/v2\/posts\/41368\/revisions\/42255"}],"wp:featuredmedia":[{"embeddable":true,"href":"https:\/\/unifsa.com.br\/site\/wp-json\/wp\/v2\/media\/42234"}],"wp:attachment":[{"href":"https:\/\/unifsa.com.br\/site\/wp-json\/wp\/v2\/media?parent=41368"}],"wp:term":[{"taxonomy":"category","embeddable":true,"href":"https:\/\/unifsa.com.br\/site\/wp-json\/wp\/v2\/categories?post=41368"},{"taxonomy":"post_tag","embeddable":true,"href":"https:\/\/unifsa.com.br\/site\/wp-json\/wp\/v2\/tags?post=41368"}],"curies":[{"name":"wp","href":"https:\/\/api.w.org\/{rel}","templated":true}]}}