{"id":40305,"date":"2025-07-02T09:09:02","date_gmt":"2025-07-02T12:09:02","guid":{"rendered":"https:\/\/unifsa.com.br\/site\/?p=40305"},"modified":"2025-07-02T09:09:04","modified_gmt":"2025-07-02T12:09:04","slug":"unifsa-fortalece-formacao-docente-no-35o-encontro-pedagogico-e-na-2a-jornada-de-medicina","status":"publish","type":"post","link":"https:\/\/unifsa.com.br\/site\/unifsa-fortalece-formacao-docente-no-35o-encontro-pedagogico-e-na-2a-jornada-de-medicina\/","title":{"rendered":"UNIFSA fortalece forma\u00e7\u00e3o docente no 35\u00ba Encontro Pedag\u00f3gico e na 2\u00aa Jornada de Medicina"},"content":{"rendered":"\n<p class=\"texto-justificado\">O Centro Universit\u00e1rio Santo Agostinho realizou, entre os dias 23 de junho e 1\u00ba de julho, o 35\u00ba Encontro Pedag\u00f3gico e a 2\u00aa Jornada Pedag\u00f3gica de Medicina. Com o tema \u201cConstruindo pontes: os cuidados com o capital humano art\u00edstico e intelectual\u201d, os eventos reuniram professores e coordenadores do UNIFSA para momentos de integra\u00e7\u00e3o, forma\u00e7\u00e3o e troca de experi\u00eancias. <\/p>\n\n\n\n<p><\/p>\n\n\n\n<p class=\"texto-justificado\">O in\u00edcio da programa\u00e7\u00e3o foi marcado por um coquetel junino de boas-vindas aos docentes participantes, com m\u00fasica ao vivo, anima\u00e7\u00e3o e deliciosas comidas.<\/p>\n\n\n\n<p><\/p>\n\n\n\n<figure class=\"wp-block-gallery has-nested-images columns-default is-cropped wp-block-gallery-1 is-layout-flex wp-block-gallery-is-layout-flex\">\n<figure class=\"wp-block-image size-large\"><img fetchpriority=\"high\" decoding=\"async\" width=\"1024\" height=\"576\" data-id=\"40419\" src=\"https:\/\/unifsa.com.br\/site\/wp-content\/uploads\/2025\/07\/WhatsApp-Image-2025-07-02-at-08.39.32-1024x576.webp\" alt=\"\" class=\"wp-image-40419\" srcset=\"https:\/\/unifsa.com.br\/site\/wp-content\/uploads\/2025\/07\/WhatsApp-Image-2025-07-02-at-08.39.32-1024x576.webp 1024w, https:\/\/unifsa.com.br\/site\/wp-content\/uploads\/2025\/07\/WhatsApp-Image-2025-07-02-at-08.39.32-300x169.webp 300w, https:\/\/unifsa.com.br\/site\/wp-content\/uploads\/2025\/07\/WhatsApp-Image-2025-07-02-at-08.39.32-768x432.webp 768w, https:\/\/unifsa.com.br\/site\/wp-content\/uploads\/2025\/07\/WhatsApp-Image-2025-07-02-at-08.39.32-1536x864.webp 1536w, https:\/\/unifsa.com.br\/site\/wp-content\/uploads\/2025\/07\/WhatsApp-Image-2025-07-02-at-08.39.32-2048x1152.webp 2048w\" sizes=\"(max-width: 1024px) 100vw, 1024px\" \/><\/figure>\n\n\n\n<figure class=\"wp-block-image size-large\"><img decoding=\"async\" width=\"1024\" height=\"576\" data-id=\"40417\" src=\"https:\/\/unifsa.com.br\/site\/wp-content\/uploads\/2025\/07\/WhatsApp-Image-2025-07-02-at-08.39.02-1024x576.webp\" alt=\"\" class=\"wp-image-40417\" srcset=\"https:\/\/unifsa.com.br\/site\/wp-content\/uploads\/2025\/07\/WhatsApp-Image-2025-07-02-at-08.39.02-1024x576.webp 1024w, https:\/\/unifsa.com.br\/site\/wp-content\/uploads\/2025\/07\/WhatsApp-Image-2025-07-02-at-08.39.02-300x169.webp 300w, https:\/\/unifsa.com.br\/site\/wp-content\/uploads\/2025\/07\/WhatsApp-Image-2025-07-02-at-08.39.02-768x432.webp 768w, https:\/\/unifsa.com.br\/site\/wp-content\/uploads\/2025\/07\/WhatsApp-Image-2025-07-02-at-08.39.02-1536x864.webp 1536w, https:\/\/unifsa.com.br\/site\/wp-content\/uploads\/2025\/07\/WhatsApp-Image-2025-07-02-at-08.39.02-2048x1152.webp 2048w\" sizes=\"(max-width: 1024px) 100vw, 1024px\" \/><\/figure>\n\n\n\n<figure class=\"wp-block-image size-large\"><img decoding=\"async\" width=\"1024\" height=\"576\" data-id=\"40418\" src=\"https:\/\/unifsa.com.br\/site\/wp-content\/uploads\/2025\/07\/WhatsApp-Image-2025-07-02-at-08.38.19-1024x576.webp\" alt=\"\" class=\"wp-image-40418\" srcset=\"https:\/\/unifsa.com.br\/site\/wp-content\/uploads\/2025\/07\/WhatsApp-Image-2025-07-02-at-08.38.19-1024x576.webp 1024w, https:\/\/unifsa.com.br\/site\/wp-content\/uploads\/2025\/07\/WhatsApp-Image-2025-07-02-at-08.38.19-300x169.webp 300w, https:\/\/unifsa.com.br\/site\/wp-content\/uploads\/2025\/07\/WhatsApp-Image-2025-07-02-at-08.38.19-768x432.webp 768w, https:\/\/unifsa.com.br\/site\/wp-content\/uploads\/2025\/07\/WhatsApp-Image-2025-07-02-at-08.38.19-1536x864.webp 1536w, https:\/\/unifsa.com.br\/site\/wp-content\/uploads\/2025\/07\/WhatsApp-Image-2025-07-02-at-08.38.19-2048x1152.webp 2048w\" sizes=\"(max-width: 1024px) 100vw, 1024px\" \/><\/figure>\n<\/figure>\n\n\n\n<p><\/p>\n\n\n\n<p class=\"texto-justificado\">Em seguida, ocorreu a solenidade oficial de abertura do Encontro, conduzida pela Reitora Antonieta Lira e Silva, pela Pr\u00f3-Reitora Administrativo-Financeira Indira Maria de Melo Lira Pereira da Silva e pelo Diretor de Ensino Edj\u00f4fre Coelho de Oliveira. <\/p>\n\n\n\n<p><\/p>\n\n\n\n<figure class=\"wp-block-gallery has-nested-images columns-default is-cropped wp-block-gallery-2 is-layout-flex wp-block-gallery-is-layout-flex\">\n<figure class=\"wp-block-image size-large\"><img loading=\"lazy\" decoding=\"async\" width=\"1024\" height=\"576\" data-id=\"40422\" src=\"https:\/\/unifsa.com.br\/site\/wp-content\/uploads\/2025\/07\/IMG_2963-1024x576.webp\" alt=\"\" class=\"wp-image-40422\" srcset=\"https:\/\/unifsa.com.br\/site\/wp-content\/uploads\/2025\/07\/IMG_2963-1024x576.webp 1024w, https:\/\/unifsa.com.br\/site\/wp-content\/uploads\/2025\/07\/IMG_2963-300x169.webp 300w, https:\/\/unifsa.com.br\/site\/wp-content\/uploads\/2025\/07\/IMG_2963-768x432.webp 768w, https:\/\/unifsa.com.br\/site\/wp-content\/uploads\/2025\/07\/IMG_2963-1536x864.webp 1536w, https:\/\/unifsa.com.br\/site\/wp-content\/uploads\/2025\/07\/IMG_2963-2048x1152.webp 2048w\" sizes=\"(max-width: 1024px) 100vw, 1024px\" \/><\/figure>\n\n\n\n<figure class=\"wp-block-image size-large\"><img loading=\"lazy\" decoding=\"async\" width=\"1024\" height=\"576\" data-id=\"40334\" src=\"https:\/\/unifsa.com.br\/site\/wp-content\/uploads\/2025\/06\/IMG_2855-1024x576.webp\" alt=\"\" class=\"wp-image-40334\" srcset=\"https:\/\/unifsa.com.br\/site\/wp-content\/uploads\/2025\/06\/IMG_2855-1024x576.webp 1024w, https:\/\/unifsa.com.br\/site\/wp-content\/uploads\/2025\/06\/IMG_2855-300x169.webp 300w, https:\/\/unifsa.com.br\/site\/wp-content\/uploads\/2025\/06\/IMG_2855-768x432.webp 768w, https:\/\/unifsa.com.br\/site\/wp-content\/uploads\/2025\/06\/IMG_2855-1536x864.webp 1536w, https:\/\/unifsa.com.br\/site\/wp-content\/uploads\/2025\/06\/IMG_2855-2048x1152.webp 2048w\" sizes=\"(max-width: 1024px) 100vw, 1024px\" \/><\/figure>\n<\/figure>\n\n\n\n<p><\/p>\n\n\n\n<p class=\"texto-justificado\">\u00c0s 18h30, a mesa de abertura trouxe importantes reflex\u00f5es sobre a valoriza\u00e7\u00e3o do capital humano, com contribui\u00e7\u00f5es de Lydiana Menezes d\u2019Albuquerque e Germana Matos.<\/p>\n\n\n\n<p><\/p>\n\n\n\n<figure class=\"wp-block-gallery has-nested-images columns-default is-cropped wp-block-gallery-3 is-layout-flex wp-block-gallery-is-layout-flex\">\n<figure class=\"wp-block-image size-large\"><img loading=\"lazy\" decoding=\"async\" width=\"1024\" height=\"576\" data-id=\"40420\" src=\"https:\/\/unifsa.com.br\/site\/wp-content\/uploads\/2025\/07\/IMG_2939-1024x576.webp\" alt=\"\" class=\"wp-image-40420\" srcset=\"https:\/\/unifsa.com.br\/site\/wp-content\/uploads\/2025\/07\/IMG_2939-1024x576.webp 1024w, https:\/\/unifsa.com.br\/site\/wp-content\/uploads\/2025\/07\/IMG_2939-300x169.webp 300w, https:\/\/unifsa.com.br\/site\/wp-content\/uploads\/2025\/07\/IMG_2939-768x432.webp 768w, https:\/\/unifsa.com.br\/site\/wp-content\/uploads\/2025\/07\/IMG_2939-1536x864.webp 1536w, https:\/\/unifsa.com.br\/site\/wp-content\/uploads\/2025\/07\/IMG_2939-2048x1152.webp 2048w\" sizes=\"(max-width: 1024px) 100vw, 1024px\" \/><\/figure>\n\n\n\n<figure class=\"wp-block-image size-large\"><img loading=\"lazy\" decoding=\"async\" width=\"1024\" height=\"576\" data-id=\"40335\" src=\"https:\/\/unifsa.com.br\/site\/wp-content\/uploads\/2025\/06\/IMG_2886-1024x576.webp\" alt=\"\" class=\"wp-image-40335\" srcset=\"https:\/\/unifsa.com.br\/site\/wp-content\/uploads\/2025\/06\/IMG_2886-1024x576.webp 1024w, https:\/\/unifsa.com.br\/site\/wp-content\/uploads\/2025\/06\/IMG_2886-300x169.webp 300w, https:\/\/unifsa.com.br\/site\/wp-content\/uploads\/2025\/06\/IMG_2886-768x432.webp 768w, https:\/\/unifsa.com.br\/site\/wp-content\/uploads\/2025\/06\/IMG_2886-1536x864.webp 1536w, https:\/\/unifsa.com.br\/site\/wp-content\/uploads\/2025\/06\/IMG_2886-2048x1152.webp 2048w\" sizes=\"(max-width: 1024px) 100vw, 1024px\" \/><\/figure>\n\n\n\n<figure class=\"wp-block-image size-large\"><img loading=\"lazy\" decoding=\"async\" width=\"1024\" height=\"576\" data-id=\"40421\" src=\"https:\/\/unifsa.com.br\/site\/wp-content\/uploads\/2025\/07\/IMG_2907-1024x576.webp\" alt=\"\" class=\"wp-image-40421\" srcset=\"https:\/\/unifsa.com.br\/site\/wp-content\/uploads\/2025\/07\/IMG_2907-1024x576.webp 1024w, https:\/\/unifsa.com.br\/site\/wp-content\/uploads\/2025\/07\/IMG_2907-300x169.webp 300w, https:\/\/unifsa.com.br\/site\/wp-content\/uploads\/2025\/07\/IMG_2907-768x432.webp 768w, https:\/\/unifsa.com.br\/site\/wp-content\/uploads\/2025\/07\/IMG_2907-1536x864.webp 1536w, https:\/\/unifsa.com.br\/site\/wp-content\/uploads\/2025\/07\/IMG_2907-2048x1152.webp 2048w\" sizes=\"(max-width: 1024px) 100vw, 1024px\" \/><\/figure>\n<\/figure>\n\n\n\n<p><\/p>\n\n\n\n<p class=\"texto-justificado\">Ao longo da programa\u00e7\u00e3o, os participantes se envolveram em oficinas e mesas redondas que abordaram temas como pr\u00e1ticas de extens\u00e3o como produtos acad\u00eamicos, estrat\u00e9gias para publica\u00e7\u00e3o e divulga\u00e7\u00e3o cient\u00edfica, escrita acad\u00eamica e cient\u00edfica, e metodologias para o ENADE, com foco em cursos presenciais e EaD. As atividades tamb\u00e9m inclu\u00edram debates sobre os cuidados com o capital intelectual e oficinas voltadas para o desenvolvimento de estrat\u00e9gias l\u00fadicas e inovadoras para o aprimoramento da pr\u00e1tica docente.<\/p>\n\n\n\n<p><\/p>\n\n\n\n<figure class=\"wp-block-gallery has-nested-images columns-default is-cropped wp-block-gallery-4 is-layout-flex wp-block-gallery-is-layout-flex\">\n<figure class=\"wp-block-image size-large\"><img loading=\"lazy\" decoding=\"async\" width=\"1024\" height=\"576\" data-id=\"40388\" src=\"https:\/\/unifsa.com.br\/site\/wp-content\/uploads\/2025\/06\/d1611c08-5a64-401e-925a-1677bcde9c9b-1024x576.webp\" alt=\"\" class=\"wp-image-40388\" srcset=\"https:\/\/unifsa.com.br\/site\/wp-content\/uploads\/2025\/06\/d1611c08-5a64-401e-925a-1677bcde9c9b-1024x576.webp 1024w, https:\/\/unifsa.com.br\/site\/wp-content\/uploads\/2025\/06\/d1611c08-5a64-401e-925a-1677bcde9c9b-300x169.webp 300w, https:\/\/unifsa.com.br\/site\/wp-content\/uploads\/2025\/06\/d1611c08-5a64-401e-925a-1677bcde9c9b-768x432.webp 768w, https:\/\/unifsa.com.br\/site\/wp-content\/uploads\/2025\/06\/d1611c08-5a64-401e-925a-1677bcde9c9b-1536x864.webp 1536w, https:\/\/unifsa.com.br\/site\/wp-content\/uploads\/2025\/06\/d1611c08-5a64-401e-925a-1677bcde9c9b-2048x1153.webp 2048w\" sizes=\"(max-width: 1024px) 100vw, 1024px\" \/><\/figure>\n\n\n\n<figure class=\"wp-block-image size-large\"><img loading=\"lazy\" decoding=\"async\" width=\"1024\" height=\"576\" data-id=\"40398\" src=\"https:\/\/unifsa.com.br\/site\/wp-content\/uploads\/2025\/07\/IMG_3164-1024x576.webp\" alt=\"\" class=\"wp-image-40398\" srcset=\"https:\/\/unifsa.com.br\/site\/wp-content\/uploads\/2025\/07\/IMG_3164-1024x576.webp 1024w, https:\/\/unifsa.com.br\/site\/wp-content\/uploads\/2025\/07\/IMG_3164-300x169.webp 300w, https:\/\/unifsa.com.br\/site\/wp-content\/uploads\/2025\/07\/IMG_3164-768x432.webp 768w, https:\/\/unifsa.com.br\/site\/wp-content\/uploads\/2025\/07\/IMG_3164-1536x864.webp 1536w, https:\/\/unifsa.com.br\/site\/wp-content\/uploads\/2025\/07\/IMG_3164-2048x1152.webp 2048w\" sizes=\"(max-width: 1024px) 100vw, 1024px\" \/><\/figure>\n\n\n\n<figure class=\"wp-block-image size-large\"><img loading=\"lazy\" decoding=\"async\" width=\"1024\" height=\"574\" data-id=\"40386\" src=\"https:\/\/unifsa.com.br\/site\/wp-content\/uploads\/2025\/06\/07f28156-a7ed-44ff-a682-7bc1169e188a-1024x574.webp\" alt=\"\" class=\"wp-image-40386\" srcset=\"https:\/\/unifsa.com.br\/site\/wp-content\/uploads\/2025\/06\/07f28156-a7ed-44ff-a682-7bc1169e188a-1024x574.webp 1024w, https:\/\/unifsa.com.br\/site\/wp-content\/uploads\/2025\/06\/07f28156-a7ed-44ff-a682-7bc1169e188a-300x168.webp 300w, https:\/\/unifsa.com.br\/site\/wp-content\/uploads\/2025\/06\/07f28156-a7ed-44ff-a682-7bc1169e188a-768x431.webp 768w, https:\/\/unifsa.com.br\/site\/wp-content\/uploads\/2025\/06\/07f28156-a7ed-44ff-a682-7bc1169e188a-1536x861.webp 1536w, https:\/\/unifsa.com.br\/site\/wp-content\/uploads\/2025\/06\/07f28156-a7ed-44ff-a682-7bc1169e188a.webp 1600w\" sizes=\"(max-width: 1024px) 100vw, 1024px\" \/><\/figure>\n\n\n\n<figure class=\"wp-block-image size-large\"><img loading=\"lazy\" decoding=\"async\" width=\"1024\" height=\"576\" data-id=\"40394\" src=\"https:\/\/unifsa.com.br\/site\/wp-content\/uploads\/2025\/06\/IMG_3356-1024x576.webp\" alt=\"\" class=\"wp-image-40394\" srcset=\"https:\/\/unifsa.com.br\/site\/wp-content\/uploads\/2025\/06\/IMG_3356-1024x576.webp 1024w, https:\/\/unifsa.com.br\/site\/wp-content\/uploads\/2025\/06\/IMG_3356-300x169.webp 300w, https:\/\/unifsa.com.br\/site\/wp-content\/uploads\/2025\/06\/IMG_3356-768x432.webp 768w, https:\/\/unifsa.com.br\/site\/wp-content\/uploads\/2025\/06\/IMG_3356-1536x864.webp 1536w, https:\/\/unifsa.com.br\/site\/wp-content\/uploads\/2025\/06\/IMG_3356-2048x1152.webp 2048w\" sizes=\"(max-width: 1024px) 100vw, 1024px\" \/><\/figure>\n\n\n\n<figure class=\"wp-block-image size-large\"><img loading=\"lazy\" decoding=\"async\" width=\"1024\" height=\"576\" data-id=\"40395\" src=\"https:\/\/unifsa.com.br\/site\/wp-content\/uploads\/2025\/06\/IMG_3336-1024x576.webp\" alt=\"\" class=\"wp-image-40395\" srcset=\"https:\/\/unifsa.com.br\/site\/wp-content\/uploads\/2025\/06\/IMG_3336-1024x576.webp 1024w, https:\/\/unifsa.com.br\/site\/wp-content\/uploads\/2025\/06\/IMG_3336-300x169.webp 300w, https:\/\/unifsa.com.br\/site\/wp-content\/uploads\/2025\/06\/IMG_3336-768x432.webp 768w, https:\/\/unifsa.com.br\/site\/wp-content\/uploads\/2025\/06\/IMG_3336-1536x864.webp 1536w, https:\/\/unifsa.com.br\/site\/wp-content\/uploads\/2025\/06\/IMG_3336-2048x1152.webp 2048w\" sizes=\"(max-width: 1024px) 100vw, 1024px\" \/><\/figure>\n<\/figure>\n\n\n\n<p><\/p>\n\n\n\n<p class=\"texto-justificado\">Um dos destaques do evento foi a Oficina de Capital Art\u00edstico, realizada no espa\u00e7o de conviv\u00eancia, que proporcionou aos professores experi\u00eancias criativas e de bem-estar por meio de pintura em ta\u00e7as, pintura em telas e escultura em argila branca. A proposta foi integrar a arte como um instrumento de cuidado e valoriza\u00e7\u00e3o dos profissionais da educa\u00e7\u00e3o.<\/p>\n\n\n\n<p><\/p>\n\n\n\n<figure class=\"wp-block-gallery has-nested-images columns-default is-cropped wp-block-gallery-5 is-layout-flex wp-block-gallery-is-layout-flex\">\n<figure class=\"wp-block-image size-large\"><img loading=\"lazy\" decoding=\"async\" width=\"1024\" height=\"576\" data-id=\"40389\" src=\"https:\/\/unifsa.com.br\/site\/wp-content\/uploads\/2025\/06\/WhatsApp-Image-2025-06-27-at-10.24.12-1024x576.webp\" alt=\"\" class=\"wp-image-40389\" srcset=\"https:\/\/unifsa.com.br\/site\/wp-content\/uploads\/2025\/06\/WhatsApp-Image-2025-06-27-at-10.24.12-1024x576.webp 1024w, https:\/\/unifsa.com.br\/site\/wp-content\/uploads\/2025\/06\/WhatsApp-Image-2025-06-27-at-10.24.12-300x169.webp 300w, https:\/\/unifsa.com.br\/site\/wp-content\/uploads\/2025\/06\/WhatsApp-Image-2025-06-27-at-10.24.12-768x432.webp 768w, https:\/\/unifsa.com.br\/site\/wp-content\/uploads\/2025\/06\/WhatsApp-Image-2025-06-27-at-10.24.12-1536x864.webp 1536w, https:\/\/unifsa.com.br\/site\/wp-content\/uploads\/2025\/06\/WhatsApp-Image-2025-06-27-at-10.24.12-2048x1152.webp 2048w\" sizes=\"(max-width: 1024px) 100vw, 1024px\" \/><\/figure>\n\n\n\n<figure class=\"wp-block-image size-large\"><img loading=\"lazy\" decoding=\"async\" width=\"1024\" height=\"576\" data-id=\"40390\" src=\"https:\/\/unifsa.com.br\/site\/wp-content\/uploads\/2025\/06\/WhatsApp-Image-2025-06-27-at-10.23.08-1-1024x576.webp\" alt=\"\" class=\"wp-image-40390\" srcset=\"https:\/\/unifsa.com.br\/site\/wp-content\/uploads\/2025\/06\/WhatsApp-Image-2025-06-27-at-10.23.08-1-1024x576.webp 1024w, https:\/\/unifsa.com.br\/site\/wp-content\/uploads\/2025\/06\/WhatsApp-Image-2025-06-27-at-10.23.08-1-300x169.webp 300w, https:\/\/unifsa.com.br\/site\/wp-content\/uploads\/2025\/06\/WhatsApp-Image-2025-06-27-at-10.23.08-1-768x432.webp 768w, https:\/\/unifsa.com.br\/site\/wp-content\/uploads\/2025\/06\/WhatsApp-Image-2025-06-27-at-10.23.08-1-1536x864.webp 1536w, https:\/\/unifsa.com.br\/site\/wp-content\/uploads\/2025\/06\/WhatsApp-Image-2025-06-27-at-10.23.08-1-2048x1152.webp 2048w\" sizes=\"(max-width: 1024px) 100vw, 1024px\" \/><\/figure>\n\n\n\n<figure class=\"wp-block-image size-large\"><img loading=\"lazy\" decoding=\"async\" width=\"1024\" height=\"576\" data-id=\"40391\" src=\"https:\/\/unifsa.com.br\/site\/wp-content\/uploads\/2025\/06\/WhatsApp-Image-2025-06-27-at-10.23.08-1024x576.webp\" alt=\"\" class=\"wp-image-40391\" srcset=\"https:\/\/unifsa.com.br\/site\/wp-content\/uploads\/2025\/06\/WhatsApp-Image-2025-06-27-at-10.23.08-1024x576.webp 1024w, https:\/\/unifsa.com.br\/site\/wp-content\/uploads\/2025\/06\/WhatsApp-Image-2025-06-27-at-10.23.08-300x169.webp 300w, https:\/\/unifsa.com.br\/site\/wp-content\/uploads\/2025\/06\/WhatsApp-Image-2025-06-27-at-10.23.08-768x432.webp 768w, https:\/\/unifsa.com.br\/site\/wp-content\/uploads\/2025\/06\/WhatsApp-Image-2025-06-27-at-10.23.08-1536x864.webp 1536w, https:\/\/unifsa.com.br\/site\/wp-content\/uploads\/2025\/06\/WhatsApp-Image-2025-06-27-at-10.23.08-2048x1152.webp 2048w\" sizes=\"(max-width: 1024px) 100vw, 1024px\" \/><\/figure>\n\n\n\n<figure class=\"wp-block-image size-large\"><img loading=\"lazy\" decoding=\"async\" width=\"1024\" height=\"576\" data-id=\"40392\" src=\"https:\/\/unifsa.com.br\/site\/wp-content\/uploads\/2025\/06\/WhatsApp-Image-2025-06-27-at-09.51.30-1024x576.webp\" alt=\"\" class=\"wp-image-40392\" srcset=\"https:\/\/unifsa.com.br\/site\/wp-content\/uploads\/2025\/06\/WhatsApp-Image-2025-06-27-at-09.51.30-1024x576.webp 1024w, https:\/\/unifsa.com.br\/site\/wp-content\/uploads\/2025\/06\/WhatsApp-Image-2025-06-27-at-09.51.30-300x169.webp 300w, https:\/\/unifsa.com.br\/site\/wp-content\/uploads\/2025\/06\/WhatsApp-Image-2025-06-27-at-09.51.30-768x432.webp 768w, https:\/\/unifsa.com.br\/site\/wp-content\/uploads\/2025\/06\/WhatsApp-Image-2025-06-27-at-09.51.30-1536x864.webp 1536w, https:\/\/unifsa.com.br\/site\/wp-content\/uploads\/2025\/06\/WhatsApp-Image-2025-06-27-at-09.51.30-2048x1152.webp 2048w\" sizes=\"(max-width: 1024px) 100vw, 1024px\" \/><\/figure>\n\n\n\n<figure class=\"wp-block-image size-large\"><img loading=\"lazy\" decoding=\"async\" width=\"1024\" height=\"576\" data-id=\"40393\" src=\"https:\/\/unifsa.com.br\/site\/wp-content\/uploads\/2025\/06\/WhatsApp-Image-2025-06-27-at-09.51.25-1024x576.webp\" alt=\"\" class=\"wp-image-40393\" srcset=\"https:\/\/unifsa.com.br\/site\/wp-content\/uploads\/2025\/06\/WhatsApp-Image-2025-06-27-at-09.51.25-1024x576.webp 1024w, https:\/\/unifsa.com.br\/site\/wp-content\/uploads\/2025\/06\/WhatsApp-Image-2025-06-27-at-09.51.25-300x169.webp 300w, https:\/\/unifsa.com.br\/site\/wp-content\/uploads\/2025\/06\/WhatsApp-Image-2025-06-27-at-09.51.25-768x432.webp 768w, https:\/\/unifsa.com.br\/site\/wp-content\/uploads\/2025\/06\/WhatsApp-Image-2025-06-27-at-09.51.25-1536x864.webp 1536w, https:\/\/unifsa.com.br\/site\/wp-content\/uploads\/2025\/06\/WhatsApp-Image-2025-06-27-at-09.51.25-2048x1152.webp 2048w\" sizes=\"(max-width: 1024px) 100vw, 1024px\" \/><\/figure>\n<\/figure>\n\n\n\n<p><\/p>\n\n\n\n<p class=\"texto-justificado\">Na programa\u00e7\u00e3o espec\u00edfica da 2\u00aa Jornada Pedag\u00f3gica de Medicina, al\u00e9m de participar das atividades conjuntas com os demais cursos, os docentes de Medicina vivenciaram momentos exclusivos, como a oficina \u201cPensando o ENAMED: estrat\u00e9gias l\u00fadicas e inovadoras\u201d e uma mesa de discuss\u00e3o sobre o perfil do docente de Medicina no UNIFSA, que debateu as exig\u00eancias da forma\u00e7\u00e3o e o comportamento did\u00e1tico e institucional esperado no curso.<\/p>\n\n\n\n<p><\/p>\n\n\n\n<figure class=\"wp-block-gallery has-nested-images columns-default is-cropped wp-block-gallery-6 is-layout-flex wp-block-gallery-is-layout-flex\">\n<figure class=\"wp-block-image size-large\"><img loading=\"lazy\" decoding=\"async\" width=\"1024\" height=\"576\" data-id=\"40424\" src=\"https:\/\/unifsa.com.br\/site\/wp-content\/uploads\/2025\/07\/WhatsApp-Image-2025-07-02-at-09.01.24-1024x576.webp\" alt=\"\" class=\"wp-image-40424\" srcset=\"https:\/\/unifsa.com.br\/site\/wp-content\/uploads\/2025\/07\/WhatsApp-Image-2025-07-02-at-09.01.24-1024x576.webp 1024w, https:\/\/unifsa.com.br\/site\/wp-content\/uploads\/2025\/07\/WhatsApp-Image-2025-07-02-at-09.01.24-300x169.webp 300w, https:\/\/unifsa.com.br\/site\/wp-content\/uploads\/2025\/07\/WhatsApp-Image-2025-07-02-at-09.01.24-768x432.webp 768w, https:\/\/unifsa.com.br\/site\/wp-content\/uploads\/2025\/07\/WhatsApp-Image-2025-07-02-at-09.01.24-1536x864.webp 1536w, https:\/\/unifsa.com.br\/site\/wp-content\/uploads\/2025\/07\/WhatsApp-Image-2025-07-02-at-09.01.24-2048x1152.webp 2048w\" sizes=\"(max-width: 1024px) 100vw, 1024px\" \/><\/figure>\n\n\n\n<figure class=\"wp-block-image size-large\"><img loading=\"lazy\" decoding=\"async\" width=\"1024\" height=\"576\" data-id=\"40425\" src=\"https:\/\/unifsa.com.br\/site\/wp-content\/uploads\/2025\/07\/WhatsApp-Image-2025-07-02-at-09.02.59-1024x576.webp\" alt=\"\" class=\"wp-image-40425\" srcset=\"https:\/\/unifsa.com.br\/site\/wp-content\/uploads\/2025\/07\/WhatsApp-Image-2025-07-02-at-09.02.59-1024x576.webp 1024w, https:\/\/unifsa.com.br\/site\/wp-content\/uploads\/2025\/07\/WhatsApp-Image-2025-07-02-at-09.02.59-300x169.webp 300w, https:\/\/unifsa.com.br\/site\/wp-content\/uploads\/2025\/07\/WhatsApp-Image-2025-07-02-at-09.02.59-768x432.webp 768w, https:\/\/unifsa.com.br\/site\/wp-content\/uploads\/2025\/07\/WhatsApp-Image-2025-07-02-at-09.02.59-1536x864.webp 1536w, https:\/\/unifsa.com.br\/site\/wp-content\/uploads\/2025\/07\/WhatsApp-Image-2025-07-02-at-09.02.59-2048x1152.webp 2048w\" sizes=\"(max-width: 1024px) 100vw, 1024px\" \/><\/figure>\n\n\n\n<figure class=\"wp-block-image size-large\"><img loading=\"lazy\" decoding=\"async\" width=\"1024\" height=\"576\" data-id=\"40426\" src=\"https:\/\/unifsa.com.br\/site\/wp-content\/uploads\/2025\/07\/WhatsApp-Image-2025-07-02-at-08.59.59-1024x576.webp\" alt=\"\" class=\"wp-image-40426\" srcset=\"https:\/\/unifsa.com.br\/site\/wp-content\/uploads\/2025\/07\/WhatsApp-Image-2025-07-02-at-08.59.59-1024x576.webp 1024w, https:\/\/unifsa.com.br\/site\/wp-content\/uploads\/2025\/07\/WhatsApp-Image-2025-07-02-at-08.59.59-300x169.webp 300w, https:\/\/unifsa.com.br\/site\/wp-content\/uploads\/2025\/07\/WhatsApp-Image-2025-07-02-at-08.59.59-768x432.webp 768w, https:\/\/unifsa.com.br\/site\/wp-content\/uploads\/2025\/07\/WhatsApp-Image-2025-07-02-at-08.59.59-1536x864.webp 1536w, https:\/\/unifsa.com.br\/site\/wp-content\/uploads\/2025\/07\/WhatsApp-Image-2025-07-02-at-08.59.59-2048x1152.webp 2048w\" sizes=\"(max-width: 1024px) 100vw, 1024px\" \/><\/figure>\n<\/figure>\n\n\n\n<p><\/p>\n\n\n\n<p class=\"texto-justificado\">O 35\u00ba Encontro Pedag\u00f3gico e a 2\u00aa Jornada Pedag\u00f3gica de Medicina refor\u00e7aram o compromisso do UNIFSA com a forma\u00e7\u00e3o cont\u00ednua de seu corpo docente, a inova\u00e7\u00e3o acad\u00eamica e o cuidado com o desenvolvimento humano e intelectual de seus profissionais.<\/p>\n","protected":false},"excerpt":{"rendered":"<p>O Centro Universit\u00e1rio Santo Agostinho realizou, entre os dias 23 de junho e 1\u00ba de julho, o 35\u00ba Encontro Pedag\u00f3gico e a 2\u00aa Jornada Pedag\u00f3gica de Medicina. Com o tema \u201cConstruindo pontes: os cuidados com o capital humano art\u00edstico e intelectual\u201d, os eventos reuniram professores e coordenadores do UNIFSA para momentos de integra\u00e7\u00e3o, forma\u00e7\u00e3o e<\/p>\n","protected":false},"author":9,"featured_media":40427,"comment_status":"closed","ping_status":"open","sticky":false,"template":"","format":"standard","meta":{"_acf_changed":false,"footnotes":""},"categories":[6],"tags":[],"class_list":["post-40305","post","type-post","status-publish","format-standard","has-post-thumbnail","hentry","category-acontece-na-unifsa"],"acf":[],"yoast_head":"<!-- This site is optimized with the Yoast SEO plugin v26.5 - https:\/\/yoast.com\/wordpress\/plugins\/seo\/ -->\n<title>UNIFSA fortalece forma\u00e7\u00e3o docente no 35\u00ba Encontro Pedag\u00f3gico e na 2\u00aa Jornada de Medicina - Centro Universit\u00e1rio Santo Agostinho - UNIFSA<\/title>\n<meta name=\"robots\" content=\"index, follow, max-snippet:-1, max-image-preview:large, max-video-preview:-1\" \/>\n<link rel=\"canonical\" href=\"https:\/\/unifsa.com.br\/site\/unifsa-fortalece-formacao-docente-no-35o-encontro-pedagogico-e-na-2a-jornada-de-medicina\/\" \/>\n<meta property=\"og:locale\" content=\"pt_BR\" \/>\n<meta property=\"og:type\" content=\"article\" \/>\n<meta property=\"og:title\" content=\"UNIFSA fortalece forma\u00e7\u00e3o docente no 35\u00ba Encontro Pedag\u00f3gico e na 2\u00aa Jornada de Medicina - Centro Universit\u00e1rio Santo Agostinho - UNIFSA\" \/>\n<meta property=\"og:description\" content=\"O Centro Universit\u00e1rio Santo Agostinho realizou, entre os dias 23 de junho e 1\u00ba de julho, o 35\u00ba Encontro Pedag\u00f3gico e a 2\u00aa Jornada Pedag\u00f3gica de Medicina. Com o tema \u201cConstruindo pontes: os cuidados com o capital humano art\u00edstico e intelectual\u201d, os eventos reuniram professores e coordenadores do UNIFSA para momentos de integra\u00e7\u00e3o, forma\u00e7\u00e3o e\" \/>\n<meta property=\"og:url\" content=\"https:\/\/unifsa.com.br\/site\/unifsa-fortalece-formacao-docente-no-35o-encontro-pedagogico-e-na-2a-jornada-de-medicina\/\" \/>\n<meta property=\"og:site_name\" content=\"Centro Universit\u00e1rio Santo Agostinho - UNIFSA\" \/>\n<meta property=\"article:publisher\" content=\"https:\/\/www.facebook.com\/unifsa\/\" \/>\n<meta property=\"article:published_time\" content=\"2025-07-02T12:09:02+00:00\" \/>\n<meta property=\"article:modified_time\" content=\"2025-07-02T12:09:04+00:00\" \/>\n<meta property=\"og:image\" content=\"https:\/\/unifsa.com.br\/site\/wp-content\/uploads\/2025\/07\/WhatsApp-Image-2025-06-27-at-14.34.05.webp\" \/>\n\t<meta property=\"og:image:width\" content=\"1279\" \/>\n\t<meta property=\"og:image:height\" content=\"720\" \/>\n\t<meta property=\"og:image:type\" content=\"image\/webp\" \/>\n<meta name=\"author\" content=\"La\u00eds Maria Matos Barradas\" \/>\n<meta name=\"twitter:card\" content=\"summary_large_image\" \/>\n<meta name=\"twitter:label1\" content=\"Escrito por\" \/>\n\t<meta name=\"twitter:data1\" content=\"La\u00eds Maria Matos Barradas\" \/>\n\t<meta name=\"twitter:label2\" content=\"Est. tempo de leitura\" \/>\n\t<meta name=\"twitter:data2\" content=\"7 minutos\" \/>\n<script type=\"application\/ld+json\" class=\"yoast-schema-graph\">{\"@context\":\"https:\/\/schema.org\",\"@graph\":[{\"@type\":\"Article\",\"@id\":\"https:\/\/unifsa.com.br\/site\/unifsa-fortalece-formacao-docente-no-35o-encontro-pedagogico-e-na-2a-jornada-de-medicina\/#article\",\"isPartOf\":{\"@id\":\"https:\/\/unifsa.com.br\/site\/unifsa-fortalece-formacao-docente-no-35o-encontro-pedagogico-e-na-2a-jornada-de-medicina\/\"},\"author\":{\"name\":\"La\u00eds Maria Matos Barradas\",\"@id\":\"https:\/\/unifsa.com.br\/site\/#\/schema\/person\/415c79d344f0e698644c1d29997b4ea8\"},\"headline\":\"UNIFSA fortalece forma\u00e7\u00e3o docente no 35\u00ba Encontro Pedag\u00f3gico e na 2\u00aa Jornada de Medicina\",\"datePublished\":\"2025-07-02T12:09:02+00:00\",\"dateModified\":\"2025-07-02T12:09:04+00:00\",\"mainEntityOfPage\":{\"@id\":\"https:\/\/unifsa.com.br\/site\/unifsa-fortalece-formacao-docente-no-35o-encontro-pedagogico-e-na-2a-jornada-de-medicina\/\"},\"wordCount\":439,\"publisher\":{\"@id\":\"https:\/\/unifsa.com.br\/site\/#organization\"},\"image\":{\"@id\":\"https:\/\/unifsa.com.br\/site\/unifsa-fortalece-formacao-docente-no-35o-encontro-pedagogico-e-na-2a-jornada-de-medicina\/#primaryimage\"},\"thumbnailUrl\":\"https:\/\/unifsa.com.br\/site\/wp-content\/uploads\/2025\/07\/WhatsApp-Image-2025-06-27-at-14.34.05.webp\",\"articleSection\":[\"Acontece na UNIFSA\"],\"inLanguage\":\"pt-BR\"},{\"@type\":\"WebPage\",\"@id\":\"https:\/\/unifsa.com.br\/site\/unifsa-fortalece-formacao-docente-no-35o-encontro-pedagogico-e-na-2a-jornada-de-medicina\/\",\"url\":\"https:\/\/unifsa.com.br\/site\/unifsa-fortalece-formacao-docente-no-35o-encontro-pedagogico-e-na-2a-jornada-de-medicina\/\",\"name\":\"UNIFSA fortalece forma\u00e7\u00e3o docente no 35\u00ba Encontro Pedag\u00f3gico e na 2\u00aa Jornada de Medicina - Centro Universit\u00e1rio Santo Agostinho - UNIFSA\",\"isPartOf\":{\"@id\":\"https:\/\/unifsa.com.br\/site\/#website\"},\"primaryImageOfPage\":{\"@id\":\"https:\/\/unifsa.com.br\/site\/unifsa-fortalece-formacao-docente-no-35o-encontro-pedagogico-e-na-2a-jornada-de-medicina\/#primaryimage\"},\"image\":{\"@id\":\"https:\/\/unifsa.com.br\/site\/unifsa-fortalece-formacao-docente-no-35o-encontro-pedagogico-e-na-2a-jornada-de-medicina\/#primaryimage\"},\"thumbnailUrl\":\"https:\/\/unifsa.com.br\/site\/wp-content\/uploads\/2025\/07\/WhatsApp-Image-2025-06-27-at-14.34.05.webp\",\"datePublished\":\"2025-07-02T12:09:02+00:00\",\"dateModified\":\"2025-07-02T12:09:04+00:00\",\"breadcrumb\":{\"@id\":\"https:\/\/unifsa.com.br\/site\/unifsa-fortalece-formacao-docente-no-35o-encontro-pedagogico-e-na-2a-jornada-de-medicina\/#breadcrumb\"},\"inLanguage\":\"pt-BR\",\"potentialAction\":[{\"@type\":\"ReadAction\",\"target\":[\"https:\/\/unifsa.com.br\/site\/unifsa-fortalece-formacao-docente-no-35o-encontro-pedagogico-e-na-2a-jornada-de-medicina\/\"]}]},{\"@type\":\"ImageObject\",\"inLanguage\":\"pt-BR\",\"@id\":\"https:\/\/unifsa.com.br\/site\/unifsa-fortalece-formacao-docente-no-35o-encontro-pedagogico-e-na-2a-jornada-de-medicina\/#primaryimage\",\"url\":\"https:\/\/unifsa.com.br\/site\/wp-content\/uploads\/2025\/07\/WhatsApp-Image-2025-06-27-at-14.34.05.webp\",\"contentUrl\":\"https:\/\/unifsa.com.br\/site\/wp-content\/uploads\/2025\/07\/WhatsApp-Image-2025-06-27-at-14.34.05.webp\",\"width\":1279,\"height\":720},{\"@type\":\"BreadcrumbList\",\"@id\":\"https:\/\/unifsa.com.br\/site\/unifsa-fortalece-formacao-docente-no-35o-encontro-pedagogico-e-na-2a-jornada-de-medicina\/#breadcrumb\",\"itemListElement\":[{\"@type\":\"ListItem\",\"position\":1,\"name\":\"In\u00edcio\",\"item\":\"https:\/\/unifsa.com.br\/site\/\"},{\"@type\":\"ListItem\",\"position\":2,\"name\":\"UNIFSA fortalece forma\u00e7\u00e3o docente no 35\u00ba Encontro Pedag\u00f3gico e na 2\u00aa Jornada de Medicina\"}]},{\"@type\":\"WebSite\",\"@id\":\"https:\/\/unifsa.com.br\/site\/#website\",\"url\":\"https:\/\/unifsa.com.br\/site\/\",\"name\":\"Centro Universit\u00e1rio Santo Agostinho - UNIFSA\",\"description\":\"Conhecimento para toda a vida\",\"publisher\":{\"@id\":\"https:\/\/unifsa.com.br\/site\/#organization\"},\"potentialAction\":[{\"@type\":\"SearchAction\",\"target\":{\"@type\":\"EntryPoint\",\"urlTemplate\":\"https:\/\/unifsa.com.br\/site\/?s={search_term_string}\"},\"query-input\":{\"@type\":\"PropertyValueSpecification\",\"valueRequired\":true,\"valueName\":\"search_term_string\"}}],\"inLanguage\":\"pt-BR\"},{\"@type\":\"Organization\",\"@id\":\"https:\/\/unifsa.com.br\/site\/#organization\",\"name\":\"Centro Universit\u00e1rio Santo Agostinho - UNIFSA\",\"url\":\"https:\/\/unifsa.com.br\/site\/\",\"logo\":{\"@type\":\"ImageObject\",\"inLanguage\":\"pt-BR\",\"@id\":\"https:\/\/unifsa.com.br\/site\/#\/schema\/logo\/image\/\",\"url\":\"https:\/\/unifsa.com.br\/site\/wp-content\/uploads\/2023\/03\/MARCA-UNIFSA-CIC23-q2apjs1mt975cf1wl25b044coj90fwoiee1kya6800.png\",\"contentUrl\":\"https:\/\/unifsa.com.br\/site\/wp-content\/uploads\/2023\/03\/MARCA-UNIFSA-CIC23-q2apjs1mt975cf1wl25b044coj90fwoiee1kya6800.png\",\"width\":103,\"height\":100,\"caption\":\"Centro Universit\u00e1rio Santo Agostinho - UNIFSA\"},\"image\":{\"@id\":\"https:\/\/unifsa.com.br\/site\/#\/schema\/logo\/image\/\"},\"sameAs\":[\"https:\/\/www.facebook.com\/unifsa\/\",\"https:\/\/www.instagram.com\/unifsa\/\"]},{\"@type\":\"Person\",\"@id\":\"https:\/\/unifsa.com.br\/site\/#\/schema\/person\/415c79d344f0e698644c1d29997b4ea8\",\"name\":\"La\u00eds Maria Matos Barradas\",\"image\":{\"@type\":\"ImageObject\",\"inLanguage\":\"pt-BR\",\"@id\":\"https:\/\/unifsa.com.br\/site\/#\/schema\/person\/image\/\",\"url\":\"https:\/\/secure.gravatar.com\/avatar\/579e030b035ce08d2bf5e912bef54128?s=96&d=mm&r=g\",\"contentUrl\":\"https:\/\/secure.gravatar.com\/avatar\/579e030b035ce08d2bf5e912bef54128?s=96&d=mm&r=g\",\"caption\":\"La\u00eds Maria Matos Barradas\"},\"url\":\"https:\/\/unifsa.com.br\/site\/author\/laismbarradas\/\"}]}<\/script>\n<!-- \/ Yoast SEO plugin. -->","yoast_head_json":{"title":"UNIFSA fortalece forma\u00e7\u00e3o docente no 35\u00ba Encontro Pedag\u00f3gico e na 2\u00aa Jornada de Medicina - Centro Universit\u00e1rio Santo Agostinho - UNIFSA","robots":{"index":"index","follow":"follow","max-snippet":"max-snippet:-1","max-image-preview":"max-image-preview:large","max-video-preview":"max-video-preview:-1"},"canonical":"https:\/\/unifsa.com.br\/site\/unifsa-fortalece-formacao-docente-no-35o-encontro-pedagogico-e-na-2a-jornada-de-medicina\/","og_locale":"pt_BR","og_type":"article","og_title":"UNIFSA fortalece forma\u00e7\u00e3o docente no 35\u00ba Encontro Pedag\u00f3gico e na 2\u00aa Jornada de Medicina - Centro Universit\u00e1rio Santo Agostinho - UNIFSA","og_description":"O Centro Universit\u00e1rio Santo Agostinho realizou, entre os dias 23 de junho e 1\u00ba de julho, o 35\u00ba Encontro Pedag\u00f3gico e a 2\u00aa Jornada Pedag\u00f3gica de Medicina. Com o tema \u201cConstruindo pontes: os cuidados com o capital humano art\u00edstico e intelectual\u201d, os eventos reuniram professores e coordenadores do UNIFSA para momentos de integra\u00e7\u00e3o, forma\u00e7\u00e3o e","og_url":"https:\/\/unifsa.com.br\/site\/unifsa-fortalece-formacao-docente-no-35o-encontro-pedagogico-e-na-2a-jornada-de-medicina\/","og_site_name":"Centro Universit\u00e1rio Santo Agostinho - UNIFSA","article_publisher":"https:\/\/www.facebook.com\/unifsa\/","article_published_time":"2025-07-02T12:09:02+00:00","article_modified_time":"2025-07-02T12:09:04+00:00","og_image":[{"width":1279,"height":720,"url":"https:\/\/unifsa.com.br\/site\/wp-content\/uploads\/2025\/07\/WhatsApp-Image-2025-06-27-at-14.34.05.webp","type":"image\/webp"}],"author":"La\u00eds Maria Matos Barradas","twitter_card":"summary_large_image","twitter_misc":{"Escrito por":"La\u00eds Maria Matos Barradas","Est. tempo de leitura":"7 minutos"},"schema":{"@context":"https:\/\/schema.org","@graph":[{"@type":"Article","@id":"https:\/\/unifsa.com.br\/site\/unifsa-fortalece-formacao-docente-no-35o-encontro-pedagogico-e-na-2a-jornada-de-medicina\/#article","isPartOf":{"@id":"https:\/\/unifsa.com.br\/site\/unifsa-fortalece-formacao-docente-no-35o-encontro-pedagogico-e-na-2a-jornada-de-medicina\/"},"author":{"name":"La\u00eds Maria Matos Barradas","@id":"https:\/\/unifsa.com.br\/site\/#\/schema\/person\/415c79d344f0e698644c1d29997b4ea8"},"headline":"UNIFSA fortalece forma\u00e7\u00e3o docente no 35\u00ba Encontro Pedag\u00f3gico e na 2\u00aa Jornada de Medicina","datePublished":"2025-07-02T12:09:02+00:00","dateModified":"2025-07-02T12:09:04+00:00","mainEntityOfPage":{"@id":"https:\/\/unifsa.com.br\/site\/unifsa-fortalece-formacao-docente-no-35o-encontro-pedagogico-e-na-2a-jornada-de-medicina\/"},"wordCount":439,"publisher":{"@id":"https:\/\/unifsa.com.br\/site\/#organization"},"image":{"@id":"https:\/\/unifsa.com.br\/site\/unifsa-fortalece-formacao-docente-no-35o-encontro-pedagogico-e-na-2a-jornada-de-medicina\/#primaryimage"},"thumbnailUrl":"https:\/\/unifsa.com.br\/site\/wp-content\/uploads\/2025\/07\/WhatsApp-Image-2025-06-27-at-14.34.05.webp","articleSection":["Acontece na UNIFSA"],"inLanguage":"pt-BR"},{"@type":"WebPage","@id":"https:\/\/unifsa.com.br\/site\/unifsa-fortalece-formacao-docente-no-35o-encontro-pedagogico-e-na-2a-jornada-de-medicina\/","url":"https:\/\/unifsa.com.br\/site\/unifsa-fortalece-formacao-docente-no-35o-encontro-pedagogico-e-na-2a-jornada-de-medicina\/","name":"UNIFSA fortalece forma\u00e7\u00e3o docente no 35\u00ba Encontro Pedag\u00f3gico e na 2\u00aa Jornada de Medicina - Centro Universit\u00e1rio Santo Agostinho - UNIFSA","isPartOf":{"@id":"https:\/\/unifsa.com.br\/site\/#website"},"primaryImageOfPage":{"@id":"https:\/\/unifsa.com.br\/site\/unifsa-fortalece-formacao-docente-no-35o-encontro-pedagogico-e-na-2a-jornada-de-medicina\/#primaryimage"},"image":{"@id":"https:\/\/unifsa.com.br\/site\/unifsa-fortalece-formacao-docente-no-35o-encontro-pedagogico-e-na-2a-jornada-de-medicina\/#primaryimage"},"thumbnailUrl":"https:\/\/unifsa.com.br\/site\/wp-content\/uploads\/2025\/07\/WhatsApp-Image-2025-06-27-at-14.34.05.webp","datePublished":"2025-07-02T12:09:02+00:00","dateModified":"2025-07-02T12:09:04+00:00","breadcrumb":{"@id":"https:\/\/unifsa.com.br\/site\/unifsa-fortalece-formacao-docente-no-35o-encontro-pedagogico-e-na-2a-jornada-de-medicina\/#breadcrumb"},"inLanguage":"pt-BR","potentialAction":[{"@type":"ReadAction","target":["https:\/\/unifsa.com.br\/site\/unifsa-fortalece-formacao-docente-no-35o-encontro-pedagogico-e-na-2a-jornada-de-medicina\/"]}]},{"@type":"ImageObject","inLanguage":"pt-BR","@id":"https:\/\/unifsa.com.br\/site\/unifsa-fortalece-formacao-docente-no-35o-encontro-pedagogico-e-na-2a-jornada-de-medicina\/#primaryimage","url":"https:\/\/unifsa.com.br\/site\/wp-content\/uploads\/2025\/07\/WhatsApp-Image-2025-06-27-at-14.34.05.webp","contentUrl":"https:\/\/unifsa.com.br\/site\/wp-content\/uploads\/2025\/07\/WhatsApp-Image-2025-06-27-at-14.34.05.webp","width":1279,"height":720},{"@type":"BreadcrumbList","@id":"https:\/\/unifsa.com.br\/site\/unifsa-fortalece-formacao-docente-no-35o-encontro-pedagogico-e-na-2a-jornada-de-medicina\/#breadcrumb","itemListElement":[{"@type":"ListItem","position":1,"name":"In\u00edcio","item":"https:\/\/unifsa.com.br\/site\/"},{"@type":"ListItem","position":2,"name":"UNIFSA fortalece forma\u00e7\u00e3o docente no 35\u00ba Encontro Pedag\u00f3gico e na 2\u00aa Jornada de Medicina"}]},{"@type":"WebSite","@id":"https:\/\/unifsa.com.br\/site\/#website","url":"https:\/\/unifsa.com.br\/site\/","name":"Centro Universit\u00e1rio Santo Agostinho - UNIFSA","description":"Conhecimento para toda a vida","publisher":{"@id":"https:\/\/unifsa.com.br\/site\/#organization"},"potentialAction":[{"@type":"SearchAction","target":{"@type":"EntryPoint","urlTemplate":"https:\/\/unifsa.com.br\/site\/?s={search_term_string}"},"query-input":{"@type":"PropertyValueSpecification","valueRequired":true,"valueName":"search_term_string"}}],"inLanguage":"pt-BR"},{"@type":"Organization","@id":"https:\/\/unifsa.com.br\/site\/#organization","name":"Centro Universit\u00e1rio Santo Agostinho - UNIFSA","url":"https:\/\/unifsa.com.br\/site\/","logo":{"@type":"ImageObject","inLanguage":"pt-BR","@id":"https:\/\/unifsa.com.br\/site\/#\/schema\/logo\/image\/","url":"https:\/\/unifsa.com.br\/site\/wp-content\/uploads\/2023\/03\/MARCA-UNIFSA-CIC23-q2apjs1mt975cf1wl25b044coj90fwoiee1kya6800.png","contentUrl":"https:\/\/unifsa.com.br\/site\/wp-content\/uploads\/2023\/03\/MARCA-UNIFSA-CIC23-q2apjs1mt975cf1wl25b044coj90fwoiee1kya6800.png","width":103,"height":100,"caption":"Centro Universit\u00e1rio Santo Agostinho - UNIFSA"},"image":{"@id":"https:\/\/unifsa.com.br\/site\/#\/schema\/logo\/image\/"},"sameAs":["https:\/\/www.facebook.com\/unifsa\/","https:\/\/www.instagram.com\/unifsa\/"]},{"@type":"Person","@id":"https:\/\/unifsa.com.br\/site\/#\/schema\/person\/415c79d344f0e698644c1d29997b4ea8","name":"La\u00eds Maria Matos Barradas","image":{"@type":"ImageObject","inLanguage":"pt-BR","@id":"https:\/\/unifsa.com.br\/site\/#\/schema\/person\/image\/","url":"https:\/\/secure.gravatar.com\/avatar\/579e030b035ce08d2bf5e912bef54128?s=96&d=mm&r=g","contentUrl":"https:\/\/secure.gravatar.com\/avatar\/579e030b035ce08d2bf5e912bef54128?s=96&d=mm&r=g","caption":"La\u00eds Maria Matos Barradas"},"url":"https:\/\/unifsa.com.br\/site\/author\/laismbarradas\/"}]}},"_links":{"self":[{"href":"https:\/\/unifsa.com.br\/site\/wp-json\/wp\/v2\/posts\/40305","targetHints":{"allow":["GET"]}}],"collection":[{"href":"https:\/\/unifsa.com.br\/site\/wp-json\/wp\/v2\/posts"}],"about":[{"href":"https:\/\/unifsa.com.br\/site\/wp-json\/wp\/v2\/types\/post"}],"author":[{"embeddable":true,"href":"https:\/\/unifsa.com.br\/site\/wp-json\/wp\/v2\/users\/9"}],"replies":[{"embeddable":true,"href":"https:\/\/unifsa.com.br\/site\/wp-json\/wp\/v2\/comments?post=40305"}],"version-history":[{"count":5,"href":"https:\/\/unifsa.com.br\/site\/wp-json\/wp\/v2\/posts\/40305\/revisions"}],"predecessor-version":[{"id":40428,"href":"https:\/\/unifsa.com.br\/site\/wp-json\/wp\/v2\/posts\/40305\/revisions\/40428"}],"wp:featuredmedia":[{"embeddable":true,"href":"https:\/\/unifsa.com.br\/site\/wp-json\/wp\/v2\/media\/40427"}],"wp:attachment":[{"href":"https:\/\/unifsa.com.br\/site\/wp-json\/wp\/v2\/media?parent=40305"}],"wp:term":[{"taxonomy":"category","embeddable":true,"href":"https:\/\/unifsa.com.br\/site\/wp-json\/wp\/v2\/categories?post=40305"},{"taxonomy":"post_tag","embeddable":true,"href":"https:\/\/unifsa.com.br\/site\/wp-json\/wp\/v2\/tags?post=40305"}],"curies":[{"name":"wp","href":"https:\/\/api.w.org\/{rel}","templated":true}]}}