{"id":39539,"date":"2025-05-09T10:04:39","date_gmt":"2025-05-09T13:04:39","guid":{"rendered":"https:\/\/unifsa.com.br\/site\/?p=39539"},"modified":"2025-05-09T10:10:08","modified_gmt":"2025-05-09T13:10:08","slug":"inscricoes-abertas-para-a-i-exposicao-dos-produtos-do-curso-de-nutricao-do-unifsa","status":"publish","type":"post","link":"https:\/\/unifsa.com.br\/site\/inscricoes-abertas-para-a-i-exposicao-dos-produtos-do-curso-de-nutricao-do-unifsa\/","title":{"rendered":"Inscri\u00e7\u00f5es abertas para a I Exposi\u00e7\u00e3o dos Produtos do Curso de Nutri\u00e7\u00e3o do UNIFSA"},"content":{"rendered":"\n<p>Est\u00e3o abertas as inscri\u00e7\u00f5es de trabalhos para a <strong>I Exposi\u00e7\u00e3o dos Produtos do Curso de Nutri\u00e7\u00e3o<\/strong>, promovida pelo <strong>curso de Nutri\u00e7\u00e3o do Centro Universit\u00e1rio Santo Agostinho \u2013 UNIFSA<\/strong>. O evento ser\u00e1 realizado no dia <strong>22 de maio de 2025<\/strong>, das <strong>8h \u00e0s 18h<\/strong>, no pr\u00e9dio sede do UNIFSA.<\/p>\n\n\n\n<p>O objetivo \u00e9 apresentar os produtos desenvolvidos pelos estudantes nas disciplinas do curso de Nutri\u00e7\u00e3o, nas modalidades presencial e semi-presencial, para a comunidade acad\u00eamica.<\/p>\n\n\n\n<div class=\"wp-block-buttons is-content-justification-center is-layout-flex wp-container-core-buttons-is-layout-16018d1d wp-block-buttons-is-layout-flex\">\n<div class=\"wp-block-button\"><a class=\"wp-block-button__link has-white-color has-vivid-cyan-blue-background-color has-text-color has-background has-link-color wp-element-button\" href=\"https:\/\/forms.gle\/Kf7K1VrKm9JnSRLm9\">Inscri\u00e7\u00f5es<\/a><\/div>\n<\/div>\n\n\n\n<div class=\"wp-block-buttons is-content-justification-center is-layout-flex wp-container-core-buttons-is-layout-16018d1d wp-block-buttons-is-layout-flex\">\n<div class=\"wp-block-button\"><a class=\"wp-block-button__link wp-element-button\" href=\"https:\/\/unifsa.com.br\/site\/wp-content\/uploads\/2025\/05\/Edital-025-I-Exposicao-de-produtos.pdf\">Edital <\/a><\/div>\n<\/div>\n\n\n\n<p>As inscri\u00e7\u00f5es para a submiss\u00e3o dos trabalhos podem ser feitas at\u00e9 o dia <strong>17 de maio de 2025<\/strong>, de forma online. Para participar, os estudantes devem inscrever seus trabalhos com as seguintes informa\u00e7\u00f5es: t\u00edtulo do produto, nomes dos autores e, obrigatoriamente, um professor respons\u00e1vel.<\/p>\n\n\n\n<p>A sele\u00e7\u00e3o dos trabalhos ser\u00e1 feita pelas professoras <strong>Daniela Fortes Neves Ibiapina<\/strong> e <strong>Liejy Agnes dos Santos Raposo Landim<\/strong>, com base nos crit\u00e9rios de funcionalidade, did\u00e1tica, criatividade e relev\u00e2ncia social. O resultado ser\u00e1 divulgado at\u00e9 o dia <strong>20 de maio<\/strong> no site do UNIFSA.<\/p>\n\n\n\n<p>Os produtos selecionados ser\u00e3o expostos durante o evento e os expositores receber\u00e3o certificado de participa\u00e7\u00e3o.<\/p>\n","protected":false},"excerpt":{"rendered":"<p>Est\u00e3o abertas as inscri\u00e7\u00f5es de trabalhos para a I Exposi\u00e7\u00e3o dos Produtos do Curso de Nutri\u00e7\u00e3o, promovida pelo curso de Nutri\u00e7\u00e3o do Centro Universit\u00e1rio Santo Agostinho \u2013 UNIFSA. O evento ser\u00e1 realizado no dia 22 de maio de 2025, das 8h \u00e0s 18h, no pr\u00e9dio sede do UNIFSA. O objetivo \u00e9 apresentar os produtos desenvolvidos<\/p>\n","protected":false},"author":1,"featured_media":39540,"comment_status":"closed","ping_status":"open","sticky":false,"template":"","format":"standard","meta":{"_acf_changed":false,"footnotes":""},"categories":[77,62],"tags":[],"class_list":["post-39539","post","type-post","status-publish","format-standard","has-post-thumbnail","hentry","category-acoes-da-comunidade","category-nutricao"],"acf":[],"yoast_head":"<!-- This site is optimized with the Yoast SEO plugin v26.5 - https:\/\/yoast.com\/wordpress\/plugins\/seo\/ -->\n<title>Inscri\u00e7\u00f5es abertas para a I Exposi\u00e7\u00e3o dos Produtos do Curso de Nutri\u00e7\u00e3o do UNIFSA - Centro Universit\u00e1rio Santo Agostinho - UNIFSA<\/title>\n<meta name=\"robots\" content=\"index, follow, max-snippet:-1, max-image-preview:large, max-video-preview:-1\" \/>\n<link rel=\"canonical\" href=\"https:\/\/unifsa.com.br\/site\/inscricoes-abertas-para-a-i-exposicao-dos-produtos-do-curso-de-nutricao-do-unifsa\/\" \/>\n<meta property=\"og:locale\" content=\"pt_BR\" \/>\n<meta property=\"og:type\" content=\"article\" \/>\n<meta property=\"og:title\" content=\"Inscri\u00e7\u00f5es abertas para a I Exposi\u00e7\u00e3o dos Produtos do Curso de Nutri\u00e7\u00e3o do UNIFSA - Centro Universit\u00e1rio Santo Agostinho - UNIFSA\" \/>\n<meta property=\"og:description\" content=\"Est\u00e3o abertas as inscri\u00e7\u00f5es de trabalhos para a I Exposi\u00e7\u00e3o dos Produtos do Curso de Nutri\u00e7\u00e3o, promovida pelo curso de Nutri\u00e7\u00e3o do Centro Universit\u00e1rio Santo Agostinho \u2013 UNIFSA. O evento ser\u00e1 realizado no dia 22 de maio de 2025, das 8h \u00e0s 18h, no pr\u00e9dio sede do UNIFSA. O objetivo \u00e9 apresentar os produtos desenvolvidos\" \/>\n<meta property=\"og:url\" content=\"https:\/\/unifsa.com.br\/site\/inscricoes-abertas-para-a-i-exposicao-dos-produtos-do-curso-de-nutricao-do-unifsa\/\" \/>\n<meta property=\"og:site_name\" content=\"Centro Universit\u00e1rio Santo Agostinho - UNIFSA\" \/>\n<meta property=\"article:publisher\" content=\"https:\/\/www.facebook.com\/unifsa\/\" \/>\n<meta property=\"article:published_time\" content=\"2025-05-09T13:04:39+00:00\" \/>\n<meta property=\"article:modified_time\" content=\"2025-05-09T13:10:08+00:00\" \/>\n<meta property=\"og:image\" content=\"https:\/\/unifsa.com.br\/site\/wp-content\/uploads\/2025\/05\/I-EXPOSICAO-PRODUTOS-Apresentacao.webp\" \/>\n\t<meta property=\"og:image:width\" content=\"1920\" \/>\n\t<meta property=\"og:image:height\" content=\"1080\" \/>\n\t<meta property=\"og:image:type\" content=\"image\/webp\" \/>\n<meta name=\"author\" content=\"UNIFSA\" \/>\n<meta name=\"twitter:card\" content=\"summary_large_image\" \/>\n<meta name=\"twitter:label1\" content=\"Escrito por\" \/>\n\t<meta name=\"twitter:data1\" content=\"UNIFSA\" \/>\n\t<meta name=\"twitter:label2\" content=\"Est. tempo de leitura\" \/>\n\t<meta name=\"twitter:data2\" content=\"2 minutos\" \/>\n<script type=\"application\/ld+json\" class=\"yoast-schema-graph\">{\"@context\":\"https:\/\/schema.org\",\"@graph\":[{\"@type\":\"Article\",\"@id\":\"https:\/\/unifsa.com.br\/site\/inscricoes-abertas-para-a-i-exposicao-dos-produtos-do-curso-de-nutricao-do-unifsa\/#article\",\"isPartOf\":{\"@id\":\"https:\/\/unifsa.com.br\/site\/inscricoes-abertas-para-a-i-exposicao-dos-produtos-do-curso-de-nutricao-do-unifsa\/\"},\"author\":{\"name\":\"UNIFSA\",\"@id\":\"https:\/\/unifsa.com.br\/site\/#\/schema\/person\/6f5e8438b96168f9894cb9fe5816660f\"},\"headline\":\"Inscri\u00e7\u00f5es abertas para a I Exposi\u00e7\u00e3o dos Produtos do Curso de Nutri\u00e7\u00e3o do UNIFSA\",\"datePublished\":\"2025-05-09T13:04:39+00:00\",\"dateModified\":\"2025-05-09T13:10:08+00:00\",\"mainEntityOfPage\":{\"@id\":\"https:\/\/unifsa.com.br\/site\/inscricoes-abertas-para-a-i-exposicao-dos-produtos-do-curso-de-nutricao-do-unifsa\/\"},\"wordCount\":209,\"publisher\":{\"@id\":\"https:\/\/unifsa.com.br\/site\/#organization\"},\"image\":{\"@id\":\"https:\/\/unifsa.com.br\/site\/inscricoes-abertas-para-a-i-exposicao-dos-produtos-do-curso-de-nutricao-do-unifsa\/#primaryimage\"},\"thumbnailUrl\":\"https:\/\/unifsa.com.br\/site\/wp-content\/uploads\/2025\/05\/I-EXPOSICAO-PRODUTOS-Apresentacao.webp\",\"articleSection\":[\"A\u00e7\u00f5es da Comunidade\",\"Nutri\u00e7\u00e3o\"],\"inLanguage\":\"pt-BR\"},{\"@type\":\"WebPage\",\"@id\":\"https:\/\/unifsa.com.br\/site\/inscricoes-abertas-para-a-i-exposicao-dos-produtos-do-curso-de-nutricao-do-unifsa\/\",\"url\":\"https:\/\/unifsa.com.br\/site\/inscricoes-abertas-para-a-i-exposicao-dos-produtos-do-curso-de-nutricao-do-unifsa\/\",\"name\":\"Inscri\u00e7\u00f5es abertas para a I Exposi\u00e7\u00e3o dos Produtos do Curso de Nutri\u00e7\u00e3o do UNIFSA - Centro Universit\u00e1rio Santo Agostinho - UNIFSA\",\"isPartOf\":{\"@id\":\"https:\/\/unifsa.com.br\/site\/#website\"},\"primaryImageOfPage\":{\"@id\":\"https:\/\/unifsa.com.br\/site\/inscricoes-abertas-para-a-i-exposicao-dos-produtos-do-curso-de-nutricao-do-unifsa\/#primaryimage\"},\"image\":{\"@id\":\"https:\/\/unifsa.com.br\/site\/inscricoes-abertas-para-a-i-exposicao-dos-produtos-do-curso-de-nutricao-do-unifsa\/#primaryimage\"},\"thumbnailUrl\":\"https:\/\/unifsa.com.br\/site\/wp-content\/uploads\/2025\/05\/I-EXPOSICAO-PRODUTOS-Apresentacao.webp\",\"datePublished\":\"2025-05-09T13:04:39+00:00\",\"dateModified\":\"2025-05-09T13:10:08+00:00\",\"breadcrumb\":{\"@id\":\"https:\/\/unifsa.com.br\/site\/inscricoes-abertas-para-a-i-exposicao-dos-produtos-do-curso-de-nutricao-do-unifsa\/#breadcrumb\"},\"inLanguage\":\"pt-BR\",\"potentialAction\":[{\"@type\":\"ReadAction\",\"target\":[\"https:\/\/unifsa.com.br\/site\/inscricoes-abertas-para-a-i-exposicao-dos-produtos-do-curso-de-nutricao-do-unifsa\/\"]}]},{\"@type\":\"ImageObject\",\"inLanguage\":\"pt-BR\",\"@id\":\"https:\/\/unifsa.com.br\/site\/inscricoes-abertas-para-a-i-exposicao-dos-produtos-do-curso-de-nutricao-do-unifsa\/#primaryimage\",\"url\":\"https:\/\/unifsa.com.br\/site\/wp-content\/uploads\/2025\/05\/I-EXPOSICAO-PRODUTOS-Apresentacao.webp\",\"contentUrl\":\"https:\/\/unifsa.com.br\/site\/wp-content\/uploads\/2025\/05\/I-EXPOSICAO-PRODUTOS-Apresentacao.webp\",\"width\":1920,\"height\":1080},{\"@type\":\"BreadcrumbList\",\"@id\":\"https:\/\/unifsa.com.br\/site\/inscricoes-abertas-para-a-i-exposicao-dos-produtos-do-curso-de-nutricao-do-unifsa\/#breadcrumb\",\"itemListElement\":[{\"@type\":\"ListItem\",\"position\":1,\"name\":\"In\u00edcio\",\"item\":\"https:\/\/unifsa.com.br\/site\/\"},{\"@type\":\"ListItem\",\"position\":2,\"name\":\"Inscri\u00e7\u00f5es abertas para a I Exposi\u00e7\u00e3o dos Produtos do Curso de Nutri\u00e7\u00e3o do UNIFSA\"}]},{\"@type\":\"WebSite\",\"@id\":\"https:\/\/unifsa.com.br\/site\/#website\",\"url\":\"https:\/\/unifsa.com.br\/site\/\",\"name\":\"Centro Universit\u00e1rio Santo Agostinho - UNIFSA\",\"description\":\"Conhecimento para toda a vida\",\"publisher\":{\"@id\":\"https:\/\/unifsa.com.br\/site\/#organization\"},\"potentialAction\":[{\"@type\":\"SearchAction\",\"target\":{\"@type\":\"EntryPoint\",\"urlTemplate\":\"https:\/\/unifsa.com.br\/site\/?s={search_term_string}\"},\"query-input\":{\"@type\":\"PropertyValueSpecification\",\"valueRequired\":true,\"valueName\":\"search_term_string\"}}],\"inLanguage\":\"pt-BR\"},{\"@type\":\"Organization\",\"@id\":\"https:\/\/unifsa.com.br\/site\/#organization\",\"name\":\"Centro Universit\u00e1rio Santo Agostinho - UNIFSA\",\"url\":\"https:\/\/unifsa.com.br\/site\/\",\"logo\":{\"@type\":\"ImageObject\",\"inLanguage\":\"pt-BR\",\"@id\":\"https:\/\/unifsa.com.br\/site\/#\/schema\/logo\/image\/\",\"url\":\"https:\/\/unifsa.com.br\/site\/wp-content\/uploads\/2023\/03\/MARCA-UNIFSA-CIC23-q2apjs1mt975cf1wl25b044coj90fwoiee1kya6800.png\",\"contentUrl\":\"https:\/\/unifsa.com.br\/site\/wp-content\/uploads\/2023\/03\/MARCA-UNIFSA-CIC23-q2apjs1mt975cf1wl25b044coj90fwoiee1kya6800.png\",\"width\":103,\"height\":100,\"caption\":\"Centro Universit\u00e1rio Santo Agostinho - UNIFSA\"},\"image\":{\"@id\":\"https:\/\/unifsa.com.br\/site\/#\/schema\/logo\/image\/\"},\"sameAs\":[\"https:\/\/www.facebook.com\/unifsa\/\",\"https:\/\/www.instagram.com\/unifsa\/\"]},{\"@type\":\"Person\",\"@id\":\"https:\/\/unifsa.com.br\/site\/#\/schema\/person\/6f5e8438b96168f9894cb9fe5816660f\",\"name\":\"UNIFSA\",\"image\":{\"@type\":\"ImageObject\",\"inLanguage\":\"pt-BR\",\"@id\":\"https:\/\/unifsa.com.br\/site\/#\/schema\/person\/image\/\",\"url\":\"https:\/\/secure.gravatar.com\/avatar\/3d1043775cda1d91d725491548f9b3a0909638e5fcbd418ee6b285ebfaa2ae59?s=96&d=mm&r=g\",\"contentUrl\":\"https:\/\/secure.gravatar.com\/avatar\/3d1043775cda1d91d725491548f9b3a0909638e5fcbd418ee6b285ebfaa2ae59?s=96&d=mm&r=g\",\"caption\":\"UNIFSA\"},\"url\":\"https:\/\/unifsa.com.br\/site\/author\/rogerbezerra\/\"}]}<\/script>\n<!-- \/ Yoast SEO plugin. -->","yoast_head_json":{"title":"Inscri\u00e7\u00f5es abertas para a I Exposi\u00e7\u00e3o dos Produtos do Curso de Nutri\u00e7\u00e3o do UNIFSA - Centro Universit\u00e1rio Santo Agostinho - UNIFSA","robots":{"index":"index","follow":"follow","max-snippet":"max-snippet:-1","max-image-preview":"max-image-preview:large","max-video-preview":"max-video-preview:-1"},"canonical":"https:\/\/unifsa.com.br\/site\/inscricoes-abertas-para-a-i-exposicao-dos-produtos-do-curso-de-nutricao-do-unifsa\/","og_locale":"pt_BR","og_type":"article","og_title":"Inscri\u00e7\u00f5es abertas para a I Exposi\u00e7\u00e3o dos Produtos do Curso de Nutri\u00e7\u00e3o do UNIFSA - Centro Universit\u00e1rio Santo Agostinho - UNIFSA","og_description":"Est\u00e3o abertas as inscri\u00e7\u00f5es de trabalhos para a I Exposi\u00e7\u00e3o dos Produtos do Curso de Nutri\u00e7\u00e3o, promovida pelo curso de Nutri\u00e7\u00e3o do Centro Universit\u00e1rio Santo Agostinho \u2013 UNIFSA. O evento ser\u00e1 realizado no dia 22 de maio de 2025, das 8h \u00e0s 18h, no pr\u00e9dio sede do UNIFSA. O objetivo \u00e9 apresentar os produtos desenvolvidos","og_url":"https:\/\/unifsa.com.br\/site\/inscricoes-abertas-para-a-i-exposicao-dos-produtos-do-curso-de-nutricao-do-unifsa\/","og_site_name":"Centro Universit\u00e1rio Santo Agostinho - UNIFSA","article_publisher":"https:\/\/www.facebook.com\/unifsa\/","article_published_time":"2025-05-09T13:04:39+00:00","article_modified_time":"2025-05-09T13:10:08+00:00","og_image":[{"width":1920,"height":1080,"url":"https:\/\/unifsa.com.br\/site\/wp-content\/uploads\/2025\/05\/I-EXPOSICAO-PRODUTOS-Apresentacao.webp","type":"image\/webp"}],"author":"UNIFSA","twitter_card":"summary_large_image","twitter_misc":{"Escrito por":"UNIFSA","Est. tempo de leitura":"2 minutos"},"schema":{"@context":"https:\/\/schema.org","@graph":[{"@type":"Article","@id":"https:\/\/unifsa.com.br\/site\/inscricoes-abertas-para-a-i-exposicao-dos-produtos-do-curso-de-nutricao-do-unifsa\/#article","isPartOf":{"@id":"https:\/\/unifsa.com.br\/site\/inscricoes-abertas-para-a-i-exposicao-dos-produtos-do-curso-de-nutricao-do-unifsa\/"},"author":{"name":"UNIFSA","@id":"https:\/\/unifsa.com.br\/site\/#\/schema\/person\/6f5e8438b96168f9894cb9fe5816660f"},"headline":"Inscri\u00e7\u00f5es abertas para a I Exposi\u00e7\u00e3o dos Produtos do Curso de Nutri\u00e7\u00e3o do UNIFSA","datePublished":"2025-05-09T13:04:39+00:00","dateModified":"2025-05-09T13:10:08+00:00","mainEntityOfPage":{"@id":"https:\/\/unifsa.com.br\/site\/inscricoes-abertas-para-a-i-exposicao-dos-produtos-do-curso-de-nutricao-do-unifsa\/"},"wordCount":209,"publisher":{"@id":"https:\/\/unifsa.com.br\/site\/#organization"},"image":{"@id":"https:\/\/unifsa.com.br\/site\/inscricoes-abertas-para-a-i-exposicao-dos-produtos-do-curso-de-nutricao-do-unifsa\/#primaryimage"},"thumbnailUrl":"https:\/\/unifsa.com.br\/site\/wp-content\/uploads\/2025\/05\/I-EXPOSICAO-PRODUTOS-Apresentacao.webp","articleSection":["A\u00e7\u00f5es da Comunidade","Nutri\u00e7\u00e3o"],"inLanguage":"pt-BR"},{"@type":"WebPage","@id":"https:\/\/unifsa.com.br\/site\/inscricoes-abertas-para-a-i-exposicao-dos-produtos-do-curso-de-nutricao-do-unifsa\/","url":"https:\/\/unifsa.com.br\/site\/inscricoes-abertas-para-a-i-exposicao-dos-produtos-do-curso-de-nutricao-do-unifsa\/","name":"Inscri\u00e7\u00f5es abertas para a I Exposi\u00e7\u00e3o dos Produtos do Curso de Nutri\u00e7\u00e3o do UNIFSA - Centro Universit\u00e1rio Santo Agostinho - UNIFSA","isPartOf":{"@id":"https:\/\/unifsa.com.br\/site\/#website"},"primaryImageOfPage":{"@id":"https:\/\/unifsa.com.br\/site\/inscricoes-abertas-para-a-i-exposicao-dos-produtos-do-curso-de-nutricao-do-unifsa\/#primaryimage"},"image":{"@id":"https:\/\/unifsa.com.br\/site\/inscricoes-abertas-para-a-i-exposicao-dos-produtos-do-curso-de-nutricao-do-unifsa\/#primaryimage"},"thumbnailUrl":"https:\/\/unifsa.com.br\/site\/wp-content\/uploads\/2025\/05\/I-EXPOSICAO-PRODUTOS-Apresentacao.webp","datePublished":"2025-05-09T13:04:39+00:00","dateModified":"2025-05-09T13:10:08+00:00","breadcrumb":{"@id":"https:\/\/unifsa.com.br\/site\/inscricoes-abertas-para-a-i-exposicao-dos-produtos-do-curso-de-nutricao-do-unifsa\/#breadcrumb"},"inLanguage":"pt-BR","potentialAction":[{"@type":"ReadAction","target":["https:\/\/unifsa.com.br\/site\/inscricoes-abertas-para-a-i-exposicao-dos-produtos-do-curso-de-nutricao-do-unifsa\/"]}]},{"@type":"ImageObject","inLanguage":"pt-BR","@id":"https:\/\/unifsa.com.br\/site\/inscricoes-abertas-para-a-i-exposicao-dos-produtos-do-curso-de-nutricao-do-unifsa\/#primaryimage","url":"https:\/\/unifsa.com.br\/site\/wp-content\/uploads\/2025\/05\/I-EXPOSICAO-PRODUTOS-Apresentacao.webp","contentUrl":"https:\/\/unifsa.com.br\/site\/wp-content\/uploads\/2025\/05\/I-EXPOSICAO-PRODUTOS-Apresentacao.webp","width":1920,"height":1080},{"@type":"BreadcrumbList","@id":"https:\/\/unifsa.com.br\/site\/inscricoes-abertas-para-a-i-exposicao-dos-produtos-do-curso-de-nutricao-do-unifsa\/#breadcrumb","itemListElement":[{"@type":"ListItem","position":1,"name":"In\u00edcio","item":"https:\/\/unifsa.com.br\/site\/"},{"@type":"ListItem","position":2,"name":"Inscri\u00e7\u00f5es abertas para a I Exposi\u00e7\u00e3o dos Produtos do Curso de Nutri\u00e7\u00e3o do UNIFSA"}]},{"@type":"WebSite","@id":"https:\/\/unifsa.com.br\/site\/#website","url":"https:\/\/unifsa.com.br\/site\/","name":"Centro Universit\u00e1rio Santo Agostinho - UNIFSA","description":"Conhecimento para toda a vida","publisher":{"@id":"https:\/\/unifsa.com.br\/site\/#organization"},"potentialAction":[{"@type":"SearchAction","target":{"@type":"EntryPoint","urlTemplate":"https:\/\/unifsa.com.br\/site\/?s={search_term_string}"},"query-input":{"@type":"PropertyValueSpecification","valueRequired":true,"valueName":"search_term_string"}}],"inLanguage":"pt-BR"},{"@type":"Organization","@id":"https:\/\/unifsa.com.br\/site\/#organization","name":"Centro Universit\u00e1rio Santo Agostinho - UNIFSA","url":"https:\/\/unifsa.com.br\/site\/","logo":{"@type":"ImageObject","inLanguage":"pt-BR","@id":"https:\/\/unifsa.com.br\/site\/#\/schema\/logo\/image\/","url":"https:\/\/unifsa.com.br\/site\/wp-content\/uploads\/2023\/03\/MARCA-UNIFSA-CIC23-q2apjs1mt975cf1wl25b044coj90fwoiee1kya6800.png","contentUrl":"https:\/\/unifsa.com.br\/site\/wp-content\/uploads\/2023\/03\/MARCA-UNIFSA-CIC23-q2apjs1mt975cf1wl25b044coj90fwoiee1kya6800.png","width":103,"height":100,"caption":"Centro Universit\u00e1rio Santo Agostinho - UNIFSA"},"image":{"@id":"https:\/\/unifsa.com.br\/site\/#\/schema\/logo\/image\/"},"sameAs":["https:\/\/www.facebook.com\/unifsa\/","https:\/\/www.instagram.com\/unifsa\/"]},{"@type":"Person","@id":"https:\/\/unifsa.com.br\/site\/#\/schema\/person\/6f5e8438b96168f9894cb9fe5816660f","name":"UNIFSA","image":{"@type":"ImageObject","inLanguage":"pt-BR","@id":"https:\/\/unifsa.com.br\/site\/#\/schema\/person\/image\/","url":"https:\/\/secure.gravatar.com\/avatar\/3d1043775cda1d91d725491548f9b3a0909638e5fcbd418ee6b285ebfaa2ae59?s=96&d=mm&r=g","contentUrl":"https:\/\/secure.gravatar.com\/avatar\/3d1043775cda1d91d725491548f9b3a0909638e5fcbd418ee6b285ebfaa2ae59?s=96&d=mm&r=g","caption":"UNIFSA"},"url":"https:\/\/unifsa.com.br\/site\/author\/rogerbezerra\/"}]}},"_links":{"self":[{"href":"https:\/\/unifsa.com.br\/site\/wp-json\/wp\/v2\/posts\/39539","targetHints":{"allow":["GET"]}}],"collection":[{"href":"https:\/\/unifsa.com.br\/site\/wp-json\/wp\/v2\/posts"}],"about":[{"href":"https:\/\/unifsa.com.br\/site\/wp-json\/wp\/v2\/types\/post"}],"author":[{"embeddable":true,"href":"https:\/\/unifsa.com.br\/site\/wp-json\/wp\/v2\/users\/1"}],"replies":[{"embeddable":true,"href":"https:\/\/unifsa.com.br\/site\/wp-json\/wp\/v2\/comments?post=39539"}],"version-history":[{"count":2,"href":"https:\/\/unifsa.com.br\/site\/wp-json\/wp\/v2\/posts\/39539\/revisions"}],"predecessor-version":[{"id":39543,"href":"https:\/\/unifsa.com.br\/site\/wp-json\/wp\/v2\/posts\/39539\/revisions\/39543"}],"wp:featuredmedia":[{"embeddable":true,"href":"https:\/\/unifsa.com.br\/site\/wp-json\/wp\/v2\/media\/39540"}],"wp:attachment":[{"href":"https:\/\/unifsa.com.br\/site\/wp-json\/wp\/v2\/media?parent=39539"}],"wp:term":[{"taxonomy":"category","embeddable":true,"href":"https:\/\/unifsa.com.br\/site\/wp-json\/wp\/v2\/categories?post=39539"},{"taxonomy":"post_tag","embeddable":true,"href":"https:\/\/unifsa.com.br\/site\/wp-json\/wp\/v2\/tags?post=39539"}],"curies":[{"name":"wp","href":"https:\/\/api.w.org\/{rel}","templated":true}]}}