{"id":39239,"date":"2025-04-23T22:02:25","date_gmt":"2025-04-24T01:02:25","guid":{"rendered":"https:\/\/unifsa.com.br\/site\/?p=39239"},"modified":"2025-04-30T10:50:14","modified_gmt":"2025-04-30T13:50:14","slug":"unifsa-realiza-live-de-pre-evento-do-2o-cics-com-palestrante-confirmada-de-portugal","status":"publish","type":"post","link":"https:\/\/unifsa.com.br\/site\/unifsa-realiza-live-de-pre-evento-do-2o-cics-com-palestrante-confirmada-de-portugal\/","title":{"rendered":"UNIFSA realiza live de pr\u00e9-evento do 2\u00ba CICS com palestrante confirmada de Portugal"},"content":{"rendered":"\n<p>O Centro Universit\u00e1rio Santo Agostinho promoveu nesta ter\u00e7a-feira (23), \u00e0s 11h (hor\u00e1rio de Bras\u00edlia), a <strong>live de pr\u00e9-evento do 2\u00ba Congresso Internacional Ci\u00eancia e Sociedade (CICS)<\/strong>. A atividade, realizada pelo N\u00facleo de Rela\u00e7\u00f5es Internacionais por meio do projeto <em>Conex\u00e3o com o Mundo<\/em>, contou com a presen\u00e7a da Dra. Aliete Cunha Oliveira, da Escola Superior de Enfermagem de Coimbra, em Portugal.<\/p>\n\n\n\n<p>Com transmiss\u00e3o ao vivo pela internet e retransmiss\u00e3o na Sala de Confer\u00eancia do Anexo II do UNIFSA, a live reuniu estudantes, professores e profissionais interessados nas discuss\u00f5es que ser\u00e3o aprofundadas durante o congresso, previsto para este ano.<\/p>\n\n\n\n<p>A palestra <strong>\u201cHIV e AIDS: Atualiza\u00e7\u00f5es na Preven\u00e7\u00e3o e Tratamento\u201d<\/strong> apresentou o panorama mundial da infec\u00e7\u00e3o por HIV, abordando dados epidemiol\u00f3gicos recentes, estrat\u00e9gias de preven\u00e7\u00e3o combinada (comportamentais, biom\u00e9dicas como PrEP, PEP e TasP, e estruturais) e as desigualdades no acesso a cuidados.<\/p>\n\n\n\n<p>Em 2023, registraram-se 1,3 milh\u00e3o de novas infec\u00e7\u00f5es e 630 mil mortes relacionadas \u00e0 AIDS, n\u00fameros ainda distantes das metas para 2025.<\/p>\n\n\n\n<p>Foi discutido o impacto da pandemia de COVID-19 nos diagn\u00f3sticos de IST e a necessidade de financiamento cont\u00ednuo. Tamb\u00e9m se destacou a trajet\u00f3ria hist\u00f3rica da resposta ao HIV em Portugal, com pol\u00edticas p\u00fablicas como a introdu\u00e7\u00e3o da terapia antirretroviral gratuita e o sistema de vigil\u00e2ncia SI.VIDA.<\/p>\n\n\n\n<p>A palestra refor\u00e7ou a import\u00e2ncia da educa\u00e7\u00e3o e da ci\u00eancia no enfrentamento da epidemia. Durante sua apresenta\u00e7\u00e3o sobre <strong>\u201cHIV e AIDS: atualiza\u00e7\u00f5es na preven\u00e7\u00e3o e tratamento\u201d<\/strong>, a Dra. Aliete destacou os avan\u00e7os cient\u00edficos e os desafios persistentes no enfrentamento da infec\u00e7\u00e3o, com \u00eanfase na import\u00e2ncia da preven\u00e7\u00e3o, do diagn\u00f3stico precoce e da ades\u00e3o ao tratamento. Compartilhando experi\u00eancias desenvolvidas em Portugal, ela trouxe reflex\u00f5es que dialogam diretamente com a realidade brasileira, especialmente no que diz respeito \u00e0 necessidade de pol\u00edticas p\u00fablicas eficazes, ao combate ao estigma e \u00e0 promo\u00e7\u00e3o de uma aten\u00e7\u00e3o mais humanizada.<\/p>\n\n\n\n<p>A participa\u00e7\u00e3o da Dra. Aliete foi viabilizada por meio da parceria entre o UNIFSA e o Hospital S\u00e3o Marcos, institui\u00e7\u00e3o que tamb\u00e9m integra o grupo de parceiros do 2\u00b0 CICS. A presen\u00e7a internacional refor\u00e7a o compromisso do congresso com a promo\u00e7\u00e3o de debates globais e a conex\u00e3o entre ensino, pesquisa e pr\u00e1tica profissional.<\/p>\n\n\n\n<p class=\"has-vivid-cyan-blue-color has-text-color\"><strong>CONGRESSO INTERNACIONAL CI\u00caNCIA E SOCIEDADE<\/strong><\/p>\n\n\n\n<p class=\"texto-justificado\">O&nbsp;<strong>Congresso Internacional Ci\u00eancia e Sociedade (CICS)<\/strong>&nbsp;\u00e9 um evento bianual do Centro Universit\u00e1rio Santo Agostinho, realizado com a colabora\u00e7\u00e3o de pesquisadores de diversas institui\u00e7\u00f5es de ensino brasileiras e&nbsp; de outros pa\u00edses.<\/p>\n\n\n\n<p>O principal prop\u00f3sito do CICS \u00e9 aproximar a sociedade das pr\u00e1ticas cient\u00edficas contempor\u00e2neas. Assim, al\u00e9m de proporcionar um espa\u00e7o de di\u00e1logo e de intera\u00e7\u00e3o entre pesquisadores de v\u00e1rias partes do mundo, visa aprofundar estudos nas mais diversas \u00e1reas do conhecimento. Este \u00e9 um evento que tenta atender aos desafios de uma humanidade cada vez mais desafiadora e interconectada, onde, pesquisadores do Brasil e de outros pa\u00edses t\u00eam a oportunidade de conduzir discuss\u00f5es cada vez mais transdisciplinares sobre os in\u00fameros aspectos do fazer ci\u00eancia.<\/p>\n\n\n\n<p class=\"texto-justificado\">Em 2025, sua segunda edi\u00e7\u00e3o acontece de 4 a 8 de novembro, no Centro Universit\u00e1rio Santo Agostinho, em Teresina, Piau\u00ed, com o tema: \u201c<strong>Educa\u00e7\u00e3o e Pesquisa como Caminho para a Pacifica\u00e7\u00e3o Global&nbsp;<\/strong>\u201d.<\/p>\n\n\n\n<div class=\"wp-block-buttons is-content-justification-center is-layout-flex wp-container-core-buttons-is-layout-16018d1d wp-block-buttons-is-layout-flex\">\n<div class=\"wp-block-button\"><a class=\"wp-block-button__link has-white-color has-text-color has-background has-link-color has-text-align-center wp-element-button\" href=\"https:\/\/unifsa.com.br\/cics2025\/\" style=\"background-color:#073f60\"><strong>Inscreva-se no 2\u00b0 CICS<\/strong><\/a><\/div>\n<\/div>\n\n\n\n<div style=\"height:15px\" aria-hidden=\"true\" class=\"wp-block-spacer\"><\/div>\n\n\n\n<div class=\"wp-block-buttons is-content-justification-center is-layout-flex wp-container-core-buttons-is-layout-16018d1d wp-block-buttons-is-layout-flex\">\n<div class=\"wp-block-button\"><a class=\"wp-block-button__link has-white-color has-text-color has-background has-link-color has-text-align-center wp-element-button\" href=\"https:\/\/unifsa.com.br\/site\/hospital-sao-marcos-e-unifsa-reafirmam-parceria-para-o-2o-cics\/\" style=\"background-color:#cf6b24\"><strong>Confira a parceria com o S\u00e3o Marcos<\/strong><\/a><\/div>\n<\/div>\n\n\n\n<h2 class=\"wp-block-heading has-text-color has-link-color wp-elements-9b0282b3e29e46b0f7b414d084596606\" style=\"color:#05486f\">Confira os registros da atividade:<\/h2>\n\n\n\n<figure class=\"wp-block-gallery has-nested-images columns-default is-cropped wp-block-gallery-1 is-layout-flex wp-block-gallery-is-layout-flex\">\n<figure class=\"wp-block-image size-large\"><img fetchpriority=\"high\" decoding=\"async\" width=\"1024\" height=\"576\" data-id=\"39241\" src=\"https:\/\/unifsa.com.br\/site\/wp-content\/uploads\/2025\/04\/IMG_2508-1024x576.webp\" alt=\"\" class=\"wp-image-39241\" srcset=\"https:\/\/unifsa.com.br\/site\/wp-content\/uploads\/2025\/04\/IMG_2508-1024x576.webp 1024w, https:\/\/unifsa.com.br\/site\/wp-content\/uploads\/2025\/04\/IMG_2508-300x169.webp 300w, https:\/\/unifsa.com.br\/site\/wp-content\/uploads\/2025\/04\/IMG_2508-768x432.webp 768w, https:\/\/unifsa.com.br\/site\/wp-content\/uploads\/2025\/04\/IMG_2508-1536x864.webp 1536w, https:\/\/unifsa.com.br\/site\/wp-content\/uploads\/2025\/04\/IMG_2508-2048x1152.webp 2048w\" sizes=\"(max-width: 1024px) 100vw, 1024px\" \/><\/figure>\n\n\n\n<figure class=\"wp-block-image size-large\"><img decoding=\"async\" width=\"1024\" height=\"576\" data-id=\"39246\" src=\"https:\/\/unifsa.com.br\/site\/wp-content\/uploads\/2025\/04\/IMG_2498-1024x576.webp\" alt=\"\" class=\"wp-image-39246\" srcset=\"https:\/\/unifsa.com.br\/site\/wp-content\/uploads\/2025\/04\/IMG_2498-1024x576.webp 1024w, https:\/\/unifsa.com.br\/site\/wp-content\/uploads\/2025\/04\/IMG_2498-300x169.webp 300w, https:\/\/unifsa.com.br\/site\/wp-content\/uploads\/2025\/04\/IMG_2498-768x432.webp 768w, https:\/\/unifsa.com.br\/site\/wp-content\/uploads\/2025\/04\/IMG_2498-1536x864.webp 1536w, https:\/\/unifsa.com.br\/site\/wp-content\/uploads\/2025\/04\/IMG_2498-2048x1152.webp 2048w\" sizes=\"(max-width: 1024px) 100vw, 1024px\" \/><\/figure>\n\n\n\n<figure class=\"wp-block-image size-large\"><img decoding=\"async\" width=\"1024\" height=\"576\" data-id=\"39245\" src=\"https:\/\/unifsa.com.br\/site\/wp-content\/uploads\/2025\/04\/IMG_2516-1024x576.webp\" alt=\"\" class=\"wp-image-39245\" srcset=\"https:\/\/unifsa.com.br\/site\/wp-content\/uploads\/2025\/04\/IMG_2516-1024x576.webp 1024w, https:\/\/unifsa.com.br\/site\/wp-content\/uploads\/2025\/04\/IMG_2516-300x169.webp 300w, https:\/\/unifsa.com.br\/site\/wp-content\/uploads\/2025\/04\/IMG_2516-768x432.webp 768w, https:\/\/unifsa.com.br\/site\/wp-content\/uploads\/2025\/04\/IMG_2516-1536x864.webp 1536w, https:\/\/unifsa.com.br\/site\/wp-content\/uploads\/2025\/04\/IMG_2516-2048x1152.webp 2048w\" sizes=\"(max-width: 1024px) 100vw, 1024px\" \/><\/figure>\n\n\n\n<figure class=\"wp-block-image size-large\"><img loading=\"lazy\" decoding=\"async\" width=\"1024\" height=\"576\" data-id=\"39244\" src=\"https:\/\/unifsa.com.br\/site\/wp-content\/uploads\/2025\/04\/IMG_2523-1024x576.webp\" alt=\"\" class=\"wp-image-39244\" srcset=\"https:\/\/unifsa.com.br\/site\/wp-content\/uploads\/2025\/04\/IMG_2523-1024x576.webp 1024w, https:\/\/unifsa.com.br\/site\/wp-content\/uploads\/2025\/04\/IMG_2523-300x169.webp 300w, https:\/\/unifsa.com.br\/site\/wp-content\/uploads\/2025\/04\/IMG_2523-768x432.webp 768w, https:\/\/unifsa.com.br\/site\/wp-content\/uploads\/2025\/04\/IMG_2523-1536x864.webp 1536w, https:\/\/unifsa.com.br\/site\/wp-content\/uploads\/2025\/04\/IMG_2523-2048x1152.webp 2048w\" sizes=\"(max-width: 1024px) 100vw, 1024px\" \/><\/figure>\n<\/figure>\n","protected":false},"excerpt":{"rendered":"<p>O Centro Universit\u00e1rio Santo Agostinho promoveu nesta ter\u00e7a-feira (23), \u00e0s 11h (hor\u00e1rio de Bras\u00edlia), a live de pr\u00e9-evento do 2\u00ba Congresso Internacional Ci\u00eancia e Sociedade (CICS). A atividade, realizada pelo N\u00facleo de Rela\u00e7\u00f5es Internacionais por meio do projeto Conex\u00e3o com o Mundo, contou com a presen\u00e7a da Dra. Aliete Cunha Oliveira, da Escola Superior de<\/p>\n","protected":false},"author":12,"featured_media":39247,"comment_status":"closed","ping_status":"open","sticky":false,"template":"","format":"standard","meta":{"_acf_changed":false,"footnotes":""},"categories":[1830,733],"tags":[1854,747,734,711],"class_list":["post-39239","post","type-post","status-publish","format-standard","has-post-thumbnail","hentry","category-cics-2025","category-nucleo-de-relacoes-internacionais","tag-2-cics-2","tag-conexao-com-o-mundo","tag-nri","tag-nucleo-de-relacoes-internacionais"],"acf":[],"yoast_head":"<!-- This site is optimized with the Yoast SEO plugin v26.5 - https:\/\/yoast.com\/wordpress\/plugins\/seo\/ -->\n<title>UNIFSA realiza live de pr\u00e9-evento do 2\u00ba CICS com palestrante confirmada de Portugal - Centro Universit\u00e1rio Santo Agostinho - UNIFSA<\/title>\n<meta name=\"robots\" content=\"index, follow, max-snippet:-1, max-image-preview:large, max-video-preview:-1\" \/>\n<link rel=\"canonical\" href=\"https:\/\/unifsa.com.br\/site\/unifsa-realiza-live-de-pre-evento-do-2o-cics-com-palestrante-confirmada-de-portugal\/\" \/>\n<meta property=\"og:locale\" content=\"pt_BR\" \/>\n<meta property=\"og:type\" content=\"article\" \/>\n<meta property=\"og:title\" content=\"UNIFSA realiza live de pr\u00e9-evento do 2\u00ba CICS com palestrante confirmada de Portugal - Centro Universit\u00e1rio Santo Agostinho - UNIFSA\" \/>\n<meta property=\"og:description\" content=\"O Centro Universit\u00e1rio Santo Agostinho promoveu nesta ter\u00e7a-feira (23), \u00e0s 11h (hor\u00e1rio de Bras\u00edlia), a live de pr\u00e9-evento do 2\u00ba Congresso Internacional Ci\u00eancia e Sociedade (CICS). A atividade, realizada pelo N\u00facleo de Rela\u00e7\u00f5es Internacionais por meio do projeto Conex\u00e3o com o Mundo, contou com a presen\u00e7a da Dra. Aliete Cunha Oliveira, da Escola Superior de\" \/>\n<meta property=\"og:url\" content=\"https:\/\/unifsa.com.br\/site\/unifsa-realiza-live-de-pre-evento-do-2o-cics-com-palestrante-confirmada-de-portugal\/\" \/>\n<meta property=\"og:site_name\" content=\"Centro Universit\u00e1rio Santo Agostinho - UNIFSA\" \/>\n<meta property=\"article:publisher\" content=\"https:\/\/www.facebook.com\/unifsa\/\" \/>\n<meta property=\"article:published_time\" content=\"2025-04-24T01:02:25+00:00\" \/>\n<meta property=\"article:modified_time\" content=\"2025-04-30T13:50:14+00:00\" \/>\n<meta property=\"og:image\" content=\"https:\/\/unifsa.com.br\/site\/wp-content\/uploads\/2025\/04\/IMG_2504-1.webp\" \/>\n\t<meta property=\"og:image:width\" content=\"2364\" \/>\n\t<meta property=\"og:image:height\" content=\"1330\" \/>\n\t<meta property=\"og:image:type\" content=\"image\/webp\" \/>\n<meta name=\"author\" content=\"Estev\u00e3o Leite Cordeiro de Souza\" \/>\n<meta name=\"twitter:card\" content=\"summary_large_image\" \/>\n<meta name=\"twitter:label1\" content=\"Escrito por\" \/>\n\t<meta name=\"twitter:data1\" content=\"Estev\u00e3o Leite Cordeiro de Souza\" \/>\n\t<meta name=\"twitter:label2\" content=\"Est. tempo de leitura\" \/>\n\t<meta name=\"twitter:data2\" content=\"4 minutos\" \/>\n<script type=\"application\/ld+json\" class=\"yoast-schema-graph\">{\"@context\":\"https:\/\/schema.org\",\"@graph\":[{\"@type\":\"Article\",\"@id\":\"https:\/\/unifsa.com.br\/site\/unifsa-realiza-live-de-pre-evento-do-2o-cics-com-palestrante-confirmada-de-portugal\/#article\",\"isPartOf\":{\"@id\":\"https:\/\/unifsa.com.br\/site\/unifsa-realiza-live-de-pre-evento-do-2o-cics-com-palestrante-confirmada-de-portugal\/\"},\"author\":{\"name\":\"Estev\u00e3o Leite Cordeiro de Souza\",\"@id\":\"https:\/\/unifsa.com.br\/site\/#\/schema\/person\/459d6944d25bd72102b031eb886c7cbf\"},\"headline\":\"UNIFSA realiza live de pr\u00e9-evento do 2\u00ba CICS com palestrante confirmada de Portugal\",\"datePublished\":\"2025-04-24T01:02:25+00:00\",\"dateModified\":\"2025-04-30T13:50:14+00:00\",\"mainEntityOfPage\":{\"@id\":\"https:\/\/unifsa.com.br\/site\/unifsa-realiza-live-de-pre-evento-do-2o-cics-com-palestrante-confirmada-de-portugal\/\"},\"wordCount\":610,\"publisher\":{\"@id\":\"https:\/\/unifsa.com.br\/site\/#organization\"},\"image\":{\"@id\":\"https:\/\/unifsa.com.br\/site\/unifsa-realiza-live-de-pre-evento-do-2o-cics-com-palestrante-confirmada-de-portugal\/#primaryimage\"},\"thumbnailUrl\":\"https:\/\/unifsa.com.br\/site\/wp-content\/uploads\/2025\/04\/IMG_2504-1.webp\",\"keywords\":[\"2\u00b0 CICS\",\"Conex\u00e3o com o Mundo\",\"NRI\",\"n\u00facleo de rela\u00e7\u00f5es internacionais\"],\"articleSection\":[\"CICS 2025\",\"N\u00facleo de Rela\u00e7\u00f5es Internacionais\"],\"inLanguage\":\"pt-BR\"},{\"@type\":\"WebPage\",\"@id\":\"https:\/\/unifsa.com.br\/site\/unifsa-realiza-live-de-pre-evento-do-2o-cics-com-palestrante-confirmada-de-portugal\/\",\"url\":\"https:\/\/unifsa.com.br\/site\/unifsa-realiza-live-de-pre-evento-do-2o-cics-com-palestrante-confirmada-de-portugal\/\",\"name\":\"UNIFSA realiza live de pr\u00e9-evento do 2\u00ba CICS com palestrante confirmada de Portugal - Centro Universit\u00e1rio Santo Agostinho - UNIFSA\",\"isPartOf\":{\"@id\":\"https:\/\/unifsa.com.br\/site\/#website\"},\"primaryImageOfPage\":{\"@id\":\"https:\/\/unifsa.com.br\/site\/unifsa-realiza-live-de-pre-evento-do-2o-cics-com-palestrante-confirmada-de-portugal\/#primaryimage\"},\"image\":{\"@id\":\"https:\/\/unifsa.com.br\/site\/unifsa-realiza-live-de-pre-evento-do-2o-cics-com-palestrante-confirmada-de-portugal\/#primaryimage\"},\"thumbnailUrl\":\"https:\/\/unifsa.com.br\/site\/wp-content\/uploads\/2025\/04\/IMG_2504-1.webp\",\"datePublished\":\"2025-04-24T01:02:25+00:00\",\"dateModified\":\"2025-04-30T13:50:14+00:00\",\"breadcrumb\":{\"@id\":\"https:\/\/unifsa.com.br\/site\/unifsa-realiza-live-de-pre-evento-do-2o-cics-com-palestrante-confirmada-de-portugal\/#breadcrumb\"},\"inLanguage\":\"pt-BR\",\"potentialAction\":[{\"@type\":\"ReadAction\",\"target\":[\"https:\/\/unifsa.com.br\/site\/unifsa-realiza-live-de-pre-evento-do-2o-cics-com-palestrante-confirmada-de-portugal\/\"]}]},{\"@type\":\"ImageObject\",\"inLanguage\":\"pt-BR\",\"@id\":\"https:\/\/unifsa.com.br\/site\/unifsa-realiza-live-de-pre-evento-do-2o-cics-com-palestrante-confirmada-de-portugal\/#primaryimage\",\"url\":\"https:\/\/unifsa.com.br\/site\/wp-content\/uploads\/2025\/04\/IMG_2504-1.webp\",\"contentUrl\":\"https:\/\/unifsa.com.br\/site\/wp-content\/uploads\/2025\/04\/IMG_2504-1.webp\",\"width\":2364,\"height\":1330},{\"@type\":\"BreadcrumbList\",\"@id\":\"https:\/\/unifsa.com.br\/site\/unifsa-realiza-live-de-pre-evento-do-2o-cics-com-palestrante-confirmada-de-portugal\/#breadcrumb\",\"itemListElement\":[{\"@type\":\"ListItem\",\"position\":1,\"name\":\"In\u00edcio\",\"item\":\"https:\/\/unifsa.com.br\/site\/\"},{\"@type\":\"ListItem\",\"position\":2,\"name\":\"UNIFSA realiza live de pr\u00e9-evento do 2\u00ba CICS com palestrante confirmada de Portugal\"}]},{\"@type\":\"WebSite\",\"@id\":\"https:\/\/unifsa.com.br\/site\/#website\",\"url\":\"https:\/\/unifsa.com.br\/site\/\",\"name\":\"Centro Universit\u00e1rio Santo Agostinho - UNIFSA\",\"description\":\"Conhecimento para toda a vida\",\"publisher\":{\"@id\":\"https:\/\/unifsa.com.br\/site\/#organization\"},\"potentialAction\":[{\"@type\":\"SearchAction\",\"target\":{\"@type\":\"EntryPoint\",\"urlTemplate\":\"https:\/\/unifsa.com.br\/site\/?s={search_term_string}\"},\"query-input\":{\"@type\":\"PropertyValueSpecification\",\"valueRequired\":true,\"valueName\":\"search_term_string\"}}],\"inLanguage\":\"pt-BR\"},{\"@type\":\"Organization\",\"@id\":\"https:\/\/unifsa.com.br\/site\/#organization\",\"name\":\"Centro Universit\u00e1rio Santo Agostinho - UNIFSA\",\"url\":\"https:\/\/unifsa.com.br\/site\/\",\"logo\":{\"@type\":\"ImageObject\",\"inLanguage\":\"pt-BR\",\"@id\":\"https:\/\/unifsa.com.br\/site\/#\/schema\/logo\/image\/\",\"url\":\"https:\/\/unifsa.com.br\/site\/wp-content\/uploads\/2023\/03\/MARCA-UNIFSA-CIC23-q2apjs1mt975cf1wl25b044coj90fwoiee1kya6800.png\",\"contentUrl\":\"https:\/\/unifsa.com.br\/site\/wp-content\/uploads\/2023\/03\/MARCA-UNIFSA-CIC23-q2apjs1mt975cf1wl25b044coj90fwoiee1kya6800.png\",\"width\":103,\"height\":100,\"caption\":\"Centro Universit\u00e1rio Santo Agostinho - UNIFSA\"},\"image\":{\"@id\":\"https:\/\/unifsa.com.br\/site\/#\/schema\/logo\/image\/\"},\"sameAs\":[\"https:\/\/www.facebook.com\/unifsa\/\",\"https:\/\/www.instagram.com\/unifsa\/\"]},{\"@type\":\"Person\",\"@id\":\"https:\/\/unifsa.com.br\/site\/#\/schema\/person\/459d6944d25bd72102b031eb886c7cbf\",\"name\":\"Estev\u00e3o Leite Cordeiro de Souza\",\"image\":{\"@type\":\"ImageObject\",\"inLanguage\":\"pt-BR\",\"@id\":\"https:\/\/unifsa.com.br\/site\/#\/schema\/person\/image\/\",\"url\":\"https:\/\/secure.gravatar.com\/avatar\/b381626173a0b440e86662336f5d92704de1b8100a4cb5a34d6466804eb5c336?s=96&d=mm&r=g\",\"contentUrl\":\"https:\/\/secure.gravatar.com\/avatar\/b381626173a0b440e86662336f5d92704de1b8100a4cb5a34d6466804eb5c336?s=96&d=mm&r=g\",\"caption\":\"Estev\u00e3o Leite Cordeiro de Souza\"},\"url\":\"https:\/\/unifsa.com.br\/site\/author\/estevaocordeiro\/\"}]}<\/script>\n<!-- \/ Yoast SEO plugin. -->","yoast_head_json":{"title":"UNIFSA realiza live de pr\u00e9-evento do 2\u00ba CICS com palestrante confirmada de Portugal - Centro Universit\u00e1rio Santo Agostinho - UNIFSA","robots":{"index":"index","follow":"follow","max-snippet":"max-snippet:-1","max-image-preview":"max-image-preview:large","max-video-preview":"max-video-preview:-1"},"canonical":"https:\/\/unifsa.com.br\/site\/unifsa-realiza-live-de-pre-evento-do-2o-cics-com-palestrante-confirmada-de-portugal\/","og_locale":"pt_BR","og_type":"article","og_title":"UNIFSA realiza live de pr\u00e9-evento do 2\u00ba CICS com palestrante confirmada de Portugal - Centro Universit\u00e1rio Santo Agostinho - UNIFSA","og_description":"O Centro Universit\u00e1rio Santo Agostinho promoveu nesta ter\u00e7a-feira (23), \u00e0s 11h (hor\u00e1rio de Bras\u00edlia), a live de pr\u00e9-evento do 2\u00ba Congresso Internacional Ci\u00eancia e Sociedade (CICS). A atividade, realizada pelo N\u00facleo de Rela\u00e7\u00f5es Internacionais por meio do projeto Conex\u00e3o com o Mundo, contou com a presen\u00e7a da Dra. Aliete Cunha Oliveira, da Escola Superior de","og_url":"https:\/\/unifsa.com.br\/site\/unifsa-realiza-live-de-pre-evento-do-2o-cics-com-palestrante-confirmada-de-portugal\/","og_site_name":"Centro Universit\u00e1rio Santo Agostinho - UNIFSA","article_publisher":"https:\/\/www.facebook.com\/unifsa\/","article_published_time":"2025-04-24T01:02:25+00:00","article_modified_time":"2025-04-30T13:50:14+00:00","og_image":[{"width":2364,"height":1330,"url":"https:\/\/unifsa.com.br\/site\/wp-content\/uploads\/2025\/04\/IMG_2504-1.webp","type":"image\/webp"}],"author":"Estev\u00e3o Leite Cordeiro de Souza","twitter_card":"summary_large_image","twitter_misc":{"Escrito por":"Estev\u00e3o Leite Cordeiro de Souza","Est. tempo de leitura":"4 minutos"},"schema":{"@context":"https:\/\/schema.org","@graph":[{"@type":"Article","@id":"https:\/\/unifsa.com.br\/site\/unifsa-realiza-live-de-pre-evento-do-2o-cics-com-palestrante-confirmada-de-portugal\/#article","isPartOf":{"@id":"https:\/\/unifsa.com.br\/site\/unifsa-realiza-live-de-pre-evento-do-2o-cics-com-palestrante-confirmada-de-portugal\/"},"author":{"name":"Estev\u00e3o Leite Cordeiro de Souza","@id":"https:\/\/unifsa.com.br\/site\/#\/schema\/person\/459d6944d25bd72102b031eb886c7cbf"},"headline":"UNIFSA realiza live de pr\u00e9-evento do 2\u00ba CICS com palestrante confirmada de Portugal","datePublished":"2025-04-24T01:02:25+00:00","dateModified":"2025-04-30T13:50:14+00:00","mainEntityOfPage":{"@id":"https:\/\/unifsa.com.br\/site\/unifsa-realiza-live-de-pre-evento-do-2o-cics-com-palestrante-confirmada-de-portugal\/"},"wordCount":610,"publisher":{"@id":"https:\/\/unifsa.com.br\/site\/#organization"},"image":{"@id":"https:\/\/unifsa.com.br\/site\/unifsa-realiza-live-de-pre-evento-do-2o-cics-com-palestrante-confirmada-de-portugal\/#primaryimage"},"thumbnailUrl":"https:\/\/unifsa.com.br\/site\/wp-content\/uploads\/2025\/04\/IMG_2504-1.webp","keywords":["2\u00b0 CICS","Conex\u00e3o com o Mundo","NRI","n\u00facleo de rela\u00e7\u00f5es internacionais"],"articleSection":["CICS 2025","N\u00facleo de Rela\u00e7\u00f5es Internacionais"],"inLanguage":"pt-BR"},{"@type":"WebPage","@id":"https:\/\/unifsa.com.br\/site\/unifsa-realiza-live-de-pre-evento-do-2o-cics-com-palestrante-confirmada-de-portugal\/","url":"https:\/\/unifsa.com.br\/site\/unifsa-realiza-live-de-pre-evento-do-2o-cics-com-palestrante-confirmada-de-portugal\/","name":"UNIFSA realiza live de pr\u00e9-evento do 2\u00ba CICS com palestrante confirmada de Portugal - Centro Universit\u00e1rio Santo Agostinho - UNIFSA","isPartOf":{"@id":"https:\/\/unifsa.com.br\/site\/#website"},"primaryImageOfPage":{"@id":"https:\/\/unifsa.com.br\/site\/unifsa-realiza-live-de-pre-evento-do-2o-cics-com-palestrante-confirmada-de-portugal\/#primaryimage"},"image":{"@id":"https:\/\/unifsa.com.br\/site\/unifsa-realiza-live-de-pre-evento-do-2o-cics-com-palestrante-confirmada-de-portugal\/#primaryimage"},"thumbnailUrl":"https:\/\/unifsa.com.br\/site\/wp-content\/uploads\/2025\/04\/IMG_2504-1.webp","datePublished":"2025-04-24T01:02:25+00:00","dateModified":"2025-04-30T13:50:14+00:00","breadcrumb":{"@id":"https:\/\/unifsa.com.br\/site\/unifsa-realiza-live-de-pre-evento-do-2o-cics-com-palestrante-confirmada-de-portugal\/#breadcrumb"},"inLanguage":"pt-BR","potentialAction":[{"@type":"ReadAction","target":["https:\/\/unifsa.com.br\/site\/unifsa-realiza-live-de-pre-evento-do-2o-cics-com-palestrante-confirmada-de-portugal\/"]}]},{"@type":"ImageObject","inLanguage":"pt-BR","@id":"https:\/\/unifsa.com.br\/site\/unifsa-realiza-live-de-pre-evento-do-2o-cics-com-palestrante-confirmada-de-portugal\/#primaryimage","url":"https:\/\/unifsa.com.br\/site\/wp-content\/uploads\/2025\/04\/IMG_2504-1.webp","contentUrl":"https:\/\/unifsa.com.br\/site\/wp-content\/uploads\/2025\/04\/IMG_2504-1.webp","width":2364,"height":1330},{"@type":"BreadcrumbList","@id":"https:\/\/unifsa.com.br\/site\/unifsa-realiza-live-de-pre-evento-do-2o-cics-com-palestrante-confirmada-de-portugal\/#breadcrumb","itemListElement":[{"@type":"ListItem","position":1,"name":"In\u00edcio","item":"https:\/\/unifsa.com.br\/site\/"},{"@type":"ListItem","position":2,"name":"UNIFSA realiza live de pr\u00e9-evento do 2\u00ba CICS com palestrante confirmada de Portugal"}]},{"@type":"WebSite","@id":"https:\/\/unifsa.com.br\/site\/#website","url":"https:\/\/unifsa.com.br\/site\/","name":"Centro Universit\u00e1rio Santo Agostinho - UNIFSA","description":"Conhecimento para toda a vida","publisher":{"@id":"https:\/\/unifsa.com.br\/site\/#organization"},"potentialAction":[{"@type":"SearchAction","target":{"@type":"EntryPoint","urlTemplate":"https:\/\/unifsa.com.br\/site\/?s={search_term_string}"},"query-input":{"@type":"PropertyValueSpecification","valueRequired":true,"valueName":"search_term_string"}}],"inLanguage":"pt-BR"},{"@type":"Organization","@id":"https:\/\/unifsa.com.br\/site\/#organization","name":"Centro Universit\u00e1rio Santo Agostinho - UNIFSA","url":"https:\/\/unifsa.com.br\/site\/","logo":{"@type":"ImageObject","inLanguage":"pt-BR","@id":"https:\/\/unifsa.com.br\/site\/#\/schema\/logo\/image\/","url":"https:\/\/unifsa.com.br\/site\/wp-content\/uploads\/2023\/03\/MARCA-UNIFSA-CIC23-q2apjs1mt975cf1wl25b044coj90fwoiee1kya6800.png","contentUrl":"https:\/\/unifsa.com.br\/site\/wp-content\/uploads\/2023\/03\/MARCA-UNIFSA-CIC23-q2apjs1mt975cf1wl25b044coj90fwoiee1kya6800.png","width":103,"height":100,"caption":"Centro Universit\u00e1rio Santo Agostinho - UNIFSA"},"image":{"@id":"https:\/\/unifsa.com.br\/site\/#\/schema\/logo\/image\/"},"sameAs":["https:\/\/www.facebook.com\/unifsa\/","https:\/\/www.instagram.com\/unifsa\/"]},{"@type":"Person","@id":"https:\/\/unifsa.com.br\/site\/#\/schema\/person\/459d6944d25bd72102b031eb886c7cbf","name":"Estev\u00e3o Leite Cordeiro de Souza","image":{"@type":"ImageObject","inLanguage":"pt-BR","@id":"https:\/\/unifsa.com.br\/site\/#\/schema\/person\/image\/","url":"https:\/\/secure.gravatar.com\/avatar\/b381626173a0b440e86662336f5d92704de1b8100a4cb5a34d6466804eb5c336?s=96&d=mm&r=g","contentUrl":"https:\/\/secure.gravatar.com\/avatar\/b381626173a0b440e86662336f5d92704de1b8100a4cb5a34d6466804eb5c336?s=96&d=mm&r=g","caption":"Estev\u00e3o Leite Cordeiro de Souza"},"url":"https:\/\/unifsa.com.br\/site\/author\/estevaocordeiro\/"}]}},"_links":{"self":[{"href":"https:\/\/unifsa.com.br\/site\/wp-json\/wp\/v2\/posts\/39239","targetHints":{"allow":["GET"]}}],"collection":[{"href":"https:\/\/unifsa.com.br\/site\/wp-json\/wp\/v2\/posts"}],"about":[{"href":"https:\/\/unifsa.com.br\/site\/wp-json\/wp\/v2\/types\/post"}],"author":[{"embeddable":true,"href":"https:\/\/unifsa.com.br\/site\/wp-json\/wp\/v2\/users\/12"}],"replies":[{"embeddable":true,"href":"https:\/\/unifsa.com.br\/site\/wp-json\/wp\/v2\/comments?post=39239"}],"version-history":[{"count":3,"href":"https:\/\/unifsa.com.br\/site\/wp-json\/wp\/v2\/posts\/39239\/revisions"}],"predecessor-version":[{"id":39362,"href":"https:\/\/unifsa.com.br\/site\/wp-json\/wp\/v2\/posts\/39239\/revisions\/39362"}],"wp:featuredmedia":[{"embeddable":true,"href":"https:\/\/unifsa.com.br\/site\/wp-json\/wp\/v2\/media\/39247"}],"wp:attachment":[{"href":"https:\/\/unifsa.com.br\/site\/wp-json\/wp\/v2\/media?parent=39239"}],"wp:term":[{"taxonomy":"category","embeddable":true,"href":"https:\/\/unifsa.com.br\/site\/wp-json\/wp\/v2\/categories?post=39239"},{"taxonomy":"post_tag","embeddable":true,"href":"https:\/\/unifsa.com.br\/site\/wp-json\/wp\/v2\/tags?post=39239"}],"curies":[{"name":"wp","href":"https:\/\/api.w.org\/{rel}","templated":true}]}}