{"id":38918,"date":"2025-04-07T11:55:49","date_gmt":"2025-04-07T14:55:49","guid":{"rendered":"https:\/\/unifsa.com.br\/site\/?p=38918"},"modified":"2025-04-16T10:50:14","modified_gmt":"2025-04-16T13:50:14","slug":"inscricoes-abertas-para-a-v-jornada-academica-de-farmacia-do-unifsa","status":"publish","type":"post","link":"https:\/\/unifsa.com.br\/site\/inscricoes-abertas-para-a-v-jornada-academica-de-farmacia-do-unifsa\/","title":{"rendered":"Inscri\u00e7\u00f5es Abertas para a V Jornada Acad\u00eamica de Farm\u00e1cia do UNIFSA"},"content":{"rendered":"\n<p class=\"texto-justificado\">O Centro Universit\u00e1rio Santo Agostinho, por meio da gradua\u00e7\u00e3o do curso de Farm\u00e1cia, convida todos os acad\u00eamicos e profissionais da \u00e1rea farmac\u00eautica para a<strong> V Jornada Acad\u00eamica de Farm\u00e1cia<\/strong>, que acontecer\u00e1 nos dias 16 e 17 de maio de 2025, no Audit\u00f3rio Manoel Cipriano Lira, na Sede da institui\u00e7\u00e3o. Com o tema \u201cO Farmac\u00eautico e as A\u00e7\u00f5es Multiprofissionais na Sa\u00fade Contempor\u00e2nea\u201d, o evento promete enriquecer a forma\u00e7\u00e3o dos participantes por meio de palestras e discuss\u00f5es sobre o papel crucial do farmac\u00eautico nas pr\u00e1ticas de sa\u00fade integradas e inovadoras.<\/p>\n\n\n\n<div class=\"wp-block-buttons is-content-justification-center is-layout-flex wp-container-core-buttons-is-layout-16018d1d wp-block-buttons-is-layout-flex\">\n<div class=\"wp-block-button\"><a class=\"wp-block-button__link has-white-color has-text-color has-background has-link-color wp-element-button\" href=\"https:\/\/www.sympla.com.br\/evento\/v-jornada-academica-de-farmacia\/2904330\" style=\"background-color:#1c5475\"><strong>Inscreva-se<\/strong><\/a><\/div>\n<\/div>\n\n\n\n<div style=\"height:10px\" aria-hidden=\"true\" class=\"wp-block-spacer\"><\/div>\n\n\n\n<p class=\"texto-justificado\">As inscri\u00e7\u00f5es para a V Jornada Acad\u00eamica de Farm\u00e1cia do UNIFSA est\u00e3o abertas e devem ser realizadas at\u00e9 o preenchimento das vagas ou at\u00e9 fim do prazo no dia 14 de maio. Todos com a exig\u00eancia de 1 kg de alimento n\u00e3o perec\u00edvel a ser entregue no momento do credenciamento. Confira abaixo os valores dos ingressos:<\/p>\n\n\n\n<ul class=\"wp-block-list\">\n<li><strong>Alunos do UNIFSA<\/strong>: R$ 60,00 + 1 kg de alimento n\u00e3o perec\u00edvel<\/li>\n\n\n\n<li><strong>Alunos de outras Institui\u00e7\u00f5es de Ensino Superior (IES)<\/strong>: R$ 70,00 + 1 kg de alimento n\u00e3o perec\u00edvel<\/li>\n\n\n\n<li><strong>Egressos do UNIFSA<\/strong>: R$ 75,00 + 1 kg de alimento n\u00e3o perec\u00edvel<\/li>\n\n\n\n<li><strong>Egressos de outras IES<\/strong>: R$ 80,00 + 1 kg de alimento n\u00e3o perec\u00edvel<\/li>\n<\/ul>\n\n\n\n<p><\/p>\n\n\n\n<p class=\"texto-justificado\">Vale ressaltar que o evento oferece uma excelente oportunidade de atualiza\u00e7\u00e3o profissional, com temas relevantes para os desafios da profiss\u00e3o farmac\u00eautica no cen\u00e1rio atual. Oferecendo a oportunidade de alunos e pesquisadores de expandirem seus conhecimentos e fazer a diferen\u00e7a na sa\u00fade contempor\u00e2nea.<\/p>\n\n\n\n<blockquote class=\"wp-block-quote texto-justificado is-layout-flow wp-block-quote-is-layout-flow\">\n<p class=\"texto-justificado\">\u201cA V Jornada Acad\u00eamica de Farm\u00e1cia do UNIFSA tem o prop\u00f3sito de aprofundar o entendimento sobre o papel do farmac\u00eautico no contexto da sa\u00fade multiprofissional. As inova\u00e7\u00f5es e os avan\u00e7os nas \u00e1reas de atua\u00e7\u00e3o do farmac\u00eautico t\u00eam sido cada vez mais importantes para o fortalecimento dos cuidados \u00e0 sa\u00fade. O evento proporcionar\u00e1 um espa\u00e7o rico para discuss\u00f5es e para o compartilhamento de experi\u00eancias e conhecimentos. Esperamos que todos os participantes saiam desse evento mais preparados para enfrentar os desafios dessa profiss\u00e3o, com a certeza de que o farmac\u00eautico tem um papel imprescind\u00edvel na sa\u00fade contempor\u00e2nea.\u201d<\/p>\n<cite><strong>Profa. Dra. D\u00e9bora de Alencar Franco Costa<\/strong><br>Presidente da V Jornada Acad\u00eamica de Farm\u00e1cia do UNIFSA<\/cite><\/blockquote>\n\n\n\n<h3 class=\"wp-block-heading\">Confira a programa\u00e7\u00e3o:<\/h3>\n\n\n\n<figure class=\"wp-block-table\"><table><tbody><tr><td><strong>DATA<\/strong><\/td><td><strong>HOR\u00c1RIO<\/strong><\/td><td><strong>ATIVIDADE<\/strong><\/td><td><strong>MINISTRANTE<\/strong><\/td><\/tr><tr><td>17\/5\/2024<\/td><td>7h30<\/td><td>Credenciamento<\/td><td>&nbsp;<\/td><\/tr><tr><td>&nbsp;16.5.2025<\/td><td>8h30<\/td><td>Abertura<\/td><td><strong>Profa. Ma. Antonieta Lira e Silva<\/strong><br>Reitora e Pr\u00f3-Reitora de Ensino<br><br><strong>Ma. Indira Maria de Melo Lira Pereira da Silva<\/strong><br>Pr\u00f3-Reitora Administrativo e Financeiro<br><br><strong>Prof. Dr. Edj\u00f4fre Coelho de Oliveira<br><\/strong>Diretor de Ensino<br><br><strong>Dra. Maria Helena Rodrigues Mesquita Britto.<br><\/strong>Coordenadora do Curso de Farm\u00e1cia<br><br><strong><strong>Dra. D\u00e9bora de Alencar Franco Costa<\/strong><\/strong><br>Coordenadora do Evento<\/td><\/tr><tr><td rowspan=\"5\">&nbsp;16.5.2025<\/td><td>9h<\/td><td>Palestra Magna<\/td><td><\/td><\/tr><tr><td>10h30<\/td><td>Gest\u00e3o da Assist\u00eancia Farmac\u00eautica: Pol\u00edtica, PCDT e acesso a medicamentos no \u00e2mbito do SUS.<\/td><td>Dr. Manoel Pinheiro L\u00facio Neto &#8211; Diretor da DUAF (farmac\u00eautico)<\/td><\/tr><tr><td>14h<\/td><td>Farm\u00e1cia Hospitalar: Impacto e Inova\u00e7\u00f5es no Cuidado do Paciente<\/td><td>Dr. Rafael Veloso (Farmac\u00eautico HU \u2013 UFPI)<\/td><\/tr><tr><td>15h30<\/td><td>Intoxica\u00e7\u00e3o: Abordagem Multiprofissional na Preven\u00e7\u00e3o, Diagn\u00f3stico e Tratamento<\/td><td>Dra. C\u00edntia Maria (Medicina) <br>Dr. Raimundo Nonato Miranda Cardoso Junior (mediador)<\/td><\/tr><tr><td>17h<\/td><td>Farm\u00e1cia Magistral: um case de sucesso<\/td><td>Dra. Lyssa Cunha (Farmac\u00eautica)<\/td><\/tr><tr><td rowspan=\"5\">17.5.2025<\/td><td>8h<\/td><td>O farmac\u00eautico na est\u00e9tica: um mercado promissor e a import\u00e2ncia da expertise cient\u00edfica<\/td><td>Dra. Ellen Nara Moura (Farmac\u00eautica Esteta)&nbsp;<\/td><\/tr><tr><td>9h30<\/td><td>Palestra de encerramento: &#8220;Uso Seguro e Eficaz das Plantas Medicinais: Como Aproveitar os Benef\u00edcios das Hortas Medicinais de Forma Consciente&#8221; Lan\u00e7amento do Livro \u201c Farm\u00e1cia Viva comunit\u00e1ria\u201d<\/td><td>N\u00e1iguel Castelo Branco Silva Farmac\u00eautico cl\u00ednico | Bioqu\u00edmico<\/td><\/tr><tr><td>10h30 &#8211; 12h<\/td><td>Exposi\u00e7\u00e3o de Trabalhos (Banners)<\/td><td>&nbsp;<\/td><\/tr><tr><td>10h30 &#8211; 12h<\/td><td>Avalia\u00e7\u00e3o dos trabalhos<\/td><td>&nbsp;Comiss\u00e3o Cient\u00edfica<\/td><\/tr><tr><td>12h30<\/td><td>Premia\u00e7\u00e3o e Encerramento<\/td><td>&nbsp;<\/td><\/tr><\/tbody><\/table><\/figure>\n","protected":false},"excerpt":{"rendered":"<p>O Centro Universit\u00e1rio Santo Agostinho, por meio da gradua\u00e7\u00e3o do curso de Farm\u00e1cia, convida todos os acad\u00eamicos e profissionais da \u00e1rea farmac\u00eautica para a V Jornada Acad\u00eamica de Farm\u00e1cia, que acontecer\u00e1 nos dias 16 e 17 de maio de 2025, no Audit\u00f3rio Manoel Cipriano Lira, na Sede da institui\u00e7\u00e3o. Com o tema \u201cO Farmac\u00eautico e<\/p>\n","protected":false},"author":12,"featured_media":39151,"comment_status":"closed","ping_status":"open","sticky":false,"template":"","format":"standard","meta":{"_acf_changed":false,"footnotes":""},"categories":[60],"tags":[331,1692,744],"class_list":["post-38918","post","type-post","status-publish","format-standard","has-post-thumbnail","hentry","category-farmacia","tag-evento","tag-jornada-academica-de-farmacia","tag-jornada-de-farmacia"],"acf":[],"yoast_head":"<!-- This site is optimized with the Yoast SEO plugin v26.5 - https:\/\/yoast.com\/wordpress\/plugins\/seo\/ -->\n<title>Inscri\u00e7\u00f5es Abertas para a V Jornada Acad\u00eamica de Farm\u00e1cia do UNIFSA - Centro Universit\u00e1rio Santo Agostinho - UNIFSA<\/title>\n<meta name=\"robots\" content=\"index, follow, max-snippet:-1, max-image-preview:large, max-video-preview:-1\" \/>\n<link rel=\"canonical\" href=\"https:\/\/unifsa.com.br\/site\/inscricoes-abertas-para-a-v-jornada-academica-de-farmacia-do-unifsa\/\" \/>\n<meta property=\"og:locale\" content=\"pt_BR\" \/>\n<meta property=\"og:type\" content=\"article\" \/>\n<meta property=\"og:title\" content=\"Inscri\u00e7\u00f5es Abertas para a V Jornada Acad\u00eamica de Farm\u00e1cia do UNIFSA - Centro Universit\u00e1rio Santo Agostinho - UNIFSA\" \/>\n<meta property=\"og:description\" content=\"O Centro Universit\u00e1rio Santo Agostinho, por meio da gradua\u00e7\u00e3o do curso de Farm\u00e1cia, convida todos os acad\u00eamicos e profissionais da \u00e1rea farmac\u00eautica para a V Jornada Acad\u00eamica de Farm\u00e1cia, que acontecer\u00e1 nos dias 16 e 17 de maio de 2025, no Audit\u00f3rio Manoel Cipriano Lira, na Sede da institui\u00e7\u00e3o. Com o tema \u201cO Farmac\u00eautico e\" \/>\n<meta property=\"og:url\" content=\"https:\/\/unifsa.com.br\/site\/inscricoes-abertas-para-a-v-jornada-academica-de-farmacia-do-unifsa\/\" \/>\n<meta property=\"og:site_name\" content=\"Centro Universit\u00e1rio Santo Agostinho - UNIFSA\" \/>\n<meta property=\"article:publisher\" content=\"https:\/\/www.facebook.com\/unifsa\/\" \/>\n<meta property=\"article:published_time\" content=\"2025-04-07T14:55:49+00:00\" \/>\n<meta property=\"article:modified_time\" content=\"2025-04-16T13:50:14+00:00\" \/>\n<meta property=\"og:image\" content=\"https:\/\/unifsa.com.br\/site\/wp-content\/uploads\/2025\/04\/V-Jornada-de-Farmacia-1920-x-805-px.webp\" \/>\n\t<meta property=\"og:image:width\" content=\"1920\" \/>\n\t<meta property=\"og:image:height\" content=\"805\" \/>\n\t<meta property=\"og:image:type\" content=\"image\/webp\" \/>\n<meta name=\"author\" content=\"Estev\u00e3o Leite Cordeiro de Souza\" \/>\n<meta name=\"twitter:card\" content=\"summary_large_image\" \/>\n<meta name=\"twitter:label1\" content=\"Escrito por\" \/>\n\t<meta name=\"twitter:data1\" content=\"Estev\u00e3o Leite Cordeiro de Souza\" \/>\n\t<meta name=\"twitter:label2\" content=\"Est. tempo de leitura\" \/>\n\t<meta name=\"twitter:data2\" content=\"3 minutos\" \/>\n<script type=\"application\/ld+json\" class=\"yoast-schema-graph\">{\"@context\":\"https:\/\/schema.org\",\"@graph\":[{\"@type\":\"Article\",\"@id\":\"https:\/\/unifsa.com.br\/site\/inscricoes-abertas-para-a-v-jornada-academica-de-farmacia-do-unifsa\/#article\",\"isPartOf\":{\"@id\":\"https:\/\/unifsa.com.br\/site\/inscricoes-abertas-para-a-v-jornada-academica-de-farmacia-do-unifsa\/\"},\"author\":{\"name\":\"Estev\u00e3o Leite Cordeiro de Souza\",\"@id\":\"https:\/\/unifsa.com.br\/site\/#\/schema\/person\/459d6944d25bd72102b031eb886c7cbf\"},\"headline\":\"Inscri\u00e7\u00f5es Abertas para a V Jornada Acad\u00eamica de Farm\u00e1cia do UNIFSA\",\"datePublished\":\"2025-04-07T14:55:49+00:00\",\"dateModified\":\"2025-04-16T13:50:14+00:00\",\"mainEntityOfPage\":{\"@id\":\"https:\/\/unifsa.com.br\/site\/inscricoes-abertas-para-a-v-jornada-academica-de-farmacia-do-unifsa\/\"},\"wordCount\":670,\"publisher\":{\"@id\":\"https:\/\/unifsa.com.br\/site\/#organization\"},\"image\":{\"@id\":\"https:\/\/unifsa.com.br\/site\/inscricoes-abertas-para-a-v-jornada-academica-de-farmacia-do-unifsa\/#primaryimage\"},\"thumbnailUrl\":\"https:\/\/unifsa.com.br\/site\/wp-content\/uploads\/2025\/04\/V-Jornada-de-Farmacia-1920-x-805-px.webp\",\"keywords\":[\"evento\",\"Jornada Acad\u00eamica de Farm\u00e1cia\",\"Jornada de Farm\u00e1cia\"],\"articleSection\":[\"Farm\u00e1cia\"],\"inLanguage\":\"pt-BR\"},{\"@type\":\"WebPage\",\"@id\":\"https:\/\/unifsa.com.br\/site\/inscricoes-abertas-para-a-v-jornada-academica-de-farmacia-do-unifsa\/\",\"url\":\"https:\/\/unifsa.com.br\/site\/inscricoes-abertas-para-a-v-jornada-academica-de-farmacia-do-unifsa\/\",\"name\":\"Inscri\u00e7\u00f5es Abertas para a V Jornada Acad\u00eamica de Farm\u00e1cia do UNIFSA - Centro Universit\u00e1rio Santo Agostinho - UNIFSA\",\"isPartOf\":{\"@id\":\"https:\/\/unifsa.com.br\/site\/#website\"},\"primaryImageOfPage\":{\"@id\":\"https:\/\/unifsa.com.br\/site\/inscricoes-abertas-para-a-v-jornada-academica-de-farmacia-do-unifsa\/#primaryimage\"},\"image\":{\"@id\":\"https:\/\/unifsa.com.br\/site\/inscricoes-abertas-para-a-v-jornada-academica-de-farmacia-do-unifsa\/#primaryimage\"},\"thumbnailUrl\":\"https:\/\/unifsa.com.br\/site\/wp-content\/uploads\/2025\/04\/V-Jornada-de-Farmacia-1920-x-805-px.webp\",\"datePublished\":\"2025-04-07T14:55:49+00:00\",\"dateModified\":\"2025-04-16T13:50:14+00:00\",\"breadcrumb\":{\"@id\":\"https:\/\/unifsa.com.br\/site\/inscricoes-abertas-para-a-v-jornada-academica-de-farmacia-do-unifsa\/#breadcrumb\"},\"inLanguage\":\"pt-BR\",\"potentialAction\":[{\"@type\":\"ReadAction\",\"target\":[\"https:\/\/unifsa.com.br\/site\/inscricoes-abertas-para-a-v-jornada-academica-de-farmacia-do-unifsa\/\"]}]},{\"@type\":\"ImageObject\",\"inLanguage\":\"pt-BR\",\"@id\":\"https:\/\/unifsa.com.br\/site\/inscricoes-abertas-para-a-v-jornada-academica-de-farmacia-do-unifsa\/#primaryimage\",\"url\":\"https:\/\/unifsa.com.br\/site\/wp-content\/uploads\/2025\/04\/V-Jornada-de-Farmacia-1920-x-805-px.webp\",\"contentUrl\":\"https:\/\/unifsa.com.br\/site\/wp-content\/uploads\/2025\/04\/V-Jornada-de-Farmacia-1920-x-805-px.webp\",\"width\":1920,\"height\":805},{\"@type\":\"BreadcrumbList\",\"@id\":\"https:\/\/unifsa.com.br\/site\/inscricoes-abertas-para-a-v-jornada-academica-de-farmacia-do-unifsa\/#breadcrumb\",\"itemListElement\":[{\"@type\":\"ListItem\",\"position\":1,\"name\":\"In\u00edcio\",\"item\":\"https:\/\/unifsa.com.br\/site\/\"},{\"@type\":\"ListItem\",\"position\":2,\"name\":\"Inscri\u00e7\u00f5es Abertas para a V Jornada Acad\u00eamica de Farm\u00e1cia do UNIFSA\"}]},{\"@type\":\"WebSite\",\"@id\":\"https:\/\/unifsa.com.br\/site\/#website\",\"url\":\"https:\/\/unifsa.com.br\/site\/\",\"name\":\"Centro Universit\u00e1rio Santo Agostinho - UNIFSA\",\"description\":\"Conhecimento para toda a vida\",\"publisher\":{\"@id\":\"https:\/\/unifsa.com.br\/site\/#organization\"},\"potentialAction\":[{\"@type\":\"SearchAction\",\"target\":{\"@type\":\"EntryPoint\",\"urlTemplate\":\"https:\/\/unifsa.com.br\/site\/?s={search_term_string}\"},\"query-input\":{\"@type\":\"PropertyValueSpecification\",\"valueRequired\":true,\"valueName\":\"search_term_string\"}}],\"inLanguage\":\"pt-BR\"},{\"@type\":\"Organization\",\"@id\":\"https:\/\/unifsa.com.br\/site\/#organization\",\"name\":\"Centro Universit\u00e1rio Santo Agostinho - UNIFSA\",\"url\":\"https:\/\/unifsa.com.br\/site\/\",\"logo\":{\"@type\":\"ImageObject\",\"inLanguage\":\"pt-BR\",\"@id\":\"https:\/\/unifsa.com.br\/site\/#\/schema\/logo\/image\/\",\"url\":\"https:\/\/unifsa.com.br\/site\/wp-content\/uploads\/2023\/03\/MARCA-UNIFSA-CIC23-q2apjs1mt975cf1wl25b044coj90fwoiee1kya6800.png\",\"contentUrl\":\"https:\/\/unifsa.com.br\/site\/wp-content\/uploads\/2023\/03\/MARCA-UNIFSA-CIC23-q2apjs1mt975cf1wl25b044coj90fwoiee1kya6800.png\",\"width\":103,\"height\":100,\"caption\":\"Centro Universit\u00e1rio Santo Agostinho - UNIFSA\"},\"image\":{\"@id\":\"https:\/\/unifsa.com.br\/site\/#\/schema\/logo\/image\/\"},\"sameAs\":[\"https:\/\/www.facebook.com\/unifsa\/\",\"https:\/\/www.instagram.com\/unifsa\/\"]},{\"@type\":\"Person\",\"@id\":\"https:\/\/unifsa.com.br\/site\/#\/schema\/person\/459d6944d25bd72102b031eb886c7cbf\",\"name\":\"Estev\u00e3o Leite Cordeiro de Souza\",\"image\":{\"@type\":\"ImageObject\",\"inLanguage\":\"pt-BR\",\"@id\":\"https:\/\/unifsa.com.br\/site\/#\/schema\/person\/image\/\",\"url\":\"https:\/\/secure.gravatar.com\/avatar\/b381626173a0b440e86662336f5d92704de1b8100a4cb5a34d6466804eb5c336?s=96&d=mm&r=g\",\"contentUrl\":\"https:\/\/secure.gravatar.com\/avatar\/b381626173a0b440e86662336f5d92704de1b8100a4cb5a34d6466804eb5c336?s=96&d=mm&r=g\",\"caption\":\"Estev\u00e3o Leite Cordeiro de Souza\"},\"url\":\"https:\/\/unifsa.com.br\/site\/author\/estevaocordeiro\/\"}]}<\/script>\n<!-- \/ Yoast SEO plugin. -->","yoast_head_json":{"title":"Inscri\u00e7\u00f5es Abertas para a V Jornada Acad\u00eamica de Farm\u00e1cia do UNIFSA - Centro Universit\u00e1rio Santo Agostinho - UNIFSA","robots":{"index":"index","follow":"follow","max-snippet":"max-snippet:-1","max-image-preview":"max-image-preview:large","max-video-preview":"max-video-preview:-1"},"canonical":"https:\/\/unifsa.com.br\/site\/inscricoes-abertas-para-a-v-jornada-academica-de-farmacia-do-unifsa\/","og_locale":"pt_BR","og_type":"article","og_title":"Inscri\u00e7\u00f5es Abertas para a V Jornada Acad\u00eamica de Farm\u00e1cia do UNIFSA - Centro Universit\u00e1rio Santo Agostinho - UNIFSA","og_description":"O Centro Universit\u00e1rio Santo Agostinho, por meio da gradua\u00e7\u00e3o do curso de Farm\u00e1cia, convida todos os acad\u00eamicos e profissionais da \u00e1rea farmac\u00eautica para a V Jornada Acad\u00eamica de Farm\u00e1cia, que acontecer\u00e1 nos dias 16 e 17 de maio de 2025, no Audit\u00f3rio Manoel Cipriano Lira, na Sede da institui\u00e7\u00e3o. Com o tema \u201cO Farmac\u00eautico e","og_url":"https:\/\/unifsa.com.br\/site\/inscricoes-abertas-para-a-v-jornada-academica-de-farmacia-do-unifsa\/","og_site_name":"Centro Universit\u00e1rio Santo Agostinho - UNIFSA","article_publisher":"https:\/\/www.facebook.com\/unifsa\/","article_published_time":"2025-04-07T14:55:49+00:00","article_modified_time":"2025-04-16T13:50:14+00:00","og_image":[{"width":1920,"height":805,"url":"https:\/\/unifsa.com.br\/site\/wp-content\/uploads\/2025\/04\/V-Jornada-de-Farmacia-1920-x-805-px.webp","type":"image\/webp"}],"author":"Estev\u00e3o Leite Cordeiro de Souza","twitter_card":"summary_large_image","twitter_misc":{"Escrito por":"Estev\u00e3o Leite Cordeiro de Souza","Est. tempo de leitura":"3 minutos"},"schema":{"@context":"https:\/\/schema.org","@graph":[{"@type":"Article","@id":"https:\/\/unifsa.com.br\/site\/inscricoes-abertas-para-a-v-jornada-academica-de-farmacia-do-unifsa\/#article","isPartOf":{"@id":"https:\/\/unifsa.com.br\/site\/inscricoes-abertas-para-a-v-jornada-academica-de-farmacia-do-unifsa\/"},"author":{"name":"Estev\u00e3o Leite Cordeiro de Souza","@id":"https:\/\/unifsa.com.br\/site\/#\/schema\/person\/459d6944d25bd72102b031eb886c7cbf"},"headline":"Inscri\u00e7\u00f5es Abertas para a V Jornada Acad\u00eamica de Farm\u00e1cia do UNIFSA","datePublished":"2025-04-07T14:55:49+00:00","dateModified":"2025-04-16T13:50:14+00:00","mainEntityOfPage":{"@id":"https:\/\/unifsa.com.br\/site\/inscricoes-abertas-para-a-v-jornada-academica-de-farmacia-do-unifsa\/"},"wordCount":670,"publisher":{"@id":"https:\/\/unifsa.com.br\/site\/#organization"},"image":{"@id":"https:\/\/unifsa.com.br\/site\/inscricoes-abertas-para-a-v-jornada-academica-de-farmacia-do-unifsa\/#primaryimage"},"thumbnailUrl":"https:\/\/unifsa.com.br\/site\/wp-content\/uploads\/2025\/04\/V-Jornada-de-Farmacia-1920-x-805-px.webp","keywords":["evento","Jornada Acad\u00eamica de Farm\u00e1cia","Jornada de Farm\u00e1cia"],"articleSection":["Farm\u00e1cia"],"inLanguage":"pt-BR"},{"@type":"WebPage","@id":"https:\/\/unifsa.com.br\/site\/inscricoes-abertas-para-a-v-jornada-academica-de-farmacia-do-unifsa\/","url":"https:\/\/unifsa.com.br\/site\/inscricoes-abertas-para-a-v-jornada-academica-de-farmacia-do-unifsa\/","name":"Inscri\u00e7\u00f5es Abertas para a V Jornada Acad\u00eamica de Farm\u00e1cia do UNIFSA - Centro Universit\u00e1rio Santo Agostinho - UNIFSA","isPartOf":{"@id":"https:\/\/unifsa.com.br\/site\/#website"},"primaryImageOfPage":{"@id":"https:\/\/unifsa.com.br\/site\/inscricoes-abertas-para-a-v-jornada-academica-de-farmacia-do-unifsa\/#primaryimage"},"image":{"@id":"https:\/\/unifsa.com.br\/site\/inscricoes-abertas-para-a-v-jornada-academica-de-farmacia-do-unifsa\/#primaryimage"},"thumbnailUrl":"https:\/\/unifsa.com.br\/site\/wp-content\/uploads\/2025\/04\/V-Jornada-de-Farmacia-1920-x-805-px.webp","datePublished":"2025-04-07T14:55:49+00:00","dateModified":"2025-04-16T13:50:14+00:00","breadcrumb":{"@id":"https:\/\/unifsa.com.br\/site\/inscricoes-abertas-para-a-v-jornada-academica-de-farmacia-do-unifsa\/#breadcrumb"},"inLanguage":"pt-BR","potentialAction":[{"@type":"ReadAction","target":["https:\/\/unifsa.com.br\/site\/inscricoes-abertas-para-a-v-jornada-academica-de-farmacia-do-unifsa\/"]}]},{"@type":"ImageObject","inLanguage":"pt-BR","@id":"https:\/\/unifsa.com.br\/site\/inscricoes-abertas-para-a-v-jornada-academica-de-farmacia-do-unifsa\/#primaryimage","url":"https:\/\/unifsa.com.br\/site\/wp-content\/uploads\/2025\/04\/V-Jornada-de-Farmacia-1920-x-805-px.webp","contentUrl":"https:\/\/unifsa.com.br\/site\/wp-content\/uploads\/2025\/04\/V-Jornada-de-Farmacia-1920-x-805-px.webp","width":1920,"height":805},{"@type":"BreadcrumbList","@id":"https:\/\/unifsa.com.br\/site\/inscricoes-abertas-para-a-v-jornada-academica-de-farmacia-do-unifsa\/#breadcrumb","itemListElement":[{"@type":"ListItem","position":1,"name":"In\u00edcio","item":"https:\/\/unifsa.com.br\/site\/"},{"@type":"ListItem","position":2,"name":"Inscri\u00e7\u00f5es Abertas para a V Jornada Acad\u00eamica de Farm\u00e1cia do UNIFSA"}]},{"@type":"WebSite","@id":"https:\/\/unifsa.com.br\/site\/#website","url":"https:\/\/unifsa.com.br\/site\/","name":"Centro Universit\u00e1rio Santo Agostinho - UNIFSA","description":"Conhecimento para toda a vida","publisher":{"@id":"https:\/\/unifsa.com.br\/site\/#organization"},"potentialAction":[{"@type":"SearchAction","target":{"@type":"EntryPoint","urlTemplate":"https:\/\/unifsa.com.br\/site\/?s={search_term_string}"},"query-input":{"@type":"PropertyValueSpecification","valueRequired":true,"valueName":"search_term_string"}}],"inLanguage":"pt-BR"},{"@type":"Organization","@id":"https:\/\/unifsa.com.br\/site\/#organization","name":"Centro Universit\u00e1rio Santo Agostinho - UNIFSA","url":"https:\/\/unifsa.com.br\/site\/","logo":{"@type":"ImageObject","inLanguage":"pt-BR","@id":"https:\/\/unifsa.com.br\/site\/#\/schema\/logo\/image\/","url":"https:\/\/unifsa.com.br\/site\/wp-content\/uploads\/2023\/03\/MARCA-UNIFSA-CIC23-q2apjs1mt975cf1wl25b044coj90fwoiee1kya6800.png","contentUrl":"https:\/\/unifsa.com.br\/site\/wp-content\/uploads\/2023\/03\/MARCA-UNIFSA-CIC23-q2apjs1mt975cf1wl25b044coj90fwoiee1kya6800.png","width":103,"height":100,"caption":"Centro Universit\u00e1rio Santo Agostinho - UNIFSA"},"image":{"@id":"https:\/\/unifsa.com.br\/site\/#\/schema\/logo\/image\/"},"sameAs":["https:\/\/www.facebook.com\/unifsa\/","https:\/\/www.instagram.com\/unifsa\/"]},{"@type":"Person","@id":"https:\/\/unifsa.com.br\/site\/#\/schema\/person\/459d6944d25bd72102b031eb886c7cbf","name":"Estev\u00e3o Leite Cordeiro de Souza","image":{"@type":"ImageObject","inLanguage":"pt-BR","@id":"https:\/\/unifsa.com.br\/site\/#\/schema\/person\/image\/","url":"https:\/\/secure.gravatar.com\/avatar\/b381626173a0b440e86662336f5d92704de1b8100a4cb5a34d6466804eb5c336?s=96&d=mm&r=g","contentUrl":"https:\/\/secure.gravatar.com\/avatar\/b381626173a0b440e86662336f5d92704de1b8100a4cb5a34d6466804eb5c336?s=96&d=mm&r=g","caption":"Estev\u00e3o Leite Cordeiro de Souza"},"url":"https:\/\/unifsa.com.br\/site\/author\/estevaocordeiro\/"}]}},"_links":{"self":[{"href":"https:\/\/unifsa.com.br\/site\/wp-json\/wp\/v2\/posts\/38918","targetHints":{"allow":["GET"]}}],"collection":[{"href":"https:\/\/unifsa.com.br\/site\/wp-json\/wp\/v2\/posts"}],"about":[{"href":"https:\/\/unifsa.com.br\/site\/wp-json\/wp\/v2\/types\/post"}],"author":[{"embeddable":true,"href":"https:\/\/unifsa.com.br\/site\/wp-json\/wp\/v2\/users\/12"}],"replies":[{"embeddable":true,"href":"https:\/\/unifsa.com.br\/site\/wp-json\/wp\/v2\/comments?post=38918"}],"version-history":[{"count":6,"href":"https:\/\/unifsa.com.br\/site\/wp-json\/wp\/v2\/posts\/38918\/revisions"}],"predecessor-version":[{"id":39152,"href":"https:\/\/unifsa.com.br\/site\/wp-json\/wp\/v2\/posts\/38918\/revisions\/39152"}],"wp:featuredmedia":[{"embeddable":true,"href":"https:\/\/unifsa.com.br\/site\/wp-json\/wp\/v2\/media\/39151"}],"wp:attachment":[{"href":"https:\/\/unifsa.com.br\/site\/wp-json\/wp\/v2\/media?parent=38918"}],"wp:term":[{"taxonomy":"category","embeddable":true,"href":"https:\/\/unifsa.com.br\/site\/wp-json\/wp\/v2\/categories?post=38918"},{"taxonomy":"post_tag","embeddable":true,"href":"https:\/\/unifsa.com.br\/site\/wp-json\/wp\/v2\/tags?post=38918"}],"curies":[{"name":"wp","href":"https:\/\/api.w.org\/{rel}","templated":true}]}}