{"id":38116,"date":"2025-02-13T09:02:53","date_gmt":"2025-02-13T12:02:53","guid":{"rendered":"https:\/\/unifsa.com.br\/site\/?p=38116"},"modified":"2025-02-14T10:56:08","modified_gmt":"2025-02-14T13:56:08","slug":"2o-cics-saiba-como-submeter-a-sua-proposta-de-grupo-tematico-ate-10-de-marco","status":"publish","type":"post","link":"https:\/\/unifsa.com.br\/site\/2o-cics-saiba-como-submeter-a-sua-proposta-de-grupo-tematico-ate-10-de-marco\/","title":{"rendered":"2\u00ba CICS: saiba como submeter a sua proposta de Grupo Tem\u00e1tico at\u00e9 10 de Mar\u00e7o"},"content":{"rendered":"\n<p>Est\u00e3o abertas as inscri\u00e7\u00f5es para a submiss\u00e3o de propostas de Grupos Tem\u00e1ticos (GTs) para o 2\u00ba Congresso Internacional Ci\u00eancia e Sociedade (CICS), que ocorrer\u00e1 em 2025. As propostas podem ser enviadas at\u00e9 o dia 10 de mar\u00e7o e t\u00eam a possibilidade de ser publicadas nos Anais e no e-book do evento, garantindo visibilidade na plataforma oficial do congresso e nas publica\u00e7\u00f5es cient\u00edficas associadas.<\/p>\n\n\n\n<p>No 1\u00b0 CICS, realizado em 2023, houve a submiss\u00e3o de trabalhos cient\u00edficos que, ao final do evento, foram reunidos nos Anais do congresso. Como forma de consolidar e disseminar esse conhecimento, um livro foi publicado e lan\u00e7ado em uma cerim\u00f4nia especial em abril de 2024, refor\u00e7ando o compromisso do congresso com a valoriza\u00e7\u00e3o da produ\u00e7\u00e3o acad\u00eamica e sua ampla divulga\u00e7\u00e3o.<\/p>\n\n\n\n<p>Nessa edi\u00e7\u00e3o, para submeter sua proposta, \u00e9 necess\u00e1rio preencher o Formul\u00e1rio de Inscri\u00e7\u00e3o e o modelo da Proposta, que est\u00e3o dispon\u00edveis no site do evento <a href=\"https:\/\/unifsa.com.br\/cics2025\/editais\">aqui<\/a>. Ap\u00f3s o preenchimento, os documentos devem ser enviados para o e-mail <a>cics.cientifico@unifsa.com.br<\/a> com o t\u00edtulo &#8220;PROPOSTA DE GT \u2013 CICS 2025&#8221;.<\/p>\n\n\n\n<p>Os proponentes devem fornecer as seguintes informa\u00e7\u00f5es:<\/p>\n\n\n\n<ul class=\"wp-block-list\">\n<li>Nomes dos\/as proponentes do GT;<\/li>\n\n\n\n<li>Dados acad\u00eamicos, incluindo titula\u00e7\u00f5es e v\u00ednculos institucionais;<\/li>\n\n\n\n<li>Orcid;<\/li>\n\n\n\n<li>E-mails de contato;<\/li>\n\n\n\n<li>Indica\u00e7\u00e3o do formato do GT (presencial ou remoto);<\/li>\n\n\n\n<li>Texto da proposta, conforme o modelo sugerido no edital.<\/li>\n<\/ul>\n\n\n\n<p>\u00c9 importante destacar que os proponentes devem ter o curr\u00edculo atualizado na Plataforma Lattes (CNPq) para garantir a submiss\u00e3o.<\/p>\n\n\n\n<p>Participe e contribua com o avan\u00e7o do conhecimento!<\/p>\n\n\n\n<p>Leia tamb\u00e9m: <a href=\"https:\/\/unifsa.com.br\/site\/estao-abertas-as-propostas-para-grupos-tematicos-do-2o-congresso-internacional-ciencia-e-sociedade\/\">https:\/\/unifsa.com.br\/site\/estao-abertas-as-propostas-para-grupos-tematicos-do-2o-congresso-internacional-ciencia-e-sociedade\/<\/a><\/p>\n\n\n\n<p><\/p>\n","protected":false},"excerpt":{"rendered":"<p>Est\u00e3o abertas as inscri\u00e7\u00f5es para a submiss\u00e3o de propostas de Grupos Tem\u00e1ticos (GTs) para o 2\u00ba Congresso Internacional Ci\u00eancia e Sociedade (CICS), que ocorrer\u00e1 em 2025. As propostas podem ser enviadas at\u00e9 o dia 10 de mar\u00e7o e t\u00eam a possibilidade de ser publicadas nos Anais e no e-book do evento, garantindo visibilidade na plataforma<\/p>\n","protected":false},"author":1,"featured_media":38091,"comment_status":"closed","ping_status":"open","sticky":false,"template":"","format":"standard","meta":{"_acf_changed":false,"footnotes":""},"categories":[6,1830],"tags":[],"class_list":["post-38116","post","type-post","status-publish","format-standard","has-post-thumbnail","hentry","category-acontece-na-unifsa","category-cics-2025"],"acf":[],"yoast_head":"<!-- This site is optimized with the Yoast SEO plugin v26.5 - https:\/\/yoast.com\/wordpress\/plugins\/seo\/ -->\n<title>2\u00ba CICS: saiba como submeter a sua proposta de Grupo Tem\u00e1tico at\u00e9 10 de Mar\u00e7o - Centro Universit\u00e1rio Santo Agostinho - UNIFSA<\/title>\n<meta name=\"robots\" content=\"index, follow, max-snippet:-1, max-image-preview:large, max-video-preview:-1\" \/>\n<link rel=\"canonical\" href=\"https:\/\/unifsa.com.br\/site\/2o-cics-saiba-como-submeter-a-sua-proposta-de-grupo-tematico-ate-10-de-marco\/\" \/>\n<meta property=\"og:locale\" content=\"pt_BR\" \/>\n<meta property=\"og:type\" content=\"article\" \/>\n<meta property=\"og:title\" content=\"2\u00ba CICS: saiba como submeter a sua proposta de Grupo Tem\u00e1tico at\u00e9 10 de Mar\u00e7o - Centro Universit\u00e1rio Santo Agostinho - UNIFSA\" \/>\n<meta property=\"og:description\" content=\"Est\u00e3o abertas as inscri\u00e7\u00f5es para a submiss\u00e3o de propostas de Grupos Tem\u00e1ticos (GTs) para o 2\u00ba Congresso Internacional Ci\u00eancia e Sociedade (CICS), que ocorrer\u00e1 em 2025. As propostas podem ser enviadas at\u00e9 o dia 10 de mar\u00e7o e t\u00eam a possibilidade de ser publicadas nos Anais e no e-book do evento, garantindo visibilidade na plataforma\" \/>\n<meta property=\"og:url\" content=\"https:\/\/unifsa.com.br\/site\/2o-cics-saiba-como-submeter-a-sua-proposta-de-grupo-tematico-ate-10-de-marco\/\" \/>\n<meta property=\"og:site_name\" content=\"Centro Universit\u00e1rio Santo Agostinho - UNIFSA\" \/>\n<meta property=\"article:publisher\" content=\"https:\/\/www.facebook.com\/unifsa\/\" \/>\n<meta property=\"article:published_time\" content=\"2025-02-13T12:02:53+00:00\" \/>\n<meta property=\"article:modified_time\" content=\"2025-02-14T13:56:08+00:00\" \/>\n<meta property=\"og:image\" content=\"https:\/\/unifsa.com.br\/site\/wp-content\/uploads\/2025\/02\/Site-2\u00b0-CICS-2.png\" \/>\n\t<meta property=\"og:image:width\" content=\"1920\" \/>\n\t<meta property=\"og:image:height\" content=\"805\" \/>\n\t<meta property=\"og:image:type\" content=\"image\/png\" \/>\n<meta name=\"author\" content=\"UNIFSA\" \/>\n<meta name=\"twitter:card\" content=\"summary_large_image\" \/>\n<meta name=\"twitter:label1\" content=\"Escrito por\" \/>\n\t<meta name=\"twitter:data1\" content=\"UNIFSA\" \/>\n\t<meta name=\"twitter:label2\" content=\"Est. tempo de leitura\" \/>\n\t<meta name=\"twitter:data2\" content=\"2 minutos\" \/>\n<script type=\"application\/ld+json\" class=\"yoast-schema-graph\">{\"@context\":\"https:\/\/schema.org\",\"@graph\":[{\"@type\":\"Article\",\"@id\":\"https:\/\/unifsa.com.br\/site\/2o-cics-saiba-como-submeter-a-sua-proposta-de-grupo-tematico-ate-10-de-marco\/#article\",\"isPartOf\":{\"@id\":\"https:\/\/unifsa.com.br\/site\/2o-cics-saiba-como-submeter-a-sua-proposta-de-grupo-tematico-ate-10-de-marco\/\"},\"author\":{\"name\":\"UNIFSA\",\"@id\":\"https:\/\/unifsa.com.br\/site\/#\/schema\/person\/6f5e8438b96168f9894cb9fe5816660f\"},\"headline\":\"2\u00ba CICS: saiba como submeter a sua proposta de Grupo Tem\u00e1tico at\u00e9 10 de Mar\u00e7o\",\"datePublished\":\"2025-02-13T12:02:53+00:00\",\"dateModified\":\"2025-02-14T13:56:08+00:00\",\"mainEntityOfPage\":{\"@id\":\"https:\/\/unifsa.com.br\/site\/2o-cics-saiba-como-submeter-a-sua-proposta-de-grupo-tematico-ate-10-de-marco\/\"},\"wordCount\":291,\"publisher\":{\"@id\":\"https:\/\/unifsa.com.br\/site\/#organization\"},\"image\":{\"@id\":\"https:\/\/unifsa.com.br\/site\/2o-cics-saiba-como-submeter-a-sua-proposta-de-grupo-tematico-ate-10-de-marco\/#primaryimage\"},\"thumbnailUrl\":\"https:\/\/unifsa.com.br\/site\/wp-content\/uploads\/2025\/02\/Site-2\u00b0-CICS-2.png\",\"articleSection\":[\"Acontece na UNIFSA\",\"CICS 2025\"],\"inLanguage\":\"pt-BR\"},{\"@type\":\"WebPage\",\"@id\":\"https:\/\/unifsa.com.br\/site\/2o-cics-saiba-como-submeter-a-sua-proposta-de-grupo-tematico-ate-10-de-marco\/\",\"url\":\"https:\/\/unifsa.com.br\/site\/2o-cics-saiba-como-submeter-a-sua-proposta-de-grupo-tematico-ate-10-de-marco\/\",\"name\":\"2\u00ba CICS: saiba como submeter a sua proposta de Grupo Tem\u00e1tico at\u00e9 10 de Mar\u00e7o - Centro Universit\u00e1rio Santo Agostinho - UNIFSA\",\"isPartOf\":{\"@id\":\"https:\/\/unifsa.com.br\/site\/#website\"},\"primaryImageOfPage\":{\"@id\":\"https:\/\/unifsa.com.br\/site\/2o-cics-saiba-como-submeter-a-sua-proposta-de-grupo-tematico-ate-10-de-marco\/#primaryimage\"},\"image\":{\"@id\":\"https:\/\/unifsa.com.br\/site\/2o-cics-saiba-como-submeter-a-sua-proposta-de-grupo-tematico-ate-10-de-marco\/#primaryimage\"},\"thumbnailUrl\":\"https:\/\/unifsa.com.br\/site\/wp-content\/uploads\/2025\/02\/Site-2\u00b0-CICS-2.png\",\"datePublished\":\"2025-02-13T12:02:53+00:00\",\"dateModified\":\"2025-02-14T13:56:08+00:00\",\"breadcrumb\":{\"@id\":\"https:\/\/unifsa.com.br\/site\/2o-cics-saiba-como-submeter-a-sua-proposta-de-grupo-tematico-ate-10-de-marco\/#breadcrumb\"},\"inLanguage\":\"pt-BR\",\"potentialAction\":[{\"@type\":\"ReadAction\",\"target\":[\"https:\/\/unifsa.com.br\/site\/2o-cics-saiba-como-submeter-a-sua-proposta-de-grupo-tematico-ate-10-de-marco\/\"]}]},{\"@type\":\"ImageObject\",\"inLanguage\":\"pt-BR\",\"@id\":\"https:\/\/unifsa.com.br\/site\/2o-cics-saiba-como-submeter-a-sua-proposta-de-grupo-tematico-ate-10-de-marco\/#primaryimage\",\"url\":\"https:\/\/unifsa.com.br\/site\/wp-content\/uploads\/2025\/02\/Site-2\u00b0-CICS-2.png\",\"contentUrl\":\"https:\/\/unifsa.com.br\/site\/wp-content\/uploads\/2025\/02\/Site-2\u00b0-CICS-2.png\",\"width\":1920,\"height\":805},{\"@type\":\"BreadcrumbList\",\"@id\":\"https:\/\/unifsa.com.br\/site\/2o-cics-saiba-como-submeter-a-sua-proposta-de-grupo-tematico-ate-10-de-marco\/#breadcrumb\",\"itemListElement\":[{\"@type\":\"ListItem\",\"position\":1,\"name\":\"In\u00edcio\",\"item\":\"https:\/\/unifsa.com.br\/site\/\"},{\"@type\":\"ListItem\",\"position\":2,\"name\":\"2\u00ba CICS: saiba como submeter a sua proposta de Grupo Tem\u00e1tico at\u00e9 10 de Mar\u00e7o\"}]},{\"@type\":\"WebSite\",\"@id\":\"https:\/\/unifsa.com.br\/site\/#website\",\"url\":\"https:\/\/unifsa.com.br\/site\/\",\"name\":\"Centro Universit\u00e1rio Santo Agostinho - UNIFSA\",\"description\":\"Conhecimento para toda a vida\",\"publisher\":{\"@id\":\"https:\/\/unifsa.com.br\/site\/#organization\"},\"potentialAction\":[{\"@type\":\"SearchAction\",\"target\":{\"@type\":\"EntryPoint\",\"urlTemplate\":\"https:\/\/unifsa.com.br\/site\/?s={search_term_string}\"},\"query-input\":{\"@type\":\"PropertyValueSpecification\",\"valueRequired\":true,\"valueName\":\"search_term_string\"}}],\"inLanguage\":\"pt-BR\"},{\"@type\":\"Organization\",\"@id\":\"https:\/\/unifsa.com.br\/site\/#organization\",\"name\":\"Centro Universit\u00e1rio Santo Agostinho - UNIFSA\",\"url\":\"https:\/\/unifsa.com.br\/site\/\",\"logo\":{\"@type\":\"ImageObject\",\"inLanguage\":\"pt-BR\",\"@id\":\"https:\/\/unifsa.com.br\/site\/#\/schema\/logo\/image\/\",\"url\":\"https:\/\/unifsa.com.br\/site\/wp-content\/uploads\/2023\/03\/MARCA-UNIFSA-CIC23-q2apjs1mt975cf1wl25b044coj90fwoiee1kya6800.png\",\"contentUrl\":\"https:\/\/unifsa.com.br\/site\/wp-content\/uploads\/2023\/03\/MARCA-UNIFSA-CIC23-q2apjs1mt975cf1wl25b044coj90fwoiee1kya6800.png\",\"width\":103,\"height\":100,\"caption\":\"Centro Universit\u00e1rio Santo Agostinho - UNIFSA\"},\"image\":{\"@id\":\"https:\/\/unifsa.com.br\/site\/#\/schema\/logo\/image\/\"},\"sameAs\":[\"https:\/\/www.facebook.com\/unifsa\/\",\"https:\/\/www.instagram.com\/unifsa\/\"]},{\"@type\":\"Person\",\"@id\":\"https:\/\/unifsa.com.br\/site\/#\/schema\/person\/6f5e8438b96168f9894cb9fe5816660f\",\"name\":\"UNIFSA\",\"image\":{\"@type\":\"ImageObject\",\"inLanguage\":\"pt-BR\",\"@id\":\"https:\/\/unifsa.com.br\/site\/#\/schema\/person\/image\/\",\"url\":\"https:\/\/secure.gravatar.com\/avatar\/3d1043775cda1d91d725491548f9b3a0909638e5fcbd418ee6b285ebfaa2ae59?s=96&d=mm&r=g\",\"contentUrl\":\"https:\/\/secure.gravatar.com\/avatar\/3d1043775cda1d91d725491548f9b3a0909638e5fcbd418ee6b285ebfaa2ae59?s=96&d=mm&r=g\",\"caption\":\"UNIFSA\"},\"url\":\"https:\/\/unifsa.com.br\/site\/author\/rogerbezerra\/\"}]}<\/script>\n<!-- \/ Yoast SEO plugin. -->","yoast_head_json":{"title":"2\u00ba CICS: saiba como submeter a sua proposta de Grupo Tem\u00e1tico at\u00e9 10 de Mar\u00e7o - Centro Universit\u00e1rio Santo Agostinho - UNIFSA","robots":{"index":"index","follow":"follow","max-snippet":"max-snippet:-1","max-image-preview":"max-image-preview:large","max-video-preview":"max-video-preview:-1"},"canonical":"https:\/\/unifsa.com.br\/site\/2o-cics-saiba-como-submeter-a-sua-proposta-de-grupo-tematico-ate-10-de-marco\/","og_locale":"pt_BR","og_type":"article","og_title":"2\u00ba CICS: saiba como submeter a sua proposta de Grupo Tem\u00e1tico at\u00e9 10 de Mar\u00e7o - Centro Universit\u00e1rio Santo Agostinho - UNIFSA","og_description":"Est\u00e3o abertas as inscri\u00e7\u00f5es para a submiss\u00e3o de propostas de Grupos Tem\u00e1ticos (GTs) para o 2\u00ba Congresso Internacional Ci\u00eancia e Sociedade (CICS), que ocorrer\u00e1 em 2025. As propostas podem ser enviadas at\u00e9 o dia 10 de mar\u00e7o e t\u00eam a possibilidade de ser publicadas nos Anais e no e-book do evento, garantindo visibilidade na plataforma","og_url":"https:\/\/unifsa.com.br\/site\/2o-cics-saiba-como-submeter-a-sua-proposta-de-grupo-tematico-ate-10-de-marco\/","og_site_name":"Centro Universit\u00e1rio Santo Agostinho - UNIFSA","article_publisher":"https:\/\/www.facebook.com\/unifsa\/","article_published_time":"2025-02-13T12:02:53+00:00","article_modified_time":"2025-02-14T13:56:08+00:00","og_image":[{"width":1920,"height":805,"url":"https:\/\/unifsa.com.br\/site\/wp-content\/uploads\/2025\/02\/Site-2\u00b0-CICS-2.png","type":"image\/png"}],"author":"UNIFSA","twitter_card":"summary_large_image","twitter_misc":{"Escrito por":"UNIFSA","Est. tempo de leitura":"2 minutos"},"schema":{"@context":"https:\/\/schema.org","@graph":[{"@type":"Article","@id":"https:\/\/unifsa.com.br\/site\/2o-cics-saiba-como-submeter-a-sua-proposta-de-grupo-tematico-ate-10-de-marco\/#article","isPartOf":{"@id":"https:\/\/unifsa.com.br\/site\/2o-cics-saiba-como-submeter-a-sua-proposta-de-grupo-tematico-ate-10-de-marco\/"},"author":{"name":"UNIFSA","@id":"https:\/\/unifsa.com.br\/site\/#\/schema\/person\/6f5e8438b96168f9894cb9fe5816660f"},"headline":"2\u00ba CICS: saiba como submeter a sua proposta de Grupo Tem\u00e1tico at\u00e9 10 de Mar\u00e7o","datePublished":"2025-02-13T12:02:53+00:00","dateModified":"2025-02-14T13:56:08+00:00","mainEntityOfPage":{"@id":"https:\/\/unifsa.com.br\/site\/2o-cics-saiba-como-submeter-a-sua-proposta-de-grupo-tematico-ate-10-de-marco\/"},"wordCount":291,"publisher":{"@id":"https:\/\/unifsa.com.br\/site\/#organization"},"image":{"@id":"https:\/\/unifsa.com.br\/site\/2o-cics-saiba-como-submeter-a-sua-proposta-de-grupo-tematico-ate-10-de-marco\/#primaryimage"},"thumbnailUrl":"https:\/\/unifsa.com.br\/site\/wp-content\/uploads\/2025\/02\/Site-2\u00b0-CICS-2.png","articleSection":["Acontece na UNIFSA","CICS 2025"],"inLanguage":"pt-BR"},{"@type":"WebPage","@id":"https:\/\/unifsa.com.br\/site\/2o-cics-saiba-como-submeter-a-sua-proposta-de-grupo-tematico-ate-10-de-marco\/","url":"https:\/\/unifsa.com.br\/site\/2o-cics-saiba-como-submeter-a-sua-proposta-de-grupo-tematico-ate-10-de-marco\/","name":"2\u00ba CICS: saiba como submeter a sua proposta de Grupo Tem\u00e1tico at\u00e9 10 de Mar\u00e7o - Centro Universit\u00e1rio Santo Agostinho - UNIFSA","isPartOf":{"@id":"https:\/\/unifsa.com.br\/site\/#website"},"primaryImageOfPage":{"@id":"https:\/\/unifsa.com.br\/site\/2o-cics-saiba-como-submeter-a-sua-proposta-de-grupo-tematico-ate-10-de-marco\/#primaryimage"},"image":{"@id":"https:\/\/unifsa.com.br\/site\/2o-cics-saiba-como-submeter-a-sua-proposta-de-grupo-tematico-ate-10-de-marco\/#primaryimage"},"thumbnailUrl":"https:\/\/unifsa.com.br\/site\/wp-content\/uploads\/2025\/02\/Site-2\u00b0-CICS-2.png","datePublished":"2025-02-13T12:02:53+00:00","dateModified":"2025-02-14T13:56:08+00:00","breadcrumb":{"@id":"https:\/\/unifsa.com.br\/site\/2o-cics-saiba-como-submeter-a-sua-proposta-de-grupo-tematico-ate-10-de-marco\/#breadcrumb"},"inLanguage":"pt-BR","potentialAction":[{"@type":"ReadAction","target":["https:\/\/unifsa.com.br\/site\/2o-cics-saiba-como-submeter-a-sua-proposta-de-grupo-tematico-ate-10-de-marco\/"]}]},{"@type":"ImageObject","inLanguage":"pt-BR","@id":"https:\/\/unifsa.com.br\/site\/2o-cics-saiba-como-submeter-a-sua-proposta-de-grupo-tematico-ate-10-de-marco\/#primaryimage","url":"https:\/\/unifsa.com.br\/site\/wp-content\/uploads\/2025\/02\/Site-2\u00b0-CICS-2.png","contentUrl":"https:\/\/unifsa.com.br\/site\/wp-content\/uploads\/2025\/02\/Site-2\u00b0-CICS-2.png","width":1920,"height":805},{"@type":"BreadcrumbList","@id":"https:\/\/unifsa.com.br\/site\/2o-cics-saiba-como-submeter-a-sua-proposta-de-grupo-tematico-ate-10-de-marco\/#breadcrumb","itemListElement":[{"@type":"ListItem","position":1,"name":"In\u00edcio","item":"https:\/\/unifsa.com.br\/site\/"},{"@type":"ListItem","position":2,"name":"2\u00ba CICS: saiba como submeter a sua proposta de Grupo Tem\u00e1tico at\u00e9 10 de Mar\u00e7o"}]},{"@type":"WebSite","@id":"https:\/\/unifsa.com.br\/site\/#website","url":"https:\/\/unifsa.com.br\/site\/","name":"Centro Universit\u00e1rio Santo Agostinho - UNIFSA","description":"Conhecimento para toda a vida","publisher":{"@id":"https:\/\/unifsa.com.br\/site\/#organization"},"potentialAction":[{"@type":"SearchAction","target":{"@type":"EntryPoint","urlTemplate":"https:\/\/unifsa.com.br\/site\/?s={search_term_string}"},"query-input":{"@type":"PropertyValueSpecification","valueRequired":true,"valueName":"search_term_string"}}],"inLanguage":"pt-BR"},{"@type":"Organization","@id":"https:\/\/unifsa.com.br\/site\/#organization","name":"Centro Universit\u00e1rio Santo Agostinho - UNIFSA","url":"https:\/\/unifsa.com.br\/site\/","logo":{"@type":"ImageObject","inLanguage":"pt-BR","@id":"https:\/\/unifsa.com.br\/site\/#\/schema\/logo\/image\/","url":"https:\/\/unifsa.com.br\/site\/wp-content\/uploads\/2023\/03\/MARCA-UNIFSA-CIC23-q2apjs1mt975cf1wl25b044coj90fwoiee1kya6800.png","contentUrl":"https:\/\/unifsa.com.br\/site\/wp-content\/uploads\/2023\/03\/MARCA-UNIFSA-CIC23-q2apjs1mt975cf1wl25b044coj90fwoiee1kya6800.png","width":103,"height":100,"caption":"Centro Universit\u00e1rio Santo Agostinho - UNIFSA"},"image":{"@id":"https:\/\/unifsa.com.br\/site\/#\/schema\/logo\/image\/"},"sameAs":["https:\/\/www.facebook.com\/unifsa\/","https:\/\/www.instagram.com\/unifsa\/"]},{"@type":"Person","@id":"https:\/\/unifsa.com.br\/site\/#\/schema\/person\/6f5e8438b96168f9894cb9fe5816660f","name":"UNIFSA","image":{"@type":"ImageObject","inLanguage":"pt-BR","@id":"https:\/\/unifsa.com.br\/site\/#\/schema\/person\/image\/","url":"https:\/\/secure.gravatar.com\/avatar\/3d1043775cda1d91d725491548f9b3a0909638e5fcbd418ee6b285ebfaa2ae59?s=96&d=mm&r=g","contentUrl":"https:\/\/secure.gravatar.com\/avatar\/3d1043775cda1d91d725491548f9b3a0909638e5fcbd418ee6b285ebfaa2ae59?s=96&d=mm&r=g","caption":"UNIFSA"},"url":"https:\/\/unifsa.com.br\/site\/author\/rogerbezerra\/"}]}},"_links":{"self":[{"href":"https:\/\/unifsa.com.br\/site\/wp-json\/wp\/v2\/posts\/38116","targetHints":{"allow":["GET"]}}],"collection":[{"href":"https:\/\/unifsa.com.br\/site\/wp-json\/wp\/v2\/posts"}],"about":[{"href":"https:\/\/unifsa.com.br\/site\/wp-json\/wp\/v2\/types\/post"}],"author":[{"embeddable":true,"href":"https:\/\/unifsa.com.br\/site\/wp-json\/wp\/v2\/users\/1"}],"replies":[{"embeddable":true,"href":"https:\/\/unifsa.com.br\/site\/wp-json\/wp\/v2\/comments?post=38116"}],"version-history":[{"count":3,"href":"https:\/\/unifsa.com.br\/site\/wp-json\/wp\/v2\/posts\/38116\/revisions"}],"predecessor-version":[{"id":38179,"href":"https:\/\/unifsa.com.br\/site\/wp-json\/wp\/v2\/posts\/38116\/revisions\/38179"}],"wp:featuredmedia":[{"embeddable":true,"href":"https:\/\/unifsa.com.br\/site\/wp-json\/wp\/v2\/media\/38091"}],"wp:attachment":[{"href":"https:\/\/unifsa.com.br\/site\/wp-json\/wp\/v2\/media?parent=38116"}],"wp:term":[{"taxonomy":"category","embeddable":true,"href":"https:\/\/unifsa.com.br\/site\/wp-json\/wp\/v2\/categories?post=38116"},{"taxonomy":"post_tag","embeddable":true,"href":"https:\/\/unifsa.com.br\/site\/wp-json\/wp\/v2\/tags?post=38116"}],"curies":[{"name":"wp","href":"https:\/\/api.w.org\/{rel}","templated":true}]}}