{"id":37625,"date":"2024-12-26T08:41:04","date_gmt":"2024-12-26T11:41:04","guid":{"rendered":"https:\/\/unifsa.com.br\/site\/?p=37625"},"modified":"2024-12-26T12:59:00","modified_gmt":"2024-12-26T15:59:00","slug":"inscricoes-prorrogadas-para-a-monitoria-2025-1-ate-31-de-janeiro","status":"publish","type":"post","link":"https:\/\/unifsa.com.br\/site\/inscricoes-prorrogadas-para-a-monitoria-2025-1-ate-31-de-janeiro\/","title":{"rendered":"Novo cronograma para a Monitoria 2025.1"},"content":{"rendered":"\n<p class=\"texto-justificado\">Em virtude das ocorr\u00eancias com a transi\u00e7\u00e3o do sistema de monitoria, <strong>as inscri\u00e7\u00f5es para sele\u00e7\u00e3o de Monitoria 2025.1 poder\u00e3o ser realizadas at\u00e9 o dia 31 de janeiro de 2025<\/strong>. Todas as situa\u00e7\u00f5es ser\u00e3o sanadas a fim de que todos os interessados possam concorrer ao processo de sele\u00e7\u00e3o em tempo h\u00e1bil.<\/p>\n\n\n\n<p class=\"texto-justificado\">Com a prorroga\u00e7\u00e3o das inscri\u00e7\u00f5es, a sele\u00e7\u00e3o dos monitores pelos docentes ser\u00e1 realizada nos dias 4, 5 e 6 de fevereiro.<\/p>\n\n\n\n<div style=\"height:10px\" aria-hidden=\"true\" class=\"wp-block-spacer\"><\/div>\n\n\n\n<div class=\"wp-block-buttons is-content-justification-center is-layout-flex wp-container-core-buttons-is-layout-16018d1d wp-block-buttons-is-layout-flex\">\n<div class=\"wp-block-button\"><a class=\"wp-block-button__link has-white-color has-vivid-cyan-blue-background-color has-text-color has-background has-link-color wp-element-button\" href=\"http:\/\/monitoria.unifsa.com.br\">Inscreva-se<\/a><\/div>\n<\/div>\n\n\n\n<div style=\"height:10px\" aria-hidden=\"true\" class=\"wp-block-spacer\"><\/div>\n\n\n\n<div class=\"wp-block-buttons is-content-justification-center is-layout-flex wp-container-core-buttons-is-layout-16018d1d wp-block-buttons-is-layout-flex\">\n<div class=\"wp-block-button\"><a class=\"wp-block-button__link has-white-color has-text-color has-background has-link-color wp-element-button\" href=\"https:\/\/unifsa.com.br\/site\/wp-content\/uploads\/2024\/12\/Orientacoes-de-Acesso-Sistema-de-Monitoria-do-UNIFSA.pdf\" style=\"background-color:#0b517a\" target=\"_blank\" rel=\"noreferrer noopener\">Orienta\u00e7\u00f5es de login para inscri\u00e7\u00e3o<\/a><\/div>\n<\/div>\n\n\n\n<div style=\"height:10px\" aria-hidden=\"true\" class=\"wp-block-spacer\"><\/div>\n\n\n\n<div class=\"wp-block-buttons is-content-justification-center is-layout-flex wp-container-core-buttons-is-layout-16018d1d wp-block-buttons-is-layout-flex\">\n<div class=\"wp-block-button\"><a class=\"wp-block-button__link has-white-color has-vivid-cyan-blue-background-color has-text-color has-background has-link-color wp-element-button\" href=\"https:\/\/unifsa.com.br\/site\/wp-content\/uploads\/2024\/12\/EDITAL-MONITORIA-2025-1-UNIFSA.pdf\">Edital de Monitoria 2025.1<\/a><\/div>\n<\/div>\n\n\n\n<div style=\"height:10px\" aria-hidden=\"true\" class=\"wp-block-spacer\"><\/div>\n\n\n\n<p class=\"texto-justificado\">O programa de monitoria busca incentivar a inicia\u00e7\u00e3o \u00e0 doc\u00eancia, proporcionando aos alunos oportunidades para desenvolver o pensamento cr\u00edtico e participar da produ\u00e7\u00e3o acad\u00eamica cient\u00edfica. Al\u00e9m disso, visa fomentar a coopera\u00e7\u00e3o entre professores e alunos e colaborar para a forma\u00e7\u00e3o de profissionais \u00e9ticos, conscientes e comprometidos com a melhoria da qualidade do ensino.<\/p>\n\n\n\n<p class=\"texto-justificado\">O resultado do processo seletivo ser\u00e1 publicado no mesmo sistema utilizado para as inscri\u00e7\u00f5es no dia 7 de fevereiro.<\/p>\n\n\n\n<h2 class=\"wp-block-heading has-vivid-cyan-blue-color has-text-color has-link-color wp-elements-6d266b3f8263240b1c32a6ce80e0ecb4\">Novo cronograma completo:<\/h2>\n\n\n\n<figure class=\"wp-block-table\"><table class=\"has-fixed-layout\"><tbody><tr><td>Inscri\u00e7\u00f5es discentes<\/td><td>at\u00e9 31 de janeiro de 2025<\/td><\/tr><tr><td>Sele\u00e7\u00e3o pelos docentes<\/td><td>de 4 a 6 de fevereiro de 2025<\/td><\/tr><tr><td>Resultado<\/td><td>7 de fevereiro de 2025<\/td><\/tr><\/tbody><\/table><\/figure>\n","protected":false},"excerpt":{"rendered":"<p>Em virtude das ocorr\u00eancias com a transi\u00e7\u00e3o do sistema de monitoria, as inscri\u00e7\u00f5es para sele\u00e7\u00e3o de Monitoria 2025.1 poder\u00e3o ser realizadas at\u00e9 o dia 31 de janeiro de 2025. Todas as situa\u00e7\u00f5es ser\u00e3o sanadas a fim de que todos os interessados possam concorrer ao processo de sele\u00e7\u00e3o em tempo h\u00e1bil. Com a prorroga\u00e7\u00e3o das inscri\u00e7\u00f5es,<\/p>\n","protected":false},"author":11,"featured_media":37548,"comment_status":"closed","ping_status":"open","sticky":false,"template":"","format":"standard","meta":{"_acf_changed":false,"footnotes":""},"categories":[6],"tags":[],"class_list":["post-37625","post","type-post","status-publish","format-standard","has-post-thumbnail","hentry","category-acontece-na-unifsa"],"acf":[],"yoast_head":"<!-- This site is optimized with the Yoast SEO plugin v26.5 - https:\/\/yoast.com\/wordpress\/plugins\/seo\/ -->\n<title>Novo cronograma para a Monitoria 2025.1 - Centro Universit\u00e1rio Santo Agostinho - UNIFSA<\/title>\n<meta name=\"robots\" content=\"index, follow, max-snippet:-1, max-image-preview:large, max-video-preview:-1\" \/>\n<link rel=\"canonical\" href=\"https:\/\/unifsa.com.br\/site\/inscricoes-prorrogadas-para-a-monitoria-2025-1-ate-31-de-janeiro\/\" \/>\n<meta property=\"og:locale\" content=\"pt_BR\" \/>\n<meta property=\"og:type\" content=\"article\" \/>\n<meta property=\"og:title\" content=\"Novo cronograma para a Monitoria 2025.1 - Centro Universit\u00e1rio Santo Agostinho - UNIFSA\" \/>\n<meta property=\"og:description\" content=\"Em virtude das ocorr\u00eancias com a transi\u00e7\u00e3o do sistema de monitoria, as inscri\u00e7\u00f5es para sele\u00e7\u00e3o de Monitoria 2025.1 poder\u00e3o ser realizadas at\u00e9 o dia 31 de janeiro de 2025. Todas as situa\u00e7\u00f5es ser\u00e3o sanadas a fim de que todos os interessados possam concorrer ao processo de sele\u00e7\u00e3o em tempo h\u00e1bil. Com a prorroga\u00e7\u00e3o das inscri\u00e7\u00f5es,\" \/>\n<meta property=\"og:url\" content=\"https:\/\/unifsa.com.br\/site\/inscricoes-prorrogadas-para-a-monitoria-2025-1-ate-31-de-janeiro\/\" \/>\n<meta property=\"og:site_name\" content=\"Centro Universit\u00e1rio Santo Agostinho - UNIFSA\" \/>\n<meta property=\"article:publisher\" content=\"https:\/\/www.facebook.com\/unifsa\/\" \/>\n<meta property=\"article:published_time\" content=\"2024-12-26T11:41:04+00:00\" \/>\n<meta property=\"article:modified_time\" content=\"2024-12-26T15:59:00+00:00\" \/>\n<meta property=\"og:image\" content=\"https:\/\/unifsa.com.br\/site\/wp-content\/uploads\/2024\/12\/Post-para-Instagram-Programa-Fidelidade-Empresa-de-Turismo-Azul-Apresentacao-2.jpg\" \/>\n\t<meta property=\"og:image:width\" content=\"1920\" \/>\n\t<meta property=\"og:image:height\" content=\"1080\" \/>\n\t<meta property=\"og:image:type\" content=\"image\/jpeg\" \/>\n<meta name=\"author\" content=\"Oceannyra Kelly da Cruz Silva\" \/>\n<meta name=\"twitter:card\" content=\"summary_large_image\" \/>\n<meta name=\"twitter:label1\" content=\"Escrito por\" \/>\n\t<meta name=\"twitter:data1\" content=\"Oceannyra Kelly da Cruz Silva\" \/>\n\t<meta name=\"twitter:label2\" content=\"Est. tempo de leitura\" \/>\n\t<meta name=\"twitter:data2\" content=\"2 minutos\" \/>\n<script type=\"application\/ld+json\" class=\"yoast-schema-graph\">{\"@context\":\"https:\/\/schema.org\",\"@graph\":[{\"@type\":\"Article\",\"@id\":\"https:\/\/unifsa.com.br\/site\/inscricoes-prorrogadas-para-a-monitoria-2025-1-ate-31-de-janeiro\/#article\",\"isPartOf\":{\"@id\":\"https:\/\/unifsa.com.br\/site\/inscricoes-prorrogadas-para-a-monitoria-2025-1-ate-31-de-janeiro\/\"},\"author\":{\"name\":\"Oceannyra Kelly da Cruz Silva\",\"@id\":\"https:\/\/unifsa.com.br\/site\/#\/schema\/person\/a4cec94bbc6ddf98f579162824de9bf2\"},\"headline\":\"Novo cronograma para a Monitoria 2025.1\",\"datePublished\":\"2024-12-26T11:41:04+00:00\",\"dateModified\":\"2024-12-26T15:59:00+00:00\",\"mainEntityOfPage\":{\"@id\":\"https:\/\/unifsa.com.br\/site\/inscricoes-prorrogadas-para-a-monitoria-2025-1-ate-31-de-janeiro\/\"},\"wordCount\":196,\"publisher\":{\"@id\":\"https:\/\/unifsa.com.br\/site\/#organization\"},\"image\":{\"@id\":\"https:\/\/unifsa.com.br\/site\/inscricoes-prorrogadas-para-a-monitoria-2025-1-ate-31-de-janeiro\/#primaryimage\"},\"thumbnailUrl\":\"https:\/\/unifsa.com.br\/site\/wp-content\/uploads\/2024\/12\/Post-para-Instagram-Programa-Fidelidade-Empresa-de-Turismo-Azul-Apresentacao-2.jpg\",\"articleSection\":[\"Acontece na UNIFSA\"],\"inLanguage\":\"pt-BR\"},{\"@type\":\"WebPage\",\"@id\":\"https:\/\/unifsa.com.br\/site\/inscricoes-prorrogadas-para-a-monitoria-2025-1-ate-31-de-janeiro\/\",\"url\":\"https:\/\/unifsa.com.br\/site\/inscricoes-prorrogadas-para-a-monitoria-2025-1-ate-31-de-janeiro\/\",\"name\":\"Novo cronograma para a Monitoria 2025.1 - Centro Universit\u00e1rio Santo Agostinho - UNIFSA\",\"isPartOf\":{\"@id\":\"https:\/\/unifsa.com.br\/site\/#website\"},\"primaryImageOfPage\":{\"@id\":\"https:\/\/unifsa.com.br\/site\/inscricoes-prorrogadas-para-a-monitoria-2025-1-ate-31-de-janeiro\/#primaryimage\"},\"image\":{\"@id\":\"https:\/\/unifsa.com.br\/site\/inscricoes-prorrogadas-para-a-monitoria-2025-1-ate-31-de-janeiro\/#primaryimage\"},\"thumbnailUrl\":\"https:\/\/unifsa.com.br\/site\/wp-content\/uploads\/2024\/12\/Post-para-Instagram-Programa-Fidelidade-Empresa-de-Turismo-Azul-Apresentacao-2.jpg\",\"datePublished\":\"2024-12-26T11:41:04+00:00\",\"dateModified\":\"2024-12-26T15:59:00+00:00\",\"breadcrumb\":{\"@id\":\"https:\/\/unifsa.com.br\/site\/inscricoes-prorrogadas-para-a-monitoria-2025-1-ate-31-de-janeiro\/#breadcrumb\"},\"inLanguage\":\"pt-BR\",\"potentialAction\":[{\"@type\":\"ReadAction\",\"target\":[\"https:\/\/unifsa.com.br\/site\/inscricoes-prorrogadas-para-a-monitoria-2025-1-ate-31-de-janeiro\/\"]}]},{\"@type\":\"ImageObject\",\"inLanguage\":\"pt-BR\",\"@id\":\"https:\/\/unifsa.com.br\/site\/inscricoes-prorrogadas-para-a-monitoria-2025-1-ate-31-de-janeiro\/#primaryimage\",\"url\":\"https:\/\/unifsa.com.br\/site\/wp-content\/uploads\/2024\/12\/Post-para-Instagram-Programa-Fidelidade-Empresa-de-Turismo-Azul-Apresentacao-2.jpg\",\"contentUrl\":\"https:\/\/unifsa.com.br\/site\/wp-content\/uploads\/2024\/12\/Post-para-Instagram-Programa-Fidelidade-Empresa-de-Turismo-Azul-Apresentacao-2.jpg\",\"width\":1920,\"height\":1080},{\"@type\":\"BreadcrumbList\",\"@id\":\"https:\/\/unifsa.com.br\/site\/inscricoes-prorrogadas-para-a-monitoria-2025-1-ate-31-de-janeiro\/#breadcrumb\",\"itemListElement\":[{\"@type\":\"ListItem\",\"position\":1,\"name\":\"In\u00edcio\",\"item\":\"https:\/\/unifsa.com.br\/site\/\"},{\"@type\":\"ListItem\",\"position\":2,\"name\":\"Novo cronograma para a Monitoria 2025.1\"}]},{\"@type\":\"WebSite\",\"@id\":\"https:\/\/unifsa.com.br\/site\/#website\",\"url\":\"https:\/\/unifsa.com.br\/site\/\",\"name\":\"Centro Universit\u00e1rio Santo Agostinho - UNIFSA\",\"description\":\"Conhecimento para toda a vida\",\"publisher\":{\"@id\":\"https:\/\/unifsa.com.br\/site\/#organization\"},\"potentialAction\":[{\"@type\":\"SearchAction\",\"target\":{\"@type\":\"EntryPoint\",\"urlTemplate\":\"https:\/\/unifsa.com.br\/site\/?s={search_term_string}\"},\"query-input\":{\"@type\":\"PropertyValueSpecification\",\"valueRequired\":true,\"valueName\":\"search_term_string\"}}],\"inLanguage\":\"pt-BR\"},{\"@type\":\"Organization\",\"@id\":\"https:\/\/unifsa.com.br\/site\/#organization\",\"name\":\"Centro Universit\u00e1rio Santo Agostinho - UNIFSA\",\"url\":\"https:\/\/unifsa.com.br\/site\/\",\"logo\":{\"@type\":\"ImageObject\",\"inLanguage\":\"pt-BR\",\"@id\":\"https:\/\/unifsa.com.br\/site\/#\/schema\/logo\/image\/\",\"url\":\"https:\/\/unifsa.com.br\/site\/wp-content\/uploads\/2023\/03\/MARCA-UNIFSA-CIC23-q2apjs1mt975cf1wl25b044coj90fwoiee1kya6800.png\",\"contentUrl\":\"https:\/\/unifsa.com.br\/site\/wp-content\/uploads\/2023\/03\/MARCA-UNIFSA-CIC23-q2apjs1mt975cf1wl25b044coj90fwoiee1kya6800.png\",\"width\":103,\"height\":100,\"caption\":\"Centro Universit\u00e1rio Santo Agostinho - UNIFSA\"},\"image\":{\"@id\":\"https:\/\/unifsa.com.br\/site\/#\/schema\/logo\/image\/\"},\"sameAs\":[\"https:\/\/www.facebook.com\/unifsa\/\",\"https:\/\/www.instagram.com\/unifsa\/\"]},{\"@type\":\"Person\",\"@id\":\"https:\/\/unifsa.com.br\/site\/#\/schema\/person\/a4cec94bbc6ddf98f579162824de9bf2\",\"name\":\"Oceannyra Kelly da Cruz Silva\",\"image\":{\"@type\":\"ImageObject\",\"inLanguage\":\"pt-BR\",\"@id\":\"https:\/\/unifsa.com.br\/site\/#\/schema\/person\/image\/\",\"url\":\"https:\/\/secure.gravatar.com\/avatar\/05c87cd6fa2c3c73262055bd9341438a47e77a37053b409b3cf4f8df60ea8eb8?s=96&d=mm&r=g\",\"contentUrl\":\"https:\/\/secure.gravatar.com\/avatar\/05c87cd6fa2c3c73262055bd9341438a47e77a37053b409b3cf4f8df60ea8eb8?s=96&d=mm&r=g\",\"caption\":\"Oceannyra Kelly da Cruz Silva\"},\"url\":\"https:\/\/unifsa.com.br\/site\/author\/oceannyrakelly\/\"}]}<\/script>\n<!-- \/ Yoast SEO plugin. -->","yoast_head_json":{"title":"Novo cronograma para a Monitoria 2025.1 - Centro Universit\u00e1rio Santo Agostinho - UNIFSA","robots":{"index":"index","follow":"follow","max-snippet":"max-snippet:-1","max-image-preview":"max-image-preview:large","max-video-preview":"max-video-preview:-1"},"canonical":"https:\/\/unifsa.com.br\/site\/inscricoes-prorrogadas-para-a-monitoria-2025-1-ate-31-de-janeiro\/","og_locale":"pt_BR","og_type":"article","og_title":"Novo cronograma para a Monitoria 2025.1 - Centro Universit\u00e1rio Santo Agostinho - UNIFSA","og_description":"Em virtude das ocorr\u00eancias com a transi\u00e7\u00e3o do sistema de monitoria, as inscri\u00e7\u00f5es para sele\u00e7\u00e3o de Monitoria 2025.1 poder\u00e3o ser realizadas at\u00e9 o dia 31 de janeiro de 2025. Todas as situa\u00e7\u00f5es ser\u00e3o sanadas a fim de que todos os interessados possam concorrer ao processo de sele\u00e7\u00e3o em tempo h\u00e1bil. Com a prorroga\u00e7\u00e3o das inscri\u00e7\u00f5es,","og_url":"https:\/\/unifsa.com.br\/site\/inscricoes-prorrogadas-para-a-monitoria-2025-1-ate-31-de-janeiro\/","og_site_name":"Centro Universit\u00e1rio Santo Agostinho - UNIFSA","article_publisher":"https:\/\/www.facebook.com\/unifsa\/","article_published_time":"2024-12-26T11:41:04+00:00","article_modified_time":"2024-12-26T15:59:00+00:00","og_image":[{"width":1920,"height":1080,"url":"https:\/\/unifsa.com.br\/site\/wp-content\/uploads\/2024\/12\/Post-para-Instagram-Programa-Fidelidade-Empresa-de-Turismo-Azul-Apresentacao-2.jpg","type":"image\/jpeg"}],"author":"Oceannyra Kelly da Cruz Silva","twitter_card":"summary_large_image","twitter_misc":{"Escrito por":"Oceannyra Kelly da Cruz Silva","Est. tempo de leitura":"2 minutos"},"schema":{"@context":"https:\/\/schema.org","@graph":[{"@type":"Article","@id":"https:\/\/unifsa.com.br\/site\/inscricoes-prorrogadas-para-a-monitoria-2025-1-ate-31-de-janeiro\/#article","isPartOf":{"@id":"https:\/\/unifsa.com.br\/site\/inscricoes-prorrogadas-para-a-monitoria-2025-1-ate-31-de-janeiro\/"},"author":{"name":"Oceannyra Kelly da Cruz Silva","@id":"https:\/\/unifsa.com.br\/site\/#\/schema\/person\/a4cec94bbc6ddf98f579162824de9bf2"},"headline":"Novo cronograma para a Monitoria 2025.1","datePublished":"2024-12-26T11:41:04+00:00","dateModified":"2024-12-26T15:59:00+00:00","mainEntityOfPage":{"@id":"https:\/\/unifsa.com.br\/site\/inscricoes-prorrogadas-para-a-monitoria-2025-1-ate-31-de-janeiro\/"},"wordCount":196,"publisher":{"@id":"https:\/\/unifsa.com.br\/site\/#organization"},"image":{"@id":"https:\/\/unifsa.com.br\/site\/inscricoes-prorrogadas-para-a-monitoria-2025-1-ate-31-de-janeiro\/#primaryimage"},"thumbnailUrl":"https:\/\/unifsa.com.br\/site\/wp-content\/uploads\/2024\/12\/Post-para-Instagram-Programa-Fidelidade-Empresa-de-Turismo-Azul-Apresentacao-2.jpg","articleSection":["Acontece na UNIFSA"],"inLanguage":"pt-BR"},{"@type":"WebPage","@id":"https:\/\/unifsa.com.br\/site\/inscricoes-prorrogadas-para-a-monitoria-2025-1-ate-31-de-janeiro\/","url":"https:\/\/unifsa.com.br\/site\/inscricoes-prorrogadas-para-a-monitoria-2025-1-ate-31-de-janeiro\/","name":"Novo cronograma para a Monitoria 2025.1 - Centro Universit\u00e1rio Santo Agostinho - UNIFSA","isPartOf":{"@id":"https:\/\/unifsa.com.br\/site\/#website"},"primaryImageOfPage":{"@id":"https:\/\/unifsa.com.br\/site\/inscricoes-prorrogadas-para-a-monitoria-2025-1-ate-31-de-janeiro\/#primaryimage"},"image":{"@id":"https:\/\/unifsa.com.br\/site\/inscricoes-prorrogadas-para-a-monitoria-2025-1-ate-31-de-janeiro\/#primaryimage"},"thumbnailUrl":"https:\/\/unifsa.com.br\/site\/wp-content\/uploads\/2024\/12\/Post-para-Instagram-Programa-Fidelidade-Empresa-de-Turismo-Azul-Apresentacao-2.jpg","datePublished":"2024-12-26T11:41:04+00:00","dateModified":"2024-12-26T15:59:00+00:00","breadcrumb":{"@id":"https:\/\/unifsa.com.br\/site\/inscricoes-prorrogadas-para-a-monitoria-2025-1-ate-31-de-janeiro\/#breadcrumb"},"inLanguage":"pt-BR","potentialAction":[{"@type":"ReadAction","target":["https:\/\/unifsa.com.br\/site\/inscricoes-prorrogadas-para-a-monitoria-2025-1-ate-31-de-janeiro\/"]}]},{"@type":"ImageObject","inLanguage":"pt-BR","@id":"https:\/\/unifsa.com.br\/site\/inscricoes-prorrogadas-para-a-monitoria-2025-1-ate-31-de-janeiro\/#primaryimage","url":"https:\/\/unifsa.com.br\/site\/wp-content\/uploads\/2024\/12\/Post-para-Instagram-Programa-Fidelidade-Empresa-de-Turismo-Azul-Apresentacao-2.jpg","contentUrl":"https:\/\/unifsa.com.br\/site\/wp-content\/uploads\/2024\/12\/Post-para-Instagram-Programa-Fidelidade-Empresa-de-Turismo-Azul-Apresentacao-2.jpg","width":1920,"height":1080},{"@type":"BreadcrumbList","@id":"https:\/\/unifsa.com.br\/site\/inscricoes-prorrogadas-para-a-monitoria-2025-1-ate-31-de-janeiro\/#breadcrumb","itemListElement":[{"@type":"ListItem","position":1,"name":"In\u00edcio","item":"https:\/\/unifsa.com.br\/site\/"},{"@type":"ListItem","position":2,"name":"Novo cronograma para a Monitoria 2025.1"}]},{"@type":"WebSite","@id":"https:\/\/unifsa.com.br\/site\/#website","url":"https:\/\/unifsa.com.br\/site\/","name":"Centro Universit\u00e1rio Santo Agostinho - UNIFSA","description":"Conhecimento para toda a vida","publisher":{"@id":"https:\/\/unifsa.com.br\/site\/#organization"},"potentialAction":[{"@type":"SearchAction","target":{"@type":"EntryPoint","urlTemplate":"https:\/\/unifsa.com.br\/site\/?s={search_term_string}"},"query-input":{"@type":"PropertyValueSpecification","valueRequired":true,"valueName":"search_term_string"}}],"inLanguage":"pt-BR"},{"@type":"Organization","@id":"https:\/\/unifsa.com.br\/site\/#organization","name":"Centro Universit\u00e1rio Santo Agostinho - UNIFSA","url":"https:\/\/unifsa.com.br\/site\/","logo":{"@type":"ImageObject","inLanguage":"pt-BR","@id":"https:\/\/unifsa.com.br\/site\/#\/schema\/logo\/image\/","url":"https:\/\/unifsa.com.br\/site\/wp-content\/uploads\/2023\/03\/MARCA-UNIFSA-CIC23-q2apjs1mt975cf1wl25b044coj90fwoiee1kya6800.png","contentUrl":"https:\/\/unifsa.com.br\/site\/wp-content\/uploads\/2023\/03\/MARCA-UNIFSA-CIC23-q2apjs1mt975cf1wl25b044coj90fwoiee1kya6800.png","width":103,"height":100,"caption":"Centro Universit\u00e1rio Santo Agostinho - UNIFSA"},"image":{"@id":"https:\/\/unifsa.com.br\/site\/#\/schema\/logo\/image\/"},"sameAs":["https:\/\/www.facebook.com\/unifsa\/","https:\/\/www.instagram.com\/unifsa\/"]},{"@type":"Person","@id":"https:\/\/unifsa.com.br\/site\/#\/schema\/person\/a4cec94bbc6ddf98f579162824de9bf2","name":"Oceannyra Kelly da Cruz Silva","image":{"@type":"ImageObject","inLanguage":"pt-BR","@id":"https:\/\/unifsa.com.br\/site\/#\/schema\/person\/image\/","url":"https:\/\/secure.gravatar.com\/avatar\/05c87cd6fa2c3c73262055bd9341438a47e77a37053b409b3cf4f8df60ea8eb8?s=96&d=mm&r=g","contentUrl":"https:\/\/secure.gravatar.com\/avatar\/05c87cd6fa2c3c73262055bd9341438a47e77a37053b409b3cf4f8df60ea8eb8?s=96&d=mm&r=g","caption":"Oceannyra Kelly da Cruz Silva"},"url":"https:\/\/unifsa.com.br\/site\/author\/oceannyrakelly\/"}]}},"_links":{"self":[{"href":"https:\/\/unifsa.com.br\/site\/wp-json\/wp\/v2\/posts\/37625","targetHints":{"allow":["GET"]}}],"collection":[{"href":"https:\/\/unifsa.com.br\/site\/wp-json\/wp\/v2\/posts"}],"about":[{"href":"https:\/\/unifsa.com.br\/site\/wp-json\/wp\/v2\/types\/post"}],"author":[{"embeddable":true,"href":"https:\/\/unifsa.com.br\/site\/wp-json\/wp\/v2\/users\/11"}],"replies":[{"embeddable":true,"href":"https:\/\/unifsa.com.br\/site\/wp-json\/wp\/v2\/comments?post=37625"}],"version-history":[{"count":3,"href":"https:\/\/unifsa.com.br\/site\/wp-json\/wp\/v2\/posts\/37625\/revisions"}],"predecessor-version":[{"id":37634,"href":"https:\/\/unifsa.com.br\/site\/wp-json\/wp\/v2\/posts\/37625\/revisions\/37634"}],"wp:featuredmedia":[{"embeddable":true,"href":"https:\/\/unifsa.com.br\/site\/wp-json\/wp\/v2\/media\/37548"}],"wp:attachment":[{"href":"https:\/\/unifsa.com.br\/site\/wp-json\/wp\/v2\/media?parent=37625"}],"wp:term":[{"taxonomy":"category","embeddable":true,"href":"https:\/\/unifsa.com.br\/site\/wp-json\/wp\/v2\/categories?post=37625"},{"taxonomy":"post_tag","embeddable":true,"href":"https:\/\/unifsa.com.br\/site\/wp-json\/wp\/v2\/tags?post=37625"}],"curies":[{"name":"wp","href":"https:\/\/api.w.org\/{rel}","templated":true}]}}