{"id":37375,"date":"2024-12-06T16:22:05","date_gmt":"2024-12-06T19:22:05","guid":{"rendered":"https:\/\/unifsa.com.br\/site\/?p=37375"},"modified":"2024-12-06T18:59:20","modified_gmt":"2024-12-06T21:59:20","slug":"alunos-de-medicina-encerram-semestre-com-apresentacao-de-acoes-na-disciplina-de-projeto-extensao-pesquisa-e-ensino-i","status":"publish","type":"post","link":"https:\/\/unifsa.com.br\/site\/alunos-de-medicina-encerram-semestre-com-apresentacao-de-acoes-na-disciplina-de-projeto-extensao-pesquisa-e-ensino-i\/","title":{"rendered":"Alunos de Medicina encerram semestre com apresenta\u00e7\u00e3o de a\u00e7\u00f5es na disciplina de Projeto Extens\u00e3o, Pesquisa e Ensino I\u00a0"},"content":{"rendered":"\n<p class=\"texto-justificado\"><strong>A primeira turma de Medicina do Centro Universit\u00e1rio Santo Agostinho concluiu a disciplina &#8220;Projeto Extens\u00e3o, Pesquisa e Ensino I&#8221; de forma especial e inspiradora nesta sexta-feira (6).<\/strong> Durante o semestre, os estudantes participaram de uma s\u00e9rie de projetos, a\u00e7\u00f5es e atividades de cunho social, n\u00e3o apenas na disciplina, mas tamb\u00e9m em outras do per\u00edodo. Como resultado dessas viv\u00eancias, os alunos produziram portf\u00f3lios que destacam a relev\u00e2ncia dessas experi\u00eancias para a forma\u00e7\u00e3o acad\u00eamica e human\u00edstica. Divididos em oito equipes, tamb\u00e9m realizaram uma a\u00e7\u00e3o social principal, documentada em v\u00eddeos apresentados durante esta \u00faltima aula.<\/p>\n\n\n<div class=\"wp-block-image\">\n<figure class=\"alignright size-large is-resized\"><img fetchpriority=\"high\" decoding=\"async\" width=\"768\" height=\"1024\" src=\"https:\/\/unifsa.com.br\/site\/wp-content\/uploads\/2024\/12\/WhatsApp-Image-2024-12-06-at-16.18.38-768x1024.jpeg\" alt=\"\" class=\"wp-image-37388\" style=\"width:234px;height:auto\" srcset=\"https:\/\/unifsa.com.br\/site\/wp-content\/uploads\/2024\/12\/WhatsApp-Image-2024-12-06-at-16.18.38-768x1024.jpeg 768w, https:\/\/unifsa.com.br\/site\/wp-content\/uploads\/2024\/12\/WhatsApp-Image-2024-12-06-at-16.18.38-225x300.jpeg 225w, https:\/\/unifsa.com.br\/site\/wp-content\/uploads\/2024\/12\/WhatsApp-Image-2024-12-06-at-16.18.38-1152x1536.jpeg 1152w, https:\/\/unifsa.com.br\/site\/wp-content\/uploads\/2024\/12\/WhatsApp-Image-2024-12-06-at-16.18.38-1536x2048.jpeg 1536w, https:\/\/unifsa.com.br\/site\/wp-content\/uploads\/2024\/12\/WhatsApp-Image-2024-12-06-at-16.18.38-scaled.jpeg 1920w\" sizes=\"(max-width: 768px) 100vw, 768px\" \/><\/figure>\n<\/div>\n\n\n<p class=\"texto-justificado\">Esses materiais foram avaliados pelos professores doutores Izabel Herika Gomes Matias Cronemberger, que ministra a disciplina &#8220;Projeto Extens\u00e3o, Pesquisa e Ensino I&#8221;, e Alisson Dias Gomes, respons\u00e1vel pela disciplina &#8220;M\u00e9todo Cient\u00edfico e Medicina Baseada em Evid\u00eancias I&#8221;. Ambos destacaram a qualidade e o compromisso dos alunos em integrar o conhecimento acad\u00eamico \u00e0 pr\u00e1tica social, alinhando-se aos valores de forma\u00e7\u00e3o humanizada e inovadora promovidos pelo UNIFSA.<\/p>\n\n\n\n<blockquote class=\"wp-block-quote texto-justificado is-layout-flow wp-block-quote-is-layout-flow\">\n<p class=\"texto-justificado\">N\u00f3s estamos na finaliza\u00e7\u00e3o da disciplina, com apresenta\u00e7\u00e3o dos resultados dos oito projetos de interven\u00e7\u00e3o. Nesse dia os alunos est\u00e3o fazendo a socializa\u00e7\u00e3o dos resultados, tanto com apresenta\u00e7\u00e3o de v\u00eddeos, relatos da viv\u00eancia na disciplina por meio do portf\u00f3lios, que foram constru\u00e7\u00f5es coletivas, que ocorreram no decurso da disciplina.<\/p>\n<cite>Profa. Dra. Izabel Herika Gomes Matias Cronemberger, docente do UNIFSA<\/cite><\/blockquote>\n\n\n\n<p class=\"texto-justificado\">A apresenta\u00e7\u00e3o das a\u00e7\u00f5es foi um momento de aprendizado, refor\u00e7ando o protagonismo dos estudantes e o compromisso do curso de Medicina do UNIFSA em formar profissionais conscientes e preparados para atuar em uma sociedade em constante transforma\u00e7\u00e3o, como a Ana Carolina Lima, estudante que tamb\u00e9m contribuiu para esse encontro e que levar\u00e1 consigo a experi\u00eancia conquistada nessa primeira etapa da gradua\u00e7\u00e3o.<\/p>\n\n\n\n<blockquote class=\"wp-block-quote texto-justificado is-layout-flow wp-block-quote-is-layout-flow\"><div class=\"wp-block-image\">\n<figure class=\"alignleft size-large is-resized\"><img decoding=\"async\" width=\"1024\" height=\"1365\" src=\"https:\/\/unifsa.com.br\/site\/wp-content\/uploads\/2024\/12\/IMG_5767-edited.jpeg\" alt=\"\" class=\"wp-image-37390\" style=\"width:238px;height:auto\" srcset=\"https:\/\/unifsa.com.br\/site\/wp-content\/uploads\/2024\/12\/IMG_5767-edited.jpeg 1024w, https:\/\/unifsa.com.br\/site\/wp-content\/uploads\/2024\/12\/IMG_5767-edited-225x300.jpeg 225w, https:\/\/unifsa.com.br\/site\/wp-content\/uploads\/2024\/12\/IMG_5767-edited-768x1024.jpeg 768w\" sizes=\"(max-width: 1024px) 100vw, 1024px\" \/><\/figure>\n<\/div>\n\n\n<p class=\"texto-justificado\">Desde o primeiro dia de aula, com a professora Izabel Herika, nos foi mostrado o que \u00e9 extens\u00e3o universit\u00e1ria, o que \u00e9 educa\u00e7\u00e3o popular, seus princ\u00edpios e nossa fun\u00e7\u00e3o como universit\u00e1rios dentro da sociedade. E hoje, no \u00faltimo dia de aula, estamos apresentando os resultados disso, que foi uma li\u00e7\u00e3o de vida para todos n\u00f3s. Meu grupo mostrou um pouco do nosso portf\u00f3lio, que foi tudo aquilo que constru\u00edmos durante o per\u00edodo, e tamb\u00e9m mostrou o video do nosso projeto de interven\u00e7\u00e3o &#8220;Cuidar de Quem Cuida&#8221;, que foi uma interven\u00e7\u00e3o que a gente fez com m\u00e3es cuidadoras de crian\u00e7as com paralisia cerebral no Instituto Rizo.<\/p>\n<cite>Ana Carolina Lima, estudante de Medicina do UNIFSA<\/cite><\/blockquote>\n\n\n\n<h3 class=\"wp-block-heading has-text-color has-link-color wp-elements-f79d76ffae3bdaa9d6ca8cc10a25a8ac\" style=\"color:#0c4f76\">Confira os registros da atividade<\/h3>\n\n\n\n<div class=\"wp-block-columns is-layout-flex wp-container-core-columns-is-layout-9d6595d7 wp-block-columns-is-layout-flex\">\n<div class=\"wp-block-column is-layout-flow wp-block-column-is-layout-flow\" style=\"flex-basis:100%\">\n<figure class=\"wp-block-gallery has-nested-images columns-default is-cropped wp-block-gallery-1 is-layout-flex wp-block-gallery-is-layout-flex\">\n<figure class=\"wp-block-image size-large\"><img decoding=\"async\" width=\"1024\" height=\"576\" data-id=\"37394\" src=\"https:\/\/unifsa.com.br\/site\/wp-content\/uploads\/2024\/12\/WhatsApp-Image-2024-12-06-at-18.55.46-2-1024x576.jpeg\" alt=\"\" class=\"wp-image-37394\" srcset=\"https:\/\/unifsa.com.br\/site\/wp-content\/uploads\/2024\/12\/WhatsApp-Image-2024-12-06-at-18.55.46-2-1024x576.jpeg 1024w, https:\/\/unifsa.com.br\/site\/wp-content\/uploads\/2024\/12\/WhatsApp-Image-2024-12-06-at-18.55.46-2-300x169.jpeg 300w, https:\/\/unifsa.com.br\/site\/wp-content\/uploads\/2024\/12\/WhatsApp-Image-2024-12-06-at-18.55.46-2-768x432.jpeg 768w, https:\/\/unifsa.com.br\/site\/wp-content\/uploads\/2024\/12\/WhatsApp-Image-2024-12-06-at-18.55.46-2-1536x864.jpeg 1536w, https:\/\/unifsa.com.br\/site\/wp-content\/uploads\/2024\/12\/WhatsApp-Image-2024-12-06-at-18.55.46-2-2048x1152.jpeg 2048w\" sizes=\"(max-width: 1024px) 100vw, 1024px\" \/><\/figure>\n\n\n\n<figure class=\"wp-block-image size-large\"><img loading=\"lazy\" decoding=\"async\" width=\"1024\" height=\"576\" data-id=\"37407\" src=\"https:\/\/unifsa.com.br\/site\/wp-content\/uploads\/2024\/12\/WhatsApp-Image-2024-12-06-at-18.58.06-1024x576.jpeg\" alt=\"\" class=\"wp-image-37407\" srcset=\"https:\/\/unifsa.com.br\/site\/wp-content\/uploads\/2024\/12\/WhatsApp-Image-2024-12-06-at-18.58.06-1024x576.jpeg 1024w, https:\/\/unifsa.com.br\/site\/wp-content\/uploads\/2024\/12\/WhatsApp-Image-2024-12-06-at-18.58.06-300x169.jpeg 300w, https:\/\/unifsa.com.br\/site\/wp-content\/uploads\/2024\/12\/WhatsApp-Image-2024-12-06-at-18.58.06-768x432.jpeg 768w, https:\/\/unifsa.com.br\/site\/wp-content\/uploads\/2024\/12\/WhatsApp-Image-2024-12-06-at-18.58.06-1536x864.jpeg 1536w, https:\/\/unifsa.com.br\/site\/wp-content\/uploads\/2024\/12\/WhatsApp-Image-2024-12-06-at-18.58.06-2048x1152.jpeg 2048w\" sizes=\"(max-width: 1024px) 100vw, 1024px\" \/><\/figure>\n\n\n\n<figure class=\"wp-block-image size-large\"><img loading=\"lazy\" decoding=\"async\" width=\"1024\" height=\"768\" data-id=\"37395\" src=\"https:\/\/unifsa.com.br\/site\/wp-content\/uploads\/2024\/12\/WhatsApp-Image-2024-12-06-at-18.55.46-1024x768.jpeg\" alt=\"\" class=\"wp-image-37395\" srcset=\"https:\/\/unifsa.com.br\/site\/wp-content\/uploads\/2024\/12\/WhatsApp-Image-2024-12-06-at-18.55.46-1024x768.jpeg 1024w, https:\/\/unifsa.com.br\/site\/wp-content\/uploads\/2024\/12\/WhatsApp-Image-2024-12-06-at-18.55.46-300x225.jpeg 300w, https:\/\/unifsa.com.br\/site\/wp-content\/uploads\/2024\/12\/WhatsApp-Image-2024-12-06-at-18.55.46-768x576.jpeg 768w, https:\/\/unifsa.com.br\/site\/wp-content\/uploads\/2024\/12\/WhatsApp-Image-2024-12-06-at-18.55.46-1536x1152.jpeg 1536w, https:\/\/unifsa.com.br\/site\/wp-content\/uploads\/2024\/12\/WhatsApp-Image-2024-12-06-at-18.55.46-2048x1536.jpeg 2048w\" sizes=\"(max-width: 1024px) 100vw, 1024px\" \/><\/figure>\n\n\n\n<figure class=\"wp-block-image size-large\"><img loading=\"lazy\" decoding=\"async\" width=\"1024\" height=\"576\" data-id=\"37396\" src=\"https:\/\/unifsa.com.br\/site\/wp-content\/uploads\/2024\/12\/WhatsApp-Image-2024-12-06-at-18.55.47-1024x576.jpeg\" alt=\"\" class=\"wp-image-37396\" srcset=\"https:\/\/unifsa.com.br\/site\/wp-content\/uploads\/2024\/12\/WhatsApp-Image-2024-12-06-at-18.55.47-1024x576.jpeg 1024w, https:\/\/unifsa.com.br\/site\/wp-content\/uploads\/2024\/12\/WhatsApp-Image-2024-12-06-at-18.55.47-300x169.jpeg 300w, https:\/\/unifsa.com.br\/site\/wp-content\/uploads\/2024\/12\/WhatsApp-Image-2024-12-06-at-18.55.47-768x432.jpeg 768w, https:\/\/unifsa.com.br\/site\/wp-content\/uploads\/2024\/12\/WhatsApp-Image-2024-12-06-at-18.55.47-1536x864.jpeg 1536w, https:\/\/unifsa.com.br\/site\/wp-content\/uploads\/2024\/12\/WhatsApp-Image-2024-12-06-at-18.55.47-2048x1152.jpeg 2048w\" sizes=\"(max-width: 1024px) 100vw, 1024px\" \/><\/figure>\n\n\n\n<figure class=\"wp-block-image size-large\"><img loading=\"lazy\" decoding=\"async\" width=\"1024\" height=\"768\" data-id=\"37406\" src=\"https:\/\/unifsa.com.br\/site\/wp-content\/uploads\/2024\/12\/WhatsApp-Image-2024-12-06-at-18.55.46-1-7-1024x768.jpeg\" alt=\"\" class=\"wp-image-37406\" srcset=\"https:\/\/unifsa.com.br\/site\/wp-content\/uploads\/2024\/12\/WhatsApp-Image-2024-12-06-at-18.55.46-1-7-1024x768.jpeg 1024w, https:\/\/unifsa.com.br\/site\/wp-content\/uploads\/2024\/12\/WhatsApp-Image-2024-12-06-at-18.55.46-1-7-300x225.jpeg 300w, https:\/\/unifsa.com.br\/site\/wp-content\/uploads\/2024\/12\/WhatsApp-Image-2024-12-06-at-18.55.46-1-7-768x576.jpeg 768w, https:\/\/unifsa.com.br\/site\/wp-content\/uploads\/2024\/12\/WhatsApp-Image-2024-12-06-at-18.55.46-1-7-1536x1152.jpeg 1536w, https:\/\/unifsa.com.br\/site\/wp-content\/uploads\/2024\/12\/WhatsApp-Image-2024-12-06-at-18.55.46-1-7-2048x1536.jpeg 2048w\" sizes=\"(max-width: 1024px) 100vw, 1024px\" \/><\/figure>\n<\/figure>\n<\/div>\n<\/div>\n","protected":false},"excerpt":{"rendered":"<p>A primeira turma de Medicina do Centro Universit\u00e1rio Santo Agostinho concluiu a disciplina &#8220;Projeto Extens\u00e3o, Pesquisa e Ensino I&#8221; de forma especial e inspiradora nesta sexta-feira (6). Durante o semestre, os estudantes participaram de uma s\u00e9rie de projetos, a\u00e7\u00f5es e atividades de cunho social, n\u00e3o apenas na disciplina, mas tamb\u00e9m em outras do per\u00edodo. Como<\/p>\n","protected":false},"author":11,"featured_media":37387,"comment_status":"closed","ping_status":"open","sticky":false,"template":"","format":"standard","meta":{"_acf_changed":false,"footnotes":""},"categories":[6,1789],"tags":[],"class_list":["post-37375","post","type-post","status-publish","format-standard","has-post-thumbnail","hentry","category-acontece-na-unifsa","category-medicina"],"acf":[],"yoast_head":"<!-- This site is optimized with the Yoast SEO plugin v26.5 - https:\/\/yoast.com\/wordpress\/plugins\/seo\/ -->\n<title>Alunos de Medicina encerram semestre com apresenta\u00e7\u00e3o de a\u00e7\u00f5es na disciplina de Projeto Extens\u00e3o, Pesquisa e Ensino I\u00a0 - Centro Universit\u00e1rio Santo Agostinho - UNIFSA<\/title>\n<meta name=\"robots\" content=\"index, follow, max-snippet:-1, max-image-preview:large, max-video-preview:-1\" \/>\n<link rel=\"canonical\" href=\"https:\/\/unifsa.com.br\/site\/alunos-de-medicina-encerram-semestre-com-apresentacao-de-acoes-na-disciplina-de-projeto-extensao-pesquisa-e-ensino-i\/\" \/>\n<meta property=\"og:locale\" content=\"pt_BR\" \/>\n<meta property=\"og:type\" content=\"article\" \/>\n<meta property=\"og:title\" content=\"Alunos de Medicina encerram semestre com apresenta\u00e7\u00e3o de a\u00e7\u00f5es na disciplina de Projeto Extens\u00e3o, Pesquisa e Ensino I\u00a0 - Centro Universit\u00e1rio Santo Agostinho - UNIFSA\" \/>\n<meta property=\"og:description\" content=\"A primeira turma de Medicina do Centro Universit\u00e1rio Santo Agostinho concluiu a disciplina &#8220;Projeto Extens\u00e3o, Pesquisa e Ensino I&#8221; de forma especial e inspiradora nesta sexta-feira (6). Durante o semestre, os estudantes participaram de uma s\u00e9rie de projetos, a\u00e7\u00f5es e atividades de cunho social, n\u00e3o apenas na disciplina, mas tamb\u00e9m em outras do per\u00edodo. Como\" \/>\n<meta property=\"og:url\" content=\"https:\/\/unifsa.com.br\/site\/alunos-de-medicina-encerram-semestre-com-apresentacao-de-acoes-na-disciplina-de-projeto-extensao-pesquisa-e-ensino-i\/\" \/>\n<meta property=\"og:site_name\" content=\"Centro Universit\u00e1rio Santo Agostinho - UNIFSA\" \/>\n<meta property=\"article:publisher\" content=\"https:\/\/www.facebook.com\/unifsa\/\" \/>\n<meta property=\"article:published_time\" content=\"2024-12-06T19:22:05+00:00\" \/>\n<meta property=\"article:modified_time\" content=\"2024-12-06T21:59:20+00:00\" \/>\n<meta property=\"og:image\" content=\"https:\/\/unifsa.com.br\/site\/wp-content\/uploads\/2024\/12\/WhatsApp-Image-2024-12-06-at-16.18.22-scaled.jpeg\" \/>\n\t<meta property=\"og:image:width\" content=\"2560\" \/>\n\t<meta property=\"og:image:height\" content=\"1440\" \/>\n\t<meta property=\"og:image:type\" content=\"image\/jpeg\" \/>\n<meta name=\"author\" content=\"Oceannyra Kelly da Cruz Silva\" \/>\n<meta name=\"twitter:card\" content=\"summary_large_image\" \/>\n<meta name=\"twitter:label1\" content=\"Escrito por\" \/>\n\t<meta name=\"twitter:data1\" content=\"Oceannyra Kelly da Cruz Silva\" \/>\n\t<meta name=\"twitter:label2\" content=\"Est. tempo de leitura\" \/>\n\t<meta name=\"twitter:data2\" content=\"3 minutos\" \/>\n<script type=\"application\/ld+json\" class=\"yoast-schema-graph\">{\"@context\":\"https:\/\/schema.org\",\"@graph\":[{\"@type\":\"Article\",\"@id\":\"https:\/\/unifsa.com.br\/site\/alunos-de-medicina-encerram-semestre-com-apresentacao-de-acoes-na-disciplina-de-projeto-extensao-pesquisa-e-ensino-i\/#article\",\"isPartOf\":{\"@id\":\"https:\/\/unifsa.com.br\/site\/alunos-de-medicina-encerram-semestre-com-apresentacao-de-acoes-na-disciplina-de-projeto-extensao-pesquisa-e-ensino-i\/\"},\"author\":{\"name\":\"Oceannyra Kelly da Cruz Silva\",\"@id\":\"https:\/\/unifsa.com.br\/site\/#\/schema\/person\/a4cec94bbc6ddf98f579162824de9bf2\"},\"headline\":\"Alunos de Medicina encerram semestre com apresenta\u00e7\u00e3o de a\u00e7\u00f5es na disciplina de Projeto Extens\u00e3o, Pesquisa e Ensino I\u00a0\",\"datePublished\":\"2024-12-06T19:22:05+00:00\",\"dateModified\":\"2024-12-06T21:59:20+00:00\",\"mainEntityOfPage\":{\"@id\":\"https:\/\/unifsa.com.br\/site\/alunos-de-medicina-encerram-semestre-com-apresentacao-de-acoes-na-disciplina-de-projeto-extensao-pesquisa-e-ensino-i\/\"},\"wordCount\":471,\"publisher\":{\"@id\":\"https:\/\/unifsa.com.br\/site\/#organization\"},\"image\":{\"@id\":\"https:\/\/unifsa.com.br\/site\/alunos-de-medicina-encerram-semestre-com-apresentacao-de-acoes-na-disciplina-de-projeto-extensao-pesquisa-e-ensino-i\/#primaryimage\"},\"thumbnailUrl\":\"https:\/\/unifsa.com.br\/site\/wp-content\/uploads\/2024\/12\/WhatsApp-Image-2024-12-06-at-16.18.22-scaled.jpeg\",\"articleSection\":[\"Acontece na UNIFSA\",\"Medicina\"],\"inLanguage\":\"pt-BR\"},{\"@type\":\"WebPage\",\"@id\":\"https:\/\/unifsa.com.br\/site\/alunos-de-medicina-encerram-semestre-com-apresentacao-de-acoes-na-disciplina-de-projeto-extensao-pesquisa-e-ensino-i\/\",\"url\":\"https:\/\/unifsa.com.br\/site\/alunos-de-medicina-encerram-semestre-com-apresentacao-de-acoes-na-disciplina-de-projeto-extensao-pesquisa-e-ensino-i\/\",\"name\":\"Alunos de Medicina encerram semestre com apresenta\u00e7\u00e3o de a\u00e7\u00f5es na disciplina de Projeto Extens\u00e3o, Pesquisa e Ensino I\u00a0 - Centro Universit\u00e1rio Santo Agostinho - UNIFSA\",\"isPartOf\":{\"@id\":\"https:\/\/unifsa.com.br\/site\/#website\"},\"primaryImageOfPage\":{\"@id\":\"https:\/\/unifsa.com.br\/site\/alunos-de-medicina-encerram-semestre-com-apresentacao-de-acoes-na-disciplina-de-projeto-extensao-pesquisa-e-ensino-i\/#primaryimage\"},\"image\":{\"@id\":\"https:\/\/unifsa.com.br\/site\/alunos-de-medicina-encerram-semestre-com-apresentacao-de-acoes-na-disciplina-de-projeto-extensao-pesquisa-e-ensino-i\/#primaryimage\"},\"thumbnailUrl\":\"https:\/\/unifsa.com.br\/site\/wp-content\/uploads\/2024\/12\/WhatsApp-Image-2024-12-06-at-16.18.22-scaled.jpeg\",\"datePublished\":\"2024-12-06T19:22:05+00:00\",\"dateModified\":\"2024-12-06T21:59:20+00:00\",\"breadcrumb\":{\"@id\":\"https:\/\/unifsa.com.br\/site\/alunos-de-medicina-encerram-semestre-com-apresentacao-de-acoes-na-disciplina-de-projeto-extensao-pesquisa-e-ensino-i\/#breadcrumb\"},\"inLanguage\":\"pt-BR\",\"potentialAction\":[{\"@type\":\"ReadAction\",\"target\":[\"https:\/\/unifsa.com.br\/site\/alunos-de-medicina-encerram-semestre-com-apresentacao-de-acoes-na-disciplina-de-projeto-extensao-pesquisa-e-ensino-i\/\"]}]},{\"@type\":\"ImageObject\",\"inLanguage\":\"pt-BR\",\"@id\":\"https:\/\/unifsa.com.br\/site\/alunos-de-medicina-encerram-semestre-com-apresentacao-de-acoes-na-disciplina-de-projeto-extensao-pesquisa-e-ensino-i\/#primaryimage\",\"url\":\"https:\/\/unifsa.com.br\/site\/wp-content\/uploads\/2024\/12\/WhatsApp-Image-2024-12-06-at-16.18.22-scaled.jpeg\",\"contentUrl\":\"https:\/\/unifsa.com.br\/site\/wp-content\/uploads\/2024\/12\/WhatsApp-Image-2024-12-06-at-16.18.22-scaled.jpeg\",\"width\":2560,\"height\":1440},{\"@type\":\"BreadcrumbList\",\"@id\":\"https:\/\/unifsa.com.br\/site\/alunos-de-medicina-encerram-semestre-com-apresentacao-de-acoes-na-disciplina-de-projeto-extensao-pesquisa-e-ensino-i\/#breadcrumb\",\"itemListElement\":[{\"@type\":\"ListItem\",\"position\":1,\"name\":\"In\u00edcio\",\"item\":\"https:\/\/unifsa.com.br\/site\/\"},{\"@type\":\"ListItem\",\"position\":2,\"name\":\"Alunos de Medicina encerram semestre com apresenta\u00e7\u00e3o de a\u00e7\u00f5es na disciplina de Projeto Extens\u00e3o, Pesquisa e Ensino I\u00a0\"}]},{\"@type\":\"WebSite\",\"@id\":\"https:\/\/unifsa.com.br\/site\/#website\",\"url\":\"https:\/\/unifsa.com.br\/site\/\",\"name\":\"Centro Universit\u00e1rio Santo Agostinho - UNIFSA\",\"description\":\"Conhecimento para toda a vida\",\"publisher\":{\"@id\":\"https:\/\/unifsa.com.br\/site\/#organization\"},\"potentialAction\":[{\"@type\":\"SearchAction\",\"target\":{\"@type\":\"EntryPoint\",\"urlTemplate\":\"https:\/\/unifsa.com.br\/site\/?s={search_term_string}\"},\"query-input\":{\"@type\":\"PropertyValueSpecification\",\"valueRequired\":true,\"valueName\":\"search_term_string\"}}],\"inLanguage\":\"pt-BR\"},{\"@type\":\"Organization\",\"@id\":\"https:\/\/unifsa.com.br\/site\/#organization\",\"name\":\"Centro Universit\u00e1rio Santo Agostinho - UNIFSA\",\"url\":\"https:\/\/unifsa.com.br\/site\/\",\"logo\":{\"@type\":\"ImageObject\",\"inLanguage\":\"pt-BR\",\"@id\":\"https:\/\/unifsa.com.br\/site\/#\/schema\/logo\/image\/\",\"url\":\"https:\/\/unifsa.com.br\/site\/wp-content\/uploads\/2023\/03\/MARCA-UNIFSA-CIC23-q2apjs1mt975cf1wl25b044coj90fwoiee1kya6800.png\",\"contentUrl\":\"https:\/\/unifsa.com.br\/site\/wp-content\/uploads\/2023\/03\/MARCA-UNIFSA-CIC23-q2apjs1mt975cf1wl25b044coj90fwoiee1kya6800.png\",\"width\":103,\"height\":100,\"caption\":\"Centro Universit\u00e1rio Santo Agostinho - UNIFSA\"},\"image\":{\"@id\":\"https:\/\/unifsa.com.br\/site\/#\/schema\/logo\/image\/\"},\"sameAs\":[\"https:\/\/www.facebook.com\/unifsa\/\",\"https:\/\/www.instagram.com\/unifsa\/\"]},{\"@type\":\"Person\",\"@id\":\"https:\/\/unifsa.com.br\/site\/#\/schema\/person\/a4cec94bbc6ddf98f579162824de9bf2\",\"name\":\"Oceannyra Kelly da Cruz Silva\",\"image\":{\"@type\":\"ImageObject\",\"inLanguage\":\"pt-BR\",\"@id\":\"https:\/\/unifsa.com.br\/site\/#\/schema\/person\/image\/\",\"url\":\"https:\/\/secure.gravatar.com\/avatar\/05c87cd6fa2c3c73262055bd9341438a47e77a37053b409b3cf4f8df60ea8eb8?s=96&d=mm&r=g\",\"contentUrl\":\"https:\/\/secure.gravatar.com\/avatar\/05c87cd6fa2c3c73262055bd9341438a47e77a37053b409b3cf4f8df60ea8eb8?s=96&d=mm&r=g\",\"caption\":\"Oceannyra Kelly da Cruz Silva\"},\"url\":\"https:\/\/unifsa.com.br\/site\/author\/oceannyrakelly\/\"}]}<\/script>\n<!-- \/ Yoast SEO plugin. -->","yoast_head_json":{"title":"Alunos de Medicina encerram semestre com apresenta\u00e7\u00e3o de a\u00e7\u00f5es na disciplina de Projeto Extens\u00e3o, Pesquisa e Ensino I\u00a0 - Centro Universit\u00e1rio Santo Agostinho - UNIFSA","robots":{"index":"index","follow":"follow","max-snippet":"max-snippet:-1","max-image-preview":"max-image-preview:large","max-video-preview":"max-video-preview:-1"},"canonical":"https:\/\/unifsa.com.br\/site\/alunos-de-medicina-encerram-semestre-com-apresentacao-de-acoes-na-disciplina-de-projeto-extensao-pesquisa-e-ensino-i\/","og_locale":"pt_BR","og_type":"article","og_title":"Alunos de Medicina encerram semestre com apresenta\u00e7\u00e3o de a\u00e7\u00f5es na disciplina de Projeto Extens\u00e3o, Pesquisa e Ensino I\u00a0 - Centro Universit\u00e1rio Santo Agostinho - UNIFSA","og_description":"A primeira turma de Medicina do Centro Universit\u00e1rio Santo Agostinho concluiu a disciplina &#8220;Projeto Extens\u00e3o, Pesquisa e Ensino I&#8221; de forma especial e inspiradora nesta sexta-feira (6). Durante o semestre, os estudantes participaram de uma s\u00e9rie de projetos, a\u00e7\u00f5es e atividades de cunho social, n\u00e3o apenas na disciplina, mas tamb\u00e9m em outras do per\u00edodo. Como","og_url":"https:\/\/unifsa.com.br\/site\/alunos-de-medicina-encerram-semestre-com-apresentacao-de-acoes-na-disciplina-de-projeto-extensao-pesquisa-e-ensino-i\/","og_site_name":"Centro Universit\u00e1rio Santo Agostinho - UNIFSA","article_publisher":"https:\/\/www.facebook.com\/unifsa\/","article_published_time":"2024-12-06T19:22:05+00:00","article_modified_time":"2024-12-06T21:59:20+00:00","og_image":[{"width":2560,"height":1440,"url":"https:\/\/unifsa.com.br\/site\/wp-content\/uploads\/2024\/12\/WhatsApp-Image-2024-12-06-at-16.18.22-scaled.jpeg","type":"image\/jpeg"}],"author":"Oceannyra Kelly da Cruz Silva","twitter_card":"summary_large_image","twitter_misc":{"Escrito por":"Oceannyra Kelly da Cruz Silva","Est. tempo de leitura":"3 minutos"},"schema":{"@context":"https:\/\/schema.org","@graph":[{"@type":"Article","@id":"https:\/\/unifsa.com.br\/site\/alunos-de-medicina-encerram-semestre-com-apresentacao-de-acoes-na-disciplina-de-projeto-extensao-pesquisa-e-ensino-i\/#article","isPartOf":{"@id":"https:\/\/unifsa.com.br\/site\/alunos-de-medicina-encerram-semestre-com-apresentacao-de-acoes-na-disciplina-de-projeto-extensao-pesquisa-e-ensino-i\/"},"author":{"name":"Oceannyra Kelly da Cruz Silva","@id":"https:\/\/unifsa.com.br\/site\/#\/schema\/person\/a4cec94bbc6ddf98f579162824de9bf2"},"headline":"Alunos de Medicina encerram semestre com apresenta\u00e7\u00e3o de a\u00e7\u00f5es na disciplina de Projeto Extens\u00e3o, Pesquisa e Ensino I\u00a0","datePublished":"2024-12-06T19:22:05+00:00","dateModified":"2024-12-06T21:59:20+00:00","mainEntityOfPage":{"@id":"https:\/\/unifsa.com.br\/site\/alunos-de-medicina-encerram-semestre-com-apresentacao-de-acoes-na-disciplina-de-projeto-extensao-pesquisa-e-ensino-i\/"},"wordCount":471,"publisher":{"@id":"https:\/\/unifsa.com.br\/site\/#organization"},"image":{"@id":"https:\/\/unifsa.com.br\/site\/alunos-de-medicina-encerram-semestre-com-apresentacao-de-acoes-na-disciplina-de-projeto-extensao-pesquisa-e-ensino-i\/#primaryimage"},"thumbnailUrl":"https:\/\/unifsa.com.br\/site\/wp-content\/uploads\/2024\/12\/WhatsApp-Image-2024-12-06-at-16.18.22-scaled.jpeg","articleSection":["Acontece na UNIFSA","Medicina"],"inLanguage":"pt-BR"},{"@type":"WebPage","@id":"https:\/\/unifsa.com.br\/site\/alunos-de-medicina-encerram-semestre-com-apresentacao-de-acoes-na-disciplina-de-projeto-extensao-pesquisa-e-ensino-i\/","url":"https:\/\/unifsa.com.br\/site\/alunos-de-medicina-encerram-semestre-com-apresentacao-de-acoes-na-disciplina-de-projeto-extensao-pesquisa-e-ensino-i\/","name":"Alunos de Medicina encerram semestre com apresenta\u00e7\u00e3o de a\u00e7\u00f5es na disciplina de Projeto Extens\u00e3o, Pesquisa e Ensino I\u00a0 - Centro Universit\u00e1rio Santo Agostinho - UNIFSA","isPartOf":{"@id":"https:\/\/unifsa.com.br\/site\/#website"},"primaryImageOfPage":{"@id":"https:\/\/unifsa.com.br\/site\/alunos-de-medicina-encerram-semestre-com-apresentacao-de-acoes-na-disciplina-de-projeto-extensao-pesquisa-e-ensino-i\/#primaryimage"},"image":{"@id":"https:\/\/unifsa.com.br\/site\/alunos-de-medicina-encerram-semestre-com-apresentacao-de-acoes-na-disciplina-de-projeto-extensao-pesquisa-e-ensino-i\/#primaryimage"},"thumbnailUrl":"https:\/\/unifsa.com.br\/site\/wp-content\/uploads\/2024\/12\/WhatsApp-Image-2024-12-06-at-16.18.22-scaled.jpeg","datePublished":"2024-12-06T19:22:05+00:00","dateModified":"2024-12-06T21:59:20+00:00","breadcrumb":{"@id":"https:\/\/unifsa.com.br\/site\/alunos-de-medicina-encerram-semestre-com-apresentacao-de-acoes-na-disciplina-de-projeto-extensao-pesquisa-e-ensino-i\/#breadcrumb"},"inLanguage":"pt-BR","potentialAction":[{"@type":"ReadAction","target":["https:\/\/unifsa.com.br\/site\/alunos-de-medicina-encerram-semestre-com-apresentacao-de-acoes-na-disciplina-de-projeto-extensao-pesquisa-e-ensino-i\/"]}]},{"@type":"ImageObject","inLanguage":"pt-BR","@id":"https:\/\/unifsa.com.br\/site\/alunos-de-medicina-encerram-semestre-com-apresentacao-de-acoes-na-disciplina-de-projeto-extensao-pesquisa-e-ensino-i\/#primaryimage","url":"https:\/\/unifsa.com.br\/site\/wp-content\/uploads\/2024\/12\/WhatsApp-Image-2024-12-06-at-16.18.22-scaled.jpeg","contentUrl":"https:\/\/unifsa.com.br\/site\/wp-content\/uploads\/2024\/12\/WhatsApp-Image-2024-12-06-at-16.18.22-scaled.jpeg","width":2560,"height":1440},{"@type":"BreadcrumbList","@id":"https:\/\/unifsa.com.br\/site\/alunos-de-medicina-encerram-semestre-com-apresentacao-de-acoes-na-disciplina-de-projeto-extensao-pesquisa-e-ensino-i\/#breadcrumb","itemListElement":[{"@type":"ListItem","position":1,"name":"In\u00edcio","item":"https:\/\/unifsa.com.br\/site\/"},{"@type":"ListItem","position":2,"name":"Alunos de Medicina encerram semestre com apresenta\u00e7\u00e3o de a\u00e7\u00f5es na disciplina de Projeto Extens\u00e3o, Pesquisa e Ensino I\u00a0"}]},{"@type":"WebSite","@id":"https:\/\/unifsa.com.br\/site\/#website","url":"https:\/\/unifsa.com.br\/site\/","name":"Centro Universit\u00e1rio Santo Agostinho - UNIFSA","description":"Conhecimento para toda a vida","publisher":{"@id":"https:\/\/unifsa.com.br\/site\/#organization"},"potentialAction":[{"@type":"SearchAction","target":{"@type":"EntryPoint","urlTemplate":"https:\/\/unifsa.com.br\/site\/?s={search_term_string}"},"query-input":{"@type":"PropertyValueSpecification","valueRequired":true,"valueName":"search_term_string"}}],"inLanguage":"pt-BR"},{"@type":"Organization","@id":"https:\/\/unifsa.com.br\/site\/#organization","name":"Centro Universit\u00e1rio Santo Agostinho - UNIFSA","url":"https:\/\/unifsa.com.br\/site\/","logo":{"@type":"ImageObject","inLanguage":"pt-BR","@id":"https:\/\/unifsa.com.br\/site\/#\/schema\/logo\/image\/","url":"https:\/\/unifsa.com.br\/site\/wp-content\/uploads\/2023\/03\/MARCA-UNIFSA-CIC23-q2apjs1mt975cf1wl25b044coj90fwoiee1kya6800.png","contentUrl":"https:\/\/unifsa.com.br\/site\/wp-content\/uploads\/2023\/03\/MARCA-UNIFSA-CIC23-q2apjs1mt975cf1wl25b044coj90fwoiee1kya6800.png","width":103,"height":100,"caption":"Centro Universit\u00e1rio Santo Agostinho - UNIFSA"},"image":{"@id":"https:\/\/unifsa.com.br\/site\/#\/schema\/logo\/image\/"},"sameAs":["https:\/\/www.facebook.com\/unifsa\/","https:\/\/www.instagram.com\/unifsa\/"]},{"@type":"Person","@id":"https:\/\/unifsa.com.br\/site\/#\/schema\/person\/a4cec94bbc6ddf98f579162824de9bf2","name":"Oceannyra Kelly da Cruz Silva","image":{"@type":"ImageObject","inLanguage":"pt-BR","@id":"https:\/\/unifsa.com.br\/site\/#\/schema\/person\/image\/","url":"https:\/\/secure.gravatar.com\/avatar\/05c87cd6fa2c3c73262055bd9341438a47e77a37053b409b3cf4f8df60ea8eb8?s=96&d=mm&r=g","contentUrl":"https:\/\/secure.gravatar.com\/avatar\/05c87cd6fa2c3c73262055bd9341438a47e77a37053b409b3cf4f8df60ea8eb8?s=96&d=mm&r=g","caption":"Oceannyra Kelly da Cruz Silva"},"url":"https:\/\/unifsa.com.br\/site\/author\/oceannyrakelly\/"}]}},"_links":{"self":[{"href":"https:\/\/unifsa.com.br\/site\/wp-json\/wp\/v2\/posts\/37375","targetHints":{"allow":["GET"]}}],"collection":[{"href":"https:\/\/unifsa.com.br\/site\/wp-json\/wp\/v2\/posts"}],"about":[{"href":"https:\/\/unifsa.com.br\/site\/wp-json\/wp\/v2\/types\/post"}],"author":[{"embeddable":true,"href":"https:\/\/unifsa.com.br\/site\/wp-json\/wp\/v2\/users\/11"}],"replies":[{"embeddable":true,"href":"https:\/\/unifsa.com.br\/site\/wp-json\/wp\/v2\/comments?post=37375"}],"version-history":[{"count":5,"href":"https:\/\/unifsa.com.br\/site\/wp-json\/wp\/v2\/posts\/37375\/revisions"}],"predecessor-version":[{"id":37408,"href":"https:\/\/unifsa.com.br\/site\/wp-json\/wp\/v2\/posts\/37375\/revisions\/37408"}],"wp:featuredmedia":[{"embeddable":true,"href":"https:\/\/unifsa.com.br\/site\/wp-json\/wp\/v2\/media\/37387"}],"wp:attachment":[{"href":"https:\/\/unifsa.com.br\/site\/wp-json\/wp\/v2\/media?parent=37375"}],"wp:term":[{"taxonomy":"category","embeddable":true,"href":"https:\/\/unifsa.com.br\/site\/wp-json\/wp\/v2\/categories?post=37375"},{"taxonomy":"post_tag","embeddable":true,"href":"https:\/\/unifsa.com.br\/site\/wp-json\/wp\/v2\/tags?post=37375"}],"curies":[{"name":"wp","href":"https:\/\/api.w.org\/{rel}","templated":true}]}}