{"id":37341,"date":"2024-12-06T20:22:46","date_gmt":"2024-12-06T23:22:46","guid":{"rendered":"https:\/\/unifsa.com.br\/site\/?p=37341"},"modified":"2024-12-09T16:18:43","modified_gmt":"2024-12-09T19:18:43","slug":"engenharia-de-software-do-unifsa-promove-primeiro-ideathon-multidisciplinar","status":"publish","type":"post","link":"https:\/\/unifsa.com.br\/site\/engenharia-de-software-do-unifsa-promove-primeiro-ideathon-multidisciplinar\/","title":{"rendered":"Engenharia de Software do UNIFSA Promove Primeiro Ideathon Multidisciplinar"},"content":{"rendered":"\n<p>O Centro Universit\u00e1rio Santo Agostinho, por meio do curso de Engenharia de Software, realizou no dia 29 de novembro o primeiro <strong>Ideathon Multidisciplinar<\/strong> <strong>\u2013 Inova\u00e7\u00e3o em Contextos Multiprofissionais<\/strong>. A atividade teve como principal objetivo estimular a criatividade e a inova\u00e7\u00e3o dos alunos, desafiando-os a desenvolver solu\u00e7\u00f5es tecnol\u00f3gicas que atendam \u00e0s necessidades de diferentes \u00e1reas profissionais, como medicina, administra\u00e7\u00e3o, psicologia e engenharia.<\/p>\n\n\n\n<p>Durante o evento, os alunos tiveram que realizar uma apresenta\u00e7\u00e3o de 5 minutos por grupo, mostrando suas ideias para uma banca formada pelos docentes do curso de Engenharia de Software: Me. Anderson Soares Costa, Me. F\u00e1bio de Ara\u00fajo Leite e Me. Danilo de Farias Reis Evangelista. A banca tamb\u00e9m contou com a participa\u00e7\u00e3o do Dr. Ant\u00f4nio Carlos Leal Cortez, Diretor da InLearning Tecnologia Aplicada, S\u00f3cio da Associa\u00e7\u00e3o Brasileira de Empresas de Software-ABES e Membro da comiss\u00e3o de Startups da ABES. A banca avaliou os projetos e a viabilidade da execu\u00e7\u00e3o das ideias, dando direcionamentos para o aprimoramento de cada uma.<\/p>\n\n\n\n<p>A proposta do Ideathon tamb\u00e9m promoveu a colabora\u00e7\u00e3o interdisciplinar, possibilitando que os participantes explorassem novas perspectivas e aplicassem conhecimentos em um ambiente multiprofissional. Dessa forma, os estudantes tiveram a oportunidade de vivenciar desafios reais do mercado de trabalho, ampliando sua capacidade de pensar de forma cr\u00edtica e inovadora.<\/p>\n\n\n\n<figure class=\"wp-block-image size-large\"><img fetchpriority=\"high\" decoding=\"async\" width=\"2048\" height=\"1152\" src=\"https:\/\/unifsa.com.br\/site\/wp-content\/uploads\/2024\/12\/IMG_1527-edited.jpeg\" alt=\"\" class=\"wp-image-37378\" srcset=\"https:\/\/unifsa.com.br\/site\/wp-content\/uploads\/2024\/12\/IMG_1527-edited.jpeg 2048w, https:\/\/unifsa.com.br\/site\/wp-content\/uploads\/2024\/12\/IMG_1527-edited-300x169.jpeg 300w, https:\/\/unifsa.com.br\/site\/wp-content\/uploads\/2024\/12\/IMG_1527-edited-1024x576.jpeg 1024w, https:\/\/unifsa.com.br\/site\/wp-content\/uploads\/2024\/12\/IMG_1527-edited-768x432.jpeg 768w, https:\/\/unifsa.com.br\/site\/wp-content\/uploads\/2024\/12\/IMG_1527-edited-1536x864.jpeg 1536w\" sizes=\"(max-width: 2048px) 100vw, 2048px\" \/><\/figure>\n\n\n\n<div style=\"height:15px\" aria-hidden=\"true\" class=\"wp-block-spacer\"><\/div>\n\n\n\n<blockquote class=\"wp-block-quote is-layout-flow wp-block-quote-is-layout-flow\">\n<p>\u201cNo Ideathon, participamos como mentor: A Mentoria para Startups trata-se de uma oportunidade de desenvolver sua ideia de neg\u00f3cio ou avan\u00e7ar o grau de maturidade de sua Startup.&#8221;<\/p>\n<cite>Dr. Ant\u00f4nio Carlos Leal Cortez, Docente do UNIFSA e S\u00f3cio da Associa\u00e7\u00e3o Brasileira de Empresas de Software-ABES.<\/cite><\/blockquote>\n\n\n\n<p>Al\u00e9m de incentivar a criatividade, a atividade buscou fortalecer habilidades fundamentais para o desenvolvimento na \u00e1rea de tecnologia, como trabalho em equipe, gest\u00e3o de projetos, resolu\u00e7\u00e3o de problemas e comunica\u00e7\u00e3o. A troca de experi\u00eancias entre os alunos de diferentes cursos foi um dos pontos altos do evento, enriquecendo o processo de aprendizagem e gerando solu\u00e7\u00f5es diversificadas e efetivas.<\/p>\n\n\n\n<blockquote class=\"wp-block-quote is-layout-flow wp-block-quote-is-layout-flow\">\n<p>\u201cA realiza\u00e7\u00e3o do Ideathon reflete nosso compromisso em preparar os alunos para desafios reais, incentivando a inova\u00e7\u00e3o e o trabalho colaborativo em um contexto multiprofissional. Foi gratificante ver a dedica\u00e7\u00e3o dos estudantes em criar solu\u00e7\u00f5es tecnol\u00f3gicas que impactam diferentes \u00e1reas do conhecimento.\u201d<\/p>\n<cite>Profa. Ma. Am\u00e9lia Ac\u00e1cia, Coordenadora do curso de Engenharia de Software.<\/cite><\/blockquote>\n\n\n\n<h3 class=\"wp-block-heading\">Confira os registros da atividade<\/h3>\n\n\n\n<div style=\"height:10px\" aria-hidden=\"true\" class=\"wp-block-spacer\"><\/div>\n\n\n\n<figure class=\"wp-block-gallery has-nested-images columns-default is-cropped wp-block-gallery-1 is-layout-flex wp-block-gallery-is-layout-flex\">\n<figure class=\"wp-block-image size-large\"><img decoding=\"async\" width=\"1024\" height=\"768\" data-id=\"37355\" src=\"https:\/\/unifsa.com.br\/site\/wp-content\/uploads\/2024\/12\/IMG_1539-1024x768.jpeg\" alt=\"\" class=\"wp-image-37355\" srcset=\"https:\/\/unifsa.com.br\/site\/wp-content\/uploads\/2024\/12\/IMG_1539-1024x768.jpeg 1024w, https:\/\/unifsa.com.br\/site\/wp-content\/uploads\/2024\/12\/IMG_1539-300x225.jpeg 300w, https:\/\/unifsa.com.br\/site\/wp-content\/uploads\/2024\/12\/IMG_1539-768x576.jpeg 768w, https:\/\/unifsa.com.br\/site\/wp-content\/uploads\/2024\/12\/IMG_1539-1536x1152.jpeg 1536w, https:\/\/unifsa.com.br\/site\/wp-content\/uploads\/2024\/12\/IMG_1539.jpeg 2048w\" sizes=\"(max-width: 1024px) 100vw, 1024px\" \/><\/figure>\n\n\n\n<figure class=\"wp-block-image size-large\"><img decoding=\"async\" width=\"1024\" height=\"768\" data-id=\"37354\" src=\"https:\/\/unifsa.com.br\/site\/wp-content\/uploads\/2024\/12\/IMG_1542-1024x768.jpeg\" alt=\"\" class=\"wp-image-37354\" srcset=\"https:\/\/unifsa.com.br\/site\/wp-content\/uploads\/2024\/12\/IMG_1542-1024x768.jpeg 1024w, https:\/\/unifsa.com.br\/site\/wp-content\/uploads\/2024\/12\/IMG_1542-300x225.jpeg 300w, https:\/\/unifsa.com.br\/site\/wp-content\/uploads\/2024\/12\/IMG_1542-768x576.jpeg 768w, https:\/\/unifsa.com.br\/site\/wp-content\/uploads\/2024\/12\/IMG_1542-1536x1152.jpeg 1536w, https:\/\/unifsa.com.br\/site\/wp-content\/uploads\/2024\/12\/IMG_1542.jpeg 2048w\" sizes=\"(max-width: 1024px) 100vw, 1024px\" \/><\/figure>\n\n\n\n<figure class=\"wp-block-image size-large\"><img loading=\"lazy\" decoding=\"async\" width=\"1024\" height=\"576\" data-id=\"37356\" src=\"https:\/\/unifsa.com.br\/site\/wp-content\/uploads\/2024\/12\/IMG_1556-1024x576.jpeg\" alt=\"\" class=\"wp-image-37356\" srcset=\"https:\/\/unifsa.com.br\/site\/wp-content\/uploads\/2024\/12\/IMG_1556-1024x576.jpeg 1024w, https:\/\/unifsa.com.br\/site\/wp-content\/uploads\/2024\/12\/IMG_1556-300x169.jpeg 300w, https:\/\/unifsa.com.br\/site\/wp-content\/uploads\/2024\/12\/IMG_1556-768x432.jpeg 768w, https:\/\/unifsa.com.br\/site\/wp-content\/uploads\/2024\/12\/IMG_1556-1536x864.jpeg 1536w, https:\/\/unifsa.com.br\/site\/wp-content\/uploads\/2024\/12\/IMG_1556-2048x1152.jpeg 2048w\" sizes=\"(max-width: 1024px) 100vw, 1024px\" \/><\/figure>\n\n\n\n<figure class=\"wp-block-image size-large\"><img loading=\"lazy\" decoding=\"async\" width=\"1024\" height=\"768\" data-id=\"37357\" src=\"https:\/\/unifsa.com.br\/site\/wp-content\/uploads\/2024\/12\/IMG_1540-1024x768.jpeg\" alt=\"\" class=\"wp-image-37357\" srcset=\"https:\/\/unifsa.com.br\/site\/wp-content\/uploads\/2024\/12\/IMG_1540-1024x768.jpeg 1024w, https:\/\/unifsa.com.br\/site\/wp-content\/uploads\/2024\/12\/IMG_1540-300x225.jpeg 300w, https:\/\/unifsa.com.br\/site\/wp-content\/uploads\/2024\/12\/IMG_1540-768x576.jpeg 768w, https:\/\/unifsa.com.br\/site\/wp-content\/uploads\/2024\/12\/IMG_1540-1536x1152.jpeg 1536w, https:\/\/unifsa.com.br\/site\/wp-content\/uploads\/2024\/12\/IMG_1540.jpeg 2048w\" sizes=\"(max-width: 1024px) 100vw, 1024px\" \/><\/figure>\n<\/figure>\n\n\n\n<div style=\"height:10px\" aria-hidden=\"true\" class=\"wp-block-spacer\"><\/div>\n\n\n\n<figure class=\"wp-block-image size-large\"><img loading=\"lazy\" decoding=\"async\" width=\"1024\" height=\"576\" src=\"https:\/\/unifsa.com.br\/site\/wp-content\/uploads\/2024\/12\/IMG_1523-1-1024x576.jpeg\" alt=\"\" class=\"wp-image-37363\" srcset=\"https:\/\/unifsa.com.br\/site\/wp-content\/uploads\/2024\/12\/IMG_1523-1-1024x576.jpeg 1024w, https:\/\/unifsa.com.br\/site\/wp-content\/uploads\/2024\/12\/IMG_1523-1-300x169.jpeg 300w, https:\/\/unifsa.com.br\/site\/wp-content\/uploads\/2024\/12\/IMG_1523-1-768x432.jpeg 768w, https:\/\/unifsa.com.br\/site\/wp-content\/uploads\/2024\/12\/IMG_1523-1-1536x864.jpeg 1536w, https:\/\/unifsa.com.br\/site\/wp-content\/uploads\/2024\/12\/IMG_1523-1-2048x1152.jpeg 2048w\" sizes=\"(max-width: 1024px) 100vw, 1024px\" \/><\/figure>\n\n\n\n<div style=\"height:15px\" aria-hidden=\"true\" class=\"wp-block-spacer\"><\/div>\n\n\n\n<div class=\"wp-block-buttons is-content-justification-center is-layout-flex wp-container-core-buttons-is-layout-16018d1d wp-block-buttons-is-layout-flex\">\n<div class=\"wp-block-button is-style-outline is-style-outline--2\"><a class=\"wp-block-button__link has-white-color has-text-color has-background has-link-color has-text-align-center wp-element-button\" href=\"https:\/\/unifsa.com.br\/site\/curso\/engenharia-de-software\/\" style=\"background-color:#0b3a53\" target=\"_blank\" rel=\"noreferrer noopener\"><strong>Saiba mais sobre o curso de Engenharia de Software<\/strong><\/a><\/div>\n<\/div>\n\n\n\n<p><\/p>\n","protected":false},"excerpt":{"rendered":"<p>O Centro Universit\u00e1rio Santo Agostinho, por meio do curso de Engenharia de Software, realizou no dia 29 de novembro o primeiro Ideathon Multidisciplinar \u2013 Inova\u00e7\u00e3o em Contextos Multiprofissionais. A atividade teve como principal objetivo estimular a criatividade e a inova\u00e7\u00e3o dos alunos, desafiando-os a desenvolver solu\u00e7\u00f5es tecnol\u00f3gicas que atendam \u00e0s necessidades de diferentes \u00e1reas profissionais,<\/p>\n","protected":false},"author":12,"featured_media":37351,"comment_status":"closed","ping_status":"open","sticky":false,"template":"","format":"standard","meta":{"_acf_changed":false,"footnotes":""},"categories":[6,1531,1674],"tags":[1828],"class_list":["post-37341","post","type-post","status-publish","format-standard","has-post-thumbnail","hentry","category-acontece-na-unifsa","category-engenharia-de-software","category-eventos","tag-ideathon"],"acf":[],"yoast_head":"<!-- This site is optimized with the Yoast SEO plugin v26.5 - https:\/\/yoast.com\/wordpress\/plugins\/seo\/ -->\n<title>Engenharia de Software do UNIFSA Promove Primeiro Ideathon Multidisciplinar - Centro Universit\u00e1rio Santo Agostinho - UNIFSA<\/title>\n<meta name=\"robots\" content=\"index, follow, max-snippet:-1, max-image-preview:large, max-video-preview:-1\" \/>\n<link rel=\"canonical\" href=\"https:\/\/unifsa.com.br\/site\/engenharia-de-software-do-unifsa-promove-primeiro-ideathon-multidisciplinar\/\" \/>\n<meta property=\"og:locale\" content=\"pt_BR\" \/>\n<meta property=\"og:type\" content=\"article\" \/>\n<meta property=\"og:title\" content=\"Engenharia de Software do UNIFSA Promove Primeiro Ideathon Multidisciplinar - Centro Universit\u00e1rio Santo Agostinho - UNIFSA\" \/>\n<meta property=\"og:description\" content=\"O Centro Universit\u00e1rio Santo Agostinho, por meio do curso de Engenharia de Software, realizou no dia 29 de novembro o primeiro Ideathon Multidisciplinar \u2013 Inova\u00e7\u00e3o em Contextos Multiprofissionais. A atividade teve como principal objetivo estimular a criatividade e a inova\u00e7\u00e3o dos alunos, desafiando-os a desenvolver solu\u00e7\u00f5es tecnol\u00f3gicas que atendam \u00e0s necessidades de diferentes \u00e1reas profissionais,\" \/>\n<meta property=\"og:url\" content=\"https:\/\/unifsa.com.br\/site\/engenharia-de-software-do-unifsa-promove-primeiro-ideathon-multidisciplinar\/\" \/>\n<meta property=\"og:site_name\" content=\"Centro Universit\u00e1rio Santo Agostinho - UNIFSA\" \/>\n<meta property=\"article:publisher\" content=\"https:\/\/www.facebook.com\/unifsa\/\" \/>\n<meta property=\"article:published_time\" content=\"2024-12-06T23:22:46+00:00\" \/>\n<meta property=\"article:modified_time\" content=\"2024-12-09T19:18:43+00:00\" \/>\n<meta property=\"og:image\" content=\"https:\/\/unifsa.com.br\/site\/wp-content\/uploads\/2024\/12\/IMG_1534.jpeg\" \/>\n\t<meta property=\"og:image:width\" content=\"2364\" \/>\n\t<meta property=\"og:image:height\" content=\"1330\" \/>\n\t<meta property=\"og:image:type\" content=\"image\/jpeg\" \/>\n<meta name=\"author\" content=\"Estev\u00e3o Leite Cordeiro de Souza\" \/>\n<meta name=\"twitter:card\" content=\"summary_large_image\" \/>\n<meta name=\"twitter:label1\" content=\"Escrito por\" \/>\n\t<meta name=\"twitter:data1\" content=\"Estev\u00e3o Leite Cordeiro de Souza\" \/>\n\t<meta name=\"twitter:label2\" content=\"Est. tempo de leitura\" \/>\n\t<meta name=\"twitter:data2\" content=\"3 minutos\" \/>\n<script type=\"application\/ld+json\" class=\"yoast-schema-graph\">{\"@context\":\"https:\/\/schema.org\",\"@graph\":[{\"@type\":\"Article\",\"@id\":\"https:\/\/unifsa.com.br\/site\/engenharia-de-software-do-unifsa-promove-primeiro-ideathon-multidisciplinar\/#article\",\"isPartOf\":{\"@id\":\"https:\/\/unifsa.com.br\/site\/engenharia-de-software-do-unifsa-promove-primeiro-ideathon-multidisciplinar\/\"},\"author\":{\"name\":\"Estev\u00e3o Leite Cordeiro de Souza\",\"@id\":\"https:\/\/unifsa.com.br\/site\/#\/schema\/person\/459d6944d25bd72102b031eb886c7cbf\"},\"headline\":\"Engenharia de Software do UNIFSA Promove Primeiro Ideathon Multidisciplinar\",\"datePublished\":\"2024-12-06T23:22:46+00:00\",\"dateModified\":\"2024-12-09T19:18:43+00:00\",\"mainEntityOfPage\":{\"@id\":\"https:\/\/unifsa.com.br\/site\/engenharia-de-software-do-unifsa-promove-primeiro-ideathon-multidisciplinar\/\"},\"wordCount\":422,\"publisher\":{\"@id\":\"https:\/\/unifsa.com.br\/site\/#organization\"},\"image\":{\"@id\":\"https:\/\/unifsa.com.br\/site\/engenharia-de-software-do-unifsa-promove-primeiro-ideathon-multidisciplinar\/#primaryimage\"},\"thumbnailUrl\":\"https:\/\/unifsa.com.br\/site\/wp-content\/uploads\/2024\/12\/IMG_1534.jpeg\",\"keywords\":[\"Ideathon\"],\"articleSection\":[\"Acontece na UNIFSA\",\"Engenharia de Software\",\"Eventos\"],\"inLanguage\":\"pt-BR\"},{\"@type\":\"WebPage\",\"@id\":\"https:\/\/unifsa.com.br\/site\/engenharia-de-software-do-unifsa-promove-primeiro-ideathon-multidisciplinar\/\",\"url\":\"https:\/\/unifsa.com.br\/site\/engenharia-de-software-do-unifsa-promove-primeiro-ideathon-multidisciplinar\/\",\"name\":\"Engenharia de Software do UNIFSA Promove Primeiro Ideathon Multidisciplinar - Centro Universit\u00e1rio Santo Agostinho - UNIFSA\",\"isPartOf\":{\"@id\":\"https:\/\/unifsa.com.br\/site\/#website\"},\"primaryImageOfPage\":{\"@id\":\"https:\/\/unifsa.com.br\/site\/engenharia-de-software-do-unifsa-promove-primeiro-ideathon-multidisciplinar\/#primaryimage\"},\"image\":{\"@id\":\"https:\/\/unifsa.com.br\/site\/engenharia-de-software-do-unifsa-promove-primeiro-ideathon-multidisciplinar\/#primaryimage\"},\"thumbnailUrl\":\"https:\/\/unifsa.com.br\/site\/wp-content\/uploads\/2024\/12\/IMG_1534.jpeg\",\"datePublished\":\"2024-12-06T23:22:46+00:00\",\"dateModified\":\"2024-12-09T19:18:43+00:00\",\"breadcrumb\":{\"@id\":\"https:\/\/unifsa.com.br\/site\/engenharia-de-software-do-unifsa-promove-primeiro-ideathon-multidisciplinar\/#breadcrumb\"},\"inLanguage\":\"pt-BR\",\"potentialAction\":[{\"@type\":\"ReadAction\",\"target\":[\"https:\/\/unifsa.com.br\/site\/engenharia-de-software-do-unifsa-promove-primeiro-ideathon-multidisciplinar\/\"]}]},{\"@type\":\"ImageObject\",\"inLanguage\":\"pt-BR\",\"@id\":\"https:\/\/unifsa.com.br\/site\/engenharia-de-software-do-unifsa-promove-primeiro-ideathon-multidisciplinar\/#primaryimage\",\"url\":\"https:\/\/unifsa.com.br\/site\/wp-content\/uploads\/2024\/12\/IMG_1534.jpeg\",\"contentUrl\":\"https:\/\/unifsa.com.br\/site\/wp-content\/uploads\/2024\/12\/IMG_1534.jpeg\",\"width\":2364,\"height\":1330},{\"@type\":\"BreadcrumbList\",\"@id\":\"https:\/\/unifsa.com.br\/site\/engenharia-de-software-do-unifsa-promove-primeiro-ideathon-multidisciplinar\/#breadcrumb\",\"itemListElement\":[{\"@type\":\"ListItem\",\"position\":1,\"name\":\"In\u00edcio\",\"item\":\"https:\/\/unifsa.com.br\/site\/\"},{\"@type\":\"ListItem\",\"position\":2,\"name\":\"Engenharia de Software do UNIFSA Promove Primeiro Ideathon Multidisciplinar\"}]},{\"@type\":\"WebSite\",\"@id\":\"https:\/\/unifsa.com.br\/site\/#website\",\"url\":\"https:\/\/unifsa.com.br\/site\/\",\"name\":\"Centro Universit\u00e1rio Santo Agostinho - UNIFSA\",\"description\":\"Conhecimento para toda a vida\",\"publisher\":{\"@id\":\"https:\/\/unifsa.com.br\/site\/#organization\"},\"potentialAction\":[{\"@type\":\"SearchAction\",\"target\":{\"@type\":\"EntryPoint\",\"urlTemplate\":\"https:\/\/unifsa.com.br\/site\/?s={search_term_string}\"},\"query-input\":{\"@type\":\"PropertyValueSpecification\",\"valueRequired\":true,\"valueName\":\"search_term_string\"}}],\"inLanguage\":\"pt-BR\"},{\"@type\":\"Organization\",\"@id\":\"https:\/\/unifsa.com.br\/site\/#organization\",\"name\":\"Centro Universit\u00e1rio Santo Agostinho - UNIFSA\",\"url\":\"https:\/\/unifsa.com.br\/site\/\",\"logo\":{\"@type\":\"ImageObject\",\"inLanguage\":\"pt-BR\",\"@id\":\"https:\/\/unifsa.com.br\/site\/#\/schema\/logo\/image\/\",\"url\":\"https:\/\/unifsa.com.br\/site\/wp-content\/uploads\/2023\/03\/MARCA-UNIFSA-CIC23-q2apjs1mt975cf1wl25b044coj90fwoiee1kya6800.png\",\"contentUrl\":\"https:\/\/unifsa.com.br\/site\/wp-content\/uploads\/2023\/03\/MARCA-UNIFSA-CIC23-q2apjs1mt975cf1wl25b044coj90fwoiee1kya6800.png\",\"width\":103,\"height\":100,\"caption\":\"Centro Universit\u00e1rio Santo Agostinho - UNIFSA\"},\"image\":{\"@id\":\"https:\/\/unifsa.com.br\/site\/#\/schema\/logo\/image\/\"},\"sameAs\":[\"https:\/\/www.facebook.com\/unifsa\/\",\"https:\/\/www.instagram.com\/unifsa\/\"]},{\"@type\":\"Person\",\"@id\":\"https:\/\/unifsa.com.br\/site\/#\/schema\/person\/459d6944d25bd72102b031eb886c7cbf\",\"name\":\"Estev\u00e3o Leite Cordeiro de Souza\",\"image\":{\"@type\":\"ImageObject\",\"inLanguage\":\"pt-BR\",\"@id\":\"https:\/\/unifsa.com.br\/site\/#\/schema\/person\/image\/\",\"url\":\"https:\/\/secure.gravatar.com\/avatar\/b381626173a0b440e86662336f5d92704de1b8100a4cb5a34d6466804eb5c336?s=96&d=mm&r=g\",\"contentUrl\":\"https:\/\/secure.gravatar.com\/avatar\/b381626173a0b440e86662336f5d92704de1b8100a4cb5a34d6466804eb5c336?s=96&d=mm&r=g\",\"caption\":\"Estev\u00e3o Leite Cordeiro de Souza\"},\"url\":\"https:\/\/unifsa.com.br\/site\/author\/estevaocordeiro\/\"}]}<\/script>\n<!-- \/ Yoast SEO plugin. -->","yoast_head_json":{"title":"Engenharia de Software do UNIFSA Promove Primeiro Ideathon Multidisciplinar - Centro Universit\u00e1rio Santo Agostinho - UNIFSA","robots":{"index":"index","follow":"follow","max-snippet":"max-snippet:-1","max-image-preview":"max-image-preview:large","max-video-preview":"max-video-preview:-1"},"canonical":"https:\/\/unifsa.com.br\/site\/engenharia-de-software-do-unifsa-promove-primeiro-ideathon-multidisciplinar\/","og_locale":"pt_BR","og_type":"article","og_title":"Engenharia de Software do UNIFSA Promove Primeiro Ideathon Multidisciplinar - Centro Universit\u00e1rio Santo Agostinho - UNIFSA","og_description":"O Centro Universit\u00e1rio Santo Agostinho, por meio do curso de Engenharia de Software, realizou no dia 29 de novembro o primeiro Ideathon Multidisciplinar \u2013 Inova\u00e7\u00e3o em Contextos Multiprofissionais. A atividade teve como principal objetivo estimular a criatividade e a inova\u00e7\u00e3o dos alunos, desafiando-os a desenvolver solu\u00e7\u00f5es tecnol\u00f3gicas que atendam \u00e0s necessidades de diferentes \u00e1reas profissionais,","og_url":"https:\/\/unifsa.com.br\/site\/engenharia-de-software-do-unifsa-promove-primeiro-ideathon-multidisciplinar\/","og_site_name":"Centro Universit\u00e1rio Santo Agostinho - UNIFSA","article_publisher":"https:\/\/www.facebook.com\/unifsa\/","article_published_time":"2024-12-06T23:22:46+00:00","article_modified_time":"2024-12-09T19:18:43+00:00","og_image":[{"width":2364,"height":1330,"url":"https:\/\/unifsa.com.br\/site\/wp-content\/uploads\/2024\/12\/IMG_1534.jpeg","type":"image\/jpeg"}],"author":"Estev\u00e3o Leite Cordeiro de Souza","twitter_card":"summary_large_image","twitter_misc":{"Escrito por":"Estev\u00e3o Leite Cordeiro de Souza","Est. tempo de leitura":"3 minutos"},"schema":{"@context":"https:\/\/schema.org","@graph":[{"@type":"Article","@id":"https:\/\/unifsa.com.br\/site\/engenharia-de-software-do-unifsa-promove-primeiro-ideathon-multidisciplinar\/#article","isPartOf":{"@id":"https:\/\/unifsa.com.br\/site\/engenharia-de-software-do-unifsa-promove-primeiro-ideathon-multidisciplinar\/"},"author":{"name":"Estev\u00e3o Leite Cordeiro de Souza","@id":"https:\/\/unifsa.com.br\/site\/#\/schema\/person\/459d6944d25bd72102b031eb886c7cbf"},"headline":"Engenharia de Software do UNIFSA Promove Primeiro Ideathon Multidisciplinar","datePublished":"2024-12-06T23:22:46+00:00","dateModified":"2024-12-09T19:18:43+00:00","mainEntityOfPage":{"@id":"https:\/\/unifsa.com.br\/site\/engenharia-de-software-do-unifsa-promove-primeiro-ideathon-multidisciplinar\/"},"wordCount":422,"publisher":{"@id":"https:\/\/unifsa.com.br\/site\/#organization"},"image":{"@id":"https:\/\/unifsa.com.br\/site\/engenharia-de-software-do-unifsa-promove-primeiro-ideathon-multidisciplinar\/#primaryimage"},"thumbnailUrl":"https:\/\/unifsa.com.br\/site\/wp-content\/uploads\/2024\/12\/IMG_1534.jpeg","keywords":["Ideathon"],"articleSection":["Acontece na UNIFSA","Engenharia de Software","Eventos"],"inLanguage":"pt-BR"},{"@type":"WebPage","@id":"https:\/\/unifsa.com.br\/site\/engenharia-de-software-do-unifsa-promove-primeiro-ideathon-multidisciplinar\/","url":"https:\/\/unifsa.com.br\/site\/engenharia-de-software-do-unifsa-promove-primeiro-ideathon-multidisciplinar\/","name":"Engenharia de Software do UNIFSA Promove Primeiro Ideathon Multidisciplinar - Centro Universit\u00e1rio Santo Agostinho - UNIFSA","isPartOf":{"@id":"https:\/\/unifsa.com.br\/site\/#website"},"primaryImageOfPage":{"@id":"https:\/\/unifsa.com.br\/site\/engenharia-de-software-do-unifsa-promove-primeiro-ideathon-multidisciplinar\/#primaryimage"},"image":{"@id":"https:\/\/unifsa.com.br\/site\/engenharia-de-software-do-unifsa-promove-primeiro-ideathon-multidisciplinar\/#primaryimage"},"thumbnailUrl":"https:\/\/unifsa.com.br\/site\/wp-content\/uploads\/2024\/12\/IMG_1534.jpeg","datePublished":"2024-12-06T23:22:46+00:00","dateModified":"2024-12-09T19:18:43+00:00","breadcrumb":{"@id":"https:\/\/unifsa.com.br\/site\/engenharia-de-software-do-unifsa-promove-primeiro-ideathon-multidisciplinar\/#breadcrumb"},"inLanguage":"pt-BR","potentialAction":[{"@type":"ReadAction","target":["https:\/\/unifsa.com.br\/site\/engenharia-de-software-do-unifsa-promove-primeiro-ideathon-multidisciplinar\/"]}]},{"@type":"ImageObject","inLanguage":"pt-BR","@id":"https:\/\/unifsa.com.br\/site\/engenharia-de-software-do-unifsa-promove-primeiro-ideathon-multidisciplinar\/#primaryimage","url":"https:\/\/unifsa.com.br\/site\/wp-content\/uploads\/2024\/12\/IMG_1534.jpeg","contentUrl":"https:\/\/unifsa.com.br\/site\/wp-content\/uploads\/2024\/12\/IMG_1534.jpeg","width":2364,"height":1330},{"@type":"BreadcrumbList","@id":"https:\/\/unifsa.com.br\/site\/engenharia-de-software-do-unifsa-promove-primeiro-ideathon-multidisciplinar\/#breadcrumb","itemListElement":[{"@type":"ListItem","position":1,"name":"In\u00edcio","item":"https:\/\/unifsa.com.br\/site\/"},{"@type":"ListItem","position":2,"name":"Engenharia de Software do UNIFSA Promove Primeiro Ideathon Multidisciplinar"}]},{"@type":"WebSite","@id":"https:\/\/unifsa.com.br\/site\/#website","url":"https:\/\/unifsa.com.br\/site\/","name":"Centro Universit\u00e1rio Santo Agostinho - UNIFSA","description":"Conhecimento para toda a vida","publisher":{"@id":"https:\/\/unifsa.com.br\/site\/#organization"},"potentialAction":[{"@type":"SearchAction","target":{"@type":"EntryPoint","urlTemplate":"https:\/\/unifsa.com.br\/site\/?s={search_term_string}"},"query-input":{"@type":"PropertyValueSpecification","valueRequired":true,"valueName":"search_term_string"}}],"inLanguage":"pt-BR"},{"@type":"Organization","@id":"https:\/\/unifsa.com.br\/site\/#organization","name":"Centro Universit\u00e1rio Santo Agostinho - UNIFSA","url":"https:\/\/unifsa.com.br\/site\/","logo":{"@type":"ImageObject","inLanguage":"pt-BR","@id":"https:\/\/unifsa.com.br\/site\/#\/schema\/logo\/image\/","url":"https:\/\/unifsa.com.br\/site\/wp-content\/uploads\/2023\/03\/MARCA-UNIFSA-CIC23-q2apjs1mt975cf1wl25b044coj90fwoiee1kya6800.png","contentUrl":"https:\/\/unifsa.com.br\/site\/wp-content\/uploads\/2023\/03\/MARCA-UNIFSA-CIC23-q2apjs1mt975cf1wl25b044coj90fwoiee1kya6800.png","width":103,"height":100,"caption":"Centro Universit\u00e1rio Santo Agostinho - UNIFSA"},"image":{"@id":"https:\/\/unifsa.com.br\/site\/#\/schema\/logo\/image\/"},"sameAs":["https:\/\/www.facebook.com\/unifsa\/","https:\/\/www.instagram.com\/unifsa\/"]},{"@type":"Person","@id":"https:\/\/unifsa.com.br\/site\/#\/schema\/person\/459d6944d25bd72102b031eb886c7cbf","name":"Estev\u00e3o Leite Cordeiro de Souza","image":{"@type":"ImageObject","inLanguage":"pt-BR","@id":"https:\/\/unifsa.com.br\/site\/#\/schema\/person\/image\/","url":"https:\/\/secure.gravatar.com\/avatar\/b381626173a0b440e86662336f5d92704de1b8100a4cb5a34d6466804eb5c336?s=96&d=mm&r=g","contentUrl":"https:\/\/secure.gravatar.com\/avatar\/b381626173a0b440e86662336f5d92704de1b8100a4cb5a34d6466804eb5c336?s=96&d=mm&r=g","caption":"Estev\u00e3o Leite Cordeiro de Souza"},"url":"https:\/\/unifsa.com.br\/site\/author\/estevaocordeiro\/"}]}},"_links":{"self":[{"href":"https:\/\/unifsa.com.br\/site\/wp-json\/wp\/v2\/posts\/37341","targetHints":{"allow":["GET"]}}],"collection":[{"href":"https:\/\/unifsa.com.br\/site\/wp-json\/wp\/v2\/posts"}],"about":[{"href":"https:\/\/unifsa.com.br\/site\/wp-json\/wp\/v2\/types\/post"}],"author":[{"embeddable":true,"href":"https:\/\/unifsa.com.br\/site\/wp-json\/wp\/v2\/users\/12"}],"replies":[{"embeddable":true,"href":"https:\/\/unifsa.com.br\/site\/wp-json\/wp\/v2\/comments?post=37341"}],"version-history":[{"count":17,"href":"https:\/\/unifsa.com.br\/site\/wp-json\/wp\/v2\/posts\/37341\/revisions"}],"predecessor-version":[{"id":37473,"href":"https:\/\/unifsa.com.br\/site\/wp-json\/wp\/v2\/posts\/37341\/revisions\/37473"}],"wp:featuredmedia":[{"embeddable":true,"href":"https:\/\/unifsa.com.br\/site\/wp-json\/wp\/v2\/media\/37351"}],"wp:attachment":[{"href":"https:\/\/unifsa.com.br\/site\/wp-json\/wp\/v2\/media?parent=37341"}],"wp:term":[{"taxonomy":"category","embeddable":true,"href":"https:\/\/unifsa.com.br\/site\/wp-json\/wp\/v2\/categories?post=37341"},{"taxonomy":"post_tag","embeddable":true,"href":"https:\/\/unifsa.com.br\/site\/wp-json\/wp\/v2\/tags?post=37341"}],"curies":[{"name":"wp","href":"https:\/\/api.w.org\/{rel}","templated":true}]}}