{"id":37099,"date":"2024-11-28T09:20:44","date_gmt":"2024-11-28T12:20:44","guid":{"rendered":"https:\/\/unifsa.com.br\/site\/?p=37099"},"modified":"2024-11-28T09:38:45","modified_gmt":"2024-11-28T12:38:45","slug":"unifsa-fortalece-parceria-com-o-mppi-em-prol-da-formacao-academica-e-cidada","status":"publish","type":"post","link":"https:\/\/unifsa.com.br\/site\/unifsa-fortalece-parceria-com-o-mppi-em-prol-da-formacao-academica-e-cidada\/","title":{"rendered":"UNIFSA fortalece parceria com o MPPI em prol da forma\u00e7\u00e3o acad\u00eamica e cidad\u00e3"},"content":{"rendered":"\n<p>A Professora Mestra Roberta Mara Ara\u00fajo, coordenadora de Extens\u00e3o e Monitoria do UNIFSA, representou o Centro Universit\u00e1rio Santo Agostinho em um importante encontro no Minist\u00e9rio P\u00fablico do Piau\u00ed (MPPI), realizado no dia 25 de novembro. A iniciativa faz parte do projeto \u201cConhecendo o MPPI\u201d, que busca aproximar o Minist\u00e9rio P\u00fablico do ambiente acad\u00eamico, promovendo a troca de conhecimentos e destacando o papel da institui\u00e7\u00e3o na defesa de quest\u00f5es de interesse p\u00fablico.<\/p>\n\n\n\n<figure class=\"wp-block-image size-large\"><img fetchpriority=\"high\" decoding=\"async\" width=\"1024\" height=\"742\" src=\"https:\/\/unifsa.com.br\/site\/wp-content\/uploads\/2024\/11\/WhatsApp-Image-2024-11-27-at-18.38.27_ROBERTA-MARA-ARAUJO-1024x742.jpeg\" alt=\"\" class=\"wp-image-37101\" srcset=\"https:\/\/unifsa.com.br\/site\/wp-content\/uploads\/2024\/11\/WhatsApp-Image-2024-11-27-at-18.38.27_ROBERTA-MARA-ARAUJO-1024x742.jpeg 1024w, https:\/\/unifsa.com.br\/site\/wp-content\/uploads\/2024\/11\/WhatsApp-Image-2024-11-27-at-18.38.27_ROBERTA-MARA-ARAUJO-300x217.jpeg 300w, https:\/\/unifsa.com.br\/site\/wp-content\/uploads\/2024\/11\/WhatsApp-Image-2024-11-27-at-18.38.27_ROBERTA-MARA-ARAUJO-768x556.jpeg 768w, https:\/\/unifsa.com.br\/site\/wp-content\/uploads\/2024\/11\/WhatsApp-Image-2024-11-27-at-18.38.27_ROBERTA-MARA-ARAUJO.jpeg 1280w\" sizes=\"(max-width: 1024px) 100vw, 1024px\" \/><\/figure>\n\n\n\n<p>Durante a visita, a professora Roberta destacou a relev\u00e2ncia da parceria para o fortalecimento da forma\u00e7\u00e3o acad\u00eamica dos estudantes do UNIFSA. \u201cEssa \u00e9 uma oportunidade \u00fanica de conectar nossos alunos com o trabalho realizado pelo Minist\u00e9rio P\u00fablico, ampliando suas perspectivas sobre cidadania, justi\u00e7a e direitos. Al\u00e9m disso, a parceria tem o potencial de enriquecer nossa extens\u00e3o universit\u00e1ria e as Atividades Complementares de Ensino (ACE), beneficiando diversos cursos como Direito, Arquitetura e Urbanismo, Medicina, Engenharias e Psicologia\u201d, afirmou.<\/p>\n\n\n\n<p>O projeto \u201cConhecendo o MPPI\u201d reflete um esfor\u00e7o conjunto para integrar as pr\u00e1ticas institucionais do Minist\u00e9rio P\u00fablico \u00e0 forma\u00e7\u00e3o acad\u00eamica, proporcionando aos estudantes experi\u00eancias que aliam teoria e pr\u00e1tica em benef\u00edcio da sociedade. Este encontro tamb\u00e9m fortalece os la\u00e7os entre o UNIFSA e o MPPI, refor\u00e7ando o compromisso do Centro Universit\u00e1rio Santo Agostinho com uma educa\u00e7\u00e3o humanizada e conectada com as demandas sociais.<\/p>\n\n\n\n<p>A parceria representa mais um passo na busca por uma forma\u00e7\u00e3o acad\u00eamica de excel\u00eancia, oferecendo aos alunos do UNIFSA viv\u00eancias que transcendem a sala de aula e preparam profissionais comprometidos com a transforma\u00e7\u00e3o social e a defesa dos direitos.<\/p>\n","protected":false},"excerpt":{"rendered":"<p>A Professora Mestra Roberta Mara Ara\u00fajo, coordenadora de Extens\u00e3o e Monitoria do UNIFSA, representou o Centro Universit\u00e1rio Santo Agostinho em um importante encontro no Minist\u00e9rio P\u00fablico do Piau\u00ed (MPPI), realizado no dia 25 de novembro. A iniciativa faz parte do projeto \u201cConhecendo o MPPI\u201d, que busca aproximar o Minist\u00e9rio P\u00fablico do ambiente acad\u00eamico, promovendo a<\/p>\n","protected":false},"author":1,"featured_media":37100,"comment_status":"closed","ping_status":"open","sticky":false,"template":"","format":"standard","meta":{"_acf_changed":false,"footnotes":""},"categories":[6,72],"tags":[],"class_list":["post-37099","post","type-post","status-publish","format-standard","has-post-thumbnail","hentry","category-acontece-na-unifsa","category-extensao"],"acf":[],"yoast_head":"<!-- This site is optimized with the Yoast SEO plugin v26.5 - https:\/\/yoast.com\/wordpress\/plugins\/seo\/ -->\n<title>UNIFSA fortalece parceria com o MPPI em prol da forma\u00e7\u00e3o acad\u00eamica e cidad\u00e3 - Centro Universit\u00e1rio Santo Agostinho - UNIFSA<\/title>\n<meta name=\"robots\" content=\"index, follow, max-snippet:-1, max-image-preview:large, max-video-preview:-1\" \/>\n<link rel=\"canonical\" href=\"https:\/\/unifsa.com.br\/site\/unifsa-fortalece-parceria-com-o-mppi-em-prol-da-formacao-academica-e-cidada\/\" \/>\n<meta property=\"og:locale\" content=\"pt_BR\" \/>\n<meta property=\"og:type\" content=\"article\" \/>\n<meta property=\"og:title\" content=\"UNIFSA fortalece parceria com o MPPI em prol da forma\u00e7\u00e3o acad\u00eamica e cidad\u00e3 - Centro Universit\u00e1rio Santo Agostinho - UNIFSA\" \/>\n<meta property=\"og:description\" content=\"A Professora Mestra Roberta Mara Ara\u00fajo, coordenadora de Extens\u00e3o e Monitoria do UNIFSA, representou o Centro Universit\u00e1rio Santo Agostinho em um importante encontro no Minist\u00e9rio P\u00fablico do Piau\u00ed (MPPI), realizado no dia 25 de novembro. A iniciativa faz parte do projeto \u201cConhecendo o MPPI\u201d, que busca aproximar o Minist\u00e9rio P\u00fablico do ambiente acad\u00eamico, promovendo a\" \/>\n<meta property=\"og:url\" content=\"https:\/\/unifsa.com.br\/site\/unifsa-fortalece-parceria-com-o-mppi-em-prol-da-formacao-academica-e-cidada\/\" \/>\n<meta property=\"og:site_name\" content=\"Centro Universit\u00e1rio Santo Agostinho - UNIFSA\" \/>\n<meta property=\"article:publisher\" content=\"https:\/\/www.facebook.com\/unifsa\/\" \/>\n<meta property=\"article:published_time\" content=\"2024-11-28T12:20:44+00:00\" \/>\n<meta property=\"article:modified_time\" content=\"2024-11-28T12:38:45+00:00\" \/>\n<meta property=\"og:image\" content=\"https:\/\/unifsa.com.br\/site\/wp-content\/uploads\/2024\/11\/WhatsApp-Image-2024-11-27-at-18.38.27-1_ROBERTA-MARA-ARAUJO.jpeg\" \/>\n\t<meta property=\"og:image:width\" content=\"1280\" \/>\n\t<meta property=\"og:image:height\" content=\"960\" \/>\n\t<meta property=\"og:image:type\" content=\"image\/jpeg\" \/>\n<meta name=\"author\" content=\"UNIFSA\" \/>\n<meta name=\"twitter:card\" content=\"summary_large_image\" \/>\n<meta name=\"twitter:label1\" content=\"Escrito por\" \/>\n\t<meta name=\"twitter:data1\" content=\"UNIFSA\" \/>\n\t<meta name=\"twitter:label2\" content=\"Est. tempo de leitura\" \/>\n\t<meta name=\"twitter:data2\" content=\"2 minutos\" \/>\n<script type=\"application\/ld+json\" class=\"yoast-schema-graph\">{\"@context\":\"https:\/\/schema.org\",\"@graph\":[{\"@type\":\"Article\",\"@id\":\"https:\/\/unifsa.com.br\/site\/unifsa-fortalece-parceria-com-o-mppi-em-prol-da-formacao-academica-e-cidada\/#article\",\"isPartOf\":{\"@id\":\"https:\/\/unifsa.com.br\/site\/unifsa-fortalece-parceria-com-o-mppi-em-prol-da-formacao-academica-e-cidada\/\"},\"author\":{\"name\":\"UNIFSA\",\"@id\":\"https:\/\/unifsa.com.br\/site\/#\/schema\/person\/6f5e8438b96168f9894cb9fe5816660f\"},\"headline\":\"UNIFSA fortalece parceria com o MPPI em prol da forma\u00e7\u00e3o acad\u00eamica e cidad\u00e3\",\"datePublished\":\"2024-11-28T12:20:44+00:00\",\"dateModified\":\"2024-11-28T12:38:45+00:00\",\"mainEntityOfPage\":{\"@id\":\"https:\/\/unifsa.com.br\/site\/unifsa-fortalece-parceria-com-o-mppi-em-prol-da-formacao-academica-e-cidada\/\"},\"wordCount\":301,\"publisher\":{\"@id\":\"https:\/\/unifsa.com.br\/site\/#organization\"},\"image\":{\"@id\":\"https:\/\/unifsa.com.br\/site\/unifsa-fortalece-parceria-com-o-mppi-em-prol-da-formacao-academica-e-cidada\/#primaryimage\"},\"thumbnailUrl\":\"https:\/\/unifsa.com.br\/site\/wp-content\/uploads\/2024\/11\/WhatsApp-Image-2024-11-27-at-18.38.27-1_ROBERTA-MARA-ARAUJO.jpeg\",\"articleSection\":[\"Acontece na UNIFSA\",\"Extens\u00e3o\"],\"inLanguage\":\"pt-BR\"},{\"@type\":\"WebPage\",\"@id\":\"https:\/\/unifsa.com.br\/site\/unifsa-fortalece-parceria-com-o-mppi-em-prol-da-formacao-academica-e-cidada\/\",\"url\":\"https:\/\/unifsa.com.br\/site\/unifsa-fortalece-parceria-com-o-mppi-em-prol-da-formacao-academica-e-cidada\/\",\"name\":\"UNIFSA fortalece parceria com o MPPI em prol da forma\u00e7\u00e3o acad\u00eamica e cidad\u00e3 - Centro Universit\u00e1rio Santo Agostinho - UNIFSA\",\"isPartOf\":{\"@id\":\"https:\/\/unifsa.com.br\/site\/#website\"},\"primaryImageOfPage\":{\"@id\":\"https:\/\/unifsa.com.br\/site\/unifsa-fortalece-parceria-com-o-mppi-em-prol-da-formacao-academica-e-cidada\/#primaryimage\"},\"image\":{\"@id\":\"https:\/\/unifsa.com.br\/site\/unifsa-fortalece-parceria-com-o-mppi-em-prol-da-formacao-academica-e-cidada\/#primaryimage\"},\"thumbnailUrl\":\"https:\/\/unifsa.com.br\/site\/wp-content\/uploads\/2024\/11\/WhatsApp-Image-2024-11-27-at-18.38.27-1_ROBERTA-MARA-ARAUJO.jpeg\",\"datePublished\":\"2024-11-28T12:20:44+00:00\",\"dateModified\":\"2024-11-28T12:38:45+00:00\",\"breadcrumb\":{\"@id\":\"https:\/\/unifsa.com.br\/site\/unifsa-fortalece-parceria-com-o-mppi-em-prol-da-formacao-academica-e-cidada\/#breadcrumb\"},\"inLanguage\":\"pt-BR\",\"potentialAction\":[{\"@type\":\"ReadAction\",\"target\":[\"https:\/\/unifsa.com.br\/site\/unifsa-fortalece-parceria-com-o-mppi-em-prol-da-formacao-academica-e-cidada\/\"]}]},{\"@type\":\"ImageObject\",\"inLanguage\":\"pt-BR\",\"@id\":\"https:\/\/unifsa.com.br\/site\/unifsa-fortalece-parceria-com-o-mppi-em-prol-da-formacao-academica-e-cidada\/#primaryimage\",\"url\":\"https:\/\/unifsa.com.br\/site\/wp-content\/uploads\/2024\/11\/WhatsApp-Image-2024-11-27-at-18.38.27-1_ROBERTA-MARA-ARAUJO.jpeg\",\"contentUrl\":\"https:\/\/unifsa.com.br\/site\/wp-content\/uploads\/2024\/11\/WhatsApp-Image-2024-11-27-at-18.38.27-1_ROBERTA-MARA-ARAUJO.jpeg\",\"width\":1280,\"height\":960},{\"@type\":\"BreadcrumbList\",\"@id\":\"https:\/\/unifsa.com.br\/site\/unifsa-fortalece-parceria-com-o-mppi-em-prol-da-formacao-academica-e-cidada\/#breadcrumb\",\"itemListElement\":[{\"@type\":\"ListItem\",\"position\":1,\"name\":\"In\u00edcio\",\"item\":\"https:\/\/unifsa.com.br\/site\/\"},{\"@type\":\"ListItem\",\"position\":2,\"name\":\"UNIFSA fortalece parceria com o MPPI em prol da forma\u00e7\u00e3o acad\u00eamica e cidad\u00e3\"}]},{\"@type\":\"WebSite\",\"@id\":\"https:\/\/unifsa.com.br\/site\/#website\",\"url\":\"https:\/\/unifsa.com.br\/site\/\",\"name\":\"Centro Universit\u00e1rio Santo Agostinho - UNIFSA\",\"description\":\"Conhecimento para toda a vida\",\"publisher\":{\"@id\":\"https:\/\/unifsa.com.br\/site\/#organization\"},\"potentialAction\":[{\"@type\":\"SearchAction\",\"target\":{\"@type\":\"EntryPoint\",\"urlTemplate\":\"https:\/\/unifsa.com.br\/site\/?s={search_term_string}\"},\"query-input\":{\"@type\":\"PropertyValueSpecification\",\"valueRequired\":true,\"valueName\":\"search_term_string\"}}],\"inLanguage\":\"pt-BR\"},{\"@type\":\"Organization\",\"@id\":\"https:\/\/unifsa.com.br\/site\/#organization\",\"name\":\"Centro Universit\u00e1rio Santo Agostinho - UNIFSA\",\"url\":\"https:\/\/unifsa.com.br\/site\/\",\"logo\":{\"@type\":\"ImageObject\",\"inLanguage\":\"pt-BR\",\"@id\":\"https:\/\/unifsa.com.br\/site\/#\/schema\/logo\/image\/\",\"url\":\"https:\/\/unifsa.com.br\/site\/wp-content\/uploads\/2023\/03\/MARCA-UNIFSA-CIC23-q2apjs1mt975cf1wl25b044coj90fwoiee1kya6800.png\",\"contentUrl\":\"https:\/\/unifsa.com.br\/site\/wp-content\/uploads\/2023\/03\/MARCA-UNIFSA-CIC23-q2apjs1mt975cf1wl25b044coj90fwoiee1kya6800.png\",\"width\":103,\"height\":100,\"caption\":\"Centro Universit\u00e1rio Santo Agostinho - UNIFSA\"},\"image\":{\"@id\":\"https:\/\/unifsa.com.br\/site\/#\/schema\/logo\/image\/\"},\"sameAs\":[\"https:\/\/www.facebook.com\/unifsa\/\",\"https:\/\/www.instagram.com\/unifsa\/\"]},{\"@type\":\"Person\",\"@id\":\"https:\/\/unifsa.com.br\/site\/#\/schema\/person\/6f5e8438b96168f9894cb9fe5816660f\",\"name\":\"UNIFSA\",\"image\":{\"@type\":\"ImageObject\",\"inLanguage\":\"pt-BR\",\"@id\":\"https:\/\/unifsa.com.br\/site\/#\/schema\/person\/image\/\",\"url\":\"https:\/\/secure.gravatar.com\/avatar\/3d1043775cda1d91d725491548f9b3a0909638e5fcbd418ee6b285ebfaa2ae59?s=96&d=mm&r=g\",\"contentUrl\":\"https:\/\/secure.gravatar.com\/avatar\/3d1043775cda1d91d725491548f9b3a0909638e5fcbd418ee6b285ebfaa2ae59?s=96&d=mm&r=g\",\"caption\":\"UNIFSA\"},\"url\":\"https:\/\/unifsa.com.br\/site\/author\/rogerbezerra\/\"}]}<\/script>\n<!-- \/ Yoast SEO plugin. -->","yoast_head_json":{"title":"UNIFSA fortalece parceria com o MPPI em prol da forma\u00e7\u00e3o acad\u00eamica e cidad\u00e3 - Centro Universit\u00e1rio Santo Agostinho - UNIFSA","robots":{"index":"index","follow":"follow","max-snippet":"max-snippet:-1","max-image-preview":"max-image-preview:large","max-video-preview":"max-video-preview:-1"},"canonical":"https:\/\/unifsa.com.br\/site\/unifsa-fortalece-parceria-com-o-mppi-em-prol-da-formacao-academica-e-cidada\/","og_locale":"pt_BR","og_type":"article","og_title":"UNIFSA fortalece parceria com o MPPI em prol da forma\u00e7\u00e3o acad\u00eamica e cidad\u00e3 - Centro Universit\u00e1rio Santo Agostinho - UNIFSA","og_description":"A Professora Mestra Roberta Mara Ara\u00fajo, coordenadora de Extens\u00e3o e Monitoria do UNIFSA, representou o Centro Universit\u00e1rio Santo Agostinho em um importante encontro no Minist\u00e9rio P\u00fablico do Piau\u00ed (MPPI), realizado no dia 25 de novembro. A iniciativa faz parte do projeto \u201cConhecendo o MPPI\u201d, que busca aproximar o Minist\u00e9rio P\u00fablico do ambiente acad\u00eamico, promovendo a","og_url":"https:\/\/unifsa.com.br\/site\/unifsa-fortalece-parceria-com-o-mppi-em-prol-da-formacao-academica-e-cidada\/","og_site_name":"Centro Universit\u00e1rio Santo Agostinho - UNIFSA","article_publisher":"https:\/\/www.facebook.com\/unifsa\/","article_published_time":"2024-11-28T12:20:44+00:00","article_modified_time":"2024-11-28T12:38:45+00:00","og_image":[{"width":1280,"height":960,"url":"https:\/\/unifsa.com.br\/site\/wp-content\/uploads\/2024\/11\/WhatsApp-Image-2024-11-27-at-18.38.27-1_ROBERTA-MARA-ARAUJO.jpeg","type":"image\/jpeg"}],"author":"UNIFSA","twitter_card":"summary_large_image","twitter_misc":{"Escrito por":"UNIFSA","Est. tempo de leitura":"2 minutos"},"schema":{"@context":"https:\/\/schema.org","@graph":[{"@type":"Article","@id":"https:\/\/unifsa.com.br\/site\/unifsa-fortalece-parceria-com-o-mppi-em-prol-da-formacao-academica-e-cidada\/#article","isPartOf":{"@id":"https:\/\/unifsa.com.br\/site\/unifsa-fortalece-parceria-com-o-mppi-em-prol-da-formacao-academica-e-cidada\/"},"author":{"name":"UNIFSA","@id":"https:\/\/unifsa.com.br\/site\/#\/schema\/person\/6f5e8438b96168f9894cb9fe5816660f"},"headline":"UNIFSA fortalece parceria com o MPPI em prol da forma\u00e7\u00e3o acad\u00eamica e cidad\u00e3","datePublished":"2024-11-28T12:20:44+00:00","dateModified":"2024-11-28T12:38:45+00:00","mainEntityOfPage":{"@id":"https:\/\/unifsa.com.br\/site\/unifsa-fortalece-parceria-com-o-mppi-em-prol-da-formacao-academica-e-cidada\/"},"wordCount":301,"publisher":{"@id":"https:\/\/unifsa.com.br\/site\/#organization"},"image":{"@id":"https:\/\/unifsa.com.br\/site\/unifsa-fortalece-parceria-com-o-mppi-em-prol-da-formacao-academica-e-cidada\/#primaryimage"},"thumbnailUrl":"https:\/\/unifsa.com.br\/site\/wp-content\/uploads\/2024\/11\/WhatsApp-Image-2024-11-27-at-18.38.27-1_ROBERTA-MARA-ARAUJO.jpeg","articleSection":["Acontece na UNIFSA","Extens\u00e3o"],"inLanguage":"pt-BR"},{"@type":"WebPage","@id":"https:\/\/unifsa.com.br\/site\/unifsa-fortalece-parceria-com-o-mppi-em-prol-da-formacao-academica-e-cidada\/","url":"https:\/\/unifsa.com.br\/site\/unifsa-fortalece-parceria-com-o-mppi-em-prol-da-formacao-academica-e-cidada\/","name":"UNIFSA fortalece parceria com o MPPI em prol da forma\u00e7\u00e3o acad\u00eamica e cidad\u00e3 - Centro Universit\u00e1rio Santo Agostinho - UNIFSA","isPartOf":{"@id":"https:\/\/unifsa.com.br\/site\/#website"},"primaryImageOfPage":{"@id":"https:\/\/unifsa.com.br\/site\/unifsa-fortalece-parceria-com-o-mppi-em-prol-da-formacao-academica-e-cidada\/#primaryimage"},"image":{"@id":"https:\/\/unifsa.com.br\/site\/unifsa-fortalece-parceria-com-o-mppi-em-prol-da-formacao-academica-e-cidada\/#primaryimage"},"thumbnailUrl":"https:\/\/unifsa.com.br\/site\/wp-content\/uploads\/2024\/11\/WhatsApp-Image-2024-11-27-at-18.38.27-1_ROBERTA-MARA-ARAUJO.jpeg","datePublished":"2024-11-28T12:20:44+00:00","dateModified":"2024-11-28T12:38:45+00:00","breadcrumb":{"@id":"https:\/\/unifsa.com.br\/site\/unifsa-fortalece-parceria-com-o-mppi-em-prol-da-formacao-academica-e-cidada\/#breadcrumb"},"inLanguage":"pt-BR","potentialAction":[{"@type":"ReadAction","target":["https:\/\/unifsa.com.br\/site\/unifsa-fortalece-parceria-com-o-mppi-em-prol-da-formacao-academica-e-cidada\/"]}]},{"@type":"ImageObject","inLanguage":"pt-BR","@id":"https:\/\/unifsa.com.br\/site\/unifsa-fortalece-parceria-com-o-mppi-em-prol-da-formacao-academica-e-cidada\/#primaryimage","url":"https:\/\/unifsa.com.br\/site\/wp-content\/uploads\/2024\/11\/WhatsApp-Image-2024-11-27-at-18.38.27-1_ROBERTA-MARA-ARAUJO.jpeg","contentUrl":"https:\/\/unifsa.com.br\/site\/wp-content\/uploads\/2024\/11\/WhatsApp-Image-2024-11-27-at-18.38.27-1_ROBERTA-MARA-ARAUJO.jpeg","width":1280,"height":960},{"@type":"BreadcrumbList","@id":"https:\/\/unifsa.com.br\/site\/unifsa-fortalece-parceria-com-o-mppi-em-prol-da-formacao-academica-e-cidada\/#breadcrumb","itemListElement":[{"@type":"ListItem","position":1,"name":"In\u00edcio","item":"https:\/\/unifsa.com.br\/site\/"},{"@type":"ListItem","position":2,"name":"UNIFSA fortalece parceria com o MPPI em prol da forma\u00e7\u00e3o acad\u00eamica e cidad\u00e3"}]},{"@type":"WebSite","@id":"https:\/\/unifsa.com.br\/site\/#website","url":"https:\/\/unifsa.com.br\/site\/","name":"Centro Universit\u00e1rio Santo Agostinho - UNIFSA","description":"Conhecimento para toda a vida","publisher":{"@id":"https:\/\/unifsa.com.br\/site\/#organization"},"potentialAction":[{"@type":"SearchAction","target":{"@type":"EntryPoint","urlTemplate":"https:\/\/unifsa.com.br\/site\/?s={search_term_string}"},"query-input":{"@type":"PropertyValueSpecification","valueRequired":true,"valueName":"search_term_string"}}],"inLanguage":"pt-BR"},{"@type":"Organization","@id":"https:\/\/unifsa.com.br\/site\/#organization","name":"Centro Universit\u00e1rio Santo Agostinho - UNIFSA","url":"https:\/\/unifsa.com.br\/site\/","logo":{"@type":"ImageObject","inLanguage":"pt-BR","@id":"https:\/\/unifsa.com.br\/site\/#\/schema\/logo\/image\/","url":"https:\/\/unifsa.com.br\/site\/wp-content\/uploads\/2023\/03\/MARCA-UNIFSA-CIC23-q2apjs1mt975cf1wl25b044coj90fwoiee1kya6800.png","contentUrl":"https:\/\/unifsa.com.br\/site\/wp-content\/uploads\/2023\/03\/MARCA-UNIFSA-CIC23-q2apjs1mt975cf1wl25b044coj90fwoiee1kya6800.png","width":103,"height":100,"caption":"Centro Universit\u00e1rio Santo Agostinho - UNIFSA"},"image":{"@id":"https:\/\/unifsa.com.br\/site\/#\/schema\/logo\/image\/"},"sameAs":["https:\/\/www.facebook.com\/unifsa\/","https:\/\/www.instagram.com\/unifsa\/"]},{"@type":"Person","@id":"https:\/\/unifsa.com.br\/site\/#\/schema\/person\/6f5e8438b96168f9894cb9fe5816660f","name":"UNIFSA","image":{"@type":"ImageObject","inLanguage":"pt-BR","@id":"https:\/\/unifsa.com.br\/site\/#\/schema\/person\/image\/","url":"https:\/\/secure.gravatar.com\/avatar\/3d1043775cda1d91d725491548f9b3a0909638e5fcbd418ee6b285ebfaa2ae59?s=96&d=mm&r=g","contentUrl":"https:\/\/secure.gravatar.com\/avatar\/3d1043775cda1d91d725491548f9b3a0909638e5fcbd418ee6b285ebfaa2ae59?s=96&d=mm&r=g","caption":"UNIFSA"},"url":"https:\/\/unifsa.com.br\/site\/author\/rogerbezerra\/"}]}},"_links":{"self":[{"href":"https:\/\/unifsa.com.br\/site\/wp-json\/wp\/v2\/posts\/37099","targetHints":{"allow":["GET"]}}],"collection":[{"href":"https:\/\/unifsa.com.br\/site\/wp-json\/wp\/v2\/posts"}],"about":[{"href":"https:\/\/unifsa.com.br\/site\/wp-json\/wp\/v2\/types\/post"}],"author":[{"embeddable":true,"href":"https:\/\/unifsa.com.br\/site\/wp-json\/wp\/v2\/users\/1"}],"replies":[{"embeddable":true,"href":"https:\/\/unifsa.com.br\/site\/wp-json\/wp\/v2\/comments?post=37099"}],"version-history":[{"count":3,"href":"https:\/\/unifsa.com.br\/site\/wp-json\/wp\/v2\/posts\/37099\/revisions"}],"predecessor-version":[{"id":37105,"href":"https:\/\/unifsa.com.br\/site\/wp-json\/wp\/v2\/posts\/37099\/revisions\/37105"}],"wp:featuredmedia":[{"embeddable":true,"href":"https:\/\/unifsa.com.br\/site\/wp-json\/wp\/v2\/media\/37100"}],"wp:attachment":[{"href":"https:\/\/unifsa.com.br\/site\/wp-json\/wp\/v2\/media?parent=37099"}],"wp:term":[{"taxonomy":"category","embeddable":true,"href":"https:\/\/unifsa.com.br\/site\/wp-json\/wp\/v2\/categories?post=37099"},{"taxonomy":"post_tag","embeddable":true,"href":"https:\/\/unifsa.com.br\/site\/wp-json\/wp\/v2\/tags?post=37099"}],"curies":[{"name":"wp","href":"https:\/\/api.w.org\/{rel}","templated":true}]}}