{"id":36771,"date":"2024-11-11T11:51:17","date_gmt":"2024-11-11T14:51:17","guid":{"rendered":"https:\/\/unifsa.com.br\/site\/?p=36771"},"modified":"2024-11-11T11:51:19","modified_gmt":"2024-11-11T14:51:19","slug":"farmacia-realiza-acao-de-dia-da-orientacao-farmaceutica-na-area-de-convivencia-do-anexo-ii","status":"publish","type":"post","link":"https:\/\/unifsa.com.br\/site\/farmacia-realiza-acao-de-dia-da-orientacao-farmaceutica-na-area-de-convivencia-do-anexo-ii\/","title":{"rendered":"Farm\u00e1cia realiza a\u00e7\u00e3o de Dia da Orienta\u00e7\u00e3o Farmac\u00eautica na \u00e1rea de conviv\u00eancia do Anexo II"},"content":{"rendered":"\n<p class=\"texto-justificado\">O Centro Universit\u00e1rio Santo Agostinho, por meio da gradua\u00e7\u00e3o de Farm\u00e1cia, realizou uma <strong>a\u00e7\u00e3o em alus\u00e3o ao Dia da Orienta\u00e7\u00e3o Farmac\u00eautica<\/strong> nesta segunda-feira (11) na \u00c1rea de Conviv\u00eancia do pr\u00e9dio Anexo II. A atividade, que ocorreu das 9h \u00e0s 11h, foi monitorada pelas docentes Dra. Alessandra Camilo, Dra. D\u00e9bora Alencar e Esp. Jordanna Sousa, e pela coordenadora do curso, Profa. Dra. Maria Helena Britto.<\/p>\n\n\n\n<blockquote class=\"wp-block-quote is-layout-flow wp-block-quote-is-layout-flow\">\n<p class=\"texto-justificado\">O Dia da Orienta\u00e7\u00e3o Farmac\u00eautica \u00e9 uma data que destaca o papel fundamental que os farmac\u00eauticos desempenham na promo\u00e7\u00e3o do uso seguro dos medicamentos. A Orienta\u00e7\u00e3o Farmac\u00eautica ajuda a prevenir erros no uso de medicamentos que podem ser prejudiciais e at\u00e9 fatais. Portanto, essa data \u00e9 uma oportunidade de destacar a atua\u00e7\u00e3o do profissional farmac\u00eautico na educa\u00e7\u00e3o do paciente, promovendo o uso racional de medicamentos, contribuindo para o sucesso terap\u00eautico e qualidade de vida dos pacientes.<\/p>\n<cite>Profa. Dra. Maria Helena Rodrigues Mesquita Britto, coordenadora do curso de Farm\u00e1cia do UNIFSA<\/cite><\/blockquote>\n\n\n\n<p class=\"texto-justificado\">Durante a atividade, foram oferecidas aos visitantes: aferi\u00e7\u00e3o de press\u00e3o e medi\u00e7\u00e3o de glicemia, realizadas pelos extensionistas do Projeto Servi\u00e7os Farmac\u00eauticos; exposi\u00e7\u00e3o de produtos da Farm\u00e1cia Escola do UNIFSA, apresentados por Jordanna Sousa e as estagi\u00e1rias dessa empresa j\u00fanior; e informa\u00e7\u00f5es sobre plantas medicinais, compartilhadas pelos extensionistas do Projeto Sa\u00fade no Verde.<\/p>\n\n\n\n<figure class=\"wp-block-gallery has-nested-images columns-default is-cropped wp-block-gallery-1 is-layout-flex wp-block-gallery-is-layout-flex\">\n<figure class=\"wp-block-image size-large\"><img fetchpriority=\"high\" decoding=\"async\" width=\"1024\" height=\"768\" data-id=\"36772\" src=\"https:\/\/unifsa.com.br\/site\/wp-content\/uploads\/2024\/11\/WhatsApp-Image-2024-11-11-at-11.12.04-2-1024x768.jpeg\" alt=\"\" class=\"wp-image-36772\" srcset=\"https:\/\/unifsa.com.br\/site\/wp-content\/uploads\/2024\/11\/WhatsApp-Image-2024-11-11-at-11.12.04-2-1024x768.jpeg 1024w, https:\/\/unifsa.com.br\/site\/wp-content\/uploads\/2024\/11\/WhatsApp-Image-2024-11-11-at-11.12.04-2-300x225.jpeg 300w, https:\/\/unifsa.com.br\/site\/wp-content\/uploads\/2024\/11\/WhatsApp-Image-2024-11-11-at-11.12.04-2-768x576.jpeg 768w, https:\/\/unifsa.com.br\/site\/wp-content\/uploads\/2024\/11\/WhatsApp-Image-2024-11-11-at-11.12.04-2-1536x1152.jpeg 1536w, https:\/\/unifsa.com.br\/site\/wp-content\/uploads\/2024\/11\/WhatsApp-Image-2024-11-11-at-11.12.04-2-2048x1536.jpeg 2048w\" sizes=\"(max-width: 1024px) 100vw, 1024px\" \/><\/figure>\n\n\n\n<figure class=\"wp-block-image size-large\"><img decoding=\"async\" width=\"1024\" height=\"768\" data-id=\"36773\" src=\"https:\/\/unifsa.com.br\/site\/wp-content\/uploads\/2024\/11\/WhatsApp-Image-2024-11-11-at-11.12.04-1024x768.jpeg\" alt=\"\" class=\"wp-image-36773\" srcset=\"https:\/\/unifsa.com.br\/site\/wp-content\/uploads\/2024\/11\/WhatsApp-Image-2024-11-11-at-11.12.04-1024x768.jpeg 1024w, https:\/\/unifsa.com.br\/site\/wp-content\/uploads\/2024\/11\/WhatsApp-Image-2024-11-11-at-11.12.04-300x225.jpeg 300w, https:\/\/unifsa.com.br\/site\/wp-content\/uploads\/2024\/11\/WhatsApp-Image-2024-11-11-at-11.12.04-768x576.jpeg 768w, https:\/\/unifsa.com.br\/site\/wp-content\/uploads\/2024\/11\/WhatsApp-Image-2024-11-11-at-11.12.04-1536x1152.jpeg 1536w, https:\/\/unifsa.com.br\/site\/wp-content\/uploads\/2024\/11\/WhatsApp-Image-2024-11-11-at-11.12.04-2048x1536.jpeg 2048w\" sizes=\"(max-width: 1024px) 100vw, 1024px\" \/><\/figure>\n\n\n\n<figure class=\"wp-block-image size-large\"><img decoding=\"async\" width=\"1024\" height=\"768\" data-id=\"36774\" src=\"https:\/\/unifsa.com.br\/site\/wp-content\/uploads\/2024\/11\/WhatsApp-Image-2024-11-11-at-11.12.04-1-1024x768.jpeg\" alt=\"\" class=\"wp-image-36774\" srcset=\"https:\/\/unifsa.com.br\/site\/wp-content\/uploads\/2024\/11\/WhatsApp-Image-2024-11-11-at-11.12.04-1-1024x768.jpeg 1024w, https:\/\/unifsa.com.br\/site\/wp-content\/uploads\/2024\/11\/WhatsApp-Image-2024-11-11-at-11.12.04-1-300x225.jpeg 300w, https:\/\/unifsa.com.br\/site\/wp-content\/uploads\/2024\/11\/WhatsApp-Image-2024-11-11-at-11.12.04-1-768x576.jpeg 768w, https:\/\/unifsa.com.br\/site\/wp-content\/uploads\/2024\/11\/WhatsApp-Image-2024-11-11-at-11.12.04-1-1536x1152.jpeg 1536w, https:\/\/unifsa.com.br\/site\/wp-content\/uploads\/2024\/11\/WhatsApp-Image-2024-11-11-at-11.12.04-1-2048x1536.jpeg 2048w\" sizes=\"(max-width: 1024px) 100vw, 1024px\" \/><\/figure>\n<\/figure>\n\n\n\n<h2 class=\"wp-block-heading has-vivid-cyan-blue-color has-text-color has-link-color wp-elements-6bc6867172ed136538a844dec5902cf6\">Confira mais registros da a\u00e7\u00e3o:<\/h2>\n\n\n\n<figure class=\"wp-block-gallery has-nested-images columns-default is-cropped wp-block-gallery-2 is-layout-flex wp-block-gallery-is-layout-flex\">\n<figure class=\"wp-block-image size-large\"><img loading=\"lazy\" decoding=\"async\" width=\"1024\" height=\"576\" data-id=\"36785\" src=\"https:\/\/unifsa.com.br\/site\/wp-content\/uploads\/2024\/11\/WhatsApp-Image-2024-11-11-at-11.48.26-2-1024x576.jpeg\" alt=\"\" class=\"wp-image-36785\" srcset=\"https:\/\/unifsa.com.br\/site\/wp-content\/uploads\/2024\/11\/WhatsApp-Image-2024-11-11-at-11.48.26-2-1024x576.jpeg 1024w, https:\/\/unifsa.com.br\/site\/wp-content\/uploads\/2024\/11\/WhatsApp-Image-2024-11-11-at-11.48.26-2-300x169.jpeg 300w, https:\/\/unifsa.com.br\/site\/wp-content\/uploads\/2024\/11\/WhatsApp-Image-2024-11-11-at-11.48.26-2-768x432.jpeg 768w, https:\/\/unifsa.com.br\/site\/wp-content\/uploads\/2024\/11\/WhatsApp-Image-2024-11-11-at-11.48.26-2-1536x864.jpeg 1536w, https:\/\/unifsa.com.br\/site\/wp-content\/uploads\/2024\/11\/WhatsApp-Image-2024-11-11-at-11.48.26-2-2048x1152.jpeg 2048w\" sizes=\"(max-width: 1024px) 100vw, 1024px\" \/><\/figure>\n\n\n\n<figure class=\"wp-block-image size-large\"><img loading=\"lazy\" decoding=\"async\" width=\"1024\" height=\"768\" data-id=\"36779\" src=\"https:\/\/unifsa.com.br\/site\/wp-content\/uploads\/2024\/11\/WhatsApp-Image-2024-11-11-at-11.48.27-1-1024x768.jpeg\" alt=\"\" class=\"wp-image-36779\" srcset=\"https:\/\/unifsa.com.br\/site\/wp-content\/uploads\/2024\/11\/WhatsApp-Image-2024-11-11-at-11.48.27-1-1024x768.jpeg 1024w, https:\/\/unifsa.com.br\/site\/wp-content\/uploads\/2024\/11\/WhatsApp-Image-2024-11-11-at-11.48.27-1-300x225.jpeg 300w, https:\/\/unifsa.com.br\/site\/wp-content\/uploads\/2024\/11\/WhatsApp-Image-2024-11-11-at-11.48.27-1-768x576.jpeg 768w, https:\/\/unifsa.com.br\/site\/wp-content\/uploads\/2024\/11\/WhatsApp-Image-2024-11-11-at-11.48.27-1-1536x1152.jpeg 1536w, https:\/\/unifsa.com.br\/site\/wp-content\/uploads\/2024\/11\/WhatsApp-Image-2024-11-11-at-11.48.27-1-2048x1536.jpeg 2048w\" sizes=\"(max-width: 1024px) 100vw, 1024px\" \/><\/figure>\n\n\n\n<figure class=\"wp-block-image size-large\"><img loading=\"lazy\" decoding=\"async\" width=\"1024\" height=\"576\" data-id=\"36784\" src=\"https:\/\/unifsa.com.br\/site\/wp-content\/uploads\/2024\/11\/WhatsApp-Image-2024-11-11-at-11.48.27-1024x576.jpeg\" alt=\"\" class=\"wp-image-36784\" srcset=\"https:\/\/unifsa.com.br\/site\/wp-content\/uploads\/2024\/11\/WhatsApp-Image-2024-11-11-at-11.48.27-1024x576.jpeg 1024w, https:\/\/unifsa.com.br\/site\/wp-content\/uploads\/2024\/11\/WhatsApp-Image-2024-11-11-at-11.48.27-300x169.jpeg 300w, https:\/\/unifsa.com.br\/site\/wp-content\/uploads\/2024\/11\/WhatsApp-Image-2024-11-11-at-11.48.27-768x432.jpeg 768w, https:\/\/unifsa.com.br\/site\/wp-content\/uploads\/2024\/11\/WhatsApp-Image-2024-11-11-at-11.48.27-1536x864.jpeg 1536w, https:\/\/unifsa.com.br\/site\/wp-content\/uploads\/2024\/11\/WhatsApp-Image-2024-11-11-at-11.48.27-2048x1152.jpeg 2048w\" sizes=\"(max-width: 1024px) 100vw, 1024px\" \/><\/figure>\n\n\n\n<figure class=\"wp-block-image size-large\"><img loading=\"lazy\" decoding=\"async\" width=\"1024\" height=\"576\" data-id=\"36783\" src=\"https:\/\/unifsa.com.br\/site\/wp-content\/uploads\/2024\/11\/WhatsApp-Image-2024-11-11-at-11.48.28-1-1024x576.jpeg\" alt=\"\" class=\"wp-image-36783\" srcset=\"https:\/\/unifsa.com.br\/site\/wp-content\/uploads\/2024\/11\/WhatsApp-Image-2024-11-11-at-11.48.28-1-1024x576.jpeg 1024w, https:\/\/unifsa.com.br\/site\/wp-content\/uploads\/2024\/11\/WhatsApp-Image-2024-11-11-at-11.48.28-1-300x169.jpeg 300w, https:\/\/unifsa.com.br\/site\/wp-content\/uploads\/2024\/11\/WhatsApp-Image-2024-11-11-at-11.48.28-1-768x432.jpeg 768w, https:\/\/unifsa.com.br\/site\/wp-content\/uploads\/2024\/11\/WhatsApp-Image-2024-11-11-at-11.48.28-1-1536x864.jpeg 1536w, https:\/\/unifsa.com.br\/site\/wp-content\/uploads\/2024\/11\/WhatsApp-Image-2024-11-11-at-11.48.28-1-2048x1152.jpeg 2048w\" sizes=\"(max-width: 1024px) 100vw, 1024px\" \/><\/figure>\n\n\n\n<figure class=\"wp-block-image size-large\"><img loading=\"lazy\" decoding=\"async\" width=\"1024\" height=\"768\" data-id=\"36781\" src=\"https:\/\/unifsa.com.br\/site\/wp-content\/uploads\/2024\/11\/WhatsApp-Image-2024-11-11-at-11.48.26-1-1024x768.jpeg\" alt=\"\" class=\"wp-image-36781\" srcset=\"https:\/\/unifsa.com.br\/site\/wp-content\/uploads\/2024\/11\/WhatsApp-Image-2024-11-11-at-11.48.26-1-1024x768.jpeg 1024w, https:\/\/unifsa.com.br\/site\/wp-content\/uploads\/2024\/11\/WhatsApp-Image-2024-11-11-at-11.48.26-1-300x225.jpeg 300w, https:\/\/unifsa.com.br\/site\/wp-content\/uploads\/2024\/11\/WhatsApp-Image-2024-11-11-at-11.48.26-1-768x576.jpeg 768w, https:\/\/unifsa.com.br\/site\/wp-content\/uploads\/2024\/11\/WhatsApp-Image-2024-11-11-at-11.48.26-1-1536x1152.jpeg 1536w, https:\/\/unifsa.com.br\/site\/wp-content\/uploads\/2024\/11\/WhatsApp-Image-2024-11-11-at-11.48.26-1-2048x1536.jpeg 2048w\" sizes=\"(max-width: 1024px) 100vw, 1024px\" \/><\/figure>\n\n\n\n<figure class=\"wp-block-image size-large\"><img loading=\"lazy\" decoding=\"async\" width=\"1024\" height=\"576\" data-id=\"36782\" src=\"https:\/\/unifsa.com.br\/site\/wp-content\/uploads\/2024\/11\/WhatsApp-Image-2024-11-11-at-11.48.28-1024x576.jpeg\" alt=\"\" class=\"wp-image-36782\" srcset=\"https:\/\/unifsa.com.br\/site\/wp-content\/uploads\/2024\/11\/WhatsApp-Image-2024-11-11-at-11.48.28-1024x576.jpeg 1024w, https:\/\/unifsa.com.br\/site\/wp-content\/uploads\/2024\/11\/WhatsApp-Image-2024-11-11-at-11.48.28-300x169.jpeg 300w, https:\/\/unifsa.com.br\/site\/wp-content\/uploads\/2024\/11\/WhatsApp-Image-2024-11-11-at-11.48.28-768x432.jpeg 768w, https:\/\/unifsa.com.br\/site\/wp-content\/uploads\/2024\/11\/WhatsApp-Image-2024-11-11-at-11.48.28-1536x864.jpeg 1536w, https:\/\/unifsa.com.br\/site\/wp-content\/uploads\/2024\/11\/WhatsApp-Image-2024-11-11-at-11.48.28-2048x1152.jpeg 2048w\" sizes=\"(max-width: 1024px) 100vw, 1024px\" \/><\/figure>\n<\/figure>\n\n\n\n<p><\/p>\n","protected":false},"excerpt":{"rendered":"<p>O Centro Universit\u00e1rio Santo Agostinho, por meio da gradua\u00e7\u00e3o de Farm\u00e1cia, realizou uma a\u00e7\u00e3o em alus\u00e3o ao Dia da Orienta\u00e7\u00e3o Farmac\u00eautica nesta segunda-feira (11) na \u00c1rea de Conviv\u00eancia do pr\u00e9dio Anexo II. A atividade, que ocorreu das 9h \u00e0s 11h, foi monitorada pelas docentes Dra. Alessandra Camilo, Dra. D\u00e9bora Alencar e Esp. Jordanna Sousa, e<\/p>\n","protected":false},"author":11,"featured_media":36775,"comment_status":"closed","ping_status":"open","sticky":false,"template":"","format":"standard","meta":{"_acf_changed":false,"footnotes":""},"categories":[6,60],"tags":[],"class_list":["post-36771","post","type-post","status-publish","format-standard","has-post-thumbnail","hentry","category-acontece-na-unifsa","category-farmacia"],"acf":[],"yoast_head":"<!-- This site is optimized with the Yoast SEO plugin v26.5 - https:\/\/yoast.com\/wordpress\/plugins\/seo\/ -->\n<title>Farm\u00e1cia realiza a\u00e7\u00e3o de Dia da Orienta\u00e7\u00e3o Farmac\u00eautica na \u00e1rea de conviv\u00eancia do Anexo II - Centro Universit\u00e1rio Santo Agostinho - UNIFSA<\/title>\n<meta name=\"robots\" content=\"index, follow, max-snippet:-1, max-image-preview:large, max-video-preview:-1\" \/>\n<link rel=\"canonical\" href=\"https:\/\/unifsa.com.br\/site\/farmacia-realiza-acao-de-dia-da-orientacao-farmaceutica-na-area-de-convivencia-do-anexo-ii\/\" \/>\n<meta property=\"og:locale\" content=\"pt_BR\" \/>\n<meta property=\"og:type\" content=\"article\" \/>\n<meta property=\"og:title\" content=\"Farm\u00e1cia realiza a\u00e7\u00e3o de Dia da Orienta\u00e7\u00e3o Farmac\u00eautica na \u00e1rea de conviv\u00eancia do Anexo II - Centro Universit\u00e1rio Santo Agostinho - UNIFSA\" \/>\n<meta property=\"og:description\" content=\"O Centro Universit\u00e1rio Santo Agostinho, por meio da gradua\u00e7\u00e3o de Farm\u00e1cia, realizou uma a\u00e7\u00e3o em alus\u00e3o ao Dia da Orienta\u00e7\u00e3o Farmac\u00eautica nesta segunda-feira (11) na \u00c1rea de Conviv\u00eancia do pr\u00e9dio Anexo II. A atividade, que ocorreu das 9h \u00e0s 11h, foi monitorada pelas docentes Dra. Alessandra Camilo, Dra. D\u00e9bora Alencar e Esp. Jordanna Sousa, e\" \/>\n<meta property=\"og:url\" content=\"https:\/\/unifsa.com.br\/site\/farmacia-realiza-acao-de-dia-da-orientacao-farmaceutica-na-area-de-convivencia-do-anexo-ii\/\" \/>\n<meta property=\"og:site_name\" content=\"Centro Universit\u00e1rio Santo Agostinho - UNIFSA\" \/>\n<meta property=\"article:publisher\" content=\"https:\/\/www.facebook.com\/unifsa\/\" \/>\n<meta property=\"article:published_time\" content=\"2024-11-11T14:51:17+00:00\" \/>\n<meta property=\"article:modified_time\" content=\"2024-11-11T14:51:19+00:00\" \/>\n<meta property=\"og:image\" content=\"https:\/\/unifsa.com.br\/site\/wp-content\/uploads\/2024\/11\/WhatsApp-Image-2024-11-11-at-11.22.13-scaled.jpeg\" \/>\n\t<meta property=\"og:image:width\" content=\"2560\" \/>\n\t<meta property=\"og:image:height\" content=\"1439\" \/>\n\t<meta property=\"og:image:type\" content=\"image\/jpeg\" \/>\n<meta name=\"author\" content=\"Oceannyra Kelly da Cruz Silva\" \/>\n<meta name=\"twitter:card\" content=\"summary_large_image\" \/>\n<meta name=\"twitter:label1\" content=\"Escrito por\" \/>\n\t<meta name=\"twitter:data1\" content=\"Oceannyra Kelly da Cruz Silva\" \/>\n\t<meta name=\"twitter:label2\" content=\"Est. tempo de leitura\" \/>\n\t<meta name=\"twitter:data2\" content=\"3 minutos\" \/>\n<script type=\"application\/ld+json\" class=\"yoast-schema-graph\">{\"@context\":\"https:\/\/schema.org\",\"@graph\":[{\"@type\":\"Article\",\"@id\":\"https:\/\/unifsa.com.br\/site\/farmacia-realiza-acao-de-dia-da-orientacao-farmaceutica-na-area-de-convivencia-do-anexo-ii\/#article\",\"isPartOf\":{\"@id\":\"https:\/\/unifsa.com.br\/site\/farmacia-realiza-acao-de-dia-da-orientacao-farmaceutica-na-area-de-convivencia-do-anexo-ii\/\"},\"author\":{\"name\":\"Oceannyra Kelly da Cruz Silva\",\"@id\":\"https:\/\/unifsa.com.br\/site\/#\/schema\/person\/a4cec94bbc6ddf98f579162824de9bf2\"},\"headline\":\"Farm\u00e1cia realiza a\u00e7\u00e3o de Dia da Orienta\u00e7\u00e3o Farmac\u00eautica na \u00e1rea de conviv\u00eancia do Anexo II\",\"datePublished\":\"2024-11-11T14:51:17+00:00\",\"dateModified\":\"2024-11-11T14:51:19+00:00\",\"mainEntityOfPage\":{\"@id\":\"https:\/\/unifsa.com.br\/site\/farmacia-realiza-acao-de-dia-da-orientacao-farmaceutica-na-area-de-convivencia-do-anexo-ii\/\"},\"wordCount\":261,\"publisher\":{\"@id\":\"https:\/\/unifsa.com.br\/site\/#organization\"},\"image\":{\"@id\":\"https:\/\/unifsa.com.br\/site\/farmacia-realiza-acao-de-dia-da-orientacao-farmaceutica-na-area-de-convivencia-do-anexo-ii\/#primaryimage\"},\"thumbnailUrl\":\"https:\/\/unifsa.com.br\/site\/wp-content\/uploads\/2024\/11\/WhatsApp-Image-2024-11-11-at-11.22.13-scaled.jpeg\",\"articleSection\":[\"Acontece na UNIFSA\",\"Farm\u00e1cia\"],\"inLanguage\":\"pt-BR\"},{\"@type\":\"WebPage\",\"@id\":\"https:\/\/unifsa.com.br\/site\/farmacia-realiza-acao-de-dia-da-orientacao-farmaceutica-na-area-de-convivencia-do-anexo-ii\/\",\"url\":\"https:\/\/unifsa.com.br\/site\/farmacia-realiza-acao-de-dia-da-orientacao-farmaceutica-na-area-de-convivencia-do-anexo-ii\/\",\"name\":\"Farm\u00e1cia realiza a\u00e7\u00e3o de Dia da Orienta\u00e7\u00e3o Farmac\u00eautica na \u00e1rea de conviv\u00eancia do Anexo II - Centro Universit\u00e1rio Santo Agostinho - UNIFSA\",\"isPartOf\":{\"@id\":\"https:\/\/unifsa.com.br\/site\/#website\"},\"primaryImageOfPage\":{\"@id\":\"https:\/\/unifsa.com.br\/site\/farmacia-realiza-acao-de-dia-da-orientacao-farmaceutica-na-area-de-convivencia-do-anexo-ii\/#primaryimage\"},\"image\":{\"@id\":\"https:\/\/unifsa.com.br\/site\/farmacia-realiza-acao-de-dia-da-orientacao-farmaceutica-na-area-de-convivencia-do-anexo-ii\/#primaryimage\"},\"thumbnailUrl\":\"https:\/\/unifsa.com.br\/site\/wp-content\/uploads\/2024\/11\/WhatsApp-Image-2024-11-11-at-11.22.13-scaled.jpeg\",\"datePublished\":\"2024-11-11T14:51:17+00:00\",\"dateModified\":\"2024-11-11T14:51:19+00:00\",\"breadcrumb\":{\"@id\":\"https:\/\/unifsa.com.br\/site\/farmacia-realiza-acao-de-dia-da-orientacao-farmaceutica-na-area-de-convivencia-do-anexo-ii\/#breadcrumb\"},\"inLanguage\":\"pt-BR\",\"potentialAction\":[{\"@type\":\"ReadAction\",\"target\":[\"https:\/\/unifsa.com.br\/site\/farmacia-realiza-acao-de-dia-da-orientacao-farmaceutica-na-area-de-convivencia-do-anexo-ii\/\"]}]},{\"@type\":\"ImageObject\",\"inLanguage\":\"pt-BR\",\"@id\":\"https:\/\/unifsa.com.br\/site\/farmacia-realiza-acao-de-dia-da-orientacao-farmaceutica-na-area-de-convivencia-do-anexo-ii\/#primaryimage\",\"url\":\"https:\/\/unifsa.com.br\/site\/wp-content\/uploads\/2024\/11\/WhatsApp-Image-2024-11-11-at-11.22.13-scaled.jpeg\",\"contentUrl\":\"https:\/\/unifsa.com.br\/site\/wp-content\/uploads\/2024\/11\/WhatsApp-Image-2024-11-11-at-11.22.13-scaled.jpeg\",\"width\":2560,\"height\":1439},{\"@type\":\"BreadcrumbList\",\"@id\":\"https:\/\/unifsa.com.br\/site\/farmacia-realiza-acao-de-dia-da-orientacao-farmaceutica-na-area-de-convivencia-do-anexo-ii\/#breadcrumb\",\"itemListElement\":[{\"@type\":\"ListItem\",\"position\":1,\"name\":\"In\u00edcio\",\"item\":\"https:\/\/unifsa.com.br\/site\/\"},{\"@type\":\"ListItem\",\"position\":2,\"name\":\"Farm\u00e1cia realiza a\u00e7\u00e3o de Dia da Orienta\u00e7\u00e3o Farmac\u00eautica na \u00e1rea de conviv\u00eancia do Anexo II\"}]},{\"@type\":\"WebSite\",\"@id\":\"https:\/\/unifsa.com.br\/site\/#website\",\"url\":\"https:\/\/unifsa.com.br\/site\/\",\"name\":\"Centro Universit\u00e1rio Santo Agostinho - UNIFSA\",\"description\":\"Conhecimento para toda a vida\",\"publisher\":{\"@id\":\"https:\/\/unifsa.com.br\/site\/#organization\"},\"potentialAction\":[{\"@type\":\"SearchAction\",\"target\":{\"@type\":\"EntryPoint\",\"urlTemplate\":\"https:\/\/unifsa.com.br\/site\/?s={search_term_string}\"},\"query-input\":{\"@type\":\"PropertyValueSpecification\",\"valueRequired\":true,\"valueName\":\"search_term_string\"}}],\"inLanguage\":\"pt-BR\"},{\"@type\":\"Organization\",\"@id\":\"https:\/\/unifsa.com.br\/site\/#organization\",\"name\":\"Centro Universit\u00e1rio Santo Agostinho - UNIFSA\",\"url\":\"https:\/\/unifsa.com.br\/site\/\",\"logo\":{\"@type\":\"ImageObject\",\"inLanguage\":\"pt-BR\",\"@id\":\"https:\/\/unifsa.com.br\/site\/#\/schema\/logo\/image\/\",\"url\":\"https:\/\/unifsa.com.br\/site\/wp-content\/uploads\/2023\/03\/MARCA-UNIFSA-CIC23-q2apjs1mt975cf1wl25b044coj90fwoiee1kya6800.png\",\"contentUrl\":\"https:\/\/unifsa.com.br\/site\/wp-content\/uploads\/2023\/03\/MARCA-UNIFSA-CIC23-q2apjs1mt975cf1wl25b044coj90fwoiee1kya6800.png\",\"width\":103,\"height\":100,\"caption\":\"Centro Universit\u00e1rio Santo Agostinho - UNIFSA\"},\"image\":{\"@id\":\"https:\/\/unifsa.com.br\/site\/#\/schema\/logo\/image\/\"},\"sameAs\":[\"https:\/\/www.facebook.com\/unifsa\/\",\"https:\/\/www.instagram.com\/unifsa\/\"]},{\"@type\":\"Person\",\"@id\":\"https:\/\/unifsa.com.br\/site\/#\/schema\/person\/a4cec94bbc6ddf98f579162824de9bf2\",\"name\":\"Oceannyra Kelly da Cruz Silva\",\"image\":{\"@type\":\"ImageObject\",\"inLanguage\":\"pt-BR\",\"@id\":\"https:\/\/unifsa.com.br\/site\/#\/schema\/person\/image\/\",\"url\":\"https:\/\/secure.gravatar.com\/avatar\/05c87cd6fa2c3c73262055bd9341438a47e77a37053b409b3cf4f8df60ea8eb8?s=96&d=mm&r=g\",\"contentUrl\":\"https:\/\/secure.gravatar.com\/avatar\/05c87cd6fa2c3c73262055bd9341438a47e77a37053b409b3cf4f8df60ea8eb8?s=96&d=mm&r=g\",\"caption\":\"Oceannyra Kelly da Cruz Silva\"},\"url\":\"https:\/\/unifsa.com.br\/site\/author\/oceannyrakelly\/\"}]}<\/script>\n<!-- \/ Yoast SEO plugin. -->","yoast_head_json":{"title":"Farm\u00e1cia realiza a\u00e7\u00e3o de Dia da Orienta\u00e7\u00e3o Farmac\u00eautica na \u00e1rea de conviv\u00eancia do Anexo II - Centro Universit\u00e1rio Santo Agostinho - UNIFSA","robots":{"index":"index","follow":"follow","max-snippet":"max-snippet:-1","max-image-preview":"max-image-preview:large","max-video-preview":"max-video-preview:-1"},"canonical":"https:\/\/unifsa.com.br\/site\/farmacia-realiza-acao-de-dia-da-orientacao-farmaceutica-na-area-de-convivencia-do-anexo-ii\/","og_locale":"pt_BR","og_type":"article","og_title":"Farm\u00e1cia realiza a\u00e7\u00e3o de Dia da Orienta\u00e7\u00e3o Farmac\u00eautica na \u00e1rea de conviv\u00eancia do Anexo II - Centro Universit\u00e1rio Santo Agostinho - UNIFSA","og_description":"O Centro Universit\u00e1rio Santo Agostinho, por meio da gradua\u00e7\u00e3o de Farm\u00e1cia, realizou uma a\u00e7\u00e3o em alus\u00e3o ao Dia da Orienta\u00e7\u00e3o Farmac\u00eautica nesta segunda-feira (11) na \u00c1rea de Conviv\u00eancia do pr\u00e9dio Anexo II. A atividade, que ocorreu das 9h \u00e0s 11h, foi monitorada pelas docentes Dra. Alessandra Camilo, Dra. D\u00e9bora Alencar e Esp. Jordanna Sousa, e","og_url":"https:\/\/unifsa.com.br\/site\/farmacia-realiza-acao-de-dia-da-orientacao-farmaceutica-na-area-de-convivencia-do-anexo-ii\/","og_site_name":"Centro Universit\u00e1rio Santo Agostinho - UNIFSA","article_publisher":"https:\/\/www.facebook.com\/unifsa\/","article_published_time":"2024-11-11T14:51:17+00:00","article_modified_time":"2024-11-11T14:51:19+00:00","og_image":[{"width":2560,"height":1439,"url":"https:\/\/unifsa.com.br\/site\/wp-content\/uploads\/2024\/11\/WhatsApp-Image-2024-11-11-at-11.22.13-scaled.jpeg","type":"image\/jpeg"}],"author":"Oceannyra Kelly da Cruz Silva","twitter_card":"summary_large_image","twitter_misc":{"Escrito por":"Oceannyra Kelly da Cruz Silva","Est. tempo de leitura":"3 minutos"},"schema":{"@context":"https:\/\/schema.org","@graph":[{"@type":"Article","@id":"https:\/\/unifsa.com.br\/site\/farmacia-realiza-acao-de-dia-da-orientacao-farmaceutica-na-area-de-convivencia-do-anexo-ii\/#article","isPartOf":{"@id":"https:\/\/unifsa.com.br\/site\/farmacia-realiza-acao-de-dia-da-orientacao-farmaceutica-na-area-de-convivencia-do-anexo-ii\/"},"author":{"name":"Oceannyra Kelly da Cruz Silva","@id":"https:\/\/unifsa.com.br\/site\/#\/schema\/person\/a4cec94bbc6ddf98f579162824de9bf2"},"headline":"Farm\u00e1cia realiza a\u00e7\u00e3o de Dia da Orienta\u00e7\u00e3o Farmac\u00eautica na \u00e1rea de conviv\u00eancia do Anexo II","datePublished":"2024-11-11T14:51:17+00:00","dateModified":"2024-11-11T14:51:19+00:00","mainEntityOfPage":{"@id":"https:\/\/unifsa.com.br\/site\/farmacia-realiza-acao-de-dia-da-orientacao-farmaceutica-na-area-de-convivencia-do-anexo-ii\/"},"wordCount":261,"publisher":{"@id":"https:\/\/unifsa.com.br\/site\/#organization"},"image":{"@id":"https:\/\/unifsa.com.br\/site\/farmacia-realiza-acao-de-dia-da-orientacao-farmaceutica-na-area-de-convivencia-do-anexo-ii\/#primaryimage"},"thumbnailUrl":"https:\/\/unifsa.com.br\/site\/wp-content\/uploads\/2024\/11\/WhatsApp-Image-2024-11-11-at-11.22.13-scaled.jpeg","articleSection":["Acontece na UNIFSA","Farm\u00e1cia"],"inLanguage":"pt-BR"},{"@type":"WebPage","@id":"https:\/\/unifsa.com.br\/site\/farmacia-realiza-acao-de-dia-da-orientacao-farmaceutica-na-area-de-convivencia-do-anexo-ii\/","url":"https:\/\/unifsa.com.br\/site\/farmacia-realiza-acao-de-dia-da-orientacao-farmaceutica-na-area-de-convivencia-do-anexo-ii\/","name":"Farm\u00e1cia realiza a\u00e7\u00e3o de Dia da Orienta\u00e7\u00e3o Farmac\u00eautica na \u00e1rea de conviv\u00eancia do Anexo II - Centro Universit\u00e1rio Santo Agostinho - UNIFSA","isPartOf":{"@id":"https:\/\/unifsa.com.br\/site\/#website"},"primaryImageOfPage":{"@id":"https:\/\/unifsa.com.br\/site\/farmacia-realiza-acao-de-dia-da-orientacao-farmaceutica-na-area-de-convivencia-do-anexo-ii\/#primaryimage"},"image":{"@id":"https:\/\/unifsa.com.br\/site\/farmacia-realiza-acao-de-dia-da-orientacao-farmaceutica-na-area-de-convivencia-do-anexo-ii\/#primaryimage"},"thumbnailUrl":"https:\/\/unifsa.com.br\/site\/wp-content\/uploads\/2024\/11\/WhatsApp-Image-2024-11-11-at-11.22.13-scaled.jpeg","datePublished":"2024-11-11T14:51:17+00:00","dateModified":"2024-11-11T14:51:19+00:00","breadcrumb":{"@id":"https:\/\/unifsa.com.br\/site\/farmacia-realiza-acao-de-dia-da-orientacao-farmaceutica-na-area-de-convivencia-do-anexo-ii\/#breadcrumb"},"inLanguage":"pt-BR","potentialAction":[{"@type":"ReadAction","target":["https:\/\/unifsa.com.br\/site\/farmacia-realiza-acao-de-dia-da-orientacao-farmaceutica-na-area-de-convivencia-do-anexo-ii\/"]}]},{"@type":"ImageObject","inLanguage":"pt-BR","@id":"https:\/\/unifsa.com.br\/site\/farmacia-realiza-acao-de-dia-da-orientacao-farmaceutica-na-area-de-convivencia-do-anexo-ii\/#primaryimage","url":"https:\/\/unifsa.com.br\/site\/wp-content\/uploads\/2024\/11\/WhatsApp-Image-2024-11-11-at-11.22.13-scaled.jpeg","contentUrl":"https:\/\/unifsa.com.br\/site\/wp-content\/uploads\/2024\/11\/WhatsApp-Image-2024-11-11-at-11.22.13-scaled.jpeg","width":2560,"height":1439},{"@type":"BreadcrumbList","@id":"https:\/\/unifsa.com.br\/site\/farmacia-realiza-acao-de-dia-da-orientacao-farmaceutica-na-area-de-convivencia-do-anexo-ii\/#breadcrumb","itemListElement":[{"@type":"ListItem","position":1,"name":"In\u00edcio","item":"https:\/\/unifsa.com.br\/site\/"},{"@type":"ListItem","position":2,"name":"Farm\u00e1cia realiza a\u00e7\u00e3o de Dia da Orienta\u00e7\u00e3o Farmac\u00eautica na \u00e1rea de conviv\u00eancia do Anexo II"}]},{"@type":"WebSite","@id":"https:\/\/unifsa.com.br\/site\/#website","url":"https:\/\/unifsa.com.br\/site\/","name":"Centro Universit\u00e1rio Santo Agostinho - UNIFSA","description":"Conhecimento para toda a vida","publisher":{"@id":"https:\/\/unifsa.com.br\/site\/#organization"},"potentialAction":[{"@type":"SearchAction","target":{"@type":"EntryPoint","urlTemplate":"https:\/\/unifsa.com.br\/site\/?s={search_term_string}"},"query-input":{"@type":"PropertyValueSpecification","valueRequired":true,"valueName":"search_term_string"}}],"inLanguage":"pt-BR"},{"@type":"Organization","@id":"https:\/\/unifsa.com.br\/site\/#organization","name":"Centro Universit\u00e1rio Santo Agostinho - UNIFSA","url":"https:\/\/unifsa.com.br\/site\/","logo":{"@type":"ImageObject","inLanguage":"pt-BR","@id":"https:\/\/unifsa.com.br\/site\/#\/schema\/logo\/image\/","url":"https:\/\/unifsa.com.br\/site\/wp-content\/uploads\/2023\/03\/MARCA-UNIFSA-CIC23-q2apjs1mt975cf1wl25b044coj90fwoiee1kya6800.png","contentUrl":"https:\/\/unifsa.com.br\/site\/wp-content\/uploads\/2023\/03\/MARCA-UNIFSA-CIC23-q2apjs1mt975cf1wl25b044coj90fwoiee1kya6800.png","width":103,"height":100,"caption":"Centro Universit\u00e1rio Santo Agostinho - UNIFSA"},"image":{"@id":"https:\/\/unifsa.com.br\/site\/#\/schema\/logo\/image\/"},"sameAs":["https:\/\/www.facebook.com\/unifsa\/","https:\/\/www.instagram.com\/unifsa\/"]},{"@type":"Person","@id":"https:\/\/unifsa.com.br\/site\/#\/schema\/person\/a4cec94bbc6ddf98f579162824de9bf2","name":"Oceannyra Kelly da Cruz Silva","image":{"@type":"ImageObject","inLanguage":"pt-BR","@id":"https:\/\/unifsa.com.br\/site\/#\/schema\/person\/image\/","url":"https:\/\/secure.gravatar.com\/avatar\/05c87cd6fa2c3c73262055bd9341438a47e77a37053b409b3cf4f8df60ea8eb8?s=96&d=mm&r=g","contentUrl":"https:\/\/secure.gravatar.com\/avatar\/05c87cd6fa2c3c73262055bd9341438a47e77a37053b409b3cf4f8df60ea8eb8?s=96&d=mm&r=g","caption":"Oceannyra Kelly da Cruz Silva"},"url":"https:\/\/unifsa.com.br\/site\/author\/oceannyrakelly\/"}]}},"_links":{"self":[{"href":"https:\/\/unifsa.com.br\/site\/wp-json\/wp\/v2\/posts\/36771","targetHints":{"allow":["GET"]}}],"collection":[{"href":"https:\/\/unifsa.com.br\/site\/wp-json\/wp\/v2\/posts"}],"about":[{"href":"https:\/\/unifsa.com.br\/site\/wp-json\/wp\/v2\/types\/post"}],"author":[{"embeddable":true,"href":"https:\/\/unifsa.com.br\/site\/wp-json\/wp\/v2\/users\/11"}],"replies":[{"embeddable":true,"href":"https:\/\/unifsa.com.br\/site\/wp-json\/wp\/v2\/comments?post=36771"}],"version-history":[{"count":3,"href":"https:\/\/unifsa.com.br\/site\/wp-json\/wp\/v2\/posts\/36771\/revisions"}],"predecessor-version":[{"id":36787,"href":"https:\/\/unifsa.com.br\/site\/wp-json\/wp\/v2\/posts\/36771\/revisions\/36787"}],"wp:featuredmedia":[{"embeddable":true,"href":"https:\/\/unifsa.com.br\/site\/wp-json\/wp\/v2\/media\/36775"}],"wp:attachment":[{"href":"https:\/\/unifsa.com.br\/site\/wp-json\/wp\/v2\/media?parent=36771"}],"wp:term":[{"taxonomy":"category","embeddable":true,"href":"https:\/\/unifsa.com.br\/site\/wp-json\/wp\/v2\/categories?post=36771"},{"taxonomy":"post_tag","embeddable":true,"href":"https:\/\/unifsa.com.br\/site\/wp-json\/wp\/v2\/tags?post=36771"}],"curies":[{"name":"wp","href":"https:\/\/api.w.org\/{rel}","templated":true}]}}