{"id":35591,"date":"2024-09-26T11:39:57","date_gmt":"2024-09-26T14:39:57","guid":{"rendered":"https:\/\/unifsa.com.br\/site\/?p=35591"},"modified":"2024-09-26T12:24:57","modified_gmt":"2024-09-26T15:24:57","slug":"alunos-do-curso-de-enfermagem-do-unifsa-se-destacam-no-maior-congresso-de-enfermagem-da-america-latina-o-cbcenf-2024","status":"publish","type":"post","link":"https:\/\/unifsa.com.br\/site\/alunos-do-curso-de-enfermagem-do-unifsa-se-destacam-no-maior-congresso-de-enfermagem-da-america-latina-o-cbcenf-2024\/","title":{"rendered":"Alunos do curso de Enfermagem do UNIFSA se destacam no maior Congresso de Enfermagem da Am\u00e9rica Latina, o CBCENF 2024"},"content":{"rendered":"\n<p>Os estudantes de Enfermagem do Centro Universit\u00e1rio Santo Agostinho (UNIFSA) marcaram presen\u00e7a de forma expressiva no 26\u00ba Congresso Brasileiro dos Conselhos de Enfermagem (CBCENF), o maior evento da \u00e1rea na Am\u00e9rica Latina. Realizado entre os dias 16 e 19 de setembro de 2024, no Centro de Conven\u00e7\u00f5es de Pernambuco, em Recife, o congresso reuniu profissionais, pesquisadores e estudantes de todo o Brasil para discutir temas relevantes e apresentar avan\u00e7os cient\u00edficos na \u00e1rea da sa\u00fade.<\/p>\n\n\n\n<figure class=\"wp-block-gallery has-nested-images columns-default is-cropped wp-block-gallery-1 is-layout-flex wp-block-gallery-is-layout-flex\">\n<figure class=\"wp-block-image size-large\"><img fetchpriority=\"high\" decoding=\"async\" width=\"724\" height=\"1024\" data-id=\"35595\" src=\"https:\/\/unifsa.com.br\/site\/wp-content\/uploads\/2024\/09\/2-4-724x1024.jpg\" alt=\"\" class=\"wp-image-35595\" srcset=\"https:\/\/unifsa.com.br\/site\/wp-content\/uploads\/2024\/09\/2-4-724x1024.jpg 724w, https:\/\/unifsa.com.br\/site\/wp-content\/uploads\/2024\/09\/2-4-212x300.jpg 212w, https:\/\/unifsa.com.br\/site\/wp-content\/uploads\/2024\/09\/2-4-768x1086.jpg 768w, https:\/\/unifsa.com.br\/site\/wp-content\/uploads\/2024\/09\/2-4-1086x1536.jpg 1086w, https:\/\/unifsa.com.br\/site\/wp-content\/uploads\/2024\/09\/2-4.jpg 1414w\" sizes=\"(max-width: 724px) 100vw, 724px\" \/><\/figure>\n\n\n\n<figure class=\"wp-block-image size-large\"><img decoding=\"async\" width=\"724\" height=\"1024\" data-id=\"35594\" src=\"https:\/\/unifsa.com.br\/site\/wp-content\/uploads\/2024\/09\/3-4-724x1024.jpg\" alt=\"\" class=\"wp-image-35594\" srcset=\"https:\/\/unifsa.com.br\/site\/wp-content\/uploads\/2024\/09\/3-4-724x1024.jpg 724w, https:\/\/unifsa.com.br\/site\/wp-content\/uploads\/2024\/09\/3-4-212x300.jpg 212w, https:\/\/unifsa.com.br\/site\/wp-content\/uploads\/2024\/09\/3-4-768x1086.jpg 768w, https:\/\/unifsa.com.br\/site\/wp-content\/uploads\/2024\/09\/3-4-1086x1536.jpg 1086w, https:\/\/unifsa.com.br\/site\/wp-content\/uploads\/2024\/09\/3-4.jpg 1414w\" sizes=\"(max-width: 724px) 100vw, 724px\" \/><\/figure>\n\n\n\n<figure class=\"wp-block-image size-large\"><img decoding=\"async\" width=\"724\" height=\"1024\" data-id=\"35596\" src=\"https:\/\/unifsa.com.br\/site\/wp-content\/uploads\/2024\/09\/4-1-724x1024.jpg\" alt=\"\" class=\"wp-image-35596\" srcset=\"https:\/\/unifsa.com.br\/site\/wp-content\/uploads\/2024\/09\/4-1-724x1024.jpg 724w, https:\/\/unifsa.com.br\/site\/wp-content\/uploads\/2024\/09\/4-1-212x300.jpg 212w, https:\/\/unifsa.com.br\/site\/wp-content\/uploads\/2024\/09\/4-1-768x1086.jpg 768w, https:\/\/unifsa.com.br\/site\/wp-content\/uploads\/2024\/09\/4-1-1086x1536.jpg 1086w, https:\/\/unifsa.com.br\/site\/wp-content\/uploads\/2024\/09\/4-1.jpg 1414w\" sizes=\"(max-width: 724px) 100vw, 724px\" \/><\/figure>\n<\/figure>\n\n\n\n<p>A participa\u00e7\u00e3o dos alunos do UNIFSA foi not\u00e1vel, com mais de 30 trabalhos cient\u00edficos apresentados, fruto da dedica\u00e7\u00e3o e engajamento dos estudantes e professores. Entre os destaques, o aluno Lu\u00eds Fernando Neres dos Santos, do 3\u00ba per\u00edodo de Enfermagem, apresentou seis trabalhos, sendo dois como autor e quatro como coautor.<\/p>\n\n\n<div class=\"wp-block-image\">\n<figure class=\"aligncenter size-large is-resized\"><img loading=\"lazy\" decoding=\"async\" width=\"768\" height=\"1024\" src=\"https:\/\/unifsa.com.br\/site\/wp-content\/uploads\/2024\/09\/WhatsApp-Image-2024-09-23-at-17.29.13-768x1024.jpeg\" alt=\"\" class=\"wp-image-35597\" style=\"width:298px;height:auto\" srcset=\"https:\/\/unifsa.com.br\/site\/wp-content\/uploads\/2024\/09\/WhatsApp-Image-2024-09-23-at-17.29.13-768x1024.jpeg 768w, https:\/\/unifsa.com.br\/site\/wp-content\/uploads\/2024\/09\/WhatsApp-Image-2024-09-23-at-17.29.13-225x300.jpeg 225w, https:\/\/unifsa.com.br\/site\/wp-content\/uploads\/2024\/09\/WhatsApp-Image-2024-09-23-at-17.29.13.jpeg 960w\" sizes=\"(max-width: 768px) 100vw, 768px\" \/><\/figure>\n<\/div>\n\n\n<p>Um dos trabalhos apresentados por Lu\u00eds Fernando, intitulado &#8220;Interdisciplinaridade para o Combate \u00e0 Dengue: Um Relato de Experi\u00eancia&#8221;, foi desenvolvido em parceria com o curso de Medicina Veterin\u00e1ria, demonstrando a relev\u00e2ncia da integra\u00e7\u00e3o entre diferentes \u00e1reas do conhecimento. Segundo o aluno, &#8220;essa experi\u00eancia foi realizada ainda no 2\u00ba per\u00edodo da gradua\u00e7\u00e3o e me fez perceber a import\u00e2ncia da integra\u00e7\u00e3o entre diferentes \u00e1reas, promovendo um aprendizado mais abrangente e eficaz&#8221;.<\/p>\n\n\n\n<p>Outro projeto relevante foi o relato de experi\u00eancia intitulado &#8220;Monitoria e a Contribui\u00e7\u00e3o na Forma\u00e7\u00e3o do Futuro Enfermeiro&#8221;, que destacou a import\u00e2ncia das atividades de monitoria na forma\u00e7\u00e3o acad\u00eamica. O trabalho foi fruto da participa\u00e7\u00e3o de Lu\u00eds Fernando como monitor durante a XIV Semana de Enfermagem e I Jornada Acad\u00eamica de Enfermagem do UNIFSA. &#8220;Essa viv\u00eancia n\u00e3o apenas enriqueceu meu aprendizado, mas tamb\u00e9m refor\u00e7ou o compromisso da UNIFSA com a forma\u00e7\u00e3o integral dos alunos, por meio da pesquisa e extens\u00e3o&#8221;, destacou o estudante.<\/p>\n\n\n\n<p>A professora e coordenadora da Semana de Enfermagem, Ma. Polyana Norberta Mendes, teve papel fundamental na orienta\u00e7\u00e3o dos alunos. &#8220;Essas iniciativas demonstram como o UNIFSA se dedica em promover um ambiente acad\u00eamico que valoriza a pesquisa, o ensino e a extens\u00e3o&#8221;, completou o aluno Lu\u00eds Fernando.<\/p>\n\n\n\n<p>Para a coordenadora do curso de Enfermagem do UNIFSA, Prof\u00aa Dr\u00aa Karla Joelma Bezerra Cunha, o evento foi uma oportunidade \u00fanica de troca de conhecimentos e fortalecimento da pesquisa acad\u00eamica. &#8220;Foi um evento grandioso e nossos alunos puderam expor suas pesquisas, articuladas ao ensino e \u00e0 extens\u00e3o, resultado das atividades desenvolvidas e motivadas pelo Centro Universit\u00e1rio Santo Agostinho&#8221;, afirmou.<\/p>\n\n\n\n<figure class=\"wp-block-gallery has-nested-images columns-default is-cropped wp-block-gallery-2 is-layout-flex wp-block-gallery-is-layout-flex\">\n<figure class=\"wp-block-image size-large\"><img loading=\"lazy\" decoding=\"async\" width=\"724\" height=\"1024\" data-id=\"35603\" src=\"https:\/\/unifsa.com.br\/site\/wp-content\/uploads\/2024\/09\/5-1-724x1024.jpg\" alt=\"\" class=\"wp-image-35603\" srcset=\"https:\/\/unifsa.com.br\/site\/wp-content\/uploads\/2024\/09\/5-1-724x1024.jpg 724w, https:\/\/unifsa.com.br\/site\/wp-content\/uploads\/2024\/09\/5-1-212x300.jpg 212w, https:\/\/unifsa.com.br\/site\/wp-content\/uploads\/2024\/09\/5-1-768x1086.jpg 768w, https:\/\/unifsa.com.br\/site\/wp-content\/uploads\/2024\/09\/5-1-1086x1536.jpg 1086w, https:\/\/unifsa.com.br\/site\/wp-content\/uploads\/2024\/09\/5-1.jpg 1414w\" sizes=\"(max-width: 724px) 100vw, 724px\" \/><\/figure>\n\n\n\n<figure class=\"wp-block-image size-large\"><img loading=\"lazy\" decoding=\"async\" width=\"724\" height=\"1024\" data-id=\"35606\" src=\"https:\/\/unifsa.com.br\/site\/wp-content\/uploads\/2024\/09\/6-1-724x1024.jpg\" alt=\"\" class=\"wp-image-35606\" srcset=\"https:\/\/unifsa.com.br\/site\/wp-content\/uploads\/2024\/09\/6-1-724x1024.jpg 724w, https:\/\/unifsa.com.br\/site\/wp-content\/uploads\/2024\/09\/6-1-212x300.jpg 212w, https:\/\/unifsa.com.br\/site\/wp-content\/uploads\/2024\/09\/6-1-768x1086.jpg 768w, https:\/\/unifsa.com.br\/site\/wp-content\/uploads\/2024\/09\/6-1-1086x1536.jpg 1086w, https:\/\/unifsa.com.br\/site\/wp-content\/uploads\/2024\/09\/6-1.jpg 1414w\" sizes=\"(max-width: 724px) 100vw, 724px\" \/><\/figure>\n\n\n\n<figure class=\"wp-block-image size-large\"><img loading=\"lazy\" decoding=\"async\" width=\"724\" height=\"1024\" data-id=\"35605\" src=\"https:\/\/unifsa.com.br\/site\/wp-content\/uploads\/2024\/09\/7-1-724x1024.jpg\" alt=\"\" class=\"wp-image-35605\" srcset=\"https:\/\/unifsa.com.br\/site\/wp-content\/uploads\/2024\/09\/7-1-724x1024.jpg 724w, https:\/\/unifsa.com.br\/site\/wp-content\/uploads\/2024\/09\/7-1-212x300.jpg 212w, https:\/\/unifsa.com.br\/site\/wp-content\/uploads\/2024\/09\/7-1-768x1086.jpg 768w, https:\/\/unifsa.com.br\/site\/wp-content\/uploads\/2024\/09\/7-1-1086x1536.jpg 1086w, https:\/\/unifsa.com.br\/site\/wp-content\/uploads\/2024\/09\/7-1.jpg 1414w\" sizes=\"(max-width: 724px) 100vw, 724px\" \/><\/figure>\n\n\n\n<figure class=\"wp-block-image size-large\"><img loading=\"lazy\" decoding=\"async\" width=\"724\" height=\"1024\" data-id=\"35607\" src=\"https:\/\/unifsa.com.br\/site\/wp-content\/uploads\/2024\/09\/8-1-724x1024.jpg\" alt=\"\" class=\"wp-image-35607\" srcset=\"https:\/\/unifsa.com.br\/site\/wp-content\/uploads\/2024\/09\/8-1-724x1024.jpg 724w, https:\/\/unifsa.com.br\/site\/wp-content\/uploads\/2024\/09\/8-1-212x300.jpg 212w, https:\/\/unifsa.com.br\/site\/wp-content\/uploads\/2024\/09\/8-1-768x1086.jpg 768w, https:\/\/unifsa.com.br\/site\/wp-content\/uploads\/2024\/09\/8-1-1086x1536.jpg 1086w, https:\/\/unifsa.com.br\/site\/wp-content\/uploads\/2024\/09\/8-1.jpg 1414w\" sizes=\"(max-width: 724px) 100vw, 724px\" \/><\/figure>\n\n\n\n<figure class=\"wp-block-image size-large\"><img loading=\"lazy\" decoding=\"async\" width=\"724\" height=\"1024\" data-id=\"35601\" src=\"https:\/\/unifsa.com.br\/site\/wp-content\/uploads\/2024\/09\/9-1-724x1024.jpg\" alt=\"\" class=\"wp-image-35601\" srcset=\"https:\/\/unifsa.com.br\/site\/wp-content\/uploads\/2024\/09\/9-1-724x1024.jpg 724w, https:\/\/unifsa.com.br\/site\/wp-content\/uploads\/2024\/09\/9-1-212x300.jpg 212w, https:\/\/unifsa.com.br\/site\/wp-content\/uploads\/2024\/09\/9-1-768x1086.jpg 768w, https:\/\/unifsa.com.br\/site\/wp-content\/uploads\/2024\/09\/9-1-1086x1536.jpg 1086w, https:\/\/unifsa.com.br\/site\/wp-content\/uploads\/2024\/09\/9-1.jpg 1414w\" sizes=\"(max-width: 724px) 100vw, 724px\" \/><\/figure>\n\n\n\n<figure class=\"wp-block-image size-large\"><img loading=\"lazy\" decoding=\"async\" width=\"724\" height=\"1024\" data-id=\"35602\" src=\"https:\/\/unifsa.com.br\/site\/wp-content\/uploads\/2024\/09\/10-724x1024.jpg\" alt=\"\" class=\"wp-image-35602\" srcset=\"https:\/\/unifsa.com.br\/site\/wp-content\/uploads\/2024\/09\/10-724x1024.jpg 724w, https:\/\/unifsa.com.br\/site\/wp-content\/uploads\/2024\/09\/10-212x300.jpg 212w, https:\/\/unifsa.com.br\/site\/wp-content\/uploads\/2024\/09\/10-768x1086.jpg 768w, https:\/\/unifsa.com.br\/site\/wp-content\/uploads\/2024\/09\/10-1086x1536.jpg 1086w, https:\/\/unifsa.com.br\/site\/wp-content\/uploads\/2024\/09\/10.jpg 1414w\" sizes=\"(max-width: 724px) 100vw, 724px\" \/><\/figure>\n\n\n\n<figure class=\"wp-block-image size-large\"><img loading=\"lazy\" decoding=\"async\" width=\"724\" height=\"1024\" data-id=\"35604\" src=\"https:\/\/unifsa.com.br\/site\/wp-content\/uploads\/2024\/09\/11-724x1024.jpg\" alt=\"\" class=\"wp-image-35604\" srcset=\"https:\/\/unifsa.com.br\/site\/wp-content\/uploads\/2024\/09\/11-724x1024.jpg 724w, https:\/\/unifsa.com.br\/site\/wp-content\/uploads\/2024\/09\/11-212x300.jpg 212w, https:\/\/unifsa.com.br\/site\/wp-content\/uploads\/2024\/09\/11-768x1086.jpg 768w, https:\/\/unifsa.com.br\/site\/wp-content\/uploads\/2024\/09\/11-1086x1536.jpg 1086w, https:\/\/unifsa.com.br\/site\/wp-content\/uploads\/2024\/09\/11.jpg 1414w\" sizes=\"(max-width: 724px) 100vw, 724px\" \/><\/figure>\n\n\n\n<figure class=\"wp-block-image size-large\"><img loading=\"lazy\" decoding=\"async\" width=\"768\" height=\"1024\" data-id=\"35600\" src=\"https:\/\/unifsa.com.br\/site\/wp-content\/uploads\/2024\/09\/WhatsApp-Image-2024-09-23-at-17.31.11-768x1024.jpeg\" alt=\"\" class=\"wp-image-35600\" srcset=\"https:\/\/unifsa.com.br\/site\/wp-content\/uploads\/2024\/09\/WhatsApp-Image-2024-09-23-at-17.31.11-768x1024.jpeg 768w, https:\/\/unifsa.com.br\/site\/wp-content\/uploads\/2024\/09\/WhatsApp-Image-2024-09-23-at-17.31.11-225x300.jpeg 225w, https:\/\/unifsa.com.br\/site\/wp-content\/uploads\/2024\/09\/WhatsApp-Image-2024-09-23-at-17.31.11-1152x1536.jpeg 1152w, https:\/\/unifsa.com.br\/site\/wp-content\/uploads\/2024\/09\/WhatsApp-Image-2024-09-23-at-17.31.11.jpeg 1200w\" sizes=\"(max-width: 768px) 100vw, 768px\" \/><\/figure>\n\n\n\n<figure class=\"wp-block-image size-large\"><img loading=\"lazy\" decoding=\"async\" width=\"768\" height=\"1024\" data-id=\"35599\" src=\"https:\/\/unifsa.com.br\/site\/wp-content\/uploads\/2024\/09\/WhatsApp-Image-2024-09-23-at-17.31.10-768x1024.jpeg\" alt=\"\" class=\"wp-image-35599\" srcset=\"https:\/\/unifsa.com.br\/site\/wp-content\/uploads\/2024\/09\/WhatsApp-Image-2024-09-23-at-17.31.10-768x1024.jpeg 768w, https:\/\/unifsa.com.br\/site\/wp-content\/uploads\/2024\/09\/WhatsApp-Image-2024-09-23-at-17.31.10-225x300.jpeg 225w, https:\/\/unifsa.com.br\/site\/wp-content\/uploads\/2024\/09\/WhatsApp-Image-2024-09-23-at-17.31.10-1152x1536.jpeg 1152w, https:\/\/unifsa.com.br\/site\/wp-content\/uploads\/2024\/09\/WhatsApp-Image-2024-09-23-at-17.31.10.jpeg 1200w\" sizes=\"(max-width: 768px) 100vw, 768px\" \/><\/figure>\n<\/figure>\n\n\n\n<p><\/p>\n","protected":false},"excerpt":{"rendered":"<p>Os estudantes de Enfermagem do Centro Universit\u00e1rio Santo Agostinho (UNIFSA) marcaram presen\u00e7a de forma expressiva no 26\u00ba Congresso Brasileiro dos Conselhos de Enfermagem (CBCENF), o maior evento da \u00e1rea na Am\u00e9rica Latina. Realizado entre os dias 16 e 19 de setembro de 2024, no Centro de Conven\u00e7\u00f5es de Pernambuco, em Recife, o congresso reuniu profissionais,<\/p>\n","protected":false},"author":9,"featured_media":35593,"comment_status":"closed","ping_status":"open","sticky":false,"template":"","format":"standard","meta":{"_acf_changed":false,"footnotes":""},"categories":[6,59],"tags":[],"class_list":["post-35591","post","type-post","status-publish","format-standard","has-post-thumbnail","hentry","category-acontece-na-unifsa","category-enfermagem"],"acf":[],"yoast_head":"<!-- This site is optimized with the Yoast SEO plugin v26.5 - https:\/\/yoast.com\/wordpress\/plugins\/seo\/ -->\n<title>Alunos do curso de Enfermagem do UNIFSA se destacam no maior Congresso de Enfermagem da Am\u00e9rica Latina, o CBCENF 2024 - Centro Universit\u00e1rio Santo Agostinho - UNIFSA<\/title>\n<meta name=\"robots\" content=\"index, follow, max-snippet:-1, max-image-preview:large, max-video-preview:-1\" \/>\n<link rel=\"canonical\" href=\"https:\/\/unifsa.com.br\/site\/alunos-do-curso-de-enfermagem-do-unifsa-se-destacam-no-maior-congresso-de-enfermagem-da-america-latina-o-cbcenf-2024\/\" \/>\n<meta property=\"og:locale\" content=\"pt_BR\" \/>\n<meta property=\"og:type\" content=\"article\" \/>\n<meta property=\"og:title\" content=\"Alunos do curso de Enfermagem do UNIFSA se destacam no maior Congresso de Enfermagem da Am\u00e9rica Latina, o CBCENF 2024 - Centro Universit\u00e1rio Santo Agostinho - UNIFSA\" \/>\n<meta property=\"og:description\" content=\"Os estudantes de Enfermagem do Centro Universit\u00e1rio Santo Agostinho (UNIFSA) marcaram presen\u00e7a de forma expressiva no 26\u00ba Congresso Brasileiro dos Conselhos de Enfermagem (CBCENF), o maior evento da \u00e1rea na Am\u00e9rica Latina. Realizado entre os dias 16 e 19 de setembro de 2024, no Centro de Conven\u00e7\u00f5es de Pernambuco, em Recife, o congresso reuniu profissionais,\" \/>\n<meta property=\"og:url\" content=\"https:\/\/unifsa.com.br\/site\/alunos-do-curso-de-enfermagem-do-unifsa-se-destacam-no-maior-congresso-de-enfermagem-da-america-latina-o-cbcenf-2024\/\" \/>\n<meta property=\"og:site_name\" content=\"Centro Universit\u00e1rio Santo Agostinho - UNIFSA\" \/>\n<meta property=\"article:publisher\" content=\"https:\/\/www.facebook.com\/unifsa\/\" \/>\n<meta property=\"article:published_time\" content=\"2024-09-26T14:39:57+00:00\" \/>\n<meta property=\"article:modified_time\" content=\"2024-09-26T15:24:57+00:00\" \/>\n<meta property=\"og:image\" content=\"https:\/\/unifsa.com.br\/site\/wp-content\/uploads\/2024\/09\/b7e1f252-e69c-4137-ab7c-7888485d7b30.pdf-Apresentacao-1.jpg\" \/>\n\t<meta property=\"og:image:width\" content=\"1920\" \/>\n\t<meta property=\"og:image:height\" content=\"1080\" \/>\n\t<meta property=\"og:image:type\" content=\"image\/jpeg\" \/>\n<meta name=\"author\" content=\"La\u00eds Maria Matos Barradas\" \/>\n<meta name=\"twitter:card\" content=\"summary_large_image\" \/>\n<meta name=\"twitter:label1\" content=\"Escrito por\" \/>\n\t<meta name=\"twitter:data1\" content=\"La\u00eds Maria Matos Barradas\" \/>\n\t<meta name=\"twitter:label2\" content=\"Est. tempo de leitura\" \/>\n\t<meta name=\"twitter:data2\" content=\"5 minutos\" \/>\n<script type=\"application\/ld+json\" class=\"yoast-schema-graph\">{\"@context\":\"https:\/\/schema.org\",\"@graph\":[{\"@type\":\"Article\",\"@id\":\"https:\/\/unifsa.com.br\/site\/alunos-do-curso-de-enfermagem-do-unifsa-se-destacam-no-maior-congresso-de-enfermagem-da-america-latina-o-cbcenf-2024\/#article\",\"isPartOf\":{\"@id\":\"https:\/\/unifsa.com.br\/site\/alunos-do-curso-de-enfermagem-do-unifsa-se-destacam-no-maior-congresso-de-enfermagem-da-america-latina-o-cbcenf-2024\/\"},\"author\":{\"name\":\"La\u00eds Maria Matos Barradas\",\"@id\":\"https:\/\/unifsa.com.br\/site\/#\/schema\/person\/415c79d344f0e698644c1d29997b4ea8\"},\"headline\":\"Alunos do curso de Enfermagem do UNIFSA se destacam no maior Congresso de Enfermagem da Am\u00e9rica Latina, o CBCENF 2024\",\"datePublished\":\"2024-09-26T14:39:57+00:00\",\"dateModified\":\"2024-09-26T15:24:57+00:00\",\"mainEntityOfPage\":{\"@id\":\"https:\/\/unifsa.com.br\/site\/alunos-do-curso-de-enfermagem-do-unifsa-se-destacam-no-maior-congresso-de-enfermagem-da-america-latina-o-cbcenf-2024\/\"},\"wordCount\":437,\"publisher\":{\"@id\":\"https:\/\/unifsa.com.br\/site\/#organization\"},\"image\":{\"@id\":\"https:\/\/unifsa.com.br\/site\/alunos-do-curso-de-enfermagem-do-unifsa-se-destacam-no-maior-congresso-de-enfermagem-da-america-latina-o-cbcenf-2024\/#primaryimage\"},\"thumbnailUrl\":\"https:\/\/unifsa.com.br\/site\/wp-content\/uploads\/2024\/09\/b7e1f252-e69c-4137-ab7c-7888485d7b30.pdf-Apresentacao-1.jpg\",\"articleSection\":[\"Acontece na UNIFSA\",\"Enfermagem\"],\"inLanguage\":\"pt-BR\"},{\"@type\":\"WebPage\",\"@id\":\"https:\/\/unifsa.com.br\/site\/alunos-do-curso-de-enfermagem-do-unifsa-se-destacam-no-maior-congresso-de-enfermagem-da-america-latina-o-cbcenf-2024\/\",\"url\":\"https:\/\/unifsa.com.br\/site\/alunos-do-curso-de-enfermagem-do-unifsa-se-destacam-no-maior-congresso-de-enfermagem-da-america-latina-o-cbcenf-2024\/\",\"name\":\"Alunos do curso de Enfermagem do UNIFSA se destacam no maior Congresso de Enfermagem da Am\u00e9rica Latina, o CBCENF 2024 - Centro Universit\u00e1rio Santo Agostinho - UNIFSA\",\"isPartOf\":{\"@id\":\"https:\/\/unifsa.com.br\/site\/#website\"},\"primaryImageOfPage\":{\"@id\":\"https:\/\/unifsa.com.br\/site\/alunos-do-curso-de-enfermagem-do-unifsa-se-destacam-no-maior-congresso-de-enfermagem-da-america-latina-o-cbcenf-2024\/#primaryimage\"},\"image\":{\"@id\":\"https:\/\/unifsa.com.br\/site\/alunos-do-curso-de-enfermagem-do-unifsa-se-destacam-no-maior-congresso-de-enfermagem-da-america-latina-o-cbcenf-2024\/#primaryimage\"},\"thumbnailUrl\":\"https:\/\/unifsa.com.br\/site\/wp-content\/uploads\/2024\/09\/b7e1f252-e69c-4137-ab7c-7888485d7b30.pdf-Apresentacao-1.jpg\",\"datePublished\":\"2024-09-26T14:39:57+00:00\",\"dateModified\":\"2024-09-26T15:24:57+00:00\",\"breadcrumb\":{\"@id\":\"https:\/\/unifsa.com.br\/site\/alunos-do-curso-de-enfermagem-do-unifsa-se-destacam-no-maior-congresso-de-enfermagem-da-america-latina-o-cbcenf-2024\/#breadcrumb\"},\"inLanguage\":\"pt-BR\",\"potentialAction\":[{\"@type\":\"ReadAction\",\"target\":[\"https:\/\/unifsa.com.br\/site\/alunos-do-curso-de-enfermagem-do-unifsa-se-destacam-no-maior-congresso-de-enfermagem-da-america-latina-o-cbcenf-2024\/\"]}]},{\"@type\":\"ImageObject\",\"inLanguage\":\"pt-BR\",\"@id\":\"https:\/\/unifsa.com.br\/site\/alunos-do-curso-de-enfermagem-do-unifsa-se-destacam-no-maior-congresso-de-enfermagem-da-america-latina-o-cbcenf-2024\/#primaryimage\",\"url\":\"https:\/\/unifsa.com.br\/site\/wp-content\/uploads\/2024\/09\/b7e1f252-e69c-4137-ab7c-7888485d7b30.pdf-Apresentacao-1.jpg\",\"contentUrl\":\"https:\/\/unifsa.com.br\/site\/wp-content\/uploads\/2024\/09\/b7e1f252-e69c-4137-ab7c-7888485d7b30.pdf-Apresentacao-1.jpg\",\"width\":1920,\"height\":1080},{\"@type\":\"BreadcrumbList\",\"@id\":\"https:\/\/unifsa.com.br\/site\/alunos-do-curso-de-enfermagem-do-unifsa-se-destacam-no-maior-congresso-de-enfermagem-da-america-latina-o-cbcenf-2024\/#breadcrumb\",\"itemListElement\":[{\"@type\":\"ListItem\",\"position\":1,\"name\":\"In\u00edcio\",\"item\":\"https:\/\/unifsa.com.br\/site\/\"},{\"@type\":\"ListItem\",\"position\":2,\"name\":\"Alunos do curso de Enfermagem do UNIFSA se destacam no maior Congresso de Enfermagem da Am\u00e9rica Latina, o CBCENF 2024\"}]},{\"@type\":\"WebSite\",\"@id\":\"https:\/\/unifsa.com.br\/site\/#website\",\"url\":\"https:\/\/unifsa.com.br\/site\/\",\"name\":\"Centro Universit\u00e1rio Santo Agostinho - UNIFSA\",\"description\":\"Conhecimento para toda a vida\",\"publisher\":{\"@id\":\"https:\/\/unifsa.com.br\/site\/#organization\"},\"potentialAction\":[{\"@type\":\"SearchAction\",\"target\":{\"@type\":\"EntryPoint\",\"urlTemplate\":\"https:\/\/unifsa.com.br\/site\/?s={search_term_string}\"},\"query-input\":{\"@type\":\"PropertyValueSpecification\",\"valueRequired\":true,\"valueName\":\"search_term_string\"}}],\"inLanguage\":\"pt-BR\"},{\"@type\":\"Organization\",\"@id\":\"https:\/\/unifsa.com.br\/site\/#organization\",\"name\":\"Centro Universit\u00e1rio Santo Agostinho - UNIFSA\",\"url\":\"https:\/\/unifsa.com.br\/site\/\",\"logo\":{\"@type\":\"ImageObject\",\"inLanguage\":\"pt-BR\",\"@id\":\"https:\/\/unifsa.com.br\/site\/#\/schema\/logo\/image\/\",\"url\":\"https:\/\/unifsa.com.br\/site\/wp-content\/uploads\/2023\/03\/MARCA-UNIFSA-CIC23-q2apjs1mt975cf1wl25b044coj90fwoiee1kya6800.png\",\"contentUrl\":\"https:\/\/unifsa.com.br\/site\/wp-content\/uploads\/2023\/03\/MARCA-UNIFSA-CIC23-q2apjs1mt975cf1wl25b044coj90fwoiee1kya6800.png\",\"width\":103,\"height\":100,\"caption\":\"Centro Universit\u00e1rio Santo Agostinho - UNIFSA\"},\"image\":{\"@id\":\"https:\/\/unifsa.com.br\/site\/#\/schema\/logo\/image\/\"},\"sameAs\":[\"https:\/\/www.facebook.com\/unifsa\/\",\"https:\/\/www.instagram.com\/unifsa\/\"]},{\"@type\":\"Person\",\"@id\":\"https:\/\/unifsa.com.br\/site\/#\/schema\/person\/415c79d344f0e698644c1d29997b4ea8\",\"name\":\"La\u00eds Maria Matos Barradas\",\"image\":{\"@type\":\"ImageObject\",\"inLanguage\":\"pt-BR\",\"@id\":\"https:\/\/unifsa.com.br\/site\/#\/schema\/person\/image\/\",\"url\":\"https:\/\/secure.gravatar.com\/avatar\/da15e6cd8e1aa267693a3720f1118763e970b03de2d998ee874f68b1f91042b8?s=96&d=mm&r=g\",\"contentUrl\":\"https:\/\/secure.gravatar.com\/avatar\/da15e6cd8e1aa267693a3720f1118763e970b03de2d998ee874f68b1f91042b8?s=96&d=mm&r=g\",\"caption\":\"La\u00eds Maria Matos Barradas\"},\"url\":\"https:\/\/unifsa.com.br\/site\/author\/laismbarradas\/\"}]}<\/script>\n<!-- \/ Yoast SEO plugin. -->","yoast_head_json":{"title":"Alunos do curso de Enfermagem do UNIFSA se destacam no maior Congresso de Enfermagem da Am\u00e9rica Latina, o CBCENF 2024 - Centro Universit\u00e1rio Santo Agostinho - UNIFSA","robots":{"index":"index","follow":"follow","max-snippet":"max-snippet:-1","max-image-preview":"max-image-preview:large","max-video-preview":"max-video-preview:-1"},"canonical":"https:\/\/unifsa.com.br\/site\/alunos-do-curso-de-enfermagem-do-unifsa-se-destacam-no-maior-congresso-de-enfermagem-da-america-latina-o-cbcenf-2024\/","og_locale":"pt_BR","og_type":"article","og_title":"Alunos do curso de Enfermagem do UNIFSA se destacam no maior Congresso de Enfermagem da Am\u00e9rica Latina, o CBCENF 2024 - Centro Universit\u00e1rio Santo Agostinho - UNIFSA","og_description":"Os estudantes de Enfermagem do Centro Universit\u00e1rio Santo Agostinho (UNIFSA) marcaram presen\u00e7a de forma expressiva no 26\u00ba Congresso Brasileiro dos Conselhos de Enfermagem (CBCENF), o maior evento da \u00e1rea na Am\u00e9rica Latina. Realizado entre os dias 16 e 19 de setembro de 2024, no Centro de Conven\u00e7\u00f5es de Pernambuco, em Recife, o congresso reuniu profissionais,","og_url":"https:\/\/unifsa.com.br\/site\/alunos-do-curso-de-enfermagem-do-unifsa-se-destacam-no-maior-congresso-de-enfermagem-da-america-latina-o-cbcenf-2024\/","og_site_name":"Centro Universit\u00e1rio Santo Agostinho - UNIFSA","article_publisher":"https:\/\/www.facebook.com\/unifsa\/","article_published_time":"2024-09-26T14:39:57+00:00","article_modified_time":"2024-09-26T15:24:57+00:00","og_image":[{"width":1920,"height":1080,"url":"https:\/\/unifsa.com.br\/site\/wp-content\/uploads\/2024\/09\/b7e1f252-e69c-4137-ab7c-7888485d7b30.pdf-Apresentacao-1.jpg","type":"image\/jpeg"}],"author":"La\u00eds Maria Matos Barradas","twitter_card":"summary_large_image","twitter_misc":{"Escrito por":"La\u00eds Maria Matos Barradas","Est. tempo de leitura":"5 minutos"},"schema":{"@context":"https:\/\/schema.org","@graph":[{"@type":"Article","@id":"https:\/\/unifsa.com.br\/site\/alunos-do-curso-de-enfermagem-do-unifsa-se-destacam-no-maior-congresso-de-enfermagem-da-america-latina-o-cbcenf-2024\/#article","isPartOf":{"@id":"https:\/\/unifsa.com.br\/site\/alunos-do-curso-de-enfermagem-do-unifsa-se-destacam-no-maior-congresso-de-enfermagem-da-america-latina-o-cbcenf-2024\/"},"author":{"name":"La\u00eds Maria Matos Barradas","@id":"https:\/\/unifsa.com.br\/site\/#\/schema\/person\/415c79d344f0e698644c1d29997b4ea8"},"headline":"Alunos do curso de Enfermagem do UNIFSA se destacam no maior Congresso de Enfermagem da Am\u00e9rica Latina, o CBCENF 2024","datePublished":"2024-09-26T14:39:57+00:00","dateModified":"2024-09-26T15:24:57+00:00","mainEntityOfPage":{"@id":"https:\/\/unifsa.com.br\/site\/alunos-do-curso-de-enfermagem-do-unifsa-se-destacam-no-maior-congresso-de-enfermagem-da-america-latina-o-cbcenf-2024\/"},"wordCount":437,"publisher":{"@id":"https:\/\/unifsa.com.br\/site\/#organization"},"image":{"@id":"https:\/\/unifsa.com.br\/site\/alunos-do-curso-de-enfermagem-do-unifsa-se-destacam-no-maior-congresso-de-enfermagem-da-america-latina-o-cbcenf-2024\/#primaryimage"},"thumbnailUrl":"https:\/\/unifsa.com.br\/site\/wp-content\/uploads\/2024\/09\/b7e1f252-e69c-4137-ab7c-7888485d7b30.pdf-Apresentacao-1.jpg","articleSection":["Acontece na UNIFSA","Enfermagem"],"inLanguage":"pt-BR"},{"@type":"WebPage","@id":"https:\/\/unifsa.com.br\/site\/alunos-do-curso-de-enfermagem-do-unifsa-se-destacam-no-maior-congresso-de-enfermagem-da-america-latina-o-cbcenf-2024\/","url":"https:\/\/unifsa.com.br\/site\/alunos-do-curso-de-enfermagem-do-unifsa-se-destacam-no-maior-congresso-de-enfermagem-da-america-latina-o-cbcenf-2024\/","name":"Alunos do curso de Enfermagem do UNIFSA se destacam no maior Congresso de Enfermagem da Am\u00e9rica Latina, o CBCENF 2024 - Centro Universit\u00e1rio Santo Agostinho - UNIFSA","isPartOf":{"@id":"https:\/\/unifsa.com.br\/site\/#website"},"primaryImageOfPage":{"@id":"https:\/\/unifsa.com.br\/site\/alunos-do-curso-de-enfermagem-do-unifsa-se-destacam-no-maior-congresso-de-enfermagem-da-america-latina-o-cbcenf-2024\/#primaryimage"},"image":{"@id":"https:\/\/unifsa.com.br\/site\/alunos-do-curso-de-enfermagem-do-unifsa-se-destacam-no-maior-congresso-de-enfermagem-da-america-latina-o-cbcenf-2024\/#primaryimage"},"thumbnailUrl":"https:\/\/unifsa.com.br\/site\/wp-content\/uploads\/2024\/09\/b7e1f252-e69c-4137-ab7c-7888485d7b30.pdf-Apresentacao-1.jpg","datePublished":"2024-09-26T14:39:57+00:00","dateModified":"2024-09-26T15:24:57+00:00","breadcrumb":{"@id":"https:\/\/unifsa.com.br\/site\/alunos-do-curso-de-enfermagem-do-unifsa-se-destacam-no-maior-congresso-de-enfermagem-da-america-latina-o-cbcenf-2024\/#breadcrumb"},"inLanguage":"pt-BR","potentialAction":[{"@type":"ReadAction","target":["https:\/\/unifsa.com.br\/site\/alunos-do-curso-de-enfermagem-do-unifsa-se-destacam-no-maior-congresso-de-enfermagem-da-america-latina-o-cbcenf-2024\/"]}]},{"@type":"ImageObject","inLanguage":"pt-BR","@id":"https:\/\/unifsa.com.br\/site\/alunos-do-curso-de-enfermagem-do-unifsa-se-destacam-no-maior-congresso-de-enfermagem-da-america-latina-o-cbcenf-2024\/#primaryimage","url":"https:\/\/unifsa.com.br\/site\/wp-content\/uploads\/2024\/09\/b7e1f252-e69c-4137-ab7c-7888485d7b30.pdf-Apresentacao-1.jpg","contentUrl":"https:\/\/unifsa.com.br\/site\/wp-content\/uploads\/2024\/09\/b7e1f252-e69c-4137-ab7c-7888485d7b30.pdf-Apresentacao-1.jpg","width":1920,"height":1080},{"@type":"BreadcrumbList","@id":"https:\/\/unifsa.com.br\/site\/alunos-do-curso-de-enfermagem-do-unifsa-se-destacam-no-maior-congresso-de-enfermagem-da-america-latina-o-cbcenf-2024\/#breadcrumb","itemListElement":[{"@type":"ListItem","position":1,"name":"In\u00edcio","item":"https:\/\/unifsa.com.br\/site\/"},{"@type":"ListItem","position":2,"name":"Alunos do curso de Enfermagem do UNIFSA se destacam no maior Congresso de Enfermagem da Am\u00e9rica Latina, o CBCENF 2024"}]},{"@type":"WebSite","@id":"https:\/\/unifsa.com.br\/site\/#website","url":"https:\/\/unifsa.com.br\/site\/","name":"Centro Universit\u00e1rio Santo Agostinho - UNIFSA","description":"Conhecimento para toda a vida","publisher":{"@id":"https:\/\/unifsa.com.br\/site\/#organization"},"potentialAction":[{"@type":"SearchAction","target":{"@type":"EntryPoint","urlTemplate":"https:\/\/unifsa.com.br\/site\/?s={search_term_string}"},"query-input":{"@type":"PropertyValueSpecification","valueRequired":true,"valueName":"search_term_string"}}],"inLanguage":"pt-BR"},{"@type":"Organization","@id":"https:\/\/unifsa.com.br\/site\/#organization","name":"Centro Universit\u00e1rio Santo Agostinho - UNIFSA","url":"https:\/\/unifsa.com.br\/site\/","logo":{"@type":"ImageObject","inLanguage":"pt-BR","@id":"https:\/\/unifsa.com.br\/site\/#\/schema\/logo\/image\/","url":"https:\/\/unifsa.com.br\/site\/wp-content\/uploads\/2023\/03\/MARCA-UNIFSA-CIC23-q2apjs1mt975cf1wl25b044coj90fwoiee1kya6800.png","contentUrl":"https:\/\/unifsa.com.br\/site\/wp-content\/uploads\/2023\/03\/MARCA-UNIFSA-CIC23-q2apjs1mt975cf1wl25b044coj90fwoiee1kya6800.png","width":103,"height":100,"caption":"Centro Universit\u00e1rio Santo Agostinho - UNIFSA"},"image":{"@id":"https:\/\/unifsa.com.br\/site\/#\/schema\/logo\/image\/"},"sameAs":["https:\/\/www.facebook.com\/unifsa\/","https:\/\/www.instagram.com\/unifsa\/"]},{"@type":"Person","@id":"https:\/\/unifsa.com.br\/site\/#\/schema\/person\/415c79d344f0e698644c1d29997b4ea8","name":"La\u00eds Maria Matos Barradas","image":{"@type":"ImageObject","inLanguage":"pt-BR","@id":"https:\/\/unifsa.com.br\/site\/#\/schema\/person\/image\/","url":"https:\/\/secure.gravatar.com\/avatar\/da15e6cd8e1aa267693a3720f1118763e970b03de2d998ee874f68b1f91042b8?s=96&d=mm&r=g","contentUrl":"https:\/\/secure.gravatar.com\/avatar\/da15e6cd8e1aa267693a3720f1118763e970b03de2d998ee874f68b1f91042b8?s=96&d=mm&r=g","caption":"La\u00eds Maria Matos Barradas"},"url":"https:\/\/unifsa.com.br\/site\/author\/laismbarradas\/"}]}},"_links":{"self":[{"href":"https:\/\/unifsa.com.br\/site\/wp-json\/wp\/v2\/posts\/35591","targetHints":{"allow":["GET"]}}],"collection":[{"href":"https:\/\/unifsa.com.br\/site\/wp-json\/wp\/v2\/posts"}],"about":[{"href":"https:\/\/unifsa.com.br\/site\/wp-json\/wp\/v2\/types\/post"}],"author":[{"embeddable":true,"href":"https:\/\/unifsa.com.br\/site\/wp-json\/wp\/v2\/users\/9"}],"replies":[{"embeddable":true,"href":"https:\/\/unifsa.com.br\/site\/wp-json\/wp\/v2\/comments?post=35591"}],"version-history":[{"count":3,"href":"https:\/\/unifsa.com.br\/site\/wp-json\/wp\/v2\/posts\/35591\/revisions"}],"predecessor-version":[{"id":35610,"href":"https:\/\/unifsa.com.br\/site\/wp-json\/wp\/v2\/posts\/35591\/revisions\/35610"}],"wp:featuredmedia":[{"embeddable":true,"href":"https:\/\/unifsa.com.br\/site\/wp-json\/wp\/v2\/media\/35593"}],"wp:attachment":[{"href":"https:\/\/unifsa.com.br\/site\/wp-json\/wp\/v2\/media?parent=35591"}],"wp:term":[{"taxonomy":"category","embeddable":true,"href":"https:\/\/unifsa.com.br\/site\/wp-json\/wp\/v2\/categories?post=35591"},{"taxonomy":"post_tag","embeddable":true,"href":"https:\/\/unifsa.com.br\/site\/wp-json\/wp\/v2\/tags?post=35591"}],"curies":[{"name":"wp","href":"https:\/\/api.w.org\/{rel}","templated":true}]}}