{"id":34878,"date":"2024-09-06T10:17:48","date_gmt":"2024-09-06T13:17:48","guid":{"rendered":"https:\/\/unifsa.com.br\/site\/?p=34878"},"modified":"2024-09-06T10:17:49","modified_gmt":"2024-09-06T13:17:49","slug":"unifsa-realiza-acolhidas-para-cursos-presenciais-ead-e-semipresenciais","status":"publish","type":"post","link":"https:\/\/unifsa.com.br\/site\/unifsa-realiza-acolhidas-para-cursos-presenciais-ead-e-semipresenciais\/","title":{"rendered":"UNIFSA realiza acolhidas para cursos presenciais, EAD e semipresenciais"},"content":{"rendered":"\n<p class=\"texto-justificado\">As aulas do segundo semestre de 2024 do Centro Universit\u00e1rio Santo Agostinho iniciaram no dia 05 de agosto para os veteranos e no dia 19 do mesmo m\u00eas para os ingressantes. E, como de costume, as coordena\u00e7\u00f5es de cursos prepararam <strong>recep\u00e7\u00f5es especiais para seus alunos.<\/strong> Confira os eventos realizados:<\/p>\n\n\n\n<p class=\"texto-justificado\">No dia 13, \u00e0s 9h, os veteranos de Medicina Veterin\u00e1ria receberam a Auditora Fiscal Federal Agropecu\u00e1ria &#8211; MAPA, Rebeca Marinho, para palestrar sobre a \u201cAtua\u00e7\u00e3o do M\u00e9dico Veterin\u00e1rio na Inspe\u00e7\u00e3o de POA\u201d.<\/p>\n\n\n\n<figure class=\"wp-block-gallery has-nested-images columns-default is-cropped wp-block-gallery-1 is-layout-flex wp-block-gallery-is-layout-flex\">\n<figure class=\"wp-block-image size-large\"><img fetchpriority=\"high\" decoding=\"async\" width=\"1024\" height=\"576\" data-id=\"34888\" src=\"https:\/\/unifsa.com.br\/site\/wp-content\/uploads\/2024\/08\/IMG_6188-1024x576.jpeg\" alt=\"\" class=\"wp-image-34888\" srcset=\"https:\/\/unifsa.com.br\/site\/wp-content\/uploads\/2024\/08\/IMG_6188-1024x576.jpeg 1024w, https:\/\/unifsa.com.br\/site\/wp-content\/uploads\/2024\/08\/IMG_6188-300x169.jpeg 300w, https:\/\/unifsa.com.br\/site\/wp-content\/uploads\/2024\/08\/IMG_6188-768x432.jpeg 768w, https:\/\/unifsa.com.br\/site\/wp-content\/uploads\/2024\/08\/IMG_6188-1536x864.jpeg 1536w, https:\/\/unifsa.com.br\/site\/wp-content\/uploads\/2024\/08\/IMG_6188-2048x1152.jpeg 2048w\" sizes=\"(max-width: 1024px) 100vw, 1024px\" \/><\/figure>\n\n\n\n<figure class=\"wp-block-image size-large\"><img decoding=\"async\" width=\"1024\" height=\"576\" data-id=\"34889\" src=\"https:\/\/unifsa.com.br\/site\/wp-content\/uploads\/2024\/08\/IMG_6178-1024x576.jpeg\" alt=\"\" class=\"wp-image-34889\" srcset=\"https:\/\/unifsa.com.br\/site\/wp-content\/uploads\/2024\/08\/IMG_6178-1024x576.jpeg 1024w, https:\/\/unifsa.com.br\/site\/wp-content\/uploads\/2024\/08\/IMG_6178-300x169.jpeg 300w, https:\/\/unifsa.com.br\/site\/wp-content\/uploads\/2024\/08\/IMG_6178-768x432.jpeg 768w, https:\/\/unifsa.com.br\/site\/wp-content\/uploads\/2024\/08\/IMG_6178-1536x864.jpeg 1536w, https:\/\/unifsa.com.br\/site\/wp-content\/uploads\/2024\/08\/IMG_6178-2048x1152.jpeg 2048w\" sizes=\"(max-width: 1024px) 100vw, 1024px\" \/><\/figure>\n<\/figure>\n\n\n\n<p class=\"texto-justificado\">J\u00e1 no dia 14, \u00e0s 8h30, o curso de Farm\u00e1cia realizou sua acolhida de veteranos, com o tema &#8220;Al\u00e9m de professor, sou Farmac\u00eautico\u201d, no qual a Profa. Dra. Lyghia Maria Ara\u00fajo Meirelles contou sua trajet\u00f3ria no ramo farmac\u00eautico.<\/p>\n\n\n\n<figure class=\"wp-block-gallery has-nested-images columns-default is-cropped wp-block-gallery-2 is-layout-flex wp-block-gallery-is-layout-flex\">\n<figure class=\"wp-block-image size-large\"><img decoding=\"async\" width=\"1024\" height=\"576\" data-id=\"34890\" src=\"https:\/\/unifsa.com.br\/site\/wp-content\/uploads\/2024\/08\/IMG_6294-1024x576.jpeg\" alt=\"\" class=\"wp-image-34890\" srcset=\"https:\/\/unifsa.com.br\/site\/wp-content\/uploads\/2024\/08\/IMG_6294-1024x576.jpeg 1024w, https:\/\/unifsa.com.br\/site\/wp-content\/uploads\/2024\/08\/IMG_6294-300x169.jpeg 300w, https:\/\/unifsa.com.br\/site\/wp-content\/uploads\/2024\/08\/IMG_6294-768x432.jpeg 768w, https:\/\/unifsa.com.br\/site\/wp-content\/uploads\/2024\/08\/IMG_6294-1536x864.jpeg 1536w, https:\/\/unifsa.com.br\/site\/wp-content\/uploads\/2024\/08\/IMG_6294-2048x1152.jpeg 2048w\" sizes=\"(max-width: 1024px) 100vw, 1024px\" \/><\/figure>\n\n\n\n<figure class=\"wp-block-image size-large\"><img loading=\"lazy\" decoding=\"async\" width=\"1024\" height=\"576\" data-id=\"34891\" src=\"https:\/\/unifsa.com.br\/site\/wp-content\/uploads\/2024\/08\/IMG_6285-1024x576.jpeg\" alt=\"\" class=\"wp-image-34891\" srcset=\"https:\/\/unifsa.com.br\/site\/wp-content\/uploads\/2024\/08\/IMG_6285-1024x576.jpeg 1024w, https:\/\/unifsa.com.br\/site\/wp-content\/uploads\/2024\/08\/IMG_6285-300x169.jpeg 300w, https:\/\/unifsa.com.br\/site\/wp-content\/uploads\/2024\/08\/IMG_6285-768x432.jpeg 768w, https:\/\/unifsa.com.br\/site\/wp-content\/uploads\/2024\/08\/IMG_6285-1536x864.jpeg 1536w, https:\/\/unifsa.com.br\/site\/wp-content\/uploads\/2024\/08\/IMG_6285-2048x1152.jpeg 2048w\" sizes=\"(max-width: 1024px) 100vw, 1024px\" \/><\/figure>\n<\/figure>\n\n\n\n<p class=\"texto-justificado\">\u00c0s 10h30 e \u00e0s 17h30, os veteranos dos turnos manh\u00e3, tarde e noite do curso de Direito assistiram \u00e0 mesa &#8220;Advocacia em Foco: Desafios, Perspectivas e o Mercado de Trabalho&#8221;, que contou com a participa\u00e7\u00e3o do Diretor Geral da Escola Superior de Advogados do Piau\u00ed &#8211; ESA PI, Dr. Thiago Carcar\u00e1, a Advogada Trabalhista, Kamyla Castelo Branco, e o Advogado Empresarial, Fabio Andr\u00e9 Miranda.<\/p>\n\n\n\n<figure class=\"wp-block-gallery has-nested-images columns-default is-cropped wp-block-gallery-3 is-layout-flex wp-block-gallery-is-layout-flex\">\n<figure class=\"wp-block-image size-large\"><img loading=\"lazy\" decoding=\"async\" width=\"1024\" height=\"576\" data-id=\"35101\" src=\"https:\/\/unifsa.com.br\/site\/wp-content\/uploads\/2024\/09\/WhatsApp-Image-2024-08-14-at-12.39.00-1-1024x576.jpeg\" alt=\"\" class=\"wp-image-35101\" srcset=\"https:\/\/unifsa.com.br\/site\/wp-content\/uploads\/2024\/09\/WhatsApp-Image-2024-08-14-at-12.39.00-1-1024x576.jpeg 1024w, https:\/\/unifsa.com.br\/site\/wp-content\/uploads\/2024\/09\/WhatsApp-Image-2024-08-14-at-12.39.00-1-300x169.jpeg 300w, https:\/\/unifsa.com.br\/site\/wp-content\/uploads\/2024\/09\/WhatsApp-Image-2024-08-14-at-12.39.00-1-768x432.jpeg 768w, https:\/\/unifsa.com.br\/site\/wp-content\/uploads\/2024\/09\/WhatsApp-Image-2024-08-14-at-12.39.00-1-1536x864.jpeg 1536w, https:\/\/unifsa.com.br\/site\/wp-content\/uploads\/2024\/09\/WhatsApp-Image-2024-08-14-at-12.39.00-1.jpeg 1600w\" sizes=\"(max-width: 1024px) 100vw, 1024px\" \/><\/figure>\n\n\n\n<figure class=\"wp-block-image size-large\"><img loading=\"lazy\" decoding=\"async\" width=\"1024\" height=\"576\" data-id=\"35100\" src=\"https:\/\/unifsa.com.br\/site\/wp-content\/uploads\/2024\/09\/WhatsApp-Image-2024-08-14-at-13.24.22-1024x576.jpeg\" alt=\"\" class=\"wp-image-35100\" srcset=\"https:\/\/unifsa.com.br\/site\/wp-content\/uploads\/2024\/09\/WhatsApp-Image-2024-08-14-at-13.24.22-1024x576.jpeg 1024w, https:\/\/unifsa.com.br\/site\/wp-content\/uploads\/2024\/09\/WhatsApp-Image-2024-08-14-at-13.24.22-300x169.jpeg 300w, https:\/\/unifsa.com.br\/site\/wp-content\/uploads\/2024\/09\/WhatsApp-Image-2024-08-14-at-13.24.22-768x432.jpeg 768w, https:\/\/unifsa.com.br\/site\/wp-content\/uploads\/2024\/09\/WhatsApp-Image-2024-08-14-at-13.24.22.jpeg 1280w\" sizes=\"(max-width: 1024px) 100vw, 1024px\" \/><\/figure>\n<\/figure>\n\n\n\n<p class=\"texto-justificado\">No dia 15, foi a vez da acolhida dos veteranos de Nutri\u00e7\u00e3o, com a palestra &#8220;Efeitos do Jejum Intermitente e do Exerc\u00edcio F\u00edsico sobre o Comportamento e a Depress\u00e3o Alastrante Cortical&#8221;, ministrada pela nutricionista Dra. Amanda Braz.<\/p>\n\n\n\n<figure class=\"wp-block-gallery has-nested-images columns-default is-cropped wp-block-gallery-4 is-layout-flex wp-block-gallery-is-layout-flex\">\n<figure class=\"wp-block-image size-large\"><img loading=\"lazy\" decoding=\"async\" width=\"1024\" height=\"576\" data-id=\"35110\" src=\"https:\/\/unifsa.com.br\/site\/wp-content\/uploads\/2024\/09\/IMG_6377-1024x576.jpeg\" alt=\"\" class=\"wp-image-35110\" srcset=\"https:\/\/unifsa.com.br\/site\/wp-content\/uploads\/2024\/09\/IMG_6377-1024x576.jpeg 1024w, https:\/\/unifsa.com.br\/site\/wp-content\/uploads\/2024\/09\/IMG_6377-300x169.jpeg 300w, https:\/\/unifsa.com.br\/site\/wp-content\/uploads\/2024\/09\/IMG_6377-768x432.jpeg 768w, https:\/\/unifsa.com.br\/site\/wp-content\/uploads\/2024\/09\/IMG_6377-1536x864.jpeg 1536w, https:\/\/unifsa.com.br\/site\/wp-content\/uploads\/2024\/09\/IMG_6377-2048x1152.jpeg 2048w\" sizes=\"(max-width: 1024px) 100vw, 1024px\" \/><\/figure>\n\n\n\n<figure class=\"wp-block-image size-large\"><img loading=\"lazy\" decoding=\"async\" width=\"1024\" height=\"576\" data-id=\"35109\" src=\"https:\/\/unifsa.com.br\/site\/wp-content\/uploads\/2024\/09\/IMG_6392-1024x576.jpeg\" alt=\"\" class=\"wp-image-35109\" srcset=\"https:\/\/unifsa.com.br\/site\/wp-content\/uploads\/2024\/09\/IMG_6392-1024x576.jpeg 1024w, https:\/\/unifsa.com.br\/site\/wp-content\/uploads\/2024\/09\/IMG_6392-300x169.jpeg 300w, https:\/\/unifsa.com.br\/site\/wp-content\/uploads\/2024\/09\/IMG_6392-768x432.jpeg 768w, https:\/\/unifsa.com.br\/site\/wp-content\/uploads\/2024\/09\/IMG_6392-1536x864.jpeg 1536w, https:\/\/unifsa.com.br\/site\/wp-content\/uploads\/2024\/09\/IMG_6392-2048x1152.jpeg 2048w\" sizes=\"(max-width: 1024px) 100vw, 1024px\" \/><\/figure>\n<\/figure>\n\n\n\n<p class=\"texto-justificado\">No primeiro dia de aula dos ingressantes, dia 19 de setembro, os coordenadores dos cursos de Administra\u00e7\u00e3o e Ci\u00eancias Cont\u00e1beis deram as boas-vindas aos seus novos alunos de uma forma especial.<\/p>\n\n\n\n<figure class=\"wp-block-gallery has-nested-images columns-default is-cropped wp-block-gallery-5 is-layout-flex wp-block-gallery-is-layout-flex\">\n<figure class=\"wp-block-image size-large\"><img loading=\"lazy\" decoding=\"async\" width=\"1024\" height=\"576\" data-id=\"35137\" src=\"https:\/\/unifsa.com.br\/site\/wp-content\/uploads\/2024\/09\/IMG_6874-1024x576.jpeg\" alt=\"\" class=\"wp-image-35137\" srcset=\"https:\/\/unifsa.com.br\/site\/wp-content\/uploads\/2024\/09\/IMG_6874-1024x576.jpeg 1024w, https:\/\/unifsa.com.br\/site\/wp-content\/uploads\/2024\/09\/IMG_6874-300x169.jpeg 300w, https:\/\/unifsa.com.br\/site\/wp-content\/uploads\/2024\/09\/IMG_6874-768x432.jpeg 768w, https:\/\/unifsa.com.br\/site\/wp-content\/uploads\/2024\/09\/IMG_6874-1536x864.jpeg 1536w, https:\/\/unifsa.com.br\/site\/wp-content\/uploads\/2024\/09\/IMG_6874-2048x1152.jpeg 2048w\" sizes=\"(max-width: 1024px) 100vw, 1024px\" \/><\/figure>\n\n\n\n<figure class=\"wp-block-image size-large\"><img loading=\"lazy\" decoding=\"async\" width=\"1024\" height=\"576\" data-id=\"35138\" src=\"https:\/\/unifsa.com.br\/site\/wp-content\/uploads\/2024\/09\/IMG_6914-1024x576.jpeg\" alt=\"\" class=\"wp-image-35138\" srcset=\"https:\/\/unifsa.com.br\/site\/wp-content\/uploads\/2024\/09\/IMG_6914-1024x576.jpeg 1024w, https:\/\/unifsa.com.br\/site\/wp-content\/uploads\/2024\/09\/IMG_6914-300x169.jpeg 300w, https:\/\/unifsa.com.br\/site\/wp-content\/uploads\/2024\/09\/IMG_6914-768x432.jpeg 768w, https:\/\/unifsa.com.br\/site\/wp-content\/uploads\/2024\/09\/IMG_6914-1536x864.jpeg 1536w, https:\/\/unifsa.com.br\/site\/wp-content\/uploads\/2024\/09\/IMG_6914-2048x1152.jpeg 2048w\" sizes=\"(max-width: 1024px) 100vw, 1024px\" \/><\/figure>\n<\/figure>\n\n\n\n<p class=\"texto-justificado\">J\u00e1 no dia 20, \u00e0s 9h, os alunos de Fisioterapia foram recebidos pela mesa \u201cInterdisciplinaridade no manejo da Dor: das disciplinas de base \u00e0s disciplinas aplicadas\u201d, ministrada pelos docentes Rog\u00e9ria Franco, Ma. Luciane Marta Neiva De Oliveira, Profa. Dra. Se\u00e2nia Santos Leal e Me. Jordano Leite Cavalcante de Macedo, al\u00e9m da assessora pedag\u00f3gica do curso, Ma. Carla Melo.<\/p>\n\n\n\n<figure class=\"wp-block-gallery has-nested-images columns-default is-cropped wp-block-gallery-6 is-layout-flex wp-block-gallery-is-layout-flex\">\n<figure class=\"wp-block-image size-large\"><img loading=\"lazy\" decoding=\"async\" width=\"1024\" height=\"576\" data-id=\"35112\" src=\"https:\/\/unifsa.com.br\/site\/wp-content\/uploads\/2024\/09\/IMG_6967-1024x576.jpeg\" alt=\"\" class=\"wp-image-35112\" srcset=\"https:\/\/unifsa.com.br\/site\/wp-content\/uploads\/2024\/09\/IMG_6967-1024x576.jpeg 1024w, https:\/\/unifsa.com.br\/site\/wp-content\/uploads\/2024\/09\/IMG_6967-300x169.jpeg 300w, https:\/\/unifsa.com.br\/site\/wp-content\/uploads\/2024\/09\/IMG_6967-768x432.jpeg 768w, https:\/\/unifsa.com.br\/site\/wp-content\/uploads\/2024\/09\/IMG_6967-1536x864.jpeg 1536w, https:\/\/unifsa.com.br\/site\/wp-content\/uploads\/2024\/09\/IMG_6967-2048x1152.jpeg 2048w\" sizes=\"(max-width: 1024px) 100vw, 1024px\" \/><\/figure>\n\n\n\n<figure class=\"wp-block-image size-large\"><img loading=\"lazy\" decoding=\"async\" width=\"1024\" height=\"576\" data-id=\"35111\" src=\"https:\/\/unifsa.com.br\/site\/wp-content\/uploads\/2024\/09\/IMG_6957-1024x576.jpeg\" alt=\"\" class=\"wp-image-35111\" srcset=\"https:\/\/unifsa.com.br\/site\/wp-content\/uploads\/2024\/09\/IMG_6957-1024x576.jpeg 1024w, https:\/\/unifsa.com.br\/site\/wp-content\/uploads\/2024\/09\/IMG_6957-300x169.jpeg 300w, https:\/\/unifsa.com.br\/site\/wp-content\/uploads\/2024\/09\/IMG_6957-768x432.jpeg 768w, https:\/\/unifsa.com.br\/site\/wp-content\/uploads\/2024\/09\/IMG_6957-1536x864.jpeg 1536w, https:\/\/unifsa.com.br\/site\/wp-content\/uploads\/2024\/09\/IMG_6957-2048x1152.jpeg 2048w\" sizes=\"(max-width: 1024px) 100vw, 1024px\" \/><\/figure>\n<\/figure>\n\n\n\n<p class=\"texto-justificado\">Ainda pela manh\u00e3, \u00e0s 10h30, e no in\u00edcio da tarde, \u00e0s 13h30, os veteranos de Enfermagem receberam as componentes do Grupo t\u00e9cnico de Enfermagem Est\u00e9tica do Coren-PI, Dra. Elis\u00e2ngela Varonil e Dra. Fernanda Telis, para conversar sobre &#8220;Enfermagem Est\u00e9tica: perspectivas e oportunidades&#8221;.<\/p>\n\n\n\n<figure class=\"wp-block-gallery has-nested-images columns-default is-cropped wp-block-gallery-7 is-layout-flex wp-block-gallery-is-layout-flex\">\n<figure class=\"wp-block-image size-large\"><img loading=\"lazy\" decoding=\"async\" width=\"1024\" height=\"576\" data-id=\"35117\" src=\"https:\/\/unifsa.com.br\/site\/wp-content\/uploads\/2024\/09\/IMG_7005-1024x576.jpeg\" alt=\"\" class=\"wp-image-35117\" srcset=\"https:\/\/unifsa.com.br\/site\/wp-content\/uploads\/2024\/09\/IMG_7005-1024x576.jpeg 1024w, https:\/\/unifsa.com.br\/site\/wp-content\/uploads\/2024\/09\/IMG_7005-300x169.jpeg 300w, https:\/\/unifsa.com.br\/site\/wp-content\/uploads\/2024\/09\/IMG_7005-768x432.jpeg 768w, https:\/\/unifsa.com.br\/site\/wp-content\/uploads\/2024\/09\/IMG_7005-1536x864.jpeg 1536w, https:\/\/unifsa.com.br\/site\/wp-content\/uploads\/2024\/09\/IMG_7005-2048x1152.jpeg 2048w\" sizes=\"(max-width: 1024px) 100vw, 1024px\" \/><\/figure>\n\n\n\n<figure class=\"wp-block-image size-large\"><img loading=\"lazy\" decoding=\"async\" width=\"1024\" height=\"576\" data-id=\"35116\" src=\"https:\/\/unifsa.com.br\/site\/wp-content\/uploads\/2024\/09\/FullSizeRender-1024x576.jpeg\" alt=\"\" class=\"wp-image-35116\" srcset=\"https:\/\/unifsa.com.br\/site\/wp-content\/uploads\/2024\/09\/FullSizeRender-1024x576.jpeg 1024w, https:\/\/unifsa.com.br\/site\/wp-content\/uploads\/2024\/09\/FullSizeRender-300x169.jpeg 300w, https:\/\/unifsa.com.br\/site\/wp-content\/uploads\/2024\/09\/FullSizeRender-768x432.jpeg 768w, https:\/\/unifsa.com.br\/site\/wp-content\/uploads\/2024\/09\/FullSizeRender-1536x864.jpeg 1536w, https:\/\/unifsa.com.br\/site\/wp-content\/uploads\/2024\/09\/FullSizeRender-2048x1152.jpeg 2048w\" sizes=\"(max-width: 1024px) 100vw, 1024px\" \/><\/figure>\n<\/figure>\n\n\n\n<p class=\"texto-justificado\">\u00c0s 14h do mesmo dia, os arquitetos e urbanistas Gabriela Santana e Raphael Senna falaram sobre &#8220;O Universo da Arquitetura e Urbanismo&#8221; para veteranos e ingressantes do curso de Arquitetura e Urbanismo. <\/p>\n\n\n\n<figure class=\"wp-block-gallery has-nested-images columns-default is-cropped wp-block-gallery-8 is-layout-flex wp-block-gallery-is-layout-flex\">\n<figure class=\"wp-block-image size-large\"><img loading=\"lazy\" decoding=\"async\" width=\"1024\" height=\"576\" data-id=\"35113\" src=\"https:\/\/unifsa.com.br\/site\/wp-content\/uploads\/2024\/09\/IMG_7146-1024x576.jpeg\" alt=\"\" class=\"wp-image-35113\" srcset=\"https:\/\/unifsa.com.br\/site\/wp-content\/uploads\/2024\/09\/IMG_7146-1024x576.jpeg 1024w, https:\/\/unifsa.com.br\/site\/wp-content\/uploads\/2024\/09\/IMG_7146-300x169.jpeg 300w, https:\/\/unifsa.com.br\/site\/wp-content\/uploads\/2024\/09\/IMG_7146-768x432.jpeg 768w, https:\/\/unifsa.com.br\/site\/wp-content\/uploads\/2024\/09\/IMG_7146-1536x864.jpeg 1536w, https:\/\/unifsa.com.br\/site\/wp-content\/uploads\/2024\/09\/IMG_7146-2048x1152.jpeg 2048w\" sizes=\"(max-width: 1024px) 100vw, 1024px\" \/><\/figure>\n\n\n\n<figure class=\"wp-block-image size-large\"><img loading=\"lazy\" decoding=\"async\" width=\"1024\" height=\"576\" data-id=\"35114\" src=\"https:\/\/unifsa.com.br\/site\/wp-content\/uploads\/2024\/09\/IMG_7151-1024x576.jpeg\" alt=\"\" class=\"wp-image-35114\" srcset=\"https:\/\/unifsa.com.br\/site\/wp-content\/uploads\/2024\/09\/IMG_7151-1024x576.jpeg 1024w, https:\/\/unifsa.com.br\/site\/wp-content\/uploads\/2024\/09\/IMG_7151-300x169.jpeg 300w, https:\/\/unifsa.com.br\/site\/wp-content\/uploads\/2024\/09\/IMG_7151-768x432.jpeg 768w, https:\/\/unifsa.com.br\/site\/wp-content\/uploads\/2024\/09\/IMG_7151-1536x864.jpeg 1536w, https:\/\/unifsa.com.br\/site\/wp-content\/uploads\/2024\/09\/IMG_7151-2048x1152.jpeg 2048w\" sizes=\"(max-width: 1024px) 100vw, 1024px\" \/><\/figure>\n<\/figure>\n\n\n\n<p class=\"texto-justificado\">\u00c0s 15h, foi a vez dos ingressantes do curso de Direito conhecerem um pouco mais sobre o curso e a institui\u00e7\u00e3o. Para isso, contaram com a presen\u00e7a dos coordenadores e alguns docentes.<\/p>\n\n\n\n<figure class=\"wp-block-gallery has-nested-images columns-default is-cropped wp-block-gallery-9 is-layout-flex wp-block-gallery-is-layout-flex\">\n<figure class=\"wp-block-image size-large\"><img loading=\"lazy\" decoding=\"async\" width=\"1024\" height=\"576\" data-id=\"35119\" src=\"https:\/\/unifsa.com.br\/site\/wp-content\/uploads\/2024\/09\/IMG_7110-1024x576.jpeg\" alt=\"\" class=\"wp-image-35119\" srcset=\"https:\/\/unifsa.com.br\/site\/wp-content\/uploads\/2024\/09\/IMG_7110-1024x576.jpeg 1024w, https:\/\/unifsa.com.br\/site\/wp-content\/uploads\/2024\/09\/IMG_7110-300x169.jpeg 300w, https:\/\/unifsa.com.br\/site\/wp-content\/uploads\/2024\/09\/IMG_7110-768x432.jpeg 768w, https:\/\/unifsa.com.br\/site\/wp-content\/uploads\/2024\/09\/IMG_7110-1536x864.jpeg 1536w, https:\/\/unifsa.com.br\/site\/wp-content\/uploads\/2024\/09\/IMG_7110-2048x1152.jpeg 2048w\" sizes=\"(max-width: 1024px) 100vw, 1024px\" \/><\/figure>\n\n\n\n<figure class=\"wp-block-image size-large\"><img loading=\"lazy\" decoding=\"async\" width=\"1024\" height=\"576\" data-id=\"35120\" src=\"https:\/\/unifsa.com.br\/site\/wp-content\/uploads\/2024\/09\/IMG_7103-1024x576.jpeg\" alt=\"\" class=\"wp-image-35120\" srcset=\"https:\/\/unifsa.com.br\/site\/wp-content\/uploads\/2024\/09\/IMG_7103-1024x576.jpeg 1024w, https:\/\/unifsa.com.br\/site\/wp-content\/uploads\/2024\/09\/IMG_7103-300x169.jpeg 300w, https:\/\/unifsa.com.br\/site\/wp-content\/uploads\/2024\/09\/IMG_7103-768x432.jpeg 768w, https:\/\/unifsa.com.br\/site\/wp-content\/uploads\/2024\/09\/IMG_7103-1536x864.jpeg 1536w, https:\/\/unifsa.com.br\/site\/wp-content\/uploads\/2024\/09\/IMG_7103-2048x1152.jpeg 2048w\" sizes=\"(max-width: 1024px) 100vw, 1024px\" \/><\/figure>\n<\/figure>\n\n\n\n<p class=\"texto-justificado\">Finalizando o dia, \u00e0s 18h30, e no dia seguinte (21), \u00e0s 8h (Campus Leste) e \u00e0s 10h, a coordena\u00e7\u00e3o recebeu seus veteranos e ingressantes com encontros divertidos, sob o tema &#8220;\u201cQue o nosso retorno seja divertidamente incr\u00edvel!\u201d.<\/p>\n\n\n\n<figure class=\"wp-block-gallery has-nested-images columns-default is-cropped wp-block-gallery-10 is-layout-flex wp-block-gallery-is-layout-flex\">\n<figure class=\"wp-block-image size-large\"><img loading=\"lazy\" decoding=\"async\" width=\"1024\" height=\"576\" data-id=\"35121\" src=\"https:\/\/unifsa.com.br\/site\/wp-content\/uploads\/2024\/09\/IMG_7267-1024x576.jpeg\" alt=\"\" class=\"wp-image-35121\" srcset=\"https:\/\/unifsa.com.br\/site\/wp-content\/uploads\/2024\/09\/IMG_7267-1024x576.jpeg 1024w, https:\/\/unifsa.com.br\/site\/wp-content\/uploads\/2024\/09\/IMG_7267-300x169.jpeg 300w, https:\/\/unifsa.com.br\/site\/wp-content\/uploads\/2024\/09\/IMG_7267-768x432.jpeg 768w, https:\/\/unifsa.com.br\/site\/wp-content\/uploads\/2024\/09\/IMG_7267-1536x864.jpeg 1536w, https:\/\/unifsa.com.br\/site\/wp-content\/uploads\/2024\/09\/IMG_7267-2048x1152.jpeg 2048w\" sizes=\"(max-width: 1024px) 100vw, 1024px\" \/><\/figure>\n\n\n\n<figure class=\"wp-block-image size-large\"><img loading=\"lazy\" decoding=\"async\" width=\"1024\" height=\"576\" data-id=\"35122\" src=\"https:\/\/unifsa.com.br\/site\/wp-content\/uploads\/2024\/09\/IMG_7406-1024x576.jpeg\" alt=\"\" class=\"wp-image-35122\" srcset=\"https:\/\/unifsa.com.br\/site\/wp-content\/uploads\/2024\/09\/IMG_7406-1024x576.jpeg 1024w, https:\/\/unifsa.com.br\/site\/wp-content\/uploads\/2024\/09\/IMG_7406-300x169.jpeg 300w, https:\/\/unifsa.com.br\/site\/wp-content\/uploads\/2024\/09\/IMG_7406-768x432.jpeg 768w, https:\/\/unifsa.com.br\/site\/wp-content\/uploads\/2024\/09\/IMG_7406-1536x864.jpeg 1536w, https:\/\/unifsa.com.br\/site\/wp-content\/uploads\/2024\/09\/IMG_7406-2048x1152.jpeg 2048w\" sizes=\"(max-width: 1024px) 100vw, 1024px\" \/><\/figure>\n<\/figure>\n\n\n\n<p class=\"texto-justificado\">&#8220;Empreendedorismo na Est\u00e9tica: Estrat\u00e9gias para Alcan\u00e7ar o Sucesso no Mercado de Beleza&#8221; foi o tema da acolhida do curso de Est\u00e9tica e Cosm\u00e9tica no dia 21 \u00e0s 9h, para alunos das modalidades presencial e semipresencial. Para falar sua assunto, convidou-se o renomado cabeleireiro e empreendedor, Bruno Ribeiro.<\/p>\n\n\n\n<figure class=\"wp-block-gallery has-nested-images columns-default is-cropped wp-block-gallery-11 is-layout-flex wp-block-gallery-is-layout-flex\">\n<figure class=\"wp-block-image size-large\"><img loading=\"lazy\" decoding=\"async\" width=\"1576\" height=\"887\" data-id=\"35127\" src=\"https:\/\/unifsa.com.br\/site\/wp-content\/uploads\/2024\/09\/IMG_7341-edited.jpeg\" alt=\"\" class=\"wp-image-35127\" srcset=\"https:\/\/unifsa.com.br\/site\/wp-content\/uploads\/2024\/09\/IMG_7341-edited.jpeg 1576w, https:\/\/unifsa.com.br\/site\/wp-content\/uploads\/2024\/09\/IMG_7341-edited-300x169.jpeg 300w, https:\/\/unifsa.com.br\/site\/wp-content\/uploads\/2024\/09\/IMG_7341-edited-1024x576.jpeg 1024w, https:\/\/unifsa.com.br\/site\/wp-content\/uploads\/2024\/09\/IMG_7341-edited-768x432.jpeg 768w, https:\/\/unifsa.com.br\/site\/wp-content\/uploads\/2024\/09\/IMG_7341-edited-1536x864.jpeg 1536w\" sizes=\"(max-width: 1576px) 100vw, 1576px\" \/><\/figure>\n\n\n\n<figure class=\"wp-block-image size-large\"><img loading=\"lazy\" decoding=\"async\" width=\"1024\" height=\"576\" data-id=\"35126\" src=\"https:\/\/unifsa.com.br\/site\/wp-content\/uploads\/2024\/09\/IMG_7339-1024x576.jpeg\" alt=\"\" class=\"wp-image-35126\" srcset=\"https:\/\/unifsa.com.br\/site\/wp-content\/uploads\/2024\/09\/IMG_7339-1024x576.jpeg 1024w, https:\/\/unifsa.com.br\/site\/wp-content\/uploads\/2024\/09\/IMG_7339-300x169.jpeg 300w, https:\/\/unifsa.com.br\/site\/wp-content\/uploads\/2024\/09\/IMG_7339-768x432.jpeg 768w, https:\/\/unifsa.com.br\/site\/wp-content\/uploads\/2024\/09\/IMG_7339-1536x864.jpeg 1536w, https:\/\/unifsa.com.br\/site\/wp-content\/uploads\/2024\/09\/IMG_7339-2048x1152.jpeg 2048w\" sizes=\"(max-width: 1024px) 100vw, 1024px\" \/><\/figure>\n<\/figure>\n\n\n\n<p class=\"texto-justificado\">\u00c0s 10h30, os ingressantes de Enfermagem tamb\u00e9m aprenderam sobre a Enfermagem Est\u00e9tica, agora com Dr. Braz Milanez (doutor em Medicina Tropical) al\u00e9m da Dra. Elis\u00e2ngela Varonil e da Dra. Fernanda Telis, membros do Grupo t\u00e9cnico de Enfermagem Est\u00e9tica do Coren-PI.<\/p>\n\n\n\n<figure class=\"wp-block-gallery has-nested-images columns-default is-cropped wp-block-gallery-12 is-layout-flex wp-block-gallery-is-layout-flex\">\n<figure class=\"wp-block-image size-large\"><img loading=\"lazy\" decoding=\"async\" width=\"1024\" height=\"576\" data-id=\"35130\" src=\"https:\/\/unifsa.com.br\/site\/wp-content\/uploads\/2024\/09\/IMG_7392-1024x576.jpeg\" alt=\"\" class=\"wp-image-35130\" srcset=\"https:\/\/unifsa.com.br\/site\/wp-content\/uploads\/2024\/09\/IMG_7392-1024x576.jpeg 1024w, https:\/\/unifsa.com.br\/site\/wp-content\/uploads\/2024\/09\/IMG_7392-300x169.jpeg 300w, https:\/\/unifsa.com.br\/site\/wp-content\/uploads\/2024\/09\/IMG_7392-768x432.jpeg 768w, https:\/\/unifsa.com.br\/site\/wp-content\/uploads\/2024\/09\/IMG_7392-1536x864.jpeg 1536w, https:\/\/unifsa.com.br\/site\/wp-content\/uploads\/2024\/09\/IMG_7392-2048x1152.jpeg 2048w\" sizes=\"(max-width: 1024px) 100vw, 1024px\" \/><\/figure>\n\n\n\n<figure class=\"wp-block-image size-large\"><img loading=\"lazy\" decoding=\"async\" width=\"1024\" height=\"576\" data-id=\"35131\" src=\"https:\/\/unifsa.com.br\/site\/wp-content\/uploads\/2024\/09\/IMG_7384-1024x576.jpeg\" alt=\"\" class=\"wp-image-35131\" srcset=\"https:\/\/unifsa.com.br\/site\/wp-content\/uploads\/2024\/09\/IMG_7384-1024x576.jpeg 1024w, https:\/\/unifsa.com.br\/site\/wp-content\/uploads\/2024\/09\/IMG_7384-300x169.jpeg 300w, https:\/\/unifsa.com.br\/site\/wp-content\/uploads\/2024\/09\/IMG_7384-768x432.jpeg 768w, https:\/\/unifsa.com.br\/site\/wp-content\/uploads\/2024\/09\/IMG_7384-1536x864.jpeg 1536w, https:\/\/unifsa.com.br\/site\/wp-content\/uploads\/2024\/09\/IMG_7384-2048x1152.jpeg 2048w\" sizes=\"(max-width: 1024px) 100vw, 1024px\" \/><\/figure>\n<\/figure>\n\n\n\n<p class=\"texto-justificado\">Na quinta-feira, 22 de agosto, o curso de Odontologia recebeu seus veteranos com uma palestra sobre &#8220;An\u00e1lise Facial &#8211; o que precisamos saber para indicar a cirurgia ortogn\u00e1tica&#8221;, ministrada pelo Prof. Dr. Dr. Ewerton Daniel.<\/p>\n\n\n\n<figure class=\"wp-block-gallery has-nested-images columns-default is-cropped wp-block-gallery-13 is-layout-flex wp-block-gallery-is-layout-flex\">\n<figure class=\"wp-block-image size-large\"><img loading=\"lazy\" decoding=\"async\" width=\"1024\" height=\"576\" data-id=\"35132\" src=\"https:\/\/unifsa.com.br\/site\/wp-content\/uploads\/2024\/09\/IMG_7966-1024x576.jpeg\" alt=\"\" class=\"wp-image-35132\" srcset=\"https:\/\/unifsa.com.br\/site\/wp-content\/uploads\/2024\/09\/IMG_7966-1024x576.jpeg 1024w, https:\/\/unifsa.com.br\/site\/wp-content\/uploads\/2024\/09\/IMG_7966-300x169.jpeg 300w, https:\/\/unifsa.com.br\/site\/wp-content\/uploads\/2024\/09\/IMG_7966-768x432.jpeg 768w, https:\/\/unifsa.com.br\/site\/wp-content\/uploads\/2024\/09\/IMG_7966-1536x864.jpeg 1536w, https:\/\/unifsa.com.br\/site\/wp-content\/uploads\/2024\/09\/IMG_7966-2048x1152.jpeg 2048w\" sizes=\"(max-width: 1024px) 100vw, 1024px\" \/><\/figure>\n\n\n\n<figure class=\"wp-block-image size-large\"><img loading=\"lazy\" decoding=\"async\" width=\"1024\" height=\"576\" data-id=\"35133\" src=\"https:\/\/unifsa.com.br\/site\/wp-content\/uploads\/2024\/09\/IMG_7938-1024x576.jpeg\" alt=\"\" class=\"wp-image-35133\" srcset=\"https:\/\/unifsa.com.br\/site\/wp-content\/uploads\/2024\/09\/IMG_7938-1024x576.jpeg 1024w, https:\/\/unifsa.com.br\/site\/wp-content\/uploads\/2024\/09\/IMG_7938-300x169.jpeg 300w, https:\/\/unifsa.com.br\/site\/wp-content\/uploads\/2024\/09\/IMG_7938-768x432.jpeg 768w, https:\/\/unifsa.com.br\/site\/wp-content\/uploads\/2024\/09\/IMG_7938-1536x864.jpeg 1536w, https:\/\/unifsa.com.br\/site\/wp-content\/uploads\/2024\/09\/IMG_7938-2048x1152.jpeg 2048w\" sizes=\"(max-width: 1024px) 100vw, 1024px\" \/><\/figure>\n<\/figure>\n\n\n\n<p class=\"texto-justificado\">Simultaneamente, aconteceu a acolhida dos alunos do curso de Administra\u00e7\u00e3o, realizada pelo coordenador do curso e alguns docentes.<\/p>\n\n\n\n<figure class=\"wp-block-gallery has-nested-images columns-default is-cropped wp-block-gallery-14 is-layout-flex wp-block-gallery-is-layout-flex\">\n<figure class=\"wp-block-image size-large\"><img loading=\"lazy\" decoding=\"async\" width=\"1024\" height=\"576\" data-id=\"35136\" src=\"https:\/\/unifsa.com.br\/site\/wp-content\/uploads\/2024\/09\/IMG_8042-1024x576.jpeg\" alt=\"\" class=\"wp-image-35136\" srcset=\"https:\/\/unifsa.com.br\/site\/wp-content\/uploads\/2024\/09\/IMG_8042-1024x576.jpeg 1024w, https:\/\/unifsa.com.br\/site\/wp-content\/uploads\/2024\/09\/IMG_8042-300x169.jpeg 300w, https:\/\/unifsa.com.br\/site\/wp-content\/uploads\/2024\/09\/IMG_8042-768x432.jpeg 768w, https:\/\/unifsa.com.br\/site\/wp-content\/uploads\/2024\/09\/IMG_8042-1536x864.jpeg 1536w, https:\/\/unifsa.com.br\/site\/wp-content\/uploads\/2024\/09\/IMG_8042-2048x1152.jpeg 2048w\" sizes=\"(max-width: 1024px) 100vw, 1024px\" \/><\/figure>\n\n\n\n<figure class=\"wp-block-image size-large\"><img loading=\"lazy\" decoding=\"async\" width=\"1024\" height=\"576\" data-id=\"35135\" src=\"https:\/\/unifsa.com.br\/site\/wp-content\/uploads\/2024\/09\/IMG_7971-1024x576.jpeg\" alt=\"\" class=\"wp-image-35135\" srcset=\"https:\/\/unifsa.com.br\/site\/wp-content\/uploads\/2024\/09\/IMG_7971-1024x576.jpeg 1024w, https:\/\/unifsa.com.br\/site\/wp-content\/uploads\/2024\/09\/IMG_7971-300x169.jpeg 300w, https:\/\/unifsa.com.br\/site\/wp-content\/uploads\/2024\/09\/IMG_7971-768x432.jpeg 768w, https:\/\/unifsa.com.br\/site\/wp-content\/uploads\/2024\/09\/IMG_7971-1536x864.jpeg 1536w, https:\/\/unifsa.com.br\/site\/wp-content\/uploads\/2024\/09\/IMG_7971-2048x1152.jpeg 2048w\" sizes=\"(max-width: 1024px) 100vw, 1024px\" \/><\/figure>\n<\/figure>\n\n\n\n<p class=\"texto-justificado\">Pela plataforma TEAMS, tamb\u00e9m na noite de quinta-feira, ocorreram as acolhidas dos cursos de Servi\u00e7o Social EAD e Nutri\u00e7\u00e3o Semipresencial. O primeiro, com o tema &#8220;Explorando os Espa\u00e7os S\u00f3cio-Ocupacionais: Ampliando as Fronteiras da Pr\u00e1tica do Servi\u00e7o Social&#8221; e a participa\u00e7\u00e3o da Vice-presidente do CRESS\/PI, Adriana Barros.<\/p>\n\n\n\n<figure class=\"wp-block-gallery has-nested-images columns-default is-cropped wp-block-gallery-15 is-layout-flex wp-block-gallery-is-layout-flex\">\n<figure class=\"wp-block-image size-large\"><img loading=\"lazy\" decoding=\"async\" width=\"1024\" height=\"419\" data-id=\"35143\" src=\"https:\/\/unifsa.com.br\/site\/wp-content\/uploads\/2024\/09\/WhatsApp-Image-2024-08-22-at-21.45.21-1024x419.jpeg\" alt=\"\" class=\"wp-image-35143\" srcset=\"https:\/\/unifsa.com.br\/site\/wp-content\/uploads\/2024\/09\/WhatsApp-Image-2024-08-22-at-21.45.21-1024x419.jpeg 1024w, https:\/\/unifsa.com.br\/site\/wp-content\/uploads\/2024\/09\/WhatsApp-Image-2024-08-22-at-21.45.21-300x123.jpeg 300w, https:\/\/unifsa.com.br\/site\/wp-content\/uploads\/2024\/09\/WhatsApp-Image-2024-08-22-at-21.45.21-768x314.jpeg 768w, https:\/\/unifsa.com.br\/site\/wp-content\/uploads\/2024\/09\/WhatsApp-Image-2024-08-22-at-21.45.21.jpeg 1297w\" sizes=\"(max-width: 1024px) 100vw, 1024px\" \/><\/figure>\n\n\n\n<figure class=\"wp-block-image size-large\"><img loading=\"lazy\" decoding=\"async\" width=\"1024\" height=\"576\" data-id=\"35144\" src=\"https:\/\/unifsa.com.br\/site\/wp-content\/uploads\/2024\/09\/WhatsApp-Image-2024-08-22-at-21.45.22-1024x576.jpeg\" alt=\"\" class=\"wp-image-35144\" srcset=\"https:\/\/unifsa.com.br\/site\/wp-content\/uploads\/2024\/09\/WhatsApp-Image-2024-08-22-at-21.45.22-1024x576.jpeg 1024w, https:\/\/unifsa.com.br\/site\/wp-content\/uploads\/2024\/09\/WhatsApp-Image-2024-08-22-at-21.45.22-300x169.jpeg 300w, https:\/\/unifsa.com.br\/site\/wp-content\/uploads\/2024\/09\/WhatsApp-Image-2024-08-22-at-21.45.22-768x432.jpeg 768w, https:\/\/unifsa.com.br\/site\/wp-content\/uploads\/2024\/09\/WhatsApp-Image-2024-08-22-at-21.45.22.jpeg 1366w\" sizes=\"(max-width: 1024px) 100vw, 1024px\" \/><\/figure>\n<\/figure>\n\n\n\n<p class=\"texto-justificado\">J\u00e1 o de Nutri\u00e7\u00e3o Semipresencial trouxe a tem\u00e1tica &#8220;\u00c1reas de atua\u00e7\u00e3o do nutricionista e o mercado de trabalho&#8221;.<\/p>\n\n\n\n<figure class=\"wp-block-gallery has-nested-images columns-default is-cropped wp-block-gallery-16 is-layout-flex wp-block-gallery-is-layout-flex\">\n<figure class=\"wp-block-image size-large\"><img loading=\"lazy\" decoding=\"async\" width=\"1024\" height=\"575\" data-id=\"35147\" src=\"https:\/\/unifsa.com.br\/site\/wp-content\/uploads\/2024\/09\/WhatsApp-Image-2024-08-23-at-18.17.55-1-1024x575.jpeg\" alt=\"\" class=\"wp-image-35147\" srcset=\"https:\/\/unifsa.com.br\/site\/wp-content\/uploads\/2024\/09\/WhatsApp-Image-2024-08-23-at-18.17.55-1-1024x575.jpeg 1024w, https:\/\/unifsa.com.br\/site\/wp-content\/uploads\/2024\/09\/WhatsApp-Image-2024-08-23-at-18.17.55-1-300x169.jpeg 300w, https:\/\/unifsa.com.br\/site\/wp-content\/uploads\/2024\/09\/WhatsApp-Image-2024-08-23-at-18.17.55-1-768x431.jpeg 768w, https:\/\/unifsa.com.br\/site\/wp-content\/uploads\/2024\/09\/WhatsApp-Image-2024-08-23-at-18.17.55-1.jpeg 1280w\" sizes=\"(max-width: 1024px) 100vw, 1024px\" \/><\/figure>\n\n\n\n<figure class=\"wp-block-image size-large\"><img loading=\"lazy\" decoding=\"async\" width=\"1024\" height=\"576\" data-id=\"35146\" src=\"https:\/\/unifsa.com.br\/site\/wp-content\/uploads\/2024\/09\/WhatsApp-Image-2024-08-23-at-18.17.55-1024x576.jpeg\" alt=\"\" class=\"wp-image-35146\" srcset=\"https:\/\/unifsa.com.br\/site\/wp-content\/uploads\/2024\/09\/WhatsApp-Image-2024-08-23-at-18.17.55-1024x576.jpeg 1024w, https:\/\/unifsa.com.br\/site\/wp-content\/uploads\/2024\/09\/WhatsApp-Image-2024-08-23-at-18.17.55-300x169.jpeg 300w, https:\/\/unifsa.com.br\/site\/wp-content\/uploads\/2024\/09\/WhatsApp-Image-2024-08-23-at-18.17.55-768x432.jpeg 768w, https:\/\/unifsa.com.br\/site\/wp-content\/uploads\/2024\/09\/WhatsApp-Image-2024-08-23-at-18.17.55.jpeg 1280w\" sizes=\"(max-width: 1024px) 100vw, 1024px\" \/><\/figure>\n<\/figure>\n\n\n\n<p class=\"texto-justificado\">Na noite de sexta-feira (23), tamb\u00e9m pela plataforma TEAMS, a egressa do UNIFSA, Rebecca Rocha, conversou sobre sua carreira com os alunos de Engenharia Civil e Engenharia El\u00e9trica semipresenciais na palestra \u201cDe estagi\u00e1ria a aut\u00f4noma: \u00e9 poss\u00edvel sim!\u201d.<\/p>\n\n\n\n<figure class=\"wp-block-image size-large\"><img loading=\"lazy\" decoding=\"async\" width=\"1024\" height=\"576\" src=\"https:\/\/unifsa.com.br\/site\/wp-content\/uploads\/2024\/09\/image-1-1024x576.png\" alt=\"\" class=\"wp-image-35159\" srcset=\"https:\/\/unifsa.com.br\/site\/wp-content\/uploads\/2024\/09\/image-1-1024x576.png 1024w, https:\/\/unifsa.com.br\/site\/wp-content\/uploads\/2024\/09\/image-1-300x169.png 300w, https:\/\/unifsa.com.br\/site\/wp-content\/uploads\/2024\/09\/image-1-768x432.png 768w, https:\/\/unifsa.com.br\/site\/wp-content\/uploads\/2024\/09\/image-1.png 1366w\" sizes=\"(max-width: 1024px) 100vw, 1024px\" \/><\/figure>\n\n\n\n<p class=\"texto-justificado\">Na segunda-feira (26), foi a vez de acolher os alunos dos cursos de Engenharia Civil, El\u00e9trica e de Produ\u00e7\u00e3o. Para a ocasi\u00e3o, participaram: o Prof. Me. F\u00e1bio Leite (Ilusionista e Docente de Engenharia El\u00e9trica do UNIFSA) em sua apresenta\u00e7\u00e3o como M\u00e1gico Sethi, o Presidente do Conselho Regional de Engenharia e Agronomia do Piau\u00ed, Herculis Medeiros (Engenheiro Civil, Eletricista e de Seguran\u00e7a do Trabalho) e o Diretor Geral da Mutua, Andrei Costa (Engenheiro de produ\u00e7\u00e3o).<\/p>\n\n\n\n<figure class=\"wp-block-gallery has-nested-images columns-default is-cropped wp-block-gallery-17 is-layout-flex wp-block-gallery-is-layout-flex\">\n<figure class=\"wp-block-image size-large\"><img loading=\"lazy\" decoding=\"async\" width=\"1024\" height=\"576\" data-id=\"35140\" src=\"https:\/\/unifsa.com.br\/site\/wp-content\/uploads\/2024\/09\/IMG_8632-1024x576.jpeg\" alt=\"\" class=\"wp-image-35140\" srcset=\"https:\/\/unifsa.com.br\/site\/wp-content\/uploads\/2024\/09\/IMG_8632-1024x576.jpeg 1024w, https:\/\/unifsa.com.br\/site\/wp-content\/uploads\/2024\/09\/IMG_8632-300x169.jpeg 300w, https:\/\/unifsa.com.br\/site\/wp-content\/uploads\/2024\/09\/IMG_8632-768x432.jpeg 768w, https:\/\/unifsa.com.br\/site\/wp-content\/uploads\/2024\/09\/IMG_8632-1536x864.jpeg 1536w, https:\/\/unifsa.com.br\/site\/wp-content\/uploads\/2024\/09\/IMG_8632-2048x1152.jpeg 2048w\" sizes=\"(max-width: 1024px) 100vw, 1024px\" \/><\/figure>\n\n\n\n<figure class=\"wp-block-image size-large\"><img loading=\"lazy\" decoding=\"async\" width=\"1024\" height=\"576\" data-id=\"35141\" src=\"https:\/\/unifsa.com.br\/site\/wp-content\/uploads\/2024\/09\/IMG_8753-1024x576.jpeg\" alt=\"\" class=\"wp-image-35141\" srcset=\"https:\/\/unifsa.com.br\/site\/wp-content\/uploads\/2024\/09\/IMG_8753-1024x576.jpeg 1024w, https:\/\/unifsa.com.br\/site\/wp-content\/uploads\/2024\/09\/IMG_8753-300x169.jpeg 300w, https:\/\/unifsa.com.br\/site\/wp-content\/uploads\/2024\/09\/IMG_8753-768x432.jpeg 768w, https:\/\/unifsa.com.br\/site\/wp-content\/uploads\/2024\/09\/IMG_8753-1536x864.jpeg 1536w, https:\/\/unifsa.com.br\/site\/wp-content\/uploads\/2024\/09\/IMG_8753-2048x1152.jpeg 2048w\" sizes=\"(max-width: 1024px) 100vw, 1024px\" \/><\/figure>\n<\/figure>\n\n\n\n<p class=\"texto-justificado\">No mesmo momento, ocorreu a acolhida do curso de Administra\u00e7\u00e3o EAD, comandada pelo coordenador Prof. Dr. Nonato Moura, sob o tema &#8220;A Vis\u00e3o Hol\u00edstica da Administra\u00e7\u00e3o&#8221;.<\/p>\n\n\n\n<figure class=\"wp-block-image size-large\"><img loading=\"lazy\" decoding=\"async\" width=\"1024\" height=\"576\" src=\"https:\/\/unifsa.com.br\/site\/wp-content\/uploads\/2024\/09\/image-1024x576.png\" alt=\"\" class=\"wp-image-35157\" srcset=\"https:\/\/unifsa.com.br\/site\/wp-content\/uploads\/2024\/09\/image-1024x576.png 1024w, https:\/\/unifsa.com.br\/site\/wp-content\/uploads\/2024\/09\/image-300x169.png 300w, https:\/\/unifsa.com.br\/site\/wp-content\/uploads\/2024\/09\/image-768x432.png 768w, https:\/\/unifsa.com.br\/site\/wp-content\/uploads\/2024\/09\/image.png 1366w\" sizes=\"(max-width: 1024px) 100vw, 1024px\" \/><\/figure>\n\n\n\n<p class=\"texto-justificado\">No dia 28, \u00e0s 19h, os alunos de Biomedicina Semipresencial participaram do bate-papo <strong>\u201cBiomedicina: Habilita\u00e7\u00f5es e mercado de trabalho\u201d<\/strong>, comandado pelo Biom\u00e9dico, Farmac\u00eautico e Doutorando em Medicina Tropical, Jo\u00e3o Paulo Sampaio.<\/p>\n\n\n\n<figure class=\"wp-block-image size-large\"><img loading=\"lazy\" decoding=\"async\" width=\"1024\" height=\"768\" src=\"https:\/\/unifsa.com.br\/site\/wp-content\/uploads\/2024\/09\/WhatsApp-Image-2024-09-05-at-16.40.15-1024x768.jpeg\" alt=\"\" class=\"wp-image-35158\" srcset=\"https:\/\/unifsa.com.br\/site\/wp-content\/uploads\/2024\/09\/WhatsApp-Image-2024-09-05-at-16.40.15-1024x768.jpeg 1024w, https:\/\/unifsa.com.br\/site\/wp-content\/uploads\/2024\/09\/WhatsApp-Image-2024-09-05-at-16.40.15-300x225.jpeg 300w, https:\/\/unifsa.com.br\/site\/wp-content\/uploads\/2024\/09\/WhatsApp-Image-2024-09-05-at-16.40.15-768x576.jpeg 768w, https:\/\/unifsa.com.br\/site\/wp-content\/uploads\/2024\/09\/WhatsApp-Image-2024-09-05-at-16.40.15-1536x1152.jpeg 1536w, https:\/\/unifsa.com.br\/site\/wp-content\/uploads\/2024\/09\/WhatsApp-Image-2024-09-05-at-16.40.15.jpeg 1600w\" sizes=\"(max-width: 1024px) 100vw, 1024px\" \/><\/figure>\n\n\n\n<p class=\"texto-justificado\">Por fim, no dia 03 de setembro, \u00e0s 19h, todos os alunos das modalidades EAD e Semipresencial foram convidados a participarem da palestra \u201cIntelig\u00eancia Artificial e o Mercado de Trabalho\u201d, ministrada pelo Engenheiro Civil, Mestre em Gest\u00e3o Empresarial e Doutor em Administra\u00e7\u00e3o, Humberto Cardoso.<\/p>\n\n\n\n<figure class=\"wp-block-image size-full\"><img loading=\"lazy\" decoding=\"async\" width=\"890\" height=\"487\" src=\"https:\/\/unifsa.com.br\/site\/wp-content\/uploads\/2024\/09\/image-2.png\" alt=\"\" class=\"wp-image-35160\" srcset=\"https:\/\/unifsa.com.br\/site\/wp-content\/uploads\/2024\/09\/image-2.png 890w, https:\/\/unifsa.com.br\/site\/wp-content\/uploads\/2024\/09\/image-2-300x164.png 300w, https:\/\/unifsa.com.br\/site\/wp-content\/uploads\/2024\/09\/image-2-768x420.png 768w\" sizes=\"(max-width: 890px) 100vw, 890px\" \/><\/figure>\n\n\n\n<p><\/p>\n","protected":false},"excerpt":{"rendered":"<p>As aulas do segundo semestre de 2024 do Centro Universit\u00e1rio Santo Agostinho iniciaram no dia 05 de agosto para os veteranos e no dia 19 do mesmo m\u00eas para os ingressantes. E, como de costume, as coordena\u00e7\u00f5es de cursos prepararam recep\u00e7\u00f5es especiais para seus alunos. Confira os eventos realizados: No dia 13, \u00e0s 9h, os<\/p>\n","protected":false},"author":11,"featured_media":35162,"comment_status":"closed","ping_status":"open","sticky":false,"template":"","format":"standard","meta":{"_acf_changed":false,"footnotes":""},"categories":[6],"tags":[],"class_list":["post-34878","post","type-post","status-publish","format-standard","has-post-thumbnail","hentry","category-acontece-na-unifsa"],"acf":[],"yoast_head":"<!-- This site is optimized with the Yoast SEO plugin v26.5 - https:\/\/yoast.com\/wordpress\/plugins\/seo\/ -->\n<title>UNIFSA realiza acolhidas para cursos presenciais, EAD e semipresenciais - Centro Universit\u00e1rio Santo Agostinho - UNIFSA<\/title>\n<meta name=\"robots\" content=\"index, follow, max-snippet:-1, max-image-preview:large, max-video-preview:-1\" \/>\n<link rel=\"canonical\" href=\"https:\/\/unifsa.com.br\/site\/unifsa-realiza-acolhidas-para-cursos-presenciais-ead-e-semipresenciais\/\" \/>\n<meta property=\"og:locale\" content=\"pt_BR\" \/>\n<meta property=\"og:type\" content=\"article\" \/>\n<meta property=\"og:title\" content=\"UNIFSA realiza acolhidas para cursos presenciais, EAD e semipresenciais - Centro Universit\u00e1rio Santo Agostinho - UNIFSA\" \/>\n<meta property=\"og:description\" content=\"As aulas do segundo semestre de 2024 do Centro Universit\u00e1rio Santo Agostinho iniciaram no dia 05 de agosto para os veteranos e no dia 19 do mesmo m\u00eas para os ingressantes. E, como de costume, as coordena\u00e7\u00f5es de cursos prepararam recep\u00e7\u00f5es especiais para seus alunos. Confira os eventos realizados: No dia 13, \u00e0s 9h, os\" \/>\n<meta property=\"og:url\" content=\"https:\/\/unifsa.com.br\/site\/unifsa-realiza-acolhidas-para-cursos-presenciais-ead-e-semipresenciais\/\" \/>\n<meta property=\"og:site_name\" content=\"Centro Universit\u00e1rio Santo Agostinho - UNIFSA\" \/>\n<meta property=\"article:publisher\" content=\"https:\/\/www.facebook.com\/unifsa\/\" \/>\n<meta property=\"article:published_time\" content=\"2024-09-06T13:17:48+00:00\" \/>\n<meta property=\"article:modified_time\" content=\"2024-09-06T13:17:49+00:00\" \/>\n<meta property=\"og:image\" content=\"https:\/\/unifsa.com.br\/site\/wp-content\/uploads\/2024\/09\/SITE-2024-09-06T100953.708.jpg\" \/>\n\t<meta property=\"og:image:width\" content=\"1920\" \/>\n\t<meta property=\"og:image:height\" content=\"805\" \/>\n\t<meta property=\"og:image:type\" content=\"image\/jpeg\" \/>\n<meta name=\"author\" content=\"Oceannyra Kelly da Cruz Silva\" \/>\n<meta name=\"twitter:card\" content=\"summary_large_image\" \/>\n<meta name=\"twitter:label1\" content=\"Escrito por\" \/>\n\t<meta name=\"twitter:data1\" content=\"Oceannyra Kelly da Cruz Silva\" \/>\n\t<meta name=\"twitter:label2\" content=\"Est. tempo de leitura\" \/>\n\t<meta name=\"twitter:data2\" content=\"13 minutos\" \/>\n<script type=\"application\/ld+json\" class=\"yoast-schema-graph\">{\"@context\":\"https:\/\/schema.org\",\"@graph\":[{\"@type\":\"Article\",\"@id\":\"https:\/\/unifsa.com.br\/site\/unifsa-realiza-acolhidas-para-cursos-presenciais-ead-e-semipresenciais\/#article\",\"isPartOf\":{\"@id\":\"https:\/\/unifsa.com.br\/site\/unifsa-realiza-acolhidas-para-cursos-presenciais-ead-e-semipresenciais\/\"},\"author\":{\"name\":\"Oceannyra Kelly da Cruz Silva\",\"@id\":\"https:\/\/unifsa.com.br\/site\/#\/schema\/person\/a4cec94bbc6ddf98f579162824de9bf2\"},\"headline\":\"UNIFSA realiza acolhidas para cursos presenciais, EAD e semipresenciais\",\"datePublished\":\"2024-09-06T13:17:48+00:00\",\"dateModified\":\"2024-09-06T13:17:49+00:00\",\"mainEntityOfPage\":{\"@id\":\"https:\/\/unifsa.com.br\/site\/unifsa-realiza-acolhidas-para-cursos-presenciais-ead-e-semipresenciais\/\"},\"wordCount\":949,\"publisher\":{\"@id\":\"https:\/\/unifsa.com.br\/site\/#organization\"},\"image\":{\"@id\":\"https:\/\/unifsa.com.br\/site\/unifsa-realiza-acolhidas-para-cursos-presenciais-ead-e-semipresenciais\/#primaryimage\"},\"thumbnailUrl\":\"https:\/\/unifsa.com.br\/site\/wp-content\/uploads\/2024\/09\/SITE-2024-09-06T100953.708.jpg\",\"articleSection\":[\"Acontece na UNIFSA\"],\"inLanguage\":\"pt-BR\"},{\"@type\":\"WebPage\",\"@id\":\"https:\/\/unifsa.com.br\/site\/unifsa-realiza-acolhidas-para-cursos-presenciais-ead-e-semipresenciais\/\",\"url\":\"https:\/\/unifsa.com.br\/site\/unifsa-realiza-acolhidas-para-cursos-presenciais-ead-e-semipresenciais\/\",\"name\":\"UNIFSA realiza acolhidas para cursos presenciais, EAD e semipresenciais - Centro Universit\u00e1rio Santo Agostinho - UNIFSA\",\"isPartOf\":{\"@id\":\"https:\/\/unifsa.com.br\/site\/#website\"},\"primaryImageOfPage\":{\"@id\":\"https:\/\/unifsa.com.br\/site\/unifsa-realiza-acolhidas-para-cursos-presenciais-ead-e-semipresenciais\/#primaryimage\"},\"image\":{\"@id\":\"https:\/\/unifsa.com.br\/site\/unifsa-realiza-acolhidas-para-cursos-presenciais-ead-e-semipresenciais\/#primaryimage\"},\"thumbnailUrl\":\"https:\/\/unifsa.com.br\/site\/wp-content\/uploads\/2024\/09\/SITE-2024-09-06T100953.708.jpg\",\"datePublished\":\"2024-09-06T13:17:48+00:00\",\"dateModified\":\"2024-09-06T13:17:49+00:00\",\"breadcrumb\":{\"@id\":\"https:\/\/unifsa.com.br\/site\/unifsa-realiza-acolhidas-para-cursos-presenciais-ead-e-semipresenciais\/#breadcrumb\"},\"inLanguage\":\"pt-BR\",\"potentialAction\":[{\"@type\":\"ReadAction\",\"target\":[\"https:\/\/unifsa.com.br\/site\/unifsa-realiza-acolhidas-para-cursos-presenciais-ead-e-semipresenciais\/\"]}]},{\"@type\":\"ImageObject\",\"inLanguage\":\"pt-BR\",\"@id\":\"https:\/\/unifsa.com.br\/site\/unifsa-realiza-acolhidas-para-cursos-presenciais-ead-e-semipresenciais\/#primaryimage\",\"url\":\"https:\/\/unifsa.com.br\/site\/wp-content\/uploads\/2024\/09\/SITE-2024-09-06T100953.708.jpg\",\"contentUrl\":\"https:\/\/unifsa.com.br\/site\/wp-content\/uploads\/2024\/09\/SITE-2024-09-06T100953.708.jpg\",\"width\":1920,\"height\":805},{\"@type\":\"BreadcrumbList\",\"@id\":\"https:\/\/unifsa.com.br\/site\/unifsa-realiza-acolhidas-para-cursos-presenciais-ead-e-semipresenciais\/#breadcrumb\",\"itemListElement\":[{\"@type\":\"ListItem\",\"position\":1,\"name\":\"In\u00edcio\",\"item\":\"https:\/\/unifsa.com.br\/site\/\"},{\"@type\":\"ListItem\",\"position\":2,\"name\":\"UNIFSA realiza acolhidas para cursos presenciais, EAD e semipresenciais\"}]},{\"@type\":\"WebSite\",\"@id\":\"https:\/\/unifsa.com.br\/site\/#website\",\"url\":\"https:\/\/unifsa.com.br\/site\/\",\"name\":\"Centro Universit\u00e1rio Santo Agostinho - UNIFSA\",\"description\":\"Conhecimento para toda a vida\",\"publisher\":{\"@id\":\"https:\/\/unifsa.com.br\/site\/#organization\"},\"potentialAction\":[{\"@type\":\"SearchAction\",\"target\":{\"@type\":\"EntryPoint\",\"urlTemplate\":\"https:\/\/unifsa.com.br\/site\/?s={search_term_string}\"},\"query-input\":{\"@type\":\"PropertyValueSpecification\",\"valueRequired\":true,\"valueName\":\"search_term_string\"}}],\"inLanguage\":\"pt-BR\"},{\"@type\":\"Organization\",\"@id\":\"https:\/\/unifsa.com.br\/site\/#organization\",\"name\":\"Centro Universit\u00e1rio Santo Agostinho - UNIFSA\",\"url\":\"https:\/\/unifsa.com.br\/site\/\",\"logo\":{\"@type\":\"ImageObject\",\"inLanguage\":\"pt-BR\",\"@id\":\"https:\/\/unifsa.com.br\/site\/#\/schema\/logo\/image\/\",\"url\":\"https:\/\/unifsa.com.br\/site\/wp-content\/uploads\/2023\/03\/MARCA-UNIFSA-CIC23-q2apjs1mt975cf1wl25b044coj90fwoiee1kya6800.png\",\"contentUrl\":\"https:\/\/unifsa.com.br\/site\/wp-content\/uploads\/2023\/03\/MARCA-UNIFSA-CIC23-q2apjs1mt975cf1wl25b044coj90fwoiee1kya6800.png\",\"width\":103,\"height\":100,\"caption\":\"Centro Universit\u00e1rio Santo Agostinho - UNIFSA\"},\"image\":{\"@id\":\"https:\/\/unifsa.com.br\/site\/#\/schema\/logo\/image\/\"},\"sameAs\":[\"https:\/\/www.facebook.com\/unifsa\/\",\"https:\/\/www.instagram.com\/unifsa\/\"]},{\"@type\":\"Person\",\"@id\":\"https:\/\/unifsa.com.br\/site\/#\/schema\/person\/a4cec94bbc6ddf98f579162824de9bf2\",\"name\":\"Oceannyra Kelly da Cruz Silva\",\"image\":{\"@type\":\"ImageObject\",\"inLanguage\":\"pt-BR\",\"@id\":\"https:\/\/unifsa.com.br\/site\/#\/schema\/person\/image\/\",\"url\":\"https:\/\/secure.gravatar.com\/avatar\/05c87cd6fa2c3c73262055bd9341438a47e77a37053b409b3cf4f8df60ea8eb8?s=96&d=mm&r=g\",\"contentUrl\":\"https:\/\/secure.gravatar.com\/avatar\/05c87cd6fa2c3c73262055bd9341438a47e77a37053b409b3cf4f8df60ea8eb8?s=96&d=mm&r=g\",\"caption\":\"Oceannyra Kelly da Cruz Silva\"},\"url\":\"https:\/\/unifsa.com.br\/site\/author\/oceannyrakelly\/\"}]}<\/script>\n<!-- \/ Yoast SEO plugin. -->","yoast_head_json":{"title":"UNIFSA realiza acolhidas para cursos presenciais, EAD e semipresenciais - Centro Universit\u00e1rio Santo Agostinho - UNIFSA","robots":{"index":"index","follow":"follow","max-snippet":"max-snippet:-1","max-image-preview":"max-image-preview:large","max-video-preview":"max-video-preview:-1"},"canonical":"https:\/\/unifsa.com.br\/site\/unifsa-realiza-acolhidas-para-cursos-presenciais-ead-e-semipresenciais\/","og_locale":"pt_BR","og_type":"article","og_title":"UNIFSA realiza acolhidas para cursos presenciais, EAD e semipresenciais - Centro Universit\u00e1rio Santo Agostinho - UNIFSA","og_description":"As aulas do segundo semestre de 2024 do Centro Universit\u00e1rio Santo Agostinho iniciaram no dia 05 de agosto para os veteranos e no dia 19 do mesmo m\u00eas para os ingressantes. E, como de costume, as coordena\u00e7\u00f5es de cursos prepararam recep\u00e7\u00f5es especiais para seus alunos. Confira os eventos realizados: No dia 13, \u00e0s 9h, os","og_url":"https:\/\/unifsa.com.br\/site\/unifsa-realiza-acolhidas-para-cursos-presenciais-ead-e-semipresenciais\/","og_site_name":"Centro Universit\u00e1rio Santo Agostinho - UNIFSA","article_publisher":"https:\/\/www.facebook.com\/unifsa\/","article_published_time":"2024-09-06T13:17:48+00:00","article_modified_time":"2024-09-06T13:17:49+00:00","og_image":[{"width":1920,"height":805,"url":"https:\/\/unifsa.com.br\/site\/wp-content\/uploads\/2024\/09\/SITE-2024-09-06T100953.708.jpg","type":"image\/jpeg"}],"author":"Oceannyra Kelly da Cruz Silva","twitter_card":"summary_large_image","twitter_misc":{"Escrito por":"Oceannyra Kelly da Cruz Silva","Est. tempo de leitura":"13 minutos"},"schema":{"@context":"https:\/\/schema.org","@graph":[{"@type":"Article","@id":"https:\/\/unifsa.com.br\/site\/unifsa-realiza-acolhidas-para-cursos-presenciais-ead-e-semipresenciais\/#article","isPartOf":{"@id":"https:\/\/unifsa.com.br\/site\/unifsa-realiza-acolhidas-para-cursos-presenciais-ead-e-semipresenciais\/"},"author":{"name":"Oceannyra Kelly da Cruz Silva","@id":"https:\/\/unifsa.com.br\/site\/#\/schema\/person\/a4cec94bbc6ddf98f579162824de9bf2"},"headline":"UNIFSA realiza acolhidas para cursos presenciais, EAD e semipresenciais","datePublished":"2024-09-06T13:17:48+00:00","dateModified":"2024-09-06T13:17:49+00:00","mainEntityOfPage":{"@id":"https:\/\/unifsa.com.br\/site\/unifsa-realiza-acolhidas-para-cursos-presenciais-ead-e-semipresenciais\/"},"wordCount":949,"publisher":{"@id":"https:\/\/unifsa.com.br\/site\/#organization"},"image":{"@id":"https:\/\/unifsa.com.br\/site\/unifsa-realiza-acolhidas-para-cursos-presenciais-ead-e-semipresenciais\/#primaryimage"},"thumbnailUrl":"https:\/\/unifsa.com.br\/site\/wp-content\/uploads\/2024\/09\/SITE-2024-09-06T100953.708.jpg","articleSection":["Acontece na UNIFSA"],"inLanguage":"pt-BR"},{"@type":"WebPage","@id":"https:\/\/unifsa.com.br\/site\/unifsa-realiza-acolhidas-para-cursos-presenciais-ead-e-semipresenciais\/","url":"https:\/\/unifsa.com.br\/site\/unifsa-realiza-acolhidas-para-cursos-presenciais-ead-e-semipresenciais\/","name":"UNIFSA realiza acolhidas para cursos presenciais, EAD e semipresenciais - Centro Universit\u00e1rio Santo Agostinho - UNIFSA","isPartOf":{"@id":"https:\/\/unifsa.com.br\/site\/#website"},"primaryImageOfPage":{"@id":"https:\/\/unifsa.com.br\/site\/unifsa-realiza-acolhidas-para-cursos-presenciais-ead-e-semipresenciais\/#primaryimage"},"image":{"@id":"https:\/\/unifsa.com.br\/site\/unifsa-realiza-acolhidas-para-cursos-presenciais-ead-e-semipresenciais\/#primaryimage"},"thumbnailUrl":"https:\/\/unifsa.com.br\/site\/wp-content\/uploads\/2024\/09\/SITE-2024-09-06T100953.708.jpg","datePublished":"2024-09-06T13:17:48+00:00","dateModified":"2024-09-06T13:17:49+00:00","breadcrumb":{"@id":"https:\/\/unifsa.com.br\/site\/unifsa-realiza-acolhidas-para-cursos-presenciais-ead-e-semipresenciais\/#breadcrumb"},"inLanguage":"pt-BR","potentialAction":[{"@type":"ReadAction","target":["https:\/\/unifsa.com.br\/site\/unifsa-realiza-acolhidas-para-cursos-presenciais-ead-e-semipresenciais\/"]}]},{"@type":"ImageObject","inLanguage":"pt-BR","@id":"https:\/\/unifsa.com.br\/site\/unifsa-realiza-acolhidas-para-cursos-presenciais-ead-e-semipresenciais\/#primaryimage","url":"https:\/\/unifsa.com.br\/site\/wp-content\/uploads\/2024\/09\/SITE-2024-09-06T100953.708.jpg","contentUrl":"https:\/\/unifsa.com.br\/site\/wp-content\/uploads\/2024\/09\/SITE-2024-09-06T100953.708.jpg","width":1920,"height":805},{"@type":"BreadcrumbList","@id":"https:\/\/unifsa.com.br\/site\/unifsa-realiza-acolhidas-para-cursos-presenciais-ead-e-semipresenciais\/#breadcrumb","itemListElement":[{"@type":"ListItem","position":1,"name":"In\u00edcio","item":"https:\/\/unifsa.com.br\/site\/"},{"@type":"ListItem","position":2,"name":"UNIFSA realiza acolhidas para cursos presenciais, EAD e semipresenciais"}]},{"@type":"WebSite","@id":"https:\/\/unifsa.com.br\/site\/#website","url":"https:\/\/unifsa.com.br\/site\/","name":"Centro Universit\u00e1rio Santo Agostinho - UNIFSA","description":"Conhecimento para toda a vida","publisher":{"@id":"https:\/\/unifsa.com.br\/site\/#organization"},"potentialAction":[{"@type":"SearchAction","target":{"@type":"EntryPoint","urlTemplate":"https:\/\/unifsa.com.br\/site\/?s={search_term_string}"},"query-input":{"@type":"PropertyValueSpecification","valueRequired":true,"valueName":"search_term_string"}}],"inLanguage":"pt-BR"},{"@type":"Organization","@id":"https:\/\/unifsa.com.br\/site\/#organization","name":"Centro Universit\u00e1rio Santo Agostinho - UNIFSA","url":"https:\/\/unifsa.com.br\/site\/","logo":{"@type":"ImageObject","inLanguage":"pt-BR","@id":"https:\/\/unifsa.com.br\/site\/#\/schema\/logo\/image\/","url":"https:\/\/unifsa.com.br\/site\/wp-content\/uploads\/2023\/03\/MARCA-UNIFSA-CIC23-q2apjs1mt975cf1wl25b044coj90fwoiee1kya6800.png","contentUrl":"https:\/\/unifsa.com.br\/site\/wp-content\/uploads\/2023\/03\/MARCA-UNIFSA-CIC23-q2apjs1mt975cf1wl25b044coj90fwoiee1kya6800.png","width":103,"height":100,"caption":"Centro Universit\u00e1rio Santo Agostinho - UNIFSA"},"image":{"@id":"https:\/\/unifsa.com.br\/site\/#\/schema\/logo\/image\/"},"sameAs":["https:\/\/www.facebook.com\/unifsa\/","https:\/\/www.instagram.com\/unifsa\/"]},{"@type":"Person","@id":"https:\/\/unifsa.com.br\/site\/#\/schema\/person\/a4cec94bbc6ddf98f579162824de9bf2","name":"Oceannyra Kelly da Cruz Silva","image":{"@type":"ImageObject","inLanguage":"pt-BR","@id":"https:\/\/unifsa.com.br\/site\/#\/schema\/person\/image\/","url":"https:\/\/secure.gravatar.com\/avatar\/05c87cd6fa2c3c73262055bd9341438a47e77a37053b409b3cf4f8df60ea8eb8?s=96&d=mm&r=g","contentUrl":"https:\/\/secure.gravatar.com\/avatar\/05c87cd6fa2c3c73262055bd9341438a47e77a37053b409b3cf4f8df60ea8eb8?s=96&d=mm&r=g","caption":"Oceannyra Kelly da Cruz Silva"},"url":"https:\/\/unifsa.com.br\/site\/author\/oceannyrakelly\/"}]}},"_links":{"self":[{"href":"https:\/\/unifsa.com.br\/site\/wp-json\/wp\/v2\/posts\/34878","targetHints":{"allow":["GET"]}}],"collection":[{"href":"https:\/\/unifsa.com.br\/site\/wp-json\/wp\/v2\/posts"}],"about":[{"href":"https:\/\/unifsa.com.br\/site\/wp-json\/wp\/v2\/types\/post"}],"author":[{"embeddable":true,"href":"https:\/\/unifsa.com.br\/site\/wp-json\/wp\/v2\/users\/11"}],"replies":[{"embeddable":true,"href":"https:\/\/unifsa.com.br\/site\/wp-json\/wp\/v2\/comments?post=34878"}],"version-history":[{"count":17,"href":"https:\/\/unifsa.com.br\/site\/wp-json\/wp\/v2\/posts\/34878\/revisions"}],"predecessor-version":[{"id":35163,"href":"https:\/\/unifsa.com.br\/site\/wp-json\/wp\/v2\/posts\/34878\/revisions\/35163"}],"wp:featuredmedia":[{"embeddable":true,"href":"https:\/\/unifsa.com.br\/site\/wp-json\/wp\/v2\/media\/35162"}],"wp:attachment":[{"href":"https:\/\/unifsa.com.br\/site\/wp-json\/wp\/v2\/media?parent=34878"}],"wp:term":[{"taxonomy":"category","embeddable":true,"href":"https:\/\/unifsa.com.br\/site\/wp-json\/wp\/v2\/categories?post=34878"},{"taxonomy":"post_tag","embeddable":true,"href":"https:\/\/unifsa.com.br\/site\/wp-json\/wp\/v2\/tags?post=34878"}],"curies":[{"name":"wp","href":"https:\/\/api.w.org\/{rel}","templated":true}]}}