{"id":33145,"date":"2024-07-19T11:26:36","date_gmt":"2024-07-19T14:26:36","guid":{"rendered":"https:\/\/unifsa.com.br\/site\/?p=33145"},"modified":"2024-08-26T10:42:16","modified_gmt":"2024-08-26T13:42:16","slug":"unifsa-realiza-a-xiv-jornada-de-nutricao-inscreva-se","status":"publish","type":"post","link":"https:\/\/unifsa.com.br\/site\/unifsa-realiza-a-xiv-jornada-de-nutricao-inscreva-se\/","title":{"rendered":"UNIFSA realiza a XIV Jornada de Nutri\u00e7\u00e3o. Inscreva-se!"},"content":{"rendered":"\n<p class=\"texto-justificado\">O Centro Universit\u00e1rio Santo Agostinho realiza a <strong>XIV Jornada de Nutri\u00e7\u00e3o: Pr\u00e1ticas Integrativas e Avan\u00e7os na Nutri\u00e7\u00e3o<\/strong> <strong>de 29 a 31 de agosto<\/strong>, na Sala de Confer\u00eancia &#8211; Anexo II. Com certifica\u00e7\u00e3o de 15h, o evento ser\u00e1 voltado para alunos e profissionais da \u00e1rea, e ainda contar\u00e1 com o minicurso &#8220;Marmita Saud\u00e1vel: praticidade, sabor e sa\u00fade&#8221;, ministrado pela gastr\u00f4noma e produtora de conte\u00fado, Esp. Mar\u00edlia Marques de Souza (carga hor\u00e1ria: 4h).\u00a0<\/p>\n\n\n\n<div class=\"wp-block-buttons is-content-justification-center is-layout-flex wp-container-core-buttons-is-layout-16018d1d wp-block-buttons-is-layout-flex\">\n<div class=\"wp-block-button\"><a class=\"wp-block-button__link has-white-color has-vivid-cyan-blue-background-color has-text-color has-background has-link-color wp-element-button\" href=\"https:\/\/www.sympla.com.br\/evento\/xiii-jornada-de-nutricao-do-unifsa-praticas-integrativas-e-avancos-na-nutricao\/2508255\">Inscreva-se no evento<\/a><\/div>\n<\/div>\n\n\n\n<p><\/p>\n\n\n\n<div class=\"wp-block-buttons is-content-justification-center is-layout-flex wp-container-core-buttons-is-layout-16018d1d wp-block-buttons-is-layout-flex\">\n<div class=\"wp-block-button\"><a class=\"wp-block-button__link has-white-color has-text-color has-background has-link-color wp-element-button\" href=\"https:\/\/www.sympla.com.br\/evento\/marmita-saudavel-praticidade-sabor-e-saude-xiii-jornada-de-nutricao-do-unifsa\/2508273?_gl=1*e4jm6n*_gcl_au*MTY3MjI2NTkxMi4xNzIxMzk4MDI4*_ga*MTk2MzkxODc1Mi4xNzA5NTgxNTA1*_ga_KXH10SQTZF*MTcyMTM5ODAyOS4yLjEuMTcyMTM5OTAwNi41Ny4wLjMyNjQ4ODgzMw..\" style=\"background-color:#015687\">Inscreva-se no minicurso &#8220;Marmita Saud\u00e1vel&#8221;*<\/a><\/div>\n<\/div>\n\n\n\n<p>*<em>As inscri\u00e7\u00f5es s\u00e3o independentes. Para participar do minicurso, n\u00e3o \u00e9 necess\u00e1rio inscrever-se na jornada, e vice-versa.<\/em><\/p>\n\n\n\n<div style=\"height:16px\" aria-hidden=\"true\" class=\"wp-block-spacer\"><\/div>\n\n\n\n<p class=\"texto-justificado\">O objetivo da Jornada \u00e9, principalmente, ampliar a forma\u00e7\u00e3o acad\u00eamica e profissional atrav\u00e9s do interc\u00e2mbio de conhecimentos t\u00e9cnicos e cient\u00edficos, fortalecendo a capacita\u00e7\u00e3o para o ingresso e atua\u00e7\u00e3o no mercado de trabalho nas diversas \u00e1reas da Nutri\u00e7\u00e3o e Alimenta\u00e7\u00e3o, com \u00eanfase em pr\u00e1ticas integrativas e avan\u00e7os nutricionais<\/p>\n\n\n\n<blockquote class=\"wp-block-quote texto-justificado is-layout-flow wp-block-quote-is-layout-flow\">\n<p class=\"texto-justificado\">As palestras, mesas-redondas e discuss\u00f5es tem\u00e1ticas proporcionar\u00e3o uma plataforma din\u00e2mica para explorar e debater os desafios e inova\u00e7\u00f5es do setor. Nossa meta \u00e9 evidenciar caminhos e possibilidades que possam enfrentar os desafios atuais, fortalecendo a pr\u00e1tica e o conhecimento em nutri\u00e7\u00e3o. Este encontro permitir\u00e1 que os participantes colaborem, aprendam e se inspirem mutuamente, contribuindo para um avan\u00e7o significativo nas pr\u00e1ticas nutricionais e na sa\u00fade integrativa.<\/p>\n<cite>Profa. Ma. Ana Caroline de Castro Ferreira Fernandes Mac\u00eado, coordenadora de Nutri\u00e7\u00e3o UNIFSA<\/cite><\/blockquote>\n\n\n\n<h2 class=\"wp-block-heading texto-justificado has-vivid-cyan-blue-color has-text-color has-link-color wp-elements-243ba8ab9852bb6eecc1682bb62576d3\">Confira a programa\u00e7\u00e3o completa:<\/h2>\n\n\n\n<figure class=\"wp-block-table texto-justificado\"><table><tbody><tr><td>DATA<\/td><td>HOR\u00c1RIO<\/td><td>ATIVIDADE<\/td><td>MINISTRANTE<\/td><\/tr><tr><td>29\/8<\/td><td>14h<\/td><td>Credenciamento<\/td><td><\/td><\/tr><tr><td>29\/8<\/td><td>14h30<\/td><td>&#8211; Momento Cultural elaborado pelos discentes&nbsp;&nbsp;<br>&#8211; Exposi\u00e7\u00e3o de Pr\u00e1ticas Exitosas das Extens\u00f5es.&nbsp;<\/td><td>&#8211; Organiza\u00e7\u00e3o do evento: discentes e docentes.&nbsp;<br>-Professores e coordenadores dos projetos de extens\u00e3o e alunos extensionistas.&nbsp;<\/td><\/tr><tr><td>29\/8<\/td><td>15h30<\/td><td><strong>Abertura Oficial do evento:&nbsp;&nbsp;<br><\/strong><br>Sauda\u00e7\u00f5es iniciais de boas-vindas<\/td><td><strong>Ma. Antonieta Lira e Silva<\/strong><br>Reitora do UNIFSA<br><br><strong>Dr. Edjofre Coelho de Oliveira<\/strong><br>Diretor de Ensino<br><br><strong>Ma. Ana Caroline de Castro Ferreira Fernandes Mac\u00eado<\/strong><br>Coordenadora do curso de Nutri\u00e7\u00e3o<br><br><strong>Ma. Francisca Carla Silva de Melo Pereira<\/strong><br>Assessora Pedag\u00f3gica<\/td><\/tr><tr><td>29\/8<\/td><td>16h<\/td><td><strong>Mesa redonda&nbsp;<\/strong>&nbsp;<br>Pr\u00e1ticas Integrativas e Avan\u00e7os na Nutri\u00e7\u00e3o.&nbsp;&nbsp;<\/td><td><strong>Palestrantes:&nbsp;<\/strong>&nbsp;<br><strong>Dra. The\u00eddes Batista Carneiro<\/strong>&#8211; Nutricionista \/ Docente UFPI&nbsp;&nbsp;<br>&nbsp;<br><strong>Ma Vie Arruda<\/strong> \u2013&nbsp;&nbsp;<br>Gastr\u00f4noma e terapeuta Ayurveda, tem consult\u00f3rio em Ayurveda em Teresina, atua principalmente sa\u00fade da mulher.&nbsp;<br>&nbsp;<br><strong>Aline Ribeiro &#8211;<\/strong>&nbsp;<br>Educadora F\u00edsica, Atuou como coordenadora do curso de ayurveda em Teresina, \u00e9 terapeuta Ayurvedica, Mestre em yoga, Aromaterapeuta.&nbsp;<br>&nbsp;<br><strong>Moderadora:<\/strong> Ma. Ana Caroline de Castro Ferreira Fernandes Mac\u00eado \/ Docente UNIFSA&nbsp;<\/td><\/tr><tr><td>30\/8<\/td><td>8h \u00e0s 12h<\/td><td><strong>Curso:&nbsp;<\/strong>&nbsp;<br>Marmita Saud\u00e1vel: praticidade, sabor e sa\u00fade.&nbsp;<br><br>Local: Anexo I<\/td><td><strong>Palestrante:<\/strong>&nbsp;<br><strong>Esp. Mar\u00edlia Marques de Souza<\/strong> \u2013 Gastr\u00f4noma e produtora de conte\u00fado com o perfil @mariliacozinha_&nbsp;<br><br><strong>Docente Organizadora:&nbsp;<\/strong>&nbsp;<br>Ma. Keila Cristiane Batista Bezerra Lopes \/ Docente UNIFSA&nbsp;&nbsp;<\/td><\/tr><tr><td>30\/8<\/td><td>14h<\/td><td>A nova era da Consulta: do tradicional ao modelo de consultoria nutricional e ferramentas de IA.&nbsp;<\/td><td><strong>Palestrante:<\/strong>&nbsp;<br>&nbsp;<br>Esp. Marcelo Teixeira \u2013 Nutricionista Cl\u00ednico Esportivo e Funcional, egresso UNIFSA.&nbsp;<br>&nbsp;<br><strong>Moderadora:<\/strong>&nbsp;<br>&nbsp;<br>&nbsp;Ma. Liejy Agnes dos Santos Raposo Landim\/ Docente UNIFSA&nbsp;<\/td><\/tr><tr><td>30\/8<\/td><td>15h30<\/td><td>Nutricionista do futuro: quais s\u00e3o as expectativas e necessidades para ser destaque na profiss\u00e3o?&nbsp;<\/td><td><strong>Palestrante:<\/strong>&nbsp;&nbsp;<br>&nbsp;<br>Esp. Natanne Veloso \u2013 Nutricionista Egressa UNIFSA, empres\u00e1ria e autora do programa&nbsp; \u201cEfeito Sereia\u201d.&nbsp;<br>&nbsp;<br><strong>Moderadora:<\/strong>&nbsp;&nbsp;<br>&nbsp;<br>Ma. Daniela Fortes Neves Ibiapina \/ Docente UNIFSA&nbsp;<\/td><\/tr><tr><td>31\/8<\/td><td>9h<\/td><td><strong>Palestra online:<\/strong><br><br>H\u00e1bitos alimentares e comportamentais como reflexo de imagem.<\/td><td><strong>Palestrante:<\/strong><br><br>La\u00eds Raissielly<br>Nutricionista Egressa UNIFSA<br>Consultoria Nutricional e Gest\u00e3o de Pessoas.<br>&nbsp;<br><strong>Moderadora:<\/strong><br>Dra. Liana Dantas da Costa e Silva \/ Docente UNIFSA<\/td><\/tr><tr><td>31\/8<\/td><td>10h<\/td><td><strong>Palestra online:<\/strong><br>&nbsp;<br>Entendendo os Transtornos Alimentares<\/td><td><strong>Palestrante:<\/strong><br>&nbsp;<br>Muriel H. Depin<br>&nbsp;<br>Nutricionista (pela UFSC) especializado em transtornos alimentares pelo Ambulim (Programa de Transtornos Alimentares) do IPq-HCFMUSP (Instituto de Psiquiatria do Hospital das Cl\u00ednicas da Faculdade de Medicina da Universidade de S\u00e3o Paulo) e criador do @obarrigapositiva.<\/td><\/tr><\/tbody><\/table><\/figure>\n","protected":false},"excerpt":{"rendered":"<p>O Centro Universit\u00e1rio Santo Agostinho realiza a XIV Jornada de Nutri\u00e7\u00e3o: Pr\u00e1ticas Integrativas e Avan\u00e7os na Nutri\u00e7\u00e3o de 29 a 31 de agosto, na Sala de Confer\u00eancia &#8211; Anexo II. Com certifica\u00e7\u00e3o de 15h, o evento ser\u00e1 voltado para alunos e profissionais da \u00e1rea, e ainda contar\u00e1 com o minicurso &#8220;Marmita Saud\u00e1vel: praticidade, sabor e<\/p>\n","protected":false},"author":11,"featured_media":34815,"comment_status":"closed","ping_status":"open","sticky":false,"template":"","format":"standard","meta":{"_acf_changed":false,"footnotes":""},"categories":[6,62],"tags":[],"class_list":["post-33145","post","type-post","status-publish","format-standard","has-post-thumbnail","hentry","category-acontece-na-unifsa","category-nutricao"],"acf":[],"yoast_head":"<!-- This site is optimized with the Yoast SEO plugin v26.5 - https:\/\/yoast.com\/wordpress\/plugins\/seo\/ -->\n<title>UNIFSA realiza a XIV Jornada de Nutri\u00e7\u00e3o. Inscreva-se! - Centro Universit\u00e1rio Santo Agostinho - UNIFSA<\/title>\n<meta name=\"robots\" content=\"index, follow, max-snippet:-1, max-image-preview:large, max-video-preview:-1\" \/>\n<link rel=\"canonical\" href=\"https:\/\/unifsa.com.br\/site\/unifsa-realiza-a-xiv-jornada-de-nutricao-inscreva-se\/\" \/>\n<meta property=\"og:locale\" content=\"pt_BR\" \/>\n<meta property=\"og:type\" content=\"article\" \/>\n<meta property=\"og:title\" content=\"UNIFSA realiza a XIV Jornada de Nutri\u00e7\u00e3o. Inscreva-se! - Centro Universit\u00e1rio Santo Agostinho - UNIFSA\" \/>\n<meta property=\"og:description\" content=\"O Centro Universit\u00e1rio Santo Agostinho realiza a XIV Jornada de Nutri\u00e7\u00e3o: Pr\u00e1ticas Integrativas e Avan\u00e7os na Nutri\u00e7\u00e3o de 29 a 31 de agosto, na Sala de Confer\u00eancia &#8211; Anexo II. Com certifica\u00e7\u00e3o de 15h, o evento ser\u00e1 voltado para alunos e profissionais da \u00e1rea, e ainda contar\u00e1 com o minicurso &#8220;Marmita Saud\u00e1vel: praticidade, sabor e\" \/>\n<meta property=\"og:url\" content=\"https:\/\/unifsa.com.br\/site\/unifsa-realiza-a-xiv-jornada-de-nutricao-inscreva-se\/\" \/>\n<meta property=\"og:site_name\" content=\"Centro Universit\u00e1rio Santo Agostinho - UNIFSA\" \/>\n<meta property=\"article:publisher\" content=\"https:\/\/www.facebook.com\/unifsa\/\" \/>\n<meta property=\"article:published_time\" content=\"2024-07-19T14:26:36+00:00\" \/>\n<meta property=\"article:modified_time\" content=\"2024-08-26T13:42:16+00:00\" \/>\n<meta property=\"og:image\" content=\"https:\/\/unifsa.com.br\/site\/wp-content\/uploads\/2024\/07\/SITE-2024-08-26T104047.055.jpg\" \/>\n\t<meta property=\"og:image:width\" content=\"1920\" \/>\n\t<meta property=\"og:image:height\" content=\"805\" \/>\n\t<meta property=\"og:image:type\" content=\"image\/jpeg\" \/>\n<meta name=\"author\" content=\"Oceannyra Kelly da Cruz Silva\" \/>\n<meta name=\"twitter:card\" content=\"summary_large_image\" \/>\n<meta name=\"twitter:label1\" content=\"Escrito por\" \/>\n\t<meta name=\"twitter:data1\" content=\"Oceannyra Kelly da Cruz Silva\" \/>\n\t<meta name=\"twitter:label2\" content=\"Est. tempo de leitura\" \/>\n\t<meta name=\"twitter:data2\" content=\"3 minutos\" \/>\n<script type=\"application\/ld+json\" class=\"yoast-schema-graph\">{\"@context\":\"https:\/\/schema.org\",\"@graph\":[{\"@type\":\"Article\",\"@id\":\"https:\/\/unifsa.com.br\/site\/unifsa-realiza-a-xiv-jornada-de-nutricao-inscreva-se\/#article\",\"isPartOf\":{\"@id\":\"https:\/\/unifsa.com.br\/site\/unifsa-realiza-a-xiv-jornada-de-nutricao-inscreva-se\/\"},\"author\":{\"name\":\"Oceannyra Kelly da Cruz Silva\",\"@id\":\"https:\/\/unifsa.com.br\/site\/#\/schema\/person\/a4cec94bbc6ddf98f579162824de9bf2\"},\"headline\":\"UNIFSA realiza a XIV Jornada de Nutri\u00e7\u00e3o. Inscreva-se!\",\"datePublished\":\"2024-07-19T14:26:36+00:00\",\"dateModified\":\"2024-08-26T13:42:16+00:00\",\"mainEntityOfPage\":{\"@id\":\"https:\/\/unifsa.com.br\/site\/unifsa-realiza-a-xiv-jornada-de-nutricao-inscreva-se\/\"},\"wordCount\":701,\"publisher\":{\"@id\":\"https:\/\/unifsa.com.br\/site\/#organization\"},\"image\":{\"@id\":\"https:\/\/unifsa.com.br\/site\/unifsa-realiza-a-xiv-jornada-de-nutricao-inscreva-se\/#primaryimage\"},\"thumbnailUrl\":\"https:\/\/unifsa.com.br\/site\/wp-content\/uploads\/2024\/07\/SITE-2024-08-26T104047.055.jpg\",\"articleSection\":[\"Acontece na UNIFSA\",\"Nutri\u00e7\u00e3o\"],\"inLanguage\":\"pt-BR\"},{\"@type\":\"WebPage\",\"@id\":\"https:\/\/unifsa.com.br\/site\/unifsa-realiza-a-xiv-jornada-de-nutricao-inscreva-se\/\",\"url\":\"https:\/\/unifsa.com.br\/site\/unifsa-realiza-a-xiv-jornada-de-nutricao-inscreva-se\/\",\"name\":\"UNIFSA realiza a XIV Jornada de Nutri\u00e7\u00e3o. Inscreva-se! - Centro Universit\u00e1rio Santo Agostinho - UNIFSA\",\"isPartOf\":{\"@id\":\"https:\/\/unifsa.com.br\/site\/#website\"},\"primaryImageOfPage\":{\"@id\":\"https:\/\/unifsa.com.br\/site\/unifsa-realiza-a-xiv-jornada-de-nutricao-inscreva-se\/#primaryimage\"},\"image\":{\"@id\":\"https:\/\/unifsa.com.br\/site\/unifsa-realiza-a-xiv-jornada-de-nutricao-inscreva-se\/#primaryimage\"},\"thumbnailUrl\":\"https:\/\/unifsa.com.br\/site\/wp-content\/uploads\/2024\/07\/SITE-2024-08-26T104047.055.jpg\",\"datePublished\":\"2024-07-19T14:26:36+00:00\",\"dateModified\":\"2024-08-26T13:42:16+00:00\",\"breadcrumb\":{\"@id\":\"https:\/\/unifsa.com.br\/site\/unifsa-realiza-a-xiv-jornada-de-nutricao-inscreva-se\/#breadcrumb\"},\"inLanguage\":\"pt-BR\",\"potentialAction\":[{\"@type\":\"ReadAction\",\"target\":[\"https:\/\/unifsa.com.br\/site\/unifsa-realiza-a-xiv-jornada-de-nutricao-inscreva-se\/\"]}]},{\"@type\":\"ImageObject\",\"inLanguage\":\"pt-BR\",\"@id\":\"https:\/\/unifsa.com.br\/site\/unifsa-realiza-a-xiv-jornada-de-nutricao-inscreva-se\/#primaryimage\",\"url\":\"https:\/\/unifsa.com.br\/site\/wp-content\/uploads\/2024\/07\/SITE-2024-08-26T104047.055.jpg\",\"contentUrl\":\"https:\/\/unifsa.com.br\/site\/wp-content\/uploads\/2024\/07\/SITE-2024-08-26T104047.055.jpg\",\"width\":1920,\"height\":805},{\"@type\":\"BreadcrumbList\",\"@id\":\"https:\/\/unifsa.com.br\/site\/unifsa-realiza-a-xiv-jornada-de-nutricao-inscreva-se\/#breadcrumb\",\"itemListElement\":[{\"@type\":\"ListItem\",\"position\":1,\"name\":\"In\u00edcio\",\"item\":\"https:\/\/unifsa.com.br\/site\/\"},{\"@type\":\"ListItem\",\"position\":2,\"name\":\"UNIFSA realiza a XIV Jornada de Nutri\u00e7\u00e3o. Inscreva-se!\"}]},{\"@type\":\"WebSite\",\"@id\":\"https:\/\/unifsa.com.br\/site\/#website\",\"url\":\"https:\/\/unifsa.com.br\/site\/\",\"name\":\"Centro Universit\u00e1rio Santo Agostinho - UNIFSA\",\"description\":\"Conhecimento para toda a vida\",\"publisher\":{\"@id\":\"https:\/\/unifsa.com.br\/site\/#organization\"},\"potentialAction\":[{\"@type\":\"SearchAction\",\"target\":{\"@type\":\"EntryPoint\",\"urlTemplate\":\"https:\/\/unifsa.com.br\/site\/?s={search_term_string}\"},\"query-input\":{\"@type\":\"PropertyValueSpecification\",\"valueRequired\":true,\"valueName\":\"search_term_string\"}}],\"inLanguage\":\"pt-BR\"},{\"@type\":\"Organization\",\"@id\":\"https:\/\/unifsa.com.br\/site\/#organization\",\"name\":\"Centro Universit\u00e1rio Santo Agostinho - UNIFSA\",\"url\":\"https:\/\/unifsa.com.br\/site\/\",\"logo\":{\"@type\":\"ImageObject\",\"inLanguage\":\"pt-BR\",\"@id\":\"https:\/\/unifsa.com.br\/site\/#\/schema\/logo\/image\/\",\"url\":\"https:\/\/unifsa.com.br\/site\/wp-content\/uploads\/2023\/03\/MARCA-UNIFSA-CIC23-q2apjs1mt975cf1wl25b044coj90fwoiee1kya6800.png\",\"contentUrl\":\"https:\/\/unifsa.com.br\/site\/wp-content\/uploads\/2023\/03\/MARCA-UNIFSA-CIC23-q2apjs1mt975cf1wl25b044coj90fwoiee1kya6800.png\",\"width\":103,\"height\":100,\"caption\":\"Centro Universit\u00e1rio Santo Agostinho - UNIFSA\"},\"image\":{\"@id\":\"https:\/\/unifsa.com.br\/site\/#\/schema\/logo\/image\/\"},\"sameAs\":[\"https:\/\/www.facebook.com\/unifsa\/\",\"https:\/\/www.instagram.com\/unifsa\/\"]},{\"@type\":\"Person\",\"@id\":\"https:\/\/unifsa.com.br\/site\/#\/schema\/person\/a4cec94bbc6ddf98f579162824de9bf2\",\"name\":\"Oceannyra Kelly da Cruz Silva\",\"image\":{\"@type\":\"ImageObject\",\"inLanguage\":\"pt-BR\",\"@id\":\"https:\/\/unifsa.com.br\/site\/#\/schema\/person\/image\/\",\"url\":\"https:\/\/secure.gravatar.com\/avatar\/05c87cd6fa2c3c73262055bd9341438a47e77a37053b409b3cf4f8df60ea8eb8?s=96&d=mm&r=g\",\"contentUrl\":\"https:\/\/secure.gravatar.com\/avatar\/05c87cd6fa2c3c73262055bd9341438a47e77a37053b409b3cf4f8df60ea8eb8?s=96&d=mm&r=g\",\"caption\":\"Oceannyra Kelly da Cruz Silva\"},\"url\":\"https:\/\/unifsa.com.br\/site\/author\/oceannyrakelly\/\"}]}<\/script>\n<!-- \/ Yoast SEO plugin. -->","yoast_head_json":{"title":"UNIFSA realiza a XIV Jornada de Nutri\u00e7\u00e3o. Inscreva-se! - Centro Universit\u00e1rio Santo Agostinho - UNIFSA","robots":{"index":"index","follow":"follow","max-snippet":"max-snippet:-1","max-image-preview":"max-image-preview:large","max-video-preview":"max-video-preview:-1"},"canonical":"https:\/\/unifsa.com.br\/site\/unifsa-realiza-a-xiv-jornada-de-nutricao-inscreva-se\/","og_locale":"pt_BR","og_type":"article","og_title":"UNIFSA realiza a XIV Jornada de Nutri\u00e7\u00e3o. Inscreva-se! - Centro Universit\u00e1rio Santo Agostinho - UNIFSA","og_description":"O Centro Universit\u00e1rio Santo Agostinho realiza a XIV Jornada de Nutri\u00e7\u00e3o: Pr\u00e1ticas Integrativas e Avan\u00e7os na Nutri\u00e7\u00e3o de 29 a 31 de agosto, na Sala de Confer\u00eancia &#8211; Anexo II. Com certifica\u00e7\u00e3o de 15h, o evento ser\u00e1 voltado para alunos e profissionais da \u00e1rea, e ainda contar\u00e1 com o minicurso &#8220;Marmita Saud\u00e1vel: praticidade, sabor e","og_url":"https:\/\/unifsa.com.br\/site\/unifsa-realiza-a-xiv-jornada-de-nutricao-inscreva-se\/","og_site_name":"Centro Universit\u00e1rio Santo Agostinho - UNIFSA","article_publisher":"https:\/\/www.facebook.com\/unifsa\/","article_published_time":"2024-07-19T14:26:36+00:00","article_modified_time":"2024-08-26T13:42:16+00:00","og_image":[{"width":1920,"height":805,"url":"https:\/\/unifsa.com.br\/site\/wp-content\/uploads\/2024\/07\/SITE-2024-08-26T104047.055.jpg","type":"image\/jpeg"}],"author":"Oceannyra Kelly da Cruz Silva","twitter_card":"summary_large_image","twitter_misc":{"Escrito por":"Oceannyra Kelly da Cruz Silva","Est. tempo de leitura":"3 minutos"},"schema":{"@context":"https:\/\/schema.org","@graph":[{"@type":"Article","@id":"https:\/\/unifsa.com.br\/site\/unifsa-realiza-a-xiv-jornada-de-nutricao-inscreva-se\/#article","isPartOf":{"@id":"https:\/\/unifsa.com.br\/site\/unifsa-realiza-a-xiv-jornada-de-nutricao-inscreva-se\/"},"author":{"name":"Oceannyra Kelly da Cruz Silva","@id":"https:\/\/unifsa.com.br\/site\/#\/schema\/person\/a4cec94bbc6ddf98f579162824de9bf2"},"headline":"UNIFSA realiza a XIV Jornada de Nutri\u00e7\u00e3o. Inscreva-se!","datePublished":"2024-07-19T14:26:36+00:00","dateModified":"2024-08-26T13:42:16+00:00","mainEntityOfPage":{"@id":"https:\/\/unifsa.com.br\/site\/unifsa-realiza-a-xiv-jornada-de-nutricao-inscreva-se\/"},"wordCount":701,"publisher":{"@id":"https:\/\/unifsa.com.br\/site\/#organization"},"image":{"@id":"https:\/\/unifsa.com.br\/site\/unifsa-realiza-a-xiv-jornada-de-nutricao-inscreva-se\/#primaryimage"},"thumbnailUrl":"https:\/\/unifsa.com.br\/site\/wp-content\/uploads\/2024\/07\/SITE-2024-08-26T104047.055.jpg","articleSection":["Acontece na UNIFSA","Nutri\u00e7\u00e3o"],"inLanguage":"pt-BR"},{"@type":"WebPage","@id":"https:\/\/unifsa.com.br\/site\/unifsa-realiza-a-xiv-jornada-de-nutricao-inscreva-se\/","url":"https:\/\/unifsa.com.br\/site\/unifsa-realiza-a-xiv-jornada-de-nutricao-inscreva-se\/","name":"UNIFSA realiza a XIV Jornada de Nutri\u00e7\u00e3o. Inscreva-se! - Centro Universit\u00e1rio Santo Agostinho - UNIFSA","isPartOf":{"@id":"https:\/\/unifsa.com.br\/site\/#website"},"primaryImageOfPage":{"@id":"https:\/\/unifsa.com.br\/site\/unifsa-realiza-a-xiv-jornada-de-nutricao-inscreva-se\/#primaryimage"},"image":{"@id":"https:\/\/unifsa.com.br\/site\/unifsa-realiza-a-xiv-jornada-de-nutricao-inscreva-se\/#primaryimage"},"thumbnailUrl":"https:\/\/unifsa.com.br\/site\/wp-content\/uploads\/2024\/07\/SITE-2024-08-26T104047.055.jpg","datePublished":"2024-07-19T14:26:36+00:00","dateModified":"2024-08-26T13:42:16+00:00","breadcrumb":{"@id":"https:\/\/unifsa.com.br\/site\/unifsa-realiza-a-xiv-jornada-de-nutricao-inscreva-se\/#breadcrumb"},"inLanguage":"pt-BR","potentialAction":[{"@type":"ReadAction","target":["https:\/\/unifsa.com.br\/site\/unifsa-realiza-a-xiv-jornada-de-nutricao-inscreva-se\/"]}]},{"@type":"ImageObject","inLanguage":"pt-BR","@id":"https:\/\/unifsa.com.br\/site\/unifsa-realiza-a-xiv-jornada-de-nutricao-inscreva-se\/#primaryimage","url":"https:\/\/unifsa.com.br\/site\/wp-content\/uploads\/2024\/07\/SITE-2024-08-26T104047.055.jpg","contentUrl":"https:\/\/unifsa.com.br\/site\/wp-content\/uploads\/2024\/07\/SITE-2024-08-26T104047.055.jpg","width":1920,"height":805},{"@type":"BreadcrumbList","@id":"https:\/\/unifsa.com.br\/site\/unifsa-realiza-a-xiv-jornada-de-nutricao-inscreva-se\/#breadcrumb","itemListElement":[{"@type":"ListItem","position":1,"name":"In\u00edcio","item":"https:\/\/unifsa.com.br\/site\/"},{"@type":"ListItem","position":2,"name":"UNIFSA realiza a XIV Jornada de Nutri\u00e7\u00e3o. Inscreva-se!"}]},{"@type":"WebSite","@id":"https:\/\/unifsa.com.br\/site\/#website","url":"https:\/\/unifsa.com.br\/site\/","name":"Centro Universit\u00e1rio Santo Agostinho - UNIFSA","description":"Conhecimento para toda a vida","publisher":{"@id":"https:\/\/unifsa.com.br\/site\/#organization"},"potentialAction":[{"@type":"SearchAction","target":{"@type":"EntryPoint","urlTemplate":"https:\/\/unifsa.com.br\/site\/?s={search_term_string}"},"query-input":{"@type":"PropertyValueSpecification","valueRequired":true,"valueName":"search_term_string"}}],"inLanguage":"pt-BR"},{"@type":"Organization","@id":"https:\/\/unifsa.com.br\/site\/#organization","name":"Centro Universit\u00e1rio Santo Agostinho - UNIFSA","url":"https:\/\/unifsa.com.br\/site\/","logo":{"@type":"ImageObject","inLanguage":"pt-BR","@id":"https:\/\/unifsa.com.br\/site\/#\/schema\/logo\/image\/","url":"https:\/\/unifsa.com.br\/site\/wp-content\/uploads\/2023\/03\/MARCA-UNIFSA-CIC23-q2apjs1mt975cf1wl25b044coj90fwoiee1kya6800.png","contentUrl":"https:\/\/unifsa.com.br\/site\/wp-content\/uploads\/2023\/03\/MARCA-UNIFSA-CIC23-q2apjs1mt975cf1wl25b044coj90fwoiee1kya6800.png","width":103,"height":100,"caption":"Centro Universit\u00e1rio Santo Agostinho - UNIFSA"},"image":{"@id":"https:\/\/unifsa.com.br\/site\/#\/schema\/logo\/image\/"},"sameAs":["https:\/\/www.facebook.com\/unifsa\/","https:\/\/www.instagram.com\/unifsa\/"]},{"@type":"Person","@id":"https:\/\/unifsa.com.br\/site\/#\/schema\/person\/a4cec94bbc6ddf98f579162824de9bf2","name":"Oceannyra Kelly da Cruz Silva","image":{"@type":"ImageObject","inLanguage":"pt-BR","@id":"https:\/\/unifsa.com.br\/site\/#\/schema\/person\/image\/","url":"https:\/\/secure.gravatar.com\/avatar\/05c87cd6fa2c3c73262055bd9341438a47e77a37053b409b3cf4f8df60ea8eb8?s=96&d=mm&r=g","contentUrl":"https:\/\/secure.gravatar.com\/avatar\/05c87cd6fa2c3c73262055bd9341438a47e77a37053b409b3cf4f8df60ea8eb8?s=96&d=mm&r=g","caption":"Oceannyra Kelly da Cruz Silva"},"url":"https:\/\/unifsa.com.br\/site\/author\/oceannyrakelly\/"}]}},"_links":{"self":[{"href":"https:\/\/unifsa.com.br\/site\/wp-json\/wp\/v2\/posts\/33145","targetHints":{"allow":["GET"]}}],"collection":[{"href":"https:\/\/unifsa.com.br\/site\/wp-json\/wp\/v2\/posts"}],"about":[{"href":"https:\/\/unifsa.com.br\/site\/wp-json\/wp\/v2\/types\/post"}],"author":[{"embeddable":true,"href":"https:\/\/unifsa.com.br\/site\/wp-json\/wp\/v2\/users\/11"}],"replies":[{"embeddable":true,"href":"https:\/\/unifsa.com.br\/site\/wp-json\/wp\/v2\/comments?post=33145"}],"version-history":[{"count":11,"href":"https:\/\/unifsa.com.br\/site\/wp-json\/wp\/v2\/posts\/33145\/revisions"}],"predecessor-version":[{"id":34816,"href":"https:\/\/unifsa.com.br\/site\/wp-json\/wp\/v2\/posts\/33145\/revisions\/34816"}],"wp:featuredmedia":[{"embeddable":true,"href":"https:\/\/unifsa.com.br\/site\/wp-json\/wp\/v2\/media\/34815"}],"wp:attachment":[{"href":"https:\/\/unifsa.com.br\/site\/wp-json\/wp\/v2\/media?parent=33145"}],"wp:term":[{"taxonomy":"category","embeddable":true,"href":"https:\/\/unifsa.com.br\/site\/wp-json\/wp\/v2\/categories?post=33145"},{"taxonomy":"post_tag","embeddable":true,"href":"https:\/\/unifsa.com.br\/site\/wp-json\/wp\/v2\/tags?post=33145"}],"curies":[{"name":"wp","href":"https:\/\/api.w.org\/{rel}","templated":true}]}}