{"id":32390,"date":"2024-06-24T09:49:41","date_gmt":"2024-06-24T12:49:41","guid":{"rendered":"https:\/\/unifsa.com.br\/site\/?p=32390"},"modified":"2024-06-24T09:49:47","modified_gmt":"2024-06-24T12:49:47","slug":"alunos-de-nutricao-semipresencial-realizam-oficina-de-preparacoes-saudaveis-em-cmei-da-capital","status":"publish","type":"post","link":"https:\/\/unifsa.com.br\/site\/alunos-de-nutricao-semipresencial-realizam-oficina-de-preparacoes-saudaveis-em-cmei-da-capital\/","title":{"rendered":"Alunos de Nutri\u00e7\u00e3o Semipresencial realizam Oficina de Prepara\u00e7\u00f5es Saud\u00e1veis em CMEI da capital"},"content":{"rendered":"\n<p class=\"texto-justificado\"><strong>Os alunos do s\u00e9timo per\u00edodo do curso de Nutri\u00e7\u00e3o do Centro Universit\u00e1rio Santo Agostinho, modalidade semipresencial, realizaram a palestra &#8220;Alimenta\u00e7\u00e3o Saud\u00e1vel&#8221; e a oficina &#8220;Prepara\u00e7\u00f5es Saud\u00e1veis&#8221; na CMEI Joel Mendes, localizada no Centro (Sul), nesta sexta-feira (21).<\/strong> A atividade, que faz parte do est\u00e1gio de Sa\u00fade Coletiva, foi destinada aos pais de alunos e comunidade em geral e supervisionada pela docente Ma. Liejy Agnes dos Santos Raposo Landim.<\/p>\n\n\n\n<blockquote class=\"wp-block-quote is-layout-flow wp-block-quote-is-layout-flow\">\n<p class=\"texto-justificado\">Para os pais, essas atividades representam uma oportunidade valiosa de aprender como promover uma alimenta\u00e7\u00e3o equilibrada em casa, contribuindo para o desenvolvimento saud\u00e1vel de seus filhos. As oficinas pr\u00e1ticas n\u00e3o apenas mostram como preparar refei\u00e7\u00f5es saud\u00e1veis de forma acess\u00edvel e saborosa, mas tamb\u00e9m incentivam o envolvimento familiar na cria\u00e7\u00e3o de h\u00e1bitos alimentares positivos.<br>Para a comunidade, a palestra e a oficina s\u00e3o um meio de disseminar conhecimentos que podem ajudar a prevenir doen\u00e7as relacionadas \u00e0 alimenta\u00e7\u00e3o inadequada, promovendo melhor qualidade de vida e bem-estar geral. Al\u00e9m disso, refor\u00e7am a import\u00e2ncia da educa\u00e7\u00e3o nutricional desde a inf\u00e2ncia, influenciando positivamente os h\u00e1bitos alimentares das pr\u00f3ximas gera\u00e7\u00f5es.<\/p>\n<cite>Profa. Ma. Liejy Agnes dos Santos Raposo Landim, docente de Nutri\u00e7\u00e3o do UNIFSA<\/cite><\/blockquote>\n\n\n<div class=\"wp-block-image\">\n<figure class=\"alignleft size-large is-resized\"><img fetchpriority=\"high\" decoding=\"async\" width=\"1024\" height=\"768\" src=\"https:\/\/unifsa.com.br\/site\/wp-content\/uploads\/2024\/06\/WhatsApp-Image-2024-06-21-at-10.18.45-1024x768.jpeg\" alt=\"\" class=\"wp-image-32398\" style=\"width:416px;height:auto\" srcset=\"https:\/\/unifsa.com.br\/site\/wp-content\/uploads\/2024\/06\/WhatsApp-Image-2024-06-21-at-10.18.45-1024x768.jpeg 1024w, https:\/\/unifsa.com.br\/site\/wp-content\/uploads\/2024\/06\/WhatsApp-Image-2024-06-21-at-10.18.45-300x225.jpeg 300w, https:\/\/unifsa.com.br\/site\/wp-content\/uploads\/2024\/06\/WhatsApp-Image-2024-06-21-at-10.18.45-768x576.jpeg 768w, https:\/\/unifsa.com.br\/site\/wp-content\/uploads\/2024\/06\/WhatsApp-Image-2024-06-21-at-10.18.45-1536x1152.jpeg 1536w, https:\/\/unifsa.com.br\/site\/wp-content\/uploads\/2024\/06\/WhatsApp-Image-2024-06-21-at-10.18.45.jpeg 1600w\" sizes=\"(max-width: 1024px) 100vw, 1024px\" \/><\/figure>\n<\/div>\n\n\n<p class=\"texto-justificado\">Na ocasi\u00e3o, o grupo realizou demonstra\u00e7\u00e3o da quantidade de a\u00e7\u00facar nos alimentos industrializados, avalia\u00e7\u00e3o antropom\u00e9trica &#8211; IMC e aconselhamento nutricional, al\u00e9m de duas prepara\u00e7\u00f5es saud\u00e1veis com disponibiliza\u00e7\u00e3o de receita. A a\u00e7\u00e3o permitiu que os estagi\u00e1rios pudessem se conectar com a popula\u00e7\u00e3o e aperfei\u00e7oar suas t\u00e9cnicas. Para a aluna Patr\u00edcia Leite, essa experi\u00eancia foi fundamental.<\/p>\n\n\n\n<blockquote class=\"wp-block-quote texto-justificado is-layout-flow wp-block-quote-is-layout-flow\">\n<p class=\"texto-justificado\">O est\u00e1gio social nos proporciona um amplo conhecimento entre a teoria e a pr\u00e1tica. Estar no campo de est\u00e1gio, interagindo com as pessoas, aplicando conhecimentos e trocando experi\u00eancias \u00e9 de fundamental import\u00e2ncia para nosso aprendizado e crescimento profissional. Hoje, fizemos uma a\u00e7\u00e3o voltada para a comunidade sobre a import\u00e2ncia da alimenta\u00e7\u00e3o saud\u00e1vel. Hoje, tivemos trocas, li\u00e7\u00f5es, ensinamentos e aprendizados. Momentos \u00fanicos em nossas vidas.<\/p>\n<cite>Patr\u00edcia Grayce Pereira Leite, aluna do curso de Nutri\u00e7\u00e3o semipresencial UNIFSA<\/cite><\/blockquote>\n\n\n\n<figure class=\"wp-block-gallery has-nested-images columns-default is-cropped wp-block-gallery-1 is-layout-flex wp-block-gallery-is-layout-flex\">\n<figure class=\"wp-block-image size-large\"><img decoding=\"async\" width=\"900\" height=\"506\" data-id=\"32401\" src=\"https:\/\/unifsa.com.br\/site\/wp-content\/uploads\/2024\/06\/WhatsApp-Image-2024-06-21-at-10.18.45-2-1.jpeg\" alt=\"\" class=\"wp-image-32401\" srcset=\"https:\/\/unifsa.com.br\/site\/wp-content\/uploads\/2024\/06\/WhatsApp-Image-2024-06-21-at-10.18.45-2-1.jpeg 900w, https:\/\/unifsa.com.br\/site\/wp-content\/uploads\/2024\/06\/WhatsApp-Image-2024-06-21-at-10.18.45-2-1-300x169.jpeg 300w, https:\/\/unifsa.com.br\/site\/wp-content\/uploads\/2024\/06\/WhatsApp-Image-2024-06-21-at-10.18.45-2-1-768x432.jpeg 768w\" sizes=\"(max-width: 900px) 100vw, 900px\" \/><\/figure>\n\n\n\n<figure class=\"wp-block-image size-large\"><img decoding=\"async\" width=\"1024\" height=\"768\" data-id=\"32403\" src=\"https:\/\/unifsa.com.br\/site\/wp-content\/uploads\/2024\/06\/WhatsApp-Image-2024-06-21-at-10.18.45-1-1-1024x768.jpeg\" alt=\"\" class=\"wp-image-32403\" srcset=\"https:\/\/unifsa.com.br\/site\/wp-content\/uploads\/2024\/06\/WhatsApp-Image-2024-06-21-at-10.18.45-1-1-1024x768.jpeg 1024w, https:\/\/unifsa.com.br\/site\/wp-content\/uploads\/2024\/06\/WhatsApp-Image-2024-06-21-at-10.18.45-1-1-300x225.jpeg 300w, https:\/\/unifsa.com.br\/site\/wp-content\/uploads\/2024\/06\/WhatsApp-Image-2024-06-21-at-10.18.45-1-1-768x576.jpeg 768w, https:\/\/unifsa.com.br\/site\/wp-content\/uploads\/2024\/06\/WhatsApp-Image-2024-06-21-at-10.18.45-1-1-1536x1152.jpeg 1536w, https:\/\/unifsa.com.br\/site\/wp-content\/uploads\/2024\/06\/WhatsApp-Image-2024-06-21-at-10.18.45-1-1.jpeg 1600w\" sizes=\"(max-width: 1024px) 100vw, 1024px\" \/><\/figure>\n<\/figure>\n","protected":false},"excerpt":{"rendered":"<p>Os alunos do s\u00e9timo per\u00edodo do curso de Nutri\u00e7\u00e3o do Centro Universit\u00e1rio Santo Agostinho, modalidade semipresencial, realizaram a palestra &#8220;Alimenta\u00e7\u00e3o Saud\u00e1vel&#8221; e a oficina &#8220;Prepara\u00e7\u00f5es Saud\u00e1veis&#8221; na CMEI Joel Mendes, localizada no Centro (Sul), nesta sexta-feira (21). A atividade, que faz parte do est\u00e1gio de Sa\u00fade Coletiva, foi destinada aos pais de alunos e comunidade<\/p>\n","protected":false},"author":11,"featured_media":32397,"comment_status":"closed","ping_status":"open","sticky":false,"template":"","format":"standard","meta":{"_acf_changed":false,"footnotes":""},"categories":[6,476,1773],"tags":[1774,1247],"class_list":["post-32390","post","type-post","status-publish","format-standard","has-post-thumbnail","hentry","category-acontece-na-unifsa","category-nead","category-nutricao-semipresencial","tag-estagio-nutricao","tag-nutricao-semipresencial"],"acf":[],"yoast_head":"<!-- This site is optimized with the Yoast SEO plugin v26.5 - https:\/\/yoast.com\/wordpress\/plugins\/seo\/ -->\n<title>Alunos de Nutri\u00e7\u00e3o Semipresencial realizam Oficina de Prepara\u00e7\u00f5es Saud\u00e1veis em CMEI da capital - Centro Universit\u00e1rio Santo Agostinho - UNIFSA<\/title>\n<meta name=\"robots\" content=\"index, follow, max-snippet:-1, max-image-preview:large, max-video-preview:-1\" \/>\n<link rel=\"canonical\" href=\"https:\/\/unifsa.com.br\/site\/alunos-de-nutricao-semipresencial-realizam-oficina-de-preparacoes-saudaveis-em-cmei-da-capital\/\" \/>\n<meta property=\"og:locale\" content=\"pt_BR\" \/>\n<meta property=\"og:type\" content=\"article\" \/>\n<meta property=\"og:title\" content=\"Alunos de Nutri\u00e7\u00e3o Semipresencial realizam Oficina de Prepara\u00e7\u00f5es Saud\u00e1veis em CMEI da capital - Centro Universit\u00e1rio Santo Agostinho - UNIFSA\" \/>\n<meta property=\"og:description\" content=\"Os alunos do s\u00e9timo per\u00edodo do curso de Nutri\u00e7\u00e3o do Centro Universit\u00e1rio Santo Agostinho, modalidade semipresencial, realizaram a palestra &#8220;Alimenta\u00e7\u00e3o Saud\u00e1vel&#8221; e a oficina &#8220;Prepara\u00e7\u00f5es Saud\u00e1veis&#8221; na CMEI Joel Mendes, localizada no Centro (Sul), nesta sexta-feira (21). A atividade, que faz parte do est\u00e1gio de Sa\u00fade Coletiva, foi destinada aos pais de alunos e comunidade\" \/>\n<meta property=\"og:url\" content=\"https:\/\/unifsa.com.br\/site\/alunos-de-nutricao-semipresencial-realizam-oficina-de-preparacoes-saudaveis-em-cmei-da-capital\/\" \/>\n<meta property=\"og:site_name\" content=\"Centro Universit\u00e1rio Santo Agostinho - UNIFSA\" \/>\n<meta property=\"article:publisher\" content=\"https:\/\/www.facebook.com\/unifsa\/\" \/>\n<meta property=\"article:published_time\" content=\"2024-06-24T12:49:41+00:00\" \/>\n<meta property=\"article:modified_time\" content=\"2024-06-24T12:49:47+00:00\" \/>\n<meta property=\"og:image\" content=\"https:\/\/unifsa.com.br\/site\/wp-content\/uploads\/2024\/06\/WhatsApp-Image-2024-06-21-at-10.18.45-3.jpeg\" \/>\n\t<meta property=\"og:image:width\" content=\"1600\" \/>\n\t<meta property=\"og:image:height\" content=\"900\" \/>\n\t<meta property=\"og:image:type\" content=\"image\/jpeg\" \/>\n<meta name=\"author\" content=\"Oceannyra Kelly da Cruz Silva\" \/>\n<meta name=\"twitter:card\" content=\"summary_large_image\" \/>\n<meta name=\"twitter:label1\" content=\"Escrito por\" \/>\n\t<meta name=\"twitter:data1\" content=\"Oceannyra Kelly da Cruz Silva\" \/>\n\t<meta name=\"twitter:label2\" content=\"Est. tempo de leitura\" \/>\n\t<meta name=\"twitter:data2\" content=\"2 minutos\" \/>\n<script type=\"application\/ld+json\" class=\"yoast-schema-graph\">{\"@context\":\"https:\/\/schema.org\",\"@graph\":[{\"@type\":\"Article\",\"@id\":\"https:\/\/unifsa.com.br\/site\/alunos-de-nutricao-semipresencial-realizam-oficina-de-preparacoes-saudaveis-em-cmei-da-capital\/#article\",\"isPartOf\":{\"@id\":\"https:\/\/unifsa.com.br\/site\/alunos-de-nutricao-semipresencial-realizam-oficina-de-preparacoes-saudaveis-em-cmei-da-capital\/\"},\"author\":{\"name\":\"Oceannyra Kelly da Cruz Silva\",\"@id\":\"https:\/\/unifsa.com.br\/site\/#\/schema\/person\/a4cec94bbc6ddf98f579162824de9bf2\"},\"headline\":\"Alunos de Nutri\u00e7\u00e3o Semipresencial realizam Oficina de Prepara\u00e7\u00f5es Saud\u00e1veis em CMEI da capital\",\"datePublished\":\"2024-06-24T12:49:41+00:00\",\"dateModified\":\"2024-06-24T12:49:47+00:00\",\"mainEntityOfPage\":{\"@id\":\"https:\/\/unifsa.com.br\/site\/alunos-de-nutricao-semipresencial-realizam-oficina-de-preparacoes-saudaveis-em-cmei-da-capital\/\"},\"wordCount\":387,\"publisher\":{\"@id\":\"https:\/\/unifsa.com.br\/site\/#organization\"},\"image\":{\"@id\":\"https:\/\/unifsa.com.br\/site\/alunos-de-nutricao-semipresencial-realizam-oficina-de-preparacoes-saudaveis-em-cmei-da-capital\/#primaryimage\"},\"thumbnailUrl\":\"https:\/\/unifsa.com.br\/site\/wp-content\/uploads\/2024\/06\/WhatsApp-Image-2024-06-21-at-10.18.45-3.jpeg\",\"keywords\":[\"Est\u00e1gio Nutri\u00e7\u00e3o\",\"Nutri\u00e7\u00e3o Semipresencial\"],\"articleSection\":[\"Acontece na UNIFSA\",\"NEAD\",\"Nutri\u00e7\u00e3o Semipresencial\"],\"inLanguage\":\"pt-BR\"},{\"@type\":\"WebPage\",\"@id\":\"https:\/\/unifsa.com.br\/site\/alunos-de-nutricao-semipresencial-realizam-oficina-de-preparacoes-saudaveis-em-cmei-da-capital\/\",\"url\":\"https:\/\/unifsa.com.br\/site\/alunos-de-nutricao-semipresencial-realizam-oficina-de-preparacoes-saudaveis-em-cmei-da-capital\/\",\"name\":\"Alunos de Nutri\u00e7\u00e3o Semipresencial realizam Oficina de Prepara\u00e7\u00f5es Saud\u00e1veis em CMEI da capital - Centro Universit\u00e1rio Santo Agostinho - UNIFSA\",\"isPartOf\":{\"@id\":\"https:\/\/unifsa.com.br\/site\/#website\"},\"primaryImageOfPage\":{\"@id\":\"https:\/\/unifsa.com.br\/site\/alunos-de-nutricao-semipresencial-realizam-oficina-de-preparacoes-saudaveis-em-cmei-da-capital\/#primaryimage\"},\"image\":{\"@id\":\"https:\/\/unifsa.com.br\/site\/alunos-de-nutricao-semipresencial-realizam-oficina-de-preparacoes-saudaveis-em-cmei-da-capital\/#primaryimage\"},\"thumbnailUrl\":\"https:\/\/unifsa.com.br\/site\/wp-content\/uploads\/2024\/06\/WhatsApp-Image-2024-06-21-at-10.18.45-3.jpeg\",\"datePublished\":\"2024-06-24T12:49:41+00:00\",\"dateModified\":\"2024-06-24T12:49:47+00:00\",\"breadcrumb\":{\"@id\":\"https:\/\/unifsa.com.br\/site\/alunos-de-nutricao-semipresencial-realizam-oficina-de-preparacoes-saudaveis-em-cmei-da-capital\/#breadcrumb\"},\"inLanguage\":\"pt-BR\",\"potentialAction\":[{\"@type\":\"ReadAction\",\"target\":[\"https:\/\/unifsa.com.br\/site\/alunos-de-nutricao-semipresencial-realizam-oficina-de-preparacoes-saudaveis-em-cmei-da-capital\/\"]}]},{\"@type\":\"ImageObject\",\"inLanguage\":\"pt-BR\",\"@id\":\"https:\/\/unifsa.com.br\/site\/alunos-de-nutricao-semipresencial-realizam-oficina-de-preparacoes-saudaveis-em-cmei-da-capital\/#primaryimage\",\"url\":\"https:\/\/unifsa.com.br\/site\/wp-content\/uploads\/2024\/06\/WhatsApp-Image-2024-06-21-at-10.18.45-3.jpeg\",\"contentUrl\":\"https:\/\/unifsa.com.br\/site\/wp-content\/uploads\/2024\/06\/WhatsApp-Image-2024-06-21-at-10.18.45-3.jpeg\",\"width\":1600,\"height\":900},{\"@type\":\"BreadcrumbList\",\"@id\":\"https:\/\/unifsa.com.br\/site\/alunos-de-nutricao-semipresencial-realizam-oficina-de-preparacoes-saudaveis-em-cmei-da-capital\/#breadcrumb\",\"itemListElement\":[{\"@type\":\"ListItem\",\"position\":1,\"name\":\"In\u00edcio\",\"item\":\"https:\/\/unifsa.com.br\/site\/\"},{\"@type\":\"ListItem\",\"position\":2,\"name\":\"Alunos de Nutri\u00e7\u00e3o Semipresencial realizam Oficina de Prepara\u00e7\u00f5es Saud\u00e1veis em CMEI da capital\"}]},{\"@type\":\"WebSite\",\"@id\":\"https:\/\/unifsa.com.br\/site\/#website\",\"url\":\"https:\/\/unifsa.com.br\/site\/\",\"name\":\"Centro Universit\u00e1rio Santo Agostinho - UNIFSA\",\"description\":\"Conhecimento para toda a vida\",\"publisher\":{\"@id\":\"https:\/\/unifsa.com.br\/site\/#organization\"},\"potentialAction\":[{\"@type\":\"SearchAction\",\"target\":{\"@type\":\"EntryPoint\",\"urlTemplate\":\"https:\/\/unifsa.com.br\/site\/?s={search_term_string}\"},\"query-input\":{\"@type\":\"PropertyValueSpecification\",\"valueRequired\":true,\"valueName\":\"search_term_string\"}}],\"inLanguage\":\"pt-BR\"},{\"@type\":\"Organization\",\"@id\":\"https:\/\/unifsa.com.br\/site\/#organization\",\"name\":\"Centro Universit\u00e1rio Santo Agostinho - UNIFSA\",\"url\":\"https:\/\/unifsa.com.br\/site\/\",\"logo\":{\"@type\":\"ImageObject\",\"inLanguage\":\"pt-BR\",\"@id\":\"https:\/\/unifsa.com.br\/site\/#\/schema\/logo\/image\/\",\"url\":\"https:\/\/unifsa.com.br\/site\/wp-content\/uploads\/2023\/03\/MARCA-UNIFSA-CIC23-q2apjs1mt975cf1wl25b044coj90fwoiee1kya6800.png\",\"contentUrl\":\"https:\/\/unifsa.com.br\/site\/wp-content\/uploads\/2023\/03\/MARCA-UNIFSA-CIC23-q2apjs1mt975cf1wl25b044coj90fwoiee1kya6800.png\",\"width\":103,\"height\":100,\"caption\":\"Centro Universit\u00e1rio Santo Agostinho - UNIFSA\"},\"image\":{\"@id\":\"https:\/\/unifsa.com.br\/site\/#\/schema\/logo\/image\/\"},\"sameAs\":[\"https:\/\/www.facebook.com\/unifsa\/\",\"https:\/\/www.instagram.com\/unifsa\/\"]},{\"@type\":\"Person\",\"@id\":\"https:\/\/unifsa.com.br\/site\/#\/schema\/person\/a4cec94bbc6ddf98f579162824de9bf2\",\"name\":\"Oceannyra Kelly da Cruz Silva\",\"image\":{\"@type\":\"ImageObject\",\"inLanguage\":\"pt-BR\",\"@id\":\"https:\/\/unifsa.com.br\/site\/#\/schema\/person\/image\/\",\"url\":\"https:\/\/secure.gravatar.com\/avatar\/05c87cd6fa2c3c73262055bd9341438a47e77a37053b409b3cf4f8df60ea8eb8?s=96&d=mm&r=g\",\"contentUrl\":\"https:\/\/secure.gravatar.com\/avatar\/05c87cd6fa2c3c73262055bd9341438a47e77a37053b409b3cf4f8df60ea8eb8?s=96&d=mm&r=g\",\"caption\":\"Oceannyra Kelly da Cruz Silva\"},\"url\":\"https:\/\/unifsa.com.br\/site\/author\/oceannyrakelly\/\"}]}<\/script>\n<!-- \/ Yoast SEO plugin. -->","yoast_head_json":{"title":"Alunos de Nutri\u00e7\u00e3o Semipresencial realizam Oficina de Prepara\u00e7\u00f5es Saud\u00e1veis em CMEI da capital - Centro Universit\u00e1rio Santo Agostinho - UNIFSA","robots":{"index":"index","follow":"follow","max-snippet":"max-snippet:-1","max-image-preview":"max-image-preview:large","max-video-preview":"max-video-preview:-1"},"canonical":"https:\/\/unifsa.com.br\/site\/alunos-de-nutricao-semipresencial-realizam-oficina-de-preparacoes-saudaveis-em-cmei-da-capital\/","og_locale":"pt_BR","og_type":"article","og_title":"Alunos de Nutri\u00e7\u00e3o Semipresencial realizam Oficina de Prepara\u00e7\u00f5es Saud\u00e1veis em CMEI da capital - Centro Universit\u00e1rio Santo Agostinho - UNIFSA","og_description":"Os alunos do s\u00e9timo per\u00edodo do curso de Nutri\u00e7\u00e3o do Centro Universit\u00e1rio Santo Agostinho, modalidade semipresencial, realizaram a palestra &#8220;Alimenta\u00e7\u00e3o Saud\u00e1vel&#8221; e a oficina &#8220;Prepara\u00e7\u00f5es Saud\u00e1veis&#8221; na CMEI Joel Mendes, localizada no Centro (Sul), nesta sexta-feira (21). A atividade, que faz parte do est\u00e1gio de Sa\u00fade Coletiva, foi destinada aos pais de alunos e comunidade","og_url":"https:\/\/unifsa.com.br\/site\/alunos-de-nutricao-semipresencial-realizam-oficina-de-preparacoes-saudaveis-em-cmei-da-capital\/","og_site_name":"Centro Universit\u00e1rio Santo Agostinho - UNIFSA","article_publisher":"https:\/\/www.facebook.com\/unifsa\/","article_published_time":"2024-06-24T12:49:41+00:00","article_modified_time":"2024-06-24T12:49:47+00:00","og_image":[{"width":1600,"height":900,"url":"https:\/\/unifsa.com.br\/site\/wp-content\/uploads\/2024\/06\/WhatsApp-Image-2024-06-21-at-10.18.45-3.jpeg","type":"image\/jpeg"}],"author":"Oceannyra Kelly da Cruz Silva","twitter_card":"summary_large_image","twitter_misc":{"Escrito por":"Oceannyra Kelly da Cruz Silva","Est. tempo de leitura":"2 minutos"},"schema":{"@context":"https:\/\/schema.org","@graph":[{"@type":"Article","@id":"https:\/\/unifsa.com.br\/site\/alunos-de-nutricao-semipresencial-realizam-oficina-de-preparacoes-saudaveis-em-cmei-da-capital\/#article","isPartOf":{"@id":"https:\/\/unifsa.com.br\/site\/alunos-de-nutricao-semipresencial-realizam-oficina-de-preparacoes-saudaveis-em-cmei-da-capital\/"},"author":{"name":"Oceannyra Kelly da Cruz Silva","@id":"https:\/\/unifsa.com.br\/site\/#\/schema\/person\/a4cec94bbc6ddf98f579162824de9bf2"},"headline":"Alunos de Nutri\u00e7\u00e3o Semipresencial realizam Oficina de Prepara\u00e7\u00f5es Saud\u00e1veis em CMEI da capital","datePublished":"2024-06-24T12:49:41+00:00","dateModified":"2024-06-24T12:49:47+00:00","mainEntityOfPage":{"@id":"https:\/\/unifsa.com.br\/site\/alunos-de-nutricao-semipresencial-realizam-oficina-de-preparacoes-saudaveis-em-cmei-da-capital\/"},"wordCount":387,"publisher":{"@id":"https:\/\/unifsa.com.br\/site\/#organization"},"image":{"@id":"https:\/\/unifsa.com.br\/site\/alunos-de-nutricao-semipresencial-realizam-oficina-de-preparacoes-saudaveis-em-cmei-da-capital\/#primaryimage"},"thumbnailUrl":"https:\/\/unifsa.com.br\/site\/wp-content\/uploads\/2024\/06\/WhatsApp-Image-2024-06-21-at-10.18.45-3.jpeg","keywords":["Est\u00e1gio Nutri\u00e7\u00e3o","Nutri\u00e7\u00e3o Semipresencial"],"articleSection":["Acontece na UNIFSA","NEAD","Nutri\u00e7\u00e3o Semipresencial"],"inLanguage":"pt-BR"},{"@type":"WebPage","@id":"https:\/\/unifsa.com.br\/site\/alunos-de-nutricao-semipresencial-realizam-oficina-de-preparacoes-saudaveis-em-cmei-da-capital\/","url":"https:\/\/unifsa.com.br\/site\/alunos-de-nutricao-semipresencial-realizam-oficina-de-preparacoes-saudaveis-em-cmei-da-capital\/","name":"Alunos de Nutri\u00e7\u00e3o Semipresencial realizam Oficina de Prepara\u00e7\u00f5es Saud\u00e1veis em CMEI da capital - Centro Universit\u00e1rio Santo Agostinho - UNIFSA","isPartOf":{"@id":"https:\/\/unifsa.com.br\/site\/#website"},"primaryImageOfPage":{"@id":"https:\/\/unifsa.com.br\/site\/alunos-de-nutricao-semipresencial-realizam-oficina-de-preparacoes-saudaveis-em-cmei-da-capital\/#primaryimage"},"image":{"@id":"https:\/\/unifsa.com.br\/site\/alunos-de-nutricao-semipresencial-realizam-oficina-de-preparacoes-saudaveis-em-cmei-da-capital\/#primaryimage"},"thumbnailUrl":"https:\/\/unifsa.com.br\/site\/wp-content\/uploads\/2024\/06\/WhatsApp-Image-2024-06-21-at-10.18.45-3.jpeg","datePublished":"2024-06-24T12:49:41+00:00","dateModified":"2024-06-24T12:49:47+00:00","breadcrumb":{"@id":"https:\/\/unifsa.com.br\/site\/alunos-de-nutricao-semipresencial-realizam-oficina-de-preparacoes-saudaveis-em-cmei-da-capital\/#breadcrumb"},"inLanguage":"pt-BR","potentialAction":[{"@type":"ReadAction","target":["https:\/\/unifsa.com.br\/site\/alunos-de-nutricao-semipresencial-realizam-oficina-de-preparacoes-saudaveis-em-cmei-da-capital\/"]}]},{"@type":"ImageObject","inLanguage":"pt-BR","@id":"https:\/\/unifsa.com.br\/site\/alunos-de-nutricao-semipresencial-realizam-oficina-de-preparacoes-saudaveis-em-cmei-da-capital\/#primaryimage","url":"https:\/\/unifsa.com.br\/site\/wp-content\/uploads\/2024\/06\/WhatsApp-Image-2024-06-21-at-10.18.45-3.jpeg","contentUrl":"https:\/\/unifsa.com.br\/site\/wp-content\/uploads\/2024\/06\/WhatsApp-Image-2024-06-21-at-10.18.45-3.jpeg","width":1600,"height":900},{"@type":"BreadcrumbList","@id":"https:\/\/unifsa.com.br\/site\/alunos-de-nutricao-semipresencial-realizam-oficina-de-preparacoes-saudaveis-em-cmei-da-capital\/#breadcrumb","itemListElement":[{"@type":"ListItem","position":1,"name":"In\u00edcio","item":"https:\/\/unifsa.com.br\/site\/"},{"@type":"ListItem","position":2,"name":"Alunos de Nutri\u00e7\u00e3o Semipresencial realizam Oficina de Prepara\u00e7\u00f5es Saud\u00e1veis em CMEI da capital"}]},{"@type":"WebSite","@id":"https:\/\/unifsa.com.br\/site\/#website","url":"https:\/\/unifsa.com.br\/site\/","name":"Centro Universit\u00e1rio Santo Agostinho - UNIFSA","description":"Conhecimento para toda a vida","publisher":{"@id":"https:\/\/unifsa.com.br\/site\/#organization"},"potentialAction":[{"@type":"SearchAction","target":{"@type":"EntryPoint","urlTemplate":"https:\/\/unifsa.com.br\/site\/?s={search_term_string}"},"query-input":{"@type":"PropertyValueSpecification","valueRequired":true,"valueName":"search_term_string"}}],"inLanguage":"pt-BR"},{"@type":"Organization","@id":"https:\/\/unifsa.com.br\/site\/#organization","name":"Centro Universit\u00e1rio Santo Agostinho - UNIFSA","url":"https:\/\/unifsa.com.br\/site\/","logo":{"@type":"ImageObject","inLanguage":"pt-BR","@id":"https:\/\/unifsa.com.br\/site\/#\/schema\/logo\/image\/","url":"https:\/\/unifsa.com.br\/site\/wp-content\/uploads\/2023\/03\/MARCA-UNIFSA-CIC23-q2apjs1mt975cf1wl25b044coj90fwoiee1kya6800.png","contentUrl":"https:\/\/unifsa.com.br\/site\/wp-content\/uploads\/2023\/03\/MARCA-UNIFSA-CIC23-q2apjs1mt975cf1wl25b044coj90fwoiee1kya6800.png","width":103,"height":100,"caption":"Centro Universit\u00e1rio Santo Agostinho - UNIFSA"},"image":{"@id":"https:\/\/unifsa.com.br\/site\/#\/schema\/logo\/image\/"},"sameAs":["https:\/\/www.facebook.com\/unifsa\/","https:\/\/www.instagram.com\/unifsa\/"]},{"@type":"Person","@id":"https:\/\/unifsa.com.br\/site\/#\/schema\/person\/a4cec94bbc6ddf98f579162824de9bf2","name":"Oceannyra Kelly da Cruz Silva","image":{"@type":"ImageObject","inLanguage":"pt-BR","@id":"https:\/\/unifsa.com.br\/site\/#\/schema\/person\/image\/","url":"https:\/\/secure.gravatar.com\/avatar\/05c87cd6fa2c3c73262055bd9341438a47e77a37053b409b3cf4f8df60ea8eb8?s=96&d=mm&r=g","contentUrl":"https:\/\/secure.gravatar.com\/avatar\/05c87cd6fa2c3c73262055bd9341438a47e77a37053b409b3cf4f8df60ea8eb8?s=96&d=mm&r=g","caption":"Oceannyra Kelly da Cruz Silva"},"url":"https:\/\/unifsa.com.br\/site\/author\/oceannyrakelly\/"}]}},"_links":{"self":[{"href":"https:\/\/unifsa.com.br\/site\/wp-json\/wp\/v2\/posts\/32390","targetHints":{"allow":["GET"]}}],"collection":[{"href":"https:\/\/unifsa.com.br\/site\/wp-json\/wp\/v2\/posts"}],"about":[{"href":"https:\/\/unifsa.com.br\/site\/wp-json\/wp\/v2\/types\/post"}],"author":[{"embeddable":true,"href":"https:\/\/unifsa.com.br\/site\/wp-json\/wp\/v2\/users\/11"}],"replies":[{"embeddable":true,"href":"https:\/\/unifsa.com.br\/site\/wp-json\/wp\/v2\/comments?post=32390"}],"version-history":[{"count":3,"href":"https:\/\/unifsa.com.br\/site\/wp-json\/wp\/v2\/posts\/32390\/revisions"}],"predecessor-version":[{"id":32404,"href":"https:\/\/unifsa.com.br\/site\/wp-json\/wp\/v2\/posts\/32390\/revisions\/32404"}],"wp:featuredmedia":[{"embeddable":true,"href":"https:\/\/unifsa.com.br\/site\/wp-json\/wp\/v2\/media\/32397"}],"wp:attachment":[{"href":"https:\/\/unifsa.com.br\/site\/wp-json\/wp\/v2\/media?parent=32390"}],"wp:term":[{"taxonomy":"category","embeddable":true,"href":"https:\/\/unifsa.com.br\/site\/wp-json\/wp\/v2\/categories?post=32390"},{"taxonomy":"post_tag","embeddable":true,"href":"https:\/\/unifsa.com.br\/site\/wp-json\/wp\/v2\/tags?post=32390"}],"curies":[{"name":"wp","href":"https:\/\/api.w.org\/{rel}","templated":true}]}}