{"id":32282,"date":"2024-06-20T10:12:06","date_gmt":"2024-06-20T13:12:06","guid":{"rendered":"https:\/\/unifsa.com.br\/site\/?p=32282"},"modified":"2024-06-20T10:15:00","modified_gmt":"2024-06-20T13:15:00","slug":"alunos-de-nutricao-semipresencial-participam-de-pratica-de-preparo-de-alimentos-e-padronizacao-de-receitas","status":"publish","type":"post","link":"https:\/\/unifsa.com.br\/site\/alunos-de-nutricao-semipresencial-participam-de-pratica-de-preparo-de-alimentos-e-padronizacao-de-receitas\/","title":{"rendered":"Alunos de Nutri\u00e7\u00e3o Semipresencial participam de pr\u00e1tica de preparo de alimentos e padroniza\u00e7\u00e3o de receitas"},"content":{"rendered":"\n<p class=\"texto-justificado\">Os <strong>alunos do terceiro per\u00edodo do curso de Nutri\u00e7\u00e3o <\/strong>do Centro Universit\u00e1rio Santo Agostinho, <strong>modalidade semipresencial<\/strong>, <strong>participaram de uma pr\u00e1tica de indicadores de preparo de alimentos e padroniza\u00e7\u00e3o de receitas<\/strong> no Laborat\u00f3rio de T\u00e9cnica Diet\u00e9tica (pr\u00e9dio anexo I) no \u00faltimo s\u00e1bado, dia 15 de junho. Nela, eles avaliaram os indicadores em alimentos e sua pesagem, al\u00e9m de elaborarem fichas t\u00e9cnicas. <\/p>\n\n\n\n<p class=\"texto-justificado\">A atividade fez parte da disciplina de T\u00e9cnica Diet\u00e9tica, ministrada pela Profa. Ma. Liejy Agnes dos Santos Raposo Landim.<\/p>\n\n\n\n<blockquote class=\"wp-block-quote texto-justificado is-layout-flow wp-block-quote-is-layout-flow\">\n<p class=\"texto-justificado\">Para os alunos do curso de Nutri\u00e7\u00e3o Semipresencial, as aulas pr\u00e1ticas de indicadores de preparo de alimentos e padroniza\u00e7\u00e3o de receitas, que envolvem a elabora\u00e7\u00e3o de fichas t\u00e9cnicas s\u00e3o essenciais. Elas n\u00e3o apenas complementam o conhecimento te\u00f3rico adquirido nas aulas do semipresencial, mas tamb\u00e9m detectam uma compreens\u00e3o da pr\u00e1tica vital para planejamento de card\u00e1pios na coletividade sadia, compras adequadas de insumos, redu\u00e7\u00e3o do desperd\u00edcio nas Unidades de Alimenta\u00e7\u00e3o e Nutri\u00e7\u00e3o (UAN), por exemplo. Essas experi\u00eancias pr\u00e1ticas n\u00e3o s\u00f3 fortalecem as habilidades dos alunos em aplicar os princ\u00edpios da Nutri\u00e7\u00e3o, mas tamb\u00e9m preparam os alunos para enfrentarem os desafios do campo profissional de forma eficaz.<\/p>\n<cite>Profa. Ma. Liejy Agnes dos Santos Raposo Landim, docente de Nutri\u00e7\u00e3o UNIFSA<\/cite><\/blockquote>\n\n\n\n<p class=\"texto-justificado\">O curso de Nutri\u00e7\u00e3o Semipresencial do UNIFSA \u00e9 h\u00edbrido, e possui aulas presenciais quinzenais aos s\u00e1bados.<\/p>\n\n\n\n<figure class=\"wp-block-image size-large\"><img fetchpriority=\"high\" decoding=\"async\" width=\"1024\" height=\"576\" src=\"https:\/\/unifsa.com.br\/site\/wp-content\/uploads\/2024\/06\/WhatsApp-Image-2024-06-18-at-15.44.05-1024x576.jpeg\" alt=\"\" class=\"wp-image-32287\" srcset=\"https:\/\/unifsa.com.br\/site\/wp-content\/uploads\/2024\/06\/WhatsApp-Image-2024-06-18-at-15.44.05-1024x576.jpeg 1024w, https:\/\/unifsa.com.br\/site\/wp-content\/uploads\/2024\/06\/WhatsApp-Image-2024-06-18-at-15.44.05-300x169.jpeg 300w, https:\/\/unifsa.com.br\/site\/wp-content\/uploads\/2024\/06\/WhatsApp-Image-2024-06-18-at-15.44.05-768x432.jpeg 768w, https:\/\/unifsa.com.br\/site\/wp-content\/uploads\/2024\/06\/WhatsApp-Image-2024-06-18-at-15.44.05-1536x864.jpeg 1536w, https:\/\/unifsa.com.br\/site\/wp-content\/uploads\/2024\/06\/WhatsApp-Image-2024-06-18-at-15.44.05-2048x1152.jpeg 2048w\" sizes=\"(max-width: 1024px) 100vw, 1024px\" \/><\/figure>\n","protected":false},"excerpt":{"rendered":"<p>Os alunos do terceiro per\u00edodo do curso de Nutri\u00e7\u00e3o do Centro Universit\u00e1rio Santo Agostinho, modalidade semipresencial, participaram de uma pr\u00e1tica de indicadores de preparo de alimentos e padroniza\u00e7\u00e3o de receitas no Laborat\u00f3rio de T\u00e9cnica Diet\u00e9tica (pr\u00e9dio anexo I) no \u00faltimo s\u00e1bado, dia 15 de junho. Nela, eles avaliaram os indicadores em alimentos e sua pesagem,<\/p>\n","protected":false},"author":11,"featured_media":32286,"comment_status":"closed","ping_status":"open","sticky":false,"template":"","format":"standard","meta":{"_acf_changed":false,"footnotes":""},"categories":[6,1773],"tags":[],"class_list":["post-32282","post","type-post","status-publish","format-standard","has-post-thumbnail","hentry","category-acontece-na-unifsa","category-nutricao-semipresencial"],"acf":[],"yoast_head":"<!-- This site is optimized with the Yoast SEO plugin v26.5 - https:\/\/yoast.com\/wordpress\/plugins\/seo\/ -->\n<title>Alunos de Nutri\u00e7\u00e3o Semipresencial participam de pr\u00e1tica de preparo de alimentos e padroniza\u00e7\u00e3o de receitas - Centro Universit\u00e1rio Santo Agostinho - UNIFSA<\/title>\n<meta name=\"robots\" content=\"index, follow, max-snippet:-1, max-image-preview:large, max-video-preview:-1\" \/>\n<link rel=\"canonical\" href=\"https:\/\/unifsa.com.br\/site\/alunos-de-nutricao-semipresencial-participam-de-pratica-de-preparo-de-alimentos-e-padronizacao-de-receitas\/\" \/>\n<meta property=\"og:locale\" content=\"pt_BR\" \/>\n<meta property=\"og:type\" content=\"article\" \/>\n<meta property=\"og:title\" content=\"Alunos de Nutri\u00e7\u00e3o Semipresencial participam de pr\u00e1tica de preparo de alimentos e padroniza\u00e7\u00e3o de receitas - Centro Universit\u00e1rio Santo Agostinho - UNIFSA\" \/>\n<meta property=\"og:description\" content=\"Os alunos do terceiro per\u00edodo do curso de Nutri\u00e7\u00e3o do Centro Universit\u00e1rio Santo Agostinho, modalidade semipresencial, participaram de uma pr\u00e1tica de indicadores de preparo de alimentos e padroniza\u00e7\u00e3o de receitas no Laborat\u00f3rio de T\u00e9cnica Diet\u00e9tica (pr\u00e9dio anexo I) no \u00faltimo s\u00e1bado, dia 15 de junho. Nela, eles avaliaram os indicadores em alimentos e sua pesagem,\" \/>\n<meta property=\"og:url\" content=\"https:\/\/unifsa.com.br\/site\/alunos-de-nutricao-semipresencial-participam-de-pratica-de-preparo-de-alimentos-e-padronizacao-de-receitas\/\" \/>\n<meta property=\"og:site_name\" content=\"Centro Universit\u00e1rio Santo Agostinho - UNIFSA\" \/>\n<meta property=\"article:publisher\" content=\"https:\/\/www.facebook.com\/unifsa\/\" \/>\n<meta property=\"article:published_time\" content=\"2024-06-20T13:12:06+00:00\" \/>\n<meta property=\"article:modified_time\" content=\"2024-06-20T13:15:00+00:00\" \/>\n<meta property=\"og:image\" content=\"https:\/\/unifsa.com.br\/site\/wp-content\/uploads\/2024\/06\/WhatsApp-Image-2024-06-18-at-15.44.24-scaled.jpeg\" \/>\n\t<meta property=\"og:image:width\" content=\"2560\" \/>\n\t<meta property=\"og:image:height\" content=\"1440\" \/>\n\t<meta property=\"og:image:type\" content=\"image\/jpeg\" \/>\n<meta name=\"author\" content=\"Oceannyra Kelly da Cruz Silva\" \/>\n<meta name=\"twitter:card\" content=\"summary_large_image\" \/>\n<meta name=\"twitter:label1\" content=\"Escrito por\" \/>\n\t<meta name=\"twitter:data1\" content=\"Oceannyra Kelly da Cruz Silva\" \/>\n\t<meta name=\"twitter:label2\" content=\"Est. tempo de leitura\" \/>\n\t<meta name=\"twitter:data2\" content=\"1 minuto\" \/>\n<script type=\"application\/ld+json\" class=\"yoast-schema-graph\">{\"@context\":\"https:\/\/schema.org\",\"@graph\":[{\"@type\":\"Article\",\"@id\":\"https:\/\/unifsa.com.br\/site\/alunos-de-nutricao-semipresencial-participam-de-pratica-de-preparo-de-alimentos-e-padronizacao-de-receitas\/#article\",\"isPartOf\":{\"@id\":\"https:\/\/unifsa.com.br\/site\/alunos-de-nutricao-semipresencial-participam-de-pratica-de-preparo-de-alimentos-e-padronizacao-de-receitas\/\"},\"author\":{\"name\":\"Oceannyra Kelly da Cruz Silva\",\"@id\":\"https:\/\/unifsa.com.br\/site\/#\/schema\/person\/a4cec94bbc6ddf98f579162824de9bf2\"},\"headline\":\"Alunos de Nutri\u00e7\u00e3o Semipresencial participam de pr\u00e1tica de preparo de alimentos e padroniza\u00e7\u00e3o de receitas\",\"datePublished\":\"2024-06-20T13:12:06+00:00\",\"dateModified\":\"2024-06-20T13:15:00+00:00\",\"mainEntityOfPage\":{\"@id\":\"https:\/\/unifsa.com.br\/site\/alunos-de-nutricao-semipresencial-participam-de-pratica-de-preparo-de-alimentos-e-padronizacao-de-receitas\/\"},\"wordCount\":267,\"publisher\":{\"@id\":\"https:\/\/unifsa.com.br\/site\/#organization\"},\"image\":{\"@id\":\"https:\/\/unifsa.com.br\/site\/alunos-de-nutricao-semipresencial-participam-de-pratica-de-preparo-de-alimentos-e-padronizacao-de-receitas\/#primaryimage\"},\"thumbnailUrl\":\"https:\/\/unifsa.com.br\/site\/wp-content\/uploads\/2024\/06\/WhatsApp-Image-2024-06-18-at-15.44.24-scaled.jpeg\",\"articleSection\":[\"Acontece na UNIFSA\",\"Nutri\u00e7\u00e3o Semipresencial\"],\"inLanguage\":\"pt-BR\"},{\"@type\":\"WebPage\",\"@id\":\"https:\/\/unifsa.com.br\/site\/alunos-de-nutricao-semipresencial-participam-de-pratica-de-preparo-de-alimentos-e-padronizacao-de-receitas\/\",\"url\":\"https:\/\/unifsa.com.br\/site\/alunos-de-nutricao-semipresencial-participam-de-pratica-de-preparo-de-alimentos-e-padronizacao-de-receitas\/\",\"name\":\"Alunos de Nutri\u00e7\u00e3o Semipresencial participam de pr\u00e1tica de preparo de alimentos e padroniza\u00e7\u00e3o de receitas - Centro Universit\u00e1rio Santo Agostinho - UNIFSA\",\"isPartOf\":{\"@id\":\"https:\/\/unifsa.com.br\/site\/#website\"},\"primaryImageOfPage\":{\"@id\":\"https:\/\/unifsa.com.br\/site\/alunos-de-nutricao-semipresencial-participam-de-pratica-de-preparo-de-alimentos-e-padronizacao-de-receitas\/#primaryimage\"},\"image\":{\"@id\":\"https:\/\/unifsa.com.br\/site\/alunos-de-nutricao-semipresencial-participam-de-pratica-de-preparo-de-alimentos-e-padronizacao-de-receitas\/#primaryimage\"},\"thumbnailUrl\":\"https:\/\/unifsa.com.br\/site\/wp-content\/uploads\/2024\/06\/WhatsApp-Image-2024-06-18-at-15.44.24-scaled.jpeg\",\"datePublished\":\"2024-06-20T13:12:06+00:00\",\"dateModified\":\"2024-06-20T13:15:00+00:00\",\"breadcrumb\":{\"@id\":\"https:\/\/unifsa.com.br\/site\/alunos-de-nutricao-semipresencial-participam-de-pratica-de-preparo-de-alimentos-e-padronizacao-de-receitas\/#breadcrumb\"},\"inLanguage\":\"pt-BR\",\"potentialAction\":[{\"@type\":\"ReadAction\",\"target\":[\"https:\/\/unifsa.com.br\/site\/alunos-de-nutricao-semipresencial-participam-de-pratica-de-preparo-de-alimentos-e-padronizacao-de-receitas\/\"]}]},{\"@type\":\"ImageObject\",\"inLanguage\":\"pt-BR\",\"@id\":\"https:\/\/unifsa.com.br\/site\/alunos-de-nutricao-semipresencial-participam-de-pratica-de-preparo-de-alimentos-e-padronizacao-de-receitas\/#primaryimage\",\"url\":\"https:\/\/unifsa.com.br\/site\/wp-content\/uploads\/2024\/06\/WhatsApp-Image-2024-06-18-at-15.44.24-scaled.jpeg\",\"contentUrl\":\"https:\/\/unifsa.com.br\/site\/wp-content\/uploads\/2024\/06\/WhatsApp-Image-2024-06-18-at-15.44.24-scaled.jpeg\",\"width\":2560,\"height\":1440},{\"@type\":\"BreadcrumbList\",\"@id\":\"https:\/\/unifsa.com.br\/site\/alunos-de-nutricao-semipresencial-participam-de-pratica-de-preparo-de-alimentos-e-padronizacao-de-receitas\/#breadcrumb\",\"itemListElement\":[{\"@type\":\"ListItem\",\"position\":1,\"name\":\"In\u00edcio\",\"item\":\"https:\/\/unifsa.com.br\/site\/\"},{\"@type\":\"ListItem\",\"position\":2,\"name\":\"Alunos de Nutri\u00e7\u00e3o Semipresencial participam de pr\u00e1tica de preparo de alimentos e padroniza\u00e7\u00e3o de receitas\"}]},{\"@type\":\"WebSite\",\"@id\":\"https:\/\/unifsa.com.br\/site\/#website\",\"url\":\"https:\/\/unifsa.com.br\/site\/\",\"name\":\"Centro Universit\u00e1rio Santo Agostinho - UNIFSA\",\"description\":\"Conhecimento para toda a vida\",\"publisher\":{\"@id\":\"https:\/\/unifsa.com.br\/site\/#organization\"},\"potentialAction\":[{\"@type\":\"SearchAction\",\"target\":{\"@type\":\"EntryPoint\",\"urlTemplate\":\"https:\/\/unifsa.com.br\/site\/?s={search_term_string}\"},\"query-input\":{\"@type\":\"PropertyValueSpecification\",\"valueRequired\":true,\"valueName\":\"search_term_string\"}}],\"inLanguage\":\"pt-BR\"},{\"@type\":\"Organization\",\"@id\":\"https:\/\/unifsa.com.br\/site\/#organization\",\"name\":\"Centro Universit\u00e1rio Santo Agostinho - UNIFSA\",\"url\":\"https:\/\/unifsa.com.br\/site\/\",\"logo\":{\"@type\":\"ImageObject\",\"inLanguage\":\"pt-BR\",\"@id\":\"https:\/\/unifsa.com.br\/site\/#\/schema\/logo\/image\/\",\"url\":\"https:\/\/unifsa.com.br\/site\/wp-content\/uploads\/2023\/03\/MARCA-UNIFSA-CIC23-q2apjs1mt975cf1wl25b044coj90fwoiee1kya6800.png\",\"contentUrl\":\"https:\/\/unifsa.com.br\/site\/wp-content\/uploads\/2023\/03\/MARCA-UNIFSA-CIC23-q2apjs1mt975cf1wl25b044coj90fwoiee1kya6800.png\",\"width\":103,\"height\":100,\"caption\":\"Centro Universit\u00e1rio Santo Agostinho - UNIFSA\"},\"image\":{\"@id\":\"https:\/\/unifsa.com.br\/site\/#\/schema\/logo\/image\/\"},\"sameAs\":[\"https:\/\/www.facebook.com\/unifsa\/\",\"https:\/\/www.instagram.com\/unifsa\/\"]},{\"@type\":\"Person\",\"@id\":\"https:\/\/unifsa.com.br\/site\/#\/schema\/person\/a4cec94bbc6ddf98f579162824de9bf2\",\"name\":\"Oceannyra Kelly da Cruz Silva\",\"image\":{\"@type\":\"ImageObject\",\"inLanguage\":\"pt-BR\",\"@id\":\"https:\/\/unifsa.com.br\/site\/#\/schema\/person\/image\/\",\"url\":\"https:\/\/secure.gravatar.com\/avatar\/05c87cd6fa2c3c73262055bd9341438a47e77a37053b409b3cf4f8df60ea8eb8?s=96&d=mm&r=g\",\"contentUrl\":\"https:\/\/secure.gravatar.com\/avatar\/05c87cd6fa2c3c73262055bd9341438a47e77a37053b409b3cf4f8df60ea8eb8?s=96&d=mm&r=g\",\"caption\":\"Oceannyra Kelly da Cruz Silva\"},\"url\":\"https:\/\/unifsa.com.br\/site\/author\/oceannyrakelly\/\"}]}<\/script>\n<!-- \/ Yoast SEO plugin. -->","yoast_head_json":{"title":"Alunos de Nutri\u00e7\u00e3o Semipresencial participam de pr\u00e1tica de preparo de alimentos e padroniza\u00e7\u00e3o de receitas - Centro Universit\u00e1rio Santo Agostinho - UNIFSA","robots":{"index":"index","follow":"follow","max-snippet":"max-snippet:-1","max-image-preview":"max-image-preview:large","max-video-preview":"max-video-preview:-1"},"canonical":"https:\/\/unifsa.com.br\/site\/alunos-de-nutricao-semipresencial-participam-de-pratica-de-preparo-de-alimentos-e-padronizacao-de-receitas\/","og_locale":"pt_BR","og_type":"article","og_title":"Alunos de Nutri\u00e7\u00e3o Semipresencial participam de pr\u00e1tica de preparo de alimentos e padroniza\u00e7\u00e3o de receitas - Centro Universit\u00e1rio Santo Agostinho - UNIFSA","og_description":"Os alunos do terceiro per\u00edodo do curso de Nutri\u00e7\u00e3o do Centro Universit\u00e1rio Santo Agostinho, modalidade semipresencial, participaram de uma pr\u00e1tica de indicadores de preparo de alimentos e padroniza\u00e7\u00e3o de receitas no Laborat\u00f3rio de T\u00e9cnica Diet\u00e9tica (pr\u00e9dio anexo I) no \u00faltimo s\u00e1bado, dia 15 de junho. Nela, eles avaliaram os indicadores em alimentos e sua pesagem,","og_url":"https:\/\/unifsa.com.br\/site\/alunos-de-nutricao-semipresencial-participam-de-pratica-de-preparo-de-alimentos-e-padronizacao-de-receitas\/","og_site_name":"Centro Universit\u00e1rio Santo Agostinho - UNIFSA","article_publisher":"https:\/\/www.facebook.com\/unifsa\/","article_published_time":"2024-06-20T13:12:06+00:00","article_modified_time":"2024-06-20T13:15:00+00:00","og_image":[{"width":2560,"height":1440,"url":"https:\/\/unifsa.com.br\/site\/wp-content\/uploads\/2024\/06\/WhatsApp-Image-2024-06-18-at-15.44.24-scaled.jpeg","type":"image\/jpeg"}],"author":"Oceannyra Kelly da Cruz Silva","twitter_card":"summary_large_image","twitter_misc":{"Escrito por":"Oceannyra Kelly da Cruz Silva","Est. tempo de leitura":"1 minuto"},"schema":{"@context":"https:\/\/schema.org","@graph":[{"@type":"Article","@id":"https:\/\/unifsa.com.br\/site\/alunos-de-nutricao-semipresencial-participam-de-pratica-de-preparo-de-alimentos-e-padronizacao-de-receitas\/#article","isPartOf":{"@id":"https:\/\/unifsa.com.br\/site\/alunos-de-nutricao-semipresencial-participam-de-pratica-de-preparo-de-alimentos-e-padronizacao-de-receitas\/"},"author":{"name":"Oceannyra Kelly da Cruz Silva","@id":"https:\/\/unifsa.com.br\/site\/#\/schema\/person\/a4cec94bbc6ddf98f579162824de9bf2"},"headline":"Alunos de Nutri\u00e7\u00e3o Semipresencial participam de pr\u00e1tica de preparo de alimentos e padroniza\u00e7\u00e3o de receitas","datePublished":"2024-06-20T13:12:06+00:00","dateModified":"2024-06-20T13:15:00+00:00","mainEntityOfPage":{"@id":"https:\/\/unifsa.com.br\/site\/alunos-de-nutricao-semipresencial-participam-de-pratica-de-preparo-de-alimentos-e-padronizacao-de-receitas\/"},"wordCount":267,"publisher":{"@id":"https:\/\/unifsa.com.br\/site\/#organization"},"image":{"@id":"https:\/\/unifsa.com.br\/site\/alunos-de-nutricao-semipresencial-participam-de-pratica-de-preparo-de-alimentos-e-padronizacao-de-receitas\/#primaryimage"},"thumbnailUrl":"https:\/\/unifsa.com.br\/site\/wp-content\/uploads\/2024\/06\/WhatsApp-Image-2024-06-18-at-15.44.24-scaled.jpeg","articleSection":["Acontece na UNIFSA","Nutri\u00e7\u00e3o Semipresencial"],"inLanguage":"pt-BR"},{"@type":"WebPage","@id":"https:\/\/unifsa.com.br\/site\/alunos-de-nutricao-semipresencial-participam-de-pratica-de-preparo-de-alimentos-e-padronizacao-de-receitas\/","url":"https:\/\/unifsa.com.br\/site\/alunos-de-nutricao-semipresencial-participam-de-pratica-de-preparo-de-alimentos-e-padronizacao-de-receitas\/","name":"Alunos de Nutri\u00e7\u00e3o Semipresencial participam de pr\u00e1tica de preparo de alimentos e padroniza\u00e7\u00e3o de receitas - Centro Universit\u00e1rio Santo Agostinho - UNIFSA","isPartOf":{"@id":"https:\/\/unifsa.com.br\/site\/#website"},"primaryImageOfPage":{"@id":"https:\/\/unifsa.com.br\/site\/alunos-de-nutricao-semipresencial-participam-de-pratica-de-preparo-de-alimentos-e-padronizacao-de-receitas\/#primaryimage"},"image":{"@id":"https:\/\/unifsa.com.br\/site\/alunos-de-nutricao-semipresencial-participam-de-pratica-de-preparo-de-alimentos-e-padronizacao-de-receitas\/#primaryimage"},"thumbnailUrl":"https:\/\/unifsa.com.br\/site\/wp-content\/uploads\/2024\/06\/WhatsApp-Image-2024-06-18-at-15.44.24-scaled.jpeg","datePublished":"2024-06-20T13:12:06+00:00","dateModified":"2024-06-20T13:15:00+00:00","breadcrumb":{"@id":"https:\/\/unifsa.com.br\/site\/alunos-de-nutricao-semipresencial-participam-de-pratica-de-preparo-de-alimentos-e-padronizacao-de-receitas\/#breadcrumb"},"inLanguage":"pt-BR","potentialAction":[{"@type":"ReadAction","target":["https:\/\/unifsa.com.br\/site\/alunos-de-nutricao-semipresencial-participam-de-pratica-de-preparo-de-alimentos-e-padronizacao-de-receitas\/"]}]},{"@type":"ImageObject","inLanguage":"pt-BR","@id":"https:\/\/unifsa.com.br\/site\/alunos-de-nutricao-semipresencial-participam-de-pratica-de-preparo-de-alimentos-e-padronizacao-de-receitas\/#primaryimage","url":"https:\/\/unifsa.com.br\/site\/wp-content\/uploads\/2024\/06\/WhatsApp-Image-2024-06-18-at-15.44.24-scaled.jpeg","contentUrl":"https:\/\/unifsa.com.br\/site\/wp-content\/uploads\/2024\/06\/WhatsApp-Image-2024-06-18-at-15.44.24-scaled.jpeg","width":2560,"height":1440},{"@type":"BreadcrumbList","@id":"https:\/\/unifsa.com.br\/site\/alunos-de-nutricao-semipresencial-participam-de-pratica-de-preparo-de-alimentos-e-padronizacao-de-receitas\/#breadcrumb","itemListElement":[{"@type":"ListItem","position":1,"name":"In\u00edcio","item":"https:\/\/unifsa.com.br\/site\/"},{"@type":"ListItem","position":2,"name":"Alunos de Nutri\u00e7\u00e3o Semipresencial participam de pr\u00e1tica de preparo de alimentos e padroniza\u00e7\u00e3o de receitas"}]},{"@type":"WebSite","@id":"https:\/\/unifsa.com.br\/site\/#website","url":"https:\/\/unifsa.com.br\/site\/","name":"Centro Universit\u00e1rio Santo Agostinho - UNIFSA","description":"Conhecimento para toda a vida","publisher":{"@id":"https:\/\/unifsa.com.br\/site\/#organization"},"potentialAction":[{"@type":"SearchAction","target":{"@type":"EntryPoint","urlTemplate":"https:\/\/unifsa.com.br\/site\/?s={search_term_string}"},"query-input":{"@type":"PropertyValueSpecification","valueRequired":true,"valueName":"search_term_string"}}],"inLanguage":"pt-BR"},{"@type":"Organization","@id":"https:\/\/unifsa.com.br\/site\/#organization","name":"Centro Universit\u00e1rio Santo Agostinho - UNIFSA","url":"https:\/\/unifsa.com.br\/site\/","logo":{"@type":"ImageObject","inLanguage":"pt-BR","@id":"https:\/\/unifsa.com.br\/site\/#\/schema\/logo\/image\/","url":"https:\/\/unifsa.com.br\/site\/wp-content\/uploads\/2023\/03\/MARCA-UNIFSA-CIC23-q2apjs1mt975cf1wl25b044coj90fwoiee1kya6800.png","contentUrl":"https:\/\/unifsa.com.br\/site\/wp-content\/uploads\/2023\/03\/MARCA-UNIFSA-CIC23-q2apjs1mt975cf1wl25b044coj90fwoiee1kya6800.png","width":103,"height":100,"caption":"Centro Universit\u00e1rio Santo Agostinho - UNIFSA"},"image":{"@id":"https:\/\/unifsa.com.br\/site\/#\/schema\/logo\/image\/"},"sameAs":["https:\/\/www.facebook.com\/unifsa\/","https:\/\/www.instagram.com\/unifsa\/"]},{"@type":"Person","@id":"https:\/\/unifsa.com.br\/site\/#\/schema\/person\/a4cec94bbc6ddf98f579162824de9bf2","name":"Oceannyra Kelly da Cruz Silva","image":{"@type":"ImageObject","inLanguage":"pt-BR","@id":"https:\/\/unifsa.com.br\/site\/#\/schema\/person\/image\/","url":"https:\/\/secure.gravatar.com\/avatar\/05c87cd6fa2c3c73262055bd9341438a47e77a37053b409b3cf4f8df60ea8eb8?s=96&d=mm&r=g","contentUrl":"https:\/\/secure.gravatar.com\/avatar\/05c87cd6fa2c3c73262055bd9341438a47e77a37053b409b3cf4f8df60ea8eb8?s=96&d=mm&r=g","caption":"Oceannyra Kelly da Cruz Silva"},"url":"https:\/\/unifsa.com.br\/site\/author\/oceannyrakelly\/"}]}},"_links":{"self":[{"href":"https:\/\/unifsa.com.br\/site\/wp-json\/wp\/v2\/posts\/32282","targetHints":{"allow":["GET"]}}],"collection":[{"href":"https:\/\/unifsa.com.br\/site\/wp-json\/wp\/v2\/posts"}],"about":[{"href":"https:\/\/unifsa.com.br\/site\/wp-json\/wp\/v2\/types\/post"}],"author":[{"embeddable":true,"href":"https:\/\/unifsa.com.br\/site\/wp-json\/wp\/v2\/users\/11"}],"replies":[{"embeddable":true,"href":"https:\/\/unifsa.com.br\/site\/wp-json\/wp\/v2\/comments?post=32282"}],"version-history":[{"count":5,"href":"https:\/\/unifsa.com.br\/site\/wp-json\/wp\/v2\/posts\/32282\/revisions"}],"predecessor-version":[{"id":32351,"href":"https:\/\/unifsa.com.br\/site\/wp-json\/wp\/v2\/posts\/32282\/revisions\/32351"}],"wp:featuredmedia":[{"embeddable":true,"href":"https:\/\/unifsa.com.br\/site\/wp-json\/wp\/v2\/media\/32286"}],"wp:attachment":[{"href":"https:\/\/unifsa.com.br\/site\/wp-json\/wp\/v2\/media?parent=32282"}],"wp:term":[{"taxonomy":"category","embeddable":true,"href":"https:\/\/unifsa.com.br\/site\/wp-json\/wp\/v2\/categories?post=32282"},{"taxonomy":"post_tag","embeddable":true,"href":"https:\/\/unifsa.com.br\/site\/wp-json\/wp\/v2\/tags?post=32282"}],"curies":[{"name":"wp","href":"https:\/\/api.w.org\/{rel}","templated":true}]}}