{"id":31779,"date":"2024-06-06T16:01:00","date_gmt":"2024-06-06T19:01:00","guid":{"rendered":"https:\/\/unifsa.com.br\/site\/?p=31779"},"modified":"2024-06-07T11:28:27","modified_gmt":"2024-06-07T14:28:27","slug":"alunos-de-enfermagem-do-unifsa-realizam-acao-de-vacinacao-no-predio-sede-da-ies","status":"publish","type":"post","link":"https:\/\/unifsa.com.br\/site\/alunos-de-enfermagem-do-unifsa-realizam-acao-de-vacinacao-no-predio-sede-da-ies\/","title":{"rendered":"Alunos de Enfermagem do UNIFSA realizam a\u00e7\u00e3o de vacina\u00e7\u00e3o no pr\u00e9dio sede da IES"},"content":{"rendered":"\n<p class=\"texto-justificado\">Os alunos de Enfermagem do, 8\u00ba per\u00edodo, Centro Universit\u00e1rio Santo Agostinho realizaram uma a\u00e7\u00e3o de vacina\u00e7\u00e3o contra a Influenza para os colaboradores da institui\u00e7\u00e3o, das 9h \u00e0s 16h, do dia 6 de junho. A a\u00e7\u00e3o foi promovida por meio da coordena\u00e7\u00e3o do curso de Enfermagem em parceria com a Funda\u00e7\u00e3o Municipal de Sa\u00fade(FMS) de Teresina .<\/p>\n\n\n\n<p>A atividade visou incentivar e facilitar o acesso \u00e0 vacina\u00e7\u00e3o dos profissionais de trabalham no UNIFSA, levando esse servi\u00e7o para dentro da institui\u00e7\u00e3o. Al\u00e9m disso, permite que o os alunos ampliem suas experi\u00eancias e auxilie no processo de desenvolvimento e aprendizagem do aluno, fazendo com que ele conhe\u00e7a na pr\u00e1tica a rotina e din\u00e2mica de vacina\u00e7\u00e3o.<\/p>\n\n\n\n<blockquote class=\"wp-block-quote texto-justificado is-layout-flow wp-block-quote-is-layout-flow\">\n<h3 class=\"wp-block-heading texto-justificado\">Sobre a Influenza<\/h3>\n\n\n\n<p>A influenza \u00e9 uma infec\u00e7\u00e3o viral aguda que afeta o sistema respirat\u00f3rio, caracterizada por sua alta transmissibilidade e tend\u00eancia a se disseminar facilmente. A doen\u00e7a pode variar de quadros leves a graves e, em casos mais severos, pode exigir hospitaliza\u00e7\u00e3o.<\/p>\n\n\n\n<p>A vacina contra Influenza est\u00e1 dispon\u00edvel em todas as Unidades B\u00e1sicas de Sa\u00fade (UBS), Teresina Shopping e em outros pontos da cidade de Teresina.<\/p>\n\n\n\n<p><\/p>\n\n\n\n<p><\/p>\n\n\n\n<figure class=\"wp-block-gallery has-nested-images columns-default is-cropped wp-block-gallery-1 is-layout-flex wp-block-gallery-is-layout-flex\">\n<figure class=\"wp-block-image size-large\"><img fetchpriority=\"high\" decoding=\"async\" width=\"768\" height=\"1024\" data-id=\"31788\" src=\"https:\/\/unifsa.com.br\/site\/wp-content\/uploads\/2024\/06\/WhatsApp-Image-2024-06-06-at-11.24.12-1-768x1024.jpeg\" alt=\"\" class=\"wp-image-31788\" srcset=\"https:\/\/unifsa.com.br\/site\/wp-content\/uploads\/2024\/06\/WhatsApp-Image-2024-06-06-at-11.24.12-1-768x1024.jpeg 768w, https:\/\/unifsa.com.br\/site\/wp-content\/uploads\/2024\/06\/WhatsApp-Image-2024-06-06-at-11.24.12-1-225x300.jpeg 225w, https:\/\/unifsa.com.br\/site\/wp-content\/uploads\/2024\/06\/WhatsApp-Image-2024-06-06-at-11.24.12-1-1152x1536.jpeg 1152w, https:\/\/unifsa.com.br\/site\/wp-content\/uploads\/2024\/06\/WhatsApp-Image-2024-06-06-at-11.24.12-1-1536x2048.jpeg 1536w, https:\/\/unifsa.com.br\/site\/wp-content\/uploads\/2024\/06\/WhatsApp-Image-2024-06-06-at-11.24.12-1-scaled.jpeg 1920w\" sizes=\"(max-width: 768px) 100vw, 768px\" \/><\/figure>\n\n\n\n<figure class=\"wp-block-image size-large\"><img decoding=\"async\" width=\"768\" height=\"1024\" data-id=\"31787\" src=\"https:\/\/unifsa.com.br\/site\/wp-content\/uploads\/2024\/06\/WhatsApp-Image-2024-06-06-at-11.24.13-1-768x1024.jpeg\" alt=\"\" class=\"wp-image-31787\" srcset=\"https:\/\/unifsa.com.br\/site\/wp-content\/uploads\/2024\/06\/WhatsApp-Image-2024-06-06-at-11.24.13-1-768x1024.jpeg 768w, https:\/\/unifsa.com.br\/site\/wp-content\/uploads\/2024\/06\/WhatsApp-Image-2024-06-06-at-11.24.13-1-225x300.jpeg 225w, https:\/\/unifsa.com.br\/site\/wp-content\/uploads\/2024\/06\/WhatsApp-Image-2024-06-06-at-11.24.13-1-1152x1536.jpeg 1152w, https:\/\/unifsa.com.br\/site\/wp-content\/uploads\/2024\/06\/WhatsApp-Image-2024-06-06-at-11.24.13-1-1536x2048.jpeg 1536w, https:\/\/unifsa.com.br\/site\/wp-content\/uploads\/2024\/06\/WhatsApp-Image-2024-06-06-at-11.24.13-1-scaled.jpeg 1920w\" sizes=\"(max-width: 768px) 100vw, 768px\" \/><\/figure>\n\n\n\n<figure class=\"wp-block-image size-large\"><img decoding=\"async\" width=\"768\" height=\"1024\" data-id=\"31791\" src=\"https:\/\/unifsa.com.br\/site\/wp-content\/uploads\/2024\/06\/WhatsApp-Image-2024-06-06-at-11.24.28-1-1-768x1024.jpeg\" alt=\"\" class=\"wp-image-31791\" srcset=\"https:\/\/unifsa.com.br\/site\/wp-content\/uploads\/2024\/06\/WhatsApp-Image-2024-06-06-at-11.24.28-1-1-768x1024.jpeg 768w, https:\/\/unifsa.com.br\/site\/wp-content\/uploads\/2024\/06\/WhatsApp-Image-2024-06-06-at-11.24.28-1-1-225x300.jpeg 225w, https:\/\/unifsa.com.br\/site\/wp-content\/uploads\/2024\/06\/WhatsApp-Image-2024-06-06-at-11.24.28-1-1-1152x1536.jpeg 1152w, https:\/\/unifsa.com.br\/site\/wp-content\/uploads\/2024\/06\/WhatsApp-Image-2024-06-06-at-11.24.28-1-1-1536x2048.jpeg 1536w, https:\/\/unifsa.com.br\/site\/wp-content\/uploads\/2024\/06\/WhatsApp-Image-2024-06-06-at-11.24.28-1-1-scaled.jpeg 1920w\" sizes=\"(max-width: 768px) 100vw, 768px\" \/><\/figure>\n\n\n\n<figure class=\"wp-block-image size-large\"><img loading=\"lazy\" decoding=\"async\" width=\"768\" height=\"1024\" data-id=\"31790\" src=\"https:\/\/unifsa.com.br\/site\/wp-content\/uploads\/2024\/06\/WhatsApp-Image-2024-06-06-at-11.24.28-2-768x1024.jpeg\" alt=\"\" class=\"wp-image-31790\" srcset=\"https:\/\/unifsa.com.br\/site\/wp-content\/uploads\/2024\/06\/WhatsApp-Image-2024-06-06-at-11.24.28-2-768x1024.jpeg 768w, https:\/\/unifsa.com.br\/site\/wp-content\/uploads\/2024\/06\/WhatsApp-Image-2024-06-06-at-11.24.28-2-225x300.jpeg 225w, https:\/\/unifsa.com.br\/site\/wp-content\/uploads\/2024\/06\/WhatsApp-Image-2024-06-06-at-11.24.28-2-1152x1536.jpeg 1152w, https:\/\/unifsa.com.br\/site\/wp-content\/uploads\/2024\/06\/WhatsApp-Image-2024-06-06-at-11.24.28-2-1536x2048.jpeg 1536w, https:\/\/unifsa.com.br\/site\/wp-content\/uploads\/2024\/06\/WhatsApp-Image-2024-06-06-at-11.24.28-2-scaled.jpeg 1920w\" sizes=\"(max-width: 768px) 100vw, 768px\" \/><\/figure>\n\n\n\n<figure class=\"wp-block-image size-large\"><img loading=\"lazy\" decoding=\"async\" width=\"768\" height=\"1024\" data-id=\"31789\" src=\"https:\/\/unifsa.com.br\/site\/wp-content\/uploads\/2024\/06\/WhatsApp-Image-2024-06-06-at-11.24.29-3-1-768x1024.jpeg\" alt=\"\" class=\"wp-image-31789\" srcset=\"https:\/\/unifsa.com.br\/site\/wp-content\/uploads\/2024\/06\/WhatsApp-Image-2024-06-06-at-11.24.29-3-1-768x1024.jpeg 768w, https:\/\/unifsa.com.br\/site\/wp-content\/uploads\/2024\/06\/WhatsApp-Image-2024-06-06-at-11.24.29-3-1-225x300.jpeg 225w, https:\/\/unifsa.com.br\/site\/wp-content\/uploads\/2024\/06\/WhatsApp-Image-2024-06-06-at-11.24.29-3-1-1152x1536.jpeg 1152w, https:\/\/unifsa.com.br\/site\/wp-content\/uploads\/2024\/06\/WhatsApp-Image-2024-06-06-at-11.24.29-3-1-1536x2048.jpeg 1536w, https:\/\/unifsa.com.br\/site\/wp-content\/uploads\/2024\/06\/WhatsApp-Image-2024-06-06-at-11.24.29-3-1-scaled.jpeg 1920w\" sizes=\"(max-width: 768px) 100vw, 768px\" \/><\/figure>\n\n\n\n<figure class=\"wp-block-image size-large\"><img loading=\"lazy\" decoding=\"async\" width=\"768\" height=\"1024\" data-id=\"31792\" src=\"https:\/\/unifsa.com.br\/site\/wp-content\/uploads\/2024\/06\/WhatsApp-Image-2024-06-06-at-11.24.29-2-1-768x1024.jpeg\" alt=\"\" class=\"wp-image-31792\" srcset=\"https:\/\/unifsa.com.br\/site\/wp-content\/uploads\/2024\/06\/WhatsApp-Image-2024-06-06-at-11.24.29-2-1-768x1024.jpeg 768w, https:\/\/unifsa.com.br\/site\/wp-content\/uploads\/2024\/06\/WhatsApp-Image-2024-06-06-at-11.24.29-2-1-225x300.jpeg 225w, https:\/\/unifsa.com.br\/site\/wp-content\/uploads\/2024\/06\/WhatsApp-Image-2024-06-06-at-11.24.29-2-1-1152x1536.jpeg 1152w, https:\/\/unifsa.com.br\/site\/wp-content\/uploads\/2024\/06\/WhatsApp-Image-2024-06-06-at-11.24.29-2-1-1536x2048.jpeg 1536w, https:\/\/unifsa.com.br\/site\/wp-content\/uploads\/2024\/06\/WhatsApp-Image-2024-06-06-at-11.24.29-2-1-scaled.jpeg 1920w\" sizes=\"(max-width: 768px) 100vw, 768px\" \/><\/figure>\n\n\n\n<figure class=\"wp-block-image size-large\"><img loading=\"lazy\" decoding=\"async\" width=\"768\" height=\"1024\" data-id=\"31794\" src=\"https:\/\/unifsa.com.br\/site\/wp-content\/uploads\/2024\/06\/WhatsApp-Image-2024-06-06-at-11.24.29-1-768x1024.jpeg\" alt=\"\" class=\"wp-image-31794\" srcset=\"https:\/\/unifsa.com.br\/site\/wp-content\/uploads\/2024\/06\/WhatsApp-Image-2024-06-06-at-11.24.29-1-768x1024.jpeg 768w, https:\/\/unifsa.com.br\/site\/wp-content\/uploads\/2024\/06\/WhatsApp-Image-2024-06-06-at-11.24.29-1-225x300.jpeg 225w, https:\/\/unifsa.com.br\/site\/wp-content\/uploads\/2024\/06\/WhatsApp-Image-2024-06-06-at-11.24.29-1-1152x1536.jpeg 1152w, https:\/\/unifsa.com.br\/site\/wp-content\/uploads\/2024\/06\/WhatsApp-Image-2024-06-06-at-11.24.29-1-1536x2048.jpeg 1536w, https:\/\/unifsa.com.br\/site\/wp-content\/uploads\/2024\/06\/WhatsApp-Image-2024-06-06-at-11.24.29-1-scaled.jpeg 1920w\" sizes=\"(max-width: 768px) 100vw, 768px\" \/><\/figure>\n\n\n\n<figure class=\"wp-block-image size-large\"><img loading=\"lazy\" decoding=\"async\" width=\"768\" height=\"1024\" data-id=\"31793\" src=\"https:\/\/unifsa.com.br\/site\/wp-content\/uploads\/2024\/06\/WhatsApp-Image-2024-06-06-at-11.24.30-1-768x1024.jpeg\" alt=\"\" class=\"wp-image-31793\" srcset=\"https:\/\/unifsa.com.br\/site\/wp-content\/uploads\/2024\/06\/WhatsApp-Image-2024-06-06-at-11.24.30-1-768x1024.jpeg 768w, https:\/\/unifsa.com.br\/site\/wp-content\/uploads\/2024\/06\/WhatsApp-Image-2024-06-06-at-11.24.30-1-225x300.jpeg 225w, https:\/\/unifsa.com.br\/site\/wp-content\/uploads\/2024\/06\/WhatsApp-Image-2024-06-06-at-11.24.30-1-1152x1536.jpeg 1152w, https:\/\/unifsa.com.br\/site\/wp-content\/uploads\/2024\/06\/WhatsApp-Image-2024-06-06-at-11.24.30-1-1536x2048.jpeg 1536w, https:\/\/unifsa.com.br\/site\/wp-content\/uploads\/2024\/06\/WhatsApp-Image-2024-06-06-at-11.24.30-1-scaled.jpeg 1920w\" sizes=\"(max-width: 768px) 100vw, 768px\" \/><\/figure>\n<\/figure>\n<\/blockquote>\n","protected":false},"excerpt":{"rendered":"<p>Os alunos de Enfermagem do, 8\u00ba per\u00edodo, Centro Universit\u00e1rio Santo Agostinho realizaram uma a\u00e7\u00e3o de vacina\u00e7\u00e3o contra a Influenza para os colaboradores da institui\u00e7\u00e3o, das 9h \u00e0s 16h, do dia 6 de junho. A a\u00e7\u00e3o foi promovida por meio da coordena\u00e7\u00e3o do curso de Enfermagem em parceria com a Funda\u00e7\u00e3o Municipal de Sa\u00fade(FMS) de Teresina<\/p>\n","protected":false},"author":12,"featured_media":31843,"comment_status":"closed","ping_status":"open","sticky":false,"template":"","format":"standard","meta":{"_acf_changed":false,"footnotes":""},"categories":[6,59],"tags":[],"class_list":["post-31779","post","type-post","status-publish","format-standard","has-post-thumbnail","hentry","category-acontece-na-unifsa","category-enfermagem"],"acf":[],"yoast_head":"<!-- This site is optimized with the Yoast SEO plugin v26.5 - https:\/\/yoast.com\/wordpress\/plugins\/seo\/ -->\n<title>Alunos de Enfermagem do UNIFSA realizam a\u00e7\u00e3o de vacina\u00e7\u00e3o no pr\u00e9dio sede da IES - Centro Universit\u00e1rio Santo Agostinho - UNIFSA<\/title>\n<meta name=\"robots\" content=\"index, follow, max-snippet:-1, max-image-preview:large, max-video-preview:-1\" \/>\n<link rel=\"canonical\" href=\"https:\/\/unifsa.com.br\/site\/alunos-de-enfermagem-do-unifsa-realizam-acao-de-vacinacao-no-predio-sede-da-ies\/\" \/>\n<meta property=\"og:locale\" content=\"pt_BR\" \/>\n<meta property=\"og:type\" content=\"article\" \/>\n<meta property=\"og:title\" content=\"Alunos de Enfermagem do UNIFSA realizam a\u00e7\u00e3o de vacina\u00e7\u00e3o no pr\u00e9dio sede da IES - Centro Universit\u00e1rio Santo Agostinho - UNIFSA\" \/>\n<meta property=\"og:description\" content=\"Os alunos de Enfermagem do, 8\u00ba per\u00edodo, Centro Universit\u00e1rio Santo Agostinho realizaram uma a\u00e7\u00e3o de vacina\u00e7\u00e3o contra a Influenza para os colaboradores da institui\u00e7\u00e3o, das 9h \u00e0s 16h, do dia 6 de junho. A a\u00e7\u00e3o foi promovida por meio da coordena\u00e7\u00e3o do curso de Enfermagem em parceria com a Funda\u00e7\u00e3o Municipal de Sa\u00fade(FMS) de Teresina\" \/>\n<meta property=\"og:url\" content=\"https:\/\/unifsa.com.br\/site\/alunos-de-enfermagem-do-unifsa-realizam-acao-de-vacinacao-no-predio-sede-da-ies\/\" \/>\n<meta property=\"og:site_name\" content=\"Centro Universit\u00e1rio Santo Agostinho - UNIFSA\" \/>\n<meta property=\"article:publisher\" content=\"https:\/\/www.facebook.com\/unifsa\/\" \/>\n<meta property=\"article:published_time\" content=\"2024-06-06T19:01:00+00:00\" \/>\n<meta property=\"article:modified_time\" content=\"2024-06-07T14:28:27+00:00\" \/>\n<meta property=\"og:image\" content=\"https:\/\/unifsa.com.br\/site\/wp-content\/uploads\/2024\/06\/WhatsApp-Image-2024-06-07-at-10.27.39-scaled.jpeg\" \/>\n\t<meta property=\"og:image:width\" content=\"2560\" \/>\n\t<meta property=\"og:image:height\" content=\"2228\" \/>\n\t<meta property=\"og:image:type\" content=\"image\/jpeg\" \/>\n<meta name=\"author\" content=\"Estev\u00e3o Leite Cordeiro de Souza\" \/>\n<meta name=\"twitter:card\" content=\"summary_large_image\" \/>\n<meta name=\"twitter:label1\" content=\"Escrito por\" \/>\n\t<meta name=\"twitter:data1\" content=\"Estev\u00e3o Leite Cordeiro de Souza\" \/>\n\t<meta name=\"twitter:label2\" content=\"Est. tempo de leitura\" \/>\n\t<meta name=\"twitter:data2\" content=\"1 minuto\" \/>\n<script type=\"application\/ld+json\" class=\"yoast-schema-graph\">{\"@context\":\"https:\/\/schema.org\",\"@graph\":[{\"@type\":\"Article\",\"@id\":\"https:\/\/unifsa.com.br\/site\/alunos-de-enfermagem-do-unifsa-realizam-acao-de-vacinacao-no-predio-sede-da-ies\/#article\",\"isPartOf\":{\"@id\":\"https:\/\/unifsa.com.br\/site\/alunos-de-enfermagem-do-unifsa-realizam-acao-de-vacinacao-no-predio-sede-da-ies\/\"},\"author\":{\"name\":\"Estev\u00e3o Leite Cordeiro de Souza\",\"@id\":\"https:\/\/unifsa.com.br\/site\/#\/schema\/person\/459d6944d25bd72102b031eb886c7cbf\"},\"headline\":\"Alunos de Enfermagem do UNIFSA realizam a\u00e7\u00e3o de vacina\u00e7\u00e3o no pr\u00e9dio sede da IES\",\"datePublished\":\"2024-06-06T19:01:00+00:00\",\"dateModified\":\"2024-06-07T14:28:27+00:00\",\"mainEntityOfPage\":{\"@id\":\"https:\/\/unifsa.com.br\/site\/alunos-de-enfermagem-do-unifsa-realizam-acao-de-vacinacao-no-predio-sede-da-ies\/\"},\"wordCount\":218,\"publisher\":{\"@id\":\"https:\/\/unifsa.com.br\/site\/#organization\"},\"image\":{\"@id\":\"https:\/\/unifsa.com.br\/site\/alunos-de-enfermagem-do-unifsa-realizam-acao-de-vacinacao-no-predio-sede-da-ies\/#primaryimage\"},\"thumbnailUrl\":\"https:\/\/unifsa.com.br\/site\/wp-content\/uploads\/2024\/06\/WhatsApp-Image-2024-06-07-at-10.27.39-scaled.jpeg\",\"articleSection\":[\"Acontece na UNIFSA\",\"Enfermagem\"],\"inLanguage\":\"pt-BR\"},{\"@type\":\"WebPage\",\"@id\":\"https:\/\/unifsa.com.br\/site\/alunos-de-enfermagem-do-unifsa-realizam-acao-de-vacinacao-no-predio-sede-da-ies\/\",\"url\":\"https:\/\/unifsa.com.br\/site\/alunos-de-enfermagem-do-unifsa-realizam-acao-de-vacinacao-no-predio-sede-da-ies\/\",\"name\":\"Alunos de Enfermagem do UNIFSA realizam a\u00e7\u00e3o de vacina\u00e7\u00e3o no pr\u00e9dio sede da IES - Centro Universit\u00e1rio Santo Agostinho - UNIFSA\",\"isPartOf\":{\"@id\":\"https:\/\/unifsa.com.br\/site\/#website\"},\"primaryImageOfPage\":{\"@id\":\"https:\/\/unifsa.com.br\/site\/alunos-de-enfermagem-do-unifsa-realizam-acao-de-vacinacao-no-predio-sede-da-ies\/#primaryimage\"},\"image\":{\"@id\":\"https:\/\/unifsa.com.br\/site\/alunos-de-enfermagem-do-unifsa-realizam-acao-de-vacinacao-no-predio-sede-da-ies\/#primaryimage\"},\"thumbnailUrl\":\"https:\/\/unifsa.com.br\/site\/wp-content\/uploads\/2024\/06\/WhatsApp-Image-2024-06-07-at-10.27.39-scaled.jpeg\",\"datePublished\":\"2024-06-06T19:01:00+00:00\",\"dateModified\":\"2024-06-07T14:28:27+00:00\",\"breadcrumb\":{\"@id\":\"https:\/\/unifsa.com.br\/site\/alunos-de-enfermagem-do-unifsa-realizam-acao-de-vacinacao-no-predio-sede-da-ies\/#breadcrumb\"},\"inLanguage\":\"pt-BR\",\"potentialAction\":[{\"@type\":\"ReadAction\",\"target\":[\"https:\/\/unifsa.com.br\/site\/alunos-de-enfermagem-do-unifsa-realizam-acao-de-vacinacao-no-predio-sede-da-ies\/\"]}]},{\"@type\":\"ImageObject\",\"inLanguage\":\"pt-BR\",\"@id\":\"https:\/\/unifsa.com.br\/site\/alunos-de-enfermagem-do-unifsa-realizam-acao-de-vacinacao-no-predio-sede-da-ies\/#primaryimage\",\"url\":\"https:\/\/unifsa.com.br\/site\/wp-content\/uploads\/2024\/06\/WhatsApp-Image-2024-06-07-at-10.27.39-scaled.jpeg\",\"contentUrl\":\"https:\/\/unifsa.com.br\/site\/wp-content\/uploads\/2024\/06\/WhatsApp-Image-2024-06-07-at-10.27.39-scaled.jpeg\",\"width\":2560,\"height\":2228},{\"@type\":\"BreadcrumbList\",\"@id\":\"https:\/\/unifsa.com.br\/site\/alunos-de-enfermagem-do-unifsa-realizam-acao-de-vacinacao-no-predio-sede-da-ies\/#breadcrumb\",\"itemListElement\":[{\"@type\":\"ListItem\",\"position\":1,\"name\":\"In\u00edcio\",\"item\":\"https:\/\/unifsa.com.br\/site\/\"},{\"@type\":\"ListItem\",\"position\":2,\"name\":\"Alunos de Enfermagem do UNIFSA realizam a\u00e7\u00e3o de vacina\u00e7\u00e3o no pr\u00e9dio sede da IES\"}]},{\"@type\":\"WebSite\",\"@id\":\"https:\/\/unifsa.com.br\/site\/#website\",\"url\":\"https:\/\/unifsa.com.br\/site\/\",\"name\":\"Centro Universit\u00e1rio Santo Agostinho - UNIFSA\",\"description\":\"Conhecimento para toda a vida\",\"publisher\":{\"@id\":\"https:\/\/unifsa.com.br\/site\/#organization\"},\"potentialAction\":[{\"@type\":\"SearchAction\",\"target\":{\"@type\":\"EntryPoint\",\"urlTemplate\":\"https:\/\/unifsa.com.br\/site\/?s={search_term_string}\"},\"query-input\":{\"@type\":\"PropertyValueSpecification\",\"valueRequired\":true,\"valueName\":\"search_term_string\"}}],\"inLanguage\":\"pt-BR\"},{\"@type\":\"Organization\",\"@id\":\"https:\/\/unifsa.com.br\/site\/#organization\",\"name\":\"Centro Universit\u00e1rio Santo Agostinho - UNIFSA\",\"url\":\"https:\/\/unifsa.com.br\/site\/\",\"logo\":{\"@type\":\"ImageObject\",\"inLanguage\":\"pt-BR\",\"@id\":\"https:\/\/unifsa.com.br\/site\/#\/schema\/logo\/image\/\",\"url\":\"https:\/\/unifsa.com.br\/site\/wp-content\/uploads\/2023\/03\/MARCA-UNIFSA-CIC23-q2apjs1mt975cf1wl25b044coj90fwoiee1kya6800.png\",\"contentUrl\":\"https:\/\/unifsa.com.br\/site\/wp-content\/uploads\/2023\/03\/MARCA-UNIFSA-CIC23-q2apjs1mt975cf1wl25b044coj90fwoiee1kya6800.png\",\"width\":103,\"height\":100,\"caption\":\"Centro Universit\u00e1rio Santo Agostinho - UNIFSA\"},\"image\":{\"@id\":\"https:\/\/unifsa.com.br\/site\/#\/schema\/logo\/image\/\"},\"sameAs\":[\"https:\/\/www.facebook.com\/unifsa\/\",\"https:\/\/www.instagram.com\/unifsa\/\"]},{\"@type\":\"Person\",\"@id\":\"https:\/\/unifsa.com.br\/site\/#\/schema\/person\/459d6944d25bd72102b031eb886c7cbf\",\"name\":\"Estev\u00e3o Leite Cordeiro de Souza\",\"image\":{\"@type\":\"ImageObject\",\"inLanguage\":\"pt-BR\",\"@id\":\"https:\/\/unifsa.com.br\/site\/#\/schema\/person\/image\/\",\"url\":\"https:\/\/secure.gravatar.com\/avatar\/b381626173a0b440e86662336f5d92704de1b8100a4cb5a34d6466804eb5c336?s=96&d=mm&r=g\",\"contentUrl\":\"https:\/\/secure.gravatar.com\/avatar\/b381626173a0b440e86662336f5d92704de1b8100a4cb5a34d6466804eb5c336?s=96&d=mm&r=g\",\"caption\":\"Estev\u00e3o Leite Cordeiro de Souza\"},\"url\":\"https:\/\/unifsa.com.br\/site\/author\/estevaocordeiro\/\"}]}<\/script>\n<!-- \/ Yoast SEO plugin. -->","yoast_head_json":{"title":"Alunos de Enfermagem do UNIFSA realizam a\u00e7\u00e3o de vacina\u00e7\u00e3o no pr\u00e9dio sede da IES - Centro Universit\u00e1rio Santo Agostinho - UNIFSA","robots":{"index":"index","follow":"follow","max-snippet":"max-snippet:-1","max-image-preview":"max-image-preview:large","max-video-preview":"max-video-preview:-1"},"canonical":"https:\/\/unifsa.com.br\/site\/alunos-de-enfermagem-do-unifsa-realizam-acao-de-vacinacao-no-predio-sede-da-ies\/","og_locale":"pt_BR","og_type":"article","og_title":"Alunos de Enfermagem do UNIFSA realizam a\u00e7\u00e3o de vacina\u00e7\u00e3o no pr\u00e9dio sede da IES - Centro Universit\u00e1rio Santo Agostinho - UNIFSA","og_description":"Os alunos de Enfermagem do, 8\u00ba per\u00edodo, Centro Universit\u00e1rio Santo Agostinho realizaram uma a\u00e7\u00e3o de vacina\u00e7\u00e3o contra a Influenza para os colaboradores da institui\u00e7\u00e3o, das 9h \u00e0s 16h, do dia 6 de junho. A a\u00e7\u00e3o foi promovida por meio da coordena\u00e7\u00e3o do curso de Enfermagem em parceria com a Funda\u00e7\u00e3o Municipal de Sa\u00fade(FMS) de Teresina","og_url":"https:\/\/unifsa.com.br\/site\/alunos-de-enfermagem-do-unifsa-realizam-acao-de-vacinacao-no-predio-sede-da-ies\/","og_site_name":"Centro Universit\u00e1rio Santo Agostinho - UNIFSA","article_publisher":"https:\/\/www.facebook.com\/unifsa\/","article_published_time":"2024-06-06T19:01:00+00:00","article_modified_time":"2024-06-07T14:28:27+00:00","og_image":[{"width":2560,"height":2228,"url":"https:\/\/unifsa.com.br\/site\/wp-content\/uploads\/2024\/06\/WhatsApp-Image-2024-06-07-at-10.27.39-scaled.jpeg","type":"image\/jpeg"}],"author":"Estev\u00e3o Leite Cordeiro de Souza","twitter_card":"summary_large_image","twitter_misc":{"Escrito por":"Estev\u00e3o Leite Cordeiro de Souza","Est. tempo de leitura":"1 minuto"},"schema":{"@context":"https:\/\/schema.org","@graph":[{"@type":"Article","@id":"https:\/\/unifsa.com.br\/site\/alunos-de-enfermagem-do-unifsa-realizam-acao-de-vacinacao-no-predio-sede-da-ies\/#article","isPartOf":{"@id":"https:\/\/unifsa.com.br\/site\/alunos-de-enfermagem-do-unifsa-realizam-acao-de-vacinacao-no-predio-sede-da-ies\/"},"author":{"name":"Estev\u00e3o Leite Cordeiro de Souza","@id":"https:\/\/unifsa.com.br\/site\/#\/schema\/person\/459d6944d25bd72102b031eb886c7cbf"},"headline":"Alunos de Enfermagem do UNIFSA realizam a\u00e7\u00e3o de vacina\u00e7\u00e3o no pr\u00e9dio sede da IES","datePublished":"2024-06-06T19:01:00+00:00","dateModified":"2024-06-07T14:28:27+00:00","mainEntityOfPage":{"@id":"https:\/\/unifsa.com.br\/site\/alunos-de-enfermagem-do-unifsa-realizam-acao-de-vacinacao-no-predio-sede-da-ies\/"},"wordCount":218,"publisher":{"@id":"https:\/\/unifsa.com.br\/site\/#organization"},"image":{"@id":"https:\/\/unifsa.com.br\/site\/alunos-de-enfermagem-do-unifsa-realizam-acao-de-vacinacao-no-predio-sede-da-ies\/#primaryimage"},"thumbnailUrl":"https:\/\/unifsa.com.br\/site\/wp-content\/uploads\/2024\/06\/WhatsApp-Image-2024-06-07-at-10.27.39-scaled.jpeg","articleSection":["Acontece na UNIFSA","Enfermagem"],"inLanguage":"pt-BR"},{"@type":"WebPage","@id":"https:\/\/unifsa.com.br\/site\/alunos-de-enfermagem-do-unifsa-realizam-acao-de-vacinacao-no-predio-sede-da-ies\/","url":"https:\/\/unifsa.com.br\/site\/alunos-de-enfermagem-do-unifsa-realizam-acao-de-vacinacao-no-predio-sede-da-ies\/","name":"Alunos de Enfermagem do UNIFSA realizam a\u00e7\u00e3o de vacina\u00e7\u00e3o no pr\u00e9dio sede da IES - Centro Universit\u00e1rio Santo Agostinho - UNIFSA","isPartOf":{"@id":"https:\/\/unifsa.com.br\/site\/#website"},"primaryImageOfPage":{"@id":"https:\/\/unifsa.com.br\/site\/alunos-de-enfermagem-do-unifsa-realizam-acao-de-vacinacao-no-predio-sede-da-ies\/#primaryimage"},"image":{"@id":"https:\/\/unifsa.com.br\/site\/alunos-de-enfermagem-do-unifsa-realizam-acao-de-vacinacao-no-predio-sede-da-ies\/#primaryimage"},"thumbnailUrl":"https:\/\/unifsa.com.br\/site\/wp-content\/uploads\/2024\/06\/WhatsApp-Image-2024-06-07-at-10.27.39-scaled.jpeg","datePublished":"2024-06-06T19:01:00+00:00","dateModified":"2024-06-07T14:28:27+00:00","breadcrumb":{"@id":"https:\/\/unifsa.com.br\/site\/alunos-de-enfermagem-do-unifsa-realizam-acao-de-vacinacao-no-predio-sede-da-ies\/#breadcrumb"},"inLanguage":"pt-BR","potentialAction":[{"@type":"ReadAction","target":["https:\/\/unifsa.com.br\/site\/alunos-de-enfermagem-do-unifsa-realizam-acao-de-vacinacao-no-predio-sede-da-ies\/"]}]},{"@type":"ImageObject","inLanguage":"pt-BR","@id":"https:\/\/unifsa.com.br\/site\/alunos-de-enfermagem-do-unifsa-realizam-acao-de-vacinacao-no-predio-sede-da-ies\/#primaryimage","url":"https:\/\/unifsa.com.br\/site\/wp-content\/uploads\/2024\/06\/WhatsApp-Image-2024-06-07-at-10.27.39-scaled.jpeg","contentUrl":"https:\/\/unifsa.com.br\/site\/wp-content\/uploads\/2024\/06\/WhatsApp-Image-2024-06-07-at-10.27.39-scaled.jpeg","width":2560,"height":2228},{"@type":"BreadcrumbList","@id":"https:\/\/unifsa.com.br\/site\/alunos-de-enfermagem-do-unifsa-realizam-acao-de-vacinacao-no-predio-sede-da-ies\/#breadcrumb","itemListElement":[{"@type":"ListItem","position":1,"name":"In\u00edcio","item":"https:\/\/unifsa.com.br\/site\/"},{"@type":"ListItem","position":2,"name":"Alunos de Enfermagem do UNIFSA realizam a\u00e7\u00e3o de vacina\u00e7\u00e3o no pr\u00e9dio sede da IES"}]},{"@type":"WebSite","@id":"https:\/\/unifsa.com.br\/site\/#website","url":"https:\/\/unifsa.com.br\/site\/","name":"Centro Universit\u00e1rio Santo Agostinho - UNIFSA","description":"Conhecimento para toda a vida","publisher":{"@id":"https:\/\/unifsa.com.br\/site\/#organization"},"potentialAction":[{"@type":"SearchAction","target":{"@type":"EntryPoint","urlTemplate":"https:\/\/unifsa.com.br\/site\/?s={search_term_string}"},"query-input":{"@type":"PropertyValueSpecification","valueRequired":true,"valueName":"search_term_string"}}],"inLanguage":"pt-BR"},{"@type":"Organization","@id":"https:\/\/unifsa.com.br\/site\/#organization","name":"Centro Universit\u00e1rio Santo Agostinho - UNIFSA","url":"https:\/\/unifsa.com.br\/site\/","logo":{"@type":"ImageObject","inLanguage":"pt-BR","@id":"https:\/\/unifsa.com.br\/site\/#\/schema\/logo\/image\/","url":"https:\/\/unifsa.com.br\/site\/wp-content\/uploads\/2023\/03\/MARCA-UNIFSA-CIC23-q2apjs1mt975cf1wl25b044coj90fwoiee1kya6800.png","contentUrl":"https:\/\/unifsa.com.br\/site\/wp-content\/uploads\/2023\/03\/MARCA-UNIFSA-CIC23-q2apjs1mt975cf1wl25b044coj90fwoiee1kya6800.png","width":103,"height":100,"caption":"Centro Universit\u00e1rio Santo Agostinho - UNIFSA"},"image":{"@id":"https:\/\/unifsa.com.br\/site\/#\/schema\/logo\/image\/"},"sameAs":["https:\/\/www.facebook.com\/unifsa\/","https:\/\/www.instagram.com\/unifsa\/"]},{"@type":"Person","@id":"https:\/\/unifsa.com.br\/site\/#\/schema\/person\/459d6944d25bd72102b031eb886c7cbf","name":"Estev\u00e3o Leite Cordeiro de Souza","image":{"@type":"ImageObject","inLanguage":"pt-BR","@id":"https:\/\/unifsa.com.br\/site\/#\/schema\/person\/image\/","url":"https:\/\/secure.gravatar.com\/avatar\/b381626173a0b440e86662336f5d92704de1b8100a4cb5a34d6466804eb5c336?s=96&d=mm&r=g","contentUrl":"https:\/\/secure.gravatar.com\/avatar\/b381626173a0b440e86662336f5d92704de1b8100a4cb5a34d6466804eb5c336?s=96&d=mm&r=g","caption":"Estev\u00e3o Leite Cordeiro de Souza"},"url":"https:\/\/unifsa.com.br\/site\/author\/estevaocordeiro\/"}]}},"_links":{"self":[{"href":"https:\/\/unifsa.com.br\/site\/wp-json\/wp\/v2\/posts\/31779","targetHints":{"allow":["GET"]}}],"collection":[{"href":"https:\/\/unifsa.com.br\/site\/wp-json\/wp\/v2\/posts"}],"about":[{"href":"https:\/\/unifsa.com.br\/site\/wp-json\/wp\/v2\/types\/post"}],"author":[{"embeddable":true,"href":"https:\/\/unifsa.com.br\/site\/wp-json\/wp\/v2\/users\/12"}],"replies":[{"embeddable":true,"href":"https:\/\/unifsa.com.br\/site\/wp-json\/wp\/v2\/comments?post=31779"}],"version-history":[{"count":3,"href":"https:\/\/unifsa.com.br\/site\/wp-json\/wp\/v2\/posts\/31779\/revisions"}],"predecessor-version":[{"id":31844,"href":"https:\/\/unifsa.com.br\/site\/wp-json\/wp\/v2\/posts\/31779\/revisions\/31844"}],"wp:featuredmedia":[{"embeddable":true,"href":"https:\/\/unifsa.com.br\/site\/wp-json\/wp\/v2\/media\/31843"}],"wp:attachment":[{"href":"https:\/\/unifsa.com.br\/site\/wp-json\/wp\/v2\/media?parent=31779"}],"wp:term":[{"taxonomy":"category","embeddable":true,"href":"https:\/\/unifsa.com.br\/site\/wp-json\/wp\/v2\/categories?post=31779"},{"taxonomy":"post_tag","embeddable":true,"href":"https:\/\/unifsa.com.br\/site\/wp-json\/wp\/v2\/tags?post=31779"}],"curies":[{"name":"wp","href":"https:\/\/api.w.org\/{rel}","templated":true}]}}