{"id":31470,"date":"2024-05-02T18:59:00","date_gmt":"2024-05-02T21:59:00","guid":{"rendered":"https:\/\/unifsa.com.br\/site\/?p=31470"},"modified":"2024-05-22T09:10:23","modified_gmt":"2024-05-22T12:10:23","slug":"participe-da-avaliacao-institucional-unifsa-ate-28-de-junho","status":"publish","type":"post","link":"https:\/\/unifsa.com.br\/site\/participe-da-avaliacao-institucional-unifsa-ate-28-de-junho\/","title":{"rendered":"Participe da avalia\u00e7\u00e3o institucional UNIFSA at\u00e9 28 de junho"},"content":{"rendered":"\n<p>Os alunos de todos os cursos da Centro Universit\u00e1rio Santo Agostinho participam, at\u00e9 o dia 28 de junho, do processo de avalia\u00e7\u00e3oinstitucional, coordenado pela CPA \u2013 Comiss\u00e3o Pr\u00f3pria de Avalia\u00e7\u00e3o.<\/p>\n\n\n\n<div class=\"wp-block-buttons is-content-justification-center is-layout-flex wp-container-core-buttons-is-layout-16018d1d wp-block-buttons-is-layout-flex\">\n<div class=\"wp-block-button\"><a class=\"wp-block-button__link has-white-color has-vivid-cyan-blue-background-color has-text-color has-background wp-element-button\" href=\"http:\/\/www2.unifsa.com.br\/academus2\/Home\/Index\/\">Os alunos devem preencher a avalia\u00e7\u00e3o no Academus Online<\/a><\/div>\n<\/div>\n\n\n\n<p>A avalia\u00e7\u00e3o segue os padr\u00f5es estabelecidos pelo Sistema Nacional de Avalia\u00e7\u00e3o da Educa\u00e7\u00e3o Superior (Sinaes), que analisa as institui\u00e7\u00f5es, os cursos e o desempenho dos estudantes. O processo de avalia\u00e7\u00e3o leva em considera\u00e7\u00e3o aspectos como ensino, pesquisa, extens\u00e3o, responsabilidade social, gest\u00e3o da institui\u00e7\u00e3o e corpo docente. A partir dessas informa\u00e7\u00f5es, a institui\u00e7\u00e3o poder\u00e1 identificar poss\u00edveis problemas e planejar solu\u00e7\u00f5es, a fim de estabelecer novas metas para sua atua\u00e7\u00e3o no ensino superior e para embasar novas pol\u00edticas educacionais.<\/p>\n\n\n\n<p>O Programa de Avalia\u00e7\u00e3o Institucional do UNIFSA \u00e9 um instrumento voltado para analisar seu desempenho junto \u00e0 comunidade acad\u00eamica e a sociedade teresinense cuja finalidade \u00e9 elevar a consci\u00eancia dos problemas, potencializar os sentidos dos resultados e projetar novas possibilidades de constru\u00e7\u00e3o para a emancipa\u00e7\u00e3o intelectual, pol\u00edtica e social a partir da sua auto-avalia\u00e7\u00e3o.<\/p>\n","protected":false},"excerpt":{"rendered":"<p>Os alunos de todos os cursos da Centro Universit\u00e1rio Santo Agostinho participam, at\u00e9 o dia 28 de junho, do processo de avalia\u00e7\u00e3oinstitucional, coordenado pela CPA \u2013 Comiss\u00e3o Pr\u00f3pria de Avalia\u00e7\u00e3o. A avalia\u00e7\u00e3o segue os padr\u00f5es estabelecidos pelo Sistema Nacional de Avalia\u00e7\u00e3o da Educa\u00e7\u00e3o Superior (Sinaes), que analisa as institui\u00e7\u00f5es, os cursos e o desempenho dos<\/p>\n","protected":false},"author":9,"featured_media":31473,"comment_status":"closed","ping_status":"open","sticky":false,"template":"","format":"standard","meta":{"_acf_changed":false,"footnotes":""},"categories":[6],"tags":[1223,1222],"class_list":["post-31470","post","type-post","status-publish","format-standard","has-post-thumbnail","hentry","category-acontece-na-unifsa","tag-cpa","tag-cpa-comissao-propria-de-avaliacao"],"acf":[],"yoast_head":"<!-- This site is optimized with the Yoast SEO plugin v26.5 - https:\/\/yoast.com\/wordpress\/plugins\/seo\/ -->\n<title>Participe da avalia\u00e7\u00e3o institucional UNIFSA at\u00e9 28 de junho - Centro Universit\u00e1rio Santo Agostinho - UNIFSA<\/title>\n<meta name=\"robots\" content=\"index, follow, max-snippet:-1, max-image-preview:large, max-video-preview:-1\" \/>\n<link rel=\"canonical\" href=\"https:\/\/unifsa.com.br\/site\/participe-da-avaliacao-institucional-unifsa-ate-28-de-junho\/\" \/>\n<meta property=\"og:locale\" content=\"pt_BR\" \/>\n<meta property=\"og:type\" content=\"article\" \/>\n<meta property=\"og:title\" content=\"Participe da avalia\u00e7\u00e3o institucional UNIFSA at\u00e9 28 de junho - Centro Universit\u00e1rio Santo Agostinho - UNIFSA\" \/>\n<meta property=\"og:description\" content=\"Os alunos de todos os cursos da Centro Universit\u00e1rio Santo Agostinho participam, at\u00e9 o dia 28 de junho, do processo de avalia\u00e7\u00e3oinstitucional, coordenado pela CPA \u2013 Comiss\u00e3o Pr\u00f3pria de Avalia\u00e7\u00e3o. A avalia\u00e7\u00e3o segue os padr\u00f5es estabelecidos pelo Sistema Nacional de Avalia\u00e7\u00e3o da Educa\u00e7\u00e3o Superior (Sinaes), que analisa as institui\u00e7\u00f5es, os cursos e o desempenho dos\" \/>\n<meta property=\"og:url\" content=\"https:\/\/unifsa.com.br\/site\/participe-da-avaliacao-institucional-unifsa-ate-28-de-junho\/\" \/>\n<meta property=\"og:site_name\" content=\"Centro Universit\u00e1rio Santo Agostinho - UNIFSA\" \/>\n<meta property=\"article:publisher\" content=\"https:\/\/www.facebook.com\/unifsa\/\" \/>\n<meta property=\"article:published_time\" content=\"2024-05-02T21:59:00+00:00\" \/>\n<meta property=\"article:modified_time\" content=\"2024-05-22T12:10:23+00:00\" \/>\n<meta property=\"og:image\" content=\"https:\/\/unifsa.com.br\/site\/wp-content\/uploads\/2024\/05\/AVALIACAO-docentes-2024-1920-x-805-px.jpg\" \/>\n\t<meta property=\"og:image:width\" content=\"1920\" \/>\n\t<meta property=\"og:image:height\" content=\"805\" \/>\n\t<meta property=\"og:image:type\" content=\"image\/jpeg\" \/>\n<meta name=\"author\" content=\"La\u00eds Maria Matos Barradas\" \/>\n<meta name=\"twitter:card\" content=\"summary_large_image\" \/>\n<meta name=\"twitter:label1\" content=\"Escrito por\" \/>\n\t<meta name=\"twitter:data1\" content=\"La\u00eds Maria Matos Barradas\" \/>\n\t<meta name=\"twitter:label2\" content=\"Est. tempo de leitura\" \/>\n\t<meta name=\"twitter:data2\" content=\"2 minutos\" \/>\n<script type=\"application\/ld+json\" class=\"yoast-schema-graph\">{\"@context\":\"https:\/\/schema.org\",\"@graph\":[{\"@type\":\"Article\",\"@id\":\"https:\/\/unifsa.com.br\/site\/participe-da-avaliacao-institucional-unifsa-ate-28-de-junho\/#article\",\"isPartOf\":{\"@id\":\"https:\/\/unifsa.com.br\/site\/participe-da-avaliacao-institucional-unifsa-ate-28-de-junho\/\"},\"author\":{\"name\":\"La\u00eds Maria Matos Barradas\",\"@id\":\"https:\/\/unifsa.com.br\/site\/#\/schema\/person\/415c79d344f0e698644c1d29997b4ea8\"},\"headline\":\"Participe da avalia\u00e7\u00e3o institucional UNIFSA at\u00e9 28 de junho\",\"datePublished\":\"2024-05-02T21:59:00+00:00\",\"dateModified\":\"2024-05-22T12:10:23+00:00\",\"mainEntityOfPage\":{\"@id\":\"https:\/\/unifsa.com.br\/site\/participe-da-avaliacao-institucional-unifsa-ate-28-de-junho\/\"},\"wordCount\":203,\"publisher\":{\"@id\":\"https:\/\/unifsa.com.br\/site\/#organization\"},\"image\":{\"@id\":\"https:\/\/unifsa.com.br\/site\/participe-da-avaliacao-institucional-unifsa-ate-28-de-junho\/#primaryimage\"},\"thumbnailUrl\":\"https:\/\/unifsa.com.br\/site\/wp-content\/uploads\/2024\/05\/AVALIACAO-docentes-2024-1920-x-805-px.jpg\",\"keywords\":[\"cpa\",\"cpa comiss\u00e3o pr\u00f3pria de avalia\u00e7\u00e3o\"],\"articleSection\":[\"Acontece na UNIFSA\"],\"inLanguage\":\"pt-BR\"},{\"@type\":\"WebPage\",\"@id\":\"https:\/\/unifsa.com.br\/site\/participe-da-avaliacao-institucional-unifsa-ate-28-de-junho\/\",\"url\":\"https:\/\/unifsa.com.br\/site\/participe-da-avaliacao-institucional-unifsa-ate-28-de-junho\/\",\"name\":\"Participe da avalia\u00e7\u00e3o institucional UNIFSA at\u00e9 28 de junho - Centro Universit\u00e1rio Santo Agostinho - UNIFSA\",\"isPartOf\":{\"@id\":\"https:\/\/unifsa.com.br\/site\/#website\"},\"primaryImageOfPage\":{\"@id\":\"https:\/\/unifsa.com.br\/site\/participe-da-avaliacao-institucional-unifsa-ate-28-de-junho\/#primaryimage\"},\"image\":{\"@id\":\"https:\/\/unifsa.com.br\/site\/participe-da-avaliacao-institucional-unifsa-ate-28-de-junho\/#primaryimage\"},\"thumbnailUrl\":\"https:\/\/unifsa.com.br\/site\/wp-content\/uploads\/2024\/05\/AVALIACAO-docentes-2024-1920-x-805-px.jpg\",\"datePublished\":\"2024-05-02T21:59:00+00:00\",\"dateModified\":\"2024-05-22T12:10:23+00:00\",\"breadcrumb\":{\"@id\":\"https:\/\/unifsa.com.br\/site\/participe-da-avaliacao-institucional-unifsa-ate-28-de-junho\/#breadcrumb\"},\"inLanguage\":\"pt-BR\",\"potentialAction\":[{\"@type\":\"ReadAction\",\"target\":[\"https:\/\/unifsa.com.br\/site\/participe-da-avaliacao-institucional-unifsa-ate-28-de-junho\/\"]}]},{\"@type\":\"ImageObject\",\"inLanguage\":\"pt-BR\",\"@id\":\"https:\/\/unifsa.com.br\/site\/participe-da-avaliacao-institucional-unifsa-ate-28-de-junho\/#primaryimage\",\"url\":\"https:\/\/unifsa.com.br\/site\/wp-content\/uploads\/2024\/05\/AVALIACAO-docentes-2024-1920-x-805-px.jpg\",\"contentUrl\":\"https:\/\/unifsa.com.br\/site\/wp-content\/uploads\/2024\/05\/AVALIACAO-docentes-2024-1920-x-805-px.jpg\",\"width\":1920,\"height\":805},{\"@type\":\"BreadcrumbList\",\"@id\":\"https:\/\/unifsa.com.br\/site\/participe-da-avaliacao-institucional-unifsa-ate-28-de-junho\/#breadcrumb\",\"itemListElement\":[{\"@type\":\"ListItem\",\"position\":1,\"name\":\"In\u00edcio\",\"item\":\"https:\/\/unifsa.com.br\/site\/\"},{\"@type\":\"ListItem\",\"position\":2,\"name\":\"Participe da avalia\u00e7\u00e3o institucional UNIFSA at\u00e9 28 de junho\"}]},{\"@type\":\"WebSite\",\"@id\":\"https:\/\/unifsa.com.br\/site\/#website\",\"url\":\"https:\/\/unifsa.com.br\/site\/\",\"name\":\"Centro Universit\u00e1rio Santo Agostinho - UNIFSA\",\"description\":\"Conhecimento para toda a vida\",\"publisher\":{\"@id\":\"https:\/\/unifsa.com.br\/site\/#organization\"},\"potentialAction\":[{\"@type\":\"SearchAction\",\"target\":{\"@type\":\"EntryPoint\",\"urlTemplate\":\"https:\/\/unifsa.com.br\/site\/?s={search_term_string}\"},\"query-input\":{\"@type\":\"PropertyValueSpecification\",\"valueRequired\":true,\"valueName\":\"search_term_string\"}}],\"inLanguage\":\"pt-BR\"},{\"@type\":\"Organization\",\"@id\":\"https:\/\/unifsa.com.br\/site\/#organization\",\"name\":\"Centro Universit\u00e1rio Santo Agostinho - UNIFSA\",\"url\":\"https:\/\/unifsa.com.br\/site\/\",\"logo\":{\"@type\":\"ImageObject\",\"inLanguage\":\"pt-BR\",\"@id\":\"https:\/\/unifsa.com.br\/site\/#\/schema\/logo\/image\/\",\"url\":\"https:\/\/unifsa.com.br\/site\/wp-content\/uploads\/2023\/03\/MARCA-UNIFSA-CIC23-q2apjs1mt975cf1wl25b044coj90fwoiee1kya6800.png\",\"contentUrl\":\"https:\/\/unifsa.com.br\/site\/wp-content\/uploads\/2023\/03\/MARCA-UNIFSA-CIC23-q2apjs1mt975cf1wl25b044coj90fwoiee1kya6800.png\",\"width\":103,\"height\":100,\"caption\":\"Centro Universit\u00e1rio Santo Agostinho - UNIFSA\"},\"image\":{\"@id\":\"https:\/\/unifsa.com.br\/site\/#\/schema\/logo\/image\/\"},\"sameAs\":[\"https:\/\/www.facebook.com\/unifsa\/\",\"https:\/\/www.instagram.com\/unifsa\/\"]},{\"@type\":\"Person\",\"@id\":\"https:\/\/unifsa.com.br\/site\/#\/schema\/person\/415c79d344f0e698644c1d29997b4ea8\",\"name\":\"La\u00eds Maria Matos Barradas\",\"image\":{\"@type\":\"ImageObject\",\"inLanguage\":\"pt-BR\",\"@id\":\"https:\/\/unifsa.com.br\/site\/#\/schema\/person\/image\/\",\"url\":\"https:\/\/secure.gravatar.com\/avatar\/da15e6cd8e1aa267693a3720f1118763e970b03de2d998ee874f68b1f91042b8?s=96&d=mm&r=g\",\"contentUrl\":\"https:\/\/secure.gravatar.com\/avatar\/da15e6cd8e1aa267693a3720f1118763e970b03de2d998ee874f68b1f91042b8?s=96&d=mm&r=g\",\"caption\":\"La\u00eds Maria Matos Barradas\"},\"url\":\"https:\/\/unifsa.com.br\/site\/author\/laismbarradas\/\"}]}<\/script>\n<!-- \/ Yoast SEO plugin. -->","yoast_head_json":{"title":"Participe da avalia\u00e7\u00e3o institucional UNIFSA at\u00e9 28 de junho - Centro Universit\u00e1rio Santo Agostinho - UNIFSA","robots":{"index":"index","follow":"follow","max-snippet":"max-snippet:-1","max-image-preview":"max-image-preview:large","max-video-preview":"max-video-preview:-1"},"canonical":"https:\/\/unifsa.com.br\/site\/participe-da-avaliacao-institucional-unifsa-ate-28-de-junho\/","og_locale":"pt_BR","og_type":"article","og_title":"Participe da avalia\u00e7\u00e3o institucional UNIFSA at\u00e9 28 de junho - Centro Universit\u00e1rio Santo Agostinho - UNIFSA","og_description":"Os alunos de todos os cursos da Centro Universit\u00e1rio Santo Agostinho participam, at\u00e9 o dia 28 de junho, do processo de avalia\u00e7\u00e3oinstitucional, coordenado pela CPA \u2013 Comiss\u00e3o Pr\u00f3pria de Avalia\u00e7\u00e3o. A avalia\u00e7\u00e3o segue os padr\u00f5es estabelecidos pelo Sistema Nacional de Avalia\u00e7\u00e3o da Educa\u00e7\u00e3o Superior (Sinaes), que analisa as institui\u00e7\u00f5es, os cursos e o desempenho dos","og_url":"https:\/\/unifsa.com.br\/site\/participe-da-avaliacao-institucional-unifsa-ate-28-de-junho\/","og_site_name":"Centro Universit\u00e1rio Santo Agostinho - UNIFSA","article_publisher":"https:\/\/www.facebook.com\/unifsa\/","article_published_time":"2024-05-02T21:59:00+00:00","article_modified_time":"2024-05-22T12:10:23+00:00","og_image":[{"width":1920,"height":805,"url":"https:\/\/unifsa.com.br\/site\/wp-content\/uploads\/2024\/05\/AVALIACAO-docentes-2024-1920-x-805-px.jpg","type":"image\/jpeg"}],"author":"La\u00eds Maria Matos Barradas","twitter_card":"summary_large_image","twitter_misc":{"Escrito por":"La\u00eds Maria Matos Barradas","Est. tempo de leitura":"2 minutos"},"schema":{"@context":"https:\/\/schema.org","@graph":[{"@type":"Article","@id":"https:\/\/unifsa.com.br\/site\/participe-da-avaliacao-institucional-unifsa-ate-28-de-junho\/#article","isPartOf":{"@id":"https:\/\/unifsa.com.br\/site\/participe-da-avaliacao-institucional-unifsa-ate-28-de-junho\/"},"author":{"name":"La\u00eds Maria Matos Barradas","@id":"https:\/\/unifsa.com.br\/site\/#\/schema\/person\/415c79d344f0e698644c1d29997b4ea8"},"headline":"Participe da avalia\u00e7\u00e3o institucional UNIFSA at\u00e9 28 de junho","datePublished":"2024-05-02T21:59:00+00:00","dateModified":"2024-05-22T12:10:23+00:00","mainEntityOfPage":{"@id":"https:\/\/unifsa.com.br\/site\/participe-da-avaliacao-institucional-unifsa-ate-28-de-junho\/"},"wordCount":203,"publisher":{"@id":"https:\/\/unifsa.com.br\/site\/#organization"},"image":{"@id":"https:\/\/unifsa.com.br\/site\/participe-da-avaliacao-institucional-unifsa-ate-28-de-junho\/#primaryimage"},"thumbnailUrl":"https:\/\/unifsa.com.br\/site\/wp-content\/uploads\/2024\/05\/AVALIACAO-docentes-2024-1920-x-805-px.jpg","keywords":["cpa","cpa comiss\u00e3o pr\u00f3pria de avalia\u00e7\u00e3o"],"articleSection":["Acontece na UNIFSA"],"inLanguage":"pt-BR"},{"@type":"WebPage","@id":"https:\/\/unifsa.com.br\/site\/participe-da-avaliacao-institucional-unifsa-ate-28-de-junho\/","url":"https:\/\/unifsa.com.br\/site\/participe-da-avaliacao-institucional-unifsa-ate-28-de-junho\/","name":"Participe da avalia\u00e7\u00e3o institucional UNIFSA at\u00e9 28 de junho - Centro Universit\u00e1rio Santo Agostinho - UNIFSA","isPartOf":{"@id":"https:\/\/unifsa.com.br\/site\/#website"},"primaryImageOfPage":{"@id":"https:\/\/unifsa.com.br\/site\/participe-da-avaliacao-institucional-unifsa-ate-28-de-junho\/#primaryimage"},"image":{"@id":"https:\/\/unifsa.com.br\/site\/participe-da-avaliacao-institucional-unifsa-ate-28-de-junho\/#primaryimage"},"thumbnailUrl":"https:\/\/unifsa.com.br\/site\/wp-content\/uploads\/2024\/05\/AVALIACAO-docentes-2024-1920-x-805-px.jpg","datePublished":"2024-05-02T21:59:00+00:00","dateModified":"2024-05-22T12:10:23+00:00","breadcrumb":{"@id":"https:\/\/unifsa.com.br\/site\/participe-da-avaliacao-institucional-unifsa-ate-28-de-junho\/#breadcrumb"},"inLanguage":"pt-BR","potentialAction":[{"@type":"ReadAction","target":["https:\/\/unifsa.com.br\/site\/participe-da-avaliacao-institucional-unifsa-ate-28-de-junho\/"]}]},{"@type":"ImageObject","inLanguage":"pt-BR","@id":"https:\/\/unifsa.com.br\/site\/participe-da-avaliacao-institucional-unifsa-ate-28-de-junho\/#primaryimage","url":"https:\/\/unifsa.com.br\/site\/wp-content\/uploads\/2024\/05\/AVALIACAO-docentes-2024-1920-x-805-px.jpg","contentUrl":"https:\/\/unifsa.com.br\/site\/wp-content\/uploads\/2024\/05\/AVALIACAO-docentes-2024-1920-x-805-px.jpg","width":1920,"height":805},{"@type":"BreadcrumbList","@id":"https:\/\/unifsa.com.br\/site\/participe-da-avaliacao-institucional-unifsa-ate-28-de-junho\/#breadcrumb","itemListElement":[{"@type":"ListItem","position":1,"name":"In\u00edcio","item":"https:\/\/unifsa.com.br\/site\/"},{"@type":"ListItem","position":2,"name":"Participe da avalia\u00e7\u00e3o institucional UNIFSA at\u00e9 28 de junho"}]},{"@type":"WebSite","@id":"https:\/\/unifsa.com.br\/site\/#website","url":"https:\/\/unifsa.com.br\/site\/","name":"Centro Universit\u00e1rio Santo Agostinho - UNIFSA","description":"Conhecimento para toda a vida","publisher":{"@id":"https:\/\/unifsa.com.br\/site\/#organization"},"potentialAction":[{"@type":"SearchAction","target":{"@type":"EntryPoint","urlTemplate":"https:\/\/unifsa.com.br\/site\/?s={search_term_string}"},"query-input":{"@type":"PropertyValueSpecification","valueRequired":true,"valueName":"search_term_string"}}],"inLanguage":"pt-BR"},{"@type":"Organization","@id":"https:\/\/unifsa.com.br\/site\/#organization","name":"Centro Universit\u00e1rio Santo Agostinho - UNIFSA","url":"https:\/\/unifsa.com.br\/site\/","logo":{"@type":"ImageObject","inLanguage":"pt-BR","@id":"https:\/\/unifsa.com.br\/site\/#\/schema\/logo\/image\/","url":"https:\/\/unifsa.com.br\/site\/wp-content\/uploads\/2023\/03\/MARCA-UNIFSA-CIC23-q2apjs1mt975cf1wl25b044coj90fwoiee1kya6800.png","contentUrl":"https:\/\/unifsa.com.br\/site\/wp-content\/uploads\/2023\/03\/MARCA-UNIFSA-CIC23-q2apjs1mt975cf1wl25b044coj90fwoiee1kya6800.png","width":103,"height":100,"caption":"Centro Universit\u00e1rio Santo Agostinho - UNIFSA"},"image":{"@id":"https:\/\/unifsa.com.br\/site\/#\/schema\/logo\/image\/"},"sameAs":["https:\/\/www.facebook.com\/unifsa\/","https:\/\/www.instagram.com\/unifsa\/"]},{"@type":"Person","@id":"https:\/\/unifsa.com.br\/site\/#\/schema\/person\/415c79d344f0e698644c1d29997b4ea8","name":"La\u00eds Maria Matos Barradas","image":{"@type":"ImageObject","inLanguage":"pt-BR","@id":"https:\/\/unifsa.com.br\/site\/#\/schema\/person\/image\/","url":"https:\/\/secure.gravatar.com\/avatar\/da15e6cd8e1aa267693a3720f1118763e970b03de2d998ee874f68b1f91042b8?s=96&d=mm&r=g","contentUrl":"https:\/\/secure.gravatar.com\/avatar\/da15e6cd8e1aa267693a3720f1118763e970b03de2d998ee874f68b1f91042b8?s=96&d=mm&r=g","caption":"La\u00eds Maria Matos Barradas"},"url":"https:\/\/unifsa.com.br\/site\/author\/laismbarradas\/"}]}},"_links":{"self":[{"href":"https:\/\/unifsa.com.br\/site\/wp-json\/wp\/v2\/posts\/31470","targetHints":{"allow":["GET"]}}],"collection":[{"href":"https:\/\/unifsa.com.br\/site\/wp-json\/wp\/v2\/posts"}],"about":[{"href":"https:\/\/unifsa.com.br\/site\/wp-json\/wp\/v2\/types\/post"}],"author":[{"embeddable":true,"href":"https:\/\/unifsa.com.br\/site\/wp-json\/wp\/v2\/users\/9"}],"replies":[{"embeddable":true,"href":"https:\/\/unifsa.com.br\/site\/wp-json\/wp\/v2\/comments?post=31470"}],"version-history":[{"count":2,"href":"https:\/\/unifsa.com.br\/site\/wp-json\/wp\/v2\/posts\/31470\/revisions"}],"predecessor-version":[{"id":31476,"href":"https:\/\/unifsa.com.br\/site\/wp-json\/wp\/v2\/posts\/31470\/revisions\/31476"}],"wp:featuredmedia":[{"embeddable":true,"href":"https:\/\/unifsa.com.br\/site\/wp-json\/wp\/v2\/media\/31473"}],"wp:attachment":[{"href":"https:\/\/unifsa.com.br\/site\/wp-json\/wp\/v2\/media?parent=31470"}],"wp:term":[{"taxonomy":"category","embeddable":true,"href":"https:\/\/unifsa.com.br\/site\/wp-json\/wp\/v2\/categories?post=31470"},{"taxonomy":"post_tag","embeddable":true,"href":"https:\/\/unifsa.com.br\/site\/wp-json\/wp\/v2\/tags?post=31470"}],"curies":[{"name":"wp","href":"https:\/\/api.w.org\/{rel}","templated":true}]}}