{"id":30497,"date":"2024-04-20T13:17:38","date_gmt":"2024-04-20T16:17:38","guid":{"rendered":"https:\/\/unifsa.com.br\/site\/?p=30497"},"modified":"2024-04-20T13:43:48","modified_gmt":"2024-04-20T16:43:48","slug":"xvi-semana-do-meio-ambiente-do-unifsa-inscricoes-abertas","status":"publish","type":"post","link":"https:\/\/unifsa.com.br\/site\/xvi-semana-do-meio-ambiente-do-unifsa-inscricoes-abertas\/","title":{"rendered":"XVI Semana do Meio Ambiente do UNIFSA: inscri\u00e7\u00f5es abertas"},"content":{"rendered":"\n<p class=\"texto-justificado\">O Centro Universit\u00e1rio Santo Agostinho, por meio do N\u00facleo de Apoio Pedag\u00f3gico, abre inscri\u00e7\u00f5es para a <strong>XVI Semana do Meio Ambiente<\/strong>, que acontecer\u00e1 de 27 a 29 de maio, com o <strong>tema Desenvolvimento Sustent\u00e1vel: Inova\u00e7\u00f5es Ambientais, Efici\u00eancia Energ\u00e9tica e Pr\u00e1ticas Eco-friendly.<\/strong> O evento, que ter\u00e1 certifica\u00e7\u00e3o de 30h, ser\u00e1 voltado para a comunidade UNIFSA, cuja entrada custar\u00e1 1kg de arroz (a ser entregue no credenciamento do evento).<\/p>\n\n\n\n<div class=\"wp-block-buttons is-content-justification-center is-layout-flex wp-container-core-buttons-is-layout-16018d1d wp-block-buttons-is-layout-flex\">\n<div class=\"wp-block-button\"><a class=\"wp-block-button__link has-white-color has-vivid-cyan-blue-background-color has-text-color has-background has-link-color wp-element-button\" href=\"https:\/\/www.sympla.com.br\/evento\/xvi-semana-do-meio-ambiente-do-unifsa\/2432499?_gl=1*17tjknf*_ga*MTI1OTY2OTMyNi4xNzEyODgyNzY3*_ga_KXH10SQTZF*MTcxMzYyOTI3Ni4yMC4xLjE3MTM2Mjk3OTkuMjEuMC4xMTg5NzY5MDgy\">Inscreva-se<\/a><\/div>\n<\/div>\n\n\n\n<p class=\"texto-justificado\">A Semana do Meio Ambiente tem o objetivo de despertar a reflex\u00e3o acerca do equil\u00edbrio entre o crescimento econ\u00f4mico, a prote\u00e7\u00e3o ambiental e o bem-estar social, al\u00e9m de promover a conscientiza\u00e7\u00e3o sobre quest\u00f5es ambientais, incentivar o desenvolvimento e ado\u00e7\u00e3o de tecnologias sustent\u00e1veis. <\/p>\n\n\n\n<blockquote class=\"wp-block-quote texto-justificado is-layout-flow wp-block-quote-is-layout-flow\">\n<p class=\"texto-justificado\">A XVI SEMANA DO MEIO AMBIENTE DO UNIFSA busca desenvolver a consci\u00eancia e a sensibiliza\u00e7\u00e3o ambiental para o desenvolvimento de atitudes e condutas que favore\u00e7am o exerc\u00edcio da cidadania, a preserva\u00e7\u00e3o do ambiente e a promo\u00e7\u00e3o da sa\u00fade e do bem-estar, com o intuito de contribuir no processo de educa\u00e7\u00e3o ambiental e conscientiza\u00e7\u00e3o voltada para a compreens\u00e3o integrada do meio ambiente em suas m\u00faltiplas e complexas rela\u00e7\u00f5es, como meta comum compromisso social em prol da vida e de uma a\u00e7\u00e3o sempre mais integral, comprometida e sustent\u00e1vel.<\/p>\n<cite>Profa. Esp. Roberta Mara Ara\u00fajo Oliveira e Silva, coordenadora de Monitoria e Extens\u00e3o do UNIFSA<\/cite><\/blockquote>\n\n\n\n<h2 class=\"wp-block-heading has-vivid-cyan-blue-color has-text-color has-link-color wp-elements-d6cdfbcfdbeca148fd6b8ca02afd45c5\">Confira a programa\u00e7\u00e3o completa:<\/h2>\n\n\n\n<figure class=\"wp-block-table\"><table><tbody><tr><td>DATA<\/td><td>HOR\u00c1RIO<\/td><td>ATIVIDADE<\/td><td>MINISTRANTE<\/td><td>LOCAL<\/td><\/tr><tr><td>27\/5<\/td><td>9h<\/td><td>Abertura <\/td><td>Profa. Ma. Antonieta Lira e Silva (Reitora)<br>Profa. Ma. Indira Maria de Melo Lira Pereira da Silva (Pr\u00f3-Reitoria Administrativo-Financeira)<br>Prof. Dr. Edj\u00f4fre Coelho de Oliveira (Diretor de Ensino)<\/td><td>Audit\u00f3rio Manoel Cipriano Lira \u2013 sede<\/td><\/tr><tr><td>27\/5<\/td><td>10h<\/td><td>Palestra de abertura: Plano de Arboriza\u00e7\u00e3o para Teresina<\/td><td>Anderson Costa (Secretaria Municipal do Meio Ambiente e Recursos H\u00eddricos &#8211; SEMAM)<\/td><td>Audit\u00f3rio Manoel Cipriano Lira \u2013 sede<\/td><\/tr><tr><td>27\/5<\/td><td>15h<\/td><td>Ecologia e Economia: os ECOs da Sustentabilidade<\/td><td>Francisco Honeidy Carvalho Azevedo<\/td><td>Audit\u00f3rio Manoel Cipriano Lira \u2013 sede<\/td><\/tr><tr><td>27\/5<\/td><td>18h30<\/td><td>Contabilidade Ambiental: Avaliando o Impacto das Atividades<br>Empresariais no Ecossistema<\/td><td>Prof. Me. David Stanhy de Carvalho Silva (UESPI)<\/td><td>Audit\u00f3rio Manoel Cipriano Lira \u2013 sede<\/td><\/tr><tr><td>28\/5<\/td><td>8h<\/td><td>Conectando a Biodiversidade ao Balc\u00e3o da Farm\u00e1cia: Estrat\u00e9gias<br>Sustent\u00e1veis para a Ind\u00fastria Farmac\u00eautica<\/td><td>Lyghia Meirelles<\/td><td>Sala de Confer\u00eancia \u2013 Anexo II<\/td><\/tr><tr><td>28\/5<\/td><td>10h<\/td><td>O Papel do M\u00e9dico Veterin\u00e1rio na Mitiga\u00e7\u00e3o da Crise Clim\u00e1tica e<br>Promo\u00e7\u00e3o da Sa\u00fade \u00danica<\/td><td>Fernando Luiz Lima de Oliveira<\/td><td>Sala de Confer\u00eancia \u2013 Anexo II<\/td><\/tr><tr><td>28\/5<\/td><td>9h \u00e0s 12h<\/td><td>Conectando Sa\u00fade e Meio Ambiente: Abordagens Inovadoras<br>na preven\u00e7\u00e3o de Patologias Ambientais. Apresenta\u00e7\u00e3o Oral de Trabalhos<br>de Fisioterapia<\/td><td>Luciane Marta Neiva<\/td><td>Sala de Confer\u00eancia \u2013 Sede)<\/td><\/tr><tr><td>28\/5<\/td><td>9h \u00e0s 12h<\/td><td>Exposi\u00e7\u00e3o: Estrat\u00e9gias legais e de mercado para poss\u00edveis<br>substitui\u00e7\u00f5es de produtos de higiene com alta toxicidade por produtos<br>naturais, org\u00e2nicos e veganos, uma abordagem multidisciplinar.<\/td><td>Brenda Sampaio<\/td><td>Sala de Inova\u00e7\u00e3o \u2013 Sede<\/td><\/tr><tr><td>28\/5<\/td><td>15h30<\/td><td>Alimenta\u00e7\u00e3o Sustent\u00e1vel: Conservando o Planeta para o Futuro<\/td><td>Ma. Vanessa Brito Lira de Carvalho<\/td><td>Sala de Confer\u00eancia \u2013 Anexo II<\/td><\/tr><tr><td>28\/5<\/td><td>18h30<\/td><td>Prote\u00e7\u00e3o Ambiental e Justi\u00e7a: Desafios Legais e<br>Responsabilidade Socia<\/td><td>Werton Costa (Diretor de Preven\u00e7\u00e3o e Mitiga\u00e7\u00e3o da Defesa Civil do Estado do Maranh\u00e3o)<\/td><td>Sala de Confer\u00eancia \u2013 Anexo II<\/td><\/tr><tr><td>28\/5<\/td><td>20h<\/td><td>Interfaces entre Quest\u00e3o Ambiental e Engenharias: Desafios e<br>Solu\u00e7\u00f5es para a Conserva\u00e7\u00e3o de Ambientes Naturais.<\/td><td>Prof. Me.Yuri Cl\u00e1udio Cordeiro de Lima<\/td><td>Sala de Confer\u00eancia \u2013 Anexo II<\/td><\/tr><tr><td>29\/5<\/td><td>8h<\/td><td>Fisioterapia nos parques, bioparques e pra\u00e7as: o futuro \u00e9 sustent\u00e1vel,<br>coletivo e acontecer\u00e1 ao ar livre.<\/td><td>Danyel Castelo Branco<\/td><td>Sala de Confer\u00eancia \u2013 Anexo II<\/td><\/tr><tr><td>29\/5<\/td><td>10h<\/td><td>Biotecnologia e Est\u00e9tica Regenerativa: Perspectivas e Aplica\u00e7\u00f5es<br>para o Futuro<\/td><td>D\u00e9bora de F\u00e1tima Mendon\u00e7a Santos<\/td><td>Sala de Confer\u00eancia \u2013 Anexo II<\/td><\/tr><tr><td>29\/5<\/td><td>10h<\/td><td>Conex\u00f5es entre sa\u00fade mental e meio ambiente: a Psicologia na<br>promo\u00e7\u00e3o da sustentabilidade<\/td><td>Ma. Graciane Rodrigues Rocha<\/td><td>Audit\u00f3rio Anexo II<\/td><\/tr><tr><td>29\/5<\/td><td>13h30<\/td><td>De presente o agora, semeando o futuro!<\/td><td>Thays Paiva de Almendra Freitas Pires<\/td><td>Sala de Confer\u00eancia \u2013 Anexo II<\/td><\/tr><tr><td>29\/5<\/td><td>18h30<\/td><td>Gest\u00e3o sustent\u00e1vel de res\u00edduos urbanos: desafios e solu\u00e7\u00f5es<\/td><td>Pedro Vaz de Carvalho Neto<\/td><td>Sala de Confer\u00eancia Sede<\/td><\/tr><\/tbody><\/table><\/figure>\n","protected":false},"excerpt":{"rendered":"<p>O Centro Universit\u00e1rio Santo Agostinho, por meio do N\u00facleo de Apoio Pedag\u00f3gico, abre inscri\u00e7\u00f5es para a XVI Semana do Meio Ambiente, que acontecer\u00e1 de 27 a 29 de maio, com o tema Desenvolvimento Sustent\u00e1vel: Inova\u00e7\u00f5es Ambientais, Efici\u00eancia Energ\u00e9tica e Pr\u00e1ticas Eco-friendly. O evento, que ter\u00e1 certifica\u00e7\u00e3o de 30h, ser\u00e1 voltado para a comunidade UNIFSA, cuja<\/p>\n","protected":false},"author":11,"featured_media":30508,"comment_status":"closed","ping_status":"open","sticky":false,"template":"","format":"standard","meta":{"_acf_changed":false,"footnotes":""},"categories":[6,385],"tags":[1725,1724,801],"class_list":["post-30497","post","type-post","status-publish","format-standard","has-post-thumbnail","hentry","category-acontece-na-unifsa","category-nuape","tag-eco-friendly","tag-responsabilidade-ambiental","tag-semana-do-meio-ambiente"],"acf":[],"yoast_head":"<!-- This site is optimized with the Yoast SEO plugin v26.5 - https:\/\/yoast.com\/wordpress\/plugins\/seo\/ -->\n<title>XVI Semana do Meio Ambiente do UNIFSA: inscri\u00e7\u00f5es abertas - Centro Universit\u00e1rio Santo Agostinho - UNIFSA<\/title>\n<meta name=\"robots\" content=\"index, follow, max-snippet:-1, max-image-preview:large, max-video-preview:-1\" \/>\n<link rel=\"canonical\" href=\"https:\/\/unifsa.com.br\/site\/xvi-semana-do-meio-ambiente-do-unifsa-inscricoes-abertas\/\" \/>\n<meta property=\"og:locale\" content=\"pt_BR\" \/>\n<meta property=\"og:type\" content=\"article\" \/>\n<meta property=\"og:title\" content=\"XVI Semana do Meio Ambiente do UNIFSA: inscri\u00e7\u00f5es abertas - Centro Universit\u00e1rio Santo Agostinho - UNIFSA\" \/>\n<meta property=\"og:description\" content=\"O Centro Universit\u00e1rio Santo Agostinho, por meio do N\u00facleo de Apoio Pedag\u00f3gico, abre inscri\u00e7\u00f5es para a XVI Semana do Meio Ambiente, que acontecer\u00e1 de 27 a 29 de maio, com o tema Desenvolvimento Sustent\u00e1vel: Inova\u00e7\u00f5es Ambientais, Efici\u00eancia Energ\u00e9tica e Pr\u00e1ticas Eco-friendly. O evento, que ter\u00e1 certifica\u00e7\u00e3o de 30h, ser\u00e1 voltado para a comunidade UNIFSA, cuja\" \/>\n<meta property=\"og:url\" content=\"https:\/\/unifsa.com.br\/site\/xvi-semana-do-meio-ambiente-do-unifsa-inscricoes-abertas\/\" \/>\n<meta property=\"og:site_name\" content=\"Centro Universit\u00e1rio Santo Agostinho - UNIFSA\" \/>\n<meta property=\"article:publisher\" content=\"https:\/\/www.facebook.com\/unifsa\/\" \/>\n<meta property=\"article:published_time\" content=\"2024-04-20T16:17:38+00:00\" \/>\n<meta property=\"article:modified_time\" content=\"2024-04-20T16:43:48+00:00\" \/>\n<meta property=\"og:image\" content=\"https:\/\/unifsa.com.br\/site\/wp-content\/uploads\/2024\/04\/meio-ambiente-1920-x-805-px-3.jpg\" \/>\n\t<meta property=\"og:image:width\" content=\"1920\" \/>\n\t<meta property=\"og:image:height\" content=\"805\" \/>\n\t<meta property=\"og:image:type\" content=\"image\/jpeg\" \/>\n<meta name=\"author\" content=\"Oceannyra Kelly da Cruz Silva\" \/>\n<meta name=\"twitter:card\" content=\"summary_large_image\" \/>\n<meta name=\"twitter:label1\" content=\"Escrito por\" \/>\n\t<meta name=\"twitter:data1\" content=\"Oceannyra Kelly da Cruz Silva\" \/>\n\t<meta name=\"twitter:label2\" content=\"Est. tempo de leitura\" \/>\n\t<meta name=\"twitter:data2\" content=\"4 minutos\" \/>\n<script type=\"application\/ld+json\" class=\"yoast-schema-graph\">{\"@context\":\"https:\/\/schema.org\",\"@graph\":[{\"@type\":\"Article\",\"@id\":\"https:\/\/unifsa.com.br\/site\/xvi-semana-do-meio-ambiente-do-unifsa-inscricoes-abertas\/#article\",\"isPartOf\":{\"@id\":\"https:\/\/unifsa.com.br\/site\/xvi-semana-do-meio-ambiente-do-unifsa-inscricoes-abertas\/\"},\"author\":{\"name\":\"Oceannyra Kelly da Cruz Silva\",\"@id\":\"https:\/\/unifsa.com.br\/site\/#\/schema\/person\/a4cec94bbc6ddf98f579162824de9bf2\"},\"headline\":\"XVI Semana do Meio Ambiente do UNIFSA: inscri\u00e7\u00f5es abertas\",\"datePublished\":\"2024-04-20T16:17:38+00:00\",\"dateModified\":\"2024-04-20T16:43:48+00:00\",\"mainEntityOfPage\":{\"@id\":\"https:\/\/unifsa.com.br\/site\/xvi-semana-do-meio-ambiente-do-unifsa-inscricoes-abertas\/\"},\"wordCount\":710,\"publisher\":{\"@id\":\"https:\/\/unifsa.com.br\/site\/#organization\"},\"image\":{\"@id\":\"https:\/\/unifsa.com.br\/site\/xvi-semana-do-meio-ambiente-do-unifsa-inscricoes-abertas\/#primaryimage\"},\"thumbnailUrl\":\"https:\/\/unifsa.com.br\/site\/wp-content\/uploads\/2024\/04\/meio-ambiente-1920-x-805-px-3.jpg\",\"keywords\":[\"Eco-friendly\",\"Responsabilidade Ambiental\",\"Semana do Meio Ambiente\"],\"articleSection\":[\"Acontece na UNIFSA\",\"NUAPE\"],\"inLanguage\":\"pt-BR\"},{\"@type\":\"WebPage\",\"@id\":\"https:\/\/unifsa.com.br\/site\/xvi-semana-do-meio-ambiente-do-unifsa-inscricoes-abertas\/\",\"url\":\"https:\/\/unifsa.com.br\/site\/xvi-semana-do-meio-ambiente-do-unifsa-inscricoes-abertas\/\",\"name\":\"XVI Semana do Meio Ambiente do UNIFSA: inscri\u00e7\u00f5es abertas - Centro Universit\u00e1rio Santo Agostinho - UNIFSA\",\"isPartOf\":{\"@id\":\"https:\/\/unifsa.com.br\/site\/#website\"},\"primaryImageOfPage\":{\"@id\":\"https:\/\/unifsa.com.br\/site\/xvi-semana-do-meio-ambiente-do-unifsa-inscricoes-abertas\/#primaryimage\"},\"image\":{\"@id\":\"https:\/\/unifsa.com.br\/site\/xvi-semana-do-meio-ambiente-do-unifsa-inscricoes-abertas\/#primaryimage\"},\"thumbnailUrl\":\"https:\/\/unifsa.com.br\/site\/wp-content\/uploads\/2024\/04\/meio-ambiente-1920-x-805-px-3.jpg\",\"datePublished\":\"2024-04-20T16:17:38+00:00\",\"dateModified\":\"2024-04-20T16:43:48+00:00\",\"breadcrumb\":{\"@id\":\"https:\/\/unifsa.com.br\/site\/xvi-semana-do-meio-ambiente-do-unifsa-inscricoes-abertas\/#breadcrumb\"},\"inLanguage\":\"pt-BR\",\"potentialAction\":[{\"@type\":\"ReadAction\",\"target\":[\"https:\/\/unifsa.com.br\/site\/xvi-semana-do-meio-ambiente-do-unifsa-inscricoes-abertas\/\"]}]},{\"@type\":\"ImageObject\",\"inLanguage\":\"pt-BR\",\"@id\":\"https:\/\/unifsa.com.br\/site\/xvi-semana-do-meio-ambiente-do-unifsa-inscricoes-abertas\/#primaryimage\",\"url\":\"https:\/\/unifsa.com.br\/site\/wp-content\/uploads\/2024\/04\/meio-ambiente-1920-x-805-px-3.jpg\",\"contentUrl\":\"https:\/\/unifsa.com.br\/site\/wp-content\/uploads\/2024\/04\/meio-ambiente-1920-x-805-px-3.jpg\",\"width\":1920,\"height\":805},{\"@type\":\"BreadcrumbList\",\"@id\":\"https:\/\/unifsa.com.br\/site\/xvi-semana-do-meio-ambiente-do-unifsa-inscricoes-abertas\/#breadcrumb\",\"itemListElement\":[{\"@type\":\"ListItem\",\"position\":1,\"name\":\"In\u00edcio\",\"item\":\"https:\/\/unifsa.com.br\/site\/\"},{\"@type\":\"ListItem\",\"position\":2,\"name\":\"XVI Semana do Meio Ambiente do UNIFSA: inscri\u00e7\u00f5es abertas\"}]},{\"@type\":\"WebSite\",\"@id\":\"https:\/\/unifsa.com.br\/site\/#website\",\"url\":\"https:\/\/unifsa.com.br\/site\/\",\"name\":\"Centro Universit\u00e1rio Santo Agostinho - UNIFSA\",\"description\":\"Conhecimento para toda a vida\",\"publisher\":{\"@id\":\"https:\/\/unifsa.com.br\/site\/#organization\"},\"potentialAction\":[{\"@type\":\"SearchAction\",\"target\":{\"@type\":\"EntryPoint\",\"urlTemplate\":\"https:\/\/unifsa.com.br\/site\/?s={search_term_string}\"},\"query-input\":{\"@type\":\"PropertyValueSpecification\",\"valueRequired\":true,\"valueName\":\"search_term_string\"}}],\"inLanguage\":\"pt-BR\"},{\"@type\":\"Organization\",\"@id\":\"https:\/\/unifsa.com.br\/site\/#organization\",\"name\":\"Centro Universit\u00e1rio Santo Agostinho - UNIFSA\",\"url\":\"https:\/\/unifsa.com.br\/site\/\",\"logo\":{\"@type\":\"ImageObject\",\"inLanguage\":\"pt-BR\",\"@id\":\"https:\/\/unifsa.com.br\/site\/#\/schema\/logo\/image\/\",\"url\":\"https:\/\/unifsa.com.br\/site\/wp-content\/uploads\/2023\/03\/MARCA-UNIFSA-CIC23-q2apjs1mt975cf1wl25b044coj90fwoiee1kya6800.png\",\"contentUrl\":\"https:\/\/unifsa.com.br\/site\/wp-content\/uploads\/2023\/03\/MARCA-UNIFSA-CIC23-q2apjs1mt975cf1wl25b044coj90fwoiee1kya6800.png\",\"width\":103,\"height\":100,\"caption\":\"Centro Universit\u00e1rio Santo Agostinho - UNIFSA\"},\"image\":{\"@id\":\"https:\/\/unifsa.com.br\/site\/#\/schema\/logo\/image\/\"},\"sameAs\":[\"https:\/\/www.facebook.com\/unifsa\/\",\"https:\/\/www.instagram.com\/unifsa\/\"]},{\"@type\":\"Person\",\"@id\":\"https:\/\/unifsa.com.br\/site\/#\/schema\/person\/a4cec94bbc6ddf98f579162824de9bf2\",\"name\":\"Oceannyra Kelly da Cruz Silva\",\"image\":{\"@type\":\"ImageObject\",\"inLanguage\":\"pt-BR\",\"@id\":\"https:\/\/unifsa.com.br\/site\/#\/schema\/person\/image\/\",\"url\":\"https:\/\/secure.gravatar.com\/avatar\/05c87cd6fa2c3c73262055bd9341438a47e77a37053b409b3cf4f8df60ea8eb8?s=96&d=mm&r=g\",\"contentUrl\":\"https:\/\/secure.gravatar.com\/avatar\/05c87cd6fa2c3c73262055bd9341438a47e77a37053b409b3cf4f8df60ea8eb8?s=96&d=mm&r=g\",\"caption\":\"Oceannyra Kelly da Cruz Silva\"},\"url\":\"https:\/\/unifsa.com.br\/site\/author\/oceannyrakelly\/\"}]}<\/script>\n<!-- \/ Yoast SEO plugin. -->","yoast_head_json":{"title":"XVI Semana do Meio Ambiente do UNIFSA: inscri\u00e7\u00f5es abertas - Centro Universit\u00e1rio Santo Agostinho - UNIFSA","robots":{"index":"index","follow":"follow","max-snippet":"max-snippet:-1","max-image-preview":"max-image-preview:large","max-video-preview":"max-video-preview:-1"},"canonical":"https:\/\/unifsa.com.br\/site\/xvi-semana-do-meio-ambiente-do-unifsa-inscricoes-abertas\/","og_locale":"pt_BR","og_type":"article","og_title":"XVI Semana do Meio Ambiente do UNIFSA: inscri\u00e7\u00f5es abertas - Centro Universit\u00e1rio Santo Agostinho - UNIFSA","og_description":"O Centro Universit\u00e1rio Santo Agostinho, por meio do N\u00facleo de Apoio Pedag\u00f3gico, abre inscri\u00e7\u00f5es para a XVI Semana do Meio Ambiente, que acontecer\u00e1 de 27 a 29 de maio, com o tema Desenvolvimento Sustent\u00e1vel: Inova\u00e7\u00f5es Ambientais, Efici\u00eancia Energ\u00e9tica e Pr\u00e1ticas Eco-friendly. O evento, que ter\u00e1 certifica\u00e7\u00e3o de 30h, ser\u00e1 voltado para a comunidade UNIFSA, cuja","og_url":"https:\/\/unifsa.com.br\/site\/xvi-semana-do-meio-ambiente-do-unifsa-inscricoes-abertas\/","og_site_name":"Centro Universit\u00e1rio Santo Agostinho - UNIFSA","article_publisher":"https:\/\/www.facebook.com\/unifsa\/","article_published_time":"2024-04-20T16:17:38+00:00","article_modified_time":"2024-04-20T16:43:48+00:00","og_image":[{"width":1920,"height":805,"url":"https:\/\/unifsa.com.br\/site\/wp-content\/uploads\/2024\/04\/meio-ambiente-1920-x-805-px-3.jpg","type":"image\/jpeg"}],"author":"Oceannyra Kelly da Cruz Silva","twitter_card":"summary_large_image","twitter_misc":{"Escrito por":"Oceannyra Kelly da Cruz Silva","Est. tempo de leitura":"4 minutos"},"schema":{"@context":"https:\/\/schema.org","@graph":[{"@type":"Article","@id":"https:\/\/unifsa.com.br\/site\/xvi-semana-do-meio-ambiente-do-unifsa-inscricoes-abertas\/#article","isPartOf":{"@id":"https:\/\/unifsa.com.br\/site\/xvi-semana-do-meio-ambiente-do-unifsa-inscricoes-abertas\/"},"author":{"name":"Oceannyra Kelly da Cruz Silva","@id":"https:\/\/unifsa.com.br\/site\/#\/schema\/person\/a4cec94bbc6ddf98f579162824de9bf2"},"headline":"XVI Semana do Meio Ambiente do UNIFSA: inscri\u00e7\u00f5es abertas","datePublished":"2024-04-20T16:17:38+00:00","dateModified":"2024-04-20T16:43:48+00:00","mainEntityOfPage":{"@id":"https:\/\/unifsa.com.br\/site\/xvi-semana-do-meio-ambiente-do-unifsa-inscricoes-abertas\/"},"wordCount":710,"publisher":{"@id":"https:\/\/unifsa.com.br\/site\/#organization"},"image":{"@id":"https:\/\/unifsa.com.br\/site\/xvi-semana-do-meio-ambiente-do-unifsa-inscricoes-abertas\/#primaryimage"},"thumbnailUrl":"https:\/\/unifsa.com.br\/site\/wp-content\/uploads\/2024\/04\/meio-ambiente-1920-x-805-px-3.jpg","keywords":["Eco-friendly","Responsabilidade Ambiental","Semana do Meio Ambiente"],"articleSection":["Acontece na UNIFSA","NUAPE"],"inLanguage":"pt-BR"},{"@type":"WebPage","@id":"https:\/\/unifsa.com.br\/site\/xvi-semana-do-meio-ambiente-do-unifsa-inscricoes-abertas\/","url":"https:\/\/unifsa.com.br\/site\/xvi-semana-do-meio-ambiente-do-unifsa-inscricoes-abertas\/","name":"XVI Semana do Meio Ambiente do UNIFSA: inscri\u00e7\u00f5es abertas - Centro Universit\u00e1rio Santo Agostinho - UNIFSA","isPartOf":{"@id":"https:\/\/unifsa.com.br\/site\/#website"},"primaryImageOfPage":{"@id":"https:\/\/unifsa.com.br\/site\/xvi-semana-do-meio-ambiente-do-unifsa-inscricoes-abertas\/#primaryimage"},"image":{"@id":"https:\/\/unifsa.com.br\/site\/xvi-semana-do-meio-ambiente-do-unifsa-inscricoes-abertas\/#primaryimage"},"thumbnailUrl":"https:\/\/unifsa.com.br\/site\/wp-content\/uploads\/2024\/04\/meio-ambiente-1920-x-805-px-3.jpg","datePublished":"2024-04-20T16:17:38+00:00","dateModified":"2024-04-20T16:43:48+00:00","breadcrumb":{"@id":"https:\/\/unifsa.com.br\/site\/xvi-semana-do-meio-ambiente-do-unifsa-inscricoes-abertas\/#breadcrumb"},"inLanguage":"pt-BR","potentialAction":[{"@type":"ReadAction","target":["https:\/\/unifsa.com.br\/site\/xvi-semana-do-meio-ambiente-do-unifsa-inscricoes-abertas\/"]}]},{"@type":"ImageObject","inLanguage":"pt-BR","@id":"https:\/\/unifsa.com.br\/site\/xvi-semana-do-meio-ambiente-do-unifsa-inscricoes-abertas\/#primaryimage","url":"https:\/\/unifsa.com.br\/site\/wp-content\/uploads\/2024\/04\/meio-ambiente-1920-x-805-px-3.jpg","contentUrl":"https:\/\/unifsa.com.br\/site\/wp-content\/uploads\/2024\/04\/meio-ambiente-1920-x-805-px-3.jpg","width":1920,"height":805},{"@type":"BreadcrumbList","@id":"https:\/\/unifsa.com.br\/site\/xvi-semana-do-meio-ambiente-do-unifsa-inscricoes-abertas\/#breadcrumb","itemListElement":[{"@type":"ListItem","position":1,"name":"In\u00edcio","item":"https:\/\/unifsa.com.br\/site\/"},{"@type":"ListItem","position":2,"name":"XVI Semana do Meio Ambiente do UNIFSA: inscri\u00e7\u00f5es abertas"}]},{"@type":"WebSite","@id":"https:\/\/unifsa.com.br\/site\/#website","url":"https:\/\/unifsa.com.br\/site\/","name":"Centro Universit\u00e1rio Santo Agostinho - UNIFSA","description":"Conhecimento para toda a vida","publisher":{"@id":"https:\/\/unifsa.com.br\/site\/#organization"},"potentialAction":[{"@type":"SearchAction","target":{"@type":"EntryPoint","urlTemplate":"https:\/\/unifsa.com.br\/site\/?s={search_term_string}"},"query-input":{"@type":"PropertyValueSpecification","valueRequired":true,"valueName":"search_term_string"}}],"inLanguage":"pt-BR"},{"@type":"Organization","@id":"https:\/\/unifsa.com.br\/site\/#organization","name":"Centro Universit\u00e1rio Santo Agostinho - UNIFSA","url":"https:\/\/unifsa.com.br\/site\/","logo":{"@type":"ImageObject","inLanguage":"pt-BR","@id":"https:\/\/unifsa.com.br\/site\/#\/schema\/logo\/image\/","url":"https:\/\/unifsa.com.br\/site\/wp-content\/uploads\/2023\/03\/MARCA-UNIFSA-CIC23-q2apjs1mt975cf1wl25b044coj90fwoiee1kya6800.png","contentUrl":"https:\/\/unifsa.com.br\/site\/wp-content\/uploads\/2023\/03\/MARCA-UNIFSA-CIC23-q2apjs1mt975cf1wl25b044coj90fwoiee1kya6800.png","width":103,"height":100,"caption":"Centro Universit\u00e1rio Santo Agostinho - UNIFSA"},"image":{"@id":"https:\/\/unifsa.com.br\/site\/#\/schema\/logo\/image\/"},"sameAs":["https:\/\/www.facebook.com\/unifsa\/","https:\/\/www.instagram.com\/unifsa\/"]},{"@type":"Person","@id":"https:\/\/unifsa.com.br\/site\/#\/schema\/person\/a4cec94bbc6ddf98f579162824de9bf2","name":"Oceannyra Kelly da Cruz Silva","image":{"@type":"ImageObject","inLanguage":"pt-BR","@id":"https:\/\/unifsa.com.br\/site\/#\/schema\/person\/image\/","url":"https:\/\/secure.gravatar.com\/avatar\/05c87cd6fa2c3c73262055bd9341438a47e77a37053b409b3cf4f8df60ea8eb8?s=96&d=mm&r=g","contentUrl":"https:\/\/secure.gravatar.com\/avatar\/05c87cd6fa2c3c73262055bd9341438a47e77a37053b409b3cf4f8df60ea8eb8?s=96&d=mm&r=g","caption":"Oceannyra Kelly da Cruz Silva"},"url":"https:\/\/unifsa.com.br\/site\/author\/oceannyrakelly\/"}]}},"_links":{"self":[{"href":"https:\/\/unifsa.com.br\/site\/wp-json\/wp\/v2\/posts\/30497","targetHints":{"allow":["GET"]}}],"collection":[{"href":"https:\/\/unifsa.com.br\/site\/wp-json\/wp\/v2\/posts"}],"about":[{"href":"https:\/\/unifsa.com.br\/site\/wp-json\/wp\/v2\/types\/post"}],"author":[{"embeddable":true,"href":"https:\/\/unifsa.com.br\/site\/wp-json\/wp\/v2\/users\/11"}],"replies":[{"embeddable":true,"href":"https:\/\/unifsa.com.br\/site\/wp-json\/wp\/v2\/comments?post=30497"}],"version-history":[{"count":5,"href":"https:\/\/unifsa.com.br\/site\/wp-json\/wp\/v2\/posts\/30497\/revisions"}],"predecessor-version":[{"id":30510,"href":"https:\/\/unifsa.com.br\/site\/wp-json\/wp\/v2\/posts\/30497\/revisions\/30510"}],"wp:featuredmedia":[{"embeddable":true,"href":"https:\/\/unifsa.com.br\/site\/wp-json\/wp\/v2\/media\/30508"}],"wp:attachment":[{"href":"https:\/\/unifsa.com.br\/site\/wp-json\/wp\/v2\/media?parent=30497"}],"wp:term":[{"taxonomy":"category","embeddable":true,"href":"https:\/\/unifsa.com.br\/site\/wp-json\/wp\/v2\/categories?post=30497"},{"taxonomy":"post_tag","embeddable":true,"href":"https:\/\/unifsa.com.br\/site\/wp-json\/wp\/v2\/tags?post=30497"}],"curies":[{"name":"wp","href":"https:\/\/api.w.org\/{rel}","templated":true}]}}