{"id":30185,"date":"2024-04-10T20:31:14","date_gmt":"2024-04-10T23:31:14","guid":{"rendered":"https:\/\/unifsa.com.br\/site\/?p=30185"},"modified":"2024-04-10T20:31:21","modified_gmt":"2024-04-10T23:31:21","slug":"vi-semana-de-psicologia-do-unifsa-abre-prazo-para-submissao-de-trabalhos-cientificos","status":"publish","type":"post","link":"https:\/\/unifsa.com.br\/site\/vi-semana-de-psicologia-do-unifsa-abre-prazo-para-submissao-de-trabalhos-cientificos\/","title":{"rendered":"VI Semana de Psicologia do UNIFSA abre prazo para submiss\u00e3o de trabalhos cient\u00edficos"},"content":{"rendered":"\n<p class=\"texto-justificado\">A VI Semana de Psicologia do UNIFSA do Centro Universit\u00e1rio Santo Agostinho, que acontecer\u00e1 de 16 a  18 de maio, torna p\u00fablico o <strong>prazo para a submiss\u00e3o de trabalhos cient\u00edficos. Os trabalhos ser\u00e3o aceitos  at\u00e9 dia 30 de abril<\/strong>, com envio pelo e-mail:<strong> semanapsicologia@unifsa.com.br.<\/strong> . Poder\u00e3o submeter trabalhos todos os interessados que estejam inscritos no evento.<\/p>\n\n\n\n<div style=\"height:10px\" aria-hidden=\"true\" class=\"wp-block-spacer\"><\/div>\n\n\n\n<div class=\"wp-block-buttons is-content-justification-center is-layout-flex wp-container-core-buttons-is-layout-16018d1d wp-block-buttons-is-layout-flex\">\n<div class=\"wp-block-button\"><a class=\"wp-block-button__link has-white-color has-text-color has-background has-link-color wp-element-button\" href=\"https:\/\/unifsa.com.br\/site\/wp-content\/uploads\/2024\/04\/Edital-019-de-Submissao-de-Trabalhos-VI-Semana-de-Psicologia.pdf\" style=\"background-color:#086faa\" target=\"_blank\" rel=\"noreferrer noopener\"><strong>Confira o regulamento para submiss\u00e3o<\/strong><\/a><\/div>\n<\/div>\n\n\n\n<div class=\"wp-block-buttons is-content-justification-center is-layout-flex wp-container-core-buttons-is-layout-16018d1d wp-block-buttons-is-layout-flex\">\n<div class=\"wp-block-button\"><a class=\"wp-block-button__link has-white-color has-text-color has-background has-link-color wp-element-button\" href=\"https:\/\/unifsa.com.br\/site\/vi-semana-de-psicologia-do-unifsa-ocorre-de-16-a-18-de-maio\/\" style=\"background-color:#3194cd\" target=\"_blank\" rel=\"noreferrer noopener\"><strong>Inscreva-se no evento<\/strong><\/a><\/div>\n<\/div>\n\n\n\n<div style=\"height:10px\" aria-hidden=\"true\" class=\"wp-block-spacer\"><\/div>\n\n\n\n<p>Todas as submiss\u00f5es de trabalhos devem ser realizadas de forma exclusivamente online, atrav\u00e9s do envio do trabalho para o endere\u00e7o de e-mail <strong>semanapsicologia@unifsa.com.br.<\/strong><\/p>\n\n\n\n<h3 class=\"wp-block-heading has-vivid-cyan-blue-color has-text-color\">Confira o cronograma abaixo:<\/h3>\n\n\n\n<figure class=\"wp-block-table\"><table><tbody><tr><td>Submiss\u00e3o de Trabalhos Cient\u00edficos<\/td><td>15 a 30 de abril de 2024<\/td><\/tr><tr><td>Resultado da an\u00e1lise de resumos<\/td><td>2 a 5 de maio de 2024<\/td><\/tr><tr><td>Resultado Final<\/td><td>13 de maio de 2024<\/td><\/tr><tr><td>VI Semana de Psicologia do UNIFSA<\/td><td>16 a 18 de maio de 2024<\/td><\/tr><\/tbody><\/table><\/figure>\n\n\n\n<h2 class=\"wp-block-heading has-vivid-cyan-blue-color has-text-color\">VI Semana de Psicologia do UNIFSA<\/h2>\n\n\n\n<p class=\"texto-justificado\">O Centro Universit\u00e1rio Santo Agostinho, por meio da Coordena\u00e7\u00e3o do curso de Psicologia, anuncia a VI Semana de Psicologia do UNIFSA, nos dias 16, 17 e 18 de maio, no Audit\u00f3rio Cl\u00f3vis Melo \u2013 Anexo II, com o tema \u201cO Social em Quest\u00e3o\u201d. O evento contar\u00e1 com certifica\u00e7\u00e3o de 20h de atividades, incluindo palestras, mesas-redondas e apresenta\u00e7\u00f5es de trabalhos acad\u00eamicos. As inscri\u00e7\u00f5es est\u00e3o abertas, com valores de R$50,00 para estudantes do UNIFSA, R$60 para estudantes de outras IES e R$70,00 para a profissinais da \u00e1rea. As Submiss\u00f5es de trabalhos est\u00e3o sendo aceitas via link acima, oferecendo aos participantes uma oportunidade para compartilhar suas pesquisas e contribuir para o enriquecimento do evento.<\/p>\n\n\n\n<p class=\"texto-justificado\">A VI Semana de Psicologia do UNIFSA tem como prop\u00f3sito central a explora\u00e7\u00e3o do tema \u201cO Social em Quest\u00e3o\u201d. O evento visa promover uma vis\u00e3o interdisciplinar como ferramenta essencial para abordar as complexidades da contemporaneidade. Bem como, analisar as novas manifesta\u00e7\u00f5es de sofrimento ps\u00edquico que surgem em um cen\u00e1rio caracterizado por r\u00e1pidas transforma\u00e7\u00f5es sociais, culturais e tecnol\u00f3gicas.<\/p>\n\n\n\n<div class=\"wp-block-buttons is-content-justification-center is-layout-flex wp-container-core-buttons-is-layout-16018d1d wp-block-buttons-is-layout-flex\">\n<div class=\"wp-block-button\"><a class=\"wp-block-button__link has-white-color has-vivid-cyan-blue-background-color has-text-color has-background has-link-color wp-element-button\" href=\"https:\/\/unifsa.com.br\/site\/vi-semana-de-psicologia-do-unifsa-ocorre-de-16-a-18-de-maio\/\" target=\"_blank\" rel=\"noreferrer noopener\">Saiba mais sobre o VI Semana de Psicologia do UNIFSA<\/a><\/div>\n<\/div>\n","protected":false},"excerpt":{"rendered":"<p>A VI Semana de Psicologia do UNIFSA do Centro Universit\u00e1rio Santo Agostinho, que acontecer\u00e1 de 16 a 18 de maio, torna p\u00fablico o prazo para a submiss\u00e3o de trabalhos cient\u00edficos. Os trabalhos ser\u00e3o aceitos at\u00e9 dia 30 de abril, com envio pelo e-mail: semanapsicologia@unifsa.com.br. . Poder\u00e3o submeter trabalhos todos os interessados que estejam inscritos no<\/p>\n","protected":false},"author":12,"featured_media":30186,"comment_status":"closed","ping_status":"open","sticky":false,"template":"","format":"standard","meta":{"_acf_changed":false,"footnotes":""},"categories":[475],"tags":[1708,1709,764],"class_list":["post-30185","post","type-post","status-publish","format-standard","has-post-thumbnail","hentry","category-estetica-e-cosmetica","tag-ciencia-na-area-da-estetica","tag-estetica-e-cosmetologia","tag-submissao-de-trabalhos"],"acf":[],"yoast_head":"<!-- This site is optimized with the Yoast SEO plugin v26.5 - https:\/\/yoast.com\/wordpress\/plugins\/seo\/ -->\n<title>VI Semana de Psicologia do UNIFSA abre prazo para submiss\u00e3o de trabalhos cient\u00edficos - Centro Universit\u00e1rio Santo Agostinho - UNIFSA<\/title>\n<meta name=\"robots\" content=\"index, follow, max-snippet:-1, max-image-preview:large, max-video-preview:-1\" \/>\n<link rel=\"canonical\" href=\"https:\/\/unifsa.com.br\/site\/vi-semana-de-psicologia-do-unifsa-abre-prazo-para-submissao-de-trabalhos-cientificos\/\" \/>\n<meta property=\"og:locale\" content=\"pt_BR\" \/>\n<meta property=\"og:type\" content=\"article\" \/>\n<meta property=\"og:title\" content=\"VI Semana de Psicologia do UNIFSA abre prazo para submiss\u00e3o de trabalhos cient\u00edficos - Centro Universit\u00e1rio Santo Agostinho - UNIFSA\" \/>\n<meta property=\"og:description\" content=\"A VI Semana de Psicologia do UNIFSA do Centro Universit\u00e1rio Santo Agostinho, que acontecer\u00e1 de 16 a 18 de maio, torna p\u00fablico o prazo para a submiss\u00e3o de trabalhos cient\u00edficos. Os trabalhos ser\u00e3o aceitos at\u00e9 dia 30 de abril, com envio pelo e-mail: semanapsicologia@unifsa.com.br. . Poder\u00e3o submeter trabalhos todos os interessados que estejam inscritos no\" \/>\n<meta property=\"og:url\" content=\"https:\/\/unifsa.com.br\/site\/vi-semana-de-psicologia-do-unifsa-abre-prazo-para-submissao-de-trabalhos-cientificos\/\" \/>\n<meta property=\"og:site_name\" content=\"Centro Universit\u00e1rio Santo Agostinho - UNIFSA\" \/>\n<meta property=\"article:publisher\" content=\"https:\/\/www.facebook.com\/unifsa\/\" \/>\n<meta property=\"article:published_time\" content=\"2024-04-10T23:31:14+00:00\" \/>\n<meta property=\"article:modified_time\" content=\"2024-04-10T23:31:21+00:00\" \/>\n<meta property=\"og:image\" content=\"https:\/\/unifsa.com.br\/site\/wp-content\/uploads\/2024\/04\/IV-Semana-de-Psicologia-SITE-1920-x-805-px-3.png\" \/>\n\t<meta property=\"og:image:width\" content=\"1920\" \/>\n\t<meta property=\"og:image:height\" content=\"805\" \/>\n\t<meta property=\"og:image:type\" content=\"image\/png\" \/>\n<meta name=\"author\" content=\"Estev\u00e3o Leite Cordeiro de Souza\" \/>\n<meta name=\"twitter:card\" content=\"summary_large_image\" \/>\n<meta name=\"twitter:label1\" content=\"Escrito por\" \/>\n\t<meta name=\"twitter:data1\" content=\"Estev\u00e3o Leite Cordeiro de Souza\" \/>\n\t<meta name=\"twitter:label2\" content=\"Est. tempo de leitura\" \/>\n\t<meta name=\"twitter:data2\" content=\"2 minutos\" \/>\n<script type=\"application\/ld+json\" class=\"yoast-schema-graph\">{\"@context\":\"https:\/\/schema.org\",\"@graph\":[{\"@type\":\"Article\",\"@id\":\"https:\/\/unifsa.com.br\/site\/vi-semana-de-psicologia-do-unifsa-abre-prazo-para-submissao-de-trabalhos-cientificos\/#article\",\"isPartOf\":{\"@id\":\"https:\/\/unifsa.com.br\/site\/vi-semana-de-psicologia-do-unifsa-abre-prazo-para-submissao-de-trabalhos-cientificos\/\"},\"author\":{\"name\":\"Estev\u00e3o Leite Cordeiro de Souza\",\"@id\":\"https:\/\/unifsa.com.br\/site\/#\/schema\/person\/459d6944d25bd72102b031eb886c7cbf\"},\"headline\":\"VI Semana de Psicologia do UNIFSA abre prazo para submiss\u00e3o de trabalhos cient\u00edficos\",\"datePublished\":\"2024-04-10T23:31:14+00:00\",\"dateModified\":\"2024-04-10T23:31:21+00:00\",\"mainEntityOfPage\":{\"@id\":\"https:\/\/unifsa.com.br\/site\/vi-semana-de-psicologia-do-unifsa-abre-prazo-para-submissao-de-trabalhos-cientificos\/\"},\"wordCount\":355,\"publisher\":{\"@id\":\"https:\/\/unifsa.com.br\/site\/#organization\"},\"image\":{\"@id\":\"https:\/\/unifsa.com.br\/site\/vi-semana-de-psicologia-do-unifsa-abre-prazo-para-submissao-de-trabalhos-cientificos\/#primaryimage\"},\"thumbnailUrl\":\"https:\/\/unifsa.com.br\/site\/wp-content\/uploads\/2024\/04\/IV-Semana-de-Psicologia-SITE-1920-x-805-px-3.png\",\"keywords\":[\"ci\u00eancia na \u00e1rea da est\u00e9tica\",\"est\u00e9tica e cosmetologia\",\"submiss\u00e3o de trabalhos\"],\"articleSection\":[\"Est\u00e9tica e Cosm\u00e9tica\"],\"inLanguage\":\"pt-BR\"},{\"@type\":\"WebPage\",\"@id\":\"https:\/\/unifsa.com.br\/site\/vi-semana-de-psicologia-do-unifsa-abre-prazo-para-submissao-de-trabalhos-cientificos\/\",\"url\":\"https:\/\/unifsa.com.br\/site\/vi-semana-de-psicologia-do-unifsa-abre-prazo-para-submissao-de-trabalhos-cientificos\/\",\"name\":\"VI Semana de Psicologia do UNIFSA abre prazo para submiss\u00e3o de trabalhos cient\u00edficos - Centro Universit\u00e1rio Santo Agostinho - UNIFSA\",\"isPartOf\":{\"@id\":\"https:\/\/unifsa.com.br\/site\/#website\"},\"primaryImageOfPage\":{\"@id\":\"https:\/\/unifsa.com.br\/site\/vi-semana-de-psicologia-do-unifsa-abre-prazo-para-submissao-de-trabalhos-cientificos\/#primaryimage\"},\"image\":{\"@id\":\"https:\/\/unifsa.com.br\/site\/vi-semana-de-psicologia-do-unifsa-abre-prazo-para-submissao-de-trabalhos-cientificos\/#primaryimage\"},\"thumbnailUrl\":\"https:\/\/unifsa.com.br\/site\/wp-content\/uploads\/2024\/04\/IV-Semana-de-Psicologia-SITE-1920-x-805-px-3.png\",\"datePublished\":\"2024-04-10T23:31:14+00:00\",\"dateModified\":\"2024-04-10T23:31:21+00:00\",\"breadcrumb\":{\"@id\":\"https:\/\/unifsa.com.br\/site\/vi-semana-de-psicologia-do-unifsa-abre-prazo-para-submissao-de-trabalhos-cientificos\/#breadcrumb\"},\"inLanguage\":\"pt-BR\",\"potentialAction\":[{\"@type\":\"ReadAction\",\"target\":[\"https:\/\/unifsa.com.br\/site\/vi-semana-de-psicologia-do-unifsa-abre-prazo-para-submissao-de-trabalhos-cientificos\/\"]}]},{\"@type\":\"ImageObject\",\"inLanguage\":\"pt-BR\",\"@id\":\"https:\/\/unifsa.com.br\/site\/vi-semana-de-psicologia-do-unifsa-abre-prazo-para-submissao-de-trabalhos-cientificos\/#primaryimage\",\"url\":\"https:\/\/unifsa.com.br\/site\/wp-content\/uploads\/2024\/04\/IV-Semana-de-Psicologia-SITE-1920-x-805-px-3.png\",\"contentUrl\":\"https:\/\/unifsa.com.br\/site\/wp-content\/uploads\/2024\/04\/IV-Semana-de-Psicologia-SITE-1920-x-805-px-3.png\",\"width\":1920,\"height\":805},{\"@type\":\"BreadcrumbList\",\"@id\":\"https:\/\/unifsa.com.br\/site\/vi-semana-de-psicologia-do-unifsa-abre-prazo-para-submissao-de-trabalhos-cientificos\/#breadcrumb\",\"itemListElement\":[{\"@type\":\"ListItem\",\"position\":1,\"name\":\"In\u00edcio\",\"item\":\"https:\/\/unifsa.com.br\/site\/\"},{\"@type\":\"ListItem\",\"position\":2,\"name\":\"VI Semana de Psicologia do UNIFSA abre prazo para submiss\u00e3o de trabalhos cient\u00edficos\"}]},{\"@type\":\"WebSite\",\"@id\":\"https:\/\/unifsa.com.br\/site\/#website\",\"url\":\"https:\/\/unifsa.com.br\/site\/\",\"name\":\"Centro Universit\u00e1rio Santo Agostinho - UNIFSA\",\"description\":\"Conhecimento para toda a vida\",\"publisher\":{\"@id\":\"https:\/\/unifsa.com.br\/site\/#organization\"},\"potentialAction\":[{\"@type\":\"SearchAction\",\"target\":{\"@type\":\"EntryPoint\",\"urlTemplate\":\"https:\/\/unifsa.com.br\/site\/?s={search_term_string}\"},\"query-input\":{\"@type\":\"PropertyValueSpecification\",\"valueRequired\":true,\"valueName\":\"search_term_string\"}}],\"inLanguage\":\"pt-BR\"},{\"@type\":\"Organization\",\"@id\":\"https:\/\/unifsa.com.br\/site\/#organization\",\"name\":\"Centro Universit\u00e1rio Santo Agostinho - UNIFSA\",\"url\":\"https:\/\/unifsa.com.br\/site\/\",\"logo\":{\"@type\":\"ImageObject\",\"inLanguage\":\"pt-BR\",\"@id\":\"https:\/\/unifsa.com.br\/site\/#\/schema\/logo\/image\/\",\"url\":\"https:\/\/unifsa.com.br\/site\/wp-content\/uploads\/2023\/03\/MARCA-UNIFSA-CIC23-q2apjs1mt975cf1wl25b044coj90fwoiee1kya6800.png\",\"contentUrl\":\"https:\/\/unifsa.com.br\/site\/wp-content\/uploads\/2023\/03\/MARCA-UNIFSA-CIC23-q2apjs1mt975cf1wl25b044coj90fwoiee1kya6800.png\",\"width\":103,\"height\":100,\"caption\":\"Centro Universit\u00e1rio Santo Agostinho - UNIFSA\"},\"image\":{\"@id\":\"https:\/\/unifsa.com.br\/site\/#\/schema\/logo\/image\/\"},\"sameAs\":[\"https:\/\/www.facebook.com\/unifsa\/\",\"https:\/\/www.instagram.com\/unifsa\/\"]},{\"@type\":\"Person\",\"@id\":\"https:\/\/unifsa.com.br\/site\/#\/schema\/person\/459d6944d25bd72102b031eb886c7cbf\",\"name\":\"Estev\u00e3o Leite Cordeiro de Souza\",\"image\":{\"@type\":\"ImageObject\",\"inLanguage\":\"pt-BR\",\"@id\":\"https:\/\/unifsa.com.br\/site\/#\/schema\/person\/image\/\",\"url\":\"https:\/\/secure.gravatar.com\/avatar\/b381626173a0b440e86662336f5d92704de1b8100a4cb5a34d6466804eb5c336?s=96&d=mm&r=g\",\"contentUrl\":\"https:\/\/secure.gravatar.com\/avatar\/b381626173a0b440e86662336f5d92704de1b8100a4cb5a34d6466804eb5c336?s=96&d=mm&r=g\",\"caption\":\"Estev\u00e3o Leite Cordeiro de Souza\"},\"url\":\"https:\/\/unifsa.com.br\/site\/author\/estevaocordeiro\/\"}]}<\/script>\n<!-- \/ Yoast SEO plugin. -->","yoast_head_json":{"title":"VI Semana de Psicologia do UNIFSA abre prazo para submiss\u00e3o de trabalhos cient\u00edficos - Centro Universit\u00e1rio Santo Agostinho - UNIFSA","robots":{"index":"index","follow":"follow","max-snippet":"max-snippet:-1","max-image-preview":"max-image-preview:large","max-video-preview":"max-video-preview:-1"},"canonical":"https:\/\/unifsa.com.br\/site\/vi-semana-de-psicologia-do-unifsa-abre-prazo-para-submissao-de-trabalhos-cientificos\/","og_locale":"pt_BR","og_type":"article","og_title":"VI Semana de Psicologia do UNIFSA abre prazo para submiss\u00e3o de trabalhos cient\u00edficos - Centro Universit\u00e1rio Santo Agostinho - UNIFSA","og_description":"A VI Semana de Psicologia do UNIFSA do Centro Universit\u00e1rio Santo Agostinho, que acontecer\u00e1 de 16 a 18 de maio, torna p\u00fablico o prazo para a submiss\u00e3o de trabalhos cient\u00edficos. Os trabalhos ser\u00e3o aceitos at\u00e9 dia 30 de abril, com envio pelo e-mail: semanapsicologia@unifsa.com.br. . Poder\u00e3o submeter trabalhos todos os interessados que estejam inscritos no","og_url":"https:\/\/unifsa.com.br\/site\/vi-semana-de-psicologia-do-unifsa-abre-prazo-para-submissao-de-trabalhos-cientificos\/","og_site_name":"Centro Universit\u00e1rio Santo Agostinho - UNIFSA","article_publisher":"https:\/\/www.facebook.com\/unifsa\/","article_published_time":"2024-04-10T23:31:14+00:00","article_modified_time":"2024-04-10T23:31:21+00:00","og_image":[{"width":1920,"height":805,"url":"https:\/\/unifsa.com.br\/site\/wp-content\/uploads\/2024\/04\/IV-Semana-de-Psicologia-SITE-1920-x-805-px-3.png","type":"image\/png"}],"author":"Estev\u00e3o Leite Cordeiro de Souza","twitter_card":"summary_large_image","twitter_misc":{"Escrito por":"Estev\u00e3o Leite Cordeiro de Souza","Est. tempo de leitura":"2 minutos"},"schema":{"@context":"https:\/\/schema.org","@graph":[{"@type":"Article","@id":"https:\/\/unifsa.com.br\/site\/vi-semana-de-psicologia-do-unifsa-abre-prazo-para-submissao-de-trabalhos-cientificos\/#article","isPartOf":{"@id":"https:\/\/unifsa.com.br\/site\/vi-semana-de-psicologia-do-unifsa-abre-prazo-para-submissao-de-trabalhos-cientificos\/"},"author":{"name":"Estev\u00e3o Leite Cordeiro de Souza","@id":"https:\/\/unifsa.com.br\/site\/#\/schema\/person\/459d6944d25bd72102b031eb886c7cbf"},"headline":"VI Semana de Psicologia do UNIFSA abre prazo para submiss\u00e3o de trabalhos cient\u00edficos","datePublished":"2024-04-10T23:31:14+00:00","dateModified":"2024-04-10T23:31:21+00:00","mainEntityOfPage":{"@id":"https:\/\/unifsa.com.br\/site\/vi-semana-de-psicologia-do-unifsa-abre-prazo-para-submissao-de-trabalhos-cientificos\/"},"wordCount":355,"publisher":{"@id":"https:\/\/unifsa.com.br\/site\/#organization"},"image":{"@id":"https:\/\/unifsa.com.br\/site\/vi-semana-de-psicologia-do-unifsa-abre-prazo-para-submissao-de-trabalhos-cientificos\/#primaryimage"},"thumbnailUrl":"https:\/\/unifsa.com.br\/site\/wp-content\/uploads\/2024\/04\/IV-Semana-de-Psicologia-SITE-1920-x-805-px-3.png","keywords":["ci\u00eancia na \u00e1rea da est\u00e9tica","est\u00e9tica e cosmetologia","submiss\u00e3o de trabalhos"],"articleSection":["Est\u00e9tica e Cosm\u00e9tica"],"inLanguage":"pt-BR"},{"@type":"WebPage","@id":"https:\/\/unifsa.com.br\/site\/vi-semana-de-psicologia-do-unifsa-abre-prazo-para-submissao-de-trabalhos-cientificos\/","url":"https:\/\/unifsa.com.br\/site\/vi-semana-de-psicologia-do-unifsa-abre-prazo-para-submissao-de-trabalhos-cientificos\/","name":"VI Semana de Psicologia do UNIFSA abre prazo para submiss\u00e3o de trabalhos cient\u00edficos - Centro Universit\u00e1rio Santo Agostinho - UNIFSA","isPartOf":{"@id":"https:\/\/unifsa.com.br\/site\/#website"},"primaryImageOfPage":{"@id":"https:\/\/unifsa.com.br\/site\/vi-semana-de-psicologia-do-unifsa-abre-prazo-para-submissao-de-trabalhos-cientificos\/#primaryimage"},"image":{"@id":"https:\/\/unifsa.com.br\/site\/vi-semana-de-psicologia-do-unifsa-abre-prazo-para-submissao-de-trabalhos-cientificos\/#primaryimage"},"thumbnailUrl":"https:\/\/unifsa.com.br\/site\/wp-content\/uploads\/2024\/04\/IV-Semana-de-Psicologia-SITE-1920-x-805-px-3.png","datePublished":"2024-04-10T23:31:14+00:00","dateModified":"2024-04-10T23:31:21+00:00","breadcrumb":{"@id":"https:\/\/unifsa.com.br\/site\/vi-semana-de-psicologia-do-unifsa-abre-prazo-para-submissao-de-trabalhos-cientificos\/#breadcrumb"},"inLanguage":"pt-BR","potentialAction":[{"@type":"ReadAction","target":["https:\/\/unifsa.com.br\/site\/vi-semana-de-psicologia-do-unifsa-abre-prazo-para-submissao-de-trabalhos-cientificos\/"]}]},{"@type":"ImageObject","inLanguage":"pt-BR","@id":"https:\/\/unifsa.com.br\/site\/vi-semana-de-psicologia-do-unifsa-abre-prazo-para-submissao-de-trabalhos-cientificos\/#primaryimage","url":"https:\/\/unifsa.com.br\/site\/wp-content\/uploads\/2024\/04\/IV-Semana-de-Psicologia-SITE-1920-x-805-px-3.png","contentUrl":"https:\/\/unifsa.com.br\/site\/wp-content\/uploads\/2024\/04\/IV-Semana-de-Psicologia-SITE-1920-x-805-px-3.png","width":1920,"height":805},{"@type":"BreadcrumbList","@id":"https:\/\/unifsa.com.br\/site\/vi-semana-de-psicologia-do-unifsa-abre-prazo-para-submissao-de-trabalhos-cientificos\/#breadcrumb","itemListElement":[{"@type":"ListItem","position":1,"name":"In\u00edcio","item":"https:\/\/unifsa.com.br\/site\/"},{"@type":"ListItem","position":2,"name":"VI Semana de Psicologia do UNIFSA abre prazo para submiss\u00e3o de trabalhos cient\u00edficos"}]},{"@type":"WebSite","@id":"https:\/\/unifsa.com.br\/site\/#website","url":"https:\/\/unifsa.com.br\/site\/","name":"Centro Universit\u00e1rio Santo Agostinho - UNIFSA","description":"Conhecimento para toda a vida","publisher":{"@id":"https:\/\/unifsa.com.br\/site\/#organization"},"potentialAction":[{"@type":"SearchAction","target":{"@type":"EntryPoint","urlTemplate":"https:\/\/unifsa.com.br\/site\/?s={search_term_string}"},"query-input":{"@type":"PropertyValueSpecification","valueRequired":true,"valueName":"search_term_string"}}],"inLanguage":"pt-BR"},{"@type":"Organization","@id":"https:\/\/unifsa.com.br\/site\/#organization","name":"Centro Universit\u00e1rio Santo Agostinho - UNIFSA","url":"https:\/\/unifsa.com.br\/site\/","logo":{"@type":"ImageObject","inLanguage":"pt-BR","@id":"https:\/\/unifsa.com.br\/site\/#\/schema\/logo\/image\/","url":"https:\/\/unifsa.com.br\/site\/wp-content\/uploads\/2023\/03\/MARCA-UNIFSA-CIC23-q2apjs1mt975cf1wl25b044coj90fwoiee1kya6800.png","contentUrl":"https:\/\/unifsa.com.br\/site\/wp-content\/uploads\/2023\/03\/MARCA-UNIFSA-CIC23-q2apjs1mt975cf1wl25b044coj90fwoiee1kya6800.png","width":103,"height":100,"caption":"Centro Universit\u00e1rio Santo Agostinho - UNIFSA"},"image":{"@id":"https:\/\/unifsa.com.br\/site\/#\/schema\/logo\/image\/"},"sameAs":["https:\/\/www.facebook.com\/unifsa\/","https:\/\/www.instagram.com\/unifsa\/"]},{"@type":"Person","@id":"https:\/\/unifsa.com.br\/site\/#\/schema\/person\/459d6944d25bd72102b031eb886c7cbf","name":"Estev\u00e3o Leite Cordeiro de Souza","image":{"@type":"ImageObject","inLanguage":"pt-BR","@id":"https:\/\/unifsa.com.br\/site\/#\/schema\/person\/image\/","url":"https:\/\/secure.gravatar.com\/avatar\/b381626173a0b440e86662336f5d92704de1b8100a4cb5a34d6466804eb5c336?s=96&d=mm&r=g","contentUrl":"https:\/\/secure.gravatar.com\/avatar\/b381626173a0b440e86662336f5d92704de1b8100a4cb5a34d6466804eb5c336?s=96&d=mm&r=g","caption":"Estev\u00e3o Leite Cordeiro de Souza"},"url":"https:\/\/unifsa.com.br\/site\/author\/estevaocordeiro\/"}]}},"_links":{"self":[{"href":"https:\/\/unifsa.com.br\/site\/wp-json\/wp\/v2\/posts\/30185","targetHints":{"allow":["GET"]}}],"collection":[{"href":"https:\/\/unifsa.com.br\/site\/wp-json\/wp\/v2\/posts"}],"about":[{"href":"https:\/\/unifsa.com.br\/site\/wp-json\/wp\/v2\/types\/post"}],"author":[{"embeddable":true,"href":"https:\/\/unifsa.com.br\/site\/wp-json\/wp\/v2\/users\/12"}],"replies":[{"embeddable":true,"href":"https:\/\/unifsa.com.br\/site\/wp-json\/wp\/v2\/comments?post=30185"}],"version-history":[{"count":1,"href":"https:\/\/unifsa.com.br\/site\/wp-json\/wp\/v2\/posts\/30185\/revisions"}],"predecessor-version":[{"id":30187,"href":"https:\/\/unifsa.com.br\/site\/wp-json\/wp\/v2\/posts\/30185\/revisions\/30187"}],"wp:featuredmedia":[{"embeddable":true,"href":"https:\/\/unifsa.com.br\/site\/wp-json\/wp\/v2\/media\/30186"}],"wp:attachment":[{"href":"https:\/\/unifsa.com.br\/site\/wp-json\/wp\/v2\/media?parent=30185"}],"wp:term":[{"taxonomy":"category","embeddable":true,"href":"https:\/\/unifsa.com.br\/site\/wp-json\/wp\/v2\/categories?post=30185"},{"taxonomy":"post_tag","embeddable":true,"href":"https:\/\/unifsa.com.br\/site\/wp-json\/wp\/v2\/tags?post=30185"}],"curies":[{"name":"wp","href":"https:\/\/api.w.org\/{rel}","templated":true}]}}