{"id":29874,"date":"2024-03-26T21:11:23","date_gmt":"2024-03-27T00:11:23","guid":{"rendered":"https:\/\/unifsa.com.br\/site\/?p=29874"},"modified":"2024-03-26T21:20:56","modified_gmt":"2024-03-27T00:20:56","slug":"conexao-com-o-mundo-primeira-live-de-2024-explora-o-doutorado-no-exterior","status":"publish","type":"post","link":"https:\/\/unifsa.com.br\/site\/conexao-com-o-mundo-primeira-live-de-2024-explora-o-doutorado-no-exterior\/","title":{"rendered":"Conex\u00e3o com o Mundo | Primeira live de 2024 explora o Doutorado no Exterior"},"content":{"rendered":"\n<p class=\"texto-justificado\">O Centro Universit\u00e1rio Santo Agostinho, por meio do N\u00facleo de Rela\u00e7\u00f5es Internacionais, promoveu nesta ter\u00e7a-feira, 25 de mar\u00e7o, a primeira live do Conex\u00e3o com o Mundo de 2024.  O projeto de internacionaliza\u00e7\u00e3o do UNIFSA, intitulado &#8220;Conex\u00e3o com o Mundo&#8221;, realizado de forma virtual, reuniu estudantes, professores e interessados em geral para uma conversa sobre <strong>Frequentar e viver um programa de doutorado no exterior<\/strong> com o Prof. Me. Vin\u00edcius Magno Uch\u00f4a Lima Oliveira, do Instituto de Telecomunica\u00e7\u00f5es &#8211; Portugal.<\/p>\n\n\n\n<p>Durante a transmiss\u00e3o, os participantes puderam conversar com o professor sobre os desafios e vantagens de buscar educa\u00e7\u00e3o al\u00e9m das fronteiras nacionais. O professor Vin\u00edcius destacou a import\u00e2ncia crucial do aprimoramento do ingl\u00eas, ressaltando que todas as aulas no exterior s\u00e3o ministradas nesse idioma. Al\u00e9m disso, ele compartilhou suas experi\u00eancias pessoais como estudante doutorando em Engenharia El\u00e9trica na Universidade de Aveiro e Investigador no Instituto de Telecomunica\u00e7\u00f5es, em Aveiro, Portugal.<\/p>\n\n\n\n<figure class=\"wp-block-image size-large\"><img fetchpriority=\"high\" decoding=\"async\" width=\"1024\" height=\"576\" src=\"https:\/\/unifsa.com.br\/site\/wp-content\/uploads\/2024\/03\/WhatsApp-Image-2024-03-26-at-15.26.39-1024x576.jpeg\" alt=\"\" class=\"wp-image-29877\" srcset=\"https:\/\/unifsa.com.br\/site\/wp-content\/uploads\/2024\/03\/WhatsApp-Image-2024-03-26-at-15.26.39-1024x576.jpeg 1024w, https:\/\/unifsa.com.br\/site\/wp-content\/uploads\/2024\/03\/WhatsApp-Image-2024-03-26-at-15.26.39-300x169.jpeg 300w, https:\/\/unifsa.com.br\/site\/wp-content\/uploads\/2024\/03\/WhatsApp-Image-2024-03-26-at-15.26.39-768x432.jpeg 768w, https:\/\/unifsa.com.br\/site\/wp-content\/uploads\/2024\/03\/WhatsApp-Image-2024-03-26-at-15.26.39.jpeg 1366w\" sizes=\"(max-width: 1024px) 100vw, 1024px\" \/><\/figure>\n\n\n\n<p>O palestrante compartilhou tamb\u00e9m detalhes sobre as confer\u00eancias e atividades acad\u00eamicas que fazem parte da sua rotina de um estudante. Comentou que at\u00e9 o momento participou de tr\u00eas projetos na Universidade, sendo o primeiro deles na \u00e1rea de Engenharia Biom\u00e9dica. Nesse projeto, ele estava envolvido no desenvolvimento de um sistema para monitorar sinais vitais sem contato, utilizando biorradares. Esse sistema era capaz de medir a temperatura e os batimentos card\u00edacos dos pacientes em um \u00fanico dispositivo.<\/p>\n\n\n\n<p>O segundo projeto envolveu a aplica\u00e7\u00e3o de tecnologia para a ferrovia portuguesa, visando medir a temperatura dos trilhos de forma remota e sem fio, utilizando sensores de baixo custo. Al\u00e9m disso, o sistema desenvolvido permitia a detec\u00e7\u00e3o da acoplagem dos vag\u00f5es, contribuindo para a seguran\u00e7a e efici\u00eancia do transporte ferrovi\u00e1rio.<\/p>\n\n\n\n<p>J\u00e1 o terceiro projeto, mais recente, foi realizado em colabora\u00e7\u00e3o com a Ag\u00eancia Espacial Europeia, como parte do programa New Space. Seu objetivo \u00e9 desenvolver aplica\u00e7\u00f5es para sat\u00e9lites e telecomunica\u00e7\u00f5es, explorando novas fronteiras tecnol\u00f3gicas e contribuindo para o avan\u00e7o da pesquisa espacial e das comunica\u00e7\u00f5es via sat\u00e9lite.<\/p>\n\n\n\n<blockquote class=\"wp-block-quote is-layout-flow wp-block-quote-is-layout-flow\">\n<p>&#8220;Para quem est\u00e1 pensando em vir para Portugal, \u00e9 essencial planejar bem. Antes de iniciar um doutorado, \u00e9 uma boa ideia fazer um mestrado aqui primeiro. Ele \u00e9 mais curto e permite que voc\u00ea se acostume com o ambiente universit\u00e1rio. Tamb\u00e9m \u00e9 importante come\u00e7ar a publicar trabalhos acad\u00eamicos para se familiarizar com as atividades da academia.&#8221;<\/p>\n<cite>Prof. Me. Vin\u00edcius Magno Uch\u00f4a Lima Oliveira, palestrante.<\/cite><\/blockquote>\n\n\n\n<p>Os alunos do curso de Engenharia El\u00e9trica, inscritos para participar, tamb\u00e9m tiveram a oportunidade de se reunir presencialmente na Sala de Confer\u00eancia do Anexo II, onde a videoconfer\u00eancia foi transmitida. Isso permitiu que eles assistissem a live juntos, promovendo um ambiente de aprendizado colaborativo e troca de ideias entre os colegas.<\/p>\n\n\n\n<figure class=\"wp-block-gallery has-nested-images columns-default is-cropped wp-block-gallery-1 is-layout-flex wp-block-gallery-is-layout-flex\">\n<figure class=\"wp-block-image size-full\"><img decoding=\"async\" width=\"651\" height=\"362\" data-id=\"29878\" src=\"https:\/\/unifsa.com.br\/site\/wp-content\/uploads\/2024\/03\/asdfd.png\" alt=\"\" class=\"wp-image-29878\" srcset=\"https:\/\/unifsa.com.br\/site\/wp-content\/uploads\/2024\/03\/asdfd.png 651w, https:\/\/unifsa.com.br\/site\/wp-content\/uploads\/2024\/03\/asdfd-300x167.png 300w\" sizes=\"(max-width: 651px) 100vw, 651px\" \/><\/figure>\n\n\n\n<figure class=\"wp-block-image size-full\"><img decoding=\"async\" width=\"2364\" height=\"1330\" data-id=\"29879\" src=\"https:\/\/unifsa.com.br\/site\/wp-content\/uploads\/2024\/03\/IMG_8109.jpeg\" alt=\"\" class=\"wp-image-29879\" srcset=\"https:\/\/unifsa.com.br\/site\/wp-content\/uploads\/2024\/03\/IMG_8109.jpeg 2364w, https:\/\/unifsa.com.br\/site\/wp-content\/uploads\/2024\/03\/IMG_8109-300x169.jpeg 300w, https:\/\/unifsa.com.br\/site\/wp-content\/uploads\/2024\/03\/IMG_8109-1024x576.jpeg 1024w, https:\/\/unifsa.com.br\/site\/wp-content\/uploads\/2024\/03\/IMG_8109-768x432.jpeg 768w, https:\/\/unifsa.com.br\/site\/wp-content\/uploads\/2024\/03\/IMG_8109-1536x864.jpeg 1536w, https:\/\/unifsa.com.br\/site\/wp-content\/uploads\/2024\/03\/IMG_8109-2048x1152.jpeg 2048w\" sizes=\"(max-width: 2364px) 100vw, 2364px\" \/><\/figure>\n<\/figure>\n\n\n\n<figure class=\"wp-block-gallery has-nested-images columns-default is-cropped wp-block-gallery-2 is-layout-flex wp-block-gallery-is-layout-flex\">\n<figure class=\"wp-block-image size-large\"><img loading=\"lazy\" decoding=\"async\" width=\"1024\" height=\"576\" data-id=\"29880\" src=\"https:\/\/unifsa.com.br\/site\/wp-content\/uploads\/2024\/03\/IMG_8107-1024x576.jpeg\" alt=\"\" class=\"wp-image-29880\" srcset=\"https:\/\/unifsa.com.br\/site\/wp-content\/uploads\/2024\/03\/IMG_8107-1024x576.jpeg 1024w, https:\/\/unifsa.com.br\/site\/wp-content\/uploads\/2024\/03\/IMG_8107-300x169.jpeg 300w, https:\/\/unifsa.com.br\/site\/wp-content\/uploads\/2024\/03\/IMG_8107-768x432.jpeg 768w, https:\/\/unifsa.com.br\/site\/wp-content\/uploads\/2024\/03\/IMG_8107-1536x864.jpeg 1536w, https:\/\/unifsa.com.br\/site\/wp-content\/uploads\/2024\/03\/IMG_8107-2048x1152.jpeg 2048w\" sizes=\"(max-width: 1024px) 100vw, 1024px\" \/><\/figure>\n\n\n\n<figure class=\"wp-block-image size-large\"><img loading=\"lazy\" decoding=\"async\" width=\"1024\" height=\"576\" data-id=\"29881\" src=\"https:\/\/unifsa.com.br\/site\/wp-content\/uploads\/2024\/03\/IMG_8105-1024x576.jpeg\" alt=\"\" class=\"wp-image-29881\" srcset=\"https:\/\/unifsa.com.br\/site\/wp-content\/uploads\/2024\/03\/IMG_8105-1024x576.jpeg 1024w, https:\/\/unifsa.com.br\/site\/wp-content\/uploads\/2024\/03\/IMG_8105-300x169.jpeg 300w, https:\/\/unifsa.com.br\/site\/wp-content\/uploads\/2024\/03\/IMG_8105-768x432.jpeg 768w, https:\/\/unifsa.com.br\/site\/wp-content\/uploads\/2024\/03\/IMG_8105-1536x864.jpeg 1536w, https:\/\/unifsa.com.br\/site\/wp-content\/uploads\/2024\/03\/IMG_8105-2048x1152.jpeg 2048w\" sizes=\"(max-width: 1024px) 100vw, 1024px\" \/><\/figure>\n<\/figure>\n\n\n\n<figure class=\"wp-block-image size-large\"><img loading=\"lazy\" decoding=\"async\" width=\"1024\" height=\"576\" src=\"https:\/\/unifsa.com.br\/site\/wp-content\/uploads\/2024\/03\/IMG_8101-1024x576.jpeg\" alt=\"\" class=\"wp-image-29882\" srcset=\"https:\/\/unifsa.com.br\/site\/wp-content\/uploads\/2024\/03\/IMG_8101-1024x576.jpeg 1024w, https:\/\/unifsa.com.br\/site\/wp-content\/uploads\/2024\/03\/IMG_8101-300x169.jpeg 300w, https:\/\/unifsa.com.br\/site\/wp-content\/uploads\/2024\/03\/IMG_8101-768x432.jpeg 768w, https:\/\/unifsa.com.br\/site\/wp-content\/uploads\/2024\/03\/IMG_8101-1536x864.jpeg 1536w, https:\/\/unifsa.com.br\/site\/wp-content\/uploads\/2024\/03\/IMG_8101-2048x1152.jpeg 2048w\" sizes=\"(max-width: 1024px) 100vw, 1024px\" \/><\/figure>\n\n\n\n<h3 class=\"wp-block-heading has-text-align-left\"><strong>CONEX\u00c3O COM O MUNDO<\/strong><\/h3>\n\n\n\n<figure class=\"wp-block-image size-large\"><img loading=\"lazy\" decoding=\"async\" width=\"1024\" height=\"429\" src=\"https:\/\/unifsa.com.br\/site\/wp-content\/uploads\/2024\/03\/CONEXAO-MUNDO-24-site-1-1024x429.jpg\" alt=\"\" class=\"wp-image-29533\" srcset=\"https:\/\/unifsa.com.br\/site\/wp-content\/uploads\/2024\/03\/CONEXAO-MUNDO-24-site-1-1024x429.jpg 1024w, https:\/\/unifsa.com.br\/site\/wp-content\/uploads\/2024\/03\/CONEXAO-MUNDO-24-site-1-300x126.jpg 300w, https:\/\/unifsa.com.br\/site\/wp-content\/uploads\/2024\/03\/CONEXAO-MUNDO-24-site-1-768x322.jpg 768w, https:\/\/unifsa.com.br\/site\/wp-content\/uploads\/2024\/03\/CONEXAO-MUNDO-24-site-1-1536x644.jpg 1536w, https:\/\/unifsa.com.br\/site\/wp-content\/uploads\/2024\/03\/CONEXAO-MUNDO-24-site-1.jpg 1920w\" sizes=\"(max-width: 1024px) 100vw, 1024px\" \/><figcaption class=\"wp-element-caption\">Banner Conex\u00e3o com o Mundo<\/figcaption><\/figure>\n\n\n\n<p class=\"texto-justificado\">\u00c9 um ciclo de palestras, conversas e debates com estrangeiros e\/ou brasileiros vinculados a institui\u00e7\u00f5es de pesquisa e\/ou ensino do exterior, sendo uma iniciativa do N\u00facleo de Rela\u00e7\u00f5es Internacionais em parceria com outros setores e inst\u00e2ncias do Centro Universit\u00e1rio Santo Agostinho (UNIFSA) para trazer de modo pr\u00e1tico e real o mundo acad\u00eamico e cient\u00edfico para dentro do UNIFSA por meio da tecnologia de informa\u00e7\u00e3o e comunica\u00e7\u00e3o.&nbsp;<\/p>\n\n\n\n<p class=\"texto-justificado\">A cada semestre ser\u00e1 desenvolvido um ciclo com quatro atividades (palestras, conversas e\/ou debates) com estrangeiros e\/ou brasileiros vinculados a institui\u00e7\u00f5es de pesquisa e\/ou ensino do exterior, al\u00e9m de fomentar a participa\u00e7\u00e3o de docentes e discentes do UNIFSA em eventos acad\u00eamicos internacionais, promovidos pela institui\u00e7\u00e3o bem como tamb\u00e9m por outras.<\/p>\n","protected":false},"excerpt":{"rendered":"<p>O Centro Universit\u00e1rio Santo Agostinho, por meio do N\u00facleo de Rela\u00e7\u00f5es Internacionais, promoveu nesta ter\u00e7a-feira, 25 de mar\u00e7o, a primeira live do Conex\u00e3o com o Mundo de 2024. O projeto de internacionaliza\u00e7\u00e3o do UNIFSA, intitulado &#8220;Conex\u00e3o com o Mundo&#8221;, realizado de forma virtual, reuniu estudantes, professores e interessados em geral para uma conversa sobre Frequentar<\/p>\n","protected":false},"author":12,"featured_media":29876,"comment_status":"closed","ping_status":"open","sticky":false,"template":"","format":"standard","meta":{"_acf_changed":false,"footnotes":""},"categories":[6,58,72,733],"tags":[747,1669,1667,331,110,1668,734,711],"class_list":["post-29874","post","type-post","status-publish","format-standard","has-post-thumbnail","hentry","category-acontece-na-unifsa","category-engenharia-eletrica","category-extensao","category-nucleo-de-relacoes-internacionais","tag-conexao-com-o-mundo","tag-doutorado-no-exterior","tag-engenharia-eletrica-teresina","tag-evento","tag-extensao","tag-graduacao-em-engenharia-eletrica","tag-nri","tag-nucleo-de-relacoes-internacionais"],"acf":[],"yoast_head":"<!-- This site is optimized with the Yoast SEO plugin v26.5 - https:\/\/yoast.com\/wordpress\/plugins\/seo\/ -->\n<title>Conex\u00e3o com o Mundo | Primeira live de 2024 explora o Doutorado no Exterior - Centro Universit\u00e1rio Santo Agostinho - UNIFSA<\/title>\n<meta name=\"robots\" content=\"index, follow, max-snippet:-1, max-image-preview:large, max-video-preview:-1\" \/>\n<link rel=\"canonical\" href=\"https:\/\/unifsa.com.br\/site\/conexao-com-o-mundo-primeira-live-de-2024-explora-o-doutorado-no-exterior\/\" \/>\n<meta property=\"og:locale\" content=\"pt_BR\" \/>\n<meta property=\"og:type\" content=\"article\" \/>\n<meta property=\"og:title\" content=\"Conex\u00e3o com o Mundo | Primeira live de 2024 explora o Doutorado no Exterior - Centro Universit\u00e1rio Santo Agostinho - UNIFSA\" \/>\n<meta property=\"og:description\" content=\"O Centro Universit\u00e1rio Santo Agostinho, por meio do N\u00facleo de Rela\u00e7\u00f5es Internacionais, promoveu nesta ter\u00e7a-feira, 25 de mar\u00e7o, a primeira live do Conex\u00e3o com o Mundo de 2024. O projeto de internacionaliza\u00e7\u00e3o do UNIFSA, intitulado &#8220;Conex\u00e3o com o Mundo&#8221;, realizado de forma virtual, reuniu estudantes, professores e interessados em geral para uma conversa sobre Frequentar\" \/>\n<meta property=\"og:url\" content=\"https:\/\/unifsa.com.br\/site\/conexao-com-o-mundo-primeira-live-de-2024-explora-o-doutorado-no-exterior\/\" \/>\n<meta property=\"og:site_name\" content=\"Centro Universit\u00e1rio Santo Agostinho - UNIFSA\" \/>\n<meta property=\"article:publisher\" content=\"https:\/\/www.facebook.com\/unifsa\/\" \/>\n<meta property=\"article:published_time\" content=\"2024-03-27T00:11:23+00:00\" \/>\n<meta property=\"article:modified_time\" content=\"2024-03-27T00:20:56+00:00\" \/>\n<meta property=\"og:image\" content=\"https:\/\/unifsa.com.br\/site\/wp-content\/uploads\/2024\/03\/IMG_8114.jpeg\" \/>\n\t<meta property=\"og:image:width\" content=\"2364\" \/>\n\t<meta property=\"og:image:height\" content=\"1330\" \/>\n\t<meta property=\"og:image:type\" content=\"image\/jpeg\" \/>\n<meta name=\"author\" content=\"Estev\u00e3o Leite Cordeiro de Souza\" \/>\n<meta name=\"twitter:card\" content=\"summary_large_image\" \/>\n<meta name=\"twitter:label1\" content=\"Escrito por\" \/>\n\t<meta name=\"twitter:data1\" content=\"Estev\u00e3o Leite Cordeiro de Souza\" \/>\n\t<meta name=\"twitter:label2\" content=\"Est. tempo de leitura\" \/>\n\t<meta name=\"twitter:data2\" content=\"5 minutos\" \/>\n<script type=\"application\/ld+json\" class=\"yoast-schema-graph\">{\"@context\":\"https:\/\/schema.org\",\"@graph\":[{\"@type\":\"Article\",\"@id\":\"https:\/\/unifsa.com.br\/site\/conexao-com-o-mundo-primeira-live-de-2024-explora-o-doutorado-no-exterior\/#article\",\"isPartOf\":{\"@id\":\"https:\/\/unifsa.com.br\/site\/conexao-com-o-mundo-primeira-live-de-2024-explora-o-doutorado-no-exterior\/\"},\"author\":{\"name\":\"Estev\u00e3o Leite Cordeiro de Souza\",\"@id\":\"https:\/\/unifsa.com.br\/site\/#\/schema\/person\/459d6944d25bd72102b031eb886c7cbf\"},\"headline\":\"Conex\u00e3o com o Mundo | Primeira live de 2024 explora o Doutorado no Exterior\",\"datePublished\":\"2024-03-27T00:11:23+00:00\",\"dateModified\":\"2024-03-27T00:20:56+00:00\",\"mainEntityOfPage\":{\"@id\":\"https:\/\/unifsa.com.br\/site\/conexao-com-o-mundo-primeira-live-de-2024-explora-o-doutorado-no-exterior\/\"},\"wordCount\":644,\"publisher\":{\"@id\":\"https:\/\/unifsa.com.br\/site\/#organization\"},\"image\":{\"@id\":\"https:\/\/unifsa.com.br\/site\/conexao-com-o-mundo-primeira-live-de-2024-explora-o-doutorado-no-exterior\/#primaryimage\"},\"thumbnailUrl\":\"https:\/\/unifsa.com.br\/site\/wp-content\/uploads\/2024\/03\/IMG_8114.jpeg\",\"keywords\":[\"Conex\u00e3o com o Mundo\",\"Doutorado no exterior\",\"Engenharia El\u00e9trica Teresina\",\"evento\",\"Extens\u00e3o\",\"Gradua\u00e7\u00e3o em Engenharia El\u00e9trica\",\"NRI\",\"n\u00facleo de rela\u00e7\u00f5es internacionais\"],\"articleSection\":[\"Acontece na UNIFSA\",\"Engenharia El\u00e9trica\",\"Extens\u00e3o\",\"N\u00facleo de Rela\u00e7\u00f5es Internacionais\"],\"inLanguage\":\"pt-BR\"},{\"@type\":\"WebPage\",\"@id\":\"https:\/\/unifsa.com.br\/site\/conexao-com-o-mundo-primeira-live-de-2024-explora-o-doutorado-no-exterior\/\",\"url\":\"https:\/\/unifsa.com.br\/site\/conexao-com-o-mundo-primeira-live-de-2024-explora-o-doutorado-no-exterior\/\",\"name\":\"Conex\u00e3o com o Mundo | Primeira live de 2024 explora o Doutorado no Exterior - Centro Universit\u00e1rio Santo Agostinho - UNIFSA\",\"isPartOf\":{\"@id\":\"https:\/\/unifsa.com.br\/site\/#website\"},\"primaryImageOfPage\":{\"@id\":\"https:\/\/unifsa.com.br\/site\/conexao-com-o-mundo-primeira-live-de-2024-explora-o-doutorado-no-exterior\/#primaryimage\"},\"image\":{\"@id\":\"https:\/\/unifsa.com.br\/site\/conexao-com-o-mundo-primeira-live-de-2024-explora-o-doutorado-no-exterior\/#primaryimage\"},\"thumbnailUrl\":\"https:\/\/unifsa.com.br\/site\/wp-content\/uploads\/2024\/03\/IMG_8114.jpeg\",\"datePublished\":\"2024-03-27T00:11:23+00:00\",\"dateModified\":\"2024-03-27T00:20:56+00:00\",\"breadcrumb\":{\"@id\":\"https:\/\/unifsa.com.br\/site\/conexao-com-o-mundo-primeira-live-de-2024-explora-o-doutorado-no-exterior\/#breadcrumb\"},\"inLanguage\":\"pt-BR\",\"potentialAction\":[{\"@type\":\"ReadAction\",\"target\":[\"https:\/\/unifsa.com.br\/site\/conexao-com-o-mundo-primeira-live-de-2024-explora-o-doutorado-no-exterior\/\"]}]},{\"@type\":\"ImageObject\",\"inLanguage\":\"pt-BR\",\"@id\":\"https:\/\/unifsa.com.br\/site\/conexao-com-o-mundo-primeira-live-de-2024-explora-o-doutorado-no-exterior\/#primaryimage\",\"url\":\"https:\/\/unifsa.com.br\/site\/wp-content\/uploads\/2024\/03\/IMG_8114.jpeg\",\"contentUrl\":\"https:\/\/unifsa.com.br\/site\/wp-content\/uploads\/2024\/03\/IMG_8114.jpeg\",\"width\":2364,\"height\":1330},{\"@type\":\"BreadcrumbList\",\"@id\":\"https:\/\/unifsa.com.br\/site\/conexao-com-o-mundo-primeira-live-de-2024-explora-o-doutorado-no-exterior\/#breadcrumb\",\"itemListElement\":[{\"@type\":\"ListItem\",\"position\":1,\"name\":\"In\u00edcio\",\"item\":\"https:\/\/unifsa.com.br\/site\/\"},{\"@type\":\"ListItem\",\"position\":2,\"name\":\"Conex\u00e3o com o Mundo | Primeira live de 2024 explora o Doutorado no Exterior\"}]},{\"@type\":\"WebSite\",\"@id\":\"https:\/\/unifsa.com.br\/site\/#website\",\"url\":\"https:\/\/unifsa.com.br\/site\/\",\"name\":\"Centro Universit\u00e1rio Santo Agostinho - UNIFSA\",\"description\":\"Conhecimento para toda a vida\",\"publisher\":{\"@id\":\"https:\/\/unifsa.com.br\/site\/#organization\"},\"potentialAction\":[{\"@type\":\"SearchAction\",\"target\":{\"@type\":\"EntryPoint\",\"urlTemplate\":\"https:\/\/unifsa.com.br\/site\/?s={search_term_string}\"},\"query-input\":{\"@type\":\"PropertyValueSpecification\",\"valueRequired\":true,\"valueName\":\"search_term_string\"}}],\"inLanguage\":\"pt-BR\"},{\"@type\":\"Organization\",\"@id\":\"https:\/\/unifsa.com.br\/site\/#organization\",\"name\":\"Centro Universit\u00e1rio Santo Agostinho - UNIFSA\",\"url\":\"https:\/\/unifsa.com.br\/site\/\",\"logo\":{\"@type\":\"ImageObject\",\"inLanguage\":\"pt-BR\",\"@id\":\"https:\/\/unifsa.com.br\/site\/#\/schema\/logo\/image\/\",\"url\":\"https:\/\/unifsa.com.br\/site\/wp-content\/uploads\/2023\/03\/MARCA-UNIFSA-CIC23-q2apjs1mt975cf1wl25b044coj90fwoiee1kya6800.png\",\"contentUrl\":\"https:\/\/unifsa.com.br\/site\/wp-content\/uploads\/2023\/03\/MARCA-UNIFSA-CIC23-q2apjs1mt975cf1wl25b044coj90fwoiee1kya6800.png\",\"width\":103,\"height\":100,\"caption\":\"Centro Universit\u00e1rio Santo Agostinho - UNIFSA\"},\"image\":{\"@id\":\"https:\/\/unifsa.com.br\/site\/#\/schema\/logo\/image\/\"},\"sameAs\":[\"https:\/\/www.facebook.com\/unifsa\/\",\"https:\/\/www.instagram.com\/unifsa\/\"]},{\"@type\":\"Person\",\"@id\":\"https:\/\/unifsa.com.br\/site\/#\/schema\/person\/459d6944d25bd72102b031eb886c7cbf\",\"name\":\"Estev\u00e3o Leite Cordeiro de Souza\",\"image\":{\"@type\":\"ImageObject\",\"inLanguage\":\"pt-BR\",\"@id\":\"https:\/\/unifsa.com.br\/site\/#\/schema\/person\/image\/\",\"url\":\"https:\/\/secure.gravatar.com\/avatar\/b381626173a0b440e86662336f5d92704de1b8100a4cb5a34d6466804eb5c336?s=96&d=mm&r=g\",\"contentUrl\":\"https:\/\/secure.gravatar.com\/avatar\/b381626173a0b440e86662336f5d92704de1b8100a4cb5a34d6466804eb5c336?s=96&d=mm&r=g\",\"caption\":\"Estev\u00e3o Leite Cordeiro de Souza\"},\"url\":\"https:\/\/unifsa.com.br\/site\/author\/estevaocordeiro\/\"}]}<\/script>\n<!-- \/ Yoast SEO plugin. -->","yoast_head_json":{"title":"Conex\u00e3o com o Mundo | Primeira live de 2024 explora o Doutorado no Exterior - Centro Universit\u00e1rio Santo Agostinho - UNIFSA","robots":{"index":"index","follow":"follow","max-snippet":"max-snippet:-1","max-image-preview":"max-image-preview:large","max-video-preview":"max-video-preview:-1"},"canonical":"https:\/\/unifsa.com.br\/site\/conexao-com-o-mundo-primeira-live-de-2024-explora-o-doutorado-no-exterior\/","og_locale":"pt_BR","og_type":"article","og_title":"Conex\u00e3o com o Mundo | Primeira live de 2024 explora o Doutorado no Exterior - Centro Universit\u00e1rio Santo Agostinho - UNIFSA","og_description":"O Centro Universit\u00e1rio Santo Agostinho, por meio do N\u00facleo de Rela\u00e7\u00f5es Internacionais, promoveu nesta ter\u00e7a-feira, 25 de mar\u00e7o, a primeira live do Conex\u00e3o com o Mundo de 2024. O projeto de internacionaliza\u00e7\u00e3o do UNIFSA, intitulado &#8220;Conex\u00e3o com o Mundo&#8221;, realizado de forma virtual, reuniu estudantes, professores e interessados em geral para uma conversa sobre Frequentar","og_url":"https:\/\/unifsa.com.br\/site\/conexao-com-o-mundo-primeira-live-de-2024-explora-o-doutorado-no-exterior\/","og_site_name":"Centro Universit\u00e1rio Santo Agostinho - UNIFSA","article_publisher":"https:\/\/www.facebook.com\/unifsa\/","article_published_time":"2024-03-27T00:11:23+00:00","article_modified_time":"2024-03-27T00:20:56+00:00","og_image":[{"width":2364,"height":1330,"url":"https:\/\/unifsa.com.br\/site\/wp-content\/uploads\/2024\/03\/IMG_8114.jpeg","type":"image\/jpeg"}],"author":"Estev\u00e3o Leite Cordeiro de Souza","twitter_card":"summary_large_image","twitter_misc":{"Escrito por":"Estev\u00e3o Leite Cordeiro de Souza","Est. tempo de leitura":"5 minutos"},"schema":{"@context":"https:\/\/schema.org","@graph":[{"@type":"Article","@id":"https:\/\/unifsa.com.br\/site\/conexao-com-o-mundo-primeira-live-de-2024-explora-o-doutorado-no-exterior\/#article","isPartOf":{"@id":"https:\/\/unifsa.com.br\/site\/conexao-com-o-mundo-primeira-live-de-2024-explora-o-doutorado-no-exterior\/"},"author":{"name":"Estev\u00e3o Leite Cordeiro de Souza","@id":"https:\/\/unifsa.com.br\/site\/#\/schema\/person\/459d6944d25bd72102b031eb886c7cbf"},"headline":"Conex\u00e3o com o Mundo | Primeira live de 2024 explora o Doutorado no Exterior","datePublished":"2024-03-27T00:11:23+00:00","dateModified":"2024-03-27T00:20:56+00:00","mainEntityOfPage":{"@id":"https:\/\/unifsa.com.br\/site\/conexao-com-o-mundo-primeira-live-de-2024-explora-o-doutorado-no-exterior\/"},"wordCount":644,"publisher":{"@id":"https:\/\/unifsa.com.br\/site\/#organization"},"image":{"@id":"https:\/\/unifsa.com.br\/site\/conexao-com-o-mundo-primeira-live-de-2024-explora-o-doutorado-no-exterior\/#primaryimage"},"thumbnailUrl":"https:\/\/unifsa.com.br\/site\/wp-content\/uploads\/2024\/03\/IMG_8114.jpeg","keywords":["Conex\u00e3o com o Mundo","Doutorado no exterior","Engenharia El\u00e9trica Teresina","evento","Extens\u00e3o","Gradua\u00e7\u00e3o em Engenharia El\u00e9trica","NRI","n\u00facleo de rela\u00e7\u00f5es internacionais"],"articleSection":["Acontece na UNIFSA","Engenharia El\u00e9trica","Extens\u00e3o","N\u00facleo de Rela\u00e7\u00f5es Internacionais"],"inLanguage":"pt-BR"},{"@type":"WebPage","@id":"https:\/\/unifsa.com.br\/site\/conexao-com-o-mundo-primeira-live-de-2024-explora-o-doutorado-no-exterior\/","url":"https:\/\/unifsa.com.br\/site\/conexao-com-o-mundo-primeira-live-de-2024-explora-o-doutorado-no-exterior\/","name":"Conex\u00e3o com o Mundo | Primeira live de 2024 explora o Doutorado no Exterior - Centro Universit\u00e1rio Santo Agostinho - UNIFSA","isPartOf":{"@id":"https:\/\/unifsa.com.br\/site\/#website"},"primaryImageOfPage":{"@id":"https:\/\/unifsa.com.br\/site\/conexao-com-o-mundo-primeira-live-de-2024-explora-o-doutorado-no-exterior\/#primaryimage"},"image":{"@id":"https:\/\/unifsa.com.br\/site\/conexao-com-o-mundo-primeira-live-de-2024-explora-o-doutorado-no-exterior\/#primaryimage"},"thumbnailUrl":"https:\/\/unifsa.com.br\/site\/wp-content\/uploads\/2024\/03\/IMG_8114.jpeg","datePublished":"2024-03-27T00:11:23+00:00","dateModified":"2024-03-27T00:20:56+00:00","breadcrumb":{"@id":"https:\/\/unifsa.com.br\/site\/conexao-com-o-mundo-primeira-live-de-2024-explora-o-doutorado-no-exterior\/#breadcrumb"},"inLanguage":"pt-BR","potentialAction":[{"@type":"ReadAction","target":["https:\/\/unifsa.com.br\/site\/conexao-com-o-mundo-primeira-live-de-2024-explora-o-doutorado-no-exterior\/"]}]},{"@type":"ImageObject","inLanguage":"pt-BR","@id":"https:\/\/unifsa.com.br\/site\/conexao-com-o-mundo-primeira-live-de-2024-explora-o-doutorado-no-exterior\/#primaryimage","url":"https:\/\/unifsa.com.br\/site\/wp-content\/uploads\/2024\/03\/IMG_8114.jpeg","contentUrl":"https:\/\/unifsa.com.br\/site\/wp-content\/uploads\/2024\/03\/IMG_8114.jpeg","width":2364,"height":1330},{"@type":"BreadcrumbList","@id":"https:\/\/unifsa.com.br\/site\/conexao-com-o-mundo-primeira-live-de-2024-explora-o-doutorado-no-exterior\/#breadcrumb","itemListElement":[{"@type":"ListItem","position":1,"name":"In\u00edcio","item":"https:\/\/unifsa.com.br\/site\/"},{"@type":"ListItem","position":2,"name":"Conex\u00e3o com o Mundo | Primeira live de 2024 explora o Doutorado no Exterior"}]},{"@type":"WebSite","@id":"https:\/\/unifsa.com.br\/site\/#website","url":"https:\/\/unifsa.com.br\/site\/","name":"Centro Universit\u00e1rio Santo Agostinho - UNIFSA","description":"Conhecimento para toda a vida","publisher":{"@id":"https:\/\/unifsa.com.br\/site\/#organization"},"potentialAction":[{"@type":"SearchAction","target":{"@type":"EntryPoint","urlTemplate":"https:\/\/unifsa.com.br\/site\/?s={search_term_string}"},"query-input":{"@type":"PropertyValueSpecification","valueRequired":true,"valueName":"search_term_string"}}],"inLanguage":"pt-BR"},{"@type":"Organization","@id":"https:\/\/unifsa.com.br\/site\/#organization","name":"Centro Universit\u00e1rio Santo Agostinho - UNIFSA","url":"https:\/\/unifsa.com.br\/site\/","logo":{"@type":"ImageObject","inLanguage":"pt-BR","@id":"https:\/\/unifsa.com.br\/site\/#\/schema\/logo\/image\/","url":"https:\/\/unifsa.com.br\/site\/wp-content\/uploads\/2023\/03\/MARCA-UNIFSA-CIC23-q2apjs1mt975cf1wl25b044coj90fwoiee1kya6800.png","contentUrl":"https:\/\/unifsa.com.br\/site\/wp-content\/uploads\/2023\/03\/MARCA-UNIFSA-CIC23-q2apjs1mt975cf1wl25b044coj90fwoiee1kya6800.png","width":103,"height":100,"caption":"Centro Universit\u00e1rio Santo Agostinho - UNIFSA"},"image":{"@id":"https:\/\/unifsa.com.br\/site\/#\/schema\/logo\/image\/"},"sameAs":["https:\/\/www.facebook.com\/unifsa\/","https:\/\/www.instagram.com\/unifsa\/"]},{"@type":"Person","@id":"https:\/\/unifsa.com.br\/site\/#\/schema\/person\/459d6944d25bd72102b031eb886c7cbf","name":"Estev\u00e3o Leite Cordeiro de Souza","image":{"@type":"ImageObject","inLanguage":"pt-BR","@id":"https:\/\/unifsa.com.br\/site\/#\/schema\/person\/image\/","url":"https:\/\/secure.gravatar.com\/avatar\/b381626173a0b440e86662336f5d92704de1b8100a4cb5a34d6466804eb5c336?s=96&d=mm&r=g","contentUrl":"https:\/\/secure.gravatar.com\/avatar\/b381626173a0b440e86662336f5d92704de1b8100a4cb5a34d6466804eb5c336?s=96&d=mm&r=g","caption":"Estev\u00e3o Leite Cordeiro de Souza"},"url":"https:\/\/unifsa.com.br\/site\/author\/estevaocordeiro\/"}]}},"_links":{"self":[{"href":"https:\/\/unifsa.com.br\/site\/wp-json\/wp\/v2\/posts\/29874","targetHints":{"allow":["GET"]}}],"collection":[{"href":"https:\/\/unifsa.com.br\/site\/wp-json\/wp\/v2\/posts"}],"about":[{"href":"https:\/\/unifsa.com.br\/site\/wp-json\/wp\/v2\/types\/post"}],"author":[{"embeddable":true,"href":"https:\/\/unifsa.com.br\/site\/wp-json\/wp\/v2\/users\/12"}],"replies":[{"embeddable":true,"href":"https:\/\/unifsa.com.br\/site\/wp-json\/wp\/v2\/comments?post=29874"}],"version-history":[{"count":6,"href":"https:\/\/unifsa.com.br\/site\/wp-json\/wp\/v2\/posts\/29874\/revisions"}],"predecessor-version":[{"id":29891,"href":"https:\/\/unifsa.com.br\/site\/wp-json\/wp\/v2\/posts\/29874\/revisions\/29891"}],"wp:featuredmedia":[{"embeddable":true,"href":"https:\/\/unifsa.com.br\/site\/wp-json\/wp\/v2\/media\/29876"}],"wp:attachment":[{"href":"https:\/\/unifsa.com.br\/site\/wp-json\/wp\/v2\/media?parent=29874"}],"wp:term":[{"taxonomy":"category","embeddable":true,"href":"https:\/\/unifsa.com.br\/site\/wp-json\/wp\/v2\/categories?post=29874"},{"taxonomy":"post_tag","embeddable":true,"href":"https:\/\/unifsa.com.br\/site\/wp-json\/wp\/v2\/tags?post=29874"}],"curies":[{"name":"wp","href":"https:\/\/api.w.org\/{rel}","templated":true}]}}