{"id":29542,"date":"2024-03-15T13:22:12","date_gmt":"2024-03-15T16:22:12","guid":{"rendered":"https:\/\/unifsa.com.br\/site\/?p=29542"},"modified":"2024-03-15T16:12:27","modified_gmt":"2024-03-15T19:12:27","slug":"docente-unifsa-e-homenageada-em-cerimonia-do-dia-das-mulheres","status":"publish","type":"post","link":"https:\/\/unifsa.com.br\/site\/docente-unifsa-e-homenageada-em-cerimonia-do-dia-das-mulheres\/","title":{"rendered":"Docente UNIFSA \u00e9 homenageada em cerim\u00f4nia do Dia das Mulheres"},"content":{"rendered":"\n<p class=\"texto-justificado\">A docente do Centro Universit\u00e1rio Santo Agostinho, <strong>Ma. Ana Kelma Cunha Gallas<\/strong>, foi <strong>homenageada e premiada em sess\u00e3o solene em homenagem \u00e0s mulheres<\/strong>, realizada pela Assembleia Legislativa do Piau\u00ed (Alepi) no dia 07 de mar\u00e7o (quinta-feira). Esse reconhecimento foi destinado \u00e0s mulheres que t\u00eam sido fonte de inspira\u00e7\u00e3o para a sociedade piauiense, e Kelma foi apontada por seus relevantes servi\u00e7os prestados ao Estado no campo da doc\u00eancia e jornalismo.<\/p>\n\n\n\n<p class=\"texto-justificado\">Ana Kelma Cunha Gallas \u00e9 docente do UNIFSA desde 2001, quando a institui\u00e7\u00e3o ofertava a gradua\u00e7\u00e3o de Jornalismo. Nos tempos atuais, a docente e pesquisadora ministra aulas da disciplina de Antropologia em cursos como Arquitetura, Psicologia e Fisioterapia. Para ela, ser reconhecida pelo seu trabalho \u00e9 o reflexo de muita dedica\u00e7\u00e3o no que faz: 37 anos dedicados ao jornalismo e 23 anos \u00e0 educa\u00e7\u00e3o.<\/p>\n\n\n\n<blockquote class=\"wp-block-quote texto-justificado is-layout-flow wp-block-quote-is-layout-flow\">\n<p class=\"texto-justificado\">Felizmente, em minha vida, dediquei-me arduamente a estes dois pilares de uma sociedade mais informada, cr\u00edtica e justa. Tanto no jornalismo como na doc\u00eancia, tive a oportunidade de contribuir para a forma\u00e7\u00e3o de cidad\u00e3os conscientes, cr\u00edticos e capazes de exercer seus direitos e deveres com responsabilidade. Durante esse tempo, me empenhei para atuar de forma \u00e9tica e respons\u00e1vel, contribuindo tanto para a forma\u00e7\u00e3o de novos profissionais quanto para a produ\u00e7\u00e3o de conte\u00fado relevante na \u00e1rea da comunica\u00e7\u00e3o. <\/p>\n<cite> Profa. Ma. Ana Kelma Cunha Gallas, docente do UNIFSA<\/cite><\/blockquote>\n\n\n\n<p class=\"texto-justificado\">A docente ainda afirma que essa premia\u00e7\u00e3o, inevitavelmente, acrescenta uma camada de responsabilidade ao seu trabalho. <\/p>\n\n\n\n<blockquote class=\"wp-block-quote texto-justificado is-layout-flow wp-block-quote-is-layout-flow\">\n<p class=\"texto-justificado\">Serve, especialmente, como um lembrete da import\u00e2ncia de cada a\u00e7\u00e3o, cada palavra proferida e cada gesto, sublinhando o impacto que podemos ter no mundo ao nosso redor. Acredito que este pr\u00eamio n\u00e3o apenas honra meu passado e presente profissionais, mas tamb\u00e9m me motiva a continuar buscando a excel\u00eancia, tanto na educa\u00e7\u00e3o quanto no jornalismo, onde espero continuar inspirando as futuras gera\u00e7\u00f5es.<\/p>\n<cite>Profa. Ma. Ana Kelma Cunha Gallas, docente do UNIFSA<\/cite><\/blockquote>\n\n\n\n<p class=\"texto-justificado\">Kelma cr\u00ea que essa homenagem, mais do que reconhecer seus anos de dedica\u00e7\u00e3o e trabalho, ressalta a import\u00e2ncia da mulher no \u00e2mbito profissional e acad\u00eamico. E, como uma profissional, contornada por mulheres de diferentes hist\u00f3rias e carreiras, ela estende essa homenagem recebida a outras mulheres de sua vida.<\/p>\n\n\n\n<blockquote class=\"wp-block-quote texto-justificado is-layout-flow wp-block-quote-is-layout-flow\">\n<p class=\"texto-justificado\">Sem hesita\u00e7\u00e3o, dedico este pr\u00eamio \u00e0s figuras inspiradoras de minha vida: minha av\u00f3, Balbina, e minha m\u00e3e, Yerec\u00ea. Ambas foram e s\u00e3o espelhos do que posso ser, desde no trabalho incans\u00e1vel, na determina\u00e7\u00e3o e no amor pelo conhecimento. Elas me ensinaram, desde cedo, o valor da perseveran\u00e7a e da paix\u00e3o pelo aprendizado. Suas vidas e legados continuam a guiar meu caminho, lembrando-me diariamente da for\u00e7a e da capacidade de supera\u00e7\u00e3o que n\u00f3s, mulheres, possu\u00edmos.<\/p>\n<cite>Profa. Ma. Ana Kelma Cunha Gallas, docente do UNIFSA<\/cite><\/blockquote>\n\n\n\n<p class=\"texto-justificado\">O UNIFSA, alegremente, parabeniza Ana Kelma Cunha Gallas por essa incr\u00edvel conquista, e se orgulha em ter profissionais de sua expertise em nossa grade de professores. <\/p>\n","protected":false},"excerpt":{"rendered":"<p>A docente do Centro Universit\u00e1rio Santo Agostinho, Ma. Ana Kelma Cunha Gallas, foi homenageada e premiada em sess\u00e3o solene em homenagem \u00e0s mulheres, realizada pela Assembleia Legislativa do Piau\u00ed (Alepi) no dia 07 de mar\u00e7o (quinta-feira). Esse reconhecimento foi destinado \u00e0s mulheres que t\u00eam sido fonte de inspira\u00e7\u00e3o para a sociedade piauiense, e Kelma foi<\/p>\n","protected":false},"author":11,"featured_media":29548,"comment_status":"closed","ping_status":"open","sticky":false,"template":"","format":"standard","meta":{"_acf_changed":false,"footnotes":""},"categories":[6,51,61,54],"tags":[1672,1671],"class_list":["post-29542","post","type-post","status-publish","format-standard","has-post-thumbnail","hentry","category-acontece-na-unifsa","category-arquitetura-urbanismo","category-fisioterapia","category-psicologia","tag-mulheres-de-bem-com-a-vida-alepi","tag-premiacao-dia-das-mulheres"],"acf":[],"yoast_head":"<!-- This site is optimized with the Yoast SEO plugin v26.5 - https:\/\/yoast.com\/wordpress\/plugins\/seo\/ -->\n<title>Docente UNIFSA \u00e9 homenageada em cerim\u00f4nia do Dia das Mulheres - Centro Universit\u00e1rio Santo Agostinho - UNIFSA<\/title>\n<meta name=\"robots\" content=\"index, follow, max-snippet:-1, max-image-preview:large, max-video-preview:-1\" \/>\n<link rel=\"canonical\" href=\"https:\/\/unifsa.com.br\/site\/docente-unifsa-e-homenageada-em-cerimonia-do-dia-das-mulheres\/\" \/>\n<meta property=\"og:locale\" content=\"pt_BR\" \/>\n<meta property=\"og:type\" content=\"article\" \/>\n<meta property=\"og:title\" content=\"Docente UNIFSA \u00e9 homenageada em cerim\u00f4nia do Dia das Mulheres - Centro Universit\u00e1rio Santo Agostinho - UNIFSA\" \/>\n<meta property=\"og:description\" content=\"A docente do Centro Universit\u00e1rio Santo Agostinho, Ma. Ana Kelma Cunha Gallas, foi homenageada e premiada em sess\u00e3o solene em homenagem \u00e0s mulheres, realizada pela Assembleia Legislativa do Piau\u00ed (Alepi) no dia 07 de mar\u00e7o (quinta-feira). Esse reconhecimento foi destinado \u00e0s mulheres que t\u00eam sido fonte de inspira\u00e7\u00e3o para a sociedade piauiense, e Kelma foi\" \/>\n<meta property=\"og:url\" content=\"https:\/\/unifsa.com.br\/site\/docente-unifsa-e-homenageada-em-cerimonia-do-dia-das-mulheres\/\" \/>\n<meta property=\"og:site_name\" content=\"Centro Universit\u00e1rio Santo Agostinho - UNIFSA\" \/>\n<meta property=\"article:publisher\" content=\"https:\/\/www.facebook.com\/unifsa\/\" \/>\n<meta property=\"article:published_time\" content=\"2024-03-15T16:22:12+00:00\" \/>\n<meta property=\"article:modified_time\" content=\"2024-03-15T19:12:27+00:00\" \/>\n<meta property=\"og:image\" content=\"https:\/\/unifsa.com.br\/site\/wp-content\/uploads\/2024\/03\/SITE-46.jpg\" \/>\n\t<meta property=\"og:image:width\" content=\"1920\" \/>\n\t<meta property=\"og:image:height\" content=\"805\" \/>\n\t<meta property=\"og:image:type\" content=\"image\/jpeg\" \/>\n<meta name=\"author\" content=\"Oceannyra Kelly da Cruz Silva\" \/>\n<meta name=\"twitter:card\" content=\"summary_large_image\" \/>\n<meta name=\"twitter:label1\" content=\"Escrito por\" \/>\n\t<meta name=\"twitter:data1\" content=\"Oceannyra Kelly da Cruz Silva\" \/>\n\t<meta name=\"twitter:label2\" content=\"Est. tempo de leitura\" \/>\n\t<meta name=\"twitter:data2\" content=\"2 minutos\" \/>\n<script type=\"application\/ld+json\" class=\"yoast-schema-graph\">{\"@context\":\"https:\/\/schema.org\",\"@graph\":[{\"@type\":\"Article\",\"@id\":\"https:\/\/unifsa.com.br\/site\/docente-unifsa-e-homenageada-em-cerimonia-do-dia-das-mulheres\/#article\",\"isPartOf\":{\"@id\":\"https:\/\/unifsa.com.br\/site\/docente-unifsa-e-homenageada-em-cerimonia-do-dia-das-mulheres\/\"},\"author\":{\"name\":\"Oceannyra Kelly da Cruz Silva\",\"@id\":\"https:\/\/unifsa.com.br\/site\/#\/schema\/person\/a4cec94bbc6ddf98f579162824de9bf2\"},\"headline\":\"Docente UNIFSA \u00e9 homenageada em cerim\u00f4nia do Dia das Mulheres\",\"datePublished\":\"2024-03-15T16:22:12+00:00\",\"dateModified\":\"2024-03-15T19:12:27+00:00\",\"mainEntityOfPage\":{\"@id\":\"https:\/\/unifsa.com.br\/site\/docente-unifsa-e-homenageada-em-cerimonia-do-dia-das-mulheres\/\"},\"wordCount\":512,\"publisher\":{\"@id\":\"https:\/\/unifsa.com.br\/site\/#organization\"},\"image\":{\"@id\":\"https:\/\/unifsa.com.br\/site\/docente-unifsa-e-homenageada-em-cerimonia-do-dia-das-mulheres\/#primaryimage\"},\"thumbnailUrl\":\"https:\/\/unifsa.com.br\/site\/wp-content\/uploads\/2024\/03\/SITE-46.jpg\",\"keywords\":[\"Mulheres de Bem com a Vida ALEPI\",\"Premia\u00e7\u00e3o dia das mulheres\"],\"articleSection\":[\"Acontece na UNIFSA\",\"Arquitetura e Urbanismo\",\"Fisioterapia\",\"Psicologia\"],\"inLanguage\":\"pt-BR\"},{\"@type\":\"WebPage\",\"@id\":\"https:\/\/unifsa.com.br\/site\/docente-unifsa-e-homenageada-em-cerimonia-do-dia-das-mulheres\/\",\"url\":\"https:\/\/unifsa.com.br\/site\/docente-unifsa-e-homenageada-em-cerimonia-do-dia-das-mulheres\/\",\"name\":\"Docente UNIFSA \u00e9 homenageada em cerim\u00f4nia do Dia das Mulheres - Centro Universit\u00e1rio Santo Agostinho - UNIFSA\",\"isPartOf\":{\"@id\":\"https:\/\/unifsa.com.br\/site\/#website\"},\"primaryImageOfPage\":{\"@id\":\"https:\/\/unifsa.com.br\/site\/docente-unifsa-e-homenageada-em-cerimonia-do-dia-das-mulheres\/#primaryimage\"},\"image\":{\"@id\":\"https:\/\/unifsa.com.br\/site\/docente-unifsa-e-homenageada-em-cerimonia-do-dia-das-mulheres\/#primaryimage\"},\"thumbnailUrl\":\"https:\/\/unifsa.com.br\/site\/wp-content\/uploads\/2024\/03\/SITE-46.jpg\",\"datePublished\":\"2024-03-15T16:22:12+00:00\",\"dateModified\":\"2024-03-15T19:12:27+00:00\",\"breadcrumb\":{\"@id\":\"https:\/\/unifsa.com.br\/site\/docente-unifsa-e-homenageada-em-cerimonia-do-dia-das-mulheres\/#breadcrumb\"},\"inLanguage\":\"pt-BR\",\"potentialAction\":[{\"@type\":\"ReadAction\",\"target\":[\"https:\/\/unifsa.com.br\/site\/docente-unifsa-e-homenageada-em-cerimonia-do-dia-das-mulheres\/\"]}]},{\"@type\":\"ImageObject\",\"inLanguage\":\"pt-BR\",\"@id\":\"https:\/\/unifsa.com.br\/site\/docente-unifsa-e-homenageada-em-cerimonia-do-dia-das-mulheres\/#primaryimage\",\"url\":\"https:\/\/unifsa.com.br\/site\/wp-content\/uploads\/2024\/03\/SITE-46.jpg\",\"contentUrl\":\"https:\/\/unifsa.com.br\/site\/wp-content\/uploads\/2024\/03\/SITE-46.jpg\",\"width\":1920,\"height\":805},{\"@type\":\"BreadcrumbList\",\"@id\":\"https:\/\/unifsa.com.br\/site\/docente-unifsa-e-homenageada-em-cerimonia-do-dia-das-mulheres\/#breadcrumb\",\"itemListElement\":[{\"@type\":\"ListItem\",\"position\":1,\"name\":\"In\u00edcio\",\"item\":\"https:\/\/unifsa.com.br\/site\/\"},{\"@type\":\"ListItem\",\"position\":2,\"name\":\"Docente UNIFSA \u00e9 homenageada em cerim\u00f4nia do Dia das Mulheres\"}]},{\"@type\":\"WebSite\",\"@id\":\"https:\/\/unifsa.com.br\/site\/#website\",\"url\":\"https:\/\/unifsa.com.br\/site\/\",\"name\":\"Centro Universit\u00e1rio Santo Agostinho - UNIFSA\",\"description\":\"Conhecimento para toda a vida\",\"publisher\":{\"@id\":\"https:\/\/unifsa.com.br\/site\/#organization\"},\"potentialAction\":[{\"@type\":\"SearchAction\",\"target\":{\"@type\":\"EntryPoint\",\"urlTemplate\":\"https:\/\/unifsa.com.br\/site\/?s={search_term_string}\"},\"query-input\":{\"@type\":\"PropertyValueSpecification\",\"valueRequired\":true,\"valueName\":\"search_term_string\"}}],\"inLanguage\":\"pt-BR\"},{\"@type\":\"Organization\",\"@id\":\"https:\/\/unifsa.com.br\/site\/#organization\",\"name\":\"Centro Universit\u00e1rio Santo Agostinho - UNIFSA\",\"url\":\"https:\/\/unifsa.com.br\/site\/\",\"logo\":{\"@type\":\"ImageObject\",\"inLanguage\":\"pt-BR\",\"@id\":\"https:\/\/unifsa.com.br\/site\/#\/schema\/logo\/image\/\",\"url\":\"https:\/\/unifsa.com.br\/site\/wp-content\/uploads\/2023\/03\/MARCA-UNIFSA-CIC23-q2apjs1mt975cf1wl25b044coj90fwoiee1kya6800.png\",\"contentUrl\":\"https:\/\/unifsa.com.br\/site\/wp-content\/uploads\/2023\/03\/MARCA-UNIFSA-CIC23-q2apjs1mt975cf1wl25b044coj90fwoiee1kya6800.png\",\"width\":103,\"height\":100,\"caption\":\"Centro Universit\u00e1rio Santo Agostinho - UNIFSA\"},\"image\":{\"@id\":\"https:\/\/unifsa.com.br\/site\/#\/schema\/logo\/image\/\"},\"sameAs\":[\"https:\/\/www.facebook.com\/unifsa\/\",\"https:\/\/www.instagram.com\/unifsa\/\"]},{\"@type\":\"Person\",\"@id\":\"https:\/\/unifsa.com.br\/site\/#\/schema\/person\/a4cec94bbc6ddf98f579162824de9bf2\",\"name\":\"Oceannyra Kelly da Cruz Silva\",\"image\":{\"@type\":\"ImageObject\",\"inLanguage\":\"pt-BR\",\"@id\":\"https:\/\/unifsa.com.br\/site\/#\/schema\/person\/image\/\",\"url\":\"https:\/\/secure.gravatar.com\/avatar\/05c87cd6fa2c3c73262055bd9341438a47e77a37053b409b3cf4f8df60ea8eb8?s=96&d=mm&r=g\",\"contentUrl\":\"https:\/\/secure.gravatar.com\/avatar\/05c87cd6fa2c3c73262055bd9341438a47e77a37053b409b3cf4f8df60ea8eb8?s=96&d=mm&r=g\",\"caption\":\"Oceannyra Kelly da Cruz Silva\"},\"url\":\"https:\/\/unifsa.com.br\/site\/author\/oceannyrakelly\/\"}]}<\/script>\n<!-- \/ Yoast SEO plugin. -->","yoast_head_json":{"title":"Docente UNIFSA \u00e9 homenageada em cerim\u00f4nia do Dia das Mulheres - Centro Universit\u00e1rio Santo Agostinho - UNIFSA","robots":{"index":"index","follow":"follow","max-snippet":"max-snippet:-1","max-image-preview":"max-image-preview:large","max-video-preview":"max-video-preview:-1"},"canonical":"https:\/\/unifsa.com.br\/site\/docente-unifsa-e-homenageada-em-cerimonia-do-dia-das-mulheres\/","og_locale":"pt_BR","og_type":"article","og_title":"Docente UNIFSA \u00e9 homenageada em cerim\u00f4nia do Dia das Mulheres - Centro Universit\u00e1rio Santo Agostinho - UNIFSA","og_description":"A docente do Centro Universit\u00e1rio Santo Agostinho, Ma. Ana Kelma Cunha Gallas, foi homenageada e premiada em sess\u00e3o solene em homenagem \u00e0s mulheres, realizada pela Assembleia Legislativa do Piau\u00ed (Alepi) no dia 07 de mar\u00e7o (quinta-feira). Esse reconhecimento foi destinado \u00e0s mulheres que t\u00eam sido fonte de inspira\u00e7\u00e3o para a sociedade piauiense, e Kelma foi","og_url":"https:\/\/unifsa.com.br\/site\/docente-unifsa-e-homenageada-em-cerimonia-do-dia-das-mulheres\/","og_site_name":"Centro Universit\u00e1rio Santo Agostinho - UNIFSA","article_publisher":"https:\/\/www.facebook.com\/unifsa\/","article_published_time":"2024-03-15T16:22:12+00:00","article_modified_time":"2024-03-15T19:12:27+00:00","og_image":[{"width":1920,"height":805,"url":"https:\/\/unifsa.com.br\/site\/wp-content\/uploads\/2024\/03\/SITE-46.jpg","type":"image\/jpeg"}],"author":"Oceannyra Kelly da Cruz Silva","twitter_card":"summary_large_image","twitter_misc":{"Escrito por":"Oceannyra Kelly da Cruz Silva","Est. tempo de leitura":"2 minutos"},"schema":{"@context":"https:\/\/schema.org","@graph":[{"@type":"Article","@id":"https:\/\/unifsa.com.br\/site\/docente-unifsa-e-homenageada-em-cerimonia-do-dia-das-mulheres\/#article","isPartOf":{"@id":"https:\/\/unifsa.com.br\/site\/docente-unifsa-e-homenageada-em-cerimonia-do-dia-das-mulheres\/"},"author":{"name":"Oceannyra Kelly da Cruz Silva","@id":"https:\/\/unifsa.com.br\/site\/#\/schema\/person\/a4cec94bbc6ddf98f579162824de9bf2"},"headline":"Docente UNIFSA \u00e9 homenageada em cerim\u00f4nia do Dia das Mulheres","datePublished":"2024-03-15T16:22:12+00:00","dateModified":"2024-03-15T19:12:27+00:00","mainEntityOfPage":{"@id":"https:\/\/unifsa.com.br\/site\/docente-unifsa-e-homenageada-em-cerimonia-do-dia-das-mulheres\/"},"wordCount":512,"publisher":{"@id":"https:\/\/unifsa.com.br\/site\/#organization"},"image":{"@id":"https:\/\/unifsa.com.br\/site\/docente-unifsa-e-homenageada-em-cerimonia-do-dia-das-mulheres\/#primaryimage"},"thumbnailUrl":"https:\/\/unifsa.com.br\/site\/wp-content\/uploads\/2024\/03\/SITE-46.jpg","keywords":["Mulheres de Bem com a Vida ALEPI","Premia\u00e7\u00e3o dia das mulheres"],"articleSection":["Acontece na UNIFSA","Arquitetura e Urbanismo","Fisioterapia","Psicologia"],"inLanguage":"pt-BR"},{"@type":"WebPage","@id":"https:\/\/unifsa.com.br\/site\/docente-unifsa-e-homenageada-em-cerimonia-do-dia-das-mulheres\/","url":"https:\/\/unifsa.com.br\/site\/docente-unifsa-e-homenageada-em-cerimonia-do-dia-das-mulheres\/","name":"Docente UNIFSA \u00e9 homenageada em cerim\u00f4nia do Dia das Mulheres - Centro Universit\u00e1rio Santo Agostinho - UNIFSA","isPartOf":{"@id":"https:\/\/unifsa.com.br\/site\/#website"},"primaryImageOfPage":{"@id":"https:\/\/unifsa.com.br\/site\/docente-unifsa-e-homenageada-em-cerimonia-do-dia-das-mulheres\/#primaryimage"},"image":{"@id":"https:\/\/unifsa.com.br\/site\/docente-unifsa-e-homenageada-em-cerimonia-do-dia-das-mulheres\/#primaryimage"},"thumbnailUrl":"https:\/\/unifsa.com.br\/site\/wp-content\/uploads\/2024\/03\/SITE-46.jpg","datePublished":"2024-03-15T16:22:12+00:00","dateModified":"2024-03-15T19:12:27+00:00","breadcrumb":{"@id":"https:\/\/unifsa.com.br\/site\/docente-unifsa-e-homenageada-em-cerimonia-do-dia-das-mulheres\/#breadcrumb"},"inLanguage":"pt-BR","potentialAction":[{"@type":"ReadAction","target":["https:\/\/unifsa.com.br\/site\/docente-unifsa-e-homenageada-em-cerimonia-do-dia-das-mulheres\/"]}]},{"@type":"ImageObject","inLanguage":"pt-BR","@id":"https:\/\/unifsa.com.br\/site\/docente-unifsa-e-homenageada-em-cerimonia-do-dia-das-mulheres\/#primaryimage","url":"https:\/\/unifsa.com.br\/site\/wp-content\/uploads\/2024\/03\/SITE-46.jpg","contentUrl":"https:\/\/unifsa.com.br\/site\/wp-content\/uploads\/2024\/03\/SITE-46.jpg","width":1920,"height":805},{"@type":"BreadcrumbList","@id":"https:\/\/unifsa.com.br\/site\/docente-unifsa-e-homenageada-em-cerimonia-do-dia-das-mulheres\/#breadcrumb","itemListElement":[{"@type":"ListItem","position":1,"name":"In\u00edcio","item":"https:\/\/unifsa.com.br\/site\/"},{"@type":"ListItem","position":2,"name":"Docente UNIFSA \u00e9 homenageada em cerim\u00f4nia do Dia das Mulheres"}]},{"@type":"WebSite","@id":"https:\/\/unifsa.com.br\/site\/#website","url":"https:\/\/unifsa.com.br\/site\/","name":"Centro Universit\u00e1rio Santo Agostinho - UNIFSA","description":"Conhecimento para toda a vida","publisher":{"@id":"https:\/\/unifsa.com.br\/site\/#organization"},"potentialAction":[{"@type":"SearchAction","target":{"@type":"EntryPoint","urlTemplate":"https:\/\/unifsa.com.br\/site\/?s={search_term_string}"},"query-input":{"@type":"PropertyValueSpecification","valueRequired":true,"valueName":"search_term_string"}}],"inLanguage":"pt-BR"},{"@type":"Organization","@id":"https:\/\/unifsa.com.br\/site\/#organization","name":"Centro Universit\u00e1rio Santo Agostinho - UNIFSA","url":"https:\/\/unifsa.com.br\/site\/","logo":{"@type":"ImageObject","inLanguage":"pt-BR","@id":"https:\/\/unifsa.com.br\/site\/#\/schema\/logo\/image\/","url":"https:\/\/unifsa.com.br\/site\/wp-content\/uploads\/2023\/03\/MARCA-UNIFSA-CIC23-q2apjs1mt975cf1wl25b044coj90fwoiee1kya6800.png","contentUrl":"https:\/\/unifsa.com.br\/site\/wp-content\/uploads\/2023\/03\/MARCA-UNIFSA-CIC23-q2apjs1mt975cf1wl25b044coj90fwoiee1kya6800.png","width":103,"height":100,"caption":"Centro Universit\u00e1rio Santo Agostinho - UNIFSA"},"image":{"@id":"https:\/\/unifsa.com.br\/site\/#\/schema\/logo\/image\/"},"sameAs":["https:\/\/www.facebook.com\/unifsa\/","https:\/\/www.instagram.com\/unifsa\/"]},{"@type":"Person","@id":"https:\/\/unifsa.com.br\/site\/#\/schema\/person\/a4cec94bbc6ddf98f579162824de9bf2","name":"Oceannyra Kelly da Cruz Silva","image":{"@type":"ImageObject","inLanguage":"pt-BR","@id":"https:\/\/unifsa.com.br\/site\/#\/schema\/person\/image\/","url":"https:\/\/secure.gravatar.com\/avatar\/05c87cd6fa2c3c73262055bd9341438a47e77a37053b409b3cf4f8df60ea8eb8?s=96&d=mm&r=g","contentUrl":"https:\/\/secure.gravatar.com\/avatar\/05c87cd6fa2c3c73262055bd9341438a47e77a37053b409b3cf4f8df60ea8eb8?s=96&d=mm&r=g","caption":"Oceannyra Kelly da Cruz Silva"},"url":"https:\/\/unifsa.com.br\/site\/author\/oceannyrakelly\/"}]}},"_links":{"self":[{"href":"https:\/\/unifsa.com.br\/site\/wp-json\/wp\/v2\/posts\/29542","targetHints":{"allow":["GET"]}}],"collection":[{"href":"https:\/\/unifsa.com.br\/site\/wp-json\/wp\/v2\/posts"}],"about":[{"href":"https:\/\/unifsa.com.br\/site\/wp-json\/wp\/v2\/types\/post"}],"author":[{"embeddable":true,"href":"https:\/\/unifsa.com.br\/site\/wp-json\/wp\/v2\/users\/11"}],"replies":[{"embeddable":true,"href":"https:\/\/unifsa.com.br\/site\/wp-json\/wp\/v2\/comments?post=29542"}],"version-history":[{"count":7,"href":"https:\/\/unifsa.com.br\/site\/wp-json\/wp\/v2\/posts\/29542\/revisions"}],"predecessor-version":[{"id":29575,"href":"https:\/\/unifsa.com.br\/site\/wp-json\/wp\/v2\/posts\/29542\/revisions\/29575"}],"wp:featuredmedia":[{"embeddable":true,"href":"https:\/\/unifsa.com.br\/site\/wp-json\/wp\/v2\/media\/29548"}],"wp:attachment":[{"href":"https:\/\/unifsa.com.br\/site\/wp-json\/wp\/v2\/media?parent=29542"}],"wp:term":[{"taxonomy":"category","embeddable":true,"href":"https:\/\/unifsa.com.br\/site\/wp-json\/wp\/v2\/categories?post=29542"},{"taxonomy":"post_tag","embeddable":true,"href":"https:\/\/unifsa.com.br\/site\/wp-json\/wp\/v2\/tags?post=29542"}],"curies":[{"name":"wp","href":"https:\/\/api.w.org\/{rel}","templated":true}]}}