{"id":29224,"date":"2024-02-29T16:55:30","date_gmt":"2024-02-29T19:55:30","guid":{"rendered":"https:\/\/unifsa.com.br\/site\/?p=29224"},"modified":"2024-02-29T17:03:59","modified_gmt":"2024-02-29T20:03:59","slug":"ciencias-contabeis-recebe-secretaria-municipal-de-financas-para-reuniao-sobre-o-naf-2024","status":"publish","type":"post","link":"https:\/\/unifsa.com.br\/site\/ciencias-contabeis-recebe-secretaria-municipal-de-financas-para-reuniao-sobre-o-naf-2024\/","title":{"rendered":"Ci\u00eancias Cont\u00e1beis recebe Secretaria Municipal de Finan\u00e7as para reuni\u00e3o sobre o NAF 2024"},"content":{"rendered":"\n<p class=\"texto-justificado\">O curso de Ci\u00eancias Cont\u00e1beis do Centro Universit\u00e1rio Santo Agostinho recebeu, nesta quinta-feira (29), a auditora fiscal da Secretaria Municipal de Finan\u00e7as de Teresina (SEMF), Juliana Fazolo, para um alinhamento das a\u00e7\u00f5es do N\u00facleo de Apoio Cont\u00e1bil e Fiscal (NAF) da institui\u00e7\u00e3o em 2024. Segundo a representante, o intuito da prefeitura \u00e9 se aproximar cada vez mais dos cidad\u00e3os atrav\u00e9s desse programa acad\u00eamico.<\/p>\n\n\n\n<blockquote class=\"wp-block-quote is-layout-flow wp-block-quote-is-layout-flow\">\n<p class=\"texto-justificado\">A gente quer ampliar o nosso contato com todos os NAFs, porque a gente pode transmitir conhecimento quanto a educa\u00e7\u00e3o fiscal para os alunos e ainda ajudar o contribuinte municipal nas dificuldades de atendimento ou de compreens\u00e3o. \u00c0s vezes, ele n\u00e3o pode ir na SEMF porque est\u00e1 muito longe, ou por conta do hor\u00e1rio de funcionamento. E alguns NAFs funcionam no per\u00edodo da tarde, outros de manh\u00e3, ent\u00e3o o contribuinte pode enxergar o NAF como um parceiro da Secretaria de Finan\u00e7as para atender as necessidades deles.<\/p>\n<cite>Juliana Fazolo, auditora fiscal da Secretaria Municipal de Finan\u00e7as de Teresina (SEMF).<\/cite><\/blockquote>\n\n\n\n<p class=\"texto-justificado\">Al\u00e9m de aproximar e facilitar o acesso da popula\u00e7\u00e3o ao setor p\u00fablico financeiro, parceria entre SEMF e NAF UNIFSA \u00e9 de extrema import\u00e2ncia para a forma\u00e7\u00e3o dos alunos da institui\u00e7\u00e3o.<\/p>\n\n\n\n<blockquote class=\"wp-block-quote is-layout-flow wp-block-quote-is-layout-flow\">\n<p class=\"texto-justificado\">\u00c9 importante para os alunos que est\u00e3o inseridos no NAF terem esse tipo de conhecimento, at\u00e9 porque faz parte da atua\u00e7\u00e3o pr\u00e1tica de um contador. Eles est\u00e3o tendo contato com aquilo que eles v\u00e3o ter na vida profissional assim que se formarem. O NAF funciona efetivamente como um elo entre a teoria que n\u00f3s temos em sala de aula, que n\u00f3s trabalhamos com os alunos, e a pr\u00e1tica que eles v\u00e3o ter na vida profissional. E \u00e9 sempre importante a gente est\u00e1 fazendo esse tipo de alinhamento com os \u00f3rg\u00e3os que promovem, que fazem parte da administra\u00e7\u00e3o tribut\u00e1ria, justamente para que esses alunos tenham a conformidade com aquilo que \u00e9 prescrito, com aquilo que eles devem atender aos contribuintes, atender aos seus futuros clientes.<\/p>\n<cite>Prof. Me. Leonardo da Rocha Brito, docente de Ci\u00eancias Cont\u00e1beis do UNIFSA e coordenador do NAF.<\/cite><\/blockquote>\n\n\n\n<p class=\"texto-justificado\">O coordenador do curso de Ci\u00eancias Cont\u00e1beis do UNIFSA, Prof. Dr. Josimar Alc\u00e2ntara de Oliveira, afirma que essa experi\u00eancia de estagiar no NAF, que deixou de ser um projeto de extens\u00e3o e passou a ser um programa institucional, faz com que os alunos do curso se destaquem no mercado de trabalho, pois j\u00e1 completa a gradua\u00e7\u00e3o com experi\u00eancia na \u00e1rea.<\/p>\n\n\n\n<blockquote class=\"wp-block-quote is-layout-flow wp-block-quote-is-layout-flow\">\n<p class=\"texto-justificado\">N\u00f3s estamos observando, a cada semestre, que n\u00f3s fazemos abertura de edital de convoca\u00e7\u00e3o para a sele\u00e7\u00e3o desses alunos, e quando chega no final do semestre, o mercado j\u00e1 absorve esses alunos para trabalhar nos seus escrit\u00f3rios e tamb\u00e9m em empresas, exatamente pelo conhecimento adquirido.<\/p>\n<cite>Prof. Dr. Josimar Alc\u00e2ntara de Oliveira, coordenador de Ci\u00eancias Cont\u00e1beis UNIFSA.<\/cite><\/blockquote>\n\n\n\n<p class=\"texto-justificado\">Liderado pelo Prof. Me. Leonardo Brito, o NAF do UNIFSA teve in\u00edcio em 2017, e somou mais de 400 atendimentos em 2023.2. A meta \u00e9 aumentar a visibilidade do programa e poder auxiliar ainda mais a popula\u00e7\u00e3o.<\/p>\n\n\n\n<div class=\"wp-block-buttons is-content-justification-center is-layout-flex wp-container-core-buttons-is-layout-1 wp-block-buttons-is-layout-flex\">\n<div class=\"wp-block-button\"><a class=\"wp-block-button__link has-white-color has-vivid-cyan-blue-background-color has-text-color has-background wp-element-button\" href=\"https:\/\/unifsa.com.br\/site\/servico\/nucleo-de-apoio-contabil-e-fiscal\/\">Saiba mais sobre o NAF<\/a><\/div>\n<\/div>\n","protected":false},"excerpt":{"rendered":"<p>O curso de Ci\u00eancias Cont\u00e1beis do Centro Universit\u00e1rio Santo Agostinho recebeu, nesta quinta-feira (29), a auditora fiscal da Secretaria Municipal de Finan\u00e7as de Teresina (SEMF), Juliana Fazolo, para um alinhamento das a\u00e7\u00f5es do N\u00facleo de Apoio Cont\u00e1bil e Fiscal (NAF) da institui\u00e7\u00e3o em 2024. Segundo a representante, o intuito da prefeitura \u00e9 se aproximar cada<\/p>\n","protected":false},"author":11,"featured_media":29227,"comment_status":"closed","ping_status":"open","sticky":false,"template":"","format":"standard","meta":{"_acf_changed":false,"footnotes":""},"categories":[6,52,975],"tags":[],"class_list":["post-29224","post","type-post","status-publish","format-standard","has-post-thumbnail","hentry","category-acontece-na-unifsa","category-ciencias-contabeis","category-naf"],"acf":[],"yoast_head":"<!-- This site is optimized with the Yoast SEO plugin v26.5 - https:\/\/yoast.com\/wordpress\/plugins\/seo\/ -->\n<title>Ci\u00eancias Cont\u00e1beis recebe Secretaria Municipal de Finan\u00e7as para reuni\u00e3o sobre o NAF 2024 - Centro Universit\u00e1rio Santo Agostinho - UNIFSA<\/title>\n<meta name=\"robots\" content=\"index, follow, max-snippet:-1, max-image-preview:large, max-video-preview:-1\" \/>\n<link rel=\"canonical\" href=\"https:\/\/unifsa.com.br\/site\/ciencias-contabeis-recebe-secretaria-municipal-de-financas-para-reuniao-sobre-o-naf-2024\/\" \/>\n<meta property=\"og:locale\" content=\"pt_BR\" \/>\n<meta property=\"og:type\" content=\"article\" \/>\n<meta property=\"og:title\" content=\"Ci\u00eancias Cont\u00e1beis recebe Secretaria Municipal de Finan\u00e7as para reuni\u00e3o sobre o NAF 2024 - Centro Universit\u00e1rio Santo Agostinho - UNIFSA\" \/>\n<meta property=\"og:description\" content=\"O curso de Ci\u00eancias Cont\u00e1beis do Centro Universit\u00e1rio Santo Agostinho recebeu, nesta quinta-feira (29), a auditora fiscal da Secretaria Municipal de Finan\u00e7as de Teresina (SEMF), Juliana Fazolo, para um alinhamento das a\u00e7\u00f5es do N\u00facleo de Apoio Cont\u00e1bil e Fiscal (NAF) da institui\u00e7\u00e3o em 2024. Segundo a representante, o intuito da prefeitura \u00e9 se aproximar cada\" \/>\n<meta property=\"og:url\" content=\"https:\/\/unifsa.com.br\/site\/ciencias-contabeis-recebe-secretaria-municipal-de-financas-para-reuniao-sobre-o-naf-2024\/\" \/>\n<meta property=\"og:site_name\" content=\"Centro Universit\u00e1rio Santo Agostinho - UNIFSA\" \/>\n<meta property=\"article:publisher\" content=\"https:\/\/www.facebook.com\/unifsa\/\" \/>\n<meta property=\"article:published_time\" content=\"2024-02-29T19:55:30+00:00\" \/>\n<meta property=\"article:modified_time\" content=\"2024-02-29T20:03:59+00:00\" \/>\n<meta property=\"og:image\" content=\"https:\/\/unifsa.com.br\/site\/wp-content\/uploads\/2024\/02\/WhatsApp-Image-2024-02-29-at-14.36.50-scaled.jpeg\" \/>\n\t<meta property=\"og:image:width\" content=\"2560\" \/>\n\t<meta property=\"og:image:height\" content=\"1440\" \/>\n\t<meta property=\"og:image:type\" content=\"image\/jpeg\" \/>\n<meta name=\"author\" content=\"Oceannyra Kelly da Cruz Silva\" \/>\n<meta name=\"twitter:card\" content=\"summary_large_image\" \/>\n<meta name=\"twitter:label1\" content=\"Escrito por\" \/>\n\t<meta name=\"twitter:data1\" content=\"Oceannyra Kelly da Cruz Silva\" \/>\n\t<meta name=\"twitter:label2\" content=\"Est. tempo de leitura\" \/>\n\t<meta name=\"twitter:data2\" content=\"2 minutos\" \/>\n<script type=\"application\/ld+json\" class=\"yoast-schema-graph\">{\"@context\":\"https:\/\/schema.org\",\"@graph\":[{\"@type\":\"Article\",\"@id\":\"https:\/\/unifsa.com.br\/site\/ciencias-contabeis-recebe-secretaria-municipal-de-financas-para-reuniao-sobre-o-naf-2024\/#article\",\"isPartOf\":{\"@id\":\"https:\/\/unifsa.com.br\/site\/ciencias-contabeis-recebe-secretaria-municipal-de-financas-para-reuniao-sobre-o-naf-2024\/\"},\"author\":{\"name\":\"Oceannyra Kelly da Cruz Silva\",\"@id\":\"https:\/\/unifsa.com.br\/site\/#\/schema\/person\/a4cec94bbc6ddf98f579162824de9bf2\"},\"headline\":\"Ci\u00eancias Cont\u00e1beis recebe Secretaria Municipal de Finan\u00e7as para reuni\u00e3o sobre o NAF 2024\",\"datePublished\":\"2024-02-29T19:55:30+00:00\",\"dateModified\":\"2024-02-29T20:03:59+00:00\",\"mainEntityOfPage\":{\"@id\":\"https:\/\/unifsa.com.br\/site\/ciencias-contabeis-recebe-secretaria-municipal-de-financas-para-reuniao-sobre-o-naf-2024\/\"},\"wordCount\":551,\"publisher\":{\"@id\":\"https:\/\/unifsa.com.br\/site\/#organization\"},\"image\":{\"@id\":\"https:\/\/unifsa.com.br\/site\/ciencias-contabeis-recebe-secretaria-municipal-de-financas-para-reuniao-sobre-o-naf-2024\/#primaryimage\"},\"thumbnailUrl\":\"https:\/\/unifsa.com.br\/site\/wp-content\/uploads\/2024\/02\/WhatsApp-Image-2024-02-29-at-14.36.50-scaled.jpeg\",\"articleSection\":[\"Acontece na UNIFSA\",\"Ci\u00eancias Cont\u00e1beis\",\"NAF\"],\"inLanguage\":\"pt-BR\"},{\"@type\":\"WebPage\",\"@id\":\"https:\/\/unifsa.com.br\/site\/ciencias-contabeis-recebe-secretaria-municipal-de-financas-para-reuniao-sobre-o-naf-2024\/\",\"url\":\"https:\/\/unifsa.com.br\/site\/ciencias-contabeis-recebe-secretaria-municipal-de-financas-para-reuniao-sobre-o-naf-2024\/\",\"name\":\"Ci\u00eancias Cont\u00e1beis recebe Secretaria Municipal de Finan\u00e7as para reuni\u00e3o sobre o NAF 2024 - Centro Universit\u00e1rio Santo Agostinho - UNIFSA\",\"isPartOf\":{\"@id\":\"https:\/\/unifsa.com.br\/site\/#website\"},\"primaryImageOfPage\":{\"@id\":\"https:\/\/unifsa.com.br\/site\/ciencias-contabeis-recebe-secretaria-municipal-de-financas-para-reuniao-sobre-o-naf-2024\/#primaryimage\"},\"image\":{\"@id\":\"https:\/\/unifsa.com.br\/site\/ciencias-contabeis-recebe-secretaria-municipal-de-financas-para-reuniao-sobre-o-naf-2024\/#primaryimage\"},\"thumbnailUrl\":\"https:\/\/unifsa.com.br\/site\/wp-content\/uploads\/2024\/02\/WhatsApp-Image-2024-02-29-at-14.36.50-scaled.jpeg\",\"datePublished\":\"2024-02-29T19:55:30+00:00\",\"dateModified\":\"2024-02-29T20:03:59+00:00\",\"breadcrumb\":{\"@id\":\"https:\/\/unifsa.com.br\/site\/ciencias-contabeis-recebe-secretaria-municipal-de-financas-para-reuniao-sobre-o-naf-2024\/#breadcrumb\"},\"inLanguage\":\"pt-BR\",\"potentialAction\":[{\"@type\":\"ReadAction\",\"target\":[\"https:\/\/unifsa.com.br\/site\/ciencias-contabeis-recebe-secretaria-municipal-de-financas-para-reuniao-sobre-o-naf-2024\/\"]}]},{\"@type\":\"ImageObject\",\"inLanguage\":\"pt-BR\",\"@id\":\"https:\/\/unifsa.com.br\/site\/ciencias-contabeis-recebe-secretaria-municipal-de-financas-para-reuniao-sobre-o-naf-2024\/#primaryimage\",\"url\":\"https:\/\/unifsa.com.br\/site\/wp-content\/uploads\/2024\/02\/WhatsApp-Image-2024-02-29-at-14.36.50-scaled.jpeg\",\"contentUrl\":\"https:\/\/unifsa.com.br\/site\/wp-content\/uploads\/2024\/02\/WhatsApp-Image-2024-02-29-at-14.36.50-scaled.jpeg\",\"width\":2560,\"height\":1440},{\"@type\":\"BreadcrumbList\",\"@id\":\"https:\/\/unifsa.com.br\/site\/ciencias-contabeis-recebe-secretaria-municipal-de-financas-para-reuniao-sobre-o-naf-2024\/#breadcrumb\",\"itemListElement\":[{\"@type\":\"ListItem\",\"position\":1,\"name\":\"In\u00edcio\",\"item\":\"https:\/\/unifsa.com.br\/site\/\"},{\"@type\":\"ListItem\",\"position\":2,\"name\":\"Ci\u00eancias Cont\u00e1beis recebe Secretaria Municipal de Finan\u00e7as para reuni\u00e3o sobre o NAF 2024\"}]},{\"@type\":\"WebSite\",\"@id\":\"https:\/\/unifsa.com.br\/site\/#website\",\"url\":\"https:\/\/unifsa.com.br\/site\/\",\"name\":\"Centro Universit\u00e1rio Santo Agostinho - UNIFSA\",\"description\":\"Conhecimento para toda a vida\",\"publisher\":{\"@id\":\"https:\/\/unifsa.com.br\/site\/#organization\"},\"potentialAction\":[{\"@type\":\"SearchAction\",\"target\":{\"@type\":\"EntryPoint\",\"urlTemplate\":\"https:\/\/unifsa.com.br\/site\/?s={search_term_string}\"},\"query-input\":{\"@type\":\"PropertyValueSpecification\",\"valueRequired\":true,\"valueName\":\"search_term_string\"}}],\"inLanguage\":\"pt-BR\"},{\"@type\":\"Organization\",\"@id\":\"https:\/\/unifsa.com.br\/site\/#organization\",\"name\":\"Centro Universit\u00e1rio Santo Agostinho - UNIFSA\",\"url\":\"https:\/\/unifsa.com.br\/site\/\",\"logo\":{\"@type\":\"ImageObject\",\"inLanguage\":\"pt-BR\",\"@id\":\"https:\/\/unifsa.com.br\/site\/#\/schema\/logo\/image\/\",\"url\":\"https:\/\/unifsa.com.br\/site\/wp-content\/uploads\/2023\/03\/MARCA-UNIFSA-CIC23-q2apjs1mt975cf1wl25b044coj90fwoiee1kya6800.png\",\"contentUrl\":\"https:\/\/unifsa.com.br\/site\/wp-content\/uploads\/2023\/03\/MARCA-UNIFSA-CIC23-q2apjs1mt975cf1wl25b044coj90fwoiee1kya6800.png\",\"width\":103,\"height\":100,\"caption\":\"Centro Universit\u00e1rio Santo Agostinho - UNIFSA\"},\"image\":{\"@id\":\"https:\/\/unifsa.com.br\/site\/#\/schema\/logo\/image\/\"},\"sameAs\":[\"https:\/\/www.facebook.com\/unifsa\/\",\"https:\/\/www.instagram.com\/unifsa\/\"]},{\"@type\":\"Person\",\"@id\":\"https:\/\/unifsa.com.br\/site\/#\/schema\/person\/a4cec94bbc6ddf98f579162824de9bf2\",\"name\":\"Oceannyra Kelly da Cruz Silva\",\"image\":{\"@type\":\"ImageObject\",\"inLanguage\":\"pt-BR\",\"@id\":\"https:\/\/unifsa.com.br\/site\/#\/schema\/person\/image\/\",\"url\":\"https:\/\/secure.gravatar.com\/avatar\/671b9403a3f629391fa303312f7d3867?s=96&d=mm&r=g\",\"contentUrl\":\"https:\/\/secure.gravatar.com\/avatar\/671b9403a3f629391fa303312f7d3867?s=96&d=mm&r=g\",\"caption\":\"Oceannyra Kelly da Cruz Silva\"},\"url\":\"https:\/\/unifsa.com.br\/site\/author\/oceannyrakelly\/\"}]}<\/script>\n<!-- \/ Yoast SEO plugin. -->","yoast_head_json":{"title":"Ci\u00eancias Cont\u00e1beis recebe Secretaria Municipal de Finan\u00e7as para reuni\u00e3o sobre o NAF 2024 - Centro Universit\u00e1rio Santo Agostinho - UNIFSA","robots":{"index":"index","follow":"follow","max-snippet":"max-snippet:-1","max-image-preview":"max-image-preview:large","max-video-preview":"max-video-preview:-1"},"canonical":"https:\/\/unifsa.com.br\/site\/ciencias-contabeis-recebe-secretaria-municipal-de-financas-para-reuniao-sobre-o-naf-2024\/","og_locale":"pt_BR","og_type":"article","og_title":"Ci\u00eancias Cont\u00e1beis recebe Secretaria Municipal de Finan\u00e7as para reuni\u00e3o sobre o NAF 2024 - Centro Universit\u00e1rio Santo Agostinho - UNIFSA","og_description":"O curso de Ci\u00eancias Cont\u00e1beis do Centro Universit\u00e1rio Santo Agostinho recebeu, nesta quinta-feira (29), a auditora fiscal da Secretaria Municipal de Finan\u00e7as de Teresina (SEMF), Juliana Fazolo, para um alinhamento das a\u00e7\u00f5es do N\u00facleo de Apoio Cont\u00e1bil e Fiscal (NAF) da institui\u00e7\u00e3o em 2024. Segundo a representante, o intuito da prefeitura \u00e9 se aproximar cada","og_url":"https:\/\/unifsa.com.br\/site\/ciencias-contabeis-recebe-secretaria-municipal-de-financas-para-reuniao-sobre-o-naf-2024\/","og_site_name":"Centro Universit\u00e1rio Santo Agostinho - UNIFSA","article_publisher":"https:\/\/www.facebook.com\/unifsa\/","article_published_time":"2024-02-29T19:55:30+00:00","article_modified_time":"2024-02-29T20:03:59+00:00","og_image":[{"width":2560,"height":1440,"url":"https:\/\/unifsa.com.br\/site\/wp-content\/uploads\/2024\/02\/WhatsApp-Image-2024-02-29-at-14.36.50-scaled.jpeg","type":"image\/jpeg"}],"author":"Oceannyra Kelly da Cruz Silva","twitter_card":"summary_large_image","twitter_misc":{"Escrito por":"Oceannyra Kelly da Cruz Silva","Est. tempo de leitura":"2 minutos"},"schema":{"@context":"https:\/\/schema.org","@graph":[{"@type":"Article","@id":"https:\/\/unifsa.com.br\/site\/ciencias-contabeis-recebe-secretaria-municipal-de-financas-para-reuniao-sobre-o-naf-2024\/#article","isPartOf":{"@id":"https:\/\/unifsa.com.br\/site\/ciencias-contabeis-recebe-secretaria-municipal-de-financas-para-reuniao-sobre-o-naf-2024\/"},"author":{"name":"Oceannyra Kelly da Cruz Silva","@id":"https:\/\/unifsa.com.br\/site\/#\/schema\/person\/a4cec94bbc6ddf98f579162824de9bf2"},"headline":"Ci\u00eancias Cont\u00e1beis recebe Secretaria Municipal de Finan\u00e7as para reuni\u00e3o sobre o NAF 2024","datePublished":"2024-02-29T19:55:30+00:00","dateModified":"2024-02-29T20:03:59+00:00","mainEntityOfPage":{"@id":"https:\/\/unifsa.com.br\/site\/ciencias-contabeis-recebe-secretaria-municipal-de-financas-para-reuniao-sobre-o-naf-2024\/"},"wordCount":551,"publisher":{"@id":"https:\/\/unifsa.com.br\/site\/#organization"},"image":{"@id":"https:\/\/unifsa.com.br\/site\/ciencias-contabeis-recebe-secretaria-municipal-de-financas-para-reuniao-sobre-o-naf-2024\/#primaryimage"},"thumbnailUrl":"https:\/\/unifsa.com.br\/site\/wp-content\/uploads\/2024\/02\/WhatsApp-Image-2024-02-29-at-14.36.50-scaled.jpeg","articleSection":["Acontece na UNIFSA","Ci\u00eancias Cont\u00e1beis","NAF"],"inLanguage":"pt-BR"},{"@type":"WebPage","@id":"https:\/\/unifsa.com.br\/site\/ciencias-contabeis-recebe-secretaria-municipal-de-financas-para-reuniao-sobre-o-naf-2024\/","url":"https:\/\/unifsa.com.br\/site\/ciencias-contabeis-recebe-secretaria-municipal-de-financas-para-reuniao-sobre-o-naf-2024\/","name":"Ci\u00eancias Cont\u00e1beis recebe Secretaria Municipal de Finan\u00e7as para reuni\u00e3o sobre o NAF 2024 - Centro Universit\u00e1rio Santo Agostinho - UNIFSA","isPartOf":{"@id":"https:\/\/unifsa.com.br\/site\/#website"},"primaryImageOfPage":{"@id":"https:\/\/unifsa.com.br\/site\/ciencias-contabeis-recebe-secretaria-municipal-de-financas-para-reuniao-sobre-o-naf-2024\/#primaryimage"},"image":{"@id":"https:\/\/unifsa.com.br\/site\/ciencias-contabeis-recebe-secretaria-municipal-de-financas-para-reuniao-sobre-o-naf-2024\/#primaryimage"},"thumbnailUrl":"https:\/\/unifsa.com.br\/site\/wp-content\/uploads\/2024\/02\/WhatsApp-Image-2024-02-29-at-14.36.50-scaled.jpeg","datePublished":"2024-02-29T19:55:30+00:00","dateModified":"2024-02-29T20:03:59+00:00","breadcrumb":{"@id":"https:\/\/unifsa.com.br\/site\/ciencias-contabeis-recebe-secretaria-municipal-de-financas-para-reuniao-sobre-o-naf-2024\/#breadcrumb"},"inLanguage":"pt-BR","potentialAction":[{"@type":"ReadAction","target":["https:\/\/unifsa.com.br\/site\/ciencias-contabeis-recebe-secretaria-municipal-de-financas-para-reuniao-sobre-o-naf-2024\/"]}]},{"@type":"ImageObject","inLanguage":"pt-BR","@id":"https:\/\/unifsa.com.br\/site\/ciencias-contabeis-recebe-secretaria-municipal-de-financas-para-reuniao-sobre-o-naf-2024\/#primaryimage","url":"https:\/\/unifsa.com.br\/site\/wp-content\/uploads\/2024\/02\/WhatsApp-Image-2024-02-29-at-14.36.50-scaled.jpeg","contentUrl":"https:\/\/unifsa.com.br\/site\/wp-content\/uploads\/2024\/02\/WhatsApp-Image-2024-02-29-at-14.36.50-scaled.jpeg","width":2560,"height":1440},{"@type":"BreadcrumbList","@id":"https:\/\/unifsa.com.br\/site\/ciencias-contabeis-recebe-secretaria-municipal-de-financas-para-reuniao-sobre-o-naf-2024\/#breadcrumb","itemListElement":[{"@type":"ListItem","position":1,"name":"In\u00edcio","item":"https:\/\/unifsa.com.br\/site\/"},{"@type":"ListItem","position":2,"name":"Ci\u00eancias Cont\u00e1beis recebe Secretaria Municipal de Finan\u00e7as para reuni\u00e3o sobre o NAF 2024"}]},{"@type":"WebSite","@id":"https:\/\/unifsa.com.br\/site\/#website","url":"https:\/\/unifsa.com.br\/site\/","name":"Centro Universit\u00e1rio Santo Agostinho - UNIFSA","description":"Conhecimento para toda a vida","publisher":{"@id":"https:\/\/unifsa.com.br\/site\/#organization"},"potentialAction":[{"@type":"SearchAction","target":{"@type":"EntryPoint","urlTemplate":"https:\/\/unifsa.com.br\/site\/?s={search_term_string}"},"query-input":{"@type":"PropertyValueSpecification","valueRequired":true,"valueName":"search_term_string"}}],"inLanguage":"pt-BR"},{"@type":"Organization","@id":"https:\/\/unifsa.com.br\/site\/#organization","name":"Centro Universit\u00e1rio Santo Agostinho - UNIFSA","url":"https:\/\/unifsa.com.br\/site\/","logo":{"@type":"ImageObject","inLanguage":"pt-BR","@id":"https:\/\/unifsa.com.br\/site\/#\/schema\/logo\/image\/","url":"https:\/\/unifsa.com.br\/site\/wp-content\/uploads\/2023\/03\/MARCA-UNIFSA-CIC23-q2apjs1mt975cf1wl25b044coj90fwoiee1kya6800.png","contentUrl":"https:\/\/unifsa.com.br\/site\/wp-content\/uploads\/2023\/03\/MARCA-UNIFSA-CIC23-q2apjs1mt975cf1wl25b044coj90fwoiee1kya6800.png","width":103,"height":100,"caption":"Centro Universit\u00e1rio Santo Agostinho - UNIFSA"},"image":{"@id":"https:\/\/unifsa.com.br\/site\/#\/schema\/logo\/image\/"},"sameAs":["https:\/\/www.facebook.com\/unifsa\/","https:\/\/www.instagram.com\/unifsa\/"]},{"@type":"Person","@id":"https:\/\/unifsa.com.br\/site\/#\/schema\/person\/a4cec94bbc6ddf98f579162824de9bf2","name":"Oceannyra Kelly da Cruz Silva","image":{"@type":"ImageObject","inLanguage":"pt-BR","@id":"https:\/\/unifsa.com.br\/site\/#\/schema\/person\/image\/","url":"https:\/\/secure.gravatar.com\/avatar\/671b9403a3f629391fa303312f7d3867?s=96&d=mm&r=g","contentUrl":"https:\/\/secure.gravatar.com\/avatar\/671b9403a3f629391fa303312f7d3867?s=96&d=mm&r=g","caption":"Oceannyra Kelly da Cruz Silva"},"url":"https:\/\/unifsa.com.br\/site\/author\/oceannyrakelly\/"}]}},"_links":{"self":[{"href":"https:\/\/unifsa.com.br\/site\/wp-json\/wp\/v2\/posts\/29224","targetHints":{"allow":["GET"]}}],"collection":[{"href":"https:\/\/unifsa.com.br\/site\/wp-json\/wp\/v2\/posts"}],"about":[{"href":"https:\/\/unifsa.com.br\/site\/wp-json\/wp\/v2\/types\/post"}],"author":[{"embeddable":true,"href":"https:\/\/unifsa.com.br\/site\/wp-json\/wp\/v2\/users\/11"}],"replies":[{"embeddable":true,"href":"https:\/\/unifsa.com.br\/site\/wp-json\/wp\/v2\/comments?post=29224"}],"version-history":[{"count":4,"href":"https:\/\/unifsa.com.br\/site\/wp-json\/wp\/v2\/posts\/29224\/revisions"}],"predecessor-version":[{"id":29231,"href":"https:\/\/unifsa.com.br\/site\/wp-json\/wp\/v2\/posts\/29224\/revisions\/29231"}],"wp:featuredmedia":[{"embeddable":true,"href":"https:\/\/unifsa.com.br\/site\/wp-json\/wp\/v2\/media\/29227"}],"wp:attachment":[{"href":"https:\/\/unifsa.com.br\/site\/wp-json\/wp\/v2\/media?parent=29224"}],"wp:term":[{"taxonomy":"category","embeddable":true,"href":"https:\/\/unifsa.com.br\/site\/wp-json\/wp\/v2\/categories?post=29224"},{"taxonomy":"post_tag","embeddable":true,"href":"https:\/\/unifsa.com.br\/site\/wp-json\/wp\/v2\/tags?post=29224"}],"curies":[{"name":"wp","href":"https:\/\/api.w.org\/{rel}","templated":true}]}}