{"id":29202,"date":"2024-02-29T14:51:14","date_gmt":"2024-02-29T17:51:14","guid":{"rendered":"https:\/\/unifsa.com.br\/site\/?p=29202"},"modified":"2025-06-02T09:51:42","modified_gmt":"2025-06-02T12:51:42","slug":"curso-de-ciencias-contabeis-realiza-doacao-ao-lar-da-esperanca-teresina","status":"publish","type":"post","link":"https:\/\/unifsa.com.br\/site\/curso-de-ciencias-contabeis-realiza-doacao-ao-lar-da-esperanca-teresina\/","title":{"rendered":"Curso de Ci\u00eancias Cont\u00e1beis presencial e EAD realiza doa\u00e7\u00e3o ao Lar da Esperan\u00e7a Teresina"},"content":{"rendered":"\n<p class=\"texto-justificado\"><strong>O curso de Ci\u00eancias Cont\u00e1beis do Centro Universit\u00e1rio Santo Agostinho modalides presencial e EAD doaram, nesta quarta-feira (28), alimentos n\u00e3o perec\u00edveis para o Lar da Esperan\u00e7a<\/strong>, institui\u00e7\u00e3o que acolhe pessoas diagnosticadas com o V\u00edrus da Imunodefici\u00eancia Humana (HIV), e est\u00e1 localizada no bairro Samapi, Zona Leste de Teresina. Os materiais doados foram arrecadados nos \u00faltimos eventos realizados pelo curso, Cont\u00e1beis Talk Show e I Gincana Tribut\u00e1ria, e foram recebidos pela t\u00e9cnica de Enfermagem da institui\u00e7\u00e3o, L\u00facia Rodrigues.<\/p>\n\n\n\n<blockquote class=\"wp-block-quote is-layout-flow wp-block-quote-is-layout-flow\">\n<p class=\"texto-justificado\">Agrade\u00e7o, em nome da Dona Gra\u00e7a e do Lar da Esperan\u00e7a, aos alunos do UNIFSA, do curso de Contabilidade, que vieram trazer essa doa\u00e7\u00e3o para n\u00f3s. Para n\u00f3s \u00e9 muito grande. Desejo que voc\u00eas possam vir conhecer a casa, ver como a gente trabalha aqui.<\/p>\n<cite>L\u00facia Rodrigues, t\u00e9cnica de Enfermagem do Lar da Esperan\u00e7a<\/cite><\/blockquote>\n\n\n\n<p class=\"texto-justificado\">A doa\u00e7\u00e3o chegou aos beneficiados atrav\u00e9s do coordenador do curso, Prof. Dr. Josimar Alc\u00e2ntara, que representou seus alunos e o UNIFSA nessa importante a\u00e7\u00e3o. Segundo ele, o Lar da Esperan\u00e7a foi escolhido para receber as doa\u00e7\u00f5es por causa do trabalho desenvolvido h\u00e1 anos pela administradora da institui\u00e7\u00e3o, Gra\u00e7a Cordeiro. <\/p>\n\n\n\n<blockquote class=\"wp-block-quote is-layout-flow wp-block-quote-is-layout-flow\">\n<p class=\"texto-justificado\">A doa\u00e7\u00e3o dos g\u00eaneros n\u00e3o perec\u00edveis foi realizada no Lar da Esperan\u00e7a, pois a Dona Gra\u00e7a Cordeiro \u00e9 t\u00e9cnica em contabilidade. Ent\u00e3o, acompanhando a trajet\u00f3ria dela de longas datas, mais de trinta anos, nada mais justo que destinar esses recursos para uma pessoa que \u00e9 t\u00e3o guerreira e que representa t\u00e3o bem a contabilidade.<\/p>\n<cite>Prof. Dr. Josimar Alcantara de Oliveira, coordenador de Ci\u00eancias Cont\u00e1beis presencial UNIFSA<\/cite><\/blockquote>\n","protected":false},"excerpt":{"rendered":"<p>O curso de Ci\u00eancias Cont\u00e1beis do Centro Universit\u00e1rio Santo Agostinho modalides presencial e EAD doaram, nesta quarta-feira (28), alimentos n\u00e3o perec\u00edveis para o Lar da Esperan\u00e7a, institui\u00e7\u00e3o que acolhe pessoas diagnosticadas com o V\u00edrus da Imunodefici\u00eancia Humana (HIV), e est\u00e1 localizada no bairro Samapi, Zona Leste de Teresina. Os materiais doados foram arrecadados nos \u00faltimos<\/p>\n","protected":false},"author":11,"featured_media":29220,"comment_status":"closed","ping_status":"open","sticky":false,"template":"","format":"standard","meta":{"_acf_changed":false,"footnotes":""},"categories":[6,52,1640],"tags":[1442,1638],"class_list":["post-29202","post","type-post","status-publish","format-standard","has-post-thumbnail","hentry","category-acontece-na-unifsa","category-ciencias-contabeis","category-responsabilidade-social","tag-contabilidade-unifsa","tag-graduacao-contabillidade-teresina"],"acf":[],"yoast_head":"<!-- This site is optimized with the Yoast SEO plugin v26.5 - https:\/\/yoast.com\/wordpress\/plugins\/seo\/ -->\n<title>Curso de Ci\u00eancias Cont\u00e1beis presencial e EAD realiza doa\u00e7\u00e3o ao Lar da Esperan\u00e7a Teresina - Centro Universit\u00e1rio Santo Agostinho - UNIFSA<\/title>\n<meta name=\"robots\" content=\"index, follow, max-snippet:-1, max-image-preview:large, max-video-preview:-1\" \/>\n<link rel=\"canonical\" href=\"https:\/\/unifsa.com.br\/site\/curso-de-ciencias-contabeis-realiza-doacao-ao-lar-da-esperanca-teresina\/\" \/>\n<meta property=\"og:locale\" content=\"pt_BR\" \/>\n<meta property=\"og:type\" content=\"article\" \/>\n<meta property=\"og:title\" content=\"Curso de Ci\u00eancias Cont\u00e1beis presencial e EAD realiza doa\u00e7\u00e3o ao Lar da Esperan\u00e7a Teresina - Centro Universit\u00e1rio Santo Agostinho - UNIFSA\" \/>\n<meta property=\"og:description\" content=\"O curso de Ci\u00eancias Cont\u00e1beis do Centro Universit\u00e1rio Santo Agostinho modalides presencial e EAD doaram, nesta quarta-feira (28), alimentos n\u00e3o perec\u00edveis para o Lar da Esperan\u00e7a, institui\u00e7\u00e3o que acolhe pessoas diagnosticadas com o V\u00edrus da Imunodefici\u00eancia Humana (HIV), e est\u00e1 localizada no bairro Samapi, Zona Leste de Teresina. Os materiais doados foram arrecadados nos \u00faltimos\" \/>\n<meta property=\"og:url\" content=\"https:\/\/unifsa.com.br\/site\/curso-de-ciencias-contabeis-realiza-doacao-ao-lar-da-esperanca-teresina\/\" \/>\n<meta property=\"og:site_name\" content=\"Centro Universit\u00e1rio Santo Agostinho - UNIFSA\" \/>\n<meta property=\"article:publisher\" content=\"https:\/\/www.facebook.com\/unifsa\/\" \/>\n<meta property=\"article:published_time\" content=\"2024-02-29T17:51:14+00:00\" \/>\n<meta property=\"article:modified_time\" content=\"2025-06-02T12:51:42+00:00\" \/>\n<meta property=\"og:image\" content=\"https:\/\/unifsa.com.br\/site\/wp-content\/uploads\/2024\/02\/WhatsApp-Image-2024-02-28-at-15.44.21.jpeg\" \/>\n\t<meta property=\"og:image:width\" content=\"1600\" \/>\n\t<meta property=\"og:image:height\" content=\"900\" \/>\n\t<meta property=\"og:image:type\" content=\"image\/jpeg\" \/>\n<meta name=\"author\" content=\"Oceannyra Kelly da Cruz Silva\" \/>\n<meta name=\"twitter:card\" content=\"summary_large_image\" \/>\n<meta name=\"twitter:label1\" content=\"Escrito por\" \/>\n\t<meta name=\"twitter:data1\" content=\"Oceannyra Kelly da Cruz Silva\" \/>\n\t<meta name=\"twitter:label2\" content=\"Est. tempo de leitura\" \/>\n\t<meta name=\"twitter:data2\" content=\"1 minuto\" \/>\n<script type=\"application\/ld+json\" class=\"yoast-schema-graph\">{\"@context\":\"https:\/\/schema.org\",\"@graph\":[{\"@type\":\"Article\",\"@id\":\"https:\/\/unifsa.com.br\/site\/curso-de-ciencias-contabeis-realiza-doacao-ao-lar-da-esperanca-teresina\/#article\",\"isPartOf\":{\"@id\":\"https:\/\/unifsa.com.br\/site\/curso-de-ciencias-contabeis-realiza-doacao-ao-lar-da-esperanca-teresina\/\"},\"author\":{\"name\":\"Oceannyra Kelly da Cruz Silva\",\"@id\":\"https:\/\/unifsa.com.br\/site\/#\/schema\/person\/a4cec94bbc6ddf98f579162824de9bf2\"},\"headline\":\"Curso de Ci\u00eancias Cont\u00e1beis presencial e EAD realiza doa\u00e7\u00e3o ao Lar da Esperan\u00e7a Teresina\",\"datePublished\":\"2024-02-29T17:51:14+00:00\",\"dateModified\":\"2025-06-02T12:51:42+00:00\",\"mainEntityOfPage\":{\"@id\":\"https:\/\/unifsa.com.br\/site\/curso-de-ciencias-contabeis-realiza-doacao-ao-lar-da-esperanca-teresina\/\"},\"wordCount\":305,\"publisher\":{\"@id\":\"https:\/\/unifsa.com.br\/site\/#organization\"},\"image\":{\"@id\":\"https:\/\/unifsa.com.br\/site\/curso-de-ciencias-contabeis-realiza-doacao-ao-lar-da-esperanca-teresina\/#primaryimage\"},\"thumbnailUrl\":\"https:\/\/unifsa.com.br\/site\/wp-content\/uploads\/2024\/02\/WhatsApp-Image-2024-02-28-at-15.44.21.jpeg\",\"keywords\":[\"Contabilidade UNIFSA\",\"gradua\u00e7\u00e3o contabillidade Teresina\"],\"articleSection\":[\"Acontece na UNIFSA\",\"Ci\u00eancias Cont\u00e1beis\",\"Responsabilidade Social\"],\"inLanguage\":\"pt-BR\"},{\"@type\":\"WebPage\",\"@id\":\"https:\/\/unifsa.com.br\/site\/curso-de-ciencias-contabeis-realiza-doacao-ao-lar-da-esperanca-teresina\/\",\"url\":\"https:\/\/unifsa.com.br\/site\/curso-de-ciencias-contabeis-realiza-doacao-ao-lar-da-esperanca-teresina\/\",\"name\":\"Curso de Ci\u00eancias Cont\u00e1beis presencial e EAD realiza doa\u00e7\u00e3o ao Lar da Esperan\u00e7a Teresina - Centro Universit\u00e1rio Santo Agostinho - UNIFSA\",\"isPartOf\":{\"@id\":\"https:\/\/unifsa.com.br\/site\/#website\"},\"primaryImageOfPage\":{\"@id\":\"https:\/\/unifsa.com.br\/site\/curso-de-ciencias-contabeis-realiza-doacao-ao-lar-da-esperanca-teresina\/#primaryimage\"},\"image\":{\"@id\":\"https:\/\/unifsa.com.br\/site\/curso-de-ciencias-contabeis-realiza-doacao-ao-lar-da-esperanca-teresina\/#primaryimage\"},\"thumbnailUrl\":\"https:\/\/unifsa.com.br\/site\/wp-content\/uploads\/2024\/02\/WhatsApp-Image-2024-02-28-at-15.44.21.jpeg\",\"datePublished\":\"2024-02-29T17:51:14+00:00\",\"dateModified\":\"2025-06-02T12:51:42+00:00\",\"breadcrumb\":{\"@id\":\"https:\/\/unifsa.com.br\/site\/curso-de-ciencias-contabeis-realiza-doacao-ao-lar-da-esperanca-teresina\/#breadcrumb\"},\"inLanguage\":\"pt-BR\",\"potentialAction\":[{\"@type\":\"ReadAction\",\"target\":[\"https:\/\/unifsa.com.br\/site\/curso-de-ciencias-contabeis-realiza-doacao-ao-lar-da-esperanca-teresina\/\"]}]},{\"@type\":\"ImageObject\",\"inLanguage\":\"pt-BR\",\"@id\":\"https:\/\/unifsa.com.br\/site\/curso-de-ciencias-contabeis-realiza-doacao-ao-lar-da-esperanca-teresina\/#primaryimage\",\"url\":\"https:\/\/unifsa.com.br\/site\/wp-content\/uploads\/2024\/02\/WhatsApp-Image-2024-02-28-at-15.44.21.jpeg\",\"contentUrl\":\"https:\/\/unifsa.com.br\/site\/wp-content\/uploads\/2024\/02\/WhatsApp-Image-2024-02-28-at-15.44.21.jpeg\",\"width\":1600,\"height\":900},{\"@type\":\"BreadcrumbList\",\"@id\":\"https:\/\/unifsa.com.br\/site\/curso-de-ciencias-contabeis-realiza-doacao-ao-lar-da-esperanca-teresina\/#breadcrumb\",\"itemListElement\":[{\"@type\":\"ListItem\",\"position\":1,\"name\":\"In\u00edcio\",\"item\":\"https:\/\/unifsa.com.br\/site\/\"},{\"@type\":\"ListItem\",\"position\":2,\"name\":\"Curso de Ci\u00eancias Cont\u00e1beis presencial e EAD realiza doa\u00e7\u00e3o ao Lar da Esperan\u00e7a Teresina\"}]},{\"@type\":\"WebSite\",\"@id\":\"https:\/\/unifsa.com.br\/site\/#website\",\"url\":\"https:\/\/unifsa.com.br\/site\/\",\"name\":\"Centro Universit\u00e1rio Santo Agostinho - UNIFSA\",\"description\":\"Conhecimento para toda a vida\",\"publisher\":{\"@id\":\"https:\/\/unifsa.com.br\/site\/#organization\"},\"potentialAction\":[{\"@type\":\"SearchAction\",\"target\":{\"@type\":\"EntryPoint\",\"urlTemplate\":\"https:\/\/unifsa.com.br\/site\/?s={search_term_string}\"},\"query-input\":{\"@type\":\"PropertyValueSpecification\",\"valueRequired\":true,\"valueName\":\"search_term_string\"}}],\"inLanguage\":\"pt-BR\"},{\"@type\":\"Organization\",\"@id\":\"https:\/\/unifsa.com.br\/site\/#organization\",\"name\":\"Centro Universit\u00e1rio Santo Agostinho - UNIFSA\",\"url\":\"https:\/\/unifsa.com.br\/site\/\",\"logo\":{\"@type\":\"ImageObject\",\"inLanguage\":\"pt-BR\",\"@id\":\"https:\/\/unifsa.com.br\/site\/#\/schema\/logo\/image\/\",\"url\":\"https:\/\/unifsa.com.br\/site\/wp-content\/uploads\/2023\/03\/MARCA-UNIFSA-CIC23-q2apjs1mt975cf1wl25b044coj90fwoiee1kya6800.png\",\"contentUrl\":\"https:\/\/unifsa.com.br\/site\/wp-content\/uploads\/2023\/03\/MARCA-UNIFSA-CIC23-q2apjs1mt975cf1wl25b044coj90fwoiee1kya6800.png\",\"width\":103,\"height\":100,\"caption\":\"Centro Universit\u00e1rio Santo Agostinho - UNIFSA\"},\"image\":{\"@id\":\"https:\/\/unifsa.com.br\/site\/#\/schema\/logo\/image\/\"},\"sameAs\":[\"https:\/\/www.facebook.com\/unifsa\/\",\"https:\/\/www.instagram.com\/unifsa\/\"]},{\"@type\":\"Person\",\"@id\":\"https:\/\/unifsa.com.br\/site\/#\/schema\/person\/a4cec94bbc6ddf98f579162824de9bf2\",\"name\":\"Oceannyra Kelly da Cruz Silva\",\"image\":{\"@type\":\"ImageObject\",\"inLanguage\":\"pt-BR\",\"@id\":\"https:\/\/unifsa.com.br\/site\/#\/schema\/person\/image\/\",\"url\":\"https:\/\/secure.gravatar.com\/avatar\/05c87cd6fa2c3c73262055bd9341438a47e77a37053b409b3cf4f8df60ea8eb8?s=96&d=mm&r=g\",\"contentUrl\":\"https:\/\/secure.gravatar.com\/avatar\/05c87cd6fa2c3c73262055bd9341438a47e77a37053b409b3cf4f8df60ea8eb8?s=96&d=mm&r=g\",\"caption\":\"Oceannyra Kelly da Cruz Silva\"},\"url\":\"https:\/\/unifsa.com.br\/site\/author\/oceannyrakelly\/\"}]}<\/script>\n<!-- \/ Yoast SEO plugin. -->","yoast_head_json":{"title":"Curso de Ci\u00eancias Cont\u00e1beis presencial e EAD realiza doa\u00e7\u00e3o ao Lar da Esperan\u00e7a Teresina - Centro Universit\u00e1rio Santo Agostinho - UNIFSA","robots":{"index":"index","follow":"follow","max-snippet":"max-snippet:-1","max-image-preview":"max-image-preview:large","max-video-preview":"max-video-preview:-1"},"canonical":"https:\/\/unifsa.com.br\/site\/curso-de-ciencias-contabeis-realiza-doacao-ao-lar-da-esperanca-teresina\/","og_locale":"pt_BR","og_type":"article","og_title":"Curso de Ci\u00eancias Cont\u00e1beis presencial e EAD realiza doa\u00e7\u00e3o ao Lar da Esperan\u00e7a Teresina - Centro Universit\u00e1rio Santo Agostinho - UNIFSA","og_description":"O curso de Ci\u00eancias Cont\u00e1beis do Centro Universit\u00e1rio Santo Agostinho modalides presencial e EAD doaram, nesta quarta-feira (28), alimentos n\u00e3o perec\u00edveis para o Lar da Esperan\u00e7a, institui\u00e7\u00e3o que acolhe pessoas diagnosticadas com o V\u00edrus da Imunodefici\u00eancia Humana (HIV), e est\u00e1 localizada no bairro Samapi, Zona Leste de Teresina. Os materiais doados foram arrecadados nos \u00faltimos","og_url":"https:\/\/unifsa.com.br\/site\/curso-de-ciencias-contabeis-realiza-doacao-ao-lar-da-esperanca-teresina\/","og_site_name":"Centro Universit\u00e1rio Santo Agostinho - UNIFSA","article_publisher":"https:\/\/www.facebook.com\/unifsa\/","article_published_time":"2024-02-29T17:51:14+00:00","article_modified_time":"2025-06-02T12:51:42+00:00","og_image":[{"width":1600,"height":900,"url":"https:\/\/unifsa.com.br\/site\/wp-content\/uploads\/2024\/02\/WhatsApp-Image-2024-02-28-at-15.44.21.jpeg","type":"image\/jpeg"}],"author":"Oceannyra Kelly da Cruz Silva","twitter_card":"summary_large_image","twitter_misc":{"Escrito por":"Oceannyra Kelly da Cruz Silva","Est. tempo de leitura":"1 minuto"},"schema":{"@context":"https:\/\/schema.org","@graph":[{"@type":"Article","@id":"https:\/\/unifsa.com.br\/site\/curso-de-ciencias-contabeis-realiza-doacao-ao-lar-da-esperanca-teresina\/#article","isPartOf":{"@id":"https:\/\/unifsa.com.br\/site\/curso-de-ciencias-contabeis-realiza-doacao-ao-lar-da-esperanca-teresina\/"},"author":{"name":"Oceannyra Kelly da Cruz Silva","@id":"https:\/\/unifsa.com.br\/site\/#\/schema\/person\/a4cec94bbc6ddf98f579162824de9bf2"},"headline":"Curso de Ci\u00eancias Cont\u00e1beis presencial e EAD realiza doa\u00e7\u00e3o ao Lar da Esperan\u00e7a Teresina","datePublished":"2024-02-29T17:51:14+00:00","dateModified":"2025-06-02T12:51:42+00:00","mainEntityOfPage":{"@id":"https:\/\/unifsa.com.br\/site\/curso-de-ciencias-contabeis-realiza-doacao-ao-lar-da-esperanca-teresina\/"},"wordCount":305,"publisher":{"@id":"https:\/\/unifsa.com.br\/site\/#organization"},"image":{"@id":"https:\/\/unifsa.com.br\/site\/curso-de-ciencias-contabeis-realiza-doacao-ao-lar-da-esperanca-teresina\/#primaryimage"},"thumbnailUrl":"https:\/\/unifsa.com.br\/site\/wp-content\/uploads\/2024\/02\/WhatsApp-Image-2024-02-28-at-15.44.21.jpeg","keywords":["Contabilidade UNIFSA","gradua\u00e7\u00e3o contabillidade Teresina"],"articleSection":["Acontece na UNIFSA","Ci\u00eancias Cont\u00e1beis","Responsabilidade Social"],"inLanguage":"pt-BR"},{"@type":"WebPage","@id":"https:\/\/unifsa.com.br\/site\/curso-de-ciencias-contabeis-realiza-doacao-ao-lar-da-esperanca-teresina\/","url":"https:\/\/unifsa.com.br\/site\/curso-de-ciencias-contabeis-realiza-doacao-ao-lar-da-esperanca-teresina\/","name":"Curso de Ci\u00eancias Cont\u00e1beis presencial e EAD realiza doa\u00e7\u00e3o ao Lar da Esperan\u00e7a Teresina - Centro Universit\u00e1rio Santo Agostinho - UNIFSA","isPartOf":{"@id":"https:\/\/unifsa.com.br\/site\/#website"},"primaryImageOfPage":{"@id":"https:\/\/unifsa.com.br\/site\/curso-de-ciencias-contabeis-realiza-doacao-ao-lar-da-esperanca-teresina\/#primaryimage"},"image":{"@id":"https:\/\/unifsa.com.br\/site\/curso-de-ciencias-contabeis-realiza-doacao-ao-lar-da-esperanca-teresina\/#primaryimage"},"thumbnailUrl":"https:\/\/unifsa.com.br\/site\/wp-content\/uploads\/2024\/02\/WhatsApp-Image-2024-02-28-at-15.44.21.jpeg","datePublished":"2024-02-29T17:51:14+00:00","dateModified":"2025-06-02T12:51:42+00:00","breadcrumb":{"@id":"https:\/\/unifsa.com.br\/site\/curso-de-ciencias-contabeis-realiza-doacao-ao-lar-da-esperanca-teresina\/#breadcrumb"},"inLanguage":"pt-BR","potentialAction":[{"@type":"ReadAction","target":["https:\/\/unifsa.com.br\/site\/curso-de-ciencias-contabeis-realiza-doacao-ao-lar-da-esperanca-teresina\/"]}]},{"@type":"ImageObject","inLanguage":"pt-BR","@id":"https:\/\/unifsa.com.br\/site\/curso-de-ciencias-contabeis-realiza-doacao-ao-lar-da-esperanca-teresina\/#primaryimage","url":"https:\/\/unifsa.com.br\/site\/wp-content\/uploads\/2024\/02\/WhatsApp-Image-2024-02-28-at-15.44.21.jpeg","contentUrl":"https:\/\/unifsa.com.br\/site\/wp-content\/uploads\/2024\/02\/WhatsApp-Image-2024-02-28-at-15.44.21.jpeg","width":1600,"height":900},{"@type":"BreadcrumbList","@id":"https:\/\/unifsa.com.br\/site\/curso-de-ciencias-contabeis-realiza-doacao-ao-lar-da-esperanca-teresina\/#breadcrumb","itemListElement":[{"@type":"ListItem","position":1,"name":"In\u00edcio","item":"https:\/\/unifsa.com.br\/site\/"},{"@type":"ListItem","position":2,"name":"Curso de Ci\u00eancias Cont\u00e1beis presencial e EAD realiza doa\u00e7\u00e3o ao Lar da Esperan\u00e7a Teresina"}]},{"@type":"WebSite","@id":"https:\/\/unifsa.com.br\/site\/#website","url":"https:\/\/unifsa.com.br\/site\/","name":"Centro Universit\u00e1rio Santo Agostinho - UNIFSA","description":"Conhecimento para toda a vida","publisher":{"@id":"https:\/\/unifsa.com.br\/site\/#organization"},"potentialAction":[{"@type":"SearchAction","target":{"@type":"EntryPoint","urlTemplate":"https:\/\/unifsa.com.br\/site\/?s={search_term_string}"},"query-input":{"@type":"PropertyValueSpecification","valueRequired":true,"valueName":"search_term_string"}}],"inLanguage":"pt-BR"},{"@type":"Organization","@id":"https:\/\/unifsa.com.br\/site\/#organization","name":"Centro Universit\u00e1rio Santo Agostinho - UNIFSA","url":"https:\/\/unifsa.com.br\/site\/","logo":{"@type":"ImageObject","inLanguage":"pt-BR","@id":"https:\/\/unifsa.com.br\/site\/#\/schema\/logo\/image\/","url":"https:\/\/unifsa.com.br\/site\/wp-content\/uploads\/2023\/03\/MARCA-UNIFSA-CIC23-q2apjs1mt975cf1wl25b044coj90fwoiee1kya6800.png","contentUrl":"https:\/\/unifsa.com.br\/site\/wp-content\/uploads\/2023\/03\/MARCA-UNIFSA-CIC23-q2apjs1mt975cf1wl25b044coj90fwoiee1kya6800.png","width":103,"height":100,"caption":"Centro Universit\u00e1rio Santo Agostinho - UNIFSA"},"image":{"@id":"https:\/\/unifsa.com.br\/site\/#\/schema\/logo\/image\/"},"sameAs":["https:\/\/www.facebook.com\/unifsa\/","https:\/\/www.instagram.com\/unifsa\/"]},{"@type":"Person","@id":"https:\/\/unifsa.com.br\/site\/#\/schema\/person\/a4cec94bbc6ddf98f579162824de9bf2","name":"Oceannyra Kelly da Cruz Silva","image":{"@type":"ImageObject","inLanguage":"pt-BR","@id":"https:\/\/unifsa.com.br\/site\/#\/schema\/person\/image\/","url":"https:\/\/secure.gravatar.com\/avatar\/05c87cd6fa2c3c73262055bd9341438a47e77a37053b409b3cf4f8df60ea8eb8?s=96&d=mm&r=g","contentUrl":"https:\/\/secure.gravatar.com\/avatar\/05c87cd6fa2c3c73262055bd9341438a47e77a37053b409b3cf4f8df60ea8eb8?s=96&d=mm&r=g","caption":"Oceannyra Kelly da Cruz Silva"},"url":"https:\/\/unifsa.com.br\/site\/author\/oceannyrakelly\/"}]}},"_links":{"self":[{"href":"https:\/\/unifsa.com.br\/site\/wp-json\/wp\/v2\/posts\/29202","targetHints":{"allow":["GET"]}}],"collection":[{"href":"https:\/\/unifsa.com.br\/site\/wp-json\/wp\/v2\/posts"}],"about":[{"href":"https:\/\/unifsa.com.br\/site\/wp-json\/wp\/v2\/types\/post"}],"author":[{"embeddable":true,"href":"https:\/\/unifsa.com.br\/site\/wp-json\/wp\/v2\/users\/11"}],"replies":[{"embeddable":true,"href":"https:\/\/unifsa.com.br\/site\/wp-json\/wp\/v2\/comments?post=29202"}],"version-history":[{"count":5,"href":"https:\/\/unifsa.com.br\/site\/wp-json\/wp\/v2\/posts\/29202\/revisions"}],"predecessor-version":[{"id":39921,"href":"https:\/\/unifsa.com.br\/site\/wp-json\/wp\/v2\/posts\/29202\/revisions\/39921"}],"wp:featuredmedia":[{"embeddable":true,"href":"https:\/\/unifsa.com.br\/site\/wp-json\/wp\/v2\/media\/29220"}],"wp:attachment":[{"href":"https:\/\/unifsa.com.br\/site\/wp-json\/wp\/v2\/media?parent=29202"}],"wp:term":[{"taxonomy":"category","embeddable":true,"href":"https:\/\/unifsa.com.br\/site\/wp-json\/wp\/v2\/categories?post=29202"},{"taxonomy":"post_tag","embeddable":true,"href":"https:\/\/unifsa.com.br\/site\/wp-json\/wp\/v2\/tags?post=29202"}],"curies":[{"name":"wp","href":"https:\/\/api.w.org\/{rel}","templated":true}]}}