{"id":29052,"date":"2024-02-23T09:22:17","date_gmt":"2024-02-23T12:22:17","guid":{"rendered":"https:\/\/unifsa.com.br\/site\/?p=29052"},"modified":"2024-02-23T09:22:19","modified_gmt":"2024-02-23T12:22:19","slug":"unifsa-e-apoiador-oficial-do-i-congresso-piauiense-da-rede-de-urgencia-e-emergencia","status":"publish","type":"post","link":"https:\/\/unifsa.com.br\/site\/unifsa-e-apoiador-oficial-do-i-congresso-piauiense-da-rede-de-urgencia-e-emergencia\/","title":{"rendered":"UNIFSA \u00e9 apoiador oficial do I Congresso Piauiense da Rede de Urg\u00eancia e Emerg\u00eancia"},"content":{"rendered":"\n<p class=\"texto-justificado\">O Centro Universit\u00e1rio Santo Agostinho tem o prazer de anunciar que \u00e9 apoiador oficial do I Congresso Piauiense da Rede de Urg\u00eancia e Emerg\u00eancia &#8211; RUE, que acontecer\u00e1 de 29 de fevereiro a 02 de mar\u00e7o, no Centro de Conven\u00e7\u00f5es. Durante o evento tamb\u00e9m acontecer\u00e1 o I Simp\u00f3sio de Responsabilidade Social no Atendimento Pr\u00e9-Hospitalar e o I Simp\u00f3sio Multiprofissional de Urg\u00eancias Pedi\u00e1tricas. <\/p>\n\n\n<div class=\"wp-block-image\">\n<figure class=\"alignleft size-full is-resized\"><img fetchpriority=\"high\" decoding=\"async\" src=\"https:\/\/unifsa.com.br\/site\/wp-content\/uploads\/2024\/02\/midi_WhatsApp_Image_2024-01-26_at_13.45.31.jpeg\" alt=\"\" class=\"wp-image-29074\" width=\"357\" height=\"185\" srcset=\"https:\/\/unifsa.com.br\/site\/wp-content\/uploads\/2024\/02\/midi_WhatsApp_Image_2024-01-26_at_13.45.31.jpeg 355w, https:\/\/unifsa.com.br\/site\/wp-content\/uploads\/2024\/02\/midi_WhatsApp_Image_2024-01-26_at_13.45.31-300x155.jpeg 300w\" sizes=\"(max-width: 357px) 100vw, 357px\" \/><\/figure>\n<\/div>\n\n\n<p class=\"texto-justificado\">Realizado pela &nbsp;Secretaria de Estado da Sa\u00fade (Sesapi), o evento prop\u00f5e uma profunda reflex\u00e3o cient\u00edfica sobre os desafios e avan\u00e7os nos servi\u00e7os de urg\u00eancia e emerg\u00eancia no estado. A programa\u00e7\u00e3o tamb\u00e9m conta confer\u00eancias, talk-shows, pain\u00e9is, relatos de experi\u00eancia, apresenta\u00e7\u00f5es de trabalhos cient\u00edficos e trilhas com simula\u00e7\u00e3o real\u00edstica.&nbsp;<\/p>\n\n\n\n<p class=\"texto-justificado\">Segundo a coordenadora do curso de Enfermagem do UNIFSA, Profa. Ma. Karla Joelma Bezerra Cunha, esse congresso aparece para debater, entre em alunos de gradua\u00e7\u00e3o, um assunto bastante relevante no cen\u00e1rio da sa\u00fade piauiense.<\/p>\n\n\n\n<blockquote class=\"wp-block-quote is-layout-flow wp-block-quote-is-layout-flow\">\n<p class=\"texto-justificado\">N\u00f3s recebemos a visita de membros da SESAP para fazer esse convite para o UNIFSA, para que os nossos alunos e professores possam estar participando do evento. Ent\u00e3o, eles t\u00eam como objetivo fortalecer a intera\u00e7\u00e3o servi\u00e7o-escola, e o Congresso \u00e9 um evento que promove esse fortalecimento, essa intera\u00e7\u00e3o. Na oportunidade, ser\u00e3o discutidos v\u00e1rios temas relacionados a essa rede de urg\u00eancia e emerg\u00eancia, para que a gente possa alinhar os conhecimentos a n\u00edvel de gradua\u00e7\u00e3o, a n\u00edvel de academia, com o cen\u00e1rio que n\u00f3s temos atualmente, tanto o cen\u00e1rio epidemiol\u00f3gico como o pr\u00f3prio contexto de sa\u00fade no que se refere ao atendimento de urg\u00eancias e emerg\u00eancias.<\/p>\n<cite>Profa. Ma. Karla Joelma Bezerra Cunha, coordenadora de Enfermagem do UNIFSA<\/cite><\/blockquote>\n\n\n\n<div class=\"wp-block-buttons is-content-justification-center is-layout-flex wp-container-core-buttons-is-layout-16018d1d wp-block-buttons-is-layout-flex\">\n<div class=\"wp-block-button\"><a class=\"wp-block-button__link has-white-color has-vivid-cyan-blue-background-color has-text-color has-background wp-element-button\" href=\"https:\/\/www.saude.pi.gov.br\/noticias\/2024-01-26\/12529\/piaui-realiza-1-congresso-da-rede-de-urgencia-e-emergencia-e-abre-inscricoes-para-profissionais-e-estudante-da-area-de-saude.html\">Saiba mais sobre o Congresso<\/a><\/div>\n<\/div>\n","protected":false},"excerpt":{"rendered":"<p>O Centro Universit\u00e1rio Santo Agostinho tem o prazer de anunciar que \u00e9 apoiador oficial do I Congresso Piauiense da Rede de Urg\u00eancia e Emerg\u00eancia &#8211; RUE, que acontecer\u00e1 de 29 de fevereiro a 02 de mar\u00e7o, no Centro de Conven\u00e7\u00f5es. Durante o evento tamb\u00e9m acontecer\u00e1 o I Simp\u00f3sio de Responsabilidade Social no Atendimento Pr\u00e9-Hospitalar e<\/p>\n","protected":false},"author":11,"featured_media":29073,"comment_status":"closed","ping_status":"open","sticky":false,"template":"","format":"standard","meta":{"_acf_changed":false,"footnotes":""},"categories":[6,59],"tags":[1604,1606,1607,1605],"class_list":["post-29052","post","type-post","status-publish","format-standard","has-post-thumbnail","hentry","category-acontece-na-unifsa","category-enfermagem","tag-i-congresso-piauiense-da-rede-de-urgencia-e-emergencia","tag-i-simposio-de-responsabilidade-social-no-atendimento-pre-hospitalar","tag-i-simposio-multiprofissional-de-urgencias-pediatricas","tag-rede-de-urgencia-e-emergencia"],"acf":[],"yoast_head":"<!-- This site is optimized with the Yoast SEO plugin v26.5 - https:\/\/yoast.com\/wordpress\/plugins\/seo\/ -->\n<title>UNIFSA \u00e9 apoiador oficial do I Congresso Piauiense da Rede de Urg\u00eancia e Emerg\u00eancia - Centro Universit\u00e1rio Santo Agostinho - UNIFSA<\/title>\n<meta name=\"robots\" content=\"index, follow, max-snippet:-1, max-image-preview:large, max-video-preview:-1\" \/>\n<link rel=\"canonical\" href=\"https:\/\/unifsa.com.br\/site\/unifsa-e-apoiador-oficial-do-i-congresso-piauiense-da-rede-de-urgencia-e-emergencia\/\" \/>\n<meta property=\"og:locale\" content=\"pt_BR\" \/>\n<meta property=\"og:type\" content=\"article\" \/>\n<meta property=\"og:title\" content=\"UNIFSA \u00e9 apoiador oficial do I Congresso Piauiense da Rede de Urg\u00eancia e Emerg\u00eancia - Centro Universit\u00e1rio Santo Agostinho - UNIFSA\" \/>\n<meta property=\"og:description\" content=\"O Centro Universit\u00e1rio Santo Agostinho tem o prazer de anunciar que \u00e9 apoiador oficial do I Congresso Piauiense da Rede de Urg\u00eancia e Emerg\u00eancia &#8211; RUE, que acontecer\u00e1 de 29 de fevereiro a 02 de mar\u00e7o, no Centro de Conven\u00e7\u00f5es. Durante o evento tamb\u00e9m acontecer\u00e1 o I Simp\u00f3sio de Responsabilidade Social no Atendimento Pr\u00e9-Hospitalar e\" \/>\n<meta property=\"og:url\" content=\"https:\/\/unifsa.com.br\/site\/unifsa-e-apoiador-oficial-do-i-congresso-piauiense-da-rede-de-urgencia-e-emergencia\/\" \/>\n<meta property=\"og:site_name\" content=\"Centro Universit\u00e1rio Santo Agostinho - UNIFSA\" \/>\n<meta property=\"article:publisher\" content=\"https:\/\/www.facebook.com\/unifsa\/\" \/>\n<meta property=\"article:published_time\" content=\"2024-02-23T12:22:17+00:00\" \/>\n<meta property=\"article:modified_time\" content=\"2024-02-23T12:22:19+00:00\" \/>\n<meta property=\"og:image\" content=\"https:\/\/unifsa.com.br\/site\/wp-content\/uploads\/2024\/02\/WhatsApp-Image-2024-02-23-at-09.16.48-scaled.jpeg\" \/>\n\t<meta property=\"og:image:width\" content=\"2560\" \/>\n\t<meta property=\"og:image:height\" content=\"1440\" \/>\n\t<meta property=\"og:image:type\" content=\"image\/jpeg\" \/>\n<meta name=\"author\" content=\"Oceannyra Kelly da Cruz Silva\" \/>\n<meta name=\"twitter:card\" content=\"summary_large_image\" \/>\n<meta name=\"twitter:label1\" content=\"Escrito por\" \/>\n\t<meta name=\"twitter:data1\" content=\"Oceannyra Kelly da Cruz Silva\" \/>\n\t<meta name=\"twitter:label2\" content=\"Est. tempo de leitura\" \/>\n\t<meta name=\"twitter:data2\" content=\"2 minutos\" \/>\n<script type=\"application\/ld+json\" class=\"yoast-schema-graph\">{\"@context\":\"https:\/\/schema.org\",\"@graph\":[{\"@type\":\"Article\",\"@id\":\"https:\/\/unifsa.com.br\/site\/unifsa-e-apoiador-oficial-do-i-congresso-piauiense-da-rede-de-urgencia-e-emergencia\/#article\",\"isPartOf\":{\"@id\":\"https:\/\/unifsa.com.br\/site\/unifsa-e-apoiador-oficial-do-i-congresso-piauiense-da-rede-de-urgencia-e-emergencia\/\"},\"author\":{\"name\":\"Oceannyra Kelly da Cruz Silva\",\"@id\":\"https:\/\/unifsa.com.br\/site\/#\/schema\/person\/a4cec94bbc6ddf98f579162824de9bf2\"},\"headline\":\"UNIFSA \u00e9 apoiador oficial do I Congresso Piauiense da Rede de Urg\u00eancia e Emerg\u00eancia\",\"datePublished\":\"2024-02-23T12:22:17+00:00\",\"dateModified\":\"2024-02-23T12:22:19+00:00\",\"mainEntityOfPage\":{\"@id\":\"https:\/\/unifsa.com.br\/site\/unifsa-e-apoiador-oficial-do-i-congresso-piauiense-da-rede-de-urgencia-e-emergencia\/\"},\"wordCount\":329,\"publisher\":{\"@id\":\"https:\/\/unifsa.com.br\/site\/#organization\"},\"image\":{\"@id\":\"https:\/\/unifsa.com.br\/site\/unifsa-e-apoiador-oficial-do-i-congresso-piauiense-da-rede-de-urgencia-e-emergencia\/#primaryimage\"},\"thumbnailUrl\":\"https:\/\/unifsa.com.br\/site\/wp-content\/uploads\/2024\/02\/WhatsApp-Image-2024-02-23-at-09.16.48-scaled.jpeg\",\"keywords\":[\"I Congresso Piauiense da Rede de Urg\u00eancia e Emerg\u00eancia\",\"I Simp\u00f3sio de Responsabilidade Social no Atendimento Pr\u00e9-Hospitalar\",\"I Simp\u00f3sio Multiprofissional de Urg\u00eancias Pedi\u00e1tricas\",\"Rede de Urg\u00eancia e Emerg\u00eancia\"],\"articleSection\":[\"Acontece na UNIFSA\",\"Enfermagem\"],\"inLanguage\":\"pt-BR\"},{\"@type\":\"WebPage\",\"@id\":\"https:\/\/unifsa.com.br\/site\/unifsa-e-apoiador-oficial-do-i-congresso-piauiense-da-rede-de-urgencia-e-emergencia\/\",\"url\":\"https:\/\/unifsa.com.br\/site\/unifsa-e-apoiador-oficial-do-i-congresso-piauiense-da-rede-de-urgencia-e-emergencia\/\",\"name\":\"UNIFSA \u00e9 apoiador oficial do I Congresso Piauiense da Rede de Urg\u00eancia e Emerg\u00eancia - Centro Universit\u00e1rio Santo Agostinho - UNIFSA\",\"isPartOf\":{\"@id\":\"https:\/\/unifsa.com.br\/site\/#website\"},\"primaryImageOfPage\":{\"@id\":\"https:\/\/unifsa.com.br\/site\/unifsa-e-apoiador-oficial-do-i-congresso-piauiense-da-rede-de-urgencia-e-emergencia\/#primaryimage\"},\"image\":{\"@id\":\"https:\/\/unifsa.com.br\/site\/unifsa-e-apoiador-oficial-do-i-congresso-piauiense-da-rede-de-urgencia-e-emergencia\/#primaryimage\"},\"thumbnailUrl\":\"https:\/\/unifsa.com.br\/site\/wp-content\/uploads\/2024\/02\/WhatsApp-Image-2024-02-23-at-09.16.48-scaled.jpeg\",\"datePublished\":\"2024-02-23T12:22:17+00:00\",\"dateModified\":\"2024-02-23T12:22:19+00:00\",\"breadcrumb\":{\"@id\":\"https:\/\/unifsa.com.br\/site\/unifsa-e-apoiador-oficial-do-i-congresso-piauiense-da-rede-de-urgencia-e-emergencia\/#breadcrumb\"},\"inLanguage\":\"pt-BR\",\"potentialAction\":[{\"@type\":\"ReadAction\",\"target\":[\"https:\/\/unifsa.com.br\/site\/unifsa-e-apoiador-oficial-do-i-congresso-piauiense-da-rede-de-urgencia-e-emergencia\/\"]}]},{\"@type\":\"ImageObject\",\"inLanguage\":\"pt-BR\",\"@id\":\"https:\/\/unifsa.com.br\/site\/unifsa-e-apoiador-oficial-do-i-congresso-piauiense-da-rede-de-urgencia-e-emergencia\/#primaryimage\",\"url\":\"https:\/\/unifsa.com.br\/site\/wp-content\/uploads\/2024\/02\/WhatsApp-Image-2024-02-23-at-09.16.48-scaled.jpeg\",\"contentUrl\":\"https:\/\/unifsa.com.br\/site\/wp-content\/uploads\/2024\/02\/WhatsApp-Image-2024-02-23-at-09.16.48-scaled.jpeg\",\"width\":2560,\"height\":1440},{\"@type\":\"BreadcrumbList\",\"@id\":\"https:\/\/unifsa.com.br\/site\/unifsa-e-apoiador-oficial-do-i-congresso-piauiense-da-rede-de-urgencia-e-emergencia\/#breadcrumb\",\"itemListElement\":[{\"@type\":\"ListItem\",\"position\":1,\"name\":\"In\u00edcio\",\"item\":\"https:\/\/unifsa.com.br\/site\/\"},{\"@type\":\"ListItem\",\"position\":2,\"name\":\"UNIFSA \u00e9 apoiador oficial do I Congresso Piauiense da Rede de Urg\u00eancia e Emerg\u00eancia\"}]},{\"@type\":\"WebSite\",\"@id\":\"https:\/\/unifsa.com.br\/site\/#website\",\"url\":\"https:\/\/unifsa.com.br\/site\/\",\"name\":\"Centro Universit\u00e1rio Santo Agostinho - UNIFSA\",\"description\":\"Conhecimento para toda a vida\",\"publisher\":{\"@id\":\"https:\/\/unifsa.com.br\/site\/#organization\"},\"potentialAction\":[{\"@type\":\"SearchAction\",\"target\":{\"@type\":\"EntryPoint\",\"urlTemplate\":\"https:\/\/unifsa.com.br\/site\/?s={search_term_string}\"},\"query-input\":{\"@type\":\"PropertyValueSpecification\",\"valueRequired\":true,\"valueName\":\"search_term_string\"}}],\"inLanguage\":\"pt-BR\"},{\"@type\":\"Organization\",\"@id\":\"https:\/\/unifsa.com.br\/site\/#organization\",\"name\":\"Centro Universit\u00e1rio Santo Agostinho - UNIFSA\",\"url\":\"https:\/\/unifsa.com.br\/site\/\",\"logo\":{\"@type\":\"ImageObject\",\"inLanguage\":\"pt-BR\",\"@id\":\"https:\/\/unifsa.com.br\/site\/#\/schema\/logo\/image\/\",\"url\":\"https:\/\/unifsa.com.br\/site\/wp-content\/uploads\/2023\/03\/MARCA-UNIFSA-CIC23-q2apjs1mt975cf1wl25b044coj90fwoiee1kya6800.png\",\"contentUrl\":\"https:\/\/unifsa.com.br\/site\/wp-content\/uploads\/2023\/03\/MARCA-UNIFSA-CIC23-q2apjs1mt975cf1wl25b044coj90fwoiee1kya6800.png\",\"width\":103,\"height\":100,\"caption\":\"Centro Universit\u00e1rio Santo Agostinho - UNIFSA\"},\"image\":{\"@id\":\"https:\/\/unifsa.com.br\/site\/#\/schema\/logo\/image\/\"},\"sameAs\":[\"https:\/\/www.facebook.com\/unifsa\/\",\"https:\/\/www.instagram.com\/unifsa\/\"]},{\"@type\":\"Person\",\"@id\":\"https:\/\/unifsa.com.br\/site\/#\/schema\/person\/a4cec94bbc6ddf98f579162824de9bf2\",\"name\":\"Oceannyra Kelly da Cruz Silva\",\"image\":{\"@type\":\"ImageObject\",\"inLanguage\":\"pt-BR\",\"@id\":\"https:\/\/unifsa.com.br\/site\/#\/schema\/person\/image\/\",\"url\":\"https:\/\/secure.gravatar.com\/avatar\/05c87cd6fa2c3c73262055bd9341438a47e77a37053b409b3cf4f8df60ea8eb8?s=96&d=mm&r=g\",\"contentUrl\":\"https:\/\/secure.gravatar.com\/avatar\/05c87cd6fa2c3c73262055bd9341438a47e77a37053b409b3cf4f8df60ea8eb8?s=96&d=mm&r=g\",\"caption\":\"Oceannyra Kelly da Cruz Silva\"},\"url\":\"https:\/\/unifsa.com.br\/site\/author\/oceannyrakelly\/\"}]}<\/script>\n<!-- \/ Yoast SEO plugin. -->","yoast_head_json":{"title":"UNIFSA \u00e9 apoiador oficial do I Congresso Piauiense da Rede de Urg\u00eancia e Emerg\u00eancia - Centro Universit\u00e1rio Santo Agostinho - UNIFSA","robots":{"index":"index","follow":"follow","max-snippet":"max-snippet:-1","max-image-preview":"max-image-preview:large","max-video-preview":"max-video-preview:-1"},"canonical":"https:\/\/unifsa.com.br\/site\/unifsa-e-apoiador-oficial-do-i-congresso-piauiense-da-rede-de-urgencia-e-emergencia\/","og_locale":"pt_BR","og_type":"article","og_title":"UNIFSA \u00e9 apoiador oficial do I Congresso Piauiense da Rede de Urg\u00eancia e Emerg\u00eancia - Centro Universit\u00e1rio Santo Agostinho - UNIFSA","og_description":"O Centro Universit\u00e1rio Santo Agostinho tem o prazer de anunciar que \u00e9 apoiador oficial do I Congresso Piauiense da Rede de Urg\u00eancia e Emerg\u00eancia &#8211; RUE, que acontecer\u00e1 de 29 de fevereiro a 02 de mar\u00e7o, no Centro de Conven\u00e7\u00f5es. Durante o evento tamb\u00e9m acontecer\u00e1 o I Simp\u00f3sio de Responsabilidade Social no Atendimento Pr\u00e9-Hospitalar e","og_url":"https:\/\/unifsa.com.br\/site\/unifsa-e-apoiador-oficial-do-i-congresso-piauiense-da-rede-de-urgencia-e-emergencia\/","og_site_name":"Centro Universit\u00e1rio Santo Agostinho - UNIFSA","article_publisher":"https:\/\/www.facebook.com\/unifsa\/","article_published_time":"2024-02-23T12:22:17+00:00","article_modified_time":"2024-02-23T12:22:19+00:00","og_image":[{"width":2560,"height":1440,"url":"https:\/\/unifsa.com.br\/site\/wp-content\/uploads\/2024\/02\/WhatsApp-Image-2024-02-23-at-09.16.48-scaled.jpeg","type":"image\/jpeg"}],"author":"Oceannyra Kelly da Cruz Silva","twitter_card":"summary_large_image","twitter_misc":{"Escrito por":"Oceannyra Kelly da Cruz Silva","Est. tempo de leitura":"2 minutos"},"schema":{"@context":"https:\/\/schema.org","@graph":[{"@type":"Article","@id":"https:\/\/unifsa.com.br\/site\/unifsa-e-apoiador-oficial-do-i-congresso-piauiense-da-rede-de-urgencia-e-emergencia\/#article","isPartOf":{"@id":"https:\/\/unifsa.com.br\/site\/unifsa-e-apoiador-oficial-do-i-congresso-piauiense-da-rede-de-urgencia-e-emergencia\/"},"author":{"name":"Oceannyra Kelly da Cruz Silva","@id":"https:\/\/unifsa.com.br\/site\/#\/schema\/person\/a4cec94bbc6ddf98f579162824de9bf2"},"headline":"UNIFSA \u00e9 apoiador oficial do I Congresso Piauiense da Rede de Urg\u00eancia e Emerg\u00eancia","datePublished":"2024-02-23T12:22:17+00:00","dateModified":"2024-02-23T12:22:19+00:00","mainEntityOfPage":{"@id":"https:\/\/unifsa.com.br\/site\/unifsa-e-apoiador-oficial-do-i-congresso-piauiense-da-rede-de-urgencia-e-emergencia\/"},"wordCount":329,"publisher":{"@id":"https:\/\/unifsa.com.br\/site\/#organization"},"image":{"@id":"https:\/\/unifsa.com.br\/site\/unifsa-e-apoiador-oficial-do-i-congresso-piauiense-da-rede-de-urgencia-e-emergencia\/#primaryimage"},"thumbnailUrl":"https:\/\/unifsa.com.br\/site\/wp-content\/uploads\/2024\/02\/WhatsApp-Image-2024-02-23-at-09.16.48-scaled.jpeg","keywords":["I Congresso Piauiense da Rede de Urg\u00eancia e Emerg\u00eancia","I Simp\u00f3sio de Responsabilidade Social no Atendimento Pr\u00e9-Hospitalar","I Simp\u00f3sio Multiprofissional de Urg\u00eancias Pedi\u00e1tricas","Rede de Urg\u00eancia e Emerg\u00eancia"],"articleSection":["Acontece na UNIFSA","Enfermagem"],"inLanguage":"pt-BR"},{"@type":"WebPage","@id":"https:\/\/unifsa.com.br\/site\/unifsa-e-apoiador-oficial-do-i-congresso-piauiense-da-rede-de-urgencia-e-emergencia\/","url":"https:\/\/unifsa.com.br\/site\/unifsa-e-apoiador-oficial-do-i-congresso-piauiense-da-rede-de-urgencia-e-emergencia\/","name":"UNIFSA \u00e9 apoiador oficial do I Congresso Piauiense da Rede de Urg\u00eancia e Emerg\u00eancia - Centro Universit\u00e1rio Santo Agostinho - UNIFSA","isPartOf":{"@id":"https:\/\/unifsa.com.br\/site\/#website"},"primaryImageOfPage":{"@id":"https:\/\/unifsa.com.br\/site\/unifsa-e-apoiador-oficial-do-i-congresso-piauiense-da-rede-de-urgencia-e-emergencia\/#primaryimage"},"image":{"@id":"https:\/\/unifsa.com.br\/site\/unifsa-e-apoiador-oficial-do-i-congresso-piauiense-da-rede-de-urgencia-e-emergencia\/#primaryimage"},"thumbnailUrl":"https:\/\/unifsa.com.br\/site\/wp-content\/uploads\/2024\/02\/WhatsApp-Image-2024-02-23-at-09.16.48-scaled.jpeg","datePublished":"2024-02-23T12:22:17+00:00","dateModified":"2024-02-23T12:22:19+00:00","breadcrumb":{"@id":"https:\/\/unifsa.com.br\/site\/unifsa-e-apoiador-oficial-do-i-congresso-piauiense-da-rede-de-urgencia-e-emergencia\/#breadcrumb"},"inLanguage":"pt-BR","potentialAction":[{"@type":"ReadAction","target":["https:\/\/unifsa.com.br\/site\/unifsa-e-apoiador-oficial-do-i-congresso-piauiense-da-rede-de-urgencia-e-emergencia\/"]}]},{"@type":"ImageObject","inLanguage":"pt-BR","@id":"https:\/\/unifsa.com.br\/site\/unifsa-e-apoiador-oficial-do-i-congresso-piauiense-da-rede-de-urgencia-e-emergencia\/#primaryimage","url":"https:\/\/unifsa.com.br\/site\/wp-content\/uploads\/2024\/02\/WhatsApp-Image-2024-02-23-at-09.16.48-scaled.jpeg","contentUrl":"https:\/\/unifsa.com.br\/site\/wp-content\/uploads\/2024\/02\/WhatsApp-Image-2024-02-23-at-09.16.48-scaled.jpeg","width":2560,"height":1440},{"@type":"BreadcrumbList","@id":"https:\/\/unifsa.com.br\/site\/unifsa-e-apoiador-oficial-do-i-congresso-piauiense-da-rede-de-urgencia-e-emergencia\/#breadcrumb","itemListElement":[{"@type":"ListItem","position":1,"name":"In\u00edcio","item":"https:\/\/unifsa.com.br\/site\/"},{"@type":"ListItem","position":2,"name":"UNIFSA \u00e9 apoiador oficial do I Congresso Piauiense da Rede de Urg\u00eancia e Emerg\u00eancia"}]},{"@type":"WebSite","@id":"https:\/\/unifsa.com.br\/site\/#website","url":"https:\/\/unifsa.com.br\/site\/","name":"Centro Universit\u00e1rio Santo Agostinho - UNIFSA","description":"Conhecimento para toda a vida","publisher":{"@id":"https:\/\/unifsa.com.br\/site\/#organization"},"potentialAction":[{"@type":"SearchAction","target":{"@type":"EntryPoint","urlTemplate":"https:\/\/unifsa.com.br\/site\/?s={search_term_string}"},"query-input":{"@type":"PropertyValueSpecification","valueRequired":true,"valueName":"search_term_string"}}],"inLanguage":"pt-BR"},{"@type":"Organization","@id":"https:\/\/unifsa.com.br\/site\/#organization","name":"Centro Universit\u00e1rio Santo Agostinho - UNIFSA","url":"https:\/\/unifsa.com.br\/site\/","logo":{"@type":"ImageObject","inLanguage":"pt-BR","@id":"https:\/\/unifsa.com.br\/site\/#\/schema\/logo\/image\/","url":"https:\/\/unifsa.com.br\/site\/wp-content\/uploads\/2023\/03\/MARCA-UNIFSA-CIC23-q2apjs1mt975cf1wl25b044coj90fwoiee1kya6800.png","contentUrl":"https:\/\/unifsa.com.br\/site\/wp-content\/uploads\/2023\/03\/MARCA-UNIFSA-CIC23-q2apjs1mt975cf1wl25b044coj90fwoiee1kya6800.png","width":103,"height":100,"caption":"Centro Universit\u00e1rio Santo Agostinho - UNIFSA"},"image":{"@id":"https:\/\/unifsa.com.br\/site\/#\/schema\/logo\/image\/"},"sameAs":["https:\/\/www.facebook.com\/unifsa\/","https:\/\/www.instagram.com\/unifsa\/"]},{"@type":"Person","@id":"https:\/\/unifsa.com.br\/site\/#\/schema\/person\/a4cec94bbc6ddf98f579162824de9bf2","name":"Oceannyra Kelly da Cruz Silva","image":{"@type":"ImageObject","inLanguage":"pt-BR","@id":"https:\/\/unifsa.com.br\/site\/#\/schema\/person\/image\/","url":"https:\/\/secure.gravatar.com\/avatar\/05c87cd6fa2c3c73262055bd9341438a47e77a37053b409b3cf4f8df60ea8eb8?s=96&d=mm&r=g","contentUrl":"https:\/\/secure.gravatar.com\/avatar\/05c87cd6fa2c3c73262055bd9341438a47e77a37053b409b3cf4f8df60ea8eb8?s=96&d=mm&r=g","caption":"Oceannyra Kelly da Cruz Silva"},"url":"https:\/\/unifsa.com.br\/site\/author\/oceannyrakelly\/"}]}},"_links":{"self":[{"href":"https:\/\/unifsa.com.br\/site\/wp-json\/wp\/v2\/posts\/29052","targetHints":{"allow":["GET"]}}],"collection":[{"href":"https:\/\/unifsa.com.br\/site\/wp-json\/wp\/v2\/posts"}],"about":[{"href":"https:\/\/unifsa.com.br\/site\/wp-json\/wp\/v2\/types\/post"}],"author":[{"embeddable":true,"href":"https:\/\/unifsa.com.br\/site\/wp-json\/wp\/v2\/users\/11"}],"replies":[{"embeddable":true,"href":"https:\/\/unifsa.com.br\/site\/wp-json\/wp\/v2\/comments?post=29052"}],"version-history":[{"count":3,"href":"https:\/\/unifsa.com.br\/site\/wp-json\/wp\/v2\/posts\/29052\/revisions"}],"predecessor-version":[{"id":29075,"href":"https:\/\/unifsa.com.br\/site\/wp-json\/wp\/v2\/posts\/29052\/revisions\/29075"}],"wp:featuredmedia":[{"embeddable":true,"href":"https:\/\/unifsa.com.br\/site\/wp-json\/wp\/v2\/media\/29073"}],"wp:attachment":[{"href":"https:\/\/unifsa.com.br\/site\/wp-json\/wp\/v2\/media?parent=29052"}],"wp:term":[{"taxonomy":"category","embeddable":true,"href":"https:\/\/unifsa.com.br\/site\/wp-json\/wp\/v2\/categories?post=29052"},{"taxonomy":"post_tag","embeddable":true,"href":"https:\/\/unifsa.com.br\/site\/wp-json\/wp\/v2\/tags?post=29052"}],"curies":[{"name":"wp","href":"https:\/\/api.w.org\/{rel}","templated":true}]}}