{"id":28875,"date":"2024-02-06T07:30:00","date_gmt":"2024-02-06T10:30:00","guid":{"rendered":"https:\/\/unifsa.com.br\/site\/?p=28875"},"modified":"2024-02-21T10:52:46","modified_gmt":"2024-02-21T13:52:46","slug":"primeira-chamada-prouni-2024-1","status":"publish","type":"post","link":"https:\/\/unifsa.com.br\/site\/primeira-chamada-prouni-2024-1\/","title":{"rendered":"Primeira Chamada PROUNI 2024.1"},"content":{"rendered":"\n<p>Informamos que o prazo para o envio dos documentos, a fim de comprovar as informa\u00e7\u00f5es, pelos estudantes classificados na 1\u00aa chamada do Programa Universidade Para Todos (PROUNI) 2024.1, ser\u00e1 de 06 a 20 de fevereiro de 2024. A documenta\u00e7\u00e3o deve ser enviada para o e-mail: <a>prouni@unifsa.com.br<\/a>.<\/p>\n\n\n\n<ul class=\"wp-block-list\">\n<li>Todos os documentos devem ser enviados em formato PDF, sendo que cada documento deve estar em um PDF distinto. Todos os documentos devem ser anexados em um \u00fanico e-mail.<\/li>\n\n\n\n<li>Ao inserir no assunto, utilize: &#8220;Primeira Chamada PROUNI 2024.1&#8221;, seguido do nome completo e do curso.<\/li>\n\n\n\n<li>Os documentos devem ser enviados atrav\u00e9s do e\u2010mail pessoal do aluno.<\/li>\n\n\n\n<li>Devido \u00e0 Lei Geral de Prote\u00e7\u00e3o de Dados (LGPD), qualquer comunica\u00e7\u00e3o com alunos maiores de 18 anos ser\u00e1 realizada exclusivamente com o pr\u00f3prio aluno. No caso de alunos menores de idade, a comunica\u00e7\u00e3o ser\u00e1 feita apenas com o respons\u00e1vel legal.<\/li>\n<\/ul>\n\n\n\n<h3 class=\"wp-block-heading has-text-color\" style=\"color:#024168\">Documenta\u00e7\u00e3o do Aluno (Indispens\u00e1veis para a valida\u00e7\u00e3o):<\/h3>\n\n\n\n<ul class=\"wp-block-list\">\n<li>Ficha de Inscri\u00e7\u00e3o;<\/li>\n\n\n\n<li>RG e CPF;<\/li>\n\n\n\n<li>T\u00edtulo Eleitoral;<\/li>\n\n\n\n<li>Reservista (para Homens);<\/li>\n\n\n\n<li>Certificado e Hist\u00f3rico do Ensino M\u00e9dio (ou Declara\u00e7\u00e3o de Conclus\u00e3o);<\/li>\n\n\n\n<li>Carteira de Trabalho F\u00edsica ou Digital &#8211; Caso N\u00e3o Haja Renda Declarada; F\u00edsica (Frente e Verso da Foto e P\u00e1gina do \u00daltimo Contrato de Trabalho Assinado e a P\u00e1gina Seguinte);<\/li>\n\n\n\n<li>Comprovante de Renda \u2013 Contracheque dos \u00daltimos 03 Meses ou Declara\u00e7\u00e3o do Imposto de Renda (caso a pessoa seja respons\u00e1vel pela declara\u00e7\u00e3o de renda no Grupo Familiar);<\/li>\n\n\n\n<li>Certid\u00e3o de Nascimento ou Casamento (caso o aluno seja casado);<\/li>\n\n\n\n<li>Comprovante de Resid\u00eancia (em nome do aluno ou de algum membro do Grupo Familiar).<\/li>\n<\/ul>\n\n\n\n<h3 class=\"wp-block-heading has-text-color\" style=\"color:#024168\">Do grupo familiar:<\/h3>\n\n\n\n<ul class=\"wp-block-list\">\n<li>RG e CPF;<\/li>\n\n\n\n<li>Carteira de Trabalho (F\u00edsica ou Digital) de todos os indiv\u00edduos maiores de 14 Anos (exceto aqueles que declararam a renda);<\/li>\n\n\n\n<li>Para quem declarou a renda: apresentar o contracheque dos \u00faltimos 03 meses ou Declara\u00e7\u00e3o do Imposto de Renda;<\/li>\n\n\n\n<li>Se houver alguma crian\u00e7a no Grupo Familiar que n\u00e3o possua CPF, anexar Certid\u00e3o de Nascimento.<\/li>\n<\/ul>\n\n\n\n<div style=\"height:10px\" aria-hidden=\"true\" class=\"wp-block-spacer\"><\/div>\n\n\n\n<div class=\"wp-block-buttons is-content-justification-center is-layout-flex wp-container-core-buttons-is-layout-16018d1d wp-block-buttons-is-layout-flex\">\n<div class=\"wp-block-button\"><a class=\"wp-block-button__link has-white-color has-light-green-cyan-to-vivid-green-cyan-gradient-background has-text-color has-background has-text-align-center wp-element-button\" href=\"https:\/\/wa.me\/558631420785\" target=\"_blank\" rel=\"noreferrer noopener\"><strong>Fale com o setor do PROUNI<\/strong><\/a><\/div>\n<\/div>\n","protected":false},"excerpt":{"rendered":"<p>Informamos que o prazo para o envio dos documentos, a fim de comprovar as informa\u00e7\u00f5es, pelos estudantes classificados na 1\u00aa chamada do Programa Universidade Para Todos (PROUNI) 2024.1, ser\u00e1 de 06 a 20 de fevereiro de 2024. A documenta\u00e7\u00e3o deve ser enviada para o e-mail: prouni@unifsa.com.br. Documenta\u00e7\u00e3o do Aluno (Indispens\u00e1veis para a valida\u00e7\u00e3o): Do grupo<\/p>\n","protected":false},"author":12,"featured_media":28876,"comment_status":"closed","ping_status":"open","sticky":false,"template":"","format":"standard","meta":{"_acf_changed":false,"footnotes":""},"categories":[6],"tags":[],"class_list":["post-28875","post","type-post","status-publish","format-standard","has-post-thumbnail","hentry","category-acontece-na-unifsa"],"acf":[],"yoast_head":"<!-- This site is optimized with the Yoast SEO plugin v26.5 - https:\/\/yoast.com\/wordpress\/plugins\/seo\/ -->\n<title>Primeira Chamada PROUNI 2024.1 - Centro Universit\u00e1rio Santo Agostinho - UNIFSA<\/title>\n<meta name=\"robots\" content=\"index, follow, max-snippet:-1, max-image-preview:large, max-video-preview:-1\" \/>\n<link rel=\"canonical\" href=\"https:\/\/unifsa.com.br\/site\/primeira-chamada-prouni-2024-1\/\" \/>\n<meta property=\"og:locale\" content=\"pt_BR\" \/>\n<meta property=\"og:type\" content=\"article\" \/>\n<meta property=\"og:title\" content=\"Primeira Chamada PROUNI 2024.1 - Centro Universit\u00e1rio Santo Agostinho - UNIFSA\" \/>\n<meta property=\"og:description\" content=\"Informamos que o prazo para o envio dos documentos, a fim de comprovar as informa\u00e7\u00f5es, pelos estudantes classificados na 1\u00aa chamada do Programa Universidade Para Todos (PROUNI) 2024.1, ser\u00e1 de 06 a 20 de fevereiro de 2024. A documenta\u00e7\u00e3o deve ser enviada para o e-mail: prouni@unifsa.com.br. Documenta\u00e7\u00e3o do Aluno (Indispens\u00e1veis para a valida\u00e7\u00e3o): Do grupo\" \/>\n<meta property=\"og:url\" content=\"https:\/\/unifsa.com.br\/site\/primeira-chamada-prouni-2024-1\/\" \/>\n<meta property=\"og:site_name\" content=\"Centro Universit\u00e1rio Santo Agostinho - UNIFSA\" \/>\n<meta property=\"article:publisher\" content=\"https:\/\/www.facebook.com\/unifsa\/\" \/>\n<meta property=\"article:published_time\" content=\"2024-02-06T10:30:00+00:00\" \/>\n<meta property=\"article:modified_time\" content=\"2024-02-21T13:52:46+00:00\" \/>\n<meta property=\"og:image\" content=\"https:\/\/unifsa.com.br\/site\/wp-content\/uploads\/2024\/02\/SITE-8.png\" \/>\n\t<meta property=\"og:image:width\" content=\"1920\" \/>\n\t<meta property=\"og:image:height\" content=\"805\" \/>\n\t<meta property=\"og:image:type\" content=\"image\/png\" \/>\n<meta name=\"author\" content=\"Estev\u00e3o Leite Cordeiro de Souza\" \/>\n<meta name=\"twitter:card\" content=\"summary_large_image\" \/>\n<meta name=\"twitter:label1\" content=\"Escrito por\" \/>\n\t<meta name=\"twitter:data1\" content=\"Estev\u00e3o Leite Cordeiro de Souza\" \/>\n\t<meta name=\"twitter:label2\" content=\"Est. tempo de leitura\" \/>\n\t<meta name=\"twitter:data2\" content=\"2 minutos\" \/>\n<script type=\"application\/ld+json\" class=\"yoast-schema-graph\">{\"@context\":\"https:\/\/schema.org\",\"@graph\":[{\"@type\":\"Article\",\"@id\":\"https:\/\/unifsa.com.br\/site\/primeira-chamada-prouni-2024-1\/#article\",\"isPartOf\":{\"@id\":\"https:\/\/unifsa.com.br\/site\/primeira-chamada-prouni-2024-1\/\"},\"author\":{\"name\":\"Estev\u00e3o Leite Cordeiro de Souza\",\"@id\":\"https:\/\/unifsa.com.br\/site\/#\/schema\/person\/459d6944d25bd72102b031eb886c7cbf\"},\"headline\":\"Primeira Chamada PROUNI 2024.1\",\"datePublished\":\"2024-02-06T10:30:00+00:00\",\"dateModified\":\"2024-02-21T13:52:46+00:00\",\"mainEntityOfPage\":{\"@id\":\"https:\/\/unifsa.com.br\/site\/primeira-chamada-prouni-2024-1\/\"},\"wordCount\":344,\"publisher\":{\"@id\":\"https:\/\/unifsa.com.br\/site\/#organization\"},\"image\":{\"@id\":\"https:\/\/unifsa.com.br\/site\/primeira-chamada-prouni-2024-1\/#primaryimage\"},\"thumbnailUrl\":\"https:\/\/unifsa.com.br\/site\/wp-content\/uploads\/2024\/02\/SITE-8.png\",\"articleSection\":[\"Acontece na UNIFSA\"],\"inLanguage\":\"pt-BR\"},{\"@type\":\"WebPage\",\"@id\":\"https:\/\/unifsa.com.br\/site\/primeira-chamada-prouni-2024-1\/\",\"url\":\"https:\/\/unifsa.com.br\/site\/primeira-chamada-prouni-2024-1\/\",\"name\":\"Primeira Chamada PROUNI 2024.1 - Centro Universit\u00e1rio Santo Agostinho - UNIFSA\",\"isPartOf\":{\"@id\":\"https:\/\/unifsa.com.br\/site\/#website\"},\"primaryImageOfPage\":{\"@id\":\"https:\/\/unifsa.com.br\/site\/primeira-chamada-prouni-2024-1\/#primaryimage\"},\"image\":{\"@id\":\"https:\/\/unifsa.com.br\/site\/primeira-chamada-prouni-2024-1\/#primaryimage\"},\"thumbnailUrl\":\"https:\/\/unifsa.com.br\/site\/wp-content\/uploads\/2024\/02\/SITE-8.png\",\"datePublished\":\"2024-02-06T10:30:00+00:00\",\"dateModified\":\"2024-02-21T13:52:46+00:00\",\"breadcrumb\":{\"@id\":\"https:\/\/unifsa.com.br\/site\/primeira-chamada-prouni-2024-1\/#breadcrumb\"},\"inLanguage\":\"pt-BR\",\"potentialAction\":[{\"@type\":\"ReadAction\",\"target\":[\"https:\/\/unifsa.com.br\/site\/primeira-chamada-prouni-2024-1\/\"]}]},{\"@type\":\"ImageObject\",\"inLanguage\":\"pt-BR\",\"@id\":\"https:\/\/unifsa.com.br\/site\/primeira-chamada-prouni-2024-1\/#primaryimage\",\"url\":\"https:\/\/unifsa.com.br\/site\/wp-content\/uploads\/2024\/02\/SITE-8.png\",\"contentUrl\":\"https:\/\/unifsa.com.br\/site\/wp-content\/uploads\/2024\/02\/SITE-8.png\",\"width\":1920,\"height\":805},{\"@type\":\"BreadcrumbList\",\"@id\":\"https:\/\/unifsa.com.br\/site\/primeira-chamada-prouni-2024-1\/#breadcrumb\",\"itemListElement\":[{\"@type\":\"ListItem\",\"position\":1,\"name\":\"In\u00edcio\",\"item\":\"https:\/\/unifsa.com.br\/site\/\"},{\"@type\":\"ListItem\",\"position\":2,\"name\":\"Primeira Chamada PROUNI 2024.1\"}]},{\"@type\":\"WebSite\",\"@id\":\"https:\/\/unifsa.com.br\/site\/#website\",\"url\":\"https:\/\/unifsa.com.br\/site\/\",\"name\":\"Centro Universit\u00e1rio Santo Agostinho - UNIFSA\",\"description\":\"Conhecimento para toda a vida\",\"publisher\":{\"@id\":\"https:\/\/unifsa.com.br\/site\/#organization\"},\"potentialAction\":[{\"@type\":\"SearchAction\",\"target\":{\"@type\":\"EntryPoint\",\"urlTemplate\":\"https:\/\/unifsa.com.br\/site\/?s={search_term_string}\"},\"query-input\":{\"@type\":\"PropertyValueSpecification\",\"valueRequired\":true,\"valueName\":\"search_term_string\"}}],\"inLanguage\":\"pt-BR\"},{\"@type\":\"Organization\",\"@id\":\"https:\/\/unifsa.com.br\/site\/#organization\",\"name\":\"Centro Universit\u00e1rio Santo Agostinho - UNIFSA\",\"url\":\"https:\/\/unifsa.com.br\/site\/\",\"logo\":{\"@type\":\"ImageObject\",\"inLanguage\":\"pt-BR\",\"@id\":\"https:\/\/unifsa.com.br\/site\/#\/schema\/logo\/image\/\",\"url\":\"https:\/\/unifsa.com.br\/site\/wp-content\/uploads\/2023\/03\/MARCA-UNIFSA-CIC23-q2apjs1mt975cf1wl25b044coj90fwoiee1kya6800.png\",\"contentUrl\":\"https:\/\/unifsa.com.br\/site\/wp-content\/uploads\/2023\/03\/MARCA-UNIFSA-CIC23-q2apjs1mt975cf1wl25b044coj90fwoiee1kya6800.png\",\"width\":103,\"height\":100,\"caption\":\"Centro Universit\u00e1rio Santo Agostinho - UNIFSA\"},\"image\":{\"@id\":\"https:\/\/unifsa.com.br\/site\/#\/schema\/logo\/image\/\"},\"sameAs\":[\"https:\/\/www.facebook.com\/unifsa\/\",\"https:\/\/www.instagram.com\/unifsa\/\"]},{\"@type\":\"Person\",\"@id\":\"https:\/\/unifsa.com.br\/site\/#\/schema\/person\/459d6944d25bd72102b031eb886c7cbf\",\"name\":\"Estev\u00e3o Leite Cordeiro de Souza\",\"image\":{\"@type\":\"ImageObject\",\"inLanguage\":\"pt-BR\",\"@id\":\"https:\/\/unifsa.com.br\/site\/#\/schema\/person\/image\/\",\"url\":\"https:\/\/secure.gravatar.com\/avatar\/b381626173a0b440e86662336f5d92704de1b8100a4cb5a34d6466804eb5c336?s=96&d=mm&r=g\",\"contentUrl\":\"https:\/\/secure.gravatar.com\/avatar\/b381626173a0b440e86662336f5d92704de1b8100a4cb5a34d6466804eb5c336?s=96&d=mm&r=g\",\"caption\":\"Estev\u00e3o Leite Cordeiro de Souza\"},\"url\":\"https:\/\/unifsa.com.br\/site\/author\/estevaocordeiro\/\"}]}<\/script>\n<!-- \/ Yoast SEO plugin. -->","yoast_head_json":{"title":"Primeira Chamada PROUNI 2024.1 - Centro Universit\u00e1rio Santo Agostinho - UNIFSA","robots":{"index":"index","follow":"follow","max-snippet":"max-snippet:-1","max-image-preview":"max-image-preview:large","max-video-preview":"max-video-preview:-1"},"canonical":"https:\/\/unifsa.com.br\/site\/primeira-chamada-prouni-2024-1\/","og_locale":"pt_BR","og_type":"article","og_title":"Primeira Chamada PROUNI 2024.1 - Centro Universit\u00e1rio Santo Agostinho - UNIFSA","og_description":"Informamos que o prazo para o envio dos documentos, a fim de comprovar as informa\u00e7\u00f5es, pelos estudantes classificados na 1\u00aa chamada do Programa Universidade Para Todos (PROUNI) 2024.1, ser\u00e1 de 06 a 20 de fevereiro de 2024. A documenta\u00e7\u00e3o deve ser enviada para o e-mail: prouni@unifsa.com.br. Documenta\u00e7\u00e3o do Aluno (Indispens\u00e1veis para a valida\u00e7\u00e3o): Do grupo","og_url":"https:\/\/unifsa.com.br\/site\/primeira-chamada-prouni-2024-1\/","og_site_name":"Centro Universit\u00e1rio Santo Agostinho - UNIFSA","article_publisher":"https:\/\/www.facebook.com\/unifsa\/","article_published_time":"2024-02-06T10:30:00+00:00","article_modified_time":"2024-02-21T13:52:46+00:00","og_image":[{"width":1920,"height":805,"url":"https:\/\/unifsa.com.br\/site\/wp-content\/uploads\/2024\/02\/SITE-8.png","type":"image\/png"}],"author":"Estev\u00e3o Leite Cordeiro de Souza","twitter_card":"summary_large_image","twitter_misc":{"Escrito por":"Estev\u00e3o Leite Cordeiro de Souza","Est. tempo de leitura":"2 minutos"},"schema":{"@context":"https:\/\/schema.org","@graph":[{"@type":"Article","@id":"https:\/\/unifsa.com.br\/site\/primeira-chamada-prouni-2024-1\/#article","isPartOf":{"@id":"https:\/\/unifsa.com.br\/site\/primeira-chamada-prouni-2024-1\/"},"author":{"name":"Estev\u00e3o Leite Cordeiro de Souza","@id":"https:\/\/unifsa.com.br\/site\/#\/schema\/person\/459d6944d25bd72102b031eb886c7cbf"},"headline":"Primeira Chamada PROUNI 2024.1","datePublished":"2024-02-06T10:30:00+00:00","dateModified":"2024-02-21T13:52:46+00:00","mainEntityOfPage":{"@id":"https:\/\/unifsa.com.br\/site\/primeira-chamada-prouni-2024-1\/"},"wordCount":344,"publisher":{"@id":"https:\/\/unifsa.com.br\/site\/#organization"},"image":{"@id":"https:\/\/unifsa.com.br\/site\/primeira-chamada-prouni-2024-1\/#primaryimage"},"thumbnailUrl":"https:\/\/unifsa.com.br\/site\/wp-content\/uploads\/2024\/02\/SITE-8.png","articleSection":["Acontece na UNIFSA"],"inLanguage":"pt-BR"},{"@type":"WebPage","@id":"https:\/\/unifsa.com.br\/site\/primeira-chamada-prouni-2024-1\/","url":"https:\/\/unifsa.com.br\/site\/primeira-chamada-prouni-2024-1\/","name":"Primeira Chamada PROUNI 2024.1 - Centro Universit\u00e1rio Santo Agostinho - UNIFSA","isPartOf":{"@id":"https:\/\/unifsa.com.br\/site\/#website"},"primaryImageOfPage":{"@id":"https:\/\/unifsa.com.br\/site\/primeira-chamada-prouni-2024-1\/#primaryimage"},"image":{"@id":"https:\/\/unifsa.com.br\/site\/primeira-chamada-prouni-2024-1\/#primaryimage"},"thumbnailUrl":"https:\/\/unifsa.com.br\/site\/wp-content\/uploads\/2024\/02\/SITE-8.png","datePublished":"2024-02-06T10:30:00+00:00","dateModified":"2024-02-21T13:52:46+00:00","breadcrumb":{"@id":"https:\/\/unifsa.com.br\/site\/primeira-chamada-prouni-2024-1\/#breadcrumb"},"inLanguage":"pt-BR","potentialAction":[{"@type":"ReadAction","target":["https:\/\/unifsa.com.br\/site\/primeira-chamada-prouni-2024-1\/"]}]},{"@type":"ImageObject","inLanguage":"pt-BR","@id":"https:\/\/unifsa.com.br\/site\/primeira-chamada-prouni-2024-1\/#primaryimage","url":"https:\/\/unifsa.com.br\/site\/wp-content\/uploads\/2024\/02\/SITE-8.png","contentUrl":"https:\/\/unifsa.com.br\/site\/wp-content\/uploads\/2024\/02\/SITE-8.png","width":1920,"height":805},{"@type":"BreadcrumbList","@id":"https:\/\/unifsa.com.br\/site\/primeira-chamada-prouni-2024-1\/#breadcrumb","itemListElement":[{"@type":"ListItem","position":1,"name":"In\u00edcio","item":"https:\/\/unifsa.com.br\/site\/"},{"@type":"ListItem","position":2,"name":"Primeira Chamada PROUNI 2024.1"}]},{"@type":"WebSite","@id":"https:\/\/unifsa.com.br\/site\/#website","url":"https:\/\/unifsa.com.br\/site\/","name":"Centro Universit\u00e1rio Santo Agostinho - UNIFSA","description":"Conhecimento para toda a vida","publisher":{"@id":"https:\/\/unifsa.com.br\/site\/#organization"},"potentialAction":[{"@type":"SearchAction","target":{"@type":"EntryPoint","urlTemplate":"https:\/\/unifsa.com.br\/site\/?s={search_term_string}"},"query-input":{"@type":"PropertyValueSpecification","valueRequired":true,"valueName":"search_term_string"}}],"inLanguage":"pt-BR"},{"@type":"Organization","@id":"https:\/\/unifsa.com.br\/site\/#organization","name":"Centro Universit\u00e1rio Santo Agostinho - UNIFSA","url":"https:\/\/unifsa.com.br\/site\/","logo":{"@type":"ImageObject","inLanguage":"pt-BR","@id":"https:\/\/unifsa.com.br\/site\/#\/schema\/logo\/image\/","url":"https:\/\/unifsa.com.br\/site\/wp-content\/uploads\/2023\/03\/MARCA-UNIFSA-CIC23-q2apjs1mt975cf1wl25b044coj90fwoiee1kya6800.png","contentUrl":"https:\/\/unifsa.com.br\/site\/wp-content\/uploads\/2023\/03\/MARCA-UNIFSA-CIC23-q2apjs1mt975cf1wl25b044coj90fwoiee1kya6800.png","width":103,"height":100,"caption":"Centro Universit\u00e1rio Santo Agostinho - UNIFSA"},"image":{"@id":"https:\/\/unifsa.com.br\/site\/#\/schema\/logo\/image\/"},"sameAs":["https:\/\/www.facebook.com\/unifsa\/","https:\/\/www.instagram.com\/unifsa\/"]},{"@type":"Person","@id":"https:\/\/unifsa.com.br\/site\/#\/schema\/person\/459d6944d25bd72102b031eb886c7cbf","name":"Estev\u00e3o Leite Cordeiro de Souza","image":{"@type":"ImageObject","inLanguage":"pt-BR","@id":"https:\/\/unifsa.com.br\/site\/#\/schema\/person\/image\/","url":"https:\/\/secure.gravatar.com\/avatar\/b381626173a0b440e86662336f5d92704de1b8100a4cb5a34d6466804eb5c336?s=96&d=mm&r=g","contentUrl":"https:\/\/secure.gravatar.com\/avatar\/b381626173a0b440e86662336f5d92704de1b8100a4cb5a34d6466804eb5c336?s=96&d=mm&r=g","caption":"Estev\u00e3o Leite Cordeiro de Souza"},"url":"https:\/\/unifsa.com.br\/site\/author\/estevaocordeiro\/"}]}},"_links":{"self":[{"href":"https:\/\/unifsa.com.br\/site\/wp-json\/wp\/v2\/posts\/28875","targetHints":{"allow":["GET"]}}],"collection":[{"href":"https:\/\/unifsa.com.br\/site\/wp-json\/wp\/v2\/posts"}],"about":[{"href":"https:\/\/unifsa.com.br\/site\/wp-json\/wp\/v2\/types\/post"}],"author":[{"embeddable":true,"href":"https:\/\/unifsa.com.br\/site\/wp-json\/wp\/v2\/users\/12"}],"replies":[{"embeddable":true,"href":"https:\/\/unifsa.com.br\/site\/wp-json\/wp\/v2\/comments?post=28875"}],"version-history":[{"count":3,"href":"https:\/\/unifsa.com.br\/site\/wp-json\/wp\/v2\/posts\/28875\/revisions"}],"predecessor-version":[{"id":29023,"href":"https:\/\/unifsa.com.br\/site\/wp-json\/wp\/v2\/posts\/28875\/revisions\/29023"}],"wp:featuredmedia":[{"embeddable":true,"href":"https:\/\/unifsa.com.br\/site\/wp-json\/wp\/v2\/media\/28876"}],"wp:attachment":[{"href":"https:\/\/unifsa.com.br\/site\/wp-json\/wp\/v2\/media?parent=28875"}],"wp:term":[{"taxonomy":"category","embeddable":true,"href":"https:\/\/unifsa.com.br\/site\/wp-json\/wp\/v2\/categories?post=28875"},{"taxonomy":"post_tag","embeddable":true,"href":"https:\/\/unifsa.com.br\/site\/wp-json\/wp\/v2\/tags?post=28875"}],"curies":[{"name":"wp","href":"https:\/\/api.w.org\/{rel}","templated":true}]}}