{"id":27346,"date":"2023-11-24T13:52:41","date_gmt":"2023-11-24T16:52:41","guid":{"rendered":"https:\/\/unifsa.com.br\/site\/?p=27346"},"modified":"2023-11-24T13:53:19","modified_gmt":"2023-11-24T16:53:19","slug":"estudantes-de-gestao-de-rh-e-administracao-ead-participam-o-x-congresso-de-gestao-de-pessoas-do-piaui","status":"publish","type":"post","link":"https:\/\/unifsa.com.br\/site\/estudantes-de-gestao-de-rh-e-administracao-ead-participam-o-x-congresso-de-gestao-de-pessoas-do-piaui\/","title":{"rendered":"Estudantes de Gest\u00e3o de RH e Administra\u00e7\u00e3o EAD participam do X Congresso de Gest\u00e3o de Pessoas do Piau\u00ed"},"content":{"rendered":"\n<p class=\"texto-justificado\">Os estudantes dos cursos de <strong>Gest\u00e3o de Recursos Humanos e Administra\u00e7\u00e3o<\/strong> do Centro Universit\u00e1rio Santo Agostinho, <strong>modalidade EAD<\/strong>, foram convidados a participar, gratuitamente, do <strong>X Congresso de Gest\u00e3o de Pessoas do Piau\u00ed<\/strong>, promovido pela Associa\u00e7\u00e3o Brasileira de Recursos Humanos &#8211; ABRH. O evento ocorreu nesta quinta-feira (23), no SESC Caju\u00edna. Os participantes foram acompanhados pela tutora UNIFSA, Rachel Morais.<\/p>\n\n\n<div class=\"wp-block-image\">\n<figure class=\"alignleft size-large is-resized\"><img fetchpriority=\"high\" decoding=\"async\" src=\"https:\/\/unifsa.com.br\/site\/wp-content\/uploads\/2023\/11\/WhatsApp-Image-2023-11-24-at-13.45.47-768x1024.jpeg\" alt=\"\" class=\"wp-image-27363\" width=\"200\" height=\"266\" srcset=\"https:\/\/unifsa.com.br\/site\/wp-content\/uploads\/2023\/11\/WhatsApp-Image-2023-11-24-at-13.45.47-768x1024.jpeg 768w, https:\/\/unifsa.com.br\/site\/wp-content\/uploads\/2023\/11\/WhatsApp-Image-2023-11-24-at-13.45.47-225x300.jpeg 225w, https:\/\/unifsa.com.br\/site\/wp-content\/uploads\/2023\/11\/WhatsApp-Image-2023-11-24-at-13.45.47-1152x1536.jpeg 1152w, https:\/\/unifsa.com.br\/site\/wp-content\/uploads\/2023\/11\/WhatsApp-Image-2023-11-24-at-13.45.47-1536x2048.jpeg 1536w, https:\/\/unifsa.com.br\/site\/wp-content\/uploads\/2023\/11\/WhatsApp-Image-2023-11-24-at-13.45.47-scaled.jpeg 1920w\" sizes=\"(max-width: 200px) 100vw, 200px\" \/><\/figure>\n<\/div>\n\n\n<p class=\"texto-justificado\">A ABRH disponibilizou, ao todo, quinze ingressos sociais para os alunos UNIFSA, o que permitiu que a turma vivenciasse os cursos para al\u00e9m da plataforma de Ensino \u00e0 Dist\u00e2ncia, como afirma Rachel Morais.<\/p>\n\n\n\n<blockquote class=\"wp-block-quote texto-justificado is-layout-flow wp-block-quote-is-layout-flow\">\n<p class=\"texto-justificado\">Essa foi uma grande oportunidade que a ABRH deu para o conhecimento dos nossos alunos. Quando eles contataram o UNIFSA com o objetivo de doar quinze inscri\u00e7\u00f5es sem nenhum custo, n\u00f3s aceitamos na mesma hora. Entramos em contato com os alunos de RH e Administra\u00e7\u00e3o, j\u00e1 que o curso possui disciplinas relacionadas, e eles ficaram muito felizes em participar desse Congresso.<\/p>\n<cite>Rachel Morais, tutora do curso de Gest\u00e3o de Recursos Humanos  EAD<\/cite><\/blockquote>\n\n\n<div class=\"wp-block-image\">\n<figure class=\"alignright size-large is-resized\"><img decoding=\"async\" src=\"https:\/\/unifsa.com.br\/site\/wp-content\/uploads\/2023\/11\/WhatsApp-Image-2023-11-24-at-13.45.48-768x1024.jpeg\" alt=\"\" class=\"wp-image-27356\" width=\"201\" height=\"268\" srcset=\"https:\/\/unifsa.com.br\/site\/wp-content\/uploads\/2023\/11\/WhatsApp-Image-2023-11-24-at-13.45.48-768x1024.jpeg 768w, https:\/\/unifsa.com.br\/site\/wp-content\/uploads\/2023\/11\/WhatsApp-Image-2023-11-24-at-13.45.48-225x300.jpeg 225w, https:\/\/unifsa.com.br\/site\/wp-content\/uploads\/2023\/11\/WhatsApp-Image-2023-11-24-at-13.45.48-1152x1536.jpeg 1152w, https:\/\/unifsa.com.br\/site\/wp-content\/uploads\/2023\/11\/WhatsApp-Image-2023-11-24-at-13.45.48-1536x2048.jpeg 1536w, https:\/\/unifsa.com.br\/site\/wp-content\/uploads\/2023\/11\/WhatsApp-Image-2023-11-24-at-13.45.48-scaled.jpeg 1920w\" sizes=\"(max-width: 201px) 100vw, 201px\" \/><\/figure>\n<\/div>\n\n\n<p class=\"texto-justificado\">Para a aluna Thays Feitosa, participar do evento foi fundamental para a sua forma\u00e7\u00e3o como Gestora de Recursos Humanos.<\/p>\n\n\n\n<blockquote class=\"wp-block-quote texto-justificado is-layout-flow wp-block-quote-is-layout-flow\">\n<p class=\"texto-justificado\">A import\u00e2ncia de um evento desse enquanto gestora ou aprendiz \u00e9 a troca de experi\u00eancias com pessoas que tamb\u00e9m trabalham nessa \u00e1rea, o amadurecimento profissional, e a paix\u00e3o que em mim desperta, j\u00e1 que posso compartilhar experi\u00eancias e aprender tamb\u00e9m.<\/p>\n<cite>Thays Feitosa, estudante do curso de Gest\u00e3o de Recursos Humanos EAD UNIFSA<\/cite><\/blockquote>\n\n\n\n<h2 class=\"wp-block-heading has-vivid-cyan-blue-color has-text-color\">Confira alguns registros do evento:<\/h2>\n\n\n\n<figure class=\"wp-block-gallery has-nested-images columns-default is-cropped wp-block-gallery-1 is-layout-flex wp-block-gallery-is-layout-flex\">\n<figure class=\"wp-block-image size-large\"><img decoding=\"async\" width=\"1024\" height=\"576\" data-id=\"27362\" src=\"https:\/\/unifsa.com.br\/site\/wp-content\/uploads\/2023\/11\/WhatsApp-Image-2023-11-24-at-13.47.31-1-1024x576.jpeg\" alt=\"\" class=\"wp-image-27362\" srcset=\"https:\/\/unifsa.com.br\/site\/wp-content\/uploads\/2023\/11\/WhatsApp-Image-2023-11-24-at-13.47.31-1-1024x576.jpeg 1024w, https:\/\/unifsa.com.br\/site\/wp-content\/uploads\/2023\/11\/WhatsApp-Image-2023-11-24-at-13.47.31-1-300x169.jpeg 300w, https:\/\/unifsa.com.br\/site\/wp-content\/uploads\/2023\/11\/WhatsApp-Image-2023-11-24-at-13.47.31-1-768x432.jpeg 768w, https:\/\/unifsa.com.br\/site\/wp-content\/uploads\/2023\/11\/WhatsApp-Image-2023-11-24-at-13.47.31-1-1536x864.jpeg 1536w, https:\/\/unifsa.com.br\/site\/wp-content\/uploads\/2023\/11\/WhatsApp-Image-2023-11-24-at-13.47.31-1-2048x1152.jpeg 2048w\" sizes=\"(max-width: 1024px) 100vw, 1024px\" \/><\/figure>\n\n\n\n<figure class=\"wp-block-image size-large\"><img loading=\"lazy\" decoding=\"async\" width=\"1024\" height=\"576\" data-id=\"27359\" src=\"https:\/\/unifsa.com.br\/site\/wp-content\/uploads\/2023\/11\/WhatsApp-Image-2023-11-24-at-13.47.32-1024x576.jpeg\" alt=\"\" class=\"wp-image-27359\" srcset=\"https:\/\/unifsa.com.br\/site\/wp-content\/uploads\/2023\/11\/WhatsApp-Image-2023-11-24-at-13.47.32-1024x576.jpeg 1024w, https:\/\/unifsa.com.br\/site\/wp-content\/uploads\/2023\/11\/WhatsApp-Image-2023-11-24-at-13.47.32-300x169.jpeg 300w, https:\/\/unifsa.com.br\/site\/wp-content\/uploads\/2023\/11\/WhatsApp-Image-2023-11-24-at-13.47.32-768x432.jpeg 768w, https:\/\/unifsa.com.br\/site\/wp-content\/uploads\/2023\/11\/WhatsApp-Image-2023-11-24-at-13.47.32-1536x864.jpeg 1536w, https:\/\/unifsa.com.br\/site\/wp-content\/uploads\/2023\/11\/WhatsApp-Image-2023-11-24-at-13.47.32-2048x1152.jpeg 2048w\" sizes=\"(max-width: 1024px) 100vw, 1024px\" \/><\/figure>\n\n\n\n<figure class=\"wp-block-image size-large\"><img loading=\"lazy\" decoding=\"async\" width=\"1024\" height=\"576\" data-id=\"27360\" src=\"https:\/\/unifsa.com.br\/site\/wp-content\/uploads\/2023\/11\/WhatsApp-Image-2023-11-24-at-13.47.31-1024x576.jpeg\" alt=\"\" class=\"wp-image-27360\" srcset=\"https:\/\/unifsa.com.br\/site\/wp-content\/uploads\/2023\/11\/WhatsApp-Image-2023-11-24-at-13.47.31-1024x576.jpeg 1024w, https:\/\/unifsa.com.br\/site\/wp-content\/uploads\/2023\/11\/WhatsApp-Image-2023-11-24-at-13.47.31-300x169.jpeg 300w, https:\/\/unifsa.com.br\/site\/wp-content\/uploads\/2023\/11\/WhatsApp-Image-2023-11-24-at-13.47.31-768x432.jpeg 768w, https:\/\/unifsa.com.br\/site\/wp-content\/uploads\/2023\/11\/WhatsApp-Image-2023-11-24-at-13.47.31-1536x864.jpeg 1536w, https:\/\/unifsa.com.br\/site\/wp-content\/uploads\/2023\/11\/WhatsApp-Image-2023-11-24-at-13.47.31-2048x1152.jpeg 2048w\" sizes=\"(max-width: 1024px) 100vw, 1024px\" \/><\/figure>\n\n\n\n<figure class=\"wp-block-image size-large\"><img loading=\"lazy\" decoding=\"async\" width=\"768\" height=\"1024\" data-id=\"27355\" src=\"https:\/\/unifsa.com.br\/site\/wp-content\/uploads\/2023\/11\/WhatsApp-Image-2023-11-24-at-13.47.34-768x1024.jpeg\" alt=\"\" class=\"wp-image-27355\" srcset=\"https:\/\/unifsa.com.br\/site\/wp-content\/uploads\/2023\/11\/WhatsApp-Image-2023-11-24-at-13.47.34-768x1024.jpeg 768w, https:\/\/unifsa.com.br\/site\/wp-content\/uploads\/2023\/11\/WhatsApp-Image-2023-11-24-at-13.47.34-225x300.jpeg 225w, https:\/\/unifsa.com.br\/site\/wp-content\/uploads\/2023\/11\/WhatsApp-Image-2023-11-24-at-13.47.34-1152x1536.jpeg 1152w, https:\/\/unifsa.com.br\/site\/wp-content\/uploads\/2023\/11\/WhatsApp-Image-2023-11-24-at-13.47.34-1536x2048.jpeg 1536w, https:\/\/unifsa.com.br\/site\/wp-content\/uploads\/2023\/11\/WhatsApp-Image-2023-11-24-at-13.47.34-scaled.jpeg 1920w\" sizes=\"(max-width: 768px) 100vw, 768px\" \/><\/figure>\n\n\n\n<figure class=\"wp-block-image size-large\"><img loading=\"lazy\" decoding=\"async\" width=\"768\" height=\"1024\" data-id=\"27358\" src=\"https:\/\/unifsa.com.br\/site\/wp-content\/uploads\/2023\/11\/WhatsApp-Image-2023-11-24-at-13.47.33-768x1024.jpeg\" alt=\"\" class=\"wp-image-27358\" srcset=\"https:\/\/unifsa.com.br\/site\/wp-content\/uploads\/2023\/11\/WhatsApp-Image-2023-11-24-at-13.47.33-768x1024.jpeg 768w, https:\/\/unifsa.com.br\/site\/wp-content\/uploads\/2023\/11\/WhatsApp-Image-2023-11-24-at-13.47.33-225x300.jpeg 225w, https:\/\/unifsa.com.br\/site\/wp-content\/uploads\/2023\/11\/WhatsApp-Image-2023-11-24-at-13.47.33-1152x1536.jpeg 1152w, https:\/\/unifsa.com.br\/site\/wp-content\/uploads\/2023\/11\/WhatsApp-Image-2023-11-24-at-13.47.33-1536x2048.jpeg 1536w, https:\/\/unifsa.com.br\/site\/wp-content\/uploads\/2023\/11\/WhatsApp-Image-2023-11-24-at-13.47.33-scaled.jpeg 1920w\" sizes=\"(max-width: 768px) 100vw, 768px\" \/><\/figure>\n\n\n\n<figure class=\"wp-block-image size-large\"><img loading=\"lazy\" decoding=\"async\" width=\"768\" height=\"1024\" data-id=\"27354\" src=\"https:\/\/unifsa.com.br\/site\/wp-content\/uploads\/2023\/11\/WhatsApp-Image-2023-11-24-at-13.47.32-1-768x1024.jpeg\" alt=\"\" class=\"wp-image-27354\" srcset=\"https:\/\/unifsa.com.br\/site\/wp-content\/uploads\/2023\/11\/WhatsApp-Image-2023-11-24-at-13.47.32-1-768x1024.jpeg 768w, https:\/\/unifsa.com.br\/site\/wp-content\/uploads\/2023\/11\/WhatsApp-Image-2023-11-24-at-13.47.32-1-225x300.jpeg 225w, https:\/\/unifsa.com.br\/site\/wp-content\/uploads\/2023\/11\/WhatsApp-Image-2023-11-24-at-13.47.32-1-1152x1536.jpeg 1152w, https:\/\/unifsa.com.br\/site\/wp-content\/uploads\/2023\/11\/WhatsApp-Image-2023-11-24-at-13.47.32-1-1536x2048.jpeg 1536w, https:\/\/unifsa.com.br\/site\/wp-content\/uploads\/2023\/11\/WhatsApp-Image-2023-11-24-at-13.47.32-1-scaled.jpeg 1920w\" sizes=\"(max-width: 768px) 100vw, 768px\" \/><\/figure>\n\n\n\n<figure class=\"wp-block-image size-large\"><img loading=\"lazy\" decoding=\"async\" width=\"768\" height=\"1024\" data-id=\"27361\" src=\"https:\/\/unifsa.com.br\/site\/wp-content\/uploads\/2023\/11\/WhatsApp-Image-2023-11-24-at-13.47.31-3-768x1024.jpeg\" alt=\"\" class=\"wp-image-27361\" srcset=\"https:\/\/unifsa.com.br\/site\/wp-content\/uploads\/2023\/11\/WhatsApp-Image-2023-11-24-at-13.47.31-3-768x1024.jpeg 768w, https:\/\/unifsa.com.br\/site\/wp-content\/uploads\/2023\/11\/WhatsApp-Image-2023-11-24-at-13.47.31-3-225x300.jpeg 225w, https:\/\/unifsa.com.br\/site\/wp-content\/uploads\/2023\/11\/WhatsApp-Image-2023-11-24-at-13.47.31-3-1152x1536.jpeg 1152w, https:\/\/unifsa.com.br\/site\/wp-content\/uploads\/2023\/11\/WhatsApp-Image-2023-11-24-at-13.47.31-3-1536x2048.jpeg 1536w, https:\/\/unifsa.com.br\/site\/wp-content\/uploads\/2023\/11\/WhatsApp-Image-2023-11-24-at-13.47.31-3-scaled.jpeg 1920w\" sizes=\"(max-width: 768px) 100vw, 768px\" \/><\/figure>\n\n\n\n<figure class=\"wp-block-image size-large\"><img loading=\"lazy\" decoding=\"async\" width=\"768\" height=\"1024\" data-id=\"27357\" src=\"https:\/\/unifsa.com.br\/site\/wp-content\/uploads\/2023\/11\/WhatsApp-Image-2023-11-24-at-13.47.31-2-768x1024.jpeg\" alt=\"\" class=\"wp-image-27357\" srcset=\"https:\/\/unifsa.com.br\/site\/wp-content\/uploads\/2023\/11\/WhatsApp-Image-2023-11-24-at-13.47.31-2-768x1024.jpeg 768w, https:\/\/unifsa.com.br\/site\/wp-content\/uploads\/2023\/11\/WhatsApp-Image-2023-11-24-at-13.47.31-2-225x300.jpeg 225w, https:\/\/unifsa.com.br\/site\/wp-content\/uploads\/2023\/11\/WhatsApp-Image-2023-11-24-at-13.47.31-2-1152x1536.jpeg 1152w, https:\/\/unifsa.com.br\/site\/wp-content\/uploads\/2023\/11\/WhatsApp-Image-2023-11-24-at-13.47.31-2-1536x2048.jpeg 1536w, https:\/\/unifsa.com.br\/site\/wp-content\/uploads\/2023\/11\/WhatsApp-Image-2023-11-24-at-13.47.31-2-scaled.jpeg 1920w\" sizes=\"(max-width: 768px) 100vw, 768px\" \/><\/figure>\n\n\n\n<figure class=\"wp-block-image size-large\"><img loading=\"lazy\" decoding=\"async\" width=\"1024\" height=\"576\" data-id=\"27365\" src=\"https:\/\/unifsa.com.br\/site\/wp-content\/uploads\/2023\/11\/WhatsApp-Image-2023-11-24-at-13.47.30-1024x576.jpeg\" alt=\"\" class=\"wp-image-27365\" srcset=\"https:\/\/unifsa.com.br\/site\/wp-content\/uploads\/2023\/11\/WhatsApp-Image-2023-11-24-at-13.47.30-1024x576.jpeg 1024w, https:\/\/unifsa.com.br\/site\/wp-content\/uploads\/2023\/11\/WhatsApp-Image-2023-11-24-at-13.47.30-300x169.jpeg 300w, https:\/\/unifsa.com.br\/site\/wp-content\/uploads\/2023\/11\/WhatsApp-Image-2023-11-24-at-13.47.30-768x432.jpeg 768w, https:\/\/unifsa.com.br\/site\/wp-content\/uploads\/2023\/11\/WhatsApp-Image-2023-11-24-at-13.47.30-1536x864.jpeg 1536w, https:\/\/unifsa.com.br\/site\/wp-content\/uploads\/2023\/11\/WhatsApp-Image-2023-11-24-at-13.47.30-2048x1152.jpeg 2048w\" sizes=\"(max-width: 1024px) 100vw, 1024px\" \/><\/figure>\n<\/figure>\n","protected":false},"excerpt":{"rendered":"<p>Os estudantes dos cursos de Gest\u00e3o de Recursos Humanos e Administra\u00e7\u00e3o do Centro Universit\u00e1rio Santo Agostinho, modalidade EAD, foram convidados a participar, gratuitamente, do X Congresso de Gest\u00e3o de Pessoas do Piau\u00ed, promovido pela Associa\u00e7\u00e3o Brasileira de Recursos Humanos &#8211; ABRH. O evento ocorreu nesta quinta-feira (23), no SESC Caju\u00edna. Os participantes foram acompanhados pela<\/p>\n","protected":false},"author":11,"featured_media":27353,"comment_status":"closed","ping_status":"open","sticky":false,"template":"","format":"standard","meta":{"_acf_changed":false,"footnotes":""},"categories":[6,1519,476],"tags":[1521,1522,1520],"class_list":["post-27346","post","type-post","status-publish","format-standard","has-post-thumbnail","hentry","category-acontece-na-unifsa","category-gestao-de-recursos-humanos-ead","category-nead","tag-associacao-brasileira-de-recursos-humanos","tag-curso-de-recursos-humanos-ead","tag-x-congresso-de-gestao-de-pessoas-do-piaui"],"acf":[],"yoast_head":"<!-- This site is optimized with the Yoast SEO plugin v26.5 - https:\/\/yoast.com\/wordpress\/plugins\/seo\/ -->\n<title>Estudantes de Gest\u00e3o de RH e Administra\u00e7\u00e3o EAD participam do X Congresso de Gest\u00e3o de Pessoas do Piau\u00ed - Centro Universit\u00e1rio Santo Agostinho - UNIFSA<\/title>\n<meta name=\"robots\" content=\"index, follow, max-snippet:-1, max-image-preview:large, max-video-preview:-1\" \/>\n<link rel=\"canonical\" href=\"https:\/\/unifsa.com.br\/site\/estudantes-de-gestao-de-rh-e-administracao-ead-participam-o-x-congresso-de-gestao-de-pessoas-do-piaui\/\" \/>\n<meta property=\"og:locale\" content=\"pt_BR\" \/>\n<meta property=\"og:type\" content=\"article\" \/>\n<meta property=\"og:title\" content=\"Estudantes de Gest\u00e3o de RH e Administra\u00e7\u00e3o EAD participam do X Congresso de Gest\u00e3o de Pessoas do Piau\u00ed - Centro Universit\u00e1rio Santo Agostinho - UNIFSA\" \/>\n<meta property=\"og:description\" content=\"Os estudantes dos cursos de Gest\u00e3o de Recursos Humanos e Administra\u00e7\u00e3o do Centro Universit\u00e1rio Santo Agostinho, modalidade EAD, foram convidados a participar, gratuitamente, do X Congresso de Gest\u00e3o de Pessoas do Piau\u00ed, promovido pela Associa\u00e7\u00e3o Brasileira de Recursos Humanos &#8211; ABRH. O evento ocorreu nesta quinta-feira (23), no SESC Caju\u00edna. Os participantes foram acompanhados pela\" \/>\n<meta property=\"og:url\" content=\"https:\/\/unifsa.com.br\/site\/estudantes-de-gestao-de-rh-e-administracao-ead-participam-o-x-congresso-de-gestao-de-pessoas-do-piaui\/\" \/>\n<meta property=\"og:site_name\" content=\"Centro Universit\u00e1rio Santo Agostinho - UNIFSA\" \/>\n<meta property=\"article:publisher\" content=\"https:\/\/www.facebook.com\/unifsa\/\" \/>\n<meta property=\"article:published_time\" content=\"2023-11-24T16:52:41+00:00\" \/>\n<meta property=\"article:modified_time\" content=\"2023-11-24T16:53:19+00:00\" \/>\n<meta property=\"og:image\" content=\"https:\/\/unifsa.com.br\/site\/wp-content\/uploads\/2023\/11\/WhatsApp-Image-2023-11-24-at-13.45.22-scaled.jpeg\" \/>\n\t<meta property=\"og:image:width\" content=\"2560\" \/>\n\t<meta property=\"og:image:height\" content=\"1440\" \/>\n\t<meta property=\"og:image:type\" content=\"image\/jpeg\" \/>\n<meta name=\"author\" content=\"Oceannyra Kelly da Cruz Silva\" \/>\n<meta name=\"twitter:card\" content=\"summary_large_image\" \/>\n<meta name=\"twitter:label1\" content=\"Escrito por\" \/>\n\t<meta name=\"twitter:data1\" content=\"Oceannyra Kelly da Cruz Silva\" \/>\n\t<meta name=\"twitter:label2\" content=\"Est. tempo de leitura\" \/>\n\t<meta name=\"twitter:data2\" content=\"3 minutos\" \/>\n<script type=\"application\/ld+json\" class=\"yoast-schema-graph\">{\"@context\":\"https:\/\/schema.org\",\"@graph\":[{\"@type\":\"Article\",\"@id\":\"https:\/\/unifsa.com.br\/site\/estudantes-de-gestao-de-rh-e-administracao-ead-participam-o-x-congresso-de-gestao-de-pessoas-do-piaui\/#article\",\"isPartOf\":{\"@id\":\"https:\/\/unifsa.com.br\/site\/estudantes-de-gestao-de-rh-e-administracao-ead-participam-o-x-congresso-de-gestao-de-pessoas-do-piaui\/\"},\"author\":{\"name\":\"Oceannyra Kelly da Cruz Silva\",\"@id\":\"https:\/\/unifsa.com.br\/site\/#\/schema\/person\/a4cec94bbc6ddf98f579162824de9bf2\"},\"headline\":\"Estudantes de Gest\u00e3o de RH e Administra\u00e7\u00e3o EAD participam do X Congresso de Gest\u00e3o de Pessoas do Piau\u00ed\",\"datePublished\":\"2023-11-24T16:52:41+00:00\",\"dateModified\":\"2023-11-24T16:53:19+00:00\",\"mainEntityOfPage\":{\"@id\":\"https:\/\/unifsa.com.br\/site\/estudantes-de-gestao-de-rh-e-administracao-ead-participam-o-x-congresso-de-gestao-de-pessoas-do-piaui\/\"},\"wordCount\":278,\"publisher\":{\"@id\":\"https:\/\/unifsa.com.br\/site\/#organization\"},\"image\":{\"@id\":\"https:\/\/unifsa.com.br\/site\/estudantes-de-gestao-de-rh-e-administracao-ead-participam-o-x-congresso-de-gestao-de-pessoas-do-piaui\/#primaryimage\"},\"thumbnailUrl\":\"https:\/\/unifsa.com.br\/site\/wp-content\/uploads\/2023\/11\/WhatsApp-Image-2023-11-24-at-13.45.22-scaled.jpeg\",\"keywords\":[\"Associa\u00e7\u00e3o Brasileira de Recursos Humanos\",\"curso de Recursos Humanos EAD\",\"X Congresso de Gest\u00e3o de Pessoas do Piau\u00ed\"],\"articleSection\":[\"Acontece na UNIFSA\",\"Gest\u00e3o de Recursos Humanos EAD\",\"NEAD\"],\"inLanguage\":\"pt-BR\"},{\"@type\":\"WebPage\",\"@id\":\"https:\/\/unifsa.com.br\/site\/estudantes-de-gestao-de-rh-e-administracao-ead-participam-o-x-congresso-de-gestao-de-pessoas-do-piaui\/\",\"url\":\"https:\/\/unifsa.com.br\/site\/estudantes-de-gestao-de-rh-e-administracao-ead-participam-o-x-congresso-de-gestao-de-pessoas-do-piaui\/\",\"name\":\"Estudantes de Gest\u00e3o de RH e Administra\u00e7\u00e3o EAD participam do X Congresso de Gest\u00e3o de Pessoas do Piau\u00ed - Centro Universit\u00e1rio Santo Agostinho - UNIFSA\",\"isPartOf\":{\"@id\":\"https:\/\/unifsa.com.br\/site\/#website\"},\"primaryImageOfPage\":{\"@id\":\"https:\/\/unifsa.com.br\/site\/estudantes-de-gestao-de-rh-e-administracao-ead-participam-o-x-congresso-de-gestao-de-pessoas-do-piaui\/#primaryimage\"},\"image\":{\"@id\":\"https:\/\/unifsa.com.br\/site\/estudantes-de-gestao-de-rh-e-administracao-ead-participam-o-x-congresso-de-gestao-de-pessoas-do-piaui\/#primaryimage\"},\"thumbnailUrl\":\"https:\/\/unifsa.com.br\/site\/wp-content\/uploads\/2023\/11\/WhatsApp-Image-2023-11-24-at-13.45.22-scaled.jpeg\",\"datePublished\":\"2023-11-24T16:52:41+00:00\",\"dateModified\":\"2023-11-24T16:53:19+00:00\",\"breadcrumb\":{\"@id\":\"https:\/\/unifsa.com.br\/site\/estudantes-de-gestao-de-rh-e-administracao-ead-participam-o-x-congresso-de-gestao-de-pessoas-do-piaui\/#breadcrumb\"},\"inLanguage\":\"pt-BR\",\"potentialAction\":[{\"@type\":\"ReadAction\",\"target\":[\"https:\/\/unifsa.com.br\/site\/estudantes-de-gestao-de-rh-e-administracao-ead-participam-o-x-congresso-de-gestao-de-pessoas-do-piaui\/\"]}]},{\"@type\":\"ImageObject\",\"inLanguage\":\"pt-BR\",\"@id\":\"https:\/\/unifsa.com.br\/site\/estudantes-de-gestao-de-rh-e-administracao-ead-participam-o-x-congresso-de-gestao-de-pessoas-do-piaui\/#primaryimage\",\"url\":\"https:\/\/unifsa.com.br\/site\/wp-content\/uploads\/2023\/11\/WhatsApp-Image-2023-11-24-at-13.45.22-scaled.jpeg\",\"contentUrl\":\"https:\/\/unifsa.com.br\/site\/wp-content\/uploads\/2023\/11\/WhatsApp-Image-2023-11-24-at-13.45.22-scaled.jpeg\",\"width\":2560,\"height\":1440},{\"@type\":\"BreadcrumbList\",\"@id\":\"https:\/\/unifsa.com.br\/site\/estudantes-de-gestao-de-rh-e-administracao-ead-participam-o-x-congresso-de-gestao-de-pessoas-do-piaui\/#breadcrumb\",\"itemListElement\":[{\"@type\":\"ListItem\",\"position\":1,\"name\":\"In\u00edcio\",\"item\":\"https:\/\/unifsa.com.br\/site\/\"},{\"@type\":\"ListItem\",\"position\":2,\"name\":\"Estudantes de Gest\u00e3o de RH e Administra\u00e7\u00e3o EAD participam do X Congresso de Gest\u00e3o de Pessoas do Piau\u00ed\"}]},{\"@type\":\"WebSite\",\"@id\":\"https:\/\/unifsa.com.br\/site\/#website\",\"url\":\"https:\/\/unifsa.com.br\/site\/\",\"name\":\"Centro Universit\u00e1rio Santo Agostinho - UNIFSA\",\"description\":\"Conhecimento para toda a vida\",\"publisher\":{\"@id\":\"https:\/\/unifsa.com.br\/site\/#organization\"},\"potentialAction\":[{\"@type\":\"SearchAction\",\"target\":{\"@type\":\"EntryPoint\",\"urlTemplate\":\"https:\/\/unifsa.com.br\/site\/?s={search_term_string}\"},\"query-input\":{\"@type\":\"PropertyValueSpecification\",\"valueRequired\":true,\"valueName\":\"search_term_string\"}}],\"inLanguage\":\"pt-BR\"},{\"@type\":\"Organization\",\"@id\":\"https:\/\/unifsa.com.br\/site\/#organization\",\"name\":\"Centro Universit\u00e1rio Santo Agostinho - UNIFSA\",\"url\":\"https:\/\/unifsa.com.br\/site\/\",\"logo\":{\"@type\":\"ImageObject\",\"inLanguage\":\"pt-BR\",\"@id\":\"https:\/\/unifsa.com.br\/site\/#\/schema\/logo\/image\/\",\"url\":\"https:\/\/unifsa.com.br\/site\/wp-content\/uploads\/2023\/03\/MARCA-UNIFSA-CIC23-q2apjs1mt975cf1wl25b044coj90fwoiee1kya6800.png\",\"contentUrl\":\"https:\/\/unifsa.com.br\/site\/wp-content\/uploads\/2023\/03\/MARCA-UNIFSA-CIC23-q2apjs1mt975cf1wl25b044coj90fwoiee1kya6800.png\",\"width\":103,\"height\":100,\"caption\":\"Centro Universit\u00e1rio Santo Agostinho - UNIFSA\"},\"image\":{\"@id\":\"https:\/\/unifsa.com.br\/site\/#\/schema\/logo\/image\/\"},\"sameAs\":[\"https:\/\/www.facebook.com\/unifsa\/\",\"https:\/\/www.instagram.com\/unifsa\/\"]},{\"@type\":\"Person\",\"@id\":\"https:\/\/unifsa.com.br\/site\/#\/schema\/person\/a4cec94bbc6ddf98f579162824de9bf2\",\"name\":\"Oceannyra Kelly da Cruz Silva\",\"image\":{\"@type\":\"ImageObject\",\"inLanguage\":\"pt-BR\",\"@id\":\"https:\/\/unifsa.com.br\/site\/#\/schema\/person\/image\/\",\"url\":\"https:\/\/secure.gravatar.com\/avatar\/05c87cd6fa2c3c73262055bd9341438a47e77a37053b409b3cf4f8df60ea8eb8?s=96&d=mm&r=g\",\"contentUrl\":\"https:\/\/secure.gravatar.com\/avatar\/05c87cd6fa2c3c73262055bd9341438a47e77a37053b409b3cf4f8df60ea8eb8?s=96&d=mm&r=g\",\"caption\":\"Oceannyra Kelly da Cruz Silva\"},\"url\":\"https:\/\/unifsa.com.br\/site\/author\/oceannyrakelly\/\"}]}<\/script>\n<!-- \/ Yoast SEO plugin. -->","yoast_head_json":{"title":"Estudantes de Gest\u00e3o de RH e Administra\u00e7\u00e3o EAD participam do X Congresso de Gest\u00e3o de Pessoas do Piau\u00ed - Centro Universit\u00e1rio Santo Agostinho - UNIFSA","robots":{"index":"index","follow":"follow","max-snippet":"max-snippet:-1","max-image-preview":"max-image-preview:large","max-video-preview":"max-video-preview:-1"},"canonical":"https:\/\/unifsa.com.br\/site\/estudantes-de-gestao-de-rh-e-administracao-ead-participam-o-x-congresso-de-gestao-de-pessoas-do-piaui\/","og_locale":"pt_BR","og_type":"article","og_title":"Estudantes de Gest\u00e3o de RH e Administra\u00e7\u00e3o EAD participam do X Congresso de Gest\u00e3o de Pessoas do Piau\u00ed - Centro Universit\u00e1rio Santo Agostinho - UNIFSA","og_description":"Os estudantes dos cursos de Gest\u00e3o de Recursos Humanos e Administra\u00e7\u00e3o do Centro Universit\u00e1rio Santo Agostinho, modalidade EAD, foram convidados a participar, gratuitamente, do X Congresso de Gest\u00e3o de Pessoas do Piau\u00ed, promovido pela Associa\u00e7\u00e3o Brasileira de Recursos Humanos &#8211; ABRH. O evento ocorreu nesta quinta-feira (23), no SESC Caju\u00edna. Os participantes foram acompanhados pela","og_url":"https:\/\/unifsa.com.br\/site\/estudantes-de-gestao-de-rh-e-administracao-ead-participam-o-x-congresso-de-gestao-de-pessoas-do-piaui\/","og_site_name":"Centro Universit\u00e1rio Santo Agostinho - UNIFSA","article_publisher":"https:\/\/www.facebook.com\/unifsa\/","article_published_time":"2023-11-24T16:52:41+00:00","article_modified_time":"2023-11-24T16:53:19+00:00","og_image":[{"width":2560,"height":1440,"url":"https:\/\/unifsa.com.br\/site\/wp-content\/uploads\/2023\/11\/WhatsApp-Image-2023-11-24-at-13.45.22-scaled.jpeg","type":"image\/jpeg"}],"author":"Oceannyra Kelly da Cruz Silva","twitter_card":"summary_large_image","twitter_misc":{"Escrito por":"Oceannyra Kelly da Cruz Silva","Est. tempo de leitura":"3 minutos"},"schema":{"@context":"https:\/\/schema.org","@graph":[{"@type":"Article","@id":"https:\/\/unifsa.com.br\/site\/estudantes-de-gestao-de-rh-e-administracao-ead-participam-o-x-congresso-de-gestao-de-pessoas-do-piaui\/#article","isPartOf":{"@id":"https:\/\/unifsa.com.br\/site\/estudantes-de-gestao-de-rh-e-administracao-ead-participam-o-x-congresso-de-gestao-de-pessoas-do-piaui\/"},"author":{"name":"Oceannyra Kelly da Cruz Silva","@id":"https:\/\/unifsa.com.br\/site\/#\/schema\/person\/a4cec94bbc6ddf98f579162824de9bf2"},"headline":"Estudantes de Gest\u00e3o de RH e Administra\u00e7\u00e3o EAD participam do X Congresso de Gest\u00e3o de Pessoas do Piau\u00ed","datePublished":"2023-11-24T16:52:41+00:00","dateModified":"2023-11-24T16:53:19+00:00","mainEntityOfPage":{"@id":"https:\/\/unifsa.com.br\/site\/estudantes-de-gestao-de-rh-e-administracao-ead-participam-o-x-congresso-de-gestao-de-pessoas-do-piaui\/"},"wordCount":278,"publisher":{"@id":"https:\/\/unifsa.com.br\/site\/#organization"},"image":{"@id":"https:\/\/unifsa.com.br\/site\/estudantes-de-gestao-de-rh-e-administracao-ead-participam-o-x-congresso-de-gestao-de-pessoas-do-piaui\/#primaryimage"},"thumbnailUrl":"https:\/\/unifsa.com.br\/site\/wp-content\/uploads\/2023\/11\/WhatsApp-Image-2023-11-24-at-13.45.22-scaled.jpeg","keywords":["Associa\u00e7\u00e3o Brasileira de Recursos Humanos","curso de Recursos Humanos EAD","X Congresso de Gest\u00e3o de Pessoas do Piau\u00ed"],"articleSection":["Acontece na UNIFSA","Gest\u00e3o de Recursos Humanos EAD","NEAD"],"inLanguage":"pt-BR"},{"@type":"WebPage","@id":"https:\/\/unifsa.com.br\/site\/estudantes-de-gestao-de-rh-e-administracao-ead-participam-o-x-congresso-de-gestao-de-pessoas-do-piaui\/","url":"https:\/\/unifsa.com.br\/site\/estudantes-de-gestao-de-rh-e-administracao-ead-participam-o-x-congresso-de-gestao-de-pessoas-do-piaui\/","name":"Estudantes de Gest\u00e3o de RH e Administra\u00e7\u00e3o EAD participam do X Congresso de Gest\u00e3o de Pessoas do Piau\u00ed - Centro Universit\u00e1rio Santo Agostinho - UNIFSA","isPartOf":{"@id":"https:\/\/unifsa.com.br\/site\/#website"},"primaryImageOfPage":{"@id":"https:\/\/unifsa.com.br\/site\/estudantes-de-gestao-de-rh-e-administracao-ead-participam-o-x-congresso-de-gestao-de-pessoas-do-piaui\/#primaryimage"},"image":{"@id":"https:\/\/unifsa.com.br\/site\/estudantes-de-gestao-de-rh-e-administracao-ead-participam-o-x-congresso-de-gestao-de-pessoas-do-piaui\/#primaryimage"},"thumbnailUrl":"https:\/\/unifsa.com.br\/site\/wp-content\/uploads\/2023\/11\/WhatsApp-Image-2023-11-24-at-13.45.22-scaled.jpeg","datePublished":"2023-11-24T16:52:41+00:00","dateModified":"2023-11-24T16:53:19+00:00","breadcrumb":{"@id":"https:\/\/unifsa.com.br\/site\/estudantes-de-gestao-de-rh-e-administracao-ead-participam-o-x-congresso-de-gestao-de-pessoas-do-piaui\/#breadcrumb"},"inLanguage":"pt-BR","potentialAction":[{"@type":"ReadAction","target":["https:\/\/unifsa.com.br\/site\/estudantes-de-gestao-de-rh-e-administracao-ead-participam-o-x-congresso-de-gestao-de-pessoas-do-piaui\/"]}]},{"@type":"ImageObject","inLanguage":"pt-BR","@id":"https:\/\/unifsa.com.br\/site\/estudantes-de-gestao-de-rh-e-administracao-ead-participam-o-x-congresso-de-gestao-de-pessoas-do-piaui\/#primaryimage","url":"https:\/\/unifsa.com.br\/site\/wp-content\/uploads\/2023\/11\/WhatsApp-Image-2023-11-24-at-13.45.22-scaled.jpeg","contentUrl":"https:\/\/unifsa.com.br\/site\/wp-content\/uploads\/2023\/11\/WhatsApp-Image-2023-11-24-at-13.45.22-scaled.jpeg","width":2560,"height":1440},{"@type":"BreadcrumbList","@id":"https:\/\/unifsa.com.br\/site\/estudantes-de-gestao-de-rh-e-administracao-ead-participam-o-x-congresso-de-gestao-de-pessoas-do-piaui\/#breadcrumb","itemListElement":[{"@type":"ListItem","position":1,"name":"In\u00edcio","item":"https:\/\/unifsa.com.br\/site\/"},{"@type":"ListItem","position":2,"name":"Estudantes de Gest\u00e3o de RH e Administra\u00e7\u00e3o EAD participam do X Congresso de Gest\u00e3o de Pessoas do Piau\u00ed"}]},{"@type":"WebSite","@id":"https:\/\/unifsa.com.br\/site\/#website","url":"https:\/\/unifsa.com.br\/site\/","name":"Centro Universit\u00e1rio Santo Agostinho - UNIFSA","description":"Conhecimento para toda a vida","publisher":{"@id":"https:\/\/unifsa.com.br\/site\/#organization"},"potentialAction":[{"@type":"SearchAction","target":{"@type":"EntryPoint","urlTemplate":"https:\/\/unifsa.com.br\/site\/?s={search_term_string}"},"query-input":{"@type":"PropertyValueSpecification","valueRequired":true,"valueName":"search_term_string"}}],"inLanguage":"pt-BR"},{"@type":"Organization","@id":"https:\/\/unifsa.com.br\/site\/#organization","name":"Centro Universit\u00e1rio Santo Agostinho - UNIFSA","url":"https:\/\/unifsa.com.br\/site\/","logo":{"@type":"ImageObject","inLanguage":"pt-BR","@id":"https:\/\/unifsa.com.br\/site\/#\/schema\/logo\/image\/","url":"https:\/\/unifsa.com.br\/site\/wp-content\/uploads\/2023\/03\/MARCA-UNIFSA-CIC23-q2apjs1mt975cf1wl25b044coj90fwoiee1kya6800.png","contentUrl":"https:\/\/unifsa.com.br\/site\/wp-content\/uploads\/2023\/03\/MARCA-UNIFSA-CIC23-q2apjs1mt975cf1wl25b044coj90fwoiee1kya6800.png","width":103,"height":100,"caption":"Centro Universit\u00e1rio Santo Agostinho - UNIFSA"},"image":{"@id":"https:\/\/unifsa.com.br\/site\/#\/schema\/logo\/image\/"},"sameAs":["https:\/\/www.facebook.com\/unifsa\/","https:\/\/www.instagram.com\/unifsa\/"]},{"@type":"Person","@id":"https:\/\/unifsa.com.br\/site\/#\/schema\/person\/a4cec94bbc6ddf98f579162824de9bf2","name":"Oceannyra Kelly da Cruz Silva","image":{"@type":"ImageObject","inLanguage":"pt-BR","@id":"https:\/\/unifsa.com.br\/site\/#\/schema\/person\/image\/","url":"https:\/\/secure.gravatar.com\/avatar\/05c87cd6fa2c3c73262055bd9341438a47e77a37053b409b3cf4f8df60ea8eb8?s=96&d=mm&r=g","contentUrl":"https:\/\/secure.gravatar.com\/avatar\/05c87cd6fa2c3c73262055bd9341438a47e77a37053b409b3cf4f8df60ea8eb8?s=96&d=mm&r=g","caption":"Oceannyra Kelly da Cruz Silva"},"url":"https:\/\/unifsa.com.br\/site\/author\/oceannyrakelly\/"}]}},"_links":{"self":[{"href":"https:\/\/unifsa.com.br\/site\/wp-json\/wp\/v2\/posts\/27346","targetHints":{"allow":["GET"]}}],"collection":[{"href":"https:\/\/unifsa.com.br\/site\/wp-json\/wp\/v2\/posts"}],"about":[{"href":"https:\/\/unifsa.com.br\/site\/wp-json\/wp\/v2\/types\/post"}],"author":[{"embeddable":true,"href":"https:\/\/unifsa.com.br\/site\/wp-json\/wp\/v2\/users\/11"}],"replies":[{"embeddable":true,"href":"https:\/\/unifsa.com.br\/site\/wp-json\/wp\/v2\/comments?post=27346"}],"version-history":[{"count":3,"href":"https:\/\/unifsa.com.br\/site\/wp-json\/wp\/v2\/posts\/27346\/revisions"}],"predecessor-version":[{"id":27367,"href":"https:\/\/unifsa.com.br\/site\/wp-json\/wp\/v2\/posts\/27346\/revisions\/27367"}],"wp:featuredmedia":[{"embeddable":true,"href":"https:\/\/unifsa.com.br\/site\/wp-json\/wp\/v2\/media\/27353"}],"wp:attachment":[{"href":"https:\/\/unifsa.com.br\/site\/wp-json\/wp\/v2\/media?parent=27346"}],"wp:term":[{"taxonomy":"category","embeddable":true,"href":"https:\/\/unifsa.com.br\/site\/wp-json\/wp\/v2\/categories?post=27346"},{"taxonomy":"post_tag","embeddable":true,"href":"https:\/\/unifsa.com.br\/site\/wp-json\/wp\/v2\/tags?post=27346"}],"curies":[{"name":"wp","href":"https:\/\/api.w.org\/{rel}","templated":true}]}}