{"id":27342,"date":"2023-11-27T08:00:00","date_gmt":"2023-11-27T11:00:00","guid":{"rendered":"https:\/\/unifsa.com.br\/site\/?p=27342"},"modified":"2023-11-27T09:13:25","modified_gmt":"2023-11-27T12:13:25","slug":"unifsa-realiza-xxvi-mostra-em-atencao-hospitalar-e-xxviii-mostra-em-atencao-basica","status":"publish","type":"post","link":"https:\/\/unifsa.com.br\/site\/unifsa-realiza-xxvi-mostra-em-atencao-hospitalar-e-xxviii-mostra-em-atencao-basica\/","title":{"rendered":"UNIFSA realiza XXVI Mostra em Aten\u00e7\u00e3o Hospitalar e XXVIII Mostra em Aten\u00e7\u00e3o B\u00e1sica"},"content":{"rendered":"\n<p class=\"texto-justificado\">O Centro Universit\u00e1rio Santo Agostinho, por meio do curso de Enfermagem, realizar\u00e1 a <strong>XXVI Mostra em Aten\u00e7\u00e3o Hospitalar e a XXVIII Mostra em Aten\u00e7\u00e3o B\u00e1sica<\/strong> no dia 07 de dezembro, no audit\u00f3rio Manoel Cipriano Lira, sede. O evento, que acontece semestralmente, \u00e9 gratuito e destinado a estudantes de Enfermagem do UNIFSA matriculados no oitavo e nono per\u00edodo.<\/p>\n\n\n\n<div class=\"wp-block-buttons is-content-justification-center is-layout-flex wp-container-core-buttons-is-layout-16018d1d wp-block-buttons-is-layout-flex\">\n<div class=\"wp-block-button\"><a class=\"wp-block-button__link has-white-color has-vivid-cyan-blue-background-color has-text-color has-background wp-element-button\" href=\"https:\/\/www.sympla.com.br\/evento\/xxvi-mostra-em-atencao-hospitalar-e-a-xxviii-mostra-em-atencao-basica\/2260849?_gl=1*gegqqd*_ga*Mzg0MjA0MTQxLjE2NzU3ODk4MjQ.*_ga_KXH10SQTZF*MTcwMDgzMjMwMi43MC4xLjE3MDA4MzI4NzQuMC4wLjA.\">Inscreva-se<\/a><\/div>\n<\/div>\n\n\n\n<h2 class=\"wp-block-heading has-vivid-cyan-blue-color has-text-color\">Confira a programa\u00e7\u00e3o completa:<\/h2>\n\n\n\n<figure class=\"wp-block-table\"><table><tbody><tr><td>DATA<\/td><td>HOR\u00c1RIO<\/td><td>ATIVIDADE<\/td><td>MINISTRANTE<\/td><\/tr><tr><td>07\/12\/23<\/td><td>7h<\/td><td>Boas vindas&nbsp;&nbsp;<br><strong>Mesa de Honra&nbsp;<\/strong>&nbsp;<br>Coordenadora do curso de Bacharelado em Enfermagem&nbsp;<br>Tutora do curso de bacharelado em Enfermagem&nbsp;<br>Coordenadoras do evento&nbsp;<\/td><td>Conferencista:&nbsp;&nbsp;<br>&nbsp;<br>Profa. Ms.Karla Joelma Bezerra&nbsp; Cunha&nbsp;<br>Profa. Ma.Francisca Carla Silva de Melo Pereira&nbsp;&nbsp;<br>Profa. Esp. Verbena Rodrigues Lustosa<\/td><\/tr><tr><td>07\/12\/23<\/td><td>8h<\/td><td><strong>Palestra: Atua\u00e7\u00e3o do Enfermeiro Perfusionista em Cirurgia Cardiovascular<\/strong>&nbsp;<\/td><td>Enf.&nbsp; Aurisl\u00e2nia Bezerra Melo Camelo<\/td><\/tr><tr><td>07\/12\/23<\/td><td>10h<\/td><td><strong>Palestra: Ato Transfusional Seguro<\/strong>&nbsp;<\/td><td>Enf. Cl\u00e1udia Breila de Melo Castro \u2013 Hemopi&nbsp;&nbsp;<\/td><\/tr><tr><td><\/td><td><\/td><td><strong>INTERVALO PARA ALMO\u00c7O<\/strong>&nbsp;<\/td><td><\/td><\/tr><tr><td>07\/12\/23<\/td><td>13h<\/td><td><strong>Palestra: Como empreender na Enfermagem&nbsp;<\/strong>&nbsp;<\/td><td>Conferencista:&nbsp;&nbsp;<br>Enf. Beatriz dos Santos Lima Rodrigues \u2013 Empresas: Health Med e Curar-the&nbsp;<\/td><\/tr><tr><td>07\/12\/23<\/td><td>15h<\/td><td><strong>Palestra: Tema Perspectiva e pr\u00e1xis da Enfermagem Forense<\/strong>&nbsp;<\/td><td>Conferencista:&nbsp;&nbsp;<br>Dr. Jos\u00e9 de Jesus Cardoso \u2013 Presidente da Associa\u00e7\u00e3o Brasileira Forense&nbsp;<\/td><\/tr><\/tbody><\/table><\/figure>\n","protected":false},"excerpt":{"rendered":"<p>O Centro Universit\u00e1rio Santo Agostinho, por meio do curso de Enfermagem, realizar\u00e1 a XXVI Mostra em Aten\u00e7\u00e3o Hospitalar e a XXVIII Mostra em Aten\u00e7\u00e3o B\u00e1sica no dia 07 de dezembro, no audit\u00f3rio Manoel Cipriano Lira, sede. O evento, que acontece semestralmente, \u00e9 gratuito e destinado a estudantes de Enfermagem do UNIFSA matriculados no oitavo e<\/p>\n","protected":false},"author":11,"featured_media":27344,"comment_status":"closed","ping_status":"open","sticky":false,"template":"","format":"standard","meta":{"_acf_changed":false,"footnotes":""},"categories":[6,59],"tags":[1485,1021,1020],"class_list":["post-27342","post","type-post","status-publish","format-standard","has-post-thumbnail","hentry","category-acontece-na-unifsa","category-enfermagem","tag-enfermagem-unifsa","tag-mostra-em-atencao-basica","tag-mostra-em-atencao-hospitalar"],"acf":[],"yoast_head":"<!-- This site is optimized with the Yoast SEO plugin v26.5 - https:\/\/yoast.com\/wordpress\/plugins\/seo\/ -->\n<title>UNIFSA realiza XXVI Mostra em Aten\u00e7\u00e3o Hospitalar e XXVIII Mostra em Aten\u00e7\u00e3o B\u00e1sica - Centro Universit\u00e1rio Santo Agostinho - UNIFSA<\/title>\n<meta name=\"robots\" content=\"index, follow, max-snippet:-1, max-image-preview:large, max-video-preview:-1\" \/>\n<link rel=\"canonical\" href=\"https:\/\/unifsa.com.br\/site\/unifsa-realiza-xxvi-mostra-em-atencao-hospitalar-e-xxviii-mostra-em-atencao-basica\/\" \/>\n<meta property=\"og:locale\" content=\"pt_BR\" \/>\n<meta property=\"og:type\" content=\"article\" \/>\n<meta property=\"og:title\" content=\"UNIFSA realiza XXVI Mostra em Aten\u00e7\u00e3o Hospitalar e XXVIII Mostra em Aten\u00e7\u00e3o B\u00e1sica - Centro Universit\u00e1rio Santo Agostinho - UNIFSA\" \/>\n<meta property=\"og:description\" content=\"O Centro Universit\u00e1rio Santo Agostinho, por meio do curso de Enfermagem, realizar\u00e1 a XXVI Mostra em Aten\u00e7\u00e3o Hospitalar e a XXVIII Mostra em Aten\u00e7\u00e3o B\u00e1sica no dia 07 de dezembro, no audit\u00f3rio Manoel Cipriano Lira, sede. O evento, que acontece semestralmente, \u00e9 gratuito e destinado a estudantes de Enfermagem do UNIFSA matriculados no oitavo e\" \/>\n<meta property=\"og:url\" content=\"https:\/\/unifsa.com.br\/site\/unifsa-realiza-xxvi-mostra-em-atencao-hospitalar-e-xxviii-mostra-em-atencao-basica\/\" \/>\n<meta property=\"og:site_name\" content=\"Centro Universit\u00e1rio Santo Agostinho - UNIFSA\" \/>\n<meta property=\"article:publisher\" content=\"https:\/\/www.facebook.com\/unifsa\/\" \/>\n<meta property=\"article:published_time\" content=\"2023-11-27T11:00:00+00:00\" \/>\n<meta property=\"article:modified_time\" content=\"2023-11-27T12:13:25+00:00\" \/>\n<meta property=\"og:image\" content=\"https:\/\/unifsa.com.br\/site\/wp-content\/uploads\/2023\/11\/SITE-3.jpg\" \/>\n\t<meta property=\"og:image:width\" content=\"1920\" \/>\n\t<meta property=\"og:image:height\" content=\"805\" \/>\n\t<meta property=\"og:image:type\" content=\"image\/jpeg\" \/>\n<meta name=\"author\" content=\"Oceannyra Kelly da Cruz Silva\" \/>\n<meta name=\"twitter:card\" content=\"summary_large_image\" \/>\n<meta name=\"twitter:label1\" content=\"Escrito por\" \/>\n\t<meta name=\"twitter:data1\" content=\"Oceannyra Kelly da Cruz Silva\" \/>\n\t<meta name=\"twitter:label2\" content=\"Est. tempo de leitura\" \/>\n\t<meta name=\"twitter:data2\" content=\"1 minuto\" \/>\n<script type=\"application\/ld+json\" class=\"yoast-schema-graph\">{\"@context\":\"https:\/\/schema.org\",\"@graph\":[{\"@type\":\"Article\",\"@id\":\"https:\/\/unifsa.com.br\/site\/unifsa-realiza-xxvi-mostra-em-atencao-hospitalar-e-xxviii-mostra-em-atencao-basica\/#article\",\"isPartOf\":{\"@id\":\"https:\/\/unifsa.com.br\/site\/unifsa-realiza-xxvi-mostra-em-atencao-hospitalar-e-xxviii-mostra-em-atencao-basica\/\"},\"author\":{\"name\":\"Oceannyra Kelly da Cruz Silva\",\"@id\":\"https:\/\/unifsa.com.br\/site\/#\/schema\/person\/a4cec94bbc6ddf98f579162824de9bf2\"},\"headline\":\"UNIFSA realiza XXVI Mostra em Aten\u00e7\u00e3o Hospitalar e XXVIII Mostra em Aten\u00e7\u00e3o B\u00e1sica\",\"datePublished\":\"2023-11-27T11:00:00+00:00\",\"dateModified\":\"2023-11-27T12:13:25+00:00\",\"mainEntityOfPage\":{\"@id\":\"https:\/\/unifsa.com.br\/site\/unifsa-realiza-xxvi-mostra-em-atencao-hospitalar-e-xxviii-mostra-em-atencao-basica\/\"},\"wordCount\":233,\"publisher\":{\"@id\":\"https:\/\/unifsa.com.br\/site\/#organization\"},\"image\":{\"@id\":\"https:\/\/unifsa.com.br\/site\/unifsa-realiza-xxvi-mostra-em-atencao-hospitalar-e-xxviii-mostra-em-atencao-basica\/#primaryimage\"},\"thumbnailUrl\":\"https:\/\/unifsa.com.br\/site\/wp-content\/uploads\/2023\/11\/SITE-3.jpg\",\"keywords\":[\"Enfermagem UNIFSA\",\"Mostra em Aten\u00e7\u00e3o B\u00e1sica\",\"Mostra em Aten\u00e7\u00e3o Hospitalar\"],\"articleSection\":[\"Acontece na UNIFSA\",\"Enfermagem\"],\"inLanguage\":\"pt-BR\"},{\"@type\":\"WebPage\",\"@id\":\"https:\/\/unifsa.com.br\/site\/unifsa-realiza-xxvi-mostra-em-atencao-hospitalar-e-xxviii-mostra-em-atencao-basica\/\",\"url\":\"https:\/\/unifsa.com.br\/site\/unifsa-realiza-xxvi-mostra-em-atencao-hospitalar-e-xxviii-mostra-em-atencao-basica\/\",\"name\":\"UNIFSA realiza XXVI Mostra em Aten\u00e7\u00e3o Hospitalar e XXVIII Mostra em Aten\u00e7\u00e3o B\u00e1sica - Centro Universit\u00e1rio Santo Agostinho - UNIFSA\",\"isPartOf\":{\"@id\":\"https:\/\/unifsa.com.br\/site\/#website\"},\"primaryImageOfPage\":{\"@id\":\"https:\/\/unifsa.com.br\/site\/unifsa-realiza-xxvi-mostra-em-atencao-hospitalar-e-xxviii-mostra-em-atencao-basica\/#primaryimage\"},\"image\":{\"@id\":\"https:\/\/unifsa.com.br\/site\/unifsa-realiza-xxvi-mostra-em-atencao-hospitalar-e-xxviii-mostra-em-atencao-basica\/#primaryimage\"},\"thumbnailUrl\":\"https:\/\/unifsa.com.br\/site\/wp-content\/uploads\/2023\/11\/SITE-3.jpg\",\"datePublished\":\"2023-11-27T11:00:00+00:00\",\"dateModified\":\"2023-11-27T12:13:25+00:00\",\"breadcrumb\":{\"@id\":\"https:\/\/unifsa.com.br\/site\/unifsa-realiza-xxvi-mostra-em-atencao-hospitalar-e-xxviii-mostra-em-atencao-basica\/#breadcrumb\"},\"inLanguage\":\"pt-BR\",\"potentialAction\":[{\"@type\":\"ReadAction\",\"target\":[\"https:\/\/unifsa.com.br\/site\/unifsa-realiza-xxvi-mostra-em-atencao-hospitalar-e-xxviii-mostra-em-atencao-basica\/\"]}]},{\"@type\":\"ImageObject\",\"inLanguage\":\"pt-BR\",\"@id\":\"https:\/\/unifsa.com.br\/site\/unifsa-realiza-xxvi-mostra-em-atencao-hospitalar-e-xxviii-mostra-em-atencao-basica\/#primaryimage\",\"url\":\"https:\/\/unifsa.com.br\/site\/wp-content\/uploads\/2023\/11\/SITE-3.jpg\",\"contentUrl\":\"https:\/\/unifsa.com.br\/site\/wp-content\/uploads\/2023\/11\/SITE-3.jpg\",\"width\":1920,\"height\":805},{\"@type\":\"BreadcrumbList\",\"@id\":\"https:\/\/unifsa.com.br\/site\/unifsa-realiza-xxvi-mostra-em-atencao-hospitalar-e-xxviii-mostra-em-atencao-basica\/#breadcrumb\",\"itemListElement\":[{\"@type\":\"ListItem\",\"position\":1,\"name\":\"In\u00edcio\",\"item\":\"https:\/\/unifsa.com.br\/site\/\"},{\"@type\":\"ListItem\",\"position\":2,\"name\":\"UNIFSA realiza XXVI Mostra em Aten\u00e7\u00e3o Hospitalar e XXVIII Mostra em Aten\u00e7\u00e3o B\u00e1sica\"}]},{\"@type\":\"WebSite\",\"@id\":\"https:\/\/unifsa.com.br\/site\/#website\",\"url\":\"https:\/\/unifsa.com.br\/site\/\",\"name\":\"Centro Universit\u00e1rio Santo Agostinho - UNIFSA\",\"description\":\"Conhecimento para toda a vida\",\"publisher\":{\"@id\":\"https:\/\/unifsa.com.br\/site\/#organization\"},\"potentialAction\":[{\"@type\":\"SearchAction\",\"target\":{\"@type\":\"EntryPoint\",\"urlTemplate\":\"https:\/\/unifsa.com.br\/site\/?s={search_term_string}\"},\"query-input\":{\"@type\":\"PropertyValueSpecification\",\"valueRequired\":true,\"valueName\":\"search_term_string\"}}],\"inLanguage\":\"pt-BR\"},{\"@type\":\"Organization\",\"@id\":\"https:\/\/unifsa.com.br\/site\/#organization\",\"name\":\"Centro Universit\u00e1rio Santo Agostinho - UNIFSA\",\"url\":\"https:\/\/unifsa.com.br\/site\/\",\"logo\":{\"@type\":\"ImageObject\",\"inLanguage\":\"pt-BR\",\"@id\":\"https:\/\/unifsa.com.br\/site\/#\/schema\/logo\/image\/\",\"url\":\"https:\/\/unifsa.com.br\/site\/wp-content\/uploads\/2023\/03\/MARCA-UNIFSA-CIC23-q2apjs1mt975cf1wl25b044coj90fwoiee1kya6800.png\",\"contentUrl\":\"https:\/\/unifsa.com.br\/site\/wp-content\/uploads\/2023\/03\/MARCA-UNIFSA-CIC23-q2apjs1mt975cf1wl25b044coj90fwoiee1kya6800.png\",\"width\":103,\"height\":100,\"caption\":\"Centro Universit\u00e1rio Santo Agostinho - UNIFSA\"},\"image\":{\"@id\":\"https:\/\/unifsa.com.br\/site\/#\/schema\/logo\/image\/\"},\"sameAs\":[\"https:\/\/www.facebook.com\/unifsa\/\",\"https:\/\/www.instagram.com\/unifsa\/\"]},{\"@type\":\"Person\",\"@id\":\"https:\/\/unifsa.com.br\/site\/#\/schema\/person\/a4cec94bbc6ddf98f579162824de9bf2\",\"name\":\"Oceannyra Kelly da Cruz Silva\",\"image\":{\"@type\":\"ImageObject\",\"inLanguage\":\"pt-BR\",\"@id\":\"https:\/\/unifsa.com.br\/site\/#\/schema\/person\/image\/\",\"url\":\"https:\/\/secure.gravatar.com\/avatar\/05c87cd6fa2c3c73262055bd9341438a47e77a37053b409b3cf4f8df60ea8eb8?s=96&d=mm&r=g\",\"contentUrl\":\"https:\/\/secure.gravatar.com\/avatar\/05c87cd6fa2c3c73262055bd9341438a47e77a37053b409b3cf4f8df60ea8eb8?s=96&d=mm&r=g\",\"caption\":\"Oceannyra Kelly da Cruz Silva\"},\"url\":\"https:\/\/unifsa.com.br\/site\/author\/oceannyrakelly\/\"}]}<\/script>\n<!-- \/ Yoast SEO plugin. -->","yoast_head_json":{"title":"UNIFSA realiza XXVI Mostra em Aten\u00e7\u00e3o Hospitalar e XXVIII Mostra em Aten\u00e7\u00e3o B\u00e1sica - Centro Universit\u00e1rio Santo Agostinho - UNIFSA","robots":{"index":"index","follow":"follow","max-snippet":"max-snippet:-1","max-image-preview":"max-image-preview:large","max-video-preview":"max-video-preview:-1"},"canonical":"https:\/\/unifsa.com.br\/site\/unifsa-realiza-xxvi-mostra-em-atencao-hospitalar-e-xxviii-mostra-em-atencao-basica\/","og_locale":"pt_BR","og_type":"article","og_title":"UNIFSA realiza XXVI Mostra em Aten\u00e7\u00e3o Hospitalar e XXVIII Mostra em Aten\u00e7\u00e3o B\u00e1sica - Centro Universit\u00e1rio Santo Agostinho - UNIFSA","og_description":"O Centro Universit\u00e1rio Santo Agostinho, por meio do curso de Enfermagem, realizar\u00e1 a XXVI Mostra em Aten\u00e7\u00e3o Hospitalar e a XXVIII Mostra em Aten\u00e7\u00e3o B\u00e1sica no dia 07 de dezembro, no audit\u00f3rio Manoel Cipriano Lira, sede. O evento, que acontece semestralmente, \u00e9 gratuito e destinado a estudantes de Enfermagem do UNIFSA matriculados no oitavo e","og_url":"https:\/\/unifsa.com.br\/site\/unifsa-realiza-xxvi-mostra-em-atencao-hospitalar-e-xxviii-mostra-em-atencao-basica\/","og_site_name":"Centro Universit\u00e1rio Santo Agostinho - UNIFSA","article_publisher":"https:\/\/www.facebook.com\/unifsa\/","article_published_time":"2023-11-27T11:00:00+00:00","article_modified_time":"2023-11-27T12:13:25+00:00","og_image":[{"width":1920,"height":805,"url":"https:\/\/unifsa.com.br\/site\/wp-content\/uploads\/2023\/11\/SITE-3.jpg","type":"image\/jpeg"}],"author":"Oceannyra Kelly da Cruz Silva","twitter_card":"summary_large_image","twitter_misc":{"Escrito por":"Oceannyra Kelly da Cruz Silva","Est. tempo de leitura":"1 minuto"},"schema":{"@context":"https:\/\/schema.org","@graph":[{"@type":"Article","@id":"https:\/\/unifsa.com.br\/site\/unifsa-realiza-xxvi-mostra-em-atencao-hospitalar-e-xxviii-mostra-em-atencao-basica\/#article","isPartOf":{"@id":"https:\/\/unifsa.com.br\/site\/unifsa-realiza-xxvi-mostra-em-atencao-hospitalar-e-xxviii-mostra-em-atencao-basica\/"},"author":{"name":"Oceannyra Kelly da Cruz Silva","@id":"https:\/\/unifsa.com.br\/site\/#\/schema\/person\/a4cec94bbc6ddf98f579162824de9bf2"},"headline":"UNIFSA realiza XXVI Mostra em Aten\u00e7\u00e3o Hospitalar e XXVIII Mostra em Aten\u00e7\u00e3o B\u00e1sica","datePublished":"2023-11-27T11:00:00+00:00","dateModified":"2023-11-27T12:13:25+00:00","mainEntityOfPage":{"@id":"https:\/\/unifsa.com.br\/site\/unifsa-realiza-xxvi-mostra-em-atencao-hospitalar-e-xxviii-mostra-em-atencao-basica\/"},"wordCount":233,"publisher":{"@id":"https:\/\/unifsa.com.br\/site\/#organization"},"image":{"@id":"https:\/\/unifsa.com.br\/site\/unifsa-realiza-xxvi-mostra-em-atencao-hospitalar-e-xxviii-mostra-em-atencao-basica\/#primaryimage"},"thumbnailUrl":"https:\/\/unifsa.com.br\/site\/wp-content\/uploads\/2023\/11\/SITE-3.jpg","keywords":["Enfermagem UNIFSA","Mostra em Aten\u00e7\u00e3o B\u00e1sica","Mostra em Aten\u00e7\u00e3o Hospitalar"],"articleSection":["Acontece na UNIFSA","Enfermagem"],"inLanguage":"pt-BR"},{"@type":"WebPage","@id":"https:\/\/unifsa.com.br\/site\/unifsa-realiza-xxvi-mostra-em-atencao-hospitalar-e-xxviii-mostra-em-atencao-basica\/","url":"https:\/\/unifsa.com.br\/site\/unifsa-realiza-xxvi-mostra-em-atencao-hospitalar-e-xxviii-mostra-em-atencao-basica\/","name":"UNIFSA realiza XXVI Mostra em Aten\u00e7\u00e3o Hospitalar e XXVIII Mostra em Aten\u00e7\u00e3o B\u00e1sica - Centro Universit\u00e1rio Santo Agostinho - UNIFSA","isPartOf":{"@id":"https:\/\/unifsa.com.br\/site\/#website"},"primaryImageOfPage":{"@id":"https:\/\/unifsa.com.br\/site\/unifsa-realiza-xxvi-mostra-em-atencao-hospitalar-e-xxviii-mostra-em-atencao-basica\/#primaryimage"},"image":{"@id":"https:\/\/unifsa.com.br\/site\/unifsa-realiza-xxvi-mostra-em-atencao-hospitalar-e-xxviii-mostra-em-atencao-basica\/#primaryimage"},"thumbnailUrl":"https:\/\/unifsa.com.br\/site\/wp-content\/uploads\/2023\/11\/SITE-3.jpg","datePublished":"2023-11-27T11:00:00+00:00","dateModified":"2023-11-27T12:13:25+00:00","breadcrumb":{"@id":"https:\/\/unifsa.com.br\/site\/unifsa-realiza-xxvi-mostra-em-atencao-hospitalar-e-xxviii-mostra-em-atencao-basica\/#breadcrumb"},"inLanguage":"pt-BR","potentialAction":[{"@type":"ReadAction","target":["https:\/\/unifsa.com.br\/site\/unifsa-realiza-xxvi-mostra-em-atencao-hospitalar-e-xxviii-mostra-em-atencao-basica\/"]}]},{"@type":"ImageObject","inLanguage":"pt-BR","@id":"https:\/\/unifsa.com.br\/site\/unifsa-realiza-xxvi-mostra-em-atencao-hospitalar-e-xxviii-mostra-em-atencao-basica\/#primaryimage","url":"https:\/\/unifsa.com.br\/site\/wp-content\/uploads\/2023\/11\/SITE-3.jpg","contentUrl":"https:\/\/unifsa.com.br\/site\/wp-content\/uploads\/2023\/11\/SITE-3.jpg","width":1920,"height":805},{"@type":"BreadcrumbList","@id":"https:\/\/unifsa.com.br\/site\/unifsa-realiza-xxvi-mostra-em-atencao-hospitalar-e-xxviii-mostra-em-atencao-basica\/#breadcrumb","itemListElement":[{"@type":"ListItem","position":1,"name":"In\u00edcio","item":"https:\/\/unifsa.com.br\/site\/"},{"@type":"ListItem","position":2,"name":"UNIFSA realiza XXVI Mostra em Aten\u00e7\u00e3o Hospitalar e XXVIII Mostra em Aten\u00e7\u00e3o B\u00e1sica"}]},{"@type":"WebSite","@id":"https:\/\/unifsa.com.br\/site\/#website","url":"https:\/\/unifsa.com.br\/site\/","name":"Centro Universit\u00e1rio Santo Agostinho - UNIFSA","description":"Conhecimento para toda a vida","publisher":{"@id":"https:\/\/unifsa.com.br\/site\/#organization"},"potentialAction":[{"@type":"SearchAction","target":{"@type":"EntryPoint","urlTemplate":"https:\/\/unifsa.com.br\/site\/?s={search_term_string}"},"query-input":{"@type":"PropertyValueSpecification","valueRequired":true,"valueName":"search_term_string"}}],"inLanguage":"pt-BR"},{"@type":"Organization","@id":"https:\/\/unifsa.com.br\/site\/#organization","name":"Centro Universit\u00e1rio Santo Agostinho - UNIFSA","url":"https:\/\/unifsa.com.br\/site\/","logo":{"@type":"ImageObject","inLanguage":"pt-BR","@id":"https:\/\/unifsa.com.br\/site\/#\/schema\/logo\/image\/","url":"https:\/\/unifsa.com.br\/site\/wp-content\/uploads\/2023\/03\/MARCA-UNIFSA-CIC23-q2apjs1mt975cf1wl25b044coj90fwoiee1kya6800.png","contentUrl":"https:\/\/unifsa.com.br\/site\/wp-content\/uploads\/2023\/03\/MARCA-UNIFSA-CIC23-q2apjs1mt975cf1wl25b044coj90fwoiee1kya6800.png","width":103,"height":100,"caption":"Centro Universit\u00e1rio Santo Agostinho - UNIFSA"},"image":{"@id":"https:\/\/unifsa.com.br\/site\/#\/schema\/logo\/image\/"},"sameAs":["https:\/\/www.facebook.com\/unifsa\/","https:\/\/www.instagram.com\/unifsa\/"]},{"@type":"Person","@id":"https:\/\/unifsa.com.br\/site\/#\/schema\/person\/a4cec94bbc6ddf98f579162824de9bf2","name":"Oceannyra Kelly da Cruz Silva","image":{"@type":"ImageObject","inLanguage":"pt-BR","@id":"https:\/\/unifsa.com.br\/site\/#\/schema\/person\/image\/","url":"https:\/\/secure.gravatar.com\/avatar\/05c87cd6fa2c3c73262055bd9341438a47e77a37053b409b3cf4f8df60ea8eb8?s=96&d=mm&r=g","contentUrl":"https:\/\/secure.gravatar.com\/avatar\/05c87cd6fa2c3c73262055bd9341438a47e77a37053b409b3cf4f8df60ea8eb8?s=96&d=mm&r=g","caption":"Oceannyra Kelly da Cruz Silva"},"url":"https:\/\/unifsa.com.br\/site\/author\/oceannyrakelly\/"}]}},"_links":{"self":[{"href":"https:\/\/unifsa.com.br\/site\/wp-json\/wp\/v2\/posts\/27342","targetHints":{"allow":["GET"]}}],"collection":[{"href":"https:\/\/unifsa.com.br\/site\/wp-json\/wp\/v2\/posts"}],"about":[{"href":"https:\/\/unifsa.com.br\/site\/wp-json\/wp\/v2\/types\/post"}],"author":[{"embeddable":true,"href":"https:\/\/unifsa.com.br\/site\/wp-json\/wp\/v2\/users\/11"}],"replies":[{"embeddable":true,"href":"https:\/\/unifsa.com.br\/site\/wp-json\/wp\/v2\/comments?post=27342"}],"version-history":[{"count":3,"href":"https:\/\/unifsa.com.br\/site\/wp-json\/wp\/v2\/posts\/27342\/revisions"}],"predecessor-version":[{"id":27407,"href":"https:\/\/unifsa.com.br\/site\/wp-json\/wp\/v2\/posts\/27342\/revisions\/27407"}],"wp:featuredmedia":[{"embeddable":true,"href":"https:\/\/unifsa.com.br\/site\/wp-json\/wp\/v2\/media\/27344"}],"wp:attachment":[{"href":"https:\/\/unifsa.com.br\/site\/wp-json\/wp\/v2\/media?parent=27342"}],"wp:term":[{"taxonomy":"category","embeddable":true,"href":"https:\/\/unifsa.com.br\/site\/wp-json\/wp\/v2\/categories?post=27342"},{"taxonomy":"post_tag","embeddable":true,"href":"https:\/\/unifsa.com.br\/site\/wp-json\/wp\/v2\/tags?post=27342"}],"curies":[{"name":"wp","href":"https:\/\/api.w.org\/{rel}","templated":true}]}}