{"id":27040,"date":"2023-11-09T14:55:50","date_gmt":"2023-11-09T17:55:50","guid":{"rendered":"https:\/\/unifsa.com.br\/site\/?p=27040"},"modified":"2023-11-09T14:55:52","modified_gmt":"2023-11-09T17:55:52","slug":"voce-conhece-a-pos-graduacao-em-familia-e-politicas-publicas-do-unifsa","status":"publish","type":"post","link":"https:\/\/unifsa.com.br\/site\/voce-conhece-a-pos-graduacao-em-familia-e-politicas-publicas-do-unifsa\/","title":{"rendered":"Voc\u00ea conhece a p\u00f3s-gradua\u00e7\u00e3o em Fam\u00edlia e Pol\u00edticas P\u00fablicas do UNIFSA?"},"content":{"rendered":"\n<p class=\"texto-justificado\">No contexto atual, a compreens\u00e3o das din\u00e2micas familiares e a formula\u00e7\u00e3o de pol\u00edticas p\u00fablicas eficazes s\u00e3o cruciais para promover o bem-estar social. Diante disso, o UNIFSA oferece uma oportunidade \u00fanica para os estudantes se especializarem em Fam\u00edlia e Pol\u00edticas P\u00fablicas, proporcionando uma base s\u00f3lida para abordar quest\u00f5es sociais complexas e emergentes. <\/p>\n\n\n\n<p class=\"texto-justificado\">Esse curso est\u00e1 com inscri\u00e7\u00f5es abertas e tem como objetivo a forma\u00e7\u00e3o de gestores e profissionais para a implementa\u00e7\u00e3o de Pol\u00edticas P\u00fablicas com centralidade nas fam\u00edlias, contribuindo com o desenvolvimento de conhecimentos hist\u00f3ricos, te\u00f3ricos, metodol\u00f3gicos, t\u00e9cnicos e operacionais que contribuam para uma interven\u00e7\u00e3o qualificada na \u00e1rea.<\/p>\n\n\n\n<p class=\"texto-justificado\">A p\u00f3s-gradua\u00e7\u00e3o em Fam\u00edlia e Pol\u00edticas P\u00fablicas consiste em um curso de relev\u00e2ncia na contemporaneidade, pois a fam\u00edlia \u00e9 a unidade fundamental da sociedade, e compreender suas complexidades \u00e9 essencial para promover rela\u00e7\u00f5es saud\u00e1veis e resolver desafios sociais. Seu corpo docentes \u00e9 composto por profissionais altamente qualificados na \u00e1rea.<\/p>\n\n\n\n<h2 class=\"wp-block-heading has-vivid-cyan-blue-color has-text-color\">Quais os diferenciais dessa p\u00f3s-gradua\u00e7\u00e3o?<\/h2>\n\n\n\n<p class=\"texto-justificado\">O curso \u00e9 uma realiza\u00e7\u00e3o do UNIFSA, que \u00e9 nota m\u00e1xima no Minist\u00e9rio da Educa\u00e7\u00e3o, e possui uma organiza\u00e7\u00e3o pol\u00edtica, pedag\u00f3gica, estrutura institucional e corpo docente altamente qualificado, expressando grande credibilidade e compromisso com a qualidade, \u00e9tica e vis\u00e3o Human\u00edstica.<\/p>\n\n\n\n<p class=\"texto-justificado\">Compromete-se com a forma\u00e7\u00e3o e qualifica\u00e7\u00e3o profissional a partir de matriz\/conte\u00fado program\u00e1tico atual, com abordagens interdisciplinar e multiprofissional, demonstrando coer\u00eancia com o contexto s\u00f3cio-hist\u00f3rico, econ\u00f4mico, pol\u00edtico e cultural da realidade contempor\u00e2nea brasileira.<\/p>\n\n\n\n<p class=\"texto-justificado\">Forma\u00e7\u00e3o cr\u00edtica, propositiva e pol\u00edtica, dos\/as gestores\/as e profissionais, para interven\u00e7\u00e3o no contexto das Pol\u00edticas P\u00fablicas, refletindo e compreendendo sobre a transversalidades das rela\u00e7\u00f5es de g\u00eanero, ra\u00e7a, classe, viol\u00eancia no processo de gest\u00e3o das Pol\u00edticas P\u00fablicas que fomentam o trabalho com fam\u00edlias.<\/p>\n\n\n\n<p class=\"texto-justificado\">Essa especializa\u00e7\u00e3o fortalece a compreens\u00e3o e a atua\u00e7\u00e3o no Trabalho com fam\u00edlias enquanto espa\u00e7o de cuidados e prote\u00e7\u00e3o, no \u00e2mbito das Pol\u00edticas P\u00fablicas em uma perspectiva de direito.<\/p>\n\n\n\n<p class=\"texto-justificado\">Sua Matriz Curricular envolve metodologias ativas\/participativas no processo de ensino e aprendizagem, gerando compet\u00eancias e habilidades para o processo de atua\u00e7\u00e3o profissional e cient\u00edfica.<\/p>\n\n\n\n<div class=\"wp-block-buttons is-content-justification-center is-layout-flex wp-container-core-buttons-is-layout-1 wp-block-buttons-is-layout-flex\">\n<div class=\"wp-block-button\"><a class=\"wp-block-button__link has-white-color has-vivid-cyan-blue-background-color has-text-color has-background wp-element-button\" href=\"https:\/\/unifsa.com.br\/site\/pos_graduacao\/familia-e-politicas-publicas-2\/#1597185139388-0646e6de-44b3\">Confira a matriz curricular completa<\/a><\/div>\n<\/div>\n\n\n\n<p class=\"texto-justificado\">Por fim, o curso incentiva \u00e0 produ\u00e7\u00e3o cient\u00edfica e publica\u00e7\u00e3o, bem como, a participa\u00e7\u00e3o em eventos nacional e internacional realizados pela pr\u00f3pria IES e outros, como o Congresso Internacional.\u00a0<\/p>\n\n\n\n<p class=\"texto-justificado\">A especializa\u00e7\u00e3o em Fam\u00edlia e Pol\u00edticas P\u00fablicas do UNIFSA n\u00e3o apenas prepara os estudantes para enfrentar os desafios sociais contempor\u00e2neos, mas tamb\u00e9m os capacita para moldar o futuro por meio da formula\u00e7\u00e3o e implementa\u00e7\u00e3o de pol\u00edticas p\u00fablicas centradas na fam\u00edlia. Ao escolher essa especializa\u00e7\u00e3o, o profissional se posiciona como agente de mudan\u00e7a, pronto para contribuir significativamente para o desenvolvimento social e o bem-estar da comunidade.<\/p>\n\n\n\n<div class=\"wp-block-buttons is-content-justification-center is-layout-flex wp-container-core-buttons-is-layout-2 wp-block-buttons-is-layout-flex\">\n<div class=\"wp-block-button\"><a class=\"wp-block-button__link has-white-color has-vivid-cyan-blue-background-color has-text-color has-background wp-element-button\" href=\"https:\/\/unifsa.com.br\/site\/pos_graduacao\/familia-e-politicas-publicas-2\/\">Saiba mais sobre esse curso<\/a><\/div>\n<\/div>\n","protected":false},"excerpt":{"rendered":"<p>No contexto atual, a compreens\u00e3o das din\u00e2micas familiares e a formula\u00e7\u00e3o de pol\u00edticas p\u00fablicas eficazes s\u00e3o cruciais para promover o bem-estar social. Diante disso, o UNIFSA oferece uma oportunidade \u00fanica para os estudantes se especializarem em Fam\u00edlia e Pol\u00edticas P\u00fablicas, proporcionando uma base s\u00f3lida para abordar quest\u00f5es sociais complexas e emergentes. Esse curso est\u00e1 com<\/p>\n","protected":false},"author":11,"featured_media":27041,"comment_status":"closed","ping_status":"open","sticky":false,"template":"","format":"standard","meta":{"_acf_changed":false,"footnotes":""},"categories":[6,1493,303],"tags":[1495,1494],"class_list":["post-27040","post","type-post","status-publish","format-standard","has-post-thumbnail","hentry","category-acontece-na-unifsa","category-familia-e-politicas-publicas","category-pos-graduacao-unifsa","tag-po-graduacao-em-familia-e-politicas-publicas","tag-pos-em-politicas-publicas"],"acf":[],"yoast_head":"<!-- This site is optimized with the Yoast SEO plugin v26.5 - https:\/\/yoast.com\/wordpress\/plugins\/seo\/ -->\n<title>Voc\u00ea conhece a p\u00f3s-gradua\u00e7\u00e3o em Fam\u00edlia e Pol\u00edticas P\u00fablicas do UNIFSA? - Centro Universit\u00e1rio Santo Agostinho - UNIFSA<\/title>\n<meta name=\"robots\" content=\"index, follow, max-snippet:-1, max-image-preview:large, max-video-preview:-1\" \/>\n<link rel=\"canonical\" href=\"https:\/\/unifsa.com.br\/site\/voce-conhece-a-pos-graduacao-em-familia-e-politicas-publicas-do-unifsa\/\" \/>\n<meta property=\"og:locale\" content=\"pt_BR\" \/>\n<meta property=\"og:type\" content=\"article\" \/>\n<meta property=\"og:title\" content=\"Voc\u00ea conhece a p\u00f3s-gradua\u00e7\u00e3o em Fam\u00edlia e Pol\u00edticas P\u00fablicas do UNIFSA? - Centro Universit\u00e1rio Santo Agostinho - UNIFSA\" \/>\n<meta property=\"og:description\" content=\"No contexto atual, a compreens\u00e3o das din\u00e2micas familiares e a formula\u00e7\u00e3o de pol\u00edticas p\u00fablicas eficazes s\u00e3o cruciais para promover o bem-estar social. Diante disso, o UNIFSA oferece uma oportunidade \u00fanica para os estudantes se especializarem em Fam\u00edlia e Pol\u00edticas P\u00fablicas, proporcionando uma base s\u00f3lida para abordar quest\u00f5es sociais complexas e emergentes. Esse curso est\u00e1 com\" \/>\n<meta property=\"og:url\" content=\"https:\/\/unifsa.com.br\/site\/voce-conhece-a-pos-graduacao-em-familia-e-politicas-publicas-do-unifsa\/\" \/>\n<meta property=\"og:site_name\" content=\"Centro Universit\u00e1rio Santo Agostinho - UNIFSA\" \/>\n<meta property=\"article:publisher\" content=\"https:\/\/www.facebook.com\/unifsa\/\" \/>\n<meta property=\"article:published_time\" content=\"2023-11-09T17:55:50+00:00\" \/>\n<meta property=\"article:modified_time\" content=\"2023-11-09T17:55:52+00:00\" \/>\n<meta property=\"og:image\" content=\"https:\/\/unifsa.com.br\/site\/wp-content\/uploads\/2023\/11\/pos-graduacao-3.jpg\" \/>\n\t<meta property=\"og:image:width\" content=\"1920\" \/>\n\t<meta property=\"og:image:height\" content=\"805\" \/>\n\t<meta property=\"og:image:type\" content=\"image\/jpeg\" \/>\n<meta name=\"author\" content=\"Oceannyra Kelly da Cruz Silva\" \/>\n<meta name=\"twitter:card\" content=\"summary_large_image\" \/>\n<meta name=\"twitter:label1\" content=\"Escrito por\" \/>\n\t<meta name=\"twitter:data1\" content=\"Oceannyra Kelly da Cruz Silva\" \/>\n\t<meta name=\"twitter:label2\" content=\"Est. tempo de leitura\" \/>\n\t<meta name=\"twitter:data2\" content=\"3 minutos\" \/>\n<script type=\"application\/ld+json\" class=\"yoast-schema-graph\">{\"@context\":\"https:\/\/schema.org\",\"@graph\":[{\"@type\":\"Article\",\"@id\":\"https:\/\/unifsa.com.br\/site\/voce-conhece-a-pos-graduacao-em-familia-e-politicas-publicas-do-unifsa\/#article\",\"isPartOf\":{\"@id\":\"https:\/\/unifsa.com.br\/site\/voce-conhece-a-pos-graduacao-em-familia-e-politicas-publicas-do-unifsa\/\"},\"author\":{\"name\":\"Oceannyra Kelly da Cruz Silva\",\"@id\":\"https:\/\/unifsa.com.br\/site\/#\/schema\/person\/a4cec94bbc6ddf98f579162824de9bf2\"},\"headline\":\"Voc\u00ea conhece a p\u00f3s-gradua\u00e7\u00e3o em Fam\u00edlia e Pol\u00edticas P\u00fablicas do UNIFSA?\",\"datePublished\":\"2023-11-09T17:55:50+00:00\",\"dateModified\":\"2023-11-09T17:55:52+00:00\",\"mainEntityOfPage\":{\"@id\":\"https:\/\/unifsa.com.br\/site\/voce-conhece-a-pos-graduacao-em-familia-e-politicas-publicas-do-unifsa\/\"},\"wordCount\":531,\"publisher\":{\"@id\":\"https:\/\/unifsa.com.br\/site\/#organization\"},\"image\":{\"@id\":\"https:\/\/unifsa.com.br\/site\/voce-conhece-a-pos-graduacao-em-familia-e-politicas-publicas-do-unifsa\/#primaryimage\"},\"thumbnailUrl\":\"https:\/\/unifsa.com.br\/site\/wp-content\/uploads\/2023\/11\/pos-graduacao-3.jpg\",\"keywords\":[\"p\u00f3-gradua\u00e7\u00e3o em familia e politicas p\u00fablicas\",\"P\u00f3s em politicas p\u00fablicas\"],\"articleSection\":[\"Acontece na UNIFSA\",\"Fam\u00edlia e Pol\u00edticas P\u00fablicas\",\"P\u00f3s-Gradua\u00e7\u00e3o UNIFSA\"],\"inLanguage\":\"pt-BR\"},{\"@type\":\"WebPage\",\"@id\":\"https:\/\/unifsa.com.br\/site\/voce-conhece-a-pos-graduacao-em-familia-e-politicas-publicas-do-unifsa\/\",\"url\":\"https:\/\/unifsa.com.br\/site\/voce-conhece-a-pos-graduacao-em-familia-e-politicas-publicas-do-unifsa\/\",\"name\":\"Voc\u00ea conhece a p\u00f3s-gradua\u00e7\u00e3o em Fam\u00edlia e Pol\u00edticas P\u00fablicas do UNIFSA? - Centro Universit\u00e1rio Santo Agostinho - UNIFSA\",\"isPartOf\":{\"@id\":\"https:\/\/unifsa.com.br\/site\/#website\"},\"primaryImageOfPage\":{\"@id\":\"https:\/\/unifsa.com.br\/site\/voce-conhece-a-pos-graduacao-em-familia-e-politicas-publicas-do-unifsa\/#primaryimage\"},\"image\":{\"@id\":\"https:\/\/unifsa.com.br\/site\/voce-conhece-a-pos-graduacao-em-familia-e-politicas-publicas-do-unifsa\/#primaryimage\"},\"thumbnailUrl\":\"https:\/\/unifsa.com.br\/site\/wp-content\/uploads\/2023\/11\/pos-graduacao-3.jpg\",\"datePublished\":\"2023-11-09T17:55:50+00:00\",\"dateModified\":\"2023-11-09T17:55:52+00:00\",\"breadcrumb\":{\"@id\":\"https:\/\/unifsa.com.br\/site\/voce-conhece-a-pos-graduacao-em-familia-e-politicas-publicas-do-unifsa\/#breadcrumb\"},\"inLanguage\":\"pt-BR\",\"potentialAction\":[{\"@type\":\"ReadAction\",\"target\":[\"https:\/\/unifsa.com.br\/site\/voce-conhece-a-pos-graduacao-em-familia-e-politicas-publicas-do-unifsa\/\"]}]},{\"@type\":\"ImageObject\",\"inLanguage\":\"pt-BR\",\"@id\":\"https:\/\/unifsa.com.br\/site\/voce-conhece-a-pos-graduacao-em-familia-e-politicas-publicas-do-unifsa\/#primaryimage\",\"url\":\"https:\/\/unifsa.com.br\/site\/wp-content\/uploads\/2023\/11\/pos-graduacao-3.jpg\",\"contentUrl\":\"https:\/\/unifsa.com.br\/site\/wp-content\/uploads\/2023\/11\/pos-graduacao-3.jpg\",\"width\":1920,\"height\":805},{\"@type\":\"BreadcrumbList\",\"@id\":\"https:\/\/unifsa.com.br\/site\/voce-conhece-a-pos-graduacao-em-familia-e-politicas-publicas-do-unifsa\/#breadcrumb\",\"itemListElement\":[{\"@type\":\"ListItem\",\"position\":1,\"name\":\"In\u00edcio\",\"item\":\"https:\/\/unifsa.com.br\/site\/\"},{\"@type\":\"ListItem\",\"position\":2,\"name\":\"Voc\u00ea conhece a p\u00f3s-gradua\u00e7\u00e3o em Fam\u00edlia e Pol\u00edticas P\u00fablicas do UNIFSA?\"}]},{\"@type\":\"WebSite\",\"@id\":\"https:\/\/unifsa.com.br\/site\/#website\",\"url\":\"https:\/\/unifsa.com.br\/site\/\",\"name\":\"Centro Universit\u00e1rio Santo Agostinho - UNIFSA\",\"description\":\"Conhecimento para toda a vida\",\"publisher\":{\"@id\":\"https:\/\/unifsa.com.br\/site\/#organization\"},\"potentialAction\":[{\"@type\":\"SearchAction\",\"target\":{\"@type\":\"EntryPoint\",\"urlTemplate\":\"https:\/\/unifsa.com.br\/site\/?s={search_term_string}\"},\"query-input\":{\"@type\":\"PropertyValueSpecification\",\"valueRequired\":true,\"valueName\":\"search_term_string\"}}],\"inLanguage\":\"pt-BR\"},{\"@type\":\"Organization\",\"@id\":\"https:\/\/unifsa.com.br\/site\/#organization\",\"name\":\"Centro Universit\u00e1rio Santo Agostinho - UNIFSA\",\"url\":\"https:\/\/unifsa.com.br\/site\/\",\"logo\":{\"@type\":\"ImageObject\",\"inLanguage\":\"pt-BR\",\"@id\":\"https:\/\/unifsa.com.br\/site\/#\/schema\/logo\/image\/\",\"url\":\"https:\/\/unifsa.com.br\/site\/wp-content\/uploads\/2023\/03\/MARCA-UNIFSA-CIC23-q2apjs1mt975cf1wl25b044coj90fwoiee1kya6800.png\",\"contentUrl\":\"https:\/\/unifsa.com.br\/site\/wp-content\/uploads\/2023\/03\/MARCA-UNIFSA-CIC23-q2apjs1mt975cf1wl25b044coj90fwoiee1kya6800.png\",\"width\":103,\"height\":100,\"caption\":\"Centro Universit\u00e1rio Santo Agostinho - UNIFSA\"},\"image\":{\"@id\":\"https:\/\/unifsa.com.br\/site\/#\/schema\/logo\/image\/\"},\"sameAs\":[\"https:\/\/www.facebook.com\/unifsa\/\",\"https:\/\/www.instagram.com\/unifsa\/\"]},{\"@type\":\"Person\",\"@id\":\"https:\/\/unifsa.com.br\/site\/#\/schema\/person\/a4cec94bbc6ddf98f579162824de9bf2\",\"name\":\"Oceannyra Kelly da Cruz Silva\",\"image\":{\"@type\":\"ImageObject\",\"inLanguage\":\"pt-BR\",\"@id\":\"https:\/\/unifsa.com.br\/site\/#\/schema\/person\/image\/\",\"url\":\"https:\/\/secure.gravatar.com\/avatar\/671b9403a3f629391fa303312f7d3867?s=96&d=mm&r=g\",\"contentUrl\":\"https:\/\/secure.gravatar.com\/avatar\/671b9403a3f629391fa303312f7d3867?s=96&d=mm&r=g\",\"caption\":\"Oceannyra Kelly da Cruz Silva\"},\"url\":\"https:\/\/unifsa.com.br\/site\/author\/oceannyrakelly\/\"}]}<\/script>\n<!-- \/ Yoast SEO plugin. -->","yoast_head_json":{"title":"Voc\u00ea conhece a p\u00f3s-gradua\u00e7\u00e3o em Fam\u00edlia e Pol\u00edticas P\u00fablicas do UNIFSA? - Centro Universit\u00e1rio Santo Agostinho - UNIFSA","robots":{"index":"index","follow":"follow","max-snippet":"max-snippet:-1","max-image-preview":"max-image-preview:large","max-video-preview":"max-video-preview:-1"},"canonical":"https:\/\/unifsa.com.br\/site\/voce-conhece-a-pos-graduacao-em-familia-e-politicas-publicas-do-unifsa\/","og_locale":"pt_BR","og_type":"article","og_title":"Voc\u00ea conhece a p\u00f3s-gradua\u00e7\u00e3o em Fam\u00edlia e Pol\u00edticas P\u00fablicas do UNIFSA? - Centro Universit\u00e1rio Santo Agostinho - UNIFSA","og_description":"No contexto atual, a compreens\u00e3o das din\u00e2micas familiares e a formula\u00e7\u00e3o de pol\u00edticas p\u00fablicas eficazes s\u00e3o cruciais para promover o bem-estar social. Diante disso, o UNIFSA oferece uma oportunidade \u00fanica para os estudantes se especializarem em Fam\u00edlia e Pol\u00edticas P\u00fablicas, proporcionando uma base s\u00f3lida para abordar quest\u00f5es sociais complexas e emergentes. Esse curso est\u00e1 com","og_url":"https:\/\/unifsa.com.br\/site\/voce-conhece-a-pos-graduacao-em-familia-e-politicas-publicas-do-unifsa\/","og_site_name":"Centro Universit\u00e1rio Santo Agostinho - UNIFSA","article_publisher":"https:\/\/www.facebook.com\/unifsa\/","article_published_time":"2023-11-09T17:55:50+00:00","article_modified_time":"2023-11-09T17:55:52+00:00","og_image":[{"width":1920,"height":805,"url":"https:\/\/unifsa.com.br\/site\/wp-content\/uploads\/2023\/11\/pos-graduacao-3.jpg","type":"image\/jpeg"}],"author":"Oceannyra Kelly da Cruz Silva","twitter_card":"summary_large_image","twitter_misc":{"Escrito por":"Oceannyra Kelly da Cruz Silva","Est. tempo de leitura":"3 minutos"},"schema":{"@context":"https:\/\/schema.org","@graph":[{"@type":"Article","@id":"https:\/\/unifsa.com.br\/site\/voce-conhece-a-pos-graduacao-em-familia-e-politicas-publicas-do-unifsa\/#article","isPartOf":{"@id":"https:\/\/unifsa.com.br\/site\/voce-conhece-a-pos-graduacao-em-familia-e-politicas-publicas-do-unifsa\/"},"author":{"name":"Oceannyra Kelly da Cruz Silva","@id":"https:\/\/unifsa.com.br\/site\/#\/schema\/person\/a4cec94bbc6ddf98f579162824de9bf2"},"headline":"Voc\u00ea conhece a p\u00f3s-gradua\u00e7\u00e3o em Fam\u00edlia e Pol\u00edticas P\u00fablicas do UNIFSA?","datePublished":"2023-11-09T17:55:50+00:00","dateModified":"2023-11-09T17:55:52+00:00","mainEntityOfPage":{"@id":"https:\/\/unifsa.com.br\/site\/voce-conhece-a-pos-graduacao-em-familia-e-politicas-publicas-do-unifsa\/"},"wordCount":531,"publisher":{"@id":"https:\/\/unifsa.com.br\/site\/#organization"},"image":{"@id":"https:\/\/unifsa.com.br\/site\/voce-conhece-a-pos-graduacao-em-familia-e-politicas-publicas-do-unifsa\/#primaryimage"},"thumbnailUrl":"https:\/\/unifsa.com.br\/site\/wp-content\/uploads\/2023\/11\/pos-graduacao-3.jpg","keywords":["p\u00f3-gradua\u00e7\u00e3o em familia e politicas p\u00fablicas","P\u00f3s em politicas p\u00fablicas"],"articleSection":["Acontece na UNIFSA","Fam\u00edlia e Pol\u00edticas P\u00fablicas","P\u00f3s-Gradua\u00e7\u00e3o UNIFSA"],"inLanguage":"pt-BR"},{"@type":"WebPage","@id":"https:\/\/unifsa.com.br\/site\/voce-conhece-a-pos-graduacao-em-familia-e-politicas-publicas-do-unifsa\/","url":"https:\/\/unifsa.com.br\/site\/voce-conhece-a-pos-graduacao-em-familia-e-politicas-publicas-do-unifsa\/","name":"Voc\u00ea conhece a p\u00f3s-gradua\u00e7\u00e3o em Fam\u00edlia e Pol\u00edticas P\u00fablicas do UNIFSA? - Centro Universit\u00e1rio Santo Agostinho - UNIFSA","isPartOf":{"@id":"https:\/\/unifsa.com.br\/site\/#website"},"primaryImageOfPage":{"@id":"https:\/\/unifsa.com.br\/site\/voce-conhece-a-pos-graduacao-em-familia-e-politicas-publicas-do-unifsa\/#primaryimage"},"image":{"@id":"https:\/\/unifsa.com.br\/site\/voce-conhece-a-pos-graduacao-em-familia-e-politicas-publicas-do-unifsa\/#primaryimage"},"thumbnailUrl":"https:\/\/unifsa.com.br\/site\/wp-content\/uploads\/2023\/11\/pos-graduacao-3.jpg","datePublished":"2023-11-09T17:55:50+00:00","dateModified":"2023-11-09T17:55:52+00:00","breadcrumb":{"@id":"https:\/\/unifsa.com.br\/site\/voce-conhece-a-pos-graduacao-em-familia-e-politicas-publicas-do-unifsa\/#breadcrumb"},"inLanguage":"pt-BR","potentialAction":[{"@type":"ReadAction","target":["https:\/\/unifsa.com.br\/site\/voce-conhece-a-pos-graduacao-em-familia-e-politicas-publicas-do-unifsa\/"]}]},{"@type":"ImageObject","inLanguage":"pt-BR","@id":"https:\/\/unifsa.com.br\/site\/voce-conhece-a-pos-graduacao-em-familia-e-politicas-publicas-do-unifsa\/#primaryimage","url":"https:\/\/unifsa.com.br\/site\/wp-content\/uploads\/2023\/11\/pos-graduacao-3.jpg","contentUrl":"https:\/\/unifsa.com.br\/site\/wp-content\/uploads\/2023\/11\/pos-graduacao-3.jpg","width":1920,"height":805},{"@type":"BreadcrumbList","@id":"https:\/\/unifsa.com.br\/site\/voce-conhece-a-pos-graduacao-em-familia-e-politicas-publicas-do-unifsa\/#breadcrumb","itemListElement":[{"@type":"ListItem","position":1,"name":"In\u00edcio","item":"https:\/\/unifsa.com.br\/site\/"},{"@type":"ListItem","position":2,"name":"Voc\u00ea conhece a p\u00f3s-gradua\u00e7\u00e3o em Fam\u00edlia e Pol\u00edticas P\u00fablicas do UNIFSA?"}]},{"@type":"WebSite","@id":"https:\/\/unifsa.com.br\/site\/#website","url":"https:\/\/unifsa.com.br\/site\/","name":"Centro Universit\u00e1rio Santo Agostinho - UNIFSA","description":"Conhecimento para toda a vida","publisher":{"@id":"https:\/\/unifsa.com.br\/site\/#organization"},"potentialAction":[{"@type":"SearchAction","target":{"@type":"EntryPoint","urlTemplate":"https:\/\/unifsa.com.br\/site\/?s={search_term_string}"},"query-input":{"@type":"PropertyValueSpecification","valueRequired":true,"valueName":"search_term_string"}}],"inLanguage":"pt-BR"},{"@type":"Organization","@id":"https:\/\/unifsa.com.br\/site\/#organization","name":"Centro Universit\u00e1rio Santo Agostinho - UNIFSA","url":"https:\/\/unifsa.com.br\/site\/","logo":{"@type":"ImageObject","inLanguage":"pt-BR","@id":"https:\/\/unifsa.com.br\/site\/#\/schema\/logo\/image\/","url":"https:\/\/unifsa.com.br\/site\/wp-content\/uploads\/2023\/03\/MARCA-UNIFSA-CIC23-q2apjs1mt975cf1wl25b044coj90fwoiee1kya6800.png","contentUrl":"https:\/\/unifsa.com.br\/site\/wp-content\/uploads\/2023\/03\/MARCA-UNIFSA-CIC23-q2apjs1mt975cf1wl25b044coj90fwoiee1kya6800.png","width":103,"height":100,"caption":"Centro Universit\u00e1rio Santo Agostinho - UNIFSA"},"image":{"@id":"https:\/\/unifsa.com.br\/site\/#\/schema\/logo\/image\/"},"sameAs":["https:\/\/www.facebook.com\/unifsa\/","https:\/\/www.instagram.com\/unifsa\/"]},{"@type":"Person","@id":"https:\/\/unifsa.com.br\/site\/#\/schema\/person\/a4cec94bbc6ddf98f579162824de9bf2","name":"Oceannyra Kelly da Cruz Silva","image":{"@type":"ImageObject","inLanguage":"pt-BR","@id":"https:\/\/unifsa.com.br\/site\/#\/schema\/person\/image\/","url":"https:\/\/secure.gravatar.com\/avatar\/671b9403a3f629391fa303312f7d3867?s=96&d=mm&r=g","contentUrl":"https:\/\/secure.gravatar.com\/avatar\/671b9403a3f629391fa303312f7d3867?s=96&d=mm&r=g","caption":"Oceannyra Kelly da Cruz Silva"},"url":"https:\/\/unifsa.com.br\/site\/author\/oceannyrakelly\/"}]}},"_links":{"self":[{"href":"https:\/\/unifsa.com.br\/site\/wp-json\/wp\/v2\/posts\/27040","targetHints":{"allow":["GET"]}}],"collection":[{"href":"https:\/\/unifsa.com.br\/site\/wp-json\/wp\/v2\/posts"}],"about":[{"href":"https:\/\/unifsa.com.br\/site\/wp-json\/wp\/v2\/types\/post"}],"author":[{"embeddable":true,"href":"https:\/\/unifsa.com.br\/site\/wp-json\/wp\/v2\/users\/11"}],"replies":[{"embeddable":true,"href":"https:\/\/unifsa.com.br\/site\/wp-json\/wp\/v2\/comments?post=27040"}],"version-history":[{"count":1,"href":"https:\/\/unifsa.com.br\/site\/wp-json\/wp\/v2\/posts\/27040\/revisions"}],"predecessor-version":[{"id":27042,"href":"https:\/\/unifsa.com.br\/site\/wp-json\/wp\/v2\/posts\/27040\/revisions\/27042"}],"wp:featuredmedia":[{"embeddable":true,"href":"https:\/\/unifsa.com.br\/site\/wp-json\/wp\/v2\/media\/27041"}],"wp:attachment":[{"href":"https:\/\/unifsa.com.br\/site\/wp-json\/wp\/v2\/media?parent=27040"}],"wp:term":[{"taxonomy":"category","embeddable":true,"href":"https:\/\/unifsa.com.br\/site\/wp-json\/wp\/v2\/categories?post=27040"},{"taxonomy":"post_tag","embeddable":true,"href":"https:\/\/unifsa.com.br\/site\/wp-json\/wp\/v2\/tags?post=27040"}],"curies":[{"name":"wp","href":"https:\/\/api.w.org\/{rel}","templated":true}]}}