{"id":26291,"date":"2023-10-11T16:12:49","date_gmt":"2023-10-11T19:12:49","guid":{"rendered":"https:\/\/unifsa.com.br\/site\/?p=26291"},"modified":"2023-10-11T16:13:41","modified_gmt":"2023-10-11T19:13:41","slug":"chamada-interna-de-docentes-para-o-programa-de-monitoria-2024-1","status":"publish","type":"post","link":"https:\/\/unifsa.com.br\/site\/chamada-interna-de-docentes-para-o-programa-de-monitoria-2024-1\/","title":{"rendered":"Chamada Interna de Docentes para o Programa de Monitoria 2024.1"},"content":{"rendered":"\n<p class=\"texto-justificado\">A Pr\u00f3-Reitoria De Ensino Do Centro Universit\u00e1rio Santo Agostinho \u2013 UNIFSA, por meio do N\u00facleo de Apoio Pedag\u00f3gico \u2013 NUAPE, respons\u00e1vel pela coordena\u00e7\u00e3o do Programa de Monitoria do UNIFSA, de acordo com o disposto no Regimento Geral, torna p\u00fablico aos professores interessados que est\u00e3o abertas as solicita\u00e7\u00f5es de Disciplinas que ofertar\u00e3o&nbsp;<strong>MONITORIA<\/strong>&nbsp;em 2024.1. O prazo acontece de 16 a 26 de outubro.<\/p>\n\n\n\n<p><\/p>\n\n\n\n<div class=\"wp-block-buttons is-content-justification-center is-layout-flex wp-container-core-buttons-is-layout-16018d1d wp-block-buttons-is-layout-flex\">\n<div class=\"wp-block-button\"><a class=\"wp-block-button__link has-white-color has-vivid-cyan-blue-background-color has-text-color has-background wp-element-button\" href=\"https:\/\/forms.office.com\/pages\/responsepage.aspx?id=KqomXUyH80S3ogfKCG9OntIjyyBtUvpMgHCrBPe5xxNUMDVTOFREN08xSEw1MzRDV0NXSlJHTjRPRS4u\">Fa\u00e7a sua solicita\u00e7\u00e3o<\/a><\/div>\n<\/div>\n\n\n\n<p><\/p>\n\n\n\n<div class=\"wp-block-buttons is-content-justification-center is-layout-flex wp-container-core-buttons-is-layout-16018d1d wp-block-buttons-is-layout-flex\">\n<div class=\"wp-block-button\"><a class=\"wp-block-button__link has-white-color has-text-color has-background wp-element-button\" href=\"https:\/\/unifsa.com.br\/site\/wp-content\/uploads\/2023\/10\/Edital-019-para_solicitacao_de_Monitoria_2024_Nucleo-de-Apoio-Peda.pdf\" style=\"background-color:#035b8e\">Edital Completo<\/a><\/div>\n<\/div>\n\n\n\n<p><\/p>\n\n\n\n<p class=\"texto-justificado\">ATEN\u00c7\u00c3O: O PREENCHIMENTO DO FORMUL\u00c1RIO ELETR\u00d4NICO DEVE ACONTECER PARA CADA SOLICITA\u00c7\u00c3O DE MONITORIA, OU SEJA, PARA CADA DISCIPLINA\/CURSO\/TURMA UM FORMUL\u00c1RIO DIFERENTE.<\/p>\n\n\n\n<p class=\"texto-justificado\">Para inscri\u00e7\u00e3o no processo seletivo, o candidato dever\u00e1:<br>a) Ser docente efetivo do UNIFSA;<br>b) Ministrar disciplinas PR\u00c1TICAS ou TE\u00d3RICO-PR\u00c1TICAS no semestre 2024.1;<br>c) Ter apresentado relat\u00f3rio do \u00faltimo programa de monitoria finalizado.<\/p>\n","protected":false},"excerpt":{"rendered":"<p>A Pr\u00f3-Reitoria De Ensino Do Centro Universit\u00e1rio Santo Agostinho \u2013 UNIFSA, por meio do N\u00facleo de Apoio Pedag\u00f3gico \u2013 NUAPE, respons\u00e1vel pela coordena\u00e7\u00e3o do Programa de Monitoria do UNIFSA, de acordo com o disposto no Regimento Geral, torna p\u00fablico aos professores interessados que est\u00e3o abertas as solicita\u00e7\u00f5es de Disciplinas que ofertar\u00e3o&nbsp;MONITORIA&nbsp;em 2024.1. O prazo acontece<\/p>\n","protected":false},"author":11,"featured_media":26366,"comment_status":"closed","ping_status":"open","sticky":false,"template":"","format":"standard","meta":{"_acf_changed":false,"footnotes":""},"categories":[6,385],"tags":[1452],"class_list":["post-26291","post","type-post","status-publish","format-standard","has-post-thumbnail","hentry","category-acontece-na-unifsa","category-nuape","tag-monitoria-unifsa"],"acf":[],"yoast_head":"<!-- This site is optimized with the Yoast SEO plugin v26.5 - https:\/\/yoast.com\/wordpress\/plugins\/seo\/ -->\n<title>Chamada Interna de Docentes para o Programa de Monitoria 2024.1 - Centro Universit\u00e1rio Santo Agostinho - UNIFSA<\/title>\n<meta name=\"robots\" content=\"index, follow, max-snippet:-1, max-image-preview:large, max-video-preview:-1\" \/>\n<link rel=\"canonical\" href=\"https:\/\/unifsa.com.br\/site\/chamada-interna-de-docentes-para-o-programa-de-monitoria-2024-1\/\" \/>\n<meta property=\"og:locale\" content=\"pt_BR\" \/>\n<meta property=\"og:type\" content=\"article\" \/>\n<meta property=\"og:title\" content=\"Chamada Interna de Docentes para o Programa de Monitoria 2024.1 - Centro Universit\u00e1rio Santo Agostinho - UNIFSA\" \/>\n<meta property=\"og:description\" content=\"A Pr\u00f3-Reitoria De Ensino Do Centro Universit\u00e1rio Santo Agostinho \u2013 UNIFSA, por meio do N\u00facleo de Apoio Pedag\u00f3gico \u2013 NUAPE, respons\u00e1vel pela coordena\u00e7\u00e3o do Programa de Monitoria do UNIFSA, de acordo com o disposto no Regimento Geral, torna p\u00fablico aos professores interessados que est\u00e3o abertas as solicita\u00e7\u00f5es de Disciplinas que ofertar\u00e3o&nbsp;MONITORIA&nbsp;em 2024.1. O prazo acontece\" \/>\n<meta property=\"og:url\" content=\"https:\/\/unifsa.com.br\/site\/chamada-interna-de-docentes-para-o-programa-de-monitoria-2024-1\/\" \/>\n<meta property=\"og:site_name\" content=\"Centro Universit\u00e1rio Santo Agostinho - UNIFSA\" \/>\n<meta property=\"article:publisher\" content=\"https:\/\/www.facebook.com\/unifsa\/\" \/>\n<meta property=\"article:published_time\" content=\"2023-10-11T19:12:49+00:00\" \/>\n<meta property=\"article:modified_time\" content=\"2023-10-11T19:13:41+00:00\" \/>\n<meta property=\"og:image\" content=\"https:\/\/unifsa.com.br\/site\/wp-content\/uploads\/2023\/10\/site-medvet-1.jpg\" \/>\n\t<meta property=\"og:image:width\" content=\"1920\" \/>\n\t<meta property=\"og:image:height\" content=\"805\" \/>\n\t<meta property=\"og:image:type\" content=\"image\/jpeg\" \/>\n<meta name=\"author\" content=\"Oceannyra Kelly da Cruz Silva\" \/>\n<meta name=\"twitter:card\" content=\"summary_large_image\" \/>\n<meta name=\"twitter:label1\" content=\"Escrito por\" \/>\n\t<meta name=\"twitter:data1\" content=\"Oceannyra Kelly da Cruz Silva\" \/>\n\t<meta name=\"twitter:label2\" content=\"Est. tempo de leitura\" \/>\n\t<meta name=\"twitter:data2\" content=\"1 minuto\" \/>\n<script type=\"application\/ld+json\" class=\"yoast-schema-graph\">{\"@context\":\"https:\/\/schema.org\",\"@graph\":[{\"@type\":\"Article\",\"@id\":\"https:\/\/unifsa.com.br\/site\/chamada-interna-de-docentes-para-o-programa-de-monitoria-2024-1\/#article\",\"isPartOf\":{\"@id\":\"https:\/\/unifsa.com.br\/site\/chamada-interna-de-docentes-para-o-programa-de-monitoria-2024-1\/\"},\"author\":{\"name\":\"Oceannyra Kelly da Cruz Silva\",\"@id\":\"https:\/\/unifsa.com.br\/site\/#\/schema\/person\/a4cec94bbc6ddf98f579162824de9bf2\"},\"headline\":\"Chamada Interna de Docentes para o Programa de Monitoria 2024.1\",\"datePublished\":\"2023-10-11T19:12:49+00:00\",\"dateModified\":\"2023-10-11T19:13:41+00:00\",\"mainEntityOfPage\":{\"@id\":\"https:\/\/unifsa.com.br\/site\/chamada-interna-de-docentes-para-o-programa-de-monitoria-2024-1\/\"},\"wordCount\":151,\"publisher\":{\"@id\":\"https:\/\/unifsa.com.br\/site\/#organization\"},\"image\":{\"@id\":\"https:\/\/unifsa.com.br\/site\/chamada-interna-de-docentes-para-o-programa-de-monitoria-2024-1\/#primaryimage\"},\"thumbnailUrl\":\"https:\/\/unifsa.com.br\/site\/wp-content\/uploads\/2023\/10\/site-medvet-1.jpg\",\"keywords\":[\"Monitoria UNIFSA\"],\"articleSection\":[\"Acontece na UNIFSA\",\"NUAPE\"],\"inLanguage\":\"pt-BR\"},{\"@type\":\"WebPage\",\"@id\":\"https:\/\/unifsa.com.br\/site\/chamada-interna-de-docentes-para-o-programa-de-monitoria-2024-1\/\",\"url\":\"https:\/\/unifsa.com.br\/site\/chamada-interna-de-docentes-para-o-programa-de-monitoria-2024-1\/\",\"name\":\"Chamada Interna de Docentes para o Programa de Monitoria 2024.1 - Centro Universit\u00e1rio Santo Agostinho - UNIFSA\",\"isPartOf\":{\"@id\":\"https:\/\/unifsa.com.br\/site\/#website\"},\"primaryImageOfPage\":{\"@id\":\"https:\/\/unifsa.com.br\/site\/chamada-interna-de-docentes-para-o-programa-de-monitoria-2024-1\/#primaryimage\"},\"image\":{\"@id\":\"https:\/\/unifsa.com.br\/site\/chamada-interna-de-docentes-para-o-programa-de-monitoria-2024-1\/#primaryimage\"},\"thumbnailUrl\":\"https:\/\/unifsa.com.br\/site\/wp-content\/uploads\/2023\/10\/site-medvet-1.jpg\",\"datePublished\":\"2023-10-11T19:12:49+00:00\",\"dateModified\":\"2023-10-11T19:13:41+00:00\",\"breadcrumb\":{\"@id\":\"https:\/\/unifsa.com.br\/site\/chamada-interna-de-docentes-para-o-programa-de-monitoria-2024-1\/#breadcrumb\"},\"inLanguage\":\"pt-BR\",\"potentialAction\":[{\"@type\":\"ReadAction\",\"target\":[\"https:\/\/unifsa.com.br\/site\/chamada-interna-de-docentes-para-o-programa-de-monitoria-2024-1\/\"]}]},{\"@type\":\"ImageObject\",\"inLanguage\":\"pt-BR\",\"@id\":\"https:\/\/unifsa.com.br\/site\/chamada-interna-de-docentes-para-o-programa-de-monitoria-2024-1\/#primaryimage\",\"url\":\"https:\/\/unifsa.com.br\/site\/wp-content\/uploads\/2023\/10\/site-medvet-1.jpg\",\"contentUrl\":\"https:\/\/unifsa.com.br\/site\/wp-content\/uploads\/2023\/10\/site-medvet-1.jpg\",\"width\":1920,\"height\":805},{\"@type\":\"BreadcrumbList\",\"@id\":\"https:\/\/unifsa.com.br\/site\/chamada-interna-de-docentes-para-o-programa-de-monitoria-2024-1\/#breadcrumb\",\"itemListElement\":[{\"@type\":\"ListItem\",\"position\":1,\"name\":\"In\u00edcio\",\"item\":\"https:\/\/unifsa.com.br\/site\/\"},{\"@type\":\"ListItem\",\"position\":2,\"name\":\"Chamada Interna de Docentes para o Programa de Monitoria 2024.1\"}]},{\"@type\":\"WebSite\",\"@id\":\"https:\/\/unifsa.com.br\/site\/#website\",\"url\":\"https:\/\/unifsa.com.br\/site\/\",\"name\":\"Centro Universit\u00e1rio Santo Agostinho - UNIFSA\",\"description\":\"Conhecimento para toda a vida\",\"publisher\":{\"@id\":\"https:\/\/unifsa.com.br\/site\/#organization\"},\"potentialAction\":[{\"@type\":\"SearchAction\",\"target\":{\"@type\":\"EntryPoint\",\"urlTemplate\":\"https:\/\/unifsa.com.br\/site\/?s={search_term_string}\"},\"query-input\":{\"@type\":\"PropertyValueSpecification\",\"valueRequired\":true,\"valueName\":\"search_term_string\"}}],\"inLanguage\":\"pt-BR\"},{\"@type\":\"Organization\",\"@id\":\"https:\/\/unifsa.com.br\/site\/#organization\",\"name\":\"Centro Universit\u00e1rio Santo Agostinho - UNIFSA\",\"url\":\"https:\/\/unifsa.com.br\/site\/\",\"logo\":{\"@type\":\"ImageObject\",\"inLanguage\":\"pt-BR\",\"@id\":\"https:\/\/unifsa.com.br\/site\/#\/schema\/logo\/image\/\",\"url\":\"https:\/\/unifsa.com.br\/site\/wp-content\/uploads\/2023\/03\/MARCA-UNIFSA-CIC23-q2apjs1mt975cf1wl25b044coj90fwoiee1kya6800.png\",\"contentUrl\":\"https:\/\/unifsa.com.br\/site\/wp-content\/uploads\/2023\/03\/MARCA-UNIFSA-CIC23-q2apjs1mt975cf1wl25b044coj90fwoiee1kya6800.png\",\"width\":103,\"height\":100,\"caption\":\"Centro Universit\u00e1rio Santo Agostinho - UNIFSA\"},\"image\":{\"@id\":\"https:\/\/unifsa.com.br\/site\/#\/schema\/logo\/image\/\"},\"sameAs\":[\"https:\/\/www.facebook.com\/unifsa\/\",\"https:\/\/www.instagram.com\/unifsa\/\"]},{\"@type\":\"Person\",\"@id\":\"https:\/\/unifsa.com.br\/site\/#\/schema\/person\/a4cec94bbc6ddf98f579162824de9bf2\",\"name\":\"Oceannyra Kelly da Cruz Silva\",\"image\":{\"@type\":\"ImageObject\",\"inLanguage\":\"pt-BR\",\"@id\":\"https:\/\/unifsa.com.br\/site\/#\/schema\/person\/image\/\",\"url\":\"https:\/\/secure.gravatar.com\/avatar\/05c87cd6fa2c3c73262055bd9341438a47e77a37053b409b3cf4f8df60ea8eb8?s=96&d=mm&r=g\",\"contentUrl\":\"https:\/\/secure.gravatar.com\/avatar\/05c87cd6fa2c3c73262055bd9341438a47e77a37053b409b3cf4f8df60ea8eb8?s=96&d=mm&r=g\",\"caption\":\"Oceannyra Kelly da Cruz Silva\"},\"url\":\"https:\/\/unifsa.com.br\/site\/author\/oceannyrakelly\/\"}]}<\/script>\n<!-- \/ Yoast SEO plugin. -->","yoast_head_json":{"title":"Chamada Interna de Docentes para o Programa de Monitoria 2024.1 - Centro Universit\u00e1rio Santo Agostinho - UNIFSA","robots":{"index":"index","follow":"follow","max-snippet":"max-snippet:-1","max-image-preview":"max-image-preview:large","max-video-preview":"max-video-preview:-1"},"canonical":"https:\/\/unifsa.com.br\/site\/chamada-interna-de-docentes-para-o-programa-de-monitoria-2024-1\/","og_locale":"pt_BR","og_type":"article","og_title":"Chamada Interna de Docentes para o Programa de Monitoria 2024.1 - Centro Universit\u00e1rio Santo Agostinho - UNIFSA","og_description":"A Pr\u00f3-Reitoria De Ensino Do Centro Universit\u00e1rio Santo Agostinho \u2013 UNIFSA, por meio do N\u00facleo de Apoio Pedag\u00f3gico \u2013 NUAPE, respons\u00e1vel pela coordena\u00e7\u00e3o do Programa de Monitoria do UNIFSA, de acordo com o disposto no Regimento Geral, torna p\u00fablico aos professores interessados que est\u00e3o abertas as solicita\u00e7\u00f5es de Disciplinas que ofertar\u00e3o&nbsp;MONITORIA&nbsp;em 2024.1. O prazo acontece","og_url":"https:\/\/unifsa.com.br\/site\/chamada-interna-de-docentes-para-o-programa-de-monitoria-2024-1\/","og_site_name":"Centro Universit\u00e1rio Santo Agostinho - UNIFSA","article_publisher":"https:\/\/www.facebook.com\/unifsa\/","article_published_time":"2023-10-11T19:12:49+00:00","article_modified_time":"2023-10-11T19:13:41+00:00","og_image":[{"width":1920,"height":805,"url":"https:\/\/unifsa.com.br\/site\/wp-content\/uploads\/2023\/10\/site-medvet-1.jpg","type":"image\/jpeg"}],"author":"Oceannyra Kelly da Cruz Silva","twitter_card":"summary_large_image","twitter_misc":{"Escrito por":"Oceannyra Kelly da Cruz Silva","Est. tempo de leitura":"1 minuto"},"schema":{"@context":"https:\/\/schema.org","@graph":[{"@type":"Article","@id":"https:\/\/unifsa.com.br\/site\/chamada-interna-de-docentes-para-o-programa-de-monitoria-2024-1\/#article","isPartOf":{"@id":"https:\/\/unifsa.com.br\/site\/chamada-interna-de-docentes-para-o-programa-de-monitoria-2024-1\/"},"author":{"name":"Oceannyra Kelly da Cruz Silva","@id":"https:\/\/unifsa.com.br\/site\/#\/schema\/person\/a4cec94bbc6ddf98f579162824de9bf2"},"headline":"Chamada Interna de Docentes para o Programa de Monitoria 2024.1","datePublished":"2023-10-11T19:12:49+00:00","dateModified":"2023-10-11T19:13:41+00:00","mainEntityOfPage":{"@id":"https:\/\/unifsa.com.br\/site\/chamada-interna-de-docentes-para-o-programa-de-monitoria-2024-1\/"},"wordCount":151,"publisher":{"@id":"https:\/\/unifsa.com.br\/site\/#organization"},"image":{"@id":"https:\/\/unifsa.com.br\/site\/chamada-interna-de-docentes-para-o-programa-de-monitoria-2024-1\/#primaryimage"},"thumbnailUrl":"https:\/\/unifsa.com.br\/site\/wp-content\/uploads\/2023\/10\/site-medvet-1.jpg","keywords":["Monitoria UNIFSA"],"articleSection":["Acontece na UNIFSA","NUAPE"],"inLanguage":"pt-BR"},{"@type":"WebPage","@id":"https:\/\/unifsa.com.br\/site\/chamada-interna-de-docentes-para-o-programa-de-monitoria-2024-1\/","url":"https:\/\/unifsa.com.br\/site\/chamada-interna-de-docentes-para-o-programa-de-monitoria-2024-1\/","name":"Chamada Interna de Docentes para o Programa de Monitoria 2024.1 - Centro Universit\u00e1rio Santo Agostinho - UNIFSA","isPartOf":{"@id":"https:\/\/unifsa.com.br\/site\/#website"},"primaryImageOfPage":{"@id":"https:\/\/unifsa.com.br\/site\/chamada-interna-de-docentes-para-o-programa-de-monitoria-2024-1\/#primaryimage"},"image":{"@id":"https:\/\/unifsa.com.br\/site\/chamada-interna-de-docentes-para-o-programa-de-monitoria-2024-1\/#primaryimage"},"thumbnailUrl":"https:\/\/unifsa.com.br\/site\/wp-content\/uploads\/2023\/10\/site-medvet-1.jpg","datePublished":"2023-10-11T19:12:49+00:00","dateModified":"2023-10-11T19:13:41+00:00","breadcrumb":{"@id":"https:\/\/unifsa.com.br\/site\/chamada-interna-de-docentes-para-o-programa-de-monitoria-2024-1\/#breadcrumb"},"inLanguage":"pt-BR","potentialAction":[{"@type":"ReadAction","target":["https:\/\/unifsa.com.br\/site\/chamada-interna-de-docentes-para-o-programa-de-monitoria-2024-1\/"]}]},{"@type":"ImageObject","inLanguage":"pt-BR","@id":"https:\/\/unifsa.com.br\/site\/chamada-interna-de-docentes-para-o-programa-de-monitoria-2024-1\/#primaryimage","url":"https:\/\/unifsa.com.br\/site\/wp-content\/uploads\/2023\/10\/site-medvet-1.jpg","contentUrl":"https:\/\/unifsa.com.br\/site\/wp-content\/uploads\/2023\/10\/site-medvet-1.jpg","width":1920,"height":805},{"@type":"BreadcrumbList","@id":"https:\/\/unifsa.com.br\/site\/chamada-interna-de-docentes-para-o-programa-de-monitoria-2024-1\/#breadcrumb","itemListElement":[{"@type":"ListItem","position":1,"name":"In\u00edcio","item":"https:\/\/unifsa.com.br\/site\/"},{"@type":"ListItem","position":2,"name":"Chamada Interna de Docentes para o Programa de Monitoria 2024.1"}]},{"@type":"WebSite","@id":"https:\/\/unifsa.com.br\/site\/#website","url":"https:\/\/unifsa.com.br\/site\/","name":"Centro Universit\u00e1rio Santo Agostinho - UNIFSA","description":"Conhecimento para toda a vida","publisher":{"@id":"https:\/\/unifsa.com.br\/site\/#organization"},"potentialAction":[{"@type":"SearchAction","target":{"@type":"EntryPoint","urlTemplate":"https:\/\/unifsa.com.br\/site\/?s={search_term_string}"},"query-input":{"@type":"PropertyValueSpecification","valueRequired":true,"valueName":"search_term_string"}}],"inLanguage":"pt-BR"},{"@type":"Organization","@id":"https:\/\/unifsa.com.br\/site\/#organization","name":"Centro Universit\u00e1rio Santo Agostinho - UNIFSA","url":"https:\/\/unifsa.com.br\/site\/","logo":{"@type":"ImageObject","inLanguage":"pt-BR","@id":"https:\/\/unifsa.com.br\/site\/#\/schema\/logo\/image\/","url":"https:\/\/unifsa.com.br\/site\/wp-content\/uploads\/2023\/03\/MARCA-UNIFSA-CIC23-q2apjs1mt975cf1wl25b044coj90fwoiee1kya6800.png","contentUrl":"https:\/\/unifsa.com.br\/site\/wp-content\/uploads\/2023\/03\/MARCA-UNIFSA-CIC23-q2apjs1mt975cf1wl25b044coj90fwoiee1kya6800.png","width":103,"height":100,"caption":"Centro Universit\u00e1rio Santo Agostinho - UNIFSA"},"image":{"@id":"https:\/\/unifsa.com.br\/site\/#\/schema\/logo\/image\/"},"sameAs":["https:\/\/www.facebook.com\/unifsa\/","https:\/\/www.instagram.com\/unifsa\/"]},{"@type":"Person","@id":"https:\/\/unifsa.com.br\/site\/#\/schema\/person\/a4cec94bbc6ddf98f579162824de9bf2","name":"Oceannyra Kelly da Cruz Silva","image":{"@type":"ImageObject","inLanguage":"pt-BR","@id":"https:\/\/unifsa.com.br\/site\/#\/schema\/person\/image\/","url":"https:\/\/secure.gravatar.com\/avatar\/05c87cd6fa2c3c73262055bd9341438a47e77a37053b409b3cf4f8df60ea8eb8?s=96&d=mm&r=g","contentUrl":"https:\/\/secure.gravatar.com\/avatar\/05c87cd6fa2c3c73262055bd9341438a47e77a37053b409b3cf4f8df60ea8eb8?s=96&d=mm&r=g","caption":"Oceannyra Kelly da Cruz Silva"},"url":"https:\/\/unifsa.com.br\/site\/author\/oceannyrakelly\/"}]}},"_links":{"self":[{"href":"https:\/\/unifsa.com.br\/site\/wp-json\/wp\/v2\/posts\/26291","targetHints":{"allow":["GET"]}}],"collection":[{"href":"https:\/\/unifsa.com.br\/site\/wp-json\/wp\/v2\/posts"}],"about":[{"href":"https:\/\/unifsa.com.br\/site\/wp-json\/wp\/v2\/types\/post"}],"author":[{"embeddable":true,"href":"https:\/\/unifsa.com.br\/site\/wp-json\/wp\/v2\/users\/11"}],"replies":[{"embeddable":true,"href":"https:\/\/unifsa.com.br\/site\/wp-json\/wp\/v2\/comments?post=26291"}],"version-history":[{"count":4,"href":"https:\/\/unifsa.com.br\/site\/wp-json\/wp\/v2\/posts\/26291\/revisions"}],"predecessor-version":[{"id":26369,"href":"https:\/\/unifsa.com.br\/site\/wp-json\/wp\/v2\/posts\/26291\/revisions\/26369"}],"wp:featuredmedia":[{"embeddable":true,"href":"https:\/\/unifsa.com.br\/site\/wp-json\/wp\/v2\/media\/26366"}],"wp:attachment":[{"href":"https:\/\/unifsa.com.br\/site\/wp-json\/wp\/v2\/media?parent=26291"}],"wp:term":[{"taxonomy":"category","embeddable":true,"href":"https:\/\/unifsa.com.br\/site\/wp-json\/wp\/v2\/categories?post=26291"},{"taxonomy":"post_tag","embeddable":true,"href":"https:\/\/unifsa.com.br\/site\/wp-json\/wp\/v2\/tags?post=26291"}],"curies":[{"name":"wp","href":"https:\/\/api.w.org\/{rel}","templated":true}]}}